{"id":3168,"date":"2019-01-27T18:00:33","date_gmt":"2019-01-27T17:00:33","guid":{"rendered":"http:\/\/www.mzone.cz\/?p=3168"},"modified":"2019-09-30T18:52:03","modified_gmt":"2019-09-30T16:52:03","slug":"blog-davy-cizincu-mi-prahu-nezosklivi","status":"publish","type":"post","link":"https:\/\/www.mzone.cz\/en\/blog-davy-cizincu-mi-prahu-nezosklivi\/","title":{"rendered":"Blog: Davy cizinc\u016f mi Prahu nezo\u0161kliv\u00ed"},"content":{"rendered":"<p><strong>P\u0159i sv\u00e9 posledn\u00ed n\u00e1v\u0161t\u011bv\u011b hlavn\u00edho m\u011bsta jsem zase za\u0161el do historick\u00e9ho centra. V\u011bdom si trval\u00e9ho cunami zahrani\u010dn\u00edch turist\u016f dal jsem si nelehk\u00fd \u00fakol \u2013 nenechat se jimi nijak otr\u00e1vit.<\/strong><\/p>\n\n\n\n<p><br>Cht\u011bl jsem se znovu proj\u00edt kolem pam\u00e1tek, na n\u011b\u017e jsem se v&nbsp;pubert\u011b chod\u00edval d\u00edvat, abych na vlastn\u00ed o\u010di vid\u011bl, co jsem znal z&nbsp;kn\u00ed\u017eek. Abych se op\u011bt nechal un\u00e1\u0161et minulost\u00ed, kter\u00e1 p\u0159etrv\u00e1v\u00e1.<\/p>\n\n\n\n<p><br>Tehdy Mal\u00e1 Strana, Star\u00e9 M\u011bsto ani Hrad\u010dany nebyly p\u0159epln\u011bn\u00e9 cizinci zb\u011b\u017en\u011b p\u0159ehl\u00ed\u017eej\u00edc\u00edmi pra\u017esk\u00e9 pam\u011btihodnosti. Sv\u00e9 z\u00e1\u017eitky stejn\u011b nakonec zahrnou do nerozli\u0161iteln\u00e9 zm\u011bti vlastn\u00edch cestovatelsk\u00fdch vzpom\u00ednek. Ciz\u00ed jazyky jsem v&nbsp;t\u011bch m\u00edstech zaslechl jen ob\u010das, nikdo do m\u011b nevr\u00e1\u017eel, kdy\u017e jsem se zastavil a v&nbsp;mladick\u00e9m \u00fa\u017easu obdivoval t\u0159eba d\u016fm U minuty, o n\u011bm\u017e jsem v\u011bd\u011bl, \u017ee v&nbsp;d\u011btstv\u00ed tam bydlel Franz Kafka.<\/p>\n\n\n\n<blockquote class=\"wp-block-quote is-layout-flow wp-block-quote-is-layout-flow\"><p>Byla to doba, kdy si nikdo dle tradice nedovolil \u0161lapat po k\u0159\u00ed\u017e\u00edch v&nbsp;dla\u017eb\u011b Starom\u011bstsk\u00e9ho n\u00e1m\u011bst\u00ed p\u0159ipom\u00ednaj\u00edc\u00edch popravu odbojn\u00edk\u016f, kte\u0159\u00ed zde zem\u0159eli v&nbsp;roce 1621. Nebyly zde obchody podb\u00edzej\u00edc\u00ed se p\u0159\u00ed\u0161ern\u00fdmi pasuven\u00fdry, proto\u017ee tehdy je\u0161t\u011b prodejny slou\u017eily m\u00edstn\u00edm starousedl\u00edk\u016fm. Ti tady ale u\u017e nyn\u00ed t\u00e9m\u011b\u0159 ne\u017eij\u00ed.<\/p><\/blockquote>\n\n\n\n<p>Nediv\u00edm se Pra\u017ean\u016fm, \u017ee p\u0159i sv\u00fdch vych\u00e1zk\u00e1ch tuto oblast vynech\u00e1vaj\u00ed. U\u017e to toti\u017e nejsou p\u0159\u00edjemn\u00e9 cesty za kr\u00e1sou a histori\u00ed, ale m\u00e1lem boj o \u017eivot. Turismus je v\u0161ak v\u00fdznamnou sou\u010d\u00e1st\u00ed ekonomiky, a tak si lze pouze povzdychnout. Na\u0161e pam\u00e1tky jakoby n\u00e1m ji\u017e ani nepat\u0159ily.<\/p>\n\n\n\n<blockquote class=\"wp-block-quote is-layout-flow wp-block-quote-is-layout-flow\"><p>Ne, nel\u00e1te\u0159\u00edm, taky by to bylo zbyte\u010dn\u00e9. Jsem vd\u011b\u010dn\u00fd aspo\u0148 za to, \u017ee t\u0159eba u novom\u011bstsk\u00e9 zvonice Na Rybn\u00ed\u010dku nebyla ani noha a my si jej\u00ed st\u0159edov\u011bk\u00fd p\u016fvab mohli se synkem v&nbsp;klidu vychutnat.<\/p><\/blockquote>\n\n\n\n<p>P\u0159ipom\u00edn\u00e1m si slova Jaroslava Seiferta z&nbsp;jeho V\u011bnce sonet\u016f: Praha, to chutn\u00e1 jak hlt v\u00edna. Troufnu si dodat \u2013 om\u00e1m\u00ed, ale nedovol\u00ed zapomenout.<\/p><br>\n\n\n\n<p>D\u011bkuji za p\u0159e\u010dten\u00ed. &nbsp; &nbsp; &nbsp; &nbsp; &nbsp; &nbsp; &nbsp; &nbsp; &nbsp; &nbsp; &nbsp; &nbsp; &nbsp; &nbsp; &nbsp; &nbsp; &nbsp; &nbsp; &nbsp; &nbsp; &nbsp; &nbsp; &nbsp; &nbsp; &nbsp; &nbsp; &nbsp; &nbsp; &nbsp; &nbsp; &nbsp; &nbsp; &nbsp; &nbsp; &nbsp; &nbsp; &nbsp; &nbsp; &nbsp; &nbsp;Ji\u0159\u00ed \u010cepel\u00e1k<\/p><br>\n\n\n\n<p><strong>Chcete se tak\u00e9 na str\u00e1nk\u00e1ch Mzone.cz pod\u011blit o sv\u016fj n\u00e1zor nebo se vypsat z n\u011b\u010deho, co v\u00e1s tr\u00e1p\u00ed? Blogovat m\u016f\u017eete i vy! Sv\u00e9 p\u0159\u00edsp\u011bvky zas\u00edlejte na e-mail redakce@mzone.cz a do p\u0159edm\u011btu uve\u010fte heslo \u201eBlog\u201c.<\/strong><\/p>","protected":false},"excerpt":{"rendered":"<p>P\u0159i sv\u00e9 posledn\u00ed n\u00e1v\u0161t\u011bv\u011b hlavn\u00edho m\u011bsta jsem zase za\u0161el do historick\u00e9ho centra. V\u011bdom si trval\u00e9ho cunami zahrani\u010dn\u00edch turist\u016f dal jsem si nelehk\u00fd \u00fakol \u2013 nenechat se jimi nijak otr\u00e1vit. Cht\u011bl jsem se znovu proj\u00edt kolem pam\u00e1tek, na n\u011b\u017e jsem se v&nbsp;pubert\u011b chod\u00edval d\u00edvat, abych na vlastn\u00ed o\u010di vid\u011bl, co jsem znal z&nbsp;kn\u00ed\u017eek. Abych se op\u011bt [&hellip;]<\/p>\n","protected":false},"author":4,"featured_media":3172,"comment_status":"open","ping_status":"open","sticky":false,"template":"","format":"standard","meta":{"kk_blocks_editor_width":"","_kiokenblocks_attr":"","_kiokenblocks_dimensions":"","footnotes":""},"categories":[385],"tags":[1014,59,1106,512,788,765,1110,363,1109,1107,1108],"class_list":["post-3168","post","type-post","status-publish","format-standard","has-post-thumbnail","hentry","category-blog","tag-atmosfera","tag-blog","tag-centrum","tag-cestovani","tag-jiri-cepelak","tag-metropole","tag-pocity","tag-praha","tag-prochazka","tag-turismus","tag-turiste"],"yoast_head":"<!-- This site is optimized with the Yoast SEO plugin v27.5 - https:\/\/yoast.com\/product\/yoast-seo-wordpress\/ -->\n<title>Blog: Davy cizinc\u016f mi Prahu nezo\u0161kliv\u00ed - Mzone<\/title>\n<meta name=\"description\" content=\"P\u0159i sv\u00e9 posledn\u00ed n\u00e1v\u0161t\u011bv\u011b hlavn\u00edho m\u011bsta jsem zase za\u0161el do historick\u00e9ho centra. V\u011bdom si trval\u00e9ho cunami zahrani\u010dn\u00edch turist\u016f dal jsem si nelehk\u00fd \u00fakol \u2013 nenechat se jimi nijak otr\u00e1vit. Jde to ale v\u016fbec v dne\u0161n\u00ed dob\u011b?\" \/>\n<meta name=\"robots\" content=\"index, follow, max-snippet:-1, max-image-preview:large, max-video-preview:-1\" \/>\n<link rel=\"canonical\" href=\"https:\/\/www.mzone.cz\/en\/blog-davy-cizincu-mi-prahu-nezosklivi\/\" \/>\n<meta property=\"og:locale\" content=\"en_US\" \/>\n<meta property=\"og:type\" content=\"article\" \/>\n<meta property=\"og:title\" content=\"Blog: Davy cizinc\u016f mi Prahu nezo\u0161kliv\u00ed - Mzone\" \/>\n<meta property=\"og:description\" content=\"P\u0159i sv\u00e9 posledn\u00ed n\u00e1v\u0161t\u011bv\u011b hlavn\u00edho m\u011bsta jsem zase za\u0161el do historick\u00e9ho centra. V\u011bdom si trval\u00e9ho cunami zahrani\u010dn\u00edch turist\u016f dal jsem si nelehk\u00fd \u00fakol \u2013 nenechat se jimi nijak otr\u00e1vit. Jde to ale v\u016fbec v dne\u0161n\u00ed dob\u011b?\" \/>\n<meta property=\"og:url\" content=\"https:\/\/www.mzone.cz\/en\/blog-davy-cizincu-mi-prahu-nezosklivi\/\" \/>\n<meta property=\"og:site_name\" content=\"Mzone\" \/>\n<meta property=\"article:publisher\" content=\"https:\/\/www.facebook.com\/MzoneCZ\/\" \/>\n<meta property=\"article:published_time\" content=\"2019-01-27T17:00:33+00:00\" \/>\n<meta property=\"article:modified_time\" content=\"2019-09-30T16:52:03+00:00\" \/>\n<meta property=\"og:image\" content=\"https:\/\/www.mzone.cz\/wp-content\/uploads\/2019\/01\/blog_turiste.jpg\" \/>\n\t<meta property=\"og:image:width\" content=\"1667\" \/>\n\t<meta property=\"og:image:height\" content=\"1121\" \/>\n\t<meta property=\"og:image:type\" content=\"image\/jpeg\" \/>\n<meta name=\"author\" content=\"Mzone\" \/>\n<meta name=\"twitter:card\" content=\"summary_large_image\" \/>\n<meta name=\"twitter:label1\" content=\"Written by\" \/>\n\t<meta name=\"twitter:data1\" content=\"Mzone\" \/>\n\t<meta name=\"twitter:label2\" content=\"Est. reading time\" \/>\n\t<meta name=\"twitter:data2\" content=\"2 minutes\" \/>\n<script type=\"application\/ld+json\" class=\"yoast-schema-graph\">{\"@context\":\"https:\\\/\\\/schema.org\",\"@graph\":[{\"@type\":\"Article\",\"@id\":\"https:\\\/\\\/www.mzone.cz\\\/blog-davy-cizincu-mi-prahu-nezosklivi\\\/#article\",\"isPartOf\":{\"@id\":\"https:\\\/\\\/www.mzone.cz\\\/blog-davy-cizincu-mi-prahu-nezosklivi\\\/\"},\"author\":{\"name\":\"Mzone\",\"@id\":\"https:\\\/\\\/www.mzone.cz\\\/#\\\/schema\\\/person\\\/9bc20cc422a99cac4af6ff9297da32d4\"},\"headline\":\"Blog: Davy cizinc\u016f mi Prahu nezo\u0161kliv\u00ed\",\"datePublished\":\"2019-01-27T17:00:33+00:00\",\"dateModified\":\"2019-09-30T16:52:03+00:00\",\"mainEntityOfPage\":{\"@id\":\"https:\\\/\\\/www.mzone.cz\\\/blog-davy-cizincu-mi-prahu-nezosklivi\\\/\"},\"wordCount\":498,\"commentCount\":0,\"image\":{\"@id\":\"https:\\\/\\\/www.mzone.cz\\\/blog-davy-cizincu-mi-prahu-nezosklivi\\\/#primaryimage\"},\"thumbnailUrl\":\"https:\\\/\\\/www.mzone.cz\\\/wp-content\\\/uploads\\\/2019\\\/01\\\/blog_turiste.jpg\",\"keywords\":[\"atmosf\u00e9ra\",\"Blog\",\"centrum\",\"cestov\u00e1n\u00ed\",\"Ji\u0159\u00ed \u010cepel\u00e1k\",\"metropole\",\"pocity\",\"Praha\",\"proch\u00e1zka\",\"turismus\",\"turist\u00e9\"],\"articleSection\":[\"Blog\"],\"inLanguage\":\"en-US\",\"potentialAction\":[{\"@type\":\"CommentAction\",\"name\":\"Comment\",\"target\":[\"https:\\\/\\\/www.mzone.cz\\\/blog-davy-cizincu-mi-prahu-nezosklivi\\\/#respond\"]}]},{\"@type\":\"WebPage\",\"@id\":\"https:\\\/\\\/www.mzone.cz\\\/blog-davy-cizincu-mi-prahu-nezosklivi\\\/\",\"url\":\"https:\\\/\\\/www.mzone.cz\\\/blog-davy-cizincu-mi-prahu-nezosklivi\\\/\",\"name\":\"Blog: Davy cizinc\u016f mi Prahu nezo\u0161kliv\u00ed - Mzone\",\"isPartOf\":{\"@id\":\"https:\\\/\\\/www.mzone.cz\\\/#website\"},\"primaryImageOfPage\":{\"@id\":\"https:\\\/\\\/www.mzone.cz\\\/blog-davy-cizincu-mi-prahu-nezosklivi\\\/#primaryimage\"},\"image\":{\"@id\":\"https:\\\/\\\/www.mzone.cz\\\/blog-davy-cizincu-mi-prahu-nezosklivi\\\/#primaryimage\"},\"thumbnailUrl\":\"https:\\\/\\\/www.mzone.cz\\\/wp-content\\\/uploads\\\/2019\\\/01\\\/blog_turiste.jpg\",\"datePublished\":\"2019-01-27T17:00:33+00:00\",\"dateModified\":\"2019-09-30T16:52:03+00:00\",\"author\":{\"@id\":\"https:\\\/\\\/www.mzone.cz\\\/#\\\/schema\\\/person\\\/9bc20cc422a99cac4af6ff9297da32d4\"},\"description\":\"P\u0159i sv\u00e9 posledn\u00ed n\u00e1v\u0161t\u011bv\u011b hlavn\u00edho m\u011bsta jsem zase za\u0161el do historick\u00e9ho centra. V\u011bdom si trval\u00e9ho cunami zahrani\u010dn\u00edch turist\u016f dal jsem si nelehk\u00fd \u00fakol \u2013 nenechat se jimi nijak otr\u00e1vit. Jde to ale v\u016fbec v dne\u0161n\u00ed dob\u011b?\",\"breadcrumb\":{\"@id\":\"https:\\\/\\\/www.mzone.cz\\\/blog-davy-cizincu-mi-prahu-nezosklivi\\\/#breadcrumb\"},\"inLanguage\":\"en-US\",\"potentialAction\":[{\"@type\":\"ReadAction\",\"target\":[\"https:\\\/\\\/www.mzone.cz\\\/blog-davy-cizincu-mi-prahu-nezosklivi\\\/\"]}]},{\"@type\":\"ImageObject\",\"inLanguage\":\"en-US\",\"@id\":\"https:\\\/\\\/www.mzone.cz\\\/blog-davy-cizincu-mi-prahu-nezosklivi\\\/#primaryimage\",\"url\":\"https:\\\/\\\/www.mzone.cz\\\/wp-content\\\/uploads\\\/2019\\\/01\\\/blog_turiste.jpg\",\"contentUrl\":\"https:\\\/\\\/www.mzone.cz\\\/wp-content\\\/uploads\\\/2019\\\/01\\\/blog_turiste.jpg\",\"width\":1667,\"height\":1121},{\"@type\":\"BreadcrumbList\",\"@id\":\"https:\\\/\\\/www.mzone.cz\\\/blog-davy-cizincu-mi-prahu-nezosklivi\\\/#breadcrumb\",\"itemListElement\":[{\"@type\":\"ListItem\",\"position\":1,\"name\":\"Dom\u016f\",\"item\":\"https:\\\/\\\/www.mzone.cz\\\/\"},{\"@type\":\"ListItem\",\"position\":2,\"name\":\"Blog: Davy cizinc\u016f mi Prahu nezo\u0161kliv\u00ed\"}]},{\"@type\":\"WebSite\",\"@id\":\"https:\\\/\\\/www.mzone.cz\\\/#website\",\"url\":\"https:\\\/\\\/www.mzone.cz\\\/\",\"name\":\"Mzone\",\"description\":\"Magaz\u00edn nejen pro mu\u017ee\",\"potentialAction\":[{\"@type\":\"SearchAction\",\"target\":{\"@type\":\"EntryPoint\",\"urlTemplate\":\"https:\\\/\\\/www.mzone.cz\\\/?s={search_term_string}\"},\"query-input\":{\"@type\":\"PropertyValueSpecification\",\"valueRequired\":true,\"valueName\":\"search_term_string\"}}],\"inLanguage\":\"en-US\"},{\"@type\":\"Person\",\"@id\":\"https:\\\/\\\/www.mzone.cz\\\/#\\\/schema\\\/person\\\/9bc20cc422a99cac4af6ff9297da32d4\",\"name\":\"Mzone\",\"image\":{\"@type\":\"ImageObject\",\"inLanguage\":\"en-US\",\"@id\":\"https:\\\/\\\/secure.gravatar.com\\\/avatar\\\/e780a8630f3182a3d06dd667ab6bea151a0d155b0951bc15fe22633acdac0676?s=96&d=mm&r=g\",\"url\":\"https:\\\/\\\/secure.gravatar.com\\\/avatar\\\/e780a8630f3182a3d06dd667ab6bea151a0d155b0951bc15fe22633acdac0676?s=96&d=mm&r=g\",\"contentUrl\":\"https:\\\/\\\/secure.gravatar.com\\\/avatar\\\/e780a8630f3182a3d06dd667ab6bea151a0d155b0951bc15fe22633acdac0676?s=96&d=mm&r=g\",\"caption\":\"Mzone\"},\"url\":\"https:\\\/\\\/www.mzone.cz\\\/en\\\/author\\\/jakub\\\/\"}]}<\/script>\n<!-- \/ Yoast SEO plugin. -->","yoast_head_json":{"title":"Blog: Davy cizinc\u016f mi Prahu nezo\u0161kliv\u00ed - Mzone","description":"P\u0159i sv\u00e9 posledn\u00ed n\u00e1v\u0161t\u011bv\u011b hlavn\u00edho m\u011bsta jsem zase za\u0161el do historick\u00e9ho centra. V\u011bdom si trval\u00e9ho cunami zahrani\u010dn\u00edch turist\u016f dal jsem si nelehk\u00fd \u00fakol \u2013 nenechat se jimi nijak otr\u00e1vit. Jde to ale v\u016fbec v dne\u0161n\u00ed dob\u011b?","robots":{"index":"index","follow":"follow","max-snippet":"max-snippet:-1","max-image-preview":"max-image-preview:large","max-video-preview":"max-video-preview:-1"},"canonical":"https:\/\/www.mzone.cz\/en\/blog-davy-cizincu-mi-prahu-nezosklivi\/","og_locale":"en_US","og_type":"article","og_title":"Blog: Davy cizinc\u016f mi Prahu nezo\u0161kliv\u00ed - Mzone","og_description":"P\u0159i sv\u00e9 posledn\u00ed n\u00e1v\u0161t\u011bv\u011b hlavn\u00edho m\u011bsta jsem zase za\u0161el do historick\u00e9ho centra. V\u011bdom si trval\u00e9ho cunami zahrani\u010dn\u00edch turist\u016f dal jsem si nelehk\u00fd \u00fakol \u2013 nenechat se jimi nijak otr\u00e1vit. Jde to ale v\u016fbec v dne\u0161n\u00ed dob\u011b?","og_url":"https:\/\/www.mzone.cz\/en\/blog-davy-cizincu-mi-prahu-nezosklivi\/","og_site_name":"Mzone","article_publisher":"https:\/\/www.facebook.com\/MzoneCZ\/","article_published_time":"2019-01-27T17:00:33+00:00","article_modified_time":"2019-09-30T16:52:03+00:00","og_image":[{"width":1667,"height":1121,"url":"https:\/\/www.mzone.cz\/wp-content\/uploads\/2019\/01\/blog_turiste.jpg","type":"image\/jpeg"}],"author":"Mzone","twitter_card":"summary_large_image","twitter_misc":{"Written by":"Mzone","Est. reading time":"2 minutes"},"schema":{"@context":"https:\/\/schema.org","@graph":[{"@type":"Article","@id":"https:\/\/www.mzone.cz\/blog-davy-cizincu-mi-prahu-nezosklivi\/#article","isPartOf":{"@id":"https:\/\/www.mzone.cz\/blog-davy-cizincu-mi-prahu-nezosklivi\/"},"author":{"name":"Mzone","@id":"https:\/\/www.mzone.cz\/#\/schema\/person\/9bc20cc422a99cac4af6ff9297da32d4"},"headline":"Blog: Davy cizinc\u016f mi Prahu nezo\u0161kliv\u00ed","datePublished":"2019-01-27T17:00:33+00:00","dateModified":"2019-09-30T16:52:03+00:00","mainEntityOfPage":{"@id":"https:\/\/www.mzone.cz\/blog-davy-cizincu-mi-prahu-nezosklivi\/"},"wordCount":498,"commentCount":0,"image":{"@id":"https:\/\/www.mzone.cz\/blog-davy-cizincu-mi-prahu-nezosklivi\/#primaryimage"},"thumbnailUrl":"https:\/\/www.mzone.cz\/wp-content\/uploads\/2019\/01\/blog_turiste.jpg","keywords":["atmosf\u00e9ra","Blog","centrum","cestov\u00e1n\u00ed","Ji\u0159\u00ed \u010cepel\u00e1k","metropole","pocity","Praha","proch\u00e1zka","turismus","turist\u00e9"],"articleSection":["Blog"],"inLanguage":"en-US","potentialAction":[{"@type":"CommentAction","name":"Comment","target":["https:\/\/www.mzone.cz\/blog-davy-cizincu-mi-prahu-nezosklivi\/#respond"]}]},{"@type":"WebPage","@id":"https:\/\/www.mzone.cz\/blog-davy-cizincu-mi-prahu-nezosklivi\/","url":"https:\/\/www.mzone.cz\/blog-davy-cizincu-mi-prahu-nezosklivi\/","name":"Blog: Davy cizinc\u016f mi Prahu nezo\u0161kliv\u00ed - Mzone","isPartOf":{"@id":"https:\/\/www.mzone.cz\/#website"},"primaryImageOfPage":{"@id":"https:\/\/www.mzone.cz\/blog-davy-cizincu-mi-prahu-nezosklivi\/#primaryimage"},"image":{"@id":"https:\/\/www.mzone.cz\/blog-davy-cizincu-mi-prahu-nezosklivi\/#primaryimage"},"thumbnailUrl":"https:\/\/www.mzone.cz\/wp-content\/uploads\/2019\/01\/blog_turiste.jpg","datePublished":"2019-01-27T17:00:33+00:00","dateModified":"2019-09-30T16:52:03+00:00","author":{"@id":"https:\/\/www.mzone.cz\/#\/schema\/person\/9bc20cc422a99cac4af6ff9297da32d4"},"description":"P\u0159i sv\u00e9 posledn\u00ed n\u00e1v\u0161t\u011bv\u011b hlavn\u00edho m\u011bsta jsem zase za\u0161el do historick\u00e9ho centra. V\u011bdom si trval\u00e9ho cunami zahrani\u010dn\u00edch turist\u016f dal jsem si nelehk\u00fd \u00fakol \u2013 nenechat se jimi nijak otr\u00e1vit. Jde to ale v\u016fbec v dne\u0161n\u00ed dob\u011b?","breadcrumb":{"@id":"https:\/\/www.mzone.cz\/blog-davy-cizincu-mi-prahu-nezosklivi\/#breadcrumb"},"inLanguage":"en-US","potentialAction":[{"@type":"ReadAction","target":["https:\/\/www.mzone.cz\/blog-davy-cizincu-mi-prahu-nezosklivi\/"]}]},{"@type":"ImageObject","inLanguage":"en-US","@id":"https:\/\/www.mzone.cz\/blog-davy-cizincu-mi-prahu-nezosklivi\/#primaryimage","url":"https:\/\/www.mzone.cz\/wp-content\/uploads\/2019\/01\/blog_turiste.jpg","contentUrl":"https:\/\/www.mzone.cz\/wp-content\/uploads\/2019\/01\/blog_turiste.jpg","width":1667,"height":1121},{"@type":"BreadcrumbList","@id":"https:\/\/www.mzone.cz\/blog-davy-cizincu-mi-prahu-nezosklivi\/#breadcrumb","itemListElement":[{"@type":"ListItem","position":1,"name":"Dom\u016f","item":"https:\/\/www.mzone.cz\/"},{"@type":"ListItem","position":2,"name":"Blog: Davy cizinc\u016f mi Prahu nezo\u0161kliv\u00ed"}]},{"@type":"WebSite","@id":"https:\/\/www.mzone.cz\/#website","url":"https:\/\/www.mzone.cz\/","name":"Mzone","description":"Magaz\u00edn nejen pro mu\u017ee","potentialAction":[{"@type":"SearchAction","target":{"@type":"EntryPoint","urlTemplate":"https:\/\/www.mzone.cz\/?s={search_term_string}"},"query-input":{"@type":"PropertyValueSpecification","valueRequired":true,"valueName":"search_term_string"}}],"inLanguage":"en-US"},{"@type":"Person","@id":"https:\/\/www.mzone.cz\/#\/schema\/person\/9bc20cc422a99cac4af6ff9297da32d4","name":"Mzone","image":{"@type":"ImageObject","inLanguage":"en-US","@id":"https:\/\/secure.gravatar.com\/avatar\/e780a8630f3182a3d06dd667ab6bea151a0d155b0951bc15fe22633acdac0676?s=96&d=mm&r=g","url":"https:\/\/secure.gravatar.com\/avatar\/e780a8630f3182a3d06dd667ab6bea151a0d155b0951bc15fe22633acdac0676?s=96&d=mm&r=g","contentUrl":"https:\/\/secure.gravatar.com\/avatar\/e780a8630f3182a3d06dd667ab6bea151a0d155b0951bc15fe22633acdac0676?s=96&d=mm&r=g","caption":"Mzone"},"url":"https:\/\/www.mzone.cz\/en\/author\/jakub\/"}]}},"_links":{"self":[{"href":"https:\/\/www.mzone.cz\/en\/wp-json\/wp\/v2\/posts\/3168","targetHints":{"allow":["GET"]}}],"collection":[{"href":"https:\/\/www.mzone.cz\/en\/wp-json\/wp\/v2\/posts"}],"about":[{"href":"https:\/\/www.mzone.cz\/en\/wp-json\/wp\/v2\/types\/post"}],"author":[{"embeddable":true,"href":"https:\/\/www.mzone.cz\/en\/wp-json\/wp\/v2\/users\/4"}],"replies":[{"embeddable":true,"href":"https:\/\/www.mzone.cz\/en\/wp-json\/wp\/v2\/comments?post=3168"}],"version-history":[{"count":1,"href":"https:\/\/www.mzone.cz\/en\/wp-json\/wp\/v2\/posts\/3168\/revisions"}],"predecessor-version":[{"id":13075,"href":"https:\/\/www.mzone.cz\/en\/wp-json\/wp\/v2\/posts\/3168\/revisions\/13075"}],"wp:featuredmedia":[{"embeddable":true,"href":"https:\/\/www.mzone.cz\/en\/wp-json\/wp\/v2\/media\/3172"}],"wp:attachment":[{"href":"https:\/\/www.mzone.cz\/en\/wp-json\/wp\/v2\/media?parent=3168"}],"wp:term":[{"taxonomy":"category","embeddable":true,"href":"https:\/\/www.mzone.cz\/en\/wp-json\/wp\/v2\/categories?post=3168"},{"taxonomy":"post_tag","embeddable":true,"href":"https:\/\/www.mzone.cz\/en\/wp-json\/wp\/v2\/tags?post=3168"}],"curies":[{"name":"wp","href":"https:\/\/api.w.org\/{rel}","templated":true}]}}