{"id":31806,"date":"2021-04-21T04:55:00","date_gmt":"2021-04-21T02:55:00","guid":{"rendered":"https:\/\/www.mzone.cz\/?p=31806"},"modified":"2021-04-21T09:19:42","modified_gmt":"2021-04-21T07:19:42","slug":"pan-lehky-vs-pan-vykonny-srovnavame-macbooky-air-a-pro","status":"publish","type":"post","link":"https:\/\/www.mzone.cz\/en\/pan-lehky-vs-pan-vykonny-srovnavame-macbooky-air-a-pro\/","title":{"rendered":"Pan lehk\u00fd vs. pan v\u00fdkonn\u00fd: Srovn\u00e1v\u00e1me MacBooky Air a Pro"},"content":{"rendered":"<p><strong>Oba poh\u00e1n\u00ed nejv\u00fdkonn\u011bj\u0161\u00ed Apple procesor M1, maj\u00ed 13palcov\u00fd displej a disponuj\u00ed novou kl\u00e1vesnic\u00ed Magic Keyboard. P\u0159esto existuje n\u011bkolik z\u00e1sadn\u00edch rozd\u00edl\u016f, kter\u00e9 v\u00e1m usnadn\u00ed rozhodov\u00e1n\u00ed mezi MacBookem Air a Pro. My v\u00e1m je n\u00ed\u017ee uk\u00e1\u017eeme!<\/strong><\/p><br>\n\n\n\n<p>V tomto \u010dl\u00e1nku porovn\u00e1v\u00e1me modely&nbsp;<a href=\"https:\/\/istyle.cz\/macbook-air\/\" target=\"_blank\" rel=\"noopener\"><strong>MacBook Air (M1, 2020)<\/strong><\/a>&nbsp;a&nbsp;<a href=\"https:\/\/istyle.cz\/macbook-pro\/\" target=\"_blank\" rel=\"noopener\"><strong>MacBook Pro (M1, 2020)<\/strong><\/a>&nbsp;s 13\u2033 \u00fahlop\u0159\u00ed\u010dkou. Odleh\u010den\u00e1 verze Air stoj\u00ed v z\u00e1kladn\u00ed verzi 29 990 K\u010d. Z\u00e1kladn\u00ed verze modelu Pro v\u00e1m pak p\u0159i n\u00e1kupu strhne z karty 38 990 K\u010d.<\/p><br>\n\n\n\n<h2 class=\"wp-block-heading\">V\u00fdkon z\u00e1vis\u00ed na konfiguraci, ale Pro vede<\/h2>\n\n\n\n<p>Oba notebooky poh\u00e1n\u00ed stejn\u00fd\u00a0<strong>procesor M1<\/strong>. Novinka, kter\u00e1 se vyr\u00e1b\u00ed p\u0159\u00edmo v tov\u00e1rn\u00e1ch Apple, nahradila procesory Intel, kter\u00e9 doposud tvo\u0159ily z\u00e1klad vnit\u0159nost\u00ed laptop\u016f Apple.<\/p><br>\n\n\n\n<p>Rozd\u00edl ve v\u00fdkonu procesoru spo\u010d\u00edv\u00e1 v&nbsp;<strong>deaktivaci jednoho j\u00e1dra GPU (grafick\u00fd procesor) a absenci ventil\u00e1toru u modelu Air<\/strong>. Zat\u00edmco jedno j\u00e1dro z osmi v\u00fdkon tolik neovliv\u0148uje, chyb\u011bj\u00edc\u00ed ventil\u00e1tor neumo\u017e\u0148uje MacBooku Air dlouho udr\u017eet procesor ve vy\u0161\u0161\u00edch a turbo frekvenc\u00edch.&nbsp;<\/p>\n\n\n\n<blockquote class=\"wp-block-quote is-layout-flow wp-block-quote-is-layout-flow\"><p>Pou\u017e\u00edv\u00e1te-li \u010dasto aplikace, kter\u00e9 procesor zat\u011b\u017euj\u00ed (nap\u0159\u00edklad grafick\u00e9 programy), zva\u017ete sp\u00ed\u0161 verzi Pro. P\u0159i vy\u0161\u0161\u00edch teplot\u00e1ch se toti\u017e v\u00fdkon procesoru automaticky zpomaluje, a to MacBook Air limituje.<\/p><\/blockquote>\n\n\n\n<p>Co se t\u00fd\u010de opera\u010dn\u00ed pam\u011bti,&nbsp;<strong>oba modely za\u010d\u00ednaj\u00ed na 8 GB<\/strong>. Tzv. jednotn\u00e9 pam\u011bti jsou narozd\u00edl od star\u0161\u00edch model\u016f a jin\u00fdch notebook\u016f p\u0159\u00edmou sou\u010d\u00e1st\u00ed procesoru, co\u017e urychluje jejich odezvu.<\/p><br>\n\n\n\n<p>Kv\u016fli tomu ale nem\u016f\u017eete pam\u011b\u0165 v budoucnu jednodu\u0161e roz\u0161\u00ed\u0159it. Pokud v\u00e1m 8 GB nesta\u010d\u00ed, p\u0159ipla\u0165te si rovnou za variantu 16 GB, kter\u00e1 existuje u model\u016f Air i Pro.\u00a0<strong>Ulo\u017ei\u0161t\u011b SSD m\u00e1 u obou z\u00e1kladn\u00edch verz\u00ed kapacitu 256 GB<\/strong>. Pot\u0159ebujete-li v\u00edce m\u00edsta, s\u00e1hn\u011bte po variant\u011b s vy\u0161\u0161\u00ed kapacitou od 512 GB a\u017e do 2 TB.<\/p><br>\n\n\n\n<figure class=\"wp-block-image size-large is-resized\"><img loading=\"lazy\" decoding=\"async\" src=\"https:\/\/www.mzone.cz\/wp-content\/uploads\/2021\/04\/mzone-cz-istyle-cz-01.jpg\" alt=\"MacBook Pro\" class=\"wp-image-31810\" width=\"830\" height=\"467\" srcset=\"https:\/\/www.mzone.cz\/wp-content\/uploads\/2021\/04\/mzone-cz-istyle-cz-01.jpg 770w, https:\/\/www.mzone.cz\/wp-content\/uploads\/2021\/04\/mzone-cz-istyle-cz-01-300x169.jpg 300w, https:\/\/www.mzone.cz\/wp-content\/uploads\/2021\/04\/mzone-cz-istyle-cz-01-768x432.jpg 768w, https:\/\/www.mzone.cz\/wp-content\/uploads\/2021\/04\/mzone-cz-istyle-cz-01-16x9.jpg 16w, https:\/\/www.mzone.cz\/wp-content\/uploads\/2021\/04\/mzone-cz-istyle-cz-01-590x332.jpg 590w\" sizes=\"auto, (max-width: 830px) 100vw, 830px\" \/><\/figure><br>\n\n\n\n<h2 class=\"wp-block-heading\">Air je ten\u010d\u00ed a m\u016f\u017ee b\u00fdt i zlat\u00fd<\/h2>\n\n\n\n<p>Jestli u notebooku v\u00fdkon moc ne\u0159e\u0161\u00edte a posuzujete p\u0159edev\u0161\u00edm vzhled, v\u00edce mo\u017enost\u00ed poskytuje MacBook Air, kter\u00fd krom\u011b st\u0159\u00edbrn\u00e9 a vesm\u00edrn\u011b \u0161ed\u00e9 po\u0159\u00edd\u00edte tak\u00e9&nbsp;<strong>ve zlat\u00e9 barv\u011b<\/strong>. Notebooky jsou p\u0159itom stejn\u011b jako star\u0161\u00ed modely z&nbsp;<strong>p\u0159\u00edjemn\u00e9ho hlin\u00edku<\/strong>.&nbsp;<\/p>\n\n\n\n<blockquote class=\"wp-block-quote is-layout-flow wp-block-quote-is-layout-flow\"><p>Air m\u00e1 malou v\u00fdhodu tak\u00e9 v tlou\u0161\u0165ce, proto\u017ee se sm\u011brem k p\u0159edn\u00ed stran\u011b zten\u010duje a v nejten\u010d\u00edm bod\u011b m\u00e1 m\u00e9n\u011b ne\u017e p\u016fl centimetru, v tom nejtlust\u0161\u00edm potom 1,56 cm. Verze Pro m\u00e1 po cel\u00e9 d\u00e9lce 1,56 cm a z\u00e1rove\u0148 o n\u011bco v\u00edc v\u00e1\u017e\u00ed. Konkr\u00e9tn\u011b 1,4 kg oproti 1,29 kg v p\u0159\u00edpad\u011b verze Air.<\/p><\/blockquote>\n\n\n\n<p>D\u016fle\u017eit\u00fd rozd\u00edl najdete nad n\u016f\u017ekovou&nbsp;<strong>kl\u00e1vesnic\u00ed Magic Keyboard&nbsp;<\/strong>(kl\u00e1vesnice s o n\u011bco vy\u0161\u0161\u00edm zdvihem ne\u017e u dosud vyu\u017e\u00edvan\u00fdch mot\u00fdlkov\u00fdch kl\u00e1vesnic, ale s mnohem vy\u0161\u0161\u00ed spolehlivost\u00ed).<\/p><br>\n\n\n\n<p>U modelu Pro se nad kl\u00e1vesnic\u00ed nach\u00e1z\u00ed\u00a0<strong>Touch Bar<\/strong>, kter\u00fdm m\u011bn\u00edte syst\u00e9mov\u00e1 nastaven\u00ed pomoc\u00ed dotykov\u00fdch gest. U verze Air na stejn\u00e9m m\u00edst\u011b najdete klasick\u00e1 funk\u010dn\u00ed tla\u010d\u00edtka. Oba modely vyu\u017e\u00edvaj\u00ed funkci Touch ID pro rychlou autorizaci (nap\u0159\u00edklad p\u0159i platb\u011b kartou na internetu).<\/p><br>\n\n\n\n<figure class=\"wp-block-image size-large is-resized\"><img loading=\"lazy\" decoding=\"async\" src=\"https:\/\/www.mzone.cz\/wp-content\/uploads\/2021\/04\/mzone-cz-istyle-cz-02.jpg\" alt=\"MacBook Air\" class=\"wp-image-31812\" width=\"829\" height=\"466\" srcset=\"https:\/\/www.mzone.cz\/wp-content\/uploads\/2021\/04\/mzone-cz-istyle-cz-02.jpg 770w, https:\/\/www.mzone.cz\/wp-content\/uploads\/2021\/04\/mzone-cz-istyle-cz-02-300x169.jpg 300w, https:\/\/www.mzone.cz\/wp-content\/uploads\/2021\/04\/mzone-cz-istyle-cz-02-768x432.jpg 768w, https:\/\/www.mzone.cz\/wp-content\/uploads\/2021\/04\/mzone-cz-istyle-cz-02-16x9.jpg 16w, https:\/\/www.mzone.cz\/wp-content\/uploads\/2021\/04\/mzone-cz-istyle-cz-02-590x332.jpg 590w\" sizes=\"auto, (max-width: 829px) 100vw, 829px\" \/><\/figure><br>\n\n\n\n<h2 class=\"wp-block-heading\">Displej je stejn\u00fd, na baterii v\u00edt\u011bz\u00ed Pro&nbsp;<\/h2>\n\n\n\n<p>Oba notebooky vyu\u017e\u00edvaj\u00ed&nbsp;<strong>13.3\u2033<\/strong>, dnes u\u017e legend\u00e1rn\u00ed,&nbsp;<strong>Retina displej<\/strong>. LED podsv\u00edcen\u00ed, technologie IPS, rozli\u0161en\u00ed 2560 \u00d7 1600 px a technologie&nbsp;<strong>True Tone&nbsp;<\/strong>poskytuj\u00ed n\u00e1dhern\u00fd obraz a re\u00e1ln\u00e9 barvy, by\u0165 model Air m\u00e1 o fous ni\u017e\u0161\u00ed sv\u00edtivost. Nad displejem u obou model\u016f nechyb\u00ed vylep\u0161en\u00e1 FaceTime HD kamera s rozpozn\u00e1v\u00e1n\u00edm obli\u010deje.<\/p>\n\n\n\n<blockquote class=\"wp-block-quote is-layout-flow wp-block-quote-is-layout-flow\"><p>A na z\u00e1v\u011br jedno p\u0159ekvapen\u00ed.\u00a0<strong>MacBook Pro poprv\u00e9 p\u0159ed\u010d\u00ed verzi Air ve v\u00fddr\u017ei baterie<\/strong>. Na jedno nabit\u00ed zvl\u00e1dne 20 hodin provozu, co\u017e jsou nap\u0159\u00edklad dva pln\u00e9 pracovn\u00ed dny. Air v\u0161ak se sv\u00fdmi 18 hodinami nen\u00ed o moc pozadu.\u00a0<\/p><\/blockquote>\n\n\n\n<p>\u0158ekli bychom, \u017ee srovn\u00e1n\u00ed nem\u00e1 jasn\u00e9ho v\u00edt\u011bze. Verze Air samoz\u0159ejm\u011b trochu zaost\u00e1v\u00e1 ve v\u00fdkonu, ale zase nab\u00edz\u00ed o n\u011bco leh\u010d\u00ed a ten\u010d\u00ed design. Z\u00e1le\u017e\u00ed tak\u00e9 na tom, jakou si vyberete konfiguraci. Pod\u00edvejte se na dostupn\u00e9 varianty&nbsp;<a href=\"https:\/\/istyle.cz\/macbook-pro\/\" target=\"_blank\" rel=\"noopener\">MacBooku Pro<\/a>&nbsp;a&nbsp;<a href=\"https:\/\/istyle.cz\/macbook-air\/\" target=\"_blank\" rel=\"noopener\">MacBooku Air<\/a>&nbsp;a vyberte si sv\u00e9ho hrdinu na n\u011bkolik n\u00e1sleduj\u00edc\u00edch let.<\/p><br>\n\n\n\n<div class=\"wp-block-media-text alignwide is-stacked-on-mobile is-vertically-aligned-top\" style=\"grid-template-columns:24% auto\"><figure class=\"wp-block-media-text__media\"><a href=\"https:\/\/www.mzone.cz\/huawei-mate-40-pro-podle-odborniku-foti-nejlepe\/\"><img loading=\"lazy\" decoding=\"async\" width=\"1024\" height=\"683\" src=\"https:\/\/www.mzone.cz\/wp-content\/uploads\/2020\/10\/ON_EN_full-1018_final-locked.27-1-1024x683.jpeg\" alt=\"\" class=\"wp-image-25191 size-full\" srcset=\"https:\/\/www.mzone.cz\/wp-content\/uploads\/2020\/10\/ON_EN_full-1018_final-locked.27-1-1024x683.jpeg 1024w, https:\/\/www.mzone.cz\/wp-content\/uploads\/2020\/10\/ON_EN_full-1018_final-locked.27-1-300x200.jpeg 300w, https:\/\/www.mzone.cz\/wp-content\/uploads\/2020\/10\/ON_EN_full-1018_final-locked.27-1-768x513.jpeg 768w, https:\/\/www.mzone.cz\/wp-content\/uploads\/2020\/10\/ON_EN_full-1018_final-locked.27-1-16x12.jpeg 16w, https:\/\/www.mzone.cz\/wp-content\/uploads\/2020\/10\/ON_EN_full-1018_final-locked.27-1-800x533.jpeg 800w, https:\/\/www.mzone.cz\/wp-content\/uploads\/2020\/10\/ON_EN_full-1018_final-locked.27-1-400x267.jpeg 400w, https:\/\/www.mzone.cz\/wp-content\/uploads\/2020\/10\/ON_EN_full-1018_final-locked.27-1-500x333.jpeg 500w, https:\/\/www.mzone.cz\/wp-content\/uploads\/2020\/10\/ON_EN_full-1018_final-locked.27-1-1170x780.jpeg 1170w, https:\/\/www.mzone.cz\/wp-content\/uploads\/2020\/10\/ON_EN_full-1018_final-locked.27-1-590x394.jpeg 590w, https:\/\/www.mzone.cz\/wp-content\/uploads\/2020\/10\/ON_EN_full-1018_final-locked.27-1.jpeg 1293w\" sizes=\"auto, (max-width: 1024px) 100vw, 1024px\" \/><\/a><\/figure><div class=\"wp-block-media-text__content\">\n<h4><a href=\"https:\/\/www.mzone.cz\/huawei-mate-40-pro-podle-odborniku-foti-nejlepe\/\">Kter\u00fd mobil fot\u00ed nejl\u00e9pe? Podle odborn\u00edk\u016f nov\u00fd Huawei Mate 40 Pro<\/a><\/h4><br>\n<\/div><\/div>","protected":false},"excerpt":{"rendered":"<p>Oba poh\u00e1n\u00ed nejv\u00fdkonn\u011bj\u0161\u00ed Apple procesor M1, maj\u00ed 13palcov\u00fd displej a disponuj\u00ed novou kl\u00e1vesnic\u00ed Magic Keyboard. P\u0159esto existuje n\u011bkolik z\u00e1sadn\u00edch rozd\u00edl\u016f, kter\u00e9 v\u00e1m usnadn\u00ed rozhodov\u00e1n\u00ed mezi MacBookem Air a Pro. My v\u00e1m je n\u00ed\u017ee uk\u00e1\u017eeme! V tomto \u010dl\u00e1nku porovn\u00e1v\u00e1me modely&nbsp;MacBook Air (M1, 2020)&nbsp;a&nbsp;MacBook Pro (M1, 2020)&nbsp;s 13\u2033 \u00fahlop\u0159\u00ed\u010dkou. Odleh\u010den\u00e1 verze Air stoj\u00ed v z\u00e1kladn\u00ed verzi 29 [&hellip;]<\/p>\n","protected":false},"author":4,"featured_media":31807,"comment_status":"open","ping_status":"closed","sticky":false,"template":"","format":"standard","meta":{"kk_blocks_editor_width":"","_kiokenblocks_attr":"","_kiokenblocks_dimensions":"","footnotes":""},"categories":[66,65],"tags":[4977,691,3985,4978,4980,4979,4981,4982,3343,1857,800,1668,1205,434,19,551],"class_list":["post-31806","post","type-post","status-publish","format-standard","has-post-thumbnail","hentry","category-elektro","category-technika","tag-apple","tag-elektro","tag-elektronika","tag-macbook","tag-macbook-air","tag-macbook-pro","tag-notebook","tag-notebooky","tag-parametry","tag-pocitac","tag-pocitace","tag-porovnani","tag-srovnani","tag-technika","tag-technologie","tag-vykon"],"yoast_head":"<!-- This site is optimized with the Yoast SEO plugin v27.5 - https:\/\/yoast.com\/product\/yoast-seo-wordpress\/ -->\n<title>Pan lehk\u00fd vs. pan v\u00fdkonn\u00fd: Srovn\u00e1v\u00e1me MacBooky Air a Pro - Mzone<\/title>\n<meta name=\"description\" content=\"Oba poh\u00e1n\u00ed nejv\u00fdkonn\u011bj\u0161\u00ed Apple procesor M1, maj\u00ed 13palcov\u00fd displej a disponuj\u00ed novou kl\u00e1vesnic\u00ed Magic Keyboard. P\u0159esto existuje n\u011bkolik z\u00e1sadn\u00edch rozd\u00edl\u016f, kter\u00e9 v\u00e1m usnadn\u00ed rozhodov\u00e1n\u00ed mezi MacBookem Air a Pro.\" \/>\n<meta name=\"robots\" content=\"index, follow, max-snippet:-1, max-image-preview:large, max-video-preview:-1\" \/>\n<link rel=\"canonical\" href=\"https:\/\/www.mzone.cz\/en\/pan-lehky-vs-pan-vykonny-srovnavame-macbooky-air-a-pro\/\" \/>\n<meta property=\"og:locale\" content=\"en_US\" \/>\n<meta property=\"og:type\" content=\"article\" \/>\n<meta property=\"og:title\" content=\"Pan lehk\u00fd vs. pan v\u00fdkonn\u00fd: Srovn\u00e1v\u00e1me MacBooky Air a Pro - Mzone\" \/>\n<meta property=\"og:description\" content=\"Oba poh\u00e1n\u00ed nejv\u00fdkonn\u011bj\u0161\u00ed Apple procesor M1, maj\u00ed 13palcov\u00fd displej a disponuj\u00ed novou kl\u00e1vesnic\u00ed Magic Keyboard. P\u0159esto existuje n\u011bkolik z\u00e1sadn\u00edch rozd\u00edl\u016f, kter\u00e9 v\u00e1m usnadn\u00ed rozhodov\u00e1n\u00ed mezi MacBookem Air a Pro.\" \/>\n<meta property=\"og:url\" content=\"https:\/\/www.mzone.cz\/en\/pan-lehky-vs-pan-vykonny-srovnavame-macbooky-air-a-pro\/\" \/>\n<meta property=\"og:site_name\" content=\"Mzone\" \/>\n<meta property=\"article:publisher\" content=\"https:\/\/www.facebook.com\/MzoneCZ\/\" \/>\n<meta property=\"article:published_time\" content=\"2021-04-21T02:55:00+00:00\" \/>\n<meta property=\"article:modified_time\" content=\"2021-04-21T07:19:42+00:00\" \/>\n<meta property=\"og:image\" content=\"https:\/\/www.mzone.cz\/wp-content\/uploads\/2021\/04\/MacBook.jpg\" \/>\n\t<meta property=\"og:image:width\" content=\"750\" \/>\n\t<meta property=\"og:image:height\" content=\"500\" \/>\n\t<meta property=\"og:image:type\" content=\"image\/jpeg\" \/>\n<meta name=\"author\" content=\"Mzone\" \/>\n<meta name=\"twitter:card\" content=\"summary_large_image\" \/>\n<meta name=\"twitter:label1\" content=\"Written by\" \/>\n\t<meta name=\"twitter:data1\" content=\"Mzone\" \/>\n\t<meta name=\"twitter:label2\" content=\"Est. reading time\" \/>\n\t<meta name=\"twitter:data2\" content=\"4 minutes\" \/>\n<script type=\"application\/ld+json\" class=\"yoast-schema-graph\">{\"@context\":\"https:\\\/\\\/schema.org\",\"@graph\":[{\"@type\":\"Article\",\"@id\":\"https:\\\/\\\/www.mzone.cz\\\/pan-lehky-vs-pan-vykonny-srovnavame-macbooky-air-a-pro\\\/#article\",\"isPartOf\":{\"@id\":\"https:\\\/\\\/www.mzone.cz\\\/pan-lehky-vs-pan-vykonny-srovnavame-macbooky-air-a-pro\\\/\"},\"author\":{\"name\":\"Mzone\",\"@id\":\"https:\\\/\\\/www.mzone.cz\\\/#\\\/schema\\\/person\\\/9bc20cc422a99cac4af6ff9297da32d4\"},\"headline\":\"Pan lehk\u00fd vs. pan v\u00fdkonn\u00fd: Srovn\u00e1v\u00e1me MacBooky Air a Pro\",\"datePublished\":\"2021-04-21T02:55:00+00:00\",\"dateModified\":\"2021-04-21T07:19:42+00:00\",\"mainEntityOfPage\":{\"@id\":\"https:\\\/\\\/www.mzone.cz\\\/pan-lehky-vs-pan-vykonny-srovnavame-macbooky-air-a-pro\\\/\"},\"wordCount\":770,\"commentCount\":0,\"image\":{\"@id\":\"https:\\\/\\\/www.mzone.cz\\\/pan-lehky-vs-pan-vykonny-srovnavame-macbooky-air-a-pro\\\/#primaryimage\"},\"thumbnailUrl\":\"https:\\\/\\\/www.mzone.cz\\\/wp-content\\\/uploads\\\/2021\\\/04\\\/MacBook.jpg\",\"keywords\":[\"Apple\",\"elektro\",\"elektronika\",\"MacBook\",\"MacBook Air\",\"MacBook Pro\",\"notebook\",\"notebooky\",\"parametry\",\"po\u010d\u00edta\u010d\",\"po\u010d\u00edta\u010de\",\"porovn\u00e1n\u00ed\",\"srovn\u00e1n\u00ed\",\"technika\",\"Technologie\",\"v\u00fdkon\"],\"articleSection\":[\"Elektro\",\"Technika\"],\"inLanguage\":\"en-US\",\"potentialAction\":[{\"@type\":\"CommentAction\",\"name\":\"Comment\",\"target\":[\"https:\\\/\\\/www.mzone.cz\\\/pan-lehky-vs-pan-vykonny-srovnavame-macbooky-air-a-pro\\\/#respond\"]}]},{\"@type\":\"WebPage\",\"@id\":\"https:\\\/\\\/www.mzone.cz\\\/pan-lehky-vs-pan-vykonny-srovnavame-macbooky-air-a-pro\\\/\",\"url\":\"https:\\\/\\\/www.mzone.cz\\\/pan-lehky-vs-pan-vykonny-srovnavame-macbooky-air-a-pro\\\/\",\"name\":\"Pan lehk\u00fd vs. pan v\u00fdkonn\u00fd: Srovn\u00e1v\u00e1me MacBooky Air a Pro - Mzone\",\"isPartOf\":{\"@id\":\"https:\\\/\\\/www.mzone.cz\\\/#website\"},\"primaryImageOfPage\":{\"@id\":\"https:\\\/\\\/www.mzone.cz\\\/pan-lehky-vs-pan-vykonny-srovnavame-macbooky-air-a-pro\\\/#primaryimage\"},\"image\":{\"@id\":\"https:\\\/\\\/www.mzone.cz\\\/pan-lehky-vs-pan-vykonny-srovnavame-macbooky-air-a-pro\\\/#primaryimage\"},\"thumbnailUrl\":\"https:\\\/\\\/www.mzone.cz\\\/wp-content\\\/uploads\\\/2021\\\/04\\\/MacBook.jpg\",\"datePublished\":\"2021-04-21T02:55:00+00:00\",\"dateModified\":\"2021-04-21T07:19:42+00:00\",\"author\":{\"@id\":\"https:\\\/\\\/www.mzone.cz\\\/#\\\/schema\\\/person\\\/9bc20cc422a99cac4af6ff9297da32d4\"},\"description\":\"Oba poh\u00e1n\u00ed nejv\u00fdkonn\u011bj\u0161\u00ed Apple procesor M1, maj\u00ed 13palcov\u00fd displej a disponuj\u00ed novou kl\u00e1vesnic\u00ed Magic Keyboard. P\u0159esto existuje n\u011bkolik z\u00e1sadn\u00edch rozd\u00edl\u016f, kter\u00e9 v\u00e1m usnadn\u00ed rozhodov\u00e1n\u00ed mezi MacBookem Air a Pro.\",\"breadcrumb\":{\"@id\":\"https:\\\/\\\/www.mzone.cz\\\/pan-lehky-vs-pan-vykonny-srovnavame-macbooky-air-a-pro\\\/#breadcrumb\"},\"inLanguage\":\"en-US\",\"potentialAction\":[{\"@type\":\"ReadAction\",\"target\":[\"https:\\\/\\\/www.mzone.cz\\\/pan-lehky-vs-pan-vykonny-srovnavame-macbooky-air-a-pro\\\/\"]}]},{\"@type\":\"ImageObject\",\"inLanguage\":\"en-US\",\"@id\":\"https:\\\/\\\/www.mzone.cz\\\/pan-lehky-vs-pan-vykonny-srovnavame-macbooky-air-a-pro\\\/#primaryimage\",\"url\":\"https:\\\/\\\/www.mzone.cz\\\/wp-content\\\/uploads\\\/2021\\\/04\\\/MacBook.jpg\",\"contentUrl\":\"https:\\\/\\\/www.mzone.cz\\\/wp-content\\\/uploads\\\/2021\\\/04\\\/MacBook.jpg\",\"width\":750,\"height\":500,\"caption\":\"MacBook\"},{\"@type\":\"BreadcrumbList\",\"@id\":\"https:\\\/\\\/www.mzone.cz\\\/pan-lehky-vs-pan-vykonny-srovnavame-macbooky-air-a-pro\\\/#breadcrumb\",\"itemListElement\":[{\"@type\":\"ListItem\",\"position\":1,\"name\":\"Dom\u016f\",\"item\":\"https:\\\/\\\/www.mzone.cz\\\/\"},{\"@type\":\"ListItem\",\"position\":2,\"name\":\"Pan lehk\u00fd vs. pan v\u00fdkonn\u00fd: Srovn\u00e1v\u00e1me MacBooky Air a Pro\"}]},{\"@type\":\"WebSite\",\"@id\":\"https:\\\/\\\/www.mzone.cz\\\/#website\",\"url\":\"https:\\\/\\\/www.mzone.cz\\\/\",\"name\":\"Mzone\",\"description\":\"Magaz\u00edn nejen pro mu\u017ee\",\"potentialAction\":[{\"@type\":\"SearchAction\",\"target\":{\"@type\":\"EntryPoint\",\"urlTemplate\":\"https:\\\/\\\/www.mzone.cz\\\/?s={search_term_string}\"},\"query-input\":{\"@type\":\"PropertyValueSpecification\",\"valueRequired\":true,\"valueName\":\"search_term_string\"}}],\"inLanguage\":\"en-US\"},{\"@type\":\"Person\",\"@id\":\"https:\\\/\\\/www.mzone.cz\\\/#\\\/schema\\\/person\\\/9bc20cc422a99cac4af6ff9297da32d4\",\"name\":\"Mzone\",\"image\":{\"@type\":\"ImageObject\",\"inLanguage\":\"en-US\",\"@id\":\"https:\\\/\\\/secure.gravatar.com\\\/avatar\\\/e780a8630f3182a3d06dd667ab6bea151a0d155b0951bc15fe22633acdac0676?s=96&d=mm&r=g\",\"url\":\"https:\\\/\\\/secure.gravatar.com\\\/avatar\\\/e780a8630f3182a3d06dd667ab6bea151a0d155b0951bc15fe22633acdac0676?s=96&d=mm&r=g\",\"contentUrl\":\"https:\\\/\\\/secure.gravatar.com\\\/avatar\\\/e780a8630f3182a3d06dd667ab6bea151a0d155b0951bc15fe22633acdac0676?s=96&d=mm&r=g\",\"caption\":\"Mzone\"},\"url\":\"https:\\\/\\\/www.mzone.cz\\\/en\\\/author\\\/jakub\\\/\"}]}<\/script>\n<!-- \/ Yoast SEO plugin. -->","yoast_head_json":{"title":"Pan lehk\u00fd vs. pan v\u00fdkonn\u00fd: Srovn\u00e1v\u00e1me MacBooky Air a Pro - Mzone","description":"Oba poh\u00e1n\u00ed nejv\u00fdkonn\u011bj\u0161\u00ed Apple procesor M1, maj\u00ed 13palcov\u00fd displej a disponuj\u00ed novou kl\u00e1vesnic\u00ed Magic Keyboard. P\u0159esto existuje n\u011bkolik z\u00e1sadn\u00edch rozd\u00edl\u016f, kter\u00e9 v\u00e1m usnadn\u00ed rozhodov\u00e1n\u00ed mezi MacBookem Air a Pro.","robots":{"index":"index","follow":"follow","max-snippet":"max-snippet:-1","max-image-preview":"max-image-preview:large","max-video-preview":"max-video-preview:-1"},"canonical":"https:\/\/www.mzone.cz\/en\/pan-lehky-vs-pan-vykonny-srovnavame-macbooky-air-a-pro\/","og_locale":"en_US","og_type":"article","og_title":"Pan lehk\u00fd vs. pan v\u00fdkonn\u00fd: Srovn\u00e1v\u00e1me MacBooky Air a Pro - Mzone","og_description":"Oba poh\u00e1n\u00ed nejv\u00fdkonn\u011bj\u0161\u00ed Apple procesor M1, maj\u00ed 13palcov\u00fd displej a disponuj\u00ed novou kl\u00e1vesnic\u00ed Magic Keyboard. P\u0159esto existuje n\u011bkolik z\u00e1sadn\u00edch rozd\u00edl\u016f, kter\u00e9 v\u00e1m usnadn\u00ed rozhodov\u00e1n\u00ed mezi MacBookem Air a Pro.","og_url":"https:\/\/www.mzone.cz\/en\/pan-lehky-vs-pan-vykonny-srovnavame-macbooky-air-a-pro\/","og_site_name":"Mzone","article_publisher":"https:\/\/www.facebook.com\/MzoneCZ\/","article_published_time":"2021-04-21T02:55:00+00:00","article_modified_time":"2021-04-21T07:19:42+00:00","og_image":[{"width":750,"height":500,"url":"https:\/\/www.mzone.cz\/wp-content\/uploads\/2021\/04\/MacBook.jpg","type":"image\/jpeg"}],"author":"Mzone","twitter_card":"summary_large_image","twitter_misc":{"Written by":"Mzone","Est. reading time":"4 minutes"},"schema":{"@context":"https:\/\/schema.org","@graph":[{"@type":"Article","@id":"https:\/\/www.mzone.cz\/pan-lehky-vs-pan-vykonny-srovnavame-macbooky-air-a-pro\/#article","isPartOf":{"@id":"https:\/\/www.mzone.cz\/pan-lehky-vs-pan-vykonny-srovnavame-macbooky-air-a-pro\/"},"author":{"name":"Mzone","@id":"https:\/\/www.mzone.cz\/#\/schema\/person\/9bc20cc422a99cac4af6ff9297da32d4"},"headline":"Pan lehk\u00fd vs. pan v\u00fdkonn\u00fd: Srovn\u00e1v\u00e1me MacBooky Air a Pro","datePublished":"2021-04-21T02:55:00+00:00","dateModified":"2021-04-21T07:19:42+00:00","mainEntityOfPage":{"@id":"https:\/\/www.mzone.cz\/pan-lehky-vs-pan-vykonny-srovnavame-macbooky-air-a-pro\/"},"wordCount":770,"commentCount":0,"image":{"@id":"https:\/\/www.mzone.cz\/pan-lehky-vs-pan-vykonny-srovnavame-macbooky-air-a-pro\/#primaryimage"},"thumbnailUrl":"https:\/\/www.mzone.cz\/wp-content\/uploads\/2021\/04\/MacBook.jpg","keywords":["Apple","elektro","elektronika","MacBook","MacBook Air","MacBook Pro","notebook","notebooky","parametry","po\u010d\u00edta\u010d","po\u010d\u00edta\u010de","porovn\u00e1n\u00ed","srovn\u00e1n\u00ed","technika","Technologie","v\u00fdkon"],"articleSection":["Elektro","Technika"],"inLanguage":"en-US","potentialAction":[{"@type":"CommentAction","name":"Comment","target":["https:\/\/www.mzone.cz\/pan-lehky-vs-pan-vykonny-srovnavame-macbooky-air-a-pro\/#respond"]}]},{"@type":"WebPage","@id":"https:\/\/www.mzone.cz\/pan-lehky-vs-pan-vykonny-srovnavame-macbooky-air-a-pro\/","url":"https:\/\/www.mzone.cz\/pan-lehky-vs-pan-vykonny-srovnavame-macbooky-air-a-pro\/","name":"Pan lehk\u00fd vs. pan v\u00fdkonn\u00fd: Srovn\u00e1v\u00e1me MacBooky Air a Pro - Mzone","isPartOf":{"@id":"https:\/\/www.mzone.cz\/#website"},"primaryImageOfPage":{"@id":"https:\/\/www.mzone.cz\/pan-lehky-vs-pan-vykonny-srovnavame-macbooky-air-a-pro\/#primaryimage"},"image":{"@id":"https:\/\/www.mzone.cz\/pan-lehky-vs-pan-vykonny-srovnavame-macbooky-air-a-pro\/#primaryimage"},"thumbnailUrl":"https:\/\/www.mzone.cz\/wp-content\/uploads\/2021\/04\/MacBook.jpg","datePublished":"2021-04-21T02:55:00+00:00","dateModified":"2021-04-21T07:19:42+00:00","author":{"@id":"https:\/\/www.mzone.cz\/#\/schema\/person\/9bc20cc422a99cac4af6ff9297da32d4"},"description":"Oba poh\u00e1n\u00ed nejv\u00fdkonn\u011bj\u0161\u00ed Apple procesor M1, maj\u00ed 13palcov\u00fd displej a disponuj\u00ed novou kl\u00e1vesnic\u00ed Magic Keyboard. P\u0159esto existuje n\u011bkolik z\u00e1sadn\u00edch rozd\u00edl\u016f, kter\u00e9 v\u00e1m usnadn\u00ed rozhodov\u00e1n\u00ed mezi MacBookem Air a Pro.","breadcrumb":{"@id":"https:\/\/www.mzone.cz\/pan-lehky-vs-pan-vykonny-srovnavame-macbooky-air-a-pro\/#breadcrumb"},"inLanguage":"en-US","potentialAction":[{"@type":"ReadAction","target":["https:\/\/www.mzone.cz\/pan-lehky-vs-pan-vykonny-srovnavame-macbooky-air-a-pro\/"]}]},{"@type":"ImageObject","inLanguage":"en-US","@id":"https:\/\/www.mzone.cz\/pan-lehky-vs-pan-vykonny-srovnavame-macbooky-air-a-pro\/#primaryimage","url":"https:\/\/www.mzone.cz\/wp-content\/uploads\/2021\/04\/MacBook.jpg","contentUrl":"https:\/\/www.mzone.cz\/wp-content\/uploads\/2021\/04\/MacBook.jpg","width":750,"height":500,"caption":"MacBook"},{"@type":"BreadcrumbList","@id":"https:\/\/www.mzone.cz\/pan-lehky-vs-pan-vykonny-srovnavame-macbooky-air-a-pro\/#breadcrumb","itemListElement":[{"@type":"ListItem","position":1,"name":"Dom\u016f","item":"https:\/\/www.mzone.cz\/"},{"@type":"ListItem","position":2,"name":"Pan lehk\u00fd vs. pan v\u00fdkonn\u00fd: Srovn\u00e1v\u00e1me MacBooky Air a Pro"}]},{"@type":"WebSite","@id":"https:\/\/www.mzone.cz\/#website","url":"https:\/\/www.mzone.cz\/","name":"Mzone","description":"Magaz\u00edn nejen pro mu\u017ee","potentialAction":[{"@type":"SearchAction","target":{"@type":"EntryPoint","urlTemplate":"https:\/\/www.mzone.cz\/?s={search_term_string}"},"query-input":{"@type":"PropertyValueSpecification","valueRequired":true,"valueName":"search_term_string"}}],"inLanguage":"en-US"},{"@type":"Person","@id":"https:\/\/www.mzone.cz\/#\/schema\/person\/9bc20cc422a99cac4af6ff9297da32d4","name":"Mzone","image":{"@type":"ImageObject","inLanguage":"en-US","@id":"https:\/\/secure.gravatar.com\/avatar\/e780a8630f3182a3d06dd667ab6bea151a0d155b0951bc15fe22633acdac0676?s=96&d=mm&r=g","url":"https:\/\/secure.gravatar.com\/avatar\/e780a8630f3182a3d06dd667ab6bea151a0d155b0951bc15fe22633acdac0676?s=96&d=mm&r=g","contentUrl":"https:\/\/secure.gravatar.com\/avatar\/e780a8630f3182a3d06dd667ab6bea151a0d155b0951bc15fe22633acdac0676?s=96&d=mm&r=g","caption":"Mzone"},"url":"https:\/\/www.mzone.cz\/en\/author\/jakub\/"}]}},"_links":{"self":[{"href":"https:\/\/www.mzone.cz\/en\/wp-json\/wp\/v2\/posts\/31806","targetHints":{"allow":["GET"]}}],"collection":[{"href":"https:\/\/www.mzone.cz\/en\/wp-json\/wp\/v2\/posts"}],"about":[{"href":"https:\/\/www.mzone.cz\/en\/wp-json\/wp\/v2\/types\/post"}],"author":[{"embeddable":true,"href":"https:\/\/www.mzone.cz\/en\/wp-json\/wp\/v2\/users\/4"}],"replies":[{"embeddable":true,"href":"https:\/\/www.mzone.cz\/en\/wp-json\/wp\/v2\/comments?post=31806"}],"version-history":[{"count":9,"href":"https:\/\/www.mzone.cz\/en\/wp-json\/wp\/v2\/posts\/31806\/revisions"}],"predecessor-version":[{"id":31818,"href":"https:\/\/www.mzone.cz\/en\/wp-json\/wp\/v2\/posts\/31806\/revisions\/31818"}],"wp:featuredmedia":[{"embeddable":true,"href":"https:\/\/www.mzone.cz\/en\/wp-json\/wp\/v2\/media\/31807"}],"wp:attachment":[{"href":"https:\/\/www.mzone.cz\/en\/wp-json\/wp\/v2\/media?parent=31806"}],"wp:term":[{"taxonomy":"category","embeddable":true,"href":"https:\/\/www.mzone.cz\/en\/wp-json\/wp\/v2\/categories?post=31806"},{"taxonomy":"post_tag","embeddable":true,"href":"https:\/\/www.mzone.cz\/en\/wp-json\/wp\/v2\/tags?post=31806"}],"curies":[{"name":"wp","href":"https:\/\/api.w.org\/{rel}","templated":true}]}}