{"id":31880,"date":"2021-08-25T09:04:00","date_gmt":"2021-08-25T07:04:00","guid":{"rendered":"https:\/\/www.mzone.cz\/?p=31880"},"modified":"2021-08-25T09:03:49","modified_gmt":"2021-08-25T07:03:49","slug":"video-bmw-m4-setkani-s-raketou-bmw-m4-gt3","status":"publish","type":"post","link":"https:\/\/www.mzone.cz\/en\/video-bmw-m4-setkani-s-raketou-bmw-m4-gt3\/","title":{"rendered":"VIDEO: Setk\u00e1n\u00ed s\u00e9riov\u00e9ho BMW M4 s raketou BMW M4 GT3"},"content":{"rendered":"<p><strong>Pod\u00edvejte se s n\u00e1mi na video, kter\u00e9 odhaluje spole\u010dn\u00fd z\u00e1klad BMW M4 Competition a z\u00e1vodn\u00edho vozu BMW M4 GT3.<\/strong><\/p><br>\n\n\n\n<p>BMW ve sv\u00e9m nov\u00e9m videu umo\u017e\u0148uje nahl\u00e9dnout do v\u00fdvoje nov\u00e9ho z\u00e1vodn\u00edho vozu BMW M4 GT3 a ukazuje n\u011bkter\u00e9 fascinuj\u00edc\u00ed podobnosti mezi nov\u00fdm vrcholn\u00fdm modelem v nab\u00eddce automobilky a s\u00e9riov\u00fdm BMW M4 Competition. Design\u00e9\u0159i a in\u017een\u00fd\u0159i pracuj\u00edc\u00ed na v\u00fdvoji s\u00e9riov\u00fdch automobil\u016f BMW a vozidel BMW M Motorsport p\u0159edstavuj\u00ed zaj\u00edmav\u00e9 detaily t\u011bchto dvou voz\u016f, p\u0159i\u010dem\u017e hlavn\u00edmi protagonisty BMW M Design Talk jsou Anne Forschnerov\u00e1, design\u00e9rka exteri\u00e9ru BMW M4 Competition, a Michael Scully, \u0159editel BMW Group Designworks Global Automotive.&nbsp;<\/p>\n\n\n\n<blockquote class=\"wp-block-quote is-layout-flow wp-block-quote-is-layout-flow\"><p>Video za\u010d\u00edn\u00e1 t\u00edm, \u017ee Forschnerov\u00e1 a Scully hovo\u0159\u00ed o nejv\u00fdrazn\u011bj\u0161\u00edm designov\u00e9m prvku obou voz\u016f: BMW masce chladi\u010de ve tvaru ledvinek. \u201eV\u0161echny vozy BMW M maj\u00ed polariza\u010dn\u00ed \u00fa\u010dinek, co\u017e znamen\u00e1, \u017ee automaticky neoslovuj\u00ed v\u0161echny. Jejich dopad na lidi je fyzick\u00fd i&nbsp;emocion\u00e1ln\u00ed,\u201c \u0159\u00edk\u00e1 Forschnerov\u00e1.<\/p><\/blockquote>\n\n\n\n<p>\u201eMaska chladi\u010de ve tvaru ledvinek si zachov\u00e1v\u00e1 obvodovou geometrii s\u00e9riov\u00e9ho vozu, zat\u00edmco jejich vnit\u0159n\u00ed plochy jsou otev\u0159en\u011bj\u0161\u00ed a d\u00e1vaj\u00ed najevo v\u011bt\u0161\u00ed n\u00e1roky na chlazen\u00ed z\u00e1vodn\u00edho motoru M4 GT3,\u201c vysv\u011btluje Scully. BMW M4 GT3, kter\u00e9 je aktu\u00e1ln\u011b v posledn\u00edm roce v\u00fdvoje, bylo navr\u017eeno tak, aby t\u00fdm\u016fm BMW M Motorsport pomohlo bojovat o v\u00edt\u011bzstv\u00ed a tituly v&nbsp;z\u00e1vodech po cel\u00e9m sv\u011bt\u011b.<\/p><br>\n\n\n\n<p>Scully pokra\u010duje: \u201eP\u0159edn\u00ed dopl\u0148kov\u00e1 sv\u011btla M4 GT3 odkazuj\u00ed na vzduchov\u00e9 clony s\u00e9riov\u00e9ho vozu a&nbsp;dod\u00e1vaj\u00ed mu v&nbsp;jeho aerodynamicky z\u00e1sadn\u00edm m\u00edst\u011b identitu a vizu\u00e1ln\u00ed strukturu. Jejich bumerangov\u00fd tvar napodobuje p\u0159irozen\u00e9 lomen\u00ed ploch p\u0159edn\u00edho n\u00e1razn\u00edku s\u00e9riov\u00e9ho vozu a&nbsp;dopl\u0148uje osv\u011btlen\u00ed automobilu pou\u017e\u00edvan\u00e9 ve vytrvalostn\u00edch z\u00e1vodech.\u201c<\/p><br>\n\n\n\n<p><strong>Na video od BMW se m\u016f\u017eete pod\u00edvat zde:<\/strong><\/p>\n\n\n\n<figure class=\"wp-block-embed is-type-video is-provider-youtube wp-block-embed-youtube wp-embed-aspect-16-9 wp-has-aspect-ratio\"><div class=\"wp-block-embed__wrapper\">\nhttps:\/\/youtu.be\/VYu0EUMz00U\n<\/div><\/figure><br>\n\n\n\n<p>P\u0159i pohledu z boku je z\u0159ejm\u00e9, \u017ee z\u00e1vodn\u00ed v\u016fz p\u0159ejal stejnou konstelaci designov\u00fdch prvk\u016f jako s\u00e9riov\u00fd automobil. Jde zejm\u00e9na o jednolit\u00fd oblouk st\u0159echy tvo\u0159en\u00fd A&nbsp;sloupkem opticky navazuj\u00edc\u00edm na detail v&nbsp;p\u0159edn\u00edm blatn\u00edku a sm\u011brem vzh\u016fru stoupaj\u00edc\u00ed linie ve spodn\u00ed \u010d\u00e1sti bok\u016f.<\/p><br>\n\n\n\n<p>St\u0159echa se dv\u011bma ploutvi\u010dkami a v\u00fdrazn\u011b zkosen\u00e9 zadn\u00ed okno maj\u00ed v p\u0159\u00edpad\u011b model\u016f BMW M4 Competition a BMW M4 GT3 tak\u00e9 stejn\u00fd tvar. Tyto prvky ide\u00e1ln\u00edm zp\u016fsobem usm\u011br\u0148uj\u00ed proud\u011bn\u00ed vzduchu sm\u011brem k zadn\u00edmu spoileru z\u00e1vodn\u00edho vozu.&nbsp;<\/p>\n\n\n\n<blockquote class=\"wp-block-quote is-layout-flow wp-block-quote-is-layout-flow\"><p>Nejv\u011bt\u0161\u00ed rozd\u00edly mezi t\u011bmito dv\u011bma vozy jsou pravd\u011bpodobn\u011b v zadn\u00ed \u010d\u00e1sti. \u201eZ\u00e1\u010f BMW M4 GT3 je v mnoha \u010d\u00e1stech dob\u0159e zn\u00e1m\u00e1, ale v t\u011bch ostatn\u00edch je zcela odli\u0161n\u00e1,\u201c \u0159\u00edk\u00e1 Anne Forschnerov\u00e1. \u201eZ\u00e1vodn\u00ed automobil je na ka\u017ed\u00e9 stran\u011b o 75 milimetr\u016f \u0161ir\u0161\u00ed, ale zadn\u00ed sv\u011btla jsme pou\u017eili ze s\u00e9riov\u00e9ho vozu a tvar v\u00edka zavazadlov\u00e9ho prostoru je tak\u00e9 toto\u017en\u00fd,\u201c dod\u00e1v\u00e1 Michael Scully.<\/p><\/blockquote>\n\n\n\n<p>Forschnerov\u00e1 poukazuje na to, jak mno\u017estv\u00ed podobnost\u00ed mezi t\u011bmito dv\u011bma automobily, kter\u00e9 ji\u017e s\u00e9riov\u00e9mu modelu prop\u016fj\u010duj\u00ed velmi sportovn\u00ed vzhled a nab\u00edzej\u00ed vynikaj\u00edc\u00ed z\u00e1klad pro z\u00e1vodn\u00ed variantu, v sob\u011b zcela jasn\u011b odr\u00e1\u017e\u00ed v\u00fdvoj t\u011bchto dvou automobil\u016f: \u201eZe silnice na z\u00e1vodn\u00ed okruh a ze z\u00e1vodn\u00ed dr\u00e1hy zp\u011bt na silnici.\u201c Scully sou\u010dasn\u011b nep\u0159est\u00e1v\u00e1 chv\u00e1lit kolegy z v\u00fdvoje s\u00e9riov\u00e9ho automobilu: \u201eS\u00e9riov\u00fd model BMW M4 Competition je \u00fa\u017easn\u00fdm z\u00e1kladem pro v\u00fdvoj z\u00e1vodn\u00edho automobilu. M\u00e1 ikonick\u00e9 prvky a tvary zam\u011b\u0159en\u00e9 na vysok\u00fd v\u00fdkon a&nbsp;efektivitu.\u201c<\/p><br>\n\n\n\n<div class=\"wp-block-media-text alignwide is-stacked-on-mobile is-vertically-aligned-top\" style=\"grid-template-columns:24% auto\"><figure class=\"wp-block-media-text__media\"><a href=\"https:\/\/www.mzone.cz\/video-skodovacke-zavodni-legendy-na-snehu-a-ledu\/\"><img loading=\"lazy\" decoding=\"async\" width=\"1024\" height=\"682\" src=\"https:\/\/www.mzone.cz\/wp-content\/uploads\/2021\/03\/Skodovky-jizda-na-snehu-a-ledu-1024x682.jpg\" alt=\"\u0160kodovky - j\u00edzda na sn\u011bhu a ledu\" class=\"wp-image-30275 size-full\" srcset=\"https:\/\/www.mzone.cz\/wp-content\/uploads\/2021\/03\/Skodovky-jizda-na-snehu-a-ledu-1024x682.jpg 1024w, https:\/\/www.mzone.cz\/wp-content\/uploads\/2021\/03\/Skodovky-jizda-na-snehu-a-ledu-300x200.jpg 300w, https:\/\/www.mzone.cz\/wp-content\/uploads\/2021\/03\/Skodovky-jizda-na-snehu-a-ledu-768x512.jpg 768w, https:\/\/www.mzone.cz\/wp-content\/uploads\/2021\/03\/Skodovky-jizda-na-snehu-a-ledu-16x12.jpg 16w, https:\/\/www.mzone.cz\/wp-content\/uploads\/2021\/03\/Skodovky-jizda-na-snehu-a-ledu-800x533.jpg 800w, https:\/\/www.mzone.cz\/wp-content\/uploads\/2021\/03\/Skodovky-jizda-na-snehu-a-ledu-400x267.jpg 400w, https:\/\/www.mzone.cz\/wp-content\/uploads\/2021\/03\/Skodovky-jizda-na-snehu-a-ledu-500x333.jpg 500w, https:\/\/www.mzone.cz\/wp-content\/uploads\/2021\/03\/Skodovky-jizda-na-snehu-a-ledu-1170x780.jpg 1170w, https:\/\/www.mzone.cz\/wp-content\/uploads\/2021\/03\/Skodovky-jizda-na-snehu-a-ledu-590x393.jpg 590w, https:\/\/www.mzone.cz\/wp-content\/uploads\/2021\/03\/Skodovky-jizda-na-snehu-a-ledu.jpg 1211w\" sizes=\"auto, (max-width: 1024px) 100vw, 1024px\" \/><\/a><\/figure><div class=\"wp-block-media-text__content\">\n<h4><a href=\"https:\/\/www.mzone.cz\/video-skodovacke-zavodni-legendy-na-snehu-a-ledu\/\">VIDEO: \u0160kodov\u00e1ck\u00e9 z\u00e1vodn\u00ed legendy na sn\u011bhu a ledu<\/a><\/h4><br>\n<\/div><\/div>","protected":false},"excerpt":{"rendered":"<p>Pod\u00edvejte se s n\u00e1mi na video, kter\u00e9 odhaluje spole\u010dn\u00fd z\u00e1klad BMW M4 Competition a z\u00e1vodn\u00edho vozu BMW M4 GT3. BMW ve sv\u00e9m nov\u00e9m videu umo\u017e\u0148uje nahl\u00e9dnout do v\u00fdvoje nov\u00e9ho z\u00e1vodn\u00edho vozu BMW M4 GT3 a ukazuje n\u011bkter\u00e9 fascinuj\u00edc\u00ed podobnosti mezi nov\u00fdm vrcholn\u00fdm modelem v nab\u00eddce automobilky a s\u00e9riov\u00fdm BMW M4 Competition. Design\u00e9\u0159i a in\u017een\u00fd\u0159i pracuj\u00edc\u00ed [&hellip;]<\/p>\n","protected":false},"author":4,"featured_media":31881,"comment_status":"open","ping_status":"closed","sticky":false,"template":"","format":"standard","meta":{"kk_blocks_editor_width":"","_kiokenblocks_attr":"","_kiokenblocks_dimensions":"","footnotes":""},"categories":[69,30],"tags":[585,82,462,552,2918,4967,4988,4989,1979,1205,36,2908,2907],"class_list":["post-31880","post","type-post","status-publish","format-standard","has-post-thumbnail","hentry","category-auto-moto","category-video","tag-auta","tag-auto","tag-auto-moto","tag-automobily","tag-bmw","tag-bmw-m4","tag-bmw-m4-competition","tag-bmw-m4-gt3","tag-sportovni-vozy","tag-srovnani","tag-video","tag-zavodak","tag-zavodni-vozy"],"yoast_head":"<!-- This site is optimized with the Yoast SEO plugin v27.5 - https:\/\/yoast.com\/product\/yoast-seo-wordpress\/ -->\n<title>VIDEO: Setk\u00e1n\u00ed s\u00e9riov\u00e9ho BMW M4 s raketou BMW M4 GT3 - Mzone<\/title>\n<meta name=\"description\" content=\"Pod\u00edvejte se s n\u00e1mi na video, kter\u00e9 odhaluje spole\u010dn\u00fd z\u00e1klad BMW M4 Competition a z\u00e1vodn\u00edho vozu BMW M4 GT3.\" \/>\n<meta name=\"robots\" content=\"index, follow, max-snippet:-1, max-image-preview:large, max-video-preview:-1\" \/>\n<link rel=\"canonical\" href=\"https:\/\/www.mzone.cz\/en\/video-bmw-m4-setkani-s-raketou-bmw-m4-gt3\/\" \/>\n<meta property=\"og:locale\" content=\"en_US\" \/>\n<meta property=\"og:type\" content=\"article\" \/>\n<meta property=\"og:title\" content=\"VIDEO: Setk\u00e1n\u00ed s\u00e9riov\u00e9ho BMW M4 s raketou BMW M4 GT3 - Mzone\" \/>\n<meta property=\"og:description\" content=\"Pod\u00edvejte se s n\u00e1mi na video, kter\u00e9 odhaluje spole\u010dn\u00fd z\u00e1klad BMW M4 Competition a z\u00e1vodn\u00edho vozu BMW M4 GT3.\" \/>\n<meta property=\"og:url\" content=\"https:\/\/www.mzone.cz\/en\/video-bmw-m4-setkani-s-raketou-bmw-m4-gt3\/\" \/>\n<meta property=\"og:site_name\" content=\"Mzone\" \/>\n<meta property=\"article:publisher\" content=\"https:\/\/www.facebook.com\/MzoneCZ\/\" \/>\n<meta property=\"article:published_time\" content=\"2021-08-25T07:04:00+00:00\" \/>\n<meta property=\"og:image\" content=\"https:\/\/www.mzone.cz\/wp-content\/uploads\/2021\/04\/BMW-M4-Competition-versus-BMW-M4-GT3.jpg\" \/>\n\t<meta property=\"og:image:width\" content=\"1586\" \/>\n\t<meta property=\"og:image:height\" content=\"1057\" \/>\n\t<meta property=\"og:image:type\" content=\"image\/jpeg\" \/>\n<meta name=\"author\" content=\"Mzone\" \/>\n<meta name=\"twitter:card\" content=\"summary_large_image\" \/>\n<meta name=\"twitter:label1\" content=\"Written by\" \/>\n\t<meta name=\"twitter:data1\" content=\"Mzone\" \/>\n\t<meta name=\"twitter:label2\" content=\"Est. reading time\" \/>\n\t<meta name=\"twitter:data2\" content=\"3 minutes\" \/>\n<script type=\"application\/ld+json\" class=\"yoast-schema-graph\">{\"@context\":\"https:\\\/\\\/schema.org\",\"@graph\":[{\"@type\":\"Article\",\"@id\":\"https:\\\/\\\/www.mzone.cz\\\/video-bmw-m4-setkani-s-raketou-bmw-m4-gt3\\\/#article\",\"isPartOf\":{\"@id\":\"https:\\\/\\\/www.mzone.cz\\\/video-bmw-m4-setkani-s-raketou-bmw-m4-gt3\\\/\"},\"author\":{\"name\":\"Mzone\",\"@id\":\"https:\\\/\\\/www.mzone.cz\\\/#\\\/schema\\\/person\\\/9bc20cc422a99cac4af6ff9297da32d4\"},\"headline\":\"VIDEO: Setk\u00e1n\u00ed s\u00e9riov\u00e9ho BMW M4 s raketou BMW M4 GT3\",\"datePublished\":\"2021-08-25T07:04:00+00:00\",\"mainEntityOfPage\":{\"@id\":\"https:\\\/\\\/www.mzone.cz\\\/video-bmw-m4-setkani-s-raketou-bmw-m4-gt3\\\/\"},\"wordCount\":687,\"commentCount\":0,\"image\":{\"@id\":\"https:\\\/\\\/www.mzone.cz\\\/video-bmw-m4-setkani-s-raketou-bmw-m4-gt3\\\/#primaryimage\"},\"thumbnailUrl\":\"https:\\\/\\\/www.mzone.cz\\\/wp-content\\\/uploads\\\/2021\\\/04\\\/BMW-M4-Competition-versus-BMW-M4-GT3.jpg\",\"keywords\":[\"auta\",\"Auto\",\"auto-moto\",\"automobily\",\"BMW\",\"BMW M4\",\"BMW M4 Competition\",\"BMW M4 GT3\",\"sportovn\u00ed vozy\",\"srovn\u00e1n\u00ed\",\"Video\",\"z\u00e1vo\u010f\u00e1k\",\"z\u00e1vodn\u00ed vozy\"],\"articleSection\":[\"Auto-moto\",\"Video\"],\"inLanguage\":\"en-US\",\"potentialAction\":[{\"@type\":\"CommentAction\",\"name\":\"Comment\",\"target\":[\"https:\\\/\\\/www.mzone.cz\\\/video-bmw-m4-setkani-s-raketou-bmw-m4-gt3\\\/#respond\"]}]},{\"@type\":\"WebPage\",\"@id\":\"https:\\\/\\\/www.mzone.cz\\\/video-bmw-m4-setkani-s-raketou-bmw-m4-gt3\\\/\",\"url\":\"https:\\\/\\\/www.mzone.cz\\\/video-bmw-m4-setkani-s-raketou-bmw-m4-gt3\\\/\",\"name\":\"VIDEO: Setk\u00e1n\u00ed s\u00e9riov\u00e9ho BMW M4 s raketou BMW M4 GT3 - Mzone\",\"isPartOf\":{\"@id\":\"https:\\\/\\\/www.mzone.cz\\\/#website\"},\"primaryImageOfPage\":{\"@id\":\"https:\\\/\\\/www.mzone.cz\\\/video-bmw-m4-setkani-s-raketou-bmw-m4-gt3\\\/#primaryimage\"},\"image\":{\"@id\":\"https:\\\/\\\/www.mzone.cz\\\/video-bmw-m4-setkani-s-raketou-bmw-m4-gt3\\\/#primaryimage\"},\"thumbnailUrl\":\"https:\\\/\\\/www.mzone.cz\\\/wp-content\\\/uploads\\\/2021\\\/04\\\/BMW-M4-Competition-versus-BMW-M4-GT3.jpg\",\"datePublished\":\"2021-08-25T07:04:00+00:00\",\"author\":{\"@id\":\"https:\\\/\\\/www.mzone.cz\\\/#\\\/schema\\\/person\\\/9bc20cc422a99cac4af6ff9297da32d4\"},\"description\":\"Pod\u00edvejte se s n\u00e1mi na video, kter\u00e9 odhaluje spole\u010dn\u00fd z\u00e1klad BMW M4 Competition a z\u00e1vodn\u00edho vozu BMW M4 GT3.\",\"breadcrumb\":{\"@id\":\"https:\\\/\\\/www.mzone.cz\\\/video-bmw-m4-setkani-s-raketou-bmw-m4-gt3\\\/#breadcrumb\"},\"inLanguage\":\"en-US\",\"potentialAction\":[{\"@type\":\"ReadAction\",\"target\":[\"https:\\\/\\\/www.mzone.cz\\\/video-bmw-m4-setkani-s-raketou-bmw-m4-gt3\\\/\"]}]},{\"@type\":\"ImageObject\",\"inLanguage\":\"en-US\",\"@id\":\"https:\\\/\\\/www.mzone.cz\\\/video-bmw-m4-setkani-s-raketou-bmw-m4-gt3\\\/#primaryimage\",\"url\":\"https:\\\/\\\/www.mzone.cz\\\/wp-content\\\/uploads\\\/2021\\\/04\\\/BMW-M4-Competition-versus-BMW-M4-GT3.jpg\",\"contentUrl\":\"https:\\\/\\\/www.mzone.cz\\\/wp-content\\\/uploads\\\/2021\\\/04\\\/BMW-M4-Competition-versus-BMW-M4-GT3.jpg\",\"width\":1586,\"height\":1057,\"caption\":\"BMW M4 Competition versus BMW M4 GT3\"},{\"@type\":\"BreadcrumbList\",\"@id\":\"https:\\\/\\\/www.mzone.cz\\\/video-bmw-m4-setkani-s-raketou-bmw-m4-gt3\\\/#breadcrumb\",\"itemListElement\":[{\"@type\":\"ListItem\",\"position\":1,\"name\":\"Dom\u016f\",\"item\":\"https:\\\/\\\/www.mzone.cz\\\/\"},{\"@type\":\"ListItem\",\"position\":2,\"name\":\"VIDEO: Setk\u00e1n\u00ed s\u00e9riov\u00e9ho BMW M4 s raketou BMW M4 GT3\"}]},{\"@type\":\"WebSite\",\"@id\":\"https:\\\/\\\/www.mzone.cz\\\/#website\",\"url\":\"https:\\\/\\\/www.mzone.cz\\\/\",\"name\":\"Mzone\",\"description\":\"Magaz\u00edn nejen pro mu\u017ee\",\"potentialAction\":[{\"@type\":\"SearchAction\",\"target\":{\"@type\":\"EntryPoint\",\"urlTemplate\":\"https:\\\/\\\/www.mzone.cz\\\/?s={search_term_string}\"},\"query-input\":{\"@type\":\"PropertyValueSpecification\",\"valueRequired\":true,\"valueName\":\"search_term_string\"}}],\"inLanguage\":\"en-US\"},{\"@type\":\"Person\",\"@id\":\"https:\\\/\\\/www.mzone.cz\\\/#\\\/schema\\\/person\\\/9bc20cc422a99cac4af6ff9297da32d4\",\"name\":\"Mzone\",\"image\":{\"@type\":\"ImageObject\",\"inLanguage\":\"en-US\",\"@id\":\"https:\\\/\\\/secure.gravatar.com\\\/avatar\\\/e780a8630f3182a3d06dd667ab6bea151a0d155b0951bc15fe22633acdac0676?s=96&d=mm&r=g\",\"url\":\"https:\\\/\\\/secure.gravatar.com\\\/avatar\\\/e780a8630f3182a3d06dd667ab6bea151a0d155b0951bc15fe22633acdac0676?s=96&d=mm&r=g\",\"contentUrl\":\"https:\\\/\\\/secure.gravatar.com\\\/avatar\\\/e780a8630f3182a3d06dd667ab6bea151a0d155b0951bc15fe22633acdac0676?s=96&d=mm&r=g\",\"caption\":\"Mzone\"},\"url\":\"https:\\\/\\\/www.mzone.cz\\\/en\\\/author\\\/jakub\\\/\"}]}<\/script>\n<!-- \/ Yoast SEO plugin. -->","yoast_head_json":{"title":"VIDEO: Setk\u00e1n\u00ed s\u00e9riov\u00e9ho BMW M4 s raketou BMW M4 GT3 - Mzone","description":"Pod\u00edvejte se s n\u00e1mi na video, kter\u00e9 odhaluje spole\u010dn\u00fd z\u00e1klad BMW M4 Competition a z\u00e1vodn\u00edho vozu BMW M4 GT3.","robots":{"index":"index","follow":"follow","max-snippet":"max-snippet:-1","max-image-preview":"max-image-preview:large","max-video-preview":"max-video-preview:-1"},"canonical":"https:\/\/www.mzone.cz\/en\/video-bmw-m4-setkani-s-raketou-bmw-m4-gt3\/","og_locale":"en_US","og_type":"article","og_title":"VIDEO: Setk\u00e1n\u00ed s\u00e9riov\u00e9ho BMW M4 s raketou BMW M4 GT3 - Mzone","og_description":"Pod\u00edvejte se s n\u00e1mi na video, kter\u00e9 odhaluje spole\u010dn\u00fd z\u00e1klad BMW M4 Competition a z\u00e1vodn\u00edho vozu BMW M4 GT3.","og_url":"https:\/\/www.mzone.cz\/en\/video-bmw-m4-setkani-s-raketou-bmw-m4-gt3\/","og_site_name":"Mzone","article_publisher":"https:\/\/www.facebook.com\/MzoneCZ\/","article_published_time":"2021-08-25T07:04:00+00:00","og_image":[{"width":1586,"height":1057,"url":"https:\/\/www.mzone.cz\/wp-content\/uploads\/2021\/04\/BMW-M4-Competition-versus-BMW-M4-GT3.jpg","type":"image\/jpeg"}],"author":"Mzone","twitter_card":"summary_large_image","twitter_misc":{"Written by":"Mzone","Est. reading time":"3 minutes"},"schema":{"@context":"https:\/\/schema.org","@graph":[{"@type":"Article","@id":"https:\/\/www.mzone.cz\/video-bmw-m4-setkani-s-raketou-bmw-m4-gt3\/#article","isPartOf":{"@id":"https:\/\/www.mzone.cz\/video-bmw-m4-setkani-s-raketou-bmw-m4-gt3\/"},"author":{"name":"Mzone","@id":"https:\/\/www.mzone.cz\/#\/schema\/person\/9bc20cc422a99cac4af6ff9297da32d4"},"headline":"VIDEO: Setk\u00e1n\u00ed s\u00e9riov\u00e9ho BMW M4 s raketou BMW M4 GT3","datePublished":"2021-08-25T07:04:00+00:00","mainEntityOfPage":{"@id":"https:\/\/www.mzone.cz\/video-bmw-m4-setkani-s-raketou-bmw-m4-gt3\/"},"wordCount":687,"commentCount":0,"image":{"@id":"https:\/\/www.mzone.cz\/video-bmw-m4-setkani-s-raketou-bmw-m4-gt3\/#primaryimage"},"thumbnailUrl":"https:\/\/www.mzone.cz\/wp-content\/uploads\/2021\/04\/BMW-M4-Competition-versus-BMW-M4-GT3.jpg","keywords":["auta","Auto","auto-moto","automobily","BMW","BMW M4","BMW M4 Competition","BMW M4 GT3","sportovn\u00ed vozy","srovn\u00e1n\u00ed","Video","z\u00e1vo\u010f\u00e1k","z\u00e1vodn\u00ed vozy"],"articleSection":["Auto-moto","Video"],"inLanguage":"en-US","potentialAction":[{"@type":"CommentAction","name":"Comment","target":["https:\/\/www.mzone.cz\/video-bmw-m4-setkani-s-raketou-bmw-m4-gt3\/#respond"]}]},{"@type":"WebPage","@id":"https:\/\/www.mzone.cz\/video-bmw-m4-setkani-s-raketou-bmw-m4-gt3\/","url":"https:\/\/www.mzone.cz\/video-bmw-m4-setkani-s-raketou-bmw-m4-gt3\/","name":"VIDEO: Setk\u00e1n\u00ed s\u00e9riov\u00e9ho BMW M4 s raketou BMW M4 GT3 - Mzone","isPartOf":{"@id":"https:\/\/www.mzone.cz\/#website"},"primaryImageOfPage":{"@id":"https:\/\/www.mzone.cz\/video-bmw-m4-setkani-s-raketou-bmw-m4-gt3\/#primaryimage"},"image":{"@id":"https:\/\/www.mzone.cz\/video-bmw-m4-setkani-s-raketou-bmw-m4-gt3\/#primaryimage"},"thumbnailUrl":"https:\/\/www.mzone.cz\/wp-content\/uploads\/2021\/04\/BMW-M4-Competition-versus-BMW-M4-GT3.jpg","datePublished":"2021-08-25T07:04:00+00:00","author":{"@id":"https:\/\/www.mzone.cz\/#\/schema\/person\/9bc20cc422a99cac4af6ff9297da32d4"},"description":"Pod\u00edvejte se s n\u00e1mi na video, kter\u00e9 odhaluje spole\u010dn\u00fd z\u00e1klad BMW M4 Competition a z\u00e1vodn\u00edho vozu BMW M4 GT3.","breadcrumb":{"@id":"https:\/\/www.mzone.cz\/video-bmw-m4-setkani-s-raketou-bmw-m4-gt3\/#breadcrumb"},"inLanguage":"en-US","potentialAction":[{"@type":"ReadAction","target":["https:\/\/www.mzone.cz\/video-bmw-m4-setkani-s-raketou-bmw-m4-gt3\/"]}]},{"@type":"ImageObject","inLanguage":"en-US","@id":"https:\/\/www.mzone.cz\/video-bmw-m4-setkani-s-raketou-bmw-m4-gt3\/#primaryimage","url":"https:\/\/www.mzone.cz\/wp-content\/uploads\/2021\/04\/BMW-M4-Competition-versus-BMW-M4-GT3.jpg","contentUrl":"https:\/\/www.mzone.cz\/wp-content\/uploads\/2021\/04\/BMW-M4-Competition-versus-BMW-M4-GT3.jpg","width":1586,"height":1057,"caption":"BMW M4 Competition versus BMW M4 GT3"},{"@type":"BreadcrumbList","@id":"https:\/\/www.mzone.cz\/video-bmw-m4-setkani-s-raketou-bmw-m4-gt3\/#breadcrumb","itemListElement":[{"@type":"ListItem","position":1,"name":"Dom\u016f","item":"https:\/\/www.mzone.cz\/"},{"@type":"ListItem","position":2,"name":"VIDEO: Setk\u00e1n\u00ed s\u00e9riov\u00e9ho BMW M4 s raketou BMW M4 GT3"}]},{"@type":"WebSite","@id":"https:\/\/www.mzone.cz\/#website","url":"https:\/\/www.mzone.cz\/","name":"Mzone","description":"Magaz\u00edn nejen pro mu\u017ee","potentialAction":[{"@type":"SearchAction","target":{"@type":"EntryPoint","urlTemplate":"https:\/\/www.mzone.cz\/?s={search_term_string}"},"query-input":{"@type":"PropertyValueSpecification","valueRequired":true,"valueName":"search_term_string"}}],"inLanguage":"en-US"},{"@type":"Person","@id":"https:\/\/www.mzone.cz\/#\/schema\/person\/9bc20cc422a99cac4af6ff9297da32d4","name":"Mzone","image":{"@type":"ImageObject","inLanguage":"en-US","@id":"https:\/\/secure.gravatar.com\/avatar\/e780a8630f3182a3d06dd667ab6bea151a0d155b0951bc15fe22633acdac0676?s=96&d=mm&r=g","url":"https:\/\/secure.gravatar.com\/avatar\/e780a8630f3182a3d06dd667ab6bea151a0d155b0951bc15fe22633acdac0676?s=96&d=mm&r=g","contentUrl":"https:\/\/secure.gravatar.com\/avatar\/e780a8630f3182a3d06dd667ab6bea151a0d155b0951bc15fe22633acdac0676?s=96&d=mm&r=g","caption":"Mzone"},"url":"https:\/\/www.mzone.cz\/en\/author\/jakub\/"}]}},"_links":{"self":[{"href":"https:\/\/www.mzone.cz\/en\/wp-json\/wp\/v2\/posts\/31880","targetHints":{"allow":["GET"]}}],"collection":[{"href":"https:\/\/www.mzone.cz\/en\/wp-json\/wp\/v2\/posts"}],"about":[{"href":"https:\/\/www.mzone.cz\/en\/wp-json\/wp\/v2\/types\/post"}],"author":[{"embeddable":true,"href":"https:\/\/www.mzone.cz\/en\/wp-json\/wp\/v2\/users\/4"}],"replies":[{"embeddable":true,"href":"https:\/\/www.mzone.cz\/en\/wp-json\/wp\/v2\/comments?post=31880"}],"version-history":[{"count":7,"href":"https:\/\/www.mzone.cz\/en\/wp-json\/wp\/v2\/posts\/31880\/revisions"}],"predecessor-version":[{"id":33564,"href":"https:\/\/www.mzone.cz\/en\/wp-json\/wp\/v2\/posts\/31880\/revisions\/33564"}],"wp:featuredmedia":[{"embeddable":true,"href":"https:\/\/www.mzone.cz\/en\/wp-json\/wp\/v2\/media\/31881"}],"wp:attachment":[{"href":"https:\/\/www.mzone.cz\/en\/wp-json\/wp\/v2\/media?parent=31880"}],"wp:term":[{"taxonomy":"category","embeddable":true,"href":"https:\/\/www.mzone.cz\/en\/wp-json\/wp\/v2\/categories?post=31880"},{"taxonomy":"post_tag","embeddable":true,"href":"https:\/\/www.mzone.cz\/en\/wp-json\/wp\/v2\/tags?post=31880"}],"curies":[{"name":"wp","href":"https:\/\/api.w.org\/{rel}","templated":true}]}}