{"id":3199,"date":"2024-04-27T14:20:56","date_gmt":"2024-04-27T12:20:56","guid":{"rendered":"http:\/\/www.mzone.cz\/?p=3199"},"modified":"2024-04-27T14:20:58","modified_gmt":"2024-04-27T12:20:58","slug":"vrazdici-porsche-proklete-auto-vzalo-zivot-slavnemu-herci-a-dalsim-ho-znicilo","status":"publish","type":"post","link":"https:\/\/www.mzone.cz\/en\/vrazdici-porsche-proklete-auto-vzalo-zivot-slavnemu-herci-a-dalsim-ho-znicilo\/","title":{"rendered":"Vra\u017ed\u00edc\u00ed Porsche: Proklet\u00e9 auto vzalo \u017eivot slavn\u00e9mu herci a dal\u0161\u00edm ho zni\u010dilo"},"content":{"rendered":"<p><strong>V \u017eivot\u011b filmov\u00fdch hv\u011bzd je mnoho rychl\u00fdch aut a \u010dasto i smutn\u00fdch konc\u016f. 30. z\u00e1\u0159\u00ed roku 1955 se zabil James Dean ve sv\u00e9m Porsche 550 Spyder. Bylo mu pouh\u00fdch 24 let a t\u011b\u0161il se pov\u011bsti talentovan\u00e9ho herce a vych\u00e1zej\u00edc\u00ed filmov\u00e9 hv\u011bzdy. M\u016f\u017ee za jeho smrt Mal\u00fd bastard?<\/strong><\/p><br>\n\n\n\n<p>Na sv\u011bt\u011b je dnes jen m\u00e1lo lid\u00ed, kte\u0159\u00ed um\u00ed \u010d\u00edst a ps\u00e1t a z\u00e1rove\u0148 neznaj\u00ed jm\u00e9no Jamese Deana. Tento americk\u00fd herec a automobilov\u00fd z\u00e1vodn\u00edk je sv\u011btov\u00fd fenom\u00e9n, n\u011bco jako mu\u017esk\u00e1 verze Marilyn Monroe. Je j\u00edm p\u0159esto, \u017ee za jeho \u017eivota byla na sv\u011bt\u011b jen hrstka z n\u00e1s. Je j\u00edm p\u0159esto, \u017ee za sebou nem\u00e1 des\u00edtky \u00fasp\u011b\u0161n\u00fdch film\u016f. A jej\u00edm p\u0159esto, \u017ee nez\u00edskal ani des\u00edtky poh\u00e1r\u016f v mezin\u00e1rodn\u00edch automobilov\u00fdch z\u00e1vodech.<\/p><br>\n\n\n\n<figure class=\"wp-block-image\"><img loading=\"lazy\" decoding=\"async\" width=\"759\" height=\"498\" src=\"http:\/\/www.mzone.cz\/wp-content\/uploads\/2019\/01\/Facebook-2-1.jpg\" alt=\"\" class=\"wp-image-3214\" srcset=\"https:\/\/www.mzone.cz\/wp-content\/uploads\/2019\/01\/Facebook-2-1.jpg 759w, https:\/\/www.mzone.cz\/wp-content\/uploads\/2019\/01\/Facebook-2-1-300x197.jpg 300w, https:\/\/www.mzone.cz\/wp-content\/uploads\/2019\/01\/Facebook-2-1-590x387.jpg 590w\" sizes=\"auto, (max-width: 759px) 100vw, 759px\" \/><\/figure><br>\n\n\n\n<p>James Dean m\u011bl za sebou nat\u00e1\u010den\u00ed posledn\u00edch dvou film\u016f \u2013 Rebel bez p\u0159\u00ed\u010diny a Obr. A kone\u010dn\u011b mohl zase z\u00e1vodit. Objednal si speci\u00e1l Lotus Mk10 v t\u00e9 dob\u011b s progresivn\u00ed novinkou \u2013 kotou\u010dov\u00fdmi brzdami. V\u00fdrobce v\u0161ak nest\u00edhal, tak Dean s\u00e1hl po tom, co bylo k&nbsp;dispozici.<\/p>\n\n\n\n<blockquote class=\"wp-block-quote is-layout-flow wp-block-quote-is-layout-flow\"><p>Koupil st\u0159\u00edbrn\u00e9 Porsche 550 Spyder, dal si na n\u011bj namalovat \u010d\u00edslo 130 a nad zadn\u00ed n\u00e1razn\u00edk jm\u00e9no sv\u00e9 budouc\u00ed \u201erakve\u201c \u201eLittle Bastard\u201c.<\/p><\/blockquote>\n\n\n\n<p>Herec 30. z\u00e1\u0159\u00ed roku 1955 jel ve sv\u00e9m zbrusu nov\u00e9m voze&nbsp; na automobilovou rally v&nbsp;Salinas&nbsp;ve st\u00e1t\u011b&nbsp;Kalifornie. P\u016fvodn\u011b si cht\u011bl nechat auto na m\u00edsto z\u00e1vod\u016f dov\u00e9zt, ale bylo mu doporu\u010deno se v n\u011bm p\u0159ed z\u00e1vody projet. To se mu v\u0161ak stalo osudn\u00fdm. Ve t\u0159i\u010dtvrt\u011b na \u0161est ve\u010der se na silnici 466 \u010deln\u011b st\u0159etl s vozem&nbsp;Ford Tudor 1950. P\u0159i n\u00e1razu si zlomil vaz a utrp\u011bl mnoho vnit\u0159n\u00edch zran\u011bn\u00ed, kter\u00fdm p\u0159i p\u0159evozu do nemocnice podlehl.<\/p><br>\n\n\n\n<figure class=\"wp-block-image\"><img loading=\"lazy\" decoding=\"async\" width=\"760\" height=\"536\" src=\"http:\/\/www.mzone.cz\/wp-content\/uploads\/2019\/01\/Facebook-3-1.jpg\" alt=\"\" class=\"wp-image-3216\" srcset=\"https:\/\/www.mzone.cz\/wp-content\/uploads\/2019\/01\/Facebook-3-1.jpg 760w, https:\/\/www.mzone.cz\/wp-content\/uploads\/2019\/01\/Facebook-3-1-300x212.jpg 300w, https:\/\/www.mzone.cz\/wp-content\/uploads\/2019\/01\/Facebook-3-1-590x416.jpg 590w\" sizes=\"auto, (max-width: 760px) 100vw, 760px\" \/><\/figure><br>\n\n\n\n<p>Rozbit\u00fd v\u016fz odkoupil George Barris, kter\u00fd se pozd\u011bji proslavil stavbou v\u0161emo\u017en\u00fdch filmov\u00fdch aut, a prodal z n\u011bj motor a p\u0159evodovku Troyovi McHenrymu a Williamu Eschrichovi. Ti namontovali d\u00edly do sv\u00fdch voz\u016f a pak v nich proti sob\u011b z\u00e1vodili. McHenry p\u0159itom ztratil nad vozem kontrolu, narazil do stromu a zem\u0159el. Eschrid byl v\u00e1\u017en\u011b zran\u011bn p\u0159i p\u0159evr\u00e1cen\u00ed jeho auta ve vjezdu do zat\u00e1\u010dky.<\/p><br>\n\n\n\n<p>Zbytek vraku Barris zap\u016fj\u010dil kalifornsk\u00e9 d\u00e1lni\u010dn\u00ed hl\u00eddce, aby jej vystavovala jako v\u00fdstra\u017en\u00e9 memento pro \u0159idi\u010de. Auto bylo ulo\u017een\u00e9 do gar\u00e1\u017ee spolu s dal\u0161\u00edmi vraky. Jenom\u017ee gar\u00e1\u017e vyho\u0159ela a jedin\u00e9 auto bez v\u00e1\u017en\u00fdch po\u0161kozen\u00ed byl Mal\u00fd bastard.<\/p>\n\n\n\n<blockquote class=\"wp-block-quote is-layout-flow wp-block-quote-is-layout-flow\"><p>Auto pak bylo n\u011bkolikr\u00e1t vystavov\u00e1no, p\u0159i jednom p\u0159evozu se vrak uvolnil z korby a spadl na \u0159idi\u010de George Barhuisa, kter\u00e9ho zabil. Cel\u00fd incident na silnici zp\u016fsobil i dal\u0161\u00ed smrtelnou nehodu.<\/p><\/blockquote>\n\n\n\n<p>M\u00e9dia si samoz\u0159ejm\u011b ud\u00e1lost\u00ed v\u0161\u00edmala a n\u00e1le\u017eit\u011b je rozmaz\u00e1vala.&nbsp; Auto svou existenci ukon\u010dilo stylov\u011b: cestou z&nbsp;v\u00fdstavy z&nbsp;Los Angeles zp\u00e1tky ke sv\u00e9mu majiteli zmizelo ze zape\u010det\u011bn\u00e9ho kontejneru. Po Deanov\u011b smrti byly do kin uvedeny jeho posledn\u00ed dva filmy \u2013 <strong>Rebel bez p\u0159\u00ed\u010diny<\/strong> a <strong>Obr<\/strong>. James Dean byl za oba posmrtn\u011b nominov\u00e1n na Oscara a stal se definitivn\u011b legendou.<\/p>","protected":false},"excerpt":{"rendered":"<p>V \u017eivot\u011b filmov\u00fdch hv\u011bzd je mnoho rychl\u00fdch aut a \u010dasto i smutn\u00fdch konc\u016f. 30. z\u00e1\u0159\u00ed roku 1955 se zabil James Dean ve sv\u00e9m Porsche 550 Spyder. Bylo mu pouh\u00fdch 24 let a t\u011b\u0161il se pov\u011bsti talentovan\u00e9ho herce a vych\u00e1zej\u00edc\u00ed filmov\u00e9 hv\u011bzdy. M\u016f\u017ee za jeho smrt Mal\u00fd bastard? Na sv\u011bt\u011b je dnes jen m\u00e1lo lid\u00ed, kte\u0159\u00ed [&hellip;]<\/p>\n","protected":false},"author":4,"featured_media":3206,"comment_status":"open","ping_status":"open","sticky":false,"template":"","format":"standard","meta":{"kk_blocks_editor_width":"","_kiokenblocks_attr":"","_kiokenblocks_dimensions":"","footnotes":""},"categories":[69,73,387,71],"tags":[82,462,539,541,1119,87,537,1120,31,770,775,583,1121,307,435,256],"class_list":["post-3199","post","type-post","status-publish","format-standard","has-post-thumbnail","hentry","category-auto-moto","category-filmy","category-historie","category-kultura","tag-auto","tag-auto-moto","tag-celebrita","tag-film","tag-herec","tag-historie","tag-hvezda","tag-james-dean","tag-kultura","tag-nestesti","tag-osobnost","tag-porsche","tag-porsche-550-spyder","tag-smrt","tag-tragedie","tag-umrti"],"yoast_head":"<!-- This site is optimized with the Yoast SEO plugin v27.5 - https:\/\/yoast.com\/product\/yoast-seo-wordpress\/ -->\n<title>Vra\u017ed\u00edc\u00ed Porsche: Proklet\u00e9 auto vzalo \u017eivot slavn\u00e9mu herci a dal\u0161\u00edm ho zni\u010dilo - Mzone<\/title>\n<meta name=\"description\" content=\"V \u017eivot\u011b filmov\u00fdch hv\u011bzd je mnoho rychl\u00fdch aut a \u010dasto i smutn\u00fdch konc\u016f. 30. z\u00e1\u0159\u00ed roku 1955 se zabil James Dean ve sv\u00e9m Porsche 550 Spyder. Bylo mu pouh\u00fdch 24 let a t\u011b\u0161il se pov\u011bsti talentovan\u00e9ho herce a vych\u00e1zej\u00edc\u00ed filmov\u00e9 hv\u011bzdy. M\u016f\u017ee za jeho smrt Mal\u00fd bastard?\" \/>\n<meta name=\"robots\" content=\"index, follow, max-snippet:-1, max-image-preview:large, max-video-preview:-1\" \/>\n<link rel=\"canonical\" href=\"https:\/\/www.mzone.cz\/en\/vrazdici-porsche-proklete-auto-vzalo-zivot-slavnemu-herci-a-dalsim-ho-znicilo\/\" \/>\n<meta property=\"og:locale\" content=\"en_US\" \/>\n<meta property=\"og:type\" content=\"article\" \/>\n<meta property=\"og:title\" content=\"Vra\u017ed\u00edc\u00ed Porsche: Proklet\u00e9 auto vzalo \u017eivot slavn\u00e9mu herci a dal\u0161\u00edm ho zni\u010dilo - Mzone\" \/>\n<meta property=\"og:description\" content=\"V \u017eivot\u011b filmov\u00fdch hv\u011bzd je mnoho rychl\u00fdch aut a \u010dasto i smutn\u00fdch konc\u016f. 30. z\u00e1\u0159\u00ed roku 1955 se zabil James Dean ve sv\u00e9m Porsche 550 Spyder. Bylo mu pouh\u00fdch 24 let a t\u011b\u0161il se pov\u011bsti talentovan\u00e9ho herce a vych\u00e1zej\u00edc\u00ed filmov\u00e9 hv\u011bzdy. M\u016f\u017ee za jeho smrt Mal\u00fd bastard?\" \/>\n<meta property=\"og:url\" content=\"https:\/\/www.mzone.cz\/en\/vrazdici-porsche-proklete-auto-vzalo-zivot-slavnemu-herci-a-dalsim-ho-znicilo\/\" \/>\n<meta property=\"og:site_name\" content=\"Mzone\" \/>\n<meta property=\"article:publisher\" content=\"https:\/\/www.facebook.com\/MzoneCZ\/\" \/>\n<meta property=\"article:published_time\" content=\"2024-04-27T12:20:56+00:00\" \/>\n<meta property=\"article:modified_time\" content=\"2024-04-27T12:20:58+00:00\" \/>\n<meta property=\"og:image\" content=\"https:\/\/www.mzone.cz\/wp-content\/uploads\/2019\/01\/eye-2.jpg\" \/>\n\t<meta property=\"og:image:width\" content=\"1500\" \/>\n\t<meta property=\"og:image:height\" content=\"1000\" \/>\n\t<meta property=\"og:image:type\" content=\"image\/jpeg\" \/>\n<meta name=\"author\" content=\"Mzone\" \/>\n<meta name=\"twitter:card\" content=\"summary_large_image\" \/>\n<meta name=\"twitter:label1\" content=\"Written by\" \/>\n\t<meta name=\"twitter:data1\" content=\"Mzone\" \/>\n\t<meta name=\"twitter:label2\" content=\"Est. reading time\" \/>\n\t<meta name=\"twitter:data2\" content=\"3 minutes\" \/>\n<script type=\"application\/ld+json\" class=\"yoast-schema-graph\">{\"@context\":\"https:\\\/\\\/schema.org\",\"@graph\":[{\"@type\":\"Article\",\"@id\":\"https:\\\/\\\/www.mzone.cz\\\/vrazdici-porsche-proklete-auto-vzalo-zivot-slavnemu-herci-a-dalsim-ho-znicilo\\\/#article\",\"isPartOf\":{\"@id\":\"https:\\\/\\\/www.mzone.cz\\\/vrazdici-porsche-proklete-auto-vzalo-zivot-slavnemu-herci-a-dalsim-ho-znicilo\\\/\"},\"author\":{\"name\":\"Mzone\",\"@id\":\"https:\\\/\\\/www.mzone.cz\\\/#\\\/schema\\\/person\\\/9bc20cc422a99cac4af6ff9297da32d4\"},\"headline\":\"Vra\u017ed\u00edc\u00ed Porsche: Proklet\u00e9 auto vzalo \u017eivot slavn\u00e9mu herci a dal\u0161\u00edm ho zni\u010dilo\",\"datePublished\":\"2024-04-27T12:20:56+00:00\",\"dateModified\":\"2024-04-27T12:20:58+00:00\",\"mainEntityOfPage\":{\"@id\":\"https:\\\/\\\/www.mzone.cz\\\/vrazdici-porsche-proklete-auto-vzalo-zivot-slavnemu-herci-a-dalsim-ho-znicilo\\\/\"},\"wordCount\":605,\"commentCount\":0,\"image\":{\"@id\":\"https:\\\/\\\/www.mzone.cz\\\/vrazdici-porsche-proklete-auto-vzalo-zivot-slavnemu-herci-a-dalsim-ho-znicilo\\\/#primaryimage\"},\"thumbnailUrl\":\"https:\\\/\\\/www.mzone.cz\\\/wp-content\\\/uploads\\\/2019\\\/01\\\/eye-2.jpg\",\"keywords\":[\"Auto\",\"auto-moto\",\"celebrita\",\"film\",\"herec\",\"Historie\",\"hv\u011bzda\",\"James Dean\",\"Kultura\",\"ne\u0161t\u011bst\u00ed\",\"osobnost\",\"Porsche\",\"Porsche 550 Spyder\",\"smrt\",\"trag\u00e9die\",\"\u00famrt\u00ed\"],\"articleSection\":[\"Auto-moto\",\"Filmy\",\"Historie\",\"Kultura\"],\"inLanguage\":\"en-US\",\"potentialAction\":[{\"@type\":\"CommentAction\",\"name\":\"Comment\",\"target\":[\"https:\\\/\\\/www.mzone.cz\\\/vrazdici-porsche-proklete-auto-vzalo-zivot-slavnemu-herci-a-dalsim-ho-znicilo\\\/#respond\"]}]},{\"@type\":\"WebPage\",\"@id\":\"https:\\\/\\\/www.mzone.cz\\\/vrazdici-porsche-proklete-auto-vzalo-zivot-slavnemu-herci-a-dalsim-ho-znicilo\\\/\",\"url\":\"https:\\\/\\\/www.mzone.cz\\\/vrazdici-porsche-proklete-auto-vzalo-zivot-slavnemu-herci-a-dalsim-ho-znicilo\\\/\",\"name\":\"Vra\u017ed\u00edc\u00ed Porsche: Proklet\u00e9 auto vzalo \u017eivot slavn\u00e9mu herci a dal\u0161\u00edm ho zni\u010dilo - Mzone\",\"isPartOf\":{\"@id\":\"https:\\\/\\\/www.mzone.cz\\\/#website\"},\"primaryImageOfPage\":{\"@id\":\"https:\\\/\\\/www.mzone.cz\\\/vrazdici-porsche-proklete-auto-vzalo-zivot-slavnemu-herci-a-dalsim-ho-znicilo\\\/#primaryimage\"},\"image\":{\"@id\":\"https:\\\/\\\/www.mzone.cz\\\/vrazdici-porsche-proklete-auto-vzalo-zivot-slavnemu-herci-a-dalsim-ho-znicilo\\\/#primaryimage\"},\"thumbnailUrl\":\"https:\\\/\\\/www.mzone.cz\\\/wp-content\\\/uploads\\\/2019\\\/01\\\/eye-2.jpg\",\"datePublished\":\"2024-04-27T12:20:56+00:00\",\"dateModified\":\"2024-04-27T12:20:58+00:00\",\"author\":{\"@id\":\"https:\\\/\\\/www.mzone.cz\\\/#\\\/schema\\\/person\\\/9bc20cc422a99cac4af6ff9297da32d4\"},\"description\":\"V \u017eivot\u011b filmov\u00fdch hv\u011bzd je mnoho rychl\u00fdch aut a \u010dasto i smutn\u00fdch konc\u016f. 30. z\u00e1\u0159\u00ed roku 1955 se zabil James Dean ve sv\u00e9m Porsche 550 Spyder. Bylo mu pouh\u00fdch 24 let a t\u011b\u0161il se pov\u011bsti talentovan\u00e9ho herce a vych\u00e1zej\u00edc\u00ed filmov\u00e9 hv\u011bzdy. M\u016f\u017ee za jeho smrt Mal\u00fd bastard?\",\"breadcrumb\":{\"@id\":\"https:\\\/\\\/www.mzone.cz\\\/vrazdici-porsche-proklete-auto-vzalo-zivot-slavnemu-herci-a-dalsim-ho-znicilo\\\/#breadcrumb\"},\"inLanguage\":\"en-US\",\"potentialAction\":[{\"@type\":\"ReadAction\",\"target\":[\"https:\\\/\\\/www.mzone.cz\\\/vrazdici-porsche-proklete-auto-vzalo-zivot-slavnemu-herci-a-dalsim-ho-znicilo\\\/\"]}]},{\"@type\":\"ImageObject\",\"inLanguage\":\"en-US\",\"@id\":\"https:\\\/\\\/www.mzone.cz\\\/vrazdici-porsche-proklete-auto-vzalo-zivot-slavnemu-herci-a-dalsim-ho-znicilo\\\/#primaryimage\",\"url\":\"https:\\\/\\\/www.mzone.cz\\\/wp-content\\\/uploads\\\/2019\\\/01\\\/eye-2.jpg\",\"contentUrl\":\"https:\\\/\\\/www.mzone.cz\\\/wp-content\\\/uploads\\\/2019\\\/01\\\/eye-2.jpg\",\"width\":1500,\"height\":1000},{\"@type\":\"BreadcrumbList\",\"@id\":\"https:\\\/\\\/www.mzone.cz\\\/vrazdici-porsche-proklete-auto-vzalo-zivot-slavnemu-herci-a-dalsim-ho-znicilo\\\/#breadcrumb\",\"itemListElement\":[{\"@type\":\"ListItem\",\"position\":1,\"name\":\"Dom\u016f\",\"item\":\"https:\\\/\\\/www.mzone.cz\\\/\"},{\"@type\":\"ListItem\",\"position\":2,\"name\":\"Vra\u017ed\u00edc\u00ed Porsche: Proklet\u00e9 auto vzalo \u017eivot slavn\u00e9mu herci a dal\u0161\u00edm ho zni\u010dilo\"}]},{\"@type\":\"WebSite\",\"@id\":\"https:\\\/\\\/www.mzone.cz\\\/#website\",\"url\":\"https:\\\/\\\/www.mzone.cz\\\/\",\"name\":\"Mzone\",\"description\":\"Magaz\u00edn nejen pro mu\u017ee\",\"potentialAction\":[{\"@type\":\"SearchAction\",\"target\":{\"@type\":\"EntryPoint\",\"urlTemplate\":\"https:\\\/\\\/www.mzone.cz\\\/?s={search_term_string}\"},\"query-input\":{\"@type\":\"PropertyValueSpecification\",\"valueRequired\":true,\"valueName\":\"search_term_string\"}}],\"inLanguage\":\"en-US\"},{\"@type\":\"Person\",\"@id\":\"https:\\\/\\\/www.mzone.cz\\\/#\\\/schema\\\/person\\\/9bc20cc422a99cac4af6ff9297da32d4\",\"name\":\"Mzone\",\"image\":{\"@type\":\"ImageObject\",\"inLanguage\":\"en-US\",\"@id\":\"https:\\\/\\\/secure.gravatar.com\\\/avatar\\\/e780a8630f3182a3d06dd667ab6bea151a0d155b0951bc15fe22633acdac0676?s=96&d=mm&r=g\",\"url\":\"https:\\\/\\\/secure.gravatar.com\\\/avatar\\\/e780a8630f3182a3d06dd667ab6bea151a0d155b0951bc15fe22633acdac0676?s=96&d=mm&r=g\",\"contentUrl\":\"https:\\\/\\\/secure.gravatar.com\\\/avatar\\\/e780a8630f3182a3d06dd667ab6bea151a0d155b0951bc15fe22633acdac0676?s=96&d=mm&r=g\",\"caption\":\"Mzone\"},\"url\":\"https:\\\/\\\/www.mzone.cz\\\/en\\\/author\\\/jakub\\\/\"}]}<\/script>\n<!-- \/ Yoast SEO plugin. -->","yoast_head_json":{"title":"Vra\u017ed\u00edc\u00ed Porsche: Proklet\u00e9 auto vzalo \u017eivot slavn\u00e9mu herci a dal\u0161\u00edm ho zni\u010dilo - Mzone","description":"V \u017eivot\u011b filmov\u00fdch hv\u011bzd je mnoho rychl\u00fdch aut a \u010dasto i smutn\u00fdch konc\u016f. 30. z\u00e1\u0159\u00ed roku 1955 se zabil James Dean ve sv\u00e9m Porsche 550 Spyder. Bylo mu pouh\u00fdch 24 let a t\u011b\u0161il se pov\u011bsti talentovan\u00e9ho herce a vych\u00e1zej\u00edc\u00ed filmov\u00e9 hv\u011bzdy. M\u016f\u017ee za jeho smrt Mal\u00fd bastard?","robots":{"index":"index","follow":"follow","max-snippet":"max-snippet:-1","max-image-preview":"max-image-preview:large","max-video-preview":"max-video-preview:-1"},"canonical":"https:\/\/www.mzone.cz\/en\/vrazdici-porsche-proklete-auto-vzalo-zivot-slavnemu-herci-a-dalsim-ho-znicilo\/","og_locale":"en_US","og_type":"article","og_title":"Vra\u017ed\u00edc\u00ed Porsche: Proklet\u00e9 auto vzalo \u017eivot slavn\u00e9mu herci a dal\u0161\u00edm ho zni\u010dilo - Mzone","og_description":"V \u017eivot\u011b filmov\u00fdch hv\u011bzd je mnoho rychl\u00fdch aut a \u010dasto i smutn\u00fdch konc\u016f. 30. z\u00e1\u0159\u00ed roku 1955 se zabil James Dean ve sv\u00e9m Porsche 550 Spyder. Bylo mu pouh\u00fdch 24 let a t\u011b\u0161il se pov\u011bsti talentovan\u00e9ho herce a vych\u00e1zej\u00edc\u00ed filmov\u00e9 hv\u011bzdy. M\u016f\u017ee za jeho smrt Mal\u00fd bastard?","og_url":"https:\/\/www.mzone.cz\/en\/vrazdici-porsche-proklete-auto-vzalo-zivot-slavnemu-herci-a-dalsim-ho-znicilo\/","og_site_name":"Mzone","article_publisher":"https:\/\/www.facebook.com\/MzoneCZ\/","article_published_time":"2024-04-27T12:20:56+00:00","article_modified_time":"2024-04-27T12:20:58+00:00","og_image":[{"width":1500,"height":1000,"url":"https:\/\/www.mzone.cz\/wp-content\/uploads\/2019\/01\/eye-2.jpg","type":"image\/jpeg"}],"author":"Mzone","twitter_card":"summary_large_image","twitter_misc":{"Written by":"Mzone","Est. reading time":"3 minutes"},"schema":{"@context":"https:\/\/schema.org","@graph":[{"@type":"Article","@id":"https:\/\/www.mzone.cz\/vrazdici-porsche-proklete-auto-vzalo-zivot-slavnemu-herci-a-dalsim-ho-znicilo\/#article","isPartOf":{"@id":"https:\/\/www.mzone.cz\/vrazdici-porsche-proklete-auto-vzalo-zivot-slavnemu-herci-a-dalsim-ho-znicilo\/"},"author":{"name":"Mzone","@id":"https:\/\/www.mzone.cz\/#\/schema\/person\/9bc20cc422a99cac4af6ff9297da32d4"},"headline":"Vra\u017ed\u00edc\u00ed Porsche: Proklet\u00e9 auto vzalo \u017eivot slavn\u00e9mu herci a dal\u0161\u00edm ho zni\u010dilo","datePublished":"2024-04-27T12:20:56+00:00","dateModified":"2024-04-27T12:20:58+00:00","mainEntityOfPage":{"@id":"https:\/\/www.mzone.cz\/vrazdici-porsche-proklete-auto-vzalo-zivot-slavnemu-herci-a-dalsim-ho-znicilo\/"},"wordCount":605,"commentCount":0,"image":{"@id":"https:\/\/www.mzone.cz\/vrazdici-porsche-proklete-auto-vzalo-zivot-slavnemu-herci-a-dalsim-ho-znicilo\/#primaryimage"},"thumbnailUrl":"https:\/\/www.mzone.cz\/wp-content\/uploads\/2019\/01\/eye-2.jpg","keywords":["Auto","auto-moto","celebrita","film","herec","Historie","hv\u011bzda","James Dean","Kultura","ne\u0161t\u011bst\u00ed","osobnost","Porsche","Porsche 550 Spyder","smrt","trag\u00e9die","\u00famrt\u00ed"],"articleSection":["Auto-moto","Filmy","Historie","Kultura"],"inLanguage":"en-US","potentialAction":[{"@type":"CommentAction","name":"Comment","target":["https:\/\/www.mzone.cz\/vrazdici-porsche-proklete-auto-vzalo-zivot-slavnemu-herci-a-dalsim-ho-znicilo\/#respond"]}]},{"@type":"WebPage","@id":"https:\/\/www.mzone.cz\/vrazdici-porsche-proklete-auto-vzalo-zivot-slavnemu-herci-a-dalsim-ho-znicilo\/","url":"https:\/\/www.mzone.cz\/vrazdici-porsche-proklete-auto-vzalo-zivot-slavnemu-herci-a-dalsim-ho-znicilo\/","name":"Vra\u017ed\u00edc\u00ed Porsche: Proklet\u00e9 auto vzalo \u017eivot slavn\u00e9mu herci a dal\u0161\u00edm ho zni\u010dilo - Mzone","isPartOf":{"@id":"https:\/\/www.mzone.cz\/#website"},"primaryImageOfPage":{"@id":"https:\/\/www.mzone.cz\/vrazdici-porsche-proklete-auto-vzalo-zivot-slavnemu-herci-a-dalsim-ho-znicilo\/#primaryimage"},"image":{"@id":"https:\/\/www.mzone.cz\/vrazdici-porsche-proklete-auto-vzalo-zivot-slavnemu-herci-a-dalsim-ho-znicilo\/#primaryimage"},"thumbnailUrl":"https:\/\/www.mzone.cz\/wp-content\/uploads\/2019\/01\/eye-2.jpg","datePublished":"2024-04-27T12:20:56+00:00","dateModified":"2024-04-27T12:20:58+00:00","author":{"@id":"https:\/\/www.mzone.cz\/#\/schema\/person\/9bc20cc422a99cac4af6ff9297da32d4"},"description":"V \u017eivot\u011b filmov\u00fdch hv\u011bzd je mnoho rychl\u00fdch aut a \u010dasto i smutn\u00fdch konc\u016f. 30. z\u00e1\u0159\u00ed roku 1955 se zabil James Dean ve sv\u00e9m Porsche 550 Spyder. Bylo mu pouh\u00fdch 24 let a t\u011b\u0161il se pov\u011bsti talentovan\u00e9ho herce a vych\u00e1zej\u00edc\u00ed filmov\u00e9 hv\u011bzdy. M\u016f\u017ee za jeho smrt Mal\u00fd bastard?","breadcrumb":{"@id":"https:\/\/www.mzone.cz\/vrazdici-porsche-proklete-auto-vzalo-zivot-slavnemu-herci-a-dalsim-ho-znicilo\/#breadcrumb"},"inLanguage":"en-US","potentialAction":[{"@type":"ReadAction","target":["https:\/\/www.mzone.cz\/vrazdici-porsche-proklete-auto-vzalo-zivot-slavnemu-herci-a-dalsim-ho-znicilo\/"]}]},{"@type":"ImageObject","inLanguage":"en-US","@id":"https:\/\/www.mzone.cz\/vrazdici-porsche-proklete-auto-vzalo-zivot-slavnemu-herci-a-dalsim-ho-znicilo\/#primaryimage","url":"https:\/\/www.mzone.cz\/wp-content\/uploads\/2019\/01\/eye-2.jpg","contentUrl":"https:\/\/www.mzone.cz\/wp-content\/uploads\/2019\/01\/eye-2.jpg","width":1500,"height":1000},{"@type":"BreadcrumbList","@id":"https:\/\/www.mzone.cz\/vrazdici-porsche-proklete-auto-vzalo-zivot-slavnemu-herci-a-dalsim-ho-znicilo\/#breadcrumb","itemListElement":[{"@type":"ListItem","position":1,"name":"Dom\u016f","item":"https:\/\/www.mzone.cz\/"},{"@type":"ListItem","position":2,"name":"Vra\u017ed\u00edc\u00ed Porsche: Proklet\u00e9 auto vzalo \u017eivot slavn\u00e9mu herci a dal\u0161\u00edm ho zni\u010dilo"}]},{"@type":"WebSite","@id":"https:\/\/www.mzone.cz\/#website","url":"https:\/\/www.mzone.cz\/","name":"Mzone","description":"Magaz\u00edn nejen pro mu\u017ee","potentialAction":[{"@type":"SearchAction","target":{"@type":"EntryPoint","urlTemplate":"https:\/\/www.mzone.cz\/?s={search_term_string}"},"query-input":{"@type":"PropertyValueSpecification","valueRequired":true,"valueName":"search_term_string"}}],"inLanguage":"en-US"},{"@type":"Person","@id":"https:\/\/www.mzone.cz\/#\/schema\/person\/9bc20cc422a99cac4af6ff9297da32d4","name":"Mzone","image":{"@type":"ImageObject","inLanguage":"en-US","@id":"https:\/\/secure.gravatar.com\/avatar\/e780a8630f3182a3d06dd667ab6bea151a0d155b0951bc15fe22633acdac0676?s=96&d=mm&r=g","url":"https:\/\/secure.gravatar.com\/avatar\/e780a8630f3182a3d06dd667ab6bea151a0d155b0951bc15fe22633acdac0676?s=96&d=mm&r=g","contentUrl":"https:\/\/secure.gravatar.com\/avatar\/e780a8630f3182a3d06dd667ab6bea151a0d155b0951bc15fe22633acdac0676?s=96&d=mm&r=g","caption":"Mzone"},"url":"https:\/\/www.mzone.cz\/en\/author\/jakub\/"}]}},"_links":{"self":[{"href":"https:\/\/www.mzone.cz\/en\/wp-json\/wp\/v2\/posts\/3199","targetHints":{"allow":["GET"]}}],"collection":[{"href":"https:\/\/www.mzone.cz\/en\/wp-json\/wp\/v2\/posts"}],"about":[{"href":"https:\/\/www.mzone.cz\/en\/wp-json\/wp\/v2\/types\/post"}],"author":[{"embeddable":true,"href":"https:\/\/www.mzone.cz\/en\/wp-json\/wp\/v2\/users\/4"}],"replies":[{"embeddable":true,"href":"https:\/\/www.mzone.cz\/en\/wp-json\/wp\/v2\/comments?post=3199"}],"version-history":[{"count":1,"href":"https:\/\/www.mzone.cz\/en\/wp-json\/wp\/v2\/posts\/3199\/revisions"}],"predecessor-version":[{"id":12634,"href":"https:\/\/www.mzone.cz\/en\/wp-json\/wp\/v2\/posts\/3199\/revisions\/12634"}],"wp:featuredmedia":[{"embeddable":true,"href":"https:\/\/www.mzone.cz\/en\/wp-json\/wp\/v2\/media\/3206"}],"wp:attachment":[{"href":"https:\/\/www.mzone.cz\/en\/wp-json\/wp\/v2\/media?parent=3199"}],"wp:term":[{"taxonomy":"category","embeddable":true,"href":"https:\/\/www.mzone.cz\/en\/wp-json\/wp\/v2\/categories?post=3199"},{"taxonomy":"post_tag","embeddable":true,"href":"https:\/\/www.mzone.cz\/en\/wp-json\/wp\/v2\/tags?post=3199"}],"curies":[{"name":"wp","href":"https:\/\/api.w.org\/{rel}","templated":true}]}}