{"id":32028,"date":"2021-04-29T17:00:00","date_gmt":"2021-04-29T15:00:00","guid":{"rendered":"https:\/\/www.mzone.cz\/?p=32028"},"modified":"2021-04-27T13:10:45","modified_gmt":"2021-04-27T11:10:45","slug":"toyota-se-chysta-na-premieru-sveho-hybridniho-zavodaku-v-kategorii-hypercar","status":"publish","type":"post","link":"https:\/\/www.mzone.cz\/en\/toyota-se-chysta-na-premieru-sveho-hybridniho-zavodaku-v-kategorii-hypercar\/","title":{"rendered":"Toyota se chyst\u00e1 na premi\u00e9ru sv\u00e9ho hybridn\u00edho z\u00e1vo\u010f\u00e1ku v kategorii Hypercar"},"content":{"rendered":"<p><strong>V \u00favodn\u00edm kole sv\u011btov\u00e9ho \u0161ampion\u00e1tu vytrvalostn\u00edch sout\u011b\u017e\u00ed FIA, kter\u00fdm je 1. kv\u011btna 2021 belgick\u00fd z\u00e1vod 6 hodin ve Spa-Francorchamps, vstupuje Toyota do nov\u00e9 \u00e9ry s vozem GR010 Hybrid Hypercar.<\/strong><\/p><br>\n\n\n\n<p>Senza\u010dn\u00ed \u00e9ra voz\u016f LMP1, tedy p\u0159\u00edm\u00fdch n\u00e1stupc\u016f legend\u00e1rn\u00ed skupiny \u201aC\u2018 z 80. a 90. let minul\u00e9ho stolet\u00ed, dosp\u011bla do konce sv\u00e9 pouti a p\u0159edala nejvy\u0161\u0161\u00ed kategorii vytrvalostn\u00edch sout\u011b\u017e\u00ed generaci voz\u016f LMH (Le Mans Hypercar).<\/p>\n\n\n\n<blockquote class=\"wp-block-quote is-layout-flow wp-block-quote-is-layout-flow\"><p>Z prvn\u00ed pozice startovn\u00edho ro\u0161tu v kategorii Hypercar letos vyraz\u00ed Toyota Gazoo Racing, \u00fa\u0159aduj\u00edc\u00ed mistr sv\u011bta a trojn\u00e1sobn\u00fd v\u00edt\u011bz z\u00e1vodu Le Mans; v t\u00e9\u017ee kategorii pojede t\u00fdm Scuderia Cameron Glickenhaus, p\u0159i\u010dem\u017e v p\u0159\u00ed\u0161t\u00edch letech se do bitvy d\u00e1le zapoj\u00ed zna\u010dky Audi, Ferrari, Peugeot a Porsche.<\/p><\/blockquote>\n\n\n\n<p>V n\u00e1vaznosti na intenzivn\u00ed program testov\u00e1n\u00ed p\u0159ed sout\u011b\u017en\u00ed sez\u00f3nou je zbrusu nov\u00fd GR010 Hybrid Hypercar pln\u011b p\u0159ipraven na sout\u011b\u017en\u00ed premi\u00e9ru s t\u00fdmem, kter\u00fd pl\u00e1nuje obh\u00e1jit st\u00e1vaj\u00edc\u00ed mistrovsk\u00e9 tituly s nezm\u011bn\u011bnou jezdeckou sestavou a vyhr\u00e1t ji\u017e po\u010dtvrt\u00e9 za sebou z\u00e1vod 24 hodin Le Mans.<\/p><br>\n\n\n\n<figure class=\"wp-block-image size-large\"><img loading=\"lazy\" decoding=\"async\" width=\"1024\" height=\"682\" src=\"https:\/\/www.mzone.cz\/wp-content\/uploads\/2021\/03\/GR010_HYBRID_TRUCKHALL_LEFT_SIDE_2-1024x682.jpg\" alt=\"Toyota GR010 Hybrid Hypercar\" class=\"wp-image-30261\" srcset=\"https:\/\/www.mzone.cz\/wp-content\/uploads\/2021\/03\/GR010_HYBRID_TRUCKHALL_LEFT_SIDE_2-1024x682.jpg 1024w, https:\/\/www.mzone.cz\/wp-content\/uploads\/2021\/03\/GR010_HYBRID_TRUCKHALL_LEFT_SIDE_2-300x200.jpg 300w, https:\/\/www.mzone.cz\/wp-content\/uploads\/2021\/03\/GR010_HYBRID_TRUCKHALL_LEFT_SIDE_2-768x512.jpg 768w, https:\/\/www.mzone.cz\/wp-content\/uploads\/2021\/03\/GR010_HYBRID_TRUCKHALL_LEFT_SIDE_2-16x12.jpg 16w, https:\/\/www.mzone.cz\/wp-content\/uploads\/2021\/03\/GR010_HYBRID_TRUCKHALL_LEFT_SIDE_2-800x533.jpg 800w, https:\/\/www.mzone.cz\/wp-content\/uploads\/2021\/03\/GR010_HYBRID_TRUCKHALL_LEFT_SIDE_2-400x267.jpg 400w, https:\/\/www.mzone.cz\/wp-content\/uploads\/2021\/03\/GR010_HYBRID_TRUCKHALL_LEFT_SIDE_2-500x333.jpg 500w, https:\/\/www.mzone.cz\/wp-content\/uploads\/2021\/03\/GR010_HYBRID_TRUCKHALL_LEFT_SIDE_2-1170x780.jpg 1170w, https:\/\/www.mzone.cz\/wp-content\/uploads\/2021\/03\/GR010_HYBRID_TRUCKHALL_LEFT_SIDE_2-590x393.jpg 590w, https:\/\/www.mzone.cz\/wp-content\/uploads\/2021\/03\/GR010_HYBRID_TRUCKHALL_LEFT_SIDE_2.jpg 1280w\" sizes=\"auto, (max-width: 1024px) 100vw, 1024px\" \/><\/figure><br>\n\n\n\n<p>Sv\u011btov\u00ed \u0161ampioni Mike Conway, Kamui Kobaja\u0161i a Jos\u00e9 Mar\u00eda L\u00f3pez se budou ji\u017e \u010dtvrtou sout\u011b\u017en\u00ed sez\u00f3nu st\u0159\u00eddat za volantem vozu GR010 Hybrid \u010d. 7, zat\u00edmco lo\u0148sk\u00e9 v\u00edt\u011bze z\u00e1vodu Le Mans, kter\u00fdmi jsou S\u00e9bastien Buemi, Kazuki Nakad\u017eima a Brendon Hartley, budeme v\u00eddat za volantem vozu GR010 Hybrid \u010d. 8.<\/p><br>\n\n\n\n<p>Od chv\u00edle, kdy GR010 Hybrid vloni v \u0159\u00edjnu poprv\u00e9 rozto\u010dil sv\u00e1 kola, absolvoval tento v\u016fz tis\u00edce zku\u0161ebn\u00edch kilometr\u016f na t\u0159ech r\u016fzn\u00fdch okruz\u00edch. V nadch\u00e1zej\u00edc\u00edm z\u00e1vodu se automobil v\u016fbec poprv\u00e9 postav\u00ed vedle konkuren\u010dn\u00edch voz\u016f, a cel\u00fd t\u00fdm i samotn\u00ed jezdci budou moci vyhodnotit nov\u00fd v\u016fz za re\u00e1ln\u00fdch sout\u011b\u017en\u00edch podm\u00ednek a porovnat jej s kl\u00ed\u010dov\u00fdmi konkurenty v kategorii Hypercar, tedy t\u00fdmem Scuderia Cameron Glickenhaus, resp. t\u00fdmem Alpine, jen\u017e z\u00e1vod\u00ed s d\u0159\u00edv\u011bj\u0161\u00edm vozem LMP1.<\/p>\n\n\n\n<blockquote class=\"wp-block-quote is-layout-flow wp-block-quote-is-layout-flow\"><p>GR010 Hybrid pou\u017e\u00edv\u00e1 jednotku motorgener\u00e1toru na p\u0159edn\u00ed n\u00e1prav\u011b s hybridn\u00edm v\u00fdkonem 272 kon\u00ed a pohonem v\u0161ech kol za rychlost\u00ed nad 120 km\/h. Ve spojen\u00ed se spalovac\u00edm motorem 3,5 litru V6 m\u00e1 \u0159idi\u010d k dispozici celkov\u00fd v\u00fdkon 680 kon\u00ed bez omezen\u00ed spot\u0159eby paliva.<\/p><\/blockquote>\n\n\n\n<p>Oproti tomu <a href=\"https:\/\/en.wikipedia.org\/wiki\/Toyota_TS050_Hybrid\" target=\"_blank\" rel=\"noreferrer noopener\">TS050 Hybrid<\/a> byl o 162 kg leh\u010d\u00ed a py\u0161nil se v\u00fdkonem 1000 kon\u00ed, nicm\u00e9n\u011b p\u0159\u00edsn\u00e1 omezen\u00ed spot\u0159eby paliva na jedno kolo z\u00e1sadn\u011b omezovala jezdce ve vyu\u017e\u00edv\u00e1n\u00ed maxim\u00e1ln\u00ed rychlosti vozu.<\/p><br>\n\n\n\n<figure class=\"wp-block-image size-large\"><img loading=\"lazy\" decoding=\"async\" width=\"1024\" height=\"682\" src=\"https:\/\/www.mzone.cz\/wp-content\/uploads\/2021\/03\/GR010_HYBRID_TRUCKHALL_FRONT_HIGH_2-1024x682.jpg\" alt=\"Toyota GR010 Hybrid Hypercar\" class=\"wp-image-30220\" srcset=\"https:\/\/www.mzone.cz\/wp-content\/uploads\/2021\/03\/GR010_HYBRID_TRUCKHALL_FRONT_HIGH_2-1024x682.jpg 1024w, https:\/\/www.mzone.cz\/wp-content\/uploads\/2021\/03\/GR010_HYBRID_TRUCKHALL_FRONT_HIGH_2-300x200.jpg 300w, https:\/\/www.mzone.cz\/wp-content\/uploads\/2021\/03\/GR010_HYBRID_TRUCKHALL_FRONT_HIGH_2-768x512.jpg 768w, https:\/\/www.mzone.cz\/wp-content\/uploads\/2021\/03\/GR010_HYBRID_TRUCKHALL_FRONT_HIGH_2-16x12.jpg 16w, https:\/\/www.mzone.cz\/wp-content\/uploads\/2021\/03\/GR010_HYBRID_TRUCKHALL_FRONT_HIGH_2-800x533.jpg 800w, https:\/\/www.mzone.cz\/wp-content\/uploads\/2021\/03\/GR010_HYBRID_TRUCKHALL_FRONT_HIGH_2-400x267.jpg 400w, https:\/\/www.mzone.cz\/wp-content\/uploads\/2021\/03\/GR010_HYBRID_TRUCKHALL_FRONT_HIGH_2-500x333.jpg 500w, https:\/\/www.mzone.cz\/wp-content\/uploads\/2021\/03\/GR010_HYBRID_TRUCKHALL_FRONT_HIGH_2-1170x780.jpg 1170w, https:\/\/www.mzone.cz\/wp-content\/uploads\/2021\/03\/GR010_HYBRID_TRUCKHALL_FRONT_HIGH_2-590x393.jpg 590w, https:\/\/www.mzone.cz\/wp-content\/uploads\/2021\/03\/GR010_HYBRID_TRUCKHALL_FRONT_HIGH_2.jpg 1280w\" sizes=\"auto, (max-width: 1024px) 100vw, 1024px\" \/><\/figure><br>\n\n\n\n<p>Vzhledem k z\u00e1sadn\u00edm rozd\u00edl\u016fm oproti neporaziteln\u00e9mu p\u0159edch\u016fdci budou muset jezdci v\u00fdrazn\u011b upravit svoji strategii; konstrukt\u00e9\u0159i z\u00e1rove\u0148 odla\u010fuj\u00ed nov\u00fd Hypercar tak, aby mohl vyu\u017e\u00edvat maxim\u00e1ln\u00ed v\u00fdkon, zejm\u00e9na p\u0159i p\u0159edj\u00ed\u017ed\u011bn\u00ed pomalej\u0161\u00edch voz\u016f kategori\u00ed LMP2 a GT.<\/p>\n\n\n\n<blockquote class=\"wp-block-quote is-layout-flow wp-block-quote-is-layout-flow\"><p>Krom\u011b zm\u00edn\u011bn\u00e9 strategie na trati se cel\u00fd t\u00fdm mus\u00ed podrobit nov\u00fdm p\u0159edpis\u016fm, kter\u00e9 na okruhu povoluj\u00ed maxim\u00e1ln\u011b 43 \u010dlen\u016f doprovodn\u00e9 \u010dety. Toto opat\u0159en\u00ed zam\u011b\u0159en\u00e9 na \u00fasporu n\u00e1klad\u016f si \u017e\u00e1d\u00e1 z\u00e1sadn\u00ed reorganizaci a vysokou flexibilitu sboru mechanik\u016f a konstrukt\u00e9r\u016f, aby byly zachov\u00e1ny vysok\u00e9 standardy podpory na trati; Spa bude p\u0159itom prvn\u00edm podnikem, kde se ze\u0161t\u00edhlen\u00fd t\u00fdm pust\u00ed do pr\u00e1ce v sout\u011b\u017en\u00edch podm\u00ednk\u00e1ch.<\/p><\/blockquote>\n\n\n\n<p>O\u010dek\u00e1v\u00e1 se proto n\u00e1ro\u010dn\u00fd \u00favod t\u00fddne, kter\u00fd bude zahrnovat celkem 12 hodin testov\u00e1n\u00ed, na\u010de\u017e bude ve \u010dtvrtek zah\u00e1jen jedinou tr\u00e9ninkovou j\u00edzdou vlastn\u00ed sout\u011b\u017en\u00ed podnik. Ru\u0161n\u00fd p\u00e1te\u010dn\u00ed program obsahuje dv\u011b tr\u00e9ninkov\u00e9 j\u00edzdy a n\u00e1sledn\u011b se bude rozhodovat o podob\u011b sobotn\u00edho startovn\u00edho ro\u0161tu prost\u0159ednictv\u00edm kvalifikace v nov\u00e9m form\u00e1tu, kdy rozhodne nejrychlej\u0161\u00ed letm\u00e9 kolo jednoho jezdce z ka\u017ed\u00e9ho vozu.<\/p><br>\n\n\n\n<p>Toyota v z\u00e1vodu Spa-Francorchamps tradi\u010dn\u011b dosahuje skv\u011bl\u00fdch v\u00fdsledk\u016f \u2013 p\u011bt v\u00edt\u011bzstv\u00ed od tam\u011bj\u0161\u00edho prvn\u00edho startu Toyoty ve WEC v roce 2013 \u2013 a i p\u0159es o\u010dek\u00e1van\u00fd siln\u00fd tlak konkurence je c\u00edlem t\u00fdmu vstoupit do sez\u00f3ny s maximem bod\u016f.<\/p><br>\n\n\n\n<div class=\"wp-block-media-text alignwide is-stacked-on-mobile is-vertically-aligned-top\" style=\"grid-template-columns:23% auto\"><figure class=\"wp-block-media-text__media\"><a href=\"https:\/\/www.mzone.cz\/toyota-gr010-hybrid-hypercar-predstaveni\/\"><img loading=\"lazy\" decoding=\"async\" width=\"1024\" height=\"682\" src=\"https:\/\/www.mzone.cz\/wp-content\/uploads\/2021\/03\/Toyota-GR010-Hybrid-1024x682.jpg\" alt=\"Toyota GR010 Hybrid\" class=\"wp-image-30207 size-full\" srcset=\"https:\/\/www.mzone.cz\/wp-content\/uploads\/2021\/03\/Toyota-GR010-Hybrid-1024x682.jpg 1024w, https:\/\/www.mzone.cz\/wp-content\/uploads\/2021\/03\/Toyota-GR010-Hybrid-300x200.jpg 300w, https:\/\/www.mzone.cz\/wp-content\/uploads\/2021\/03\/Toyota-GR010-Hybrid-768x512.jpg 768w, https:\/\/www.mzone.cz\/wp-content\/uploads\/2021\/03\/Toyota-GR010-Hybrid-16x12.jpg 16w, https:\/\/www.mzone.cz\/wp-content\/uploads\/2021\/03\/Toyota-GR010-Hybrid-800x533.jpg 800w, https:\/\/www.mzone.cz\/wp-content\/uploads\/2021\/03\/Toyota-GR010-Hybrid-400x267.jpg 400w, https:\/\/www.mzone.cz\/wp-content\/uploads\/2021\/03\/Toyota-GR010-Hybrid-500x333.jpg 500w, https:\/\/www.mzone.cz\/wp-content\/uploads\/2021\/03\/Toyota-GR010-Hybrid-1170x780.jpg 1170w, https:\/\/www.mzone.cz\/wp-content\/uploads\/2021\/03\/Toyota-GR010-Hybrid-590x393.jpg 590w, https:\/\/www.mzone.cz\/wp-content\/uploads\/2021\/03\/Toyota-GR010-Hybrid.jpg 1280w\" sizes=\"auto, (max-width: 1024px) 100vw, 1024px\" \/><\/a><\/figure><div class=\"wp-block-media-text__content\">\n<h4><a href=\"https:\/\/www.mzone.cz\/toyota-gr010-hybrid-hypercar-predstaveni\/\">Toyota p\u0159edstavuje z\u00e1vodn\u00ed GR010 Hybrid Hypercar<\/a><\/h4><br>\n<\/div><\/div>","protected":false},"excerpt":{"rendered":"<p>V \u00favodn\u00edm kole sv\u011btov\u00e9ho \u0161ampion\u00e1tu vytrvalostn\u00edch sout\u011b\u017e\u00ed FIA, kter\u00fdm je 1. kv\u011btna 2021 belgick\u00fd z\u00e1vod 6 hodin ve Spa-Francorchamps, vstupuje Toyota do nov\u00e9 \u00e9ry s vozem GR010 Hybrid Hypercar. Senza\u010dn\u00ed \u00e9ra voz\u016f LMP1, tedy p\u0159\u00edm\u00fdch n\u00e1stupc\u016f legend\u00e1rn\u00ed skupiny \u201aC\u2018 z 80. a 90. let minul\u00e9ho stolet\u00ed, dosp\u011bla do konce sv\u00e9 pouti a p\u0159edala nejvy\u0161\u0161\u00ed kategorii [&hellip;]<\/p>\n","protected":false},"author":4,"featured_media":32030,"comment_status":"open","ping_status":"closed","sticky":false,"template":"","format":"standard","meta":{"kk_blocks_editor_width":"","_kiokenblocks_attr":"","_kiokenblocks_dimensions":"","footnotes":""},"categories":[69,80],"tags":[585,82,462,724,5008,3934,1869,3537,2203,636,2007,2201,5009,42,687,5010,735,2908,2907,102],"class_list":["post-32028","post","type-post","status-publish","format-standard","has-post-thumbnail","hentry","category-auto-moto","category-sport","tag-auta","tag-auto","tag-auto-moto","tag-automobil","tag-belgie","tag-fia","tag-hybrid","tag-hybridni-vozy","tag-mistrovstvi-sveta","tag-motorsport","tag-premiera","tag-sampionat","tag-spa","tag-sport","tag-toyota","tag-toyota-gr010-hybrid-hypercar","tag-zavod","tag-zavodak","tag-zavodni-vozy","tag-zavody"],"yoast_head":"<!-- This site is optimized with the Yoast SEO plugin v27.5 - https:\/\/yoast.com\/product\/yoast-seo-wordpress\/ -->\n<title>Toyota se chyst\u00e1 na premi\u00e9ru sv\u00e9ho hybridn\u00edho z\u00e1vo\u010f\u00e1ku v kategorii Hypercar - Mzone<\/title>\n<meta name=\"description\" content=\"V \u00favodn\u00edm kole sv\u011btov\u00e9ho \u0161ampion\u00e1tu vytrvalostn\u00edch sout\u011b\u017e\u00ed FIA, kter\u00fdm je 1. kv\u011btna 2021 belgick\u00fd z\u00e1vod 6 hodin ve Spa-Francorchamps, vstupuje Toyota do nov\u00e9 \u00e9ry s vozem GR010 Hybrid Hypercar.\" \/>\n<meta name=\"robots\" content=\"index, follow, max-snippet:-1, max-image-preview:large, max-video-preview:-1\" \/>\n<link rel=\"canonical\" href=\"https:\/\/www.mzone.cz\/en\/toyota-se-chysta-na-premieru-sveho-hybridniho-zavodaku-v-kategorii-hypercar\/\" \/>\n<meta property=\"og:locale\" content=\"en_US\" \/>\n<meta property=\"og:type\" content=\"article\" \/>\n<meta property=\"og:title\" content=\"Toyota se chyst\u00e1 na premi\u00e9ru sv\u00e9ho hybridn\u00edho z\u00e1vo\u010f\u00e1ku v kategorii Hypercar - Mzone\" \/>\n<meta property=\"og:description\" content=\"V \u00favodn\u00edm kole sv\u011btov\u00e9ho \u0161ampion\u00e1tu vytrvalostn\u00edch sout\u011b\u017e\u00ed FIA, kter\u00fdm je 1. kv\u011btna 2021 belgick\u00fd z\u00e1vod 6 hodin ve Spa-Francorchamps, vstupuje Toyota do nov\u00e9 \u00e9ry s vozem GR010 Hybrid Hypercar.\" \/>\n<meta property=\"og:url\" content=\"https:\/\/www.mzone.cz\/en\/toyota-se-chysta-na-premieru-sveho-hybridniho-zavodaku-v-kategorii-hypercar\/\" \/>\n<meta property=\"og:site_name\" content=\"Mzone\" \/>\n<meta property=\"article:publisher\" content=\"https:\/\/www.facebook.com\/MzoneCZ\/\" \/>\n<meta property=\"article:published_time\" content=\"2021-04-29T15:00:00+00:00\" \/>\n<meta property=\"og:image\" content=\"https:\/\/www.mzone.cz\/wp-content\/uploads\/2021\/04\/Toyota-GR010-Hybrid-Hypercar-scaled.jpg\" \/>\n\t<meta property=\"og:image:width\" content=\"2560\" \/>\n\t<meta property=\"og:image:height\" content=\"1707\" \/>\n\t<meta property=\"og:image:type\" content=\"image\/jpeg\" \/>\n<meta name=\"author\" content=\"Mzone\" \/>\n<meta name=\"twitter:card\" content=\"summary_large_image\" \/>\n<meta name=\"twitter:label1\" content=\"Written by\" \/>\n\t<meta name=\"twitter:data1\" content=\"Mzone\" \/>\n\t<meta name=\"twitter:label2\" content=\"Est. reading time\" \/>\n\t<meta name=\"twitter:data2\" content=\"3 minutes\" \/>\n<script type=\"application\/ld+json\" class=\"yoast-schema-graph\">{\"@context\":\"https:\\\/\\\/schema.org\",\"@graph\":[{\"@type\":\"Article\",\"@id\":\"https:\\\/\\\/www.mzone.cz\\\/toyota-se-chysta-na-premieru-sveho-hybridniho-zavodaku-v-kategorii-hypercar\\\/#article\",\"isPartOf\":{\"@id\":\"https:\\\/\\\/www.mzone.cz\\\/toyota-se-chysta-na-premieru-sveho-hybridniho-zavodaku-v-kategorii-hypercar\\\/\"},\"author\":{\"name\":\"Mzone\",\"@id\":\"https:\\\/\\\/www.mzone.cz\\\/#\\\/schema\\\/person\\\/9bc20cc422a99cac4af6ff9297da32d4\"},\"headline\":\"Toyota se chyst\u00e1 na premi\u00e9ru sv\u00e9ho hybridn\u00edho z\u00e1vo\u010f\u00e1ku v kategorii Hypercar\",\"datePublished\":\"2021-04-29T15:00:00+00:00\",\"mainEntityOfPage\":{\"@id\":\"https:\\\/\\\/www.mzone.cz\\\/toyota-se-chysta-na-premieru-sveho-hybridniho-zavodaku-v-kategorii-hypercar\\\/\"},\"wordCount\":740,\"commentCount\":0,\"image\":{\"@id\":\"https:\\\/\\\/www.mzone.cz\\\/toyota-se-chysta-na-premieru-sveho-hybridniho-zavodaku-v-kategorii-hypercar\\\/#primaryimage\"},\"thumbnailUrl\":\"https:\\\/\\\/www.mzone.cz\\\/wp-content\\\/uploads\\\/2021\\\/04\\\/Toyota-GR010-Hybrid-Hypercar-scaled.jpg\",\"keywords\":[\"auta\",\"Auto\",\"auto-moto\",\"automobil\",\"Belgie\",\"FIA\",\"hybrid\",\"hybridn\u00ed vozy\",\"mistrovstv\u00ed sv\u011bta\",\"motorsport\",\"premi\u00e9ra\",\"\u0161ampion\u00e1t\",\"Spa\",\"Sport\",\"Toyota\",\"Toyota GR010 Hybrid Hypercar\",\"z\u00e1vod\",\"z\u00e1vo\u010f\u00e1k\",\"z\u00e1vodn\u00ed vozy\",\"Z\u00e1vody\"],\"articleSection\":[\"Auto-moto\",\"Sport\"],\"inLanguage\":\"en-US\",\"potentialAction\":[{\"@type\":\"CommentAction\",\"name\":\"Comment\",\"target\":[\"https:\\\/\\\/www.mzone.cz\\\/toyota-se-chysta-na-premieru-sveho-hybridniho-zavodaku-v-kategorii-hypercar\\\/#respond\"]}]},{\"@type\":\"WebPage\",\"@id\":\"https:\\\/\\\/www.mzone.cz\\\/toyota-se-chysta-na-premieru-sveho-hybridniho-zavodaku-v-kategorii-hypercar\\\/\",\"url\":\"https:\\\/\\\/www.mzone.cz\\\/toyota-se-chysta-na-premieru-sveho-hybridniho-zavodaku-v-kategorii-hypercar\\\/\",\"name\":\"Toyota se chyst\u00e1 na premi\u00e9ru sv\u00e9ho hybridn\u00edho z\u00e1vo\u010f\u00e1ku v kategorii Hypercar - Mzone\",\"isPartOf\":{\"@id\":\"https:\\\/\\\/www.mzone.cz\\\/#website\"},\"primaryImageOfPage\":{\"@id\":\"https:\\\/\\\/www.mzone.cz\\\/toyota-se-chysta-na-premieru-sveho-hybridniho-zavodaku-v-kategorii-hypercar\\\/#primaryimage\"},\"image\":{\"@id\":\"https:\\\/\\\/www.mzone.cz\\\/toyota-se-chysta-na-premieru-sveho-hybridniho-zavodaku-v-kategorii-hypercar\\\/#primaryimage\"},\"thumbnailUrl\":\"https:\\\/\\\/www.mzone.cz\\\/wp-content\\\/uploads\\\/2021\\\/04\\\/Toyota-GR010-Hybrid-Hypercar-scaled.jpg\",\"datePublished\":\"2021-04-29T15:00:00+00:00\",\"author\":{\"@id\":\"https:\\\/\\\/www.mzone.cz\\\/#\\\/schema\\\/person\\\/9bc20cc422a99cac4af6ff9297da32d4\"},\"description\":\"V \u00favodn\u00edm kole sv\u011btov\u00e9ho \u0161ampion\u00e1tu vytrvalostn\u00edch sout\u011b\u017e\u00ed FIA, kter\u00fdm je 1. kv\u011btna 2021 belgick\u00fd z\u00e1vod 6 hodin ve Spa-Francorchamps, vstupuje Toyota do nov\u00e9 \u00e9ry s vozem GR010 Hybrid Hypercar.\",\"breadcrumb\":{\"@id\":\"https:\\\/\\\/www.mzone.cz\\\/toyota-se-chysta-na-premieru-sveho-hybridniho-zavodaku-v-kategorii-hypercar\\\/#breadcrumb\"},\"inLanguage\":\"en-US\",\"potentialAction\":[{\"@type\":\"ReadAction\",\"target\":[\"https:\\\/\\\/www.mzone.cz\\\/toyota-se-chysta-na-premieru-sveho-hybridniho-zavodaku-v-kategorii-hypercar\\\/\"]}]},{\"@type\":\"ImageObject\",\"inLanguage\":\"en-US\",\"@id\":\"https:\\\/\\\/www.mzone.cz\\\/toyota-se-chysta-na-premieru-sveho-hybridniho-zavodaku-v-kategorii-hypercar\\\/#primaryimage\",\"url\":\"https:\\\/\\\/www.mzone.cz\\\/wp-content\\\/uploads\\\/2021\\\/04\\\/Toyota-GR010-Hybrid-Hypercar-scaled.jpg\",\"contentUrl\":\"https:\\\/\\\/www.mzone.cz\\\/wp-content\\\/uploads\\\/2021\\\/04\\\/Toyota-GR010-Hybrid-Hypercar-scaled.jpg\",\"width\":2560,\"height\":1707,\"caption\":\"Toyota GR010 Hybrid Hypercar\"},{\"@type\":\"BreadcrumbList\",\"@id\":\"https:\\\/\\\/www.mzone.cz\\\/toyota-se-chysta-na-premieru-sveho-hybridniho-zavodaku-v-kategorii-hypercar\\\/#breadcrumb\",\"itemListElement\":[{\"@type\":\"ListItem\",\"position\":1,\"name\":\"Dom\u016f\",\"item\":\"https:\\\/\\\/www.mzone.cz\\\/\"},{\"@type\":\"ListItem\",\"position\":2,\"name\":\"Toyota se chyst\u00e1 na premi\u00e9ru sv\u00e9ho hybridn\u00edho z\u00e1vo\u010f\u00e1ku v kategorii Hypercar\"}]},{\"@type\":\"WebSite\",\"@id\":\"https:\\\/\\\/www.mzone.cz\\\/#website\",\"url\":\"https:\\\/\\\/www.mzone.cz\\\/\",\"name\":\"Mzone\",\"description\":\"Magaz\u00edn nejen pro mu\u017ee\",\"potentialAction\":[{\"@type\":\"SearchAction\",\"target\":{\"@type\":\"EntryPoint\",\"urlTemplate\":\"https:\\\/\\\/www.mzone.cz\\\/?s={search_term_string}\"},\"query-input\":{\"@type\":\"PropertyValueSpecification\",\"valueRequired\":true,\"valueName\":\"search_term_string\"}}],\"inLanguage\":\"en-US\"},{\"@type\":\"Person\",\"@id\":\"https:\\\/\\\/www.mzone.cz\\\/#\\\/schema\\\/person\\\/9bc20cc422a99cac4af6ff9297da32d4\",\"name\":\"Mzone\",\"image\":{\"@type\":\"ImageObject\",\"inLanguage\":\"en-US\",\"@id\":\"https:\\\/\\\/secure.gravatar.com\\\/avatar\\\/e780a8630f3182a3d06dd667ab6bea151a0d155b0951bc15fe22633acdac0676?s=96&d=mm&r=g\",\"url\":\"https:\\\/\\\/secure.gravatar.com\\\/avatar\\\/e780a8630f3182a3d06dd667ab6bea151a0d155b0951bc15fe22633acdac0676?s=96&d=mm&r=g\",\"contentUrl\":\"https:\\\/\\\/secure.gravatar.com\\\/avatar\\\/e780a8630f3182a3d06dd667ab6bea151a0d155b0951bc15fe22633acdac0676?s=96&d=mm&r=g\",\"caption\":\"Mzone\"},\"url\":\"https:\\\/\\\/www.mzone.cz\\\/en\\\/author\\\/jakub\\\/\"}]}<\/script>\n<!-- \/ Yoast SEO plugin. -->","yoast_head_json":{"title":"Toyota se chyst\u00e1 na premi\u00e9ru sv\u00e9ho hybridn\u00edho z\u00e1vo\u010f\u00e1ku v kategorii Hypercar - Mzone","description":"V \u00favodn\u00edm kole sv\u011btov\u00e9ho \u0161ampion\u00e1tu vytrvalostn\u00edch sout\u011b\u017e\u00ed FIA, kter\u00fdm je 1. kv\u011btna 2021 belgick\u00fd z\u00e1vod 6 hodin ve Spa-Francorchamps, vstupuje Toyota do nov\u00e9 \u00e9ry s vozem GR010 Hybrid Hypercar.","robots":{"index":"index","follow":"follow","max-snippet":"max-snippet:-1","max-image-preview":"max-image-preview:large","max-video-preview":"max-video-preview:-1"},"canonical":"https:\/\/www.mzone.cz\/en\/toyota-se-chysta-na-premieru-sveho-hybridniho-zavodaku-v-kategorii-hypercar\/","og_locale":"en_US","og_type":"article","og_title":"Toyota se chyst\u00e1 na premi\u00e9ru sv\u00e9ho hybridn\u00edho z\u00e1vo\u010f\u00e1ku v kategorii Hypercar - Mzone","og_description":"V \u00favodn\u00edm kole sv\u011btov\u00e9ho \u0161ampion\u00e1tu vytrvalostn\u00edch sout\u011b\u017e\u00ed FIA, kter\u00fdm je 1. kv\u011btna 2021 belgick\u00fd z\u00e1vod 6 hodin ve Spa-Francorchamps, vstupuje Toyota do nov\u00e9 \u00e9ry s vozem GR010 Hybrid Hypercar.","og_url":"https:\/\/www.mzone.cz\/en\/toyota-se-chysta-na-premieru-sveho-hybridniho-zavodaku-v-kategorii-hypercar\/","og_site_name":"Mzone","article_publisher":"https:\/\/www.facebook.com\/MzoneCZ\/","article_published_time":"2021-04-29T15:00:00+00:00","og_image":[{"width":2560,"height":1707,"url":"https:\/\/www.mzone.cz\/wp-content\/uploads\/2021\/04\/Toyota-GR010-Hybrid-Hypercar-scaled.jpg","type":"image\/jpeg"}],"author":"Mzone","twitter_card":"summary_large_image","twitter_misc":{"Written by":"Mzone","Est. reading time":"3 minutes"},"schema":{"@context":"https:\/\/schema.org","@graph":[{"@type":"Article","@id":"https:\/\/www.mzone.cz\/toyota-se-chysta-na-premieru-sveho-hybridniho-zavodaku-v-kategorii-hypercar\/#article","isPartOf":{"@id":"https:\/\/www.mzone.cz\/toyota-se-chysta-na-premieru-sveho-hybridniho-zavodaku-v-kategorii-hypercar\/"},"author":{"name":"Mzone","@id":"https:\/\/www.mzone.cz\/#\/schema\/person\/9bc20cc422a99cac4af6ff9297da32d4"},"headline":"Toyota se chyst\u00e1 na premi\u00e9ru sv\u00e9ho hybridn\u00edho z\u00e1vo\u010f\u00e1ku v kategorii Hypercar","datePublished":"2021-04-29T15:00:00+00:00","mainEntityOfPage":{"@id":"https:\/\/www.mzone.cz\/toyota-se-chysta-na-premieru-sveho-hybridniho-zavodaku-v-kategorii-hypercar\/"},"wordCount":740,"commentCount":0,"image":{"@id":"https:\/\/www.mzone.cz\/toyota-se-chysta-na-premieru-sveho-hybridniho-zavodaku-v-kategorii-hypercar\/#primaryimage"},"thumbnailUrl":"https:\/\/www.mzone.cz\/wp-content\/uploads\/2021\/04\/Toyota-GR010-Hybrid-Hypercar-scaled.jpg","keywords":["auta","Auto","auto-moto","automobil","Belgie","FIA","hybrid","hybridn\u00ed vozy","mistrovstv\u00ed sv\u011bta","motorsport","premi\u00e9ra","\u0161ampion\u00e1t","Spa","Sport","Toyota","Toyota GR010 Hybrid Hypercar","z\u00e1vod","z\u00e1vo\u010f\u00e1k","z\u00e1vodn\u00ed vozy","Z\u00e1vody"],"articleSection":["Auto-moto","Sport"],"inLanguage":"en-US","potentialAction":[{"@type":"CommentAction","name":"Comment","target":["https:\/\/www.mzone.cz\/toyota-se-chysta-na-premieru-sveho-hybridniho-zavodaku-v-kategorii-hypercar\/#respond"]}]},{"@type":"WebPage","@id":"https:\/\/www.mzone.cz\/toyota-se-chysta-na-premieru-sveho-hybridniho-zavodaku-v-kategorii-hypercar\/","url":"https:\/\/www.mzone.cz\/toyota-se-chysta-na-premieru-sveho-hybridniho-zavodaku-v-kategorii-hypercar\/","name":"Toyota se chyst\u00e1 na premi\u00e9ru sv\u00e9ho hybridn\u00edho z\u00e1vo\u010f\u00e1ku v kategorii Hypercar - Mzone","isPartOf":{"@id":"https:\/\/www.mzone.cz\/#website"},"primaryImageOfPage":{"@id":"https:\/\/www.mzone.cz\/toyota-se-chysta-na-premieru-sveho-hybridniho-zavodaku-v-kategorii-hypercar\/#primaryimage"},"image":{"@id":"https:\/\/www.mzone.cz\/toyota-se-chysta-na-premieru-sveho-hybridniho-zavodaku-v-kategorii-hypercar\/#primaryimage"},"thumbnailUrl":"https:\/\/www.mzone.cz\/wp-content\/uploads\/2021\/04\/Toyota-GR010-Hybrid-Hypercar-scaled.jpg","datePublished":"2021-04-29T15:00:00+00:00","author":{"@id":"https:\/\/www.mzone.cz\/#\/schema\/person\/9bc20cc422a99cac4af6ff9297da32d4"},"description":"V \u00favodn\u00edm kole sv\u011btov\u00e9ho \u0161ampion\u00e1tu vytrvalostn\u00edch sout\u011b\u017e\u00ed FIA, kter\u00fdm je 1. kv\u011btna 2021 belgick\u00fd z\u00e1vod 6 hodin ve Spa-Francorchamps, vstupuje Toyota do nov\u00e9 \u00e9ry s vozem GR010 Hybrid Hypercar.","breadcrumb":{"@id":"https:\/\/www.mzone.cz\/toyota-se-chysta-na-premieru-sveho-hybridniho-zavodaku-v-kategorii-hypercar\/#breadcrumb"},"inLanguage":"en-US","potentialAction":[{"@type":"ReadAction","target":["https:\/\/www.mzone.cz\/toyota-se-chysta-na-premieru-sveho-hybridniho-zavodaku-v-kategorii-hypercar\/"]}]},{"@type":"ImageObject","inLanguage":"en-US","@id":"https:\/\/www.mzone.cz\/toyota-se-chysta-na-premieru-sveho-hybridniho-zavodaku-v-kategorii-hypercar\/#primaryimage","url":"https:\/\/www.mzone.cz\/wp-content\/uploads\/2021\/04\/Toyota-GR010-Hybrid-Hypercar-scaled.jpg","contentUrl":"https:\/\/www.mzone.cz\/wp-content\/uploads\/2021\/04\/Toyota-GR010-Hybrid-Hypercar-scaled.jpg","width":2560,"height":1707,"caption":"Toyota GR010 Hybrid Hypercar"},{"@type":"BreadcrumbList","@id":"https:\/\/www.mzone.cz\/toyota-se-chysta-na-premieru-sveho-hybridniho-zavodaku-v-kategorii-hypercar\/#breadcrumb","itemListElement":[{"@type":"ListItem","position":1,"name":"Dom\u016f","item":"https:\/\/www.mzone.cz\/"},{"@type":"ListItem","position":2,"name":"Toyota se chyst\u00e1 na premi\u00e9ru sv\u00e9ho hybridn\u00edho z\u00e1vo\u010f\u00e1ku v kategorii Hypercar"}]},{"@type":"WebSite","@id":"https:\/\/www.mzone.cz\/#website","url":"https:\/\/www.mzone.cz\/","name":"Mzone","description":"Magaz\u00edn nejen pro mu\u017ee","potentialAction":[{"@type":"SearchAction","target":{"@type":"EntryPoint","urlTemplate":"https:\/\/www.mzone.cz\/?s={search_term_string}"},"query-input":{"@type":"PropertyValueSpecification","valueRequired":true,"valueName":"search_term_string"}}],"inLanguage":"en-US"},{"@type":"Person","@id":"https:\/\/www.mzone.cz\/#\/schema\/person\/9bc20cc422a99cac4af6ff9297da32d4","name":"Mzone","image":{"@type":"ImageObject","inLanguage":"en-US","@id":"https:\/\/secure.gravatar.com\/avatar\/e780a8630f3182a3d06dd667ab6bea151a0d155b0951bc15fe22633acdac0676?s=96&d=mm&r=g","url":"https:\/\/secure.gravatar.com\/avatar\/e780a8630f3182a3d06dd667ab6bea151a0d155b0951bc15fe22633acdac0676?s=96&d=mm&r=g","contentUrl":"https:\/\/secure.gravatar.com\/avatar\/e780a8630f3182a3d06dd667ab6bea151a0d155b0951bc15fe22633acdac0676?s=96&d=mm&r=g","caption":"Mzone"},"url":"https:\/\/www.mzone.cz\/en\/author\/jakub\/"}]}},"_links":{"self":[{"href":"https:\/\/www.mzone.cz\/en\/wp-json\/wp\/v2\/posts\/32028","targetHints":{"allow":["GET"]}}],"collection":[{"href":"https:\/\/www.mzone.cz\/en\/wp-json\/wp\/v2\/posts"}],"about":[{"href":"https:\/\/www.mzone.cz\/en\/wp-json\/wp\/v2\/types\/post"}],"author":[{"embeddable":true,"href":"https:\/\/www.mzone.cz\/en\/wp-json\/wp\/v2\/users\/4"}],"replies":[{"embeddable":true,"href":"https:\/\/www.mzone.cz\/en\/wp-json\/wp\/v2\/comments?post=32028"}],"version-history":[{"count":9,"href":"https:\/\/www.mzone.cz\/en\/wp-json\/wp\/v2\/posts\/32028\/revisions"}],"predecessor-version":[{"id":32042,"href":"https:\/\/www.mzone.cz\/en\/wp-json\/wp\/v2\/posts\/32028\/revisions\/32042"}],"wp:featuredmedia":[{"embeddable":true,"href":"https:\/\/www.mzone.cz\/en\/wp-json\/wp\/v2\/media\/32030"}],"wp:attachment":[{"href":"https:\/\/www.mzone.cz\/en\/wp-json\/wp\/v2\/media?parent=32028"}],"wp:term":[{"taxonomy":"category","embeddable":true,"href":"https:\/\/www.mzone.cz\/en\/wp-json\/wp\/v2\/categories?post=32028"},{"taxonomy":"post_tag","embeddable":true,"href":"https:\/\/www.mzone.cz\/en\/wp-json\/wp\/v2\/tags?post=32028"}],"curies":[{"name":"wp","href":"https:\/\/api.w.org\/{rel}","templated":true}]}}