{"id":32117,"date":"2021-05-02T16:30:00","date_gmt":"2021-05-02T14:30:00","guid":{"rendered":"https:\/\/www.mzone.cz\/?p=32117"},"modified":"2021-04-30T08:14:17","modified_gmt":"2021-04-30T06:14:17","slug":"klistata-sezona-zacala-odbornik-upozornuje-na-nejcastejsi-komplikace","status":"publish","type":"post","link":"https:\/\/www.mzone.cz\/en\/klistata-sezona-zacala-odbornik-upozornuje-na-nejcastejsi-komplikace\/","title":{"rendered":"Pozor, sez\u00f3na kl\u00ed\u0161\u0165at za\u010dala! Odborn\u00edk upozor\u0148uje na nej\u010dast\u011bj\u0161\u00ed komplikace"},"content":{"rendered":"<p><strong>Za\u010dalo jaro a s\u00a0n\u00edm za\u010d\u00ednaj\u00ed vyl\u00e9zat i kl\u00ed\u0161\u0165ata. Ta mohou na \u010dlov\u011bka p\u0159en\u00e1\u0161et r\u016fzn\u00e9 nemoci, nejen boreli\u00f3zu a encefalitidu. O kter\u00e9 se jedn\u00e1?<\/strong><\/p><br>\n\n\n\n<p>\u010clov\u011bk se od kl\u00ed\u0161t\u011bte m\u016f\u017ee nakazit, ani\u017e by na sob\u011b n\u011bjak\u00e9 na\u0161el.\u00a0<strong>\u201e<\/strong>Z velk\u00e9 \u010d\u00e1sti to jsou pr\u00e1v\u011b kl\u00ed\u0161\u0165ata \u010di jejich nymfy, kter\u00e9 \u010dastokr\u00e1t nejdou zpozorovat p\u0159i b\u011b\u017en\u00e9 prohl\u00eddce k\u016f\u017ee. Jednodu\u0161e \u0159e\u010deno neviditeln\u011b se p\u0159isaj\u00ed a stejn\u011b tak i odpadnou,\u201c\u00a0upozor\u0148uje\u00a0MUDr. Rodion Schwarz, praktick\u00fd l\u00e9ka\u0159 pro dosp\u011bl\u00e9 z\u00a0P\u0159\u00edlepsk\u00e9 ordinace,\u00a0a pokra\u010duje:\u00a0\u201eSymptomy se projev\u00ed v\u011bt\u0161inou ji\u017e po n\u011bkolika dnech, n\u011bkdy v\u0161ak i t\u00fddnech \u010di m\u011bs\u00edc\u00edch.\u201c<\/p><br>\n\n\n\n<h2 class=\"wp-block-heading\"><strong>Boreli\u00f3za a encefalitida<\/strong><\/h2>\n\n\n\n<p>Z\u00e1ke\u0159n\u00e9 nemoci. \u201ePokud pacient m\u00e1 symptomatiku aktivn\u011b prob\u00edhaj\u00edc\u00ed boreliozy \u2013 boreliotick\u00fd flek, zvl\u00e1\u0161tn\u00ed \u00fanavu, kter\u00e1 neodpov\u00edd\u00e1 v\u011bku, fyzick\u00e9 z\u00e1t\u011b\u017ei apod, bolesti kloub\u016f, v pozd\u011bj\u0161\u00edch f\u00e1z\u00edch nervovou symptomatiku, je nutn\u00e9 v\u017edy aktivn\u011b za t\u00edm hledat mimo jin\u00e9 i boreli\u00f3zu,\u201c poukazuje\u00a0l\u00e9ka\u0159 a pokra\u010duje encefalitidou:\u00a0\u201eTady naopak je to zcela zjevn\u00e9 \u2013 sv\u011btloplachost, siln\u00e9 bolesti hlavy, nemo\u017enost dotknout se bradou hrudn\u00edku. V\u011bt\u0161inou pacient nebo jeho bl\u00edzc\u00ed okam\u017eit\u011b v\u00ed, \u017ee se d\u011bje n\u011bco opravdu v\u00e1\u017en\u00e9ho.\u201c<\/p><br>\n\n\n\n<figure class=\"wp-block-image size-large\"><img loading=\"lazy\" decoding=\"async\" width=\"1024\" height=\"683\" src=\"https:\/\/www.mzone.cz\/wp-content\/uploads\/2021\/04\/Borelioza-1024x683.jpg\" alt=\"Boreli\u00f3za\" class=\"wp-image-32126\" srcset=\"https:\/\/www.mzone.cz\/wp-content\/uploads\/2021\/04\/Borelioza-1024x683.jpg 1024w, https:\/\/www.mzone.cz\/wp-content\/uploads\/2021\/04\/Borelioza-300x200.jpg 300w, https:\/\/www.mzone.cz\/wp-content\/uploads\/2021\/04\/Borelioza-768x512.jpg 768w, https:\/\/www.mzone.cz\/wp-content\/uploads\/2021\/04\/Borelioza-1536x1024.jpg 1536w, https:\/\/www.mzone.cz\/wp-content\/uploads\/2021\/04\/Borelioza-2048x1365.jpg 2048w, https:\/\/www.mzone.cz\/wp-content\/uploads\/2021\/04\/Borelioza-16x12.jpg 16w, https:\/\/www.mzone.cz\/wp-content\/uploads\/2021\/04\/Borelioza-800x533.jpg 800w, https:\/\/www.mzone.cz\/wp-content\/uploads\/2021\/04\/Borelioza-400x267.jpg 400w, https:\/\/www.mzone.cz\/wp-content\/uploads\/2021\/04\/Borelioza-500x333.jpg 500w, https:\/\/www.mzone.cz\/wp-content\/uploads\/2021\/04\/Borelioza-1170x780.jpg 1170w, https:\/\/www.mzone.cz\/wp-content\/uploads\/2021\/04\/Borelioza-590x393.jpg 590w\" sizes=\"auto, (max-width: 1024px) 100vw, 1024px\" \/><\/figure><br>\n\n\n\n<h2 class=\"wp-block-heading\"><strong>Jak prob\u00edh\u00e1 l\u00e9\u010dba?<\/strong><\/h2>\n\n\n\n<p>L\u00e9\u010dba obou nemoc\u00ed prob\u00edh\u00e1 rozd\u00edln\u011b. \u201eBoreli\u00f3za se l\u00e9\u010d\u00ed antibiotiky, naopak u encefalitidy je nutn\u00e1 hospitalizace a komplexn\u00ed zdravotn\u00ed p\u00e9\u010de. V na\u0161\u00ed ordinaci po l\u00e9\u010db\u011b boreli\u00f3zy d\u00e1v\u00e1me pacient\u016fm takzvanou postboreliotickou l\u00e9\u010dbu, kter\u00e1 se skl\u00e1d\u00e1 ze speci\u00e1ln\u00edho j\u00eddeln\u00ed\u010dku, odvar\u016f \u010di tablet \u010d\u00ednsk\u00fdch bylin a medicin\u00e1n\u00edch hub jako je Corioulus \u010di Reishi,\u201c p\u0159ibli\u017euje\u00a0Rodion Schwarz.<\/p><br>\n\n\n\n<h2 class=\"wp-block-heading\"><strong>Imunita je z\u00e1klad<\/strong><\/h2>\n\n\n\n<p>Jak se chr\u00e1nit? \u201eNejlep\u0161\u00ed ochranou je siln\u00e1 imunita. Pos\u00edlit svou obranyschopnost,\u201c rad\u00ed l\u00e9ka\u0159. \u201eV na\u0161\u00ed ordinaci m\u00e1me dobrou zku\u0161enost s vyu\u017eit\u00edm kombinace \u010dist\u00fdch imunoglukan\u016f s p\u0159\u00edrodn\u00edm vitam\u00ednem C,\u201c\u00a0\u0159\u00edk\u00e1<em>\u00a0<\/em>MUDr. Rodion Schwarz\u00a0<em>a\u00a0<\/em>pokra\u010duje<em>:<\/em>\u00a0\u201eTak\u00e9 se osv\u011bd\u010dily n\u011bkter\u00e9 sm\u011bsi bylin, kter\u00e9 se sestavuj\u00ed individu\u00e1ln\u011b podle konstituce a aktu\u00e1ln\u00edho zdravotn\u00edho stavu pacienta. V neposledn\u00ed \u0159ad\u011b je nutn\u00e9 zm\u00ednit, \u017ee blahod\u00e1rn\u00e9 \u00fa\u010dinky m\u00e1 i vyu\u017eit\u00ed CBD tinktur.\u201c<\/p><br>\n\n\n\n<figure class=\"wp-block-image size-large\"><img loading=\"lazy\" decoding=\"async\" width=\"1024\" height=\"683\" src=\"https:\/\/www.mzone.cz\/wp-content\/uploads\/2021\/04\/kliste-pixabay1-1024x683.jpg\" alt=\"Kl\u00ed\u0161\u0165ata jsou z\u00e1ke\u0159n\u00e1\" class=\"wp-image-32131\" srcset=\"https:\/\/www.mzone.cz\/wp-content\/uploads\/2021\/04\/kliste-pixabay1-1024x683.jpg 1024w, https:\/\/www.mzone.cz\/wp-content\/uploads\/2021\/04\/kliste-pixabay1-300x200.jpg 300w, https:\/\/www.mzone.cz\/wp-content\/uploads\/2021\/04\/kliste-pixabay1-768x512.jpg 768w, https:\/\/www.mzone.cz\/wp-content\/uploads\/2021\/04\/kliste-pixabay1-1536x1024.jpg 1536w, https:\/\/www.mzone.cz\/wp-content\/uploads\/2021\/04\/kliste-pixabay1-16x12.jpg 16w, https:\/\/www.mzone.cz\/wp-content\/uploads\/2021\/04\/kliste-pixabay1-800x533.jpg 800w, https:\/\/www.mzone.cz\/wp-content\/uploads\/2021\/04\/kliste-pixabay1-400x267.jpg 400w, https:\/\/www.mzone.cz\/wp-content\/uploads\/2021\/04\/kliste-pixabay1-500x333.jpg 500w, https:\/\/www.mzone.cz\/wp-content\/uploads\/2021\/04\/kliste-pixabay1-1170x780.jpg 1170w, https:\/\/www.mzone.cz\/wp-content\/uploads\/2021\/04\/kliste-pixabay1-590x393.jpg 590w, https:\/\/www.mzone.cz\/wp-content\/uploads\/2021\/04\/kliste-pixabay1.jpg 1710w\" sizes=\"auto, (max-width: 1024px) 100vw, 1024px\" \/><\/figure><br>\n\n\n\n<h2 class=\"wp-block-heading\"><strong>Kl\u00ed\u0161\u0165ata jsou p\u0159ena\u0161e\u010di dal\u0161\u00edch nemoc\u00ed, mezi kter\u00e9 pat\u0159\u00ed:<\/strong><\/h2>\n\n\n\n<h3 class=\"wp-block-heading\"><strong>Ehrlichi\u00f3za<\/strong><\/h3>\n\n\n\n<p>Bakterie, kter\u00e9 p\u0159en\u00e1\u0161ej\u00ed kl\u00ed\u0161\u0165ata, napadaj\u00ed b\u00edl\u00e9 krvinky, kter\u00e9 tak p\u0159ich\u00e1z\u00ed o svou obrannou funkci. Projevy nemoci spo\u010d\u00edvaj\u00ed v\u00a0bolestech hlavy a sval\u016f, m\u016f\u017ee se vyskytnout vyr\u00e1\u017eka i r\u016fzn\u00e1 ochrnut\u00ed. L\u00e9\u010dba nemoci spo\u010d\u00edv\u00e1 v\u00a0u\u017e\u00edv\u00e1n\u00ed antibiotik. Nel\u00e9\u010den\u00e1 Ehrlichi\u00f3za ohro\u017euje na \u017eivot\u011b.<\/p><br>\n\n\n\n<h3 class=\"wp-block-heading\"><strong>Tular\u00e9mie<\/strong><\/h3>\n\n\n\n<p>Tular\u00e9mie, n\u011bkdy tak\u00e9 <a href=\"https:\/\/cs.wikipedia.org\/wiki\/Tular\u00e9mie\" target=\"_blank\" rel=\"noreferrer noopener\">zaje\u010d\u00ed nemoc<\/a>. Bakteri\u00e1ln\u00ed onemocn\u011bn\u00ed hlodavc\u016f a zaj\u00edc\u016f, kl\u00ed\u0161\u0165ata jej p\u0159en\u00e1\u0161ej\u00ed na \u010dlov\u011bka. P\u0159\u00edznaky spo\u010d\u00edvaj\u00ed v\u00a0z\u00e1n\u011btu lymfatick\u00fdch uzlin a c\u00e9v, nekr\u00f3zy a hore\u010dnat\u00fdch stavech. Nutn\u00e9 je podat antibiotika. Pokud nedojde k\u00a0l\u00e9\u010db\u011b, m\u016f\u017ee nemoc zp\u016fsobit smrt.<\/p><br>\n\n\n\n<h3 class=\"wp-block-heading\"><strong>Babesi\u00f3za<\/strong><\/h3>\n\n\n\n<p>Onemocn\u011bn\u00edm jsou posti\u017eeni obvykle star\u0161\u00ed pacienti, doprov\u00e1z\u00ed\u00a0lymskou boreli\u00f3zu. Pro nemoc je typick\u00e9 zv\u011bt\u0161en\u00ed jater, \u017eloutenka, hore\u010dka, nechutenstv\u00ed, bolest sval\u016f a kloub\u016f \u010di \u00fanava a du\u0161nost. L\u00e9\u010dba spo\u010d\u00edv\u00e1 v\u00a0pod\u00e1v\u00e1n\u00ed antibiotik.<\/p><br>\n\n\n\n<h3 class=\"wp-block-heading\"><strong>Bartonel\u00f3za<\/strong><\/h3>\n\n\n\n<p>Onemocn\u011bn\u00ed, kter\u00e9 na \u010dlov\u011bka zpravidla p\u0159enese ko\u010dka \u010di pes. Projevy nemoci spo\u010d\u00edvaj\u00ed v\u00a0hore\u010dk\u00e1ch, zdu\u0159en\u00fdch uzlin\u00e1ch, posti\u017een\u00edm k\u016f\u017ee. L\u00e9\u010dba spo\u010d\u00edv\u00e1 v\u00a0pod\u00e1v\u00e1n\u00ed antibiotik.<\/p><br>\n\n\n\n<div class=\"wp-block-media-text alignwide is-stacked-on-mobile is-vertically-aligned-top\" style=\"grid-template-columns:24% auto\"><figure class=\"wp-block-media-text__media\"><a href=\"https:\/\/www.mzone.cz\/jen-par-kilo-navic-kdy-uz-je-nadvaha-cestou-k-cukrovce\/\"><img loading=\"lazy\" decoding=\"async\" width=\"1024\" height=\"683\" src=\"https:\/\/www.mzone.cz\/wp-content\/uploads\/2020\/12\/Obezni-muz-1024x683.jpg\" alt=\"\" class=\"wp-image-26444 size-full\" srcset=\"https:\/\/www.mzone.cz\/wp-content\/uploads\/2020\/12\/Obezni-muz-1024x683.jpg 1024w, https:\/\/www.mzone.cz\/wp-content\/uploads\/2020\/12\/Obezni-muz-300x200.jpg 300w, https:\/\/www.mzone.cz\/wp-content\/uploads\/2020\/12\/Obezni-muz-768x512.jpg 768w, https:\/\/www.mzone.cz\/wp-content\/uploads\/2020\/12\/Obezni-muz-1536x1024.jpg 1536w, https:\/\/www.mzone.cz\/wp-content\/uploads\/2020\/12\/Obezni-muz-2048x1365.jpg 2048w, https:\/\/www.mzone.cz\/wp-content\/uploads\/2020\/12\/Obezni-muz-16x12.jpg 16w, https:\/\/www.mzone.cz\/wp-content\/uploads\/2020\/12\/Obezni-muz-800x533.jpg 800w, https:\/\/www.mzone.cz\/wp-content\/uploads\/2020\/12\/Obezni-muz-400x267.jpg 400w, https:\/\/www.mzone.cz\/wp-content\/uploads\/2020\/12\/Obezni-muz-500x333.jpg 500w, https:\/\/www.mzone.cz\/wp-content\/uploads\/2020\/12\/Obezni-muz-1170x780.jpg 1170w, https:\/\/www.mzone.cz\/wp-content\/uploads\/2020\/12\/Obezni-muz-590x393.jpg 590w\" sizes=\"auto, (max-width: 1024px) 100vw, 1024px\" \/><\/a><\/figure><div class=\"wp-block-media-text__content\">\n<h4><a href=\"https:\/\/www.mzone.cz\/jen-par-kilo-navic-kdy-uz-je-nadvaha-cestou-k-cukrovce\/\">\u201eJen\u201c p\u00e1r kilo nav\u00edc. Kdy u\u017e je nadv\u00e1ha cestou k cukrovce?<\/a><\/h4><br>\n<\/div><\/div>","protected":false},"excerpt":{"rendered":"<p>Za\u010dalo jaro a s\u00a0n\u00edm za\u010d\u00ednaj\u00ed vyl\u00e9zat i kl\u00ed\u0161\u0165ata. Ta mohou na \u010dlov\u011bka p\u0159en\u00e1\u0161et r\u016fzn\u00e9 nemoci, nejen boreli\u00f3zu a encefalitidu. O kter\u00e9 se jedn\u00e1? \u010clov\u011bk se od kl\u00ed\u0161t\u011bte m\u016f\u017ee nakazit, ani\u017e by na sob\u011b n\u011bjak\u00e9 na\u0161el.\u00a0\u201eZ velk\u00e9 \u010d\u00e1sti to jsou pr\u00e1v\u011b kl\u00ed\u0161\u0165ata \u010di jejich nymfy, kter\u00e9 \u010dastokr\u00e1t nejdou zpozorovat p\u0159i b\u011b\u017en\u00e9 prohl\u00eddce k\u016f\u017ee. Jednodu\u0161e \u0159e\u010deno neviditeln\u011b [&hellip;]<\/p>\n","protected":false},"author":4,"featured_media":32119,"comment_status":"open","ping_status":"closed","sticky":false,"template":"","format":"standard","meta":{"kk_blocks_editor_width":"","_kiokenblocks_attr":"","_kiokenblocks_dimensions":"","footnotes":""},"categories":[296,25,62],"tags":[5022,321,5021,5020,5023,502,2014,1231,298,255,490,149],"class_list":["post-32117","post","type-post","status-publish","format-standard","has-post-thumbnail","hentry","category-priroda","category-style","category-zdravi","tag-borelioza","tag-jaro","tag-klistata","tag-kliste","tag-klistova-encefalitida","tag-nemoc","tag-nemoci","tag-onemocneni","tag-priroda","tag-riziko","tag-style","tag-zdravi"],"yoast_head":"<!-- This site is optimized with the Yoast SEO plugin v27.5 - https:\/\/yoast.com\/product\/yoast-seo-wordpress\/ -->\n<title>Pozor, sez\u00f3na kl\u00ed\u0161\u0165at za\u010dala! Odborn\u00edk upozor\u0148uje na nej\u010dast\u011bj\u0161\u00ed komplikace - Mzone<\/title>\n<meta name=\"description\" content=\"Za\u010dalo jaro a s n\u00edm za\u010d\u00ednaj\u00ed vyl\u00e9zat i kl\u00ed\u0161\u0165ata. Ta mohou na \u010dlov\u011bka p\u0159en\u00e1\u0161et r\u016fzn\u00e9 nemoci, nejen boreli\u00f3zu a encefalitidu. O kter\u00e9 se jedn\u00e1?\" \/>\n<meta name=\"robots\" content=\"index, follow, max-snippet:-1, max-image-preview:large, max-video-preview:-1\" \/>\n<link rel=\"canonical\" href=\"https:\/\/www.mzone.cz\/en\/klistata-sezona-zacala-odbornik-upozornuje-na-nejcastejsi-komplikace\/\" \/>\n<meta property=\"og:locale\" content=\"en_US\" \/>\n<meta property=\"og:type\" content=\"article\" \/>\n<meta property=\"og:title\" content=\"Pozor, sez\u00f3na kl\u00ed\u0161\u0165at za\u010dala! Odborn\u00edk upozor\u0148uje na nej\u010dast\u011bj\u0161\u00ed komplikace - Mzone\" \/>\n<meta property=\"og:description\" content=\"Za\u010dalo jaro a s n\u00edm za\u010d\u00ednaj\u00ed vyl\u00e9zat i kl\u00ed\u0161\u0165ata. Ta mohou na \u010dlov\u011bka p\u0159en\u00e1\u0161et r\u016fzn\u00e9 nemoci, nejen boreli\u00f3zu a encefalitidu. O kter\u00e9 se jedn\u00e1?\" \/>\n<meta property=\"og:url\" content=\"https:\/\/www.mzone.cz\/en\/klistata-sezona-zacala-odbornik-upozornuje-na-nejcastejsi-komplikace\/\" \/>\n<meta property=\"og:site_name\" content=\"Mzone\" \/>\n<meta property=\"article:publisher\" content=\"https:\/\/www.facebook.com\/MzoneCZ\/\" \/>\n<meta property=\"article:published_time\" content=\"2021-05-02T14:30:00+00:00\" \/>\n<meta property=\"og:image\" content=\"https:\/\/www.mzone.cz\/wp-content\/uploads\/2021\/05\/Kliste-scaled.jpg\" \/>\n\t<meta property=\"og:image:width\" content=\"2560\" \/>\n\t<meta property=\"og:image:height\" content=\"1707\" \/>\n\t<meta property=\"og:image:type\" content=\"image\/jpeg\" \/>\n<meta name=\"author\" content=\"Mzone\" \/>\n<meta name=\"twitter:card\" content=\"summary_large_image\" \/>\n<meta name=\"twitter:label1\" content=\"Written by\" \/>\n\t<meta name=\"twitter:data1\" content=\"Mzone\" \/>\n\t<meta name=\"twitter:label2\" content=\"Est. reading time\" \/>\n\t<meta name=\"twitter:data2\" content=\"3 minutes\" \/>\n<script type=\"application\/ld+json\" class=\"yoast-schema-graph\">{\"@context\":\"https:\\\/\\\/schema.org\",\"@graph\":[{\"@type\":\"Article\",\"@id\":\"https:\\\/\\\/www.mzone.cz\\\/klistata-sezona-zacala-odbornik-upozornuje-na-nejcastejsi-komplikace\\\/#article\",\"isPartOf\":{\"@id\":\"https:\\\/\\\/www.mzone.cz\\\/klistata-sezona-zacala-odbornik-upozornuje-na-nejcastejsi-komplikace\\\/\"},\"author\":{\"name\":\"Mzone\",\"@id\":\"https:\\\/\\\/www.mzone.cz\\\/#\\\/schema\\\/person\\\/9bc20cc422a99cac4af6ff9297da32d4\"},\"headline\":\"Pozor, sez\u00f3na kl\u00ed\u0161\u0165at za\u010dala! Odborn\u00edk upozor\u0148uje na nej\u010dast\u011bj\u0161\u00ed komplikace\",\"datePublished\":\"2021-05-02T14:30:00+00:00\",\"mainEntityOfPage\":{\"@id\":\"https:\\\/\\\/www.mzone.cz\\\/klistata-sezona-zacala-odbornik-upozornuje-na-nejcastejsi-komplikace\\\/\"},\"wordCount\":656,\"commentCount\":0,\"image\":{\"@id\":\"https:\\\/\\\/www.mzone.cz\\\/klistata-sezona-zacala-odbornik-upozornuje-na-nejcastejsi-komplikace\\\/#primaryimage\"},\"thumbnailUrl\":\"https:\\\/\\\/www.mzone.cz\\\/wp-content\\\/uploads\\\/2021\\\/05\\\/Kliste-scaled.jpg\",\"keywords\":[\"boreli\u00f3za\",\"jaro\",\"kl\u00ed\u0161\u0165ata\",\"kl\u00ed\u0161t\u011b\",\"kl\u00ed\u0161\u0165ov\u00e1 encefalitida\",\"nemoc\",\"nemoci\",\"onemocn\u011bn\u00ed\",\"p\u0159\u00edroda\",\"riziko\",\"style\",\"zdrav\u00ed\"],\"articleSection\":[\"P\u0159\u00edroda\",\"Style\",\"Zdrav\u00ed\"],\"inLanguage\":\"en-US\",\"potentialAction\":[{\"@type\":\"CommentAction\",\"name\":\"Comment\",\"target\":[\"https:\\\/\\\/www.mzone.cz\\\/klistata-sezona-zacala-odbornik-upozornuje-na-nejcastejsi-komplikace\\\/#respond\"]}]},{\"@type\":\"WebPage\",\"@id\":\"https:\\\/\\\/www.mzone.cz\\\/klistata-sezona-zacala-odbornik-upozornuje-na-nejcastejsi-komplikace\\\/\",\"url\":\"https:\\\/\\\/www.mzone.cz\\\/klistata-sezona-zacala-odbornik-upozornuje-na-nejcastejsi-komplikace\\\/\",\"name\":\"Pozor, sez\u00f3na kl\u00ed\u0161\u0165at za\u010dala! Odborn\u00edk upozor\u0148uje na nej\u010dast\u011bj\u0161\u00ed komplikace - Mzone\",\"isPartOf\":{\"@id\":\"https:\\\/\\\/www.mzone.cz\\\/#website\"},\"primaryImageOfPage\":{\"@id\":\"https:\\\/\\\/www.mzone.cz\\\/klistata-sezona-zacala-odbornik-upozornuje-na-nejcastejsi-komplikace\\\/#primaryimage\"},\"image\":{\"@id\":\"https:\\\/\\\/www.mzone.cz\\\/klistata-sezona-zacala-odbornik-upozornuje-na-nejcastejsi-komplikace\\\/#primaryimage\"},\"thumbnailUrl\":\"https:\\\/\\\/www.mzone.cz\\\/wp-content\\\/uploads\\\/2021\\\/05\\\/Kliste-scaled.jpg\",\"datePublished\":\"2021-05-02T14:30:00+00:00\",\"author\":{\"@id\":\"https:\\\/\\\/www.mzone.cz\\\/#\\\/schema\\\/person\\\/9bc20cc422a99cac4af6ff9297da32d4\"},\"description\":\"Za\u010dalo jaro a s n\u00edm za\u010d\u00ednaj\u00ed vyl\u00e9zat i kl\u00ed\u0161\u0165ata. Ta mohou na \u010dlov\u011bka p\u0159en\u00e1\u0161et r\u016fzn\u00e9 nemoci, nejen boreli\u00f3zu a encefalitidu. O kter\u00e9 se jedn\u00e1?\",\"breadcrumb\":{\"@id\":\"https:\\\/\\\/www.mzone.cz\\\/klistata-sezona-zacala-odbornik-upozornuje-na-nejcastejsi-komplikace\\\/#breadcrumb\"},\"inLanguage\":\"en-US\",\"potentialAction\":[{\"@type\":\"ReadAction\",\"target\":[\"https:\\\/\\\/www.mzone.cz\\\/klistata-sezona-zacala-odbornik-upozornuje-na-nejcastejsi-komplikace\\\/\"]}]},{\"@type\":\"ImageObject\",\"inLanguage\":\"en-US\",\"@id\":\"https:\\\/\\\/www.mzone.cz\\\/klistata-sezona-zacala-odbornik-upozornuje-na-nejcastejsi-komplikace\\\/#primaryimage\",\"url\":\"https:\\\/\\\/www.mzone.cz\\\/wp-content\\\/uploads\\\/2021\\\/05\\\/Kliste-scaled.jpg\",\"contentUrl\":\"https:\\\/\\\/www.mzone.cz\\\/wp-content\\\/uploads\\\/2021\\\/05\\\/Kliste-scaled.jpg\",\"width\":2560,\"height\":1707,\"caption\":\"Kl\u00ed\u0161t\u011b\"},{\"@type\":\"BreadcrumbList\",\"@id\":\"https:\\\/\\\/www.mzone.cz\\\/klistata-sezona-zacala-odbornik-upozornuje-na-nejcastejsi-komplikace\\\/#breadcrumb\",\"itemListElement\":[{\"@type\":\"ListItem\",\"position\":1,\"name\":\"Dom\u016f\",\"item\":\"https:\\\/\\\/www.mzone.cz\\\/\"},{\"@type\":\"ListItem\",\"position\":2,\"name\":\"Pozor, sez\u00f3na kl\u00ed\u0161\u0165at za\u010dala! Odborn\u00edk upozor\u0148uje na nej\u010dast\u011bj\u0161\u00ed komplikace\"}]},{\"@type\":\"WebSite\",\"@id\":\"https:\\\/\\\/www.mzone.cz\\\/#website\",\"url\":\"https:\\\/\\\/www.mzone.cz\\\/\",\"name\":\"Mzone\",\"description\":\"Magaz\u00edn nejen pro mu\u017ee\",\"potentialAction\":[{\"@type\":\"SearchAction\",\"target\":{\"@type\":\"EntryPoint\",\"urlTemplate\":\"https:\\\/\\\/www.mzone.cz\\\/?s={search_term_string}\"},\"query-input\":{\"@type\":\"PropertyValueSpecification\",\"valueRequired\":true,\"valueName\":\"search_term_string\"}}],\"inLanguage\":\"en-US\"},{\"@type\":\"Person\",\"@id\":\"https:\\\/\\\/www.mzone.cz\\\/#\\\/schema\\\/person\\\/9bc20cc422a99cac4af6ff9297da32d4\",\"name\":\"Mzone\",\"image\":{\"@type\":\"ImageObject\",\"inLanguage\":\"en-US\",\"@id\":\"https:\\\/\\\/secure.gravatar.com\\\/avatar\\\/e780a8630f3182a3d06dd667ab6bea151a0d155b0951bc15fe22633acdac0676?s=96&d=mm&r=g\",\"url\":\"https:\\\/\\\/secure.gravatar.com\\\/avatar\\\/e780a8630f3182a3d06dd667ab6bea151a0d155b0951bc15fe22633acdac0676?s=96&d=mm&r=g\",\"contentUrl\":\"https:\\\/\\\/secure.gravatar.com\\\/avatar\\\/e780a8630f3182a3d06dd667ab6bea151a0d155b0951bc15fe22633acdac0676?s=96&d=mm&r=g\",\"caption\":\"Mzone\"},\"url\":\"https:\\\/\\\/www.mzone.cz\\\/en\\\/author\\\/jakub\\\/\"}]}<\/script>\n<!-- \/ Yoast SEO plugin. -->","yoast_head_json":{"title":"Pozor, sez\u00f3na kl\u00ed\u0161\u0165at za\u010dala! Odborn\u00edk upozor\u0148uje na nej\u010dast\u011bj\u0161\u00ed komplikace - Mzone","description":"Za\u010dalo jaro a s n\u00edm za\u010d\u00ednaj\u00ed vyl\u00e9zat i kl\u00ed\u0161\u0165ata. Ta mohou na \u010dlov\u011bka p\u0159en\u00e1\u0161et r\u016fzn\u00e9 nemoci, nejen boreli\u00f3zu a encefalitidu. O kter\u00e9 se jedn\u00e1?","robots":{"index":"index","follow":"follow","max-snippet":"max-snippet:-1","max-image-preview":"max-image-preview:large","max-video-preview":"max-video-preview:-1"},"canonical":"https:\/\/www.mzone.cz\/en\/klistata-sezona-zacala-odbornik-upozornuje-na-nejcastejsi-komplikace\/","og_locale":"en_US","og_type":"article","og_title":"Pozor, sez\u00f3na kl\u00ed\u0161\u0165at za\u010dala! Odborn\u00edk upozor\u0148uje na nej\u010dast\u011bj\u0161\u00ed komplikace - Mzone","og_description":"Za\u010dalo jaro a s n\u00edm za\u010d\u00ednaj\u00ed vyl\u00e9zat i kl\u00ed\u0161\u0165ata. Ta mohou na \u010dlov\u011bka p\u0159en\u00e1\u0161et r\u016fzn\u00e9 nemoci, nejen boreli\u00f3zu a encefalitidu. O kter\u00e9 se jedn\u00e1?","og_url":"https:\/\/www.mzone.cz\/en\/klistata-sezona-zacala-odbornik-upozornuje-na-nejcastejsi-komplikace\/","og_site_name":"Mzone","article_publisher":"https:\/\/www.facebook.com\/MzoneCZ\/","article_published_time":"2021-05-02T14:30:00+00:00","og_image":[{"width":2560,"height":1707,"url":"https:\/\/www.mzone.cz\/wp-content\/uploads\/2021\/05\/Kliste-scaled.jpg","type":"image\/jpeg"}],"author":"Mzone","twitter_card":"summary_large_image","twitter_misc":{"Written by":"Mzone","Est. reading time":"3 minutes"},"schema":{"@context":"https:\/\/schema.org","@graph":[{"@type":"Article","@id":"https:\/\/www.mzone.cz\/klistata-sezona-zacala-odbornik-upozornuje-na-nejcastejsi-komplikace\/#article","isPartOf":{"@id":"https:\/\/www.mzone.cz\/klistata-sezona-zacala-odbornik-upozornuje-na-nejcastejsi-komplikace\/"},"author":{"name":"Mzone","@id":"https:\/\/www.mzone.cz\/#\/schema\/person\/9bc20cc422a99cac4af6ff9297da32d4"},"headline":"Pozor, sez\u00f3na kl\u00ed\u0161\u0165at za\u010dala! Odborn\u00edk upozor\u0148uje na nej\u010dast\u011bj\u0161\u00ed komplikace","datePublished":"2021-05-02T14:30:00+00:00","mainEntityOfPage":{"@id":"https:\/\/www.mzone.cz\/klistata-sezona-zacala-odbornik-upozornuje-na-nejcastejsi-komplikace\/"},"wordCount":656,"commentCount":0,"image":{"@id":"https:\/\/www.mzone.cz\/klistata-sezona-zacala-odbornik-upozornuje-na-nejcastejsi-komplikace\/#primaryimage"},"thumbnailUrl":"https:\/\/www.mzone.cz\/wp-content\/uploads\/2021\/05\/Kliste-scaled.jpg","keywords":["boreli\u00f3za","jaro","kl\u00ed\u0161\u0165ata","kl\u00ed\u0161t\u011b","kl\u00ed\u0161\u0165ov\u00e1 encefalitida","nemoc","nemoci","onemocn\u011bn\u00ed","p\u0159\u00edroda","riziko","style","zdrav\u00ed"],"articleSection":["P\u0159\u00edroda","Style","Zdrav\u00ed"],"inLanguage":"en-US","potentialAction":[{"@type":"CommentAction","name":"Comment","target":["https:\/\/www.mzone.cz\/klistata-sezona-zacala-odbornik-upozornuje-na-nejcastejsi-komplikace\/#respond"]}]},{"@type":"WebPage","@id":"https:\/\/www.mzone.cz\/klistata-sezona-zacala-odbornik-upozornuje-na-nejcastejsi-komplikace\/","url":"https:\/\/www.mzone.cz\/klistata-sezona-zacala-odbornik-upozornuje-na-nejcastejsi-komplikace\/","name":"Pozor, sez\u00f3na kl\u00ed\u0161\u0165at za\u010dala! Odborn\u00edk upozor\u0148uje na nej\u010dast\u011bj\u0161\u00ed komplikace - Mzone","isPartOf":{"@id":"https:\/\/www.mzone.cz\/#website"},"primaryImageOfPage":{"@id":"https:\/\/www.mzone.cz\/klistata-sezona-zacala-odbornik-upozornuje-na-nejcastejsi-komplikace\/#primaryimage"},"image":{"@id":"https:\/\/www.mzone.cz\/klistata-sezona-zacala-odbornik-upozornuje-na-nejcastejsi-komplikace\/#primaryimage"},"thumbnailUrl":"https:\/\/www.mzone.cz\/wp-content\/uploads\/2021\/05\/Kliste-scaled.jpg","datePublished":"2021-05-02T14:30:00+00:00","author":{"@id":"https:\/\/www.mzone.cz\/#\/schema\/person\/9bc20cc422a99cac4af6ff9297da32d4"},"description":"Za\u010dalo jaro a s n\u00edm za\u010d\u00ednaj\u00ed vyl\u00e9zat i kl\u00ed\u0161\u0165ata. Ta mohou na \u010dlov\u011bka p\u0159en\u00e1\u0161et r\u016fzn\u00e9 nemoci, nejen boreli\u00f3zu a encefalitidu. O kter\u00e9 se jedn\u00e1?","breadcrumb":{"@id":"https:\/\/www.mzone.cz\/klistata-sezona-zacala-odbornik-upozornuje-na-nejcastejsi-komplikace\/#breadcrumb"},"inLanguage":"en-US","potentialAction":[{"@type":"ReadAction","target":["https:\/\/www.mzone.cz\/klistata-sezona-zacala-odbornik-upozornuje-na-nejcastejsi-komplikace\/"]}]},{"@type":"ImageObject","inLanguage":"en-US","@id":"https:\/\/www.mzone.cz\/klistata-sezona-zacala-odbornik-upozornuje-na-nejcastejsi-komplikace\/#primaryimage","url":"https:\/\/www.mzone.cz\/wp-content\/uploads\/2021\/05\/Kliste-scaled.jpg","contentUrl":"https:\/\/www.mzone.cz\/wp-content\/uploads\/2021\/05\/Kliste-scaled.jpg","width":2560,"height":1707,"caption":"Kl\u00ed\u0161t\u011b"},{"@type":"BreadcrumbList","@id":"https:\/\/www.mzone.cz\/klistata-sezona-zacala-odbornik-upozornuje-na-nejcastejsi-komplikace\/#breadcrumb","itemListElement":[{"@type":"ListItem","position":1,"name":"Dom\u016f","item":"https:\/\/www.mzone.cz\/"},{"@type":"ListItem","position":2,"name":"Pozor, sez\u00f3na kl\u00ed\u0161\u0165at za\u010dala! Odborn\u00edk upozor\u0148uje na nej\u010dast\u011bj\u0161\u00ed komplikace"}]},{"@type":"WebSite","@id":"https:\/\/www.mzone.cz\/#website","url":"https:\/\/www.mzone.cz\/","name":"Mzone","description":"Magaz\u00edn nejen pro mu\u017ee","potentialAction":[{"@type":"SearchAction","target":{"@type":"EntryPoint","urlTemplate":"https:\/\/www.mzone.cz\/?s={search_term_string}"},"query-input":{"@type":"PropertyValueSpecification","valueRequired":true,"valueName":"search_term_string"}}],"inLanguage":"en-US"},{"@type":"Person","@id":"https:\/\/www.mzone.cz\/#\/schema\/person\/9bc20cc422a99cac4af6ff9297da32d4","name":"Mzone","image":{"@type":"ImageObject","inLanguage":"en-US","@id":"https:\/\/secure.gravatar.com\/avatar\/e780a8630f3182a3d06dd667ab6bea151a0d155b0951bc15fe22633acdac0676?s=96&d=mm&r=g","url":"https:\/\/secure.gravatar.com\/avatar\/e780a8630f3182a3d06dd667ab6bea151a0d155b0951bc15fe22633acdac0676?s=96&d=mm&r=g","contentUrl":"https:\/\/secure.gravatar.com\/avatar\/e780a8630f3182a3d06dd667ab6bea151a0d155b0951bc15fe22633acdac0676?s=96&d=mm&r=g","caption":"Mzone"},"url":"https:\/\/www.mzone.cz\/en\/author\/jakub\/"}]}},"_links":{"self":[{"href":"https:\/\/www.mzone.cz\/en\/wp-json\/wp\/v2\/posts\/32117","targetHints":{"allow":["GET"]}}],"collection":[{"href":"https:\/\/www.mzone.cz\/en\/wp-json\/wp\/v2\/posts"}],"about":[{"href":"https:\/\/www.mzone.cz\/en\/wp-json\/wp\/v2\/types\/post"}],"author":[{"embeddable":true,"href":"https:\/\/www.mzone.cz\/en\/wp-json\/wp\/v2\/users\/4"}],"replies":[{"embeddable":true,"href":"https:\/\/www.mzone.cz\/en\/wp-json\/wp\/v2\/comments?post=32117"}],"version-history":[{"count":13,"href":"https:\/\/www.mzone.cz\/en\/wp-json\/wp\/v2\/posts\/32117\/revisions"}],"predecessor-version":[{"id":32139,"href":"https:\/\/www.mzone.cz\/en\/wp-json\/wp\/v2\/posts\/32117\/revisions\/32139"}],"wp:featuredmedia":[{"embeddable":true,"href":"https:\/\/www.mzone.cz\/en\/wp-json\/wp\/v2\/media\/32119"}],"wp:attachment":[{"href":"https:\/\/www.mzone.cz\/en\/wp-json\/wp\/v2\/media?parent=32117"}],"wp:term":[{"taxonomy":"category","embeddable":true,"href":"https:\/\/www.mzone.cz\/en\/wp-json\/wp\/v2\/categories?post=32117"},{"taxonomy":"post_tag","embeddable":true,"href":"https:\/\/www.mzone.cz\/en\/wp-json\/wp\/v2\/tags?post=32117"}],"curies":[{"name":"wp","href":"https:\/\/api.w.org\/{rel}","templated":true}]}}