{"id":32215,"date":"2021-05-04T05:00:00","date_gmt":"2021-05-04T03:00:00","guid":{"rendered":"https:\/\/www.mzone.cz\/?p=32215"},"modified":"2021-05-03T11:04:32","modified_gmt":"2021-05-03T09:04:32","slug":"devadesatky-zmapuje-celovecerni-film-dokument-i-kniha-vase-vzpominka-muze-pomoci","status":"publish","type":"post","link":"https:\/\/www.mzone.cz\/en\/devadesatky-zmapuje-celovecerni-film-dokument-i-kniha-vase-vzpominka-muze-pomoci\/","title":{"rendered":"Fenom\u00e9n devades\u00e1tek zmapuje celove\u010dern\u00ed film, dokument i kniha. I va\u0161e vzpom\u00ednka m\u016f\u017ee pomoci"},"content":{"rendered":"<p><strong>Byla to doba pln\u00e1 euforie a nad\u011bj\u00ed, dek\u00e1da pln\u00e1 zm\u011bn. Padla stavidla, svoboda byla v\u0161ude a jak\u00e9koli mantinely byly tak daleko, \u017ee je mnoz\u00ed ani nezahl\u00e9dli. Je na \u010dase na tuto dobu \u0159\u00e1dn\u011b zavzpom\u00ednat!<\/strong><\/p><br>\n\n\n\n<p>Byly to zlat\u00e9 \u010dasy! Dovalili se Rolling Stones, sov\u011btsk\u00fdm tank\u016fm zam\u00e1val z p\u00f3dia Frank Zappa, do Prahy se vr\u00e1til Ivan Kr\u00e1l, zpod b\u00fdval\u00e9ho Stalinova pomn\u00edku za\u010dalo vys\u00edlat prvn\u00ed soukrom\u00e9 r\u00e1dio a Michael Stipe z R.E.M. se marn\u011b sna\u017eil zaplatit za sma\u017e\u00e1k u st\u00e1nku na Vranovsk\u00e9 p\u0159ehrad\u011b platinovou kreditkou.<\/p>\n\n\n\n<blockquote class=\"wp-block-quote is-layout-flow wp-block-quote-is-layout-flow\"><p>Rock se st\u00e1v\u00e1 mainstreamem, Lucie je na vrcholu. Des\u00edtky, mo\u017en\u00e1 stovky nov\u00fdch \u010desk\u00fdch, moravsk\u00fdch i slovensk\u00fdch kapel zkoumaj\u00ed nejr\u016fzn\u011bj\u0161\u00ed stylov\u00e1 z\u00e1kout\u00ed punku, hardcoru, crossoveru, v\u0159e to na elektronick\u00e9 sc\u00e9n\u011b a na dve\u0159e klepe agresivn\u00edmi beaty hip hop.<\/p><\/blockquote>\n\n\n\n<p>Devades\u00e1t\u00e1 l\u00e9ta minul\u00e9ho stolet\u00ed byla v historii na\u0161\u00ed kultury a zejm\u00e9na hudby natolik mimo\u0159\u00e1dnou a neopakovatelnou dobou, \u017ee si zaslou\u017e\u00ed d\u016fkladn\u00e9 zmapov\u00e1n\u00ed. Z r\u016fzn\u00fdch \u00fahl\u016f pohledu se tomuto fenom\u00e9nu bude v\u011bnovat rozs\u00e1hl\u00fd <a href=\"https:\/\/www.devadesatky.com\/\" target=\"_blank\" rel=\"noreferrer noopener\">projekt Devades\u00e1tky<\/a>, kter\u00fd vznik\u00e1 pod veden\u00edm filmov\u00e9ho producenta Petra Kozy.<\/p><br>\n\n\n\n<figure class=\"wp-block-image size-large\"><img loading=\"lazy\" decoding=\"async\" width=\"1024\" height=\"496\" src=\"https:\/\/www.mzone.cz\/wp-content\/uploads\/2021\/05\/Devadesata-leta-vstupenka-1024x496.jpg\" alt=\"Devades\u00e1t\u00e1 l\u00e9ta - vstupenka\" class=\"wp-image-32222\" srcset=\"https:\/\/www.mzone.cz\/wp-content\/uploads\/2021\/05\/Devadesata-leta-vstupenka-1024x496.jpg 1024w, https:\/\/www.mzone.cz\/wp-content\/uploads\/2021\/05\/Devadesata-leta-vstupenka-300x145.jpg 300w, https:\/\/www.mzone.cz\/wp-content\/uploads\/2021\/05\/Devadesata-leta-vstupenka-768x372.jpg 768w, https:\/\/www.mzone.cz\/wp-content\/uploads\/2021\/05\/Devadesata-leta-vstupenka-1536x744.jpg 1536w, https:\/\/www.mzone.cz\/wp-content\/uploads\/2021\/05\/Devadesata-leta-vstupenka-16x8.jpg 16w, https:\/\/www.mzone.cz\/wp-content\/uploads\/2021\/05\/Devadesata-leta-vstupenka-590x286.jpg 590w, https:\/\/www.mzone.cz\/wp-content\/uploads\/2021\/05\/Devadesata-leta-vstupenka.jpg 2031w\" sizes=\"auto, (max-width: 1024px) 100vw, 1024px\" \/><\/figure><br>\n\n\n\n<p>Nejen pam\u011btn\u00edci se mohou t\u011b\u0161it na celove\u010dern\u00ed film re\u017eis\u00e9ra Radima \u0160pa\u010dka a scen\u00e1risty Luk\u00e1\u0161e Csicselyho, \u0161estid\u00edln\u00fd dokument\u00e1rn\u00ed televizn\u00ed cyklus Jakuba Skalick\u00e9ho i knihu p\u0159edn\u00edho hudebn\u00edho historika a publicisty Radka Diestlera.<\/p>\n\n\n\n<blockquote class=\"wp-block-quote is-layout-flow wp-block-quote-is-layout-flow\"><p>Traduje se, \u017ee kdo si n\u011bco z devades\u00e1tek pamatuje, tak je doopravdy nepro\u017eil. Mo\u017en\u00e1 ale, \u017ee pr\u00e1v\u011b vy m\u00e1te doma n\u011bjakou hmatatelnou vzpom\u00ednku, kter\u00e1 m\u016f\u017ee autor\u016fm Devades\u00e1tek pomoci.<\/p><\/blockquote>\n\n\n\n<p>Auto\u0159i projektu pros\u00ed o pomoc s hled\u00e1n\u00edm archivn\u00edch materi\u00e1l\u016f z let 1990-99, fotografie, plak\u00e1ty, vstupenky, programy, soukrom\u00e9 nahr\u00e1vky, audio i video z\u00e1znamy z koncert\u016f \u010di parties v klubech i na festivalech (jejich digitalizaci si auto\u0159i zajist\u00ed), fanziny, \u010dasopisy a dal\u0161\u00ed memorabilie z tohoto obdob\u00ed, v\u010detn\u011b koncert\u016f zahrani\u010dn\u00edch interpret\u016f na na\u0161ich p\u00f3di\u00edch. T\u00fdm Devades\u00e1tek p\u0159edem d\u011bkuje za va\u0161e tipy a bli\u017e\u0161\u00ed informace, kter\u00e9 m\u016f\u017eete zaslat na e-mail <a href=\"mailto:90ky@kozafilm.com\" target=\"_blank\" rel=\"noreferrer noopener\">90ky@kozafilm.com<\/a>.<\/p><br>\n\n\n\n<p>Petr Koza, producent a inici\u00e1tor cel\u00e9ho projektu, za\u017eil devades\u00e1t\u00e1 l\u00e9ta jako d\u00edt\u011b a teenager, emocion\u00e1ln\u00ed impulsy t\u00e9 doby a objevov\u00e1n\u00ed r\u016fzn\u00fdch hudebn\u00edch styl\u016f v\u0161ak pro n\u011bj z\u016fstaly kl\u00ed\u010dov\u00e9. \u201eVrac\u00edm se p\u0159es tehdej\u0161\u00ed hudbu ve vzpom\u00ednk\u00e1ch do doby, po kter\u00e9 se mi st\u00fdsk\u00e1, ale\u00a0nev\u00edm p\u0159esn\u011b, co bylo za t\u00edm v\u0161\u00edm. A to je pro m\u011b vlastn\u011b kl\u00ed\u010d k otev\u0159en\u00ed toho velk\u00e9ho p\u0159\u00edb\u011bhu a dlouh\u00e9ho vypr\u00e1v\u011bn\u00ed,\u201d \u0159\u00edk\u00e1 Petr Koza a dod\u00e1v\u00e1: \u201cDalo by se \u0159\u00edci, \u017ee jde o celkem ned\u00e1vnou historii, ale \u010das let\u00ed rychleji, ne\u017e se n\u00e1m zd\u00e1 a od roku 1990 u\u017e je to v\u00edce jak 30 let. Je to jeden z mnoha d\u016fvodu se d\u016fkladn\u011b do t\u00e9 doby pono\u0159it a zachovat tu jedine\u010dnost i pro budouc\u00ed generace.\u201c<\/p><br>\n\n\n\n<p>Re\u017eis\u00e9r Radim \u0160pa\u010dek, kter\u00fd se ujal re\u017eie celove\u010dern\u00edho filmu, devades\u00e1tky pro\u017eil naplno. \u201eM\u011bla by to b\u00fdt nejen vzpom\u00ednka na na\u0161e ml\u00e1d\u00ed, ale i na pocit kolektivn\u00ed euforie, kter\u00e1 tehdy ovl\u00e1dla celou spole\u010dnost, nic se nezd\u00e1lo nemo\u017en\u00e9 a optimismus byl k m\u00e1n\u00ed zdarma na ka\u017ed\u00e9m rohu,\u201d \u0159\u00edk\u00e1 re\u017eis\u00e9r k filmu, kter\u00fd bude r\u00e1mov\u00e1n p\u0159\u00edb\u011bhem unaven\u00e9ho rockera \u2013 pades\u00e1tn\u00edka Franty a jeho dvacetilet\u00e9ho synovce Petra.<\/p>\n\n\n\n<blockquote class=\"wp-block-quote is-layout-flow wp-block-quote-is-layout-flow\"><p>\u201eDivok\u00fd a svi\u017en\u00fd styl odkazuj\u00edc\u00ed na n\u00e1ladu devades\u00e1tek chceme eklekticky p\u0159etavit i do filmu, kter\u00fd tak m\u016f\u017ee na ka\u017ed\u00e9ho p\u016fsobit jinak. Jako anal\u00fdza, pomn\u00edk, poh\u00e1dka, monument, sci-fi \u010di memento,\u201d dod\u00e1v\u00e1 Radim \u0160pa\u010dek.<\/p><\/blockquote>\n\n\n\n<p>\u0160estid\u00edln\u00fd dokument\u00e1rn\u00ed televizn\u00ed cyklus Jakuba Skalick\u00e9ho, do jeho\u017e z\u00e1kladn\u00edho fundamentu bude pat\u0159it tak\u00e9 mraven\u010d\u00ed pr\u00e1ce Radka Diestlera na p\u0159\u00edprav\u011b knihy o \u010desk\u00e9 a slovensk\u00e9 hudebn\u00ed sc\u00e9n\u011b 90. let, kter\u00e1 by m\u011bla vyj\u00edt v p\u0159\u00ed\u0161t\u00edm roce v nakladatelstv\u00ed 65. pole, zmapuje sc\u00e9nu t\u00e9 doby z v\u00edce \u00fahl\u016f. Bude se zab\u00fdvat kluby a festivaly, rozhlasov\u00fdmi a televizn\u00edmi po\u0159ady, \u010dasopisy a fanziny. Zmapuje \u010dinnost agentur a promot\u00e9r\u016f, p\u0159ipomene koncerty zahrani\u010dn\u00edch hv\u011bzd u n\u00e1s i prvn\u00ed zku\u0161enosti \u010desk\u00fdch kapel v zahrani\u010d\u00ed. Probere mainstream i extr\u00e9mn\u00ed \u017e\u00e1nry a p\u0159inese pohledy na gramofonov\u00fd trh a siln\u00e9 i obskurn\u00ed p\u0159\u00edb\u011bhy na t\u00e9ma \u201cjak se prod\u00e1vala hudba\u201d. Nezapomene ani na vizu\u00e1ln\u00ed aspekty tehdej\u0161\u00ed dynamick\u00e9 doby, klipy, plak\u00e1ty \u010di typick\u00e9 prvky v oble\u010den\u00ed. \u010casov\u00fdm r\u00e1mcem cyklu bude obdob\u00ed od 3. prosince 1989 (slavn\u00fd\u0301 koncert Pro v\u0161echny slu\u0161n\u00fd lidi) a\u017e po rok 1999.<\/p><br>\n\n\n\n<p><strong>Zat\u00edmco kniha Radka Diestlera by m\u011bla vyj\u00edt ji\u017e v p\u0159\u00ed\u0161t\u00edm roce, filmov\u00e9 projekty pl\u00e1nuj\u00ed premi\u00e9ru o dva roky pozd\u011bji.<\/strong><\/p><br>\n\n\n\n<div class=\"wp-block-media-text alignwide is-stacked-on-mobile is-vertically-aligned-top\" style=\"grid-template-columns:23% auto\"><figure class=\"wp-block-media-text__media\"><a href=\"https:\/\/www.mzone.cz\/chozeni-na-koncerty-vam-prodlouzi-zivot-tvrdi-vyzkumy\/\"><img loading=\"lazy\" decoding=\"async\" width=\"1024\" height=\"682\" src=\"https:\/\/www.mzone.cz\/wp-content\/uploads\/2019\/05\/audience-concert-crowd-1387174-1024x682.jpg\" alt=\"\" class=\"wp-image-8214 size-full\" srcset=\"https:\/\/www.mzone.cz\/wp-content\/uploads\/2019\/05\/audience-concert-crowd-1387174-1024x682.jpg 1024w, https:\/\/www.mzone.cz\/wp-content\/uploads\/2019\/05\/audience-concert-crowd-1387174-300x200.jpg 300w, https:\/\/www.mzone.cz\/wp-content\/uploads\/2019\/05\/audience-concert-crowd-1387174-768x512.jpg 768w, https:\/\/www.mzone.cz\/wp-content\/uploads\/2019\/05\/audience-concert-crowd-1387174-800x533.jpg 800w, https:\/\/www.mzone.cz\/wp-content\/uploads\/2019\/05\/audience-concert-crowd-1387174-400x267.jpg 400w, https:\/\/www.mzone.cz\/wp-content\/uploads\/2019\/05\/audience-concert-crowd-1387174-500x333.jpg 500w, https:\/\/www.mzone.cz\/wp-content\/uploads\/2019\/05\/audience-concert-crowd-1387174-1170x780.jpg 1170w, https:\/\/www.mzone.cz\/wp-content\/uploads\/2019\/05\/audience-concert-crowd-1387174-590x393.jpg 590w, https:\/\/www.mzone.cz\/wp-content\/uploads\/2019\/05\/audience-concert-crowd-1387174.jpg 1349w\" sizes=\"auto, (max-width: 1024px) 100vw, 1024px\" \/><\/a><\/figure><div class=\"wp-block-media-text__content\">\n<h4><a href=\"https:\/\/www.mzone.cz\/chozeni-na-koncerty-vam-prodlouzi-zivot-tvrdi-vyzkumy\/\">Chozen\u00ed na koncerty v\u00e1m prodlou\u017e\u00ed \u017eivot, tvrd\u00ed v\u00fdzkumy<\/a><\/h4><br>\n<\/div><\/div>","protected":false},"excerpt":{"rendered":"<p>Byla to doba pln\u00e1 euforie a nad\u011bj\u00ed, dek\u00e1da pln\u00e1 zm\u011bn. Padla stavidla, svoboda byla v\u0161ude a jak\u00e9koli mantinely byly tak daleko, \u017ee je mnoz\u00ed ani nezahl\u00e9dli. Je na \u010dase na tuto dobu \u0159\u00e1dn\u011b zavzpom\u00ednat! Byly to zlat\u00e9 \u010dasy! Dovalili se Rolling Stones, sov\u011btsk\u00fdm tank\u016fm zam\u00e1val z p\u00f3dia Frank Zappa, do Prahy se vr\u00e1til Ivan Kr\u00e1l, [&hellip;]<\/p>\n","protected":false},"author":4,"featured_media":32225,"comment_status":"open","ping_status":"closed","sticky":false,"template":"","format":"standard","meta":{"kk_blocks_editor_width":"","_kiokenblocks_attr":"","_kiokenblocks_dimensions":"","footnotes":""},"categories":[73,387,76,71,29,1846,25],"tags":[5029,5030,541,314,87,1147,856,31,858,1580,3604,5031,1849],"class_list":["post-32215","post","type-post","status-publish","format-standard","has-post-thumbnail","hentry","category-filmy","category-historie","category-hudba","category-kultura","category-lifestyle","category-literatura","category-style","tag-devadesata-leta","tag-devadesatky","tag-film","tag-filmy","tag-historie","tag-hudba","tag-kniha","tag-kultura","tag-literatura","tag-muzika","tag-projekt","tag-vyzva","tag-vzpominky"],"yoast_head":"<!-- This site is optimized with the Yoast SEO plugin v27.5 - https:\/\/yoast.com\/product\/yoast-seo-wordpress\/ -->\n<title>Fenom\u00e9n devades\u00e1tek zmapuje celove\u010dern\u00ed film, dokument i kniha. I va\u0161e vzpom\u00ednka m\u016f\u017ee pomoci - Mzone<\/title>\n<meta name=\"description\" content=\"Devades\u00e1t\u00e1 l\u00e9ta minul\u00e9ho stolet\u00ed byla v historii na\u0161\u00ed kultury a zejm\u00e9na hudby natolik mimo\u0159\u00e1dnou a neopakovatelnou dobou, \u017ee si zaslou\u017e\u00ed d\u016fkladn\u00e9 zmapov\u00e1n\u00ed.\" \/>\n<meta name=\"robots\" content=\"index, follow, max-snippet:-1, max-image-preview:large, max-video-preview:-1\" \/>\n<link rel=\"canonical\" href=\"https:\/\/www.mzone.cz\/en\/devadesatky-zmapuje-celovecerni-film-dokument-i-kniha-vase-vzpominka-muze-pomoci\/\" \/>\n<meta property=\"og:locale\" content=\"en_US\" \/>\n<meta property=\"og:type\" content=\"article\" \/>\n<meta property=\"og:title\" content=\"Fenom\u00e9n devades\u00e1tek zmapuje celove\u010dern\u00ed film, dokument i kniha. I va\u0161e vzpom\u00ednka m\u016f\u017ee pomoci - Mzone\" \/>\n<meta property=\"og:description\" content=\"Devades\u00e1t\u00e1 l\u00e9ta minul\u00e9ho stolet\u00ed byla v historii na\u0161\u00ed kultury a zejm\u00e9na hudby natolik mimo\u0159\u00e1dnou a neopakovatelnou dobou, \u017ee si zaslou\u017e\u00ed d\u016fkladn\u00e9 zmapov\u00e1n\u00ed.\" \/>\n<meta property=\"og:url\" content=\"https:\/\/www.mzone.cz\/en\/devadesatky-zmapuje-celovecerni-film-dokument-i-kniha-vase-vzpominka-muze-pomoci\/\" \/>\n<meta property=\"og:site_name\" content=\"Mzone\" \/>\n<meta property=\"article:publisher\" content=\"https:\/\/www.facebook.com\/MzoneCZ\/\" \/>\n<meta property=\"article:published_time\" content=\"2021-05-04T03:00:00+00:00\" \/>\n<meta property=\"og:image\" content=\"https:\/\/www.mzone.cz\/wp-content\/uploads\/2021\/05\/Devadesata-leta.jpg\" \/>\n\t<meta property=\"og:image:width\" content=\"1620\" \/>\n\t<meta property=\"og:image:height\" content=\"1080\" \/>\n\t<meta property=\"og:image:type\" content=\"image\/jpeg\" \/>\n<meta name=\"author\" content=\"Mzone\" \/>\n<meta name=\"twitter:card\" content=\"summary_large_image\" \/>\n<meta name=\"twitter:label1\" content=\"Written by\" \/>\n\t<meta name=\"twitter:data1\" content=\"Mzone\" \/>\n\t<meta name=\"twitter:label2\" content=\"Est. reading time\" \/>\n\t<meta name=\"twitter:data2\" content=\"4 minutes\" \/>\n<script type=\"application\/ld+json\" class=\"yoast-schema-graph\">{\"@context\":\"https:\\\/\\\/schema.org\",\"@graph\":[{\"@type\":\"Article\",\"@id\":\"https:\\\/\\\/www.mzone.cz\\\/devadesatky-zmapuje-celovecerni-film-dokument-i-kniha-vase-vzpominka-muze-pomoci\\\/#article\",\"isPartOf\":{\"@id\":\"https:\\\/\\\/www.mzone.cz\\\/devadesatky-zmapuje-celovecerni-film-dokument-i-kniha-vase-vzpominka-muze-pomoci\\\/\"},\"author\":{\"name\":\"Mzone\",\"@id\":\"https:\\\/\\\/www.mzone.cz\\\/#\\\/schema\\\/person\\\/9bc20cc422a99cac4af6ff9297da32d4\"},\"headline\":\"Fenom\u00e9n devades\u00e1tek zmapuje celove\u010dern\u00ed film, dokument i kniha. I va\u0161e vzpom\u00ednka m\u016f\u017ee pomoci\",\"datePublished\":\"2021-05-04T03:00:00+00:00\",\"mainEntityOfPage\":{\"@id\":\"https:\\\/\\\/www.mzone.cz\\\/devadesatky-zmapuje-celovecerni-film-dokument-i-kniha-vase-vzpominka-muze-pomoci\\\/\"},\"wordCount\":908,\"commentCount\":0,\"image\":{\"@id\":\"https:\\\/\\\/www.mzone.cz\\\/devadesatky-zmapuje-celovecerni-film-dokument-i-kniha-vase-vzpominka-muze-pomoci\\\/#primaryimage\"},\"thumbnailUrl\":\"https:\\\/\\\/www.mzone.cz\\\/wp-content\\\/uploads\\\/2021\\\/05\\\/Devadesata-leta.jpg\",\"keywords\":[\"devades\u00e1t\u00e1 l\u00e9ta\",\"devades\u00e1tky\",\"film\",\"Filmy\",\"Historie\",\"hudba\",\"kniha\",\"Kultura\",\"literatura\",\"muzika\",\"projekt\",\"v\u00fdzva\",\"vzpom\u00ednky\"],\"articleSection\":[\"Filmy\",\"Historie\",\"Hudba\",\"Kultura\",\"Lifestyle\",\"Literatura\",\"Style\"],\"inLanguage\":\"en-US\",\"potentialAction\":[{\"@type\":\"CommentAction\",\"name\":\"Comment\",\"target\":[\"https:\\\/\\\/www.mzone.cz\\\/devadesatky-zmapuje-celovecerni-film-dokument-i-kniha-vase-vzpominka-muze-pomoci\\\/#respond\"]}]},{\"@type\":\"WebPage\",\"@id\":\"https:\\\/\\\/www.mzone.cz\\\/devadesatky-zmapuje-celovecerni-film-dokument-i-kniha-vase-vzpominka-muze-pomoci\\\/\",\"url\":\"https:\\\/\\\/www.mzone.cz\\\/devadesatky-zmapuje-celovecerni-film-dokument-i-kniha-vase-vzpominka-muze-pomoci\\\/\",\"name\":\"Fenom\u00e9n devades\u00e1tek zmapuje celove\u010dern\u00ed film, dokument i kniha. I va\u0161e vzpom\u00ednka m\u016f\u017ee pomoci - Mzone\",\"isPartOf\":{\"@id\":\"https:\\\/\\\/www.mzone.cz\\\/#website\"},\"primaryImageOfPage\":{\"@id\":\"https:\\\/\\\/www.mzone.cz\\\/devadesatky-zmapuje-celovecerni-film-dokument-i-kniha-vase-vzpominka-muze-pomoci\\\/#primaryimage\"},\"image\":{\"@id\":\"https:\\\/\\\/www.mzone.cz\\\/devadesatky-zmapuje-celovecerni-film-dokument-i-kniha-vase-vzpominka-muze-pomoci\\\/#primaryimage\"},\"thumbnailUrl\":\"https:\\\/\\\/www.mzone.cz\\\/wp-content\\\/uploads\\\/2021\\\/05\\\/Devadesata-leta.jpg\",\"datePublished\":\"2021-05-04T03:00:00+00:00\",\"author\":{\"@id\":\"https:\\\/\\\/www.mzone.cz\\\/#\\\/schema\\\/person\\\/9bc20cc422a99cac4af6ff9297da32d4\"},\"description\":\"Devades\u00e1t\u00e1 l\u00e9ta minul\u00e9ho stolet\u00ed byla v historii na\u0161\u00ed kultury a zejm\u00e9na hudby natolik mimo\u0159\u00e1dnou a neopakovatelnou dobou, \u017ee si zaslou\u017e\u00ed d\u016fkladn\u00e9 zmapov\u00e1n\u00ed.\",\"breadcrumb\":{\"@id\":\"https:\\\/\\\/www.mzone.cz\\\/devadesatky-zmapuje-celovecerni-film-dokument-i-kniha-vase-vzpominka-muze-pomoci\\\/#breadcrumb\"},\"inLanguage\":\"en-US\",\"potentialAction\":[{\"@type\":\"ReadAction\",\"target\":[\"https:\\\/\\\/www.mzone.cz\\\/devadesatky-zmapuje-celovecerni-film-dokument-i-kniha-vase-vzpominka-muze-pomoci\\\/\"]}]},{\"@type\":\"ImageObject\",\"inLanguage\":\"en-US\",\"@id\":\"https:\\\/\\\/www.mzone.cz\\\/devadesatky-zmapuje-celovecerni-film-dokument-i-kniha-vase-vzpominka-muze-pomoci\\\/#primaryimage\",\"url\":\"https:\\\/\\\/www.mzone.cz\\\/wp-content\\\/uploads\\\/2021\\\/05\\\/Devadesata-leta.jpg\",\"contentUrl\":\"https:\\\/\\\/www.mzone.cz\\\/wp-content\\\/uploads\\\/2021\\\/05\\\/Devadesata-leta.jpg\",\"width\":1620,\"height\":1080,\"caption\":\"Devades\u00e1t\u00e1 l\u00e9ta\"},{\"@type\":\"BreadcrumbList\",\"@id\":\"https:\\\/\\\/www.mzone.cz\\\/devadesatky-zmapuje-celovecerni-film-dokument-i-kniha-vase-vzpominka-muze-pomoci\\\/#breadcrumb\",\"itemListElement\":[{\"@type\":\"ListItem\",\"position\":1,\"name\":\"Dom\u016f\",\"item\":\"https:\\\/\\\/www.mzone.cz\\\/\"},{\"@type\":\"ListItem\",\"position\":2,\"name\":\"Fenom\u00e9n devades\u00e1tek zmapuje celove\u010dern\u00ed film, dokument i kniha. I va\u0161e vzpom\u00ednka m\u016f\u017ee pomoci\"}]},{\"@type\":\"WebSite\",\"@id\":\"https:\\\/\\\/www.mzone.cz\\\/#website\",\"url\":\"https:\\\/\\\/www.mzone.cz\\\/\",\"name\":\"Mzone\",\"description\":\"Magaz\u00edn nejen pro mu\u017ee\",\"potentialAction\":[{\"@type\":\"SearchAction\",\"target\":{\"@type\":\"EntryPoint\",\"urlTemplate\":\"https:\\\/\\\/www.mzone.cz\\\/?s={search_term_string}\"},\"query-input\":{\"@type\":\"PropertyValueSpecification\",\"valueRequired\":true,\"valueName\":\"search_term_string\"}}],\"inLanguage\":\"en-US\"},{\"@type\":\"Person\",\"@id\":\"https:\\\/\\\/www.mzone.cz\\\/#\\\/schema\\\/person\\\/9bc20cc422a99cac4af6ff9297da32d4\",\"name\":\"Mzone\",\"image\":{\"@type\":\"ImageObject\",\"inLanguage\":\"en-US\",\"@id\":\"https:\\\/\\\/secure.gravatar.com\\\/avatar\\\/e780a8630f3182a3d06dd667ab6bea151a0d155b0951bc15fe22633acdac0676?s=96&d=mm&r=g\",\"url\":\"https:\\\/\\\/secure.gravatar.com\\\/avatar\\\/e780a8630f3182a3d06dd667ab6bea151a0d155b0951bc15fe22633acdac0676?s=96&d=mm&r=g\",\"contentUrl\":\"https:\\\/\\\/secure.gravatar.com\\\/avatar\\\/e780a8630f3182a3d06dd667ab6bea151a0d155b0951bc15fe22633acdac0676?s=96&d=mm&r=g\",\"caption\":\"Mzone\"},\"url\":\"https:\\\/\\\/www.mzone.cz\\\/en\\\/author\\\/jakub\\\/\"}]}<\/script>\n<!-- \/ Yoast SEO plugin. -->","yoast_head_json":{"title":"Fenom\u00e9n devades\u00e1tek zmapuje celove\u010dern\u00ed film, dokument i kniha. I va\u0161e vzpom\u00ednka m\u016f\u017ee pomoci - Mzone","description":"Devades\u00e1t\u00e1 l\u00e9ta minul\u00e9ho stolet\u00ed byla v historii na\u0161\u00ed kultury a zejm\u00e9na hudby natolik mimo\u0159\u00e1dnou a neopakovatelnou dobou, \u017ee si zaslou\u017e\u00ed d\u016fkladn\u00e9 zmapov\u00e1n\u00ed.","robots":{"index":"index","follow":"follow","max-snippet":"max-snippet:-1","max-image-preview":"max-image-preview:large","max-video-preview":"max-video-preview:-1"},"canonical":"https:\/\/www.mzone.cz\/en\/devadesatky-zmapuje-celovecerni-film-dokument-i-kniha-vase-vzpominka-muze-pomoci\/","og_locale":"en_US","og_type":"article","og_title":"Fenom\u00e9n devades\u00e1tek zmapuje celove\u010dern\u00ed film, dokument i kniha. I va\u0161e vzpom\u00ednka m\u016f\u017ee pomoci - Mzone","og_description":"Devades\u00e1t\u00e1 l\u00e9ta minul\u00e9ho stolet\u00ed byla v historii na\u0161\u00ed kultury a zejm\u00e9na hudby natolik mimo\u0159\u00e1dnou a neopakovatelnou dobou, \u017ee si zaslou\u017e\u00ed d\u016fkladn\u00e9 zmapov\u00e1n\u00ed.","og_url":"https:\/\/www.mzone.cz\/en\/devadesatky-zmapuje-celovecerni-film-dokument-i-kniha-vase-vzpominka-muze-pomoci\/","og_site_name":"Mzone","article_publisher":"https:\/\/www.facebook.com\/MzoneCZ\/","article_published_time":"2021-05-04T03:00:00+00:00","og_image":[{"width":1620,"height":1080,"url":"https:\/\/www.mzone.cz\/wp-content\/uploads\/2021\/05\/Devadesata-leta.jpg","type":"image\/jpeg"}],"author":"Mzone","twitter_card":"summary_large_image","twitter_misc":{"Written by":"Mzone","Est. reading time":"4 minutes"},"schema":{"@context":"https:\/\/schema.org","@graph":[{"@type":"Article","@id":"https:\/\/www.mzone.cz\/devadesatky-zmapuje-celovecerni-film-dokument-i-kniha-vase-vzpominka-muze-pomoci\/#article","isPartOf":{"@id":"https:\/\/www.mzone.cz\/devadesatky-zmapuje-celovecerni-film-dokument-i-kniha-vase-vzpominka-muze-pomoci\/"},"author":{"name":"Mzone","@id":"https:\/\/www.mzone.cz\/#\/schema\/person\/9bc20cc422a99cac4af6ff9297da32d4"},"headline":"Fenom\u00e9n devades\u00e1tek zmapuje celove\u010dern\u00ed film, dokument i kniha. I va\u0161e vzpom\u00ednka m\u016f\u017ee pomoci","datePublished":"2021-05-04T03:00:00+00:00","mainEntityOfPage":{"@id":"https:\/\/www.mzone.cz\/devadesatky-zmapuje-celovecerni-film-dokument-i-kniha-vase-vzpominka-muze-pomoci\/"},"wordCount":908,"commentCount":0,"image":{"@id":"https:\/\/www.mzone.cz\/devadesatky-zmapuje-celovecerni-film-dokument-i-kniha-vase-vzpominka-muze-pomoci\/#primaryimage"},"thumbnailUrl":"https:\/\/www.mzone.cz\/wp-content\/uploads\/2021\/05\/Devadesata-leta.jpg","keywords":["devades\u00e1t\u00e1 l\u00e9ta","devades\u00e1tky","film","Filmy","Historie","hudba","kniha","Kultura","literatura","muzika","projekt","v\u00fdzva","vzpom\u00ednky"],"articleSection":["Filmy","Historie","Hudba","Kultura","Lifestyle","Literatura","Style"],"inLanguage":"en-US","potentialAction":[{"@type":"CommentAction","name":"Comment","target":["https:\/\/www.mzone.cz\/devadesatky-zmapuje-celovecerni-film-dokument-i-kniha-vase-vzpominka-muze-pomoci\/#respond"]}]},{"@type":"WebPage","@id":"https:\/\/www.mzone.cz\/devadesatky-zmapuje-celovecerni-film-dokument-i-kniha-vase-vzpominka-muze-pomoci\/","url":"https:\/\/www.mzone.cz\/devadesatky-zmapuje-celovecerni-film-dokument-i-kniha-vase-vzpominka-muze-pomoci\/","name":"Fenom\u00e9n devades\u00e1tek zmapuje celove\u010dern\u00ed film, dokument i kniha. I va\u0161e vzpom\u00ednka m\u016f\u017ee pomoci - Mzone","isPartOf":{"@id":"https:\/\/www.mzone.cz\/#website"},"primaryImageOfPage":{"@id":"https:\/\/www.mzone.cz\/devadesatky-zmapuje-celovecerni-film-dokument-i-kniha-vase-vzpominka-muze-pomoci\/#primaryimage"},"image":{"@id":"https:\/\/www.mzone.cz\/devadesatky-zmapuje-celovecerni-film-dokument-i-kniha-vase-vzpominka-muze-pomoci\/#primaryimage"},"thumbnailUrl":"https:\/\/www.mzone.cz\/wp-content\/uploads\/2021\/05\/Devadesata-leta.jpg","datePublished":"2021-05-04T03:00:00+00:00","author":{"@id":"https:\/\/www.mzone.cz\/#\/schema\/person\/9bc20cc422a99cac4af6ff9297da32d4"},"description":"Devades\u00e1t\u00e1 l\u00e9ta minul\u00e9ho stolet\u00ed byla v historii na\u0161\u00ed kultury a zejm\u00e9na hudby natolik mimo\u0159\u00e1dnou a neopakovatelnou dobou, \u017ee si zaslou\u017e\u00ed d\u016fkladn\u00e9 zmapov\u00e1n\u00ed.","breadcrumb":{"@id":"https:\/\/www.mzone.cz\/devadesatky-zmapuje-celovecerni-film-dokument-i-kniha-vase-vzpominka-muze-pomoci\/#breadcrumb"},"inLanguage":"en-US","potentialAction":[{"@type":"ReadAction","target":["https:\/\/www.mzone.cz\/devadesatky-zmapuje-celovecerni-film-dokument-i-kniha-vase-vzpominka-muze-pomoci\/"]}]},{"@type":"ImageObject","inLanguage":"en-US","@id":"https:\/\/www.mzone.cz\/devadesatky-zmapuje-celovecerni-film-dokument-i-kniha-vase-vzpominka-muze-pomoci\/#primaryimage","url":"https:\/\/www.mzone.cz\/wp-content\/uploads\/2021\/05\/Devadesata-leta.jpg","contentUrl":"https:\/\/www.mzone.cz\/wp-content\/uploads\/2021\/05\/Devadesata-leta.jpg","width":1620,"height":1080,"caption":"Devades\u00e1t\u00e1 l\u00e9ta"},{"@type":"BreadcrumbList","@id":"https:\/\/www.mzone.cz\/devadesatky-zmapuje-celovecerni-film-dokument-i-kniha-vase-vzpominka-muze-pomoci\/#breadcrumb","itemListElement":[{"@type":"ListItem","position":1,"name":"Dom\u016f","item":"https:\/\/www.mzone.cz\/"},{"@type":"ListItem","position":2,"name":"Fenom\u00e9n devades\u00e1tek zmapuje celove\u010dern\u00ed film, dokument i kniha. I va\u0161e vzpom\u00ednka m\u016f\u017ee pomoci"}]},{"@type":"WebSite","@id":"https:\/\/www.mzone.cz\/#website","url":"https:\/\/www.mzone.cz\/","name":"Mzone","description":"Magaz\u00edn nejen pro mu\u017ee","potentialAction":[{"@type":"SearchAction","target":{"@type":"EntryPoint","urlTemplate":"https:\/\/www.mzone.cz\/?s={search_term_string}"},"query-input":{"@type":"PropertyValueSpecification","valueRequired":true,"valueName":"search_term_string"}}],"inLanguage":"en-US"},{"@type":"Person","@id":"https:\/\/www.mzone.cz\/#\/schema\/person\/9bc20cc422a99cac4af6ff9297da32d4","name":"Mzone","image":{"@type":"ImageObject","inLanguage":"en-US","@id":"https:\/\/secure.gravatar.com\/avatar\/e780a8630f3182a3d06dd667ab6bea151a0d155b0951bc15fe22633acdac0676?s=96&d=mm&r=g","url":"https:\/\/secure.gravatar.com\/avatar\/e780a8630f3182a3d06dd667ab6bea151a0d155b0951bc15fe22633acdac0676?s=96&d=mm&r=g","contentUrl":"https:\/\/secure.gravatar.com\/avatar\/e780a8630f3182a3d06dd667ab6bea151a0d155b0951bc15fe22633acdac0676?s=96&d=mm&r=g","caption":"Mzone"},"url":"https:\/\/www.mzone.cz\/en\/author\/jakub\/"}]}},"_links":{"self":[{"href":"https:\/\/www.mzone.cz\/en\/wp-json\/wp\/v2\/posts\/32215","targetHints":{"allow":["GET"]}}],"collection":[{"href":"https:\/\/www.mzone.cz\/en\/wp-json\/wp\/v2\/posts"}],"about":[{"href":"https:\/\/www.mzone.cz\/en\/wp-json\/wp\/v2\/types\/post"}],"author":[{"embeddable":true,"href":"https:\/\/www.mzone.cz\/en\/wp-json\/wp\/v2\/users\/4"}],"replies":[{"embeddable":true,"href":"https:\/\/www.mzone.cz\/en\/wp-json\/wp\/v2\/comments?post=32215"}],"version-history":[{"count":13,"href":"https:\/\/www.mzone.cz\/en\/wp-json\/wp\/v2\/posts\/32215\/revisions"}],"predecessor-version":[{"id":32238,"href":"https:\/\/www.mzone.cz\/en\/wp-json\/wp\/v2\/posts\/32215\/revisions\/32238"}],"wp:featuredmedia":[{"embeddable":true,"href":"https:\/\/www.mzone.cz\/en\/wp-json\/wp\/v2\/media\/32225"}],"wp:attachment":[{"href":"https:\/\/www.mzone.cz\/en\/wp-json\/wp\/v2\/media?parent=32215"}],"wp:term":[{"taxonomy":"category","embeddable":true,"href":"https:\/\/www.mzone.cz\/en\/wp-json\/wp\/v2\/categories?post=32215"},{"taxonomy":"post_tag","embeddable":true,"href":"https:\/\/www.mzone.cz\/en\/wp-json\/wp\/v2\/tags?post=32215"}],"curies":[{"name":"wp","href":"https:\/\/api.w.org\/{rel}","templated":true}]}}