{"id":32424,"date":"2021-07-17T05:00:00","date_gmt":"2021-07-17T03:00:00","guid":{"rendered":"https:\/\/www.mzone.cz\/?p=32424"},"modified":"2021-05-14T14:58:00","modified_gmt":"2021-05-14T12:58:00","slug":"marder-bojove-vozidlo-slavi-padesat-let-provozu","status":"publish","type":"post","link":"https:\/\/www.mzone.cz\/en\/marder-bojove-vozidlo-slavi-padesat-let-provozu\/","title":{"rendered":"Bojov\u00e9 vozidlo Marder slav\u00ed pades\u00e1t let provozu"},"content":{"rendered":"<p><strong>Bojov\u00e9 vozidlo p\u011bchoty Marder slav\u00ed kulat\u00e9 v\u00fdro\u010d\u00ed. P\u0159ed p\u016fl stolet\u00edm, konkr\u00e9tn\u011b 7. kv\u011btna 1971, toti\u017e n\u011bmeck\u00e1 arm\u00e1da slavnostn\u011b p\u0159evzala zahajovac\u00ed dod\u00e1vku prvn\u00edch s\u00e9riov\u011b vyr\u00e1b\u011bn\u00fdch obrn\u011bnc\u016f. Ta se soub\u011b\u017en\u011b uskute\u010dnila v s\u00eddlech obou p\u016fvodn\u00edch v\u00fdrobc\u016f transport\u00e9r\u016f \u2013 ve firm\u00e1ch Thyssen-Henschel a Krupp MaK v Kasselu a Kielu. Ob\u011b spole\u010dnosti nyn\u00ed spadaj\u00ed pod koncern Rheinmetall: Thyssen-Henschel od roku 1999, Krupp MaK od roku 2001.<\/strong><\/p><br>\n\n\n\n<p>V dob\u011b jejich vzniku bylo hlavn\u00edm \u00fakolem nov\u011b vyvinut\u00fdch bojov\u00fdch vozidel Marder chr\u00e1nit dom\u00e1c\u00ed n\u011bmeck\u00e9 \u00fazem\u00ed: spolu s tankem Leopard 1 m\u011bl Marder hr\u00e1t kl\u00ed\u010dovou roli p\u0159i mobiln\u00edch operac\u00edch Bundeswehru. Osud v\u0161ak m\u011bl pro vozidlo p\u0159ipraven\u00e9 jin\u00e9 pl\u00e1ny.<\/p>\n\n\n\n<blockquote class=\"wp-block-quote is-layout-flow wp-block-quote-is-layout-flow\"><p>B\u011bhem studen\u00e9 v\u00e1lky byla role obrn\u011bnce Marder omezena na vojensk\u00e1 cvi\u010den\u00ed z\u00e1padn\u00edho N\u011bmecka a jeho partner\u016f z NATO, kde m\u011bly \u00fa\u010dastnick\u00e9 zem\u011b jasn\u011b prok\u00e1zat, \u017ee jsou p\u0159ipraven\u00e9 a schopn\u00e9 obrany. V pr\u016fb\u011bhu t\u00e9to doby tank Leopard 1 ji\u017e d\u00e1vno zmizel z invent\u00e1\u0159e Bundeswehru.<\/p><\/blockquote>\n\n\n\n<p>To sam\u00e9 plat\u00ed i o dal\u0161\u00edch platform\u00e1ch uplynul\u00e9 \u00e9ry. Mezi n\u011b nap\u0159\u00edklad pat\u0159\u00ed obrn\u011bn\u00e9 pr\u016fzkumn\u00e9 vozidlo Luchs, st\u00edhac\u00ed bombard\u00e9r F-104 Starfighter \u010di vrtuln\u00edky BO 105 a Bell UH-1D.<\/p><br>\n\n\n\n<figure class=\"wp-block-image size-large is-resized\"><img loading=\"lazy\" decoding=\"async\" src=\"https:\/\/www.mzone.cz\/wp-content\/uploads\/2021\/05\/Marder-III-Saumur.0004wc3g.jpg\" alt=\"Marder\" class=\"wp-image-32433\" width=\"830\" height=\"605\" srcset=\"https:\/\/www.mzone.cz\/wp-content\/uploads\/2021\/05\/Marder-III-Saumur.0004wc3g.jpg 800w, https:\/\/www.mzone.cz\/wp-content\/uploads\/2021\/05\/Marder-III-Saumur.0004wc3g-300x219.jpg 300w, https:\/\/www.mzone.cz\/wp-content\/uploads\/2021\/05\/Marder-III-Saumur.0004wc3g-768x560.jpg 768w, https:\/\/www.mzone.cz\/wp-content\/uploads\/2021\/05\/Marder-III-Saumur.0004wc3g-16x12.jpg 16w, https:\/\/www.mzone.cz\/wp-content\/uploads\/2021\/05\/Marder-III-Saumur.0004wc3g-590x430.jpg 590w\" sizes=\"auto, (max-width: 830px) 100vw, 830px\" \/><\/figure><br>\n\n\n\n<p>Na druhou stranu platforma Marder prok\u00e1zala svoji \u017eivotaschopnost a u\u017eite\u010dnost, zejm\u00e9na b\u011bhem nejr\u016fzn\u011bj\u0161\u00edch zahrani\u010dn\u00edch mis\u00ed, v\u010detn\u011b t\u011bch do Kosova a Afgh\u00e1nist\u00e1nu. V r\u00e1mci vyu\u017eit\u00ed silami rychl\u00e9 reakce se zapojila do boj\u016f v okol\u00ed Kund\u00fazu a Maz\u00e1re \u0160er\u00edf. Marder dodnes slou\u017e\u00ed n\u011bmeck\u00e9 arm\u00e1d\u011b, av\u0161ak N\u011bmecko nen\u00ed jeho jedin\u00fdm u\u017eivatelem. Vozidla jsou nasazen\u00e1 tak\u00e9 v arm\u00e1d\u00e1ch Indon\u00e9sie, \u010cile a Jord\u00e1nska.<\/p><br>\n\n\n\n<p>V pr\u016fb\u011bhu \u010dasu se Rheinmetallu poda\u0159ilo nashrom\u00e1\u017edit obrovsk\u00e9 mno\u017estv\u00ed odborn\u00fdch znalost\u00ed a detailn\u00edch zku\u0161enost\u00ed, kter\u00e9 s provozem obrn\u011bnce Marder \u00fazce souvis\u00ed. I proto spole\u010dnost z\u00edskala pov\u011b\u0159en\u00ed od Bundeswehru prov\u00e9st \u0161irokou paletu \u00faprav zam\u011b\u0159en\u00fdch na zv\u00fd\u0161en\u00ed bojov\u00e9ho v\u00fdkonu a prodlou\u017een\u00ed \u017eivotnosti \u010d\u00e1sti flotily vozidel Marder provozovan\u00fdch pr\u00e1v\u011b n\u011bmeckou arm\u00e1dou. Jednalo se nap\u0159\u00edklad o instalaci klimatizace v bojov\u00e9m prostoru; nov\u00e9 kamerov\u00e9 vybaven\u00ed pro \u0159idi\u010de, st\u0159elce a velitele; integraci v\u00edce\u00fa\u010delov\u00fdch n\u00edzkohmotnostn\u00edch protitankov\u00fdch \u0159\u00edzen\u00fdch st\u0159el MELLS; a mont\u00e1\u017e nov\u00e9ho hnac\u00edho \u00fastroj\u00ed. D\u00edky \u00faprav\u00e1m s c\u00edlem prodlou\u017eit \u017eivotnost vozidel, kter\u00e9 moment\u00e1ln\u011b st\u00e1le prob\u00edhaj\u00ed, je vysoce pravd\u011bpodobn\u00e9, \u017ee Marder z\u016fstane v provozu a\u017e do konce tohoto desetilet\u00ed.&nbsp;<\/p>\n\n\n\n<blockquote class=\"wp-block-quote is-layout-flow wp-block-quote-is-layout-flow\"><p>I p\u0159esto, \u017ee n\u011bmeck\u00e1 mechanizovan\u00e1 p\u011bchota aktu\u00e1ln\u011b proch\u00e1z\u00ed velk\u00fdmi zm\u011bnami, nebo\u0165 18. b\u0159ezna 2021 n\u00e1\u010deln\u00edk \u0161t\u00e1bu n\u011bmeck\u00e9 arm\u00e1dy potvrdil bitevn\u00ed zp\u016fsobilost tzv. \u201eSystem Panzergrenadier\u201c, vozidlo Marder, kter\u00e9 pro\u0161lo bojov\u00fdm nasazen\u00edm a je pova\u017eov\u00e1no p\u0159\u00edslu\u0161n\u00edky Bundeswehru za mimo\u0159\u00e1dn\u011b spolehliv\u00e9, je\u0161t\u011b n\u011bjakou dobou z\u016fstane d\u016fle\u017eitou sou\u010d\u00e1st\u00ed jeho vybaven\u00ed.<\/p><\/blockquote>\n\n\n\n<p>System Panzergrenadier se v z\u00e1sad\u011b skl\u00e1d\u00e1 z vylep\u0161en\u00e9 verze bojov\u00e9ho vozidla p\u011bchoty Puma, kter\u00e9 v r\u00e1mci spole\u010dn\u00e9ho podniku PSM GmbH p\u0159ipravuj\u00ed Rheinmetall a Krauss-Maffei Wegmann, a syst\u00e9mu Future Soldier \u2013 Expanded System. Future Soldier je nejmodern\u011bj\u0161\u00ed syst\u00e9m na podporu v\u00edce\u00farov\u0148ov\u00fdch bojov\u00fdch operac\u00ed, kter\u00fd kdy Rheinmetall vyvinul. Jeho \u00fakolem je zv\u00fd\u0161it palebnou s\u00edlu a bojovou \u00fa\u010dinnost sil rychl\u00e9 reakce NATO, kter\u00e9 v roce 2023 N\u011bmecko povede. Nasazen\u00edm <a href=\"https:\/\/en.wikipedia.org\/wiki\/Panzergrenadier\" target=\"_blank\" rel=\"noreferrer noopener\">syst\u00e9mu Panzergrenadier<\/a> bude formace poprv\u00e9 vybavena digitalizovanou vozidlovou platformou \u2013 vozidlem Puma IFV modernizovan\u00fdm na status VJTF \u2013 a nav\u00edc syst\u00e9mem voj\u00e1ka s digit\u00e1ln\u00ed radiovou technologi\u00ed.<\/p><br>\n\n\n\n<figure class=\"wp-block-image size-large\"><img loading=\"lazy\" decoding=\"async\" width=\"1024\" height=\"683\" src=\"https:\/\/www.mzone.cz\/wp-content\/uploads\/2021\/05\/Marder1A3.6-1024x683.jpg\" alt=\"Marder1A3\" class=\"wp-image-32440\" srcset=\"https:\/\/www.mzone.cz\/wp-content\/uploads\/2021\/05\/Marder1A3.6-1024x683.jpg 1024w, https:\/\/www.mzone.cz\/wp-content\/uploads\/2021\/05\/Marder1A3.6-300x200.jpg 300w, https:\/\/www.mzone.cz\/wp-content\/uploads\/2021\/05\/Marder1A3.6-768x512.jpg 768w, https:\/\/www.mzone.cz\/wp-content\/uploads\/2021\/05\/Marder1A3.6-1536x1024.jpg 1536w, https:\/\/www.mzone.cz\/wp-content\/uploads\/2021\/05\/Marder1A3.6-16x12.jpg 16w, https:\/\/www.mzone.cz\/wp-content\/uploads\/2021\/05\/Marder1A3.6-800x533.jpg 800w, https:\/\/www.mzone.cz\/wp-content\/uploads\/2021\/05\/Marder1A3.6-400x267.jpg 400w, https:\/\/www.mzone.cz\/wp-content\/uploads\/2021\/05\/Marder1A3.6-500x333.jpg 500w, https:\/\/www.mzone.cz\/wp-content\/uploads\/2021\/05\/Marder1A3.6-1170x780.jpg 1170w, https:\/\/www.mzone.cz\/wp-content\/uploads\/2021\/05\/Marder1A3.6-590x393.jpg 590w, https:\/\/www.mzone.cz\/wp-content\/uploads\/2021\/05\/Marder1A3.6.jpg 2048w\" sizes=\"auto, (max-width: 1024px) 100vw, 1024px\" \/><\/figure><br>\n\n\n\n<p>\u00dazk\u00e9 propojen\u00ed senzor\u016f a efektor\u016f voj\u00e1k\u016f se senzory a efektory bojov\u00e9ho vozidla p\u011bchoty minimalizuje dobu mezi detekc\u00ed c\u00edle a jeho zasa\u017een\u00edm. Slou\u010den\u00ed jednotliv\u00fdch schopnost\u00ed do jednoho celistv\u00e9ho syst\u00e9mu umo\u017e\u0148uje efektivn\u00ed taktickou sou\u010dinnost mezi voj\u00e1ky a jejich bojov\u00fdm vozidlem p\u011bchoty, co\u017e n\u00e1sledn\u011b zvy\u0161uje bojovou efektivitu mechanizovan\u00fdch p\u011b\u0161\u00edch formac\u00ed.<\/p><br>\n\n\n\n<div class=\"wp-block-media-text alignwide is-stacked-on-mobile is-vertically-aligned-top\" style=\"grid-template-columns:23% auto\"><figure class=\"wp-block-media-text__media\"><a href=\"https:\/\/www.mzone.cz\/tank-se-zrodil-za-1-svetove-valky-tady-jsou-prvni-z-nich\/\"><img loading=\"lazy\" decoding=\"async\" width=\"800\" height=\"556\" src=\"https:\/\/www.mzone.cz\/wp-content\/uploads\/2018\/04\/The_German_Spring_Offensive_March-july_1918_Q70017.jpg\" alt=\"\" class=\"wp-image-907 size-full\" srcset=\"https:\/\/www.mzone.cz\/wp-content\/uploads\/2018\/04\/The_German_Spring_Offensive_March-july_1918_Q70017.jpg 800w, https:\/\/www.mzone.cz\/wp-content\/uploads\/2018\/04\/The_German_Spring_Offensive_March-july_1918_Q70017-300x209.jpg 300w, https:\/\/www.mzone.cz\/wp-content\/uploads\/2018\/04\/The_German_Spring_Offensive_March-july_1918_Q70017-768x534.jpg 768w, https:\/\/www.mzone.cz\/wp-content\/uploads\/2018\/04\/The_German_Spring_Offensive_March-july_1918_Q70017-590x410.jpg 590w\" sizes=\"auto, (max-width: 800px) 100vw, 800px\" \/><\/a><\/figure><div class=\"wp-block-media-text__content\">\n<h4><a href=\"https:\/\/www.mzone.cz\/tank-se-zrodil-za-1-svetove-valky-tady-jsou-prvni-z-nich\/\">Tank se zrodil za 1. sv\u011btov\u00e9 v\u00e1lky \u2013 tady jsou prvn\u00ed z nich<\/a><\/h4><br>\n<\/div><\/div>","protected":false},"excerpt":{"rendered":"<p>Bojov\u00e9 vozidlo p\u011bchoty Marder slav\u00ed kulat\u00e9 v\u00fdro\u010d\u00ed. P\u0159ed p\u016fl stolet\u00edm, konkr\u00e9tn\u011b 7. kv\u011btna 1971, toti\u017e n\u011bmeck\u00e1 arm\u00e1da slavnostn\u011b p\u0159evzala zahajovac\u00ed dod\u00e1vku prvn\u00edch s\u00e9riov\u011b vyr\u00e1b\u011bn\u00fdch obrn\u011bnc\u016f. Ta se soub\u011b\u017en\u011b uskute\u010dnila v s\u00eddlech obou p\u016fvodn\u00edch v\u00fdrobc\u016f transport\u00e9r\u016f \u2013 ve firm\u00e1ch Thyssen-Henschel a Krupp MaK v Kasselu a Kielu. Ob\u011b spole\u010dnosti nyn\u00ed spadaj\u00ed pod koncern Rheinmetall: Thyssen-Henschel od [&hellip;]<\/p>\n","protected":false},"author":4,"featured_media":32432,"comment_status":"open","ping_status":"closed","sticky":false,"template":"","format":"standard","meta":{"kk_blocks_editor_width":"","_kiokenblocks_attr":"","_kiokenblocks_dimensions":"","footnotes":""},"categories":[65,68],"tags":[5055,95,4868,5056,5053,349,3196,434,674,5054,920,39],"class_list":["post-32424","post","type-post","status-publish","format-standard","has-post-thumbnail","hentry","category-technika","category-zbrane","tag-50-let","tag-armada","tag-bojova-vozidla","tag-bojove-vozidlo","tag-marder","tag-tank","tag-tanky","tag-technika","tag-vojsko","tag-vozidlo","tag-vyroci","tag-zbrane"],"yoast_head":"<!-- This site is optimized with the Yoast SEO plugin v27.5 - https:\/\/yoast.com\/product\/yoast-seo-wordpress\/ -->\n<title>Bojov\u00e9 vozidlo Marder slav\u00ed pades\u00e1t let provozu - Mzone<\/title>\n<meta name=\"description\" content=\"Bojov\u00e9 vozidlo p\u011bchoty Marder slav\u00ed kulat\u00e9 v\u00fdro\u010d\u00ed. P\u0159ed p\u016fl stolet\u00edm toti\u017e n\u011bmeck\u00e1 arm\u00e1da slavnostn\u011b p\u0159evzala zahajovac\u00ed dod\u00e1vku prvn\u00edch s\u00e9riov\u011b vyr\u00e1b\u011bn\u00fdch obrn\u011bnc\u016f.\" \/>\n<meta name=\"robots\" content=\"index, follow, max-snippet:-1, max-image-preview:large, max-video-preview:-1\" \/>\n<link rel=\"canonical\" href=\"https:\/\/www.mzone.cz\/en\/marder-bojove-vozidlo-slavi-padesat-let-provozu\/\" \/>\n<meta property=\"og:locale\" content=\"en_US\" \/>\n<meta property=\"og:type\" content=\"article\" \/>\n<meta property=\"og:title\" content=\"Bojov\u00e9 vozidlo Marder slav\u00ed pades\u00e1t let provozu - Mzone\" \/>\n<meta property=\"og:description\" content=\"Bojov\u00e9 vozidlo p\u011bchoty Marder slav\u00ed kulat\u00e9 v\u00fdro\u010d\u00ed. P\u0159ed p\u016fl stolet\u00edm toti\u017e n\u011bmeck\u00e1 arm\u00e1da slavnostn\u011b p\u0159evzala zahajovac\u00ed dod\u00e1vku prvn\u00edch s\u00e9riov\u011b vyr\u00e1b\u011bn\u00fdch obrn\u011bnc\u016f.\" \/>\n<meta property=\"og:url\" content=\"https:\/\/www.mzone.cz\/en\/marder-bojove-vozidlo-slavi-padesat-let-provozu\/\" \/>\n<meta property=\"og:site_name\" content=\"Mzone\" \/>\n<meta property=\"article:publisher\" content=\"https:\/\/www.facebook.com\/MzoneCZ\/\" \/>\n<meta property=\"article:published_time\" content=\"2021-07-17T03:00:00+00:00\" \/>\n<meta property=\"og:image\" content=\"https:\/\/www.mzone.cz\/wp-content\/uploads\/2021\/07\/Marder.jpg\" \/>\n\t<meta property=\"og:image:width\" content=\"783\" \/>\n\t<meta property=\"og:image:height\" content=\"522\" \/>\n\t<meta property=\"og:image:type\" content=\"image\/jpeg\" \/>\n<meta name=\"author\" content=\"Mzone\" \/>\n<meta name=\"twitter:card\" content=\"summary_large_image\" \/>\n<meta name=\"twitter:label1\" content=\"Written by\" \/>\n\t<meta name=\"twitter:data1\" content=\"Mzone\" \/>\n\t<meta name=\"twitter:label2\" content=\"Est. reading time\" \/>\n\t<meta name=\"twitter:data2\" content=\"3 minutes\" \/>\n<script type=\"application\/ld+json\" class=\"yoast-schema-graph\">{\"@context\":\"https:\\\/\\\/schema.org\",\"@graph\":[{\"@type\":\"Article\",\"@id\":\"https:\\\/\\\/www.mzone.cz\\\/marder-bojove-vozidlo-slavi-padesat-let-provozu\\\/#article\",\"isPartOf\":{\"@id\":\"https:\\\/\\\/www.mzone.cz\\\/marder-bojove-vozidlo-slavi-padesat-let-provozu\\\/\"},\"author\":{\"name\":\"Mzone\",\"@id\":\"https:\\\/\\\/www.mzone.cz\\\/#\\\/schema\\\/person\\\/9bc20cc422a99cac4af6ff9297da32d4\"},\"headline\":\"Bojov\u00e9 vozidlo Marder slav\u00ed pades\u00e1t let provozu\",\"datePublished\":\"2021-07-17T03:00:00+00:00\",\"mainEntityOfPage\":{\"@id\":\"https:\\\/\\\/www.mzone.cz\\\/marder-bojove-vozidlo-slavi-padesat-let-provozu\\\/\"},\"wordCount\":739,\"commentCount\":0,\"image\":{\"@id\":\"https:\\\/\\\/www.mzone.cz\\\/marder-bojove-vozidlo-slavi-padesat-let-provozu\\\/#primaryimage\"},\"thumbnailUrl\":\"https:\\\/\\\/www.mzone.cz\\\/wp-content\\\/uploads\\\/2021\\\/07\\\/Marder.jpg\",\"keywords\":[\"50 let\",\"Arm\u00e1da\",\"bojov\u00e1 vozidla\",\"bojov\u00e9 vozidlo\",\"Marder\",\"Tank\",\"tanky\",\"technika\",\"vojsko\",\"vozidlo\",\"v\u00fdro\u010d\u00ed\",\"Zbran\u011b\"],\"articleSection\":[\"Technika\",\"Zbran\u011b\"],\"inLanguage\":\"en-US\",\"potentialAction\":[{\"@type\":\"CommentAction\",\"name\":\"Comment\",\"target\":[\"https:\\\/\\\/www.mzone.cz\\\/marder-bojove-vozidlo-slavi-padesat-let-provozu\\\/#respond\"]}]},{\"@type\":\"WebPage\",\"@id\":\"https:\\\/\\\/www.mzone.cz\\\/marder-bojove-vozidlo-slavi-padesat-let-provozu\\\/\",\"url\":\"https:\\\/\\\/www.mzone.cz\\\/marder-bojove-vozidlo-slavi-padesat-let-provozu\\\/\",\"name\":\"Bojov\u00e9 vozidlo Marder slav\u00ed pades\u00e1t let provozu - Mzone\",\"isPartOf\":{\"@id\":\"https:\\\/\\\/www.mzone.cz\\\/#website\"},\"primaryImageOfPage\":{\"@id\":\"https:\\\/\\\/www.mzone.cz\\\/marder-bojove-vozidlo-slavi-padesat-let-provozu\\\/#primaryimage\"},\"image\":{\"@id\":\"https:\\\/\\\/www.mzone.cz\\\/marder-bojove-vozidlo-slavi-padesat-let-provozu\\\/#primaryimage\"},\"thumbnailUrl\":\"https:\\\/\\\/www.mzone.cz\\\/wp-content\\\/uploads\\\/2021\\\/07\\\/Marder.jpg\",\"datePublished\":\"2021-07-17T03:00:00+00:00\",\"author\":{\"@id\":\"https:\\\/\\\/www.mzone.cz\\\/#\\\/schema\\\/person\\\/9bc20cc422a99cac4af6ff9297da32d4\"},\"description\":\"Bojov\u00e9 vozidlo p\u011bchoty Marder slav\u00ed kulat\u00e9 v\u00fdro\u010d\u00ed. P\u0159ed p\u016fl stolet\u00edm toti\u017e n\u011bmeck\u00e1 arm\u00e1da slavnostn\u011b p\u0159evzala zahajovac\u00ed dod\u00e1vku prvn\u00edch s\u00e9riov\u011b vyr\u00e1b\u011bn\u00fdch obrn\u011bnc\u016f.\",\"breadcrumb\":{\"@id\":\"https:\\\/\\\/www.mzone.cz\\\/marder-bojove-vozidlo-slavi-padesat-let-provozu\\\/#breadcrumb\"},\"inLanguage\":\"en-US\",\"potentialAction\":[{\"@type\":\"ReadAction\",\"target\":[\"https:\\\/\\\/www.mzone.cz\\\/marder-bojove-vozidlo-slavi-padesat-let-provozu\\\/\"]}]},{\"@type\":\"ImageObject\",\"inLanguage\":\"en-US\",\"@id\":\"https:\\\/\\\/www.mzone.cz\\\/marder-bojove-vozidlo-slavi-padesat-let-provozu\\\/#primaryimage\",\"url\":\"https:\\\/\\\/www.mzone.cz\\\/wp-content\\\/uploads\\\/2021\\\/07\\\/Marder.jpg\",\"contentUrl\":\"https:\\\/\\\/www.mzone.cz\\\/wp-content\\\/uploads\\\/2021\\\/07\\\/Marder.jpg\",\"width\":783,\"height\":522,\"caption\":\"Marder\"},{\"@type\":\"BreadcrumbList\",\"@id\":\"https:\\\/\\\/www.mzone.cz\\\/marder-bojove-vozidlo-slavi-padesat-let-provozu\\\/#breadcrumb\",\"itemListElement\":[{\"@type\":\"ListItem\",\"position\":1,\"name\":\"Dom\u016f\",\"item\":\"https:\\\/\\\/www.mzone.cz\\\/\"},{\"@type\":\"ListItem\",\"position\":2,\"name\":\"Bojov\u00e9 vozidlo Marder slav\u00ed pades\u00e1t let provozu\"}]},{\"@type\":\"WebSite\",\"@id\":\"https:\\\/\\\/www.mzone.cz\\\/#website\",\"url\":\"https:\\\/\\\/www.mzone.cz\\\/\",\"name\":\"Mzone\",\"description\":\"Magaz\u00edn nejen pro mu\u017ee\",\"potentialAction\":[{\"@type\":\"SearchAction\",\"target\":{\"@type\":\"EntryPoint\",\"urlTemplate\":\"https:\\\/\\\/www.mzone.cz\\\/?s={search_term_string}\"},\"query-input\":{\"@type\":\"PropertyValueSpecification\",\"valueRequired\":true,\"valueName\":\"search_term_string\"}}],\"inLanguage\":\"en-US\"},{\"@type\":\"Person\",\"@id\":\"https:\\\/\\\/www.mzone.cz\\\/#\\\/schema\\\/person\\\/9bc20cc422a99cac4af6ff9297da32d4\",\"name\":\"Mzone\",\"image\":{\"@type\":\"ImageObject\",\"inLanguage\":\"en-US\",\"@id\":\"https:\\\/\\\/secure.gravatar.com\\\/avatar\\\/e780a8630f3182a3d06dd667ab6bea151a0d155b0951bc15fe22633acdac0676?s=96&d=mm&r=g\",\"url\":\"https:\\\/\\\/secure.gravatar.com\\\/avatar\\\/e780a8630f3182a3d06dd667ab6bea151a0d155b0951bc15fe22633acdac0676?s=96&d=mm&r=g\",\"contentUrl\":\"https:\\\/\\\/secure.gravatar.com\\\/avatar\\\/e780a8630f3182a3d06dd667ab6bea151a0d155b0951bc15fe22633acdac0676?s=96&d=mm&r=g\",\"caption\":\"Mzone\"},\"url\":\"https:\\\/\\\/www.mzone.cz\\\/en\\\/author\\\/jakub\\\/\"}]}<\/script>\n<!-- \/ Yoast SEO plugin. -->","yoast_head_json":{"title":"Bojov\u00e9 vozidlo Marder slav\u00ed pades\u00e1t let provozu - Mzone","description":"Bojov\u00e9 vozidlo p\u011bchoty Marder slav\u00ed kulat\u00e9 v\u00fdro\u010d\u00ed. P\u0159ed p\u016fl stolet\u00edm toti\u017e n\u011bmeck\u00e1 arm\u00e1da slavnostn\u011b p\u0159evzala zahajovac\u00ed dod\u00e1vku prvn\u00edch s\u00e9riov\u011b vyr\u00e1b\u011bn\u00fdch obrn\u011bnc\u016f.","robots":{"index":"index","follow":"follow","max-snippet":"max-snippet:-1","max-image-preview":"max-image-preview:large","max-video-preview":"max-video-preview:-1"},"canonical":"https:\/\/www.mzone.cz\/en\/marder-bojove-vozidlo-slavi-padesat-let-provozu\/","og_locale":"en_US","og_type":"article","og_title":"Bojov\u00e9 vozidlo Marder slav\u00ed pades\u00e1t let provozu - Mzone","og_description":"Bojov\u00e9 vozidlo p\u011bchoty Marder slav\u00ed kulat\u00e9 v\u00fdro\u010d\u00ed. P\u0159ed p\u016fl stolet\u00edm toti\u017e n\u011bmeck\u00e1 arm\u00e1da slavnostn\u011b p\u0159evzala zahajovac\u00ed dod\u00e1vku prvn\u00edch s\u00e9riov\u011b vyr\u00e1b\u011bn\u00fdch obrn\u011bnc\u016f.","og_url":"https:\/\/www.mzone.cz\/en\/marder-bojove-vozidlo-slavi-padesat-let-provozu\/","og_site_name":"Mzone","article_publisher":"https:\/\/www.facebook.com\/MzoneCZ\/","article_published_time":"2021-07-17T03:00:00+00:00","og_image":[{"width":783,"height":522,"url":"https:\/\/www.mzone.cz\/wp-content\/uploads\/2021\/07\/Marder.jpg","type":"image\/jpeg"}],"author":"Mzone","twitter_card":"summary_large_image","twitter_misc":{"Written by":"Mzone","Est. reading time":"3 minutes"},"schema":{"@context":"https:\/\/schema.org","@graph":[{"@type":"Article","@id":"https:\/\/www.mzone.cz\/marder-bojove-vozidlo-slavi-padesat-let-provozu\/#article","isPartOf":{"@id":"https:\/\/www.mzone.cz\/marder-bojove-vozidlo-slavi-padesat-let-provozu\/"},"author":{"name":"Mzone","@id":"https:\/\/www.mzone.cz\/#\/schema\/person\/9bc20cc422a99cac4af6ff9297da32d4"},"headline":"Bojov\u00e9 vozidlo Marder slav\u00ed pades\u00e1t let provozu","datePublished":"2021-07-17T03:00:00+00:00","mainEntityOfPage":{"@id":"https:\/\/www.mzone.cz\/marder-bojove-vozidlo-slavi-padesat-let-provozu\/"},"wordCount":739,"commentCount":0,"image":{"@id":"https:\/\/www.mzone.cz\/marder-bojove-vozidlo-slavi-padesat-let-provozu\/#primaryimage"},"thumbnailUrl":"https:\/\/www.mzone.cz\/wp-content\/uploads\/2021\/07\/Marder.jpg","keywords":["50 let","Arm\u00e1da","bojov\u00e1 vozidla","bojov\u00e9 vozidlo","Marder","Tank","tanky","technika","vojsko","vozidlo","v\u00fdro\u010d\u00ed","Zbran\u011b"],"articleSection":["Technika","Zbran\u011b"],"inLanguage":"en-US","potentialAction":[{"@type":"CommentAction","name":"Comment","target":["https:\/\/www.mzone.cz\/marder-bojove-vozidlo-slavi-padesat-let-provozu\/#respond"]}]},{"@type":"WebPage","@id":"https:\/\/www.mzone.cz\/marder-bojove-vozidlo-slavi-padesat-let-provozu\/","url":"https:\/\/www.mzone.cz\/marder-bojove-vozidlo-slavi-padesat-let-provozu\/","name":"Bojov\u00e9 vozidlo Marder slav\u00ed pades\u00e1t let provozu - Mzone","isPartOf":{"@id":"https:\/\/www.mzone.cz\/#website"},"primaryImageOfPage":{"@id":"https:\/\/www.mzone.cz\/marder-bojove-vozidlo-slavi-padesat-let-provozu\/#primaryimage"},"image":{"@id":"https:\/\/www.mzone.cz\/marder-bojove-vozidlo-slavi-padesat-let-provozu\/#primaryimage"},"thumbnailUrl":"https:\/\/www.mzone.cz\/wp-content\/uploads\/2021\/07\/Marder.jpg","datePublished":"2021-07-17T03:00:00+00:00","author":{"@id":"https:\/\/www.mzone.cz\/#\/schema\/person\/9bc20cc422a99cac4af6ff9297da32d4"},"description":"Bojov\u00e9 vozidlo p\u011bchoty Marder slav\u00ed kulat\u00e9 v\u00fdro\u010d\u00ed. P\u0159ed p\u016fl stolet\u00edm toti\u017e n\u011bmeck\u00e1 arm\u00e1da slavnostn\u011b p\u0159evzala zahajovac\u00ed dod\u00e1vku prvn\u00edch s\u00e9riov\u011b vyr\u00e1b\u011bn\u00fdch obrn\u011bnc\u016f.","breadcrumb":{"@id":"https:\/\/www.mzone.cz\/marder-bojove-vozidlo-slavi-padesat-let-provozu\/#breadcrumb"},"inLanguage":"en-US","potentialAction":[{"@type":"ReadAction","target":["https:\/\/www.mzone.cz\/marder-bojove-vozidlo-slavi-padesat-let-provozu\/"]}]},{"@type":"ImageObject","inLanguage":"en-US","@id":"https:\/\/www.mzone.cz\/marder-bojove-vozidlo-slavi-padesat-let-provozu\/#primaryimage","url":"https:\/\/www.mzone.cz\/wp-content\/uploads\/2021\/07\/Marder.jpg","contentUrl":"https:\/\/www.mzone.cz\/wp-content\/uploads\/2021\/07\/Marder.jpg","width":783,"height":522,"caption":"Marder"},{"@type":"BreadcrumbList","@id":"https:\/\/www.mzone.cz\/marder-bojove-vozidlo-slavi-padesat-let-provozu\/#breadcrumb","itemListElement":[{"@type":"ListItem","position":1,"name":"Dom\u016f","item":"https:\/\/www.mzone.cz\/"},{"@type":"ListItem","position":2,"name":"Bojov\u00e9 vozidlo Marder slav\u00ed pades\u00e1t let provozu"}]},{"@type":"WebSite","@id":"https:\/\/www.mzone.cz\/#website","url":"https:\/\/www.mzone.cz\/","name":"Mzone","description":"Magaz\u00edn nejen pro mu\u017ee","potentialAction":[{"@type":"SearchAction","target":{"@type":"EntryPoint","urlTemplate":"https:\/\/www.mzone.cz\/?s={search_term_string}"},"query-input":{"@type":"PropertyValueSpecification","valueRequired":true,"valueName":"search_term_string"}}],"inLanguage":"en-US"},{"@type":"Person","@id":"https:\/\/www.mzone.cz\/#\/schema\/person\/9bc20cc422a99cac4af6ff9297da32d4","name":"Mzone","image":{"@type":"ImageObject","inLanguage":"en-US","@id":"https:\/\/secure.gravatar.com\/avatar\/e780a8630f3182a3d06dd667ab6bea151a0d155b0951bc15fe22633acdac0676?s=96&d=mm&r=g","url":"https:\/\/secure.gravatar.com\/avatar\/e780a8630f3182a3d06dd667ab6bea151a0d155b0951bc15fe22633acdac0676?s=96&d=mm&r=g","contentUrl":"https:\/\/secure.gravatar.com\/avatar\/e780a8630f3182a3d06dd667ab6bea151a0d155b0951bc15fe22633acdac0676?s=96&d=mm&r=g","caption":"Mzone"},"url":"https:\/\/www.mzone.cz\/en\/author\/jakub\/"}]}},"_links":{"self":[{"href":"https:\/\/www.mzone.cz\/en\/wp-json\/wp\/v2\/posts\/32424","targetHints":{"allow":["GET"]}}],"collection":[{"href":"https:\/\/www.mzone.cz\/en\/wp-json\/wp\/v2\/posts"}],"about":[{"href":"https:\/\/www.mzone.cz\/en\/wp-json\/wp\/v2\/types\/post"}],"author":[{"embeddable":true,"href":"https:\/\/www.mzone.cz\/en\/wp-json\/wp\/v2\/users\/4"}],"replies":[{"embeddable":true,"href":"https:\/\/www.mzone.cz\/en\/wp-json\/wp\/v2\/comments?post=32424"}],"version-history":[{"count":13,"href":"https:\/\/www.mzone.cz\/en\/wp-json\/wp\/v2\/posts\/32424\/revisions"}],"predecessor-version":[{"id":32446,"href":"https:\/\/www.mzone.cz\/en\/wp-json\/wp\/v2\/posts\/32424\/revisions\/32446"}],"wp:featuredmedia":[{"embeddable":true,"href":"https:\/\/www.mzone.cz\/en\/wp-json\/wp\/v2\/media\/32432"}],"wp:attachment":[{"href":"https:\/\/www.mzone.cz\/en\/wp-json\/wp\/v2\/media?parent=32424"}],"wp:term":[{"taxonomy":"category","embeddable":true,"href":"https:\/\/www.mzone.cz\/en\/wp-json\/wp\/v2\/categories?post=32424"},{"taxonomy":"post_tag","embeddable":true,"href":"https:\/\/www.mzone.cz\/en\/wp-json\/wp\/v2\/tags?post=32424"}],"curies":[{"name":"wp","href":"https:\/\/api.w.org\/{rel}","templated":true}]}}