{"id":32807,"date":"2021-06-22T05:00:00","date_gmt":"2021-06-22T03:00:00","guid":{"rendered":"https:\/\/www.mzone.cz\/?p=32807"},"modified":"2021-06-17T18:38:52","modified_gmt":"2021-06-17T16:38:52","slug":"home-office-v-letnich-vedrech-jak-ho-zvladnout","status":"publish","type":"post","link":"https:\/\/www.mzone.cz\/en\/home-office-v-letnich-vedrech-jak-ho-zvladnout\/","title":{"rendered":"Jak zvl\u00e1dnout home office v letn\u00edch vedrech?"},"content":{"rendered":"<p><strong>Rtu\u0165 teplom\u011bru stoup\u00e1 a venku i uvnit\u0159 je vedro a dusno. C\u00edt\u00edte se mal\u00e1tn\u00ed a unaven\u00ed a va\u0161e my\u0161lenky sm\u011b\u0159uj\u00ed m\u00edsto pr\u00e1ce sp\u00ed\u0161e n\u011bkam k vod\u011b. Tak takov\u00fd je typick\u00fd letn\u00ed den v rozp\u00e1len\u00e9m byt\u011b ve m\u011bst\u011b. Kdy\u017e k tomu v\u0161emu je\u0161t\u011b p\u0159id\u00e1te home office, nezn\u00ed to jako \u00fapln\u00e1 idylka. Jak z t\u00e9to situace ven, kdy\u017e mus\u00edte b\u00fdt uvnit\u0159 a soust\u0159edit se na pr\u00e1ci?<\/strong><\/p><br>\n\n\n\n<h2 class=\"wp-block-heading\">V\u011btrejte chyt\u0159e<\/h2>\n\n\n\n<p>Spr\u00e1vn\u00e9 v\u011btr\u00e1n\u00ed je z\u00e1klad. V\u011btrejte r\u00e1no, kdy\u017e je vzduch je\u0161t\u011b chladn\u00fd. Pak okna zav\u0159ete a zat\u00e1hn\u011bte \u017ealuzie \u010di rolety, p\u0159\u00edpadn\u011b z\u00e1v\u011bsy. Ide\u00e1ln\u00ed je venkovn\u00ed st\u00edn\u00edc\u00ed technika, kter\u00e1 nepust\u00ed hork\u00fd vzduch ani slune\u010dn\u00ed paprsky skrz okna.<\/p>\n\n\n\n<blockquote class=\"wp-block-quote is-layout-flow wp-block-quote-is-layout-flow\"><p>Pokud byste nechali okno otev\u0159en\u00e9 cel\u00fd den, jen si do m\u00edstnosti budete pou\u0161t\u011bt hork\u00fd vzduch a moc si nepom\u016f\u017eete. P\u0159esn\u011b tak to d\u011blaj\u00ed i ve St\u0159edomo\u0159\u00ed.<\/p><\/blockquote>\n\n\n\n<p>Znova v\u011btrejte a\u017e ve\u010der a v noci, kdy\u017e u\u017e bude venku p\u0159\u00edjemn\u011b. Jen si u toho zhasn\u011bte sv\u011btlo, abyste si do bytu nepustili kom\u00e1ry. Pokud tedy nem\u00e1te v oknech s\u00edt\u011b \u010di v byt\u011b <a href=\"https:\/\/www.ventilatory-shop.cz\/lapace-hmyzu\" target=\"_blank\" rel=\"noopener\">lapa\u010d hmyzu<\/a>.<\/p><br>\n\n\n\n<h2 class=\"wp-block-heading\">Po\u0159i\u010fte si klimatizaci<\/h2>\n\n\n\n<p>T\u00edm nej\u00fa\u010dinn\u011bj\u0161\u00edm zp\u016fsobem, jak zato\u010dit s letn\u00edmi vedry, je n\u00e1kup klimatizace. Na v\u00fdb\u011br m\u00e1te v podstat\u011b ze dvou typ\u016f \u2013 mobiln\u00ed, stacion\u00e1rn\u00ed. Mobiln\u00ed je ide\u00e1ln\u00ed v p\u0159\u00edpad\u011b, kdy chcete m\u00edt za\u0159\u00edzen\u00ed k dispozici ihned, nechcete utr\u00e1cet tolik pen\u011bz, a hlavn\u011b se chcete vyhnout stavebn\u00edm \u00faprav\u00e1m.<\/p><br>\n\n\n\n<figure class=\"wp-block-image size-large is-resized\"><img loading=\"lazy\" decoding=\"async\" src=\"https:\/\/www.mzone.cz\/wp-content\/uploads\/2021\/06\/pouzivani-klimatizace.jpg\" alt=\"Klimatizace\" class=\"wp-image-32819\" width=\"827\" height=\"552\" srcset=\"https:\/\/www.mzone.cz\/wp-content\/uploads\/2021\/06\/pouzivani-klimatizace.jpg 700w, https:\/\/www.mzone.cz\/wp-content\/uploads\/2021\/06\/pouzivani-klimatizace-300x200.jpg 300w, https:\/\/www.mzone.cz\/wp-content\/uploads\/2021\/06\/pouzivani-klimatizace-16x12.jpg 16w, https:\/\/www.mzone.cz\/wp-content\/uploads\/2021\/06\/pouzivani-klimatizace-400x267.jpg 400w, https:\/\/www.mzone.cz\/wp-content\/uploads\/2021\/06\/pouzivani-klimatizace-500x333.jpg 500w, https:\/\/www.mzone.cz\/wp-content\/uploads\/2021\/06\/pouzivani-klimatizace-590x394.jpg 590w\" sizes=\"auto, (max-width: 827px) 100vw, 827px\" \/><\/figure><br>\n\n\n\n<p>\u00da\u010dinn\u011bj\u0161\u00ed je nicm\u00e9n\u011b stacion\u00e1rn\u00ed jednotka. Klasick\u00e1 klimatizace je sice dra\u017e\u0161\u00ed a v\u011bt\u0161inou vy\u017eaduje stavebn\u00ed \u00fapravy, ale je velmi \u00fa\u010dinn\u00e1, ochlad\u00ed m\u00edstnost ihned, designov\u011b vypad\u00e1 l\u00e9pe ne\u017e mobiln\u00ed varianta a nikde nep\u0159ek\u00e1\u017e\u00ed. P\u0159i pou\u017e\u00edv\u00e1n\u00ed obou za\u0159\u00edzen\u00ed ale dejte pozor, abyste si nenechali studen\u00fd vzduch foukat p\u0159\u00edmo na t\u011blo. P\u0159i pou\u017eit\u00ed klimatizace byste se m\u011bli \u0159\u00eddit pravidlem, \u017ee rozd\u00edl vn\u011bj\u0161\u00ed a vnit\u0159n\u00ed teploty by nem\u011bl p\u0159ekro\u010dit 6\u00b0C.<\/p><br>\n\n\n\n<p class=\"has-background\" style=\"background-color:#dddddd\"><strong>TIP:<\/strong> Mo\u017en\u00e1 v\u00e1s p\u0159ekvap\u00ed, \u017ee <a href=\"https:\/\/homebydleni.cz\/dum\/vytapeni\/co-vsechno-umi-klimatizace\/\" target=\"_blank\" rel=\"noopener\">klimatizace m\u016f\u017ee um\u011bt mnohem v\u00edc ne\u017e jen chladit<\/a>.<\/p><br>\n\n\n\n<h2 class=\"wp-block-heading\">Ventil\u00e1tor jako rychl\u00e9 \u0159e\u0161en\u00ed<\/h2>\n\n\n\n<p>Rychl\u00fdm a levn\u00fdm \u0159e\u0161en\u00edm, jak si zlep\u0161it podm\u00ednky pr\u00e1ce v dom\u00e1c\u00edm prost\u0159ed\u00ed v l\u00e9t\u011b, je ventil\u00e1tor. Koupit se daj\u00ed mal\u00e9, p\u0159enosn\u00e9, kter\u00e9 jsou ide\u00e1ln\u00ed do d\u00e1msk\u00fdch kabelek, ale ty v\u00e1m p\u0159i home office moc nepomohou. S\u00e1hn\u011bte proto rad\u011bji po jin\u00fdch variant\u00e1ch, a to bu\u010f stoln\u00ed nebo stojanov\u00e9. U stoln\u00edch po\u010d\u00edtejte s t\u00edm, \u017ee nejsou tak v\u00fdkonn\u00e9, ale zase jsou kompaktn\u011bj\u0161\u00ed.<\/p><br>\n\n\n\n<figure class=\"wp-block-image size-large is-resized\"><img loading=\"lazy\" decoding=\"async\" src=\"https:\/\/www.mzone.cz\/wp-content\/uploads\/2021\/06\/rucni-ventilator.jpg\" alt=\"Ru\u010dn\u00ed ventil\u00e1tor\" class=\"wp-image-32823\" width=\"826\" height=\"551\" srcset=\"https:\/\/www.mzone.cz\/wp-content\/uploads\/2021\/06\/rucni-ventilator.jpg 684w, https:\/\/www.mzone.cz\/wp-content\/uploads\/2021\/06\/rucni-ventilator-300x200.jpg 300w, https:\/\/www.mzone.cz\/wp-content\/uploads\/2021\/06\/rucni-ventilator-16x12.jpg 16w, https:\/\/www.mzone.cz\/wp-content\/uploads\/2021\/06\/rucni-ventilator-400x267.jpg 400w, https:\/\/www.mzone.cz\/wp-content\/uploads\/2021\/06\/rucni-ventilator-500x333.jpg 500w, https:\/\/www.mzone.cz\/wp-content\/uploads\/2021\/06\/rucni-ventilator-590x393.jpg 590w\" sizes=\"auto, (max-width: 826px) 100vw, 826px\" \/><\/figure><br>\n\n\n\n<p>Za zv\u00e1\u017een\u00ed tak\u00e9 stoj\u00ed stropn\u00ed ventil\u00e1tor. Ten se d\u00e1 spojit s osv\u011btlen\u00edm a nezab\u00edr\u00e1 t\u00e9m\u011b\u0159 \u017e\u00e1dn\u00fd prostor, respektive nep\u0159ek\u00e1\u017e\u00ed. Tak\u00e9 nefouk\u00e1 vzduch p\u0159\u00edmo na osoby, tak\u017ee s n\u00edm nehroz\u00ed \u017e\u00e1dn\u00e9 zdravotn\u00ed probl\u00e9my. Nav\u00edc je velmi \u00fa\u010dinn\u00fd a m\u016f\u017eete ho vyu\u017e\u00edt i v zim\u011b, kdy v\u00e1m jeho reverzn\u00ed chod pom\u016f\u017ee rozh\u00e1n\u011bt tepl\u00fd vzduch po m\u00edstnosti.<\/p>\n\n\n\n<blockquote class=\"wp-block-quote is-layout-flow wp-block-quote-is-layout-flow\"><p>Skv\u011blou volbou mohou b\u00fdt tak\u00e9 <a href=\"https:\/\/www.ventilatory-shop.cz\/clanek\/elegantni-bezlopatkovy-ventilator-dobra-volba-pro-alergiky\" target=\"_blank\" rel=\"noreferrer noopener\">bezlopatkov\u00e9 ventil\u00e1tory<\/a>, kter\u00e9 jsou tich\u00e9, velmi bezpe\u010dn\u00e9, nev\u00ed\u0159\u00ed prach a hlavn\u011b v\u00e1s nadchne jejich modern\u00ed vzhled.\u00a0<\/p><\/blockquote>\n\n\n\n<p><strong>Z\u00e1v\u011brem jen dod\u00e1me, \u017ee je t\u0159eba dodr\u017eovat pitn\u00fd re\u017eim, pijte p\u0159edev\u0161\u00edm \u010distou vodu. Skv\u011bl\u00e9 osv\u011b\u017een\u00ed v\u00e1m poskytne tak\u00e9 voda s citronem, okurkou, levandul\u00ed nebo jin\u00fdmi bylinkami. Budete tak st\u00e1le hydratovan\u00ed a p\u0159edejdete \u00fanav\u011b a bolestem hlavy.<\/strong><\/p><br>\n\n\n\n<div class=\"wp-block-media-text alignwide is-stacked-on-mobile is-vertically-aligned-top\" style=\"grid-template-columns:24% auto\"><figure class=\"wp-block-media-text__media\"><a href=\"https:\/\/www.mzone.cz\/zada-bolest-prace-z-domu-tipy\/\"><img loading=\"lazy\" decoding=\"async\" width=\"1024\" height=\"683\" src=\"https:\/\/www.mzone.cz\/wp-content\/uploads\/2020\/10\/Home-office-1024x683.jpg\" alt=\"\" class=\"wp-image-24334 size-full\" srcset=\"https:\/\/www.mzone.cz\/wp-content\/uploads\/2020\/10\/Home-office-1024x683.jpg 1024w, https:\/\/www.mzone.cz\/wp-content\/uploads\/2020\/10\/Home-office-300x200.jpg 300w, https:\/\/www.mzone.cz\/wp-content\/uploads\/2020\/10\/Home-office-768x512.jpg 768w, https:\/\/www.mzone.cz\/wp-content\/uploads\/2020\/10\/Home-office-1536x1024.jpg 1536w, https:\/\/www.mzone.cz\/wp-content\/uploads\/2020\/10\/Home-office-800x533.jpg 800w, https:\/\/www.mzone.cz\/wp-content\/uploads\/2020\/10\/Home-office-400x267.jpg 400w, https:\/\/www.mzone.cz\/wp-content\/uploads\/2020\/10\/Home-office-500x333.jpg 500w, https:\/\/www.mzone.cz\/wp-content\/uploads\/2020\/10\/Home-office-1170x780.jpg 1170w, https:\/\/www.mzone.cz\/wp-content\/uploads\/2020\/10\/Home-office-590x393.jpg 590w, https:\/\/www.mzone.cz\/wp-content\/uploads\/2020\/10\/Home-office.jpg 1650w\" sizes=\"auto, (max-width: 1024px) 100vw, 1024px\" \/><\/a><\/figure><div class=\"wp-block-media-text__content\">\n<h4><a href=\"https:\/\/www.mzone.cz\/zada-bolest-prace-z-domu-tipy\/\">Pr\u00e1ce z domu m\u016f\u017ee b\u00fdt trest pro z\u00e1da. TIPY, jak se tomu vyhnout<\/a><\/h4><br>\n<\/div><\/div>\n\n\n\n<p><\/p>","protected":false},"excerpt":{"rendered":"<p>Rtu\u0165 teplom\u011bru stoup\u00e1 a venku i uvnit\u0159 je vedro a dusno. C\u00edt\u00edte se mal\u00e1tn\u00ed a unaven\u00ed a va\u0161e my\u0161lenky sm\u011b\u0159uj\u00ed m\u00edsto pr\u00e1ce sp\u00ed\u0161e n\u011bkam k vod\u011b. Tak takov\u00fd je typick\u00fd letn\u00ed den v rozp\u00e1len\u00e9m byt\u011b ve m\u011bst\u011b. Kdy\u017e k tomu v\u0161emu je\u0161t\u011b p\u0159id\u00e1te home office, nezn\u00ed to jako \u00fapln\u00e1 idylka. Jak z t\u00e9to situace ven, [&hellip;]<\/p>\n","protected":false},"author":4,"featured_media":32827,"comment_status":"open","ping_status":"closed","sticky":false,"template":"","format":"standard","meta":{"kk_blocks_editor_width":"","_kiokenblocks_attr":"","_kiokenblocks_dimensions":"","footnotes":""},"categories":[29,25],"tags":[3085,3672,3786,3084,1818,17,1292,720,490,5082,3944,5083,1332],"class_list":["post-32807","post","type-post","status-publish","format-standard","has-post-thumbnail","hentry","category-lifestyle","category-style","tag-chlazeni","tag-home-office","tag-horko","tag-klimatizace","tag-leto","tag-lifestyle","tag-pocasi","tag-prace","tag-style","tag-teplo","tag-vedro","tag-vysoke-teploty","tag-zamestnani"],"yoast_head":"<!-- This site is optimized with the Yoast SEO plugin v27.5 - https:\/\/yoast.com\/product\/yoast-seo-wordpress\/ -->\n<title>Jak zvl\u00e1dnout home office v letn\u00edch vedrech? - Mzone<\/title>\n<meta name=\"description\" content=\"Rtu\u0165 teplom\u011bru stoup\u00e1 a venku i uvnit\u0159 je vedro a dusno. C\u00edt\u00edte se mal\u00e1tn\u00ed a unaven\u00ed a va\u0161e my\u0161lenky sm\u011b\u0159uj\u00ed m\u00edsto pr\u00e1ce sp\u00ed\u0161e n\u011bkam k vod\u011b. Tak takov\u00fd je typick\u00fd letn\u00ed den v rozp\u00e1len\u00e9m byt\u011b ve m\u011bst\u011b. Kdy\u017e k tomu v\u0161emu je\u0161t\u011b p\u0159id\u00e1te home office, nezn\u00ed to jako \u00fapln\u00e1 idylka. Jak z t\u00e9to situace ven, kdy\u017e mus\u00edte b\u00fdt uvnit\u0159 a soust\u0159edit se na pr\u00e1ci?\" \/>\n<meta name=\"robots\" content=\"index, follow, max-snippet:-1, max-image-preview:large, max-video-preview:-1\" \/>\n<link rel=\"canonical\" href=\"https:\/\/www.mzone.cz\/en\/home-office-v-letnich-vedrech-jak-ho-zvladnout\/\" \/>\n<meta property=\"og:locale\" content=\"en_US\" \/>\n<meta property=\"og:type\" content=\"article\" \/>\n<meta property=\"og:title\" content=\"Jak zvl\u00e1dnout home office v letn\u00edch vedrech? - Mzone\" \/>\n<meta property=\"og:description\" content=\"Rtu\u0165 teplom\u011bru stoup\u00e1 a venku i uvnit\u0159 je vedro a dusno. C\u00edt\u00edte se mal\u00e1tn\u00ed a unaven\u00ed a va\u0161e my\u0161lenky sm\u011b\u0159uj\u00ed m\u00edsto pr\u00e1ce sp\u00ed\u0161e n\u011bkam k vod\u011b. Tak takov\u00fd je typick\u00fd letn\u00ed den v rozp\u00e1len\u00e9m byt\u011b ve m\u011bst\u011b. Kdy\u017e k tomu v\u0161emu je\u0161t\u011b p\u0159id\u00e1te home office, nezn\u00ed to jako \u00fapln\u00e1 idylka. Jak z t\u00e9to situace ven, kdy\u017e mus\u00edte b\u00fdt uvnit\u0159 a soust\u0159edit se na pr\u00e1ci?\" \/>\n<meta property=\"og:url\" content=\"https:\/\/www.mzone.cz\/en\/home-office-v-letnich-vedrech-jak-ho-zvladnout\/\" \/>\n<meta property=\"og:site_name\" content=\"Mzone\" \/>\n<meta property=\"article:publisher\" content=\"https:\/\/www.facebook.com\/MzoneCZ\/\" \/>\n<meta property=\"article:published_time\" content=\"2021-06-22T03:00:00+00:00\" \/>\n<meta property=\"og:image\" content=\"https:\/\/www.mzone.cz\/wp-content\/uploads\/2021\/06\/Horko-home-office-scaled.jpg\" \/>\n\t<meta property=\"og:image:width\" content=\"2560\" \/>\n\t<meta property=\"og:image:height\" content=\"1707\" \/>\n\t<meta property=\"og:image:type\" content=\"image\/jpeg\" \/>\n<meta name=\"author\" content=\"Mzone\" \/>\n<meta name=\"twitter:card\" content=\"summary_large_image\" \/>\n<meta name=\"twitter:label1\" content=\"Written by\" \/>\n\t<meta name=\"twitter:data1\" content=\"Mzone\" \/>\n\t<meta name=\"twitter:label2\" content=\"Est. reading time\" \/>\n\t<meta name=\"twitter:data2\" content=\"3 minutes\" \/>\n<script type=\"application\/ld+json\" class=\"yoast-schema-graph\">{\"@context\":\"https:\\\/\\\/schema.org\",\"@graph\":[{\"@type\":\"Article\",\"@id\":\"https:\\\/\\\/www.mzone.cz\\\/home-office-v-letnich-vedrech-jak-ho-zvladnout\\\/#article\",\"isPartOf\":{\"@id\":\"https:\\\/\\\/www.mzone.cz\\\/home-office-v-letnich-vedrech-jak-ho-zvladnout\\\/\"},\"author\":{\"name\":\"Mzone\",\"@id\":\"https:\\\/\\\/www.mzone.cz\\\/#\\\/schema\\\/person\\\/9bc20cc422a99cac4af6ff9297da32d4\"},\"headline\":\"Jak zvl\u00e1dnout home office v letn\u00edch vedrech?\",\"datePublished\":\"2021-06-22T03:00:00+00:00\",\"mainEntityOfPage\":{\"@id\":\"https:\\\/\\\/www.mzone.cz\\\/home-office-v-letnich-vedrech-jak-ho-zvladnout\\\/\"},\"wordCount\":666,\"commentCount\":0,\"image\":{\"@id\":\"https:\\\/\\\/www.mzone.cz\\\/home-office-v-letnich-vedrech-jak-ho-zvladnout\\\/#primaryimage\"},\"thumbnailUrl\":\"https:\\\/\\\/www.mzone.cz\\\/wp-content\\\/uploads\\\/2021\\\/06\\\/Horko-home-office-scaled.jpg\",\"keywords\":[\"chlazen\u00ed\",\"home office\",\"horko\",\"klimatizace\",\"l\u00e9to\",\"Lifestyle\",\"po\u010das\u00ed\",\"pr\u00e1ce\",\"style\",\"teplo\",\"vedro\",\"vysok\u00e9 teploty\",\"zam\u011bstn\u00e1n\u00ed\"],\"articleSection\":[\"Lifestyle\",\"Style\"],\"inLanguage\":\"en-US\",\"potentialAction\":[{\"@type\":\"CommentAction\",\"name\":\"Comment\",\"target\":[\"https:\\\/\\\/www.mzone.cz\\\/home-office-v-letnich-vedrech-jak-ho-zvladnout\\\/#respond\"]}]},{\"@type\":\"WebPage\",\"@id\":\"https:\\\/\\\/www.mzone.cz\\\/home-office-v-letnich-vedrech-jak-ho-zvladnout\\\/\",\"url\":\"https:\\\/\\\/www.mzone.cz\\\/home-office-v-letnich-vedrech-jak-ho-zvladnout\\\/\",\"name\":\"Jak zvl\u00e1dnout home office v letn\u00edch vedrech? - Mzone\",\"isPartOf\":{\"@id\":\"https:\\\/\\\/www.mzone.cz\\\/#website\"},\"primaryImageOfPage\":{\"@id\":\"https:\\\/\\\/www.mzone.cz\\\/home-office-v-letnich-vedrech-jak-ho-zvladnout\\\/#primaryimage\"},\"image\":{\"@id\":\"https:\\\/\\\/www.mzone.cz\\\/home-office-v-letnich-vedrech-jak-ho-zvladnout\\\/#primaryimage\"},\"thumbnailUrl\":\"https:\\\/\\\/www.mzone.cz\\\/wp-content\\\/uploads\\\/2021\\\/06\\\/Horko-home-office-scaled.jpg\",\"datePublished\":\"2021-06-22T03:00:00+00:00\",\"author\":{\"@id\":\"https:\\\/\\\/www.mzone.cz\\\/#\\\/schema\\\/person\\\/9bc20cc422a99cac4af6ff9297da32d4\"},\"description\":\"Rtu\u0165 teplom\u011bru stoup\u00e1 a venku i uvnit\u0159 je vedro a dusno. C\u00edt\u00edte se mal\u00e1tn\u00ed a unaven\u00ed a va\u0161e my\u0161lenky sm\u011b\u0159uj\u00ed m\u00edsto pr\u00e1ce sp\u00ed\u0161e n\u011bkam k vod\u011b. Tak takov\u00fd je typick\u00fd letn\u00ed den v rozp\u00e1len\u00e9m byt\u011b ve m\u011bst\u011b. Kdy\u017e k tomu v\u0161emu je\u0161t\u011b p\u0159id\u00e1te home office, nezn\u00ed to jako \u00fapln\u00e1 idylka. Jak z t\u00e9to situace ven, kdy\u017e mus\u00edte b\u00fdt uvnit\u0159 a soust\u0159edit se na pr\u00e1ci?\",\"breadcrumb\":{\"@id\":\"https:\\\/\\\/www.mzone.cz\\\/home-office-v-letnich-vedrech-jak-ho-zvladnout\\\/#breadcrumb\"},\"inLanguage\":\"en-US\",\"potentialAction\":[{\"@type\":\"ReadAction\",\"target\":[\"https:\\\/\\\/www.mzone.cz\\\/home-office-v-letnich-vedrech-jak-ho-zvladnout\\\/\"]}]},{\"@type\":\"ImageObject\",\"inLanguage\":\"en-US\",\"@id\":\"https:\\\/\\\/www.mzone.cz\\\/home-office-v-letnich-vedrech-jak-ho-zvladnout\\\/#primaryimage\",\"url\":\"https:\\\/\\\/www.mzone.cz\\\/wp-content\\\/uploads\\\/2021\\\/06\\\/Horko-home-office-scaled.jpg\",\"contentUrl\":\"https:\\\/\\\/www.mzone.cz\\\/wp-content\\\/uploads\\\/2021\\\/06\\\/Horko-home-office-scaled.jpg\",\"width\":2560,\"height\":1707,\"caption\":\"Horko - home office\"},{\"@type\":\"BreadcrumbList\",\"@id\":\"https:\\\/\\\/www.mzone.cz\\\/home-office-v-letnich-vedrech-jak-ho-zvladnout\\\/#breadcrumb\",\"itemListElement\":[{\"@type\":\"ListItem\",\"position\":1,\"name\":\"Dom\u016f\",\"item\":\"https:\\\/\\\/www.mzone.cz\\\/\"},{\"@type\":\"ListItem\",\"position\":2,\"name\":\"Jak zvl\u00e1dnout home office v letn\u00edch vedrech?\"}]},{\"@type\":\"WebSite\",\"@id\":\"https:\\\/\\\/www.mzone.cz\\\/#website\",\"url\":\"https:\\\/\\\/www.mzone.cz\\\/\",\"name\":\"Mzone\",\"description\":\"Magaz\u00edn nejen pro mu\u017ee\",\"potentialAction\":[{\"@type\":\"SearchAction\",\"target\":{\"@type\":\"EntryPoint\",\"urlTemplate\":\"https:\\\/\\\/www.mzone.cz\\\/?s={search_term_string}\"},\"query-input\":{\"@type\":\"PropertyValueSpecification\",\"valueRequired\":true,\"valueName\":\"search_term_string\"}}],\"inLanguage\":\"en-US\"},{\"@type\":\"Person\",\"@id\":\"https:\\\/\\\/www.mzone.cz\\\/#\\\/schema\\\/person\\\/9bc20cc422a99cac4af6ff9297da32d4\",\"name\":\"Mzone\",\"image\":{\"@type\":\"ImageObject\",\"inLanguage\":\"en-US\",\"@id\":\"https:\\\/\\\/secure.gravatar.com\\\/avatar\\\/e780a8630f3182a3d06dd667ab6bea151a0d155b0951bc15fe22633acdac0676?s=96&d=mm&r=g\",\"url\":\"https:\\\/\\\/secure.gravatar.com\\\/avatar\\\/e780a8630f3182a3d06dd667ab6bea151a0d155b0951bc15fe22633acdac0676?s=96&d=mm&r=g\",\"contentUrl\":\"https:\\\/\\\/secure.gravatar.com\\\/avatar\\\/e780a8630f3182a3d06dd667ab6bea151a0d155b0951bc15fe22633acdac0676?s=96&d=mm&r=g\",\"caption\":\"Mzone\"},\"url\":\"https:\\\/\\\/www.mzone.cz\\\/en\\\/author\\\/jakub\\\/\"}]}<\/script>\n<!-- \/ Yoast SEO plugin. -->","yoast_head_json":{"title":"Jak zvl\u00e1dnout home office v letn\u00edch vedrech? - Mzone","description":"Rtu\u0165 teplom\u011bru stoup\u00e1 a venku i uvnit\u0159 je vedro a dusno. C\u00edt\u00edte se mal\u00e1tn\u00ed a unaven\u00ed a va\u0161e my\u0161lenky sm\u011b\u0159uj\u00ed m\u00edsto pr\u00e1ce sp\u00ed\u0161e n\u011bkam k vod\u011b. Tak takov\u00fd je typick\u00fd letn\u00ed den v rozp\u00e1len\u00e9m byt\u011b ve m\u011bst\u011b. Kdy\u017e k tomu v\u0161emu je\u0161t\u011b p\u0159id\u00e1te home office, nezn\u00ed to jako \u00fapln\u00e1 idylka. Jak z t\u00e9to situace ven, kdy\u017e mus\u00edte b\u00fdt uvnit\u0159 a soust\u0159edit se na pr\u00e1ci?","robots":{"index":"index","follow":"follow","max-snippet":"max-snippet:-1","max-image-preview":"max-image-preview:large","max-video-preview":"max-video-preview:-1"},"canonical":"https:\/\/www.mzone.cz\/en\/home-office-v-letnich-vedrech-jak-ho-zvladnout\/","og_locale":"en_US","og_type":"article","og_title":"Jak zvl\u00e1dnout home office v letn\u00edch vedrech? - Mzone","og_description":"Rtu\u0165 teplom\u011bru stoup\u00e1 a venku i uvnit\u0159 je vedro a dusno. C\u00edt\u00edte se mal\u00e1tn\u00ed a unaven\u00ed a va\u0161e my\u0161lenky sm\u011b\u0159uj\u00ed m\u00edsto pr\u00e1ce sp\u00ed\u0161e n\u011bkam k vod\u011b. Tak takov\u00fd je typick\u00fd letn\u00ed den v rozp\u00e1len\u00e9m byt\u011b ve m\u011bst\u011b. Kdy\u017e k tomu v\u0161emu je\u0161t\u011b p\u0159id\u00e1te home office, nezn\u00ed to jako \u00fapln\u00e1 idylka. Jak z t\u00e9to situace ven, kdy\u017e mus\u00edte b\u00fdt uvnit\u0159 a soust\u0159edit se na pr\u00e1ci?","og_url":"https:\/\/www.mzone.cz\/en\/home-office-v-letnich-vedrech-jak-ho-zvladnout\/","og_site_name":"Mzone","article_publisher":"https:\/\/www.facebook.com\/MzoneCZ\/","article_published_time":"2021-06-22T03:00:00+00:00","og_image":[{"width":2560,"height":1707,"url":"https:\/\/www.mzone.cz\/wp-content\/uploads\/2021\/06\/Horko-home-office-scaled.jpg","type":"image\/jpeg"}],"author":"Mzone","twitter_card":"summary_large_image","twitter_misc":{"Written by":"Mzone","Est. reading time":"3 minutes"},"schema":{"@context":"https:\/\/schema.org","@graph":[{"@type":"Article","@id":"https:\/\/www.mzone.cz\/home-office-v-letnich-vedrech-jak-ho-zvladnout\/#article","isPartOf":{"@id":"https:\/\/www.mzone.cz\/home-office-v-letnich-vedrech-jak-ho-zvladnout\/"},"author":{"name":"Mzone","@id":"https:\/\/www.mzone.cz\/#\/schema\/person\/9bc20cc422a99cac4af6ff9297da32d4"},"headline":"Jak zvl\u00e1dnout home office v letn\u00edch vedrech?","datePublished":"2021-06-22T03:00:00+00:00","mainEntityOfPage":{"@id":"https:\/\/www.mzone.cz\/home-office-v-letnich-vedrech-jak-ho-zvladnout\/"},"wordCount":666,"commentCount":0,"image":{"@id":"https:\/\/www.mzone.cz\/home-office-v-letnich-vedrech-jak-ho-zvladnout\/#primaryimage"},"thumbnailUrl":"https:\/\/www.mzone.cz\/wp-content\/uploads\/2021\/06\/Horko-home-office-scaled.jpg","keywords":["chlazen\u00ed","home office","horko","klimatizace","l\u00e9to","Lifestyle","po\u010das\u00ed","pr\u00e1ce","style","teplo","vedro","vysok\u00e9 teploty","zam\u011bstn\u00e1n\u00ed"],"articleSection":["Lifestyle","Style"],"inLanguage":"en-US","potentialAction":[{"@type":"CommentAction","name":"Comment","target":["https:\/\/www.mzone.cz\/home-office-v-letnich-vedrech-jak-ho-zvladnout\/#respond"]}]},{"@type":"WebPage","@id":"https:\/\/www.mzone.cz\/home-office-v-letnich-vedrech-jak-ho-zvladnout\/","url":"https:\/\/www.mzone.cz\/home-office-v-letnich-vedrech-jak-ho-zvladnout\/","name":"Jak zvl\u00e1dnout home office v letn\u00edch vedrech? - Mzone","isPartOf":{"@id":"https:\/\/www.mzone.cz\/#website"},"primaryImageOfPage":{"@id":"https:\/\/www.mzone.cz\/home-office-v-letnich-vedrech-jak-ho-zvladnout\/#primaryimage"},"image":{"@id":"https:\/\/www.mzone.cz\/home-office-v-letnich-vedrech-jak-ho-zvladnout\/#primaryimage"},"thumbnailUrl":"https:\/\/www.mzone.cz\/wp-content\/uploads\/2021\/06\/Horko-home-office-scaled.jpg","datePublished":"2021-06-22T03:00:00+00:00","author":{"@id":"https:\/\/www.mzone.cz\/#\/schema\/person\/9bc20cc422a99cac4af6ff9297da32d4"},"description":"Rtu\u0165 teplom\u011bru stoup\u00e1 a venku i uvnit\u0159 je vedro a dusno. C\u00edt\u00edte se mal\u00e1tn\u00ed a unaven\u00ed a va\u0161e my\u0161lenky sm\u011b\u0159uj\u00ed m\u00edsto pr\u00e1ce sp\u00ed\u0161e n\u011bkam k vod\u011b. Tak takov\u00fd je typick\u00fd letn\u00ed den v rozp\u00e1len\u00e9m byt\u011b ve m\u011bst\u011b. Kdy\u017e k tomu v\u0161emu je\u0161t\u011b p\u0159id\u00e1te home office, nezn\u00ed to jako \u00fapln\u00e1 idylka. Jak z t\u00e9to situace ven, kdy\u017e mus\u00edte b\u00fdt uvnit\u0159 a soust\u0159edit se na pr\u00e1ci?","breadcrumb":{"@id":"https:\/\/www.mzone.cz\/home-office-v-letnich-vedrech-jak-ho-zvladnout\/#breadcrumb"},"inLanguage":"en-US","potentialAction":[{"@type":"ReadAction","target":["https:\/\/www.mzone.cz\/home-office-v-letnich-vedrech-jak-ho-zvladnout\/"]}]},{"@type":"ImageObject","inLanguage":"en-US","@id":"https:\/\/www.mzone.cz\/home-office-v-letnich-vedrech-jak-ho-zvladnout\/#primaryimage","url":"https:\/\/www.mzone.cz\/wp-content\/uploads\/2021\/06\/Horko-home-office-scaled.jpg","contentUrl":"https:\/\/www.mzone.cz\/wp-content\/uploads\/2021\/06\/Horko-home-office-scaled.jpg","width":2560,"height":1707,"caption":"Horko - home office"},{"@type":"BreadcrumbList","@id":"https:\/\/www.mzone.cz\/home-office-v-letnich-vedrech-jak-ho-zvladnout\/#breadcrumb","itemListElement":[{"@type":"ListItem","position":1,"name":"Dom\u016f","item":"https:\/\/www.mzone.cz\/"},{"@type":"ListItem","position":2,"name":"Jak zvl\u00e1dnout home office v letn\u00edch vedrech?"}]},{"@type":"WebSite","@id":"https:\/\/www.mzone.cz\/#website","url":"https:\/\/www.mzone.cz\/","name":"Mzone","description":"Magaz\u00edn nejen pro mu\u017ee","potentialAction":[{"@type":"SearchAction","target":{"@type":"EntryPoint","urlTemplate":"https:\/\/www.mzone.cz\/?s={search_term_string}"},"query-input":{"@type":"PropertyValueSpecification","valueRequired":true,"valueName":"search_term_string"}}],"inLanguage":"en-US"},{"@type":"Person","@id":"https:\/\/www.mzone.cz\/#\/schema\/person\/9bc20cc422a99cac4af6ff9297da32d4","name":"Mzone","image":{"@type":"ImageObject","inLanguage":"en-US","@id":"https:\/\/secure.gravatar.com\/avatar\/e780a8630f3182a3d06dd667ab6bea151a0d155b0951bc15fe22633acdac0676?s=96&d=mm&r=g","url":"https:\/\/secure.gravatar.com\/avatar\/e780a8630f3182a3d06dd667ab6bea151a0d155b0951bc15fe22633acdac0676?s=96&d=mm&r=g","contentUrl":"https:\/\/secure.gravatar.com\/avatar\/e780a8630f3182a3d06dd667ab6bea151a0d155b0951bc15fe22633acdac0676?s=96&d=mm&r=g","caption":"Mzone"},"url":"https:\/\/www.mzone.cz\/en\/author\/jakub\/"}]}},"_links":{"self":[{"href":"https:\/\/www.mzone.cz\/en\/wp-json\/wp\/v2\/posts\/32807","targetHints":{"allow":["GET"]}}],"collection":[{"href":"https:\/\/www.mzone.cz\/en\/wp-json\/wp\/v2\/posts"}],"about":[{"href":"https:\/\/www.mzone.cz\/en\/wp-json\/wp\/v2\/types\/post"}],"author":[{"embeddable":true,"href":"https:\/\/www.mzone.cz\/en\/wp-json\/wp\/v2\/users\/4"}],"replies":[{"embeddable":true,"href":"https:\/\/www.mzone.cz\/en\/wp-json\/wp\/v2\/comments?post=32807"}],"version-history":[{"count":12,"href":"https:\/\/www.mzone.cz\/en\/wp-json\/wp\/v2\/posts\/32807\/revisions"}],"predecessor-version":[{"id":32829,"href":"https:\/\/www.mzone.cz\/en\/wp-json\/wp\/v2\/posts\/32807\/revisions\/32829"}],"wp:featuredmedia":[{"embeddable":true,"href":"https:\/\/www.mzone.cz\/en\/wp-json\/wp\/v2\/media\/32827"}],"wp:attachment":[{"href":"https:\/\/www.mzone.cz\/en\/wp-json\/wp\/v2\/media?parent=32807"}],"wp:term":[{"taxonomy":"category","embeddable":true,"href":"https:\/\/www.mzone.cz\/en\/wp-json\/wp\/v2\/categories?post=32807"},{"taxonomy":"post_tag","embeddable":true,"href":"https:\/\/www.mzone.cz\/en\/wp-json\/wp\/v2\/tags?post=32807"}],"curies":[{"name":"wp","href":"https:\/\/api.w.org\/{rel}","templated":true}]}}