{"id":33038,"date":"2021-07-22T05:00:00","date_gmt":"2021-07-22T03:00:00","guid":{"rendered":"https:\/\/www.mzone.cz\/?p=33038"},"modified":"2021-07-21T09:26:47","modified_gmt":"2021-07-21T07:26:47","slug":"snajdr-miroslav-krobot-nataci-komedii","status":"publish","type":"post","link":"https:\/\/www.mzone.cz\/en\/snajdr-miroslav-krobot-nataci-komedii\/","title":{"rendered":"Miroslav Krobot nat\u00e1\u010d\u00ed komedii \u0160najdr s Ivou Jan\u017eurovou a Pavlem \u0160im\u010d\u00edkem"},"content":{"rendered":"<p><strong>V p\u00e1tek padla v Praze prvn\u00ed klapka nov\u00e9ho filmu Miroslava Krobota \u0160najdr. Div\u00e1ci se mohou t\u011b\u0161it na komedii plnou vtipn\u00fdch situac\u00ed i ne\u010dekan\u00fdch zvrat\u016f.<\/strong><\/p><br>\n\n\n\n<p>Do hlavn\u00edch rol\u00ed sv\u00e9ho t\u0159et\u00edho filmu si Miroslav Krobot vybral herce Dejvick\u00e9ho divadla Pavla \u0160im\u010d\u00edka a Ivu Jan\u017eurovou, kter\u00e1 letos v pln\u00e9 tv\u016fr\u010d\u00ed s\u00edle oslavila osmdes\u00e1tiny. Sc\u00e9n\u00e1\u0159 vytvo\u0159il Miroslav Krobot op\u011bt v tandemu s Lubom\u00edrem Sm\u00e9kalem. V dal\u0161\u00edch rol\u00edch se p\u0159edstav\u00ed nap\u0159\u00edklad Kl\u00e1ra Mel\u00ed\u0161kov\u00e1 nebo Jakub \u017d\u00e1\u010dek. Za kamerou stoj\u00ed dr\u017eitel \u010dty\u0159 \u010cesk\u00fd lv\u016f Martin \u0160trba.<\/p><br>\n\n\n\n<p>V ned\u011bli filmov\u00fd \u0161t\u00e1b odjel vlakem \u010cesk\u00fdch drah z pra\u017esk\u00e9ho hlavn\u00edho n\u00e1dra\u017e\u00ed do Olomouce. I po cest\u011b se v\u0161ak piln\u011b pracovalo a b\u011bhem j\u00edzdy pokra\u010dovalo nat\u00e1\u010den\u00ed.<\/p>\n\n\n\n<blockquote class=\"wp-block-quote is-layout-flow wp-block-quote-is-layout-flow\"><p>\u201eRozhodli jsme se vyu\u017e\u00edt nat\u00e1\u010den\u00ed sc\u00e9n ve vlaku tak\u00e9 pro p\u0159esun v\u011bt\u0161iny \u0161t\u00e1bu do Olomouce v souladu s na\u0161\u00ed strategi\u00ed &#8216;zelen\u00e9ho nat\u00e1\u010den\u00ed&#8217;, kdy se v\u017edy sna\u017e\u00edme o co nej\u0161etrn\u011bj\u0161\u00ed p\u0159\u00edstup k \u017eivotn\u00edmu prost\u0159ed\u00ed,\u201c vysv\u011btluje producentka Silvie Michajlova.<\/p><\/blockquote>\n\n\n\n<p>Pr\u00e1v\u011b Olomouc je hlavn\u00edm d\u011bji\u0161t\u011bm filmu, kde se \u0161t\u00e1b na n\u011bkolik t\u00fddn\u016f zabydl\u00ed, mimo jin\u00e9 v olomouck\u00e9m S-klubu. Jeho sc\u00e9na bude ve sn\u00edmku pat\u0159it divadeln\u00edmu p\u0159edstaven\u00ed, kter\u00e9 se zde sna\u017e\u00ed nastudovat sv\u00e9r\u00e1zn\u00fd pra\u017esk\u00fd herec a debutuj\u00edc\u00ed re\u017eis\u00e9r Pavel \u0160najdr v pod\u00e1n\u00ed Pavla \u0160im\u010d\u00edka spole\u010dn\u011b se svou babi\u010dkou ztv\u00e1rn\u011bnou Ivou Jan\u017eurovou.<\/p><br>\n\n\n\n<figure class=\"wp-block-image size-large\"><img loading=\"lazy\" decoding=\"async\" width=\"1024\" height=\"682\" src=\"https:\/\/www.mzone.cz\/wp-content\/uploads\/2021\/07\/Snajdr_foto_2_m-1024x682.jpg\" alt=\"Nat\u00e1\u010den\u00ed filmu \u0160najdr\" class=\"wp-image-33044\" srcset=\"https:\/\/www.mzone.cz\/wp-content\/uploads\/2021\/07\/Snajdr_foto_2_m-1024x682.jpg 1024w, https:\/\/www.mzone.cz\/wp-content\/uploads\/2021\/07\/Snajdr_foto_2_m-300x200.jpg 300w, https:\/\/www.mzone.cz\/wp-content\/uploads\/2021\/07\/Snajdr_foto_2_m-768x512.jpg 768w, https:\/\/www.mzone.cz\/wp-content\/uploads\/2021\/07\/Snajdr_foto_2_m-1536x1023.jpg 1536w, https:\/\/www.mzone.cz\/wp-content\/uploads\/2021\/07\/Snajdr_foto_2_m-16x12.jpg 16w, https:\/\/www.mzone.cz\/wp-content\/uploads\/2021\/07\/Snajdr_foto_2_m-800x533.jpg 800w, https:\/\/www.mzone.cz\/wp-content\/uploads\/2021\/07\/Snajdr_foto_2_m-400x267.jpg 400w, https:\/\/www.mzone.cz\/wp-content\/uploads\/2021\/07\/Snajdr_foto_2_m-500x333.jpg 500w, https:\/\/www.mzone.cz\/wp-content\/uploads\/2021\/07\/Snajdr_foto_2_m-1170x780.jpg 1170w, https:\/\/www.mzone.cz\/wp-content\/uploads\/2021\/07\/Snajdr_foto_2_m-590x393.jpg 590w, https:\/\/www.mzone.cz\/wp-content\/uploads\/2021\/07\/Snajdr_foto_2_m.jpg 1732w\" sizes=\"auto, (max-width: 1024px) 100vw, 1024px\" \/><\/figure><br>\n\n\n\n<p>\u201eFilm ch\u00e1peme jako poctu tvo\u0159ivosti a hravosti, s nads\u00e1zkou \u0159e\u010deno, jako poctu \u017eivotn\u00ed filosofii, kter\u00e1 ch\u00e1pe i ne\u00fasp\u011bch a prohru jako inspiraci. Takov\u00fd postoj p\u0159edstavuje ve filmu postava babi\u010dky. Jej\u00ed z\u00e1sluhou je \u0160najdr na konci p\u0159\u00edb\u011bhu schopen p\u0159ehl\u00e9dnout sv\u016fj p\u0159\u00edb\u011bh s \u00fasm\u011bvem a sebeironi\u00ed,\u201c vysv\u011btluje re\u017eis\u00e9r a scen\u00e1rista Miroslav Krobot. Nat\u00e1\u010den\u00ed skon\u010d\u00ed v druh\u00e9 polovin\u011b leto\u0161n\u00edho srpna.<\/p><br>\n\n\n\n<p>Miroslav Krobot se jako scen\u00e1rista a re\u017eis\u00e9r pod\u00edlel spole\u010dn\u011b s Janem Pru\u0161inovsk\u00fdm na vzniku kultovn\u00edho televizn\u00edho seri\u00e1lu \u010ctvrt\u00e1 hv\u011bzda (2013). Jeho celove\u010dern\u00ed re\u017eijn\u00ed debut <a href=\"https:\/\/www.csfd.cz\/film\/339333-dira-u-hanusovic\/prehled\/\" target=\"_blank\" rel=\"noreferrer noopener\">D\u00edra u Hanu\u0161ovic<\/a> (2014) vid\u011blo v kinech v\u00edce jak 150.000 div\u00e1k\u016f, byl vybr\u00e1n do hlavn\u00ed sout\u011b\u017en\u00ed sekce 49. ro\u010dn\u00edku MFF Karlovy Vary a z\u00edskal 3 ocen\u011bn\u00ed \u010cesk\u00fd lev. Jeho druh\u00fd celove\u010dern\u00ed film Kvarteto vstoupil do kin v roce 2017 a v roce 2019 byl uveden na televizn\u00edch obrazovk\u00e1ch jeho 6d\u00edln\u00fd televizn\u00ed seri\u00e1l Zk\u00e1za Dejvick\u00e9ho divadla.\u00a0<\/p>\n\n\n\n<blockquote class=\"wp-block-quote is-layout-flow wp-block-quote-is-layout-flow\"><p>Premi\u00e9ra filmu \u0160najdr, kter\u00fd vznik\u00e1 v producentsk\u00e9 p\u00e9\u010di Silvie Michajlove a Ond\u0159eje Zimy ze spole\u010dnosti Evolution Films, je pl\u00e1nov\u00e1na na jaro 2022.<\/p><\/blockquote>\n\n\n\n<p>Koproducenty jsou \u010cesk\u00e1 televize, kreativn\u00ed producent Jaroslav Sedl\u00e1\u010dek a slovensk\u00e1 produk\u010dn\u00ed spole\u010dnosti MPhilms. Film vznik\u00e1 za podpory St\u00e1tn\u00edho fondu kinematografie, Olomouck\u00e9ho kraje, statut\u00e1rn\u00edho m\u011bsta Olomouc a Filmov\u00e9 kancel\u00e1\u0159e Olomouck\u00e9ho kraje.<\/p><br>\n\n\n\n<div class=\"wp-block-media-text alignwide is-stacked-on-mobile is-vertically-aligned-top\" style=\"grid-template-columns:29% auto\"><figure class=\"wp-block-media-text__media\"><a href=\"https:\/\/www.mzone.cz\/serialy-a-porady-na-ceskoslovenskych-obrazovkach\/\"><img loading=\"lazy\" decoding=\"async\" width=\"1024\" height=\"683\" src=\"https:\/\/www.mzone.cz\/wp-content\/uploads\/2021\/03\/Navstevnici-1024x683.jpg\" alt=\"Z\u00edtra vstanu a opa\u0159\u00edm se \u010dajem\" class=\"wp-image-29835 size-full\" srcset=\"https:\/\/www.mzone.cz\/wp-content\/uploads\/2021\/03\/Navstevnici-1024x683.jpg 1024w, https:\/\/www.mzone.cz\/wp-content\/uploads\/2021\/03\/Navstevnici-300x200.jpg 300w, https:\/\/www.mzone.cz\/wp-content\/uploads\/2021\/03\/Navstevnici-768x512.jpg 768w, https:\/\/www.mzone.cz\/wp-content\/uploads\/2021\/03\/Navstevnici-1536x1024.jpg 1536w, https:\/\/www.mzone.cz\/wp-content\/uploads\/2021\/03\/Navstevnici-2048x1365.jpg 2048w, https:\/\/www.mzone.cz\/wp-content\/uploads\/2021\/03\/Navstevnici-16x12.jpg 16w, https:\/\/www.mzone.cz\/wp-content\/uploads\/2021\/03\/Navstevnici-800x533.jpg 800w, https:\/\/www.mzone.cz\/wp-content\/uploads\/2021\/03\/Navstevnici-400x267.jpg 400w, https:\/\/www.mzone.cz\/wp-content\/uploads\/2021\/03\/Navstevnici-500x333.jpg 500w, https:\/\/www.mzone.cz\/wp-content\/uploads\/2021\/03\/Navstevnici-1170x780.jpg 1170w, https:\/\/www.mzone.cz\/wp-content\/uploads\/2021\/03\/Navstevnici-590x393.jpg 590w\" sizes=\"auto, (max-width: 1024px) 100vw, 1024px\" \/><\/a><\/figure><div class=\"wp-block-media-text__content\">\n<h4><a href=\"https:\/\/www.mzone.cz\/serialy-a-porady-na-ceskoslovenskych-obrazovkach\/\">Normaliza\u010dn\u00ed sci-fi a krimin\u00e1lky aneb 70. a 80. l\u00e9ta na \u010deskoslovensk\u00fdch obrazovk\u00e1ch<\/a><\/h4><br>\n<\/div><\/div>\n\n\n\n<p><\/p>","protected":false},"excerpt":{"rendered":"<p>V p\u00e1tek padla v Praze prvn\u00ed klapka nov\u00e9ho filmu Miroslava Krobota \u0160najdr. Div\u00e1ci se mohou t\u011b\u0161it na komedii plnou vtipn\u00fdch situac\u00ed i ne\u010dekan\u00fdch zvrat\u016f. Do hlavn\u00edch rol\u00ed sv\u00e9ho t\u0159et\u00edho filmu si Miroslav Krobot vybral herce Dejvick\u00e9ho divadla Pavla \u0160im\u010d\u00edka a Ivu Jan\u017eurovou, kter\u00e1 letos v pln\u00e9 tv\u016fr\u010d\u00ed s\u00edle oslavila osmdes\u00e1tiny. Sc\u00e9n\u00e1\u0159 vytvo\u0159il Miroslav Krobot op\u011bt [&hellip;]<\/p>\n","protected":false},"author":4,"featured_media":33041,"comment_status":"open","ping_status":"closed","sticky":false,"template":"","format":"standard","meta":{"kk_blocks_editor_width":"","_kiokenblocks_attr":"","_kiokenblocks_dimensions":"","footnotes":""},"categories":[73,71],"tags":[541,314,1119,1634,31,4158,3192,5103],"class_list":["post-33038","post","type-post","status-publish","format-standard","has-post-thumbnail","hentry","category-filmy","category-kultura","tag-film","tag-filmy","tag-herec","tag-komedie","tag-kultura","tag-miroslav-krobot","tag-nataceni","tag-snajdr"],"yoast_head":"<!-- This site is optimized with the Yoast SEO plugin v27.5 - https:\/\/yoast.com\/product\/yoast-seo-wordpress\/ -->\n<title>Miroslav Krobot nat\u00e1\u010d\u00ed komedii \u0160najdr s Ivou Jan\u017eurovou a Pavlem \u0160im\u010d\u00edkem - Mzone<\/title>\n<meta name=\"description\" content=\"V p\u00e1tek padla v Praze prvn\u00ed klapka nov\u00e9ho filmu Miroslava Krobota \u0160najdr. Div\u00e1ci se mohou t\u011b\u0161it na komedii plnou vtipn\u00fdch situac\u00ed i ne\u010dekan\u00fdch zvrat\u016f.\" \/>\n<meta name=\"robots\" content=\"index, follow, max-snippet:-1, max-image-preview:large, max-video-preview:-1\" \/>\n<link rel=\"canonical\" href=\"https:\/\/www.mzone.cz\/en\/snajdr-miroslav-krobot-nataci-komedii\/\" \/>\n<meta property=\"og:locale\" content=\"en_US\" \/>\n<meta property=\"og:type\" content=\"article\" \/>\n<meta property=\"og:title\" content=\"Miroslav Krobot nat\u00e1\u010d\u00ed komedii \u0160najdr s Ivou Jan\u017eurovou a Pavlem \u0160im\u010d\u00edkem - Mzone\" \/>\n<meta property=\"og:description\" content=\"V p\u00e1tek padla v Praze prvn\u00ed klapka nov\u00e9ho filmu Miroslava Krobota \u0160najdr. Div\u00e1ci se mohou t\u011b\u0161it na komedii plnou vtipn\u00fdch situac\u00ed i ne\u010dekan\u00fdch zvrat\u016f.\" \/>\n<meta property=\"og:url\" content=\"https:\/\/www.mzone.cz\/en\/snajdr-miroslav-krobot-nataci-komedii\/\" \/>\n<meta property=\"og:site_name\" content=\"Mzone\" \/>\n<meta property=\"article:publisher\" content=\"https:\/\/www.facebook.com\/MzoneCZ\/\" \/>\n<meta property=\"article:published_time\" content=\"2021-07-22T03:00:00+00:00\" \/>\n<meta property=\"og:image\" content=\"https:\/\/www.mzone.cz\/wp-content\/uploads\/2021\/07\/Miroslav-Krobot-Snajdr.jpg\" \/>\n\t<meta property=\"og:image:width\" content=\"1614\" \/>\n\t<meta property=\"og:image:height\" content=\"1076\" \/>\n\t<meta property=\"og:image:type\" content=\"image\/jpeg\" \/>\n<meta name=\"author\" content=\"Mzone\" \/>\n<meta name=\"twitter:card\" content=\"summary_large_image\" \/>\n<meta name=\"twitter:label1\" content=\"Written by\" \/>\n\t<meta name=\"twitter:data1\" content=\"Mzone\" \/>\n\t<meta name=\"twitter:label2\" content=\"Est. reading time\" \/>\n\t<meta name=\"twitter:data2\" content=\"3 minutes\" \/>\n<script type=\"application\/ld+json\" class=\"yoast-schema-graph\">{\"@context\":\"https:\\\/\\\/schema.org\",\"@graph\":[{\"@type\":\"Article\",\"@id\":\"https:\\\/\\\/www.mzone.cz\\\/snajdr-miroslav-krobot-nataci-komedii\\\/#article\",\"isPartOf\":{\"@id\":\"https:\\\/\\\/www.mzone.cz\\\/snajdr-miroslav-krobot-nataci-komedii\\\/\"},\"author\":{\"name\":\"Mzone\",\"@id\":\"https:\\\/\\\/www.mzone.cz\\\/#\\\/schema\\\/person\\\/9bc20cc422a99cac4af6ff9297da32d4\"},\"headline\":\"Miroslav Krobot nat\u00e1\u010d\u00ed komedii \u0160najdr s Ivou Jan\u017eurovou a Pavlem \u0160im\u010d\u00edkem\",\"datePublished\":\"2021-07-22T03:00:00+00:00\",\"mainEntityOfPage\":{\"@id\":\"https:\\\/\\\/www.mzone.cz\\\/snajdr-miroslav-krobot-nataci-komedii\\\/\"},\"wordCount\":560,\"commentCount\":0,\"image\":{\"@id\":\"https:\\\/\\\/www.mzone.cz\\\/snajdr-miroslav-krobot-nataci-komedii\\\/#primaryimage\"},\"thumbnailUrl\":\"https:\\\/\\\/www.mzone.cz\\\/wp-content\\\/uploads\\\/2021\\\/07\\\/Miroslav-Krobot-Snajdr.jpg\",\"keywords\":[\"film\",\"Filmy\",\"herec\",\"komedie\",\"Kultura\",\"Miroslav Krobot\",\"nat\u00e1\u010den\u00ed\",\"\u0160najdr\"],\"articleSection\":[\"Filmy\",\"Kultura\"],\"inLanguage\":\"en-US\",\"potentialAction\":[{\"@type\":\"CommentAction\",\"name\":\"Comment\",\"target\":[\"https:\\\/\\\/www.mzone.cz\\\/snajdr-miroslav-krobot-nataci-komedii\\\/#respond\"]}]},{\"@type\":\"WebPage\",\"@id\":\"https:\\\/\\\/www.mzone.cz\\\/snajdr-miroslav-krobot-nataci-komedii\\\/\",\"url\":\"https:\\\/\\\/www.mzone.cz\\\/snajdr-miroslav-krobot-nataci-komedii\\\/\",\"name\":\"Miroslav Krobot nat\u00e1\u010d\u00ed komedii \u0160najdr s Ivou Jan\u017eurovou a Pavlem \u0160im\u010d\u00edkem - Mzone\",\"isPartOf\":{\"@id\":\"https:\\\/\\\/www.mzone.cz\\\/#website\"},\"primaryImageOfPage\":{\"@id\":\"https:\\\/\\\/www.mzone.cz\\\/snajdr-miroslav-krobot-nataci-komedii\\\/#primaryimage\"},\"image\":{\"@id\":\"https:\\\/\\\/www.mzone.cz\\\/snajdr-miroslav-krobot-nataci-komedii\\\/#primaryimage\"},\"thumbnailUrl\":\"https:\\\/\\\/www.mzone.cz\\\/wp-content\\\/uploads\\\/2021\\\/07\\\/Miroslav-Krobot-Snajdr.jpg\",\"datePublished\":\"2021-07-22T03:00:00+00:00\",\"author\":{\"@id\":\"https:\\\/\\\/www.mzone.cz\\\/#\\\/schema\\\/person\\\/9bc20cc422a99cac4af6ff9297da32d4\"},\"description\":\"V p\u00e1tek padla v Praze prvn\u00ed klapka nov\u00e9ho filmu Miroslava Krobota \u0160najdr. Div\u00e1ci se mohou t\u011b\u0161it na komedii plnou vtipn\u00fdch situac\u00ed i ne\u010dekan\u00fdch zvrat\u016f.\",\"breadcrumb\":{\"@id\":\"https:\\\/\\\/www.mzone.cz\\\/snajdr-miroslav-krobot-nataci-komedii\\\/#breadcrumb\"},\"inLanguage\":\"en-US\",\"potentialAction\":[{\"@type\":\"ReadAction\",\"target\":[\"https:\\\/\\\/www.mzone.cz\\\/snajdr-miroslav-krobot-nataci-komedii\\\/\"]}]},{\"@type\":\"ImageObject\",\"inLanguage\":\"en-US\",\"@id\":\"https:\\\/\\\/www.mzone.cz\\\/snajdr-miroslav-krobot-nataci-komedii\\\/#primaryimage\",\"url\":\"https:\\\/\\\/www.mzone.cz\\\/wp-content\\\/uploads\\\/2021\\\/07\\\/Miroslav-Krobot-Snajdr.jpg\",\"contentUrl\":\"https:\\\/\\\/www.mzone.cz\\\/wp-content\\\/uploads\\\/2021\\\/07\\\/Miroslav-Krobot-Snajdr.jpg\",\"width\":1614,\"height\":1076,\"caption\":\"Miroslav Krobot - \u0160najdr\"},{\"@type\":\"BreadcrumbList\",\"@id\":\"https:\\\/\\\/www.mzone.cz\\\/snajdr-miroslav-krobot-nataci-komedii\\\/#breadcrumb\",\"itemListElement\":[{\"@type\":\"ListItem\",\"position\":1,\"name\":\"Dom\u016f\",\"item\":\"https:\\\/\\\/www.mzone.cz\\\/\"},{\"@type\":\"ListItem\",\"position\":2,\"name\":\"Miroslav Krobot nat\u00e1\u010d\u00ed komedii \u0160najdr s Ivou Jan\u017eurovou a Pavlem \u0160im\u010d\u00edkem\"}]},{\"@type\":\"WebSite\",\"@id\":\"https:\\\/\\\/www.mzone.cz\\\/#website\",\"url\":\"https:\\\/\\\/www.mzone.cz\\\/\",\"name\":\"Mzone\",\"description\":\"Magaz\u00edn nejen pro mu\u017ee\",\"potentialAction\":[{\"@type\":\"SearchAction\",\"target\":{\"@type\":\"EntryPoint\",\"urlTemplate\":\"https:\\\/\\\/www.mzone.cz\\\/?s={search_term_string}\"},\"query-input\":{\"@type\":\"PropertyValueSpecification\",\"valueRequired\":true,\"valueName\":\"search_term_string\"}}],\"inLanguage\":\"en-US\"},{\"@type\":\"Person\",\"@id\":\"https:\\\/\\\/www.mzone.cz\\\/#\\\/schema\\\/person\\\/9bc20cc422a99cac4af6ff9297da32d4\",\"name\":\"Mzone\",\"image\":{\"@type\":\"ImageObject\",\"inLanguage\":\"en-US\",\"@id\":\"https:\\\/\\\/secure.gravatar.com\\\/avatar\\\/e780a8630f3182a3d06dd667ab6bea151a0d155b0951bc15fe22633acdac0676?s=96&d=mm&r=g\",\"url\":\"https:\\\/\\\/secure.gravatar.com\\\/avatar\\\/e780a8630f3182a3d06dd667ab6bea151a0d155b0951bc15fe22633acdac0676?s=96&d=mm&r=g\",\"contentUrl\":\"https:\\\/\\\/secure.gravatar.com\\\/avatar\\\/e780a8630f3182a3d06dd667ab6bea151a0d155b0951bc15fe22633acdac0676?s=96&d=mm&r=g\",\"caption\":\"Mzone\"},\"url\":\"https:\\\/\\\/www.mzone.cz\\\/en\\\/author\\\/jakub\\\/\"}]}<\/script>\n<!-- \/ Yoast SEO plugin. -->","yoast_head_json":{"title":"Miroslav Krobot nat\u00e1\u010d\u00ed komedii \u0160najdr s Ivou Jan\u017eurovou a Pavlem \u0160im\u010d\u00edkem - Mzone","description":"V p\u00e1tek padla v Praze prvn\u00ed klapka nov\u00e9ho filmu Miroslava Krobota \u0160najdr. Div\u00e1ci se mohou t\u011b\u0161it na komedii plnou vtipn\u00fdch situac\u00ed i ne\u010dekan\u00fdch zvrat\u016f.","robots":{"index":"index","follow":"follow","max-snippet":"max-snippet:-1","max-image-preview":"max-image-preview:large","max-video-preview":"max-video-preview:-1"},"canonical":"https:\/\/www.mzone.cz\/en\/snajdr-miroslav-krobot-nataci-komedii\/","og_locale":"en_US","og_type":"article","og_title":"Miroslav Krobot nat\u00e1\u010d\u00ed komedii \u0160najdr s Ivou Jan\u017eurovou a Pavlem \u0160im\u010d\u00edkem - Mzone","og_description":"V p\u00e1tek padla v Praze prvn\u00ed klapka nov\u00e9ho filmu Miroslava Krobota \u0160najdr. Div\u00e1ci se mohou t\u011b\u0161it na komedii plnou vtipn\u00fdch situac\u00ed i ne\u010dekan\u00fdch zvrat\u016f.","og_url":"https:\/\/www.mzone.cz\/en\/snajdr-miroslav-krobot-nataci-komedii\/","og_site_name":"Mzone","article_publisher":"https:\/\/www.facebook.com\/MzoneCZ\/","article_published_time":"2021-07-22T03:00:00+00:00","og_image":[{"width":1614,"height":1076,"url":"https:\/\/www.mzone.cz\/wp-content\/uploads\/2021\/07\/Miroslav-Krobot-Snajdr.jpg","type":"image\/jpeg"}],"author":"Mzone","twitter_card":"summary_large_image","twitter_misc":{"Written by":"Mzone","Est. reading time":"3 minutes"},"schema":{"@context":"https:\/\/schema.org","@graph":[{"@type":"Article","@id":"https:\/\/www.mzone.cz\/snajdr-miroslav-krobot-nataci-komedii\/#article","isPartOf":{"@id":"https:\/\/www.mzone.cz\/snajdr-miroslav-krobot-nataci-komedii\/"},"author":{"name":"Mzone","@id":"https:\/\/www.mzone.cz\/#\/schema\/person\/9bc20cc422a99cac4af6ff9297da32d4"},"headline":"Miroslav Krobot nat\u00e1\u010d\u00ed komedii \u0160najdr s Ivou Jan\u017eurovou a Pavlem \u0160im\u010d\u00edkem","datePublished":"2021-07-22T03:00:00+00:00","mainEntityOfPage":{"@id":"https:\/\/www.mzone.cz\/snajdr-miroslav-krobot-nataci-komedii\/"},"wordCount":560,"commentCount":0,"image":{"@id":"https:\/\/www.mzone.cz\/snajdr-miroslav-krobot-nataci-komedii\/#primaryimage"},"thumbnailUrl":"https:\/\/www.mzone.cz\/wp-content\/uploads\/2021\/07\/Miroslav-Krobot-Snajdr.jpg","keywords":["film","Filmy","herec","komedie","Kultura","Miroslav Krobot","nat\u00e1\u010den\u00ed","\u0160najdr"],"articleSection":["Filmy","Kultura"],"inLanguage":"en-US","potentialAction":[{"@type":"CommentAction","name":"Comment","target":["https:\/\/www.mzone.cz\/snajdr-miroslav-krobot-nataci-komedii\/#respond"]}]},{"@type":"WebPage","@id":"https:\/\/www.mzone.cz\/snajdr-miroslav-krobot-nataci-komedii\/","url":"https:\/\/www.mzone.cz\/snajdr-miroslav-krobot-nataci-komedii\/","name":"Miroslav Krobot nat\u00e1\u010d\u00ed komedii \u0160najdr s Ivou Jan\u017eurovou a Pavlem \u0160im\u010d\u00edkem - Mzone","isPartOf":{"@id":"https:\/\/www.mzone.cz\/#website"},"primaryImageOfPage":{"@id":"https:\/\/www.mzone.cz\/snajdr-miroslav-krobot-nataci-komedii\/#primaryimage"},"image":{"@id":"https:\/\/www.mzone.cz\/snajdr-miroslav-krobot-nataci-komedii\/#primaryimage"},"thumbnailUrl":"https:\/\/www.mzone.cz\/wp-content\/uploads\/2021\/07\/Miroslav-Krobot-Snajdr.jpg","datePublished":"2021-07-22T03:00:00+00:00","author":{"@id":"https:\/\/www.mzone.cz\/#\/schema\/person\/9bc20cc422a99cac4af6ff9297da32d4"},"description":"V p\u00e1tek padla v Praze prvn\u00ed klapka nov\u00e9ho filmu Miroslava Krobota \u0160najdr. Div\u00e1ci se mohou t\u011b\u0161it na komedii plnou vtipn\u00fdch situac\u00ed i ne\u010dekan\u00fdch zvrat\u016f.","breadcrumb":{"@id":"https:\/\/www.mzone.cz\/snajdr-miroslav-krobot-nataci-komedii\/#breadcrumb"},"inLanguage":"en-US","potentialAction":[{"@type":"ReadAction","target":["https:\/\/www.mzone.cz\/snajdr-miroslav-krobot-nataci-komedii\/"]}]},{"@type":"ImageObject","inLanguage":"en-US","@id":"https:\/\/www.mzone.cz\/snajdr-miroslav-krobot-nataci-komedii\/#primaryimage","url":"https:\/\/www.mzone.cz\/wp-content\/uploads\/2021\/07\/Miroslav-Krobot-Snajdr.jpg","contentUrl":"https:\/\/www.mzone.cz\/wp-content\/uploads\/2021\/07\/Miroslav-Krobot-Snajdr.jpg","width":1614,"height":1076,"caption":"Miroslav Krobot - \u0160najdr"},{"@type":"BreadcrumbList","@id":"https:\/\/www.mzone.cz\/snajdr-miroslav-krobot-nataci-komedii\/#breadcrumb","itemListElement":[{"@type":"ListItem","position":1,"name":"Dom\u016f","item":"https:\/\/www.mzone.cz\/"},{"@type":"ListItem","position":2,"name":"Miroslav Krobot nat\u00e1\u010d\u00ed komedii \u0160najdr s Ivou Jan\u017eurovou a Pavlem \u0160im\u010d\u00edkem"}]},{"@type":"WebSite","@id":"https:\/\/www.mzone.cz\/#website","url":"https:\/\/www.mzone.cz\/","name":"Mzone","description":"Magaz\u00edn nejen pro mu\u017ee","potentialAction":[{"@type":"SearchAction","target":{"@type":"EntryPoint","urlTemplate":"https:\/\/www.mzone.cz\/?s={search_term_string}"},"query-input":{"@type":"PropertyValueSpecification","valueRequired":true,"valueName":"search_term_string"}}],"inLanguage":"en-US"},{"@type":"Person","@id":"https:\/\/www.mzone.cz\/#\/schema\/person\/9bc20cc422a99cac4af6ff9297da32d4","name":"Mzone","image":{"@type":"ImageObject","inLanguage":"en-US","@id":"https:\/\/secure.gravatar.com\/avatar\/e780a8630f3182a3d06dd667ab6bea151a0d155b0951bc15fe22633acdac0676?s=96&d=mm&r=g","url":"https:\/\/secure.gravatar.com\/avatar\/e780a8630f3182a3d06dd667ab6bea151a0d155b0951bc15fe22633acdac0676?s=96&d=mm&r=g","contentUrl":"https:\/\/secure.gravatar.com\/avatar\/e780a8630f3182a3d06dd667ab6bea151a0d155b0951bc15fe22633acdac0676?s=96&d=mm&r=g","caption":"Mzone"},"url":"https:\/\/www.mzone.cz\/en\/author\/jakub\/"}]}},"_links":{"self":[{"href":"https:\/\/www.mzone.cz\/en\/wp-json\/wp\/v2\/posts\/33038","targetHints":{"allow":["GET"]}}],"collection":[{"href":"https:\/\/www.mzone.cz\/en\/wp-json\/wp\/v2\/posts"}],"about":[{"href":"https:\/\/www.mzone.cz\/en\/wp-json\/wp\/v2\/types\/post"}],"author":[{"embeddable":true,"href":"https:\/\/www.mzone.cz\/en\/wp-json\/wp\/v2\/users\/4"}],"replies":[{"embeddable":true,"href":"https:\/\/www.mzone.cz\/en\/wp-json\/wp\/v2\/comments?post=33038"}],"version-history":[{"count":9,"href":"https:\/\/www.mzone.cz\/en\/wp-json\/wp\/v2\/posts\/33038\/revisions"}],"predecessor-version":[{"id":33053,"href":"https:\/\/www.mzone.cz\/en\/wp-json\/wp\/v2\/posts\/33038\/revisions\/33053"}],"wp:featuredmedia":[{"embeddable":true,"href":"https:\/\/www.mzone.cz\/en\/wp-json\/wp\/v2\/media\/33041"}],"wp:attachment":[{"href":"https:\/\/www.mzone.cz\/en\/wp-json\/wp\/v2\/media?parent=33038"}],"wp:term":[{"taxonomy":"category","embeddable":true,"href":"https:\/\/www.mzone.cz\/en\/wp-json\/wp\/v2\/categories?post=33038"},{"taxonomy":"post_tag","embeddable":true,"href":"https:\/\/www.mzone.cz\/en\/wp-json\/wp\/v2\/tags?post=33038"}],"curies":[{"name":"wp","href":"https:\/\/api.w.org\/{rel}","templated":true}]}}