{"id":33178,"date":"2021-08-09T05:00:00","date_gmt":"2021-08-09T03:00:00","guid":{"rendered":"https:\/\/www.mzone.cz\/?p=33178"},"modified":"2021-07-30T08:52:00","modified_gmt":"2021-07-30T06:52:00","slug":"toyota-prodlouzila-vyrobu-gr-yaris-nejmene-do-roku-2023","status":"publish","type":"post","link":"https:\/\/www.mzone.cz\/en\/toyota-prodlouzila-vyrobu-gr-yaris-nejmene-do-roku-2023\/","title":{"rendered":"Obrovsk\u00fd z\u00e1jem o GR Yaris! Toyota prodlou\u017eila v\u00fdrobu vrcholn\u00e9 sportovn\u00ed verze nejm\u00e9n\u011b do roku 2023"},"content":{"rendered":"<p><strong>Toyota prodlou\u017eila kv\u016fli velk\u00e9 popt\u00e1vce v\u00fdrobu vrcholn\u00e9 sportovn\u00ed verze GR modelu Yaris o dva roky nejm\u00e9n\u011b do roku 2023. I \u010desk\u00e9 zastoupen\u00ed zna\u010dky tak za\u010dalo p\u0159ij\u00edmat objedn\u00e1vky, kter\u00e9 ji\u017e nejsou limitovan\u00e9 alokovan\u00fdm po\u010dtem voz\u016f.<\/strong><\/p><br>\n\n\n\n<p>V minul\u00e9m roce, kdy byl model GR Yaris uveden na trh, bylo pro \u010desk\u00fd trh v prvn\u00ed f\u00e1zi ur\u010deno 50 voz\u016f. Z\u00e1jemci si je v objedn\u00e1vk\u00e1ch rozebrali b\u011bhem n\u011bkolika t\u00fddn\u016f. V tuto chv\u00edli bylo v \u010cesku objedn\u00e1no ji\u017e 209 voz\u016f.<\/p><br>\n\n\n\n<p>Toyota tak bude v p\u0159\u00ed\u0161t\u00edch letech z\u00e1kazn\u00edk\u016fm v Evrop\u011b v\u010detn\u011b \u010cR nab\u00edzet celkem t\u0159i sportovn\u00ed modely GR. Takto \u0161irokou paletu sportovn\u00edch model\u016f nem\u00e1 v tuto chv\u00edli \u017e\u00e1dn\u00e1 jin\u00e1 konkuren\u010dn\u00ed zna\u010dka. Vedle modelu GR Yaris jde o Supru ve verz\u00edch 2,0 nebo 3,0 a novou generaci kup\u00e9 GR 86, kter\u00e1 bude rovn\u011b\u017e uvedena na evropsk\u00e9m trhu, v\u010detn\u011b \u010cesk\u00e9 republiky.<\/p>\n\n\n\n<blockquote class=\"wp-block-quote is-layout-flow wp-block-quote-is-layout-flow\"><p>GR Yaris p\u0159i\u0161el na trh jako ofici\u00e1ln\u00ed homologa\u010dn\u00ed model pro v\u00fdvoj nov\u00e9ho z\u00e1vodn\u00edho speci\u00e1lu Yaris WRC. V\u016fz m\u00e1 zcela nov\u00fd podvozek kombinuj\u00edc\u00ed platformu GA-B modelu Yaris a GA-C modelu Corolla.<\/p><\/blockquote>\n\n\n\n<p>Poh\u00e1n\u00ed jej nov\u00fd p\u0159epl\u0148ovan\u00fd t\u0159\u00edv\u00e1lec o objemu 1618 cm3, kter\u00fd dosahuje v\u00fdkonu 261 k a to\u010div\u00e9ho momentu 360 Nm. Kilogramov\u00fd v\u00fdkon vozu je pouze 4,9 kg\/k, co\u017e automobilu umo\u017e\u0148uje zrychlovat z 0 na 100 km\/h za necel\u00fdch 5,5 s a rozjet se a\u017e na 230 km\/h.<\/p><br>\n\n\n\n<figure class=\"wp-block-image size-large\"><img loading=\"lazy\" decoding=\"async\" width=\"1024\" height=\"701\" src=\"https:\/\/www.mzone.cz\/wp-content\/uploads\/2021\/07\/DV05555-1024x701.jpg\" alt=\"Toyota GR Yaris\" class=\"wp-image-33184\" srcset=\"https:\/\/www.mzone.cz\/wp-content\/uploads\/2021\/07\/DV05555-1024x701.jpg 1024w, https:\/\/www.mzone.cz\/wp-content\/uploads\/2021\/07\/DV05555-300x205.jpg 300w, https:\/\/www.mzone.cz\/wp-content\/uploads\/2021\/07\/DV05555-768x526.jpg 768w, https:\/\/www.mzone.cz\/wp-content\/uploads\/2021\/07\/DV05555-18x12.jpg 18w, https:\/\/www.mzone.cz\/wp-content\/uploads\/2021\/07\/DV05555-590x404.jpg 590w, https:\/\/www.mzone.cz\/wp-content\/uploads\/2021\/07\/DV05555.jpg 1280w\" sizes=\"auto, (max-width: 1024px) 100vw, 1024px\" \/><\/figure><br>\n\n\n\n<p>GR Yaris m\u00e1 nov\u00e9 zav\u011b\u0161en\u00ed kol, lehkou konstrukci, aerodynamick\u00fd styl a tak\u00e9 nov\u00fd syst\u00e9m st\u00e1l\u00e9ho pohonu v\u0161ech kol <a href=\"https:\/\/www.toyota.cz\/world-of-toyota\/toyotagazooracing\/gr-yaris\/dedictvi\" target=\"_blank\" rel=\"noreferrer noopener\">GR-FOUR<\/a>. Od uveden\u00ed modelu Celica GT-FOUR v roce 1999 je prvn\u00edm origin\u00e1ln\u00edm sportovn\u00edm vozem Toyota s pohonem 4&#215;4.<\/p><br>\n\n\n\n<div class=\"wp-block-media-text alignwide is-stacked-on-mobile is-vertically-aligned-top\" style=\"grid-template-columns:29% auto\"><figure class=\"wp-block-media-text__media\"><a href=\"https:\/\/www.mzone.cz\/toyotu-gr-yaris-uz-je-mozne-objednavat-i-v-cesku-vejdete-se-do-milionu\/\"><img loading=\"lazy\" decoding=\"async\" width=\"949\" height=\"633\" src=\"https:\/\/www.mzone.cz\/wp-content\/uploads\/2020\/01\/Toyota-GR-Yaris.jpg\" alt=\"\" class=\"wp-image-16653 size-full\" srcset=\"https:\/\/www.mzone.cz\/wp-content\/uploads\/2020\/01\/Toyota-GR-Yaris.jpg 949w, https:\/\/www.mzone.cz\/wp-content\/uploads\/2020\/01\/Toyota-GR-Yaris-300x200.jpg 300w, https:\/\/www.mzone.cz\/wp-content\/uploads\/2020\/01\/Toyota-GR-Yaris-768x512.jpg 768w, https:\/\/www.mzone.cz\/wp-content\/uploads\/2020\/01\/Toyota-GR-Yaris-800x533.jpg 800w, https:\/\/www.mzone.cz\/wp-content\/uploads\/2020\/01\/Toyota-GR-Yaris-400x267.jpg 400w, https:\/\/www.mzone.cz\/wp-content\/uploads\/2020\/01\/Toyota-GR-Yaris-500x333.jpg 500w, https:\/\/www.mzone.cz\/wp-content\/uploads\/2020\/01\/Toyota-GR-Yaris-590x394.jpg 590w\" sizes=\"auto, (max-width: 949px) 100vw, 949px\" \/><\/a><\/figure><div class=\"wp-block-media-text__content\">\n<h4><a href=\"https:\/\/www.mzone.cz\/toyotu-gr-yaris-uz-je-mozne-objednavat-i-v-cesku-vejdete-se-do-milionu\/\">Toyotu GR Yaris u\u017e je mo\u017en\u00e9 objedn\u00e1vat i v \u010cesku, vejdete se do milionu<\/a><\/h4><br>\n<\/div><\/div>\n\n\n\n<p><\/p>","protected":false},"excerpt":{"rendered":"<p>Toyota prodlou\u017eila kv\u016fli velk\u00e9 popt\u00e1vce v\u00fdrobu vrcholn\u00e9 sportovn\u00ed verze GR modelu Yaris o dva roky nejm\u00e9n\u011b do roku 2023. I \u010desk\u00e9 zastoupen\u00ed zna\u010dky tak za\u010dalo p\u0159ij\u00edmat objedn\u00e1vky, kter\u00e9 ji\u017e nejsou limitovan\u00e9 alokovan\u00fdm po\u010dtem voz\u016f. V minul\u00e9m roce, kdy byl model GR Yaris uveden na trh, bylo pro \u010desk\u00fd trh v prvn\u00ed f\u00e1zi ur\u010deno 50 voz\u016f. [&hellip;]<\/p>\n","protected":false},"author":4,"featured_media":33183,"comment_status":"open","ping_status":"closed","sticky":false,"template":"","format":"standard","meta":{"kk_blocks_editor_width":"","_kiokenblocks_attr":"","_kiokenblocks_dimensions":"","footnotes":""},"categories":[69],"tags":[585,82,462,552,2530,1979,687,3106,2945],"class_list":["post-33178","post","type-post","status-publish","format-standard","has-post-thumbnail","hentry","category-auto-moto","tag-auta","tag-auto","tag-auto-moto","tag-automobily","tag-poptavka","tag-sportovni-vozy","tag-toyota","tag-toyota-gr-yaris","tag-zajem"],"yoast_head":"<!-- This site is optimized with the Yoast SEO plugin v27.5 - https:\/\/yoast.com\/product\/yoast-seo-wordpress\/ -->\n<title>Obrovsk\u00fd z\u00e1jem o GR Yaris! Toyota prodlou\u017eila v\u00fdrobu vrcholn\u00e9 sportovn\u00ed verze nejm\u00e9n\u011b do roku 2023 - Mzone<\/title>\n<meta name=\"description\" content=\"Toyota prodlou\u017eila kv\u016fli velk\u00e9 popt\u00e1vce v\u00fdrobu vrcholn\u00e9 sportovn\u00ed verze GR modelu Yaris o dva roky nejm\u00e9n\u011b do roku 2023.\" \/>\n<meta name=\"robots\" content=\"index, follow, max-snippet:-1, max-image-preview:large, max-video-preview:-1\" \/>\n<link rel=\"canonical\" href=\"https:\/\/www.mzone.cz\/en\/toyota-prodlouzila-vyrobu-gr-yaris-nejmene-do-roku-2023\/\" \/>\n<meta property=\"og:locale\" content=\"en_US\" \/>\n<meta property=\"og:type\" content=\"article\" \/>\n<meta property=\"og:title\" content=\"Obrovsk\u00fd z\u00e1jem o GR Yaris! Toyota prodlou\u017eila v\u00fdrobu vrcholn\u00e9 sportovn\u00ed verze nejm\u00e9n\u011b do roku 2023 - Mzone\" \/>\n<meta property=\"og:description\" content=\"Toyota prodlou\u017eila kv\u016fli velk\u00e9 popt\u00e1vce v\u00fdrobu vrcholn\u00e9 sportovn\u00ed verze GR modelu Yaris o dva roky nejm\u00e9n\u011b do roku 2023.\" \/>\n<meta property=\"og:url\" content=\"https:\/\/www.mzone.cz\/en\/toyota-prodlouzila-vyrobu-gr-yaris-nejmene-do-roku-2023\/\" \/>\n<meta property=\"og:site_name\" content=\"Mzone\" \/>\n<meta property=\"article:publisher\" content=\"https:\/\/www.facebook.com\/MzoneCZ\/\" \/>\n<meta property=\"article:published_time\" content=\"2021-08-09T03:00:00+00:00\" \/>\n<meta property=\"og:image\" content=\"https:\/\/www.mzone.cz\/wp-content\/uploads\/2021\/08\/DV05272.jpg\" \/>\n\t<meta property=\"og:image:width\" content=\"964\" \/>\n\t<meta property=\"og:image:height\" content=\"642\" \/>\n\t<meta property=\"og:image:type\" content=\"image\/jpeg\" \/>\n<meta name=\"author\" content=\"Mzone\" \/>\n<meta name=\"twitter:card\" content=\"summary_large_image\" \/>\n<meta name=\"twitter:label1\" content=\"Written by\" \/>\n\t<meta name=\"twitter:data1\" content=\"Mzone\" \/>\n\t<meta name=\"twitter:label2\" content=\"Est. reading time\" \/>\n\t<meta name=\"twitter:data2\" content=\"2 minutes\" \/>\n<script type=\"application\/ld+json\" class=\"yoast-schema-graph\">{\"@context\":\"https:\\\/\\\/schema.org\",\"@graph\":[{\"@type\":\"Article\",\"@id\":\"https:\\\/\\\/www.mzone.cz\\\/toyota-prodlouzila-vyrobu-gr-yaris-nejmene-do-roku-2023\\\/#article\",\"isPartOf\":{\"@id\":\"https:\\\/\\\/www.mzone.cz\\\/toyota-prodlouzila-vyrobu-gr-yaris-nejmene-do-roku-2023\\\/\"},\"author\":{\"name\":\"Mzone\",\"@id\":\"https:\\\/\\\/www.mzone.cz\\\/#\\\/schema\\\/person\\\/9bc20cc422a99cac4af6ff9297da32d4\"},\"headline\":\"Obrovsk\u00fd z\u00e1jem o GR Yaris! Toyota prodlou\u017eila v\u00fdrobu vrcholn\u00e9 sportovn\u00ed verze nejm\u00e9n\u011b do roku 2023\",\"datePublished\":\"2021-08-09T03:00:00+00:00\",\"mainEntityOfPage\":{\"@id\":\"https:\\\/\\\/www.mzone.cz\\\/toyota-prodlouzila-vyrobu-gr-yaris-nejmene-do-roku-2023\\\/\"},\"wordCount\":335,\"commentCount\":0,\"image\":{\"@id\":\"https:\\\/\\\/www.mzone.cz\\\/toyota-prodlouzila-vyrobu-gr-yaris-nejmene-do-roku-2023\\\/#primaryimage\"},\"thumbnailUrl\":\"https:\\\/\\\/www.mzone.cz\\\/wp-content\\\/uploads\\\/2021\\\/08\\\/DV05272.jpg\",\"keywords\":[\"auta\",\"Auto\",\"auto-moto\",\"automobily\",\"popt\u00e1vka\",\"sportovn\u00ed vozy\",\"Toyota\",\"Toyota GR Yaris\",\"z\u00e1jem\"],\"articleSection\":[\"Auto-moto\"],\"inLanguage\":\"en-US\",\"potentialAction\":[{\"@type\":\"CommentAction\",\"name\":\"Comment\",\"target\":[\"https:\\\/\\\/www.mzone.cz\\\/toyota-prodlouzila-vyrobu-gr-yaris-nejmene-do-roku-2023\\\/#respond\"]}]},{\"@type\":\"WebPage\",\"@id\":\"https:\\\/\\\/www.mzone.cz\\\/toyota-prodlouzila-vyrobu-gr-yaris-nejmene-do-roku-2023\\\/\",\"url\":\"https:\\\/\\\/www.mzone.cz\\\/toyota-prodlouzila-vyrobu-gr-yaris-nejmene-do-roku-2023\\\/\",\"name\":\"Obrovsk\u00fd z\u00e1jem o GR Yaris! Toyota prodlou\u017eila v\u00fdrobu vrcholn\u00e9 sportovn\u00ed verze nejm\u00e9n\u011b do roku 2023 - Mzone\",\"isPartOf\":{\"@id\":\"https:\\\/\\\/www.mzone.cz\\\/#website\"},\"primaryImageOfPage\":{\"@id\":\"https:\\\/\\\/www.mzone.cz\\\/toyota-prodlouzila-vyrobu-gr-yaris-nejmene-do-roku-2023\\\/#primaryimage\"},\"image\":{\"@id\":\"https:\\\/\\\/www.mzone.cz\\\/toyota-prodlouzila-vyrobu-gr-yaris-nejmene-do-roku-2023\\\/#primaryimage\"},\"thumbnailUrl\":\"https:\\\/\\\/www.mzone.cz\\\/wp-content\\\/uploads\\\/2021\\\/08\\\/DV05272.jpg\",\"datePublished\":\"2021-08-09T03:00:00+00:00\",\"author\":{\"@id\":\"https:\\\/\\\/www.mzone.cz\\\/#\\\/schema\\\/person\\\/9bc20cc422a99cac4af6ff9297da32d4\"},\"description\":\"Toyota prodlou\u017eila kv\u016fli velk\u00e9 popt\u00e1vce v\u00fdrobu vrcholn\u00e9 sportovn\u00ed verze GR modelu Yaris o dva roky nejm\u00e9n\u011b do roku 2023.\",\"breadcrumb\":{\"@id\":\"https:\\\/\\\/www.mzone.cz\\\/toyota-prodlouzila-vyrobu-gr-yaris-nejmene-do-roku-2023\\\/#breadcrumb\"},\"inLanguage\":\"en-US\",\"potentialAction\":[{\"@type\":\"ReadAction\",\"target\":[\"https:\\\/\\\/www.mzone.cz\\\/toyota-prodlouzila-vyrobu-gr-yaris-nejmene-do-roku-2023\\\/\"]}]},{\"@type\":\"ImageObject\",\"inLanguage\":\"en-US\",\"@id\":\"https:\\\/\\\/www.mzone.cz\\\/toyota-prodlouzila-vyrobu-gr-yaris-nejmene-do-roku-2023\\\/#primaryimage\",\"url\":\"https:\\\/\\\/www.mzone.cz\\\/wp-content\\\/uploads\\\/2021\\\/08\\\/DV05272.jpg\",\"contentUrl\":\"https:\\\/\\\/www.mzone.cz\\\/wp-content\\\/uploads\\\/2021\\\/08\\\/DV05272.jpg\",\"width\":964,\"height\":642,\"caption\":\"Toyota GR Yaris\"},{\"@type\":\"BreadcrumbList\",\"@id\":\"https:\\\/\\\/www.mzone.cz\\\/toyota-prodlouzila-vyrobu-gr-yaris-nejmene-do-roku-2023\\\/#breadcrumb\",\"itemListElement\":[{\"@type\":\"ListItem\",\"position\":1,\"name\":\"Dom\u016f\",\"item\":\"https:\\\/\\\/www.mzone.cz\\\/\"},{\"@type\":\"ListItem\",\"position\":2,\"name\":\"Obrovsk\u00fd z\u00e1jem o GR Yaris! Toyota prodlou\u017eila v\u00fdrobu vrcholn\u00e9 sportovn\u00ed verze nejm\u00e9n\u011b do roku 2023\"}]},{\"@type\":\"WebSite\",\"@id\":\"https:\\\/\\\/www.mzone.cz\\\/#website\",\"url\":\"https:\\\/\\\/www.mzone.cz\\\/\",\"name\":\"Mzone\",\"description\":\"Magaz\u00edn nejen pro mu\u017ee\",\"potentialAction\":[{\"@type\":\"SearchAction\",\"target\":{\"@type\":\"EntryPoint\",\"urlTemplate\":\"https:\\\/\\\/www.mzone.cz\\\/?s={search_term_string}\"},\"query-input\":{\"@type\":\"PropertyValueSpecification\",\"valueRequired\":true,\"valueName\":\"search_term_string\"}}],\"inLanguage\":\"en-US\"},{\"@type\":\"Person\",\"@id\":\"https:\\\/\\\/www.mzone.cz\\\/#\\\/schema\\\/person\\\/9bc20cc422a99cac4af6ff9297da32d4\",\"name\":\"Mzone\",\"image\":{\"@type\":\"ImageObject\",\"inLanguage\":\"en-US\",\"@id\":\"https:\\\/\\\/secure.gravatar.com\\\/avatar\\\/e780a8630f3182a3d06dd667ab6bea151a0d155b0951bc15fe22633acdac0676?s=96&d=mm&r=g\",\"url\":\"https:\\\/\\\/secure.gravatar.com\\\/avatar\\\/e780a8630f3182a3d06dd667ab6bea151a0d155b0951bc15fe22633acdac0676?s=96&d=mm&r=g\",\"contentUrl\":\"https:\\\/\\\/secure.gravatar.com\\\/avatar\\\/e780a8630f3182a3d06dd667ab6bea151a0d155b0951bc15fe22633acdac0676?s=96&d=mm&r=g\",\"caption\":\"Mzone\"},\"url\":\"https:\\\/\\\/www.mzone.cz\\\/en\\\/author\\\/jakub\\\/\"}]}<\/script>\n<!-- \/ Yoast SEO plugin. -->","yoast_head_json":{"title":"Obrovsk\u00fd z\u00e1jem o GR Yaris! Toyota prodlou\u017eila v\u00fdrobu vrcholn\u00e9 sportovn\u00ed verze nejm\u00e9n\u011b do roku 2023 - Mzone","description":"Toyota prodlou\u017eila kv\u016fli velk\u00e9 popt\u00e1vce v\u00fdrobu vrcholn\u00e9 sportovn\u00ed verze GR modelu Yaris o dva roky nejm\u00e9n\u011b do roku 2023.","robots":{"index":"index","follow":"follow","max-snippet":"max-snippet:-1","max-image-preview":"max-image-preview:large","max-video-preview":"max-video-preview:-1"},"canonical":"https:\/\/www.mzone.cz\/en\/toyota-prodlouzila-vyrobu-gr-yaris-nejmene-do-roku-2023\/","og_locale":"en_US","og_type":"article","og_title":"Obrovsk\u00fd z\u00e1jem o GR Yaris! Toyota prodlou\u017eila v\u00fdrobu vrcholn\u00e9 sportovn\u00ed verze nejm\u00e9n\u011b do roku 2023 - Mzone","og_description":"Toyota prodlou\u017eila kv\u016fli velk\u00e9 popt\u00e1vce v\u00fdrobu vrcholn\u00e9 sportovn\u00ed verze GR modelu Yaris o dva roky nejm\u00e9n\u011b do roku 2023.","og_url":"https:\/\/www.mzone.cz\/en\/toyota-prodlouzila-vyrobu-gr-yaris-nejmene-do-roku-2023\/","og_site_name":"Mzone","article_publisher":"https:\/\/www.facebook.com\/MzoneCZ\/","article_published_time":"2021-08-09T03:00:00+00:00","og_image":[{"width":964,"height":642,"url":"https:\/\/www.mzone.cz\/wp-content\/uploads\/2021\/08\/DV05272.jpg","type":"image\/jpeg"}],"author":"Mzone","twitter_card":"summary_large_image","twitter_misc":{"Written by":"Mzone","Est. reading time":"2 minutes"},"schema":{"@context":"https:\/\/schema.org","@graph":[{"@type":"Article","@id":"https:\/\/www.mzone.cz\/toyota-prodlouzila-vyrobu-gr-yaris-nejmene-do-roku-2023\/#article","isPartOf":{"@id":"https:\/\/www.mzone.cz\/toyota-prodlouzila-vyrobu-gr-yaris-nejmene-do-roku-2023\/"},"author":{"name":"Mzone","@id":"https:\/\/www.mzone.cz\/#\/schema\/person\/9bc20cc422a99cac4af6ff9297da32d4"},"headline":"Obrovsk\u00fd z\u00e1jem o GR Yaris! Toyota prodlou\u017eila v\u00fdrobu vrcholn\u00e9 sportovn\u00ed verze nejm\u00e9n\u011b do roku 2023","datePublished":"2021-08-09T03:00:00+00:00","mainEntityOfPage":{"@id":"https:\/\/www.mzone.cz\/toyota-prodlouzila-vyrobu-gr-yaris-nejmene-do-roku-2023\/"},"wordCount":335,"commentCount":0,"image":{"@id":"https:\/\/www.mzone.cz\/toyota-prodlouzila-vyrobu-gr-yaris-nejmene-do-roku-2023\/#primaryimage"},"thumbnailUrl":"https:\/\/www.mzone.cz\/wp-content\/uploads\/2021\/08\/DV05272.jpg","keywords":["auta","Auto","auto-moto","automobily","popt\u00e1vka","sportovn\u00ed vozy","Toyota","Toyota GR Yaris","z\u00e1jem"],"articleSection":["Auto-moto"],"inLanguage":"en-US","potentialAction":[{"@type":"CommentAction","name":"Comment","target":["https:\/\/www.mzone.cz\/toyota-prodlouzila-vyrobu-gr-yaris-nejmene-do-roku-2023\/#respond"]}]},{"@type":"WebPage","@id":"https:\/\/www.mzone.cz\/toyota-prodlouzila-vyrobu-gr-yaris-nejmene-do-roku-2023\/","url":"https:\/\/www.mzone.cz\/toyota-prodlouzila-vyrobu-gr-yaris-nejmene-do-roku-2023\/","name":"Obrovsk\u00fd z\u00e1jem o GR Yaris! Toyota prodlou\u017eila v\u00fdrobu vrcholn\u00e9 sportovn\u00ed verze nejm\u00e9n\u011b do roku 2023 - Mzone","isPartOf":{"@id":"https:\/\/www.mzone.cz\/#website"},"primaryImageOfPage":{"@id":"https:\/\/www.mzone.cz\/toyota-prodlouzila-vyrobu-gr-yaris-nejmene-do-roku-2023\/#primaryimage"},"image":{"@id":"https:\/\/www.mzone.cz\/toyota-prodlouzila-vyrobu-gr-yaris-nejmene-do-roku-2023\/#primaryimage"},"thumbnailUrl":"https:\/\/www.mzone.cz\/wp-content\/uploads\/2021\/08\/DV05272.jpg","datePublished":"2021-08-09T03:00:00+00:00","author":{"@id":"https:\/\/www.mzone.cz\/#\/schema\/person\/9bc20cc422a99cac4af6ff9297da32d4"},"description":"Toyota prodlou\u017eila kv\u016fli velk\u00e9 popt\u00e1vce v\u00fdrobu vrcholn\u00e9 sportovn\u00ed verze GR modelu Yaris o dva roky nejm\u00e9n\u011b do roku 2023.","breadcrumb":{"@id":"https:\/\/www.mzone.cz\/toyota-prodlouzila-vyrobu-gr-yaris-nejmene-do-roku-2023\/#breadcrumb"},"inLanguage":"en-US","potentialAction":[{"@type":"ReadAction","target":["https:\/\/www.mzone.cz\/toyota-prodlouzila-vyrobu-gr-yaris-nejmene-do-roku-2023\/"]}]},{"@type":"ImageObject","inLanguage":"en-US","@id":"https:\/\/www.mzone.cz\/toyota-prodlouzila-vyrobu-gr-yaris-nejmene-do-roku-2023\/#primaryimage","url":"https:\/\/www.mzone.cz\/wp-content\/uploads\/2021\/08\/DV05272.jpg","contentUrl":"https:\/\/www.mzone.cz\/wp-content\/uploads\/2021\/08\/DV05272.jpg","width":964,"height":642,"caption":"Toyota GR Yaris"},{"@type":"BreadcrumbList","@id":"https:\/\/www.mzone.cz\/toyota-prodlouzila-vyrobu-gr-yaris-nejmene-do-roku-2023\/#breadcrumb","itemListElement":[{"@type":"ListItem","position":1,"name":"Dom\u016f","item":"https:\/\/www.mzone.cz\/"},{"@type":"ListItem","position":2,"name":"Obrovsk\u00fd z\u00e1jem o GR Yaris! Toyota prodlou\u017eila v\u00fdrobu vrcholn\u00e9 sportovn\u00ed verze nejm\u00e9n\u011b do roku 2023"}]},{"@type":"WebSite","@id":"https:\/\/www.mzone.cz\/#website","url":"https:\/\/www.mzone.cz\/","name":"Mzone","description":"Magaz\u00edn nejen pro mu\u017ee","potentialAction":[{"@type":"SearchAction","target":{"@type":"EntryPoint","urlTemplate":"https:\/\/www.mzone.cz\/?s={search_term_string}"},"query-input":{"@type":"PropertyValueSpecification","valueRequired":true,"valueName":"search_term_string"}}],"inLanguage":"en-US"},{"@type":"Person","@id":"https:\/\/www.mzone.cz\/#\/schema\/person\/9bc20cc422a99cac4af6ff9297da32d4","name":"Mzone","image":{"@type":"ImageObject","inLanguage":"en-US","@id":"https:\/\/secure.gravatar.com\/avatar\/e780a8630f3182a3d06dd667ab6bea151a0d155b0951bc15fe22633acdac0676?s=96&d=mm&r=g","url":"https:\/\/secure.gravatar.com\/avatar\/e780a8630f3182a3d06dd667ab6bea151a0d155b0951bc15fe22633acdac0676?s=96&d=mm&r=g","contentUrl":"https:\/\/secure.gravatar.com\/avatar\/e780a8630f3182a3d06dd667ab6bea151a0d155b0951bc15fe22633acdac0676?s=96&d=mm&r=g","caption":"Mzone"},"url":"https:\/\/www.mzone.cz\/en\/author\/jakub\/"}]}},"_links":{"self":[{"href":"https:\/\/www.mzone.cz\/en\/wp-json\/wp\/v2\/posts\/33178","targetHints":{"allow":["GET"]}}],"collection":[{"href":"https:\/\/www.mzone.cz\/en\/wp-json\/wp\/v2\/posts"}],"about":[{"href":"https:\/\/www.mzone.cz\/en\/wp-json\/wp\/v2\/types\/post"}],"author":[{"embeddable":true,"href":"https:\/\/www.mzone.cz\/en\/wp-json\/wp\/v2\/users\/4"}],"replies":[{"embeddable":true,"href":"https:\/\/www.mzone.cz\/en\/wp-json\/wp\/v2\/comments?post=33178"}],"version-history":[{"count":10,"href":"https:\/\/www.mzone.cz\/en\/wp-json\/wp\/v2\/posts\/33178\/revisions"}],"predecessor-version":[{"id":33194,"href":"https:\/\/www.mzone.cz\/en\/wp-json\/wp\/v2\/posts\/33178\/revisions\/33194"}],"wp:featuredmedia":[{"embeddable":true,"href":"https:\/\/www.mzone.cz\/en\/wp-json\/wp\/v2\/media\/33183"}],"wp:attachment":[{"href":"https:\/\/www.mzone.cz\/en\/wp-json\/wp\/v2\/media?parent=33178"}],"wp:term":[{"taxonomy":"category","embeddable":true,"href":"https:\/\/www.mzone.cz\/en\/wp-json\/wp\/v2\/categories?post=33178"},{"taxonomy":"post_tag","embeddable":true,"href":"https:\/\/www.mzone.cz\/en\/wp-json\/wp\/v2\/tags?post=33178"}],"curies":[{"name":"wp","href":"https:\/\/api.w.org\/{rel}","templated":true}]}}