{"id":33491,"date":"2021-08-11T04:55:00","date_gmt":"2021-08-11T02:55:00","guid":{"rendered":"https:\/\/www.mzone.cz\/?p=33491"},"modified":"2021-08-11T21:35:58","modified_gmt":"2021-08-11T19:35:58","slug":"klimatizace-kdy-poridite-nejlevneji-prave-ted","status":"publish","type":"post","link":"https:\/\/www.mzone.cz\/en\/klimatizace-kdy-poridite-nejlevneji-prave-ted\/","title":{"rendered":"Kdy po\u0159\u00edd\u00edte klimatizaci nejlevn\u011bji? Pr\u00e1v\u011b te\u010f!"},"content":{"rendered":"<p><strong>S koncem l\u00e9ta u\u017e v\u00e1s ani nenapadne p\u0159em\u00fd\u0161let nad po\u0159\u00edzen\u00edm klimatizace, s t\u00edm, \u017ee po\u010dk\u00e1te na p\u0159\u00edchod letn\u00edch veder? Takhle uva\u017euje v\u011bt\u0161ina lid\u00ed, kdy pak za\u0159\u00edzen\u00ed po\u0159izuje ve shonu a za n\u011bkolikan\u00e1sobn\u011b vy\u0161\u0161\u00ed ceny. Pokud uva\u017eujete nad po\u0159\u00edzen\u00edm klimatizace, nev\u00e1hejte. Te\u010f u\u0161et\u0159\u00edte i n\u011bkolik tis\u00edc.<\/strong><\/p><br>\n\n\n\n<p>\u201eKa\u017edoro\u010dn\u011b pozorujeme zv\u00fd\u0161en\u00ed cen od dodavatel\u016f. Zdra\u017een\u00ed je v r\u00e1mci n\u011bkolika procent, co\u017e se samoz\u0159ejm\u011b projev\u00ed i na cen\u011b pro koncov\u00e9 z\u00e1kazn\u00edky. Leto\u0161n\u00ed rok byl n\u00e1ro\u010dn\u011bj\u0161\u00ed i kv\u016fli dopad\u016fm celosv\u011btov\u00e9 pandemie koronaviru. V\u00fdrazn\u011b podra\u017eily plastov\u00e9 komponenty a\u017e o 40 %, dra\u017e\u0161\u00ed je ocel, m\u011b\u010f. Evropsk\u00e9 ceny zna\u010dn\u011b ovliv\u0148uje \u010d\u00ednsk\u00fd trh, kdy se zvedla cena lodn\u00ed kontejnerov\u00e9 dopravy a\u017e trojn\u00e1sobn\u011b,\u201c vysv\u011btlil n\u00e1r\u016fst cen Martin Mrajca, \u0159editel spole\u010dnosti 81 klima.<\/p><br>\n\n\n\n<p>Toto zdra\u017een\u00ed se bohu\u017eel dotklo i cen ve st\u0159edn\u00ed Evrop\u011b. Je tedy mo\u017en\u00e9 i v t\u00e9to situaci na po\u0159\u00edzen\u00ed klimatizace u\u0161et\u0159it? Ano, sta\u010d\u00ed si ji po\u0159\u00eddit nyn\u00ed. Mimosezonu nab\u00edz\u00edme v\u00fdhodn\u00e9 akce, kdy mohou z\u00e1kazn\u00edci na po\u0159\u00edzen\u00ed u\u0161et\u0159it i n\u011bkolik tis\u00edc korun. \u201eNab\u00edz\u00edme\u00a0<a href=\"https:\/\/www.81klima.cz\/akcni-nabidka\">klimatizace s v\u00fdraznou slevou<\/a>\u00a0i kv\u016fli uvoln\u011bn\u00ed skladov\u00fdch prostor pro nov\u00e9 typy klimatiza\u010dn\u00edch jednotek. Nen\u00ed proto v\u00fdjimkou, \u017ee ceny klesnou o 5 a\u017e 10 tis\u00edc. Co\u017e je pro ka\u017edou dom\u00e1cnost znateln\u00e1 \u00faspora financ\u00ed,\u201c doplnil Mrajca.<\/p>\n\n\n\n<blockquote class=\"wp-block-quote is-layout-flow wp-block-quote-is-layout-flow\"><p>Dal\u0161\u00ed nespornou v\u00fdhodou, pro\u010d \u0159e\u0161it instalaci na podzim, je rychlost dod\u00e1n\u00ed. Zat\u00edmco nyn\u00ed jsme schopni klimatizaci dodat a nainstalovat do \u010dtrn\u00e1cti dn\u016f i rychleji, v l\u00e9t\u011b se tato doba v\u00fdrazn\u011b prodlu\u017euje. Technik na zam\u011b\u0159en\u00ed\u00a0<a href=\"https:\/\/www.81klima.cz\/\">klimatizace<\/a>\u00a0k v\u00e1m nyn\u00ed tak\u00e9 doraz\u00ed do n\u011bkolika dn\u016f, v l\u00e9t\u011b si na n\u011bj po\u010dk\u00e1te klidn\u011b i t\u00fdden a d\u00e9le.<\/p><\/blockquote>\n\n\n\n<figure class=\"wp-block-image size-large\"><img loading=\"lazy\" decoding=\"async\" width=\"1024\" height=\"589\" src=\"https:\/\/www.mzone.cz\/wp-content\/uploads\/2021\/08\/68961-placla-fotka-1024x589.jpg\" alt=\"Klimatizace\" class=\"wp-image-33496\" srcset=\"https:\/\/www.mzone.cz\/wp-content\/uploads\/2021\/08\/68961-placla-fotka-1024x589.jpg 1024w, https:\/\/www.mzone.cz\/wp-content\/uploads\/2021\/08\/68961-placla-fotka-300x173.jpg 300w, https:\/\/www.mzone.cz\/wp-content\/uploads\/2021\/08\/68961-placla-fotka-768x442.jpg 768w, https:\/\/www.mzone.cz\/wp-content\/uploads\/2021\/08\/68961-placla-fotka-1536x884.jpg 1536w, https:\/\/www.mzone.cz\/wp-content\/uploads\/2021\/08\/68961-placla-fotka-18x10.jpg 18w, https:\/\/www.mzone.cz\/wp-content\/uploads\/2021\/08\/68961-placla-fotka-590x340.jpg 590w, https:\/\/www.mzone.cz\/wp-content\/uploads\/2021\/08\/68961-placla-fotka.jpg 2000w\" sizes=\"auto, (max-width: 1024px) 100vw, 1024px\" \/><figcaption><em>Modern\u00ed klimatizace interi\u00e9r vhodn\u011b dopl\u0148uj\u00ed. Nejobl\u00edben\u011bj\u0161\u00ed je b\u00edl\u00e1 klasika s p\u0159\u00edjemn\u00fdm designem.<\/em><\/figcaption><\/figure><br>\n\n\n\n<p>Boj\u00edte se, \u017ee s po\u0159\u00edzen\u00edm klimatizace si po\u0159\u00edd\u00edte nevzhledn\u00fd prvek interi\u00e9ru? Opak je pravdou. Dne\u0161n\u00ed klimatizace nab\u00edz\u00ed mnohem v\u00edce ne\u017e jen samotn\u00e9 chlazen\u00ed. Maj\u00ed \u0159adu funkc\u00ed, nap\u0159\u00edklad dnes \u017e\u00e1danou ionizaci vzduchu ale modernizace se do\u010dkal i vzhled. N\u00e1st\u011bnn\u00e1 klimatizace v dom\u00e1cnosti nep\u0159ek\u00e1\u017e\u00ed, m\u00e1 \u00fasporn\u00fd provoz, pomoc\u00ed lamel lze nastavit proud\u011bn\u00ed vzduchu a doplnit tak cel\u00fd interi\u00e9r.<\/p><br>\n\n\n\n<p>V\u011bt\u0161ina z n\u00e1s m\u00e1 zku\u0161enost s takzvanou mobiln\u00ed klimatiza\u010dn\u00ed jednotkou. \u201eOproti n\u00e1st\u011bnn\u00fdm jednotk\u00e1m nejsou ty mobiln\u00ed zdaleka tak \u00fa\u010dinn\u00e9, maj\u00ed vysokou hlu\u010dnost a v interi\u00e9ru mohou p\u0159ek\u00e1\u017eet,\u201c popsal rozd\u00edly Mrajca.<\/p>\n\n\n\n<blockquote class=\"wp-block-quote is-layout-flow wp-block-quote-is-layout-flow\"><p>Dal\u0161\u00ed nev\u00fdhodou mobiln\u00ed klimatizace je ve v\u011bt\u0161in\u011b p\u0159\u00edpadech nutnost v\u00fdvodu vzduchu pomoc\u00ed hadice, kter\u00e1 vede p\u0159iv\u0159en\u00fdm oknem. Jednou z variant je tak\u00e9 vytvo\u0159en\u00ed otvoru v okenn\u00ed tabuli. Na toto \u0159e\u0161en\u00ed si dejte pozor, okno t\u00edm znehodnot\u00edte a v\u00fdrazn\u011b stoup\u00e1 riziko promrz\u00e1n\u00ed.<\/p><\/blockquote>\n\n\n\n<p>Dal\u0161\u00edm v\u00fdhodn\u00fdm bonusem, kter\u00fd v zim\u011b ocen\u00edte, je funkce topen\u00ed. Klimatizace zvl\u00e1dnou topit rychle, efektivn\u011b a v porovn\u00e1n\u00ed s elektrick\u00fdmi p\u0159\u00edmotopy i levn\u011b. Oh\u0159\u00e1t\u00ed vzduchu se projev\u00ed t\u00e9m\u011b\u0159 okam\u017eit\u011b. P\u0159i p\u0159\u00edchodu do chladn\u00e9 m\u00edstnosti si jedin\u00fdm kliknut\u00edm zajist\u00edte teplo do p\u00e1r minut. M\u00edstnosti nav\u00edc m\u016f\u017eete vyt\u00e1p\u011bt selektivn\u011b \u2013 v ka\u017ed\u00e9 m\u00edstnosti lze m\u00edt jinou teplotu, nebo m\u00edt zapnut\u00e9 za\u0159\u00edzen\u00ed jenom tam, kde se pr\u00e1v\u011b nach\u00e1z\u00edte.<\/p><br>\n\n\n\n<p>Pokud p\u0159em\u00fd\u0161l\u00edte nad po\u0159\u00edzen\u00edm klimatizace, na nic ne\u010dekejte. V t\u00e9to dob\u011b u\u0161et\u0159\u00edte p\u0159i jej\u00edm po\u0159\u00edzen\u00ed a m\u016f\u017eete vyzkou\u0161et i funkci topen\u00ed, kdy m\u016f\u017eete u\u0161et\u0159it dal\u0161\u00ed pen\u00edze. Nav\u00edc si vy\u010dist\u00edte vzduch od bakteri\u00ed, vir\u016f i pylov\u00fdch \u010d\u00e1stic v dob\u011b ch\u0159ipek a alergi\u00ed.<\/p><br>\n\n\n\n<div class=\"wp-block-media-text alignwide is-stacked-on-mobile is-vertically-aligned-top\" style=\"grid-template-columns:23% auto\"><figure class=\"wp-block-media-text__media\"><a href=\"https:\/\/www.mzone.cz\/home-office-v-letnich-vedrech-jak-ho-zvladnout\/\"><img loading=\"lazy\" decoding=\"async\" width=\"1024\" height=\"683\" src=\"https:\/\/www.mzone.cz\/wp-content\/uploads\/2021\/06\/Horko-home-office-1024x683.jpg\" alt=\"Horko - home office\" class=\"wp-image-32827 size-full\" srcset=\"https:\/\/www.mzone.cz\/wp-content\/uploads\/2021\/06\/Horko-home-office-1024x683.jpg 1024w, https:\/\/www.mzone.cz\/wp-content\/uploads\/2021\/06\/Horko-home-office-300x200.jpg 300w, https:\/\/www.mzone.cz\/wp-content\/uploads\/2021\/06\/Horko-home-office-768x512.jpg 768w, https:\/\/www.mzone.cz\/wp-content\/uploads\/2021\/06\/Horko-home-office-1536x1024.jpg 1536w, https:\/\/www.mzone.cz\/wp-content\/uploads\/2021\/06\/Horko-home-office-2048x1365.jpg 2048w, https:\/\/www.mzone.cz\/wp-content\/uploads\/2021\/06\/Horko-home-office-16x12.jpg 16w, https:\/\/www.mzone.cz\/wp-content\/uploads\/2021\/06\/Horko-home-office-800x533.jpg 800w, https:\/\/www.mzone.cz\/wp-content\/uploads\/2021\/06\/Horko-home-office-400x267.jpg 400w, https:\/\/www.mzone.cz\/wp-content\/uploads\/2021\/06\/Horko-home-office-500x333.jpg 500w, https:\/\/www.mzone.cz\/wp-content\/uploads\/2021\/06\/Horko-home-office-1170x780.jpg 1170w, https:\/\/www.mzone.cz\/wp-content\/uploads\/2021\/06\/Horko-home-office-590x393.jpg 590w\" sizes=\"auto, (max-width: 1024px) 100vw, 1024px\" \/><\/a><\/figure><div class=\"wp-block-media-text__content\">\n<h4><a href=\"https:\/\/www.mzone.cz\/home-office-v-letnich-vedrech-jak-ho-zvladnout\/\">Jak zvl\u00e1dnout home office v letn\u00edch vedrech?<\/a><\/h4><br>\n<\/div><\/div>\n\n\n\n<p><\/p>","protected":false},"excerpt":{"rendered":"<p>S koncem l\u00e9ta u\u017e v\u00e1s ani nenapadne p\u0159em\u00fd\u0161let nad po\u0159\u00edzen\u00edm klimatizace, s t\u00edm, \u017ee po\u010dk\u00e1te na p\u0159\u00edchod letn\u00edch veder? Takhle uva\u017euje v\u011bt\u0161ina lid\u00ed, kdy pak za\u0159\u00edzen\u00ed po\u0159izuje ve shonu a za n\u011bkolikan\u00e1sobn\u011b vy\u0161\u0161\u00ed ceny. Pokud uva\u017eujete nad po\u0159\u00edzen\u00edm klimatizace, nev\u00e1hejte. Te\u010f u\u0161et\u0159\u00edte i n\u011bkolik tis\u00edc. \u201eKa\u017edoro\u010dn\u011b pozorujeme zv\u00fd\u0161en\u00ed cen od dodavatel\u016f. Zdra\u017een\u00ed je v r\u00e1mci [&hellip;]<\/p>\n","protected":false},"author":4,"featured_media":33492,"comment_status":"open","ping_status":"closed","sticky":false,"template":"","format":"standard","meta":{"kk_blocks_editor_width":"","_kiokenblocks_attr":"","_kiokenblocks_dimensions":"","footnotes":""},"categories":[4328,25],"tags":[2379,2256,3786,3084,1818,5141,3002,141,482,5142,490,5082,2376],"class_list":["post-33491","post","type-post","status-publish","format-standard","has-post-thumbnail","hentry","category-bydleni","category-style","tag-bydleni","tag-ceny","tag-horko","tag-klimatizace","tag-leto","tag-ochlazeni","tag-porizeni","tag-rady","tag-rady-a-tipy","tag-slevy","tag-style","tag-teplo","tag-vybaveni-bytu"],"yoast_head":"<!-- This site is optimized with the Yoast SEO plugin v27.5 - https:\/\/yoast.com\/product\/yoast-seo-wordpress\/ -->\n<title>Kdy po\u0159\u00edd\u00edte klimatizaci nejlevn\u011bji? Pr\u00e1v\u011b te\u010f! - Mzone<\/title>\n<meta name=\"description\" content=\"S koncem l\u00e9ta u\u017e v\u00e1s ani nenapadne p\u0159em\u00fd\u0161let nad po\u0159\u00edzen\u00edm klimatizace, s t\u00edm, \u017ee po\u010dk\u00e1te na p\u0159\u00edchod letn\u00edch veder? Takhle uva\u017euje v\u011bt\u0161ina lid\u00ed, kdy pak za\u0159\u00edzen\u00ed po\u0159izuje ve shonu a za n\u011bkolikan\u00e1sobn\u011b vy\u0161\u0161\u00ed ceny. Pokud uva\u017eujete nad po\u0159\u00edzen\u00edm klimatizace, nev\u00e1hejte. Te\u010f u\u0161et\u0159\u00edte i n\u011bkolik tis\u00edc.\" \/>\n<meta name=\"robots\" content=\"index, follow, max-snippet:-1, max-image-preview:large, max-video-preview:-1\" \/>\n<link rel=\"canonical\" href=\"https:\/\/www.mzone.cz\/en\/klimatizace-kdy-poridite-nejlevneji-prave-ted\/\" \/>\n<meta property=\"og:locale\" content=\"en_US\" \/>\n<meta property=\"og:type\" content=\"article\" \/>\n<meta property=\"og:title\" content=\"Kdy po\u0159\u00edd\u00edte klimatizaci nejlevn\u011bji? Pr\u00e1v\u011b te\u010f! - Mzone\" \/>\n<meta property=\"og:description\" content=\"S koncem l\u00e9ta u\u017e v\u00e1s ani nenapadne p\u0159em\u00fd\u0161let nad po\u0159\u00edzen\u00edm klimatizace, s t\u00edm, \u017ee po\u010dk\u00e1te na p\u0159\u00edchod letn\u00edch veder? Takhle uva\u017euje v\u011bt\u0161ina lid\u00ed, kdy pak za\u0159\u00edzen\u00ed po\u0159izuje ve shonu a za n\u011bkolikan\u00e1sobn\u011b vy\u0161\u0161\u00ed ceny. Pokud uva\u017eujete nad po\u0159\u00edzen\u00edm klimatizace, nev\u00e1hejte. Te\u010f u\u0161et\u0159\u00edte i n\u011bkolik tis\u00edc.\" \/>\n<meta property=\"og:url\" content=\"https:\/\/www.mzone.cz\/en\/klimatizace-kdy-poridite-nejlevneji-prave-ted\/\" \/>\n<meta property=\"og:site_name\" content=\"Mzone\" \/>\n<meta property=\"article:publisher\" content=\"https:\/\/www.facebook.com\/MzoneCZ\/\" \/>\n<meta property=\"article:published_time\" content=\"2021-08-11T02:55:00+00:00\" \/>\n<meta property=\"article:modified_time\" content=\"2021-08-11T19:35:58+00:00\" \/>\n<meta property=\"og:image\" content=\"https:\/\/www.mzone.cz\/wp-content\/uploads\/2021\/08\/68960-placla-uvodni-fotka.jpg\" \/>\n\t<meta property=\"og:image:width\" content=\"1800\" \/>\n\t<meta property=\"og:image:height\" content=\"1200\" \/>\n\t<meta property=\"og:image:type\" content=\"image\/jpeg\" \/>\n<meta name=\"author\" content=\"Mzone\" \/>\n<meta name=\"twitter:card\" content=\"summary_large_image\" \/>\n<meta name=\"twitter:label1\" content=\"Written by\" \/>\n\t<meta name=\"twitter:data1\" content=\"Mzone\" \/>\n\t<meta name=\"twitter:label2\" content=\"Est. reading time\" \/>\n\t<meta name=\"twitter:data2\" content=\"3 minutes\" \/>\n<script type=\"application\/ld+json\" class=\"yoast-schema-graph\">{\"@context\":\"https:\\\/\\\/schema.org\",\"@graph\":[{\"@type\":\"Article\",\"@id\":\"https:\\\/\\\/www.mzone.cz\\\/klimatizace-kdy-poridite-nejlevneji-prave-ted\\\/#article\",\"isPartOf\":{\"@id\":\"https:\\\/\\\/www.mzone.cz\\\/klimatizace-kdy-poridite-nejlevneji-prave-ted\\\/\"},\"author\":{\"name\":\"Mzone\",\"@id\":\"https:\\\/\\\/www.mzone.cz\\\/#\\\/schema\\\/person\\\/9bc20cc422a99cac4af6ff9297da32d4\"},\"headline\":\"Kdy po\u0159\u00edd\u00edte klimatizaci nejlevn\u011bji? Pr\u00e1v\u011b te\u010f!\",\"datePublished\":\"2021-08-11T02:55:00+00:00\",\"dateModified\":\"2021-08-11T19:35:58+00:00\",\"mainEntityOfPage\":{\"@id\":\"https:\\\/\\\/www.mzone.cz\\\/klimatizace-kdy-poridite-nejlevneji-prave-ted\\\/\"},\"wordCount\":707,\"commentCount\":1,\"image\":{\"@id\":\"https:\\\/\\\/www.mzone.cz\\\/klimatizace-kdy-poridite-nejlevneji-prave-ted\\\/#primaryimage\"},\"thumbnailUrl\":\"https:\\\/\\\/www.mzone.cz\\\/wp-content\\\/uploads\\\/2021\\\/08\\\/68960-placla-uvodni-fotka.jpg\",\"keywords\":[\"bydlen\u00ed\",\"ceny\",\"horko\",\"klimatizace\",\"l\u00e9to\",\"ochlazen\u00ed\",\"po\u0159\u00edzen\u00ed\",\"rady\",\"rady a tipy\",\"slevy\",\"style\",\"teplo\",\"vybaven\u00ed bytu\"],\"articleSection\":[\"Bydlen\u00ed\",\"Style\"],\"inLanguage\":\"en-US\",\"potentialAction\":[{\"@type\":\"CommentAction\",\"name\":\"Comment\",\"target\":[\"https:\\\/\\\/www.mzone.cz\\\/klimatizace-kdy-poridite-nejlevneji-prave-ted\\\/#respond\"]}]},{\"@type\":\"WebPage\",\"@id\":\"https:\\\/\\\/www.mzone.cz\\\/klimatizace-kdy-poridite-nejlevneji-prave-ted\\\/\",\"url\":\"https:\\\/\\\/www.mzone.cz\\\/klimatizace-kdy-poridite-nejlevneji-prave-ted\\\/\",\"name\":\"Kdy po\u0159\u00edd\u00edte klimatizaci nejlevn\u011bji? Pr\u00e1v\u011b te\u010f! - Mzone\",\"isPartOf\":{\"@id\":\"https:\\\/\\\/www.mzone.cz\\\/#website\"},\"primaryImageOfPage\":{\"@id\":\"https:\\\/\\\/www.mzone.cz\\\/klimatizace-kdy-poridite-nejlevneji-prave-ted\\\/#primaryimage\"},\"image\":{\"@id\":\"https:\\\/\\\/www.mzone.cz\\\/klimatizace-kdy-poridite-nejlevneji-prave-ted\\\/#primaryimage\"},\"thumbnailUrl\":\"https:\\\/\\\/www.mzone.cz\\\/wp-content\\\/uploads\\\/2021\\\/08\\\/68960-placla-uvodni-fotka.jpg\",\"datePublished\":\"2021-08-11T02:55:00+00:00\",\"dateModified\":\"2021-08-11T19:35:58+00:00\",\"author\":{\"@id\":\"https:\\\/\\\/www.mzone.cz\\\/#\\\/schema\\\/person\\\/9bc20cc422a99cac4af6ff9297da32d4\"},\"description\":\"S koncem l\u00e9ta u\u017e v\u00e1s ani nenapadne p\u0159em\u00fd\u0161let nad po\u0159\u00edzen\u00edm klimatizace, s t\u00edm, \u017ee po\u010dk\u00e1te na p\u0159\u00edchod letn\u00edch veder? Takhle uva\u017euje v\u011bt\u0161ina lid\u00ed, kdy pak za\u0159\u00edzen\u00ed po\u0159izuje ve shonu a za n\u011bkolikan\u00e1sobn\u011b vy\u0161\u0161\u00ed ceny. Pokud uva\u017eujete nad po\u0159\u00edzen\u00edm klimatizace, nev\u00e1hejte. Te\u010f u\u0161et\u0159\u00edte i n\u011bkolik tis\u00edc.\",\"breadcrumb\":{\"@id\":\"https:\\\/\\\/www.mzone.cz\\\/klimatizace-kdy-poridite-nejlevneji-prave-ted\\\/#breadcrumb\"},\"inLanguage\":\"en-US\",\"potentialAction\":[{\"@type\":\"ReadAction\",\"target\":[\"https:\\\/\\\/www.mzone.cz\\\/klimatizace-kdy-poridite-nejlevneji-prave-ted\\\/\"]}]},{\"@type\":\"ImageObject\",\"inLanguage\":\"en-US\",\"@id\":\"https:\\\/\\\/www.mzone.cz\\\/klimatizace-kdy-poridite-nejlevneji-prave-ted\\\/#primaryimage\",\"url\":\"https:\\\/\\\/www.mzone.cz\\\/wp-content\\\/uploads\\\/2021\\\/08\\\/68960-placla-uvodni-fotka.jpg\",\"contentUrl\":\"https:\\\/\\\/www.mzone.cz\\\/wp-content\\\/uploads\\\/2021\\\/08\\\/68960-placla-uvodni-fotka.jpg\",\"width\":1800,\"height\":1200,\"caption\":\"Slevy na klimatizace\"},{\"@type\":\"BreadcrumbList\",\"@id\":\"https:\\\/\\\/www.mzone.cz\\\/klimatizace-kdy-poridite-nejlevneji-prave-ted\\\/#breadcrumb\",\"itemListElement\":[{\"@type\":\"ListItem\",\"position\":1,\"name\":\"Dom\u016f\",\"item\":\"https:\\\/\\\/www.mzone.cz\\\/\"},{\"@type\":\"ListItem\",\"position\":2,\"name\":\"Kdy po\u0159\u00edd\u00edte klimatizaci nejlevn\u011bji? Pr\u00e1v\u011b te\u010f!\"}]},{\"@type\":\"WebSite\",\"@id\":\"https:\\\/\\\/www.mzone.cz\\\/#website\",\"url\":\"https:\\\/\\\/www.mzone.cz\\\/\",\"name\":\"Mzone\",\"description\":\"Magaz\u00edn nejen pro mu\u017ee\",\"potentialAction\":[{\"@type\":\"SearchAction\",\"target\":{\"@type\":\"EntryPoint\",\"urlTemplate\":\"https:\\\/\\\/www.mzone.cz\\\/?s={search_term_string}\"},\"query-input\":{\"@type\":\"PropertyValueSpecification\",\"valueRequired\":true,\"valueName\":\"search_term_string\"}}],\"inLanguage\":\"en-US\"},{\"@type\":\"Person\",\"@id\":\"https:\\\/\\\/www.mzone.cz\\\/#\\\/schema\\\/person\\\/9bc20cc422a99cac4af6ff9297da32d4\",\"name\":\"Mzone\",\"image\":{\"@type\":\"ImageObject\",\"inLanguage\":\"en-US\",\"@id\":\"https:\\\/\\\/secure.gravatar.com\\\/avatar\\\/e780a8630f3182a3d06dd667ab6bea151a0d155b0951bc15fe22633acdac0676?s=96&d=mm&r=g\",\"url\":\"https:\\\/\\\/secure.gravatar.com\\\/avatar\\\/e780a8630f3182a3d06dd667ab6bea151a0d155b0951bc15fe22633acdac0676?s=96&d=mm&r=g\",\"contentUrl\":\"https:\\\/\\\/secure.gravatar.com\\\/avatar\\\/e780a8630f3182a3d06dd667ab6bea151a0d155b0951bc15fe22633acdac0676?s=96&d=mm&r=g\",\"caption\":\"Mzone\"},\"url\":\"https:\\\/\\\/www.mzone.cz\\\/en\\\/author\\\/jakub\\\/\"}]}<\/script>\n<!-- \/ Yoast SEO plugin. -->","yoast_head_json":{"title":"Kdy po\u0159\u00edd\u00edte klimatizaci nejlevn\u011bji? Pr\u00e1v\u011b te\u010f! - Mzone","description":"S koncem l\u00e9ta u\u017e v\u00e1s ani nenapadne p\u0159em\u00fd\u0161let nad po\u0159\u00edzen\u00edm klimatizace, s t\u00edm, \u017ee po\u010dk\u00e1te na p\u0159\u00edchod letn\u00edch veder? Takhle uva\u017euje v\u011bt\u0161ina lid\u00ed, kdy pak za\u0159\u00edzen\u00ed po\u0159izuje ve shonu a za n\u011bkolikan\u00e1sobn\u011b vy\u0161\u0161\u00ed ceny. Pokud uva\u017eujete nad po\u0159\u00edzen\u00edm klimatizace, nev\u00e1hejte. Te\u010f u\u0161et\u0159\u00edte i n\u011bkolik tis\u00edc.","robots":{"index":"index","follow":"follow","max-snippet":"max-snippet:-1","max-image-preview":"max-image-preview:large","max-video-preview":"max-video-preview:-1"},"canonical":"https:\/\/www.mzone.cz\/en\/klimatizace-kdy-poridite-nejlevneji-prave-ted\/","og_locale":"en_US","og_type":"article","og_title":"Kdy po\u0159\u00edd\u00edte klimatizaci nejlevn\u011bji? Pr\u00e1v\u011b te\u010f! - Mzone","og_description":"S koncem l\u00e9ta u\u017e v\u00e1s ani nenapadne p\u0159em\u00fd\u0161let nad po\u0159\u00edzen\u00edm klimatizace, s t\u00edm, \u017ee po\u010dk\u00e1te na p\u0159\u00edchod letn\u00edch veder? Takhle uva\u017euje v\u011bt\u0161ina lid\u00ed, kdy pak za\u0159\u00edzen\u00ed po\u0159izuje ve shonu a za n\u011bkolikan\u00e1sobn\u011b vy\u0161\u0161\u00ed ceny. Pokud uva\u017eujete nad po\u0159\u00edzen\u00edm klimatizace, nev\u00e1hejte. Te\u010f u\u0161et\u0159\u00edte i n\u011bkolik tis\u00edc.","og_url":"https:\/\/www.mzone.cz\/en\/klimatizace-kdy-poridite-nejlevneji-prave-ted\/","og_site_name":"Mzone","article_publisher":"https:\/\/www.facebook.com\/MzoneCZ\/","article_published_time":"2021-08-11T02:55:00+00:00","article_modified_time":"2021-08-11T19:35:58+00:00","og_image":[{"width":1800,"height":1200,"url":"https:\/\/www.mzone.cz\/wp-content\/uploads\/2021\/08\/68960-placla-uvodni-fotka.jpg","type":"image\/jpeg"}],"author":"Mzone","twitter_card":"summary_large_image","twitter_misc":{"Written by":"Mzone","Est. reading time":"3 minutes"},"schema":{"@context":"https:\/\/schema.org","@graph":[{"@type":"Article","@id":"https:\/\/www.mzone.cz\/klimatizace-kdy-poridite-nejlevneji-prave-ted\/#article","isPartOf":{"@id":"https:\/\/www.mzone.cz\/klimatizace-kdy-poridite-nejlevneji-prave-ted\/"},"author":{"name":"Mzone","@id":"https:\/\/www.mzone.cz\/#\/schema\/person\/9bc20cc422a99cac4af6ff9297da32d4"},"headline":"Kdy po\u0159\u00edd\u00edte klimatizaci nejlevn\u011bji? Pr\u00e1v\u011b te\u010f!","datePublished":"2021-08-11T02:55:00+00:00","dateModified":"2021-08-11T19:35:58+00:00","mainEntityOfPage":{"@id":"https:\/\/www.mzone.cz\/klimatizace-kdy-poridite-nejlevneji-prave-ted\/"},"wordCount":707,"commentCount":1,"image":{"@id":"https:\/\/www.mzone.cz\/klimatizace-kdy-poridite-nejlevneji-prave-ted\/#primaryimage"},"thumbnailUrl":"https:\/\/www.mzone.cz\/wp-content\/uploads\/2021\/08\/68960-placla-uvodni-fotka.jpg","keywords":["bydlen\u00ed","ceny","horko","klimatizace","l\u00e9to","ochlazen\u00ed","po\u0159\u00edzen\u00ed","rady","rady a tipy","slevy","style","teplo","vybaven\u00ed bytu"],"articleSection":["Bydlen\u00ed","Style"],"inLanguage":"en-US","potentialAction":[{"@type":"CommentAction","name":"Comment","target":["https:\/\/www.mzone.cz\/klimatizace-kdy-poridite-nejlevneji-prave-ted\/#respond"]}]},{"@type":"WebPage","@id":"https:\/\/www.mzone.cz\/klimatizace-kdy-poridite-nejlevneji-prave-ted\/","url":"https:\/\/www.mzone.cz\/klimatizace-kdy-poridite-nejlevneji-prave-ted\/","name":"Kdy po\u0159\u00edd\u00edte klimatizaci nejlevn\u011bji? Pr\u00e1v\u011b te\u010f! - Mzone","isPartOf":{"@id":"https:\/\/www.mzone.cz\/#website"},"primaryImageOfPage":{"@id":"https:\/\/www.mzone.cz\/klimatizace-kdy-poridite-nejlevneji-prave-ted\/#primaryimage"},"image":{"@id":"https:\/\/www.mzone.cz\/klimatizace-kdy-poridite-nejlevneji-prave-ted\/#primaryimage"},"thumbnailUrl":"https:\/\/www.mzone.cz\/wp-content\/uploads\/2021\/08\/68960-placla-uvodni-fotka.jpg","datePublished":"2021-08-11T02:55:00+00:00","dateModified":"2021-08-11T19:35:58+00:00","author":{"@id":"https:\/\/www.mzone.cz\/#\/schema\/person\/9bc20cc422a99cac4af6ff9297da32d4"},"description":"S koncem l\u00e9ta u\u017e v\u00e1s ani nenapadne p\u0159em\u00fd\u0161let nad po\u0159\u00edzen\u00edm klimatizace, s t\u00edm, \u017ee po\u010dk\u00e1te na p\u0159\u00edchod letn\u00edch veder? Takhle uva\u017euje v\u011bt\u0161ina lid\u00ed, kdy pak za\u0159\u00edzen\u00ed po\u0159izuje ve shonu a za n\u011bkolikan\u00e1sobn\u011b vy\u0161\u0161\u00ed ceny. Pokud uva\u017eujete nad po\u0159\u00edzen\u00edm klimatizace, nev\u00e1hejte. Te\u010f u\u0161et\u0159\u00edte i n\u011bkolik tis\u00edc.","breadcrumb":{"@id":"https:\/\/www.mzone.cz\/klimatizace-kdy-poridite-nejlevneji-prave-ted\/#breadcrumb"},"inLanguage":"en-US","potentialAction":[{"@type":"ReadAction","target":["https:\/\/www.mzone.cz\/klimatizace-kdy-poridite-nejlevneji-prave-ted\/"]}]},{"@type":"ImageObject","inLanguage":"en-US","@id":"https:\/\/www.mzone.cz\/klimatizace-kdy-poridite-nejlevneji-prave-ted\/#primaryimage","url":"https:\/\/www.mzone.cz\/wp-content\/uploads\/2021\/08\/68960-placla-uvodni-fotka.jpg","contentUrl":"https:\/\/www.mzone.cz\/wp-content\/uploads\/2021\/08\/68960-placla-uvodni-fotka.jpg","width":1800,"height":1200,"caption":"Slevy na klimatizace"},{"@type":"BreadcrumbList","@id":"https:\/\/www.mzone.cz\/klimatizace-kdy-poridite-nejlevneji-prave-ted\/#breadcrumb","itemListElement":[{"@type":"ListItem","position":1,"name":"Dom\u016f","item":"https:\/\/www.mzone.cz\/"},{"@type":"ListItem","position":2,"name":"Kdy po\u0159\u00edd\u00edte klimatizaci nejlevn\u011bji? Pr\u00e1v\u011b te\u010f!"}]},{"@type":"WebSite","@id":"https:\/\/www.mzone.cz\/#website","url":"https:\/\/www.mzone.cz\/","name":"Mzone","description":"Magaz\u00edn nejen pro mu\u017ee","potentialAction":[{"@type":"SearchAction","target":{"@type":"EntryPoint","urlTemplate":"https:\/\/www.mzone.cz\/?s={search_term_string}"},"query-input":{"@type":"PropertyValueSpecification","valueRequired":true,"valueName":"search_term_string"}}],"inLanguage":"en-US"},{"@type":"Person","@id":"https:\/\/www.mzone.cz\/#\/schema\/person\/9bc20cc422a99cac4af6ff9297da32d4","name":"Mzone","image":{"@type":"ImageObject","inLanguage":"en-US","@id":"https:\/\/secure.gravatar.com\/avatar\/e780a8630f3182a3d06dd667ab6bea151a0d155b0951bc15fe22633acdac0676?s=96&d=mm&r=g","url":"https:\/\/secure.gravatar.com\/avatar\/e780a8630f3182a3d06dd667ab6bea151a0d155b0951bc15fe22633acdac0676?s=96&d=mm&r=g","contentUrl":"https:\/\/secure.gravatar.com\/avatar\/e780a8630f3182a3d06dd667ab6bea151a0d155b0951bc15fe22633acdac0676?s=96&d=mm&r=g","caption":"Mzone"},"url":"https:\/\/www.mzone.cz\/en\/author\/jakub\/"}]}},"_links":{"self":[{"href":"https:\/\/www.mzone.cz\/en\/wp-json\/wp\/v2\/posts\/33491","targetHints":{"allow":["GET"]}}],"collection":[{"href":"https:\/\/www.mzone.cz\/en\/wp-json\/wp\/v2\/posts"}],"about":[{"href":"https:\/\/www.mzone.cz\/en\/wp-json\/wp\/v2\/types\/post"}],"author":[{"embeddable":true,"href":"https:\/\/www.mzone.cz\/en\/wp-json\/wp\/v2\/users\/4"}],"replies":[{"embeddable":true,"href":"https:\/\/www.mzone.cz\/en\/wp-json\/wp\/v2\/comments?post=33491"}],"version-history":[{"count":8,"href":"https:\/\/www.mzone.cz\/en\/wp-json\/wp\/v2\/posts\/33491\/revisions"}],"predecessor-version":[{"id":33502,"href":"https:\/\/www.mzone.cz\/en\/wp-json\/wp\/v2\/posts\/33491\/revisions\/33502"}],"wp:featuredmedia":[{"embeddable":true,"href":"https:\/\/www.mzone.cz\/en\/wp-json\/wp\/v2\/media\/33492"}],"wp:attachment":[{"href":"https:\/\/www.mzone.cz\/en\/wp-json\/wp\/v2\/media?parent=33491"}],"wp:term":[{"taxonomy":"category","embeddable":true,"href":"https:\/\/www.mzone.cz\/en\/wp-json\/wp\/v2\/categories?post=33491"},{"taxonomy":"post_tag","embeddable":true,"href":"https:\/\/www.mzone.cz\/en\/wp-json\/wp\/v2\/tags?post=33491"}],"curies":[{"name":"wp","href":"https:\/\/api.w.org\/{rel}","templated":true}]}}