{"id":33764,"date":"2021-09-27T05:00:00","date_gmt":"2021-09-27T03:00:00","guid":{"rendered":"https:\/\/www.mzone.cz\/?p=33764"},"modified":"2021-09-24T14:30:04","modified_gmt":"2021-09-24T12:30:04","slug":"tedxprague-letos-bude-tema-zustava-neviditelne","status":"publish","type":"post","link":"https:\/\/www.mzone.cz\/en\/tedxprague-letos-bude-tema-zustava-neviditelne\/","title":{"rendered":"Po ro\u010dn\u00ed pauze se bude op\u011bt konat TEDxPrague! T\u00e9ma z\u016fst\u00e1v\u00e1 \u201eneviditeln\u00e9\u201d"},"content":{"rendered":"<p><strong>Podzim a TEDxPrague pat\u0159\u00ed neodmysliteln\u011b k sob\u011b. Lo\u0148sk\u00fd rok tuto tradici p\u0159eru\u0161ila celosv\u011btov\u00e1 pandemie koronaviru, letos se ale TEDxPrague vrac\u00ed v pln\u00e9 s\u00edle. T\u00e9matem leto\u0161n\u00edho \u201epocovidov\u00e9ho\u201d ro\u010dn\u00edku z\u016fst\u00e1v\u00e1 v\u0161e \u201eNeviditeln\u00e9\u201d.<\/strong><\/p><br>\n\n\n\n<p>TEDxPrague se letos uskute\u010dn\u00ed po ro\u010dn\u00ed pauze v sobotu 6. listopadu od dopoledn\u00edch hodin v prostor\u00e1ch Pra\u017esk\u00e9 k\u0159i\u017eovatky (kostel sv. Anny na Star\u00e9m M\u011bst\u011b). T\u00e9ma z\u016fst\u00e1v\u00e1 stejn\u00e9 z p\u0159edchoz\u00edho ro\u010dn\u00edku, kter\u00fd se nakonec kv\u016fli pandemii koronaviru a s n\u00ed spojen\u00fdmi protiepidemick\u00fdmi opat\u0159en\u00edmi nekonal. \u201eJedn\u00e1 se o probl\u00e9my, kter\u00e9 nejsou na&nbsp;prvn\u00ed pohled viditeln\u00e9, ale nejsou o nic m\u00e9n\u011b z\u00e1va\u017en\u00e9,\u201d popisuje my\u0161lenku t\u00e9matu \u201eNeviditeln\u00e9\u201d vedouc\u00ed programov\u00e9ho t\u00fdmu TEDxPrague Petra \u0160ebov\u00e1 a&nbsp;dod\u00e1v\u00e1, \u017ee n\u011bkter\u00e1 t\u00e9mata \u010dasto lid\u00e9 ani vid\u011bt necht\u011bj\u00ed.<\/p>\n\n\n\n<blockquote class=\"wp-block-quote is-layout-flow wp-block-quote-is-layout-flow\"><p>\u201eN\u011bkdy se ale m\u016f\u017ee jednat i o v\u011bci, kter\u00e9 jsou tak mal\u00e9, \u017ee ani nejsou vid\u011bt, jindy jde o lidi, kte\u0159\u00ed stoj\u00ed v\u00a0pozad\u00ed velk\u00fdch projekt\u016f \u2013 nikdo je nezn\u00e1, p\u0159esto jsou ale velmi d\u016fle\u017eit\u00ed,\u201d nasti\u0148uje mo\u017en\u00e9 okruhy leto\u0161n\u00edch talk\u016f Petra \u0160ebov\u00e1.<\/p><\/blockquote>\n\n\n\n<p>N\u00e1v\u0161t\u011bvn\u00edci se tak letos mohou t\u011b\u0161it na zaj\u00edmav\u00e9 osobnosti, kter\u00e9 stoj\u00ed za obrovsk\u00fdmi \u00fasp\u011bchy a v\u00fdznamn\u00fdmi projekty, i kdy\u017e jste jejich tv\u00e1\u0159e mo\u017en\u00e1 nikdy nevid\u011bli.<\/p><br>\n\n\n\n<figure class=\"wp-block-image size-large\"><img loading=\"lazy\" decoding=\"async\" width=\"1024\" height=\"683\" src=\"https:\/\/www.mzone.cz\/wp-content\/uploads\/2020\/08\/TEDxPrague-1024x683.jpg\" alt=\"TEDxPrague\" class=\"wp-image-23803\" srcset=\"https:\/\/www.mzone.cz\/wp-content\/uploads\/2020\/08\/TEDxPrague-1024x683.jpg 1024w, https:\/\/www.mzone.cz\/wp-content\/uploads\/2020\/08\/TEDxPrague-300x200.jpg 300w, https:\/\/www.mzone.cz\/wp-content\/uploads\/2020\/08\/TEDxPrague-768x512.jpg 768w, https:\/\/www.mzone.cz\/wp-content\/uploads\/2020\/08\/TEDxPrague-800x533.jpg 800w, https:\/\/www.mzone.cz\/wp-content\/uploads\/2020\/08\/TEDxPrague-400x267.jpg 400w, https:\/\/www.mzone.cz\/wp-content\/uploads\/2020\/08\/TEDxPrague-500x333.jpg 500w, https:\/\/www.mzone.cz\/wp-content\/uploads\/2020\/08\/TEDxPrague-590x393.jpg 590w, https:\/\/www.mzone.cz\/wp-content\/uploads\/2020\/08\/TEDxPrague.jpg 1107w\" sizes=\"auto, (max-width: 1024px) 100vw, 1024px\" \/><\/figure><br>\n\n\n\n<p>V\u00fdb\u011br \u0159e\u010dnic a \u0159e\u010dn\u00edk\u016f bude stejn\u011b jako v minul\u00fdch letech st\u00e1t za to, a to navzdory tomu, \u017ee organiz\u00e1to\u0159i m\u011bli letos na p\u0159\u00edpravu m\u00e9n\u011b \u010dasu ne\u017e obvykle:<\/p>\n\n\n\n<blockquote class=\"wp-block-quote is-layout-flow wp-block-quote-is-layout-flow\"><p>\u201ePo lo\u0148sk\u00e9 zku\u0161enosti jsme s rozhodnut\u00edm o kon\u00e1n\u00ed akce \u010dekali co mo\u017en\u00e1 nejd\u00e9le. Jsem ale opravdu r\u00e1d, \u017ee jsme se nakonec rozhodli do toho j\u00edt a v\u011b\u0159\u00edm, \u017ee i p\u0159es \u0161ibeni\u010dn\u00ed term\u00edn pro organiza\u010dn\u00ed t\u00fdm bude leto\u0161n\u00ed TEDxPrague st\u00e1t jako v\u017edycky za to,\u201d \u0159\u00edk\u00e1 n\u00e1\u010deln\u00edk TEDxPrague Ji\u0159\u00ed Vodi\u010dka.<\/p><\/blockquote>\n\n\n\n<p>Vstupenky na TEDxPrague 2021 s t\u00e9matem \u201eNeviditeln\u00e9\u201c bude mo\u017en\u00e9 zakoupit od 4. \u0159\u00edjna prost\u0159ednictv\u00edm <a href=\"https:\/\/goout.net\/cs\/\" target=\"_blank\" rel=\"noreferrer noopener\">GoOut<\/a>, kapacita akce je omezen\u00e1 na 300 n\u00e1v\u0161t\u011bvn\u00edk\u016f. B\u011bhem akce bude pro v\u0161echny n\u00e1v\u0161t\u011bvn\u00edky povinn\u00e9 dodr\u017eovat aktu\u00e1ln\u00ed platn\u00e1 protiepidemick\u00e1 opat\u0159en\u00ed.<\/p><br>\n\n\n\n<p>TEDx je neziskov\u00e1 iniciativa, jej\u00edm\u017e centrem jsou \u201cmy\u0161lenky hodn\u00e9 \u0161\u00ed\u0159en\u00ed\u201d \u2013 sd\u00edlen\u00ed podn\u011btn\u00fdch n\u00e1pad\u016f a p\u0159\u00edb\u011bh\u016f. TEDxPrague vznikl v roce 2009 inspirov\u00e1n TED a\u00a0pod jeho licenc\u00ed. D\u00edky tomu je sou\u010d\u00e1st\u00ed celosv\u011btov\u00e9ho hnut\u00ed TEDx.<\/p><br>\n\n\n\n<div class=\"wp-block-media-text alignwide is-stacked-on-mobile is-vertically-aligned-top\" style=\"grid-template-columns:23% auto\"><figure class=\"wp-block-media-text__media\"><a href=\"https:\/\/www.mzone.cz\/tedxprague-se-odsouva-na-neurcito-tema-neviditelne-zustava\/\"><img loading=\"lazy\" decoding=\"async\" width=\"1024\" height=\"683\" src=\"https:\/\/www.mzone.cz\/wp-content\/uploads\/2020\/09\/49044269716_00014ee6e8_o-1024x683.jpg\" alt=\"\" class=\"wp-image-24405 size-full\" srcset=\"https:\/\/www.mzone.cz\/wp-content\/uploads\/2020\/09\/49044269716_00014ee6e8_o-1024x683.jpg 1024w, https:\/\/www.mzone.cz\/wp-content\/uploads\/2020\/09\/49044269716_00014ee6e8_o-300x200.jpg 300w, https:\/\/www.mzone.cz\/wp-content\/uploads\/2020\/09\/49044269716_00014ee6e8_o-768x512.jpg 768w, https:\/\/www.mzone.cz\/wp-content\/uploads\/2020\/09\/49044269716_00014ee6e8_o-800x533.jpg 800w, https:\/\/www.mzone.cz\/wp-content\/uploads\/2020\/09\/49044269716_00014ee6e8_o-400x267.jpg 400w, https:\/\/www.mzone.cz\/wp-content\/uploads\/2020\/09\/49044269716_00014ee6e8_o-500x333.jpg 500w, https:\/\/www.mzone.cz\/wp-content\/uploads\/2020\/09\/49044269716_00014ee6e8_o-1170x780.jpg 1170w, https:\/\/www.mzone.cz\/wp-content\/uploads\/2020\/09\/49044269716_00014ee6e8_o-590x393.jpg 590w, https:\/\/www.mzone.cz\/wp-content\/uploads\/2020\/09\/49044269716_00014ee6e8_o.jpg 1443w\" sizes=\"auto, (max-width: 1024px) 100vw, 1024px\" \/><\/a><\/figure><div class=\"wp-block-media-text__content\">\n<h4><a href=\"https:\/\/www.mzone.cz\/tedxprague-se-odsouva-na-neurcito-tema-neviditelne-zustava\/\">Leto\u0161n\u00ed TEDx se odsouv\u00e1 na neur\u010dito, t\u00e9ma \u201eNeviditeln\u00e9\u201d z\u016fst\u00e1v\u00e1<\/a><\/h4><br>\n<\/div><\/div>\n\n\n\n<p><\/p>","protected":false},"excerpt":{"rendered":"<p>Podzim a TEDxPrague pat\u0159\u00ed neodmysliteln\u011b k sob\u011b. Lo\u0148sk\u00fd rok tuto tradici p\u0159eru\u0161ila celosv\u011btov\u00e1 pandemie koronaviru, letos se ale TEDxPrague vrac\u00ed v pln\u00e9 s\u00edle. T\u00e9matem leto\u0161n\u00edho \u201epocovidov\u00e9ho\u201d ro\u010dn\u00edku z\u016fst\u00e1v\u00e1 v\u0161e \u201eNeviditeln\u00e9\u201d. TEDxPrague se letos uskute\u010dn\u00ed po ro\u010dn\u00ed pauze v sobotu 6. listopadu od dopoledn\u00edch hodin v prostor\u00e1ch Pra\u017esk\u00e9 k\u0159i\u017eovatky (kostel sv. Anny na Star\u00e9m M\u011bst\u011b). T\u00e9ma [&hellip;]<\/p>\n","protected":false},"author":4,"featured_media":19598,"comment_status":"open","ping_status":"closed","sticky":false,"template":"","format":"standard","meta":{"kk_blocks_editor_width":"","_kiokenblocks_attr":"","_kiokenblocks_dimensions":"","footnotes":""},"categories":[25],"tags":[147,4108,1283,363,4111,490,1279,3621],"class_list":["post-33764","post","type-post","status-publish","format-standard","has-post-thumbnail","hentry","category-style","tag-akce","tag-event","tag-konference","tag-praha","tag-recnici","tag-style","tag-tedx","tag-tedxprague"],"yoast_head":"<!-- This site is optimized with the Yoast SEO plugin v27.5 - https:\/\/yoast.com\/product\/yoast-seo-wordpress\/ -->\n<title>Po ro\u010dn\u00ed pauze se bude op\u011bt konat TEDxPrague! T\u00e9ma z\u016fst\u00e1v\u00e1 \u201eneviditeln\u00e9\u201d - Mzone<\/title>\n<meta name=\"description\" content=\"Podzim a TEDxPrague pat\u0159\u00ed neodmysliteln\u011b k sob\u011b. Lo\u0148sk\u00fd rok tuto tradici p\u0159eru\u0161ila celosv\u011btov\u00e1 pandemie koronaviru, letos se ale TEDxPrague vrac\u00ed v pln\u00e9 s\u00edle. T\u00e9matem leto\u0161n\u00edho \u201epocovidov\u00e9ho\u201d ro\u010dn\u00edku z\u016fst\u00e1v\u00e1 v\u0161e \u201eNeviditeln\u00e9\u201d.\" \/>\n<meta name=\"robots\" content=\"index, follow, max-snippet:-1, max-image-preview:large, max-video-preview:-1\" \/>\n<link rel=\"canonical\" href=\"https:\/\/www.mzone.cz\/en\/tedxprague-letos-bude-tema-zustava-neviditelne\/\" \/>\n<meta property=\"og:locale\" content=\"en_US\" \/>\n<meta property=\"og:type\" content=\"article\" \/>\n<meta property=\"og:title\" content=\"Po ro\u010dn\u00ed pauze se bude op\u011bt konat TEDxPrague! T\u00e9ma z\u016fst\u00e1v\u00e1 \u201eneviditeln\u00e9\u201d - Mzone\" \/>\n<meta property=\"og:description\" content=\"Podzim a TEDxPrague pat\u0159\u00ed neodmysliteln\u011b k sob\u011b. Lo\u0148sk\u00fd rok tuto tradici p\u0159eru\u0161ila celosv\u011btov\u00e1 pandemie koronaviru, letos se ale TEDxPrague vrac\u00ed v pln\u00e9 s\u00edle. T\u00e9matem leto\u0161n\u00edho \u201epocovidov\u00e9ho\u201d ro\u010dn\u00edku z\u016fst\u00e1v\u00e1 v\u0161e \u201eNeviditeln\u00e9\u201d.\" \/>\n<meta property=\"og:url\" content=\"https:\/\/www.mzone.cz\/en\/tedxprague-letos-bude-tema-zustava-neviditelne\/\" \/>\n<meta property=\"og:site_name\" content=\"Mzone\" \/>\n<meta property=\"article:publisher\" content=\"https:\/\/www.facebook.com\/MzoneCZ\/\" \/>\n<meta property=\"article:published_time\" content=\"2021-09-27T03:00:00+00:00\" \/>\n<meta property=\"og:image\" content=\"https:\/\/www.mzone.cz\/wp-content\/uploads\/2020\/03\/TEDxPrague.jpg\" \/>\n\t<meta property=\"og:image:width\" content=\"1781\" \/>\n\t<meta property=\"og:image:height\" content=\"1187\" \/>\n\t<meta property=\"og:image:type\" content=\"image\/jpeg\" \/>\n<meta name=\"author\" content=\"Mzone\" \/>\n<meta name=\"twitter:card\" content=\"summary_large_image\" \/>\n<meta name=\"twitter:label1\" content=\"Written by\" \/>\n\t<meta name=\"twitter:data1\" content=\"Mzone\" \/>\n\t<meta name=\"twitter:label2\" content=\"Est. reading time\" \/>\n\t<meta name=\"twitter:data2\" content=\"2 minutes\" \/>\n<script type=\"application\/ld+json\" class=\"yoast-schema-graph\">{\"@context\":\"https:\\\/\\\/schema.org\",\"@graph\":[{\"@type\":\"Article\",\"@id\":\"https:\\\/\\\/www.mzone.cz\\\/tedxprague-letos-bude-tema-zustava-neviditelne\\\/#article\",\"isPartOf\":{\"@id\":\"https:\\\/\\\/www.mzone.cz\\\/tedxprague-letos-bude-tema-zustava-neviditelne\\\/\"},\"author\":{\"name\":\"Mzone\",\"@id\":\"https:\\\/\\\/www.mzone.cz\\\/#\\\/schema\\\/person\\\/9bc20cc422a99cac4af6ff9297da32d4\"},\"headline\":\"Po ro\u010dn\u00ed pauze se bude op\u011bt konat TEDxPrague! T\u00e9ma z\u016fst\u00e1v\u00e1 \u201eneviditeln\u00e9\u201d\",\"datePublished\":\"2021-09-27T03:00:00+00:00\",\"mainEntityOfPage\":{\"@id\":\"https:\\\/\\\/www.mzone.cz\\\/tedxprague-letos-bude-tema-zustava-neviditelne\\\/\"},\"wordCount\":479,\"commentCount\":0,\"image\":{\"@id\":\"https:\\\/\\\/www.mzone.cz\\\/tedxprague-letos-bude-tema-zustava-neviditelne\\\/#primaryimage\"},\"thumbnailUrl\":\"https:\\\/\\\/www.mzone.cz\\\/wp-content\\\/uploads\\\/2020\\\/03\\\/TEDxPrague.jpg\",\"keywords\":[\"akce\",\"event\",\"konference\",\"Praha\",\"\u0159e\u010dn\u00edci\",\"style\",\"TEDx\",\"TEDxPrague\"],\"articleSection\":[\"Style\"],\"inLanguage\":\"en-US\",\"potentialAction\":[{\"@type\":\"CommentAction\",\"name\":\"Comment\",\"target\":[\"https:\\\/\\\/www.mzone.cz\\\/tedxprague-letos-bude-tema-zustava-neviditelne\\\/#respond\"]}]},{\"@type\":\"WebPage\",\"@id\":\"https:\\\/\\\/www.mzone.cz\\\/tedxprague-letos-bude-tema-zustava-neviditelne\\\/\",\"url\":\"https:\\\/\\\/www.mzone.cz\\\/tedxprague-letos-bude-tema-zustava-neviditelne\\\/\",\"name\":\"Po ro\u010dn\u00ed pauze se bude op\u011bt konat TEDxPrague! T\u00e9ma z\u016fst\u00e1v\u00e1 \u201eneviditeln\u00e9\u201d - Mzone\",\"isPartOf\":{\"@id\":\"https:\\\/\\\/www.mzone.cz\\\/#website\"},\"primaryImageOfPage\":{\"@id\":\"https:\\\/\\\/www.mzone.cz\\\/tedxprague-letos-bude-tema-zustava-neviditelne\\\/#primaryimage\"},\"image\":{\"@id\":\"https:\\\/\\\/www.mzone.cz\\\/tedxprague-letos-bude-tema-zustava-neviditelne\\\/#primaryimage\"},\"thumbnailUrl\":\"https:\\\/\\\/www.mzone.cz\\\/wp-content\\\/uploads\\\/2020\\\/03\\\/TEDxPrague.jpg\",\"datePublished\":\"2021-09-27T03:00:00+00:00\",\"author\":{\"@id\":\"https:\\\/\\\/www.mzone.cz\\\/#\\\/schema\\\/person\\\/9bc20cc422a99cac4af6ff9297da32d4\"},\"description\":\"Podzim a TEDxPrague pat\u0159\u00ed neodmysliteln\u011b k sob\u011b. Lo\u0148sk\u00fd rok tuto tradici p\u0159eru\u0161ila celosv\u011btov\u00e1 pandemie koronaviru, letos se ale TEDxPrague vrac\u00ed v pln\u00e9 s\u00edle. T\u00e9matem leto\u0161n\u00edho \u201epocovidov\u00e9ho\u201d ro\u010dn\u00edku z\u016fst\u00e1v\u00e1 v\u0161e \u201eNeviditeln\u00e9\u201d.\",\"breadcrumb\":{\"@id\":\"https:\\\/\\\/www.mzone.cz\\\/tedxprague-letos-bude-tema-zustava-neviditelne\\\/#breadcrumb\"},\"inLanguage\":\"en-US\",\"potentialAction\":[{\"@type\":\"ReadAction\",\"target\":[\"https:\\\/\\\/www.mzone.cz\\\/tedxprague-letos-bude-tema-zustava-neviditelne\\\/\"]}]},{\"@type\":\"ImageObject\",\"inLanguage\":\"en-US\",\"@id\":\"https:\\\/\\\/www.mzone.cz\\\/tedxprague-letos-bude-tema-zustava-neviditelne\\\/#primaryimage\",\"url\":\"https:\\\/\\\/www.mzone.cz\\\/wp-content\\\/uploads\\\/2020\\\/03\\\/TEDxPrague.jpg\",\"contentUrl\":\"https:\\\/\\\/www.mzone.cz\\\/wp-content\\\/uploads\\\/2020\\\/03\\\/TEDxPrague.jpg\",\"width\":1781,\"height\":1187},{\"@type\":\"BreadcrumbList\",\"@id\":\"https:\\\/\\\/www.mzone.cz\\\/tedxprague-letos-bude-tema-zustava-neviditelne\\\/#breadcrumb\",\"itemListElement\":[{\"@type\":\"ListItem\",\"position\":1,\"name\":\"Dom\u016f\",\"item\":\"https:\\\/\\\/www.mzone.cz\\\/\"},{\"@type\":\"ListItem\",\"position\":2,\"name\":\"Po ro\u010dn\u00ed pauze se bude op\u011bt konat TEDxPrague! T\u00e9ma z\u016fst\u00e1v\u00e1 \u201eneviditeln\u00e9\u201d\"}]},{\"@type\":\"WebSite\",\"@id\":\"https:\\\/\\\/www.mzone.cz\\\/#website\",\"url\":\"https:\\\/\\\/www.mzone.cz\\\/\",\"name\":\"Mzone\",\"description\":\"Magaz\u00edn nejen pro mu\u017ee\",\"potentialAction\":[{\"@type\":\"SearchAction\",\"target\":{\"@type\":\"EntryPoint\",\"urlTemplate\":\"https:\\\/\\\/www.mzone.cz\\\/?s={search_term_string}\"},\"query-input\":{\"@type\":\"PropertyValueSpecification\",\"valueRequired\":true,\"valueName\":\"search_term_string\"}}],\"inLanguage\":\"en-US\"},{\"@type\":\"Person\",\"@id\":\"https:\\\/\\\/www.mzone.cz\\\/#\\\/schema\\\/person\\\/9bc20cc422a99cac4af6ff9297da32d4\",\"name\":\"Mzone\",\"image\":{\"@type\":\"ImageObject\",\"inLanguage\":\"en-US\",\"@id\":\"https:\\\/\\\/secure.gravatar.com\\\/avatar\\\/e780a8630f3182a3d06dd667ab6bea151a0d155b0951bc15fe22633acdac0676?s=96&d=mm&r=g\",\"url\":\"https:\\\/\\\/secure.gravatar.com\\\/avatar\\\/e780a8630f3182a3d06dd667ab6bea151a0d155b0951bc15fe22633acdac0676?s=96&d=mm&r=g\",\"contentUrl\":\"https:\\\/\\\/secure.gravatar.com\\\/avatar\\\/e780a8630f3182a3d06dd667ab6bea151a0d155b0951bc15fe22633acdac0676?s=96&d=mm&r=g\",\"caption\":\"Mzone\"},\"url\":\"https:\\\/\\\/www.mzone.cz\\\/en\\\/author\\\/jakub\\\/\"}]}<\/script>\n<!-- \/ Yoast SEO plugin. -->","yoast_head_json":{"title":"Po ro\u010dn\u00ed pauze se bude op\u011bt konat TEDxPrague! T\u00e9ma z\u016fst\u00e1v\u00e1 \u201eneviditeln\u00e9\u201d - Mzone","description":"Podzim a TEDxPrague pat\u0159\u00ed neodmysliteln\u011b k sob\u011b. Lo\u0148sk\u00fd rok tuto tradici p\u0159eru\u0161ila celosv\u011btov\u00e1 pandemie koronaviru, letos se ale TEDxPrague vrac\u00ed v pln\u00e9 s\u00edle. T\u00e9matem leto\u0161n\u00edho \u201epocovidov\u00e9ho\u201d ro\u010dn\u00edku z\u016fst\u00e1v\u00e1 v\u0161e \u201eNeviditeln\u00e9\u201d.","robots":{"index":"index","follow":"follow","max-snippet":"max-snippet:-1","max-image-preview":"max-image-preview:large","max-video-preview":"max-video-preview:-1"},"canonical":"https:\/\/www.mzone.cz\/en\/tedxprague-letos-bude-tema-zustava-neviditelne\/","og_locale":"en_US","og_type":"article","og_title":"Po ro\u010dn\u00ed pauze se bude op\u011bt konat TEDxPrague! T\u00e9ma z\u016fst\u00e1v\u00e1 \u201eneviditeln\u00e9\u201d - Mzone","og_description":"Podzim a TEDxPrague pat\u0159\u00ed neodmysliteln\u011b k sob\u011b. Lo\u0148sk\u00fd rok tuto tradici p\u0159eru\u0161ila celosv\u011btov\u00e1 pandemie koronaviru, letos se ale TEDxPrague vrac\u00ed v pln\u00e9 s\u00edle. T\u00e9matem leto\u0161n\u00edho \u201epocovidov\u00e9ho\u201d ro\u010dn\u00edku z\u016fst\u00e1v\u00e1 v\u0161e \u201eNeviditeln\u00e9\u201d.","og_url":"https:\/\/www.mzone.cz\/en\/tedxprague-letos-bude-tema-zustava-neviditelne\/","og_site_name":"Mzone","article_publisher":"https:\/\/www.facebook.com\/MzoneCZ\/","article_published_time":"2021-09-27T03:00:00+00:00","og_image":[{"width":1781,"height":1187,"url":"https:\/\/www.mzone.cz\/wp-content\/uploads\/2020\/03\/TEDxPrague.jpg","type":"image\/jpeg"}],"author":"Mzone","twitter_card":"summary_large_image","twitter_misc":{"Written by":"Mzone","Est. reading time":"2 minutes"},"schema":{"@context":"https:\/\/schema.org","@graph":[{"@type":"Article","@id":"https:\/\/www.mzone.cz\/tedxprague-letos-bude-tema-zustava-neviditelne\/#article","isPartOf":{"@id":"https:\/\/www.mzone.cz\/tedxprague-letos-bude-tema-zustava-neviditelne\/"},"author":{"name":"Mzone","@id":"https:\/\/www.mzone.cz\/#\/schema\/person\/9bc20cc422a99cac4af6ff9297da32d4"},"headline":"Po ro\u010dn\u00ed pauze se bude op\u011bt konat TEDxPrague! T\u00e9ma z\u016fst\u00e1v\u00e1 \u201eneviditeln\u00e9\u201d","datePublished":"2021-09-27T03:00:00+00:00","mainEntityOfPage":{"@id":"https:\/\/www.mzone.cz\/tedxprague-letos-bude-tema-zustava-neviditelne\/"},"wordCount":479,"commentCount":0,"image":{"@id":"https:\/\/www.mzone.cz\/tedxprague-letos-bude-tema-zustava-neviditelne\/#primaryimage"},"thumbnailUrl":"https:\/\/www.mzone.cz\/wp-content\/uploads\/2020\/03\/TEDxPrague.jpg","keywords":["akce","event","konference","Praha","\u0159e\u010dn\u00edci","style","TEDx","TEDxPrague"],"articleSection":["Style"],"inLanguage":"en-US","potentialAction":[{"@type":"CommentAction","name":"Comment","target":["https:\/\/www.mzone.cz\/tedxprague-letos-bude-tema-zustava-neviditelne\/#respond"]}]},{"@type":"WebPage","@id":"https:\/\/www.mzone.cz\/tedxprague-letos-bude-tema-zustava-neviditelne\/","url":"https:\/\/www.mzone.cz\/tedxprague-letos-bude-tema-zustava-neviditelne\/","name":"Po ro\u010dn\u00ed pauze se bude op\u011bt konat TEDxPrague! T\u00e9ma z\u016fst\u00e1v\u00e1 \u201eneviditeln\u00e9\u201d - Mzone","isPartOf":{"@id":"https:\/\/www.mzone.cz\/#website"},"primaryImageOfPage":{"@id":"https:\/\/www.mzone.cz\/tedxprague-letos-bude-tema-zustava-neviditelne\/#primaryimage"},"image":{"@id":"https:\/\/www.mzone.cz\/tedxprague-letos-bude-tema-zustava-neviditelne\/#primaryimage"},"thumbnailUrl":"https:\/\/www.mzone.cz\/wp-content\/uploads\/2020\/03\/TEDxPrague.jpg","datePublished":"2021-09-27T03:00:00+00:00","author":{"@id":"https:\/\/www.mzone.cz\/#\/schema\/person\/9bc20cc422a99cac4af6ff9297da32d4"},"description":"Podzim a TEDxPrague pat\u0159\u00ed neodmysliteln\u011b k sob\u011b. Lo\u0148sk\u00fd rok tuto tradici p\u0159eru\u0161ila celosv\u011btov\u00e1 pandemie koronaviru, letos se ale TEDxPrague vrac\u00ed v pln\u00e9 s\u00edle. T\u00e9matem leto\u0161n\u00edho \u201epocovidov\u00e9ho\u201d ro\u010dn\u00edku z\u016fst\u00e1v\u00e1 v\u0161e \u201eNeviditeln\u00e9\u201d.","breadcrumb":{"@id":"https:\/\/www.mzone.cz\/tedxprague-letos-bude-tema-zustava-neviditelne\/#breadcrumb"},"inLanguage":"en-US","potentialAction":[{"@type":"ReadAction","target":["https:\/\/www.mzone.cz\/tedxprague-letos-bude-tema-zustava-neviditelne\/"]}]},{"@type":"ImageObject","inLanguage":"en-US","@id":"https:\/\/www.mzone.cz\/tedxprague-letos-bude-tema-zustava-neviditelne\/#primaryimage","url":"https:\/\/www.mzone.cz\/wp-content\/uploads\/2020\/03\/TEDxPrague.jpg","contentUrl":"https:\/\/www.mzone.cz\/wp-content\/uploads\/2020\/03\/TEDxPrague.jpg","width":1781,"height":1187},{"@type":"BreadcrumbList","@id":"https:\/\/www.mzone.cz\/tedxprague-letos-bude-tema-zustava-neviditelne\/#breadcrumb","itemListElement":[{"@type":"ListItem","position":1,"name":"Dom\u016f","item":"https:\/\/www.mzone.cz\/"},{"@type":"ListItem","position":2,"name":"Po ro\u010dn\u00ed pauze se bude op\u011bt konat TEDxPrague! T\u00e9ma z\u016fst\u00e1v\u00e1 \u201eneviditeln\u00e9\u201d"}]},{"@type":"WebSite","@id":"https:\/\/www.mzone.cz\/#website","url":"https:\/\/www.mzone.cz\/","name":"Mzone","description":"Magaz\u00edn nejen pro mu\u017ee","potentialAction":[{"@type":"SearchAction","target":{"@type":"EntryPoint","urlTemplate":"https:\/\/www.mzone.cz\/?s={search_term_string}"},"query-input":{"@type":"PropertyValueSpecification","valueRequired":true,"valueName":"search_term_string"}}],"inLanguage":"en-US"},{"@type":"Person","@id":"https:\/\/www.mzone.cz\/#\/schema\/person\/9bc20cc422a99cac4af6ff9297da32d4","name":"Mzone","image":{"@type":"ImageObject","inLanguage":"en-US","@id":"https:\/\/secure.gravatar.com\/avatar\/e780a8630f3182a3d06dd667ab6bea151a0d155b0951bc15fe22633acdac0676?s=96&d=mm&r=g","url":"https:\/\/secure.gravatar.com\/avatar\/e780a8630f3182a3d06dd667ab6bea151a0d155b0951bc15fe22633acdac0676?s=96&d=mm&r=g","contentUrl":"https:\/\/secure.gravatar.com\/avatar\/e780a8630f3182a3d06dd667ab6bea151a0d155b0951bc15fe22633acdac0676?s=96&d=mm&r=g","caption":"Mzone"},"url":"https:\/\/www.mzone.cz\/en\/author\/jakub\/"}]}},"_links":{"self":[{"href":"https:\/\/www.mzone.cz\/en\/wp-json\/wp\/v2\/posts\/33764","targetHints":{"allow":["GET"]}}],"collection":[{"href":"https:\/\/www.mzone.cz\/en\/wp-json\/wp\/v2\/posts"}],"about":[{"href":"https:\/\/www.mzone.cz\/en\/wp-json\/wp\/v2\/types\/post"}],"author":[{"embeddable":true,"href":"https:\/\/www.mzone.cz\/en\/wp-json\/wp\/v2\/users\/4"}],"replies":[{"embeddable":true,"href":"https:\/\/www.mzone.cz\/en\/wp-json\/wp\/v2\/comments?post=33764"}],"version-history":[{"count":5,"href":"https:\/\/www.mzone.cz\/en\/wp-json\/wp\/v2\/posts\/33764\/revisions"}],"predecessor-version":[{"id":33772,"href":"https:\/\/www.mzone.cz\/en\/wp-json\/wp\/v2\/posts\/33764\/revisions\/33772"}],"wp:featuredmedia":[{"embeddable":true,"href":"https:\/\/www.mzone.cz\/en\/wp-json\/wp\/v2\/media\/19598"}],"wp:attachment":[{"href":"https:\/\/www.mzone.cz\/en\/wp-json\/wp\/v2\/media?parent=33764"}],"wp:term":[{"taxonomy":"category","embeddable":true,"href":"https:\/\/www.mzone.cz\/en\/wp-json\/wp\/v2\/categories?post=33764"},{"taxonomy":"post_tag","embeddable":true,"href":"https:\/\/www.mzone.cz\/en\/wp-json\/wp\/v2\/tags?post=33764"}],"curies":[{"name":"wp","href":"https:\/\/api.w.org\/{rel}","templated":true}]}}