{"id":34074,"date":"2021-10-13T05:00:00","date_gmt":"2021-10-13T03:00:00","guid":{"rendered":"https:\/\/www.mzone.cz\/?p=34074"},"modified":"2021-10-12T10:34:07","modified_gmt":"2021-10-12T08:34:07","slug":"zatopek-pobezi-za-cesko-do-boje-o-oscara","status":"publish","type":"post","link":"https:\/\/www.mzone.cz\/en\/zatopek-pobezi-za-cesko-do-boje-o-oscara\/","title":{"rendered":"Za \u010cesko pob\u011b\u017e\u00ed do boje o Oscara Z\u00e1topek"},"content":{"rendered":"<p><strong>Kandid\u00e1ta na Oscara za \u010ceskou republiku ka\u017edoro\u010dn\u011b vyb\u00edr\u00e1 \u010cesk\u00e1 filmov\u00e1 a televizn\u00ed akademie (\u010cFTA), kter\u00e1 stoj\u00ed za ud\u00edlen\u00edm cen \u010cesk\u00fd lev. V leto\u0161n\u00edm roce akademici v hlasov\u00e1n\u00ed rozhodli vyslat do boje o Oscara v kategorii Nejlep\u0161\u00ed zahrani\u010dn\u00ed film sn\u00edmek re\u017eis\u00e9ra Davida Ond\u0159\u00ed\u010dka Z\u00e1topek.<\/strong><\/p><br>\n\n\n\n<p>David Ond\u0159\u00ed\u010dek ve filmu, kter\u00fd p\u0159ibli\u017euje \u017eivotn\u00ed p\u0159\u00edb\u011bh \u010desk\u00e9ho olympijsk\u00e9ho \u0161ampi\u00f3na Emila Z\u00e1topka, obsadil do hlavn\u00edch rol\u00ed V\u00e1clava Neu\u017eila a Marthu Issovou. Na sc\u00e9n\u00e1\u0159i Ond\u0159\u00ed\u010dek pracoval spole\u010dn\u011b s Alic\u00ed Nellis a Janem P. Muchowem. Ve sv\u011btov\u00e9 premi\u00e9\u0159e byl Z\u00e1topek uveden na leto\u0161n\u00edm 55. ro\u010dn\u00edku Mezin\u00e1rodn\u00edho festivalu Karlovy Vary.&nbsp;<\/p><br>\n\n\n\n<p>Term\u00edn slavnostn\u00edho ceremoni\u00e1lu v po\u0159ad\u00ed 94. ro\u010dn\u00edku cen americk\u00e9 Akademie filmov\u00e9ho um\u011bn\u00ed a v\u011bd je napl\u00e1nov\u00e1n na 27. b\u0159ezna 2022. Oscarov\u00fd shortlist bude zve\u0159ejn\u011bn 21. prosince 2021 a nominace budou ozn\u00e1meny 8. \u00fanora 2022. Akademici v leto\u0161n\u00edm roce vyb\u00edrali ze 13 \u010desk\u00fdch hran\u00fdch, dokument\u00e1rn\u00edch i animovan\u00fdch film\u016f, kter\u00e9 p\u0159ihl\u00e1sili jejich producenti. Za filmem Z\u00e1topek se um\u00edstily filmy Atlas pt\u00e1k\u016f a My\u0161i pat\u0159\u00ed do nebe (v abecedn\u00edm po\u0159ad\u00ed). Hlasov\u00e1n\u00ed prob\u00edhalo od 27. z\u00e1\u0159\u00ed do 8. \u0159\u00edjna 2021.&nbsp;<\/p>\n\n\n\n<blockquote class=\"wp-block-quote is-layout-flow wp-block-quote-is-layout-flow\"><p>Fascinuj\u00edc\u00ed drama Z\u00e1topek Davida Ond\u0159\u00ed\u010dka p\u0159ibli\u017euje osobnost nejslavn\u011bj\u0161\u00edho \u010desk\u00e9ho atleta v\u0161ech dob a \u010dty\u0159n\u00e1sobn\u00e9ho olympijsk\u00e9ho v\u00edt\u011bze, kter\u00fd dodnes inspiruje tis\u00edce sportovc\u016f po cel\u00e9m sv\u011bt\u011b. P\u0159edstavuje proslul\u00e9ho \u010desk\u00e9ho vytrvalce a oslavovan\u00e9 celebrity sna\u017e\u00edc\u00ed se nal\u00e9zt d\u016fstojnou existenci v politicky komplikovan\u00e9 dob\u011b a z\u00e1rove\u0148 man\u017eela olympijsk\u00e9 v\u00edt\u011bzky Dany Z\u00e1topkov\u00e9.<\/p><\/blockquote>\n\n\n\n<p>\u201e\u017divotn\u00ed p\u0159\u00edb\u011bh Emila Z\u00e1topka byl a je pro m\u011b obrovskou v\u00fdzvou,\u201c \u0159\u00edk\u00e1 re\u017eis\u00e9r David Ond\u0159\u00ed\u010dek a dod\u00e1v\u00e1: \u201eJe to t\u00e9m\u011b\u0159 klasick\u00fd p\u0159\u00edb\u011bh outsidera a v podstat\u011b ne p\u0159\u00edli\u0161 talentovan\u00e9ho sportovce. Z\u00e1rove\u0148 je to p\u0159\u00edb\u011bh \u010dlov\u011bka s ohromnou v\u016fl\u00ed a touhou vyhr\u00e1vat, zarputil\u00e9ho a nezlomn\u00e9ho, kter\u00fd se stal legendou. Osam\u011bl\u00e9ho, p\u0159em\u00fd\u0161liv\u00e9ho b\u011b\u017ece a z\u00e1rove\u0148 vesel\u00e9ho mluvky, kter\u00fd tou\u017e\u00ed po obdivu. Atleta s obrovskou touhou porazit sv\u00e9 soupe\u0159e, pro kter\u00e9ho v\u0161ak bylo p\u0159\u00e1telstv\u00ed v\u00edce ne\u017e v\u00edtezstv\u00ed.\u201c Vedle V\u00e1clava Neu\u017eila a Marthy Issov\u00e9 v rol\u00edch man\u017eel\u016f Z\u00e1topkov\u00fdch obsadil do filmu David Ond\u0159\u00ed\u010dek nap\u0159\u00edklad Jamese Frechevilla, Roberta Miklu\u0161e, Ji\u0159\u00edho \u0160imka nebo Milana Mikul\u010d\u00edka. Na filmu se d\u00e1le pod\u00edleli kameraman \u0160t\u011bp\u00e1n Ku\u010dera, architekt Jan Vlas\u00e1k, st\u0159iha\u010d Jaros\u0142aw Kami\u0144ski \u010di kost\u00fdmn\u00ed v\u00fdtvarnice Kate\u0159ina \u0160tefkov\u00e1. Hudbu k filmu zkomponovala Beata Hlavenkov\u00e1.<\/p><br>\n\n\n\n<figure class=\"wp-block-image size-large\"><img loading=\"lazy\" decoding=\"async\" width=\"1024\" height=\"582\" src=\"https:\/\/www.mzone.cz\/wp-content\/uploads\/2021\/10\/Zatopek_foto-5-1024x582.jpg\" alt=\"Film Z\u00e1topek\" class=\"wp-image-34081\" srcset=\"https:\/\/www.mzone.cz\/wp-content\/uploads\/2021\/10\/Zatopek_foto-5-1024x582.jpg 1024w, https:\/\/www.mzone.cz\/wp-content\/uploads\/2021\/10\/Zatopek_foto-5-300x170.jpg 300w, https:\/\/www.mzone.cz\/wp-content\/uploads\/2021\/10\/Zatopek_foto-5-768x436.jpg 768w, https:\/\/www.mzone.cz\/wp-content\/uploads\/2021\/10\/Zatopek_foto-5-1536x873.jpg 1536w, https:\/\/www.mzone.cz\/wp-content\/uploads\/2021\/10\/Zatopek_foto-5-2048x1164.jpg 2048w, https:\/\/www.mzone.cz\/wp-content\/uploads\/2021\/10\/Zatopek_foto-5-18x10.jpg 18w, https:\/\/www.mzone.cz\/wp-content\/uploads\/2021\/10\/Zatopek_foto-5-590x335.jpg 590w\" sizes=\"auto, (max-width: 1024px) 100vw, 1024px\" \/><\/figure><br>\n\n\n\n<p>David Ond\u0159\u00ed\u010dek pat\u0159\u00ed mezi nej\u00fasp\u011b\u0161n\u011bj\u0161\u00ed sou\u010dasn\u00e9 \u010desk\u00e9 re\u017eis\u00e9ry, v roce 2013 byl mimo jin\u00e9 za\u0159azen americk\u00fdm \u010dasopisem Variety do presti\u017en\u00edho v\u00fdb\u011bru \u201e10 Directors to Watch\u201d. Re\u017eijn\u011b debutoval v roce 1996 filmem \u0160eptej, kter\u00fd se stal druh\u00fdm nejnav\u0161t\u011bvovan\u011bj\u0161\u00edm sn\u00edmkem roku v \u010cR. V roce 1999 zalo\u017eil produk\u010dn\u00ed firmu Lucky Man Films, v jej\u00ed\u017e produkci vznikly jeho dal\u0161\u00ed filmy. Film Samot\u00e1\u0159i (2000), z\u00edskal dv\u011b ceny \u010cesk\u00fd lev, t\u0159i ocen\u011bn\u00ed na MFF v Mannheimu, Heidelbergu, Ceny div\u00e1k\u016f na MFF v Soluni a ve Var\u0161av\u011b. Komedie Jedna ruka netlesk\u00e1 (2003) z\u00edskala dva \u010cesk\u00e9 lvy a st\u0159\u00edbrnou medaili na MFF v Houstonu. Sn\u00edmek Grandhotel (2006) byl vybr\u00e1n do sekce Panorama na Berlinale a ocen\u011bn dv\u011bma \u010cesk\u00fdmi lvy. Drama Ve st\u00ednu (2012) z\u00edskalo 9 v\u00fdro\u010dn\u00edch cen \u010cesk\u00fd lev, v\u010detn\u011b ocen\u011bn\u00ed za nejlep\u0161\u00ed film a nejlep\u0161\u00ed re\u017eii.&nbsp;<\/p>\n\n\n\n<blockquote class=\"wp-block-quote is-layout-flow wp-block-quote-is-layout-flow\"><p>V lo\u0148sk\u00e9m roce do boje o Oscara vyslali akademici drama \u0160arlat\u00e1n Agnieszky Holland, kter\u00e9 se probojovalo do u\u017e\u0161\u00edch nominac\u00ed.<\/p><\/blockquote>\n\n\n\n<p>Od roku 1929, kdy byly \u201eOsca\u0159i\u201c ud\u011blov\u00e1ni poprv\u00e9, se poda\u0159ilo cenu\u00a0za nejlep\u0161\u00ed cizojazy\u010dn\u00fd film z\u00edskat dv\u011bma \u010deskoslovensk\u00fdm a jednomu \u010desk\u00e9mu filmu. V roce 1965 to byl Obchod na korze J\u00e1na K\u00e1d\u00e1ra a Elmara Klose. O dva roky pozd\u011bji zv\u00edt\u011bzily Ost\u0159e sledovan\u00e9 vlaky Ji\u0159\u00edho Menzela a v roce 1996 Kolja Jana Sv\u011br\u00e1ka. \u0160est dal\u0161\u00edch \u010desk\u00fdch film\u016f pak postoupilo do neu\u017e\u0161\u00edch nominac\u00ed: L\u00e1sky jedn\u00e9 plavovl\u00e1sky Milo\u0161e Formana v roce 1966 a Ho\u0159\u00ed m\u00e1 panenko t\u00e9ho\u017e re\u017eis\u00e9ra o dva roky pozd\u011bji. Po druh\u00e9 \u0161el do boje o Oscara Ji\u0159\u00ed Menzel roku 1986 s filmem Vesni\u010dko m\u00e1 st\u0159ediskov\u00e1, naopak svoji prvn\u00ed nominaci z\u00edskal Jan Sv\u011br\u00e1k za Obecnou \u0161kolu v roce 1991. Roku 2000 vyjel do Los Angeles Jan H\u0159ebejk s nominovan\u00fdm filmem Mus\u00edme si pom\u00e1hat a roku 2003 zaujaly akademiky \u017delary Ond\u0159eje Trojana.<\/p><br>\n\n\n\n<div class=\"wp-block-media-text alignwide is-stacked-on-mobile is-vertically-aligned-top\" style=\"grid-template-columns:29% auto\"><figure class=\"wp-block-media-text__media\"><a href=\"https:\/\/www.mzone.cz\/snajdr-miroslav-krobot-nataci-komedii\/\"><img loading=\"lazy\" decoding=\"async\" width=\"1024\" height=\"683\" src=\"https:\/\/www.mzone.cz\/wp-content\/uploads\/2021\/07\/Miroslav-Krobot-Snajdr-1024x683.jpg\" alt=\"Miroslav Krobot - \u0160najdr\" class=\"wp-image-33041 size-full\" srcset=\"https:\/\/www.mzone.cz\/wp-content\/uploads\/2021\/07\/Miroslav-Krobot-Snajdr-1024x683.jpg 1024w, https:\/\/www.mzone.cz\/wp-content\/uploads\/2021\/07\/Miroslav-Krobot-Snajdr-300x200.jpg 300w, https:\/\/www.mzone.cz\/wp-content\/uploads\/2021\/07\/Miroslav-Krobot-Snajdr-768x512.jpg 768w, https:\/\/www.mzone.cz\/wp-content\/uploads\/2021\/07\/Miroslav-Krobot-Snajdr-1536x1024.jpg 1536w, https:\/\/www.mzone.cz\/wp-content\/uploads\/2021\/07\/Miroslav-Krobot-Snajdr-16x12.jpg 16w, https:\/\/www.mzone.cz\/wp-content\/uploads\/2021\/07\/Miroslav-Krobot-Snajdr-800x533.jpg 800w, https:\/\/www.mzone.cz\/wp-content\/uploads\/2021\/07\/Miroslav-Krobot-Snajdr-400x267.jpg 400w, https:\/\/www.mzone.cz\/wp-content\/uploads\/2021\/07\/Miroslav-Krobot-Snajdr-500x333.jpg 500w, https:\/\/www.mzone.cz\/wp-content\/uploads\/2021\/07\/Miroslav-Krobot-Snajdr-1170x780.jpg 1170w, https:\/\/www.mzone.cz\/wp-content\/uploads\/2021\/07\/Miroslav-Krobot-Snajdr-590x393.jpg 590w, https:\/\/www.mzone.cz\/wp-content\/uploads\/2021\/07\/Miroslav-Krobot-Snajdr.jpg 1614w\" sizes=\"auto, (max-width: 1024px) 100vw, 1024px\" \/><\/a><\/figure><div class=\"wp-block-media-text__content\">\n<h4><a href=\"https:\/\/www.mzone.cz\/snajdr-miroslav-krobot-nataci-komedii\/\">Miroslav Krobot nat\u00e1\u010d\u00ed komedii \u0160najdr s Ivou Jan\u017eurovou a Pavlem \u0160im\u010d\u00edkem<\/a><\/h4><br>\n<\/div><\/div>\n\n\n\n<p><\/p>","protected":false},"excerpt":{"rendered":"<p>Kandid\u00e1ta na Oscara za \u010ceskou republiku ka\u017edoro\u010dn\u011b vyb\u00edr\u00e1 \u010cesk\u00e1 filmov\u00e1 a televizn\u00ed akademie (\u010cFTA), kter\u00e1 stoj\u00ed za ud\u00edlen\u00edm cen \u010cesk\u00fd lev. V leto\u0161n\u00edm roce akademici v hlasov\u00e1n\u00ed rozhodli vyslat do boje o Oscara v kategorii Nejlep\u0161\u00ed zahrani\u010dn\u00ed film sn\u00edmek re\u017eis\u00e9ra Davida Ond\u0159\u00ed\u010dka Z\u00e1topek. David Ond\u0159\u00ed\u010dek ve filmu, kter\u00fd p\u0159ibli\u017euje \u017eivotn\u00ed p\u0159\u00edb\u011bh \u010desk\u00e9ho olympijsk\u00e9ho \u0161ampi\u00f3na Emila [&hellip;]<\/p>\n","protected":false},"author":4,"featured_media":34078,"comment_status":"open","ping_status":"closed","sticky":false,"template":"","format":"standard","meta":{"kk_blocks_editor_width":"","_kiokenblocks_attr":"","_kiokenblocks_dimensions":"","footnotes":""},"categories":[73,71],"tags":[2256,541,314,542,31,2789,1347,1343,5189],"class_list":["post-34074","post","type-post","status-publish","format-standard","has-post-thumbnail","hentry","category-filmy","category-kultura","tag-ceny","tag-film","tag-filmy","tag-kinematografie","tag-kultura","tag-nominace","tag-oceneni","tag-oscar","tag-zatopek"],"yoast_head":"<!-- This site is optimized with the Yoast SEO plugin v27.5 - https:\/\/yoast.com\/product\/yoast-seo-wordpress\/ -->\n<title>Za \u010cesko pob\u011b\u017e\u00ed do boje o Oscara Z\u00e1topek - Mzone<\/title>\n<meta name=\"description\" content=\"Kandid\u00e1ta na Oscara za \u010ceskou republiku ka\u017edoro\u010dn\u011b vyb\u00edr\u00e1 \u010cesk\u00e1 filmov\u00e1 a televizn\u00ed akademie (\u010cFTA). V leto\u0161n\u00edm roce akademici v hlasov\u00e1n\u00ed rozhodli vyslat do boje o Oscara v kategorii Nejlep\u0161\u00ed zahrani\u010dn\u00ed film sn\u00edmek re\u017eis\u00e9ra Davida Ond\u0159\u00ed\u010dka Z\u00e1topek.\" \/>\n<meta name=\"robots\" content=\"index, follow, max-snippet:-1, max-image-preview:large, max-video-preview:-1\" \/>\n<link rel=\"canonical\" href=\"https:\/\/www.mzone.cz\/en\/zatopek-pobezi-za-cesko-do-boje-o-oscara\/\" \/>\n<meta property=\"og:locale\" content=\"en_US\" \/>\n<meta property=\"og:type\" content=\"article\" \/>\n<meta property=\"og:title\" content=\"Za \u010cesko pob\u011b\u017e\u00ed do boje o Oscara Z\u00e1topek - Mzone\" \/>\n<meta property=\"og:description\" content=\"Kandid\u00e1ta na Oscara za \u010ceskou republiku ka\u017edoro\u010dn\u011b vyb\u00edr\u00e1 \u010cesk\u00e1 filmov\u00e1 a televizn\u00ed akademie (\u010cFTA). V leto\u0161n\u00edm roce akademici v hlasov\u00e1n\u00ed rozhodli vyslat do boje o Oscara v kategorii Nejlep\u0161\u00ed zahrani\u010dn\u00ed film sn\u00edmek re\u017eis\u00e9ra Davida Ond\u0159\u00ed\u010dka Z\u00e1topek.\" \/>\n<meta property=\"og:url\" content=\"https:\/\/www.mzone.cz\/en\/zatopek-pobezi-za-cesko-do-boje-o-oscara\/\" \/>\n<meta property=\"og:site_name\" content=\"Mzone\" \/>\n<meta property=\"article:publisher\" content=\"https:\/\/www.facebook.com\/MzoneCZ\/\" \/>\n<meta property=\"article:published_time\" content=\"2021-10-13T03:00:00+00:00\" \/>\n<meta property=\"og:image\" content=\"https:\/\/www.mzone.cz\/wp-content\/uploads\/2021\/10\/Zatopek-scaled.jpg\" \/>\n\t<meta property=\"og:image:width\" content=\"2560\" \/>\n\t<meta property=\"og:image:height\" content=\"1707\" \/>\n\t<meta property=\"og:image:type\" content=\"image\/jpeg\" \/>\n<meta name=\"author\" content=\"Mzone\" \/>\n<meta name=\"twitter:card\" content=\"summary_large_image\" \/>\n<meta name=\"twitter:label1\" content=\"Written by\" \/>\n\t<meta name=\"twitter:data1\" content=\"Mzone\" \/>\n\t<meta name=\"twitter:label2\" content=\"Est. reading time\" \/>\n\t<meta name=\"twitter:data2\" content=\"4 minutes\" \/>\n<script type=\"application\/ld+json\" class=\"yoast-schema-graph\">{\"@context\":\"https:\\\/\\\/schema.org\",\"@graph\":[{\"@type\":\"Article\",\"@id\":\"https:\\\/\\\/www.mzone.cz\\\/zatopek-pobezi-za-cesko-do-boje-o-oscara\\\/#article\",\"isPartOf\":{\"@id\":\"https:\\\/\\\/www.mzone.cz\\\/zatopek-pobezi-za-cesko-do-boje-o-oscara\\\/\"},\"author\":{\"name\":\"Mzone\",\"@id\":\"https:\\\/\\\/www.mzone.cz\\\/#\\\/schema\\\/person\\\/9bc20cc422a99cac4af6ff9297da32d4\"},\"headline\":\"Za \u010cesko pob\u011b\u017e\u00ed do boje o Oscara Z\u00e1topek\",\"datePublished\":\"2021-10-13T03:00:00+00:00\",\"mainEntityOfPage\":{\"@id\":\"https:\\\/\\\/www.mzone.cz\\\/zatopek-pobezi-za-cesko-do-boje-o-oscara\\\/\"},\"wordCount\":859,\"commentCount\":0,\"image\":{\"@id\":\"https:\\\/\\\/www.mzone.cz\\\/zatopek-pobezi-za-cesko-do-boje-o-oscara\\\/#primaryimage\"},\"thumbnailUrl\":\"https:\\\/\\\/www.mzone.cz\\\/wp-content\\\/uploads\\\/2021\\\/10\\\/Zatopek-scaled.jpg\",\"keywords\":[\"ceny\",\"film\",\"Filmy\",\"kinematografie\",\"Kultura\",\"nominace\",\"ocen\u011bn\u00ed\",\"Oscar\",\"Z\u00e1topek\"],\"articleSection\":[\"Filmy\",\"Kultura\"],\"inLanguage\":\"en-US\",\"potentialAction\":[{\"@type\":\"CommentAction\",\"name\":\"Comment\",\"target\":[\"https:\\\/\\\/www.mzone.cz\\\/zatopek-pobezi-za-cesko-do-boje-o-oscara\\\/#respond\"]}]},{\"@type\":\"WebPage\",\"@id\":\"https:\\\/\\\/www.mzone.cz\\\/zatopek-pobezi-za-cesko-do-boje-o-oscara\\\/\",\"url\":\"https:\\\/\\\/www.mzone.cz\\\/zatopek-pobezi-za-cesko-do-boje-o-oscara\\\/\",\"name\":\"Za \u010cesko pob\u011b\u017e\u00ed do boje o Oscara Z\u00e1topek - Mzone\",\"isPartOf\":{\"@id\":\"https:\\\/\\\/www.mzone.cz\\\/#website\"},\"primaryImageOfPage\":{\"@id\":\"https:\\\/\\\/www.mzone.cz\\\/zatopek-pobezi-za-cesko-do-boje-o-oscara\\\/#primaryimage\"},\"image\":{\"@id\":\"https:\\\/\\\/www.mzone.cz\\\/zatopek-pobezi-za-cesko-do-boje-o-oscara\\\/#primaryimage\"},\"thumbnailUrl\":\"https:\\\/\\\/www.mzone.cz\\\/wp-content\\\/uploads\\\/2021\\\/10\\\/Zatopek-scaled.jpg\",\"datePublished\":\"2021-10-13T03:00:00+00:00\",\"author\":{\"@id\":\"https:\\\/\\\/www.mzone.cz\\\/#\\\/schema\\\/person\\\/9bc20cc422a99cac4af6ff9297da32d4\"},\"description\":\"Kandid\u00e1ta na Oscara za \u010ceskou republiku ka\u017edoro\u010dn\u011b vyb\u00edr\u00e1 \u010cesk\u00e1 filmov\u00e1 a televizn\u00ed akademie (\u010cFTA). V leto\u0161n\u00edm roce akademici v hlasov\u00e1n\u00ed rozhodli vyslat do boje o Oscara v kategorii Nejlep\u0161\u00ed zahrani\u010dn\u00ed film sn\u00edmek re\u017eis\u00e9ra Davida Ond\u0159\u00ed\u010dka Z\u00e1topek.\",\"breadcrumb\":{\"@id\":\"https:\\\/\\\/www.mzone.cz\\\/zatopek-pobezi-za-cesko-do-boje-o-oscara\\\/#breadcrumb\"},\"inLanguage\":\"en-US\",\"potentialAction\":[{\"@type\":\"ReadAction\",\"target\":[\"https:\\\/\\\/www.mzone.cz\\\/zatopek-pobezi-za-cesko-do-boje-o-oscara\\\/\"]}]},{\"@type\":\"ImageObject\",\"inLanguage\":\"en-US\",\"@id\":\"https:\\\/\\\/www.mzone.cz\\\/zatopek-pobezi-za-cesko-do-boje-o-oscara\\\/#primaryimage\",\"url\":\"https:\\\/\\\/www.mzone.cz\\\/wp-content\\\/uploads\\\/2021\\\/10\\\/Zatopek-scaled.jpg\",\"contentUrl\":\"https:\\\/\\\/www.mzone.cz\\\/wp-content\\\/uploads\\\/2021\\\/10\\\/Zatopek-scaled.jpg\",\"width\":2560,\"height\":1707,\"caption\":\"Z\u00e1topek\"},{\"@type\":\"BreadcrumbList\",\"@id\":\"https:\\\/\\\/www.mzone.cz\\\/zatopek-pobezi-za-cesko-do-boje-o-oscara\\\/#breadcrumb\",\"itemListElement\":[{\"@type\":\"ListItem\",\"position\":1,\"name\":\"Dom\u016f\",\"item\":\"https:\\\/\\\/www.mzone.cz\\\/\"},{\"@type\":\"ListItem\",\"position\":2,\"name\":\"Za \u010cesko pob\u011b\u017e\u00ed do boje o Oscara Z\u00e1topek\"}]},{\"@type\":\"WebSite\",\"@id\":\"https:\\\/\\\/www.mzone.cz\\\/#website\",\"url\":\"https:\\\/\\\/www.mzone.cz\\\/\",\"name\":\"Mzone\",\"description\":\"Magaz\u00edn nejen pro mu\u017ee\",\"potentialAction\":[{\"@type\":\"SearchAction\",\"target\":{\"@type\":\"EntryPoint\",\"urlTemplate\":\"https:\\\/\\\/www.mzone.cz\\\/?s={search_term_string}\"},\"query-input\":{\"@type\":\"PropertyValueSpecification\",\"valueRequired\":true,\"valueName\":\"search_term_string\"}}],\"inLanguage\":\"en-US\"},{\"@type\":\"Person\",\"@id\":\"https:\\\/\\\/www.mzone.cz\\\/#\\\/schema\\\/person\\\/9bc20cc422a99cac4af6ff9297da32d4\",\"name\":\"Mzone\",\"image\":{\"@type\":\"ImageObject\",\"inLanguage\":\"en-US\",\"@id\":\"https:\\\/\\\/secure.gravatar.com\\\/avatar\\\/e780a8630f3182a3d06dd667ab6bea151a0d155b0951bc15fe22633acdac0676?s=96&d=mm&r=g\",\"url\":\"https:\\\/\\\/secure.gravatar.com\\\/avatar\\\/e780a8630f3182a3d06dd667ab6bea151a0d155b0951bc15fe22633acdac0676?s=96&d=mm&r=g\",\"contentUrl\":\"https:\\\/\\\/secure.gravatar.com\\\/avatar\\\/e780a8630f3182a3d06dd667ab6bea151a0d155b0951bc15fe22633acdac0676?s=96&d=mm&r=g\",\"caption\":\"Mzone\"},\"url\":\"https:\\\/\\\/www.mzone.cz\\\/en\\\/author\\\/jakub\\\/\"}]}<\/script>\n<!-- \/ Yoast SEO plugin. -->","yoast_head_json":{"title":"Za \u010cesko pob\u011b\u017e\u00ed do boje o Oscara Z\u00e1topek - Mzone","description":"Kandid\u00e1ta na Oscara za \u010ceskou republiku ka\u017edoro\u010dn\u011b vyb\u00edr\u00e1 \u010cesk\u00e1 filmov\u00e1 a televizn\u00ed akademie (\u010cFTA). V leto\u0161n\u00edm roce akademici v hlasov\u00e1n\u00ed rozhodli vyslat do boje o Oscara v kategorii Nejlep\u0161\u00ed zahrani\u010dn\u00ed film sn\u00edmek re\u017eis\u00e9ra Davida Ond\u0159\u00ed\u010dka Z\u00e1topek.","robots":{"index":"index","follow":"follow","max-snippet":"max-snippet:-1","max-image-preview":"max-image-preview:large","max-video-preview":"max-video-preview:-1"},"canonical":"https:\/\/www.mzone.cz\/en\/zatopek-pobezi-za-cesko-do-boje-o-oscara\/","og_locale":"en_US","og_type":"article","og_title":"Za \u010cesko pob\u011b\u017e\u00ed do boje o Oscara Z\u00e1topek - Mzone","og_description":"Kandid\u00e1ta na Oscara za \u010ceskou republiku ka\u017edoro\u010dn\u011b vyb\u00edr\u00e1 \u010cesk\u00e1 filmov\u00e1 a televizn\u00ed akademie (\u010cFTA). V leto\u0161n\u00edm roce akademici v hlasov\u00e1n\u00ed rozhodli vyslat do boje o Oscara v kategorii Nejlep\u0161\u00ed zahrani\u010dn\u00ed film sn\u00edmek re\u017eis\u00e9ra Davida Ond\u0159\u00ed\u010dka Z\u00e1topek.","og_url":"https:\/\/www.mzone.cz\/en\/zatopek-pobezi-za-cesko-do-boje-o-oscara\/","og_site_name":"Mzone","article_publisher":"https:\/\/www.facebook.com\/MzoneCZ\/","article_published_time":"2021-10-13T03:00:00+00:00","og_image":[{"width":2560,"height":1707,"url":"https:\/\/www.mzone.cz\/wp-content\/uploads\/2021\/10\/Zatopek-scaled.jpg","type":"image\/jpeg"}],"author":"Mzone","twitter_card":"summary_large_image","twitter_misc":{"Written by":"Mzone","Est. reading time":"4 minutes"},"schema":{"@context":"https:\/\/schema.org","@graph":[{"@type":"Article","@id":"https:\/\/www.mzone.cz\/zatopek-pobezi-za-cesko-do-boje-o-oscara\/#article","isPartOf":{"@id":"https:\/\/www.mzone.cz\/zatopek-pobezi-za-cesko-do-boje-o-oscara\/"},"author":{"name":"Mzone","@id":"https:\/\/www.mzone.cz\/#\/schema\/person\/9bc20cc422a99cac4af6ff9297da32d4"},"headline":"Za \u010cesko pob\u011b\u017e\u00ed do boje o Oscara Z\u00e1topek","datePublished":"2021-10-13T03:00:00+00:00","mainEntityOfPage":{"@id":"https:\/\/www.mzone.cz\/zatopek-pobezi-za-cesko-do-boje-o-oscara\/"},"wordCount":859,"commentCount":0,"image":{"@id":"https:\/\/www.mzone.cz\/zatopek-pobezi-za-cesko-do-boje-o-oscara\/#primaryimage"},"thumbnailUrl":"https:\/\/www.mzone.cz\/wp-content\/uploads\/2021\/10\/Zatopek-scaled.jpg","keywords":["ceny","film","Filmy","kinematografie","Kultura","nominace","ocen\u011bn\u00ed","Oscar","Z\u00e1topek"],"articleSection":["Filmy","Kultura"],"inLanguage":"en-US","potentialAction":[{"@type":"CommentAction","name":"Comment","target":["https:\/\/www.mzone.cz\/zatopek-pobezi-za-cesko-do-boje-o-oscara\/#respond"]}]},{"@type":"WebPage","@id":"https:\/\/www.mzone.cz\/zatopek-pobezi-za-cesko-do-boje-o-oscara\/","url":"https:\/\/www.mzone.cz\/zatopek-pobezi-za-cesko-do-boje-o-oscara\/","name":"Za \u010cesko pob\u011b\u017e\u00ed do boje o Oscara Z\u00e1topek - Mzone","isPartOf":{"@id":"https:\/\/www.mzone.cz\/#website"},"primaryImageOfPage":{"@id":"https:\/\/www.mzone.cz\/zatopek-pobezi-za-cesko-do-boje-o-oscara\/#primaryimage"},"image":{"@id":"https:\/\/www.mzone.cz\/zatopek-pobezi-za-cesko-do-boje-o-oscara\/#primaryimage"},"thumbnailUrl":"https:\/\/www.mzone.cz\/wp-content\/uploads\/2021\/10\/Zatopek-scaled.jpg","datePublished":"2021-10-13T03:00:00+00:00","author":{"@id":"https:\/\/www.mzone.cz\/#\/schema\/person\/9bc20cc422a99cac4af6ff9297da32d4"},"description":"Kandid\u00e1ta na Oscara za \u010ceskou republiku ka\u017edoro\u010dn\u011b vyb\u00edr\u00e1 \u010cesk\u00e1 filmov\u00e1 a televizn\u00ed akademie (\u010cFTA). V leto\u0161n\u00edm roce akademici v hlasov\u00e1n\u00ed rozhodli vyslat do boje o Oscara v kategorii Nejlep\u0161\u00ed zahrani\u010dn\u00ed film sn\u00edmek re\u017eis\u00e9ra Davida Ond\u0159\u00ed\u010dka Z\u00e1topek.","breadcrumb":{"@id":"https:\/\/www.mzone.cz\/zatopek-pobezi-za-cesko-do-boje-o-oscara\/#breadcrumb"},"inLanguage":"en-US","potentialAction":[{"@type":"ReadAction","target":["https:\/\/www.mzone.cz\/zatopek-pobezi-za-cesko-do-boje-o-oscara\/"]}]},{"@type":"ImageObject","inLanguage":"en-US","@id":"https:\/\/www.mzone.cz\/zatopek-pobezi-za-cesko-do-boje-o-oscara\/#primaryimage","url":"https:\/\/www.mzone.cz\/wp-content\/uploads\/2021\/10\/Zatopek-scaled.jpg","contentUrl":"https:\/\/www.mzone.cz\/wp-content\/uploads\/2021\/10\/Zatopek-scaled.jpg","width":2560,"height":1707,"caption":"Z\u00e1topek"},{"@type":"BreadcrumbList","@id":"https:\/\/www.mzone.cz\/zatopek-pobezi-za-cesko-do-boje-o-oscara\/#breadcrumb","itemListElement":[{"@type":"ListItem","position":1,"name":"Dom\u016f","item":"https:\/\/www.mzone.cz\/"},{"@type":"ListItem","position":2,"name":"Za \u010cesko pob\u011b\u017e\u00ed do boje o Oscara Z\u00e1topek"}]},{"@type":"WebSite","@id":"https:\/\/www.mzone.cz\/#website","url":"https:\/\/www.mzone.cz\/","name":"Mzone","description":"Magaz\u00edn nejen pro mu\u017ee","potentialAction":[{"@type":"SearchAction","target":{"@type":"EntryPoint","urlTemplate":"https:\/\/www.mzone.cz\/?s={search_term_string}"},"query-input":{"@type":"PropertyValueSpecification","valueRequired":true,"valueName":"search_term_string"}}],"inLanguage":"en-US"},{"@type":"Person","@id":"https:\/\/www.mzone.cz\/#\/schema\/person\/9bc20cc422a99cac4af6ff9297da32d4","name":"Mzone","image":{"@type":"ImageObject","inLanguage":"en-US","@id":"https:\/\/secure.gravatar.com\/avatar\/e780a8630f3182a3d06dd667ab6bea151a0d155b0951bc15fe22633acdac0676?s=96&d=mm&r=g","url":"https:\/\/secure.gravatar.com\/avatar\/e780a8630f3182a3d06dd667ab6bea151a0d155b0951bc15fe22633acdac0676?s=96&d=mm&r=g","contentUrl":"https:\/\/secure.gravatar.com\/avatar\/e780a8630f3182a3d06dd667ab6bea151a0d155b0951bc15fe22633acdac0676?s=96&d=mm&r=g","caption":"Mzone"},"url":"https:\/\/www.mzone.cz\/en\/author\/jakub\/"}]}},"_links":{"self":[{"href":"https:\/\/www.mzone.cz\/en\/wp-json\/wp\/v2\/posts\/34074","targetHints":{"allow":["GET"]}}],"collection":[{"href":"https:\/\/www.mzone.cz\/en\/wp-json\/wp\/v2\/posts"}],"about":[{"href":"https:\/\/www.mzone.cz\/en\/wp-json\/wp\/v2\/types\/post"}],"author":[{"embeddable":true,"href":"https:\/\/www.mzone.cz\/en\/wp-json\/wp\/v2\/users\/4"}],"replies":[{"embeddable":true,"href":"https:\/\/www.mzone.cz\/en\/wp-json\/wp\/v2\/comments?post=34074"}],"version-history":[{"count":9,"href":"https:\/\/www.mzone.cz\/en\/wp-json\/wp\/v2\/posts\/34074\/revisions"}],"predecessor-version":[{"id":34089,"href":"https:\/\/www.mzone.cz\/en\/wp-json\/wp\/v2\/posts\/34074\/revisions\/34089"}],"wp:featuredmedia":[{"embeddable":true,"href":"https:\/\/www.mzone.cz\/en\/wp-json\/wp\/v2\/media\/34078"}],"wp:attachment":[{"href":"https:\/\/www.mzone.cz\/en\/wp-json\/wp\/v2\/media?parent=34074"}],"wp:term":[{"taxonomy":"category","embeddable":true,"href":"https:\/\/www.mzone.cz\/en\/wp-json\/wp\/v2\/categories?post=34074"},{"taxonomy":"post_tag","embeddable":true,"href":"https:\/\/www.mzone.cz\/en\/wp-json\/wp\/v2\/tags?post=34074"}],"curies":[{"name":"wp","href":"https:\/\/api.w.org\/{rel}","templated":true}]}}