{"id":34141,"date":"2021-10-19T05:00:00","date_gmt":"2021-10-19T03:00:00","guid":{"rendered":"https:\/\/www.mzone.cz\/?p=34141"},"modified":"2021-10-18T10:39:25","modified_gmt":"2021-10-18T08:39:25","slug":"das-filmfest-laka-na-nejaktualnejsi-filmy-z-nemecka-rakouska-a-svycarska","status":"publish","type":"post","link":"https:\/\/www.mzone.cz\/en\/das-filmfest-laka-na-nejaktualnejsi-filmy-z-nemecka-rakouska-a-svycarska\/","title":{"rendered":"Za\u010d\u00edn\u00e1 festival Das Filmfest! L\u00e1k\u00e1 na nejaktu\u00e1ln\u011bj\u0161\u00ed filmy z N\u011bmecka, Rakouska a \u0160v\u00fdcarska"},"content":{"rendered":"<p><strong>Nejv\u011bt\u0161\u00ed fake news novodob\u00e9 historie N\u011bmecka, \u0161pion\u00e1\u017en\u00ed skand\u00e1l ve \u0160v\u00fdcarsku, co se d\u011bje za dve\u0159mi i p\u0159ed prahem zased\u00e1n\u00ed Sv\u011btov\u00e9ho ekonomick\u00e9ho f\u00f3ra nebo rodinn\u00e1 pouta. Hran\u00e9 i dokument\u00e1rn\u00ed filmy leto\u0161n\u00edho ro\u010dn\u00edku festivalu Das Filmfest maj\u00ed v hled\u00e1\u010dku ud\u00e1losti posledn\u00edho stolet\u00ed, kter\u00e9 se vryly do historie, i nen\u00e1padn\u00e9 osobn\u00ed p\u0159\u00edb\u011bhy na pozad\u00ed toku d\u011bjin a spole\u010densk\u00fdch probl\u00e9m\u016f.<\/strong><\/p><br>\n\n\n\n<p>V programov\u00e9 nab\u00eddce ale nechyb\u00ed ani humor a nadhled. Letos se p\u0159ehl\u00eddka zam\u011b\u0159uje i na dv\u011b mimo\u0159\u00e1dn\u00e9 osobnosti n\u011bmeck\u00e9ho filmu, nab\u00eddne biografii Rainera Wernera Fassbindera a samostatnou retrospektivu Wernera Herzoga. Do Prahy na Das Filmfest m\u00ed\u0159\u00ed i cel\u00e1 \u0159ada re\u017eis\u00e9r\u016f a herc\u016f, kte\u0159\u00ed osobn\u011b uvedou sv\u00e9 filmy.&nbsp;<\/p>\n\n\n\n<blockquote class=\"wp-block-quote is-layout-flow wp-block-quote-is-layout-flow\"><p>Festival n\u011bmecky mluven\u00fdch film\u016f, kter\u00fd tradi\u010dn\u011b nab\u00edz\u00ed nejaktu\u00e1ln\u011bj\u0161\u00ed sn\u00edmky z n\u011bmeck\u00e9, rakousk\u00e9 a \u0161v\u00fdcarsk\u00e9 produkce, m\u00ed\u0159\u00ed se t\u0159emi des\u00edtkami film\u016f do pra\u017esk\u00fdch kin Lucerna a Atlas ji\u017e od 20. do 26. \u0159\u00edjna a n\u00e1sledn\u011b zav\u00edt\u00e1 od 2. do 7. listopadu do brn\u011bnsk\u00e9ho kina Art.<\/p><\/blockquote>\n\n\n\n<p>Das Filmfest pravideln\u011b nab\u00edz\u00ed n\u011bkolik tematick\u00fdch programov\u00fdch sekc\u00ed. V r\u00e1mci sekce DAS FILMFEST SPEZIAL festival mimo jin\u00e9 uvede zahajovac\u00ed sn\u00edmek Curveball (Curveball \u2013 Wir machen die Wahrheit) Johannese Nabera, kter\u00fd odkr\u00fdv\u00e1 skute\u010dn\u00fd p\u0159\u00edb\u011bh jedn\u00e9 z nejv\u011bt\u0161\u00edch fake news v novodob\u00e9 historii o v\u00fdrob\u011b biologick\u00fdch zbran\u00ed pro Ir\u00e1k za vl\u00e1dy Sadd\u00e1ma Husajna.<\/p><br>\n\n\n\n<figure class=\"wp-block-image size-large\"><img loading=\"lazy\" decoding=\"async\" width=\"1024\" height=\"554\" src=\"https:\/\/www.mzone.cz\/wp-content\/uploads\/2021\/10\/Curveball-1024x554.jpg\" alt=\"Das Filmfest \u2013 Curveball\" class=\"wp-image-34149\" srcset=\"https:\/\/www.mzone.cz\/wp-content\/uploads\/2021\/10\/Curveball-1024x554.jpg 1024w, https:\/\/www.mzone.cz\/wp-content\/uploads\/2021\/10\/Curveball-300x162.jpg 300w, https:\/\/www.mzone.cz\/wp-content\/uploads\/2021\/10\/Curveball-768x415.jpg 768w, https:\/\/www.mzone.cz\/wp-content\/uploads\/2021\/10\/Curveball-1536x830.jpg 1536w, https:\/\/www.mzone.cz\/wp-content\/uploads\/2021\/10\/Curveball-18x10.jpg 18w, https:\/\/www.mzone.cz\/wp-content\/uploads\/2021\/10\/Curveball-590x319.jpg 590w, https:\/\/www.mzone.cz\/wp-content\/uploads\/2021\/10\/Curveball.jpg 1600w\" sizes=\"auto, (max-width: 1024px) 100vw, 1024px\" \/><\/figure><br>\n\n\n\n<p>Film p\u0159ijedou osobn\u011b p\u0159edstavit herci Sebastian Blomberg a Michael Wittenborn. Portr\u00e9t legend\u00e1rn\u00edho re\u017eis\u00e9ra Rainera Wernera Fassbindera nab\u00eddne hran\u00fd film s n\u00e1zvem Enfant Terrible. T\u00e9ma emigrant\u016f, kte\u0159\u00ed nar\u00e1\u017eej\u00ed v nov\u00e9 zemi na nejr\u016fzn\u011bj\u0161\u00ed \u00faskal\u00ed p\u0159in\u00e1\u0161ej\u00ed filmy Exil a Berlin Alexanderplatz. Humor na pl\u00e1tna kin vnese komedie \u010dern\u00e1 jako noc a ostr\u00e1 jako \u017eiletka na t\u00e9ma milostn\u00e9ho troj\u00faheln\u00edku Klika\u0159i (Gl\u00fcck gehabt) nebo energick\u00e1 roadmovie na invalidn\u00edm voz\u00edku Zlat\u00e9 rybky (Die Goldfische). Re\u017eis\u00e9r Sebastian Brauneis a here\u010dka Marlene Hauser v Praze osobn\u011b p\u0159edstav\u00ed svou osv\u011b\u017euj\u00edc\u00ed lehkou lowbudgetovou letn\u00ed poh\u00e1dku ve stylu \u201enov\u00e9 vlny\u201c 3p\u0159\u00e1tel\u00e92nep\u0159\u00e1tel\u00e9 (3FREUNDE2FEINDE).\u00a0<\/p>\n\n\n\n<blockquote class=\"wp-block-quote is-layout-flow wp-block-quote-is-layout-flow\"><p>T\u00e9ma sekce s kr\u00e1tk\u00fdm \u00fadern\u00fdm n\u00e1zvem NE! \/ N\u00d6 je o vzdoru, vzdoru v\u016f\u010di okol\u00ed, ale i pot\u0159eb\u011b vzep\u0159\u00edt se n\u011bkdy s\u00e1m sob\u011b. U n\u00e1s ne p\u0159\u00edli\u0161 zn\u00e1m\u00fd skand\u00e1l s tajn\u00fdmi spisy z konce 80. let ve \u0160v\u00fdcarsku, kdy policie \u0161pehovala statis\u00edce ob\u010dan\u016f pro jejich \u00fadajn\u00e9 sympatie s politikou Sov\u011btsk\u00e9ho svazu, p\u0159ipom\u00edn\u00e1 film T\u00e1hn\u011bte do Moskvy! (Moskau Einfach!). \u010ceskou premi\u00e9ru osobn\u011b podpo\u0159\u00ed jeho re\u017eis\u00e9r Micha Lewinsky.<\/p><\/blockquote>\n\n\n\n<p>Kritikou spole\u010densk\u00fdch hodnot a postoj\u016f generace t\u0159ic\u00e1tn\u00edk\u016f, kter\u00e1 m\u00e1 zd\u00e1nliv\u011b v\u0161e, selh\u00e1v\u00e1 v\u0161ak v napln\u011bn\u00ed nastaven\u00fdch ide\u00e1l\u016f je film Ne! (N\u00f6), za kter\u00fd letos na MFF Karlovy Vary vyhr\u00e1l Dietrich Br\u00fcggemann cenu za nejlep\u0161\u00ed re\u017eii. Jak naj\u00edt v sob\u011b s\u00edlu a vzep\u0159\u00edt se dom\u00e1c\u00edmu n\u00e1sil\u00ed a emocion\u00e1ln\u00edmu vyd\u00edr\u00e1n\u00ed je t\u00e9matem filmu Pot\u00e1p\u011b\u010d (Der Taucher) G\u00fcntera Schwaigera, kter\u00fd jej v Praze osobn\u011b uvede. Sekce d\u00e1le nab\u00eddne drama Dokud nebudeme voln\u00ed (St\u00fcrm: Bis wir tot sind oder frei) podle skute\u010dn\u00e9ho p\u0159\u00edb\u011bhu zlo\u010dince Waltera St\u00fcrma, jeho\u017e \u00fat\u011bky z v\u011bzen\u00ed z n\u011bj u\u010dinily symbol levice v boji proti policejn\u00ed brutalit\u011b ve \u0160v\u00fdcarsku v 70. a 80. letech. Sn\u00edmek v Praze osobn\u011b p\u0159edstav\u00ed re\u017eis\u00e9r Oliver Rihs. Komedii o tom, jak si p\u0159\u00e1telskou pomoc m\u016f\u017ee ka\u017ed\u00fd vykl\u00e1dat jinak osv\u011btl\u00ed sn\u00edmek Byli jednou dva rebelov\u00e9\u2026 (Waren einmal Revoluzzer), kter\u00fd p\u0159ijede p\u0159i \u010desk\u00e9 premi\u00e9\u0159e p\u0159edstavit herec Marcel Mohab.<\/p><br>\n\n\n\n<p>Sekce VE JM\u00c9NU RODINY (FAMILIENSACHE) nab\u00edz\u00ed obdivuhodn\u011b siln\u00e9 citov\u00e9 vazby i rodinn\u00e1 pouta, kter\u00e1 je nutn\u00e9 zp\u0159etrhat. Div\u00e1ci se mohou t\u011b\u0161it nap\u0159\u00edklad na film n\u011bmeck\u00e9 oscarov\u00e9 re\u017eis\u00e9rky Caroline Link Jak Hitler ukradl r\u016f\u017eov\u00e9ho kr\u00e1l\u00ed\u010dka (Als Hitler das rosa Kaninchen stahl), kter\u00fd nahl\u00ed\u017e\u00ed na problematiku \u017eidovsk\u00e9 emigrace b\u011bhem nacismu i z pohledu d\u011bt\u00ed. D\u00e1le na liter\u00e1rn\u00ed adaptaci rom\u00e1nu Siegfrieda Lenze Hodina n\u011bm\u010diny (Deutschstunde) o vyrovn\u00e1v\u00e1n\u00ed se s v\u00e1le\u010dnou minulost\u00ed. Citliv\u00e1 t\u00e9mata sou\u010dasnosti p\u0159ipomene ho\u0159kosladk\u00e1 odysea Oskar a Lili (Ein bisschen bleiben wir noch), o d\u011btech uprchl\u00edk\u016f, kter\u00e9 jsou sv\u011b\u0159eny proti sv\u00e9 v\u016fli do p\u00e9\u010de p\u011bstoun\u016f. Drogov\u00e1 z\u00e1vislost rodi\u010d\u016f je pak t\u00e9matem D\u00edvky z jehlov\u00e9ho parku (Platzspitzbaby). Vysoce provokativn\u00ed a z\u00e1rove\u0148 estetick\u00e1 sci-fi Kdy\u017e u\u017e se jeden narod\u00ed (The Trouble with Being Born) zkoum\u00e1 s\u00edlu vzpom\u00ednek, touhy, ale i pr\u00e1zdnoty.<\/p><br>\n\n\n\n<figure class=\"wp-block-image size-large\"><img loading=\"lazy\" decoding=\"async\" width=\"1024\" height=\"683\" src=\"https:\/\/www.mzone.cz\/wp-content\/uploads\/2021\/10\/WHEN-HITLER-STOLE-PINK-RABBIT_still_ACA_2974_m-1024x683.jpg\" alt=\"Das Filmfest - Jak Hitler ukradl r\u016f\u017eov\u00e9ho kr\u00e1l\u00ed\u010dka\" class=\"wp-image-34154\" srcset=\"https:\/\/www.mzone.cz\/wp-content\/uploads\/2021\/10\/WHEN-HITLER-STOLE-PINK-RABBIT_still_ACA_2974_m-1024x683.jpg 1024w, https:\/\/www.mzone.cz\/wp-content\/uploads\/2021\/10\/WHEN-HITLER-STOLE-PINK-RABBIT_still_ACA_2974_m-300x200.jpg 300w, https:\/\/www.mzone.cz\/wp-content\/uploads\/2021\/10\/WHEN-HITLER-STOLE-PINK-RABBIT_still_ACA_2974_m-768x512.jpg 768w, https:\/\/www.mzone.cz\/wp-content\/uploads\/2021\/10\/WHEN-HITLER-STOLE-PINK-RABBIT_still_ACA_2974_m-1536x1024.jpg 1536w, https:\/\/www.mzone.cz\/wp-content\/uploads\/2021\/10\/WHEN-HITLER-STOLE-PINK-RABBIT_still_ACA_2974_m-18x12.jpg 18w, https:\/\/www.mzone.cz\/wp-content\/uploads\/2021\/10\/WHEN-HITLER-STOLE-PINK-RABBIT_still_ACA_2974_m-800x533.jpg 800w, https:\/\/www.mzone.cz\/wp-content\/uploads\/2021\/10\/WHEN-HITLER-STOLE-PINK-RABBIT_still_ACA_2974_m-400x267.jpg 400w, https:\/\/www.mzone.cz\/wp-content\/uploads\/2021\/10\/WHEN-HITLER-STOLE-PINK-RABBIT_still_ACA_2974_m-500x333.jpg 500w, https:\/\/www.mzone.cz\/wp-content\/uploads\/2021\/10\/WHEN-HITLER-STOLE-PINK-RABBIT_still_ACA_2974_m-1170x780.jpg 1170w, https:\/\/www.mzone.cz\/wp-content\/uploads\/2021\/10\/WHEN-HITLER-STOLE-PINK-RABBIT_still_ACA_2974_m-590x393.jpg 590w, https:\/\/www.mzone.cz\/wp-content\/uploads\/2021\/10\/WHEN-HITLER-STOLE-PINK-RABBIT_still_ACA_2974_m.jpg 1773w\" sizes=\"auto, (max-width: 1024px) 100vw, 1024px\" \/><\/figure><br>\n\n\n\n<p>V sekci DIE DOKU dokument\u00e1rn\u00ed filmy zaost\u0159\u00ed jak na aktu\u00e1ln\u00ed d\u011bn\u00ed, tak i na ud\u00e1losti uplynul\u00e9ho stolet\u00ed. Hned dva sn\u00edmky Davos Daniela Hoesla, Julie Niemann a F\u00f3rum (Das Forum) Marcuse Vettera maj\u00ed v hled\u00e1\u010dku zased\u00e1n\u00ed Sv\u011btov\u00e9ho ekonomick\u00e9ho f\u00f3ra (WEF) 2020 a vliv t\u011bch mocn\u00fdch na ty ostatn\u00ed. Sn\u00edmek Davos, kter\u00fd zachycuje b\u011b\u017en\u00fd \u017eivot v kontrastu ke glob\u00e1ln\u00ed elit\u011b, p\u0159ijedou osobn\u011b uv\u00e9st oba tv\u016frci. Program d\u00e1le nab\u00edz\u00ed \u010dasosb\u011brn\u00e9 road movie Wolfganga Etticha N\u011bmeck\u00e1 cesta (Deutschlandreise) po v\u00fdchodn\u00edm N\u011bmecku, kter\u00fd se po p\u00e1du zdi s dlouh\u00fdmi \u010dasov\u00fdmi odstupy vracel a setk\u00e1val s t\u00fdmi\u017e lidmi. Zachytil tak jejich nad\u011bje i zklam\u00e1n\u00ed.<\/p>\n\n\n\n<blockquote class=\"wp-block-quote is-layout-flow wp-block-quote-is-layout-flow\"><p>P\u0159\u00edznivci artov\u00fdch film\u016f jist\u011b ocen\u00ed autobiografickou esej Pa\u0159\u00ed\u017e \u2013 Ani den bez Tebe (Paris \u2013 Kein Tag ohne Dich) Ulrike Schaz, je\u017e byla v sedmdes\u00e1t\u00fdch letech ozna\u010dena nepr\u00e1vem za teroristku, a v Praze film p\u0159edstav\u00ed osobn\u011b. \u0160v\u00fdcarsko-n\u011bmeck\u00fd dokument Amazonky velkom\u011bsta (Amazonen einer Grossstadt) div\u00e1ky zase zavede mezi skupinu \u017een v Berl\u00edn\u011b, kter\u00e9 jako bojovnice a\u0165 u\u017e v MMA ringu nebo se zbran\u00ed v ruce na bitevn\u00edm poli bo\u0159\u00ed m\u00fdty o tradi\u010dn\u00edm \u017eenstv\u00ed.\u00a0<\/p><\/blockquote>\n\n\n\n<p>Spole\u010dn\u011b s kinem Ponrepo vzd\u00e1 Das Filmfest hold legend\u00e1rn\u00edmu re\u017eis\u00e9rovi Werneru Herzogovi samostatnou retrospektivou, kter\u00e1 se uskute\u010dn\u00ed od 2. do 6. listopadu. Herzog se nikdy neb\u00e1l nov\u00fdch tv\u016fr\u010d\u00edch p\u0159\u00edstup\u016f a nezalekl se ani hereck\u00e9 spolupr\u00e1ce na d\u00edlech vznikaj\u00edc\u00edch v naprosto odli\u0161n\u00e9m tr\u017en\u00edm prost\u0159ed\u00ed. \u201ePr\u00e1v\u011b autorsk\u00e1 neohro\u017eenost a snaha nelp\u011bt na zab\u011bhnut\u00fdch tv\u016fr\u010d\u00edch postupech n\u00e1s vede k uspo\u0159\u00e1d\u00e1n\u00ed retrospektivy zam\u011b\u0159en\u00e9 v\u00fdhradn\u011b na Herzogovu dokument\u00e1rn\u00ed tvorbu,\u201c vysv\u011btluje za spolupo\u0159adatele retrospektivy David Havas z kina Ponrepo.<\/p><br>\n\n\n\n<p>P\u0159edprodej vstupenek na festival byl ji\u017e zah\u00e1jen minul\u00fd t\u00fdden, kompletn\u00ed program je k dispozici na <a href=\"https:\/\/www.dasfilmfest.cz\/\" target=\"_blank\" rel=\"noreferrer noopener\">www.dasfilmfest.cz<\/a>. P\u0159ehl\u00eddku tradi\u010dn\u011b spolupo\u0159\u00e1daj\u00ed Goethe-Institut, Rakousk\u00e9 kulturn\u00ed f\u00f3rum v Praze a \u0160v\u00fdcarsk\u00e9 velvyslanectv\u00ed v \u010cesk\u00e9 republice.<\/p><br>\n\n\n\n<div class=\"wp-block-media-text alignwide is-stacked-on-mobile is-vertically-aligned-top\" style=\"grid-template-columns:24% auto\"><figure class=\"wp-block-media-text__media\"><a href=\"https:\/\/www.mzone.cz\/zatopek-pobezi-za-cesko-do-boje-o-oscara\/\"><img loading=\"lazy\" decoding=\"async\" width=\"1024\" height=\"683\" src=\"https:\/\/www.mzone.cz\/wp-content\/uploads\/2021\/10\/Zatopek-1024x683.jpg\" alt=\"Z\u00e1topek\" class=\"wp-image-34078 size-full\" srcset=\"https:\/\/www.mzone.cz\/wp-content\/uploads\/2021\/10\/Zatopek-1024x683.jpg 1024w, https:\/\/www.mzone.cz\/wp-content\/uploads\/2021\/10\/Zatopek-300x200.jpg 300w, https:\/\/www.mzone.cz\/wp-content\/uploads\/2021\/10\/Zatopek-768x512.jpg 768w, https:\/\/www.mzone.cz\/wp-content\/uploads\/2021\/10\/Zatopek-1536x1024.jpg 1536w, https:\/\/www.mzone.cz\/wp-content\/uploads\/2021\/10\/Zatopek-2048x1366.jpg 2048w, https:\/\/www.mzone.cz\/wp-content\/uploads\/2021\/10\/Zatopek-18x12.jpg 18w, https:\/\/www.mzone.cz\/wp-content\/uploads\/2021\/10\/Zatopek-800x533.jpg 800w, https:\/\/www.mzone.cz\/wp-content\/uploads\/2021\/10\/Zatopek-400x267.jpg 400w, https:\/\/www.mzone.cz\/wp-content\/uploads\/2021\/10\/Zatopek-500x333.jpg 500w, https:\/\/www.mzone.cz\/wp-content\/uploads\/2021\/10\/Zatopek-1170x780.jpg 1170w, https:\/\/www.mzone.cz\/wp-content\/uploads\/2021\/10\/Zatopek-590x393.jpg 590w\" sizes=\"auto, (max-width: 1024px) 100vw, 1024px\" \/><\/a><\/figure><div class=\"wp-block-media-text__content\">\n<h4><a href=\"https:\/\/www.mzone.cz\/zatopek-pobezi-za-cesko-do-boje-o-oscara\/\">Za \u010cesko pob\u011b\u017e\u00ed do boje o Oscara Z\u00e1topek<\/a><\/h4><br>\n<\/div><\/div>\n\n\n\n<p><\/p>","protected":false},"excerpt":{"rendered":"<p>Nejv\u011bt\u0161\u00ed fake news novodob\u00e9 historie N\u011bmecka, \u0161pion\u00e1\u017en\u00ed skand\u00e1l ve \u0160v\u00fdcarsku, co se d\u011bje za dve\u0159mi i p\u0159ed prahem zased\u00e1n\u00ed Sv\u011btov\u00e9ho ekonomick\u00e9ho f\u00f3ra nebo rodinn\u00e1 pouta. Hran\u00e9 i dokument\u00e1rn\u00ed filmy leto\u0161n\u00edho ro\u010dn\u00edku festivalu Das Filmfest maj\u00ed v hled\u00e1\u010dku ud\u00e1losti posledn\u00edho stolet\u00ed, kter\u00e9 se vryly do historie, i nen\u00e1padn\u00e9 osobn\u00ed p\u0159\u00edb\u011bhy na pozad\u00ed toku d\u011bjin a spole\u010densk\u00fdch [&hellip;]<\/p>\n","protected":false},"author":4,"featured_media":34151,"comment_status":"open","ping_status":"closed","sticky":false,"template":"","format":"standard","meta":{"kk_blocks_editor_width":"","_kiokenblocks_attr":"","_kiokenblocks_dimensions":"","footnotes":""},"categories":[73,71],"tags":[1211,2836,153,541,314,542,31,625,5198,363,2583,2581],"class_list":["post-34141","post","type-post","status-publish","format-standard","has-post-thumbnail","hentry","category-filmy","category-kultura","tag-brno","tag-das-filmfest","tag-festival","tag-film","tag-filmy","tag-kinematografie","tag-kultura","tag-nemecko","tag-nemecky-jazyk","tag-praha","tag-rakousko","tag-svycarsko"],"yoast_head":"<!-- This site is optimized with the Yoast SEO plugin v27.5 - https:\/\/yoast.com\/product\/yoast-seo-wordpress\/ -->\n<title>Za\u010d\u00edn\u00e1 festival Das Filmfest! L\u00e1k\u00e1 na nejaktu\u00e1ln\u011bj\u0161\u00ed filmy z N\u011bmecka, Rakouska a \u0160v\u00fdcarska - Mzone<\/title>\n<meta name=\"description\" content=\"Nejv\u011bt\u0161\u00ed fake news novodob\u00e9 historie N\u011bmecka, \u0161pion\u00e1\u017en\u00ed skand\u00e1l ve \u0160v\u00fdcarsku, co se d\u011bje za dve\u0159mi i p\u0159ed prahem zased\u00e1n\u00ed Sv\u011btov\u00e9ho ekonomick\u00e9ho f\u00f3ra nebo rodinn\u00e1 pouta. Hran\u00e9 i dokument\u00e1rn\u00ed filmy leto\u0161n\u00edho ro\u010dn\u00edku festivalu Das Filmfest maj\u00ed v hled\u00e1\u010dku ud\u00e1losti posledn\u00edho stolet\u00ed, kter\u00e9 se vryly do historie, i nen\u00e1padn\u00e9 osobn\u00ed p\u0159\u00edb\u011bhy na pozad\u00ed toku d\u011bjin a spole\u010densk\u00fdch probl\u00e9m\u016f.\" \/>\n<meta name=\"robots\" content=\"index, follow, max-snippet:-1, max-image-preview:large, max-video-preview:-1\" \/>\n<link rel=\"canonical\" href=\"https:\/\/www.mzone.cz\/en\/das-filmfest-laka-na-nejaktualnejsi-filmy-z-nemecka-rakouska-a-svycarska\/\" \/>\n<meta property=\"og:locale\" content=\"en_US\" \/>\n<meta property=\"og:type\" content=\"article\" \/>\n<meta property=\"og:title\" content=\"Za\u010d\u00edn\u00e1 festival Das Filmfest! L\u00e1k\u00e1 na nejaktu\u00e1ln\u011bj\u0161\u00ed filmy z N\u011bmecka, Rakouska a \u0160v\u00fdcarska - Mzone\" \/>\n<meta property=\"og:description\" content=\"Nejv\u011bt\u0161\u00ed fake news novodob\u00e9 historie N\u011bmecka, \u0161pion\u00e1\u017en\u00ed skand\u00e1l ve \u0160v\u00fdcarsku, co se d\u011bje za dve\u0159mi i p\u0159ed prahem zased\u00e1n\u00ed Sv\u011btov\u00e9ho ekonomick\u00e9ho f\u00f3ra nebo rodinn\u00e1 pouta. Hran\u00e9 i dokument\u00e1rn\u00ed filmy leto\u0161n\u00edho ro\u010dn\u00edku festivalu Das Filmfest maj\u00ed v hled\u00e1\u010dku ud\u00e1losti posledn\u00edho stolet\u00ed, kter\u00e9 se vryly do historie, i nen\u00e1padn\u00e9 osobn\u00ed p\u0159\u00edb\u011bhy na pozad\u00ed toku d\u011bjin a spole\u010densk\u00fdch probl\u00e9m\u016f.\" \/>\n<meta property=\"og:url\" content=\"https:\/\/www.mzone.cz\/en\/das-filmfest-laka-na-nejaktualnejsi-filmy-z-nemecka-rakouska-a-svycarska\/\" \/>\n<meta property=\"og:site_name\" content=\"Mzone\" \/>\n<meta property=\"article:publisher\" content=\"https:\/\/www.facebook.com\/MzoneCZ\/\" \/>\n<meta property=\"article:published_time\" content=\"2021-10-19T03:00:00+00:00\" \/>\n<meta property=\"og:image\" content=\"https:\/\/www.mzone.cz\/wp-content\/uploads\/2021\/10\/ONEWAYTOMOSCOW_03_m.jpg\" \/>\n\t<meta property=\"og:image:width\" content=\"1540\" \/>\n\t<meta property=\"og:image:height\" content=\"1027\" \/>\n\t<meta property=\"og:image:type\" content=\"image\/jpeg\" \/>\n<meta name=\"author\" content=\"Mzone\" \/>\n<meta name=\"twitter:card\" content=\"summary_large_image\" \/>\n<meta name=\"twitter:label1\" content=\"Written by\" \/>\n\t<meta name=\"twitter:data1\" content=\"Mzone\" \/>\n\t<meta name=\"twitter:label2\" content=\"Est. reading time\" \/>\n\t<meta name=\"twitter:data2\" content=\"5 minutes\" \/>\n<script type=\"application\/ld+json\" class=\"yoast-schema-graph\">{\"@context\":\"https:\\\/\\\/schema.org\",\"@graph\":[{\"@type\":\"Article\",\"@id\":\"https:\\\/\\\/www.mzone.cz\\\/das-filmfest-laka-na-nejaktualnejsi-filmy-z-nemecka-rakouska-a-svycarska\\\/#article\",\"isPartOf\":{\"@id\":\"https:\\\/\\\/www.mzone.cz\\\/das-filmfest-laka-na-nejaktualnejsi-filmy-z-nemecka-rakouska-a-svycarska\\\/\"},\"author\":{\"name\":\"Mzone\",\"@id\":\"https:\\\/\\\/www.mzone.cz\\\/#\\\/schema\\\/person\\\/9bc20cc422a99cac4af6ff9297da32d4\"},\"headline\":\"Za\u010d\u00edn\u00e1 festival Das Filmfest! L\u00e1k\u00e1 na nejaktu\u00e1ln\u011bj\u0161\u00ed filmy z N\u011bmecka, Rakouska a \u0160v\u00fdcarska\",\"datePublished\":\"2021-10-19T03:00:00+00:00\",\"mainEntityOfPage\":{\"@id\":\"https:\\\/\\\/www.mzone.cz\\\/das-filmfest-laka-na-nejaktualnejsi-filmy-z-nemecka-rakouska-a-svycarska\\\/\"},\"wordCount\":1242,\"commentCount\":0,\"image\":{\"@id\":\"https:\\\/\\\/www.mzone.cz\\\/das-filmfest-laka-na-nejaktualnejsi-filmy-z-nemecka-rakouska-a-svycarska\\\/#primaryimage\"},\"thumbnailUrl\":\"https:\\\/\\\/www.mzone.cz\\\/wp-content\\\/uploads\\\/2021\\\/10\\\/ONEWAYTOMOSCOW_03_m.jpg\",\"keywords\":[\"Brno\",\"Das Filmfest\",\"festival\",\"film\",\"Filmy\",\"kinematografie\",\"Kultura\",\"N\u011bmecko\",\"n\u011bmeck\u00fd jazyk\",\"Praha\",\"Rakousko\",\"\u0160v\u00fdcarsko\"],\"articleSection\":[\"Filmy\",\"Kultura\"],\"inLanguage\":\"en-US\",\"potentialAction\":[{\"@type\":\"CommentAction\",\"name\":\"Comment\",\"target\":[\"https:\\\/\\\/www.mzone.cz\\\/das-filmfest-laka-na-nejaktualnejsi-filmy-z-nemecka-rakouska-a-svycarska\\\/#respond\"]}]},{\"@type\":\"WebPage\",\"@id\":\"https:\\\/\\\/www.mzone.cz\\\/das-filmfest-laka-na-nejaktualnejsi-filmy-z-nemecka-rakouska-a-svycarska\\\/\",\"url\":\"https:\\\/\\\/www.mzone.cz\\\/das-filmfest-laka-na-nejaktualnejsi-filmy-z-nemecka-rakouska-a-svycarska\\\/\",\"name\":\"Za\u010d\u00edn\u00e1 festival Das Filmfest! L\u00e1k\u00e1 na nejaktu\u00e1ln\u011bj\u0161\u00ed filmy z N\u011bmecka, Rakouska a \u0160v\u00fdcarska - Mzone\",\"isPartOf\":{\"@id\":\"https:\\\/\\\/www.mzone.cz\\\/#website\"},\"primaryImageOfPage\":{\"@id\":\"https:\\\/\\\/www.mzone.cz\\\/das-filmfest-laka-na-nejaktualnejsi-filmy-z-nemecka-rakouska-a-svycarska\\\/#primaryimage\"},\"image\":{\"@id\":\"https:\\\/\\\/www.mzone.cz\\\/das-filmfest-laka-na-nejaktualnejsi-filmy-z-nemecka-rakouska-a-svycarska\\\/#primaryimage\"},\"thumbnailUrl\":\"https:\\\/\\\/www.mzone.cz\\\/wp-content\\\/uploads\\\/2021\\\/10\\\/ONEWAYTOMOSCOW_03_m.jpg\",\"datePublished\":\"2021-10-19T03:00:00+00:00\",\"author\":{\"@id\":\"https:\\\/\\\/www.mzone.cz\\\/#\\\/schema\\\/person\\\/9bc20cc422a99cac4af6ff9297da32d4\"},\"description\":\"Nejv\u011bt\u0161\u00ed fake news novodob\u00e9 historie N\u011bmecka, \u0161pion\u00e1\u017en\u00ed skand\u00e1l ve \u0160v\u00fdcarsku, co se d\u011bje za dve\u0159mi i p\u0159ed prahem zased\u00e1n\u00ed Sv\u011btov\u00e9ho ekonomick\u00e9ho f\u00f3ra nebo rodinn\u00e1 pouta. Hran\u00e9 i dokument\u00e1rn\u00ed filmy leto\u0161n\u00edho ro\u010dn\u00edku festivalu Das Filmfest maj\u00ed v hled\u00e1\u010dku ud\u00e1losti posledn\u00edho stolet\u00ed, kter\u00e9 se vryly do historie, i nen\u00e1padn\u00e9 osobn\u00ed p\u0159\u00edb\u011bhy na pozad\u00ed toku d\u011bjin a spole\u010densk\u00fdch probl\u00e9m\u016f.\",\"breadcrumb\":{\"@id\":\"https:\\\/\\\/www.mzone.cz\\\/das-filmfest-laka-na-nejaktualnejsi-filmy-z-nemecka-rakouska-a-svycarska\\\/#breadcrumb\"},\"inLanguage\":\"en-US\",\"potentialAction\":[{\"@type\":\"ReadAction\",\"target\":[\"https:\\\/\\\/www.mzone.cz\\\/das-filmfest-laka-na-nejaktualnejsi-filmy-z-nemecka-rakouska-a-svycarska\\\/\"]}]},{\"@type\":\"ImageObject\",\"inLanguage\":\"en-US\",\"@id\":\"https:\\\/\\\/www.mzone.cz\\\/das-filmfest-laka-na-nejaktualnejsi-filmy-z-nemecka-rakouska-a-svycarska\\\/#primaryimage\",\"url\":\"https:\\\/\\\/www.mzone.cz\\\/wp-content\\\/uploads\\\/2021\\\/10\\\/ONEWAYTOMOSCOW_03_m.jpg\",\"contentUrl\":\"https:\\\/\\\/www.mzone.cz\\\/wp-content\\\/uploads\\\/2021\\\/10\\\/ONEWAYTOMOSCOW_03_m.jpg\",\"width\":1540,\"height\":1027,\"caption\":\"Das Filmfest \u2013 One Way To Moscow\"},{\"@type\":\"BreadcrumbList\",\"@id\":\"https:\\\/\\\/www.mzone.cz\\\/das-filmfest-laka-na-nejaktualnejsi-filmy-z-nemecka-rakouska-a-svycarska\\\/#breadcrumb\",\"itemListElement\":[{\"@type\":\"ListItem\",\"position\":1,\"name\":\"Dom\u016f\",\"item\":\"https:\\\/\\\/www.mzone.cz\\\/\"},{\"@type\":\"ListItem\",\"position\":2,\"name\":\"Za\u010d\u00edn\u00e1 festival Das Filmfest! L\u00e1k\u00e1 na nejaktu\u00e1ln\u011bj\u0161\u00ed filmy z N\u011bmecka, Rakouska a \u0160v\u00fdcarska\"}]},{\"@type\":\"WebSite\",\"@id\":\"https:\\\/\\\/www.mzone.cz\\\/#website\",\"url\":\"https:\\\/\\\/www.mzone.cz\\\/\",\"name\":\"Mzone\",\"description\":\"Magaz\u00edn nejen pro mu\u017ee\",\"potentialAction\":[{\"@type\":\"SearchAction\",\"target\":{\"@type\":\"EntryPoint\",\"urlTemplate\":\"https:\\\/\\\/www.mzone.cz\\\/?s={search_term_string}\"},\"query-input\":{\"@type\":\"PropertyValueSpecification\",\"valueRequired\":true,\"valueName\":\"search_term_string\"}}],\"inLanguage\":\"en-US\"},{\"@type\":\"Person\",\"@id\":\"https:\\\/\\\/www.mzone.cz\\\/#\\\/schema\\\/person\\\/9bc20cc422a99cac4af6ff9297da32d4\",\"name\":\"Mzone\",\"image\":{\"@type\":\"ImageObject\",\"inLanguage\":\"en-US\",\"@id\":\"https:\\\/\\\/secure.gravatar.com\\\/avatar\\\/e780a8630f3182a3d06dd667ab6bea151a0d155b0951bc15fe22633acdac0676?s=96&d=mm&r=g\",\"url\":\"https:\\\/\\\/secure.gravatar.com\\\/avatar\\\/e780a8630f3182a3d06dd667ab6bea151a0d155b0951bc15fe22633acdac0676?s=96&d=mm&r=g\",\"contentUrl\":\"https:\\\/\\\/secure.gravatar.com\\\/avatar\\\/e780a8630f3182a3d06dd667ab6bea151a0d155b0951bc15fe22633acdac0676?s=96&d=mm&r=g\",\"caption\":\"Mzone\"},\"url\":\"https:\\\/\\\/www.mzone.cz\\\/en\\\/author\\\/jakub\\\/\"}]}<\/script>\n<!-- \/ Yoast SEO plugin. -->","yoast_head_json":{"title":"Za\u010d\u00edn\u00e1 festival Das Filmfest! L\u00e1k\u00e1 na nejaktu\u00e1ln\u011bj\u0161\u00ed filmy z N\u011bmecka, Rakouska a \u0160v\u00fdcarska - Mzone","description":"Nejv\u011bt\u0161\u00ed fake news novodob\u00e9 historie N\u011bmecka, \u0161pion\u00e1\u017en\u00ed skand\u00e1l ve \u0160v\u00fdcarsku, co se d\u011bje za dve\u0159mi i p\u0159ed prahem zased\u00e1n\u00ed Sv\u011btov\u00e9ho ekonomick\u00e9ho f\u00f3ra nebo rodinn\u00e1 pouta. Hran\u00e9 i dokument\u00e1rn\u00ed filmy leto\u0161n\u00edho ro\u010dn\u00edku festivalu Das Filmfest maj\u00ed v hled\u00e1\u010dku ud\u00e1losti posledn\u00edho stolet\u00ed, kter\u00e9 se vryly do historie, i nen\u00e1padn\u00e9 osobn\u00ed p\u0159\u00edb\u011bhy na pozad\u00ed toku d\u011bjin a spole\u010densk\u00fdch probl\u00e9m\u016f.","robots":{"index":"index","follow":"follow","max-snippet":"max-snippet:-1","max-image-preview":"max-image-preview:large","max-video-preview":"max-video-preview:-1"},"canonical":"https:\/\/www.mzone.cz\/en\/das-filmfest-laka-na-nejaktualnejsi-filmy-z-nemecka-rakouska-a-svycarska\/","og_locale":"en_US","og_type":"article","og_title":"Za\u010d\u00edn\u00e1 festival Das Filmfest! L\u00e1k\u00e1 na nejaktu\u00e1ln\u011bj\u0161\u00ed filmy z N\u011bmecka, Rakouska a \u0160v\u00fdcarska - Mzone","og_description":"Nejv\u011bt\u0161\u00ed fake news novodob\u00e9 historie N\u011bmecka, \u0161pion\u00e1\u017en\u00ed skand\u00e1l ve \u0160v\u00fdcarsku, co se d\u011bje za dve\u0159mi i p\u0159ed prahem zased\u00e1n\u00ed Sv\u011btov\u00e9ho ekonomick\u00e9ho f\u00f3ra nebo rodinn\u00e1 pouta. Hran\u00e9 i dokument\u00e1rn\u00ed filmy leto\u0161n\u00edho ro\u010dn\u00edku festivalu Das Filmfest maj\u00ed v hled\u00e1\u010dku ud\u00e1losti posledn\u00edho stolet\u00ed, kter\u00e9 se vryly do historie, i nen\u00e1padn\u00e9 osobn\u00ed p\u0159\u00edb\u011bhy na pozad\u00ed toku d\u011bjin a spole\u010densk\u00fdch probl\u00e9m\u016f.","og_url":"https:\/\/www.mzone.cz\/en\/das-filmfest-laka-na-nejaktualnejsi-filmy-z-nemecka-rakouska-a-svycarska\/","og_site_name":"Mzone","article_publisher":"https:\/\/www.facebook.com\/MzoneCZ\/","article_published_time":"2021-10-19T03:00:00+00:00","og_image":[{"width":1540,"height":1027,"url":"https:\/\/www.mzone.cz\/wp-content\/uploads\/2021\/10\/ONEWAYTOMOSCOW_03_m.jpg","type":"image\/jpeg"}],"author":"Mzone","twitter_card":"summary_large_image","twitter_misc":{"Written by":"Mzone","Est. reading time":"5 minutes"},"schema":{"@context":"https:\/\/schema.org","@graph":[{"@type":"Article","@id":"https:\/\/www.mzone.cz\/das-filmfest-laka-na-nejaktualnejsi-filmy-z-nemecka-rakouska-a-svycarska\/#article","isPartOf":{"@id":"https:\/\/www.mzone.cz\/das-filmfest-laka-na-nejaktualnejsi-filmy-z-nemecka-rakouska-a-svycarska\/"},"author":{"name":"Mzone","@id":"https:\/\/www.mzone.cz\/#\/schema\/person\/9bc20cc422a99cac4af6ff9297da32d4"},"headline":"Za\u010d\u00edn\u00e1 festival Das Filmfest! L\u00e1k\u00e1 na nejaktu\u00e1ln\u011bj\u0161\u00ed filmy z N\u011bmecka, Rakouska a \u0160v\u00fdcarska","datePublished":"2021-10-19T03:00:00+00:00","mainEntityOfPage":{"@id":"https:\/\/www.mzone.cz\/das-filmfest-laka-na-nejaktualnejsi-filmy-z-nemecka-rakouska-a-svycarska\/"},"wordCount":1242,"commentCount":0,"image":{"@id":"https:\/\/www.mzone.cz\/das-filmfest-laka-na-nejaktualnejsi-filmy-z-nemecka-rakouska-a-svycarska\/#primaryimage"},"thumbnailUrl":"https:\/\/www.mzone.cz\/wp-content\/uploads\/2021\/10\/ONEWAYTOMOSCOW_03_m.jpg","keywords":["Brno","Das Filmfest","festival","film","Filmy","kinematografie","Kultura","N\u011bmecko","n\u011bmeck\u00fd jazyk","Praha","Rakousko","\u0160v\u00fdcarsko"],"articleSection":["Filmy","Kultura"],"inLanguage":"en-US","potentialAction":[{"@type":"CommentAction","name":"Comment","target":["https:\/\/www.mzone.cz\/das-filmfest-laka-na-nejaktualnejsi-filmy-z-nemecka-rakouska-a-svycarska\/#respond"]}]},{"@type":"WebPage","@id":"https:\/\/www.mzone.cz\/das-filmfest-laka-na-nejaktualnejsi-filmy-z-nemecka-rakouska-a-svycarska\/","url":"https:\/\/www.mzone.cz\/das-filmfest-laka-na-nejaktualnejsi-filmy-z-nemecka-rakouska-a-svycarska\/","name":"Za\u010d\u00edn\u00e1 festival Das Filmfest! L\u00e1k\u00e1 na nejaktu\u00e1ln\u011bj\u0161\u00ed filmy z N\u011bmecka, Rakouska a \u0160v\u00fdcarska - Mzone","isPartOf":{"@id":"https:\/\/www.mzone.cz\/#website"},"primaryImageOfPage":{"@id":"https:\/\/www.mzone.cz\/das-filmfest-laka-na-nejaktualnejsi-filmy-z-nemecka-rakouska-a-svycarska\/#primaryimage"},"image":{"@id":"https:\/\/www.mzone.cz\/das-filmfest-laka-na-nejaktualnejsi-filmy-z-nemecka-rakouska-a-svycarska\/#primaryimage"},"thumbnailUrl":"https:\/\/www.mzone.cz\/wp-content\/uploads\/2021\/10\/ONEWAYTOMOSCOW_03_m.jpg","datePublished":"2021-10-19T03:00:00+00:00","author":{"@id":"https:\/\/www.mzone.cz\/#\/schema\/person\/9bc20cc422a99cac4af6ff9297da32d4"},"description":"Nejv\u011bt\u0161\u00ed fake news novodob\u00e9 historie N\u011bmecka, \u0161pion\u00e1\u017en\u00ed skand\u00e1l ve \u0160v\u00fdcarsku, co se d\u011bje za dve\u0159mi i p\u0159ed prahem zased\u00e1n\u00ed Sv\u011btov\u00e9ho ekonomick\u00e9ho f\u00f3ra nebo rodinn\u00e1 pouta. Hran\u00e9 i dokument\u00e1rn\u00ed filmy leto\u0161n\u00edho ro\u010dn\u00edku festivalu Das Filmfest maj\u00ed v hled\u00e1\u010dku ud\u00e1losti posledn\u00edho stolet\u00ed, kter\u00e9 se vryly do historie, i nen\u00e1padn\u00e9 osobn\u00ed p\u0159\u00edb\u011bhy na pozad\u00ed toku d\u011bjin a spole\u010densk\u00fdch probl\u00e9m\u016f.","breadcrumb":{"@id":"https:\/\/www.mzone.cz\/das-filmfest-laka-na-nejaktualnejsi-filmy-z-nemecka-rakouska-a-svycarska\/#breadcrumb"},"inLanguage":"en-US","potentialAction":[{"@type":"ReadAction","target":["https:\/\/www.mzone.cz\/das-filmfest-laka-na-nejaktualnejsi-filmy-z-nemecka-rakouska-a-svycarska\/"]}]},{"@type":"ImageObject","inLanguage":"en-US","@id":"https:\/\/www.mzone.cz\/das-filmfest-laka-na-nejaktualnejsi-filmy-z-nemecka-rakouska-a-svycarska\/#primaryimage","url":"https:\/\/www.mzone.cz\/wp-content\/uploads\/2021\/10\/ONEWAYTOMOSCOW_03_m.jpg","contentUrl":"https:\/\/www.mzone.cz\/wp-content\/uploads\/2021\/10\/ONEWAYTOMOSCOW_03_m.jpg","width":1540,"height":1027,"caption":"Das Filmfest \u2013 One Way To Moscow"},{"@type":"BreadcrumbList","@id":"https:\/\/www.mzone.cz\/das-filmfest-laka-na-nejaktualnejsi-filmy-z-nemecka-rakouska-a-svycarska\/#breadcrumb","itemListElement":[{"@type":"ListItem","position":1,"name":"Dom\u016f","item":"https:\/\/www.mzone.cz\/"},{"@type":"ListItem","position":2,"name":"Za\u010d\u00edn\u00e1 festival Das Filmfest! L\u00e1k\u00e1 na nejaktu\u00e1ln\u011bj\u0161\u00ed filmy z N\u011bmecka, Rakouska a \u0160v\u00fdcarska"}]},{"@type":"WebSite","@id":"https:\/\/www.mzone.cz\/#website","url":"https:\/\/www.mzone.cz\/","name":"Mzone","description":"Magaz\u00edn nejen pro mu\u017ee","potentialAction":[{"@type":"SearchAction","target":{"@type":"EntryPoint","urlTemplate":"https:\/\/www.mzone.cz\/?s={search_term_string}"},"query-input":{"@type":"PropertyValueSpecification","valueRequired":true,"valueName":"search_term_string"}}],"inLanguage":"en-US"},{"@type":"Person","@id":"https:\/\/www.mzone.cz\/#\/schema\/person\/9bc20cc422a99cac4af6ff9297da32d4","name":"Mzone","image":{"@type":"ImageObject","inLanguage":"en-US","@id":"https:\/\/secure.gravatar.com\/avatar\/e780a8630f3182a3d06dd667ab6bea151a0d155b0951bc15fe22633acdac0676?s=96&d=mm&r=g","url":"https:\/\/secure.gravatar.com\/avatar\/e780a8630f3182a3d06dd667ab6bea151a0d155b0951bc15fe22633acdac0676?s=96&d=mm&r=g","contentUrl":"https:\/\/secure.gravatar.com\/avatar\/e780a8630f3182a3d06dd667ab6bea151a0d155b0951bc15fe22633acdac0676?s=96&d=mm&r=g","caption":"Mzone"},"url":"https:\/\/www.mzone.cz\/en\/author\/jakub\/"}]}},"_links":{"self":[{"href":"https:\/\/www.mzone.cz\/en\/wp-json\/wp\/v2\/posts\/34141","targetHints":{"allow":["GET"]}}],"collection":[{"href":"https:\/\/www.mzone.cz\/en\/wp-json\/wp\/v2\/posts"}],"about":[{"href":"https:\/\/www.mzone.cz\/en\/wp-json\/wp\/v2\/types\/post"}],"author":[{"embeddable":true,"href":"https:\/\/www.mzone.cz\/en\/wp-json\/wp\/v2\/users\/4"}],"replies":[{"embeddable":true,"href":"https:\/\/www.mzone.cz\/en\/wp-json\/wp\/v2\/comments?post=34141"}],"version-history":[{"count":13,"href":"https:\/\/www.mzone.cz\/en\/wp-json\/wp\/v2\/posts\/34141\/revisions"}],"predecessor-version":[{"id":34165,"href":"https:\/\/www.mzone.cz\/en\/wp-json\/wp\/v2\/posts\/34141\/revisions\/34165"}],"wp:featuredmedia":[{"embeddable":true,"href":"https:\/\/www.mzone.cz\/en\/wp-json\/wp\/v2\/media\/34151"}],"wp:attachment":[{"href":"https:\/\/www.mzone.cz\/en\/wp-json\/wp\/v2\/media?parent=34141"}],"wp:term":[{"taxonomy":"category","embeddable":true,"href":"https:\/\/www.mzone.cz\/en\/wp-json\/wp\/v2\/categories?post=34141"},{"taxonomy":"post_tag","embeddable":true,"href":"https:\/\/www.mzone.cz\/en\/wp-json\/wp\/v2\/tags?post=34141"}],"curies":[{"name":"wp","href":"https:\/\/api.w.org\/{rel}","templated":true}]}}