{"id":34394,"date":"2021-11-08T19:25:00","date_gmt":"2021-11-08T18:25:00","guid":{"rendered":"https:\/\/www.mzone.cz\/?p=34394"},"modified":"2021-11-08T19:25:48","modified_gmt":"2021-11-08T18:25:48","slug":"tedxprague-se-vratil-ke-korenum-neviditelna-temata-mela-u-navstevniku-uspech","status":"publish","type":"post","link":"https:\/\/www.mzone.cz\/en\/tedxprague-se-vratil-ke-korenum-neviditelna-temata-mela-u-navstevniku-uspech\/","title":{"rendered":"TEDxPrague se vr\u00e1til ke ko\u0159en\u016fm. Neviditeln\u00e1 t\u00e9mata m\u011bla u n\u00e1v\u0161t\u011bvn\u00edk\u016f \u00fasp\u011bch"},"content":{"rendered":"<p><strong>Po ro\u010dn\u00ed koronavirov\u00e9 p\u0159est\u00e1vce se v sobotu 6. listopadu uskute\u010dnil v Pra\u017esk\u00e9 k\u0159i\u017eovatce dal\u0161\u00ed ro\u010dn\u00edk TEDxPrague. Necel\u00e9\u00a0\u010dty\u0159i stovky n\u00e1v\u0161t\u011bvn\u00edk\u016f\u00a0si vyslechly sedm zaj\u00edmav\u00fdch\u00a0\u0159e\u010dn\u00edk\u016f, jejich\u017e\u00a0talky spojovalo t\u00e9ma \u201eNeviditeln\u00e9\u201d.<\/strong><\/p><br>\n\n\n\n<p>Oproti minul\u00fdm ro\u010dn\u00edk\u016fm byl TEDxPrague 2021 o n\u011bco komorn\u011bj\u0161\u00ed, o to v\u00edc byla ale v s\u00e1le c\u00edtit atmosf\u00e9ra pospolitosti a nad\u0161en\u00ed pro my\u0161lenky hodn\u00e9&nbsp;\u0161\u00ed\u0159en\u00ed. Po vynucen\u00e9 koronavirov\u00e9 pauze byla offline konference pro v\u011bt\u0161inu z\u00fa\u010dastn\u011bn\u00fdch doslova darem z nebes.<\/p>\n\n\n\n<blockquote class=\"wp-block-quote is-layout-flow wp-block-quote-is-layout-flow\"><p>V p\u0159ekr\u00e1sn\u00fdch prostor\u00e1ch kostela sv. Anny na Star\u00e9m M\u011bst\u011b, p\u0159ezd\u00edvan\u00e9m Pra\u017esk\u00e1 k\u0159i\u017eovatka, se ve dvou odpoledn\u00edch bloc\u00edch vyst\u0159\u00eddalo na p\u00f3diu dohromady sedm\u00a0\u0159e\u010dn\u00edk\u016f.<\/p><\/blockquote>\n\n\n\n<p>Osm\u00fd \u0159e\u010dn\u00edk, psycholog Radek Pt\u00e1\u010dek, musel nakonec ze zdravotn\u00edch d\u016fvod\u016f\u00a0svou \u00fa\u010dast na posledn\u00ed chv\u00edli zru\u0161it, m\u00edsto jeho vystoupen\u00ed si ale div\u00e1ci u\u017eili videotalk Johna Lloyda z glob\u00e1ln\u00ed konference TED z roku 2009.<\/p><br>\n\n\n\n<figure class=\"wp-block-image size-large\"><img loading=\"lazy\" decoding=\"async\" width=\"1024\" height=\"683\" src=\"https:\/\/www.mzone.cz\/wp-content\/uploads\/2021\/11\/20211106_TEDx_Prague_Neviditelne_Marek_Pitas_IMG_5654-1024x683.jpg\" alt=\"TEDxPrague 2021\" class=\"wp-image-34400\" srcset=\"https:\/\/www.mzone.cz\/wp-content\/uploads\/2021\/11\/20211106_TEDx_Prague_Neviditelne_Marek_Pitas_IMG_5654-1024x683.jpg 1024w, https:\/\/www.mzone.cz\/wp-content\/uploads\/2021\/11\/20211106_TEDx_Prague_Neviditelne_Marek_Pitas_IMG_5654-300x200.jpg 300w, https:\/\/www.mzone.cz\/wp-content\/uploads\/2021\/11\/20211106_TEDx_Prague_Neviditelne_Marek_Pitas_IMG_5654-768x512.jpg 768w, https:\/\/www.mzone.cz\/wp-content\/uploads\/2021\/11\/20211106_TEDx_Prague_Neviditelne_Marek_Pitas_IMG_5654-1536x1024.jpg 1536w, https:\/\/www.mzone.cz\/wp-content\/uploads\/2021\/11\/20211106_TEDx_Prague_Neviditelne_Marek_Pitas_IMG_5654-2048x1366.jpg 2048w, https:\/\/www.mzone.cz\/wp-content\/uploads\/2021\/11\/20211106_TEDx_Prague_Neviditelne_Marek_Pitas_IMG_5654-18x12.jpg 18w, https:\/\/www.mzone.cz\/wp-content\/uploads\/2021\/11\/20211106_TEDx_Prague_Neviditelne_Marek_Pitas_IMG_5654-800x533.jpg 800w, https:\/\/www.mzone.cz\/wp-content\/uploads\/2021\/11\/20211106_TEDx_Prague_Neviditelne_Marek_Pitas_IMG_5654-400x267.jpg 400w, https:\/\/www.mzone.cz\/wp-content\/uploads\/2021\/11\/20211106_TEDx_Prague_Neviditelne_Marek_Pitas_IMG_5654-500x333.jpg 500w, https:\/\/www.mzone.cz\/wp-content\/uploads\/2021\/11\/20211106_TEDx_Prague_Neviditelne_Marek_Pitas_IMG_5654-1170x780.jpg 1170w, https:\/\/www.mzone.cz\/wp-content\/uploads\/2021\/11\/20211106_TEDx_Prague_Neviditelne_Marek_Pitas_IMG_5654-590x393.jpg 590w\" sizes=\"auto, (max-width: 1024px) 100vw, 1024px\" \/><\/figure><br>\n\n\n\n<p>Neviditeln\u00e1 t\u00e9mata, probl\u00e9my i osobn\u00ed p\u0159\u00edb\u011bhy na p\u00f3diu postupn\u011b&nbsp;odprezentovali odborn\u00edk na sv\u011btlo Hynek Med\u0159ick\u00fd, politick\u00e1 market\u00e9rka Al\u017eb\u011bta Kr\u00e1lov\u00e1, expert na programatick\u00fd&nbsp;n\u00e1kup Mat\u011bj Nov\u00e1k, odborn\u00edk na IT a&nbsp;\u010dlen skupiny Ztohoven Martin Leskovjan, kulturn\u00ed antropolog Martin Soukup, b\u00fdval\u00fd&nbsp;trestanec Jan Drtina a p\u0159edn\u00ed&nbsp;\u010desk\u00e1 filosofka Anna Hogenov\u00e1.<\/p><br>\n\n\n\n<p>P\u0159\u00edjemn\u00e1 atmosf\u00e9ra a hodiny pln\u00e9 my\u0161lenek hodn\u00fdch\u00a0\u0161\u00ed\u0159en\u00ed se podepsaly nejen na spokojen\u00e9m publiku, ale tak\u00e9 na samotn\u00fdch\u00a0\u0159e\u010dn\u00edc\u00edch.<\/p>\n\n\n\n<blockquote class=\"wp-block-quote is-layout-flow wp-block-quote-is-layout-flow\"><p>\u201eJe skv\u011bl\u00e9 p\u0159edat informace lidem, kte\u0159\u00ed nejsp\u00ed\u0161\u00a0o dan\u00e9m t\u00e9matu moc netu\u0161\u00ed. Patn\u00e1ct minut je sice p\u0159\u00edli\u0161\u00a0kr\u00e1tk\u00fd \u010das na n\u011bjak\u00e9 hlub\u0161\u00ed osv\u011btlen\u00ed probl\u00e9mu, ale d\u00e1 se v nich za tu dobu zap\u00e1lit ohe\u0148\u00a0pozn\u00e1n\u00ed a oni sami si o tom pak mohou zjistit v\u00edce,\u201d popsal radost ze sv\u00e9 \u00fa\u010dasti Hynek Med\u0159ick\u00fd\u00a0kr\u00e1tce po skon\u010den\u00ed leto\u0161n\u00edho TEDxPrague.<\/p><\/blockquote>\n\n\n\n<p>Radost z mo\u017enosti pod\u011blit se na p\u00f3diu o sv\u00e9 \u201eneviditeln\u00e9\u201d probl\u00e9my m\u011bl i dal\u0161\u00ed z&nbsp;\u0159e\u010dn\u00edk\u016f, b\u00fdval\u00fd&nbsp;v\u011bze\u0148&nbsp;Jan Drtina: \u201eByla to pro m\u011b&nbsp;obrovsk\u00e1&nbsp;\u010dest moci takhle ve\u0159ejn\u011b&nbsp;vystoupit p\u0159ed tolika lidmi. Se sv\u00fdm p\u0159\u00edb\u011bhem jsem vy\u0161el na sv\u011btlo sv\u011bta ji\u017e&nbsp;n\u011bkolikr\u00e1t, v\u017edycky to ale bylo jen n\u011bkde na internetu nebo v novin\u00e1ch, nikdy p\u0159ed&nbsp;\u017eiv\u00fdm publikem,\u201d popsal sv\u00e9 dojmy Jan Drtina a dodal,&nbsp;\u017ee se touto osv\u011btou sna\u017e\u00ed smazat dluh spole\u010dnosti, kter\u00fd&nbsp;u n\u00ed z minulosti m\u00e1.<\/p><br>\n\n\n\n<figure class=\"wp-block-image size-large\"><img loading=\"lazy\" decoding=\"async\" width=\"1024\" height=\"683\" src=\"https:\/\/www.mzone.cz\/wp-content\/uploads\/2021\/11\/20211106_TEDx_Prague_Neviditelne_Marek_Pitas_IMG_5686-1024x683.jpg\" alt=\"TEDxPrague 2021\" class=\"wp-image-34404\" srcset=\"https:\/\/www.mzone.cz\/wp-content\/uploads\/2021\/11\/20211106_TEDx_Prague_Neviditelne_Marek_Pitas_IMG_5686-1024x683.jpg 1024w, https:\/\/www.mzone.cz\/wp-content\/uploads\/2021\/11\/20211106_TEDx_Prague_Neviditelne_Marek_Pitas_IMG_5686-300x200.jpg 300w, https:\/\/www.mzone.cz\/wp-content\/uploads\/2021\/11\/20211106_TEDx_Prague_Neviditelne_Marek_Pitas_IMG_5686-768x512.jpg 768w, https:\/\/www.mzone.cz\/wp-content\/uploads\/2021\/11\/20211106_TEDx_Prague_Neviditelne_Marek_Pitas_IMG_5686-1536x1024.jpg 1536w, https:\/\/www.mzone.cz\/wp-content\/uploads\/2021\/11\/20211106_TEDx_Prague_Neviditelne_Marek_Pitas_IMG_5686-2048x1365.jpg 2048w, https:\/\/www.mzone.cz\/wp-content\/uploads\/2021\/11\/20211106_TEDx_Prague_Neviditelne_Marek_Pitas_IMG_5686-18x12.jpg 18w, https:\/\/www.mzone.cz\/wp-content\/uploads\/2021\/11\/20211106_TEDx_Prague_Neviditelne_Marek_Pitas_IMG_5686-800x533.jpg 800w, https:\/\/www.mzone.cz\/wp-content\/uploads\/2021\/11\/20211106_TEDx_Prague_Neviditelne_Marek_Pitas_IMG_5686-400x267.jpg 400w, https:\/\/www.mzone.cz\/wp-content\/uploads\/2021\/11\/20211106_TEDx_Prague_Neviditelne_Marek_Pitas_IMG_5686-500x333.jpg 500w, https:\/\/www.mzone.cz\/wp-content\/uploads\/2021\/11\/20211106_TEDx_Prague_Neviditelne_Marek_Pitas_IMG_5686-1170x780.jpg 1170w, https:\/\/www.mzone.cz\/wp-content\/uploads\/2021\/11\/20211106_TEDx_Prague_Neviditelne_Marek_Pitas_IMG_5686-590x393.jpg 590w\" sizes=\"auto, (max-width: 1024px) 100vw, 1024px\" \/><\/figure><br>\n\n\n\n<p>Leto\u0161n\u00ed TEDxPrague se organiza\u010dn\u00edmu t\u00fdmu poda\u0159ilo uspo\u0159\u00e1dat v rekordn\u011b\u00a0kr\u00e1tk\u00e9m\u00a0\u010dase. Dlouho se toti\u017e\u00a0nev\u011bd\u011blo, zda covidov\u00e1 situace po\u0159\u00e1d\u00e1n\u00ed takov\u00e9 akce na podzim dovol\u00ed. V pr\u016fb\u011bhu l\u00e9ta se ale rozhodlo,\u00a0\u017ee TEDxPrague letos bude a za\u010dalo se s p\u0159\u00edpravami.<\/p>\n\n\n\n<blockquote class=\"wp-block-quote is-layout-flow wp-block-quote-is-layout-flow\"><p>\u201eJsem velmi r\u00e1d,\u00a0\u017ee i p\u0159es ty p\u0159ek\u00e1\u017eky a pochybnosti, kter\u00e9 na cest\u011b\u00a0byly, jsme zariskovali,\u00a0\u0161li do toho a nakonec se to povedlo,\u201d\u00a0\u0159\u00edk\u00e1 po akci spokojen\u00fd\u00a0n\u00e1\u010deln\u00edk TEDxPrague Ji\u0159\u00ed Vodi\u010dka a dod\u00e1v\u00e1: \u201eLeto\u0161n\u00ed t\u00e9ma\u00a0<em>Neviditeln\u00e9\u00a0<\/em>je nad\u010dasov\u00e9 a neot\u0159el\u00e9, mn\u011b\u00a0se moc l\u00edbilo a stejn\u00e9 ohlasy m\u00e1m i od ostatn\u00edch \u2013\u00a0\u0159e\u010dn\u00edk\u016f, n\u00e1v\u0161t\u011bvn\u00edk\u016f\u00a0i\u00a0\u010dlen\u016f\u00a0organiza\u010dn\u00edho t\u00fdmu.\u201d<\/p><\/blockquote>\n\n\n\n<p>TEDx je neziskov\u00e1 iniciativa, jej\u00edm\u017e\u00a0centrem jsou \u201emy\u0161lenky hodn\u00e9\u00a0\u0161\u00ed\u0159en\u00ed\u201d \u2013 sd\u00edlen\u00ed podn\u011btn\u00fdch n\u00e1pad\u016f\u00a0a p\u0159\u00edb\u011bh\u016f. TEDxPrague vznikl v roce 2009 inspirov\u00e1n <a href=\"https:\/\/www.ted.com\/\" target=\"_blank\" rel=\"noopener\">TED a pod jeho licenc\u00ed<\/a>. D\u00edky tomu je sou\u010d\u00e1st\u00ed celosv\u011btov\u00e9ho hnut\u00ed TEDx.<\/p><br>\n\n\n\n<div class=\"wp-block-media-text alignwide is-stacked-on-mobile is-vertically-aligned-top\" style=\"grid-template-columns:34% auto\"><figure class=\"wp-block-media-text__media\"><a href=\"https:\/\/www.mzone.cz\/tedxprague-2021-byvaly-trestanec-promluvi-o-navratu-do-normalniho-zivota\/\"><img loading=\"lazy\" decoding=\"async\" width=\"1024\" height=\"683\" src=\"https:\/\/www.mzone.cz\/wp-content\/uploads\/2021\/10\/Honza_Drtina_foto-2-1024x683.jpeg\" alt=\"Jan Drtina vystoup\u00ed na TEDxPrague\" class=\"wp-image-34124 size-full\" srcset=\"https:\/\/www.mzone.cz\/wp-content\/uploads\/2021\/10\/Honza_Drtina_foto-2-1024x683.jpeg 1024w, https:\/\/www.mzone.cz\/wp-content\/uploads\/2021\/10\/Honza_Drtina_foto-2-300x200.jpeg 300w, https:\/\/www.mzone.cz\/wp-content\/uploads\/2021\/10\/Honza_Drtina_foto-2-768x512.jpeg 768w, https:\/\/www.mzone.cz\/wp-content\/uploads\/2021\/10\/Honza_Drtina_foto-2-1536x1024.jpeg 1536w, https:\/\/www.mzone.cz\/wp-content\/uploads\/2021\/10\/Honza_Drtina_foto-2-18x12.jpeg 18w, https:\/\/www.mzone.cz\/wp-content\/uploads\/2021\/10\/Honza_Drtina_foto-2-800x533.jpeg 800w, https:\/\/www.mzone.cz\/wp-content\/uploads\/2021\/10\/Honza_Drtina_foto-2-400x267.jpeg 400w, https:\/\/www.mzone.cz\/wp-content\/uploads\/2021\/10\/Honza_Drtina_foto-2-500x333.jpeg 500w, https:\/\/www.mzone.cz\/wp-content\/uploads\/2021\/10\/Honza_Drtina_foto-2-1170x780.jpeg 1170w, https:\/\/www.mzone.cz\/wp-content\/uploads\/2021\/10\/Honza_Drtina_foto-2-590x393.jpeg 590w, https:\/\/www.mzone.cz\/wp-content\/uploads\/2021\/10\/Honza_Drtina_foto-2.jpeg 2005w\" sizes=\"auto, (max-width: 1024px) 100vw, 1024px\" \/><\/a><\/figure><div class=\"wp-block-media-text__content\">\n<h4><a href=\"https:\/\/www.mzone.cz\/tedxprague-2021-byvaly-trestanec-promluvi-o-navratu-do-normalniho-zivota\/\">7 z 10 lid\u00ed se d\u0159\u00edve nebo pozd\u011bji vr\u00e1t\u00ed do v\u011bzen\u00ed. B\u00fdval\u00fd trestanec promluv\u00ed na TEDxPrague o tom, jak to zm\u011bnit<\/a><\/h4><br>\n<\/div><\/div>\n\n\n\n<p><\/p>","protected":false},"excerpt":{"rendered":"<p>Po ro\u010dn\u00ed koronavirov\u00e9 p\u0159est\u00e1vce se v sobotu 6. listopadu uskute\u010dnil v Pra\u017esk\u00e9 k\u0159i\u017eovatce dal\u0161\u00ed ro\u010dn\u00edk TEDxPrague. Necel\u00e9\u00a0\u010dty\u0159i stovky n\u00e1v\u0161t\u011bvn\u00edk\u016f\u00a0si vyslechly sedm zaj\u00edmav\u00fdch\u00a0\u0159e\u010dn\u00edk\u016f, jejich\u017e\u00a0talky spojovalo t\u00e9ma \u201eNeviditeln\u00e9\u201d. Oproti minul\u00fdm ro\u010dn\u00edk\u016fm byl TEDxPrague 2021 o n\u011bco komorn\u011bj\u0161\u00ed, o to v\u00edc byla ale v s\u00e1le c\u00edtit atmosf\u00e9ra pospolitosti a nad\u0161en\u00ed pro my\u0161lenky hodn\u00e9&nbsp;\u0161\u00ed\u0159en\u00ed. Po vynucen\u00e9 koronavirov\u00e9 pauze byla [&hellip;]<\/p>\n","protected":false},"author":4,"featured_media":34409,"comment_status":"open","ping_status":"closed","sticky":false,"template":"","format":"standard","meta":{"kk_blocks_editor_width":"","_kiokenblocks_attr":"","_kiokenblocks_dimensions":"","footnotes":""},"categories":[25],"tags":[147,4108,1283,4109,363,4111,540,490,4112,1279,3621,4110],"class_list":["post-34394","post","type-post","status-publish","format-standard","has-post-thumbnail","hentry","category-style","tag-akce","tag-event","tag-konference","tag-neviditelne","tag-praha","tag-recnici","tag-spolecnost","tag-style","tag-talky","tag-tedx","tag-tedxprague","tag-tema"],"yoast_head":"<!-- This site is optimized with the Yoast SEO plugin v27.5 - https:\/\/yoast.com\/product\/yoast-seo-wordpress\/ -->\n<title>TEDxPrague se vr\u00e1til ke ko\u0159en\u016fm. Neviditeln\u00e1 t\u00e9mata m\u011bla u n\u00e1v\u0161t\u011bvn\u00edk\u016f \u00fasp\u011bch - Mzone<\/title>\n<meta name=\"description\" content=\"Po ro\u010dn\u00ed koronavirov\u00e9 p\u0159est\u00e1vce se v sobotu 6. listopadu uskute\u010dnil v Pra\u017esk\u00e9 k\u0159i\u017eovatce dal\u0161\u00ed ro\u010dn\u00edk TEDxPrague. Necel\u00e9 \u010dty\u0159i stovky n\u00e1v\u0161t\u011bvn\u00edk\u016f si vyslechly sedm zaj\u00edmav\u00fdch \u0159e\u010dn\u00edk\u016f, jejich\u017e talky spojovalo t\u00e9ma \u201eNeviditeln\u00e9\u201d.\" \/>\n<meta name=\"robots\" content=\"index, follow, max-snippet:-1, max-image-preview:large, max-video-preview:-1\" \/>\n<link rel=\"canonical\" href=\"https:\/\/www.mzone.cz\/en\/tedxprague-se-vratil-ke-korenum-neviditelna-temata-mela-u-navstevniku-uspech\/\" \/>\n<meta property=\"og:locale\" content=\"en_US\" \/>\n<meta property=\"og:type\" content=\"article\" \/>\n<meta property=\"og:title\" content=\"TEDxPrague se vr\u00e1til ke ko\u0159en\u016fm. Neviditeln\u00e1 t\u00e9mata m\u011bla u n\u00e1v\u0161t\u011bvn\u00edk\u016f \u00fasp\u011bch - Mzone\" \/>\n<meta property=\"og:description\" content=\"Po ro\u010dn\u00ed koronavirov\u00e9 p\u0159est\u00e1vce se v sobotu 6. listopadu uskute\u010dnil v Pra\u017esk\u00e9 k\u0159i\u017eovatce dal\u0161\u00ed ro\u010dn\u00edk TEDxPrague. Necel\u00e9 \u010dty\u0159i stovky n\u00e1v\u0161t\u011bvn\u00edk\u016f si vyslechly sedm zaj\u00edmav\u00fdch \u0159e\u010dn\u00edk\u016f, jejich\u017e talky spojovalo t\u00e9ma \u201eNeviditeln\u00e9\u201d.\" \/>\n<meta property=\"og:url\" content=\"https:\/\/www.mzone.cz\/en\/tedxprague-se-vratil-ke-korenum-neviditelna-temata-mela-u-navstevniku-uspech\/\" \/>\n<meta property=\"og:site_name\" content=\"Mzone\" \/>\n<meta property=\"article:publisher\" content=\"https:\/\/www.facebook.com\/MzoneCZ\/\" \/>\n<meta property=\"article:published_time\" content=\"2021-11-08T18:25:00+00:00\" \/>\n<meta property=\"article:modified_time\" content=\"2021-11-08T18:25:48+00:00\" \/>\n<meta property=\"og:image\" content=\"https:\/\/www.mzone.cz\/wp-content\/uploads\/2021\/11\/20211106_TEDx_Prague_Neviditelne_Marek_Pitas_IMG_5584-scaled.jpg\" \/>\n\t<meta property=\"og:image:width\" content=\"2560\" \/>\n\t<meta property=\"og:image:height\" content=\"1707\" \/>\n\t<meta property=\"og:image:type\" content=\"image\/jpeg\" \/>\n<meta name=\"author\" content=\"Mzone\" \/>\n<meta name=\"twitter:card\" content=\"summary_large_image\" \/>\n<meta name=\"twitter:label1\" content=\"Written by\" \/>\n\t<meta name=\"twitter:data1\" content=\"Mzone\" \/>\n\t<meta name=\"twitter:label2\" content=\"Est. reading time\" \/>\n\t<meta name=\"twitter:data2\" content=\"3 minutes\" \/>\n<script type=\"application\/ld+json\" class=\"yoast-schema-graph\">{\"@context\":\"https:\\\/\\\/schema.org\",\"@graph\":[{\"@type\":\"Article\",\"@id\":\"https:\\\/\\\/www.mzone.cz\\\/tedxprague-se-vratil-ke-korenum-neviditelna-temata-mela-u-navstevniku-uspech\\\/#article\",\"isPartOf\":{\"@id\":\"https:\\\/\\\/www.mzone.cz\\\/tedxprague-se-vratil-ke-korenum-neviditelna-temata-mela-u-navstevniku-uspech\\\/\"},\"author\":{\"name\":\"Mzone\",\"@id\":\"https:\\\/\\\/www.mzone.cz\\\/#\\\/schema\\\/person\\\/9bc20cc422a99cac4af6ff9297da32d4\"},\"headline\":\"TEDxPrague se vr\u00e1til ke ko\u0159en\u016fm. Neviditeln\u00e1 t\u00e9mata m\u011bla u n\u00e1v\u0161t\u011bvn\u00edk\u016f \u00fasp\u011bch\",\"datePublished\":\"2021-11-08T18:25:00+00:00\",\"dateModified\":\"2021-11-08T18:25:48+00:00\",\"mainEntityOfPage\":{\"@id\":\"https:\\\/\\\/www.mzone.cz\\\/tedxprague-se-vratil-ke-korenum-neviditelna-temata-mela-u-navstevniku-uspech\\\/\"},\"wordCount\":706,\"commentCount\":0,\"image\":{\"@id\":\"https:\\\/\\\/www.mzone.cz\\\/tedxprague-se-vratil-ke-korenum-neviditelna-temata-mela-u-navstevniku-uspech\\\/#primaryimage\"},\"thumbnailUrl\":\"https:\\\/\\\/www.mzone.cz\\\/wp-content\\\/uploads\\\/2021\\\/11\\\/20211106_TEDx_Prague_Neviditelne_Marek_Pitas_IMG_5584-scaled.jpg\",\"keywords\":[\"akce\",\"event\",\"konference\",\"neviditeln\u00e9\",\"Praha\",\"\u0159e\u010dn\u00edci\",\"spole\u010dnost\",\"style\",\"talky\",\"TEDx\",\"TEDxPrague\",\"t\u00e9ma\"],\"articleSection\":[\"Style\"],\"inLanguage\":\"en-US\",\"potentialAction\":[{\"@type\":\"CommentAction\",\"name\":\"Comment\",\"target\":[\"https:\\\/\\\/www.mzone.cz\\\/tedxprague-se-vratil-ke-korenum-neviditelna-temata-mela-u-navstevniku-uspech\\\/#respond\"]}]},{\"@type\":\"WebPage\",\"@id\":\"https:\\\/\\\/www.mzone.cz\\\/tedxprague-se-vratil-ke-korenum-neviditelna-temata-mela-u-navstevniku-uspech\\\/\",\"url\":\"https:\\\/\\\/www.mzone.cz\\\/tedxprague-se-vratil-ke-korenum-neviditelna-temata-mela-u-navstevniku-uspech\\\/\",\"name\":\"TEDxPrague se vr\u00e1til ke ko\u0159en\u016fm. Neviditeln\u00e1 t\u00e9mata m\u011bla u n\u00e1v\u0161t\u011bvn\u00edk\u016f \u00fasp\u011bch - Mzone\",\"isPartOf\":{\"@id\":\"https:\\\/\\\/www.mzone.cz\\\/#website\"},\"primaryImageOfPage\":{\"@id\":\"https:\\\/\\\/www.mzone.cz\\\/tedxprague-se-vratil-ke-korenum-neviditelna-temata-mela-u-navstevniku-uspech\\\/#primaryimage\"},\"image\":{\"@id\":\"https:\\\/\\\/www.mzone.cz\\\/tedxprague-se-vratil-ke-korenum-neviditelna-temata-mela-u-navstevniku-uspech\\\/#primaryimage\"},\"thumbnailUrl\":\"https:\\\/\\\/www.mzone.cz\\\/wp-content\\\/uploads\\\/2021\\\/11\\\/20211106_TEDx_Prague_Neviditelne_Marek_Pitas_IMG_5584-scaled.jpg\",\"datePublished\":\"2021-11-08T18:25:00+00:00\",\"dateModified\":\"2021-11-08T18:25:48+00:00\",\"author\":{\"@id\":\"https:\\\/\\\/www.mzone.cz\\\/#\\\/schema\\\/person\\\/9bc20cc422a99cac4af6ff9297da32d4\"},\"description\":\"Po ro\u010dn\u00ed koronavirov\u00e9 p\u0159est\u00e1vce se v sobotu 6. listopadu uskute\u010dnil v Pra\u017esk\u00e9 k\u0159i\u017eovatce dal\u0161\u00ed ro\u010dn\u00edk TEDxPrague. Necel\u00e9 \u010dty\u0159i stovky n\u00e1v\u0161t\u011bvn\u00edk\u016f si vyslechly sedm zaj\u00edmav\u00fdch \u0159e\u010dn\u00edk\u016f, jejich\u017e talky spojovalo t\u00e9ma \u201eNeviditeln\u00e9\u201d.\",\"breadcrumb\":{\"@id\":\"https:\\\/\\\/www.mzone.cz\\\/tedxprague-se-vratil-ke-korenum-neviditelna-temata-mela-u-navstevniku-uspech\\\/#breadcrumb\"},\"inLanguage\":\"en-US\",\"potentialAction\":[{\"@type\":\"ReadAction\",\"target\":[\"https:\\\/\\\/www.mzone.cz\\\/tedxprague-se-vratil-ke-korenum-neviditelna-temata-mela-u-navstevniku-uspech\\\/\"]}]},{\"@type\":\"ImageObject\",\"inLanguage\":\"en-US\",\"@id\":\"https:\\\/\\\/www.mzone.cz\\\/tedxprague-se-vratil-ke-korenum-neviditelna-temata-mela-u-navstevniku-uspech\\\/#primaryimage\",\"url\":\"https:\\\/\\\/www.mzone.cz\\\/wp-content\\\/uploads\\\/2021\\\/11\\\/20211106_TEDx_Prague_Neviditelne_Marek_Pitas_IMG_5584-scaled.jpg\",\"contentUrl\":\"https:\\\/\\\/www.mzone.cz\\\/wp-content\\\/uploads\\\/2021\\\/11\\\/20211106_TEDx_Prague_Neviditelne_Marek_Pitas_IMG_5584-scaled.jpg\",\"width\":2560,\"height\":1707,\"caption\":\"TEDxPrague 2021\"},{\"@type\":\"BreadcrumbList\",\"@id\":\"https:\\\/\\\/www.mzone.cz\\\/tedxprague-se-vratil-ke-korenum-neviditelna-temata-mela-u-navstevniku-uspech\\\/#breadcrumb\",\"itemListElement\":[{\"@type\":\"ListItem\",\"position\":1,\"name\":\"Dom\u016f\",\"item\":\"https:\\\/\\\/www.mzone.cz\\\/\"},{\"@type\":\"ListItem\",\"position\":2,\"name\":\"TEDxPrague se vr\u00e1til ke ko\u0159en\u016fm. Neviditeln\u00e1 t\u00e9mata m\u011bla u n\u00e1v\u0161t\u011bvn\u00edk\u016f \u00fasp\u011bch\"}]},{\"@type\":\"WebSite\",\"@id\":\"https:\\\/\\\/www.mzone.cz\\\/#website\",\"url\":\"https:\\\/\\\/www.mzone.cz\\\/\",\"name\":\"Mzone\",\"description\":\"Magaz\u00edn nejen pro mu\u017ee\",\"potentialAction\":[{\"@type\":\"SearchAction\",\"target\":{\"@type\":\"EntryPoint\",\"urlTemplate\":\"https:\\\/\\\/www.mzone.cz\\\/?s={search_term_string}\"},\"query-input\":{\"@type\":\"PropertyValueSpecification\",\"valueRequired\":true,\"valueName\":\"search_term_string\"}}],\"inLanguage\":\"en-US\"},{\"@type\":\"Person\",\"@id\":\"https:\\\/\\\/www.mzone.cz\\\/#\\\/schema\\\/person\\\/9bc20cc422a99cac4af6ff9297da32d4\",\"name\":\"Mzone\",\"image\":{\"@type\":\"ImageObject\",\"inLanguage\":\"en-US\",\"@id\":\"https:\\\/\\\/secure.gravatar.com\\\/avatar\\\/e780a8630f3182a3d06dd667ab6bea151a0d155b0951bc15fe22633acdac0676?s=96&d=mm&r=g\",\"url\":\"https:\\\/\\\/secure.gravatar.com\\\/avatar\\\/e780a8630f3182a3d06dd667ab6bea151a0d155b0951bc15fe22633acdac0676?s=96&d=mm&r=g\",\"contentUrl\":\"https:\\\/\\\/secure.gravatar.com\\\/avatar\\\/e780a8630f3182a3d06dd667ab6bea151a0d155b0951bc15fe22633acdac0676?s=96&d=mm&r=g\",\"caption\":\"Mzone\"},\"url\":\"https:\\\/\\\/www.mzone.cz\\\/en\\\/author\\\/jakub\\\/\"}]}<\/script>\n<!-- \/ Yoast SEO plugin. -->","yoast_head_json":{"title":"TEDxPrague se vr\u00e1til ke ko\u0159en\u016fm. Neviditeln\u00e1 t\u00e9mata m\u011bla u n\u00e1v\u0161t\u011bvn\u00edk\u016f \u00fasp\u011bch - Mzone","description":"Po ro\u010dn\u00ed koronavirov\u00e9 p\u0159est\u00e1vce se v sobotu 6. listopadu uskute\u010dnil v Pra\u017esk\u00e9 k\u0159i\u017eovatce dal\u0161\u00ed ro\u010dn\u00edk TEDxPrague. Necel\u00e9 \u010dty\u0159i stovky n\u00e1v\u0161t\u011bvn\u00edk\u016f si vyslechly sedm zaj\u00edmav\u00fdch \u0159e\u010dn\u00edk\u016f, jejich\u017e talky spojovalo t\u00e9ma \u201eNeviditeln\u00e9\u201d.","robots":{"index":"index","follow":"follow","max-snippet":"max-snippet:-1","max-image-preview":"max-image-preview:large","max-video-preview":"max-video-preview:-1"},"canonical":"https:\/\/www.mzone.cz\/en\/tedxprague-se-vratil-ke-korenum-neviditelna-temata-mela-u-navstevniku-uspech\/","og_locale":"en_US","og_type":"article","og_title":"TEDxPrague se vr\u00e1til ke ko\u0159en\u016fm. Neviditeln\u00e1 t\u00e9mata m\u011bla u n\u00e1v\u0161t\u011bvn\u00edk\u016f \u00fasp\u011bch - Mzone","og_description":"Po ro\u010dn\u00ed koronavirov\u00e9 p\u0159est\u00e1vce se v sobotu 6. listopadu uskute\u010dnil v Pra\u017esk\u00e9 k\u0159i\u017eovatce dal\u0161\u00ed ro\u010dn\u00edk TEDxPrague. Necel\u00e9 \u010dty\u0159i stovky n\u00e1v\u0161t\u011bvn\u00edk\u016f si vyslechly sedm zaj\u00edmav\u00fdch \u0159e\u010dn\u00edk\u016f, jejich\u017e talky spojovalo t\u00e9ma \u201eNeviditeln\u00e9\u201d.","og_url":"https:\/\/www.mzone.cz\/en\/tedxprague-se-vratil-ke-korenum-neviditelna-temata-mela-u-navstevniku-uspech\/","og_site_name":"Mzone","article_publisher":"https:\/\/www.facebook.com\/MzoneCZ\/","article_published_time":"2021-11-08T18:25:00+00:00","article_modified_time":"2021-11-08T18:25:48+00:00","og_image":[{"width":2560,"height":1707,"url":"https:\/\/www.mzone.cz\/wp-content\/uploads\/2021\/11\/20211106_TEDx_Prague_Neviditelne_Marek_Pitas_IMG_5584-scaled.jpg","type":"image\/jpeg"}],"author":"Mzone","twitter_card":"summary_large_image","twitter_misc":{"Written by":"Mzone","Est. reading time":"3 minutes"},"schema":{"@context":"https:\/\/schema.org","@graph":[{"@type":"Article","@id":"https:\/\/www.mzone.cz\/tedxprague-se-vratil-ke-korenum-neviditelna-temata-mela-u-navstevniku-uspech\/#article","isPartOf":{"@id":"https:\/\/www.mzone.cz\/tedxprague-se-vratil-ke-korenum-neviditelna-temata-mela-u-navstevniku-uspech\/"},"author":{"name":"Mzone","@id":"https:\/\/www.mzone.cz\/#\/schema\/person\/9bc20cc422a99cac4af6ff9297da32d4"},"headline":"TEDxPrague se vr\u00e1til ke ko\u0159en\u016fm. Neviditeln\u00e1 t\u00e9mata m\u011bla u n\u00e1v\u0161t\u011bvn\u00edk\u016f \u00fasp\u011bch","datePublished":"2021-11-08T18:25:00+00:00","dateModified":"2021-11-08T18:25:48+00:00","mainEntityOfPage":{"@id":"https:\/\/www.mzone.cz\/tedxprague-se-vratil-ke-korenum-neviditelna-temata-mela-u-navstevniku-uspech\/"},"wordCount":706,"commentCount":0,"image":{"@id":"https:\/\/www.mzone.cz\/tedxprague-se-vratil-ke-korenum-neviditelna-temata-mela-u-navstevniku-uspech\/#primaryimage"},"thumbnailUrl":"https:\/\/www.mzone.cz\/wp-content\/uploads\/2021\/11\/20211106_TEDx_Prague_Neviditelne_Marek_Pitas_IMG_5584-scaled.jpg","keywords":["akce","event","konference","neviditeln\u00e9","Praha","\u0159e\u010dn\u00edci","spole\u010dnost","style","talky","TEDx","TEDxPrague","t\u00e9ma"],"articleSection":["Style"],"inLanguage":"en-US","potentialAction":[{"@type":"CommentAction","name":"Comment","target":["https:\/\/www.mzone.cz\/tedxprague-se-vratil-ke-korenum-neviditelna-temata-mela-u-navstevniku-uspech\/#respond"]}]},{"@type":"WebPage","@id":"https:\/\/www.mzone.cz\/tedxprague-se-vratil-ke-korenum-neviditelna-temata-mela-u-navstevniku-uspech\/","url":"https:\/\/www.mzone.cz\/tedxprague-se-vratil-ke-korenum-neviditelna-temata-mela-u-navstevniku-uspech\/","name":"TEDxPrague se vr\u00e1til ke ko\u0159en\u016fm. Neviditeln\u00e1 t\u00e9mata m\u011bla u n\u00e1v\u0161t\u011bvn\u00edk\u016f \u00fasp\u011bch - Mzone","isPartOf":{"@id":"https:\/\/www.mzone.cz\/#website"},"primaryImageOfPage":{"@id":"https:\/\/www.mzone.cz\/tedxprague-se-vratil-ke-korenum-neviditelna-temata-mela-u-navstevniku-uspech\/#primaryimage"},"image":{"@id":"https:\/\/www.mzone.cz\/tedxprague-se-vratil-ke-korenum-neviditelna-temata-mela-u-navstevniku-uspech\/#primaryimage"},"thumbnailUrl":"https:\/\/www.mzone.cz\/wp-content\/uploads\/2021\/11\/20211106_TEDx_Prague_Neviditelne_Marek_Pitas_IMG_5584-scaled.jpg","datePublished":"2021-11-08T18:25:00+00:00","dateModified":"2021-11-08T18:25:48+00:00","author":{"@id":"https:\/\/www.mzone.cz\/#\/schema\/person\/9bc20cc422a99cac4af6ff9297da32d4"},"description":"Po ro\u010dn\u00ed koronavirov\u00e9 p\u0159est\u00e1vce se v sobotu 6. listopadu uskute\u010dnil v Pra\u017esk\u00e9 k\u0159i\u017eovatce dal\u0161\u00ed ro\u010dn\u00edk TEDxPrague. Necel\u00e9 \u010dty\u0159i stovky n\u00e1v\u0161t\u011bvn\u00edk\u016f si vyslechly sedm zaj\u00edmav\u00fdch \u0159e\u010dn\u00edk\u016f, jejich\u017e talky spojovalo t\u00e9ma \u201eNeviditeln\u00e9\u201d.","breadcrumb":{"@id":"https:\/\/www.mzone.cz\/tedxprague-se-vratil-ke-korenum-neviditelna-temata-mela-u-navstevniku-uspech\/#breadcrumb"},"inLanguage":"en-US","potentialAction":[{"@type":"ReadAction","target":["https:\/\/www.mzone.cz\/tedxprague-se-vratil-ke-korenum-neviditelna-temata-mela-u-navstevniku-uspech\/"]}]},{"@type":"ImageObject","inLanguage":"en-US","@id":"https:\/\/www.mzone.cz\/tedxprague-se-vratil-ke-korenum-neviditelna-temata-mela-u-navstevniku-uspech\/#primaryimage","url":"https:\/\/www.mzone.cz\/wp-content\/uploads\/2021\/11\/20211106_TEDx_Prague_Neviditelne_Marek_Pitas_IMG_5584-scaled.jpg","contentUrl":"https:\/\/www.mzone.cz\/wp-content\/uploads\/2021\/11\/20211106_TEDx_Prague_Neviditelne_Marek_Pitas_IMG_5584-scaled.jpg","width":2560,"height":1707,"caption":"TEDxPrague 2021"},{"@type":"BreadcrumbList","@id":"https:\/\/www.mzone.cz\/tedxprague-se-vratil-ke-korenum-neviditelna-temata-mela-u-navstevniku-uspech\/#breadcrumb","itemListElement":[{"@type":"ListItem","position":1,"name":"Dom\u016f","item":"https:\/\/www.mzone.cz\/"},{"@type":"ListItem","position":2,"name":"TEDxPrague se vr\u00e1til ke ko\u0159en\u016fm. Neviditeln\u00e1 t\u00e9mata m\u011bla u n\u00e1v\u0161t\u011bvn\u00edk\u016f \u00fasp\u011bch"}]},{"@type":"WebSite","@id":"https:\/\/www.mzone.cz\/#website","url":"https:\/\/www.mzone.cz\/","name":"Mzone","description":"Magaz\u00edn nejen pro mu\u017ee","potentialAction":[{"@type":"SearchAction","target":{"@type":"EntryPoint","urlTemplate":"https:\/\/www.mzone.cz\/?s={search_term_string}"},"query-input":{"@type":"PropertyValueSpecification","valueRequired":true,"valueName":"search_term_string"}}],"inLanguage":"en-US"},{"@type":"Person","@id":"https:\/\/www.mzone.cz\/#\/schema\/person\/9bc20cc422a99cac4af6ff9297da32d4","name":"Mzone","image":{"@type":"ImageObject","inLanguage":"en-US","@id":"https:\/\/secure.gravatar.com\/avatar\/e780a8630f3182a3d06dd667ab6bea151a0d155b0951bc15fe22633acdac0676?s=96&d=mm&r=g","url":"https:\/\/secure.gravatar.com\/avatar\/e780a8630f3182a3d06dd667ab6bea151a0d155b0951bc15fe22633acdac0676?s=96&d=mm&r=g","contentUrl":"https:\/\/secure.gravatar.com\/avatar\/e780a8630f3182a3d06dd667ab6bea151a0d155b0951bc15fe22633acdac0676?s=96&d=mm&r=g","caption":"Mzone"},"url":"https:\/\/www.mzone.cz\/en\/author\/jakub\/"}]}},"_links":{"self":[{"href":"https:\/\/www.mzone.cz\/en\/wp-json\/wp\/v2\/posts\/34394","targetHints":{"allow":["GET"]}}],"collection":[{"href":"https:\/\/www.mzone.cz\/en\/wp-json\/wp\/v2\/posts"}],"about":[{"href":"https:\/\/www.mzone.cz\/en\/wp-json\/wp\/v2\/types\/post"}],"author":[{"embeddable":true,"href":"https:\/\/www.mzone.cz\/en\/wp-json\/wp\/v2\/users\/4"}],"replies":[{"embeddable":true,"href":"https:\/\/www.mzone.cz\/en\/wp-json\/wp\/v2\/comments?post=34394"}],"version-history":[{"count":10,"href":"https:\/\/www.mzone.cz\/en\/wp-json\/wp\/v2\/posts\/34394\/revisions"}],"predecessor-version":[{"id":34415,"href":"https:\/\/www.mzone.cz\/en\/wp-json\/wp\/v2\/posts\/34394\/revisions\/34415"}],"wp:featuredmedia":[{"embeddable":true,"href":"https:\/\/www.mzone.cz\/en\/wp-json\/wp\/v2\/media\/34409"}],"wp:attachment":[{"href":"https:\/\/www.mzone.cz\/en\/wp-json\/wp\/v2\/media?parent=34394"}],"wp:term":[{"taxonomy":"category","embeddable":true,"href":"https:\/\/www.mzone.cz\/en\/wp-json\/wp\/v2\/categories?post=34394"},{"taxonomy":"post_tag","embeddable":true,"href":"https:\/\/www.mzone.cz\/en\/wp-json\/wp\/v2\/tags?post=34394"}],"curies":[{"name":"wp","href":"https:\/\/api.w.org\/{rel}","templated":true}]}}