{"id":34634,"date":"2021-11-25T23:11:17","date_gmt":"2021-11-25T22:11:17","guid":{"rendered":"https:\/\/www.mzone.cz\/?p=34634"},"modified":"2021-11-25T23:12:25","modified_gmt":"2021-11-25T22:12:25","slug":"nejvetsi-balon-na-ceskem-nebi-proletet-se-muzete-i-vy","status":"publish","type":"post","link":"https:\/\/www.mzone.cz\/en\/nejvetsi-balon-na-ceskem-nebi-proletet-se-muzete-i-vy\/","title":{"rendered":"37 metr\u016f. Takhle vysok\u00fd bude nejv\u011bt\u0161\u00ed balon na \u010desk\u00e9m nebi. Prolet\u011bt se m\u016f\u017eete i vy"},"content":{"rendered":"<p><strong>Kdy\u017e spoj\u00edte dobrodru\u017estv\u00ed ve v\u00fd\u0161ce s n\u00e1dhern\u00fdmi v\u00fdhledy, z\u00edsk\u00e1te nejobl\u00edben\u011bj\u0161\u00ed z\u00e1\u017eitek v \u010cesku. Let balonem. A kdy\u017e k tomu p\u0159ihod\u00edte, \u017ee jde o <a href=\"https:\/\/www.zazitky.cz\/let-nejvetsim-balonem\" target=\"_blank\" rel=\"noopener\">v\u00fdlet nejv\u011bt\u0161\u00edm balonem<\/a> v\u016fbec v cel\u00e9 st\u0159edn\u00ed Evrop\u011b, dostanete n\u011bco ohromuj\u00edc\u00edho.<\/strong><\/p><br>\n\n\n\n<h2 class=\"wp-block-heading\">Je libo balonov\u00e9 l\u00e9t\u00e1n\u00ed ve variant\u011b mega?<\/h2>\n\n\n\n<p><strong>Vystoupat do v\u00fd\u0161ky, <\/strong>hodit v\u0161echno za hlavu a jen tak si u\u017e\u00edvat sv\u011bt<strong> <\/strong>pod sebou. To \u010desk\u00e9 kluky a mu\u017ee <strong>l\u00e1k\u00e1<\/strong>. V\u00edce ne\u017e pilotov\u00e1n\u00ed letadla, bungee jumping nebo skok s pad\u00e1kem. Mo\u017en\u00e1 nev\u011b\u0159\u00edte, ale na v\u00fdlet bal\u00f3nem se \u010dek\u00e1 t\u00fddny. I proto se v z\u00e1\u017eitkov\u00e9 firm\u011b<em> Z\u00e1\u017eitky.cz <\/em>rozhodli rozuzlit tuhle situaci po sv\u00e9m.<\/p><br>\n\n\n\n<p>\u010cesk\u00e1 balon\u00e1\u0159sk\u00e1 zna\u010dka <em>Kub\u00ed\u010dek<\/em> jim \u0161ije <a href=\"https:\/\/www.zazitky.cz\/nejvetsibalon\" target=\"_blank\" rel=\"noopener\">nejv\u011bt\u0161\u00ed balon v \u010cesku<\/a> i st\u0159edn\u00ed Evrop\u011b. <strong>Nebesk\u00fd gigant<\/strong> se bude ty\u010dit do v\u00fd\u0161ky <strong>37 metr\u016f<\/strong>. Stejn\u011b jako 12patrov\u00e1 bytovka, 11 autobus\u016f na sob\u011b nebo \u2154 Pet\u0159\u00ednsk\u00e9 rozhledny.<\/p>\n\n\n\n<blockquote class=\"wp-block-quote is-layout-flow wp-block-quote-is-layout-flow\"><p>Samotn\u00fd <strong>objem <\/strong>balonu \u010din\u00ed \u00factyhodn\u00fdch<strong> 13 000 m\u00b3<\/strong>. Do ob\u0159\u00edho ko\u0161e se vejde 24 lid\u00ed, tedy 3\u00d7 v\u00edce ne\u017e norm\u00e1ln\u011b.<\/p><\/blockquote>\n\n\n\n<figure class=\"wp-block-image size-full\"><img loading=\"lazy\" decoding=\"async\" width=\"800\" height=\"534\" src=\"https:\/\/www.mzone.cz\/wp-content\/uploads\/2021\/11\/let-nejvetsim-balonem-766e9cd0e3.jpg\" alt=\"Tuzemsk\u00fd rekord zat\u00edm dr\u017e\u00ed balon v\u00fd\u0161ky 31 metr\u016f\" class=\"wp-image-34639\" srcset=\"https:\/\/www.mzone.cz\/wp-content\/uploads\/2021\/11\/let-nejvetsim-balonem-766e9cd0e3.jpg 800w, https:\/\/www.mzone.cz\/wp-content\/uploads\/2021\/11\/let-nejvetsim-balonem-766e9cd0e3-300x200.jpg 300w, https:\/\/www.mzone.cz\/wp-content\/uploads\/2021\/11\/let-nejvetsim-balonem-766e9cd0e3-768x513.jpg 768w, https:\/\/www.mzone.cz\/wp-content\/uploads\/2021\/11\/let-nejvetsim-balonem-766e9cd0e3-18x12.jpg 18w, https:\/\/www.mzone.cz\/wp-content\/uploads\/2021\/11\/let-nejvetsim-balonem-766e9cd0e3-400x267.jpg 400w, https:\/\/www.mzone.cz\/wp-content\/uploads\/2021\/11\/let-nejvetsim-balonem-766e9cd0e3-500x333.jpg 500w, https:\/\/www.mzone.cz\/wp-content\/uploads\/2021\/11\/let-nejvetsim-balonem-766e9cd0e3-590x394.jpg 590w\" sizes=\"auto, (max-width: 800px) 100vw, 800px\" \/><figcaption>Tuzemsk\u00fd rekord dr\u017e\u00ed balon v\u00fd\u0161ky 31 metr\u016f. Z\u00e1\u017eitkov\u00fd balon ho ale je\u0161t\u011b o 6 metr\u016f p\u0159ev\u00fd\u0161\u00ed.<\/figcaption><\/figure><br>\n\n\n\n<h2 class=\"wp-block-heading\">2\u00d7 nej: nejkr\u00e1sn\u011bj\u0161\u00ed m\u00edsta v nejv\u011bt\u0161\u00edm balonu<\/h2>\n\n\n\n<p>Z ko\u0161e<strong> l\u00e9taj\u00edc\u00edho obra <\/strong>si prohl\u00e9dnete malebn\u00e9 kouty republiky. Z pta\u010d\u00ed perspektivy tak uvid\u00edte \u010cesk\u00fd Krumlov, Konopi\u0161t\u011b, Karl\u0161tejn nebo \u010cesk\u00fd r\u00e1j. Pro zaj\u00edmavost. U <a href=\"https:\/\/www.zazitky.cz\/privatni-let-nejvetsim-balonem\" target=\"_blank\" rel=\"noopener\">soukrom\u00e9ho letu nejv\u011bt\u0161\u00edm bal\u00f3nem<\/a> m\u00e1te na v\u00fdb\u011br<strong> odletov\u00fdch m\u00edst <\/strong>je\u0161t\u011b <strong>v\u00edce<\/strong>. Jen tak n\u00e1hodou \u2013 skv\u011bl\u00fd tip pro ak\u010dn\u00ed rodiny nebo firmy.<\/p><br>\n\n\n\n<figure class=\"wp-block-image size-full\"><img loading=\"lazy\" decoding=\"async\" width=\"800\" height=\"600\" src=\"https:\/\/www.mzone.cz\/wp-content\/uploads\/2021\/11\/let-nejvetsim-balonem-09ecb7a5be.jpg\" alt=\"Nejv\u011bt\u0161\u00ed horkovzdu\u0161n\u00fd balon v \u010cesku\" class=\"wp-image-34641\" srcset=\"https:\/\/www.mzone.cz\/wp-content\/uploads\/2021\/11\/let-nejvetsim-balonem-09ecb7a5be.jpg 800w, https:\/\/www.mzone.cz\/wp-content\/uploads\/2021\/11\/let-nejvetsim-balonem-09ecb7a5be-300x225.jpg 300w, https:\/\/www.mzone.cz\/wp-content\/uploads\/2021\/11\/let-nejvetsim-balonem-09ecb7a5be-768x576.jpg 768w, https:\/\/www.mzone.cz\/wp-content\/uploads\/2021\/11\/let-nejvetsim-balonem-09ecb7a5be-16x12.jpg 16w, https:\/\/www.mzone.cz\/wp-content\/uploads\/2021\/11\/let-nejvetsim-balonem-09ecb7a5be-590x443.jpg 590w\" sizes=\"auto, (max-width: 800px) 100vw, 800px\" \/><figcaption>K letu nad nejkr\u00e1sn\u011bj\u0161\u00edmi m\u00edsty se \u010dasem p\u0159id\u00e1 putovn\u00ed cesta po cel\u00e9 \u010cR<br><br><\/figcaption><\/figure><br>\n\n\n\n<h2 class=\"wp-block-heading\">Ule\u0165te si na dobrodru\u017estv\u00ed v oblac\u00edch<\/h2>\n\n\n\n<p>V\u00fdlet v nejv\u011bt\u0161\u00edm leteck\u00e9m objektu, jak\u00fd jste kdy vid\u011bli, zabere zhruba hodinu. A po p\u0159ist\u00e1n\u00ed na louce si projdete<strong> k\u0159tem prvoletc\u016f<\/strong>. Z\u00e1rove\u0148 zjist\u00edte i n\u011bco z <strong>historie balonov\u00e9ho l\u00e9t\u00e1n\u00ed<\/strong>. To v\u0161e p\u0159i kapce sektu.<\/p>\n\n\n\n<blockquote class=\"wp-block-quote is-layout-flow wp-block-quote-is-layout-flow\"><p>Na pam\u00e1tku si odnesete i k\u0159estn\u00ed list. Super z\u00e1\u017eitek pro ka\u017ed\u00e9ho.\u00a0<\/p><\/blockquote>\n\n\n\n<p>Zaujalo? <a href=\"https:\/\/www.zazitky.cz\/let-nejvetsim-balonem\" target=\"_blank\" rel=\"noopener\">Let nejv\u011bt\u0161\u00edm balonem v \u010cR<\/a> najdete na <em>Z\u00e1\u017eitky.cz<\/em>. Po zakoupen\u00ed m\u00e1te na vzduchoplavbu \u010das <strong>24 m\u011bs\u00edc\u016f<\/strong>. A term\u00edn i m\u00edsto odletu se d\u00e1 kdykoliv p\u0159erezervovat.<\/p><br>\n\n\n\n<div class=\"wp-block-media-text alignwide is-stacked-on-mobile is-vertically-aligned-top\" style=\"grid-template-columns:35% auto\"><figure class=\"wp-block-media-text__media\"><a href=\"https:\/\/www.mzone.cz\/az-vyrostu-budu-pilotem-aneb-odpovedi-na-otazky-ktere-se-honi-hlavou-kazdemu-klukovi\/\"><img loading=\"lazy\" decoding=\"async\" width=\"1024\" height=\"683\" src=\"https:\/\/www.mzone.cz\/wp-content\/uploads\/2019\/03\/cockpit-2576889_1920-1024x683.jpg\" alt=\"\" class=\"wp-image-5784 size-full\" srcset=\"https:\/\/www.mzone.cz\/wp-content\/uploads\/2019\/03\/cockpit-2576889_1920-1024x683.jpg 1024w, https:\/\/www.mzone.cz\/wp-content\/uploads\/2019\/03\/cockpit-2576889_1920-300x200.jpg 300w, https:\/\/www.mzone.cz\/wp-content\/uploads\/2019\/03\/cockpit-2576889_1920-768x512.jpg 768w, https:\/\/www.mzone.cz\/wp-content\/uploads\/2019\/03\/cockpit-2576889_1920-800x533.jpg 800w, https:\/\/www.mzone.cz\/wp-content\/uploads\/2019\/03\/cockpit-2576889_1920-400x267.jpg 400w, https:\/\/www.mzone.cz\/wp-content\/uploads\/2019\/03\/cockpit-2576889_1920-500x333.jpg 500w, https:\/\/www.mzone.cz\/wp-content\/uploads\/2019\/03\/cockpit-2576889_1920-1170x780.jpg 1170w, https:\/\/www.mzone.cz\/wp-content\/uploads\/2019\/03\/cockpit-2576889_1920-590x393.jpg 590w, https:\/\/www.mzone.cz\/wp-content\/uploads\/2019\/03\/cockpit-2576889_1920.jpg 1920w\" sizes=\"auto, (max-width: 1024px) 100vw, 1024px\" \/><\/a><\/figure><div class=\"wp-block-media-text__content\">\n<h4><a href=\"https:\/\/www.mzone.cz\/az-vyrostu-budu-pilotem-aneb-odpovedi-na-otazky-ktere-se-honi-hlavou-kazdemu-klukovi\/\">A\u017e vyrostu, budu pilotem aneb odpov\u011bdi na ot\u00e1zky o letadlech, kter\u00e9 se hon\u00ed hlavou ka\u017ed\u00e9mu klukovi<\/a><\/h4><br>\n<\/div><\/div>\n\n\n\n<p><\/p>","protected":false},"excerpt":{"rendered":"<p>Kdy\u017e spoj\u00edte dobrodru\u017estv\u00ed ve v\u00fd\u0161ce s n\u00e1dhern\u00fdmi v\u00fdhledy, z\u00edsk\u00e1te nejobl\u00edben\u011bj\u0161\u00ed z\u00e1\u017eitek v \u010cesku. Let balonem. A kdy\u017e k tomu p\u0159ihod\u00edte, \u017ee jde o v\u00fdlet nejv\u011bt\u0161\u00edm balonem v\u016fbec v cel\u00e9 st\u0159edn\u00ed Evrop\u011b, dostanete n\u011bco ohromuj\u00edc\u00edho. Je libo balonov\u00e9 l\u00e9t\u00e1n\u00ed ve variant\u011b mega? Vystoupat do v\u00fd\u0161ky, hodit v\u0161echno za hlavu a jen tak si u\u017e\u00edvat sv\u011bt pod [&hellip;]<\/p>\n","protected":false},"author":4,"featured_media":34636,"comment_status":"open","ping_status":"closed","sticky":false,"template":"","format":"standard","meta":{"kk_blocks_editor_width":"","_kiokenblocks_attr":"","_kiokenblocks_dimensions":"","footnotes":""},"categories":[29,25,65],"tags":[5262,1030,5263,5261,750,17,5260,1909,1297,490,434,572,1538,573,3801],"class_list":["post-34634","post","type-post","status-publish","format-standard","has-post-thumbnail","hentry","category-lifestyle","category-style","category-technika","tag-balon","tag-cesko","tag-horkovzdusny-balon","tag-let-balonem","tag-letani","tag-lifestyle","tag-nejvetsi-balon","tag-rekord","tag-rekordy","tag-style","tag-technika","tag-tipy","tag-zajimavosti","tag-zazitek","tag-zazitky"],"yoast_head":"<!-- This site is optimized with the Yoast SEO plugin v27.5 - https:\/\/yoast.com\/product\/yoast-seo-wordpress\/ -->\n<title>37 metr\u016f. Takhle vysok\u00fd bude nejv\u011bt\u0161\u00ed balon na \u010desk\u00e9m nebi. Prolet\u011bt se m\u016f\u017eete i vy - Mzone<\/title>\n<meta name=\"description\" content=\"Kdy\u017e spoj\u00edte dobrodru\u017estv\u00ed ve v\u00fd\u0161ce s n\u00e1dhern\u00fdmi v\u00fdhledy, z\u00edsk\u00e1te nejobl\u00edben\u011bj\u0161\u00ed z\u00e1\u017eitek v \u010cesku. Let balonem. A kdy\u017e k tomu p\u0159ihod\u00edte, \u017ee jde o v\u00fdlet nejv\u011bt\u0161\u00edm balonem v\u016fbec v cel\u00e9 st\u0159edn\u00ed Evrop\u011b, dostanete n\u011bco ohromuj\u00edc\u00edho.\" \/>\n<meta name=\"robots\" content=\"index, follow, max-snippet:-1, max-image-preview:large, max-video-preview:-1\" \/>\n<link rel=\"canonical\" href=\"https:\/\/www.mzone.cz\/en\/nejvetsi-balon-na-ceskem-nebi-proletet-se-muzete-i-vy\/\" \/>\n<meta property=\"og:locale\" content=\"en_US\" \/>\n<meta property=\"og:type\" content=\"article\" \/>\n<meta property=\"og:title\" content=\"37 metr\u016f. Takhle vysok\u00fd bude nejv\u011bt\u0161\u00ed balon na \u010desk\u00e9m nebi. Prolet\u011bt se m\u016f\u017eete i vy - Mzone\" \/>\n<meta property=\"og:description\" content=\"Kdy\u017e spoj\u00edte dobrodru\u017estv\u00ed ve v\u00fd\u0161ce s n\u00e1dhern\u00fdmi v\u00fdhledy, z\u00edsk\u00e1te nejobl\u00edben\u011bj\u0161\u00ed z\u00e1\u017eitek v \u010cesku. Let balonem. A kdy\u017e k tomu p\u0159ihod\u00edte, \u017ee jde o v\u00fdlet nejv\u011bt\u0161\u00edm balonem v\u016fbec v cel\u00e9 st\u0159edn\u00ed Evrop\u011b, dostanete n\u011bco ohromuj\u00edc\u00edho.\" \/>\n<meta property=\"og:url\" content=\"https:\/\/www.mzone.cz\/en\/nejvetsi-balon-na-ceskem-nebi-proletet-se-muzete-i-vy\/\" \/>\n<meta property=\"og:site_name\" content=\"Mzone\" \/>\n<meta property=\"article:publisher\" content=\"https:\/\/www.facebook.com\/MzoneCZ\/\" \/>\n<meta property=\"article:published_time\" content=\"2021-11-25T22:11:17+00:00\" \/>\n<meta property=\"article:modified_time\" content=\"2021-11-25T22:12:25+00:00\" \/>\n<meta property=\"og:image\" content=\"https:\/\/www.mzone.cz\/wp-content\/uploads\/2021\/11\/Balon.jpg\" \/>\n\t<meta property=\"og:image:width\" content=\"800\" \/>\n\t<meta property=\"og:image:height\" content=\"534\" \/>\n\t<meta property=\"og:image:type\" content=\"image\/jpeg\" \/>\n<meta name=\"author\" content=\"Mzone\" \/>\n<meta name=\"twitter:card\" content=\"summary_large_image\" \/>\n<meta name=\"twitter:label1\" content=\"Written by\" \/>\n\t<meta name=\"twitter:data1\" content=\"Mzone\" \/>\n\t<meta name=\"twitter:label2\" content=\"Est. reading time\" \/>\n\t<meta name=\"twitter:data2\" content=\"3 minutes\" \/>\n<script type=\"application\/ld+json\" class=\"yoast-schema-graph\">{\"@context\":\"https:\\\/\\\/schema.org\",\"@graph\":[{\"@type\":\"Article\",\"@id\":\"https:\\\/\\\/www.mzone.cz\\\/nejvetsi-balon-na-ceskem-nebi-proletet-se-muzete-i-vy\\\/#article\",\"isPartOf\":{\"@id\":\"https:\\\/\\\/www.mzone.cz\\\/nejvetsi-balon-na-ceskem-nebi-proletet-se-muzete-i-vy\\\/\"},\"author\":{\"name\":\"Mzone\",\"@id\":\"https:\\\/\\\/www.mzone.cz\\\/#\\\/schema\\\/person\\\/9bc20cc422a99cac4af6ff9297da32d4\"},\"headline\":\"37 metr\u016f. Takhle vysok\u00fd bude nejv\u011bt\u0161\u00ed balon na \u010desk\u00e9m nebi. Prolet\u011bt se m\u016f\u017eete i vy\",\"datePublished\":\"2021-11-25T22:11:17+00:00\",\"dateModified\":\"2021-11-25T22:12:25+00:00\",\"mainEntityOfPage\":{\"@id\":\"https:\\\/\\\/www.mzone.cz\\\/nejvetsi-balon-na-ceskem-nebi-proletet-se-muzete-i-vy\\\/\"},\"wordCount\":459,\"commentCount\":0,\"image\":{\"@id\":\"https:\\\/\\\/www.mzone.cz\\\/nejvetsi-balon-na-ceskem-nebi-proletet-se-muzete-i-vy\\\/#primaryimage\"},\"thumbnailUrl\":\"https:\\\/\\\/www.mzone.cz\\\/wp-content\\\/uploads\\\/2021\\\/11\\\/Balon.jpg\",\"keywords\":[\"balon\",\"\u010cesko\",\"horkovzdu\u0161n\u00fd balon\",\"let balonem\",\"l\u00e9t\u00e1n\u00ed\",\"Lifestyle\",\"nejv\u011bt\u0161\u00ed balon\",\"rekord\",\"rekordy\",\"style\",\"technika\",\"tipy\",\"zaj\u00edmavosti\",\"z\u00e1\u017eitek\",\"z\u00e1\u017eitky\"],\"articleSection\":[\"Lifestyle\",\"Style\",\"Technika\"],\"inLanguage\":\"en-US\",\"potentialAction\":[{\"@type\":\"CommentAction\",\"name\":\"Comment\",\"target\":[\"https:\\\/\\\/www.mzone.cz\\\/nejvetsi-balon-na-ceskem-nebi-proletet-se-muzete-i-vy\\\/#respond\"]}]},{\"@type\":\"WebPage\",\"@id\":\"https:\\\/\\\/www.mzone.cz\\\/nejvetsi-balon-na-ceskem-nebi-proletet-se-muzete-i-vy\\\/\",\"url\":\"https:\\\/\\\/www.mzone.cz\\\/nejvetsi-balon-na-ceskem-nebi-proletet-se-muzete-i-vy\\\/\",\"name\":\"37 metr\u016f. Takhle vysok\u00fd bude nejv\u011bt\u0161\u00ed balon na \u010desk\u00e9m nebi. Prolet\u011bt se m\u016f\u017eete i vy - Mzone\",\"isPartOf\":{\"@id\":\"https:\\\/\\\/www.mzone.cz\\\/#website\"},\"primaryImageOfPage\":{\"@id\":\"https:\\\/\\\/www.mzone.cz\\\/nejvetsi-balon-na-ceskem-nebi-proletet-se-muzete-i-vy\\\/#primaryimage\"},\"image\":{\"@id\":\"https:\\\/\\\/www.mzone.cz\\\/nejvetsi-balon-na-ceskem-nebi-proletet-se-muzete-i-vy\\\/#primaryimage\"},\"thumbnailUrl\":\"https:\\\/\\\/www.mzone.cz\\\/wp-content\\\/uploads\\\/2021\\\/11\\\/Balon.jpg\",\"datePublished\":\"2021-11-25T22:11:17+00:00\",\"dateModified\":\"2021-11-25T22:12:25+00:00\",\"author\":{\"@id\":\"https:\\\/\\\/www.mzone.cz\\\/#\\\/schema\\\/person\\\/9bc20cc422a99cac4af6ff9297da32d4\"},\"description\":\"Kdy\u017e spoj\u00edte dobrodru\u017estv\u00ed ve v\u00fd\u0161ce s n\u00e1dhern\u00fdmi v\u00fdhledy, z\u00edsk\u00e1te nejobl\u00edben\u011bj\u0161\u00ed z\u00e1\u017eitek v \u010cesku. Let balonem. A kdy\u017e k tomu p\u0159ihod\u00edte, \u017ee jde o v\u00fdlet nejv\u011bt\u0161\u00edm balonem v\u016fbec v cel\u00e9 st\u0159edn\u00ed Evrop\u011b, dostanete n\u011bco ohromuj\u00edc\u00edho.\",\"breadcrumb\":{\"@id\":\"https:\\\/\\\/www.mzone.cz\\\/nejvetsi-balon-na-ceskem-nebi-proletet-se-muzete-i-vy\\\/#breadcrumb\"},\"inLanguage\":\"en-US\",\"potentialAction\":[{\"@type\":\"ReadAction\",\"target\":[\"https:\\\/\\\/www.mzone.cz\\\/nejvetsi-balon-na-ceskem-nebi-proletet-se-muzete-i-vy\\\/\"]}]},{\"@type\":\"ImageObject\",\"inLanguage\":\"en-US\",\"@id\":\"https:\\\/\\\/www.mzone.cz\\\/nejvetsi-balon-na-ceskem-nebi-proletet-se-muzete-i-vy\\\/#primaryimage\",\"url\":\"https:\\\/\\\/www.mzone.cz\\\/wp-content\\\/uploads\\\/2021\\\/11\\\/Balon.jpg\",\"contentUrl\":\"https:\\\/\\\/www.mzone.cz\\\/wp-content\\\/uploads\\\/2021\\\/11\\\/Balon.jpg\",\"width\":800,\"height\":534,\"caption\":\"Balon\"},{\"@type\":\"BreadcrumbList\",\"@id\":\"https:\\\/\\\/www.mzone.cz\\\/nejvetsi-balon-na-ceskem-nebi-proletet-se-muzete-i-vy\\\/#breadcrumb\",\"itemListElement\":[{\"@type\":\"ListItem\",\"position\":1,\"name\":\"Dom\u016f\",\"item\":\"https:\\\/\\\/www.mzone.cz\\\/\"},{\"@type\":\"ListItem\",\"position\":2,\"name\":\"37 metr\u016f. Takhle vysok\u00fd bude nejv\u011bt\u0161\u00ed balon na \u010desk\u00e9m nebi. Prolet\u011bt se m\u016f\u017eete i vy\"}]},{\"@type\":\"WebSite\",\"@id\":\"https:\\\/\\\/www.mzone.cz\\\/#website\",\"url\":\"https:\\\/\\\/www.mzone.cz\\\/\",\"name\":\"Mzone\",\"description\":\"Magaz\u00edn nejen pro mu\u017ee\",\"potentialAction\":[{\"@type\":\"SearchAction\",\"target\":{\"@type\":\"EntryPoint\",\"urlTemplate\":\"https:\\\/\\\/www.mzone.cz\\\/?s={search_term_string}\"},\"query-input\":{\"@type\":\"PropertyValueSpecification\",\"valueRequired\":true,\"valueName\":\"search_term_string\"}}],\"inLanguage\":\"en-US\"},{\"@type\":\"Person\",\"@id\":\"https:\\\/\\\/www.mzone.cz\\\/#\\\/schema\\\/person\\\/9bc20cc422a99cac4af6ff9297da32d4\",\"name\":\"Mzone\",\"image\":{\"@type\":\"ImageObject\",\"inLanguage\":\"en-US\",\"@id\":\"https:\\\/\\\/secure.gravatar.com\\\/avatar\\\/e780a8630f3182a3d06dd667ab6bea151a0d155b0951bc15fe22633acdac0676?s=96&d=mm&r=g\",\"url\":\"https:\\\/\\\/secure.gravatar.com\\\/avatar\\\/e780a8630f3182a3d06dd667ab6bea151a0d155b0951bc15fe22633acdac0676?s=96&d=mm&r=g\",\"contentUrl\":\"https:\\\/\\\/secure.gravatar.com\\\/avatar\\\/e780a8630f3182a3d06dd667ab6bea151a0d155b0951bc15fe22633acdac0676?s=96&d=mm&r=g\",\"caption\":\"Mzone\"},\"url\":\"https:\\\/\\\/www.mzone.cz\\\/en\\\/author\\\/jakub\\\/\"}]}<\/script>\n<!-- \/ Yoast SEO plugin. -->","yoast_head_json":{"title":"37 metr\u016f. Takhle vysok\u00fd bude nejv\u011bt\u0161\u00ed balon na \u010desk\u00e9m nebi. Prolet\u011bt se m\u016f\u017eete i vy - Mzone","description":"Kdy\u017e spoj\u00edte dobrodru\u017estv\u00ed ve v\u00fd\u0161ce s n\u00e1dhern\u00fdmi v\u00fdhledy, z\u00edsk\u00e1te nejobl\u00edben\u011bj\u0161\u00ed z\u00e1\u017eitek v \u010cesku. Let balonem. A kdy\u017e k tomu p\u0159ihod\u00edte, \u017ee jde o v\u00fdlet nejv\u011bt\u0161\u00edm balonem v\u016fbec v cel\u00e9 st\u0159edn\u00ed Evrop\u011b, dostanete n\u011bco ohromuj\u00edc\u00edho.","robots":{"index":"index","follow":"follow","max-snippet":"max-snippet:-1","max-image-preview":"max-image-preview:large","max-video-preview":"max-video-preview:-1"},"canonical":"https:\/\/www.mzone.cz\/en\/nejvetsi-balon-na-ceskem-nebi-proletet-se-muzete-i-vy\/","og_locale":"en_US","og_type":"article","og_title":"37 metr\u016f. Takhle vysok\u00fd bude nejv\u011bt\u0161\u00ed balon na \u010desk\u00e9m nebi. Prolet\u011bt se m\u016f\u017eete i vy - Mzone","og_description":"Kdy\u017e spoj\u00edte dobrodru\u017estv\u00ed ve v\u00fd\u0161ce s n\u00e1dhern\u00fdmi v\u00fdhledy, z\u00edsk\u00e1te nejobl\u00edben\u011bj\u0161\u00ed z\u00e1\u017eitek v \u010cesku. Let balonem. A kdy\u017e k tomu p\u0159ihod\u00edte, \u017ee jde o v\u00fdlet nejv\u011bt\u0161\u00edm balonem v\u016fbec v cel\u00e9 st\u0159edn\u00ed Evrop\u011b, dostanete n\u011bco ohromuj\u00edc\u00edho.","og_url":"https:\/\/www.mzone.cz\/en\/nejvetsi-balon-na-ceskem-nebi-proletet-se-muzete-i-vy\/","og_site_name":"Mzone","article_publisher":"https:\/\/www.facebook.com\/MzoneCZ\/","article_published_time":"2021-11-25T22:11:17+00:00","article_modified_time":"2021-11-25T22:12:25+00:00","og_image":[{"width":800,"height":534,"url":"https:\/\/www.mzone.cz\/wp-content\/uploads\/2021\/11\/Balon.jpg","type":"image\/jpeg"}],"author":"Mzone","twitter_card":"summary_large_image","twitter_misc":{"Written by":"Mzone","Est. reading time":"3 minutes"},"schema":{"@context":"https:\/\/schema.org","@graph":[{"@type":"Article","@id":"https:\/\/www.mzone.cz\/nejvetsi-balon-na-ceskem-nebi-proletet-se-muzete-i-vy\/#article","isPartOf":{"@id":"https:\/\/www.mzone.cz\/nejvetsi-balon-na-ceskem-nebi-proletet-se-muzete-i-vy\/"},"author":{"name":"Mzone","@id":"https:\/\/www.mzone.cz\/#\/schema\/person\/9bc20cc422a99cac4af6ff9297da32d4"},"headline":"37 metr\u016f. Takhle vysok\u00fd bude nejv\u011bt\u0161\u00ed balon na \u010desk\u00e9m nebi. Prolet\u011bt se m\u016f\u017eete i vy","datePublished":"2021-11-25T22:11:17+00:00","dateModified":"2021-11-25T22:12:25+00:00","mainEntityOfPage":{"@id":"https:\/\/www.mzone.cz\/nejvetsi-balon-na-ceskem-nebi-proletet-se-muzete-i-vy\/"},"wordCount":459,"commentCount":0,"image":{"@id":"https:\/\/www.mzone.cz\/nejvetsi-balon-na-ceskem-nebi-proletet-se-muzete-i-vy\/#primaryimage"},"thumbnailUrl":"https:\/\/www.mzone.cz\/wp-content\/uploads\/2021\/11\/Balon.jpg","keywords":["balon","\u010cesko","horkovzdu\u0161n\u00fd balon","let balonem","l\u00e9t\u00e1n\u00ed","Lifestyle","nejv\u011bt\u0161\u00ed balon","rekord","rekordy","style","technika","tipy","zaj\u00edmavosti","z\u00e1\u017eitek","z\u00e1\u017eitky"],"articleSection":["Lifestyle","Style","Technika"],"inLanguage":"en-US","potentialAction":[{"@type":"CommentAction","name":"Comment","target":["https:\/\/www.mzone.cz\/nejvetsi-balon-na-ceskem-nebi-proletet-se-muzete-i-vy\/#respond"]}]},{"@type":"WebPage","@id":"https:\/\/www.mzone.cz\/nejvetsi-balon-na-ceskem-nebi-proletet-se-muzete-i-vy\/","url":"https:\/\/www.mzone.cz\/nejvetsi-balon-na-ceskem-nebi-proletet-se-muzete-i-vy\/","name":"37 metr\u016f. Takhle vysok\u00fd bude nejv\u011bt\u0161\u00ed balon na \u010desk\u00e9m nebi. Prolet\u011bt se m\u016f\u017eete i vy - Mzone","isPartOf":{"@id":"https:\/\/www.mzone.cz\/#website"},"primaryImageOfPage":{"@id":"https:\/\/www.mzone.cz\/nejvetsi-balon-na-ceskem-nebi-proletet-se-muzete-i-vy\/#primaryimage"},"image":{"@id":"https:\/\/www.mzone.cz\/nejvetsi-balon-na-ceskem-nebi-proletet-se-muzete-i-vy\/#primaryimage"},"thumbnailUrl":"https:\/\/www.mzone.cz\/wp-content\/uploads\/2021\/11\/Balon.jpg","datePublished":"2021-11-25T22:11:17+00:00","dateModified":"2021-11-25T22:12:25+00:00","author":{"@id":"https:\/\/www.mzone.cz\/#\/schema\/person\/9bc20cc422a99cac4af6ff9297da32d4"},"description":"Kdy\u017e spoj\u00edte dobrodru\u017estv\u00ed ve v\u00fd\u0161ce s n\u00e1dhern\u00fdmi v\u00fdhledy, z\u00edsk\u00e1te nejobl\u00edben\u011bj\u0161\u00ed z\u00e1\u017eitek v \u010cesku. Let balonem. A kdy\u017e k tomu p\u0159ihod\u00edte, \u017ee jde o v\u00fdlet nejv\u011bt\u0161\u00edm balonem v\u016fbec v cel\u00e9 st\u0159edn\u00ed Evrop\u011b, dostanete n\u011bco ohromuj\u00edc\u00edho.","breadcrumb":{"@id":"https:\/\/www.mzone.cz\/nejvetsi-balon-na-ceskem-nebi-proletet-se-muzete-i-vy\/#breadcrumb"},"inLanguage":"en-US","potentialAction":[{"@type":"ReadAction","target":["https:\/\/www.mzone.cz\/nejvetsi-balon-na-ceskem-nebi-proletet-se-muzete-i-vy\/"]}]},{"@type":"ImageObject","inLanguage":"en-US","@id":"https:\/\/www.mzone.cz\/nejvetsi-balon-na-ceskem-nebi-proletet-se-muzete-i-vy\/#primaryimage","url":"https:\/\/www.mzone.cz\/wp-content\/uploads\/2021\/11\/Balon.jpg","contentUrl":"https:\/\/www.mzone.cz\/wp-content\/uploads\/2021\/11\/Balon.jpg","width":800,"height":534,"caption":"Balon"},{"@type":"BreadcrumbList","@id":"https:\/\/www.mzone.cz\/nejvetsi-balon-na-ceskem-nebi-proletet-se-muzete-i-vy\/#breadcrumb","itemListElement":[{"@type":"ListItem","position":1,"name":"Dom\u016f","item":"https:\/\/www.mzone.cz\/"},{"@type":"ListItem","position":2,"name":"37 metr\u016f. Takhle vysok\u00fd bude nejv\u011bt\u0161\u00ed balon na \u010desk\u00e9m nebi. Prolet\u011bt se m\u016f\u017eete i vy"}]},{"@type":"WebSite","@id":"https:\/\/www.mzone.cz\/#website","url":"https:\/\/www.mzone.cz\/","name":"Mzone","description":"Magaz\u00edn nejen pro mu\u017ee","potentialAction":[{"@type":"SearchAction","target":{"@type":"EntryPoint","urlTemplate":"https:\/\/www.mzone.cz\/?s={search_term_string}"},"query-input":{"@type":"PropertyValueSpecification","valueRequired":true,"valueName":"search_term_string"}}],"inLanguage":"en-US"},{"@type":"Person","@id":"https:\/\/www.mzone.cz\/#\/schema\/person\/9bc20cc422a99cac4af6ff9297da32d4","name":"Mzone","image":{"@type":"ImageObject","inLanguage":"en-US","@id":"https:\/\/secure.gravatar.com\/avatar\/e780a8630f3182a3d06dd667ab6bea151a0d155b0951bc15fe22633acdac0676?s=96&d=mm&r=g","url":"https:\/\/secure.gravatar.com\/avatar\/e780a8630f3182a3d06dd667ab6bea151a0d155b0951bc15fe22633acdac0676?s=96&d=mm&r=g","contentUrl":"https:\/\/secure.gravatar.com\/avatar\/e780a8630f3182a3d06dd667ab6bea151a0d155b0951bc15fe22633acdac0676?s=96&d=mm&r=g","caption":"Mzone"},"url":"https:\/\/www.mzone.cz\/en\/author\/jakub\/"}]}},"_links":{"self":[{"href":"https:\/\/www.mzone.cz\/en\/wp-json\/wp\/v2\/posts\/34634","targetHints":{"allow":["GET"]}}],"collection":[{"href":"https:\/\/www.mzone.cz\/en\/wp-json\/wp\/v2\/posts"}],"about":[{"href":"https:\/\/www.mzone.cz\/en\/wp-json\/wp\/v2\/types\/post"}],"author":[{"embeddable":true,"href":"https:\/\/www.mzone.cz\/en\/wp-json\/wp\/v2\/users\/4"}],"replies":[{"embeddable":true,"href":"https:\/\/www.mzone.cz\/en\/wp-json\/wp\/v2\/comments?post=34634"}],"version-history":[{"count":11,"href":"https:\/\/www.mzone.cz\/en\/wp-json\/wp\/v2\/posts\/34634\/revisions"}],"predecessor-version":[{"id":34648,"href":"https:\/\/www.mzone.cz\/en\/wp-json\/wp\/v2\/posts\/34634\/revisions\/34648"}],"wp:featuredmedia":[{"embeddable":true,"href":"https:\/\/www.mzone.cz\/en\/wp-json\/wp\/v2\/media\/34636"}],"wp:attachment":[{"href":"https:\/\/www.mzone.cz\/en\/wp-json\/wp\/v2\/media?parent=34634"}],"wp:term":[{"taxonomy":"category","embeddable":true,"href":"https:\/\/www.mzone.cz\/en\/wp-json\/wp\/v2\/categories?post=34634"},{"taxonomy":"post_tag","embeddable":true,"href":"https:\/\/www.mzone.cz\/en\/wp-json\/wp\/v2\/tags?post=34634"}],"curies":[{"name":"wp","href":"https:\/\/api.w.org\/{rel}","templated":true}]}}