{"id":34897,"date":"2021-12-17T05:00:00","date_gmt":"2021-12-17T04:00:00","guid":{"rendered":"https:\/\/www.mzone.cz\/?p=34897"},"modified":"2021-12-12T18:47:46","modified_gmt":"2021-12-12T17:47:46","slug":"gasperotti-sjel-na-kole-jako-prvni-250-metru-hluboky-lom","status":"publish","type":"post","link":"https:\/\/www.mzone.cz\/en\/gasperotti-sjel-na-kole-jako-prvni-250-metru-hluboky-lom\/","title":{"rendered":"VIDEO: Gasperotti sjel na kole jako prvn\u00ed 250 metr\u016f hlubok\u00fd lom"},"content":{"rendered":"<p><strong>\u010cech s italsk\u00fdm jm\u00e9nem a temperamentem, to je profesion\u00e1ln\u00ed freerider Richard Gasperotti. Ten se kv\u016fli nato\u010den\u00ed unik\u00e1tn\u00edho videa vr\u00e1til pot\u0159et\u00ed do hn\u011bdouheln\u00e9ho povrchov\u00e9ho lomu B\u00edlina, aby se svou K!LL H!LL produkc\u00ed nato\u010dili kr\u00e1tk\u00e9 video na pomez\u00ed ak\u010dn\u00edho videa a osobn\u00ed zpov\u011bdi extr\u00e9mn\u00edho cyklisty, kter\u00fd se p\u0159i\u0161el postavit tv\u00e1\u0159\u00ed v tv\u00e1\u0159 d\u00e9monovi z d\u011btstv\u00ed. Tedy sjet jako prvn\u00ed v historii 250 metr\u016f hlubokou p\u00e1nev, ve kter\u00e9 prob\u00edh\u00e1 aktivn\u00ed t\u011b\u017eba.<\/strong><\/p><br>\n\n\n\n<p>Gaspi, jak bikerovi jeho kamar\u00e1di okolo horsk\u00fdch kol s&nbsp;oblibou \u0159\u00edkaj\u00ed, nebyl v&nbsp;lomu B\u00edlina zdaleka poprv\u00e9. S&nbsp;t\u00edmto, v&nbsp;o\u010d\u00edch ka\u017ed\u00e9ho gravity cyklisty \u201er\u00e1jem\u201c, se Richard sezn\u00e1mil u\u017e jako d\u00edt\u011b. \u017dil toti\u017e v&nbsp;nedalek\u00e9m m\u011bste\u010dku, kam se s&nbsp;odstupem \u010dasu r\u00e1d vrac\u00ed. Pozd\u011bji se do lomu pod\u00edval tak tro\u0161ku na \u010derno, u\u017e jako zku\u0161en\u00fd freeride jezdec, kter\u00fd m\u00e1 za sebou hned n\u011bkolik start\u016f na extr\u00e9mn\u00edm Red Bull Rampage v&nbsp;americk\u00e9m Utahu.<\/p>\n\n\n\n<blockquote class=\"wp-block-quote is-layout-flow wp-block-quote-is-layout-flow\"><p>Tato st\u00e1le se pohybuj\u00ed d\u00edra (za rok uraz\u00ed vzd\u00e1lenost 100 metr\u016f), ve kter\u00e9 dob\u00fdv\u00e1 hn\u011bd\u00e9 uhl\u00ed spole\u010dnost Severo\u010desk\u00e9 doly a.s., ale nedala ani po n\u011bkolika \u201epunkov\u00fdch\u201c n\u00e1v\u0161t\u011bv\u00e1ch bikerovi sp\u00e1t. P\u0159eci jen, kdy\u017e jste n\u011bkde na taj\u0148a\u010dku, taky se tam \u00fapln\u011b neroztahujete.<\/p><\/blockquote>\n\n\n\n<p>Ani Gaspi kdysi nedok\u00e1zal vyu\u017e\u00edt skrze z\u00e1kazy pohybu potenci\u00e1l tohoto speci\u00e1ln\u00edho freeride zapov\u011bzen\u00e9ho svatost\u00e1nku naplno. Mo\u017en\u00e1 se musela zm\u011bnit doba, mo\u017en\u00e1 musel Gaspi z\u00edskat coby extr\u00e9mn\u00ed atlet&nbsp;\u010dasem v\u011bt\u0161\u00ed renom\u00e9, ale pr\u00e1v\u011b d\u00edky aktu\u00e1ln\u00edmu veden\u00ed v\u00fd\u0161e zm\u00edn\u011bn\u00e9 t\u011b\u017eebn\u00ed spole\u010dnosti, se po letech za\u010daly pomysln\u00e9 \u201ehn\u011bdouheln\u00e9 ledy\u201c h\u00fdbat. \u0160t\u011bst\u00ed p\u0159eje p\u0159ipraven\u00fdm a vytrval\u00fdm, to se Gasperottimu v&nbsp;jeho kari\u00e9\u0159e n\u011bkolikr\u00e1t prok\u00e1zalo. V&nbsp;tomto p\u0159\u00edpad\u011b tomu nakonec nebylo jinak.<\/p><br>\n\n\n\n<figure class=\"wp-block-image size-large\"><img loading=\"lazy\" decoding=\"async\" width=\"1024\" height=\"682\" src=\"https:\/\/www.mzone.cz\/wp-content\/uploads\/2021\/12\/\u8988-431-1024x682.jpg\" alt=\"Gaspi v lomu\" class=\"wp-image-34902\" srcset=\"https:\/\/www.mzone.cz\/wp-content\/uploads\/2021\/12\/\u8988-431-1024x682.jpg 1024w, https:\/\/www.mzone.cz\/wp-content\/uploads\/2021\/12\/\u8988-431-300x200.jpg 300w, https:\/\/www.mzone.cz\/wp-content\/uploads\/2021\/12\/\u8988-431-768x512.jpg 768w, https:\/\/www.mzone.cz\/wp-content\/uploads\/2021\/12\/\u8988-431-1536x1024.jpg 1536w, https:\/\/www.mzone.cz\/wp-content\/uploads\/2021\/12\/\u8988-431-2048x1365.jpg 2048w, https:\/\/www.mzone.cz\/wp-content\/uploads\/2021\/12\/\u8988-431-18x12.jpg 18w, https:\/\/www.mzone.cz\/wp-content\/uploads\/2021\/12\/\u8988-431-800x533.jpg 800w, https:\/\/www.mzone.cz\/wp-content\/uploads\/2021\/12\/\u8988-431-400x267.jpg 400w, https:\/\/www.mzone.cz\/wp-content\/uploads\/2021\/12\/\u8988-431-500x333.jpg 500w, https:\/\/www.mzone.cz\/wp-content\/uploads\/2021\/12\/\u8988-431-1170x780.jpg 1170w, https:\/\/www.mzone.cz\/wp-content\/uploads\/2021\/12\/\u8988-431-590x393.jpg 590w\" sizes=\"auto, (max-width: 1024px) 100vw, 1024px\" \/><\/figure><br>\n\n\n\n<p>Prvn\u00ed n\u00e1v\u0161t\u011bva se povedla Gaspimu a jeho tv\u016fr\u010d\u00ed part\u011b na ja\u0159e tohoto roku, a i kdy\u017e se jednalo pouze o obhl\u00eddky m\u00edsta a sezn\u00e1men\u00ed se s&nbsp;ofici\u00e1ln\u00edm chodem pr\u016fmyslov\u00e9ho pracovi\u0161t\u011b, do\u0161lo skupin\u011b, \u017ee rozd\u00edl oproti toul\u00e1n\u00ed se nap\u0159\u00edklad mongolsk\u00fdmi pou\u0161t\u011bmi nebo po \u00fapat\u00edch italsk\u00e9 sopky, bude dost z\u00e1sadn\u00ed, a to nejen co se t\u00fdk\u00e1 panoramatick\u00fdch v\u00fdhled\u016f.<\/p>\n\n\n\n<blockquote class=\"wp-block-quote is-layout-flow wp-block-quote-is-layout-flow\"><p>Pohyb po nebezpe\u010dn\u00fdch, st\u00e1le se m\u011bn\u00edc\u00edch cest\u00e1ch mezi t\u011b\u017ekou technikou, upravuje tzv. Horn\u00ed z\u00e1kon. A \u017ee ho bezpe\u010dnostn\u00ed dozory dodr\u017euj\u00ed do punt\u00edku, na to vezm\u011bte jed. Nikdo z&nbsp;veden\u00ed spole\u010dnosti, jejich zam\u011bstnanc\u016f ani skupina sama nest\u00e1la o to, aby se stala ob\u011bt\u00ed ne\u010dekan\u00e9ho z\u00e1valu, nebo utr\u017een\u00e9 hrany vyr\u00fdpan\u00e9 zeminy.<\/p><\/blockquote>\n\n\n\n<p>Teprve a\u017e kdy\u017e se dostanete na okraj 40&nbsp;km2 velk\u00e9ho lomu, dojde v\u00e1m jeho z\u00e1sadn\u00ed v\u00fdznam pro z\u00edsk\u00e1v\u00e1n\u00ed energie v&nbsp;r\u00e1mci \u010cesk\u00e9 republiky. Je zkr\u00e1tka gigantick\u00fd a v\u0161echno v&nbsp;n\u011bm je doslova ob\u0159\u00ed. Z&nbsp;dronov\u00fdch z\u00e1b\u011br\u016f p\u0159ipom\u00ednaj\u00ed stroje t\u011b\u017e\u00edc\u00ed skr\u00fdvku bag\u0159\u00edky z&nbsp;d\u011btsk\u00fdch p\u00edskovi\u0161\u0165, ale v\u011b\u0159te, \u017ee rypadlo K&nbsp;10&nbsp;000, jeho\u017e n\u00e1zev vych\u00e1z\u00ed ze schopnosti probrat se a\u017e 10&nbsp;000 kub\u00edk\u016f (m3) zeminy za hodinu, p\u0159ipom\u00edn\u00e1 v\u0161echno mo\u017en\u00e9, jen ne stroj na hran\u00ed. Toto r\u00fdpadlo je nejv\u011bt\u0161\u00edm strojem tohoto druhu v&nbsp;tuzemsku, ale pat\u0159\u00ed tak\u00e9 k&nbsp;v\u00fdb\u011bru nejv\u011bt\u0161\u00edch mechanick\u00fdch obr\u016f na cel\u00e9m sv\u011bt\u011b.<\/p><br>\n\n\n\n<figure class=\"wp-block-image size-large\"><img loading=\"lazy\" decoding=\"async\" width=\"1024\" height=\"683\" src=\"https:\/\/www.mzone.cz\/wp-content\/uploads\/2021\/12\/\u8988I-537-kopie-1024x683.jpg\" alt=\"Gaspi v lomu B\u00edlina\" class=\"wp-image-34906\" srcset=\"https:\/\/www.mzone.cz\/wp-content\/uploads\/2021\/12\/\u8988I-537-kopie-1024x683.jpg 1024w, https:\/\/www.mzone.cz\/wp-content\/uploads\/2021\/12\/\u8988I-537-kopie-300x200.jpg 300w, https:\/\/www.mzone.cz\/wp-content\/uploads\/2021\/12\/\u8988I-537-kopie-768x512.jpg 768w, https:\/\/www.mzone.cz\/wp-content\/uploads\/2021\/12\/\u8988I-537-kopie-1536x1024.jpg 1536w, https:\/\/www.mzone.cz\/wp-content\/uploads\/2021\/12\/\u8988I-537-kopie-2048x1366.jpg 2048w, https:\/\/www.mzone.cz\/wp-content\/uploads\/2021\/12\/\u8988I-537-kopie-18x12.jpg 18w, https:\/\/www.mzone.cz\/wp-content\/uploads\/2021\/12\/\u8988I-537-kopie-800x533.jpg 800w, https:\/\/www.mzone.cz\/wp-content\/uploads\/2021\/12\/\u8988I-537-kopie-400x267.jpg 400w, https:\/\/www.mzone.cz\/wp-content\/uploads\/2021\/12\/\u8988I-537-kopie-500x333.jpg 500w, https:\/\/www.mzone.cz\/wp-content\/uploads\/2021\/12\/\u8988I-537-kopie-1170x780.jpg 1170w, https:\/\/www.mzone.cz\/wp-content\/uploads\/2021\/12\/\u8988I-537-kopie-590x393.jpg 590w\" sizes=\"auto, (max-width: 1024px) 100vw, 1024px\" \/><\/figure><br>\n\n\n\n<p>P\u0159i druh\u00e9 n\u00e1v\u0161t\u011bv\u011b dolu po\u0159\u00eddil extr\u00e9mn\u00ed freerider se sv\u00fdm dvorn\u00edm a \u010dasto oce\u0148ovan\u00fdm fotografem Milo\u0161em \u0160t\u00e1fkem n\u011bkolik fotek, kter\u00e9 prol\u00edtly \u010desk\u00fdmi m\u00e9dii, ale to bylo d\u00edky de\u0161tiv\u00e9mu po\u010das\u00ed v\u0161e. Richard si sl\u00edbil, \u017ee video mus\u00ed zkr\u00e1tka vzniknout a bude nutn\u00e9 se vr\u00e1tit s&nbsp;celou produkc\u00ed za lep\u0161\u00edch podm\u00ednek.<\/p><br>\n\n\n\n<p>K!LL H!LL produkce, kterou sestavil Gasperotti ze sv\u00fdch dlouholet\u00fdch p\u0159\u00e1tel, audiovizu\u00e1ln\u00edch tv\u016frc\u016f a tak\u00e9 zku\u0161en\u00fdch cyklist\u016f, m\u011bla za\u010d\u00e1tkem srpna u\u017e sucho.<\/p>\n\n\n\n<blockquote class=\"wp-block-quote is-layout-flow wp-block-quote-is-layout-flow\"><p>Teploty se v&nbsp;druh\u00e9m srpnov\u00e9m t\u00fddnu pohybovaly v&nbsp;\u010cech\u00e1ch kolem t\u0159iceti stup\u0148\u016f celsia. V&nbsp;d\u00ed\u0159e to bylo zhruba o deset a v\u00edce stup\u0148\u016f navrch.<\/p><\/blockquote>\n\n\n\n<p>\u00dakol na dva nat\u00e1\u010dec\u00ed dny byl jasn\u00fd \u2013 naj\u00edt ide\u00e1ln\u00ed \u201elajnu\u201c kudy profr\u010d\u00ed Gaspi na sv\u00e9m e-biku (kolo s&nbsp;elektrick\u00fdm motorem pozn.red.) od horn\u00ed hrany, a\u017e po dno lomu, kter\u00e9 se nach\u00e1z\u00ed zhruba na \u00farovni hladiny Baltsk\u00e9ho mo\u0159e. Pekeln\u00e1 show mohla za\u010d\u00edt\u2026<\/p><br>\n\n\n\n<figure class=\"wp-block-image size-large\"><img loading=\"lazy\" decoding=\"async\" width=\"1024\" height=\"683\" src=\"https:\/\/www.mzone.cz\/wp-content\/uploads\/2021\/12\/\u8988-822-1024x683.jpg\" alt=\"\" class=\"wp-image-34913\" srcset=\"https:\/\/www.mzone.cz\/wp-content\/uploads\/2021\/12\/\u8988-822-1024x683.jpg 1024w, https:\/\/www.mzone.cz\/wp-content\/uploads\/2021\/12\/\u8988-822-300x200.jpg 300w, https:\/\/www.mzone.cz\/wp-content\/uploads\/2021\/12\/\u8988-822-768x512.jpg 768w, https:\/\/www.mzone.cz\/wp-content\/uploads\/2021\/12\/\u8988-822-1536x1024.jpg 1536w, https:\/\/www.mzone.cz\/wp-content\/uploads\/2021\/12\/\u8988-822-2048x1366.jpg 2048w, https:\/\/www.mzone.cz\/wp-content\/uploads\/2021\/12\/\u8988-822-18x12.jpg 18w, https:\/\/www.mzone.cz\/wp-content\/uploads\/2021\/12\/\u8988-822-800x533.jpg 800w, https:\/\/www.mzone.cz\/wp-content\/uploads\/2021\/12\/\u8988-822-400x267.jpg 400w, https:\/\/www.mzone.cz\/wp-content\/uploads\/2021\/12\/\u8988-822-500x333.jpg 500w, https:\/\/www.mzone.cz\/wp-content\/uploads\/2021\/12\/\u8988-822-1170x780.jpg 1170w, https:\/\/www.mzone.cz\/wp-content\/uploads\/2021\/12\/\u8988-822-590x393.jpg 590w\" sizes=\"auto, (max-width: 1024px) 100vw, 1024px\" \/><\/figure><br>\n\n\n\n<p>Z&nbsp;video z\u00e1b\u011br\u016f z&nbsp;kr\u00e1tk\u00e9ho filmu se m\u016f\u017ee zd\u00e1t, \u017ee si to Gasperotti prost\u011b nam\u00ed\u0159il nejbli\u017e\u0161\u00ed cestou, kter\u00e1 se mu l\u00edbila dol\u016f, pustil brzdy, zapnuly se kamery, a \u0161lo se na v\u011bc. Ale realita nat\u00e1\u010den\u00ed byla trochu jin\u00e1. Biker se svou skupinou m\u011bli jednak z\u00e1sadn\u00ed \u00fakol \u2013 vyhnout se stroj\u016fm, kter\u00e9 jsou v&nbsp;b\u011bhu, a t\u011bm nejfrekventovan\u011bj\u0161\u00edm cest\u00e1m, na to dbali brat\u0159i Pato\u010dkov\u00e9 z&nbsp;divize bezpe\u010dnostn\u00edho dohledu. D\u00e1le bylo nutn\u00e9 se poprat s&nbsp;realitou, \u017ee zdaleka ne ka\u017ed\u00fd \u00fasek je bez v\u011bt\u0161\u00edho z\u00e1sahu p\u0159edem sj\u00edzdn\u00fd. Tedy napl\u00e1novat n\u00e1vaznost cesty dol\u016f zp\u016fsobem, aby si Gaspi splnil sv\u016fj d\u011btsk\u00fd sen, a tak, aby to vypadalo i dob\u0159e na kamery. To byla v&nbsp;\u0161\u00edlen\u00fdch vedrech v\u00e1\u017en\u011b v\u00fdzva.&nbsp;<\/p>\n\n\n\n<blockquote class=\"wp-block-quote is-layout-flow wp-block-quote-is-layout-flow\"><p>K&nbsp;\u010demu pohyb v&nbsp;dole a cel\u00e9 nat\u00e1\u010den\u00ed nejl\u00e9pe p\u0159irovnat? Zkuste si p\u0159edstavit, \u017ee chod\u00edte dva dny po p\u00edse\u010dn\u00e9 pl\u00e1\u017ei v&nbsp;nejteplej\u0161\u00ed v\u00edkend sez\u00f3ny. Akor\u00e1t s&nbsp;t\u00edm rozd\u00edlem, \u017ee p\u00edsek se v\u00e1m zar\u00fdv\u00e1 do ka\u017ed\u00e9ho p\u00f3ru t\u011bla a z\u00e1hybu oble\u010den\u00ed v&nbsp;podob\u011b jemn\u00e9ho \u0161ed\u00e9ho prachu. U\u0161et\u0159ena nen\u00ed ani technika. Na t\u00e9to zvl\u00e1\u0161tn\u00ed pl\u00e1\u017ei neexistuj\u00ed slune\u010dn\u00edky a nec\u00edt\u00edte sv\u011b\u017e\u00ed mo\u0159sk\u00fd v\u00e1nek.<\/p><\/blockquote>\n\n\n\n<p>A jak si pohyb po povrchu, kter\u00fd u\u017e v&nbsp;tuto chv\u00edli obrovsk\u00e1 r\u00fdpadla zase p\u0159etvo\u0159ila na jin\u00fd do\u010dasn\u00fd ter\u00e9n, kter\u00fd bude v budoucnu zcela zrekultivov\u00e1n u\u017eil s\u00e1m Richard Gasperotti, kter\u00fd byl prvn\u00ed a z\u0159ejm\u011b i posledn\u00ed \u010dlov\u011bk, kter\u00fd se v&nbsp;lomu projel na kole? Vy\u0159e\u0161il s&nbsp;d\u00e9monem svou minulost? <strong>Posouzen\u00ed nech\u00e1me na v\u00e1s po zhl\u00e9dnut\u00ed jeho dokumentu LEGAL DEEPER:<\/strong><\/p>\n\n\n\n<figure class=\"wp-block-embed is-type-video is-provider-youtube wp-block-embed-youtube wp-embed-aspect-16-9 wp-has-aspect-ratio\"><div class=\"wp-block-embed__wrapper\">\n<iframe loading=\"lazy\" title=\"LEGAL DEEPER\" width=\"600\" height=\"338\" src=\"https:\/\/www.youtube.com\/embed\/TX29URJAows?feature=oembed\" frameborder=\"0\" allow=\"accelerometer; autoplay; clipboard-write; encrypted-media; gyroscope; picture-in-picture; web-share\" referrerpolicy=\"strict-origin-when-cross-origin\" allowfullscreen><\/iframe>\n<\/div><\/figure><br>\n\n\n\n<div class=\"wp-block-media-text alignwide is-stacked-on-mobile is-vertically-aligned-top\" style=\"grid-template-columns:29% auto\"><figure class=\"wp-block-media-text__media\"><a href=\"https:\/\/www.mzone.cz\/selfie-video-radotin-richard-gaspi-gasperotti\/\"><img loading=\"lazy\" decoding=\"async\" width=\"1024\" height=\"683\" src=\"https:\/\/www.mzone.cz\/wp-content\/uploads\/2020\/07\/Radotin-selfie-video-Gaspi-1024x683.jpg\" alt=\"\" class=\"wp-image-22661 size-full\" srcset=\"https:\/\/www.mzone.cz\/wp-content\/uploads\/2020\/07\/Radotin-selfie-video-Gaspi-1024x683.jpg 1024w, https:\/\/www.mzone.cz\/wp-content\/uploads\/2020\/07\/Radotin-selfie-video-Gaspi-300x200.jpg 300w, https:\/\/www.mzone.cz\/wp-content\/uploads\/2020\/07\/Radotin-selfie-video-Gaspi-768x512.jpg 768w, https:\/\/www.mzone.cz\/wp-content\/uploads\/2020\/07\/Radotin-selfie-video-Gaspi-1536x1024.jpg 1536w, https:\/\/www.mzone.cz\/wp-content\/uploads\/2020\/07\/Radotin-selfie-video-Gaspi-800x533.jpg 800w, https:\/\/www.mzone.cz\/wp-content\/uploads\/2020\/07\/Radotin-selfie-video-Gaspi-400x267.jpg 400w, https:\/\/www.mzone.cz\/wp-content\/uploads\/2020\/07\/Radotin-selfie-video-Gaspi-500x333.jpg 500w, https:\/\/www.mzone.cz\/wp-content\/uploads\/2020\/07\/Radotin-selfie-video-Gaspi-1170x780.jpg 1170w, https:\/\/www.mzone.cz\/wp-content\/uploads\/2020\/07\/Radotin-selfie-video-Gaspi-590x393.jpg 590w, https:\/\/www.mzone.cz\/wp-content\/uploads\/2020\/07\/Radotin-selfie-video-Gaspi.jpg 1564w\" sizes=\"auto, (max-width: 1024px) 100vw, 1024px\" \/><\/a><\/figure><div class=\"wp-block-media-text__content\">\n<h4><a href=\"https:\/\/www.mzone.cz\/selfie-video-radotin-richard-gaspi-gasperotti\/\">Richard \u201cGaspi\u201d Gasperotti nato\u010dil prvn\u00ed bikov\u00e9 selfie-video! Jezd\u00ed na n\u011bm ve sv\u00e9 domovin\u011b<\/a><\/h4><br>\n<\/div><\/div>","protected":false},"excerpt":{"rendered":"<p>\u010cech s italsk\u00fdm jm\u00e9nem a temperamentem, to je profesion\u00e1ln\u00ed freerider Richard Gasperotti. Ten se kv\u016fli nato\u010den\u00ed unik\u00e1tn\u00edho videa vr\u00e1til pot\u0159et\u00ed do hn\u011bdouheln\u00e9ho povrchov\u00e9ho lomu B\u00edlina, aby se svou K!LL H!LL produkc\u00ed nato\u010dili kr\u00e1tk\u00e9 video na pomez\u00ed ak\u010dn\u00edho videa a osobn\u00ed zpov\u011bdi extr\u00e9mn\u00edho cyklisty, kter\u00fd se p\u0159i\u0161el postavit tv\u00e1\u0159\u00ed v tv\u00e1\u0159 d\u00e9monovi z d\u011btstv\u00ed. Tedy sjet [&hellip;]<\/p>\n","protected":false},"author":4,"featured_media":34900,"comment_status":"open","ping_status":"closed","sticky":false,"template":"","format":"standard","meta":{"kk_blocks_editor_width":"","_kiokenblocks_attr":"","_kiokenblocks_dimensions":"","footnotes":""},"categories":[80,30],"tags":[18,3101,3979,5283,1952,1950,471,2428,4233,2430,1953,5282,2429,2432,42,36],"class_list":["post-34897","post","type-post","status-publish","format-standard","has-post-thumbnail","hentry","category-sport","category-video","tag-adrenalin","tag-bike","tag-biker","tag-bilina","tag-cyklista","tag-cyklistika","tag-extremni-sporty","tag-freeride","tag-freerider","tag-gaspi","tag-kolo","tag-lom","tag-mtb","tag-richard-gasperotti","tag-sport","tag-video"],"yoast_head":"<!-- This site is optimized with the Yoast SEO plugin v27.5 - https:\/\/yoast.com\/product\/yoast-seo-wordpress\/ -->\n<title>VIDEO: Gasperotti sjel na kole jako prvn\u00ed 250 metr\u016f hlubok\u00fd lom - Mzone<\/title>\n<meta name=\"description\" content=\"\u010cech s italsk\u00fdm jm\u00e9nem a temperamentem, to je profesion\u00e1ln\u00ed freerider Richard Gasperotti. Ten se kv\u016fli nato\u010den\u00ed unik\u00e1tn\u00edho videa vr\u00e1til pot\u0159et\u00ed do hn\u011bdouheln\u00e9ho povrchov\u00e9ho lomu B\u00edlina, aby se svou K!LL H!LL produkc\u00ed nato\u010dili kr\u00e1tk\u00e9 video na pomez\u00ed ak\u010dn\u00edho videa a osobn\u00ed zpov\u011bdi extr\u00e9mn\u00edho cyklisty, kter\u00fd se p\u0159i\u0161el postavit tv\u00e1\u0159\u00ed v tv\u00e1\u0159 d\u00e9monovi z d\u011btstv\u00ed. Tedy sjet jako prvn\u00ed v historii 250 metr\u016f hlubokou p\u00e1nev, ve kter\u00e9 prob\u00edh\u00e1 aktivn\u00ed t\u011b\u017eba.\" \/>\n<meta name=\"robots\" content=\"index, follow, max-snippet:-1, max-image-preview:large, max-video-preview:-1\" \/>\n<link rel=\"canonical\" href=\"https:\/\/www.mzone.cz\/en\/gasperotti-sjel-na-kole-jako-prvni-250-metru-hluboky-lom\/\" \/>\n<meta property=\"og:locale\" content=\"en_US\" \/>\n<meta property=\"og:type\" content=\"article\" \/>\n<meta property=\"og:title\" content=\"VIDEO: Gasperotti sjel na kole jako prvn\u00ed 250 metr\u016f hlubok\u00fd lom - Mzone\" \/>\n<meta property=\"og:description\" content=\"\u010cech s italsk\u00fdm jm\u00e9nem a temperamentem, to je profesion\u00e1ln\u00ed freerider Richard Gasperotti. Ten se kv\u016fli nato\u010den\u00ed unik\u00e1tn\u00edho videa vr\u00e1til pot\u0159et\u00ed do hn\u011bdouheln\u00e9ho povrchov\u00e9ho lomu B\u00edlina, aby se svou K!LL H!LL produkc\u00ed nato\u010dili kr\u00e1tk\u00e9 video na pomez\u00ed ak\u010dn\u00edho videa a osobn\u00ed zpov\u011bdi extr\u00e9mn\u00edho cyklisty, kter\u00fd se p\u0159i\u0161el postavit tv\u00e1\u0159\u00ed v tv\u00e1\u0159 d\u00e9monovi z d\u011btstv\u00ed. Tedy sjet jako prvn\u00ed v historii 250 metr\u016f hlubokou p\u00e1nev, ve kter\u00e9 prob\u00edh\u00e1 aktivn\u00ed t\u011b\u017eba.\" \/>\n<meta property=\"og:url\" content=\"https:\/\/www.mzone.cz\/en\/gasperotti-sjel-na-kole-jako-prvni-250-metru-hluboky-lom\/\" \/>\n<meta property=\"og:site_name\" content=\"Mzone\" \/>\n<meta property=\"article:publisher\" content=\"https:\/\/www.facebook.com\/MzoneCZ\/\" \/>\n<meta property=\"article:published_time\" content=\"2021-12-17T04:00:00+00:00\" \/>\n<meta property=\"og:image\" content=\"https:\/\/www.mzone.cz\/wp-content\/uploads\/2021\/12\/Gaspi-jizda-v-lomu.jpg\" \/>\n\t<meta property=\"og:image:width\" content=\"2074\" \/>\n\t<meta property=\"og:image:height\" content=\"1383\" \/>\n\t<meta property=\"og:image:type\" content=\"image\/jpeg\" \/>\n<meta name=\"author\" content=\"Mzone\" \/>\n<meta name=\"twitter:card\" content=\"summary_large_image\" \/>\n<meta name=\"twitter:label1\" content=\"Written by\" \/>\n\t<meta name=\"twitter:data1\" content=\"Mzone\" \/>\n\t<meta name=\"twitter:label2\" content=\"Est. reading time\" \/>\n\t<meta name=\"twitter:data2\" content=\"5 minutes\" \/>\n<script type=\"application\/ld+json\" class=\"yoast-schema-graph\">{\"@context\":\"https:\\\/\\\/schema.org\",\"@graph\":[{\"@type\":\"Article\",\"@id\":\"https:\\\/\\\/www.mzone.cz\\\/gasperotti-sjel-na-kole-jako-prvni-250-metru-hluboky-lom\\\/#article\",\"isPartOf\":{\"@id\":\"https:\\\/\\\/www.mzone.cz\\\/gasperotti-sjel-na-kole-jako-prvni-250-metru-hluboky-lom\\\/\"},\"author\":{\"name\":\"Mzone\",\"@id\":\"https:\\\/\\\/www.mzone.cz\\\/#\\\/schema\\\/person\\\/9bc20cc422a99cac4af6ff9297da32d4\"},\"headline\":\"VIDEO: Gasperotti sjel na kole jako prvn\u00ed 250 metr\u016f hlubok\u00fd lom\",\"datePublished\":\"2021-12-17T04:00:00+00:00\",\"mainEntityOfPage\":{\"@id\":\"https:\\\/\\\/www.mzone.cz\\\/gasperotti-sjel-na-kole-jako-prvni-250-metru-hluboky-lom\\\/\"},\"wordCount\":1217,\"commentCount\":0,\"image\":{\"@id\":\"https:\\\/\\\/www.mzone.cz\\\/gasperotti-sjel-na-kole-jako-prvni-250-metru-hluboky-lom\\\/#primaryimage\"},\"thumbnailUrl\":\"https:\\\/\\\/www.mzone.cz\\\/wp-content\\\/uploads\\\/2021\\\/12\\\/Gaspi-jizda-v-lomu.jpg\",\"keywords\":[\"Adrenalin\",\"bike\",\"biker\",\"B\u00edlina\",\"cyklista\",\"cyklistika\",\"extr\u00e9mn\u00ed sporty\",\"freeride\",\"freerider\",\"Gaspi\",\"kolo\",\"lom\",\"MTB\",\"Richard Gasperotti\",\"Sport\",\"Video\"],\"articleSection\":[\"Sport\",\"Video\"],\"inLanguage\":\"en-US\",\"potentialAction\":[{\"@type\":\"CommentAction\",\"name\":\"Comment\",\"target\":[\"https:\\\/\\\/www.mzone.cz\\\/gasperotti-sjel-na-kole-jako-prvni-250-metru-hluboky-lom\\\/#respond\"]}]},{\"@type\":\"WebPage\",\"@id\":\"https:\\\/\\\/www.mzone.cz\\\/gasperotti-sjel-na-kole-jako-prvni-250-metru-hluboky-lom\\\/\",\"url\":\"https:\\\/\\\/www.mzone.cz\\\/gasperotti-sjel-na-kole-jako-prvni-250-metru-hluboky-lom\\\/\",\"name\":\"VIDEO: Gasperotti sjel na kole jako prvn\u00ed 250 metr\u016f hlubok\u00fd lom - Mzone\",\"isPartOf\":{\"@id\":\"https:\\\/\\\/www.mzone.cz\\\/#website\"},\"primaryImageOfPage\":{\"@id\":\"https:\\\/\\\/www.mzone.cz\\\/gasperotti-sjel-na-kole-jako-prvni-250-metru-hluboky-lom\\\/#primaryimage\"},\"image\":{\"@id\":\"https:\\\/\\\/www.mzone.cz\\\/gasperotti-sjel-na-kole-jako-prvni-250-metru-hluboky-lom\\\/#primaryimage\"},\"thumbnailUrl\":\"https:\\\/\\\/www.mzone.cz\\\/wp-content\\\/uploads\\\/2021\\\/12\\\/Gaspi-jizda-v-lomu.jpg\",\"datePublished\":\"2021-12-17T04:00:00+00:00\",\"author\":{\"@id\":\"https:\\\/\\\/www.mzone.cz\\\/#\\\/schema\\\/person\\\/9bc20cc422a99cac4af6ff9297da32d4\"},\"description\":\"\u010cech s italsk\u00fdm jm\u00e9nem a temperamentem, to je profesion\u00e1ln\u00ed freerider Richard Gasperotti. Ten se kv\u016fli nato\u010den\u00ed unik\u00e1tn\u00edho videa vr\u00e1til pot\u0159et\u00ed do hn\u011bdouheln\u00e9ho povrchov\u00e9ho lomu B\u00edlina, aby se svou K!LL H!LL produkc\u00ed nato\u010dili kr\u00e1tk\u00e9 video na pomez\u00ed ak\u010dn\u00edho videa a osobn\u00ed zpov\u011bdi extr\u00e9mn\u00edho cyklisty, kter\u00fd se p\u0159i\u0161el postavit tv\u00e1\u0159\u00ed v tv\u00e1\u0159 d\u00e9monovi z d\u011btstv\u00ed. Tedy sjet jako prvn\u00ed v historii 250 metr\u016f hlubokou p\u00e1nev, ve kter\u00e9 prob\u00edh\u00e1 aktivn\u00ed t\u011b\u017eba.\",\"breadcrumb\":{\"@id\":\"https:\\\/\\\/www.mzone.cz\\\/gasperotti-sjel-na-kole-jako-prvni-250-metru-hluboky-lom\\\/#breadcrumb\"},\"inLanguage\":\"en-US\",\"potentialAction\":[{\"@type\":\"ReadAction\",\"target\":[\"https:\\\/\\\/www.mzone.cz\\\/gasperotti-sjel-na-kole-jako-prvni-250-metru-hluboky-lom\\\/\"]}]},{\"@type\":\"ImageObject\",\"inLanguage\":\"en-US\",\"@id\":\"https:\\\/\\\/www.mzone.cz\\\/gasperotti-sjel-na-kole-jako-prvni-250-metru-hluboky-lom\\\/#primaryimage\",\"url\":\"https:\\\/\\\/www.mzone.cz\\\/wp-content\\\/uploads\\\/2021\\\/12\\\/Gaspi-jizda-v-lomu.jpg\",\"contentUrl\":\"https:\\\/\\\/www.mzone.cz\\\/wp-content\\\/uploads\\\/2021\\\/12\\\/Gaspi-jizda-v-lomu.jpg\",\"width\":2074,\"height\":1383,\"caption\":\"Gaspi - j\u00edzda v lomu\"},{\"@type\":\"BreadcrumbList\",\"@id\":\"https:\\\/\\\/www.mzone.cz\\\/gasperotti-sjel-na-kole-jako-prvni-250-metru-hluboky-lom\\\/#breadcrumb\",\"itemListElement\":[{\"@type\":\"ListItem\",\"position\":1,\"name\":\"Dom\u016f\",\"item\":\"https:\\\/\\\/www.mzone.cz\\\/\"},{\"@type\":\"ListItem\",\"position\":2,\"name\":\"VIDEO: Gasperotti sjel na kole jako prvn\u00ed 250 metr\u016f hlubok\u00fd lom\"}]},{\"@type\":\"WebSite\",\"@id\":\"https:\\\/\\\/www.mzone.cz\\\/#website\",\"url\":\"https:\\\/\\\/www.mzone.cz\\\/\",\"name\":\"Mzone\",\"description\":\"Magaz\u00edn nejen pro mu\u017ee\",\"potentialAction\":[{\"@type\":\"SearchAction\",\"target\":{\"@type\":\"EntryPoint\",\"urlTemplate\":\"https:\\\/\\\/www.mzone.cz\\\/?s={search_term_string}\"},\"query-input\":{\"@type\":\"PropertyValueSpecification\",\"valueRequired\":true,\"valueName\":\"search_term_string\"}}],\"inLanguage\":\"en-US\"},{\"@type\":\"Person\",\"@id\":\"https:\\\/\\\/www.mzone.cz\\\/#\\\/schema\\\/person\\\/9bc20cc422a99cac4af6ff9297da32d4\",\"name\":\"Mzone\",\"image\":{\"@type\":\"ImageObject\",\"inLanguage\":\"en-US\",\"@id\":\"https:\\\/\\\/secure.gravatar.com\\\/avatar\\\/e780a8630f3182a3d06dd667ab6bea151a0d155b0951bc15fe22633acdac0676?s=96&d=mm&r=g\",\"url\":\"https:\\\/\\\/secure.gravatar.com\\\/avatar\\\/e780a8630f3182a3d06dd667ab6bea151a0d155b0951bc15fe22633acdac0676?s=96&d=mm&r=g\",\"contentUrl\":\"https:\\\/\\\/secure.gravatar.com\\\/avatar\\\/e780a8630f3182a3d06dd667ab6bea151a0d155b0951bc15fe22633acdac0676?s=96&d=mm&r=g\",\"caption\":\"Mzone\"},\"url\":\"https:\\\/\\\/www.mzone.cz\\\/en\\\/author\\\/jakub\\\/\"}]}<\/script>\n<!-- \/ Yoast SEO plugin. -->","yoast_head_json":{"title":"VIDEO: Gasperotti sjel na kole jako prvn\u00ed 250 metr\u016f hlubok\u00fd lom - Mzone","description":"\u010cech s italsk\u00fdm jm\u00e9nem a temperamentem, to je profesion\u00e1ln\u00ed freerider Richard Gasperotti. Ten se kv\u016fli nato\u010den\u00ed unik\u00e1tn\u00edho videa vr\u00e1til pot\u0159et\u00ed do hn\u011bdouheln\u00e9ho povrchov\u00e9ho lomu B\u00edlina, aby se svou K!LL H!LL produkc\u00ed nato\u010dili kr\u00e1tk\u00e9 video na pomez\u00ed ak\u010dn\u00edho videa a osobn\u00ed zpov\u011bdi extr\u00e9mn\u00edho cyklisty, kter\u00fd se p\u0159i\u0161el postavit tv\u00e1\u0159\u00ed v tv\u00e1\u0159 d\u00e9monovi z d\u011btstv\u00ed. Tedy sjet jako prvn\u00ed v historii 250 metr\u016f hlubokou p\u00e1nev, ve kter\u00e9 prob\u00edh\u00e1 aktivn\u00ed t\u011b\u017eba.","robots":{"index":"index","follow":"follow","max-snippet":"max-snippet:-1","max-image-preview":"max-image-preview:large","max-video-preview":"max-video-preview:-1"},"canonical":"https:\/\/www.mzone.cz\/en\/gasperotti-sjel-na-kole-jako-prvni-250-metru-hluboky-lom\/","og_locale":"en_US","og_type":"article","og_title":"VIDEO: Gasperotti sjel na kole jako prvn\u00ed 250 metr\u016f hlubok\u00fd lom - Mzone","og_description":"\u010cech s italsk\u00fdm jm\u00e9nem a temperamentem, to je profesion\u00e1ln\u00ed freerider Richard Gasperotti. Ten se kv\u016fli nato\u010den\u00ed unik\u00e1tn\u00edho videa vr\u00e1til pot\u0159et\u00ed do hn\u011bdouheln\u00e9ho povrchov\u00e9ho lomu B\u00edlina, aby se svou K!LL H!LL produkc\u00ed nato\u010dili kr\u00e1tk\u00e9 video na pomez\u00ed ak\u010dn\u00edho videa a osobn\u00ed zpov\u011bdi extr\u00e9mn\u00edho cyklisty, kter\u00fd se p\u0159i\u0161el postavit tv\u00e1\u0159\u00ed v tv\u00e1\u0159 d\u00e9monovi z d\u011btstv\u00ed. Tedy sjet jako prvn\u00ed v historii 250 metr\u016f hlubokou p\u00e1nev, ve kter\u00e9 prob\u00edh\u00e1 aktivn\u00ed t\u011b\u017eba.","og_url":"https:\/\/www.mzone.cz\/en\/gasperotti-sjel-na-kole-jako-prvni-250-metru-hluboky-lom\/","og_site_name":"Mzone","article_publisher":"https:\/\/www.facebook.com\/MzoneCZ\/","article_published_time":"2021-12-17T04:00:00+00:00","og_image":[{"width":2074,"height":1383,"url":"https:\/\/www.mzone.cz\/wp-content\/uploads\/2021\/12\/Gaspi-jizda-v-lomu.jpg","type":"image\/jpeg"}],"author":"Mzone","twitter_card":"summary_large_image","twitter_misc":{"Written by":"Mzone","Est. reading time":"5 minutes"},"schema":{"@context":"https:\/\/schema.org","@graph":[{"@type":"Article","@id":"https:\/\/www.mzone.cz\/gasperotti-sjel-na-kole-jako-prvni-250-metru-hluboky-lom\/#article","isPartOf":{"@id":"https:\/\/www.mzone.cz\/gasperotti-sjel-na-kole-jako-prvni-250-metru-hluboky-lom\/"},"author":{"name":"Mzone","@id":"https:\/\/www.mzone.cz\/#\/schema\/person\/9bc20cc422a99cac4af6ff9297da32d4"},"headline":"VIDEO: Gasperotti sjel na kole jako prvn\u00ed 250 metr\u016f hlubok\u00fd lom","datePublished":"2021-12-17T04:00:00+00:00","mainEntityOfPage":{"@id":"https:\/\/www.mzone.cz\/gasperotti-sjel-na-kole-jako-prvni-250-metru-hluboky-lom\/"},"wordCount":1217,"commentCount":0,"image":{"@id":"https:\/\/www.mzone.cz\/gasperotti-sjel-na-kole-jako-prvni-250-metru-hluboky-lom\/#primaryimage"},"thumbnailUrl":"https:\/\/www.mzone.cz\/wp-content\/uploads\/2021\/12\/Gaspi-jizda-v-lomu.jpg","keywords":["Adrenalin","bike","biker","B\u00edlina","cyklista","cyklistika","extr\u00e9mn\u00ed sporty","freeride","freerider","Gaspi","kolo","lom","MTB","Richard Gasperotti","Sport","Video"],"articleSection":["Sport","Video"],"inLanguage":"en-US","potentialAction":[{"@type":"CommentAction","name":"Comment","target":["https:\/\/www.mzone.cz\/gasperotti-sjel-na-kole-jako-prvni-250-metru-hluboky-lom\/#respond"]}]},{"@type":"WebPage","@id":"https:\/\/www.mzone.cz\/gasperotti-sjel-na-kole-jako-prvni-250-metru-hluboky-lom\/","url":"https:\/\/www.mzone.cz\/gasperotti-sjel-na-kole-jako-prvni-250-metru-hluboky-lom\/","name":"VIDEO: Gasperotti sjel na kole jako prvn\u00ed 250 metr\u016f hlubok\u00fd lom - Mzone","isPartOf":{"@id":"https:\/\/www.mzone.cz\/#website"},"primaryImageOfPage":{"@id":"https:\/\/www.mzone.cz\/gasperotti-sjel-na-kole-jako-prvni-250-metru-hluboky-lom\/#primaryimage"},"image":{"@id":"https:\/\/www.mzone.cz\/gasperotti-sjel-na-kole-jako-prvni-250-metru-hluboky-lom\/#primaryimage"},"thumbnailUrl":"https:\/\/www.mzone.cz\/wp-content\/uploads\/2021\/12\/Gaspi-jizda-v-lomu.jpg","datePublished":"2021-12-17T04:00:00+00:00","author":{"@id":"https:\/\/www.mzone.cz\/#\/schema\/person\/9bc20cc422a99cac4af6ff9297da32d4"},"description":"\u010cech s italsk\u00fdm jm\u00e9nem a temperamentem, to je profesion\u00e1ln\u00ed freerider Richard Gasperotti. Ten se kv\u016fli nato\u010den\u00ed unik\u00e1tn\u00edho videa vr\u00e1til pot\u0159et\u00ed do hn\u011bdouheln\u00e9ho povrchov\u00e9ho lomu B\u00edlina, aby se svou K!LL H!LL produkc\u00ed nato\u010dili kr\u00e1tk\u00e9 video na pomez\u00ed ak\u010dn\u00edho videa a osobn\u00ed zpov\u011bdi extr\u00e9mn\u00edho cyklisty, kter\u00fd se p\u0159i\u0161el postavit tv\u00e1\u0159\u00ed v tv\u00e1\u0159 d\u00e9monovi z d\u011btstv\u00ed. Tedy sjet jako prvn\u00ed v historii 250 metr\u016f hlubokou p\u00e1nev, ve kter\u00e9 prob\u00edh\u00e1 aktivn\u00ed t\u011b\u017eba.","breadcrumb":{"@id":"https:\/\/www.mzone.cz\/gasperotti-sjel-na-kole-jako-prvni-250-metru-hluboky-lom\/#breadcrumb"},"inLanguage":"en-US","potentialAction":[{"@type":"ReadAction","target":["https:\/\/www.mzone.cz\/gasperotti-sjel-na-kole-jako-prvni-250-metru-hluboky-lom\/"]}]},{"@type":"ImageObject","inLanguage":"en-US","@id":"https:\/\/www.mzone.cz\/gasperotti-sjel-na-kole-jako-prvni-250-metru-hluboky-lom\/#primaryimage","url":"https:\/\/www.mzone.cz\/wp-content\/uploads\/2021\/12\/Gaspi-jizda-v-lomu.jpg","contentUrl":"https:\/\/www.mzone.cz\/wp-content\/uploads\/2021\/12\/Gaspi-jizda-v-lomu.jpg","width":2074,"height":1383,"caption":"Gaspi - j\u00edzda v lomu"},{"@type":"BreadcrumbList","@id":"https:\/\/www.mzone.cz\/gasperotti-sjel-na-kole-jako-prvni-250-metru-hluboky-lom\/#breadcrumb","itemListElement":[{"@type":"ListItem","position":1,"name":"Dom\u016f","item":"https:\/\/www.mzone.cz\/"},{"@type":"ListItem","position":2,"name":"VIDEO: Gasperotti sjel na kole jako prvn\u00ed 250 metr\u016f hlubok\u00fd lom"}]},{"@type":"WebSite","@id":"https:\/\/www.mzone.cz\/#website","url":"https:\/\/www.mzone.cz\/","name":"Mzone","description":"Magaz\u00edn nejen pro mu\u017ee","potentialAction":[{"@type":"SearchAction","target":{"@type":"EntryPoint","urlTemplate":"https:\/\/www.mzone.cz\/?s={search_term_string}"},"query-input":{"@type":"PropertyValueSpecification","valueRequired":true,"valueName":"search_term_string"}}],"inLanguage":"en-US"},{"@type":"Person","@id":"https:\/\/www.mzone.cz\/#\/schema\/person\/9bc20cc422a99cac4af6ff9297da32d4","name":"Mzone","image":{"@type":"ImageObject","inLanguage":"en-US","@id":"https:\/\/secure.gravatar.com\/avatar\/e780a8630f3182a3d06dd667ab6bea151a0d155b0951bc15fe22633acdac0676?s=96&d=mm&r=g","url":"https:\/\/secure.gravatar.com\/avatar\/e780a8630f3182a3d06dd667ab6bea151a0d155b0951bc15fe22633acdac0676?s=96&d=mm&r=g","contentUrl":"https:\/\/secure.gravatar.com\/avatar\/e780a8630f3182a3d06dd667ab6bea151a0d155b0951bc15fe22633acdac0676?s=96&d=mm&r=g","caption":"Mzone"},"url":"https:\/\/www.mzone.cz\/en\/author\/jakub\/"}]}},"_links":{"self":[{"href":"https:\/\/www.mzone.cz\/en\/wp-json\/wp\/v2\/posts\/34897","targetHints":{"allow":["GET"]}}],"collection":[{"href":"https:\/\/www.mzone.cz\/en\/wp-json\/wp\/v2\/posts"}],"about":[{"href":"https:\/\/www.mzone.cz\/en\/wp-json\/wp\/v2\/types\/post"}],"author":[{"embeddable":true,"href":"https:\/\/www.mzone.cz\/en\/wp-json\/wp\/v2\/users\/4"}],"replies":[{"embeddable":true,"href":"https:\/\/www.mzone.cz\/en\/wp-json\/wp\/v2\/comments?post=34897"}],"version-history":[{"count":16,"href":"https:\/\/www.mzone.cz\/en\/wp-json\/wp\/v2\/posts\/34897\/revisions"}],"predecessor-version":[{"id":34983,"href":"https:\/\/www.mzone.cz\/en\/wp-json\/wp\/v2\/posts\/34897\/revisions\/34983"}],"wp:featuredmedia":[{"embeddable":true,"href":"https:\/\/www.mzone.cz\/en\/wp-json\/wp\/v2\/media\/34900"}],"wp:attachment":[{"href":"https:\/\/www.mzone.cz\/en\/wp-json\/wp\/v2\/media?parent=34897"}],"wp:term":[{"taxonomy":"category","embeddable":true,"href":"https:\/\/www.mzone.cz\/en\/wp-json\/wp\/v2\/categories?post=34897"},{"taxonomy":"post_tag","embeddable":true,"href":"https:\/\/www.mzone.cz\/en\/wp-json\/wp\/v2\/tags?post=34897"}],"curies":[{"name":"wp","href":"https:\/\/api.w.org\/{rel}","templated":true}]}}