{"id":35535,"date":"2022-01-19T05:00:00","date_gmt":"2022-01-19T04:00:00","guid":{"rendered":"https:\/\/www.mzone.cz\/?p=35535"},"modified":"2022-01-18T21:18:57","modified_gmt":"2022-01-18T20:18:57","slug":"revoluce-v-rallye-toyota-startuje-s-hybridy","status":"publish","type":"post","link":"https:\/\/www.mzone.cz\/en\/revoluce-v-rallye-toyota-startuje-s-hybridy\/","title":{"rendered":"Revoluce v rallye? Toyota startuje s hybridy!"},"content":{"rendered":"<p><strong>Sout\u011b\u017en\u00ed t\u00fdm Toyota Gazoo Racing World Rally Team zahajuje novou \u00e9ru rallye s hybridn\u00edmi vozy GR Yaris Rally1. Sez\u00f3nu 2022 odstartuje na Rallye Monte Carlo u\u017e 20.-23. ledna.<\/strong> <strong>Hybridn\u00ed \u00fastroj\u00ed v\u0161ech voz\u016f tvo\u0159\u00ed baterie o kapacit\u011b 3,9 kWh a motorgener\u00e1tor, jen\u017e p\u0159i zrychlov\u00e1n\u00ed nab\u00eddne v\u00fdkonovou posilu 100 kW (134 kon\u00ed).<\/strong><\/p><br>\n\n\n\n<p>V p\u0159\u00edpad\u011b Toyoty GR Yaris Rally1 je sou\u010d\u00e1st\u00ed hybridn\u00edho \u00fastroj\u00ed p\u0159epl\u0148ovan\u00fd motor 1,6 litru z Yarisu WRC. Celkov\u00fd syst\u00e9mov\u00fd v\u00fdkon p\u0159esahuje 500 kon\u00ed. Motor bude spalovat pouze udr\u017eiteln\u00e9 palivo, co\u017e je poprv\u00e9 v r\u00e1mci sv\u011btov\u00e9ho \u0161ampion\u00e1tu FIA.<\/p>\n\n\n\n<blockquote class=\"wp-block-quote is-layout-flow wp-block-quote-is-layout-flow\"><p>GR Yaris Rally1 je n\u00e1stupcem v\u00edt\u011bzn\u00e9ho modelu Yaris WRC, jen\u017e se v sout\u011b\u017en\u00ed sez\u00f3n\u011b 2021 zavr\u0161en\u00e9 v italsk\u00e9 Monze postaral o \u010distou s\u00e9rii v podob\u011b mistrovsk\u00fdch titul\u016f pro tov\u00e1rn\u00ed t\u00fdmy, sout\u011b\u017en\u00ed jezdce i navig\u00e1tory.<\/p><\/blockquote>\n\n\n\n<p>GR Yaris Rally1 je postaven na vyhrazen\u00e9m prostorov\u00e9m r\u00e1mu se zv\u00fd\u0161enou \u00farovn\u00ed ochrany pro jezdce i navig\u00e1tora. Z dal\u0161\u00edch zm\u011bn v souladu s nov\u00fdmi p\u0159edpisy jmenujme m\u00e9n\u011b komplikovanou aerodynamiku, n\u00e1vrat k mechanick\u00e9mu \u0159azen\u00ed a ukon\u010den\u00ed aktivn\u00edho centr\u00e1ln\u00edho diferenci\u00e1lu.<\/p><br>\n\n\n\n<figure class=\"wp-block-image size-large\"><img loading=\"lazy\" decoding=\"async\" width=\"1024\" height=\"512\" src=\"https:\/\/www.mzone.cz\/wp-content\/uploads\/2022\/01\/wrc-2022-media-016-1024x512.jpg\" alt=\"Toyota GR Yaris Rally1\" class=\"wp-image-35540\" srcset=\"https:\/\/www.mzone.cz\/wp-content\/uploads\/2022\/01\/wrc-2022-media-016-1024x512.jpg 1024w, https:\/\/www.mzone.cz\/wp-content\/uploads\/2022\/01\/wrc-2022-media-016-300x150.jpg 300w, https:\/\/www.mzone.cz\/wp-content\/uploads\/2022\/01\/wrc-2022-media-016-768x384.jpg 768w, https:\/\/www.mzone.cz\/wp-content\/uploads\/2022\/01\/wrc-2022-media-016-18x9.jpg 18w, https:\/\/www.mzone.cz\/wp-content\/uploads\/2022\/01\/wrc-2022-media-016-590x295.jpg 590w, https:\/\/www.mzone.cz\/wp-content\/uploads\/2022\/01\/wrc-2022-media-016.jpg 1280w\" sizes=\"auto, (max-width: 1024px) 100vw, 1024px\" \/><\/figure><br>\n\n\n\n<p>Zm\u011bny souvisej\u00ed s vy\u0161\u0161\u00edm zam\u011b\u0159en\u00edm na jezdeck\u00e9 um\u011bn\u00ed pilota. Ten bude nucen v r\u00e1mci rychlostn\u00edch zkou\u0161ek upravit zp\u016fsob j\u00edzdy pot\u0159eb\u00e1m rekuperace a vyu\u017e\u00edv\u00e1n\u00ed energie hybridn\u00edho pohonu.<\/p><br>\n\n\n\n<h2 class=\"wp-block-heading\"><strong>T\u011b\u017ek\u00e9 podm\u00ednky pro test nov\u00fdch voz\u016f<\/strong><\/h2>\n\n\n\n<p>GR Yaris Rally1 od prvn\u00edch j\u00edzd vloni na ja\u0159e prod\u011blal zevrubn\u00fd program testov\u00e1n\u00ed, v posledn\u00edch n\u011bkolika t\u00fddnech zam\u011b\u0159en\u00fd na specifick\u00e9 po\u017eadavky <a href=\"https:\/\/acm.mc\/en\/edition\/rallye-monte-carlo-edition-2022\/\" target=\"_blank\" rel=\"noreferrer noopener\">Rallye Monte-Carlo<\/a>, kter\u00e9 je zn\u00e1mo neust\u00e1le se m\u011bn\u00edc\u00edmi podm\u00ednkami od such\u00e9ho asfaltu a\u017e po sn\u00edh a led, co\u017e se m\u016f\u017ee uk\u00e1zat jako obzvl\u00e1\u0161t\u011b n\u00e1ro\u010dn\u00fd za\u010d\u00e1tek pro jezdce pilotuj\u00edc\u00ed zcela nov\u00e9 vozy.<\/p>\n\n\n\n<blockquote class=\"wp-block-quote is-layout-flow wp-block-quote-is-layout-flow\"><p>Na n\u00e1ro\u010dnou rychlostn\u00ed zkou\u0161ku p\u0159i zah\u00e1jen\u00ed sout\u011b\u017ee ve \u010dtvrtek ve\u010der se z voz\u016f nov\u00e9 generace objev\u00ed na trati jako prvn\u00ed GR Yaris Rally1 \u00fa\u0159aduj\u00edc\u00edho \u0161ampiona S\u00e9bastiena Ogiera. Osmin\u00e1sobn\u00fd mistr sv\u011bta, kter\u00fd rovn\u011b\u017e z\u00edskal rekordn\u00edch osm v\u00edt\u011bzstv\u00ed na Rallye Monte-Carlo, se v leto\u0161n\u00ed sez\u00f3n\u011b z\u00fa\u010dastn\u00ed n\u011bkolika vybran\u00fdch podnik\u016f ve spolupr\u00e1ci s nov\u00fdm navig\u00e1torem Benjaminem Veillasem.<\/p><\/blockquote>\n\n\n\n<p>Jedni\u010dkou t\u00fdmu Toyota Gazoo Racing bude celou tuto sez\u00f3nu Elfyn Evans s navig\u00e1torem Scottem Martinem (druz\u00ed v sez\u00f3n\u011b 2021), za nimi\u017e n\u00e1sleduj\u00ed Kalle Rovanper\u00e4 s navig\u00e1torem Jonnem Halttunenem, kte\u0159\u00ed lo\u0148skou sez\u00f3nu zakon\u010dili na celkov\u00e9m \u010dtvrt\u00e9m m\u00edst\u011b.<\/p><br>\n\n\n\n<figure class=\"wp-block-image size-large\"><img loading=\"lazy\" decoding=\"async\" width=\"1024\" height=\"682\" src=\"https:\/\/www.mzone.cz\/wp-content\/uploads\/2022\/01\/wrc-2022-media-015-1024x682.jpg\" alt=\"T\u00fdm Toyota Gazoo Racing s jejich nov\u00fdm vozem\" class=\"wp-image-35544\" srcset=\"https:\/\/www.mzone.cz\/wp-content\/uploads\/2022\/01\/wrc-2022-media-015-1024x682.jpg 1024w, https:\/\/www.mzone.cz\/wp-content\/uploads\/2022\/01\/wrc-2022-media-015-300x200.jpg 300w, https:\/\/www.mzone.cz\/wp-content\/uploads\/2022\/01\/wrc-2022-media-015-768x512.jpg 768w, https:\/\/www.mzone.cz\/wp-content\/uploads\/2022\/01\/wrc-2022-media-015-18x12.jpg 18w, https:\/\/www.mzone.cz\/wp-content\/uploads\/2022\/01\/wrc-2022-media-015-800x533.jpg 800w, https:\/\/www.mzone.cz\/wp-content\/uploads\/2022\/01\/wrc-2022-media-015-400x267.jpg 400w, https:\/\/www.mzone.cz\/wp-content\/uploads\/2022\/01\/wrc-2022-media-015-500x333.jpg 500w, https:\/\/www.mzone.cz\/wp-content\/uploads\/2022\/01\/wrc-2022-media-015-1170x780.jpg 1170w, https:\/\/www.mzone.cz\/wp-content\/uploads\/2022\/01\/wrc-2022-media-015-590x393.jpg 590w, https:\/\/www.mzone.cz\/wp-content\/uploads\/2022\/01\/wrc-2022-media-015.jpg 1280w\" sizes=\"auto, (max-width: 1024px) 100vw, 1024px\" \/><\/figure><br>\n\n\n\n<p>Ve v\u0161ech kolech uvid\u00edme na trati celkem \u010dty\u0159i vozy GR Yaris Rally1. Kompletn\u00ed sez\u00f3nu absolvuje Takamoto Katsuta s navig\u00e1torem Aaronem Johnstonem v nov\u011b vytvo\u0159en\u00e9m t\u00fdmu Toyota Gazoo Racing World Rally Team Next Generation.<\/p>\n\n\n\n<blockquote class=\"wp-block-quote is-layout-flow wp-block-quote-is-layout-flow\"><p>Pos\u00e1dky v\u010dera zah\u00e1jili t\u0159\u00eddenn\u00ed prohl\u00eddku trat\u011b, kter\u00e1 je z 85 procent \u00fapln\u011b nov\u00e1. Pro 90. ro\u010dn\u00edk rallye se servisn\u00ed park p\u0159esouv\u00e1 z Gap p\u0159\u00edmo do Monaka. Po rozjezdech ve \u010dtvrtek dopoledne odstartuje ve\u010der samotn\u00fd rallyov\u00fd z\u00e1vod z kultovn\u00edho n\u00e1m\u011bst\u00ed Casino Square a n\u00e1sledovat bude dvojice no\u010dn\u00edch rychlostn\u00edch zkou\u0161ek. Druh\u00e1 p\u0159inese n\u00e1vrat klasiky Col de Turini, poprv\u00e9 od roku 2013 za tmy.<\/p><\/blockquote>\n\n\n\n<p>P\u00e1tek bude nejdel\u0161\u00edm dnem cel\u00e9ho podniku a p\u0159inese t\u0159i m\u011b\u0159en\u00e9 \u00faseky, absolvovan\u00e9 dvakr\u00e1t bez poledn\u00ed p\u0159est\u00e1vky na servis pouze s p\u0159ezouv\u00e1n\u00edm v Puget-Th\u00e9niers. Podobn\u00fd program je napl\u00e1nov\u00e1n na sobotu, kdy se pos\u00e1dky p\u0159esunou o n\u011bco z\u00e1padn\u011bji: dopoledne je \u010dekaj\u00ed t\u0159i rychlostn\u00ed zkou\u0161ky, z toho dv\u011b si jezdci zopakuj\u00ed odpoledne po p\u0159ezouv\u00e1n\u00ed v Digne-les-Bains. Posledn\u00edm dnem podniku je ned\u011ble sest\u00e1vaj\u00edc\u00ed ze dvou m\u011b\u0159en\u00fdch \u00fasek\u016f proj\u00ed\u017ed\u011bn\u00fdch dvakr\u00e1t \u2013 druh\u00fd z nich, zakon\u010den\u00fd v Entrevaux, je jedinou rychlostn\u00ed zkou\u0161kou shodnou s lo\u0148skem.<\/p><br>\n\n\n\n<div class=\"wp-block-media-text alignwide is-stacked-on-mobile is-vertically-aligned-top\" style=\"grid-template-columns:28% auto\"><figure class=\"wp-block-media-text__media\"><a href=\"https:\/\/www.mzone.cz\/toyota-nasadi-na-dakar-ctyri-posadky-a-novy-special-gr-dkr-hilux-t1\/\"><img loading=\"lazy\" decoding=\"async\" width=\"1024\" height=\"683\" src=\"https:\/\/www.mzone.cz\/wp-content\/uploads\/2021\/10\/Toyota-Hilux-pro-Dakar-1024x683.jpg\" alt=\"Toyota Hilux pro Dakar\" class=\"wp-image-33892 size-full\" srcset=\"https:\/\/www.mzone.cz\/wp-content\/uploads\/2021\/10\/Toyota-Hilux-pro-Dakar-1024x683.jpg 1024w, https:\/\/www.mzone.cz\/wp-content\/uploads\/2021\/10\/Toyota-Hilux-pro-Dakar-300x200.jpg 300w, https:\/\/www.mzone.cz\/wp-content\/uploads\/2021\/10\/Toyota-Hilux-pro-Dakar-768x512.jpg 768w, https:\/\/www.mzone.cz\/wp-content\/uploads\/2021\/10\/Toyota-Hilux-pro-Dakar-18x12.jpg 18w, https:\/\/www.mzone.cz\/wp-content\/uploads\/2021\/10\/Toyota-Hilux-pro-Dakar-800x533.jpg 800w, https:\/\/www.mzone.cz\/wp-content\/uploads\/2021\/10\/Toyota-Hilux-pro-Dakar-400x267.jpg 400w, https:\/\/www.mzone.cz\/wp-content\/uploads\/2021\/10\/Toyota-Hilux-pro-Dakar-500x333.jpg 500w, https:\/\/www.mzone.cz\/wp-content\/uploads\/2021\/10\/Toyota-Hilux-pro-Dakar-1170x780.jpg 1170w, https:\/\/www.mzone.cz\/wp-content\/uploads\/2021\/10\/Toyota-Hilux-pro-Dakar-590x393.jpg 590w, https:\/\/www.mzone.cz\/wp-content\/uploads\/2021\/10\/Toyota-Hilux-pro-Dakar.jpg 1207w\" sizes=\"auto, (max-width: 1024px) 100vw, 1024px\" \/><\/a><\/figure><div class=\"wp-block-media-text__content\">\n<h4><a href=\"https:\/\/www.mzone.cz\/toyota-nasadi-na-dakar-ctyri-posadky-a-novy-special-gr-dkr-hilux-t1\/\">Toyota nasad\u00ed na Dakar \u010dty\u0159i pos\u00e1dky a nov\u00fd speci\u00e1l GR DKR Hilux T1+<\/a><\/h4><br>\n<\/div><\/div>\n\n\n\n<p><\/p>","protected":false},"excerpt":{"rendered":"<p>Sout\u011b\u017en\u00ed t\u00fdm Toyota Gazoo Racing World Rally Team zahajuje novou \u00e9ru rallye s hybridn\u00edmi vozy GR Yaris Rally1. Sez\u00f3nu 2022 odstartuje na Rallye Monte Carlo u\u017e 20.-23. ledna. Hybridn\u00ed \u00fastroj\u00ed v\u0161ech voz\u016f tvo\u0159\u00ed baterie o kapacit\u011b 3,9 kWh a motorgener\u00e1tor, jen\u017e p\u0159i zrychlov\u00e1n\u00ed nab\u00eddne v\u00fdkonovou posilu 100 kW (134 kon\u00ed). V p\u0159\u00edpad\u011b Toyoty GR Yaris [&hellip;]<\/p>\n","protected":false},"author":4,"featured_media":35537,"comment_status":"open","ping_status":"closed","sticky":false,"template":"","format":"standard","meta":{"kk_blocks_editor_width":"","_kiokenblocks_attr":"","_kiokenblocks_dimensions":"","footnotes":""},"categories":[69,80],"tags":[585,82,462,552,1869,3537,4376,636,2085,2083,42,687,2954,5333,2902,2907,102],"class_list":["post-35535","post","type-post","status-publish","format-standard","has-post-thumbnail","hentry","category-auto-moto","category-sport","tag-auta","tag-auto","tag-auto-moto","tag-automobily","tag-hybrid","tag-hybridni-vozy","tag-hybridy","tag-motorsport","tag-rally","tag-rallye","tag-sport","tag-toyota","tag-toyota-gazoo-racing","tag-toyota-gr-yaris-rally1","tag-wrc","tag-zavodni-vozy","tag-zavody"],"yoast_head":"<!-- This site is optimized with the Yoast SEO plugin v27.5 - https:\/\/yoast.com\/product\/yoast-seo-wordpress\/ -->\n<title>Revoluce v rallye? Toyota startuje s hybridy! - Mzone<\/title>\n<meta name=\"description\" content=\"Sout\u011b\u017en\u00ed t\u00fdm Toyota Gazoo Racing World Rally Team zahajuje novou \u00e9ru rallye s hybridn\u00edmi vozy GR Yaris Rally1. Sez\u00f3nu 2022 odstartuje na Rallye Monte Carlo u\u017e 20.-23. ledna.\" \/>\n<meta name=\"robots\" content=\"index, follow, max-snippet:-1, max-image-preview:large, max-video-preview:-1\" \/>\n<link rel=\"canonical\" href=\"https:\/\/www.mzone.cz\/en\/revoluce-v-rallye-toyota-startuje-s-hybridy\/\" \/>\n<meta property=\"og:locale\" content=\"en_US\" \/>\n<meta property=\"og:type\" content=\"article\" \/>\n<meta property=\"og:title\" content=\"Revoluce v rallye? Toyota startuje s hybridy! - Mzone\" \/>\n<meta property=\"og:description\" content=\"Sout\u011b\u017en\u00ed t\u00fdm Toyota Gazoo Racing World Rally Team zahajuje novou \u00e9ru rallye s hybridn\u00edmi vozy GR Yaris Rally1. Sez\u00f3nu 2022 odstartuje na Rallye Monte Carlo u\u017e 20.-23. ledna.\" \/>\n<meta property=\"og:url\" content=\"https:\/\/www.mzone.cz\/en\/revoluce-v-rallye-toyota-startuje-s-hybridy\/\" \/>\n<meta property=\"og:site_name\" content=\"Mzone\" \/>\n<meta property=\"article:publisher\" content=\"https:\/\/www.facebook.com\/MzoneCZ\/\" \/>\n<meta property=\"article:published_time\" content=\"2022-01-19T04:00:00+00:00\" \/>\n<meta property=\"og:image\" content=\"https:\/\/www.mzone.cz\/wp-content\/uploads\/2022\/02\/Toyota-GR-Yaris-Rally1.jpg\" \/>\n\t<meta property=\"og:image:width\" content=\"960\" \/>\n\t<meta property=\"og:image:height\" content=\"640\" \/>\n\t<meta property=\"og:image:type\" content=\"image\/jpeg\" \/>\n<meta name=\"author\" content=\"Mzone\" \/>\n<meta name=\"twitter:card\" content=\"summary_large_image\" \/>\n<meta name=\"twitter:label1\" content=\"Written by\" \/>\n\t<meta name=\"twitter:data1\" content=\"Mzone\" \/>\n\t<meta name=\"twitter:label2\" content=\"Est. reading time\" \/>\n\t<meta name=\"twitter:data2\" content=\"4 minutes\" \/>\n<script type=\"application\/ld+json\" class=\"yoast-schema-graph\">{\"@context\":\"https:\\\/\\\/schema.org\",\"@graph\":[{\"@type\":\"Article\",\"@id\":\"https:\\\/\\\/www.mzone.cz\\\/revoluce-v-rallye-toyota-startuje-s-hybridy\\\/#article\",\"isPartOf\":{\"@id\":\"https:\\\/\\\/www.mzone.cz\\\/revoluce-v-rallye-toyota-startuje-s-hybridy\\\/\"},\"author\":{\"name\":\"Mzone\",\"@id\":\"https:\\\/\\\/www.mzone.cz\\\/#\\\/schema\\\/person\\\/9bc20cc422a99cac4af6ff9297da32d4\"},\"headline\":\"Revoluce v rallye? Toyota startuje s hybridy!\",\"datePublished\":\"2022-01-19T04:00:00+00:00\",\"mainEntityOfPage\":{\"@id\":\"https:\\\/\\\/www.mzone.cz\\\/revoluce-v-rallye-toyota-startuje-s-hybridy\\\/\"},\"wordCount\":716,\"commentCount\":0,\"image\":{\"@id\":\"https:\\\/\\\/www.mzone.cz\\\/revoluce-v-rallye-toyota-startuje-s-hybridy\\\/#primaryimage\"},\"thumbnailUrl\":\"https:\\\/\\\/www.mzone.cz\\\/wp-content\\\/uploads\\\/2022\\\/02\\\/Toyota-GR-Yaris-Rally1.jpg\",\"keywords\":[\"auta\",\"Auto\",\"auto-moto\",\"automobily\",\"hybrid\",\"hybridn\u00ed vozy\",\"hybridy\",\"motorsport\",\"rally\",\"rallye\",\"Sport\",\"Toyota\",\"Toyota Gazoo Racing\",\"Toyota GR Yaris Rally1\",\"WRC\",\"z\u00e1vodn\u00ed vozy\",\"Z\u00e1vody\"],\"articleSection\":[\"Auto-moto\",\"Sport\"],\"inLanguage\":\"en-US\",\"potentialAction\":[{\"@type\":\"CommentAction\",\"name\":\"Comment\",\"target\":[\"https:\\\/\\\/www.mzone.cz\\\/revoluce-v-rallye-toyota-startuje-s-hybridy\\\/#respond\"]}]},{\"@type\":\"WebPage\",\"@id\":\"https:\\\/\\\/www.mzone.cz\\\/revoluce-v-rallye-toyota-startuje-s-hybridy\\\/\",\"url\":\"https:\\\/\\\/www.mzone.cz\\\/revoluce-v-rallye-toyota-startuje-s-hybridy\\\/\",\"name\":\"Revoluce v rallye? Toyota startuje s hybridy! - Mzone\",\"isPartOf\":{\"@id\":\"https:\\\/\\\/www.mzone.cz\\\/#website\"},\"primaryImageOfPage\":{\"@id\":\"https:\\\/\\\/www.mzone.cz\\\/revoluce-v-rallye-toyota-startuje-s-hybridy\\\/#primaryimage\"},\"image\":{\"@id\":\"https:\\\/\\\/www.mzone.cz\\\/revoluce-v-rallye-toyota-startuje-s-hybridy\\\/#primaryimage\"},\"thumbnailUrl\":\"https:\\\/\\\/www.mzone.cz\\\/wp-content\\\/uploads\\\/2022\\\/02\\\/Toyota-GR-Yaris-Rally1.jpg\",\"datePublished\":\"2022-01-19T04:00:00+00:00\",\"author\":{\"@id\":\"https:\\\/\\\/www.mzone.cz\\\/#\\\/schema\\\/person\\\/9bc20cc422a99cac4af6ff9297da32d4\"},\"description\":\"Sout\u011b\u017en\u00ed t\u00fdm Toyota Gazoo Racing World Rally Team zahajuje novou \u00e9ru rallye s hybridn\u00edmi vozy GR Yaris Rally1. Sez\u00f3nu 2022 odstartuje na Rallye Monte Carlo u\u017e 20.-23. ledna.\",\"breadcrumb\":{\"@id\":\"https:\\\/\\\/www.mzone.cz\\\/revoluce-v-rallye-toyota-startuje-s-hybridy\\\/#breadcrumb\"},\"inLanguage\":\"en-US\",\"potentialAction\":[{\"@type\":\"ReadAction\",\"target\":[\"https:\\\/\\\/www.mzone.cz\\\/revoluce-v-rallye-toyota-startuje-s-hybridy\\\/\"]}]},{\"@type\":\"ImageObject\",\"inLanguage\":\"en-US\",\"@id\":\"https:\\\/\\\/www.mzone.cz\\\/revoluce-v-rallye-toyota-startuje-s-hybridy\\\/#primaryimage\",\"url\":\"https:\\\/\\\/www.mzone.cz\\\/wp-content\\\/uploads\\\/2022\\\/02\\\/Toyota-GR-Yaris-Rally1.jpg\",\"contentUrl\":\"https:\\\/\\\/www.mzone.cz\\\/wp-content\\\/uploads\\\/2022\\\/02\\\/Toyota-GR-Yaris-Rally1.jpg\",\"width\":960,\"height\":640,\"caption\":\"Toyota GR Yaris Rally1\"},{\"@type\":\"BreadcrumbList\",\"@id\":\"https:\\\/\\\/www.mzone.cz\\\/revoluce-v-rallye-toyota-startuje-s-hybridy\\\/#breadcrumb\",\"itemListElement\":[{\"@type\":\"ListItem\",\"position\":1,\"name\":\"Dom\u016f\",\"item\":\"https:\\\/\\\/www.mzone.cz\\\/\"},{\"@type\":\"ListItem\",\"position\":2,\"name\":\"Revoluce v rallye? Toyota startuje s hybridy!\"}]},{\"@type\":\"WebSite\",\"@id\":\"https:\\\/\\\/www.mzone.cz\\\/#website\",\"url\":\"https:\\\/\\\/www.mzone.cz\\\/\",\"name\":\"Mzone\",\"description\":\"Magaz\u00edn nejen pro mu\u017ee\",\"potentialAction\":[{\"@type\":\"SearchAction\",\"target\":{\"@type\":\"EntryPoint\",\"urlTemplate\":\"https:\\\/\\\/www.mzone.cz\\\/?s={search_term_string}\"},\"query-input\":{\"@type\":\"PropertyValueSpecification\",\"valueRequired\":true,\"valueName\":\"search_term_string\"}}],\"inLanguage\":\"en-US\"},{\"@type\":\"Person\",\"@id\":\"https:\\\/\\\/www.mzone.cz\\\/#\\\/schema\\\/person\\\/9bc20cc422a99cac4af6ff9297da32d4\",\"name\":\"Mzone\",\"image\":{\"@type\":\"ImageObject\",\"inLanguage\":\"en-US\",\"@id\":\"https:\\\/\\\/secure.gravatar.com\\\/avatar\\\/e780a8630f3182a3d06dd667ab6bea151a0d155b0951bc15fe22633acdac0676?s=96&d=mm&r=g\",\"url\":\"https:\\\/\\\/secure.gravatar.com\\\/avatar\\\/e780a8630f3182a3d06dd667ab6bea151a0d155b0951bc15fe22633acdac0676?s=96&d=mm&r=g\",\"contentUrl\":\"https:\\\/\\\/secure.gravatar.com\\\/avatar\\\/e780a8630f3182a3d06dd667ab6bea151a0d155b0951bc15fe22633acdac0676?s=96&d=mm&r=g\",\"caption\":\"Mzone\"},\"url\":\"https:\\\/\\\/www.mzone.cz\\\/en\\\/author\\\/jakub\\\/\"}]}<\/script>\n<!-- \/ Yoast SEO plugin. -->","yoast_head_json":{"title":"Revoluce v rallye? Toyota startuje s hybridy! - Mzone","description":"Sout\u011b\u017en\u00ed t\u00fdm Toyota Gazoo Racing World Rally Team zahajuje novou \u00e9ru rallye s hybridn\u00edmi vozy GR Yaris Rally1. Sez\u00f3nu 2022 odstartuje na Rallye Monte Carlo u\u017e 20.-23. ledna.","robots":{"index":"index","follow":"follow","max-snippet":"max-snippet:-1","max-image-preview":"max-image-preview:large","max-video-preview":"max-video-preview:-1"},"canonical":"https:\/\/www.mzone.cz\/en\/revoluce-v-rallye-toyota-startuje-s-hybridy\/","og_locale":"en_US","og_type":"article","og_title":"Revoluce v rallye? Toyota startuje s hybridy! - Mzone","og_description":"Sout\u011b\u017en\u00ed t\u00fdm Toyota Gazoo Racing World Rally Team zahajuje novou \u00e9ru rallye s hybridn\u00edmi vozy GR Yaris Rally1. Sez\u00f3nu 2022 odstartuje na Rallye Monte Carlo u\u017e 20.-23. ledna.","og_url":"https:\/\/www.mzone.cz\/en\/revoluce-v-rallye-toyota-startuje-s-hybridy\/","og_site_name":"Mzone","article_publisher":"https:\/\/www.facebook.com\/MzoneCZ\/","article_published_time":"2022-01-19T04:00:00+00:00","og_image":[{"width":960,"height":640,"url":"https:\/\/www.mzone.cz\/wp-content\/uploads\/2022\/02\/Toyota-GR-Yaris-Rally1.jpg","type":"image\/jpeg"}],"author":"Mzone","twitter_card":"summary_large_image","twitter_misc":{"Written by":"Mzone","Est. reading time":"4 minutes"},"schema":{"@context":"https:\/\/schema.org","@graph":[{"@type":"Article","@id":"https:\/\/www.mzone.cz\/revoluce-v-rallye-toyota-startuje-s-hybridy\/#article","isPartOf":{"@id":"https:\/\/www.mzone.cz\/revoluce-v-rallye-toyota-startuje-s-hybridy\/"},"author":{"name":"Mzone","@id":"https:\/\/www.mzone.cz\/#\/schema\/person\/9bc20cc422a99cac4af6ff9297da32d4"},"headline":"Revoluce v rallye? Toyota startuje s hybridy!","datePublished":"2022-01-19T04:00:00+00:00","mainEntityOfPage":{"@id":"https:\/\/www.mzone.cz\/revoluce-v-rallye-toyota-startuje-s-hybridy\/"},"wordCount":716,"commentCount":0,"image":{"@id":"https:\/\/www.mzone.cz\/revoluce-v-rallye-toyota-startuje-s-hybridy\/#primaryimage"},"thumbnailUrl":"https:\/\/www.mzone.cz\/wp-content\/uploads\/2022\/02\/Toyota-GR-Yaris-Rally1.jpg","keywords":["auta","Auto","auto-moto","automobily","hybrid","hybridn\u00ed vozy","hybridy","motorsport","rally","rallye","Sport","Toyota","Toyota Gazoo Racing","Toyota GR Yaris Rally1","WRC","z\u00e1vodn\u00ed vozy","Z\u00e1vody"],"articleSection":["Auto-moto","Sport"],"inLanguage":"en-US","potentialAction":[{"@type":"CommentAction","name":"Comment","target":["https:\/\/www.mzone.cz\/revoluce-v-rallye-toyota-startuje-s-hybridy\/#respond"]}]},{"@type":"WebPage","@id":"https:\/\/www.mzone.cz\/revoluce-v-rallye-toyota-startuje-s-hybridy\/","url":"https:\/\/www.mzone.cz\/revoluce-v-rallye-toyota-startuje-s-hybridy\/","name":"Revoluce v rallye? Toyota startuje s hybridy! - Mzone","isPartOf":{"@id":"https:\/\/www.mzone.cz\/#website"},"primaryImageOfPage":{"@id":"https:\/\/www.mzone.cz\/revoluce-v-rallye-toyota-startuje-s-hybridy\/#primaryimage"},"image":{"@id":"https:\/\/www.mzone.cz\/revoluce-v-rallye-toyota-startuje-s-hybridy\/#primaryimage"},"thumbnailUrl":"https:\/\/www.mzone.cz\/wp-content\/uploads\/2022\/02\/Toyota-GR-Yaris-Rally1.jpg","datePublished":"2022-01-19T04:00:00+00:00","author":{"@id":"https:\/\/www.mzone.cz\/#\/schema\/person\/9bc20cc422a99cac4af6ff9297da32d4"},"description":"Sout\u011b\u017en\u00ed t\u00fdm Toyota Gazoo Racing World Rally Team zahajuje novou \u00e9ru rallye s hybridn\u00edmi vozy GR Yaris Rally1. Sez\u00f3nu 2022 odstartuje na Rallye Monte Carlo u\u017e 20.-23. ledna.","breadcrumb":{"@id":"https:\/\/www.mzone.cz\/revoluce-v-rallye-toyota-startuje-s-hybridy\/#breadcrumb"},"inLanguage":"en-US","potentialAction":[{"@type":"ReadAction","target":["https:\/\/www.mzone.cz\/revoluce-v-rallye-toyota-startuje-s-hybridy\/"]}]},{"@type":"ImageObject","inLanguage":"en-US","@id":"https:\/\/www.mzone.cz\/revoluce-v-rallye-toyota-startuje-s-hybridy\/#primaryimage","url":"https:\/\/www.mzone.cz\/wp-content\/uploads\/2022\/02\/Toyota-GR-Yaris-Rally1.jpg","contentUrl":"https:\/\/www.mzone.cz\/wp-content\/uploads\/2022\/02\/Toyota-GR-Yaris-Rally1.jpg","width":960,"height":640,"caption":"Toyota GR Yaris Rally1"},{"@type":"BreadcrumbList","@id":"https:\/\/www.mzone.cz\/revoluce-v-rallye-toyota-startuje-s-hybridy\/#breadcrumb","itemListElement":[{"@type":"ListItem","position":1,"name":"Dom\u016f","item":"https:\/\/www.mzone.cz\/"},{"@type":"ListItem","position":2,"name":"Revoluce v rallye? Toyota startuje s hybridy!"}]},{"@type":"WebSite","@id":"https:\/\/www.mzone.cz\/#website","url":"https:\/\/www.mzone.cz\/","name":"Mzone","description":"Magaz\u00edn nejen pro mu\u017ee","potentialAction":[{"@type":"SearchAction","target":{"@type":"EntryPoint","urlTemplate":"https:\/\/www.mzone.cz\/?s={search_term_string}"},"query-input":{"@type":"PropertyValueSpecification","valueRequired":true,"valueName":"search_term_string"}}],"inLanguage":"en-US"},{"@type":"Person","@id":"https:\/\/www.mzone.cz\/#\/schema\/person\/9bc20cc422a99cac4af6ff9297da32d4","name":"Mzone","image":{"@type":"ImageObject","inLanguage":"en-US","@id":"https:\/\/secure.gravatar.com\/avatar\/e780a8630f3182a3d06dd667ab6bea151a0d155b0951bc15fe22633acdac0676?s=96&d=mm&r=g","url":"https:\/\/secure.gravatar.com\/avatar\/e780a8630f3182a3d06dd667ab6bea151a0d155b0951bc15fe22633acdac0676?s=96&d=mm&r=g","contentUrl":"https:\/\/secure.gravatar.com\/avatar\/e780a8630f3182a3d06dd667ab6bea151a0d155b0951bc15fe22633acdac0676?s=96&d=mm&r=g","caption":"Mzone"},"url":"https:\/\/www.mzone.cz\/en\/author\/jakub\/"}]}},"_links":{"self":[{"href":"https:\/\/www.mzone.cz\/en\/wp-json\/wp\/v2\/posts\/35535","targetHints":{"allow":["GET"]}}],"collection":[{"href":"https:\/\/www.mzone.cz\/en\/wp-json\/wp\/v2\/posts"}],"about":[{"href":"https:\/\/www.mzone.cz\/en\/wp-json\/wp\/v2\/types\/post"}],"author":[{"embeddable":true,"href":"https:\/\/www.mzone.cz\/en\/wp-json\/wp\/v2\/users\/4"}],"replies":[{"embeddable":true,"href":"https:\/\/www.mzone.cz\/en\/wp-json\/wp\/v2\/comments?post=35535"}],"version-history":[{"count":8,"href":"https:\/\/www.mzone.cz\/en\/wp-json\/wp\/v2\/posts\/35535\/revisions"}],"predecessor-version":[{"id":35552,"href":"https:\/\/www.mzone.cz\/en\/wp-json\/wp\/v2\/posts\/35535\/revisions\/35552"}],"wp:featuredmedia":[{"embeddable":true,"href":"https:\/\/www.mzone.cz\/en\/wp-json\/wp\/v2\/media\/35537"}],"wp:attachment":[{"href":"https:\/\/www.mzone.cz\/en\/wp-json\/wp\/v2\/media?parent=35535"}],"wp:term":[{"taxonomy":"category","embeddable":true,"href":"https:\/\/www.mzone.cz\/en\/wp-json\/wp\/v2\/categories?post=35535"},{"taxonomy":"post_tag","embeddable":true,"href":"https:\/\/www.mzone.cz\/en\/wp-json\/wp\/v2\/tags?post=35535"}],"curies":[{"name":"wp","href":"https:\/\/api.w.org\/{rel}","templated":true}]}}