{"id":35729,"date":"2022-02-14T05:00:00","date_gmt":"2022-02-14T04:00:00","guid":{"rendered":"https:\/\/www.mzone.cz\/?p=35729"},"modified":"2022-01-31T20:53:41","modified_gmt":"2022-01-31T19:53:41","slug":"tyhle-festky-mely-loni-na-instagramu-nejvetsi-ohlas","status":"publish","type":"post","link":"https:\/\/www.mzone.cz\/en\/tyhle-festky-mely-loni-na-instagramu-nejvetsi-ohlas\/","title":{"rendered":"Best of 2021: Tyhle Festky m\u011bly loni na Instagramu nejv\u011bt\u0161\u00ed ohlas!"},"content":{"rendered":"<p><strong>\u010cesk\u00e1 spole\u010dnost Festka, kter\u00e1 se specializuje na zak\u00e1zkovou v\u00fdrobu karbonov\u00fdch r\u00e1m\u016f silni\u010dn\u00edch kol, zaznamenala v minul\u00e9m roce op\u011bt zv\u00fd\u0161en\u00fd z\u00e1jem o svoje v\u00fdrobky. Jedn\u00edm z hnac\u00edch motor\u016f pov\u011bdom\u00ed o zna\u010dce je jej\u00ed prezentace na soci\u00e1ln\u00edch s\u00edt\u00edch, zejm\u00e9na na Instagramu, kde spole\u010dnost p\u0159edstavuje nejen kola, ale kde tak\u00e9 nech\u00e1v\u00e1 nahl\u00e9dnout do z\u00e1kulis\u00ed v\u00fdroby a kde p\u0159edstavuje sv\u00e9 sv\u011btov\u00e9 prodejce a ambasadory.<\/strong><\/p><br>\n\n\n\n<p>Festka ji\u017e podruh\u00e9 p\u0159edstavila mezi V\u00e1noci a Nov\u00fdm rokem p\u0159ehled p\u0159\u00edsp\u011bvk\u016f, kter\u00e9 se na Instagramu setkaly s nejv\u011bt\u0161\u00edm ohlasem. Pod\u00edvejte se s n\u00e1mi na p\u0159ehled deseti nej\u00fasp\u011b\u0161n\u011bj\u0161\u00edch Festek i s koment\u00e1\u0159i od spoluzakladatele zna\u010dky Michaela Moure\u010dka.<\/p><br>\n\n\n\n<h2 class=\"wp-block-heading\" id=\"10-scout-mumie\">#10 &#8211; SCOUT MUMIE<\/h2>\n\n\n\n<figure class=\"wp-block-image size-large\"><img loading=\"lazy\" decoding=\"async\" width=\"1024\" height=\"683\" src=\"https:\/\/www.mzone.cz\/wp-content\/uploads\/2022\/01\/Festka-Scout-Mumie-1024x683.jpg\" alt=\"Festka Scout Mumie\" class=\"wp-image-35735\" srcset=\"https:\/\/www.mzone.cz\/wp-content\/uploads\/2022\/01\/Festka-Scout-Mumie-1024x683.jpg 1024w, https:\/\/www.mzone.cz\/wp-content\/uploads\/2022\/01\/Festka-Scout-Mumie-300x200.jpg 300w, https:\/\/www.mzone.cz\/wp-content\/uploads\/2022\/01\/Festka-Scout-Mumie-768x512.jpg 768w, https:\/\/www.mzone.cz\/wp-content\/uploads\/2022\/01\/Festka-Scout-Mumie-18x12.jpg 18w, https:\/\/www.mzone.cz\/wp-content\/uploads\/2022\/01\/Festka-Scout-Mumie-800x533.jpg 800w, https:\/\/www.mzone.cz\/wp-content\/uploads\/2022\/01\/Festka-Scout-Mumie-400x267.jpg 400w, https:\/\/www.mzone.cz\/wp-content\/uploads\/2022\/01\/Festka-Scout-Mumie-500x333.jpg 500w, https:\/\/www.mzone.cz\/wp-content\/uploads\/2022\/01\/Festka-Scout-Mumie-590x393.jpg 590w, https:\/\/www.mzone.cz\/wp-content\/uploads\/2022\/01\/Festka-Scout-Mumie.jpg 1050w\" sizes=\"auto, (max-width: 1024px) 100vw, 1024px\" \/><\/figure>\n\n\n\n<p>Festka Scout, nov\u00fd gravel model uveden\u00fd na trh v roce 2021. Toto kolo, proveden\u00e9 v grafick\u00e9m designu jm\u00e9nem Mumie, postavila Festka pro \u010ce\u0161ku \u017eij\u00edc\u00ed ve \u0160v\u00fdcarsku. \u201eJe to ji\u017e n\u011bkolik\u00e1t\u00e9 kolo pro tuto nad\u0161enou sportovkyni, kter\u00e1 sv\u00e1 kola vyu\u017e\u00edv\u00e1 velmi aktivn\u011b,&#8221; popisuje spoluzakladatel Festky Michael Moure\u010dek.<\/p><br>\n\n\n\n<h2 class=\"wp-block-heading\" id=\"9-scout-copper\">#9 &#8211; SCOUT COPPER<\/h2>\n\n\n\n<figure class=\"wp-block-image size-full is-resized\"><img loading=\"lazy\" decoding=\"async\" src=\"https:\/\/www.mzone.cz\/wp-content\/uploads\/2022\/01\/Festka-Scout-Copper.jpg\" alt=\"Festka Scout Copper\" class=\"wp-image-35738\" width=\"840\" height=\"560\" srcset=\"https:\/\/www.mzone.cz\/wp-content\/uploads\/2022\/01\/Festka-Scout-Copper.jpg 600w, https:\/\/www.mzone.cz\/wp-content\/uploads\/2022\/01\/Festka-Scout-Copper-300x200.jpg 300w, https:\/\/www.mzone.cz\/wp-content\/uploads\/2022\/01\/Festka-Scout-Copper-18x12.jpg 18w, https:\/\/www.mzone.cz\/wp-content\/uploads\/2022\/01\/Festka-Scout-Copper-400x267.jpg 400w, https:\/\/www.mzone.cz\/wp-content\/uploads\/2022\/01\/Festka-Scout-Copper-500x333.jpg 500w, https:\/\/www.mzone.cz\/wp-content\/uploads\/2022\/01\/Festka-Scout-Copper-590x393.jpg 590w\" sizes=\"auto, (max-width: 840px) 100vw, 840px\" \/><\/figure>\n\n\n\n<p>Festka Scout je gravel kolo pro n\u00e1ro\u010dn\u011bj\u0161\u00ed ter\u00e9ny a bikepacking. Tento konkr\u00e9tn\u00ed exempl\u00e1\u0159 je zaj\u00edmav\u00fd sadou komponent\u016f od \u0161pan\u011blsk\u00e9 firmy Rotor, kter\u00e1 se ovl\u00e1d\u00e1 hydraulicky nam\u00edsto b\u011b\u017en\u011bj\u0161\u00ed mechaniky \u010di elektroniky.<\/p><br>\n\n\n\n<h2 class=\"wp-block-heading\" id=\"8-scalatore-spirit-3-2021\">#8 &#8211; SCALATORE SPIRIT 3 (2021)<\/h2>\n\n\n\n<figure class=\"wp-block-image size-full\"><img loading=\"lazy\" decoding=\"async\" width=\"900\" height=\"600\" src=\"https:\/\/www.mzone.cz\/wp-content\/uploads\/2022\/01\/Festka-Scalatore-Spirit-3.jpg\" alt=\"Festka Scalatore Spirit 3\" class=\"wp-image-35741\" srcset=\"https:\/\/www.mzone.cz\/wp-content\/uploads\/2022\/01\/Festka-Scalatore-Spirit-3.jpg 900w, https:\/\/www.mzone.cz\/wp-content\/uploads\/2022\/01\/Festka-Scalatore-Spirit-3-300x200.jpg 300w, https:\/\/www.mzone.cz\/wp-content\/uploads\/2022\/01\/Festka-Scalatore-Spirit-3-768x512.jpg 768w, https:\/\/www.mzone.cz\/wp-content\/uploads\/2022\/01\/Festka-Scalatore-Spirit-3-18x12.jpg 18w, https:\/\/www.mzone.cz\/wp-content\/uploads\/2022\/01\/Festka-Scalatore-Spirit-3-800x533.jpg 800w, https:\/\/www.mzone.cz\/wp-content\/uploads\/2022\/01\/Festka-Scalatore-Spirit-3-400x267.jpg 400w, https:\/\/www.mzone.cz\/wp-content\/uploads\/2022\/01\/Festka-Scalatore-Spirit-3-500x333.jpg 500w, https:\/\/www.mzone.cz\/wp-content\/uploads\/2022\/01\/Festka-Scalatore-Spirit-3-590x393.jpg 590w\" sizes=\"auto, (max-width: 900px) 100vw, 900px\" \/><\/figure>\n\n\n\n<p>\u201eJeden z grafick\u00fdch design\u016f z kategorie Spirit ukazuje na na\u0161em nejpopul\u00e1rn\u011bj\u0161\u00edm modelu Scalatore, \u017ee kr\u00e1sa je opravdu \u010dasto v jednoduchosti,&#8221; \u0159\u00edk\u00e1 Michael Moure\u010dek.<\/p><br>\n\n\n\n<h2 class=\"wp-block-heading\" id=\"7-scalatore-core-r-d\">#7 &#8211; SCALATORE CORE R&amp;D<\/h2>\n\n\n\n<figure class=\"wp-block-image size-full\"><img loading=\"lazy\" decoding=\"async\" width=\"900\" height=\"600\" src=\"https:\/\/www.mzone.cz\/wp-content\/uploads\/2022\/01\/Festka-Scalatore-Core-RD.jpg\" alt=\"Festka Scalatore Core R&amp;D\" class=\"wp-image-35744\" srcset=\"https:\/\/www.mzone.cz\/wp-content\/uploads\/2022\/01\/Festka-Scalatore-Core-RD.jpg 900w, https:\/\/www.mzone.cz\/wp-content\/uploads\/2022\/01\/Festka-Scalatore-Core-RD-300x200.jpg 300w, https:\/\/www.mzone.cz\/wp-content\/uploads\/2022\/01\/Festka-Scalatore-Core-RD-768x512.jpg 768w, https:\/\/www.mzone.cz\/wp-content\/uploads\/2022\/01\/Festka-Scalatore-Core-RD-18x12.jpg 18w, https:\/\/www.mzone.cz\/wp-content\/uploads\/2022\/01\/Festka-Scalatore-Core-RD-800x533.jpg 800w, https:\/\/www.mzone.cz\/wp-content\/uploads\/2022\/01\/Festka-Scalatore-Core-RD-400x267.jpg 400w, https:\/\/www.mzone.cz\/wp-content\/uploads\/2022\/01\/Festka-Scalatore-Core-RD-500x333.jpg 500w, https:\/\/www.mzone.cz\/wp-content\/uploads\/2022\/01\/Festka-Scalatore-Core-RD-590x393.jpg 590w\" sizes=\"auto, (max-width: 900px) 100vw, 900px\" \/><\/figure>\n\n\n\n<p>A\u010d toto kolo vypad\u00e1 celkem nen\u00e1padn\u011b, l\u00e9pe vybaven\u00fd bicykl, aby jeden pohledal. Na tomto stroji jsou jen ty nejlep\u0161\u00ed dostupn\u00e9 komponenty a tomu odpov\u00eddala i jeho cena.&nbsp;<\/p><br>\n\n\n\n<h2 class=\"wp-block-heading\" id=\"6-pepovo-kolo\">#6 &#8211; Pepovo kolo<\/h2>\n\n\n\n<figure class=\"wp-block-image size-full\"><img loading=\"lazy\" decoding=\"async\" width=\"900\" height=\"600\" src=\"https:\/\/www.mzone.cz\/wp-content\/uploads\/2022\/01\/Pepovo-kolo.jpg\" alt=\"Pepovo kolo\" class=\"wp-image-35746\" srcset=\"https:\/\/www.mzone.cz\/wp-content\/uploads\/2022\/01\/Pepovo-kolo.jpg 900w, https:\/\/www.mzone.cz\/wp-content\/uploads\/2022\/01\/Pepovo-kolo-300x200.jpg 300w, https:\/\/www.mzone.cz\/wp-content\/uploads\/2022\/01\/Pepovo-kolo-768x512.jpg 768w, https:\/\/www.mzone.cz\/wp-content\/uploads\/2022\/01\/Pepovo-kolo-18x12.jpg 18w, https:\/\/www.mzone.cz\/wp-content\/uploads\/2022\/01\/Pepovo-kolo-800x533.jpg 800w, https:\/\/www.mzone.cz\/wp-content\/uploads\/2022\/01\/Pepovo-kolo-400x267.jpg 400w, https:\/\/www.mzone.cz\/wp-content\/uploads\/2022\/01\/Pepovo-kolo-500x333.jpg 500w, https:\/\/www.mzone.cz\/wp-content\/uploads\/2022\/01\/Pepovo-kolo-590x393.jpg 590w\" sizes=\"auto, (max-width: 900px) 100vw, 900px\" \/><\/figure>\n\n\n\n<p>Osobn\u00ed kolo jednoho ze slu\u017eebn\u011b nejstar\u0161\u00edch zam\u011bstnanc\u016f Festky, r\u00e1ma\u0159e Josefa Kabe\u0161e, ukazuje, \u017ee dos\u00e1hnout extr\u00e9mn\u011b n\u00edzk\u00e9 hmotnosti nemus\u00ed b\u00fdt o z\u00e1vratn\u00e9m rozpo\u010dtu. Kolo je pln\u00e9 speci\u00e1ln\u00edch detail\u016f jako jsou vlastnoru\u010dn\u011b vyroben\u00e1 \u0159\u00edd\u00edtka \u010di sedlo. Gar\u00e1\u017eovka jak m\u00e1 b\u00fdt.<\/p><br>\n\n\n\n<h2 class=\"wp-block-heading\" id=\"5-doppler-spirit-4-2021\">#5 &#8211; Doppler Spirit 4 (2021)<\/h2>\n\n\n\n<figure class=\"wp-block-image size-full\"><img loading=\"lazy\" decoding=\"async\" width=\"852\" height=\"568\" src=\"https:\/\/www.mzone.cz\/wp-content\/uploads\/2022\/01\/Festka-Doppler-Spirit-4.jpg\" alt=\"Festka Doppler Spirit 4\" class=\"wp-image-35750\" srcset=\"https:\/\/www.mzone.cz\/wp-content\/uploads\/2022\/01\/Festka-Doppler-Spirit-4.jpg 852w, https:\/\/www.mzone.cz\/wp-content\/uploads\/2022\/01\/Festka-Doppler-Spirit-4-300x200.jpg 300w, https:\/\/www.mzone.cz\/wp-content\/uploads\/2022\/01\/Festka-Doppler-Spirit-4-768x512.jpg 768w, https:\/\/www.mzone.cz\/wp-content\/uploads\/2022\/01\/Festka-Doppler-Spirit-4-18x12.jpg 18w, https:\/\/www.mzone.cz\/wp-content\/uploads\/2022\/01\/Festka-Doppler-Spirit-4-800x533.jpg 800w, https:\/\/www.mzone.cz\/wp-content\/uploads\/2022\/01\/Festka-Doppler-Spirit-4-400x267.jpg 400w, https:\/\/www.mzone.cz\/wp-content\/uploads\/2022\/01\/Festka-Doppler-Spirit-4-500x333.jpg 500w, https:\/\/www.mzone.cz\/wp-content\/uploads\/2022\/01\/Festka-Doppler-Spirit-4-590x393.jpg 590w\" sizes=\"auto, (max-width: 852px) 100vw, 852px\" \/><\/figure>\n\n\n\n<p>Na modelu Festka Doppler se unik\u00e1tn\u00edm zp\u016fsobem setk\u00e1vaj\u00ed dva u\u0161lechtil\u00e9 materi\u00e1ly: karbon a titan. \u201eKarbonov\u00e9 \u010d\u00e1sti jsou u tohoto konkr\u00e9tn\u00edho kola nalakov\u00e1ny barvou Chameleon Eclipse kter\u00e1 svou prom\u011bnlivost\u00ed d\u011bl\u00e1 \u010dest sv\u00e9mu jm\u00e9nu. V\u00fdsledkem je velmi p\u016fsobiv\u00fd, v\u00fdrazn\u00fd, ale z\u00e1rove\u0148 elegantn\u00ed r\u00e1m,&#8221; popisuje Moure\u010dek.<\/p><br>\n\n\n\n<h2 class=\"wp-block-heading\" id=\"4-scout-ondrash-kasparek\">#4 &#8211; SCOUT Ondrash &amp; Kasparek<\/h2>\n\n\n\n<figure class=\"wp-block-image size-large\"><img loading=\"lazy\" decoding=\"async\" width=\"1024\" height=\"683\" src=\"https:\/\/www.mzone.cz\/wp-content\/uploads\/2022\/01\/Festka-Scout-Ondrash-Kasparek-1024x683.jpg\" alt=\"Festka Scout Ondrash &amp; Kasparek\" class=\"wp-image-35752\" srcset=\"https:\/\/www.mzone.cz\/wp-content\/uploads\/2022\/01\/Festka-Scout-Ondrash-Kasparek-1024x683.jpg 1024w, https:\/\/www.mzone.cz\/wp-content\/uploads\/2022\/01\/Festka-Scout-Ondrash-Kasparek-300x200.jpg 300w, https:\/\/www.mzone.cz\/wp-content\/uploads\/2022\/01\/Festka-Scout-Ondrash-Kasparek-768x512.jpg 768w, https:\/\/www.mzone.cz\/wp-content\/uploads\/2022\/01\/Festka-Scout-Ondrash-Kasparek-18x12.jpg 18w, https:\/\/www.mzone.cz\/wp-content\/uploads\/2022\/01\/Festka-Scout-Ondrash-Kasparek-800x533.jpg 800w, https:\/\/www.mzone.cz\/wp-content\/uploads\/2022\/01\/Festka-Scout-Ondrash-Kasparek-400x267.jpg 400w, https:\/\/www.mzone.cz\/wp-content\/uploads\/2022\/01\/Festka-Scout-Ondrash-Kasparek-500x333.jpg 500w, https:\/\/www.mzone.cz\/wp-content\/uploads\/2022\/01\/Festka-Scout-Ondrash-Kasparek-1170x780.jpg 1170w, https:\/\/www.mzone.cz\/wp-content\/uploads\/2022\/01\/Festka-Scout-Ondrash-Kasparek-590x393.jpg 590w, https:\/\/www.mzone.cz\/wp-content\/uploads\/2022\/01\/Festka-Scout-Ondrash-Kasparek.jpg 1500w\" sizes=\"auto, (max-width: 1024px) 100vw, 1024px\" \/><\/figure>\n\n\n\n<p>Na sv\u011bt\u011b nenajdete moc gravelov\u00fdch kol v takto unik\u00e1tn\u00edm proveden\u00ed. Tento Scout pro\u0161el rukama (a barevn\u00fdmi l\u00e1zn\u011bmi) um\u011bleck\u00e9 dvojice Ondrash &amp; Ka\u0161p\u00e1rek.<\/p><br>\n\n\n\n<h2 class=\"wp-block-heading\" id=\"3-doppler-inspired-by-felipe-pantone\">#3 &#8211; Doppler inspired by Felipe Pantone<\/h2>\n\n\n\n<figure class=\"wp-block-image size-full\"><img loading=\"lazy\" decoding=\"async\" width=\"900\" height=\"600\" src=\"https:\/\/www.mzone.cz\/wp-content\/uploads\/2022\/01\/Festka-Doppler-inspired-by-Felipe-Pantone.jpg\" alt=\"Festka Doppler inspired by Felipe Pantone\" class=\"wp-image-35755\" srcset=\"https:\/\/www.mzone.cz\/wp-content\/uploads\/2022\/01\/Festka-Doppler-inspired-by-Felipe-Pantone.jpg 900w, https:\/\/www.mzone.cz\/wp-content\/uploads\/2022\/01\/Festka-Doppler-inspired-by-Felipe-Pantone-300x200.jpg 300w, https:\/\/www.mzone.cz\/wp-content\/uploads\/2022\/01\/Festka-Doppler-inspired-by-Felipe-Pantone-768x512.jpg 768w, https:\/\/www.mzone.cz\/wp-content\/uploads\/2022\/01\/Festka-Doppler-inspired-by-Felipe-Pantone-18x12.jpg 18w, https:\/\/www.mzone.cz\/wp-content\/uploads\/2022\/01\/Festka-Doppler-inspired-by-Felipe-Pantone-800x533.jpg 800w, https:\/\/www.mzone.cz\/wp-content\/uploads\/2022\/01\/Festka-Doppler-inspired-by-Felipe-Pantone-400x267.jpg 400w, https:\/\/www.mzone.cz\/wp-content\/uploads\/2022\/01\/Festka-Doppler-inspired-by-Felipe-Pantone-500x333.jpg 500w, https:\/\/www.mzone.cz\/wp-content\/uploads\/2022\/01\/Festka-Doppler-inspired-by-Felipe-Pantone-590x393.jpg 590w\" sizes=\"auto, (max-width: 900px) 100vw, 900px\" \/><\/figure>\n\n\n\n<p>\u201eJe\u0161t\u011b jeden Doppler, tentokr\u00e1t kus stvo\u0159en\u00fd pro jednoho z na\u0161ich prodejc\u016f v USA. Design je inspirov\u00e1n prac\u00ed argentinsk\u00e9ho um\u011blce Felipe Pantoneho a kombinuje klasick\u00e9 mokr\u00e9 lakov\u00e1n\u00ed s anodizac\u00ed titanu. Jedine\u010dn\u00e9 d\u00edlo,&#8221; \u0159\u00edk\u00e1 o unik\u00e1tn\u00edm r\u00e1mu Moure\u010dek.<\/p><br>\n\n\n\n<h2 class=\"wp-block-heading\" id=\"2-rover-antti-by-festka\">#2 &#8211; Rover Antti by Festka<\/h2>\n\n\n\n<figure class=\"wp-block-image size-large\"><img loading=\"lazy\" decoding=\"async\" width=\"1024\" height=\"684\" src=\"https:\/\/www.mzone.cz\/wp-content\/uploads\/2022\/01\/Rover-Antti-by-Festka-1024x684.jpg\" alt=\"Rover Antti by Festka\" class=\"wp-image-35759\" srcset=\"https:\/\/www.mzone.cz\/wp-content\/uploads\/2022\/01\/Rover-Antti-by-Festka-1024x684.jpg 1024w, https:\/\/www.mzone.cz\/wp-content\/uploads\/2022\/01\/Rover-Antti-by-Festka-300x200.jpg 300w, https:\/\/www.mzone.cz\/wp-content\/uploads\/2022\/01\/Rover-Antti-by-Festka-768x513.jpg 768w, https:\/\/www.mzone.cz\/wp-content\/uploads\/2022\/01\/Rover-Antti-by-Festka-18x12.jpg 18w, https:\/\/www.mzone.cz\/wp-content\/uploads\/2022\/01\/Rover-Antti-by-Festka-800x533.jpg 800w, https:\/\/www.mzone.cz\/wp-content\/uploads\/2022\/01\/Rover-Antti-by-Festka-400x267.jpg 400w, https:\/\/www.mzone.cz\/wp-content\/uploads\/2022\/01\/Rover-Antti-by-Festka-500x333.jpg 500w, https:\/\/www.mzone.cz\/wp-content\/uploads\/2022\/01\/Rover-Antti-by-Festka-1170x780.jpg 1170w, https:\/\/www.mzone.cz\/wp-content\/uploads\/2022\/01\/Rover-Antti-by-Festka-590x394.jpg 590w, https:\/\/www.mzone.cz\/wp-content\/uploads\/2022\/01\/Rover-Antti-by-Festka.jpg 1200w\" sizes=\"auto, (max-width: 1024px) 100vw, 1024px\" \/><\/figure>\n\n\n\n<p>Model Rover byl p\u0159ed v\u00edce ne\u017e t\u0159emi lety prvn\u00edm gravelov\u00fdm r\u00e1mem Festky. Toto unik\u00e1tn\u00ed proveden\u00ed je inspirov\u00e1no designem z\u00e1vodn\u00edho vozu Audi Sport Quattro S1 E2 z roku 1986, kter\u00e9 jezdilo legend\u00e1rn\u00ed kategorii Rally group B.<\/p>\n\n\n\n<blockquote class=\"wp-block-quote is-layout-flow wp-block-quote-is-layout-flow\"><p>Kolo bylo vytvo\u0159eno pro z\u00e1kazn\u00edka z Finska, kter\u00fd si cel\u00fd\u00a0grafick\u00fd koncept navrhl zcela s\u00e1m v\u010detn\u011b velmi umn\u011b p\u0159edesignovan\u00fdch log p\u016fvodn\u00edch sponzor\u016f na loga zna\u010dek komponent\u016f, kter\u00e9 byly na stavbu pou\u017eity.\u00a0<\/p><\/blockquote>\n\n\n\n<h2 class=\"wp-block-heading\" id=\"1-scalatore-ondrash-kasparek\">#1 &#8211; Scalatore Ondrash &amp; Kasparek<\/h2>\n\n\n\n<figure class=\"wp-block-image size-full is-resized\"><img loading=\"lazy\" decoding=\"async\" src=\"https:\/\/www.mzone.cz\/wp-content\/uploads\/2022\/01\/Festka-Scalatore-Ondrash-Kasparek.jpg\" alt=\"Festka Scalatore Ondrash &amp; Kasparek\" class=\"wp-image-35763\" width=\"839\" height=\"559\" srcset=\"https:\/\/www.mzone.cz\/wp-content\/uploads\/2022\/01\/Festka-Scalatore-Ondrash-Kasparek.jpg 600w, https:\/\/www.mzone.cz\/wp-content\/uploads\/2022\/01\/Festka-Scalatore-Ondrash-Kasparek-300x200.jpg 300w, https:\/\/www.mzone.cz\/wp-content\/uploads\/2022\/01\/Festka-Scalatore-Ondrash-Kasparek-18x12.jpg 18w, https:\/\/www.mzone.cz\/wp-content\/uploads\/2022\/01\/Festka-Scalatore-Ondrash-Kasparek-400x267.jpg 400w, https:\/\/www.mzone.cz\/wp-content\/uploads\/2022\/01\/Festka-Scalatore-Ondrash-Kasparek-500x333.jpg 500w, https:\/\/www.mzone.cz\/wp-content\/uploads\/2022\/01\/Festka-Scalatore-Ondrash-Kasparek-590x393.jpg 590w\" sizes=\"auto, (max-width: 839px) 100vw, 839px\" \/><\/figure>\n\n\n\n<p>\u201eUm\u011bleck\u00e1 dvojice Ondr\u00e1\u0161 &amp; Ka\u0161p\u00e1rek stoj\u00ed i za na\u0161\u00edm nej\u00fasp\u011b\u0161n\u011bj\u0161\u00edm instagramov\u00fdm p\u0159\u00edsp\u011bvkem roku 2021. P\u00e1nov\u00e9 svoji jedine\u010dnou um\u011bleckou metodu aplikovali nejen na samotn\u00fd r\u00e1m ale i na sedlo, p\u0159edstavec a vidlici. V\u00fdsledn\u00fd stroj je osazen \u0161pi\u010dkov\u00fdmi komponenty a dnes ji\u017e \u010d\u00edm d\u00e1l m\u00e9n\u011b pou\u017e\u00edvan\u00fdmi r\u00e1fkov\u00fdmi brzdami,&#8221; popisuje v\u00edt\u011bze neofici\u00e1ln\u00ed ankety obl\u00edbenosti Michael Moure\u010dek.<\/p><br>\n\n\n\n<h2 class=\"wp-block-heading\" id=\"o-festce\">O Festce<\/h2>\n\n\n\n<p>Festka je <a href=\"https:\/\/www.festka.com\/\" target=\"_blank\" rel=\"noreferrer noopener\">\u010desk\u00e1 technologick\u00e1 firma<\/a>, kter\u00e1 se specializuje na zak\u00e1zkovou v\u00fdrobu silni\u010dn\u00edch kol a r\u00e1m\u016f nejvy\u0161\u0161\u00ed kvality. S\u00eddlo a v\u00fdroba firmy je v centru Prahy v \u010cesk\u00e9 republice.<\/p>\n\n\n\n<blockquote class=\"wp-block-quote is-layout-flow wp-block-quote-is-layout-flow\"><p>Festky sedl\u00e1 cel\u00e1 \u0159ada zaj\u00edmav\u00fdch lid\u00ed od hollywoodsk\u00fdch celebrit a miliard\u00e1\u0159\u016f a\u017e po oby\u010dejn\u00e9 za\u010d\u00e1te\u010dn\u00edky, kte\u0159\u00ed si cht\u011bj\u00ed u\u017e\u00edvat j\u00edzdy na mimo\u0159\u00e1dn\u00e9m produktu, kter\u00fd vznikl nap\u0159. i d\u00edky podpo\u0159e Evropsk\u00e9 vesm\u00edrn\u00e9 agentury.<\/p><\/blockquote>\n\n\n\n<p>Firmu zalo\u017eili Michael Moure\u010dek a Ond\u0159ej Novotn\u00fd a na estetickou \u00farove\u0148 kol Festka dohl\u00ed\u017e\u00ed od sam\u00e9ho za\u010d\u00e1tku um\u011bleck\u00fd \u0159editel Tom\u00e1\u0161 Hnida. Zhruba 90 % procent r\u00e1m\u016f a kol firma exportuje do cel\u00e9ho sv\u011bta, 80 % m\u00ed\u0159\u00ed k z\u00e1kazn\u00edk\u016fm mimo EU \u2013 zejm\u00e9na do Asie a USA.<\/p><br>\n\n\n\n<div class=\"wp-block-media-text alignwide is-stacked-on-mobile is-vertically-aligned-top\" style=\"grid-template-columns:29% auto\"><figure class=\"wp-block-media-text__media\"><a href=\"https:\/\/www.mzone.cz\/festka-ukazuje-jak-spojit-umeni-a-technologii-se-sportem\/\"><img loading=\"lazy\" decoding=\"async\" width=\"1024\" height=\"683\" src=\"https:\/\/www.mzone.cz\/wp-content\/uploads\/2021\/08\/Festka-Ondrash-1024x683.jpg\" alt=\"Festka - Ondrash\" class=\"wp-image-33566 size-full\" srcset=\"https:\/\/www.mzone.cz\/wp-content\/uploads\/2021\/08\/Festka-Ondrash-1024x683.jpg 1024w, https:\/\/www.mzone.cz\/wp-content\/uploads\/2021\/08\/Festka-Ondrash-300x200.jpg 300w, https:\/\/www.mzone.cz\/wp-content\/uploads\/2021\/08\/Festka-Ondrash-768x512.jpg 768w, https:\/\/www.mzone.cz\/wp-content\/uploads\/2021\/08\/Festka-Ondrash-18x12.jpg 18w, https:\/\/www.mzone.cz\/wp-content\/uploads\/2021\/08\/Festka-Ondrash-800x533.jpg 800w, https:\/\/www.mzone.cz\/wp-content\/uploads\/2021\/08\/Festka-Ondrash-400x267.jpg 400w, https:\/\/www.mzone.cz\/wp-content\/uploads\/2021\/08\/Festka-Ondrash-500x333.jpg 500w, https:\/\/www.mzone.cz\/wp-content\/uploads\/2021\/08\/Festka-Ondrash-1170x780.jpg 1170w, https:\/\/www.mzone.cz\/wp-content\/uploads\/2021\/08\/Festka-Ondrash-590x393.jpg 590w, https:\/\/www.mzone.cz\/wp-content\/uploads\/2021\/08\/Festka-Ondrash.jpg 1446w\" sizes=\"auto, (max-width: 1024px) 100vw, 1024px\" \/><\/a><\/figure><div class=\"wp-block-media-text__content\">\n<h4 id=\"kolo-jako-kerka-festka-ukazuje-jak-spojit-umeni-a-technologii-se-sportem\"><a href=\"https:\/\/www.mzone.cz\/festka-ukazuje-jak-spojit-umeni-a-technologii-se-sportem\/\">Kolo jako k\u00e9rka? Festka ukazuje, jak spojit um\u011bn\u00ed a technologii se sportem<\/a><\/h4><br>\n<\/div><\/div>\n\n\n\n<p><\/p>","protected":false},"excerpt":{"rendered":"<p>\u010cesk\u00e1 spole\u010dnost Festka, kter\u00e1 se specializuje na zak\u00e1zkovou v\u00fdrobu karbonov\u00fdch r\u00e1m\u016f silni\u010dn\u00edch kol, zaznamenala v minul\u00e9m roce op\u011bt zv\u00fd\u0161en\u00fd z\u00e1jem o svoje v\u00fdrobky. Jedn\u00edm z hnac\u00edch motor\u016f pov\u011bdom\u00ed o zna\u010dce je jej\u00ed prezentace na soci\u00e1ln\u00edch s\u00edt\u00edch, zejm\u00e9na na Instagramu, kde spole\u010dnost p\u0159edstavuje nejen kola, ale kde tak\u00e9 nech\u00e1v\u00e1 nahl\u00e9dnout do z\u00e1kulis\u00ed v\u00fdroby a kde p\u0159edstavuje [&hellip;]<\/p>\n","protected":false},"author":4,"featured_media":35744,"comment_status":"open","ping_status":"closed","sticky":false,"template":"","format":"standard","meta":{"kk_blocks_editor_width":"","_kiokenblocks_attr":"","_kiokenblocks_dimensions":"","footnotes":""},"categories":[80,25,64],"tags":[5348,1950,159,3287,536,3283,3282,1953,4818,5349,535,42,490,148,759],"class_list":["post-35729","post","type-post","status-publish","format-standard","has-post-thumbnail","hentry","category-sport","category-style","category-trendy","tag-5348","tag-cyklistika","tag-design","tag-festka","tag-instagram","tag-jizdni-kola","tag-kola","tag-kolo","tag-oblibenost","tag-ohlas","tag-socialni-site","tag-sport","tag-style","tag-trendy","tag-zebricek"],"yoast_head":"<!-- This site is optimized with the Yoast SEO plugin v27.5 - https:\/\/yoast.com\/product\/yoast-seo-wordpress\/ -->\n<title>Best of 2021: Tyhle Festky m\u011bly loni na Instagramu nejv\u011bt\u0161\u00ed ohlas! - Mzone<\/title>\n<meta name=\"description\" content=\"\u010cesk\u00e1 spole\u010dnost Festka, kter\u00e1 se specializuje na zak\u00e1zkovou v\u00fdrobu karbonov\u00fdch r\u00e1m\u016f silni\u010dn\u00edch kol, zaznamenala v minul\u00e9m roce op\u011bt zv\u00fd\u0161en\u00fd z\u00e1jem o svoje v\u00fdrobky, a to nejen na soci\u00e1ln\u00edch s\u00edt\u00edch.\" \/>\n<meta name=\"robots\" content=\"index, follow, max-snippet:-1, max-image-preview:large, max-video-preview:-1\" \/>\n<link rel=\"canonical\" href=\"https:\/\/www.mzone.cz\/en\/tyhle-festky-mely-loni-na-instagramu-nejvetsi-ohlas\/\" \/>\n<meta property=\"og:locale\" content=\"en_US\" \/>\n<meta property=\"og:type\" content=\"article\" \/>\n<meta property=\"og:title\" content=\"Best of 2021: Tyhle Festky m\u011bly loni na Instagramu nejv\u011bt\u0161\u00ed ohlas! - Mzone\" \/>\n<meta property=\"og:description\" content=\"\u010cesk\u00e1 spole\u010dnost Festka, kter\u00e1 se specializuje na zak\u00e1zkovou v\u00fdrobu karbonov\u00fdch r\u00e1m\u016f silni\u010dn\u00edch kol, zaznamenala v minul\u00e9m roce op\u011bt zv\u00fd\u0161en\u00fd z\u00e1jem o svoje v\u00fdrobky, a to nejen na soci\u00e1ln\u00edch s\u00edt\u00edch.\" \/>\n<meta property=\"og:url\" content=\"https:\/\/www.mzone.cz\/en\/tyhle-festky-mely-loni-na-instagramu-nejvetsi-ohlas\/\" \/>\n<meta property=\"og:site_name\" content=\"Mzone\" \/>\n<meta property=\"article:publisher\" content=\"https:\/\/www.facebook.com\/MzoneCZ\/\" \/>\n<meta property=\"article:published_time\" content=\"2022-02-14T04:00:00+00:00\" \/>\n<meta property=\"og:image\" content=\"https:\/\/www.mzone.cz\/wp-content\/uploads\/2022\/01\/Festka-Scalatore-Core-RD.jpg\" \/>\n\t<meta property=\"og:image:width\" content=\"900\" \/>\n\t<meta property=\"og:image:height\" content=\"600\" \/>\n\t<meta property=\"og:image:type\" content=\"image\/jpeg\" \/>\n<meta name=\"author\" content=\"Mzone\" \/>\n<meta name=\"twitter:card\" content=\"summary_large_image\" \/>\n<meta name=\"twitter:label1\" content=\"Written by\" \/>\n\t<meta name=\"twitter:data1\" content=\"Mzone\" \/>\n\t<meta name=\"twitter:label2\" content=\"Est. reading time\" \/>\n\t<meta name=\"twitter:data2\" content=\"6 minutes\" \/>\n<script type=\"application\/ld+json\" class=\"yoast-schema-graph\">{\"@context\":\"https:\\\/\\\/schema.org\",\"@graph\":[{\"@type\":\"Article\",\"@id\":\"https:\\\/\\\/www.mzone.cz\\\/tyhle-festky-mely-loni-na-instagramu-nejvetsi-ohlas\\\/#article\",\"isPartOf\":{\"@id\":\"https:\\\/\\\/www.mzone.cz\\\/tyhle-festky-mely-loni-na-instagramu-nejvetsi-ohlas\\\/\"},\"author\":{\"name\":\"Mzone\",\"@id\":\"https:\\\/\\\/www.mzone.cz\\\/#\\\/schema\\\/person\\\/9bc20cc422a99cac4af6ff9297da32d4\"},\"headline\":\"Best of 2021: Tyhle Festky m\u011bly loni na Instagramu nejv\u011bt\u0161\u00ed ohlas!\",\"datePublished\":\"2022-02-14T04:00:00+00:00\",\"mainEntityOfPage\":{\"@id\":\"https:\\\/\\\/www.mzone.cz\\\/tyhle-festky-mely-loni-na-instagramu-nejvetsi-ohlas\\\/\"},\"wordCount\":877,\"commentCount\":0,\"image\":{\"@id\":\"https:\\\/\\\/www.mzone.cz\\\/tyhle-festky-mely-loni-na-instagramu-nejvetsi-ohlas\\\/#primaryimage\"},\"thumbnailUrl\":\"https:\\\/\\\/www.mzone.cz\\\/wp-content\\\/uploads\\\/2022\\\/01\\\/Festka-Scalatore-Core-RD.jpg\",\"keywords\":[\"2021\",\"cyklistika\",\"design\",\"Festka\",\"instagram\",\"j\u00edzdn\u00ed kola\",\"kola\",\"kolo\",\"obl\u00edbenost\",\"ohlas\",\"soci\u00e1ln\u00ed s\u00edt\u011b\",\"Sport\",\"style\",\"trendy\",\"\u017eeb\u0159\u00ed\u010dek\"],\"articleSection\":[\"Sport\",\"Style\",\"Trendy\"],\"inLanguage\":\"en-US\",\"potentialAction\":[{\"@type\":\"CommentAction\",\"name\":\"Comment\",\"target\":[\"https:\\\/\\\/www.mzone.cz\\\/tyhle-festky-mely-loni-na-instagramu-nejvetsi-ohlas\\\/#respond\"]}]},{\"@type\":\"WebPage\",\"@id\":\"https:\\\/\\\/www.mzone.cz\\\/tyhle-festky-mely-loni-na-instagramu-nejvetsi-ohlas\\\/\",\"url\":\"https:\\\/\\\/www.mzone.cz\\\/tyhle-festky-mely-loni-na-instagramu-nejvetsi-ohlas\\\/\",\"name\":\"Best of 2021: Tyhle Festky m\u011bly loni na Instagramu nejv\u011bt\u0161\u00ed ohlas! - Mzone\",\"isPartOf\":{\"@id\":\"https:\\\/\\\/www.mzone.cz\\\/#website\"},\"primaryImageOfPage\":{\"@id\":\"https:\\\/\\\/www.mzone.cz\\\/tyhle-festky-mely-loni-na-instagramu-nejvetsi-ohlas\\\/#primaryimage\"},\"image\":{\"@id\":\"https:\\\/\\\/www.mzone.cz\\\/tyhle-festky-mely-loni-na-instagramu-nejvetsi-ohlas\\\/#primaryimage\"},\"thumbnailUrl\":\"https:\\\/\\\/www.mzone.cz\\\/wp-content\\\/uploads\\\/2022\\\/01\\\/Festka-Scalatore-Core-RD.jpg\",\"datePublished\":\"2022-02-14T04:00:00+00:00\",\"author\":{\"@id\":\"https:\\\/\\\/www.mzone.cz\\\/#\\\/schema\\\/person\\\/9bc20cc422a99cac4af6ff9297da32d4\"},\"description\":\"\u010cesk\u00e1 spole\u010dnost Festka, kter\u00e1 se specializuje na zak\u00e1zkovou v\u00fdrobu karbonov\u00fdch r\u00e1m\u016f silni\u010dn\u00edch kol, zaznamenala v minul\u00e9m roce op\u011bt zv\u00fd\u0161en\u00fd z\u00e1jem o svoje v\u00fdrobky, a to nejen na soci\u00e1ln\u00edch s\u00edt\u00edch.\",\"breadcrumb\":{\"@id\":\"https:\\\/\\\/www.mzone.cz\\\/tyhle-festky-mely-loni-na-instagramu-nejvetsi-ohlas\\\/#breadcrumb\"},\"inLanguage\":\"en-US\",\"potentialAction\":[{\"@type\":\"ReadAction\",\"target\":[\"https:\\\/\\\/www.mzone.cz\\\/tyhle-festky-mely-loni-na-instagramu-nejvetsi-ohlas\\\/\"]}]},{\"@type\":\"ImageObject\",\"inLanguage\":\"en-US\",\"@id\":\"https:\\\/\\\/www.mzone.cz\\\/tyhle-festky-mely-loni-na-instagramu-nejvetsi-ohlas\\\/#primaryimage\",\"url\":\"https:\\\/\\\/www.mzone.cz\\\/wp-content\\\/uploads\\\/2022\\\/01\\\/Festka-Scalatore-Core-RD.jpg\",\"contentUrl\":\"https:\\\/\\\/www.mzone.cz\\\/wp-content\\\/uploads\\\/2022\\\/01\\\/Festka-Scalatore-Core-RD.jpg\",\"width\":900,\"height\":600,\"caption\":\"Festka Scalatore Core R&D\"},{\"@type\":\"BreadcrumbList\",\"@id\":\"https:\\\/\\\/www.mzone.cz\\\/tyhle-festky-mely-loni-na-instagramu-nejvetsi-ohlas\\\/#breadcrumb\",\"itemListElement\":[{\"@type\":\"ListItem\",\"position\":1,\"name\":\"Dom\u016f\",\"item\":\"https:\\\/\\\/www.mzone.cz\\\/\"},{\"@type\":\"ListItem\",\"position\":2,\"name\":\"Best of 2021: Tyhle Festky m\u011bly loni na Instagramu nejv\u011bt\u0161\u00ed ohlas!\"}]},{\"@type\":\"WebSite\",\"@id\":\"https:\\\/\\\/www.mzone.cz\\\/#website\",\"url\":\"https:\\\/\\\/www.mzone.cz\\\/\",\"name\":\"Mzone\",\"description\":\"Magaz\u00edn nejen pro mu\u017ee\",\"potentialAction\":[{\"@type\":\"SearchAction\",\"target\":{\"@type\":\"EntryPoint\",\"urlTemplate\":\"https:\\\/\\\/www.mzone.cz\\\/?s={search_term_string}\"},\"query-input\":{\"@type\":\"PropertyValueSpecification\",\"valueRequired\":true,\"valueName\":\"search_term_string\"}}],\"inLanguage\":\"en-US\"},{\"@type\":\"Person\",\"@id\":\"https:\\\/\\\/www.mzone.cz\\\/#\\\/schema\\\/person\\\/9bc20cc422a99cac4af6ff9297da32d4\",\"name\":\"Mzone\",\"image\":{\"@type\":\"ImageObject\",\"inLanguage\":\"en-US\",\"@id\":\"https:\\\/\\\/secure.gravatar.com\\\/avatar\\\/e780a8630f3182a3d06dd667ab6bea151a0d155b0951bc15fe22633acdac0676?s=96&d=mm&r=g\",\"url\":\"https:\\\/\\\/secure.gravatar.com\\\/avatar\\\/e780a8630f3182a3d06dd667ab6bea151a0d155b0951bc15fe22633acdac0676?s=96&d=mm&r=g\",\"contentUrl\":\"https:\\\/\\\/secure.gravatar.com\\\/avatar\\\/e780a8630f3182a3d06dd667ab6bea151a0d155b0951bc15fe22633acdac0676?s=96&d=mm&r=g\",\"caption\":\"Mzone\"},\"url\":\"https:\\\/\\\/www.mzone.cz\\\/en\\\/author\\\/jakub\\\/\"}]}<\/script>\n<!-- \/ Yoast SEO plugin. -->","yoast_head_json":{"title":"Best of 2021: Tyhle Festky m\u011bly loni na Instagramu nejv\u011bt\u0161\u00ed ohlas! - Mzone","description":"\u010cesk\u00e1 spole\u010dnost Festka, kter\u00e1 se specializuje na zak\u00e1zkovou v\u00fdrobu karbonov\u00fdch r\u00e1m\u016f silni\u010dn\u00edch kol, zaznamenala v minul\u00e9m roce op\u011bt zv\u00fd\u0161en\u00fd z\u00e1jem o svoje v\u00fdrobky, a to nejen na soci\u00e1ln\u00edch s\u00edt\u00edch.","robots":{"index":"index","follow":"follow","max-snippet":"max-snippet:-1","max-image-preview":"max-image-preview:large","max-video-preview":"max-video-preview:-1"},"canonical":"https:\/\/www.mzone.cz\/en\/tyhle-festky-mely-loni-na-instagramu-nejvetsi-ohlas\/","og_locale":"en_US","og_type":"article","og_title":"Best of 2021: Tyhle Festky m\u011bly loni na Instagramu nejv\u011bt\u0161\u00ed ohlas! - Mzone","og_description":"\u010cesk\u00e1 spole\u010dnost Festka, kter\u00e1 se specializuje na zak\u00e1zkovou v\u00fdrobu karbonov\u00fdch r\u00e1m\u016f silni\u010dn\u00edch kol, zaznamenala v minul\u00e9m roce op\u011bt zv\u00fd\u0161en\u00fd z\u00e1jem o svoje v\u00fdrobky, a to nejen na soci\u00e1ln\u00edch s\u00edt\u00edch.","og_url":"https:\/\/www.mzone.cz\/en\/tyhle-festky-mely-loni-na-instagramu-nejvetsi-ohlas\/","og_site_name":"Mzone","article_publisher":"https:\/\/www.facebook.com\/MzoneCZ\/","article_published_time":"2022-02-14T04:00:00+00:00","og_image":[{"width":900,"height":600,"url":"https:\/\/www.mzone.cz\/wp-content\/uploads\/2022\/01\/Festka-Scalatore-Core-RD.jpg","type":"image\/jpeg"}],"author":"Mzone","twitter_card":"summary_large_image","twitter_misc":{"Written by":"Mzone","Est. reading time":"6 minutes"},"schema":{"@context":"https:\/\/schema.org","@graph":[{"@type":"Article","@id":"https:\/\/www.mzone.cz\/tyhle-festky-mely-loni-na-instagramu-nejvetsi-ohlas\/#article","isPartOf":{"@id":"https:\/\/www.mzone.cz\/tyhle-festky-mely-loni-na-instagramu-nejvetsi-ohlas\/"},"author":{"name":"Mzone","@id":"https:\/\/www.mzone.cz\/#\/schema\/person\/9bc20cc422a99cac4af6ff9297da32d4"},"headline":"Best of 2021: Tyhle Festky m\u011bly loni na Instagramu nejv\u011bt\u0161\u00ed ohlas!","datePublished":"2022-02-14T04:00:00+00:00","mainEntityOfPage":{"@id":"https:\/\/www.mzone.cz\/tyhle-festky-mely-loni-na-instagramu-nejvetsi-ohlas\/"},"wordCount":877,"commentCount":0,"image":{"@id":"https:\/\/www.mzone.cz\/tyhle-festky-mely-loni-na-instagramu-nejvetsi-ohlas\/#primaryimage"},"thumbnailUrl":"https:\/\/www.mzone.cz\/wp-content\/uploads\/2022\/01\/Festka-Scalatore-Core-RD.jpg","keywords":["2021","cyklistika","design","Festka","instagram","j\u00edzdn\u00ed kola","kola","kolo","obl\u00edbenost","ohlas","soci\u00e1ln\u00ed s\u00edt\u011b","Sport","style","trendy","\u017eeb\u0159\u00ed\u010dek"],"articleSection":["Sport","Style","Trendy"],"inLanguage":"en-US","potentialAction":[{"@type":"CommentAction","name":"Comment","target":["https:\/\/www.mzone.cz\/tyhle-festky-mely-loni-na-instagramu-nejvetsi-ohlas\/#respond"]}]},{"@type":"WebPage","@id":"https:\/\/www.mzone.cz\/tyhle-festky-mely-loni-na-instagramu-nejvetsi-ohlas\/","url":"https:\/\/www.mzone.cz\/tyhle-festky-mely-loni-na-instagramu-nejvetsi-ohlas\/","name":"Best of 2021: Tyhle Festky m\u011bly loni na Instagramu nejv\u011bt\u0161\u00ed ohlas! - Mzone","isPartOf":{"@id":"https:\/\/www.mzone.cz\/#website"},"primaryImageOfPage":{"@id":"https:\/\/www.mzone.cz\/tyhle-festky-mely-loni-na-instagramu-nejvetsi-ohlas\/#primaryimage"},"image":{"@id":"https:\/\/www.mzone.cz\/tyhle-festky-mely-loni-na-instagramu-nejvetsi-ohlas\/#primaryimage"},"thumbnailUrl":"https:\/\/www.mzone.cz\/wp-content\/uploads\/2022\/01\/Festka-Scalatore-Core-RD.jpg","datePublished":"2022-02-14T04:00:00+00:00","author":{"@id":"https:\/\/www.mzone.cz\/#\/schema\/person\/9bc20cc422a99cac4af6ff9297da32d4"},"description":"\u010cesk\u00e1 spole\u010dnost Festka, kter\u00e1 se specializuje na zak\u00e1zkovou v\u00fdrobu karbonov\u00fdch r\u00e1m\u016f silni\u010dn\u00edch kol, zaznamenala v minul\u00e9m roce op\u011bt zv\u00fd\u0161en\u00fd z\u00e1jem o svoje v\u00fdrobky, a to nejen na soci\u00e1ln\u00edch s\u00edt\u00edch.","breadcrumb":{"@id":"https:\/\/www.mzone.cz\/tyhle-festky-mely-loni-na-instagramu-nejvetsi-ohlas\/#breadcrumb"},"inLanguage":"en-US","potentialAction":[{"@type":"ReadAction","target":["https:\/\/www.mzone.cz\/tyhle-festky-mely-loni-na-instagramu-nejvetsi-ohlas\/"]}]},{"@type":"ImageObject","inLanguage":"en-US","@id":"https:\/\/www.mzone.cz\/tyhle-festky-mely-loni-na-instagramu-nejvetsi-ohlas\/#primaryimage","url":"https:\/\/www.mzone.cz\/wp-content\/uploads\/2022\/01\/Festka-Scalatore-Core-RD.jpg","contentUrl":"https:\/\/www.mzone.cz\/wp-content\/uploads\/2022\/01\/Festka-Scalatore-Core-RD.jpg","width":900,"height":600,"caption":"Festka Scalatore Core R&D"},{"@type":"BreadcrumbList","@id":"https:\/\/www.mzone.cz\/tyhle-festky-mely-loni-na-instagramu-nejvetsi-ohlas\/#breadcrumb","itemListElement":[{"@type":"ListItem","position":1,"name":"Dom\u016f","item":"https:\/\/www.mzone.cz\/"},{"@type":"ListItem","position":2,"name":"Best of 2021: Tyhle Festky m\u011bly loni na Instagramu nejv\u011bt\u0161\u00ed ohlas!"}]},{"@type":"WebSite","@id":"https:\/\/www.mzone.cz\/#website","url":"https:\/\/www.mzone.cz\/","name":"Mzone","description":"Magaz\u00edn nejen pro mu\u017ee","potentialAction":[{"@type":"SearchAction","target":{"@type":"EntryPoint","urlTemplate":"https:\/\/www.mzone.cz\/?s={search_term_string}"},"query-input":{"@type":"PropertyValueSpecification","valueRequired":true,"valueName":"search_term_string"}}],"inLanguage":"en-US"},{"@type":"Person","@id":"https:\/\/www.mzone.cz\/#\/schema\/person\/9bc20cc422a99cac4af6ff9297da32d4","name":"Mzone","image":{"@type":"ImageObject","inLanguage":"en-US","@id":"https:\/\/secure.gravatar.com\/avatar\/e780a8630f3182a3d06dd667ab6bea151a0d155b0951bc15fe22633acdac0676?s=96&d=mm&r=g","url":"https:\/\/secure.gravatar.com\/avatar\/e780a8630f3182a3d06dd667ab6bea151a0d155b0951bc15fe22633acdac0676?s=96&d=mm&r=g","contentUrl":"https:\/\/secure.gravatar.com\/avatar\/e780a8630f3182a3d06dd667ab6bea151a0d155b0951bc15fe22633acdac0676?s=96&d=mm&r=g","caption":"Mzone"},"url":"https:\/\/www.mzone.cz\/en\/author\/jakub\/"}]}},"_links":{"self":[{"href":"https:\/\/www.mzone.cz\/en\/wp-json\/wp\/v2\/posts\/35729","targetHints":{"allow":["GET"]}}],"collection":[{"href":"https:\/\/www.mzone.cz\/en\/wp-json\/wp\/v2\/posts"}],"about":[{"href":"https:\/\/www.mzone.cz\/en\/wp-json\/wp\/v2\/types\/post"}],"author":[{"embeddable":true,"href":"https:\/\/www.mzone.cz\/en\/wp-json\/wp\/v2\/users\/4"}],"replies":[{"embeddable":true,"href":"https:\/\/www.mzone.cz\/en\/wp-json\/wp\/v2\/comments?post=35729"}],"version-history":[{"count":22,"href":"https:\/\/www.mzone.cz\/en\/wp-json\/wp\/v2\/posts\/35729\/revisions"}],"predecessor-version":[{"id":35773,"href":"https:\/\/www.mzone.cz\/en\/wp-json\/wp\/v2\/posts\/35729\/revisions\/35773"}],"wp:featuredmedia":[{"embeddable":true,"href":"https:\/\/www.mzone.cz\/en\/wp-json\/wp\/v2\/media\/35744"}],"wp:attachment":[{"href":"https:\/\/www.mzone.cz\/en\/wp-json\/wp\/v2\/media?parent=35729"}],"wp:term":[{"taxonomy":"category","embeddable":true,"href":"https:\/\/www.mzone.cz\/en\/wp-json\/wp\/v2\/categories?post=35729"},{"taxonomy":"post_tag","embeddable":true,"href":"https:\/\/www.mzone.cz\/en\/wp-json\/wp\/v2\/tags?post=35729"}],"curies":[{"name":"wp","href":"https:\/\/api.w.org\/{rel}","templated":true}]}}