{"id":36354,"date":"2022-03-14T20:35:57","date_gmt":"2022-03-14T19:35:57","guid":{"rendered":"https:\/\/www.mzone.cz\/?p=36354"},"modified":"2022-03-14T20:36:38","modified_gmt":"2022-03-14T19:36:38","slug":"tazne-zarizeni-uz-davno-neslouzi-jen-pro-tahani-privesu","status":"publish","type":"post","link":"https:\/\/www.mzone.cz\/en\/tazne-zarizeni-uz-davno-neslouzi-jen-pro-tahani-privesu\/","title":{"rendered":"Ta\u017en\u00e9 za\u0159\u00edzen\u00ed? U\u017e d\u00e1vno neslou\u017e\u00ed jen pro tah\u00e1n\u00ed p\u0159\u00edv\u011bs\u016f!"},"content":{"rendered":"<p><strong>Ta\u017en\u00e9 za\u0159\u00edzen\u00ed slou\u017e\u00ed k ta\u017een\u00ed p\u0159\u00edv\u011bsu. To byla my\u0161lenka stoj\u00edc\u00ed za jeho vytvo\u0159en\u00edm. Spolu se zav\u00e1d\u011bn\u00edm nov\u00fdch \u0159e\u0161en\u00ed v\u0161ak v reakci na pot\u0159eby z\u00e1kazn\u00edk\u016f nar\u016fstal rozsah jeho pou\u017eit\u00ed. K \u010demu lze ta\u017en\u00e9 za\u0159\u00edzen\u00ed pou\u017e\u00edt?<\/strong><\/p><br>\n\n\n\n<h2 class=\"wp-block-heading\">R\u016fzn\u00e9 mo\u017enosti pou\u017eit\u00ed pro ta\u017en\u00e9 za\u0159\u00edzen\u00ed?<\/h2>\n\n\n\n<p>Prim\u00e1rn\u00edm \u00fa\u010delem ta\u017en\u00e9 ty\u010de je ta\u017een\u00ed p\u0159\u00edv\u011bsu. K tomuto \u00fa\u010delu si p\u0159ed t\u00e9m\u011b\u0159 90 lety nechala n\u011bmeck\u00e1 spole\u010dnost Westfalia patentovat kulov\u00fd z\u00e1v\u011bs. \u00dasp\u011b\u0161n\u011b pou\u017e\u00edvan\u00fd p\u0159i ta\u017een\u00ed p\u0159\u00edv\u011bs\u016f u osobn\u00edch automobil\u016f a dod\u00e1vek se pou\u017e\u00edv\u00e1 dodnes. R\u016fzn\u00e9 typy ta\u017en\u00fdch za\u0159\u00edzen\u00ed pom\u00e1haj\u00ed p\u0159epravovat men\u0161\u00ed i v\u011bt\u0161\u00ed n\u00e1kladn\u00ed p\u0159\u00edv\u011bsy.<\/p>\n\n\n\n<blockquote class=\"wp-block-quote is-layout-flow wp-block-quote-is-layout-flow\"><p>Rozvoj automobilov\u00e9ho pr\u016fmyslu a s n\u00edm spojen\u00fd rostouc\u00ed v\u00fdznam cestovn\u00edho ruchu p\u0159isp\u011bly ke vzniku nov\u00e9ho vyu\u017eit\u00ed ta\u017en\u00e9ho za\u0159\u00edzen\u00ed. Cestov\u00e1n\u00ed s\u00a0<a href=\"https:\/\/cs.wikipedia.org\/wiki\/Karavan\" target=\"_blank\" rel=\"noopener\">karavanem<\/a>\u00a0se stalo novou formou relaxace a pozn\u00e1v\u00e1n\u00ed.<\/p><\/blockquote>\n\n\n\n<h2 class=\"wp-block-heading\">Na co jin\u00e9ho se d\u00e1 ta\u017en\u00e9 za\u0159\u00edzen\u00ed pou\u017e\u00edt?<\/h2>\n\n\n\n<p>Nov\u00e9 formy aktivn\u00edho odpo\u010dinku jako je surfov\u00e1n\u00ed, cyklistika, ly\u017eov\u00e1n\u00ed, snowboarding, donutily automobilov\u00fd pr\u016fmysl vytvo\u0159it pr\u016fmysl, jeho\u017e smyslem bylo umo\u017enit p\u0159epravu za\u0159\u00edzen\u00ed pou\u017e\u00edvan\u00e9ho p\u0159i t\u00e9to \u010dinnosti automobilem. Odtud vznikl n\u00e1pad na cyklistickou plo\u0161inu namontovanou na kouli ta\u017en\u00e9ho za\u0159\u00edzen\u00ed. Jej\u00ed nepochybn\u00e9 v\u00fdhody umo\u017e\u0148uj\u00ed pohodlnou p\u0159epravu j\u00edzdn\u00edch kol. Toto je dal\u0161\u00ed zp\u016fsob pou\u017eit\u00ed ta\u017en\u00e9ho za\u0159\u00edzen\u00ed.<\/p>\n\n\n\n<blockquote class=\"wp-block-quote is-layout-flow wp-block-quote-is-layout-flow\"><p>Dal\u0161\u00ed mo\u017enosti p\u0159epravy poskytuj\u00ed kufry a p\u0159epravn\u00ed boxy namontovan\u00e9 na ta\u017en\u00e9m h\u00e1ku. P\u0159edstavuj\u00ed tak dal\u0161\u00ed variantu pou\u017eit\u00ed ta\u017en\u00e9ho za\u0159\u00edzen\u00ed.<\/p><\/blockquote>\n\n\n\n<p>Ta\u017en\u00e9 za\u0159\u00edzen\u00ed m\u016f\u017ee b\u00fdt u\u017eite\u010dn\u00e9, pokud chcete pomoci jin\u00e9mu \u0159idi\u010di v p\u0159\u00edpad\u011b po\u0161kozen\u00ed vozidla. Snadno na n\u011bj p\u0159ipevn\u00edte ta\u017en\u00e9 lano a rozbit\u00e9 vozidlo odt\u00e1hnete do d\u00edlny nebo gar\u00e1\u017ee. Zaj\u00edmav\u00e1 \u0159e\u0161en\u00ed jsou i pro pou\u017eit\u00ed ta\u017en\u00e9ho za\u0159\u00edzen\u00ed, mnoho v\u00fdrobc\u016f se p\u0159ed\u010d\u00ed ve vym\u00fd\u0161len\u00ed r\u016fzn\u00fdch dopl\u0148k\u016f, kter\u00e9 m\u016f\u017eeme pou\u017e\u00edt, kdy\u017e m\u00e1me ta\u017en\u00e9 za\u0159\u00edzen\u00ed v aut\u011b.<\/p><br>\n\n\n\n<h2 class=\"wp-block-heading\">Ta\u017en\u00e9 za\u0159\u00edzen\u00ed jako ochrana p\u0159ed drobn\u00fdmi kolizemi<\/h2>\n\n\n\n<p>Nen\u00ed to mo\u017en\u00e9 ve v\u0161ech zem\u00edch kv\u016fli nutnosti demontovat nepou\u017eitou ta\u017enou kouli, ale v n\u011bkter\u00fdch p\u0159\u00edpadech v\u00e1s ta\u017en\u00e9 za\u0159\u00edzen\u00ed m\u016f\u017ee ochr\u00e1nit p\u0159ed n\u00e1sledky drobn\u00fdch silni\u010dn\u00edch koliz\u00ed.\u00a0<a href=\"https:\/\/cz.pinterest.com\/pin\/2814818501955465\/\" target=\"_blank\" rel=\"noopener\">Ta\u017en\u00e9 za\u0159\u00edzen\u00ed\u00a0<\/a>tak\u00e9 ochr\u00e1n\u00ed v\u016fz p\u0159ed po\u0161kozen\u00edm vozu v d\u016fsledku n\u00e1razu do zdi, obrubn\u00edku a jin\u00fdch p\u0159ek\u00e1\u017eek.<\/p><br>\n\n\n\n<p>I kdy\u017e ne v\u0161echny mo\u017enosti vyu\u017eit\u00ed ta\u017en\u00e9ho za\u0159\u00edzen\u00ed vych\u00e1zej\u00ed z my\u0161lenky jeho vzniku a nejsou v\u017edy optim\u00e1ln\u00edm \u0159e\u0161en\u00edm (nap\u0159. p\u0159i odtahu rozbit\u00e9ho vozidla m\u016f\u017ee b\u00fdt lep\u0161\u00edm \u0159e\u0161en\u00edm p\u0159ivol\u00e1n\u00ed odtahov\u00e9ho vozu, naopak v p\u0159\u00edpad\u011b couv\u00e1n\u00ed v\u00e1m m\u016f\u017ee pomoci), ta\u017en\u00e9 za\u0159\u00edzen\u00ed je ji\u017e des\u00edtky let u\u017eite\u010dn\u00fdm za\u0159\u00edzen\u00edm v r\u016fzn\u00fdch situac\u00edch.<\/p><br>\n\n\n\n<h2 class=\"wp-block-heading\">Jak ta\u017en\u00e9 za\u0159\u00edzen\u00ed vybrat?<\/h2>\n\n\n\n<p>Nejd\u016fle\u017eit\u011bj\u0161\u00ed ot\u00e1zkou p\u0159i v\u00fdb\u011bru spr\u00e1vn\u00e9ho ta\u017en\u00e9ho za\u0159\u00edzen\u00ed je jeho p\u0159izp\u016fsoben\u00ed konkr\u00e9tn\u00edmu modelu vozu. Typ z\u00e1v\u011bsu by m\u011bl b\u00fdt kompatibiln\u00ed s danou verz\u00ed podvozku a technick\u00fdmi podm\u00ednkami ur\u010den\u00fdmi rokem v\u00fdroby vozu. D\u016fle\u017eit\u00e1 je tak\u00e9 mo\u017enost mont\u00e1\u017ee h\u00e1ku, kter\u00fd se nej\u010dast\u011bji pou\u017e\u00edv\u00e1 se st\u00e1vaj\u00edc\u00edmi tov\u00e1rn\u00edmi otvory. Vybrat si ta\u017en\u00e9 za\u0159\u00edzen\u00ed m\u016f\u017eete&nbsp;<a href=\"https:\/\/www.tazne-rameder.cz\/\" target=\"_blank\" rel=\"noopener\">zde<\/a>.<\/p><br>\n\n\n\n<p>Bezpe\u010dnost a komfort j\u00edzdy s ta\u017en\u00fdm za\u0159\u00edzen\u00edm nav\u00edc z\u00e1vis\u00ed na typu pohonu nebo proveden\u00fdch zm\u011bn\u00e1ch v konstrukci vozu. P\u0159i proch\u00e1zen\u00ed dostupn\u00fdch model\u016f ta\u017en\u00fdch h\u00e1k\u016f se tak\u00e9 vyplat\u00ed v\u011bnovat pozornost estetick\u00fdm ot\u00e1zk\u00e1m a \u010detnosti jeho pou\u017e\u00edv\u00e1n\u00ed. Krom\u011b toho by ka\u017ed\u00fd model ta\u017en\u00e9ho za\u0159\u00edzen\u00ed m\u011bl m\u00edt schv\u00e1len\u00ed nezbytn\u00e9 pro jeho pou\u017eit\u00ed v zem\u00edch Evropsk\u00e9 unie.<\/p><br>\n\n\n\n<div class=\"wp-block-media-text alignwide is-stacked-on-mobile is-vertically-aligned-top\" style=\"grid-template-columns:34% auto\"><figure class=\"wp-block-media-text__media\"><a href=\"https:\/\/www.mzone.cz\/poreboval-zvysit-dojezd-sve-elektricke-toyoty-zaprahl-za-ni-prives-s-baterkami\/\"><img loading=\"lazy\" decoding=\"async\" width=\"1024\" height=\"580\" src=\"https:\/\/www.mzone.cz\/wp-content\/uploads\/2018\/11\/eye_rav4-1024x580.jpg\" alt=\"\" class=\"wp-image-1934 size-full\" srcset=\"https:\/\/www.mzone.cz\/wp-content\/uploads\/2018\/11\/eye_rav4-1024x580.jpg 1024w, https:\/\/www.mzone.cz\/wp-content\/uploads\/2018\/11\/eye_rav4-300x170.jpg 300w, https:\/\/www.mzone.cz\/wp-content\/uploads\/2018\/11\/eye_rav4-768x435.jpg 768w, https:\/\/www.mzone.cz\/wp-content\/uploads\/2018\/11\/eye_rav4-590x334.jpg 590w, https:\/\/www.mzone.cz\/wp-content\/uploads\/2018\/11\/eye_rav4.jpg 1455w\" sizes=\"auto, (max-width: 1024px) 100vw, 1024px\" \/><\/a><\/figure><div class=\"wp-block-media-text__content\">\n<h4><a href=\"https:\/\/www.mzone.cz\/poreboval-zvysit-dojezd-sve-elektricke-toyoty-zaprahl-za-ni-prives-s-baterkami\/\">Pot\u0159eboval zv\u00fd\u0161it dojezd sv\u00e9 elektrick\u00e9 Toyoty. Zap\u0159\u00e1hl za ni p\u0159\u00edv\u011bs s baterkami!<\/a><\/h4><br>\n<\/div><\/div>\n\n\n\n<p><\/p>","protected":false},"excerpt":{"rendered":"<p>Ta\u017en\u00e9 za\u0159\u00edzen\u00ed slou\u017e\u00ed k ta\u017een\u00ed p\u0159\u00edv\u011bsu. To byla my\u0161lenka stoj\u00edc\u00ed za jeho vytvo\u0159en\u00edm. Spolu se zav\u00e1d\u011bn\u00edm nov\u00fdch \u0159e\u0161en\u00ed v\u0161ak v reakci na pot\u0159eby z\u00e1kazn\u00edk\u016f nar\u016fstal rozsah jeho pou\u017eit\u00ed. K \u010demu lze ta\u017en\u00e9 za\u0159\u00edzen\u00ed pou\u017e\u00edt? R\u016fzn\u00e9 mo\u017enosti pou\u017eit\u00ed pro ta\u017en\u00e9 za\u0159\u00edzen\u00ed? Prim\u00e1rn\u00edm \u00fa\u010delem ta\u017en\u00e9 ty\u010de je ta\u017een\u00ed p\u0159\u00edv\u011bsu. K tomuto \u00fa\u010delu si p\u0159ed t\u00e9m\u011b\u0159 90 lety [&hellip;]<\/p>\n","protected":false},"author":4,"featured_media":36357,"comment_status":"open","ping_status":"closed","sticky":false,"template":"","format":"standard","meta":{"kk_blocks_editor_width":"","_kiokenblocks_attr":"","_kiokenblocks_dimensions":"","footnotes":""},"categories":[69],"tags":[585,82,462,552,5405,694,5406,5404,5403,1537],"class_list":["post-36354","post","type-post","status-publish","format-standard","has-post-thumbnail","hentry","category-auto-moto","tag-auta","tag-auto","tag-auto-moto","tag-automobily","tag-prislusenstvi","tag-prives","tag-privesy","tag-tahani","tag-tazne-zarizeni","tag-vyuziti"],"yoast_head":"<!-- This site is optimized with the Yoast SEO plugin v27.5 - https:\/\/yoast.com\/product\/yoast-seo-wordpress\/ -->\n<title>Ta\u017en\u00e9 za\u0159\u00edzen\u00ed? U\u017e d\u00e1vno neslou\u017e\u00ed jen pro tah\u00e1n\u00ed p\u0159\u00edv\u011bs\u016f! - Mzone<\/title>\n<meta name=\"description\" content=\"Ta\u017en\u00e9 za\u0159\u00edzen\u00ed slou\u017e\u00ed k ta\u017een\u00ed p\u0159\u00edv\u011bsu. To byla my\u0161lenka stoj\u00edc\u00ed za jeho vytvo\u0159en\u00edm. Spolu se zav\u00e1d\u011bn\u00edm nov\u00fdch \u0159e\u0161en\u00ed v\u0161ak v reakci na pot\u0159eby z\u00e1kazn\u00edk\u016f nar\u016fstal rozsah jeho pou\u017eit\u00ed. K \u010demu lze ta\u017en\u00e9 za\u0159\u00edzen\u00ed pou\u017e\u00edt?\" \/>\n<meta name=\"robots\" content=\"index, follow, max-snippet:-1, max-image-preview:large, max-video-preview:-1\" \/>\n<link rel=\"canonical\" href=\"https:\/\/www.mzone.cz\/en\/tazne-zarizeni-uz-davno-neslouzi-jen-pro-tahani-privesu\/\" \/>\n<meta property=\"og:locale\" content=\"en_US\" \/>\n<meta property=\"og:type\" content=\"article\" \/>\n<meta property=\"og:title\" content=\"Ta\u017en\u00e9 za\u0159\u00edzen\u00ed? U\u017e d\u00e1vno neslou\u017e\u00ed jen pro tah\u00e1n\u00ed p\u0159\u00edv\u011bs\u016f! - Mzone\" \/>\n<meta property=\"og:description\" content=\"Ta\u017en\u00e9 za\u0159\u00edzen\u00ed slou\u017e\u00ed k ta\u017een\u00ed p\u0159\u00edv\u011bsu. To byla my\u0161lenka stoj\u00edc\u00ed za jeho vytvo\u0159en\u00edm. Spolu se zav\u00e1d\u011bn\u00edm nov\u00fdch \u0159e\u0161en\u00ed v\u0161ak v reakci na pot\u0159eby z\u00e1kazn\u00edk\u016f nar\u016fstal rozsah jeho pou\u017eit\u00ed. K \u010demu lze ta\u017en\u00e9 za\u0159\u00edzen\u00ed pou\u017e\u00edt?\" \/>\n<meta property=\"og:url\" content=\"https:\/\/www.mzone.cz\/en\/tazne-zarizeni-uz-davno-neslouzi-jen-pro-tahani-privesu\/\" \/>\n<meta property=\"og:site_name\" content=\"Mzone\" \/>\n<meta property=\"article:publisher\" content=\"https:\/\/www.facebook.com\/MzoneCZ\/\" \/>\n<meta property=\"article:published_time\" content=\"2022-03-14T19:35:57+00:00\" \/>\n<meta property=\"article:modified_time\" content=\"2022-03-14T19:36:38+00:00\" \/>\n<meta property=\"og:image\" content=\"https:\/\/www.mzone.cz\/wp-content\/uploads\/2022\/03\/Tazne-zarizeni.jpg\" \/>\n\t<meta property=\"og:image:width\" content=\"975\" \/>\n\t<meta property=\"og:image:height\" content=\"650\" \/>\n\t<meta property=\"og:image:type\" content=\"image\/jpeg\" \/>\n<meta name=\"author\" content=\"Mzone\" \/>\n<meta name=\"twitter:card\" content=\"summary_large_image\" \/>\n<meta name=\"twitter:label1\" content=\"Written by\" \/>\n\t<meta name=\"twitter:data1\" content=\"Mzone\" \/>\n\t<meta name=\"twitter:label2\" content=\"Est. reading time\" \/>\n\t<meta name=\"twitter:data2\" content=\"3 minutes\" \/>\n<script type=\"application\/ld+json\" class=\"yoast-schema-graph\">{\"@context\":\"https:\\\/\\\/schema.org\",\"@graph\":[{\"@type\":\"Article\",\"@id\":\"https:\\\/\\\/www.mzone.cz\\\/tazne-zarizeni-uz-davno-neslouzi-jen-pro-tahani-privesu\\\/#article\",\"isPartOf\":{\"@id\":\"https:\\\/\\\/www.mzone.cz\\\/tazne-zarizeni-uz-davno-neslouzi-jen-pro-tahani-privesu\\\/\"},\"author\":{\"name\":\"Mzone\",\"@id\":\"https:\\\/\\\/www.mzone.cz\\\/#\\\/schema\\\/person\\\/9bc20cc422a99cac4af6ff9297da32d4\"},\"headline\":\"Ta\u017en\u00e9 za\u0159\u00edzen\u00ed? U\u017e d\u00e1vno neslou\u017e\u00ed jen pro tah\u00e1n\u00ed p\u0159\u00edv\u011bs\u016f!\",\"datePublished\":\"2022-03-14T19:35:57+00:00\",\"dateModified\":\"2022-03-14T19:36:38+00:00\",\"mainEntityOfPage\":{\"@id\":\"https:\\\/\\\/www.mzone.cz\\\/tazne-zarizeni-uz-davno-neslouzi-jen-pro-tahani-privesu\\\/\"},\"wordCount\":786,\"commentCount\":0,\"image\":{\"@id\":\"https:\\\/\\\/www.mzone.cz\\\/tazne-zarizeni-uz-davno-neslouzi-jen-pro-tahani-privesu\\\/#primaryimage\"},\"thumbnailUrl\":\"https:\\\/\\\/www.mzone.cz\\\/wp-content\\\/uploads\\\/2022\\\/03\\\/Tazne-zarizeni.jpg\",\"keywords\":[\"auta\",\"Auto\",\"auto-moto\",\"automobily\",\"p\u0159\u00edslu\u0161enstv\u00ed\",\"p\u0159\u00edv\u011bs\",\"p\u0159\u00edv\u011bsy\",\"tah\u00e1n\u00ed\",\"ta\u017en\u00e9 za\u0159\u00edzen\u00ed\",\"vyu\u017eit\u00ed\"],\"articleSection\":[\"Auto-moto\"],\"inLanguage\":\"en-US\",\"potentialAction\":[{\"@type\":\"CommentAction\",\"name\":\"Comment\",\"target\":[\"https:\\\/\\\/www.mzone.cz\\\/tazne-zarizeni-uz-davno-neslouzi-jen-pro-tahani-privesu\\\/#respond\"]}]},{\"@type\":\"WebPage\",\"@id\":\"https:\\\/\\\/www.mzone.cz\\\/tazne-zarizeni-uz-davno-neslouzi-jen-pro-tahani-privesu\\\/\",\"url\":\"https:\\\/\\\/www.mzone.cz\\\/tazne-zarizeni-uz-davno-neslouzi-jen-pro-tahani-privesu\\\/\",\"name\":\"Ta\u017en\u00e9 za\u0159\u00edzen\u00ed? U\u017e d\u00e1vno neslou\u017e\u00ed jen pro tah\u00e1n\u00ed p\u0159\u00edv\u011bs\u016f! - Mzone\",\"isPartOf\":{\"@id\":\"https:\\\/\\\/www.mzone.cz\\\/#website\"},\"primaryImageOfPage\":{\"@id\":\"https:\\\/\\\/www.mzone.cz\\\/tazne-zarizeni-uz-davno-neslouzi-jen-pro-tahani-privesu\\\/#primaryimage\"},\"image\":{\"@id\":\"https:\\\/\\\/www.mzone.cz\\\/tazne-zarizeni-uz-davno-neslouzi-jen-pro-tahani-privesu\\\/#primaryimage\"},\"thumbnailUrl\":\"https:\\\/\\\/www.mzone.cz\\\/wp-content\\\/uploads\\\/2022\\\/03\\\/Tazne-zarizeni.jpg\",\"datePublished\":\"2022-03-14T19:35:57+00:00\",\"dateModified\":\"2022-03-14T19:36:38+00:00\",\"author\":{\"@id\":\"https:\\\/\\\/www.mzone.cz\\\/#\\\/schema\\\/person\\\/9bc20cc422a99cac4af6ff9297da32d4\"},\"description\":\"Ta\u017en\u00e9 za\u0159\u00edzen\u00ed slou\u017e\u00ed k ta\u017een\u00ed p\u0159\u00edv\u011bsu. To byla my\u0161lenka stoj\u00edc\u00ed za jeho vytvo\u0159en\u00edm. Spolu se zav\u00e1d\u011bn\u00edm nov\u00fdch \u0159e\u0161en\u00ed v\u0161ak v reakci na pot\u0159eby z\u00e1kazn\u00edk\u016f nar\u016fstal rozsah jeho pou\u017eit\u00ed. K \u010demu lze ta\u017en\u00e9 za\u0159\u00edzen\u00ed pou\u017e\u00edt?\",\"breadcrumb\":{\"@id\":\"https:\\\/\\\/www.mzone.cz\\\/tazne-zarizeni-uz-davno-neslouzi-jen-pro-tahani-privesu\\\/#breadcrumb\"},\"inLanguage\":\"en-US\",\"potentialAction\":[{\"@type\":\"ReadAction\",\"target\":[\"https:\\\/\\\/www.mzone.cz\\\/tazne-zarizeni-uz-davno-neslouzi-jen-pro-tahani-privesu\\\/\"]}]},{\"@type\":\"ImageObject\",\"inLanguage\":\"en-US\",\"@id\":\"https:\\\/\\\/www.mzone.cz\\\/tazne-zarizeni-uz-davno-neslouzi-jen-pro-tahani-privesu\\\/#primaryimage\",\"url\":\"https:\\\/\\\/www.mzone.cz\\\/wp-content\\\/uploads\\\/2022\\\/03\\\/Tazne-zarizeni.jpg\",\"contentUrl\":\"https:\\\/\\\/www.mzone.cz\\\/wp-content\\\/uploads\\\/2022\\\/03\\\/Tazne-zarizeni.jpg\",\"width\":975,\"height\":650,\"caption\":\"Ta\u017en\u00e9 za\u0159\u00edzen\u00ed\"},{\"@type\":\"BreadcrumbList\",\"@id\":\"https:\\\/\\\/www.mzone.cz\\\/tazne-zarizeni-uz-davno-neslouzi-jen-pro-tahani-privesu\\\/#breadcrumb\",\"itemListElement\":[{\"@type\":\"ListItem\",\"position\":1,\"name\":\"Dom\u016f\",\"item\":\"https:\\\/\\\/www.mzone.cz\\\/\"},{\"@type\":\"ListItem\",\"position\":2,\"name\":\"Ta\u017en\u00e9 za\u0159\u00edzen\u00ed? U\u017e d\u00e1vno neslou\u017e\u00ed jen pro tah\u00e1n\u00ed p\u0159\u00edv\u011bs\u016f!\"}]},{\"@type\":\"WebSite\",\"@id\":\"https:\\\/\\\/www.mzone.cz\\\/#website\",\"url\":\"https:\\\/\\\/www.mzone.cz\\\/\",\"name\":\"Mzone\",\"description\":\"Magaz\u00edn nejen pro mu\u017ee\",\"potentialAction\":[{\"@type\":\"SearchAction\",\"target\":{\"@type\":\"EntryPoint\",\"urlTemplate\":\"https:\\\/\\\/www.mzone.cz\\\/?s={search_term_string}\"},\"query-input\":{\"@type\":\"PropertyValueSpecification\",\"valueRequired\":true,\"valueName\":\"search_term_string\"}}],\"inLanguage\":\"en-US\"},{\"@type\":\"Person\",\"@id\":\"https:\\\/\\\/www.mzone.cz\\\/#\\\/schema\\\/person\\\/9bc20cc422a99cac4af6ff9297da32d4\",\"name\":\"Mzone\",\"image\":{\"@type\":\"ImageObject\",\"inLanguage\":\"en-US\",\"@id\":\"https:\\\/\\\/secure.gravatar.com\\\/avatar\\\/e780a8630f3182a3d06dd667ab6bea151a0d155b0951bc15fe22633acdac0676?s=96&d=mm&r=g\",\"url\":\"https:\\\/\\\/secure.gravatar.com\\\/avatar\\\/e780a8630f3182a3d06dd667ab6bea151a0d155b0951bc15fe22633acdac0676?s=96&d=mm&r=g\",\"contentUrl\":\"https:\\\/\\\/secure.gravatar.com\\\/avatar\\\/e780a8630f3182a3d06dd667ab6bea151a0d155b0951bc15fe22633acdac0676?s=96&d=mm&r=g\",\"caption\":\"Mzone\"},\"url\":\"https:\\\/\\\/www.mzone.cz\\\/en\\\/author\\\/jakub\\\/\"}]}<\/script>\n<!-- \/ Yoast SEO plugin. -->","yoast_head_json":{"title":"Ta\u017en\u00e9 za\u0159\u00edzen\u00ed? U\u017e d\u00e1vno neslou\u017e\u00ed jen pro tah\u00e1n\u00ed p\u0159\u00edv\u011bs\u016f! - Mzone","description":"Ta\u017en\u00e9 za\u0159\u00edzen\u00ed slou\u017e\u00ed k ta\u017een\u00ed p\u0159\u00edv\u011bsu. To byla my\u0161lenka stoj\u00edc\u00ed za jeho vytvo\u0159en\u00edm. Spolu se zav\u00e1d\u011bn\u00edm nov\u00fdch \u0159e\u0161en\u00ed v\u0161ak v reakci na pot\u0159eby z\u00e1kazn\u00edk\u016f nar\u016fstal rozsah jeho pou\u017eit\u00ed. K \u010demu lze ta\u017en\u00e9 za\u0159\u00edzen\u00ed pou\u017e\u00edt?","robots":{"index":"index","follow":"follow","max-snippet":"max-snippet:-1","max-image-preview":"max-image-preview:large","max-video-preview":"max-video-preview:-1"},"canonical":"https:\/\/www.mzone.cz\/en\/tazne-zarizeni-uz-davno-neslouzi-jen-pro-tahani-privesu\/","og_locale":"en_US","og_type":"article","og_title":"Ta\u017en\u00e9 za\u0159\u00edzen\u00ed? U\u017e d\u00e1vno neslou\u017e\u00ed jen pro tah\u00e1n\u00ed p\u0159\u00edv\u011bs\u016f! - Mzone","og_description":"Ta\u017en\u00e9 za\u0159\u00edzen\u00ed slou\u017e\u00ed k ta\u017een\u00ed p\u0159\u00edv\u011bsu. To byla my\u0161lenka stoj\u00edc\u00ed za jeho vytvo\u0159en\u00edm. Spolu se zav\u00e1d\u011bn\u00edm nov\u00fdch \u0159e\u0161en\u00ed v\u0161ak v reakci na pot\u0159eby z\u00e1kazn\u00edk\u016f nar\u016fstal rozsah jeho pou\u017eit\u00ed. K \u010demu lze ta\u017en\u00e9 za\u0159\u00edzen\u00ed pou\u017e\u00edt?","og_url":"https:\/\/www.mzone.cz\/en\/tazne-zarizeni-uz-davno-neslouzi-jen-pro-tahani-privesu\/","og_site_name":"Mzone","article_publisher":"https:\/\/www.facebook.com\/MzoneCZ\/","article_published_time":"2022-03-14T19:35:57+00:00","article_modified_time":"2022-03-14T19:36:38+00:00","og_image":[{"width":975,"height":650,"url":"https:\/\/www.mzone.cz\/wp-content\/uploads\/2022\/03\/Tazne-zarizeni.jpg","type":"image\/jpeg"}],"author":"Mzone","twitter_card":"summary_large_image","twitter_misc":{"Written by":"Mzone","Est. reading time":"3 minutes"},"schema":{"@context":"https:\/\/schema.org","@graph":[{"@type":"Article","@id":"https:\/\/www.mzone.cz\/tazne-zarizeni-uz-davno-neslouzi-jen-pro-tahani-privesu\/#article","isPartOf":{"@id":"https:\/\/www.mzone.cz\/tazne-zarizeni-uz-davno-neslouzi-jen-pro-tahani-privesu\/"},"author":{"name":"Mzone","@id":"https:\/\/www.mzone.cz\/#\/schema\/person\/9bc20cc422a99cac4af6ff9297da32d4"},"headline":"Ta\u017en\u00e9 za\u0159\u00edzen\u00ed? U\u017e d\u00e1vno neslou\u017e\u00ed jen pro tah\u00e1n\u00ed p\u0159\u00edv\u011bs\u016f!","datePublished":"2022-03-14T19:35:57+00:00","dateModified":"2022-03-14T19:36:38+00:00","mainEntityOfPage":{"@id":"https:\/\/www.mzone.cz\/tazne-zarizeni-uz-davno-neslouzi-jen-pro-tahani-privesu\/"},"wordCount":786,"commentCount":0,"image":{"@id":"https:\/\/www.mzone.cz\/tazne-zarizeni-uz-davno-neslouzi-jen-pro-tahani-privesu\/#primaryimage"},"thumbnailUrl":"https:\/\/www.mzone.cz\/wp-content\/uploads\/2022\/03\/Tazne-zarizeni.jpg","keywords":["auta","Auto","auto-moto","automobily","p\u0159\u00edslu\u0161enstv\u00ed","p\u0159\u00edv\u011bs","p\u0159\u00edv\u011bsy","tah\u00e1n\u00ed","ta\u017en\u00e9 za\u0159\u00edzen\u00ed","vyu\u017eit\u00ed"],"articleSection":["Auto-moto"],"inLanguage":"en-US","potentialAction":[{"@type":"CommentAction","name":"Comment","target":["https:\/\/www.mzone.cz\/tazne-zarizeni-uz-davno-neslouzi-jen-pro-tahani-privesu\/#respond"]}]},{"@type":"WebPage","@id":"https:\/\/www.mzone.cz\/tazne-zarizeni-uz-davno-neslouzi-jen-pro-tahani-privesu\/","url":"https:\/\/www.mzone.cz\/tazne-zarizeni-uz-davno-neslouzi-jen-pro-tahani-privesu\/","name":"Ta\u017en\u00e9 za\u0159\u00edzen\u00ed? U\u017e d\u00e1vno neslou\u017e\u00ed jen pro tah\u00e1n\u00ed p\u0159\u00edv\u011bs\u016f! - Mzone","isPartOf":{"@id":"https:\/\/www.mzone.cz\/#website"},"primaryImageOfPage":{"@id":"https:\/\/www.mzone.cz\/tazne-zarizeni-uz-davno-neslouzi-jen-pro-tahani-privesu\/#primaryimage"},"image":{"@id":"https:\/\/www.mzone.cz\/tazne-zarizeni-uz-davno-neslouzi-jen-pro-tahani-privesu\/#primaryimage"},"thumbnailUrl":"https:\/\/www.mzone.cz\/wp-content\/uploads\/2022\/03\/Tazne-zarizeni.jpg","datePublished":"2022-03-14T19:35:57+00:00","dateModified":"2022-03-14T19:36:38+00:00","author":{"@id":"https:\/\/www.mzone.cz\/#\/schema\/person\/9bc20cc422a99cac4af6ff9297da32d4"},"description":"Ta\u017en\u00e9 za\u0159\u00edzen\u00ed slou\u017e\u00ed k ta\u017een\u00ed p\u0159\u00edv\u011bsu. To byla my\u0161lenka stoj\u00edc\u00ed za jeho vytvo\u0159en\u00edm. Spolu se zav\u00e1d\u011bn\u00edm nov\u00fdch \u0159e\u0161en\u00ed v\u0161ak v reakci na pot\u0159eby z\u00e1kazn\u00edk\u016f nar\u016fstal rozsah jeho pou\u017eit\u00ed. K \u010demu lze ta\u017en\u00e9 za\u0159\u00edzen\u00ed pou\u017e\u00edt?","breadcrumb":{"@id":"https:\/\/www.mzone.cz\/tazne-zarizeni-uz-davno-neslouzi-jen-pro-tahani-privesu\/#breadcrumb"},"inLanguage":"en-US","potentialAction":[{"@type":"ReadAction","target":["https:\/\/www.mzone.cz\/tazne-zarizeni-uz-davno-neslouzi-jen-pro-tahani-privesu\/"]}]},{"@type":"ImageObject","inLanguage":"en-US","@id":"https:\/\/www.mzone.cz\/tazne-zarizeni-uz-davno-neslouzi-jen-pro-tahani-privesu\/#primaryimage","url":"https:\/\/www.mzone.cz\/wp-content\/uploads\/2022\/03\/Tazne-zarizeni.jpg","contentUrl":"https:\/\/www.mzone.cz\/wp-content\/uploads\/2022\/03\/Tazne-zarizeni.jpg","width":975,"height":650,"caption":"Ta\u017en\u00e9 za\u0159\u00edzen\u00ed"},{"@type":"BreadcrumbList","@id":"https:\/\/www.mzone.cz\/tazne-zarizeni-uz-davno-neslouzi-jen-pro-tahani-privesu\/#breadcrumb","itemListElement":[{"@type":"ListItem","position":1,"name":"Dom\u016f","item":"https:\/\/www.mzone.cz\/"},{"@type":"ListItem","position":2,"name":"Ta\u017en\u00e9 za\u0159\u00edzen\u00ed? U\u017e d\u00e1vno neslou\u017e\u00ed jen pro tah\u00e1n\u00ed p\u0159\u00edv\u011bs\u016f!"}]},{"@type":"WebSite","@id":"https:\/\/www.mzone.cz\/#website","url":"https:\/\/www.mzone.cz\/","name":"Mzone","description":"Magaz\u00edn nejen pro mu\u017ee","potentialAction":[{"@type":"SearchAction","target":{"@type":"EntryPoint","urlTemplate":"https:\/\/www.mzone.cz\/?s={search_term_string}"},"query-input":{"@type":"PropertyValueSpecification","valueRequired":true,"valueName":"search_term_string"}}],"inLanguage":"en-US"},{"@type":"Person","@id":"https:\/\/www.mzone.cz\/#\/schema\/person\/9bc20cc422a99cac4af6ff9297da32d4","name":"Mzone","image":{"@type":"ImageObject","inLanguage":"en-US","@id":"https:\/\/secure.gravatar.com\/avatar\/e780a8630f3182a3d06dd667ab6bea151a0d155b0951bc15fe22633acdac0676?s=96&d=mm&r=g","url":"https:\/\/secure.gravatar.com\/avatar\/e780a8630f3182a3d06dd667ab6bea151a0d155b0951bc15fe22633acdac0676?s=96&d=mm&r=g","contentUrl":"https:\/\/secure.gravatar.com\/avatar\/e780a8630f3182a3d06dd667ab6bea151a0d155b0951bc15fe22633acdac0676?s=96&d=mm&r=g","caption":"Mzone"},"url":"https:\/\/www.mzone.cz\/en\/author\/jakub\/"}]}},"_links":{"self":[{"href":"https:\/\/www.mzone.cz\/en\/wp-json\/wp\/v2\/posts\/36354","targetHints":{"allow":["GET"]}}],"collection":[{"href":"https:\/\/www.mzone.cz\/en\/wp-json\/wp\/v2\/posts"}],"about":[{"href":"https:\/\/www.mzone.cz\/en\/wp-json\/wp\/v2\/types\/post"}],"author":[{"embeddable":true,"href":"https:\/\/www.mzone.cz\/en\/wp-json\/wp\/v2\/users\/4"}],"replies":[{"embeddable":true,"href":"https:\/\/www.mzone.cz\/en\/wp-json\/wp\/v2\/comments?post=36354"}],"version-history":[{"count":12,"href":"https:\/\/www.mzone.cz\/en\/wp-json\/wp\/v2\/posts\/36354\/revisions"}],"predecessor-version":[{"id":36367,"href":"https:\/\/www.mzone.cz\/en\/wp-json\/wp\/v2\/posts\/36354\/revisions\/36367"}],"wp:featuredmedia":[{"embeddable":true,"href":"https:\/\/www.mzone.cz\/en\/wp-json\/wp\/v2\/media\/36357"}],"wp:attachment":[{"href":"https:\/\/www.mzone.cz\/en\/wp-json\/wp\/v2\/media?parent=36354"}],"wp:term":[{"taxonomy":"category","embeddable":true,"href":"https:\/\/www.mzone.cz\/en\/wp-json\/wp\/v2\/categories?post=36354"},{"taxonomy":"post_tag","embeddable":true,"href":"https:\/\/www.mzone.cz\/en\/wp-json\/wp\/v2\/tags?post=36354"}],"curies":[{"name":"wp","href":"https:\/\/api.w.org\/{rel}","templated":true}]}}