{"id":3674,"date":"2024-09-08T19:00:08","date_gmt":"2024-09-08T17:00:08","guid":{"rendered":"http:\/\/www.mzone.cz\/?p=3674"},"modified":"2024-09-08T19:13:45","modified_gmt":"2024-09-08T17:13:45","slug":"syfilis-nemoc-kterou-do-evropy-privezl-krystof-kolumbus","status":"publish","type":"post","link":"https:\/\/www.mzone.cz\/en\/syfilis-nemoc-kterou-do-evropy-privezl-krystof-kolumbus\/","title":{"rendered":"Syfilis: Nemoc, kterou do Evropy p\u0159ivezl Kry\u0161tof Kolumbus"},"content":{"rendered":"<p><strong>Kdy\u017e Kry\u0161tof Kolumbus objevil Ameriku, zajistil si v\u011b\u010dnou pozici v u\u010debnic\u00edch d\u011bjepisu. Zajist\u00e9 tehdy netu\u0161il, \u017ee se jeho jm\u00e9no d\u00edky tomu bude jednou spojovat i s jistou smrtelnou chorobou.<\/strong><\/p><br>\n\n\n\n<p>Nov\u00fd sv\u011bt toti\u017e skr\u00fdval i sv\u00e1 nebezpe\u010d\u00ed. T\u00edm nejv\u011bt\u0161\u00edm byla pro nadr\u017een\u00e9 n\u00e1mo\u0159n\u00edky nemoc zvan\u00e1 syfilis. Zat\u00edmco domorodci n\u00e1kazu zvl\u00e1dali levou zadn\u00ed, pro Evropana znamenala rozsudek smrti. V\u0159edy, paral\u00fdza, roze\u017e\u00edr\u00e1n\u00ed kost\u00ed, vypad\u00e1v\u00e1n\u00ed vlas\u016f, rozpad\u00e1n\u00ed tk\u00e1n\u00ed, slepota, hluchota, z\u00e1n\u011bty v\u0161eho druhu, posti\u017een\u00ed m\u00edchy a mozku, du\u0161evn\u00ed nemoci a dlouh\u00e9 roky v bolestech \u2013 solidn\u00ed vyhl\u00eddky, \u017ee ano?!<\/p>\n\n\n\n<blockquote class=\"wp-block-quote is-layout-flow wp-block-quote-is-layout-flow\"><p>Z\u0159ejm\u011b prvn\u00ed ob\u011bt\u00ed syfilis se stal kapit\u00e1n jedn\u00e9 z Kolumbov\u00fdch lod\u00ed; v roce 1495 se u\u017e dalo hovo\u0159it o epidemii a o p\u00e1r let pozd\u011bji jen v Pa\u0159\u00ed\u017ei trp\u011bla touto nemoc\u00ed snad ka\u017ed\u00e1 here\u010dka a tane\u010dnice.<\/p><\/blockquote>\n\n\n\n<p>Jen\u017ee to se je\u0161t\u011b syfilis nejmenovala syfilis, ale \u201eneapolsk\u00e9 zlo\u201c nebo tak\u00e9 polsk\u00e1, rusk\u00e1, \u0161pan\u011blsk\u00e1 \u010di n\u011bmeck\u00e1 nemoc \u2013 to podle toho, kter\u00fd n\u00e1rod za ni aktu\u00e1ln\u011b mohl. Nemoc z\u00edskala dne\u0161n\u00ed n\u00e1zev a\u017e o stolet\u00ed pozd\u011bji, kdy\u017e byla pok\u0159t\u011bna podle hrdiny b\u00e1sn\u011b Girolama Fracastora, kter\u00fd byl touto chorobou \u201eodm\u011bn\u011bn\u201c za rouh\u00e1n\u00ed. A t\u00edmto \u201ebo\u017e\u00edm trestem\u201c byli zasa\u017eeni i dal\u0161\u00ed (pohlavn\u011b aktivn\u00ed) lid\u00e9. Nejen pracovnice nev\u011bstinc\u016f a n\u00e1mo\u0159n\u00edci, ale i slavn\u00ed a mocn\u00ed. Tak vlastn\u011b syfilis m\u011bnil d\u011bjiny.<\/p><br>\n\n\n\n<h2 class=\"wp-block-heading\"><strong>Syfilis na kr\u00e1lovu hlavu<\/strong><\/h2>\n\n\n\n<p>Za&nbsp;dob francouzsk\u00e9ho kr\u00e1le Franti\u0161ka I. na p\u0159elomu 15. a 16. stolet\u00ed sice vzkv\u00e9tala kultura a um\u011bn\u00ed, ale takt\u00e9\u017e se da\u0159ilo syfilid\u011b. A kdy\u017e se tehdy kr\u00e1l spustil s&nbsp;man\u017eelkou jist\u00e9ho pa\u0159\u00ed\u017esk\u00e9ho pr\u00e1vn\u00edka, rozhodl se podveden\u00fd man\u017eel, \u017ee to tak nenech\u00e1 a \u017ee se vlada\u0159i rafinovan\u011b pomst\u00ed. S\u00e1m ze sebe ud\u011blal biologickou zbra\u0148, k \u010demu\u017e sta\u010dilo nav\u0161t\u00edvit nev\u011bstinec a pot\u00e9 se pomilovat s&nbsp;chot\u00ed.<\/p>\n\n\n\n<blockquote class=\"wp-block-quote is-layout-flow wp-block-quote-is-layout-flow\"><p>Syfilis se brzy dostal do kr\u00e1lovsk\u00e9 lo\u017enice a pak u\u017e mohl t\u00e9\u017e naka\u017een\u00fd, ale \u0161kodolib\u011b uspokojen\u00fd pr\u00e1vn\u00edk sledovat, jak se kr\u00e1l cpe rtut\u00ed a proj\u00edmadlem, toho \u010dasu hlavn\u00edmi \u201el\u00e9\u010debn\u00fdmi\u201c prost\u0159edky.<\/p><\/blockquote>\n\n\n\n<figure class=\"wp-block-image is-resized\"><img loading=\"lazy\" decoding=\"async\" src=\"http:\/\/www.mzone.cz\/wp-content\/uploads\/2019\/01\/2ndsyphil2.jpg\" alt=\"\" class=\"wp-image-3690\" width=\"583\" height=\"416\"><\/figure><br>\n\n\n\n<h2 class=\"wp-block-heading\"><strong>Nemocn\u00e1 M\u00e1 vlast<\/strong><\/h2>\n\n\n\n<p>Metr \u0161edes\u00e1t a siln\u00e1 kr\u00e1tkozrakost obvykle nep\u0159edur\u010duj\u00ed mu\u017ee k roli Casanovy, nicm\u00e9n\u011b Smetana byl v tomhle v\u00fdjimkou. A\u010d jej doma \u010dekala man\u017eelka, kouzlu baletek pr\u00fd odol\u00e1vat nedok\u00e1zal. A z\u0159ejm\u011b d\u00edky t\u011bmto dobrodru\u017estv\u00edm se dostal do kategorie syfiliticky podez\u0159el\u00fdch.<\/p>\n\n\n\n<blockquote class=\"wp-block-quote is-layout-flow wp-block-quote-is-layout-flow\"><p>Spory o to, zda Bed\u0159ich Smetana trp\u011bl \u010di netrp\u011bl syfilisem, se vedou dodnes.<\/p><\/blockquote>\n\n\n\n<div class=\"wp-block-image\"><figure class=\"alignright is-resized\"><img loading=\"lazy\" decoding=\"async\" src=\"http:\/\/www.mzone.cz\/wp-content\/uploads\/2019\/01\/Syphilis_lesions_on_back-1.jpg\" alt=\"\" class=\"wp-image-3695\" width=\"250\" height=\"309\"\/><\/figure><\/div>\n\n\n\n<p>P\u0159\u00edznaky a pr\u016fb\u011bh onemocn\u011bn\u00ed hudebn\u00edho g\u00e9nia v\u0161ak hovo\u0159ily za v\u0161e: nejprve zan\u00edcen\u00fd v\u0159ed, pak hluchota a deset let pot\u00e9 hospitalizace v \u00fastavu pro du\u0161evn\u011b chor\u00e9, kde utrpen\u00ed \u0161edes\u00e1tilet\u00e9ho skladatele skon\u010dilo. Nebylo v\u0161ak vhodn\u00e9 hanobit um\u011blcovu pam\u00e1tku, zvl\u00e1\u0161t\u011b pak proto, \u017ee jeho nejslavn\u011bj\u0161\u00ed d\u00edlo&nbsp;<em>M\u00e1 vlast<\/em>&nbsp;vzniklo v dob\u011b, kdy u\u017e mu nemoc zas\u00e1hla mozek. Smetana byl ji\u017e hluch\u00fd, a proto se objevuj\u00ed i spekulativn\u00ed teorie, \u017ee mu du\u0161evn\u00ed choroba mohla p\u0159i komponov\u00e1n\u00ed vlastn\u011b pomoci. Nicm\u00e9n\u011b to, \u017ee by za kr\u00e1sou M\u00e9 vlasti mohla st\u00e1t pohlavn\u00ed nemoc, nikdy nezn\u011blo moc dob\u0159e, tak\u017ee bylo mo\u017en\u00e1 lep\u0161\u00ed uv\u00e1d\u011bt jako ofici\u00e1ln\u00ed diagn\u00f3zu arterioskler\u00f3zu a dop\u0159\u00e1t um\u011blci m\u00e9n\u011b trapn\u00fd konec.<\/p><br>\n\n\n\n<h2 class=\"wp-block-heading\"><strong>Prezidentsk\u00e9 klop\u00fdtnut\u00ed<\/strong><\/h2>\n\n\n\n<p>Za druh\u00e9 sv\u011btov\u00e9 v\u00e1lky se u\u017e da\u0159ilo bojovat i proti syfilid\u011b. Penicilin uzdravoval, ne v\u0161ak u\u017e ty, co ji\u017e proch\u00e1zeli t\u0159et\u00edm st\u00e1diem nemoci. Do t\u00e9to kategorie spadal i Klement Gottwald, kter\u00fd se je\u0161t\u011b kr\u00e1tce po v\u00e1lce marn\u011b sna\u017eil celou z\u00e1le\u017eitost ututlat. Kdy\u017e v\u0161ak p\u0159i n\u00e1v\u0161t\u011bv\u011b Moskvy ochrnul na p\u016flku t\u011bla a l\u00e9ka\u0159i zjistili, o co jde, Stalina m\u00e1lem trefil \u0161lak. Mu\u017e, na kter\u00e9ho spol\u00e9hal jako na svou spojku v&nbsp;satelitn\u00edm st\u00e1tu, ho takto zklamal!<\/p><br>\n\n\n\n<figure class=\"wp-block-image\"><img loading=\"lazy\" decoding=\"async\" width=\"1024\" height=\"685\" src=\"http:\/\/www.mzone.cz\/wp-content\/uploads\/2019\/01\/Secondary_Syphilis_on_palms_CDC_6809_lores.rsh_-1024x685.jpg\" alt=\"\" class=\"wp-image-3701\" srcset=\"https:\/\/www.mzone.cz\/wp-content\/uploads\/2019\/01\/Secondary_Syphilis_on_palms_CDC_6809_lores.rsh_-1024x685.jpg 1024w, https:\/\/www.mzone.cz\/wp-content\/uploads\/2019\/01\/Secondary_Syphilis_on_palms_CDC_6809_lores.rsh_-300x201.jpg 300w, https:\/\/www.mzone.cz\/wp-content\/uploads\/2019\/01\/Secondary_Syphilis_on_palms_CDC_6809_lores.rsh_-768x514.jpg 768w, https:\/\/www.mzone.cz\/wp-content\/uploads\/2019\/01\/Secondary_Syphilis_on_palms_CDC_6809_lores.rsh_-400x267.jpg 400w, https:\/\/www.mzone.cz\/wp-content\/uploads\/2019\/01\/Secondary_Syphilis_on_palms_CDC_6809_lores.rsh_-500x333.jpg 500w, https:\/\/www.mzone.cz\/wp-content\/uploads\/2019\/01\/Secondary_Syphilis_on_palms_CDC_6809_lores.rsh_-590x395.jpg 590w\" sizes=\"auto, (max-width: 1024px) 100vw, 1024px\" \/><\/figure>\n\n\n\n<blockquote class=\"wp-block-quote is-layout-flow wp-block-quote-is-layout-flow\"><p>Na sc\u00e9nu byli ihned p\u0159ivol\u00e1ni diskr\u00e9tn\u00ed strani\u010dt\u00ed l\u00e9ka\u0159i, ale to nemohlo nic zm\u011bnit na v\u011bci, \u017ee to s&nbsp;prezidentem \u0161lo z&nbsp;kopce. S\u00e1m si naordinoval jako medic\u00ednu alkohol a uzav\u0159en p\u0159ed ve\u0159ejnost\u00ed se ti\u0161e pod\u00edlel na politick\u00fdch procesech.<\/p><\/blockquote>\n\n\n\n<p>Zem\u0159el v&nbsp;pades\u00e1ti \u0161esti letech a hned se prom\u011bnil v&nbsp;m\u00fdtus. Na t\u00e9ma syfilis nepadlo ani slovo, ale mo\u017en\u00e1 m\u011blo. Pohlavn\u00ed nemoc jej vlastn\u011b zachr\u00e1nila p\u0159ed \u010dernou budoucnost\u00ed. Kdyby nebyl mrtv\u00fd, asi by se v&nbsp;r\u00e1mci n\u00e1sledn\u00e9 destalinizace musel vzd\u00e1t funkce a jako hlavn\u00ed vin\u00edk zmanipulovan\u00fdch politick\u00fdch proces\u016f by \u0161el ve\u0159ejn\u011b pon\u00ed\u017een ke dnu!<\/p><br>\n\n\n\n<div class=\"wp-block-image\"><figure class=\"alignleft is-resized\"><img loading=\"lazy\" decoding=\"async\" src=\"http:\/\/www.mzone.cz\/wp-content\/uploads\/2019\/02\/titanic-james-cameron-leonardo-dicaprio-kate-winsl112-620x348.jpg\" alt=\"\" class=\"wp-image-4624\" width=\"97\" height=\"54\" srcset=\"https:\/\/www.mzone.cz\/wp-content\/uploads\/2019\/02\/titanic-james-cameron-leonardo-dicaprio-kate-winsl112-620x348.jpg 620w, https:\/\/www.mzone.cz\/wp-content\/uploads\/2019\/02\/titanic-james-cameron-leonardo-dicaprio-kate-winsl112-620x348-300x168.jpg 300w, https:\/\/www.mzone.cz\/wp-content\/uploads\/2019\/02\/titanic-james-cameron-leonardo-dicaprio-kate-winsl112-620x348-590x331.jpg 590w\" sizes=\"auto, (max-width: 97px) 100vw, 97px\" \/><\/figure><\/div>\n\n\n\n<h4><a href=\"http:\/\/www.mzone.cz\/titanic-pycha-a-pad-luxusni-zaoceanske-lodi\/\">Titanic: P\u00fdcha a p\u00e1d luxusn\u00ed zaoce\u00e1nsk\u00e9 lodi<\/a><\/h4><br>","protected":false},"excerpt":{"rendered":"<p>Kdy\u017e Kry\u0161tof Kolumbus objevil Ameriku, zajistil si v\u011b\u010dnou pozici v u\u010debnic\u00edch d\u011bjepisu. Zajist\u00e9 tehdy netu\u0161il, \u017ee se jeho jm\u00e9no d\u00edky tomu bude jednou spojovat i s jistou smrtelnou chorobou. Nov\u00fd sv\u011bt toti\u017e skr\u00fdval i sv\u00e1 nebezpe\u010d\u00ed. T\u00edm nejv\u011bt\u0161\u00edm byla pro nadr\u017een\u00e9 n\u00e1mo\u0159n\u00edky nemoc zvan\u00e1 syfilis. Zat\u00edmco domorodci n\u00e1kazu zvl\u00e1dali levou zadn\u00ed, pro Evropana znamenala rozsudek [&hellip;]<\/p>\n","protected":false},"author":4,"featured_media":3677,"comment_status":"open","ping_status":"open","sticky":false,"template":"","format":"standard","meta":{"kk_blocks_editor_width":"","_kiokenblocks_attr":"","_kiokenblocks_dimensions":"","footnotes":""},"categories":[387,25,62],"tags":[89,87,1233,1226,1227,1230,502,1228,1231,1232,1229],"class_list":["post-3674","post","type-post","status-publish","format-standard","has-post-thumbnail","hentry","category-historie","category-style","category-zdravi","tag-amerika","tag-historie","tag-krystof-kolumbus","tag-moreplavec","tag-moreplavectvi","tag-namornici","tag-nemoc","tag-objeveni-ameriky","tag-onemocneni","tag-pohlavni-choroby","tag-syfilis"],"yoast_head":"<!-- This site is optimized with the Yoast SEO plugin v27.5 - https:\/\/yoast.com\/product\/yoast-seo-wordpress\/ -->\n<title>Syfilis: Nemoc, kterou do Evropy p\u0159ivezl Kry\u0161tof Kolumbus - Mzone<\/title>\n<meta name=\"description\" content=\"Kdy\u017e Kry\u0161tof Kolumbus objevil Ameriku, zajistil si v\u011b\u010dnou pozici v u\u010debnic\u00edch d\u011bjepisu. Zajist\u00e9 tehdy netu\u0161il, \u017ee se jeho jm\u00e9no d\u00edky tomu bude jednou spojovat i s jistou smrtelnou chorobou.\" \/>\n<meta name=\"robots\" content=\"index, follow, max-snippet:-1, max-image-preview:large, max-video-preview:-1\" \/>\n<link rel=\"canonical\" href=\"https:\/\/www.mzone.cz\/en\/syfilis-nemoc-kterou-do-evropy-privezl-krystof-kolumbus\/\" \/>\n<meta property=\"og:locale\" content=\"en_US\" \/>\n<meta property=\"og:type\" content=\"article\" \/>\n<meta property=\"og:title\" content=\"Syfilis: Nemoc, kterou do Evropy p\u0159ivezl Kry\u0161tof Kolumbus - Mzone\" \/>\n<meta property=\"og:description\" content=\"Kdy\u017e Kry\u0161tof Kolumbus objevil Ameriku, zajistil si v\u011b\u010dnou pozici v u\u010debnic\u00edch d\u011bjepisu. Zajist\u00e9 tehdy netu\u0161il, \u017ee se jeho jm\u00e9no d\u00edky tomu bude jednou spojovat i s jistou smrtelnou chorobou.\" \/>\n<meta property=\"og:url\" content=\"https:\/\/www.mzone.cz\/en\/syfilis-nemoc-kterou-do-evropy-privezl-krystof-kolumbus\/\" \/>\n<meta property=\"og:site_name\" content=\"Mzone\" \/>\n<meta property=\"article:publisher\" content=\"https:\/\/www.facebook.com\/MzoneCZ\/\" \/>\n<meta property=\"article:published_time\" content=\"2024-09-08T17:00:08+00:00\" \/>\n<meta property=\"article:modified_time\" content=\"2024-09-08T17:13:45+00:00\" \/>\n<meta property=\"og:image\" content=\"https:\/\/www.mzone.cz\/wp-content\/uploads\/2019\/02\/A_case_of_tertiary_Syphilis_to_the_back_Wellcome_L0038263-1024x683.jpg\" \/>\n\t<meta property=\"og:image:width\" content=\"1024\" \/>\n\t<meta property=\"og:image:height\" content=\"683\" \/>\n\t<meta property=\"og:image:type\" content=\"image\/jpeg\" \/>\n<meta name=\"author\" content=\"Mzone\" \/>\n<meta name=\"twitter:card\" content=\"summary_large_image\" \/>\n<meta name=\"twitter:label1\" content=\"Written by\" \/>\n\t<meta name=\"twitter:data1\" content=\"Mzone\" \/>\n\t<meta name=\"twitter:label2\" content=\"Est. reading time\" \/>\n\t<meta name=\"twitter:data2\" content=\"4 minutes\" \/>\n<script type=\"application\/ld+json\" class=\"yoast-schema-graph\">{\"@context\":\"https:\\\/\\\/schema.org\",\"@graph\":[{\"@type\":\"Article\",\"@id\":\"https:\\\/\\\/www.mzone.cz\\\/syfilis-nemoc-kterou-do-evropy-privezl-krystof-kolumbus\\\/#article\",\"isPartOf\":{\"@id\":\"https:\\\/\\\/www.mzone.cz\\\/syfilis-nemoc-kterou-do-evropy-privezl-krystof-kolumbus\\\/\"},\"author\":{\"name\":\"Mzone\",\"@id\":\"https:\\\/\\\/www.mzone.cz\\\/#\\\/schema\\\/person\\\/9bc20cc422a99cac4af6ff9297da32d4\"},\"headline\":\"Syfilis: Nemoc, kterou do Evropy p\u0159ivezl Kry\u0161tof Kolumbus\",\"datePublished\":\"2024-09-08T17:00:08+00:00\",\"dateModified\":\"2024-09-08T17:13:45+00:00\",\"mainEntityOfPage\":{\"@id\":\"https:\\\/\\\/www.mzone.cz\\\/syfilis-nemoc-kterou-do-evropy-privezl-krystof-kolumbus\\\/\"},\"wordCount\":879,\"commentCount\":0,\"image\":{\"@id\":\"https:\\\/\\\/www.mzone.cz\\\/syfilis-nemoc-kterou-do-evropy-privezl-krystof-kolumbus\\\/#primaryimage\"},\"thumbnailUrl\":\"https:\\\/\\\/www.mzone.cz\\\/wp-content\\\/uploads\\\/2019\\\/02\\\/A_case_of_tertiary_Syphilis_to_the_back_Wellcome_L0038263.jpg\",\"keywords\":[\"Amerika\",\"Historie\",\"Kry\u0161tof Kolumbus\",\"mo\u0159eplavec\",\"mo\u0159eplavectv\u00ed\",\"n\u00e1mo\u0159n\u00edci\",\"nemoc\",\"objeven\u00ed Ameriky\",\"onemocn\u011bn\u00ed\",\"pohlavn\u00ed choroby\",\"syfilis\"],\"articleSection\":[\"Historie\",\"Style\",\"Zdrav\u00ed\"],\"inLanguage\":\"en-US\",\"potentialAction\":[{\"@type\":\"CommentAction\",\"name\":\"Comment\",\"target\":[\"https:\\\/\\\/www.mzone.cz\\\/syfilis-nemoc-kterou-do-evropy-privezl-krystof-kolumbus\\\/#respond\"]}]},{\"@type\":\"WebPage\",\"@id\":\"https:\\\/\\\/www.mzone.cz\\\/syfilis-nemoc-kterou-do-evropy-privezl-krystof-kolumbus\\\/\",\"url\":\"https:\\\/\\\/www.mzone.cz\\\/syfilis-nemoc-kterou-do-evropy-privezl-krystof-kolumbus\\\/\",\"name\":\"Syfilis: Nemoc, kterou do Evropy p\u0159ivezl Kry\u0161tof Kolumbus - Mzone\",\"isPartOf\":{\"@id\":\"https:\\\/\\\/www.mzone.cz\\\/#website\"},\"primaryImageOfPage\":{\"@id\":\"https:\\\/\\\/www.mzone.cz\\\/syfilis-nemoc-kterou-do-evropy-privezl-krystof-kolumbus\\\/#primaryimage\"},\"image\":{\"@id\":\"https:\\\/\\\/www.mzone.cz\\\/syfilis-nemoc-kterou-do-evropy-privezl-krystof-kolumbus\\\/#primaryimage\"},\"thumbnailUrl\":\"https:\\\/\\\/www.mzone.cz\\\/wp-content\\\/uploads\\\/2019\\\/02\\\/A_case_of_tertiary_Syphilis_to_the_back_Wellcome_L0038263.jpg\",\"datePublished\":\"2024-09-08T17:00:08+00:00\",\"dateModified\":\"2024-09-08T17:13:45+00:00\",\"author\":{\"@id\":\"https:\\\/\\\/www.mzone.cz\\\/#\\\/schema\\\/person\\\/9bc20cc422a99cac4af6ff9297da32d4\"},\"description\":\"Kdy\u017e Kry\u0161tof Kolumbus objevil Ameriku, zajistil si v\u011b\u010dnou pozici v u\u010debnic\u00edch d\u011bjepisu. Zajist\u00e9 tehdy netu\u0161il, \u017ee se jeho jm\u00e9no d\u00edky tomu bude jednou spojovat i s jistou smrtelnou chorobou.\",\"breadcrumb\":{\"@id\":\"https:\\\/\\\/www.mzone.cz\\\/syfilis-nemoc-kterou-do-evropy-privezl-krystof-kolumbus\\\/#breadcrumb\"},\"inLanguage\":\"en-US\",\"potentialAction\":[{\"@type\":\"ReadAction\",\"target\":[\"https:\\\/\\\/www.mzone.cz\\\/syfilis-nemoc-kterou-do-evropy-privezl-krystof-kolumbus\\\/\"]}]},{\"@type\":\"ImageObject\",\"inLanguage\":\"en-US\",\"@id\":\"https:\\\/\\\/www.mzone.cz\\\/syfilis-nemoc-kterou-do-evropy-privezl-krystof-kolumbus\\\/#primaryimage\",\"url\":\"https:\\\/\\\/www.mzone.cz\\\/wp-content\\\/uploads\\\/2019\\\/02\\\/A_case_of_tertiary_Syphilis_to_the_back_Wellcome_L0038263.jpg\",\"contentUrl\":\"https:\\\/\\\/www.mzone.cz\\\/wp-content\\\/uploads\\\/2019\\\/02\\\/A_case_of_tertiary_Syphilis_to_the_back_Wellcome_L0038263.jpg\",\"width\":3641,\"height\":2427},{\"@type\":\"BreadcrumbList\",\"@id\":\"https:\\\/\\\/www.mzone.cz\\\/syfilis-nemoc-kterou-do-evropy-privezl-krystof-kolumbus\\\/#breadcrumb\",\"itemListElement\":[{\"@type\":\"ListItem\",\"position\":1,\"name\":\"Dom\u016f\",\"item\":\"https:\\\/\\\/www.mzone.cz\\\/\"},{\"@type\":\"ListItem\",\"position\":2,\"name\":\"Syfilis: Nemoc, kterou do Evropy p\u0159ivezl Kry\u0161tof Kolumbus\"}]},{\"@type\":\"WebSite\",\"@id\":\"https:\\\/\\\/www.mzone.cz\\\/#website\",\"url\":\"https:\\\/\\\/www.mzone.cz\\\/\",\"name\":\"Mzone\",\"description\":\"Magaz\u00edn nejen pro mu\u017ee\",\"potentialAction\":[{\"@type\":\"SearchAction\",\"target\":{\"@type\":\"EntryPoint\",\"urlTemplate\":\"https:\\\/\\\/www.mzone.cz\\\/?s={search_term_string}\"},\"query-input\":{\"@type\":\"PropertyValueSpecification\",\"valueRequired\":true,\"valueName\":\"search_term_string\"}}],\"inLanguage\":\"en-US\"},{\"@type\":\"Person\",\"@id\":\"https:\\\/\\\/www.mzone.cz\\\/#\\\/schema\\\/person\\\/9bc20cc422a99cac4af6ff9297da32d4\",\"name\":\"Mzone\",\"image\":{\"@type\":\"ImageObject\",\"inLanguage\":\"en-US\",\"@id\":\"https:\\\/\\\/secure.gravatar.com\\\/avatar\\\/e780a8630f3182a3d06dd667ab6bea151a0d155b0951bc15fe22633acdac0676?s=96&d=mm&r=g\",\"url\":\"https:\\\/\\\/secure.gravatar.com\\\/avatar\\\/e780a8630f3182a3d06dd667ab6bea151a0d155b0951bc15fe22633acdac0676?s=96&d=mm&r=g\",\"contentUrl\":\"https:\\\/\\\/secure.gravatar.com\\\/avatar\\\/e780a8630f3182a3d06dd667ab6bea151a0d155b0951bc15fe22633acdac0676?s=96&d=mm&r=g\",\"caption\":\"Mzone\"},\"url\":\"https:\\\/\\\/www.mzone.cz\\\/en\\\/author\\\/jakub\\\/\"}]}<\/script>\n<!-- \/ Yoast SEO plugin. -->","yoast_head_json":{"title":"Syfilis: Nemoc, kterou do Evropy p\u0159ivezl Kry\u0161tof Kolumbus - Mzone","description":"Kdy\u017e Kry\u0161tof Kolumbus objevil Ameriku, zajistil si v\u011b\u010dnou pozici v u\u010debnic\u00edch d\u011bjepisu. Zajist\u00e9 tehdy netu\u0161il, \u017ee se jeho jm\u00e9no d\u00edky tomu bude jednou spojovat i s jistou smrtelnou chorobou.","robots":{"index":"index","follow":"follow","max-snippet":"max-snippet:-1","max-image-preview":"max-image-preview:large","max-video-preview":"max-video-preview:-1"},"canonical":"https:\/\/www.mzone.cz\/en\/syfilis-nemoc-kterou-do-evropy-privezl-krystof-kolumbus\/","og_locale":"en_US","og_type":"article","og_title":"Syfilis: Nemoc, kterou do Evropy p\u0159ivezl Kry\u0161tof Kolumbus - Mzone","og_description":"Kdy\u017e Kry\u0161tof Kolumbus objevil Ameriku, zajistil si v\u011b\u010dnou pozici v u\u010debnic\u00edch d\u011bjepisu. Zajist\u00e9 tehdy netu\u0161il, \u017ee se jeho jm\u00e9no d\u00edky tomu bude jednou spojovat i s jistou smrtelnou chorobou.","og_url":"https:\/\/www.mzone.cz\/en\/syfilis-nemoc-kterou-do-evropy-privezl-krystof-kolumbus\/","og_site_name":"Mzone","article_publisher":"https:\/\/www.facebook.com\/MzoneCZ\/","article_published_time":"2024-09-08T17:00:08+00:00","article_modified_time":"2024-09-08T17:13:45+00:00","og_image":[{"width":1024,"height":683,"url":"https:\/\/www.mzone.cz\/wp-content\/uploads\/2019\/02\/A_case_of_tertiary_Syphilis_to_the_back_Wellcome_L0038263-1024x683.jpg","type":"image\/jpeg"}],"author":"Mzone","twitter_card":"summary_large_image","twitter_misc":{"Written by":"Mzone","Est. reading time":"4 minutes"},"schema":{"@context":"https:\/\/schema.org","@graph":[{"@type":"Article","@id":"https:\/\/www.mzone.cz\/syfilis-nemoc-kterou-do-evropy-privezl-krystof-kolumbus\/#article","isPartOf":{"@id":"https:\/\/www.mzone.cz\/syfilis-nemoc-kterou-do-evropy-privezl-krystof-kolumbus\/"},"author":{"name":"Mzone","@id":"https:\/\/www.mzone.cz\/#\/schema\/person\/9bc20cc422a99cac4af6ff9297da32d4"},"headline":"Syfilis: Nemoc, kterou do Evropy p\u0159ivezl Kry\u0161tof Kolumbus","datePublished":"2024-09-08T17:00:08+00:00","dateModified":"2024-09-08T17:13:45+00:00","mainEntityOfPage":{"@id":"https:\/\/www.mzone.cz\/syfilis-nemoc-kterou-do-evropy-privezl-krystof-kolumbus\/"},"wordCount":879,"commentCount":0,"image":{"@id":"https:\/\/www.mzone.cz\/syfilis-nemoc-kterou-do-evropy-privezl-krystof-kolumbus\/#primaryimage"},"thumbnailUrl":"https:\/\/www.mzone.cz\/wp-content\/uploads\/2019\/02\/A_case_of_tertiary_Syphilis_to_the_back_Wellcome_L0038263.jpg","keywords":["Amerika","Historie","Kry\u0161tof Kolumbus","mo\u0159eplavec","mo\u0159eplavectv\u00ed","n\u00e1mo\u0159n\u00edci","nemoc","objeven\u00ed Ameriky","onemocn\u011bn\u00ed","pohlavn\u00ed choroby","syfilis"],"articleSection":["Historie","Style","Zdrav\u00ed"],"inLanguage":"en-US","potentialAction":[{"@type":"CommentAction","name":"Comment","target":["https:\/\/www.mzone.cz\/syfilis-nemoc-kterou-do-evropy-privezl-krystof-kolumbus\/#respond"]}]},{"@type":"WebPage","@id":"https:\/\/www.mzone.cz\/syfilis-nemoc-kterou-do-evropy-privezl-krystof-kolumbus\/","url":"https:\/\/www.mzone.cz\/syfilis-nemoc-kterou-do-evropy-privezl-krystof-kolumbus\/","name":"Syfilis: Nemoc, kterou do Evropy p\u0159ivezl Kry\u0161tof Kolumbus - Mzone","isPartOf":{"@id":"https:\/\/www.mzone.cz\/#website"},"primaryImageOfPage":{"@id":"https:\/\/www.mzone.cz\/syfilis-nemoc-kterou-do-evropy-privezl-krystof-kolumbus\/#primaryimage"},"image":{"@id":"https:\/\/www.mzone.cz\/syfilis-nemoc-kterou-do-evropy-privezl-krystof-kolumbus\/#primaryimage"},"thumbnailUrl":"https:\/\/www.mzone.cz\/wp-content\/uploads\/2019\/02\/A_case_of_tertiary_Syphilis_to_the_back_Wellcome_L0038263.jpg","datePublished":"2024-09-08T17:00:08+00:00","dateModified":"2024-09-08T17:13:45+00:00","author":{"@id":"https:\/\/www.mzone.cz\/#\/schema\/person\/9bc20cc422a99cac4af6ff9297da32d4"},"description":"Kdy\u017e Kry\u0161tof Kolumbus objevil Ameriku, zajistil si v\u011b\u010dnou pozici v u\u010debnic\u00edch d\u011bjepisu. Zajist\u00e9 tehdy netu\u0161il, \u017ee se jeho jm\u00e9no d\u00edky tomu bude jednou spojovat i s jistou smrtelnou chorobou.","breadcrumb":{"@id":"https:\/\/www.mzone.cz\/syfilis-nemoc-kterou-do-evropy-privezl-krystof-kolumbus\/#breadcrumb"},"inLanguage":"en-US","potentialAction":[{"@type":"ReadAction","target":["https:\/\/www.mzone.cz\/syfilis-nemoc-kterou-do-evropy-privezl-krystof-kolumbus\/"]}]},{"@type":"ImageObject","inLanguage":"en-US","@id":"https:\/\/www.mzone.cz\/syfilis-nemoc-kterou-do-evropy-privezl-krystof-kolumbus\/#primaryimage","url":"https:\/\/www.mzone.cz\/wp-content\/uploads\/2019\/02\/A_case_of_tertiary_Syphilis_to_the_back_Wellcome_L0038263.jpg","contentUrl":"https:\/\/www.mzone.cz\/wp-content\/uploads\/2019\/02\/A_case_of_tertiary_Syphilis_to_the_back_Wellcome_L0038263.jpg","width":3641,"height":2427},{"@type":"BreadcrumbList","@id":"https:\/\/www.mzone.cz\/syfilis-nemoc-kterou-do-evropy-privezl-krystof-kolumbus\/#breadcrumb","itemListElement":[{"@type":"ListItem","position":1,"name":"Dom\u016f","item":"https:\/\/www.mzone.cz\/"},{"@type":"ListItem","position":2,"name":"Syfilis: Nemoc, kterou do Evropy p\u0159ivezl Kry\u0161tof Kolumbus"}]},{"@type":"WebSite","@id":"https:\/\/www.mzone.cz\/#website","url":"https:\/\/www.mzone.cz\/","name":"Mzone","description":"Magaz\u00edn nejen pro mu\u017ee","potentialAction":[{"@type":"SearchAction","target":{"@type":"EntryPoint","urlTemplate":"https:\/\/www.mzone.cz\/?s={search_term_string}"},"query-input":{"@type":"PropertyValueSpecification","valueRequired":true,"valueName":"search_term_string"}}],"inLanguage":"en-US"},{"@type":"Person","@id":"https:\/\/www.mzone.cz\/#\/schema\/person\/9bc20cc422a99cac4af6ff9297da32d4","name":"Mzone","image":{"@type":"ImageObject","inLanguage":"en-US","@id":"https:\/\/secure.gravatar.com\/avatar\/e780a8630f3182a3d06dd667ab6bea151a0d155b0951bc15fe22633acdac0676?s=96&d=mm&r=g","url":"https:\/\/secure.gravatar.com\/avatar\/e780a8630f3182a3d06dd667ab6bea151a0d155b0951bc15fe22633acdac0676?s=96&d=mm&r=g","contentUrl":"https:\/\/secure.gravatar.com\/avatar\/e780a8630f3182a3d06dd667ab6bea151a0d155b0951bc15fe22633acdac0676?s=96&d=mm&r=g","caption":"Mzone"},"url":"https:\/\/www.mzone.cz\/en\/author\/jakub\/"}]}},"_links":{"self":[{"href":"https:\/\/www.mzone.cz\/en\/wp-json\/wp\/v2\/posts\/3674","targetHints":{"allow":["GET"]}}],"collection":[{"href":"https:\/\/www.mzone.cz\/en\/wp-json\/wp\/v2\/posts"}],"about":[{"href":"https:\/\/www.mzone.cz\/en\/wp-json\/wp\/v2\/types\/post"}],"author":[{"embeddable":true,"href":"https:\/\/www.mzone.cz\/en\/wp-json\/wp\/v2\/users\/4"}],"replies":[{"embeddable":true,"href":"https:\/\/www.mzone.cz\/en\/wp-json\/wp\/v2\/comments?post=3674"}],"version-history":[{"count":1,"href":"https:\/\/www.mzone.cz\/en\/wp-json\/wp\/v2\/posts\/3674\/revisions"}],"predecessor-version":[{"id":12615,"href":"https:\/\/www.mzone.cz\/en\/wp-json\/wp\/v2\/posts\/3674\/revisions\/12615"}],"wp:featuredmedia":[{"embeddable":true,"href":"https:\/\/www.mzone.cz\/en\/wp-json\/wp\/v2\/media\/3677"}],"wp:attachment":[{"href":"https:\/\/www.mzone.cz\/en\/wp-json\/wp\/v2\/media?parent=3674"}],"wp:term":[{"taxonomy":"category","embeddable":true,"href":"https:\/\/www.mzone.cz\/en\/wp-json\/wp\/v2\/categories?post=3674"},{"taxonomy":"post_tag","embeddable":true,"href":"https:\/\/www.mzone.cz\/en\/wp-json\/wp\/v2\/tags?post=3674"}],"curies":[{"name":"wp","href":"https:\/\/api.w.org\/{rel}","templated":true}]}}