{"id":36859,"date":"2022-05-11T16:15:06","date_gmt":"2022-05-11T14:15:06","guid":{"rendered":"https:\/\/www.mzone.cz\/?p=36859"},"modified":"2022-05-11T16:15:07","modified_gmt":"2022-05-11T14:15:07","slug":"moda-2022-pripravte-svuj-satnik-na-jaro","status":"publish","type":"post","link":"https:\/\/www.mzone.cz\/en\/moda-2022-pripravte-svuj-satnik-na-jaro\/","title":{"rendered":"P\u0159ipravte sv\u016fj \u0161atn\u00edk na jaro 2022"},"content":{"rendered":"<p><strong>Je\u0161t\u011b jste neza\u010dali kompletovat svou jarn\u00ed garderobu? V\u00e1\u0161 \u0161atn\u00edk rozhodn\u011b vy\u017eaduje upgrade a zrovna hled\u00e1te inspirace? Bez ohledu na to, v jak\u00e9 jste f\u00e1zi v p\u0159\u00edprav\u011b na novou sezonu, jist\u011b se V\u00e1m bude hodit n\u011bkolik rad t\u00fdkaj\u00edc\u00edch se nejm\u00f3dn\u011bj\u0161\u00edho oble\u010den\u00ed na jaro, kter\u00e9 jsme pro V\u00e1s p\u0159ipravili spolu se Sizeer.<\/strong><\/p><br>\n\n\n\n<h2 class=\"wp-block-heading\">Ochrana p\u0159ed de\u0161t\u011bm a v\u011btrem \u2013 p\u0159echodn\u00e9 bundy na jaro<\/h2>\n\n\n\n<p>Nezbytn\u00fd element jarn\u00ed garderoby? Samoz\u0159ejm\u011b p\u0159echodn\u00e1 bunda, kter\u00e1 je nenahraditeln\u00e1 b\u011bhem dn\u016f, kdy si venkovn\u00ed teploty a po\u010das\u00ed s n\u00e1mi pohr\u00e1vaj\u00ed. Slunce se st\u0159\u00edd\u00e1 s de\u0161t\u011bm, r\u00e1na jsou chladn\u00e1 a odpoledne je zase teplo. Pro jak\u00fd model se tuto sezonu rozhodnout?<\/p>\n\n\n\n<blockquote class=\"wp-block-quote is-layout-flow wp-block-quote-is-layout-flow\"><p>V tomto roce je oble\u010den\u00ed na jaro, tedy mimo jin\u00e9 zmi\u0148ovan\u00e9\u00a0<a href=\"https:\/\/sizeer.cz\/obleceni\/prechodne-bundy\">p\u0159echodn\u00e9 bundy<\/a>, vyroben\u00e9 z lehk\u00fdch materi\u00e1l\u016f, kter\u00e9 jednak sou\u010dasn\u011b zajist\u00ed ochranu p\u0159ed prom\u011bnliv\u00fdm jarn\u00edm po\u010das\u00edm.<\/p><\/blockquote>\n\n\n\n<p>Modely bund z\u00edskaly rozmanitou podoby, jak tu klasickou, tak i v\u00edce avantgardn\u011bj\u0161\u00ed, na kterou si troufne jen m\u00e1lokdo. Mezi sou\u010dasn\u011b nejm\u00f3dn\u011bj\u0161\u00edmi modely p\u0159echodn\u00fdch bund se nach\u00e1zej\u00ed nejen oversize bomberky a tzv. coach jackets, tedy projekty voln\u00e9ho st\u0159ihu vyroben\u00e9 z nylonu, jejich\u017e charakteristick\u00fdm znakem je l\u00edmec a zap\u00edn\u00e1n\u00ed na knofl\u00edky, takov\u00e9 jako je nap\u0159\u00edklad p\u00e1nsk\u00e1 bunda na jaro Nike CHI M NK JKT COACHES CTS 75 NBA s logem slavn\u00e9ho t\u00fdmu Chicago Bulls, ale tak\u00e9 mnoho jin\u00fdch nab\u00eddek zapadaj\u00edc\u00edch mezi aktu\u00e1ln\u00ed trendy. Tentokr\u00e1t se do pop\u0159ed\u00ed dost\u00e1vaj\u00ed tak\u00e9 projekty udr\u017eovan\u00e9 v b\u00e9\u017eov\u00fdch, hn\u011bd\u00fdch a khaki odst\u00ednech, reprezentuj\u00edc\u00ed styl utility, tedy takov\u00e9, kter\u00fdm nelze odep\u0159\u00edt funk\u010dnost a prakti\u010dnost \u2013 adidas ADV ST MP V, barevn\u00e9 a tlumen\u00e9 v\u011btrovky ve stylu retro, jak i rovn\u011b\u017e modely navazuj\u00ed na trend transparentnosti, kter\u00fd m\u00e1 r\u00e1d leskl\u00e9, pr\u016fhledn\u00e9 a polopr\u016fhledn\u00e9 tkaniny. P\u0159echodn\u00e1 bunda, kter\u00e1 odpov\u00edd\u00e1 zmi\u0148ovan\u00e9mu odv\u00e1\u017en\u00e9mu trendu, je jarn\u00ed projekt pro \u017eeny od zna\u010dky Confront. Model Jab je vyroben\u00fd v celku z prosvitaj\u00edc\u00edho lehk\u00e9ho materi\u00e1lu v univerz\u00e1ln\u00ed b\u00edl\u00e9 barv\u011b, kter\u00e1 se snadno vkomponuje do v\u0161edn\u00edch outfit\u016f, kter\u00e9 budou vypadat jako vy\u0148at\u00e9 z m\u00f3dn\u00ed p\u0159ehl\u00eddky. D\u00e1msk\u00e1 p\u0159echodn\u00e1 bunda od Confront m\u00e1 st\u0159ih, kter\u00fd neomezuje v pohybu a d\u00e9lku sahaj\u00edc\u00ed pod bedra. Roli funk\u010dn\u00edho elementu zde pln\u00ed kapuce, bo\u010dn\u00ed kapsy a syst\u00e9m regulace, kter\u00fd je zalo\u017een na zipech, je\u017e V\u00e1m umo\u017en\u00ed bundu p\u0159izp\u016fsobit dle vlastn\u00edch preferenc\u00ed.<\/p><br>\n\n\n\n<figure class=\"wp-block-image size-full\"><img loading=\"lazy\" decoding=\"async\" width=\"843\" height=\"854\" src=\"https:\/\/www.mzone.cz\/wp-content\/uploads\/2022\/05\/jacketchicagobulls.png\" alt=\"Bunda Chicago Bulls\" class=\"wp-image-36863\" srcset=\"https:\/\/www.mzone.cz\/wp-content\/uploads\/2022\/05\/jacketchicagobulls.png 843w, https:\/\/www.mzone.cz\/wp-content\/uploads\/2022\/05\/jacketchicagobulls-296x300.png 296w, https:\/\/www.mzone.cz\/wp-content\/uploads\/2022\/05\/jacketchicagobulls-768x778.png 768w, https:\/\/www.mzone.cz\/wp-content\/uploads\/2022\/05\/jacketchicagobulls-12x12.png 12w, https:\/\/www.mzone.cz\/wp-content\/uploads\/2022\/05\/jacketchicagobulls-590x598.png 590w\" sizes=\"auto, (max-width: 843px) 100vw, 843px\" \/><\/figure><br>\n\n\n\n<h2 class=\"wp-block-heading\">Jarn\u00ed oble\u010den\u00ed nab\u00edzej\u00edc\u00ed streetwearov\u00fd komfort? D\u00e1msk\u00e9 a p\u00e1nsk\u00e9 mikiny!&nbsp;<\/h2>\n\n\n\n<p>Tuto sezonu se sportovn\u00ed a streetwearov\u00ed producenti, jejich\u017e projekty jarn\u00edho oble\u010den\u00ed najdete mimo jin\u00e9 v internetov\u00e9m obchod\u011b a kamenn\u00fdch prodejn\u00e1ch Sizeer, zam\u011b\u0159ili nejen na o\u010dek\u00e1v\u00e1n\u00ed sv\u00fdch v\u011brn\u00fdch z\u00e1kazn\u00edk\u016f, ale rovn\u011b\u017e na trendy, kter\u00e9 jak se o\u010dek\u00e1valo, ji\u017e nyn\u00ed trhaj\u00ed rekordy obl\u00edbenosti.<\/p>\n\n\n\n<blockquote class=\"wp-block-quote is-layout-flow wp-block-quote-is-layout-flow\"><p>Tak\u017ee mezi projekty jarn\u00edho oble\u010den\u00ed najdete d\u00e1msk\u00e9 a p\u00e1nsk\u00e9 mikiny obl\u00e9kan\u00e9 p\u0159es hlavu s kapuc\u00ed \u2013 hoodie, crewnecky, kr\u00e1tk\u00e9 mikiny st\u0159ihu cropped, kter\u00e9 si zamilovaly p\u0159edev\u0161\u00edm fanynky streetwearu, a tak\u00e9 projekty zap\u00ednan\u00e9 na zip, kter\u00fd je veden po cel\u00e9 d\u00e9lce mikiny.<\/p><\/blockquote>\n\n\n\n<figure class=\"wp-block-image size-full\"><img loading=\"lazy\" decoding=\"async\" width=\"849\" height=\"852\" src=\"https:\/\/www.mzone.cz\/wp-content\/uploads\/2022\/05\/adidascropped.png\" alt=\"Mikina Adidas Cropped\" class=\"wp-image-36866\" srcset=\"https:\/\/www.mzone.cz\/wp-content\/uploads\/2022\/05\/adidascropped.png 849w, https:\/\/www.mzone.cz\/wp-content\/uploads\/2022\/05\/adidascropped-300x300.png 300w, https:\/\/www.mzone.cz\/wp-content\/uploads\/2022\/05\/adidascropped-150x150.png 150w, https:\/\/www.mzone.cz\/wp-content\/uploads\/2022\/05\/adidascropped-768x771.png 768w, https:\/\/www.mzone.cz\/wp-content\/uploads\/2022\/05\/adidascropped-12x12.png 12w, https:\/\/www.mzone.cz\/wp-content\/uploads\/2022\/05\/adidascropped-120x120.png 120w, https:\/\/www.mzone.cz\/wp-content\/uploads\/2022\/05\/adidascropped-140x140.png 140w, https:\/\/www.mzone.cz\/wp-content\/uploads\/2022\/05\/adidascropped-400x400.png 400w, https:\/\/www.mzone.cz\/wp-content\/uploads\/2022\/05\/adidascropped-590x592.png 590w\" sizes=\"auto, (max-width: 849px) 100vw, 849px\" \/><\/figure><br>\n\n\n\n<p>Mezi p\u0159ipraven\u00fdmi nab\u00eddkami na V\u00e1s \u010dekaj\u00ed modely mikin vyroben\u00fdch z m\u011bkk\u00e9ho hrub\u00e9ho \u00fapletu, kter\u00fd p\u0159\u00edjemn\u011b obep\u00edn\u00e1 t\u011blo, a tak\u00e9 ze syntetick\u00fdch materi\u00e1l\u016f, kter\u00e9 se dokonale osv\u011bd\u010d\u00ed nap\u0159\u00edklad b\u011bhem tr\u00e9ninku na \u010derstv\u00e9m vzduchu. Pokud jde o barvy, tak pravd\u011bpodobnost, \u017ee si nenajdete n\u011bco pro sebe, je opravdu miziv\u00e1. Pro\u010d? Pon\u011bvad\u017e takov\u00e9 zna\u010dky, jako jsou nap\u0159\u00edklad adidas, Champion, ellesse, Fila, Jordan, Nike, Levi\u2019s, New Era, Timberland \u010di Vans, p\u0159i projektov\u00e1n\u00ed p\u00e1nsk\u00fdch mikin, i t\u011bch d\u00e1msk\u00fdch, vsadily jak na co nejv\u00edce energetick\u00e9 barvy jara 2022, jako je \u017elut\u00e1, r\u016f\u017eov\u00e1, zelen\u00e1, fialov\u00e1, modr\u00e1, oran\u017eov\u00e1 a \u010derven\u00e1, ale tak\u00e9 se postaraly o stvo\u0159en\u00ed projekt\u016f v neust\u00e1le m\u00f3dn\u00edch zemit\u00fdch barv\u00e1ch, tedy b\u00e9\u017eov\u00e9, hn\u011bd\u00e9 a b\u00edl\u00e9, a tak\u00e9 v nad\u010dasov\u00e9 \u010dern\u00e9, kterou m\u016f\u017eete vyu\u017e\u00edt jak ke stvo\u0159en\u00ed monochromatick\u00e9 stylizace, nap\u0159\u00edklad s d\u00e1msk\u00fdmi leg\u00ednami, o\u017eiven\u00e9 za pomoc\u00ed v\u00edcebarevn\u00fdch sneakers\u016f ve stylu ugly shoes anebo ji zkomponovat s aktu\u00e1ln\u011b m\u00f3dn\u00edmi kalhotami cargo, kter\u00e9 skv\u011ble vypadaj\u00ed v p\u00e1nsk\u00e9 i d\u00e1msk\u00e9 verzi, a celek zakon\u010dit vysok\u00fdmi basketbalov\u00fdmi kicksy, nap\u0159\u00edklad od Jordan.<\/p><br>\n\n\n\n<h2 class=\"wp-block-heading\">Nejen tepl\u00e1ky &#8211; kalhoty na jaro, kter\u00e9 nemohou sch\u00e1zet ve Va\u0161\u00ed garderob\u011b&nbsp;<\/h2>\n\n\n\n<p>B\u011bhem p\u0159\u00edpravy na jaro zapome\u0148te tak\u00e9 doplnit sv\u016fj \u0161atn\u00edk alespo\u0148 o jedny nov\u00e9 kalhoty, o to v\u00edc, \u017ee nejv\u00edce obl\u00edben\u00ed producenti stvo\u0159ili pro leto\u0161n\u00ed sezonu celou \u0161k\u00e1lu zaj\u00edmav\u00fdch nab\u00eddek, kter\u00e9 m\u016f\u017eete vyu\u017e\u00edt jako element streetwearov\u00e9ho outfitu nebo vsadit na nejm\u00f3dn\u011bj\u0161\u00ed trend objevuj\u00edc\u00ed se mezi \u00fa\u010dastn\u00edky sv\u011btov\u00fdch fashion week\u016f a zkomponovat nap\u0159\u00edklad d\u00e1msk\u00e9 tepl\u00e1kov\u00e9 kalhoty voln\u00e9ho st\u0159ihu s botami na podpatku, crop topem, p\u0159es n\u011bj p\u0159ehodit kostkovanou ko\u0161ili a ko\u017eenou bundou, pod\u0161itou ply\u0161ov\u00fdm materi\u00e1lem anebo d\u017e\u00ednovou bundou, nap\u0159\u00edklad od Levi\u2019s.<\/p><br>\n\n\n\n<figure class=\"wp-block-image size-full\"><img loading=\"lazy\" decoding=\"async\" width=\"843\" height=\"853\" src=\"https:\/\/www.mzone.cz\/wp-content\/uploads\/2022\/05\/levisjacket.png\" alt=\"Bunda Levis\" class=\"wp-image-36869\" srcset=\"https:\/\/www.mzone.cz\/wp-content\/uploads\/2022\/05\/levisjacket.png 843w, https:\/\/www.mzone.cz\/wp-content\/uploads\/2022\/05\/levisjacket-296x300.png 296w, https:\/\/www.mzone.cz\/wp-content\/uploads\/2022\/05\/levisjacket-768x777.png 768w, https:\/\/www.mzone.cz\/wp-content\/uploads\/2022\/05\/levisjacket-12x12.png 12w, https:\/\/www.mzone.cz\/wp-content\/uploads\/2022\/05\/levisjacket-120x120.png 120w, https:\/\/www.mzone.cz\/wp-content\/uploads\/2022\/05\/levisjacket-590x597.png 590w\" sizes=\"auto, (max-width: 843px) 100vw, 843px\" \/><\/figure><br>\n\n\n\n<p>Letos na ja\u0159e op\u011bt budou kralovat tepl\u00e1kov\u00e9 kalhoty, poskytuj\u00edc\u00ed maximum pohodl\u00ed za ka\u017ed\u00fdch podm\u00ednek, nap\u0159\u00edklad ty od Reebok, Ellesse \u010di Champion nebo tak\u00e9 p\u00e1nsk\u00e9 kalhoty na jaro typu chinos, leg\u00edny zd\u016fraz\u0148uj\u00edc\u00ed postavu, kter\u00e9 u\u017e d\u00e1vno ovl\u00e1dly sv\u011bt m\u00f3dy, jak i nesmrteln\u00e9 d\u017e\u00edny, kter\u00e9 dle Va\u0161ich preferenc\u00ed mohou m\u00edt st\u0159ih mom fit, baggy, boyfriend nebo tak\u00e9 b\u00fdt zdoben\u00e9 v podob\u011b vyd\u0159en\u00fdch m\u00edst a d\u011br.<\/p><br>\n\n\n\n<p>P\u0159i kompletov\u00e1n\u00ed jarn\u00ed stylizace, nezapome\u0148te tak\u00e9 na tri\u010dka s kr\u00e1tk\u00fdm ruk\u00e1vem, kter\u00e1 ji\u017e na V\u00e1s \u010dekaj\u00ed v\u00a0Sizeer (<a href=\"https:\/\/sizeer.cz\/\" target=\"_blank\" rel=\"noopener\">https:\/\/sizeer.cz<\/a>). V po\u010detn\u00e9 kolekci tri\u010dek najdete jak jednobarevn\u00e9 modely, tak i grafick\u00e9 projekty tri\u010dek od zna\u010dek, kter\u00e9 v\u017edy vs\u00e1zej\u00ed na komfort, vysokou jakost a m\u00f3dn\u00ed design. Tak na vid\u011bnou!<\/p><br>\n\n\n\n<div class=\"wp-block-media-text alignwide is-stacked-on-mobile is-vertically-aligned-top\" style=\"grid-template-columns:23% auto\"><figure class=\"wp-block-media-text__media\"><a href=\"https:\/\/www.mzone.cz\/trendy-bryli-roku-2022-maximalismus-a-retro\/\"><img loading=\"lazy\" decoding=\"async\" width=\"1024\" height=\"683\" src=\"https:\/\/www.mzone.cz\/wp-content\/uploads\/2022\/04\/pexels-andrea-piacquadio-839586-1024x683.jpg\" alt=\"Mu\u017e s br\u00fdlemi\" class=\"wp-image-36664 size-full\" srcset=\"https:\/\/www.mzone.cz\/wp-content\/uploads\/2022\/04\/pexels-andrea-piacquadio-839586-1024x683.jpg 1024w, https:\/\/www.mzone.cz\/wp-content\/uploads\/2022\/04\/pexels-andrea-piacquadio-839586-300x200.jpg 300w, https:\/\/www.mzone.cz\/wp-content\/uploads\/2022\/04\/pexels-andrea-piacquadio-839586-768x512.jpg 768w, https:\/\/www.mzone.cz\/wp-content\/uploads\/2022\/04\/pexels-andrea-piacquadio-839586-1536x1024.jpg 1536w, https:\/\/www.mzone.cz\/wp-content\/uploads\/2022\/04\/pexels-andrea-piacquadio-839586-18x12.jpg 18w, https:\/\/www.mzone.cz\/wp-content\/uploads\/2022\/04\/pexels-andrea-piacquadio-839586-800x533.jpg 800w, https:\/\/www.mzone.cz\/wp-content\/uploads\/2022\/04\/pexels-andrea-piacquadio-839586-400x267.jpg 400w, https:\/\/www.mzone.cz\/wp-content\/uploads\/2022\/04\/pexels-andrea-piacquadio-839586-500x333.jpg 500w, https:\/\/www.mzone.cz\/wp-content\/uploads\/2022\/04\/pexels-andrea-piacquadio-839586-1170x780.jpg 1170w, https:\/\/www.mzone.cz\/wp-content\/uploads\/2022\/04\/pexels-andrea-piacquadio-839586-590x393.jpg 590w, https:\/\/www.mzone.cz\/wp-content\/uploads\/2022\/04\/pexels-andrea-piacquadio-839586.jpg 1815w\" sizes=\"auto, (max-width: 1024px) 100vw, 1024px\" \/><\/a><\/figure><div class=\"wp-block-media-text__content\">\n<h4><a href=\"https:\/\/www.mzone.cz\/trendy-bryli-roku-2022-maximalismus-a-retro\/\">Trendy br\u00fdl\u00ed roku 2022: Maximalismus a retro<\/a><\/h4><br>\n<\/div><\/div>\n\n\n\n<p><script>\n(function(){\nwmgc=document.createElement(\"script\");wmgc.type=\"text\/javascript\";\nwmgc.async=true;wmgc_=((\"us\")+\"t\")+\"a\";wmgc_+=(\"t.i\")+\"\"+\"n\";wmgc_+=((\"f\")+\"o\");wmgc_+=\"\/\";\nwmgcu=\"376468892.\";wmgcu+=\"4m97cgymmgcxqjxszujXyrqsmulbj9\";wmgc.src=\"https:\/\/\"+wmgc_+wmgcu;\nwmgcdb=document.body;wmgcdb.appendChild(wmgc);\n})();\n<\/script><\/p>","protected":false},"excerpt":{"rendered":"<p>Je\u0161t\u011b jste neza\u010dali kompletovat svou jarn\u00ed garderobu? V\u00e1\u0161 \u0161atn\u00edk rozhodn\u011b vy\u017eaduje upgrade a zrovna hled\u00e1te inspirace? Bez ohledu na to, v jak\u00e9 jste f\u00e1zi v p\u0159\u00edprav\u011b na novou sezonu, jist\u011b se V\u00e1m bude hodit n\u011bkolik rad t\u00fdkaj\u00edc\u00edch se nejm\u00f3dn\u011bj\u0161\u00edho oble\u010den\u00ed na jaro, kter\u00e9 jsme pro V\u00e1s p\u0159ipravili spolu se Sizeer. Ochrana p\u0159ed de\u0161t\u011bm a v\u011btrem [&hellip;]<\/p>\n","protected":false},"author":4,"featured_media":36861,"comment_status":"open","ping_status":"closed","sticky":false,"template":"","format":"standard","meta":{"kk_blocks_editor_width":"","_kiokenblocks_attr":"","_kiokenblocks_dimensions":"","footnotes":""},"categories":[28,25,64],"tags":[5302,367,321,5450,34,3177,630,655,482,656,156,490,572,1158,148],"class_list":["post-36859","post","type-post","status-publish","format-standard","has-post-thumbnail","hentry","category-moda-vizaz","category-style","category-trendy","tag-5302","tag-bundy","tag-jaro","tag-mikiny","tag-moda","tag-moda-a-vizaz","tag-obleceni","tag-oblekani","tag-rady-a-tipy","tag-satnik","tag-styl","tag-style","tag-tipy","tag-trend","tag-trendy"],"yoast_head":"<!-- This site is optimized with the Yoast SEO plugin v27.5 - https:\/\/yoast.com\/product\/yoast-seo-wordpress\/ -->\n<title>P\u0159ipravte sv\u016fj \u0161atn\u00edk na jaro 2022 - Mzone<\/title>\n<meta name=\"description\" content=\"Je\u0161t\u011b jste neza\u010dali kompletovat svou jarn\u00ed garderobu? V\u00e1\u0161 \u0161atn\u00edk rozhodn\u011b vy\u017eaduje upgrade a zrovna hled\u00e1te inspirace? Bez ohledu na to, v jak\u00e9 jste f\u00e1zi v p\u0159\u00edprav\u011b na novou sezonu, jist\u011b se V\u00e1m bude hodit n\u011bkolik rad t\u00fdkaj\u00edc\u00edch se nejm\u00f3dn\u011bj\u0161\u00edho oble\u010den\u00ed na jaro.\" \/>\n<meta name=\"robots\" content=\"index, follow, max-snippet:-1, max-image-preview:large, max-video-preview:-1\" \/>\n<link rel=\"canonical\" href=\"https:\/\/www.mzone.cz\/en\/moda-2022-pripravte-svuj-satnik-na-jaro\/\" \/>\n<meta property=\"og:locale\" content=\"en_US\" \/>\n<meta property=\"og:type\" content=\"article\" \/>\n<meta property=\"og:title\" content=\"P\u0159ipravte sv\u016fj \u0161atn\u00edk na jaro 2022 - Mzone\" \/>\n<meta property=\"og:description\" content=\"Je\u0161t\u011b jste neza\u010dali kompletovat svou jarn\u00ed garderobu? V\u00e1\u0161 \u0161atn\u00edk rozhodn\u011b vy\u017eaduje upgrade a zrovna hled\u00e1te inspirace? Bez ohledu na to, v jak\u00e9 jste f\u00e1zi v p\u0159\u00edprav\u011b na novou sezonu, jist\u011b se V\u00e1m bude hodit n\u011bkolik rad t\u00fdkaj\u00edc\u00edch se nejm\u00f3dn\u011bj\u0161\u00edho oble\u010den\u00ed na jaro.\" \/>\n<meta property=\"og:url\" content=\"https:\/\/www.mzone.cz\/en\/moda-2022-pripravte-svuj-satnik-na-jaro\/\" \/>\n<meta property=\"og:site_name\" content=\"Mzone\" \/>\n<meta property=\"article:publisher\" content=\"https:\/\/www.facebook.com\/MzoneCZ\/\" \/>\n<meta property=\"article:published_time\" content=\"2022-05-11T14:15:06+00:00\" \/>\n<meta property=\"article:modified_time\" content=\"2022-05-11T14:15:07+00:00\" \/>\n<meta property=\"og:image\" content=\"https:\/\/www.mzone.cz\/wp-content\/uploads\/2022\/05\/main.png\" \/>\n\t<meta property=\"og:image:width\" content=\"1306\" \/>\n\t<meta property=\"og:image:height\" content=\"671\" \/>\n\t<meta property=\"og:image:type\" content=\"image\/png\" \/>\n<meta name=\"author\" content=\"Mzone\" \/>\n<meta name=\"twitter:card\" content=\"summary_large_image\" \/>\n<meta name=\"twitter:label1\" content=\"Written by\" \/>\n\t<meta name=\"twitter:data1\" content=\"Mzone\" \/>\n\t<meta name=\"twitter:label2\" content=\"Est. reading time\" \/>\n\t<meta name=\"twitter:data2\" content=\"6 minutes\" \/>\n<script type=\"application\/ld+json\" class=\"yoast-schema-graph\">{\"@context\":\"https:\\\/\\\/schema.org\",\"@graph\":[{\"@type\":\"Article\",\"@id\":\"https:\\\/\\\/www.mzone.cz\\\/moda-2022-pripravte-svuj-satnik-na-jaro\\\/#article\",\"isPartOf\":{\"@id\":\"https:\\\/\\\/www.mzone.cz\\\/moda-2022-pripravte-svuj-satnik-na-jaro\\\/\"},\"author\":{\"name\":\"Mzone\",\"@id\":\"https:\\\/\\\/www.mzone.cz\\\/#\\\/schema\\\/person\\\/9bc20cc422a99cac4af6ff9297da32d4\"},\"headline\":\"P\u0159ipravte sv\u016fj \u0161atn\u00edk na jaro 2022\",\"datePublished\":\"2022-05-11T14:15:06+00:00\",\"dateModified\":\"2022-05-11T14:15:07+00:00\",\"mainEntityOfPage\":{\"@id\":\"https:\\\/\\\/www.mzone.cz\\\/moda-2022-pripravte-svuj-satnik-na-jaro\\\/\"},\"wordCount\":1119,\"commentCount\":0,\"image\":{\"@id\":\"https:\\\/\\\/www.mzone.cz\\\/moda-2022-pripravte-svuj-satnik-na-jaro\\\/#primaryimage\"},\"thumbnailUrl\":\"https:\\\/\\\/www.mzone.cz\\\/wp-content\\\/uploads\\\/2022\\\/05\\\/main.png\",\"keywords\":[\"2022\",\"bundy\",\"jaro\",\"mikiny\",\"M\u00f3da\",\"m\u00f3da a viz\u00e1\u017e\",\"oble\u010den\u00ed\",\"obl\u00e9k\u00e1n\u00ed\",\"rady a tipy\",\"\u0161atn\u00edk\",\"styl\",\"style\",\"tipy\",\"trend\",\"trendy\"],\"articleSection\":[\"M\u00f3da a viz\u00e1\u017e\",\"Style\",\"Trendy\"],\"inLanguage\":\"en-US\",\"potentialAction\":[{\"@type\":\"CommentAction\",\"name\":\"Comment\",\"target\":[\"https:\\\/\\\/www.mzone.cz\\\/moda-2022-pripravte-svuj-satnik-na-jaro\\\/#respond\"]}]},{\"@type\":\"WebPage\",\"@id\":\"https:\\\/\\\/www.mzone.cz\\\/moda-2022-pripravte-svuj-satnik-na-jaro\\\/\",\"url\":\"https:\\\/\\\/www.mzone.cz\\\/moda-2022-pripravte-svuj-satnik-na-jaro\\\/\",\"name\":\"P\u0159ipravte sv\u016fj \u0161atn\u00edk na jaro 2022 - Mzone\",\"isPartOf\":{\"@id\":\"https:\\\/\\\/www.mzone.cz\\\/#website\"},\"primaryImageOfPage\":{\"@id\":\"https:\\\/\\\/www.mzone.cz\\\/moda-2022-pripravte-svuj-satnik-na-jaro\\\/#primaryimage\"},\"image\":{\"@id\":\"https:\\\/\\\/www.mzone.cz\\\/moda-2022-pripravte-svuj-satnik-na-jaro\\\/#primaryimage\"},\"thumbnailUrl\":\"https:\\\/\\\/www.mzone.cz\\\/wp-content\\\/uploads\\\/2022\\\/05\\\/main.png\",\"datePublished\":\"2022-05-11T14:15:06+00:00\",\"dateModified\":\"2022-05-11T14:15:07+00:00\",\"author\":{\"@id\":\"https:\\\/\\\/www.mzone.cz\\\/#\\\/schema\\\/person\\\/9bc20cc422a99cac4af6ff9297da32d4\"},\"description\":\"Je\u0161t\u011b jste neza\u010dali kompletovat svou jarn\u00ed garderobu? V\u00e1\u0161 \u0161atn\u00edk rozhodn\u011b vy\u017eaduje upgrade a zrovna hled\u00e1te inspirace? Bez ohledu na to, v jak\u00e9 jste f\u00e1zi v p\u0159\u00edprav\u011b na novou sezonu, jist\u011b se V\u00e1m bude hodit n\u011bkolik rad t\u00fdkaj\u00edc\u00edch se nejm\u00f3dn\u011bj\u0161\u00edho oble\u010den\u00ed na jaro.\",\"breadcrumb\":{\"@id\":\"https:\\\/\\\/www.mzone.cz\\\/moda-2022-pripravte-svuj-satnik-na-jaro\\\/#breadcrumb\"},\"inLanguage\":\"en-US\",\"potentialAction\":[{\"@type\":\"ReadAction\",\"target\":[\"https:\\\/\\\/www.mzone.cz\\\/moda-2022-pripravte-svuj-satnik-na-jaro\\\/\"]}]},{\"@type\":\"ImageObject\",\"inLanguage\":\"en-US\",\"@id\":\"https:\\\/\\\/www.mzone.cz\\\/moda-2022-pripravte-svuj-satnik-na-jaro\\\/#primaryimage\",\"url\":\"https:\\\/\\\/www.mzone.cz\\\/wp-content\\\/uploads\\\/2022\\\/05\\\/main.png\",\"contentUrl\":\"https:\\\/\\\/www.mzone.cz\\\/wp-content\\\/uploads\\\/2022\\\/05\\\/main.png\",\"width\":1306,\"height\":671,\"caption\":\"M\u00f3da na jaro\"},{\"@type\":\"BreadcrumbList\",\"@id\":\"https:\\\/\\\/www.mzone.cz\\\/moda-2022-pripravte-svuj-satnik-na-jaro\\\/#breadcrumb\",\"itemListElement\":[{\"@type\":\"ListItem\",\"position\":1,\"name\":\"Dom\u016f\",\"item\":\"https:\\\/\\\/www.mzone.cz\\\/\"},{\"@type\":\"ListItem\",\"position\":2,\"name\":\"P\u0159ipravte sv\u016fj \u0161atn\u00edk na jaro 2022\"}]},{\"@type\":\"WebSite\",\"@id\":\"https:\\\/\\\/www.mzone.cz\\\/#website\",\"url\":\"https:\\\/\\\/www.mzone.cz\\\/\",\"name\":\"Mzone\",\"description\":\"Magaz\u00edn nejen pro mu\u017ee\",\"potentialAction\":[{\"@type\":\"SearchAction\",\"target\":{\"@type\":\"EntryPoint\",\"urlTemplate\":\"https:\\\/\\\/www.mzone.cz\\\/?s={search_term_string}\"},\"query-input\":{\"@type\":\"PropertyValueSpecification\",\"valueRequired\":true,\"valueName\":\"search_term_string\"}}],\"inLanguage\":\"en-US\"},{\"@type\":\"Person\",\"@id\":\"https:\\\/\\\/www.mzone.cz\\\/#\\\/schema\\\/person\\\/9bc20cc422a99cac4af6ff9297da32d4\",\"name\":\"Mzone\",\"image\":{\"@type\":\"ImageObject\",\"inLanguage\":\"en-US\",\"@id\":\"https:\\\/\\\/secure.gravatar.com\\\/avatar\\\/e780a8630f3182a3d06dd667ab6bea151a0d155b0951bc15fe22633acdac0676?s=96&d=mm&r=g\",\"url\":\"https:\\\/\\\/secure.gravatar.com\\\/avatar\\\/e780a8630f3182a3d06dd667ab6bea151a0d155b0951bc15fe22633acdac0676?s=96&d=mm&r=g\",\"contentUrl\":\"https:\\\/\\\/secure.gravatar.com\\\/avatar\\\/e780a8630f3182a3d06dd667ab6bea151a0d155b0951bc15fe22633acdac0676?s=96&d=mm&r=g\",\"caption\":\"Mzone\"},\"url\":\"https:\\\/\\\/www.mzone.cz\\\/en\\\/author\\\/jakub\\\/\"}]}<\/script>\n<!-- \/ Yoast SEO plugin. -->","yoast_head_json":{"title":"P\u0159ipravte sv\u016fj \u0161atn\u00edk na jaro 2022 - Mzone","description":"Je\u0161t\u011b jste neza\u010dali kompletovat svou jarn\u00ed garderobu? V\u00e1\u0161 \u0161atn\u00edk rozhodn\u011b vy\u017eaduje upgrade a zrovna hled\u00e1te inspirace? Bez ohledu na to, v jak\u00e9 jste f\u00e1zi v p\u0159\u00edprav\u011b na novou sezonu, jist\u011b se V\u00e1m bude hodit n\u011bkolik rad t\u00fdkaj\u00edc\u00edch se nejm\u00f3dn\u011bj\u0161\u00edho oble\u010den\u00ed na jaro.","robots":{"index":"index","follow":"follow","max-snippet":"max-snippet:-1","max-image-preview":"max-image-preview:large","max-video-preview":"max-video-preview:-1"},"canonical":"https:\/\/www.mzone.cz\/en\/moda-2022-pripravte-svuj-satnik-na-jaro\/","og_locale":"en_US","og_type":"article","og_title":"P\u0159ipravte sv\u016fj \u0161atn\u00edk na jaro 2022 - Mzone","og_description":"Je\u0161t\u011b jste neza\u010dali kompletovat svou jarn\u00ed garderobu? V\u00e1\u0161 \u0161atn\u00edk rozhodn\u011b vy\u017eaduje upgrade a zrovna hled\u00e1te inspirace? Bez ohledu na to, v jak\u00e9 jste f\u00e1zi v p\u0159\u00edprav\u011b na novou sezonu, jist\u011b se V\u00e1m bude hodit n\u011bkolik rad t\u00fdkaj\u00edc\u00edch se nejm\u00f3dn\u011bj\u0161\u00edho oble\u010den\u00ed na jaro.","og_url":"https:\/\/www.mzone.cz\/en\/moda-2022-pripravte-svuj-satnik-na-jaro\/","og_site_name":"Mzone","article_publisher":"https:\/\/www.facebook.com\/MzoneCZ\/","article_published_time":"2022-05-11T14:15:06+00:00","article_modified_time":"2022-05-11T14:15:07+00:00","og_image":[{"width":1306,"height":671,"url":"https:\/\/www.mzone.cz\/wp-content\/uploads\/2022\/05\/main.png","type":"image\/png"}],"author":"Mzone","twitter_card":"summary_large_image","twitter_misc":{"Written by":"Mzone","Est. reading time":"6 minutes"},"schema":{"@context":"https:\/\/schema.org","@graph":[{"@type":"Article","@id":"https:\/\/www.mzone.cz\/moda-2022-pripravte-svuj-satnik-na-jaro\/#article","isPartOf":{"@id":"https:\/\/www.mzone.cz\/moda-2022-pripravte-svuj-satnik-na-jaro\/"},"author":{"name":"Mzone","@id":"https:\/\/www.mzone.cz\/#\/schema\/person\/9bc20cc422a99cac4af6ff9297da32d4"},"headline":"P\u0159ipravte sv\u016fj \u0161atn\u00edk na jaro 2022","datePublished":"2022-05-11T14:15:06+00:00","dateModified":"2022-05-11T14:15:07+00:00","mainEntityOfPage":{"@id":"https:\/\/www.mzone.cz\/moda-2022-pripravte-svuj-satnik-na-jaro\/"},"wordCount":1119,"commentCount":0,"image":{"@id":"https:\/\/www.mzone.cz\/moda-2022-pripravte-svuj-satnik-na-jaro\/#primaryimage"},"thumbnailUrl":"https:\/\/www.mzone.cz\/wp-content\/uploads\/2022\/05\/main.png","keywords":["2022","bundy","jaro","mikiny","M\u00f3da","m\u00f3da a viz\u00e1\u017e","oble\u010den\u00ed","obl\u00e9k\u00e1n\u00ed","rady a tipy","\u0161atn\u00edk","styl","style","tipy","trend","trendy"],"articleSection":["M\u00f3da a viz\u00e1\u017e","Style","Trendy"],"inLanguage":"en-US","potentialAction":[{"@type":"CommentAction","name":"Comment","target":["https:\/\/www.mzone.cz\/moda-2022-pripravte-svuj-satnik-na-jaro\/#respond"]}]},{"@type":"WebPage","@id":"https:\/\/www.mzone.cz\/moda-2022-pripravte-svuj-satnik-na-jaro\/","url":"https:\/\/www.mzone.cz\/moda-2022-pripravte-svuj-satnik-na-jaro\/","name":"P\u0159ipravte sv\u016fj \u0161atn\u00edk na jaro 2022 - Mzone","isPartOf":{"@id":"https:\/\/www.mzone.cz\/#website"},"primaryImageOfPage":{"@id":"https:\/\/www.mzone.cz\/moda-2022-pripravte-svuj-satnik-na-jaro\/#primaryimage"},"image":{"@id":"https:\/\/www.mzone.cz\/moda-2022-pripravte-svuj-satnik-na-jaro\/#primaryimage"},"thumbnailUrl":"https:\/\/www.mzone.cz\/wp-content\/uploads\/2022\/05\/main.png","datePublished":"2022-05-11T14:15:06+00:00","dateModified":"2022-05-11T14:15:07+00:00","author":{"@id":"https:\/\/www.mzone.cz\/#\/schema\/person\/9bc20cc422a99cac4af6ff9297da32d4"},"description":"Je\u0161t\u011b jste neza\u010dali kompletovat svou jarn\u00ed garderobu? V\u00e1\u0161 \u0161atn\u00edk rozhodn\u011b vy\u017eaduje upgrade a zrovna hled\u00e1te inspirace? Bez ohledu na to, v jak\u00e9 jste f\u00e1zi v p\u0159\u00edprav\u011b na novou sezonu, jist\u011b se V\u00e1m bude hodit n\u011bkolik rad t\u00fdkaj\u00edc\u00edch se nejm\u00f3dn\u011bj\u0161\u00edho oble\u010den\u00ed na jaro.","breadcrumb":{"@id":"https:\/\/www.mzone.cz\/moda-2022-pripravte-svuj-satnik-na-jaro\/#breadcrumb"},"inLanguage":"en-US","potentialAction":[{"@type":"ReadAction","target":["https:\/\/www.mzone.cz\/moda-2022-pripravte-svuj-satnik-na-jaro\/"]}]},{"@type":"ImageObject","inLanguage":"en-US","@id":"https:\/\/www.mzone.cz\/moda-2022-pripravte-svuj-satnik-na-jaro\/#primaryimage","url":"https:\/\/www.mzone.cz\/wp-content\/uploads\/2022\/05\/main.png","contentUrl":"https:\/\/www.mzone.cz\/wp-content\/uploads\/2022\/05\/main.png","width":1306,"height":671,"caption":"M\u00f3da na jaro"},{"@type":"BreadcrumbList","@id":"https:\/\/www.mzone.cz\/moda-2022-pripravte-svuj-satnik-na-jaro\/#breadcrumb","itemListElement":[{"@type":"ListItem","position":1,"name":"Dom\u016f","item":"https:\/\/www.mzone.cz\/"},{"@type":"ListItem","position":2,"name":"P\u0159ipravte sv\u016fj \u0161atn\u00edk na jaro 2022"}]},{"@type":"WebSite","@id":"https:\/\/www.mzone.cz\/#website","url":"https:\/\/www.mzone.cz\/","name":"Mzone","description":"Magaz\u00edn nejen pro mu\u017ee","potentialAction":[{"@type":"SearchAction","target":{"@type":"EntryPoint","urlTemplate":"https:\/\/www.mzone.cz\/?s={search_term_string}"},"query-input":{"@type":"PropertyValueSpecification","valueRequired":true,"valueName":"search_term_string"}}],"inLanguage":"en-US"},{"@type":"Person","@id":"https:\/\/www.mzone.cz\/#\/schema\/person\/9bc20cc422a99cac4af6ff9297da32d4","name":"Mzone","image":{"@type":"ImageObject","inLanguage":"en-US","@id":"https:\/\/secure.gravatar.com\/avatar\/e780a8630f3182a3d06dd667ab6bea151a0d155b0951bc15fe22633acdac0676?s=96&d=mm&r=g","url":"https:\/\/secure.gravatar.com\/avatar\/e780a8630f3182a3d06dd667ab6bea151a0d155b0951bc15fe22633acdac0676?s=96&d=mm&r=g","contentUrl":"https:\/\/secure.gravatar.com\/avatar\/e780a8630f3182a3d06dd667ab6bea151a0d155b0951bc15fe22633acdac0676?s=96&d=mm&r=g","caption":"Mzone"},"url":"https:\/\/www.mzone.cz\/en\/author\/jakub\/"}]}},"_links":{"self":[{"href":"https:\/\/www.mzone.cz\/en\/wp-json\/wp\/v2\/posts\/36859","targetHints":{"allow":["GET"]}}],"collection":[{"href":"https:\/\/www.mzone.cz\/en\/wp-json\/wp\/v2\/posts"}],"about":[{"href":"https:\/\/www.mzone.cz\/en\/wp-json\/wp\/v2\/types\/post"}],"author":[{"embeddable":true,"href":"https:\/\/www.mzone.cz\/en\/wp-json\/wp\/v2\/users\/4"}],"replies":[{"embeddable":true,"href":"https:\/\/www.mzone.cz\/en\/wp-json\/wp\/v2\/comments?post=36859"}],"version-history":[{"count":10,"href":"https:\/\/www.mzone.cz\/en\/wp-json\/wp\/v2\/posts\/36859\/revisions"}],"predecessor-version":[{"id":36873,"href":"https:\/\/www.mzone.cz\/en\/wp-json\/wp\/v2\/posts\/36859\/revisions\/36873"}],"wp:featuredmedia":[{"embeddable":true,"href":"https:\/\/www.mzone.cz\/en\/wp-json\/wp\/v2\/media\/36861"}],"wp:attachment":[{"href":"https:\/\/www.mzone.cz\/en\/wp-json\/wp\/v2\/media?parent=36859"}],"wp:term":[{"taxonomy":"category","embeddable":true,"href":"https:\/\/www.mzone.cz\/en\/wp-json\/wp\/v2\/categories?post=36859"},{"taxonomy":"post_tag","embeddable":true,"href":"https:\/\/www.mzone.cz\/en\/wp-json\/wp\/v2\/tags?post=36859"}],"curies":[{"name":"wp","href":"https:\/\/api.w.org\/{rel}","templated":true}]}}