{"id":37121,"date":"2022-06-11T05:00:00","date_gmt":"2022-06-11T03:00:00","guid":{"rendered":"https:\/\/www.mzone.cz\/?p=37121"},"modified":"2022-06-08T20:14:55","modified_gmt":"2022-06-08T18:14:55","slug":"nova-znacka-telefonu-tecno-laka-na-na-moderni-design-i-vyjimecny-fotoaparat","status":"publish","type":"post","link":"https:\/\/www.mzone.cz\/en\/nova-znacka-telefonu-tecno-laka-na-na-moderni-design-i-vyjimecny-fotoaparat\/","title":{"rendered":"Nov\u00e1 zna\u010dka telefon\u016f Tecno l\u00e1k\u00e1 na na modern\u00ed design i v\u00fdjime\u010dn\u00fd fotoapar\u00e1t"},"content":{"rendered":"<p><strong>Na n\u00e1\u0161 trh vstoupila nov\u00e1 zna\u010dka mobiln\u00edch telefon\u016f Tecno. Zakl\u00e1d\u00e1 si na kvalitn\u00edch fotoapar\u00e1tech, neot\u0159el\u00e9m designu a skv\u011bl\u00e9m pom\u011bru ceny a v\u00fdkonu. Zna\u010dka k n\u00e1m vstoupila hned se dv\u011bma \u0159adami smartphon\u016f \u2013 Camon a Spark. Ka\u017ed\u00fd z celkov\u011b p\u011bti model\u016f je dostupn\u00fd ve dvou barevn\u00fdch variant\u00e1ch.<\/strong><\/p><br>\n\n\n\n<p>Zna\u010dka telefon\u016f Tecno vznikla v roce 2006 v \u010d\u00ednsk\u00e9m \u0160en-\u010denu a \u0159\u00edd\u00ed se heslem \u201eStop At Nothing&#8221; (Nezastavit se p\u0159ed ni\u010d\u00edm). C\u00edlem zna\u010dky je zp\u0159\u00edstupnit nejlep\u0161\u00ed sou\u010dasn\u00e9 technologie a nab\u00eddnout stylov\u011b navr\u017een\u00e9 inteligentn\u00ed produkty i n\u00e1ro\u010dn\u011bj\u0161\u00edm z\u00e1kazn\u00edk\u016fm.\u00a0<\/p>\n\n\n\n<blockquote class=\"wp-block-quote is-layout-flow wp-block-quote-is-layout-flow\"><p>Tecno se zam\u011b\u0159uje na kvalitu sv\u00fdch fotoapar\u00e1t\u016f a stylov\u00fd design, kter\u00fd p\u0159ekvap\u00ed sv\u00fdm mladistv\u00fdm vzhledem, d\u00edky kter\u00e9mu bude ka\u017ed\u00fd za hv\u011bzdu na s\u00edt\u00edch i mimo n\u011b.\u00a0<\/p><\/blockquote>\n\n\n\n<p>Trendy \u017eivotn\u00ed styl a sv\u011bt nekone\u010dn\u00fdch mo\u017enost\u00ed p\u0159in\u00e1\u0161\u00ed Tecno na n\u00e1\u0161 trh hned se dv\u011bma modelov\u00fdmi \u0159adami Camon a Spark. Celkov\u011b p\u0159edstavuje p\u011bt stylov\u00fdch produkt\u016f v r\u016fzn\u00fdch cenov\u00fdch hladin\u00e1ch tak, aby si vybral opravdu ka\u017ed\u00fd.<\/p><br>\n\n\n\n<h2 class=\"wp-block-heading\">Hv\u011bzdn\u00fd fotoapar\u00e1t<\/h2>\n\n\n\n<p>Tecno s\u00e9rie Camon se zam\u011b\u0159uje na perfektn\u00ed sn\u00edmky v t\u00e9 nejvy\u0161\u0161\u00ed kvalit\u011b nebo na nejnov\u011bj\u0161\u00ed technologie v oblasti mobiln\u00edho focen\u00ed. U n\u00e1s tuto \u0159adu reprezentuj\u00ed modely Camon 18 a Camon 18 Premier.<\/p><br>\n\n\n\n<figure class=\"wp-block-image size-large\"><img loading=\"lazy\" decoding=\"async\" width=\"1024\" height=\"974\" src=\"https:\/\/www.mzone.cz\/wp-content\/uploads\/2022\/06\/TECNO-Camon-18-Premier-Vast-Sky-01-1024x974.jpg\" alt=\"Tecno Camon 18 Premier\" class=\"wp-image-37130\" srcset=\"https:\/\/www.mzone.cz\/wp-content\/uploads\/2022\/06\/TECNO-Camon-18-Premier-Vast-Sky-01-1024x974.jpg 1024w, https:\/\/www.mzone.cz\/wp-content\/uploads\/2022\/06\/TECNO-Camon-18-Premier-Vast-Sky-01-300x285.jpg 300w, https:\/\/www.mzone.cz\/wp-content\/uploads\/2022\/06\/TECNO-Camon-18-Premier-Vast-Sky-01-768x730.jpg 768w, https:\/\/www.mzone.cz\/wp-content\/uploads\/2022\/06\/TECNO-Camon-18-Premier-Vast-Sky-01-13x12.jpg 13w, https:\/\/www.mzone.cz\/wp-content\/uploads\/2022\/06\/TECNO-Camon-18-Premier-Vast-Sky-01-590x561.jpg 590w, https:\/\/www.mzone.cz\/wp-content\/uploads\/2022\/06\/TECNO-Camon-18-Premier-Vast-Sky-01.jpg 1450w\" sizes=\"auto, (max-width: 1024px) 100vw, 1024px\" \/><\/figure><br>\n\n\n\n<p>V oblasti fotografov\u00e1n\u00ed a videa vynik\u00e1 p\u0159edev\u0161\u00edm telefon Tecno Camon 18 Premier (na obr\u00e1zku v\u00fd\u0161e). Na zadn\u00ed stran\u011b smartphonu je trojit\u00e1 fotosoustava v \u010dele se 64MPx hlavn\u00edm objektivem, kter\u00fd je stvo\u0159en\u00fd pro opravdu ostr\u00e9 sn\u00edmky i za zhor\u0161en\u00fdch sv\u011bteln\u00fdch podm\u00ednek.<\/p>\n\n\n\n<blockquote class=\"wp-block-quote is-layout-flow wp-block-quote-is-layout-flow\"><p>Opticky stabilizovan\u00fd 12MPx \u0161iroko\u00fahl\u00fd fotoapar\u00e1t zajist\u00ed, aby videa v pohybu byla bez rozt\u0159esen\u00fdch z\u00e1b\u011br\u016f. Telefon disponuje 8MPx teleobjektivem s p\u011btin\u00e1sobn\u00fdm optick\u00fdm zoomem a a\u017e \u0161edes\u00e1tin\u00e1sobn\u00fdm digit\u00e1ln\u00edm zoomem, kter\u00fd za v\u00e1s p\u0159ibl\u00ed\u017e\u00ed i ty nejvzd\u00e1len\u011bj\u0161\u00ed objekty, a to v p\u0159ekvapuj\u00edc\u00ed kvalit\u011b.\u00a0<\/p><\/blockquote>\n\n\n\n<p>P\u0159i nat\u00e1\u010den\u00ed vide\u00ed si lze pohr\u00e1t nap\u0159\u00edklad s re\u017eimem slow motion. Videa je mo\u017en\u00e9 rovnou upravovat ve vestav\u011bn\u00e9m a origin\u00e1ln\u00edm editoru. U\u017e \u017e\u00e1dn\u00e9 zbyte\u010dn\u00e9 p\u0159epos\u00edl\u00e1n\u00ed na extern\u00ed \u00falo\u017ei\u0161t\u011b. B\u011bhem p\u00e1r klik\u016f sest\u0159\u00edh\u00e1te, uprav\u00edte a zve\u0159ejn\u00edte video p\u0159\u00edmo z chytr\u00e9ho Camon 18 Premier.<\/p><br>\n\n\n\n<p>Dal\u0161\u00ed model z t\u00e9to \u0159ady, Tecno Camon 18, pou\u017e\u00edv\u00e1 k po\u0159izov\u00e1n\u00ed sn\u00edmk\u016f a vide\u00ed trojit\u00fd multifunk\u010dn\u00ed fotoapar\u00e1t s rozli\u0161en\u00edm 48 megapixel\u016f. Chytr\u00fd telefon vynik\u00e1 tak\u00e9 schopnost\u00ed po\u0159izovat poutav\u00e9 no\u010dn\u00ed z\u00e1b\u011bry nebo videa s rozost\u0159en\u00fdm pozad\u00edm. Dal\u0161\u00edmi fotoapar\u00e1ty je hloubkov\u00fd objektiv s rozli\u0161en\u00edm 2 MPx a 2MPx makro objektiv. Dok\u00e1\u017ee skv\u011ble zvl\u00e1dat v\u0161echny situace od rodinn\u00e9ho focen\u00ed p\u0159es um\u011bleck\u00e9 foto, street foto a\u017e po n\u00e1ro\u010dn\u00e9 sportovn\u00ed z\u00e1b\u011bry.<\/p><br>\n\n\n\n<figure class=\"wp-block-image size-large\"><img loading=\"lazy\" decoding=\"async\" width=\"987\" height=\"1024\" src=\"https:\/\/www.mzone.cz\/wp-content\/uploads\/2022\/06\/Tecno-Camon-18-Ceramic-White_01-987x1024.jpg\" alt=\"Tecno Camon 18\" class=\"wp-image-37135\" srcset=\"https:\/\/www.mzone.cz\/wp-content\/uploads\/2022\/06\/Tecno-Camon-18-Ceramic-White_01-987x1024.jpg 987w, https:\/\/www.mzone.cz\/wp-content\/uploads\/2022\/06\/Tecno-Camon-18-Ceramic-White_01-289x300.jpg 289w, https:\/\/www.mzone.cz\/wp-content\/uploads\/2022\/06\/Tecno-Camon-18-Ceramic-White_01-768x797.jpg 768w, https:\/\/www.mzone.cz\/wp-content\/uploads\/2022\/06\/Tecno-Camon-18-Ceramic-White_01-12x12.jpg 12w, https:\/\/www.mzone.cz\/wp-content\/uploads\/2022\/06\/Tecno-Camon-18-Ceramic-White_01-963x999.jpg 963w, https:\/\/www.mzone.cz\/wp-content\/uploads\/2022\/06\/Tecno-Camon-18-Ceramic-White_01-590x612.jpg 590w, https:\/\/www.mzone.cz\/wp-content\/uploads\/2022\/06\/Tecno-Camon-18-Ceramic-White_01.jpg 1388w\" sizes=\"auto, (max-width: 987px) 100vw, 987px\" \/><\/figure><br>\n\n\n\n<h2 class=\"wp-block-heading\">Modern\u00ed design, kter\u00fd zaujme na prvn\u00ed pohled<\/h2>\n\n\n\n<p>Na sv\u00e9 si p\u0159ijdou i p\u0159\u00edznivci bly\u0161tiv\u00e9ho designu, Tecno Camon 18 Premier m\u00e1 toti\u017e zadn\u00ed \u010d\u00e1st tvo\u0159enou ze skla. Telefon je \u0161ikovn\u00fdm spole\u010dn\u00edkem na cesty, v\u00e1\u017e\u00ed pouh\u00fdch 200 g, a proto\u017ee je tenk\u00fd jen 8,2 mm, vejde se v\u00e1m i do ka\u017ed\u00e9 ta\u0161ky \u010di kapsy.<\/p><br>\n\n\n\n<p>K dost\u00e1n\u00ed je krom\u011b \u010dern\u00e9 tak\u00e9 v barv\u011b Vast Sky, kter\u00e1 p\u0159ipom\u00edn\u00e1 modrou oblohu. Ani model Tecno Camon 18 nez\u016fstal bez dvoubarevn\u00e9ho proveden\u00ed a lze vyb\u00edrat mezi Ceramic White, kr\u00e1snou b\u00edlou, nebo Dusk Gray, kter\u00e1 p\u0159ipom\u00edn\u00e1 sv\u011btle \u0161edou barvu nebe za \u00fasvitu.<\/p><br>\n\n\n\n<h2 class=\"wp-block-heading\">Vybere si ka\u017ed\u00fd<\/h2>\n\n\n\n<p>Smartphony Tecno st\u0159edn\u00ed a ni\u017e\u0161\u00ed t\u0159\u00eddy jsou vhodn\u00e9 t\u0159eba pro d\u011bti, nebo kohokoliv, kdo si chce po\u0159\u00eddit kvalitn\u00ed telefon sp\u00ed\u0161 se z\u00e1kladn\u00ed v\u00fdbavou za dostupnou cenu. Na na\u0161em trhu je reprezentuje \u0159ada Tecno Spark s modely Spark 8, Spark 8 T a Spark 8 Pro. V\u0161echny modely jsou vybaven\u00e9 ve sv\u00e9 kategorii nadpr\u016fm\u011brn\u011b kvalitn\u00edm displejem. Du\u00e1ln\u00ed i trojit\u00fd fotoapar\u00e1t zajist\u00ed skv\u011bl\u00e9 portr\u00e9tn\u00ed sn\u00edmky, panoramata nebo t\u0159eba selfie.<\/p><br>\n\n\n\n<figure class=\"wp-block-image size-large\"><img loading=\"lazy\" decoding=\"async\" width=\"1010\" height=\"1024\" src=\"https:\/\/www.mzone.cz\/wp-content\/uploads\/2022\/06\/Tecno-Spark-8-Pro-Turqoise-Cayene-01-1010x1024.jpg\" alt=\"Tecno Spark 8\" class=\"wp-image-37142\" srcset=\"https:\/\/www.mzone.cz\/wp-content\/uploads\/2022\/06\/Tecno-Spark-8-Pro-Turqoise-Cayene-01-1010x1024.jpg 1010w, https:\/\/www.mzone.cz\/wp-content\/uploads\/2022\/06\/Tecno-Spark-8-Pro-Turqoise-Cayene-01-296x300.jpg 296w, https:\/\/www.mzone.cz\/wp-content\/uploads\/2022\/06\/Tecno-Spark-8-Pro-Turqoise-Cayene-01-768x779.jpg 768w, https:\/\/www.mzone.cz\/wp-content\/uploads\/2022\/06\/Tecno-Spark-8-Pro-Turqoise-Cayene-01-1515x1536.jpg 1515w, https:\/\/www.mzone.cz\/wp-content\/uploads\/2022\/06\/Tecno-Spark-8-Pro-Turqoise-Cayene-01-2020x2048.jpg 2020w, https:\/\/www.mzone.cz\/wp-content\/uploads\/2022\/06\/Tecno-Spark-8-Pro-Turqoise-Cayene-01-12x12.jpg 12w, https:\/\/www.mzone.cz\/wp-content\/uploads\/2022\/06\/Tecno-Spark-8-Pro-Turqoise-Cayene-01-985x999.jpg 985w, https:\/\/www.mzone.cz\/wp-content\/uploads\/2022\/06\/Tecno-Spark-8-Pro-Turqoise-Cayene-01-590x598.jpg 590w\" sizes=\"auto, (max-width: 1010px) 100vw, 1010px\" \/><\/figure><br>\n\n\n\n<p>Na milovn\u00edky barev zna\u010dka Tecno nezapomn\u011bla ani u t\u00e9to \u0159ady. Chytr\u00e9 telefony Spark jsou dostupn\u00e9 hned v n\u011bkolika designov\u00fdch proveden\u00edch. Ty odv\u00e1\u017en\u011bj\u0161\u00ed zaujmou v barv\u011b Turquise Cyan, kter\u00e1 p\u0159ipom\u00edn\u00e1 t\u0159pytiv\u00e9 azurov\u011b modr\u00e9 mo\u0159e, klasici s\u00e1hnou po elegantn\u00ed \u010dern\u00e9 nazvan\u00e9 Interstellar black.<\/p>\n\n\n\n<blockquote class=\"wp-block-quote is-layout-flow wp-block-quote-is-layout-flow\"><p>Telefon Tecno Spark 8 Pro lze po\u0159\u00eddit za hezk\u00fdch 3 999 K\u010d, Tecno Spark 8T za 3 499 K\u010d a Tecno Spark 8 zakoup\u00edte za 2 999 K\u010d.\u00a0<\/p><\/blockquote>\n\n\n\n<p>Tecno smartphony b\u011b\u017e\u00ed na OS Android, kter\u00fd je dopln\u011bn\u00fd o vlastn\u00ed u\u017eivatelsky p\u0159\u00edv\u011btivou nadstavbu HiOS. Ovl\u00e1d\u00e1n\u00ed telefonu tak bude velmi p\u0159\u00edjemn\u00e9 a snadn\u00e9. Nadstavba tak\u00e9 nab\u00edz\u00ed d\u016fle\u017eit\u00e1 bezpe\u010dnostn\u00ed vylep\u0161en\u00ed. Moment\u00e1ln\u011b se HiOS \u0159ad\u00ed mezi nejlep\u0161\u00ed Androidov\u00e9 nadstavby na trhu. V\u011bt\u0161ina model\u016f tak\u00e9 podporuje NFC, v\u0161echny maj\u00ed zabudovan\u00fd Bluetooth a dal\u0161\u00ed mo\u017enosti konektivity, na kter\u00e9 jsme v\u0161ichni zvykl\u00ed. Tak co na n\u011b \u0159\u00edk\u00e1te?<\/p><br>\n\n\n\n<div class=\"wp-block-media-text alignwide is-stacked-on-mobile is-vertically-aligned-top\" style=\"grid-template-columns:24% auto\"><figure class=\"wp-block-media-text__media\"><a href=\"https:\/\/www.mzone.cz\/huawei-nova-9-idealni-nastroj-pro-hrani-her\/\"><img loading=\"lazy\" decoding=\"async\" width=\"1024\" height=\"683\" src=\"https:\/\/www.mzone.cz\/wp-content\/uploads\/2021\/12\/Huawei-Nova-9-1024x683.jpg\" alt=\"Huawei Nova 9\" class=\"wp-image-34553 size-full\" srcset=\"https:\/\/www.mzone.cz\/wp-content\/uploads\/2021\/12\/Huawei-Nova-9-1024x683.jpg 1024w, https:\/\/www.mzone.cz\/wp-content\/uploads\/2021\/12\/Huawei-Nova-9-300x200.jpg 300w, https:\/\/www.mzone.cz\/wp-content\/uploads\/2021\/12\/Huawei-Nova-9-768x512.jpg 768w, https:\/\/www.mzone.cz\/wp-content\/uploads\/2021\/12\/Huawei-Nova-9-1536x1024.jpg 1536w, https:\/\/www.mzone.cz\/wp-content\/uploads\/2021\/12\/Huawei-Nova-9-2048x1366.jpg 2048w, https:\/\/www.mzone.cz\/wp-content\/uploads\/2021\/12\/Huawei-Nova-9-18x12.jpg 18w, https:\/\/www.mzone.cz\/wp-content\/uploads\/2021\/12\/Huawei-Nova-9-800x533.jpg 800w, https:\/\/www.mzone.cz\/wp-content\/uploads\/2021\/12\/Huawei-Nova-9-400x267.jpg 400w, https:\/\/www.mzone.cz\/wp-content\/uploads\/2021\/12\/Huawei-Nova-9-500x333.jpg 500w, https:\/\/www.mzone.cz\/wp-content\/uploads\/2021\/12\/Huawei-Nova-9-1170x780.jpg 1170w, https:\/\/www.mzone.cz\/wp-content\/uploads\/2021\/12\/Huawei-Nova-9-590x393.jpg 590w\" sizes=\"auto, (max-width: 1024px) 100vw, 1024px\" \/><\/a><\/figure><div class=\"wp-block-media-text__content\">\n<h4><a href=\"https:\/\/www.mzone.cz\/huawei-nova-9-idealni-nastroj-pro-hrani-her\/\">Huawei Nova 9: Ide\u00e1ln\u00ed n\u00e1stroj pro hran\u00ed her<\/a><\/h4><br>\n<\/div><\/div>\n\n\n\n<p><\/p>","protected":false},"excerpt":{"rendered":"<p>Na n\u00e1\u0161 trh vstoupila nov\u00e1 zna\u010dka mobiln\u00edch telefon\u016f Tecno. Zakl\u00e1d\u00e1 si na kvalitn\u00edch fotoapar\u00e1tech, neot\u0159el\u00e9m designu a skv\u011bl\u00e9m pom\u011bru ceny a v\u00fdkonu. Zna\u010dka k n\u00e1m vstoupila hned se dv\u011bma \u0159adami smartphon\u016f \u2013 Camon a Spark. Ka\u017ed\u00fd z celkov\u011b p\u011bti model\u016f je dostupn\u00fd ve dvou barevn\u00fdch variant\u00e1ch. Zna\u010dka telefon\u016f Tecno vznikla v roce 2006 v \u010d\u00ednsk\u00e9m [&hellip;]<\/p>\n","protected":false},"author":4,"featured_media":37126,"comment_status":"open","ping_status":"closed","sticky":false,"template":"","format":"standard","meta":{"kk_blocks_editor_width":"","_kiokenblocks_attr":"","_kiokenblocks_dimensions":"","footnotes":""},"categories":[66,65],"tags":[4018,691,3985,160,3986,3625,3624,1676,16,317,3991,434,5469,164,4250],"class_list":["post-37121","post","type-post","status-publish","format-standard","has-post-thumbnail","hentry","category-elektro","category-technika","tag-chytre-telefony","tag-elektro","tag-elektronika","tag-mobil","tag-mobilni-telefon","tag-mobilni-telefony","tag-mobily","tag-nova-znacka","tag-novinka","tag-novinky","tag-smartphone","tag-technika","tag-tecno","tag-telefon","tag-telefony"],"yoast_head":"<!-- This site is optimized with the Yoast SEO plugin v27.5 - https:\/\/yoast.com\/product\/yoast-seo-wordpress\/ -->\n<title>Nov\u00e1 zna\u010dka telefon\u016f Tecno l\u00e1k\u00e1 na na modern\u00ed design i v\u00fdjime\u010dn\u00fd fotoapar\u00e1t - Mzone<\/title>\n<meta name=\"description\" content=\"Na n\u00e1\u0161 trh vstoupila nov\u00e1 zna\u010dka mobiln\u00edch telefon\u016f Tecno. Zakl\u00e1d\u00e1 si na kvalitn\u00edch fotoapar\u00e1tech, neot\u0159el\u00e9m designu a skv\u011bl\u00e9m pom\u011bru ceny a v\u00fdkonu.\" \/>\n<meta name=\"robots\" content=\"index, follow, max-snippet:-1, max-image-preview:large, max-video-preview:-1\" \/>\n<link rel=\"canonical\" href=\"https:\/\/www.mzone.cz\/en\/nova-znacka-telefonu-tecno-laka-na-na-moderni-design-i-vyjimecny-fotoaparat\/\" \/>\n<meta property=\"og:locale\" content=\"en_US\" \/>\n<meta property=\"og:type\" content=\"article\" \/>\n<meta property=\"og:title\" content=\"Nov\u00e1 zna\u010dka telefon\u016f Tecno l\u00e1k\u00e1 na na modern\u00ed design i v\u00fdjime\u010dn\u00fd fotoapar\u00e1t - Mzone\" \/>\n<meta property=\"og:description\" content=\"Na n\u00e1\u0161 trh vstoupila nov\u00e1 zna\u010dka mobiln\u00edch telefon\u016f Tecno. Zakl\u00e1d\u00e1 si na kvalitn\u00edch fotoapar\u00e1tech, neot\u0159el\u00e9m designu a skv\u011bl\u00e9m pom\u011bru ceny a v\u00fdkonu.\" \/>\n<meta property=\"og:url\" content=\"https:\/\/www.mzone.cz\/en\/nova-znacka-telefonu-tecno-laka-na-na-moderni-design-i-vyjimecny-fotoaparat\/\" \/>\n<meta property=\"og:site_name\" content=\"Mzone\" \/>\n<meta property=\"article:publisher\" content=\"https:\/\/www.facebook.com\/MzoneCZ\/\" \/>\n<meta property=\"article:published_time\" content=\"2022-06-11T03:00:00+00:00\" \/>\n<meta property=\"og:image\" content=\"https:\/\/www.mzone.cz\/wp-content\/uploads\/2022\/06\/Telefon-Tecno-scaled.jpg\" \/>\n\t<meta property=\"og:image:width\" content=\"2560\" \/>\n\t<meta property=\"og:image:height\" content=\"1706\" \/>\n\t<meta property=\"og:image:type\" content=\"image\/jpeg\" \/>\n<meta name=\"author\" content=\"Mzone\" \/>\n<meta name=\"twitter:card\" content=\"summary_large_image\" \/>\n<meta name=\"twitter:label1\" content=\"Written by\" \/>\n\t<meta name=\"twitter:data1\" content=\"Mzone\" \/>\n\t<meta name=\"twitter:label2\" content=\"Est. reading time\" \/>\n\t<meta name=\"twitter:data2\" content=\"5 minutes\" \/>\n<script type=\"application\/ld+json\" class=\"yoast-schema-graph\">{\"@context\":\"https:\\\/\\\/schema.org\",\"@graph\":[{\"@type\":\"Article\",\"@id\":\"https:\\\/\\\/www.mzone.cz\\\/nova-znacka-telefonu-tecno-laka-na-na-moderni-design-i-vyjimecny-fotoaparat\\\/#article\",\"isPartOf\":{\"@id\":\"https:\\\/\\\/www.mzone.cz\\\/nova-znacka-telefonu-tecno-laka-na-na-moderni-design-i-vyjimecny-fotoaparat\\\/\"},\"author\":{\"name\":\"Mzone\",\"@id\":\"https:\\\/\\\/www.mzone.cz\\\/#\\\/schema\\\/person\\\/9bc20cc422a99cac4af6ff9297da32d4\"},\"headline\":\"Nov\u00e1 zna\u010dka telefon\u016f Tecno l\u00e1k\u00e1 na na modern\u00ed design i v\u00fdjime\u010dn\u00fd fotoapar\u00e1t\",\"datePublished\":\"2022-06-11T03:00:00+00:00\",\"mainEntityOfPage\":{\"@id\":\"https:\\\/\\\/www.mzone.cz\\\/nova-znacka-telefonu-tecno-laka-na-na-moderni-design-i-vyjimecny-fotoaparat\\\/\"},\"wordCount\":903,\"commentCount\":1,\"image\":{\"@id\":\"https:\\\/\\\/www.mzone.cz\\\/nova-znacka-telefonu-tecno-laka-na-na-moderni-design-i-vyjimecny-fotoaparat\\\/#primaryimage\"},\"thumbnailUrl\":\"https:\\\/\\\/www.mzone.cz\\\/wp-content\\\/uploads\\\/2022\\\/06\\\/Telefon-Tecno-scaled.jpg\",\"keywords\":[\"chytr\u00e9 telefony\",\"elektro\",\"elektronika\",\"mobil\",\"mobiln\u00ed telefon\",\"mobiln\u00ed telefony\",\"mobily\",\"nov\u00e1 zna\u010dka\",\"Novinka\",\"novinky\",\"smartphone\",\"technika\",\"Tecno\",\"telefon\",\"telefony\"],\"articleSection\":[\"Elektro\",\"Technika\"],\"inLanguage\":\"en-US\",\"potentialAction\":[{\"@type\":\"CommentAction\",\"name\":\"Comment\",\"target\":[\"https:\\\/\\\/www.mzone.cz\\\/nova-znacka-telefonu-tecno-laka-na-na-moderni-design-i-vyjimecny-fotoaparat\\\/#respond\"]}]},{\"@type\":\"WebPage\",\"@id\":\"https:\\\/\\\/www.mzone.cz\\\/nova-znacka-telefonu-tecno-laka-na-na-moderni-design-i-vyjimecny-fotoaparat\\\/\",\"url\":\"https:\\\/\\\/www.mzone.cz\\\/nova-znacka-telefonu-tecno-laka-na-na-moderni-design-i-vyjimecny-fotoaparat\\\/\",\"name\":\"Nov\u00e1 zna\u010dka telefon\u016f Tecno l\u00e1k\u00e1 na na modern\u00ed design i v\u00fdjime\u010dn\u00fd fotoapar\u00e1t - Mzone\",\"isPartOf\":{\"@id\":\"https:\\\/\\\/www.mzone.cz\\\/#website\"},\"primaryImageOfPage\":{\"@id\":\"https:\\\/\\\/www.mzone.cz\\\/nova-znacka-telefonu-tecno-laka-na-na-moderni-design-i-vyjimecny-fotoaparat\\\/#primaryimage\"},\"image\":{\"@id\":\"https:\\\/\\\/www.mzone.cz\\\/nova-znacka-telefonu-tecno-laka-na-na-moderni-design-i-vyjimecny-fotoaparat\\\/#primaryimage\"},\"thumbnailUrl\":\"https:\\\/\\\/www.mzone.cz\\\/wp-content\\\/uploads\\\/2022\\\/06\\\/Telefon-Tecno-scaled.jpg\",\"datePublished\":\"2022-06-11T03:00:00+00:00\",\"author\":{\"@id\":\"https:\\\/\\\/www.mzone.cz\\\/#\\\/schema\\\/person\\\/9bc20cc422a99cac4af6ff9297da32d4\"},\"description\":\"Na n\u00e1\u0161 trh vstoupila nov\u00e1 zna\u010dka mobiln\u00edch telefon\u016f Tecno. Zakl\u00e1d\u00e1 si na kvalitn\u00edch fotoapar\u00e1tech, neot\u0159el\u00e9m designu a skv\u011bl\u00e9m pom\u011bru ceny a v\u00fdkonu.\",\"breadcrumb\":{\"@id\":\"https:\\\/\\\/www.mzone.cz\\\/nova-znacka-telefonu-tecno-laka-na-na-moderni-design-i-vyjimecny-fotoaparat\\\/#breadcrumb\"},\"inLanguage\":\"en-US\",\"potentialAction\":[{\"@type\":\"ReadAction\",\"target\":[\"https:\\\/\\\/www.mzone.cz\\\/nova-znacka-telefonu-tecno-laka-na-na-moderni-design-i-vyjimecny-fotoaparat\\\/\"]}]},{\"@type\":\"ImageObject\",\"inLanguage\":\"en-US\",\"@id\":\"https:\\\/\\\/www.mzone.cz\\\/nova-znacka-telefonu-tecno-laka-na-na-moderni-design-i-vyjimecny-fotoaparat\\\/#primaryimage\",\"url\":\"https:\\\/\\\/www.mzone.cz\\\/wp-content\\\/uploads\\\/2022\\\/06\\\/Telefon-Tecno-scaled.jpg\",\"contentUrl\":\"https:\\\/\\\/www.mzone.cz\\\/wp-content\\\/uploads\\\/2022\\\/06\\\/Telefon-Tecno-scaled.jpg\",\"width\":2560,\"height\":1706,\"caption\":\"Telefon Tecno\"},{\"@type\":\"BreadcrumbList\",\"@id\":\"https:\\\/\\\/www.mzone.cz\\\/nova-znacka-telefonu-tecno-laka-na-na-moderni-design-i-vyjimecny-fotoaparat\\\/#breadcrumb\",\"itemListElement\":[{\"@type\":\"ListItem\",\"position\":1,\"name\":\"Dom\u016f\",\"item\":\"https:\\\/\\\/www.mzone.cz\\\/\"},{\"@type\":\"ListItem\",\"position\":2,\"name\":\"Nov\u00e1 zna\u010dka telefon\u016f Tecno l\u00e1k\u00e1 na na modern\u00ed design i v\u00fdjime\u010dn\u00fd fotoapar\u00e1t\"}]},{\"@type\":\"WebSite\",\"@id\":\"https:\\\/\\\/www.mzone.cz\\\/#website\",\"url\":\"https:\\\/\\\/www.mzone.cz\\\/\",\"name\":\"Mzone\",\"description\":\"Magaz\u00edn nejen pro mu\u017ee\",\"potentialAction\":[{\"@type\":\"SearchAction\",\"target\":{\"@type\":\"EntryPoint\",\"urlTemplate\":\"https:\\\/\\\/www.mzone.cz\\\/?s={search_term_string}\"},\"query-input\":{\"@type\":\"PropertyValueSpecification\",\"valueRequired\":true,\"valueName\":\"search_term_string\"}}],\"inLanguage\":\"en-US\"},{\"@type\":\"Person\",\"@id\":\"https:\\\/\\\/www.mzone.cz\\\/#\\\/schema\\\/person\\\/9bc20cc422a99cac4af6ff9297da32d4\",\"name\":\"Mzone\",\"image\":{\"@type\":\"ImageObject\",\"inLanguage\":\"en-US\",\"@id\":\"https:\\\/\\\/secure.gravatar.com\\\/avatar\\\/e780a8630f3182a3d06dd667ab6bea151a0d155b0951bc15fe22633acdac0676?s=96&d=mm&r=g\",\"url\":\"https:\\\/\\\/secure.gravatar.com\\\/avatar\\\/e780a8630f3182a3d06dd667ab6bea151a0d155b0951bc15fe22633acdac0676?s=96&d=mm&r=g\",\"contentUrl\":\"https:\\\/\\\/secure.gravatar.com\\\/avatar\\\/e780a8630f3182a3d06dd667ab6bea151a0d155b0951bc15fe22633acdac0676?s=96&d=mm&r=g\",\"caption\":\"Mzone\"},\"url\":\"https:\\\/\\\/www.mzone.cz\\\/en\\\/author\\\/jakub\\\/\"}]}<\/script>\n<!-- \/ Yoast SEO plugin. -->","yoast_head_json":{"title":"Nov\u00e1 zna\u010dka telefon\u016f Tecno l\u00e1k\u00e1 na na modern\u00ed design i v\u00fdjime\u010dn\u00fd fotoapar\u00e1t - Mzone","description":"Na n\u00e1\u0161 trh vstoupila nov\u00e1 zna\u010dka mobiln\u00edch telefon\u016f Tecno. Zakl\u00e1d\u00e1 si na kvalitn\u00edch fotoapar\u00e1tech, neot\u0159el\u00e9m designu a skv\u011bl\u00e9m pom\u011bru ceny a v\u00fdkonu.","robots":{"index":"index","follow":"follow","max-snippet":"max-snippet:-1","max-image-preview":"max-image-preview:large","max-video-preview":"max-video-preview:-1"},"canonical":"https:\/\/www.mzone.cz\/en\/nova-znacka-telefonu-tecno-laka-na-na-moderni-design-i-vyjimecny-fotoaparat\/","og_locale":"en_US","og_type":"article","og_title":"Nov\u00e1 zna\u010dka telefon\u016f Tecno l\u00e1k\u00e1 na na modern\u00ed design i v\u00fdjime\u010dn\u00fd fotoapar\u00e1t - Mzone","og_description":"Na n\u00e1\u0161 trh vstoupila nov\u00e1 zna\u010dka mobiln\u00edch telefon\u016f Tecno. Zakl\u00e1d\u00e1 si na kvalitn\u00edch fotoapar\u00e1tech, neot\u0159el\u00e9m designu a skv\u011bl\u00e9m pom\u011bru ceny a v\u00fdkonu.","og_url":"https:\/\/www.mzone.cz\/en\/nova-znacka-telefonu-tecno-laka-na-na-moderni-design-i-vyjimecny-fotoaparat\/","og_site_name":"Mzone","article_publisher":"https:\/\/www.facebook.com\/MzoneCZ\/","article_published_time":"2022-06-11T03:00:00+00:00","og_image":[{"width":2560,"height":1706,"url":"https:\/\/www.mzone.cz\/wp-content\/uploads\/2022\/06\/Telefon-Tecno-scaled.jpg","type":"image\/jpeg"}],"author":"Mzone","twitter_card":"summary_large_image","twitter_misc":{"Written by":"Mzone","Est. reading time":"5 minutes"},"schema":{"@context":"https:\/\/schema.org","@graph":[{"@type":"Article","@id":"https:\/\/www.mzone.cz\/nova-znacka-telefonu-tecno-laka-na-na-moderni-design-i-vyjimecny-fotoaparat\/#article","isPartOf":{"@id":"https:\/\/www.mzone.cz\/nova-znacka-telefonu-tecno-laka-na-na-moderni-design-i-vyjimecny-fotoaparat\/"},"author":{"name":"Mzone","@id":"https:\/\/www.mzone.cz\/#\/schema\/person\/9bc20cc422a99cac4af6ff9297da32d4"},"headline":"Nov\u00e1 zna\u010dka telefon\u016f Tecno l\u00e1k\u00e1 na na modern\u00ed design i v\u00fdjime\u010dn\u00fd fotoapar\u00e1t","datePublished":"2022-06-11T03:00:00+00:00","mainEntityOfPage":{"@id":"https:\/\/www.mzone.cz\/nova-znacka-telefonu-tecno-laka-na-na-moderni-design-i-vyjimecny-fotoaparat\/"},"wordCount":903,"commentCount":1,"image":{"@id":"https:\/\/www.mzone.cz\/nova-znacka-telefonu-tecno-laka-na-na-moderni-design-i-vyjimecny-fotoaparat\/#primaryimage"},"thumbnailUrl":"https:\/\/www.mzone.cz\/wp-content\/uploads\/2022\/06\/Telefon-Tecno-scaled.jpg","keywords":["chytr\u00e9 telefony","elektro","elektronika","mobil","mobiln\u00ed telefon","mobiln\u00ed telefony","mobily","nov\u00e1 zna\u010dka","Novinka","novinky","smartphone","technika","Tecno","telefon","telefony"],"articleSection":["Elektro","Technika"],"inLanguage":"en-US","potentialAction":[{"@type":"CommentAction","name":"Comment","target":["https:\/\/www.mzone.cz\/nova-znacka-telefonu-tecno-laka-na-na-moderni-design-i-vyjimecny-fotoaparat\/#respond"]}]},{"@type":"WebPage","@id":"https:\/\/www.mzone.cz\/nova-znacka-telefonu-tecno-laka-na-na-moderni-design-i-vyjimecny-fotoaparat\/","url":"https:\/\/www.mzone.cz\/nova-znacka-telefonu-tecno-laka-na-na-moderni-design-i-vyjimecny-fotoaparat\/","name":"Nov\u00e1 zna\u010dka telefon\u016f Tecno l\u00e1k\u00e1 na na modern\u00ed design i v\u00fdjime\u010dn\u00fd fotoapar\u00e1t - Mzone","isPartOf":{"@id":"https:\/\/www.mzone.cz\/#website"},"primaryImageOfPage":{"@id":"https:\/\/www.mzone.cz\/nova-znacka-telefonu-tecno-laka-na-na-moderni-design-i-vyjimecny-fotoaparat\/#primaryimage"},"image":{"@id":"https:\/\/www.mzone.cz\/nova-znacka-telefonu-tecno-laka-na-na-moderni-design-i-vyjimecny-fotoaparat\/#primaryimage"},"thumbnailUrl":"https:\/\/www.mzone.cz\/wp-content\/uploads\/2022\/06\/Telefon-Tecno-scaled.jpg","datePublished":"2022-06-11T03:00:00+00:00","author":{"@id":"https:\/\/www.mzone.cz\/#\/schema\/person\/9bc20cc422a99cac4af6ff9297da32d4"},"description":"Na n\u00e1\u0161 trh vstoupila nov\u00e1 zna\u010dka mobiln\u00edch telefon\u016f Tecno. Zakl\u00e1d\u00e1 si na kvalitn\u00edch fotoapar\u00e1tech, neot\u0159el\u00e9m designu a skv\u011bl\u00e9m pom\u011bru ceny a v\u00fdkonu.","breadcrumb":{"@id":"https:\/\/www.mzone.cz\/nova-znacka-telefonu-tecno-laka-na-na-moderni-design-i-vyjimecny-fotoaparat\/#breadcrumb"},"inLanguage":"en-US","potentialAction":[{"@type":"ReadAction","target":["https:\/\/www.mzone.cz\/nova-znacka-telefonu-tecno-laka-na-na-moderni-design-i-vyjimecny-fotoaparat\/"]}]},{"@type":"ImageObject","inLanguage":"en-US","@id":"https:\/\/www.mzone.cz\/nova-znacka-telefonu-tecno-laka-na-na-moderni-design-i-vyjimecny-fotoaparat\/#primaryimage","url":"https:\/\/www.mzone.cz\/wp-content\/uploads\/2022\/06\/Telefon-Tecno-scaled.jpg","contentUrl":"https:\/\/www.mzone.cz\/wp-content\/uploads\/2022\/06\/Telefon-Tecno-scaled.jpg","width":2560,"height":1706,"caption":"Telefon Tecno"},{"@type":"BreadcrumbList","@id":"https:\/\/www.mzone.cz\/nova-znacka-telefonu-tecno-laka-na-na-moderni-design-i-vyjimecny-fotoaparat\/#breadcrumb","itemListElement":[{"@type":"ListItem","position":1,"name":"Dom\u016f","item":"https:\/\/www.mzone.cz\/"},{"@type":"ListItem","position":2,"name":"Nov\u00e1 zna\u010dka telefon\u016f Tecno l\u00e1k\u00e1 na na modern\u00ed design i v\u00fdjime\u010dn\u00fd fotoapar\u00e1t"}]},{"@type":"WebSite","@id":"https:\/\/www.mzone.cz\/#website","url":"https:\/\/www.mzone.cz\/","name":"Mzone","description":"Magaz\u00edn nejen pro mu\u017ee","potentialAction":[{"@type":"SearchAction","target":{"@type":"EntryPoint","urlTemplate":"https:\/\/www.mzone.cz\/?s={search_term_string}"},"query-input":{"@type":"PropertyValueSpecification","valueRequired":true,"valueName":"search_term_string"}}],"inLanguage":"en-US"},{"@type":"Person","@id":"https:\/\/www.mzone.cz\/#\/schema\/person\/9bc20cc422a99cac4af6ff9297da32d4","name":"Mzone","image":{"@type":"ImageObject","inLanguage":"en-US","@id":"https:\/\/secure.gravatar.com\/avatar\/e780a8630f3182a3d06dd667ab6bea151a0d155b0951bc15fe22633acdac0676?s=96&d=mm&r=g","url":"https:\/\/secure.gravatar.com\/avatar\/e780a8630f3182a3d06dd667ab6bea151a0d155b0951bc15fe22633acdac0676?s=96&d=mm&r=g","contentUrl":"https:\/\/secure.gravatar.com\/avatar\/e780a8630f3182a3d06dd667ab6bea151a0d155b0951bc15fe22633acdac0676?s=96&d=mm&r=g","caption":"Mzone"},"url":"https:\/\/www.mzone.cz\/en\/author\/jakub\/"}]}},"_links":{"self":[{"href":"https:\/\/www.mzone.cz\/en\/wp-json\/wp\/v2\/posts\/37121","targetHints":{"allow":["GET"]}}],"collection":[{"href":"https:\/\/www.mzone.cz\/en\/wp-json\/wp\/v2\/posts"}],"about":[{"href":"https:\/\/www.mzone.cz\/en\/wp-json\/wp\/v2\/types\/post"}],"author":[{"embeddable":true,"href":"https:\/\/www.mzone.cz\/en\/wp-json\/wp\/v2\/users\/4"}],"replies":[{"embeddable":true,"href":"https:\/\/www.mzone.cz\/en\/wp-json\/wp\/v2\/comments?post=37121"}],"version-history":[{"count":17,"href":"https:\/\/www.mzone.cz\/en\/wp-json\/wp\/v2\/posts\/37121\/revisions"}],"predecessor-version":[{"id":37153,"href":"https:\/\/www.mzone.cz\/en\/wp-json\/wp\/v2\/posts\/37121\/revisions\/37153"}],"wp:featuredmedia":[{"embeddable":true,"href":"https:\/\/www.mzone.cz\/en\/wp-json\/wp\/v2\/media\/37126"}],"wp:attachment":[{"href":"https:\/\/www.mzone.cz\/en\/wp-json\/wp\/v2\/media?parent=37121"}],"wp:term":[{"taxonomy":"category","embeddable":true,"href":"https:\/\/www.mzone.cz\/en\/wp-json\/wp\/v2\/categories?post=37121"},{"taxonomy":"post_tag","embeddable":true,"href":"https:\/\/www.mzone.cz\/en\/wp-json\/wp\/v2\/tags?post=37121"}],"curies":[{"name":"wp","href":"https:\/\/api.w.org\/{rel}","templated":true}]}}