{"id":37657,"date":"2022-08-16T12:15:06","date_gmt":"2022-08-16T10:15:06","guid":{"rendered":"https:\/\/www.mzone.cz\/?p=37657"},"modified":"2022-08-16T12:16:31","modified_gmt":"2022-08-16T10:16:31","slug":"napor-na-psychiku-pocituji-zamestnanci","status":"publish","type":"post","link":"https:\/\/www.mzone.cz\/en\/napor-na-psychiku-pocituji-zamestnanci\/","title":{"rendered":"Zv\u00fd\u0161en\u00fd n\u00e1por na psychiku poci\u0165uje 69 % zam\u011bstnanc\u016f. Pouze 16 % respondent\u016f tento probl\u00e9m nem\u00e1"},"content":{"rendered":"<p><strong>Posledn\u00ed dva roky p\u0159inesly zv\u00fd\u0161en\u00fd tlak na psychiku mnoha lid\u00ed. Po pandemick\u00e9 situaci n\u011bkter\u00fdm z nich kles\u00e1 \u017eivotn\u00ed \u00farove\u0148 kv\u016fli r\u016fstu \u017eivotn\u00edch n\u00e1klad\u016f. Do \u017eivota jim zasahuje v\u00edce z\u00e1va\u017en\u00fdch stresov\u00fdch vliv\u016f, ne\u017e byli zvykl\u00ed. Anketa pracovn\u00edho port\u00e1lu Profesia.cz zji\u0161\u0165ovala, zda zam\u011bstnanci poci\u0165uj\u00ed v sou\u010dasn\u00e9 dob\u011b zv\u00fd\u0161en\u00fd n\u00e1por na psychiku.<\/strong><\/p><br>\n\n\n\n<p>Ve zv\u00fd\u0161en\u00e9 m\u00ed\u0159e jej vn\u00edm\u00e1 69 % respondent\u016f. Na 30 % z nich dol\u00e9haj\u00ed zejm\u00e9na finan\u010dn\u00ed probl\u00e9my v souvislosti s r\u016fstem cen energi\u00ed, inflac\u00ed a v\u0161eobecn\u00fdm zdra\u017eov\u00e1n\u00edm. 24 % respondent\u016f uvedlo, \u017ee nejv\u00edce jejich psychiku poznamenala pandemie a na 15 % odpov\u00eddaj\u00edc\u00edch nejv\u00edce dol\u00e9h\u00e1 v\u00e1le\u010dn\u00fd konflikt na Ukrajin\u011b. 15 % zam\u011bstnanc\u016f nehodnot\u00ed tento vliv jako z\u00e1sadn\u00ed a 16 % z nich n\u00e1por na psychiku nepoci\u0165uje.<\/p>\n\n\n\n<blockquote class=\"wp-block-quote is-layout-flow wp-block-quote-is-layout-flow\"><p>Ji\u017e v\u00edce ne\u017e dva roky \u010del\u00edme ud\u00e1lostem a probl\u00e9m\u016fm, kter\u00e9 maj\u00ed negativn\u00ed vliv na kvalitu \u017eivota. Pandemie, r\u016fst cen energi\u00ed a pohonn\u00fdch hmot, v\u00e1le\u010dn\u00fd konflikt a v\u00fdrazn\u00fd r\u016fst inflace jsou faktory, kter\u00e9 nem\u016f\u017eeme p\u0159\u00edli\u0161 ovlivnit. Ty naru\u0161uj\u00ed b\u011b\u017en\u00e9 fungov\u00e1n\u00ed lid\u00ed, kte\u0159\u00ed poci\u0165uj\u00ed nejistotu, nespokojenost, vztek a obavy.<\/p><\/blockquote>\n\n\n\n<p>\u201eDlouhodob\u00fd a stup\u0148uj\u00edc\u00ed se psychick\u00fd tlak vede v \u010cR k v\u00fdznamn\u00e9mu n\u00e1r\u016fstu v\u00fdskytu du\u0161evn\u00edch poruch. Podle informac\u00ed N\u00e1rodn\u00edho \u00fastavu du\u0161evn\u00edho zdrav\u00ed v souvislosti s pandemi\u00ed covid-19 vzrostl v\u00fdskyt du\u0161evn\u00edch onemocn\u011bn\u00ed u dosp\u011bl\u00e9 populace \u010cR na t\u00e9m\u011b\u0159 30 %. Du\u0161evn\u00ed nemoci jsou pak po nemocech pohybov\u00e9ho apar\u00e1tu druhou nej\u010dast\u011bj\u0161\u00ed zdravotn\u00ed p\u0159\u00ed\u010dinou ztr\u00e1ty zam\u011bstn\u00e1n\u00ed,\u201c \u0159\u00edk\u00e1 Martin Steiner z BNP Paribas Cardif a dod\u00e1v\u00e1: \u201ePoji\u0161t\u011bn\u00ed schopnosti spl\u00e1cet sv\u00e9 z\u00e1vazky proto nar\u016fst\u00e1 na v\u00fdznamu i z d\u016fvodu, \u017ee kryje rizika du\u0161evn\u00edch nemoc\u00ed, jako jsou deprese \u010di syndrom vyho\u0159en\u00ed. Pokud tyto probl\u00e9my zabr\u00e1n\u00ed \u010dlov\u011bku v pr\u00e1ci a dostane se do pot\u00ed\u017e\u00ed se spl\u00e1cen\u00edm sv\u00fdch z\u00e1vazk\u016f, uhrad\u00edme jeho spl\u00e1tky \u00fav\u011bru.\u201c<\/p><br>\n\n\n\n<figure class=\"wp-block-image size-large\"><img loading=\"lazy\" decoding=\"async\" width=\"1024\" height=\"683\" src=\"https:\/\/www.mzone.cz\/wp-content\/uploads\/2018\/04\/blurred-background-daytime-depression-897817-1024x683.jpg\" alt=\"Stres\" class=\"wp-image-825\" srcset=\"https:\/\/www.mzone.cz\/wp-content\/uploads\/2018\/04\/blurred-background-daytime-depression-897817-1024x683.jpg 1024w, https:\/\/www.mzone.cz\/wp-content\/uploads\/2018\/04\/blurred-background-daytime-depression-897817-300x200.jpg 300w, https:\/\/www.mzone.cz\/wp-content\/uploads\/2018\/04\/blurred-background-daytime-depression-897817-768x512.jpg 768w, https:\/\/www.mzone.cz\/wp-content\/uploads\/2018\/04\/blurred-background-daytime-depression-897817-800x533.jpg 800w, https:\/\/www.mzone.cz\/wp-content\/uploads\/2018\/04\/blurred-background-daytime-depression-897817-400x267.jpg 400w, https:\/\/www.mzone.cz\/wp-content\/uploads\/2018\/04\/blurred-background-daytime-depression-897817-500x333.jpg 500w, https:\/\/www.mzone.cz\/wp-content\/uploads\/2018\/04\/blurred-background-daytime-depression-897817-1170x780.jpg 1170w, https:\/\/www.mzone.cz\/wp-content\/uploads\/2018\/04\/blurred-background-daytime-depression-897817-590x393.jpg 590w\" sizes=\"auto, (max-width: 1024px) 100vw, 1024px\" \/><\/figure><br>\n\n\n\n<h2 class=\"wp-block-heading\"><strong>Pot\u0159eby zam\u011bstnanc\u016f jako priorita<\/strong><\/h2>\n\n\n\n<p>Podle n\u00e1zoru psycholog\u016f to m\u00e1 a bude m\u00edt vliv i na pracovn\u00ed v\u00fdkonnost zam\u011bstnanc\u016f. \u00daloha HR je v tomto ohledu v\u00fdznamn\u00e1. Pro st\u00e1le v\u00edce zam\u011bstnanc\u016f je d\u016fle\u017eit\u00e9 to, jak\u00e1 je atmosf\u00e9ra na pracovi\u0161ti, zda se c\u00edt\u00ed b\u00fdt sou\u010d\u00e1st\u00ed kolektivu, zda zam\u011bstnavatel m\u00e1 z\u00e1jem je podpo\u0159it. Aktivn\u00ed naslouch\u00e1n\u00ed pot\u0159eb\u00e1m zam\u011bstnanc\u016f se tak dost\u00e1v\u00e1 do pop\u0159ed\u00ed z\u00e1jmu HR odd\u011blen\u00ed. V r\u00e1mci jarn\u00edho pr\u016fzkumu HR Pulse pracovn\u00edho port\u00e1lu Profesia.cz to uvedlo v\u00edce ne\u017e 48 % personalist\u016f z \u010desk\u00fdch firem. V\u00edce ne\u017e p\u011btina z nich d\u00e1le vid\u00ed jako prioritu podporu zam\u011bstnanc\u016f, 15 % pak podporu psychick\u00e9ho zdrav\u00ed a pohody zam\u011bstnanc\u016f.<\/p><br>\n\n\n\n<p>\u201eAtmosf\u00e9ra na pracovi\u0161ti moment\u00e1ln\u011b pat\u0159\u00ed k faktor\u016fm, kter\u00e9 ovliv\u0148uj\u00ed spokojenost zam\u011bstnanc\u016f, jejich psychickou pohodu. Budov\u00e1n\u00ed firemn\u00ed kultury, stmelov\u00e1n\u00ed t\u00fdm\u016f a aktivn\u00ed podpora kvalitn\u00edch mezilidsk\u00fdch vztah\u016f na pracovi\u0161ti je pro n\u00e1s kl\u00ed\u010dov\u00fdm faktorem, kter\u00fd podle n\u00e1s ovliv\u0148uje soun\u00e1le\u017eitost lid\u00ed s firmou, a v kone\u010dn\u00e9m d\u016fsledku i fluktuaci. Jako dynamicky rostouc\u00ed spole\u010dnost tak pokl\u00e1d\u00e1me za d\u016fle\u017eit\u00e9 vytvo\u0159it silnou firemn\u00ed kulturu a kvalitn\u00ed kolektiv,\u201c \u0159\u00edk\u00e1 Jitka Jetlebov\u00e1, HR \u0159editelka spole\u010dnosti IC Group.<\/p><br>\n\n\n\n<div class=\"wp-block-media-text alignwide is-stacked-on-mobile is-vertically-aligned-top\" style=\"grid-template-columns:29% auto\"><figure class=\"wp-block-media-text__media\"><a href=\"https:\/\/www.mzone.cz\/zmena-vkusu-na-zeny-a-dalsi-tri-zpusoby-jak-vam-stres-muze-znicit-zivot\/\"><img loading=\"lazy\" decoding=\"async\" width=\"1024\" height=\"682\" src=\"https:\/\/www.mzone.cz\/wp-content\/uploads\/2019\/06\/Depositphotos_13247975_l-2015-1024x682.jpg\" alt=\"\" class=\"wp-image-10150 size-full\" srcset=\"https:\/\/www.mzone.cz\/wp-content\/uploads\/2019\/06\/Depositphotos_13247975_l-2015-1024x682.jpg 1024w, https:\/\/www.mzone.cz\/wp-content\/uploads\/2019\/06\/Depositphotos_13247975_l-2015-300x200.jpg 300w, https:\/\/www.mzone.cz\/wp-content\/uploads\/2019\/06\/Depositphotos_13247975_l-2015-768x512.jpg 768w, https:\/\/www.mzone.cz\/wp-content\/uploads\/2019\/06\/Depositphotos_13247975_l-2015-800x533.jpg 800w, https:\/\/www.mzone.cz\/wp-content\/uploads\/2019\/06\/Depositphotos_13247975_l-2015-400x267.jpg 400w, https:\/\/www.mzone.cz\/wp-content\/uploads\/2019\/06\/Depositphotos_13247975_l-2015-500x333.jpg 500w, https:\/\/www.mzone.cz\/wp-content\/uploads\/2019\/06\/Depositphotos_13247975_l-2015-1170x780.jpg 1170w, https:\/\/www.mzone.cz\/wp-content\/uploads\/2019\/06\/Depositphotos_13247975_l-2015-590x393.jpg 590w, https:\/\/www.mzone.cz\/wp-content\/uploads\/2019\/06\/Depositphotos_13247975_l-2015.jpg 1919w\" sizes=\"auto, (max-width: 1024px) 100vw, 1024px\" \/><\/a><\/figure><div class=\"wp-block-media-text__content\">\n<h4><a href=\"https:\/\/www.mzone.cz\/zmena-vkusu-na-zeny-a-dalsi-tri-zpusoby-jak-vam-stres-muze-znicit-zivot\/\">Zm\u011bna vkusu na \u017eeny a dal\u0161\u00ed t\u0159i zp\u016fsoby, jak v\u00e1m stres m\u016f\u017ee zni\u010dit \u017eivot<\/a><\/h4><br>\n<\/div><\/div>","protected":false},"excerpt":{"rendered":"<p>Posledn\u00ed dva roky p\u0159inesly zv\u00fd\u0161en\u00fd tlak na psychiku mnoha lid\u00ed. Po pandemick\u00e9 situaci n\u011bkter\u00fdm z nich kles\u00e1 \u017eivotn\u00ed \u00farove\u0148 kv\u016fli r\u016fstu \u017eivotn\u00edch n\u00e1klad\u016f. Do \u017eivota jim zasahuje v\u00edce z\u00e1va\u017en\u00fdch stresov\u00fdch vliv\u016f, ne\u017e byli zvykl\u00ed. Anketa pracovn\u00edho port\u00e1lu Profesia.cz zji\u0161\u0165ovala, zda zam\u011bstnanci poci\u0165uj\u00ed v sou\u010dasn\u00e9 dob\u011b zv\u00fd\u0161en\u00fd n\u00e1por na psychiku. Ve zv\u00fd\u0161en\u00e9 m\u00ed\u0159e jej vn\u00edm\u00e1 69 [&hellip;]<\/p>\n","protected":false},"author":4,"featured_media":37661,"comment_status":"open","ping_status":"closed","sticky":false,"template":"","format":"standard","meta":{"kk_blocks_editor_width":"","_kiokenblocks_attr":"","_kiokenblocks_dimensions":"","footnotes":""},"categories":[29,25,64],"tags":[17,5531,720,825,668,663,490,1158,148,3172,1332],"class_list":["post-37657","post","type-post","status-publish","format-standard","has-post-thumbnail","hentry","category-lifestyle","category-style","category-trendy","tag-lifestyle","tag-napor-na-psychiku","tag-prace","tag-pruzkum","tag-psychika","tag-stres","tag-style","tag-trend","tag-trendy","tag-zamestnanci","tag-zamestnani"],"yoast_head":"<!-- This site is optimized with the Yoast SEO plugin v27.5 - https:\/\/yoast.com\/product\/yoast-seo-wordpress\/ -->\n<title>Zv\u00fd\u0161en\u00fd n\u00e1por na psychiku poci\u0165uje 69 % zam\u011bstnanc\u016f. Pouze 16 % respondent\u016f tento probl\u00e9m nem\u00e1 - Mzone<\/title>\n<meta name=\"description\" content=\"Posledn\u00ed dva roky p\u0159inesly zv\u00fd\u0161en\u00fd tlak na psychiku mnoha lid\u00ed. Po pandemick\u00e9 situaci n\u011bkter\u00fdm z nich kles\u00e1 \u017eivotn\u00ed \u00farove\u0148 kv\u016fli r\u016fstu \u017eivotn\u00edch n\u00e1klad\u016f. Do \u017eivota jim zasahuje v\u00edce z\u00e1va\u017en\u00fdch stresov\u00fdch vliv\u016f, ne\u017e byli zvykl\u00ed. Anketa pracovn\u00edho port\u00e1lu Profesia.cz zji\u0161\u0165ovala, zda zam\u011bstnanci poci\u0165uj\u00ed v sou\u010dasn\u00e9 dob\u011b zv\u00fd\u0161en\u00fd n\u00e1por na psychiku.\" \/>\n<meta name=\"robots\" content=\"index, follow, max-snippet:-1, max-image-preview:large, max-video-preview:-1\" \/>\n<link rel=\"canonical\" href=\"https:\/\/www.mzone.cz\/en\/napor-na-psychiku-pocituji-zamestnanci\/\" \/>\n<meta property=\"og:locale\" content=\"en_US\" \/>\n<meta property=\"og:type\" content=\"article\" \/>\n<meta property=\"og:title\" content=\"Zv\u00fd\u0161en\u00fd n\u00e1por na psychiku poci\u0165uje 69 % zam\u011bstnanc\u016f. Pouze 16 % respondent\u016f tento probl\u00e9m nem\u00e1 - Mzone\" \/>\n<meta property=\"og:description\" content=\"Posledn\u00ed dva roky p\u0159inesly zv\u00fd\u0161en\u00fd tlak na psychiku mnoha lid\u00ed. Po pandemick\u00e9 situaci n\u011bkter\u00fdm z nich kles\u00e1 \u017eivotn\u00ed \u00farove\u0148 kv\u016fli r\u016fstu \u017eivotn\u00edch n\u00e1klad\u016f. Do \u017eivota jim zasahuje v\u00edce z\u00e1va\u017en\u00fdch stresov\u00fdch vliv\u016f, ne\u017e byli zvykl\u00ed. Anketa pracovn\u00edho port\u00e1lu Profesia.cz zji\u0161\u0165ovala, zda zam\u011bstnanci poci\u0165uj\u00ed v sou\u010dasn\u00e9 dob\u011b zv\u00fd\u0161en\u00fd n\u00e1por na psychiku.\" \/>\n<meta property=\"og:url\" content=\"https:\/\/www.mzone.cz\/en\/napor-na-psychiku-pocituji-zamestnanci\/\" \/>\n<meta property=\"og:site_name\" content=\"Mzone\" \/>\n<meta property=\"article:publisher\" content=\"https:\/\/www.facebook.com\/MzoneCZ\/\" \/>\n<meta property=\"article:published_time\" content=\"2022-08-16T10:15:06+00:00\" \/>\n<meta property=\"article:modified_time\" content=\"2022-08-16T10:16:31+00:00\" \/>\n<meta property=\"og:image\" content=\"https:\/\/www.mzone.cz\/wp-content\/uploads\/2022\/08\/Napor-na-psychiku-scaled.jpg\" \/>\n\t<meta property=\"og:image:width\" content=\"2560\" \/>\n\t<meta property=\"og:image:height\" content=\"1706\" \/>\n\t<meta property=\"og:image:type\" content=\"image\/jpeg\" \/>\n<meta name=\"author\" content=\"Mzone\" \/>\n<meta name=\"twitter:card\" content=\"summary_large_image\" \/>\n<meta name=\"twitter:label1\" content=\"Written by\" \/>\n\t<meta name=\"twitter:data1\" content=\"Mzone\" \/>\n\t<meta name=\"twitter:label2\" content=\"Est. reading time\" \/>\n\t<meta name=\"twitter:data2\" content=\"3 minutes\" \/>\n<script type=\"application\/ld+json\" class=\"yoast-schema-graph\">{\"@context\":\"https:\\\/\\\/schema.org\",\"@graph\":[{\"@type\":\"Article\",\"@id\":\"https:\\\/\\\/www.mzone.cz\\\/napor-na-psychiku-pocituji-zamestnanci\\\/#article\",\"isPartOf\":{\"@id\":\"https:\\\/\\\/www.mzone.cz\\\/napor-na-psychiku-pocituji-zamestnanci\\\/\"},\"author\":{\"name\":\"Mzone\",\"@id\":\"https:\\\/\\\/www.mzone.cz\\\/#\\\/schema\\\/person\\\/9bc20cc422a99cac4af6ff9297da32d4\"},\"headline\":\"Zv\u00fd\u0161en\u00fd n\u00e1por na psychiku poci\u0165uje 69 % zam\u011bstnanc\u016f. Pouze 16 % respondent\u016f tento probl\u00e9m nem\u00e1\",\"datePublished\":\"2022-08-16T10:15:06+00:00\",\"dateModified\":\"2022-08-16T10:16:31+00:00\",\"mainEntityOfPage\":{\"@id\":\"https:\\\/\\\/www.mzone.cz\\\/napor-na-psychiku-pocituji-zamestnanci\\\/\"},\"wordCount\":637,\"commentCount\":0,\"image\":{\"@id\":\"https:\\\/\\\/www.mzone.cz\\\/napor-na-psychiku-pocituji-zamestnanci\\\/#primaryimage\"},\"thumbnailUrl\":\"https:\\\/\\\/www.mzone.cz\\\/wp-content\\\/uploads\\\/2022\\\/08\\\/Napor-na-psychiku-scaled.jpg\",\"keywords\":[\"Lifestyle\",\"n\u00e1por na psychiku\",\"pr\u00e1ce\",\"pr\u016fzkum\",\"psychika\",\"stres\",\"style\",\"trend\",\"trendy\",\"zam\u011bstnanci\",\"zam\u011bstn\u00e1n\u00ed\"],\"articleSection\":[\"Lifestyle\",\"Style\",\"Trendy\"],\"inLanguage\":\"en-US\",\"potentialAction\":[{\"@type\":\"CommentAction\",\"name\":\"Comment\",\"target\":[\"https:\\\/\\\/www.mzone.cz\\\/napor-na-psychiku-pocituji-zamestnanci\\\/#respond\"]}]},{\"@type\":\"WebPage\",\"@id\":\"https:\\\/\\\/www.mzone.cz\\\/napor-na-psychiku-pocituji-zamestnanci\\\/\",\"url\":\"https:\\\/\\\/www.mzone.cz\\\/napor-na-psychiku-pocituji-zamestnanci\\\/\",\"name\":\"Zv\u00fd\u0161en\u00fd n\u00e1por na psychiku poci\u0165uje 69 % zam\u011bstnanc\u016f. Pouze 16 % respondent\u016f tento probl\u00e9m nem\u00e1 - Mzone\",\"isPartOf\":{\"@id\":\"https:\\\/\\\/www.mzone.cz\\\/#website\"},\"primaryImageOfPage\":{\"@id\":\"https:\\\/\\\/www.mzone.cz\\\/napor-na-psychiku-pocituji-zamestnanci\\\/#primaryimage\"},\"image\":{\"@id\":\"https:\\\/\\\/www.mzone.cz\\\/napor-na-psychiku-pocituji-zamestnanci\\\/#primaryimage\"},\"thumbnailUrl\":\"https:\\\/\\\/www.mzone.cz\\\/wp-content\\\/uploads\\\/2022\\\/08\\\/Napor-na-psychiku-scaled.jpg\",\"datePublished\":\"2022-08-16T10:15:06+00:00\",\"dateModified\":\"2022-08-16T10:16:31+00:00\",\"author\":{\"@id\":\"https:\\\/\\\/www.mzone.cz\\\/#\\\/schema\\\/person\\\/9bc20cc422a99cac4af6ff9297da32d4\"},\"description\":\"Posledn\u00ed dva roky p\u0159inesly zv\u00fd\u0161en\u00fd tlak na psychiku mnoha lid\u00ed. Po pandemick\u00e9 situaci n\u011bkter\u00fdm z nich kles\u00e1 \u017eivotn\u00ed \u00farove\u0148 kv\u016fli r\u016fstu \u017eivotn\u00edch n\u00e1klad\u016f. Do \u017eivota jim zasahuje v\u00edce z\u00e1va\u017en\u00fdch stresov\u00fdch vliv\u016f, ne\u017e byli zvykl\u00ed. Anketa pracovn\u00edho port\u00e1lu Profesia.cz zji\u0161\u0165ovala, zda zam\u011bstnanci poci\u0165uj\u00ed v sou\u010dasn\u00e9 dob\u011b zv\u00fd\u0161en\u00fd n\u00e1por na psychiku.\",\"breadcrumb\":{\"@id\":\"https:\\\/\\\/www.mzone.cz\\\/napor-na-psychiku-pocituji-zamestnanci\\\/#breadcrumb\"},\"inLanguage\":\"en-US\",\"potentialAction\":[{\"@type\":\"ReadAction\",\"target\":[\"https:\\\/\\\/www.mzone.cz\\\/napor-na-psychiku-pocituji-zamestnanci\\\/\"]}]},{\"@type\":\"ImageObject\",\"inLanguage\":\"en-US\",\"@id\":\"https:\\\/\\\/www.mzone.cz\\\/napor-na-psychiku-pocituji-zamestnanci\\\/#primaryimage\",\"url\":\"https:\\\/\\\/www.mzone.cz\\\/wp-content\\\/uploads\\\/2022\\\/08\\\/Napor-na-psychiku-scaled.jpg\",\"contentUrl\":\"https:\\\/\\\/www.mzone.cz\\\/wp-content\\\/uploads\\\/2022\\\/08\\\/Napor-na-psychiku-scaled.jpg\",\"width\":2560,\"height\":1706,\"caption\":\"N\u00e1por na psychiku\"},{\"@type\":\"BreadcrumbList\",\"@id\":\"https:\\\/\\\/www.mzone.cz\\\/napor-na-psychiku-pocituji-zamestnanci\\\/#breadcrumb\",\"itemListElement\":[{\"@type\":\"ListItem\",\"position\":1,\"name\":\"Dom\u016f\",\"item\":\"https:\\\/\\\/www.mzone.cz\\\/\"},{\"@type\":\"ListItem\",\"position\":2,\"name\":\"Zv\u00fd\u0161en\u00fd n\u00e1por na psychiku poci\u0165uje 69 % zam\u011bstnanc\u016f. Pouze 16 % respondent\u016f tento probl\u00e9m nem\u00e1\"}]},{\"@type\":\"WebSite\",\"@id\":\"https:\\\/\\\/www.mzone.cz\\\/#website\",\"url\":\"https:\\\/\\\/www.mzone.cz\\\/\",\"name\":\"Mzone\",\"description\":\"Magaz\u00edn nejen pro mu\u017ee\",\"potentialAction\":[{\"@type\":\"SearchAction\",\"target\":{\"@type\":\"EntryPoint\",\"urlTemplate\":\"https:\\\/\\\/www.mzone.cz\\\/?s={search_term_string}\"},\"query-input\":{\"@type\":\"PropertyValueSpecification\",\"valueRequired\":true,\"valueName\":\"search_term_string\"}}],\"inLanguage\":\"en-US\"},{\"@type\":\"Person\",\"@id\":\"https:\\\/\\\/www.mzone.cz\\\/#\\\/schema\\\/person\\\/9bc20cc422a99cac4af6ff9297da32d4\",\"name\":\"Mzone\",\"image\":{\"@type\":\"ImageObject\",\"inLanguage\":\"en-US\",\"@id\":\"https:\\\/\\\/secure.gravatar.com\\\/avatar\\\/e780a8630f3182a3d06dd667ab6bea151a0d155b0951bc15fe22633acdac0676?s=96&d=mm&r=g\",\"url\":\"https:\\\/\\\/secure.gravatar.com\\\/avatar\\\/e780a8630f3182a3d06dd667ab6bea151a0d155b0951bc15fe22633acdac0676?s=96&d=mm&r=g\",\"contentUrl\":\"https:\\\/\\\/secure.gravatar.com\\\/avatar\\\/e780a8630f3182a3d06dd667ab6bea151a0d155b0951bc15fe22633acdac0676?s=96&d=mm&r=g\",\"caption\":\"Mzone\"},\"url\":\"https:\\\/\\\/www.mzone.cz\\\/en\\\/author\\\/jakub\\\/\"}]}<\/script>\n<!-- \/ Yoast SEO plugin. -->","yoast_head_json":{"title":"Zv\u00fd\u0161en\u00fd n\u00e1por na psychiku poci\u0165uje 69 % zam\u011bstnanc\u016f. Pouze 16 % respondent\u016f tento probl\u00e9m nem\u00e1 - Mzone","description":"Posledn\u00ed dva roky p\u0159inesly zv\u00fd\u0161en\u00fd tlak na psychiku mnoha lid\u00ed. Po pandemick\u00e9 situaci n\u011bkter\u00fdm z nich kles\u00e1 \u017eivotn\u00ed \u00farove\u0148 kv\u016fli r\u016fstu \u017eivotn\u00edch n\u00e1klad\u016f. Do \u017eivota jim zasahuje v\u00edce z\u00e1va\u017en\u00fdch stresov\u00fdch vliv\u016f, ne\u017e byli zvykl\u00ed. Anketa pracovn\u00edho port\u00e1lu Profesia.cz zji\u0161\u0165ovala, zda zam\u011bstnanci poci\u0165uj\u00ed v sou\u010dasn\u00e9 dob\u011b zv\u00fd\u0161en\u00fd n\u00e1por na psychiku.","robots":{"index":"index","follow":"follow","max-snippet":"max-snippet:-1","max-image-preview":"max-image-preview:large","max-video-preview":"max-video-preview:-1"},"canonical":"https:\/\/www.mzone.cz\/en\/napor-na-psychiku-pocituji-zamestnanci\/","og_locale":"en_US","og_type":"article","og_title":"Zv\u00fd\u0161en\u00fd n\u00e1por na psychiku poci\u0165uje 69 % zam\u011bstnanc\u016f. Pouze 16 % respondent\u016f tento probl\u00e9m nem\u00e1 - Mzone","og_description":"Posledn\u00ed dva roky p\u0159inesly zv\u00fd\u0161en\u00fd tlak na psychiku mnoha lid\u00ed. Po pandemick\u00e9 situaci n\u011bkter\u00fdm z nich kles\u00e1 \u017eivotn\u00ed \u00farove\u0148 kv\u016fli r\u016fstu \u017eivotn\u00edch n\u00e1klad\u016f. Do \u017eivota jim zasahuje v\u00edce z\u00e1va\u017en\u00fdch stresov\u00fdch vliv\u016f, ne\u017e byli zvykl\u00ed. Anketa pracovn\u00edho port\u00e1lu Profesia.cz zji\u0161\u0165ovala, zda zam\u011bstnanci poci\u0165uj\u00ed v sou\u010dasn\u00e9 dob\u011b zv\u00fd\u0161en\u00fd n\u00e1por na psychiku.","og_url":"https:\/\/www.mzone.cz\/en\/napor-na-psychiku-pocituji-zamestnanci\/","og_site_name":"Mzone","article_publisher":"https:\/\/www.facebook.com\/MzoneCZ\/","article_published_time":"2022-08-16T10:15:06+00:00","article_modified_time":"2022-08-16T10:16:31+00:00","og_image":[{"width":2560,"height":1706,"url":"https:\/\/www.mzone.cz\/wp-content\/uploads\/2022\/08\/Napor-na-psychiku-scaled.jpg","type":"image\/jpeg"}],"author":"Mzone","twitter_card":"summary_large_image","twitter_misc":{"Written by":"Mzone","Est. reading time":"3 minutes"},"schema":{"@context":"https:\/\/schema.org","@graph":[{"@type":"Article","@id":"https:\/\/www.mzone.cz\/napor-na-psychiku-pocituji-zamestnanci\/#article","isPartOf":{"@id":"https:\/\/www.mzone.cz\/napor-na-psychiku-pocituji-zamestnanci\/"},"author":{"name":"Mzone","@id":"https:\/\/www.mzone.cz\/#\/schema\/person\/9bc20cc422a99cac4af6ff9297da32d4"},"headline":"Zv\u00fd\u0161en\u00fd n\u00e1por na psychiku poci\u0165uje 69 % zam\u011bstnanc\u016f. Pouze 16 % respondent\u016f tento probl\u00e9m nem\u00e1","datePublished":"2022-08-16T10:15:06+00:00","dateModified":"2022-08-16T10:16:31+00:00","mainEntityOfPage":{"@id":"https:\/\/www.mzone.cz\/napor-na-psychiku-pocituji-zamestnanci\/"},"wordCount":637,"commentCount":0,"image":{"@id":"https:\/\/www.mzone.cz\/napor-na-psychiku-pocituji-zamestnanci\/#primaryimage"},"thumbnailUrl":"https:\/\/www.mzone.cz\/wp-content\/uploads\/2022\/08\/Napor-na-psychiku-scaled.jpg","keywords":["Lifestyle","n\u00e1por na psychiku","pr\u00e1ce","pr\u016fzkum","psychika","stres","style","trend","trendy","zam\u011bstnanci","zam\u011bstn\u00e1n\u00ed"],"articleSection":["Lifestyle","Style","Trendy"],"inLanguage":"en-US","potentialAction":[{"@type":"CommentAction","name":"Comment","target":["https:\/\/www.mzone.cz\/napor-na-psychiku-pocituji-zamestnanci\/#respond"]}]},{"@type":"WebPage","@id":"https:\/\/www.mzone.cz\/napor-na-psychiku-pocituji-zamestnanci\/","url":"https:\/\/www.mzone.cz\/napor-na-psychiku-pocituji-zamestnanci\/","name":"Zv\u00fd\u0161en\u00fd n\u00e1por na psychiku poci\u0165uje 69 % zam\u011bstnanc\u016f. Pouze 16 % respondent\u016f tento probl\u00e9m nem\u00e1 - Mzone","isPartOf":{"@id":"https:\/\/www.mzone.cz\/#website"},"primaryImageOfPage":{"@id":"https:\/\/www.mzone.cz\/napor-na-psychiku-pocituji-zamestnanci\/#primaryimage"},"image":{"@id":"https:\/\/www.mzone.cz\/napor-na-psychiku-pocituji-zamestnanci\/#primaryimage"},"thumbnailUrl":"https:\/\/www.mzone.cz\/wp-content\/uploads\/2022\/08\/Napor-na-psychiku-scaled.jpg","datePublished":"2022-08-16T10:15:06+00:00","dateModified":"2022-08-16T10:16:31+00:00","author":{"@id":"https:\/\/www.mzone.cz\/#\/schema\/person\/9bc20cc422a99cac4af6ff9297da32d4"},"description":"Posledn\u00ed dva roky p\u0159inesly zv\u00fd\u0161en\u00fd tlak na psychiku mnoha lid\u00ed. Po pandemick\u00e9 situaci n\u011bkter\u00fdm z nich kles\u00e1 \u017eivotn\u00ed \u00farove\u0148 kv\u016fli r\u016fstu \u017eivotn\u00edch n\u00e1klad\u016f. Do \u017eivota jim zasahuje v\u00edce z\u00e1va\u017en\u00fdch stresov\u00fdch vliv\u016f, ne\u017e byli zvykl\u00ed. Anketa pracovn\u00edho port\u00e1lu Profesia.cz zji\u0161\u0165ovala, zda zam\u011bstnanci poci\u0165uj\u00ed v sou\u010dasn\u00e9 dob\u011b zv\u00fd\u0161en\u00fd n\u00e1por na psychiku.","breadcrumb":{"@id":"https:\/\/www.mzone.cz\/napor-na-psychiku-pocituji-zamestnanci\/#breadcrumb"},"inLanguage":"en-US","potentialAction":[{"@type":"ReadAction","target":["https:\/\/www.mzone.cz\/napor-na-psychiku-pocituji-zamestnanci\/"]}]},{"@type":"ImageObject","inLanguage":"en-US","@id":"https:\/\/www.mzone.cz\/napor-na-psychiku-pocituji-zamestnanci\/#primaryimage","url":"https:\/\/www.mzone.cz\/wp-content\/uploads\/2022\/08\/Napor-na-psychiku-scaled.jpg","contentUrl":"https:\/\/www.mzone.cz\/wp-content\/uploads\/2022\/08\/Napor-na-psychiku-scaled.jpg","width":2560,"height":1706,"caption":"N\u00e1por na psychiku"},{"@type":"BreadcrumbList","@id":"https:\/\/www.mzone.cz\/napor-na-psychiku-pocituji-zamestnanci\/#breadcrumb","itemListElement":[{"@type":"ListItem","position":1,"name":"Dom\u016f","item":"https:\/\/www.mzone.cz\/"},{"@type":"ListItem","position":2,"name":"Zv\u00fd\u0161en\u00fd n\u00e1por na psychiku poci\u0165uje 69 % zam\u011bstnanc\u016f. Pouze 16 % respondent\u016f tento probl\u00e9m nem\u00e1"}]},{"@type":"WebSite","@id":"https:\/\/www.mzone.cz\/#website","url":"https:\/\/www.mzone.cz\/","name":"Mzone","description":"Magaz\u00edn nejen pro mu\u017ee","potentialAction":[{"@type":"SearchAction","target":{"@type":"EntryPoint","urlTemplate":"https:\/\/www.mzone.cz\/?s={search_term_string}"},"query-input":{"@type":"PropertyValueSpecification","valueRequired":true,"valueName":"search_term_string"}}],"inLanguage":"en-US"},{"@type":"Person","@id":"https:\/\/www.mzone.cz\/#\/schema\/person\/9bc20cc422a99cac4af6ff9297da32d4","name":"Mzone","image":{"@type":"ImageObject","inLanguage":"en-US","@id":"https:\/\/secure.gravatar.com\/avatar\/e780a8630f3182a3d06dd667ab6bea151a0d155b0951bc15fe22633acdac0676?s=96&d=mm&r=g","url":"https:\/\/secure.gravatar.com\/avatar\/e780a8630f3182a3d06dd667ab6bea151a0d155b0951bc15fe22633acdac0676?s=96&d=mm&r=g","contentUrl":"https:\/\/secure.gravatar.com\/avatar\/e780a8630f3182a3d06dd667ab6bea151a0d155b0951bc15fe22633acdac0676?s=96&d=mm&r=g","caption":"Mzone"},"url":"https:\/\/www.mzone.cz\/en\/author\/jakub\/"}]}},"_links":{"self":[{"href":"https:\/\/www.mzone.cz\/en\/wp-json\/wp\/v2\/posts\/37657","targetHints":{"allow":["GET"]}}],"collection":[{"href":"https:\/\/www.mzone.cz\/en\/wp-json\/wp\/v2\/posts"}],"about":[{"href":"https:\/\/www.mzone.cz\/en\/wp-json\/wp\/v2\/types\/post"}],"author":[{"embeddable":true,"href":"https:\/\/www.mzone.cz\/en\/wp-json\/wp\/v2\/users\/4"}],"replies":[{"embeddable":true,"href":"https:\/\/www.mzone.cz\/en\/wp-json\/wp\/v2\/comments?post=37657"}],"version-history":[{"count":8,"href":"https:\/\/www.mzone.cz\/en\/wp-json\/wp\/v2\/posts\/37657\/revisions"}],"predecessor-version":[{"id":37666,"href":"https:\/\/www.mzone.cz\/en\/wp-json\/wp\/v2\/posts\/37657\/revisions\/37666"}],"wp:featuredmedia":[{"embeddable":true,"href":"https:\/\/www.mzone.cz\/en\/wp-json\/wp\/v2\/media\/37661"}],"wp:attachment":[{"href":"https:\/\/www.mzone.cz\/en\/wp-json\/wp\/v2\/media?parent=37657"}],"wp:term":[{"taxonomy":"category","embeddable":true,"href":"https:\/\/www.mzone.cz\/en\/wp-json\/wp\/v2\/categories?post=37657"},{"taxonomy":"post_tag","embeddable":true,"href":"https:\/\/www.mzone.cz\/en\/wp-json\/wp\/v2\/tags?post=37657"}],"curies":[{"name":"wp","href":"https:\/\/api.w.org\/{rel}","templated":true}]}}