{"id":37686,"date":"2022-08-26T05:00:00","date_gmt":"2022-08-26T03:00:00","guid":{"rendered":"https:\/\/www.mzone.cz\/?p=37686"},"modified":"2022-08-25T12:01:22","modified_gmt":"2022-08-25T10:01:22","slug":"prehrada-eibenstock-se-meni-ve-velkoformatove-umelecke-dilo","status":"publish","type":"post","link":"https:\/\/www.mzone.cz\/en\/prehrada-eibenstock-se-meni-ve-velkoformatove-umelecke-dilo\/","title":{"rendered":"\u00dadoln\u00ed p\u0159ehrada Eibenstock se m\u011bn\u00ed ve velkoform\u00e1tov\u00e9 um\u011bleck\u00e9 d\u00edlo"},"content":{"rendered":"<p><strong>Klaus Dauven, um\u011blec zab\u00fdvaj\u00edc\u00ed se reverzn\u00edm graffiti, vytvo\u0159il na zdi \u00fadoln\u00ed p\u0159ehrady Eibenstock velkoform\u00e1tov\u00e9 um\u011bleck\u00e9 d\u00edlo. Za pomoci vysokotlak\u00fdch \u010disti\u010d\u016f vypracoval z a\u017e t\u0159icet let star\u00e9 vrstvy ne\u010distot kresbu, kter\u00e1 zn\u00e1zor\u0148uje dva m\u00edstn\u00ed pstruhy. Obraz \u201eRyb\u00ed \u0159\u00ed\u0161e\u201c je viditeln\u00fd jako sv\u011btl\u00fd a tmav\u00fd kontrast mezi zpracovanou a nezpracovanou plochou.<\/strong><\/p><br>\n\n\n\n<p>Oba pstruzi jsou uspo\u0159\u00e1d\u00e1ni nad sebou a zab\u00edraj\u00ed celou \u0161\u00ed\u0159ku p\u0159ehradn\u00ed hr\u00e1ze. Jsou nakresleni se\u0159\u00edznut\u011b, tak\u017ee z jednoho jsou viditeln\u00e1 pouze z\u00e1da, ze druh\u00e9ho jen b\u0159icho. T\u00edmto ztv\u00e1rn\u011bn\u00edm vznik\u00e1 dynamika &#8211; zd\u00e1 se, jako by se ryby \u0159\u00e1dn\u011b pohybovaly ve vod\u011b. Pstruh poto\u010dn\u00ed, p\u016fvodem z Kru\u0161n\u00fdch hor, je d\u016fle\u017eit\u00fdm bioukazatelem, proto\u017ee m\u016f\u017ee p\u0159e\u017e\u00edt jen ve velmi \u010dist\u00e9 vod\u011b. Proto na vyobrazen\u00ed symbolicky vyjad\u0159uj\u00ed kvalitu vody v n\u00e1dr\u017ei na pitnou vodu Eibenstock.<\/p>\n\n\n\n<blockquote class=\"wp-block-quote is-layout-flow wp-block-quote-is-layout-flow\"><p>N\u00e1kres byl pomoc\u00ed laserov\u00e9 techniky digitalizov\u00e1n a p\u0159enesen na plochu zdi, kdy byly horolezci p\u0159ipevn\u011bny zna\u010dkovac\u00ed body. Ty pak um\u011blec p\u0159i tvorb\u011b spojil a slou\u010dil do jednoho obrazce. Pro tuto pr\u00e1ci byly pou\u017eity t\u0159i vysokotlak\u00e9 \u010disti\u010de bez oh\u0159evu typu K\u00e4rcher HD 13\/18-4 S.<\/p><\/blockquote>\n\n\n\n<p>Klaus Dauven pou\u017e\u00edv\u00e1 od roku 2003 vysokotlak\u00e9 \u010disti\u010de spole\u010dnosti K\u00e4rcher, aby vytvo\u0159il ve ve\u0159ejn\u00fdch prostorech pom\u00edjiv\u00e9 kresby. Nap\u0159\u00edklad v roce 2012 spolu s n\u011bmecko-korejsk\u00fdm t\u00fdmem spolupracovn\u00edk\u016f spole\u010dnosti K\u00e4rcher, pr\u016fmyslov\u00fdch horolezc\u016f a zem\u011bm\u011b\u0159i\u010d\u016f vytvo\u0159il na p\u0159ehrad\u011b Chungju um\u011bleck\u00e9 d\u00edlo &#8220;Horang-ee&#8221; (Tygr).<\/p><br>\n\n\n\n<figure class=\"wp-block-image size-full is-resized\"><img loading=\"lazy\" decoding=\"async\" src=\"https:\/\/www.mzone.cz\/wp-content\/uploads\/2022\/08\/Eibenstock_Dam_oth_5_zdroj_Karcher.jpg\" alt=\"V\u00fdroba velkoform\u00e1tov\u00e9ho d\u00edla na p\u0159ehrad\u011b Eibenstock\" class=\"wp-image-37692\" width=\"828\" height=\"552\" srcset=\"https:\/\/www.mzone.cz\/wp-content\/uploads\/2022\/08\/Eibenstock_Dam_oth_5_zdroj_Karcher.jpg 720w, https:\/\/www.mzone.cz\/wp-content\/uploads\/2022\/08\/Eibenstock_Dam_oth_5_zdroj_Karcher-300x200.jpg 300w, https:\/\/www.mzone.cz\/wp-content\/uploads\/2022\/08\/Eibenstock_Dam_oth_5_zdroj_Karcher-18x12.jpg 18w, https:\/\/www.mzone.cz\/wp-content\/uploads\/2022\/08\/Eibenstock_Dam_oth_5_zdroj_Karcher-400x267.jpg 400w, https:\/\/www.mzone.cz\/wp-content\/uploads\/2022\/08\/Eibenstock_Dam_oth_5_zdroj_Karcher-500x333.jpg 500w, https:\/\/www.mzone.cz\/wp-content\/uploads\/2022\/08\/Eibenstock_Dam_oth_5_zdroj_Karcher-590x393.jpg 590w\" sizes=\"auto, (max-width: 828px) 100vw, 828px\" \/><\/figure><br>\n\n\n\n<p>Klaus Dauven se narodil v roce 1966 v D\u00fcrenu (Severn\u00ed Por\u00fdn\u00ed-Vestf\u00e1lsko) a vystudoval um\u011bn\u00ed v D\u00fcsseldorfu, M\u00fcnsteru a Aix-en-Provence. Klaus Dauven byl za sv\u00e1 d\u00edla n\u011bkolikr\u00e1t ocen\u011bn, mj. Cenou Josepha a Anny Fassbender m\u011bsta Br\u00fchl a Um\u011bleckou cenou m\u011bsta D\u00fcren. Dnes \u017eije v Kreuzau (Severn\u00ed Por\u00fdn\u00ed-Vestf\u00e1lsko). Spolu se spole\u010dnost\u00ed K\u00e4rcher zkr\u00e1\u0161lil pom\u00edjiv\u00fdmi um\u011bleck\u00fdmi d\u00edly ji\u017e v\u00edce zd\u00ed \u00fadoln\u00edch p\u0159ehrad, jako nap\u0159. v roce 2007 p\u0159ehradu Oleftalsperre v Eifelu a v roce 2008 p\u0159ehradn\u00ed hr\u00e1z Matsudagawa v Japonsku.<\/p>\n\n\n\n<blockquote class=\"wp-block-quote is-layout-flow wp-block-quote-is-layout-flow\"><p>\u00dadoln\u00ed p\u0159ehrada Eibenstock byla uvedena do provozu v roce 1982. Je nejv\u011bt\u0161\u00ed \u00fadoln\u00ed p\u0159ehradou slou\u017e\u00edc\u00ed jako z\u00e1sob\u00e1rna pitn\u00e9 vody v Sasku. Tato \u00fadoln\u00ed p\u0159ehrada o objemu cca 64 milion\u016f metr\u016f krychlov\u00fdch vody z\u00e1sobuje aglomerace Zwickau-Chemnitz pitnou vodou.<\/p><\/blockquote>\n\n\n\n<figure class=\"wp-block-image size-full is-resized\"><img loading=\"lazy\" decoding=\"async\" src=\"https:\/\/www.mzone.cz\/wp-content\/uploads\/2022\/08\/Eibenstock_Dam_oth_2_zdroj_Karcher.jpg\" alt=\"P\u0159ehrada Eibenstock\" class=\"wp-image-37695\" width=\"831\" height=\"554\" srcset=\"https:\/\/www.mzone.cz\/wp-content\/uploads\/2022\/08\/Eibenstock_Dam_oth_2_zdroj_Karcher.jpg 720w, https:\/\/www.mzone.cz\/wp-content\/uploads\/2022\/08\/Eibenstock_Dam_oth_2_zdroj_Karcher-300x200.jpg 300w, https:\/\/www.mzone.cz\/wp-content\/uploads\/2022\/08\/Eibenstock_Dam_oth_2_zdroj_Karcher-18x12.jpg 18w, https:\/\/www.mzone.cz\/wp-content\/uploads\/2022\/08\/Eibenstock_Dam_oth_2_zdroj_Karcher-400x267.jpg 400w, https:\/\/www.mzone.cz\/wp-content\/uploads\/2022\/08\/Eibenstock_Dam_oth_2_zdroj_Karcher-500x333.jpg 500w, https:\/\/www.mzone.cz\/wp-content\/uploads\/2022\/08\/Eibenstock_Dam_oth_2_zdroj_Karcher-590x393.jpg 590w\" sizes=\"auto, (max-width: 831px) 100vw, 831px\" \/><\/figure><br>\n\n\n\n<p>Dal\u0161\u00edmi \u00fakoly \u00fadoln\u00ed p\u0159ehrady je protipovod\u0148ov\u00e1 ochrana, zvy\u0161ov\u00e1n\u00ed hladiny vody p\u0159i nedostatku a z\u00edsk\u00e1v\u00e1n\u00ed energie. Mohutn\u00e1 p\u0159ehradn\u00ed ze\u010f \u00fadoln\u00ed p\u0159ehrady Eibenstock je dlouh\u00e1 cca 300 metr\u016f a vysok\u00e1 57 metr\u016f.<\/p><br>\n\n\n\n<div class=\"wp-block-media-text alignwide is-stacked-on-mobile is-vertically-aligned-top\" style=\"grid-template-columns:23% auto\"><figure class=\"wp-block-media-text__media\"><a href=\"https:\/\/www.mzone.cz\/karlin-bude-zdobit-obri-mural-michala-skapy\/\"><img loading=\"lazy\" decoding=\"async\" width=\"976\" height=\"651\" src=\"https:\/\/www.mzone.cz\/wp-content\/uploads\/2022\/07\/Michal-Skapa-aka-Tron.jpg\" alt=\"Michal \u0160kapa aka Tron\" class=\"wp-image-37505 size-full\" srcset=\"https:\/\/www.mzone.cz\/wp-content\/uploads\/2022\/07\/Michal-Skapa-aka-Tron.jpg 976w, https:\/\/www.mzone.cz\/wp-content\/uploads\/2022\/07\/Michal-Skapa-aka-Tron-300x200.jpg 300w, https:\/\/www.mzone.cz\/wp-content\/uploads\/2022\/07\/Michal-Skapa-aka-Tron-768x512.jpg 768w, https:\/\/www.mzone.cz\/wp-content\/uploads\/2022\/07\/Michal-Skapa-aka-Tron-18x12.jpg 18w, https:\/\/www.mzone.cz\/wp-content\/uploads\/2022\/07\/Michal-Skapa-aka-Tron-800x533.jpg 800w, https:\/\/www.mzone.cz\/wp-content\/uploads\/2022\/07\/Michal-Skapa-aka-Tron-400x267.jpg 400w, https:\/\/www.mzone.cz\/wp-content\/uploads\/2022\/07\/Michal-Skapa-aka-Tron-500x333.jpg 500w, https:\/\/www.mzone.cz\/wp-content\/uploads\/2022\/07\/Michal-Skapa-aka-Tron-590x394.jpg 590w\" sizes=\"auto, (max-width: 976px) 100vw, 976px\" \/><\/a><\/figure><div class=\"wp-block-media-text__content\">\n<h4><a href=\"https:\/\/www.mzone.cz\/karlin-bude-zdobit-obri-mural-michala-skapy\/\">Pra\u017esk\u00fd Karl\u00edn bude zdobit ob\u0159\u00ed mur\u00e1l Michala \u0160kapy<\/a><\/h4><br>\n<\/div><\/div>","protected":false},"excerpt":{"rendered":"<p>Klaus Dauven, um\u011blec zab\u00fdvaj\u00edc\u00ed se reverzn\u00edm graffiti, vytvo\u0159il na zdi \u00fadoln\u00ed p\u0159ehrady Eibenstock velkoform\u00e1tov\u00e9 um\u011bleck\u00e9 d\u00edlo. Za pomoci vysokotlak\u00fdch \u010disti\u010d\u016f vypracoval z a\u017e t\u0159icet let star\u00e9 vrstvy ne\u010distot kresbu, kter\u00e1 zn\u00e1zor\u0148uje dva m\u00edstn\u00ed pstruhy. Obraz \u201eRyb\u00ed \u0159\u00ed\u0161e\u201c je viditeln\u00fd jako sv\u011btl\u00fd a tmav\u00fd kontrast mezi zpracovanou a nezpracovanou plochou. Oba pstruzi jsou uspo\u0159\u00e1d\u00e1ni nad sebou [&hellip;]<\/p>\n","protected":false},"author":4,"featured_media":37688,"comment_status":"open","ping_status":"closed","sticky":false,"template":"","format":"standard","meta":{"kk_blocks_editor_width":"","_kiokenblocks_attr":"","_kiokenblocks_dimensions":"","footnotes":""},"categories":[71,72],"tags":[1987,5536,5535,31,625,4865,5532,5537,5534,3080,957,5533,1538],"class_list":["post-37686","post","type-post","status-publish","format-standard","has-post-thumbnail","hentry","category-kultura","category-umeni","tag-dilo","tag-eibenstock","tag-klaus-dauven","tag-kultura","tag-nemecko","tag-obraz","tag-prehrada","tag-prehradni-zed","tag-rybi-rise","tag-ryby","tag-umeni","tag-velkoformatove-dilo","tag-zajimavosti"],"yoast_head":"<!-- This site is optimized with the Yoast SEO plugin v27.5 - https:\/\/yoast.com\/product\/yoast-seo-wordpress\/ -->\n<title>\u00dadoln\u00ed p\u0159ehrada Eibenstock se m\u011bn\u00ed ve velkoform\u00e1tov\u00e9 um\u011bleck\u00e9 d\u00edlo - Mzone<\/title>\n<meta name=\"description\" content=\"Klaus Dauven, um\u011blec zab\u00fdvaj\u00edc\u00ed se reverzn\u00edm graffiti, vytvo\u0159il na zdi \u00fadoln\u00ed p\u0159ehrady Eibenstock velkoform\u00e1tov\u00e9 um\u011bleck\u00e9 d\u00edlo. Za pomoci vysokotlak\u00fdch \u010disti\u010d\u016f vypracoval z a\u017e t\u0159icet let star\u00e9 vrstvy ne\u010distot kresbu, kter\u00e1 zn\u00e1zor\u0148uje dva m\u00edstn\u00ed pstruhy.\" \/>\n<meta name=\"robots\" content=\"index, follow, max-snippet:-1, max-image-preview:large, max-video-preview:-1\" \/>\n<link rel=\"canonical\" href=\"https:\/\/www.mzone.cz\/en\/prehrada-eibenstock-se-meni-ve-velkoformatove-umelecke-dilo\/\" \/>\n<meta property=\"og:locale\" content=\"en_US\" \/>\n<meta property=\"og:type\" content=\"article\" \/>\n<meta property=\"og:title\" content=\"\u00dadoln\u00ed p\u0159ehrada Eibenstock se m\u011bn\u00ed ve velkoform\u00e1tov\u00e9 um\u011bleck\u00e9 d\u00edlo - Mzone\" \/>\n<meta property=\"og:description\" content=\"Klaus Dauven, um\u011blec zab\u00fdvaj\u00edc\u00ed se reverzn\u00edm graffiti, vytvo\u0159il na zdi \u00fadoln\u00ed p\u0159ehrady Eibenstock velkoform\u00e1tov\u00e9 um\u011bleck\u00e9 d\u00edlo. Za pomoci vysokotlak\u00fdch \u010disti\u010d\u016f vypracoval z a\u017e t\u0159icet let star\u00e9 vrstvy ne\u010distot kresbu, kter\u00e1 zn\u00e1zor\u0148uje dva m\u00edstn\u00ed pstruhy.\" \/>\n<meta property=\"og:url\" content=\"https:\/\/www.mzone.cz\/en\/prehrada-eibenstock-se-meni-ve-velkoformatove-umelecke-dilo\/\" \/>\n<meta property=\"og:site_name\" content=\"Mzone\" \/>\n<meta property=\"article:publisher\" content=\"https:\/\/www.facebook.com\/MzoneCZ\/\" \/>\n<meta property=\"article:published_time\" content=\"2022-08-26T03:00:00+00:00\" \/>\n<meta property=\"og:image\" content=\"https:\/\/www.mzone.cz\/wp-content\/uploads\/2022\/08\/Prehrada-Eibenstock-scaled.jpg\" \/>\n\t<meta property=\"og:image:width\" content=\"2560\" \/>\n\t<meta property=\"og:image:height\" content=\"1707\" \/>\n\t<meta property=\"og:image:type\" content=\"image\/jpeg\" \/>\n<meta name=\"author\" content=\"Mzone\" \/>\n<meta name=\"twitter:card\" content=\"summary_large_image\" \/>\n<meta name=\"twitter:label1\" content=\"Written by\" \/>\n\t<meta name=\"twitter:data1\" content=\"Mzone\" \/>\n\t<meta name=\"twitter:label2\" content=\"Est. reading time\" \/>\n\t<meta name=\"twitter:data2\" content=\"3 minutes\" \/>\n<script type=\"application\/ld+json\" class=\"yoast-schema-graph\">{\"@context\":\"https:\\\/\\\/schema.org\",\"@graph\":[{\"@type\":\"Article\",\"@id\":\"https:\\\/\\\/www.mzone.cz\\\/prehrada-eibenstock-se-meni-ve-velkoformatove-umelecke-dilo\\\/#article\",\"isPartOf\":{\"@id\":\"https:\\\/\\\/www.mzone.cz\\\/prehrada-eibenstock-se-meni-ve-velkoformatove-umelecke-dilo\\\/\"},\"author\":{\"name\":\"Mzone\",\"@id\":\"https:\\\/\\\/www.mzone.cz\\\/#\\\/schema\\\/person\\\/9bc20cc422a99cac4af6ff9297da32d4\"},\"headline\":\"\u00dadoln\u00ed p\u0159ehrada Eibenstock se m\u011bn\u00ed ve velkoform\u00e1tov\u00e9 um\u011bleck\u00e9 d\u00edlo\",\"datePublished\":\"2022-08-26T03:00:00+00:00\",\"mainEntityOfPage\":{\"@id\":\"https:\\\/\\\/www.mzone.cz\\\/prehrada-eibenstock-se-meni-ve-velkoformatove-umelecke-dilo\\\/\"},\"wordCount\":498,\"commentCount\":0,\"image\":{\"@id\":\"https:\\\/\\\/www.mzone.cz\\\/prehrada-eibenstock-se-meni-ve-velkoformatove-umelecke-dilo\\\/#primaryimage\"},\"thumbnailUrl\":\"https:\\\/\\\/www.mzone.cz\\\/wp-content\\\/uploads\\\/2022\\\/08\\\/Prehrada-Eibenstock-scaled.jpg\",\"keywords\":[\"d\u00edlo\",\"Eibenstock\",\"Klaus Dauven\",\"Kultura\",\"N\u011bmecko\",\"obraz\",\"p\u0159ehrada\",\"p\u0159ehradn\u00ed ze\u010f\",\"Ryb\u00ed \u0159\u00ed\u0161e\",\"ryby\",\"um\u011bn\u00ed\",\"velkoform\u00e1tov\u00e9 d\u00edlo\",\"zaj\u00edmavosti\"],\"articleSection\":[\"Kultura\",\"Um\u011bn\u00ed\"],\"inLanguage\":\"en-US\",\"potentialAction\":[{\"@type\":\"CommentAction\",\"name\":\"Comment\",\"target\":[\"https:\\\/\\\/www.mzone.cz\\\/prehrada-eibenstock-se-meni-ve-velkoformatove-umelecke-dilo\\\/#respond\"]}]},{\"@type\":\"WebPage\",\"@id\":\"https:\\\/\\\/www.mzone.cz\\\/prehrada-eibenstock-se-meni-ve-velkoformatove-umelecke-dilo\\\/\",\"url\":\"https:\\\/\\\/www.mzone.cz\\\/prehrada-eibenstock-se-meni-ve-velkoformatove-umelecke-dilo\\\/\",\"name\":\"\u00dadoln\u00ed p\u0159ehrada Eibenstock se m\u011bn\u00ed ve velkoform\u00e1tov\u00e9 um\u011bleck\u00e9 d\u00edlo - Mzone\",\"isPartOf\":{\"@id\":\"https:\\\/\\\/www.mzone.cz\\\/#website\"},\"primaryImageOfPage\":{\"@id\":\"https:\\\/\\\/www.mzone.cz\\\/prehrada-eibenstock-se-meni-ve-velkoformatove-umelecke-dilo\\\/#primaryimage\"},\"image\":{\"@id\":\"https:\\\/\\\/www.mzone.cz\\\/prehrada-eibenstock-se-meni-ve-velkoformatove-umelecke-dilo\\\/#primaryimage\"},\"thumbnailUrl\":\"https:\\\/\\\/www.mzone.cz\\\/wp-content\\\/uploads\\\/2022\\\/08\\\/Prehrada-Eibenstock-scaled.jpg\",\"datePublished\":\"2022-08-26T03:00:00+00:00\",\"author\":{\"@id\":\"https:\\\/\\\/www.mzone.cz\\\/#\\\/schema\\\/person\\\/9bc20cc422a99cac4af6ff9297da32d4\"},\"description\":\"Klaus Dauven, um\u011blec zab\u00fdvaj\u00edc\u00ed se reverzn\u00edm graffiti, vytvo\u0159il na zdi \u00fadoln\u00ed p\u0159ehrady Eibenstock velkoform\u00e1tov\u00e9 um\u011bleck\u00e9 d\u00edlo. Za pomoci vysokotlak\u00fdch \u010disti\u010d\u016f vypracoval z a\u017e t\u0159icet let star\u00e9 vrstvy ne\u010distot kresbu, kter\u00e1 zn\u00e1zor\u0148uje dva m\u00edstn\u00ed pstruhy.\",\"breadcrumb\":{\"@id\":\"https:\\\/\\\/www.mzone.cz\\\/prehrada-eibenstock-se-meni-ve-velkoformatove-umelecke-dilo\\\/#breadcrumb\"},\"inLanguage\":\"en-US\",\"potentialAction\":[{\"@type\":\"ReadAction\",\"target\":[\"https:\\\/\\\/www.mzone.cz\\\/prehrada-eibenstock-se-meni-ve-velkoformatove-umelecke-dilo\\\/\"]}]},{\"@type\":\"ImageObject\",\"inLanguage\":\"en-US\",\"@id\":\"https:\\\/\\\/www.mzone.cz\\\/prehrada-eibenstock-se-meni-ve-velkoformatove-umelecke-dilo\\\/#primaryimage\",\"url\":\"https:\\\/\\\/www.mzone.cz\\\/wp-content\\\/uploads\\\/2022\\\/08\\\/Prehrada-Eibenstock-scaled.jpg\",\"contentUrl\":\"https:\\\/\\\/www.mzone.cz\\\/wp-content\\\/uploads\\\/2022\\\/08\\\/Prehrada-Eibenstock-scaled.jpg\",\"width\":2560,\"height\":1707,\"caption\":\"P\u0159ehrada Eibenstock\"},{\"@type\":\"BreadcrumbList\",\"@id\":\"https:\\\/\\\/www.mzone.cz\\\/prehrada-eibenstock-se-meni-ve-velkoformatove-umelecke-dilo\\\/#breadcrumb\",\"itemListElement\":[{\"@type\":\"ListItem\",\"position\":1,\"name\":\"Dom\u016f\",\"item\":\"https:\\\/\\\/www.mzone.cz\\\/\"},{\"@type\":\"ListItem\",\"position\":2,\"name\":\"\u00dadoln\u00ed p\u0159ehrada Eibenstock se m\u011bn\u00ed ve velkoform\u00e1tov\u00e9 um\u011bleck\u00e9 d\u00edlo\"}]},{\"@type\":\"WebSite\",\"@id\":\"https:\\\/\\\/www.mzone.cz\\\/#website\",\"url\":\"https:\\\/\\\/www.mzone.cz\\\/\",\"name\":\"Mzone\",\"description\":\"Magaz\u00edn nejen pro mu\u017ee\",\"potentialAction\":[{\"@type\":\"SearchAction\",\"target\":{\"@type\":\"EntryPoint\",\"urlTemplate\":\"https:\\\/\\\/www.mzone.cz\\\/?s={search_term_string}\"},\"query-input\":{\"@type\":\"PropertyValueSpecification\",\"valueRequired\":true,\"valueName\":\"search_term_string\"}}],\"inLanguage\":\"en-US\"},{\"@type\":\"Person\",\"@id\":\"https:\\\/\\\/www.mzone.cz\\\/#\\\/schema\\\/person\\\/9bc20cc422a99cac4af6ff9297da32d4\",\"name\":\"Mzone\",\"image\":{\"@type\":\"ImageObject\",\"inLanguage\":\"en-US\",\"@id\":\"https:\\\/\\\/secure.gravatar.com\\\/avatar\\\/e780a8630f3182a3d06dd667ab6bea151a0d155b0951bc15fe22633acdac0676?s=96&d=mm&r=g\",\"url\":\"https:\\\/\\\/secure.gravatar.com\\\/avatar\\\/e780a8630f3182a3d06dd667ab6bea151a0d155b0951bc15fe22633acdac0676?s=96&d=mm&r=g\",\"contentUrl\":\"https:\\\/\\\/secure.gravatar.com\\\/avatar\\\/e780a8630f3182a3d06dd667ab6bea151a0d155b0951bc15fe22633acdac0676?s=96&d=mm&r=g\",\"caption\":\"Mzone\"},\"url\":\"https:\\\/\\\/www.mzone.cz\\\/en\\\/author\\\/jakub\\\/\"}]}<\/script>\n<!-- \/ Yoast SEO plugin. -->","yoast_head_json":{"title":"\u00dadoln\u00ed p\u0159ehrada Eibenstock se m\u011bn\u00ed ve velkoform\u00e1tov\u00e9 um\u011bleck\u00e9 d\u00edlo - Mzone","description":"Klaus Dauven, um\u011blec zab\u00fdvaj\u00edc\u00ed se reverzn\u00edm graffiti, vytvo\u0159il na zdi \u00fadoln\u00ed p\u0159ehrady Eibenstock velkoform\u00e1tov\u00e9 um\u011bleck\u00e9 d\u00edlo. Za pomoci vysokotlak\u00fdch \u010disti\u010d\u016f vypracoval z a\u017e t\u0159icet let star\u00e9 vrstvy ne\u010distot kresbu, kter\u00e1 zn\u00e1zor\u0148uje dva m\u00edstn\u00ed pstruhy.","robots":{"index":"index","follow":"follow","max-snippet":"max-snippet:-1","max-image-preview":"max-image-preview:large","max-video-preview":"max-video-preview:-1"},"canonical":"https:\/\/www.mzone.cz\/en\/prehrada-eibenstock-se-meni-ve-velkoformatove-umelecke-dilo\/","og_locale":"en_US","og_type":"article","og_title":"\u00dadoln\u00ed p\u0159ehrada Eibenstock se m\u011bn\u00ed ve velkoform\u00e1tov\u00e9 um\u011bleck\u00e9 d\u00edlo - Mzone","og_description":"Klaus Dauven, um\u011blec zab\u00fdvaj\u00edc\u00ed se reverzn\u00edm graffiti, vytvo\u0159il na zdi \u00fadoln\u00ed p\u0159ehrady Eibenstock velkoform\u00e1tov\u00e9 um\u011bleck\u00e9 d\u00edlo. Za pomoci vysokotlak\u00fdch \u010disti\u010d\u016f vypracoval z a\u017e t\u0159icet let star\u00e9 vrstvy ne\u010distot kresbu, kter\u00e1 zn\u00e1zor\u0148uje dva m\u00edstn\u00ed pstruhy.","og_url":"https:\/\/www.mzone.cz\/en\/prehrada-eibenstock-se-meni-ve-velkoformatove-umelecke-dilo\/","og_site_name":"Mzone","article_publisher":"https:\/\/www.facebook.com\/MzoneCZ\/","article_published_time":"2022-08-26T03:00:00+00:00","og_image":[{"width":2560,"height":1707,"url":"https:\/\/www.mzone.cz\/wp-content\/uploads\/2022\/08\/Prehrada-Eibenstock-scaled.jpg","type":"image\/jpeg"}],"author":"Mzone","twitter_card":"summary_large_image","twitter_misc":{"Written by":"Mzone","Est. reading time":"3 minutes"},"schema":{"@context":"https:\/\/schema.org","@graph":[{"@type":"Article","@id":"https:\/\/www.mzone.cz\/prehrada-eibenstock-se-meni-ve-velkoformatove-umelecke-dilo\/#article","isPartOf":{"@id":"https:\/\/www.mzone.cz\/prehrada-eibenstock-se-meni-ve-velkoformatove-umelecke-dilo\/"},"author":{"name":"Mzone","@id":"https:\/\/www.mzone.cz\/#\/schema\/person\/9bc20cc422a99cac4af6ff9297da32d4"},"headline":"\u00dadoln\u00ed p\u0159ehrada Eibenstock se m\u011bn\u00ed ve velkoform\u00e1tov\u00e9 um\u011bleck\u00e9 d\u00edlo","datePublished":"2022-08-26T03:00:00+00:00","mainEntityOfPage":{"@id":"https:\/\/www.mzone.cz\/prehrada-eibenstock-se-meni-ve-velkoformatove-umelecke-dilo\/"},"wordCount":498,"commentCount":0,"image":{"@id":"https:\/\/www.mzone.cz\/prehrada-eibenstock-se-meni-ve-velkoformatove-umelecke-dilo\/#primaryimage"},"thumbnailUrl":"https:\/\/www.mzone.cz\/wp-content\/uploads\/2022\/08\/Prehrada-Eibenstock-scaled.jpg","keywords":["d\u00edlo","Eibenstock","Klaus Dauven","Kultura","N\u011bmecko","obraz","p\u0159ehrada","p\u0159ehradn\u00ed ze\u010f","Ryb\u00ed \u0159\u00ed\u0161e","ryby","um\u011bn\u00ed","velkoform\u00e1tov\u00e9 d\u00edlo","zaj\u00edmavosti"],"articleSection":["Kultura","Um\u011bn\u00ed"],"inLanguage":"en-US","potentialAction":[{"@type":"CommentAction","name":"Comment","target":["https:\/\/www.mzone.cz\/prehrada-eibenstock-se-meni-ve-velkoformatove-umelecke-dilo\/#respond"]}]},{"@type":"WebPage","@id":"https:\/\/www.mzone.cz\/prehrada-eibenstock-se-meni-ve-velkoformatove-umelecke-dilo\/","url":"https:\/\/www.mzone.cz\/prehrada-eibenstock-se-meni-ve-velkoformatove-umelecke-dilo\/","name":"\u00dadoln\u00ed p\u0159ehrada Eibenstock se m\u011bn\u00ed ve velkoform\u00e1tov\u00e9 um\u011bleck\u00e9 d\u00edlo - Mzone","isPartOf":{"@id":"https:\/\/www.mzone.cz\/#website"},"primaryImageOfPage":{"@id":"https:\/\/www.mzone.cz\/prehrada-eibenstock-se-meni-ve-velkoformatove-umelecke-dilo\/#primaryimage"},"image":{"@id":"https:\/\/www.mzone.cz\/prehrada-eibenstock-se-meni-ve-velkoformatove-umelecke-dilo\/#primaryimage"},"thumbnailUrl":"https:\/\/www.mzone.cz\/wp-content\/uploads\/2022\/08\/Prehrada-Eibenstock-scaled.jpg","datePublished":"2022-08-26T03:00:00+00:00","author":{"@id":"https:\/\/www.mzone.cz\/#\/schema\/person\/9bc20cc422a99cac4af6ff9297da32d4"},"description":"Klaus Dauven, um\u011blec zab\u00fdvaj\u00edc\u00ed se reverzn\u00edm graffiti, vytvo\u0159il na zdi \u00fadoln\u00ed p\u0159ehrady Eibenstock velkoform\u00e1tov\u00e9 um\u011bleck\u00e9 d\u00edlo. Za pomoci vysokotlak\u00fdch \u010disti\u010d\u016f vypracoval z a\u017e t\u0159icet let star\u00e9 vrstvy ne\u010distot kresbu, kter\u00e1 zn\u00e1zor\u0148uje dva m\u00edstn\u00ed pstruhy.","breadcrumb":{"@id":"https:\/\/www.mzone.cz\/prehrada-eibenstock-se-meni-ve-velkoformatove-umelecke-dilo\/#breadcrumb"},"inLanguage":"en-US","potentialAction":[{"@type":"ReadAction","target":["https:\/\/www.mzone.cz\/prehrada-eibenstock-se-meni-ve-velkoformatove-umelecke-dilo\/"]}]},{"@type":"ImageObject","inLanguage":"en-US","@id":"https:\/\/www.mzone.cz\/prehrada-eibenstock-se-meni-ve-velkoformatove-umelecke-dilo\/#primaryimage","url":"https:\/\/www.mzone.cz\/wp-content\/uploads\/2022\/08\/Prehrada-Eibenstock-scaled.jpg","contentUrl":"https:\/\/www.mzone.cz\/wp-content\/uploads\/2022\/08\/Prehrada-Eibenstock-scaled.jpg","width":2560,"height":1707,"caption":"P\u0159ehrada Eibenstock"},{"@type":"BreadcrumbList","@id":"https:\/\/www.mzone.cz\/prehrada-eibenstock-se-meni-ve-velkoformatove-umelecke-dilo\/#breadcrumb","itemListElement":[{"@type":"ListItem","position":1,"name":"Dom\u016f","item":"https:\/\/www.mzone.cz\/"},{"@type":"ListItem","position":2,"name":"\u00dadoln\u00ed p\u0159ehrada Eibenstock se m\u011bn\u00ed ve velkoform\u00e1tov\u00e9 um\u011bleck\u00e9 d\u00edlo"}]},{"@type":"WebSite","@id":"https:\/\/www.mzone.cz\/#website","url":"https:\/\/www.mzone.cz\/","name":"Mzone","description":"Magaz\u00edn nejen pro mu\u017ee","potentialAction":[{"@type":"SearchAction","target":{"@type":"EntryPoint","urlTemplate":"https:\/\/www.mzone.cz\/?s={search_term_string}"},"query-input":{"@type":"PropertyValueSpecification","valueRequired":true,"valueName":"search_term_string"}}],"inLanguage":"en-US"},{"@type":"Person","@id":"https:\/\/www.mzone.cz\/#\/schema\/person\/9bc20cc422a99cac4af6ff9297da32d4","name":"Mzone","image":{"@type":"ImageObject","inLanguage":"en-US","@id":"https:\/\/secure.gravatar.com\/avatar\/e780a8630f3182a3d06dd667ab6bea151a0d155b0951bc15fe22633acdac0676?s=96&d=mm&r=g","url":"https:\/\/secure.gravatar.com\/avatar\/e780a8630f3182a3d06dd667ab6bea151a0d155b0951bc15fe22633acdac0676?s=96&d=mm&r=g","contentUrl":"https:\/\/secure.gravatar.com\/avatar\/e780a8630f3182a3d06dd667ab6bea151a0d155b0951bc15fe22633acdac0676?s=96&d=mm&r=g","caption":"Mzone"},"url":"https:\/\/www.mzone.cz\/en\/author\/jakub\/"}]}},"_links":{"self":[{"href":"https:\/\/www.mzone.cz\/en\/wp-json\/wp\/v2\/posts\/37686","targetHints":{"allow":["GET"]}}],"collection":[{"href":"https:\/\/www.mzone.cz\/en\/wp-json\/wp\/v2\/posts"}],"about":[{"href":"https:\/\/www.mzone.cz\/en\/wp-json\/wp\/v2\/types\/post"}],"author":[{"embeddable":true,"href":"https:\/\/www.mzone.cz\/en\/wp-json\/wp\/v2\/users\/4"}],"replies":[{"embeddable":true,"href":"https:\/\/www.mzone.cz\/en\/wp-json\/wp\/v2\/comments?post=37686"}],"version-history":[{"count":6,"href":"https:\/\/www.mzone.cz\/en\/wp-json\/wp\/v2\/posts\/37686\/revisions"}],"predecessor-version":[{"id":37700,"href":"https:\/\/www.mzone.cz\/en\/wp-json\/wp\/v2\/posts\/37686\/revisions\/37700"}],"wp:featuredmedia":[{"embeddable":true,"href":"https:\/\/www.mzone.cz\/en\/wp-json\/wp\/v2\/media\/37688"}],"wp:attachment":[{"href":"https:\/\/www.mzone.cz\/en\/wp-json\/wp\/v2\/media?parent=37686"}],"wp:term":[{"taxonomy":"category","embeddable":true,"href":"https:\/\/www.mzone.cz\/en\/wp-json\/wp\/v2\/categories?post=37686"},{"taxonomy":"post_tag","embeddable":true,"href":"https:\/\/www.mzone.cz\/en\/wp-json\/wp\/v2\/tags?post=37686"}],"curies":[{"name":"wp","href":"https:\/\/api.w.org\/{rel}","templated":true}]}}