{"id":37768,"date":"2022-09-03T05:00:00","date_gmt":"2022-09-03T03:00:00","guid":{"rendered":"https:\/\/www.mzone.cz\/?p=37768"},"modified":"2022-09-02T14:56:09","modified_gmt":"2022-09-02T12:56:09","slug":"svetovy-den-uklidu-je-za-dvermi-oslavte-ho","status":"publish","type":"post","link":"https:\/\/www.mzone.cz\/en\/svetovy-den-uklidu-je-za-dvermi-oslavte-ho\/","title":{"rendered":"Sv\u011btov\u00fd den \u00faklidu je za dve\u0159mi! Oslavte ho"},"content":{"rendered":"<p><strong>Nadm\u011brn\u00e9 mno\u017estv\u00ed odpadk\u016f a jejich likvidace je st\u00e1le velk\u00fdm probl\u00e9mem po cel\u00e9m sv\u011bt\u011b. Plastov\u00e9 ta\u0161ky, plastov\u00e9 lahve a odpadky zne\u010di\u0161\u0165uj\u00ed na\u0161e ulice, lesy, pl\u00e1\u017ee a oce\u00e1ny. Vzhledem k tomu, \u017ee v posledn\u00edch letech se pojem \u201ezero waste\u201c st\u00e1v\u00e1 st\u00e1le zn\u00e1m\u011bj\u0161\u00edm, je Sv\u011btov\u00fd den \u00faklidu, kter\u00e9mu letos p\u0159ipadlo datum 17. z\u00e1\u0159\u00ed 2022, ide\u00e1ln\u00ed p\u0159\u00edle\u017eitost\u00ed k zvy\u0161ov\u00e1n\u00ed pov\u011bdom\u00ed a semknut\u00ed komunit a jednotlivc\u016f k akci. \u010ct\u011bte d\u00e1le a dozv\u00edte se pro\u010d je tento den tak d\u016fle\u017eit\u00fd a co m\u016f\u017eete d\u011blat, abyste se zapojili.<\/strong><\/p><br>\n\n\n\n<h2 class=\"wp-block-heading\">Co je Sv\u011btov\u00fd den \u00faklidu?<\/h2>\n\n\n\n<p>Sv\u011btov\u00fd den \u00faklidu je nejv\u011bt\u0161\u00ed jednodenn\u00ed ob\u010dansk\u00e1 akce na sv\u011bt\u011b, do kter\u00e9 se zapojuje 50 milion\u016f lid\u00ed z v\u00edce ne\u017e 180 zem\u00ed, aby bojovali proti celosv\u011btov\u00e9 krizi v oblasti odpad\u016f a usilovali o udr\u017eiteln\u011bj\u0161\u00ed budoucnost. Letos se bude slavit 17. z\u00e1\u0159\u00ed 2022 a od roku 2018 spojuje miliony lid\u00ed po cel\u00e9m sv\u011bt\u011b k nejv\u011bt\u0161\u00edmu kolektivn\u00edmu \u00faklidu. Tento den nen\u00ed jen o \u00faklidu na\u0161ich ulic, pl\u00e1\u017e\u00ed, oce\u00e1n\u016f a les\u016f, ale tak\u00e9 symbolizuje setk\u00e1n\u00ed jednotlivc\u016f, vl\u00e1d, spole\u010dnost\u00ed a organizac\u00ed z cel\u00e9ho sv\u011bta s jednotnou viz\u00ed: chr\u00e1nit na\u0161i planetu a u\u010dinit ji lep\u0161\u00edm m\u00edstem pro p\u0159\u00ed\u0161t\u00ed generace.<\/p><br>\n\n\n\n<figure class=\"wp-block-image size-large\"><img loading=\"lazy\" decoding=\"async\" width=\"1024\" height=\"678\" src=\"https:\/\/www.mzone.cz\/wp-content\/uploads\/2022\/09\/pexels-yogendra-singh-2480807-1024x678.jpg\" alt=\"Zne\u010di\u0161t\u011bn\u00e1 krajina\" class=\"wp-image-37775\" srcset=\"https:\/\/www.mzone.cz\/wp-content\/uploads\/2022\/09\/pexels-yogendra-singh-2480807-1024x678.jpg 1024w, https:\/\/www.mzone.cz\/wp-content\/uploads\/2022\/09\/pexels-yogendra-singh-2480807-300x199.jpg 300w, https:\/\/www.mzone.cz\/wp-content\/uploads\/2022\/09\/pexels-yogendra-singh-2480807-768x509.jpg 768w, https:\/\/www.mzone.cz\/wp-content\/uploads\/2022\/09\/pexels-yogendra-singh-2480807-1536x1018.jpg 1536w, https:\/\/www.mzone.cz\/wp-content\/uploads\/2022\/09\/pexels-yogendra-singh-2480807-18x12.jpg 18w, https:\/\/www.mzone.cz\/wp-content\/uploads\/2022\/09\/pexels-yogendra-singh-2480807-590x391.jpg 590w, https:\/\/www.mzone.cz\/wp-content\/uploads\/2022\/09\/pexels-yogendra-singh-2480807.jpg 1920w\" sizes=\"auto, (max-width: 1024px) 100vw, 1024px\" \/><\/figure><br>\n\n\n\n<h2 class=\"wp-block-heading\">Pro\u010d je tento den tak d\u016fle\u017eit\u00fd?<\/h2>\n\n\n\n<p>Ka\u017ed\u00fd rok se do na\u0161ich oce\u00e1n\u016f vypust\u00ed v\u00edce ne\u017e 8 milion\u016f tun plast\u016f, jako by t\u011bch 150 milion\u016f tun, co u\u017e tam je, bylo m\u00e1lo. Kdy\u017e se odpad a smet\u00ed otev\u0159en\u011b vyhazuje v\u0161ude kolem n\u00e1s, za\u010dne se rozkl\u00e1dat a uvol\u0148ovat do atmosf\u00e9ry \u0161kodliv\u00e9 chemick\u00e9 l\u00e1tky, co\u017e m\u00e1 negativn\u00ed dopad na ovzdu\u0161\u00ed, kter\u00e9 d\u00fdch\u00e1me.<\/p>\n\n\n\n<blockquote class=\"wp-block-quote is-layout-flow wp-block-quote-is-layout-flow\"><p>Plast m\u016f\u017ee b\u00fdt tak\u00e9 velkou hrozbou pro okoln\u00ed biotopy a ekosyst\u00e9my a m\u016f\u017ee b\u00fdt smrteln\u011b nebezpe\u010dn\u00fd pro voln\u011b \u017eij\u00edc\u00ed \u017eivo\u010dichy. Studie nap\u0159\u00edklad zjistila, \u017ee 100 % ml\u00e1\u010fat mo\u0159sk\u00fdch \u017eelv m\u011blo v \u017ealudku plast.<\/p><\/blockquote>\n\n\n\n<p>Spolu s dal\u0161\u00edmi dny \u017eivotn\u00edho prost\u0159ed\u00ed, jako je Sv\u011btov\u00fd den oce\u00e1n\u016f a Den Zem\u011b, m\u00e1 Sv\u011btov\u00fd den \u00faklidu za c\u00edl zv\u00fd\u0161it pov\u011bdom\u00ed o krizi \u0161patn\u00e9ho nakl\u00e1d\u00e1n\u00ed s odpady na cel\u00e9m sv\u011bt\u011b a o kritick\u00e9m dopadu, kter\u00fd m\u00e1 na na\u0161e \u017eivotn\u00ed prost\u0159ed\u00ed. Je to d\u016fle\u017eit\u00fd ak\u010dn\u00ed den a ide\u00e1ln\u00ed p\u0159\u00edle\u017eitost pro v\u0161echny, aby spole\u010dn\u011b spojili sv\u00e9 \u00fasil\u00ed a pomohli chr\u00e1nit na\u0161i planetu.<\/p><br>\n\n\n\n<h2 class=\"wp-block-heading\">Ukli\u010fte park nebo les ve sv\u00e9m okol\u00ed<\/h2>\n\n\n\n<p>Pokud \u010dasto vyr\u00e1\u017e\u00edte s rodinou nebo p\u0159\u00e1teli na pikniky, mal\u00e9 v\u00fdlety nebo kempov\u00e1n\u00ed, po odchodu ukli\u010fte. Zabere jen p\u00e1r minut, abyste posb\u00edrali plastov\u00e9 obaly, lahve a odpadky kolem sebe. Sta\u010d\u00ed je d\u00e1t do pytle na odpadky a cestou dom\u016f je vyhodit do odpadkov\u00e9ho ko\u0161e. Pokud m\u00e1te v\u00edce \u010dasu, m\u016f\u017eete uspo\u0159\u00e1dat \u00faklidovou akci a vy\u010distit \u010d\u00e1st lesa, parku nebo d\u00e1lnice ve va\u0161em okol\u00ed. Nejefektivn\u011bj\u0161\u00ed je zapojit do celodenn\u00edho \u00faklidu sv\u00e9 p\u0159\u00e1tele, d\u011bti, sousedy a zn\u00e1m\u00e9.<\/p><br>\n\n\n\n<figure class=\"wp-block-image size-large\"><img loading=\"lazy\" decoding=\"async\" width=\"1024\" height=\"683\" src=\"https:\/\/www.mzone.cz\/wp-content\/uploads\/2022\/09\/Odpadky-v-lese-1024x683.jpg\" alt=\"Odpadky v lese\" class=\"wp-image-37779\" srcset=\"https:\/\/www.mzone.cz\/wp-content\/uploads\/2022\/09\/Odpadky-v-lese-1024x683.jpg 1024w, https:\/\/www.mzone.cz\/wp-content\/uploads\/2022\/09\/Odpadky-v-lese-300x200.jpg 300w, https:\/\/www.mzone.cz\/wp-content\/uploads\/2022\/09\/Odpadky-v-lese-768x512.jpg 768w, https:\/\/www.mzone.cz\/wp-content\/uploads\/2022\/09\/Odpadky-v-lese-1536x1024.jpg 1536w, https:\/\/www.mzone.cz\/wp-content\/uploads\/2022\/09\/Odpadky-v-lese-18x12.jpg 18w, https:\/\/www.mzone.cz\/wp-content\/uploads\/2022\/09\/Odpadky-v-lese-800x533.jpg 800w, https:\/\/www.mzone.cz\/wp-content\/uploads\/2022\/09\/Odpadky-v-lese-400x267.jpg 400w, https:\/\/www.mzone.cz\/wp-content\/uploads\/2022\/09\/Odpadky-v-lese-500x333.jpg 500w, https:\/\/www.mzone.cz\/wp-content\/uploads\/2022\/09\/Odpadky-v-lese-1170x780.jpg 1170w, https:\/\/www.mzone.cz\/wp-content\/uploads\/2022\/09\/Odpadky-v-lese-590x393.jpg 590w, https:\/\/www.mzone.cz\/wp-content\/uploads\/2022\/09\/Odpadky-v-lese.jpg 1920w\" sizes=\"auto, (max-width: 1024px) 100vw, 1024px\" \/><\/figure><br>\n\n\n\n<h2 class=\"wp-block-heading\">Nezapome\u0148te na \u00faklid doma<\/h2>\n\n\n\n<p>\u010cist\u00fd domov je z\u00e1klad, ale za jakou cenu pro planetu? Velk\u00e1 \u010d\u00e1st populace je\u0161t\u011b st\u00e1le pou\u017e\u00edv\u00e1 v\u00fdrobky s drsn\u00fdmi a toxick\u00fdmi chemik\u00e1liemi, kter\u00e9 mohou b\u00fdt \u0161kodliv\u00e9 \u2013 pro lidi, zv\u00ed\u0159ata i \u017eivotn\u00ed prost\u0159ed\u00ed. Pou\u017eit\u00edm \u010distic\u00edch prost\u0159edk\u016f ve spreji, jako je nap\u0159\u00edklad le\u0161tidlo na n\u00e1bytek, m\u016f\u017eete ne\u00famysln\u011b p\u0159isp\u011bt ke zne\u010di\u0161t\u011bn\u00ed ovzdu\u0161\u00ed, nemluv\u011b o vdechov\u00e1n\u00ed toxin\u016f. Prost\u0159edek na myt\u00ed n\u00e1dob\u00ed, kter\u00fd vyl\u00e9v\u00e1me do kanalizace, m\u016f\u017ee zp\u016fsobit, \u017ee se chemik\u00e1lie dostanou do vodn\u00edch tok\u016f a po\u0161kod\u00ed vodn\u00ed organismy. A pak je tu ta hora plastov\u00e9ho odpadu, kter\u00e1 vznikne, kdy\u017e vypot\u0159ebujete stou l\u00e1hev okeny.<\/p><br>\n\n\n\n<p>\u201eEkologick\u00e9 \u010distic\u00ed prost\u0159edky v\u011bt\u0161inou obsahuj\u00ed men\u0161\u00ed po\u010det p\u0159\u00eddatn\u00fdch l\u00e1tek \u2013 nav\u00edc jsou \u0161etrn\u00e9 ke zdrav\u00ed \u010dlov\u011bka i \u017eivotn\u00edmu prost\u0159ed\u00ed. Vyhnete se tak z\u00e1vadn\u00fdm slou\u010denin\u00e1m, jako jsou fosf\u00e1ty (fosfore\u010dnany), b\u011blidla, formaldehyd, syntetick\u00e9 v\u016fn\u011b apod. Nav\u00edc je jedine\u010dn\u00fd refill syst\u00e9m bez debat ekologicky i ekonomicky v\u00fdhodn\u011bj\u0161\u00ed volbou,\u201c \u0159\u00edk\u00e1 Alexandr \u0158eh\u00e1\u010dek zakladatel AYETO Eco.<\/p><br>\n\n\n\n<div class=\"wp-block-media-text alignwide is-stacked-on-mobile is-vertically-aligned-top\" style=\"grid-template-columns:23% auto\"><figure class=\"wp-block-media-text__media\"><a href=\"https:\/\/www.mzone.cz\/svetovy-den-recyklace-kdyz-se-odpad-reinkarnuje-v-modu\/\"><img loading=\"lazy\" decoding=\"async\" width=\"1024\" height=\"683\" src=\"https:\/\/www.mzone.cz\/wp-content\/uploads\/2022\/03\/Odpad-\u2013-recyklace-1024x683.jpg\" alt=\"Odpad \u2013 recyklace\" class=\"wp-image-36192 size-full\" srcset=\"https:\/\/www.mzone.cz\/wp-content\/uploads\/2022\/03\/Odpad-\u2013-recyklace-1024x683.jpg 1024w, https:\/\/www.mzone.cz\/wp-content\/uploads\/2022\/03\/Odpad-\u2013-recyklace-300x200.jpg 300w, https:\/\/www.mzone.cz\/wp-content\/uploads\/2022\/03\/Odpad-\u2013-recyklace-768x512.jpg 768w, https:\/\/www.mzone.cz\/wp-content\/uploads\/2022\/03\/Odpad-\u2013-recyklace-1536x1024.jpg 1536w, https:\/\/www.mzone.cz\/wp-content\/uploads\/2022\/03\/Odpad-\u2013-recyklace-18x12.jpg 18w, https:\/\/www.mzone.cz\/wp-content\/uploads\/2022\/03\/Odpad-\u2013-recyklace-800x533.jpg 800w, https:\/\/www.mzone.cz\/wp-content\/uploads\/2022\/03\/Odpad-\u2013-recyklace-400x267.jpg 400w, https:\/\/www.mzone.cz\/wp-content\/uploads\/2022\/03\/Odpad-\u2013-recyklace-500x333.jpg 500w, https:\/\/www.mzone.cz\/wp-content\/uploads\/2022\/03\/Odpad-\u2013-recyklace-1170x780.jpg 1170w, https:\/\/www.mzone.cz\/wp-content\/uploads\/2022\/03\/Odpad-\u2013-recyklace-590x393.jpg 590w, https:\/\/www.mzone.cz\/wp-content\/uploads\/2022\/03\/Odpad-\u2013-recyklace.jpg 1920w\" sizes=\"auto, (max-width: 1024px) 100vw, 1024px\" \/><\/a><\/figure><div class=\"wp-block-media-text__content\">\n<h4><a href=\"https:\/\/www.mzone.cz\/svetovy-den-recyklace-kdyz-se-odpad-reinkarnuje-v-modu\/\">Sv\u011btov\u00fd den recyklace: Kdy\u017e se odpad reinkarnuje v m\u00f3du<\/a><\/h4><br>\n<\/div><\/div>","protected":false},"excerpt":{"rendered":"<p>Nadm\u011brn\u00e9 mno\u017estv\u00ed odpadk\u016f a jejich likvidace je st\u00e1le velk\u00fdm probl\u00e9mem po cel\u00e9m sv\u011bt\u011b. Plastov\u00e9 ta\u0161ky, plastov\u00e9 lahve a odpadky zne\u010di\u0161\u0165uj\u00ed na\u0161e ulice, lesy, pl\u00e1\u017ee a oce\u00e1ny. Vzhledem k tomu, \u017ee v posledn\u00edch letech se pojem \u201ezero waste\u201c st\u00e1v\u00e1 st\u00e1le zn\u00e1m\u011bj\u0161\u00edm, je Sv\u011btov\u00fd den \u00faklidu, kter\u00e9mu letos p\u0159ipadlo datum 17. z\u00e1\u0159\u00ed 2022, ide\u00e1ln\u00ed p\u0159\u00edle\u017eitost\u00ed k zvy\u0161ov\u00e1n\u00ed [&hellip;]<\/p>\n","protected":false},"author":4,"featured_media":37772,"comment_status":"open","ping_status":"closed","sticky":false,"template":"","format":"standard","meta":{"kk_blocks_editor_width":"","_kiokenblocks_attr":"","_kiokenblocks_dimensions":"","footnotes":""},"categories":[29,296,25],"tags":[5548,2610,17,282,1616,4119,298,490,5547,1613,2609],"class_list":["post-37768","post","type-post","status-publish","format-standard","has-post-thumbnail","hentry","category-lifestyle","category-priroda","category-style","tag-cistota","tag-ekologie","tag-lifestyle","tag-mezinarodni-den","tag-neporadek","tag-odpadky","tag-priroda","tag-style","tag-svetovy-den-uklidu","tag-uklid","tag-zivotni-prostredi"],"yoast_head":"<!-- This site is optimized with the Yoast SEO plugin v27.5 - https:\/\/yoast.com\/product\/yoast-seo-wordpress\/ -->\n<title>Sv\u011btov\u00fd den \u00faklidu je za dve\u0159mi! Oslavte ho - Mzone<\/title>\n<meta name=\"description\" content=\"Nadm\u011brn\u00e9 mno\u017estv\u00ed odpadk\u016f a jejich likvidace je st\u00e1le velk\u00fdm probl\u00e9mem po cel\u00e9m sv\u011bt\u011b. Plastov\u00e9 ta\u0161ky, plastov\u00e9 lahve a odpadky zne\u010di\u0161\u0165uj\u00ed na\u0161e ulice, lesy, pl\u00e1\u017ee a oce\u00e1ny. Vzhledem k tomu, \u017ee v posledn\u00edch letech se pojem \u201ezero waste\u201c st\u00e1v\u00e1 st\u00e1le zn\u00e1m\u011bj\u0161\u00edm, je Sv\u011btov\u00fd den \u00faklidu, kter\u00e9mu letos p\u0159ipadlo datum 17. z\u00e1\u0159\u00ed 2022, ide\u00e1ln\u00ed p\u0159\u00edle\u017eitost\u00ed k zvy\u0161ov\u00e1n\u00ed pov\u011bdom\u00ed a semknut\u00ed komunit a jednotlivc\u016f k akci.\" \/>\n<meta name=\"robots\" content=\"index, follow, max-snippet:-1, max-image-preview:large, max-video-preview:-1\" \/>\n<link rel=\"canonical\" href=\"https:\/\/www.mzone.cz\/en\/svetovy-den-uklidu-je-za-dvermi-oslavte-ho\/\" \/>\n<meta property=\"og:locale\" content=\"en_US\" \/>\n<meta property=\"og:type\" content=\"article\" \/>\n<meta property=\"og:title\" content=\"Sv\u011btov\u00fd den \u00faklidu je za dve\u0159mi! Oslavte ho - Mzone\" \/>\n<meta property=\"og:description\" content=\"Nadm\u011brn\u00e9 mno\u017estv\u00ed odpadk\u016f a jejich likvidace je st\u00e1le velk\u00fdm probl\u00e9mem po cel\u00e9m sv\u011bt\u011b. Plastov\u00e9 ta\u0161ky, plastov\u00e9 lahve a odpadky zne\u010di\u0161\u0165uj\u00ed na\u0161e ulice, lesy, pl\u00e1\u017ee a oce\u00e1ny. Vzhledem k tomu, \u017ee v posledn\u00edch letech se pojem \u201ezero waste\u201c st\u00e1v\u00e1 st\u00e1le zn\u00e1m\u011bj\u0161\u00edm, je Sv\u011btov\u00fd den \u00faklidu, kter\u00e9mu letos p\u0159ipadlo datum 17. z\u00e1\u0159\u00ed 2022, ide\u00e1ln\u00ed p\u0159\u00edle\u017eitost\u00ed k zvy\u0161ov\u00e1n\u00ed pov\u011bdom\u00ed a semknut\u00ed komunit a jednotlivc\u016f k akci.\" \/>\n<meta property=\"og:url\" content=\"https:\/\/www.mzone.cz\/en\/svetovy-den-uklidu-je-za-dvermi-oslavte-ho\/\" \/>\n<meta property=\"og:site_name\" content=\"Mzone\" \/>\n<meta property=\"article:publisher\" content=\"https:\/\/www.facebook.com\/MzoneCZ\/\" \/>\n<meta property=\"article:published_time\" content=\"2022-09-03T03:00:00+00:00\" \/>\n<meta property=\"og:image\" content=\"https:\/\/www.mzone.cz\/wp-content\/uploads\/2022\/09\/Svetovy-den-uklidu.jpg\" \/>\n\t<meta property=\"og:image:width\" content=\"1565\" \/>\n\t<meta property=\"og:image:height\" content=\"1043\" \/>\n\t<meta property=\"og:image:type\" content=\"image\/jpeg\" \/>\n<meta name=\"author\" content=\"Mzone\" \/>\n<meta name=\"twitter:card\" content=\"summary_large_image\" \/>\n<meta name=\"twitter:label1\" content=\"Written by\" \/>\n\t<meta name=\"twitter:data1\" content=\"Mzone\" \/>\n\t<meta name=\"twitter:label2\" content=\"Est. reading time\" \/>\n\t<meta name=\"twitter:data2\" content=\"4 minutes\" \/>\n<script type=\"application\/ld+json\" class=\"yoast-schema-graph\">{\"@context\":\"https:\\\/\\\/schema.org\",\"@graph\":[{\"@type\":\"Article\",\"@id\":\"https:\\\/\\\/www.mzone.cz\\\/svetovy-den-uklidu-je-za-dvermi-oslavte-ho\\\/#article\",\"isPartOf\":{\"@id\":\"https:\\\/\\\/www.mzone.cz\\\/svetovy-den-uklidu-je-za-dvermi-oslavte-ho\\\/\"},\"author\":{\"name\":\"Mzone\",\"@id\":\"https:\\\/\\\/www.mzone.cz\\\/#\\\/schema\\\/person\\\/9bc20cc422a99cac4af6ff9297da32d4\"},\"headline\":\"Sv\u011btov\u00fd den \u00faklidu je za dve\u0159mi! Oslavte ho\",\"datePublished\":\"2022-09-03T03:00:00+00:00\",\"mainEntityOfPage\":{\"@id\":\"https:\\\/\\\/www.mzone.cz\\\/svetovy-den-uklidu-je-za-dvermi-oslavte-ho\\\/\"},\"wordCount\":775,\"commentCount\":1,\"image\":{\"@id\":\"https:\\\/\\\/www.mzone.cz\\\/svetovy-den-uklidu-je-za-dvermi-oslavte-ho\\\/#primaryimage\"},\"thumbnailUrl\":\"https:\\\/\\\/www.mzone.cz\\\/wp-content\\\/uploads\\\/2022\\\/09\\\/Svetovy-den-uklidu.jpg\",\"keywords\":[\"\u010distota\",\"ekologie\",\"Lifestyle\",\"mezin\u00e1rodn\u00ed den\",\"nepo\u0159\u00e1dek\",\"odpadky\",\"p\u0159\u00edroda\",\"style\",\"Sv\u011btov\u00fd den \u00faklidu\",\"\u00faklid\",\"\u017eivotn\u00ed prost\u0159ed\u00ed\"],\"articleSection\":[\"Lifestyle\",\"P\u0159\u00edroda\",\"Style\"],\"inLanguage\":\"en-US\",\"potentialAction\":[{\"@type\":\"CommentAction\",\"name\":\"Comment\",\"target\":[\"https:\\\/\\\/www.mzone.cz\\\/svetovy-den-uklidu-je-za-dvermi-oslavte-ho\\\/#respond\"]}]},{\"@type\":\"WebPage\",\"@id\":\"https:\\\/\\\/www.mzone.cz\\\/svetovy-den-uklidu-je-za-dvermi-oslavte-ho\\\/\",\"url\":\"https:\\\/\\\/www.mzone.cz\\\/svetovy-den-uklidu-je-za-dvermi-oslavte-ho\\\/\",\"name\":\"Sv\u011btov\u00fd den \u00faklidu je za dve\u0159mi! Oslavte ho - Mzone\",\"isPartOf\":{\"@id\":\"https:\\\/\\\/www.mzone.cz\\\/#website\"},\"primaryImageOfPage\":{\"@id\":\"https:\\\/\\\/www.mzone.cz\\\/svetovy-den-uklidu-je-za-dvermi-oslavte-ho\\\/#primaryimage\"},\"image\":{\"@id\":\"https:\\\/\\\/www.mzone.cz\\\/svetovy-den-uklidu-je-za-dvermi-oslavte-ho\\\/#primaryimage\"},\"thumbnailUrl\":\"https:\\\/\\\/www.mzone.cz\\\/wp-content\\\/uploads\\\/2022\\\/09\\\/Svetovy-den-uklidu.jpg\",\"datePublished\":\"2022-09-03T03:00:00+00:00\",\"author\":{\"@id\":\"https:\\\/\\\/www.mzone.cz\\\/#\\\/schema\\\/person\\\/9bc20cc422a99cac4af6ff9297da32d4\"},\"description\":\"Nadm\u011brn\u00e9 mno\u017estv\u00ed odpadk\u016f a jejich likvidace je st\u00e1le velk\u00fdm probl\u00e9mem po cel\u00e9m sv\u011bt\u011b. Plastov\u00e9 ta\u0161ky, plastov\u00e9 lahve a odpadky zne\u010di\u0161\u0165uj\u00ed na\u0161e ulice, lesy, pl\u00e1\u017ee a oce\u00e1ny. Vzhledem k tomu, \u017ee v posledn\u00edch letech se pojem \u201ezero waste\u201c st\u00e1v\u00e1 st\u00e1le zn\u00e1m\u011bj\u0161\u00edm, je Sv\u011btov\u00fd den \u00faklidu, kter\u00e9mu letos p\u0159ipadlo datum 17. z\u00e1\u0159\u00ed 2022, ide\u00e1ln\u00ed p\u0159\u00edle\u017eitost\u00ed k zvy\u0161ov\u00e1n\u00ed pov\u011bdom\u00ed a semknut\u00ed komunit a jednotlivc\u016f k akci.\",\"breadcrumb\":{\"@id\":\"https:\\\/\\\/www.mzone.cz\\\/svetovy-den-uklidu-je-za-dvermi-oslavte-ho\\\/#breadcrumb\"},\"inLanguage\":\"en-US\",\"potentialAction\":[{\"@type\":\"ReadAction\",\"target\":[\"https:\\\/\\\/www.mzone.cz\\\/svetovy-den-uklidu-je-za-dvermi-oslavte-ho\\\/\"]}]},{\"@type\":\"ImageObject\",\"inLanguage\":\"en-US\",\"@id\":\"https:\\\/\\\/www.mzone.cz\\\/svetovy-den-uklidu-je-za-dvermi-oslavte-ho\\\/#primaryimage\",\"url\":\"https:\\\/\\\/www.mzone.cz\\\/wp-content\\\/uploads\\\/2022\\\/09\\\/Svetovy-den-uklidu.jpg\",\"contentUrl\":\"https:\\\/\\\/www.mzone.cz\\\/wp-content\\\/uploads\\\/2022\\\/09\\\/Svetovy-den-uklidu.jpg\",\"width\":1565,\"height\":1043,\"caption\":\"Sv\u011btov\u00fd den \u00faklidu\"},{\"@type\":\"BreadcrumbList\",\"@id\":\"https:\\\/\\\/www.mzone.cz\\\/svetovy-den-uklidu-je-za-dvermi-oslavte-ho\\\/#breadcrumb\",\"itemListElement\":[{\"@type\":\"ListItem\",\"position\":1,\"name\":\"Dom\u016f\",\"item\":\"https:\\\/\\\/www.mzone.cz\\\/\"},{\"@type\":\"ListItem\",\"position\":2,\"name\":\"Sv\u011btov\u00fd den \u00faklidu je za dve\u0159mi! Oslavte ho\"}]},{\"@type\":\"WebSite\",\"@id\":\"https:\\\/\\\/www.mzone.cz\\\/#website\",\"url\":\"https:\\\/\\\/www.mzone.cz\\\/\",\"name\":\"Mzone\",\"description\":\"Magaz\u00edn nejen pro mu\u017ee\",\"potentialAction\":[{\"@type\":\"SearchAction\",\"target\":{\"@type\":\"EntryPoint\",\"urlTemplate\":\"https:\\\/\\\/www.mzone.cz\\\/?s={search_term_string}\"},\"query-input\":{\"@type\":\"PropertyValueSpecification\",\"valueRequired\":true,\"valueName\":\"search_term_string\"}}],\"inLanguage\":\"en-US\"},{\"@type\":\"Person\",\"@id\":\"https:\\\/\\\/www.mzone.cz\\\/#\\\/schema\\\/person\\\/9bc20cc422a99cac4af6ff9297da32d4\",\"name\":\"Mzone\",\"image\":{\"@type\":\"ImageObject\",\"inLanguage\":\"en-US\",\"@id\":\"https:\\\/\\\/secure.gravatar.com\\\/avatar\\\/e780a8630f3182a3d06dd667ab6bea151a0d155b0951bc15fe22633acdac0676?s=96&d=mm&r=g\",\"url\":\"https:\\\/\\\/secure.gravatar.com\\\/avatar\\\/e780a8630f3182a3d06dd667ab6bea151a0d155b0951bc15fe22633acdac0676?s=96&d=mm&r=g\",\"contentUrl\":\"https:\\\/\\\/secure.gravatar.com\\\/avatar\\\/e780a8630f3182a3d06dd667ab6bea151a0d155b0951bc15fe22633acdac0676?s=96&d=mm&r=g\",\"caption\":\"Mzone\"},\"url\":\"https:\\\/\\\/www.mzone.cz\\\/en\\\/author\\\/jakub\\\/\"}]}<\/script>\n<!-- \/ Yoast SEO plugin. -->","yoast_head_json":{"title":"Sv\u011btov\u00fd den \u00faklidu je za dve\u0159mi! Oslavte ho - Mzone","description":"Nadm\u011brn\u00e9 mno\u017estv\u00ed odpadk\u016f a jejich likvidace je st\u00e1le velk\u00fdm probl\u00e9mem po cel\u00e9m sv\u011bt\u011b. Plastov\u00e9 ta\u0161ky, plastov\u00e9 lahve a odpadky zne\u010di\u0161\u0165uj\u00ed na\u0161e ulice, lesy, pl\u00e1\u017ee a oce\u00e1ny. Vzhledem k tomu, \u017ee v posledn\u00edch letech se pojem \u201ezero waste\u201c st\u00e1v\u00e1 st\u00e1le zn\u00e1m\u011bj\u0161\u00edm, je Sv\u011btov\u00fd den \u00faklidu, kter\u00e9mu letos p\u0159ipadlo datum 17. z\u00e1\u0159\u00ed 2022, ide\u00e1ln\u00ed p\u0159\u00edle\u017eitost\u00ed k zvy\u0161ov\u00e1n\u00ed pov\u011bdom\u00ed a semknut\u00ed komunit a jednotlivc\u016f k akci.","robots":{"index":"index","follow":"follow","max-snippet":"max-snippet:-1","max-image-preview":"max-image-preview:large","max-video-preview":"max-video-preview:-1"},"canonical":"https:\/\/www.mzone.cz\/en\/svetovy-den-uklidu-je-za-dvermi-oslavte-ho\/","og_locale":"en_US","og_type":"article","og_title":"Sv\u011btov\u00fd den \u00faklidu je za dve\u0159mi! Oslavte ho - Mzone","og_description":"Nadm\u011brn\u00e9 mno\u017estv\u00ed odpadk\u016f a jejich likvidace je st\u00e1le velk\u00fdm probl\u00e9mem po cel\u00e9m sv\u011bt\u011b. Plastov\u00e9 ta\u0161ky, plastov\u00e9 lahve a odpadky zne\u010di\u0161\u0165uj\u00ed na\u0161e ulice, lesy, pl\u00e1\u017ee a oce\u00e1ny. Vzhledem k tomu, \u017ee v posledn\u00edch letech se pojem \u201ezero waste\u201c st\u00e1v\u00e1 st\u00e1le zn\u00e1m\u011bj\u0161\u00edm, je Sv\u011btov\u00fd den \u00faklidu, kter\u00e9mu letos p\u0159ipadlo datum 17. z\u00e1\u0159\u00ed 2022, ide\u00e1ln\u00ed p\u0159\u00edle\u017eitost\u00ed k zvy\u0161ov\u00e1n\u00ed pov\u011bdom\u00ed a semknut\u00ed komunit a jednotlivc\u016f k akci.","og_url":"https:\/\/www.mzone.cz\/en\/svetovy-den-uklidu-je-za-dvermi-oslavte-ho\/","og_site_name":"Mzone","article_publisher":"https:\/\/www.facebook.com\/MzoneCZ\/","article_published_time":"2022-09-03T03:00:00+00:00","og_image":[{"width":1565,"height":1043,"url":"https:\/\/www.mzone.cz\/wp-content\/uploads\/2022\/09\/Svetovy-den-uklidu.jpg","type":"image\/jpeg"}],"author":"Mzone","twitter_card":"summary_large_image","twitter_misc":{"Written by":"Mzone","Est. reading time":"4 minutes"},"schema":{"@context":"https:\/\/schema.org","@graph":[{"@type":"Article","@id":"https:\/\/www.mzone.cz\/svetovy-den-uklidu-je-za-dvermi-oslavte-ho\/#article","isPartOf":{"@id":"https:\/\/www.mzone.cz\/svetovy-den-uklidu-je-za-dvermi-oslavte-ho\/"},"author":{"name":"Mzone","@id":"https:\/\/www.mzone.cz\/#\/schema\/person\/9bc20cc422a99cac4af6ff9297da32d4"},"headline":"Sv\u011btov\u00fd den \u00faklidu je za dve\u0159mi! Oslavte ho","datePublished":"2022-09-03T03:00:00+00:00","mainEntityOfPage":{"@id":"https:\/\/www.mzone.cz\/svetovy-den-uklidu-je-za-dvermi-oslavte-ho\/"},"wordCount":775,"commentCount":1,"image":{"@id":"https:\/\/www.mzone.cz\/svetovy-den-uklidu-je-za-dvermi-oslavte-ho\/#primaryimage"},"thumbnailUrl":"https:\/\/www.mzone.cz\/wp-content\/uploads\/2022\/09\/Svetovy-den-uklidu.jpg","keywords":["\u010distota","ekologie","Lifestyle","mezin\u00e1rodn\u00ed den","nepo\u0159\u00e1dek","odpadky","p\u0159\u00edroda","style","Sv\u011btov\u00fd den \u00faklidu","\u00faklid","\u017eivotn\u00ed prost\u0159ed\u00ed"],"articleSection":["Lifestyle","P\u0159\u00edroda","Style"],"inLanguage":"en-US","potentialAction":[{"@type":"CommentAction","name":"Comment","target":["https:\/\/www.mzone.cz\/svetovy-den-uklidu-je-za-dvermi-oslavte-ho\/#respond"]}]},{"@type":"WebPage","@id":"https:\/\/www.mzone.cz\/svetovy-den-uklidu-je-za-dvermi-oslavte-ho\/","url":"https:\/\/www.mzone.cz\/svetovy-den-uklidu-je-za-dvermi-oslavte-ho\/","name":"Sv\u011btov\u00fd den \u00faklidu je za dve\u0159mi! Oslavte ho - Mzone","isPartOf":{"@id":"https:\/\/www.mzone.cz\/#website"},"primaryImageOfPage":{"@id":"https:\/\/www.mzone.cz\/svetovy-den-uklidu-je-za-dvermi-oslavte-ho\/#primaryimage"},"image":{"@id":"https:\/\/www.mzone.cz\/svetovy-den-uklidu-je-za-dvermi-oslavte-ho\/#primaryimage"},"thumbnailUrl":"https:\/\/www.mzone.cz\/wp-content\/uploads\/2022\/09\/Svetovy-den-uklidu.jpg","datePublished":"2022-09-03T03:00:00+00:00","author":{"@id":"https:\/\/www.mzone.cz\/#\/schema\/person\/9bc20cc422a99cac4af6ff9297da32d4"},"description":"Nadm\u011brn\u00e9 mno\u017estv\u00ed odpadk\u016f a jejich likvidace je st\u00e1le velk\u00fdm probl\u00e9mem po cel\u00e9m sv\u011bt\u011b. Plastov\u00e9 ta\u0161ky, plastov\u00e9 lahve a odpadky zne\u010di\u0161\u0165uj\u00ed na\u0161e ulice, lesy, pl\u00e1\u017ee a oce\u00e1ny. Vzhledem k tomu, \u017ee v posledn\u00edch letech se pojem \u201ezero waste\u201c st\u00e1v\u00e1 st\u00e1le zn\u00e1m\u011bj\u0161\u00edm, je Sv\u011btov\u00fd den \u00faklidu, kter\u00e9mu letos p\u0159ipadlo datum 17. z\u00e1\u0159\u00ed 2022, ide\u00e1ln\u00ed p\u0159\u00edle\u017eitost\u00ed k zvy\u0161ov\u00e1n\u00ed pov\u011bdom\u00ed a semknut\u00ed komunit a jednotlivc\u016f k akci.","breadcrumb":{"@id":"https:\/\/www.mzone.cz\/svetovy-den-uklidu-je-za-dvermi-oslavte-ho\/#breadcrumb"},"inLanguage":"en-US","potentialAction":[{"@type":"ReadAction","target":["https:\/\/www.mzone.cz\/svetovy-den-uklidu-je-za-dvermi-oslavte-ho\/"]}]},{"@type":"ImageObject","inLanguage":"en-US","@id":"https:\/\/www.mzone.cz\/svetovy-den-uklidu-je-za-dvermi-oslavte-ho\/#primaryimage","url":"https:\/\/www.mzone.cz\/wp-content\/uploads\/2022\/09\/Svetovy-den-uklidu.jpg","contentUrl":"https:\/\/www.mzone.cz\/wp-content\/uploads\/2022\/09\/Svetovy-den-uklidu.jpg","width":1565,"height":1043,"caption":"Sv\u011btov\u00fd den \u00faklidu"},{"@type":"BreadcrumbList","@id":"https:\/\/www.mzone.cz\/svetovy-den-uklidu-je-za-dvermi-oslavte-ho\/#breadcrumb","itemListElement":[{"@type":"ListItem","position":1,"name":"Dom\u016f","item":"https:\/\/www.mzone.cz\/"},{"@type":"ListItem","position":2,"name":"Sv\u011btov\u00fd den \u00faklidu je za dve\u0159mi! Oslavte ho"}]},{"@type":"WebSite","@id":"https:\/\/www.mzone.cz\/#website","url":"https:\/\/www.mzone.cz\/","name":"Mzone","description":"Magaz\u00edn nejen pro mu\u017ee","potentialAction":[{"@type":"SearchAction","target":{"@type":"EntryPoint","urlTemplate":"https:\/\/www.mzone.cz\/?s={search_term_string}"},"query-input":{"@type":"PropertyValueSpecification","valueRequired":true,"valueName":"search_term_string"}}],"inLanguage":"en-US"},{"@type":"Person","@id":"https:\/\/www.mzone.cz\/#\/schema\/person\/9bc20cc422a99cac4af6ff9297da32d4","name":"Mzone","image":{"@type":"ImageObject","inLanguage":"en-US","@id":"https:\/\/secure.gravatar.com\/avatar\/e780a8630f3182a3d06dd667ab6bea151a0d155b0951bc15fe22633acdac0676?s=96&d=mm&r=g","url":"https:\/\/secure.gravatar.com\/avatar\/e780a8630f3182a3d06dd667ab6bea151a0d155b0951bc15fe22633acdac0676?s=96&d=mm&r=g","contentUrl":"https:\/\/secure.gravatar.com\/avatar\/e780a8630f3182a3d06dd667ab6bea151a0d155b0951bc15fe22633acdac0676?s=96&d=mm&r=g","caption":"Mzone"},"url":"https:\/\/www.mzone.cz\/en\/author\/jakub\/"}]}},"_links":{"self":[{"href":"https:\/\/www.mzone.cz\/en\/wp-json\/wp\/v2\/posts\/37768","targetHints":{"allow":["GET"]}}],"collection":[{"href":"https:\/\/www.mzone.cz\/en\/wp-json\/wp\/v2\/posts"}],"about":[{"href":"https:\/\/www.mzone.cz\/en\/wp-json\/wp\/v2\/types\/post"}],"author":[{"embeddable":true,"href":"https:\/\/www.mzone.cz\/en\/wp-json\/wp\/v2\/users\/4"}],"replies":[{"embeddable":true,"href":"https:\/\/www.mzone.cz\/en\/wp-json\/wp\/v2\/comments?post=37768"}],"version-history":[{"count":10,"href":"https:\/\/www.mzone.cz\/en\/wp-json\/wp\/v2\/posts\/37768\/revisions"}],"predecessor-version":[{"id":37786,"href":"https:\/\/www.mzone.cz\/en\/wp-json\/wp\/v2\/posts\/37768\/revisions\/37786"}],"wp:featuredmedia":[{"embeddable":true,"href":"https:\/\/www.mzone.cz\/en\/wp-json\/wp\/v2\/media\/37772"}],"wp:attachment":[{"href":"https:\/\/www.mzone.cz\/en\/wp-json\/wp\/v2\/media?parent=37768"}],"wp:term":[{"taxonomy":"category","embeddable":true,"href":"https:\/\/www.mzone.cz\/en\/wp-json\/wp\/v2\/categories?post=37768"},{"taxonomy":"post_tag","embeddable":true,"href":"https:\/\/www.mzone.cz\/en\/wp-json\/wp\/v2\/tags?post=37768"}],"curies":[{"name":"wp","href":"https:\/\/api.w.org\/{rel}","templated":true}]}}