{"id":37871,"date":"2022-09-15T16:43:42","date_gmt":"2022-09-15T14:43:42","guid":{"rendered":"https:\/\/www.mzone.cz\/?p=37871"},"modified":"2022-09-16T10:42:04","modified_gmt":"2022-09-16T08:42:04","slug":"ceska-republika-vysle-do-boje-o-oscara-film-il-boemo-petra-vaclava","status":"publish","type":"post","link":"https:\/\/www.mzone.cz\/en\/ceska-republika-vysle-do-boje-o-oscara-film-il-boemo-petra-vaclava\/","title":{"rendered":"\u010cesk\u00e1 republika vy\u0161le do boje o Oscara film Il Boemo Petra V\u00e1clava"},"content":{"rendered":"<p><strong>\u010cesk\u00e1 filmov\u00e1 a televizn\u00ed akademie (\u010cFTA), kter\u00e1 stoj\u00ed za ud\u00edlen\u00edm cen \u010cesk\u00fd lev, ka\u017edoro\u010dn\u011b vyb\u00edr\u00e1 i kandid\u00e1ta na Oscara v kategorii Nejlep\u0161\u00ed zahrani\u010dn\u00ed film. V leto\u0161n\u00edm roce akademici v hlasov\u00e1n\u00ed rozhodli vyslat za \u010ceskou republiku do boje o presti\u017en\u00ed filmovou cenu sn\u00edmek re\u017eis\u00e9ra a scen\u00e1risty Petra V\u00e1clava Il Boemo.<\/strong><\/p><br>\n\n\n\n<p>V\u00fdpravn\u00fd historick\u00fd film v tituln\u00ed roli s Vojt\u011bchem Dykem p\u0159edstavuje nejslavn\u011bj\u0161\u00edho \u010desk\u00e9ho skladatele 18. stolet\u00ed Josefa Myslive\u010dka. Sn\u00edmek bude m\u00edt sv\u011btovou premi\u00e9ru v hlavn\u00ed sout\u011b\u017ei filmov\u00e9ho festivalu v San Sebastianu, kter\u00fd za\u010d\u00edn\u00e1 tento p\u00e1tek. Do \u010desk\u00fdch kin pak ofici\u00e1ln\u011b vstoup\u00ed 20. \u0159\u00edjna 2022.<\/p>\n\n\n\n<blockquote class=\"wp-block-quote is-layout-flow wp-block-quote-is-layout-flow\"><p>Re\u017eis\u00e9r Petr V\u00e1clav p\u0159ipravoval film Il Boemo v\u00edce ne\u017e deset let a je z\u00e1rove\u0148 i autorem jeho sc\u00e9n\u00e1\u0159e. P\u0159ibli\u017euje osudy jednoho z nejslavn\u011bj\u0161\u00edch \u010desk\u00fdch skladatel\u016f Josefa Myslive\u010dka, kter\u00fd se ve sv\u00e9 dob\u011b dok\u00e1zal prosadit v obrovsk\u00e9 konkurenci italsk\u00fdch skladatel\u016f.<\/p><\/blockquote>\n\n\n\n<p>Vedle Vojt\u011bcha Dyka do hlavn\u00edch rol\u00ed obsadil here\u010dky Barbaru Ronchi, Elenu Radonicich nebo Lanu Vlady. O autentick\u00e9 proveden\u00ed Myslive\u010dkov\u00fdch opern\u00edch \u00e1ri\u00ed se ve filmu za hudebn\u00edho doprovodu p\u0159edn\u00edho \u010desk\u00e9ho barokn\u00edho orchestru Collegium 1704 pod veden\u00edm dirigenta V\u00e1clava Lukse zaslou\u017eili p\u0159edn\u00ed sv\u011btov\u00ed opern\u00ed s\u00f3list\u00e9, jako nap\u0159\u00edklad Philippe Jaroussky, Simona \u0160aturov\u00e1, Raffaella Milanesi nebo Em\u0151ke Bar\u00e1th. Film se nat\u00e1\u010del v \u010cesk\u00e9 republice i It\u00e1lii a vznikl v \u010desko-italsko-slovensk\u00e9 koprodukci.<\/p><br>\n\n\n\n<figure class=\"wp-block-image size-large\"><img loading=\"lazy\" decoding=\"async\" width=\"1024\" height=\"684\" src=\"https:\/\/www.mzone.cz\/wp-content\/uploads\/2022\/09\/Il-Boemo_foto-2-1024x684.jpg\" alt=\"Il Boemo\" class=\"wp-image-37876\" srcset=\"https:\/\/www.mzone.cz\/wp-content\/uploads\/2022\/09\/Il-Boemo_foto-2-1024x684.jpg 1024w, https:\/\/www.mzone.cz\/wp-content\/uploads\/2022\/09\/Il-Boemo_foto-2-300x200.jpg 300w, https:\/\/www.mzone.cz\/wp-content\/uploads\/2022\/09\/Il-Boemo_foto-2-768x513.jpg 768w, https:\/\/www.mzone.cz\/wp-content\/uploads\/2022\/09\/Il-Boemo_foto-2-1536x1025.jpg 1536w, https:\/\/www.mzone.cz\/wp-content\/uploads\/2022\/09\/Il-Boemo_foto-2-2048x1367.jpg 2048w, https:\/\/www.mzone.cz\/wp-content\/uploads\/2022\/09\/Il-Boemo_foto-2-18x12.jpg 18w, https:\/\/www.mzone.cz\/wp-content\/uploads\/2022\/09\/Il-Boemo_foto-2-800x533.jpg 800w, https:\/\/www.mzone.cz\/wp-content\/uploads\/2022\/09\/Il-Boemo_foto-2-400x267.jpg 400w, https:\/\/www.mzone.cz\/wp-content\/uploads\/2022\/09\/Il-Boemo_foto-2-500x333.jpg 500w, https:\/\/www.mzone.cz\/wp-content\/uploads\/2022\/09\/Il-Boemo_foto-2-1170x780.jpg 1170w, https:\/\/www.mzone.cz\/wp-content\/uploads\/2022\/09\/Il-Boemo_foto-2-590x394.jpg 590w\" sizes=\"auto, (max-width: 1024px) 100vw, 1024px\" \/><\/figure><br>\n\n\n\n<p>Re\u017eis\u00e9r a scen\u00e1rista Petr V\u00e1clav je absolventem pra\u017esk\u00e9 FAMU. Ji\u017e jeho celove\u010dern\u00ed debut Marian z\u00edskal v roce 1996 \u0159adu cen v zahrani\u010d\u00ed, mj. St\u0159\u00edbrn\u00e9ho leoparda na MFF v Locarnu, cenu za re\u017eii v Angers, Belfortu, Teher\u00e1nu, Bratislav\u011b a byl nominov\u00e1n na \u010cesk\u00e9ho lva. V roce 2001 jej n\u00e1sledoval sn\u00edmek Paraleln\u00ed sv\u011bty, kter\u00fd se dostal do fin\u00e1le sc\u00e9n\u00e1ristick\u00e9 sout\u011b\u017ee Sundance Institute\/NHK Award a byl prom\u00edt\u00e1n v sout\u011b\u017en\u00ed sekci festivalu v San Sebasti\u00e1nu. Jeho dal\u0161\u00ed film Cesta ven byl uveden v roce 2014 na Filmov\u00e9m festivalu v Cannes, v sekci ACID a stal se tak po 23 letech prvn\u00ed \u010deskou premi\u00e9rou na tomto nejv\u00fdznamn\u011bj\u0161\u00edm filmov\u00e9m festivalu. Z\u00edskal sedm \u010cesk\u00fdch lv\u016f, v\u010detn\u011b kategori\u00ed nejlep\u0161\u00ed film, sc\u00e9n\u00e1\u0159 a re\u017eie. Drama Nikdy nejsme sami (2016) z\u00edskalo div\u00e1ckou cenu Tagesspiegel Award na Festivalu Berlinale a cenu za um\u011bleck\u00fd p\u0159\u00ednos na MFF v K\u00e1hi\u0159e. Jeho posledn\u00edm filmem uveden\u00fdm v \u010desk\u00fdch kinech je roadmovie Skokan z roku 2017.<\/p><br>\n\n\n\n<p>V lo\u0148sk\u00e9m roce vyslali akademici do boje o Oscara film Davida Ond\u0159\u00ed\u010dka Z\u00e1topek. Zlatou so\u0161ku americk\u00e9 Akademie filmov\u00e9ho um\u011bn\u00ed a v\u011bd zat\u00edm z\u00edskaly pouze dva \u010deskoslovensk\u00e9 a jeden \u010desk\u00fd film. V roce 1965 Obchod na korze J\u00e1na K\u00e1d\u00e1ra a Elmara Klose, o dva roky pozd\u011bji Ost\u0159e sledovan\u00e9 vlaky Ji\u0159\u00edho Menzela a v roce 1996 Kolja Jana Sv\u011br\u00e1ka. \u0160estice dal\u0161\u00edch film\u016f se pak probojovala do nomina\u010dn\u00edho v\u00fdb\u011bru: L\u00e1sky jedn\u00e9 plavovl\u00e1sky (1966) a Ho\u0159\u00ed m\u00e1 panenko Milo\u0161e Formana (1968),&nbsp;Vesni\u010dko m\u00e1 st\u0159ediskov\u00e1 Ji\u0159\u00edho Menzela (1986), Obecn\u00e1 \u0161kola Jana Sv\u011br\u00e1ka (1991), Mus\u00edme si pom\u00e1hat Jana H\u0159ebejka (2000) a naposledy \u017delary Ond\u0159eje Trojana (2003).<\/p><br>\n\n\n\n<div class=\"wp-block-media-text alignwide is-stacked-on-mobile is-vertically-aligned-top\" style=\"grid-template-columns:28% auto\"><figure class=\"wp-block-media-text__media\"><a href=\"https:\/\/www.mzone.cz\/sci-fi-bod-obnovy-se-nataci-v-praze\/\"><img loading=\"lazy\" decoding=\"async\" width=\"1024\" height=\"683\" src=\"https:\/\/www.mzone.cz\/wp-content\/uploads\/2021\/11\/Bod-Obnovy-1024x683.jpg\" alt=\"Bod Obnovy\" class=\"wp-image-34665 size-full\" srcset=\"https:\/\/www.mzone.cz\/wp-content\/uploads\/2021\/11\/Bod-Obnovy-1024x683.jpg 1024w, https:\/\/www.mzone.cz\/wp-content\/uploads\/2021\/11\/Bod-Obnovy-300x200.jpg 300w, https:\/\/www.mzone.cz\/wp-content\/uploads\/2021\/11\/Bod-Obnovy-768x512.jpg 768w, https:\/\/www.mzone.cz\/wp-content\/uploads\/2021\/11\/Bod-Obnovy-1536x1024.jpg 1536w, https:\/\/www.mzone.cz\/wp-content\/uploads\/2021\/11\/Bod-Obnovy-2048x1365.jpg 2048w, https:\/\/www.mzone.cz\/wp-content\/uploads\/2021\/11\/Bod-Obnovy-18x12.jpg 18w, https:\/\/www.mzone.cz\/wp-content\/uploads\/2021\/11\/Bod-Obnovy-800x533.jpg 800w, https:\/\/www.mzone.cz\/wp-content\/uploads\/2021\/11\/Bod-Obnovy-400x267.jpg 400w, https:\/\/www.mzone.cz\/wp-content\/uploads\/2021\/11\/Bod-Obnovy-500x333.jpg 500w, https:\/\/www.mzone.cz\/wp-content\/uploads\/2021\/11\/Bod-Obnovy-1170x780.jpg 1170w, https:\/\/www.mzone.cz\/wp-content\/uploads\/2021\/11\/Bod-Obnovy-590x393.jpg 590w\" sizes=\"auto, (max-width: 1024px) 100vw, 1024px\" \/><\/a><\/figure><div class=\"wp-block-media-text__content\">\n<h4><a href=\"https:\/\/www.mzone.cz\/sci-fi-bod-obnovy-se-nataci-v-praze\/\">V Praze prob\u00edh\u00e1 nat\u00e1\u010den\u00ed mezin\u00e1rodn\u00edho koproduk\u010dn\u00edho sci-fi filmu Bod Obnovy<\/a><\/h4><br>\n<\/div><\/div>","protected":false},"excerpt":{"rendered":"<p>\u010cesk\u00e1 filmov\u00e1 a televizn\u00ed akademie (\u010cFTA), kter\u00e1 stoj\u00ed za ud\u00edlen\u00edm cen \u010cesk\u00fd lev, ka\u017edoro\u010dn\u011b vyb\u00edr\u00e1 i kandid\u00e1ta na Oscara v kategorii Nejlep\u0161\u00ed zahrani\u010dn\u00ed film. V leto\u0161n\u00edm roce akademici v hlasov\u00e1n\u00ed rozhodli vyslat za \u010ceskou republiku do boje o presti\u017en\u00ed filmovou cenu sn\u00edmek re\u017eis\u00e9ra a scen\u00e1risty Petra V\u00e1clava Il Boemo. V\u00fdpravn\u00fd historick\u00fd film v tituln\u00ed roli [&hellip;]<\/p>\n","protected":false},"author":4,"featured_media":37874,"comment_status":"open","ping_status":"closed","sticky":false,"template":"","format":"standard","meta":{"kk_blocks_editor_width":"","_kiokenblocks_attr":"","_kiokenblocks_dimensions":"","footnotes":""},"categories":[73,71],"tags":[2256,541,314,5555,542,31,2789,1347,1343],"class_list":["post-37871","post","type-post","status-publish","format-standard","has-post-thumbnail","hentry","category-filmy","category-kultura","tag-ceny","tag-film","tag-filmy","tag-il-boemo","tag-kinematografie","tag-kultura","tag-nominace","tag-oceneni","tag-oscar"],"yoast_head":"<!-- This site is optimized with the Yoast SEO plugin v27.5 - https:\/\/yoast.com\/product\/yoast-seo-wordpress\/ -->\n<title>\u010cesk\u00e1 republika vy\u0161le do boje o Oscara film Il Boemo Petra V\u00e1clava - Mzone<\/title>\n<meta name=\"description\" content=\"V Praze, 12. z\u00e1\u0159\u00ed 2022 \u2013 \u010cesk\u00e1 filmov\u00e1 a televizn\u00ed akademie (\u010cFTA), kter\u00e1 stoj\u00ed za ud\u00edlen\u00edm cen \u010cesk\u00fd lev, ka\u017edoro\u010dn\u011b vyb\u00edr\u00e1 i kandid\u00e1ta na Oscara v kategorii Nejlep\u0161\u00ed zahrani\u010dn\u00ed film. V leto\u0161n\u00edm roce akademici v hlasov\u00e1n\u00ed rozhodli vyslat za \u010ceskou republiku do boje o presti\u017en\u00ed filmovou cenu sn\u00edmek re\u017eis\u00e9ra a scen\u00e1risty Petra V\u00e1clava Il Boemo.\" \/>\n<meta name=\"robots\" content=\"index, follow, max-snippet:-1, max-image-preview:large, max-video-preview:-1\" \/>\n<link rel=\"canonical\" href=\"https:\/\/www.mzone.cz\/en\/ceska-republika-vysle-do-boje-o-oscara-film-il-boemo-petra-vaclava\/\" \/>\n<meta property=\"og:locale\" content=\"en_US\" \/>\n<meta property=\"og:type\" content=\"article\" \/>\n<meta property=\"og:title\" content=\"\u010cesk\u00e1 republika vy\u0161le do boje o Oscara film Il Boemo Petra V\u00e1clava - Mzone\" \/>\n<meta property=\"og:description\" content=\"V Praze, 12. z\u00e1\u0159\u00ed 2022 \u2013 \u010cesk\u00e1 filmov\u00e1 a televizn\u00ed akademie (\u010cFTA), kter\u00e1 stoj\u00ed za ud\u00edlen\u00edm cen \u010cesk\u00fd lev, ka\u017edoro\u010dn\u011b vyb\u00edr\u00e1 i kandid\u00e1ta na Oscara v kategorii Nejlep\u0161\u00ed zahrani\u010dn\u00ed film. V leto\u0161n\u00edm roce akademici v hlasov\u00e1n\u00ed rozhodli vyslat za \u010ceskou republiku do boje o presti\u017en\u00ed filmovou cenu sn\u00edmek re\u017eis\u00e9ra a scen\u00e1risty Petra V\u00e1clava Il Boemo.\" \/>\n<meta property=\"og:url\" content=\"https:\/\/www.mzone.cz\/en\/ceska-republika-vysle-do-boje-o-oscara-film-il-boemo-petra-vaclava\/\" \/>\n<meta property=\"og:site_name\" content=\"Mzone\" \/>\n<meta property=\"article:publisher\" content=\"https:\/\/www.facebook.com\/MzoneCZ\/\" \/>\n<meta property=\"article:published_time\" content=\"2022-09-15T14:43:42+00:00\" \/>\n<meta property=\"article:modified_time\" content=\"2022-09-16T08:42:04+00:00\" \/>\n<meta property=\"og:image\" content=\"https:\/\/www.mzone.cz\/wp-content\/uploads\/2022\/09\/Il-Boemo_foto-3_m.jpg\" \/>\n\t<meta property=\"og:image:width\" content=\"1774\" \/>\n\t<meta property=\"og:image:height\" content=\"1181\" \/>\n\t<meta property=\"og:image:type\" content=\"image\/jpeg\" \/>\n<meta name=\"author\" content=\"Mzone\" \/>\n<meta name=\"twitter:card\" content=\"summary_large_image\" \/>\n<meta name=\"twitter:label1\" content=\"Written by\" \/>\n\t<meta name=\"twitter:data1\" content=\"Mzone\" \/>\n\t<meta name=\"twitter:label2\" content=\"Est. reading time\" \/>\n\t<meta name=\"twitter:data2\" content=\"3 minutes\" \/>\n<script type=\"application\/ld+json\" class=\"yoast-schema-graph\">{\"@context\":\"https:\\\/\\\/schema.org\",\"@graph\":[{\"@type\":\"Article\",\"@id\":\"https:\\\/\\\/www.mzone.cz\\\/ceska-republika-vysle-do-boje-o-oscara-film-il-boemo-petra-vaclava\\\/#article\",\"isPartOf\":{\"@id\":\"https:\\\/\\\/www.mzone.cz\\\/ceska-republika-vysle-do-boje-o-oscara-film-il-boemo-petra-vaclava\\\/\"},\"author\":{\"name\":\"Mzone\",\"@id\":\"https:\\\/\\\/www.mzone.cz\\\/#\\\/schema\\\/person\\\/9bc20cc422a99cac4af6ff9297da32d4\"},\"headline\":\"\u010cesk\u00e1 republika vy\u0161le do boje o Oscara film Il Boemo Petra V\u00e1clava\",\"datePublished\":\"2022-09-15T14:43:42+00:00\",\"dateModified\":\"2022-09-16T08:42:04+00:00\",\"mainEntityOfPage\":{\"@id\":\"https:\\\/\\\/www.mzone.cz\\\/ceska-republika-vysle-do-boje-o-oscara-film-il-boemo-petra-vaclava\\\/\"},\"wordCount\":612,\"commentCount\":0,\"image\":{\"@id\":\"https:\\\/\\\/www.mzone.cz\\\/ceska-republika-vysle-do-boje-o-oscara-film-il-boemo-petra-vaclava\\\/#primaryimage\"},\"thumbnailUrl\":\"https:\\\/\\\/www.mzone.cz\\\/wp-content\\\/uploads\\\/2022\\\/09\\\/Il-Boemo_foto-3_m.jpg\",\"keywords\":[\"ceny\",\"film\",\"Filmy\",\"Il Boemo\",\"kinematografie\",\"Kultura\",\"nominace\",\"ocen\u011bn\u00ed\",\"Oscar\"],\"articleSection\":[\"Filmy\",\"Kultura\"],\"inLanguage\":\"en-US\",\"potentialAction\":[{\"@type\":\"CommentAction\",\"name\":\"Comment\",\"target\":[\"https:\\\/\\\/www.mzone.cz\\\/ceska-republika-vysle-do-boje-o-oscara-film-il-boemo-petra-vaclava\\\/#respond\"]}]},{\"@type\":\"WebPage\",\"@id\":\"https:\\\/\\\/www.mzone.cz\\\/ceska-republika-vysle-do-boje-o-oscara-film-il-boemo-petra-vaclava\\\/\",\"url\":\"https:\\\/\\\/www.mzone.cz\\\/ceska-republika-vysle-do-boje-o-oscara-film-il-boemo-petra-vaclava\\\/\",\"name\":\"\u010cesk\u00e1 republika vy\u0161le do boje o Oscara film Il Boemo Petra V\u00e1clava - Mzone\",\"isPartOf\":{\"@id\":\"https:\\\/\\\/www.mzone.cz\\\/#website\"},\"primaryImageOfPage\":{\"@id\":\"https:\\\/\\\/www.mzone.cz\\\/ceska-republika-vysle-do-boje-o-oscara-film-il-boemo-petra-vaclava\\\/#primaryimage\"},\"image\":{\"@id\":\"https:\\\/\\\/www.mzone.cz\\\/ceska-republika-vysle-do-boje-o-oscara-film-il-boemo-petra-vaclava\\\/#primaryimage\"},\"thumbnailUrl\":\"https:\\\/\\\/www.mzone.cz\\\/wp-content\\\/uploads\\\/2022\\\/09\\\/Il-Boemo_foto-3_m.jpg\",\"datePublished\":\"2022-09-15T14:43:42+00:00\",\"dateModified\":\"2022-09-16T08:42:04+00:00\",\"author\":{\"@id\":\"https:\\\/\\\/www.mzone.cz\\\/#\\\/schema\\\/person\\\/9bc20cc422a99cac4af6ff9297da32d4\"},\"description\":\"V Praze, 12. z\u00e1\u0159\u00ed 2022 \u2013 \u010cesk\u00e1 filmov\u00e1 a televizn\u00ed akademie (\u010cFTA), kter\u00e1 stoj\u00ed za ud\u00edlen\u00edm cen \u010cesk\u00fd lev, ka\u017edoro\u010dn\u011b vyb\u00edr\u00e1 i kandid\u00e1ta na Oscara v kategorii Nejlep\u0161\u00ed zahrani\u010dn\u00ed film. V leto\u0161n\u00edm roce akademici v hlasov\u00e1n\u00ed rozhodli vyslat za \u010ceskou republiku do boje o presti\u017en\u00ed filmovou cenu sn\u00edmek re\u017eis\u00e9ra a scen\u00e1risty Petra V\u00e1clava Il Boemo.\",\"breadcrumb\":{\"@id\":\"https:\\\/\\\/www.mzone.cz\\\/ceska-republika-vysle-do-boje-o-oscara-film-il-boemo-petra-vaclava\\\/#breadcrumb\"},\"inLanguage\":\"en-US\",\"potentialAction\":[{\"@type\":\"ReadAction\",\"target\":[\"https:\\\/\\\/www.mzone.cz\\\/ceska-republika-vysle-do-boje-o-oscara-film-il-boemo-petra-vaclava\\\/\"]}]},{\"@type\":\"ImageObject\",\"inLanguage\":\"en-US\",\"@id\":\"https:\\\/\\\/www.mzone.cz\\\/ceska-republika-vysle-do-boje-o-oscara-film-il-boemo-petra-vaclava\\\/#primaryimage\",\"url\":\"https:\\\/\\\/www.mzone.cz\\\/wp-content\\\/uploads\\\/2022\\\/09\\\/Il-Boemo_foto-3_m.jpg\",\"contentUrl\":\"https:\\\/\\\/www.mzone.cz\\\/wp-content\\\/uploads\\\/2022\\\/09\\\/Il-Boemo_foto-3_m.jpg\",\"width\":1774,\"height\":1181,\"caption\":\"Il Boemo\"},{\"@type\":\"BreadcrumbList\",\"@id\":\"https:\\\/\\\/www.mzone.cz\\\/ceska-republika-vysle-do-boje-o-oscara-film-il-boemo-petra-vaclava\\\/#breadcrumb\",\"itemListElement\":[{\"@type\":\"ListItem\",\"position\":1,\"name\":\"Dom\u016f\",\"item\":\"https:\\\/\\\/www.mzone.cz\\\/\"},{\"@type\":\"ListItem\",\"position\":2,\"name\":\"\u010cesk\u00e1 republika vy\u0161le do boje o Oscara film Il Boemo Petra V\u00e1clava\"}]},{\"@type\":\"WebSite\",\"@id\":\"https:\\\/\\\/www.mzone.cz\\\/#website\",\"url\":\"https:\\\/\\\/www.mzone.cz\\\/\",\"name\":\"Mzone\",\"description\":\"Magaz\u00edn nejen pro mu\u017ee\",\"potentialAction\":[{\"@type\":\"SearchAction\",\"target\":{\"@type\":\"EntryPoint\",\"urlTemplate\":\"https:\\\/\\\/www.mzone.cz\\\/?s={search_term_string}\"},\"query-input\":{\"@type\":\"PropertyValueSpecification\",\"valueRequired\":true,\"valueName\":\"search_term_string\"}}],\"inLanguage\":\"en-US\"},{\"@type\":\"Person\",\"@id\":\"https:\\\/\\\/www.mzone.cz\\\/#\\\/schema\\\/person\\\/9bc20cc422a99cac4af6ff9297da32d4\",\"name\":\"Mzone\",\"image\":{\"@type\":\"ImageObject\",\"inLanguage\":\"en-US\",\"@id\":\"https:\\\/\\\/secure.gravatar.com\\\/avatar\\\/e780a8630f3182a3d06dd667ab6bea151a0d155b0951bc15fe22633acdac0676?s=96&d=mm&r=g\",\"url\":\"https:\\\/\\\/secure.gravatar.com\\\/avatar\\\/e780a8630f3182a3d06dd667ab6bea151a0d155b0951bc15fe22633acdac0676?s=96&d=mm&r=g\",\"contentUrl\":\"https:\\\/\\\/secure.gravatar.com\\\/avatar\\\/e780a8630f3182a3d06dd667ab6bea151a0d155b0951bc15fe22633acdac0676?s=96&d=mm&r=g\",\"caption\":\"Mzone\"},\"url\":\"https:\\\/\\\/www.mzone.cz\\\/en\\\/author\\\/jakub\\\/\"}]}<\/script>\n<!-- \/ Yoast SEO plugin. -->","yoast_head_json":{"title":"\u010cesk\u00e1 republika vy\u0161le do boje o Oscara film Il Boemo Petra V\u00e1clava - Mzone","description":"V Praze, 12. z\u00e1\u0159\u00ed 2022 \u2013 \u010cesk\u00e1 filmov\u00e1 a televizn\u00ed akademie (\u010cFTA), kter\u00e1 stoj\u00ed za ud\u00edlen\u00edm cen \u010cesk\u00fd lev, ka\u017edoro\u010dn\u011b vyb\u00edr\u00e1 i kandid\u00e1ta na Oscara v kategorii Nejlep\u0161\u00ed zahrani\u010dn\u00ed film. V leto\u0161n\u00edm roce akademici v hlasov\u00e1n\u00ed rozhodli vyslat za \u010ceskou republiku do boje o presti\u017en\u00ed filmovou cenu sn\u00edmek re\u017eis\u00e9ra a scen\u00e1risty Petra V\u00e1clava Il Boemo.","robots":{"index":"index","follow":"follow","max-snippet":"max-snippet:-1","max-image-preview":"max-image-preview:large","max-video-preview":"max-video-preview:-1"},"canonical":"https:\/\/www.mzone.cz\/en\/ceska-republika-vysle-do-boje-o-oscara-film-il-boemo-petra-vaclava\/","og_locale":"en_US","og_type":"article","og_title":"\u010cesk\u00e1 republika vy\u0161le do boje o Oscara film Il Boemo Petra V\u00e1clava - Mzone","og_description":"V Praze, 12. z\u00e1\u0159\u00ed 2022 \u2013 \u010cesk\u00e1 filmov\u00e1 a televizn\u00ed akademie (\u010cFTA), kter\u00e1 stoj\u00ed za ud\u00edlen\u00edm cen \u010cesk\u00fd lev, ka\u017edoro\u010dn\u011b vyb\u00edr\u00e1 i kandid\u00e1ta na Oscara v kategorii Nejlep\u0161\u00ed zahrani\u010dn\u00ed film. V leto\u0161n\u00edm roce akademici v hlasov\u00e1n\u00ed rozhodli vyslat za \u010ceskou republiku do boje o presti\u017en\u00ed filmovou cenu sn\u00edmek re\u017eis\u00e9ra a scen\u00e1risty Petra V\u00e1clava Il Boemo.","og_url":"https:\/\/www.mzone.cz\/en\/ceska-republika-vysle-do-boje-o-oscara-film-il-boemo-petra-vaclava\/","og_site_name":"Mzone","article_publisher":"https:\/\/www.facebook.com\/MzoneCZ\/","article_published_time":"2022-09-15T14:43:42+00:00","article_modified_time":"2022-09-16T08:42:04+00:00","og_image":[{"width":1774,"height":1181,"url":"https:\/\/www.mzone.cz\/wp-content\/uploads\/2022\/09\/Il-Boemo_foto-3_m.jpg","type":"image\/jpeg"}],"author":"Mzone","twitter_card":"summary_large_image","twitter_misc":{"Written by":"Mzone","Est. reading time":"3 minutes"},"schema":{"@context":"https:\/\/schema.org","@graph":[{"@type":"Article","@id":"https:\/\/www.mzone.cz\/ceska-republika-vysle-do-boje-o-oscara-film-il-boemo-petra-vaclava\/#article","isPartOf":{"@id":"https:\/\/www.mzone.cz\/ceska-republika-vysle-do-boje-o-oscara-film-il-boemo-petra-vaclava\/"},"author":{"name":"Mzone","@id":"https:\/\/www.mzone.cz\/#\/schema\/person\/9bc20cc422a99cac4af6ff9297da32d4"},"headline":"\u010cesk\u00e1 republika vy\u0161le do boje o Oscara film Il Boemo Petra V\u00e1clava","datePublished":"2022-09-15T14:43:42+00:00","dateModified":"2022-09-16T08:42:04+00:00","mainEntityOfPage":{"@id":"https:\/\/www.mzone.cz\/ceska-republika-vysle-do-boje-o-oscara-film-il-boemo-petra-vaclava\/"},"wordCount":612,"commentCount":0,"image":{"@id":"https:\/\/www.mzone.cz\/ceska-republika-vysle-do-boje-o-oscara-film-il-boemo-petra-vaclava\/#primaryimage"},"thumbnailUrl":"https:\/\/www.mzone.cz\/wp-content\/uploads\/2022\/09\/Il-Boemo_foto-3_m.jpg","keywords":["ceny","film","Filmy","Il Boemo","kinematografie","Kultura","nominace","ocen\u011bn\u00ed","Oscar"],"articleSection":["Filmy","Kultura"],"inLanguage":"en-US","potentialAction":[{"@type":"CommentAction","name":"Comment","target":["https:\/\/www.mzone.cz\/ceska-republika-vysle-do-boje-o-oscara-film-il-boemo-petra-vaclava\/#respond"]}]},{"@type":"WebPage","@id":"https:\/\/www.mzone.cz\/ceska-republika-vysle-do-boje-o-oscara-film-il-boemo-petra-vaclava\/","url":"https:\/\/www.mzone.cz\/ceska-republika-vysle-do-boje-o-oscara-film-il-boemo-petra-vaclava\/","name":"\u010cesk\u00e1 republika vy\u0161le do boje o Oscara film Il Boemo Petra V\u00e1clava - Mzone","isPartOf":{"@id":"https:\/\/www.mzone.cz\/#website"},"primaryImageOfPage":{"@id":"https:\/\/www.mzone.cz\/ceska-republika-vysle-do-boje-o-oscara-film-il-boemo-petra-vaclava\/#primaryimage"},"image":{"@id":"https:\/\/www.mzone.cz\/ceska-republika-vysle-do-boje-o-oscara-film-il-boemo-petra-vaclava\/#primaryimage"},"thumbnailUrl":"https:\/\/www.mzone.cz\/wp-content\/uploads\/2022\/09\/Il-Boemo_foto-3_m.jpg","datePublished":"2022-09-15T14:43:42+00:00","dateModified":"2022-09-16T08:42:04+00:00","author":{"@id":"https:\/\/www.mzone.cz\/#\/schema\/person\/9bc20cc422a99cac4af6ff9297da32d4"},"description":"V Praze, 12. z\u00e1\u0159\u00ed 2022 \u2013 \u010cesk\u00e1 filmov\u00e1 a televizn\u00ed akademie (\u010cFTA), kter\u00e1 stoj\u00ed za ud\u00edlen\u00edm cen \u010cesk\u00fd lev, ka\u017edoro\u010dn\u011b vyb\u00edr\u00e1 i kandid\u00e1ta na Oscara v kategorii Nejlep\u0161\u00ed zahrani\u010dn\u00ed film. V leto\u0161n\u00edm roce akademici v hlasov\u00e1n\u00ed rozhodli vyslat za \u010ceskou republiku do boje o presti\u017en\u00ed filmovou cenu sn\u00edmek re\u017eis\u00e9ra a scen\u00e1risty Petra V\u00e1clava Il Boemo.","breadcrumb":{"@id":"https:\/\/www.mzone.cz\/ceska-republika-vysle-do-boje-o-oscara-film-il-boemo-petra-vaclava\/#breadcrumb"},"inLanguage":"en-US","potentialAction":[{"@type":"ReadAction","target":["https:\/\/www.mzone.cz\/ceska-republika-vysle-do-boje-o-oscara-film-il-boemo-petra-vaclava\/"]}]},{"@type":"ImageObject","inLanguage":"en-US","@id":"https:\/\/www.mzone.cz\/ceska-republika-vysle-do-boje-o-oscara-film-il-boemo-petra-vaclava\/#primaryimage","url":"https:\/\/www.mzone.cz\/wp-content\/uploads\/2022\/09\/Il-Boemo_foto-3_m.jpg","contentUrl":"https:\/\/www.mzone.cz\/wp-content\/uploads\/2022\/09\/Il-Boemo_foto-3_m.jpg","width":1774,"height":1181,"caption":"Il Boemo"},{"@type":"BreadcrumbList","@id":"https:\/\/www.mzone.cz\/ceska-republika-vysle-do-boje-o-oscara-film-il-boemo-petra-vaclava\/#breadcrumb","itemListElement":[{"@type":"ListItem","position":1,"name":"Dom\u016f","item":"https:\/\/www.mzone.cz\/"},{"@type":"ListItem","position":2,"name":"\u010cesk\u00e1 republika vy\u0161le do boje o Oscara film Il Boemo Petra V\u00e1clava"}]},{"@type":"WebSite","@id":"https:\/\/www.mzone.cz\/#website","url":"https:\/\/www.mzone.cz\/","name":"Mzone","description":"Magaz\u00edn nejen pro mu\u017ee","potentialAction":[{"@type":"SearchAction","target":{"@type":"EntryPoint","urlTemplate":"https:\/\/www.mzone.cz\/?s={search_term_string}"},"query-input":{"@type":"PropertyValueSpecification","valueRequired":true,"valueName":"search_term_string"}}],"inLanguage":"en-US"},{"@type":"Person","@id":"https:\/\/www.mzone.cz\/#\/schema\/person\/9bc20cc422a99cac4af6ff9297da32d4","name":"Mzone","image":{"@type":"ImageObject","inLanguage":"en-US","@id":"https:\/\/secure.gravatar.com\/avatar\/e780a8630f3182a3d06dd667ab6bea151a0d155b0951bc15fe22633acdac0676?s=96&d=mm&r=g","url":"https:\/\/secure.gravatar.com\/avatar\/e780a8630f3182a3d06dd667ab6bea151a0d155b0951bc15fe22633acdac0676?s=96&d=mm&r=g","contentUrl":"https:\/\/secure.gravatar.com\/avatar\/e780a8630f3182a3d06dd667ab6bea151a0d155b0951bc15fe22633acdac0676?s=96&d=mm&r=g","caption":"Mzone"},"url":"https:\/\/www.mzone.cz\/en\/author\/jakub\/"}]}},"_links":{"self":[{"href":"https:\/\/www.mzone.cz\/en\/wp-json\/wp\/v2\/posts\/37871","targetHints":{"allow":["GET"]}}],"collection":[{"href":"https:\/\/www.mzone.cz\/en\/wp-json\/wp\/v2\/posts"}],"about":[{"href":"https:\/\/www.mzone.cz\/en\/wp-json\/wp\/v2\/types\/post"}],"author":[{"embeddable":true,"href":"https:\/\/www.mzone.cz\/en\/wp-json\/wp\/v2\/users\/4"}],"replies":[{"embeddable":true,"href":"https:\/\/www.mzone.cz\/en\/wp-json\/wp\/v2\/comments?post=37871"}],"version-history":[{"count":8,"href":"https:\/\/www.mzone.cz\/en\/wp-json\/wp\/v2\/posts\/37871\/revisions"}],"predecessor-version":[{"id":37881,"href":"https:\/\/www.mzone.cz\/en\/wp-json\/wp\/v2\/posts\/37871\/revisions\/37881"}],"wp:featuredmedia":[{"embeddable":true,"href":"https:\/\/www.mzone.cz\/en\/wp-json\/wp\/v2\/media\/37874"}],"wp:attachment":[{"href":"https:\/\/www.mzone.cz\/en\/wp-json\/wp\/v2\/media?parent=37871"}],"wp:term":[{"taxonomy":"category","embeddable":true,"href":"https:\/\/www.mzone.cz\/en\/wp-json\/wp\/v2\/categories?post=37871"},{"taxonomy":"post_tag","embeddable":true,"href":"https:\/\/www.mzone.cz\/en\/wp-json\/wp\/v2\/tags?post=37871"}],"curies":[{"name":"wp","href":"https:\/\/api.w.org\/{rel}","templated":true}]}}