{"id":38060,"date":"2022-10-02T05:00:00","date_gmt":"2022-10-02T03:00:00","guid":{"rendered":"https:\/\/www.mzone.cz\/?p=38060"},"modified":"2022-09-30T10:10:03","modified_gmt":"2022-09-30T08:10:03","slug":"rock-for-people-2023-headlineri-muse-a-slipknot","status":"publish","type":"post","link":"https:\/\/www.mzone.cz\/en\/rock-for-people-2023-headlineri-muse-a-slipknot\/","title":{"rendered":"Muse a Slipknot: Rock for People m\u00ed\u0159\u00ed je\u0161t\u011b v\u00fd\u0161, vyt\u00e1hl esa v podob\u011b dvou headliner\u016f"},"content":{"rendered":"<p><strong>Po leto\u0161n\u00edm legend\u00e1rn\u00edm vyprodan\u00e9m ro\u010dn\u00edku Rock for People v \u010dele s Green Day organiz\u00e1to\u0159i posouvaj\u00ed la\u0165ku op\u011bt v\u00fd\u0161. Jako prvn\u00ed festival oznamuj\u00ed hned dva headlinery p\u0159\u00ed\u0161t\u00edho l\u00e9ta a op\u011bt p\u0159id\u00e1vaj\u00ed \u010dtvrt\u00fd den.<\/strong><\/p><br>\n\n\n\n<p>Fanou\u0161ci se mohou t\u011b\u0161it na monstr\u00f3zn\u00ed p\u00f3diovou show britsk\u00fdch velik\u00e1n\u016f Muse v r\u00e1mci turn\u00e9 k jejich dev\u00e1t\u00e9mu studiov\u00e9mu albu Will of the People. Ameri\u010dn\u00ed Slipknot, kte\u0159\u00ed svou leto\u0161n\u00ed show v O2 aren\u011b dok\u00e1zali, \u017ee se pr\u00e1vem \u0159ad\u00ed k nejv\u011bt\u0161\u00edm metalov\u00fdm legend\u00e1m hudebn\u00ed historie, zase pot\u011b\u0161\u00ed v \u010dervnu v hradeck\u00e9m Parku 360 milovn\u00edky tvrd\u0161\u00edch \u017e\u00e1nr\u016f.<\/p>\n\n\n\n<blockquote class=\"wp-block-quote is-layout-flow wp-block-quote-is-layout-flow\"><p>\u201ePoda\u0159ilo se n\u00e1m op\u011bt p\u0159ekro\u010dit vlastn\u00ed hranice. Kdy\u017e n\u00e1m agentka Green Day spokojen\u011b d\u011bkovala, v\u011bd\u011bl jsem, \u017ee n\u00e1s leto\u0161n\u00ed 26. ro\u010dn\u00edk posunul v mnoha ohledech o obrovsk\u00fd kus d\u00e1l,\u201c \u0159\u00edk\u00e1 s \u00fasm\u011bvem \u0159editel festivalu Michal Thomes a dod\u00e1v\u00e1: \u201eNa\u0161e p\u00edle se n\u00e1m vyplatila, proto\u017ee tato stejn\u00e1 agentka n\u00e1m nyn\u00ed po m\u011bs\u00edc\u00edch vyjedn\u00e1v\u00e1n\u00ed potvrdila \u00fa\u010dast kapely nejen produk\u010dn\u011b mnohem v\u011bt\u0161\u00edch rozm\u011br\u016f \u2013 Muse.\u201c\u00a0<\/p><\/blockquote>\n\n\n\n<p>Rock for People letos slavil \u00fasp\u011bch na v\u0161ech front\u00e1ch a 27. ro\u010dn\u00edk festivalu na tento \u00fasp\u011bch nejen nav\u00e1\u017ee, ale chystan\u00fdm lineupem ho doslova p\u0159ev\u00e1lcuje. Organiz\u00e1to\u0159i nesund\u00e1vaj\u00ed nohu z plynu, a krom\u011b dvou headliner\u016f ozn\u00e1mili prvn\u00ed bal\u00ed\u010dek dal\u0161\u00edch 15 kapel, na kter\u00e9 se mohou n\u00e1v\u0161t\u011bvn\u00edci festivalu v l\u00e9t\u011b t\u011b\u0161it. Jedn\u00e1 se o dramaturgickou ochutn\u00e1vku toho, jak\u00fdm sm\u011brem se bude lineup dal\u0161\u00edho ro\u010dn\u00edku ub\u00edrat.<\/p>\n\n\n\n<figure class=\"wp-block-image size-large\"><img loading=\"lazy\" decoding=\"async\" width=\"1024\" height=\"683\" src=\"https:\/\/www.mzone.cz\/wp-content\/uploads\/2022\/09\/Slipknot-1024x683.jpg\" alt=\"Slipknot\" class=\"wp-image-38066\" srcset=\"https:\/\/www.mzone.cz\/wp-content\/uploads\/2022\/09\/Slipknot-1024x683.jpg 1024w, https:\/\/www.mzone.cz\/wp-content\/uploads\/2022\/09\/Slipknot-300x200.jpg 300w, https:\/\/www.mzone.cz\/wp-content\/uploads\/2022\/09\/Slipknot-768x512.jpg 768w, https:\/\/www.mzone.cz\/wp-content\/uploads\/2022\/09\/Slipknot-1536x1024.jpg 1536w, https:\/\/www.mzone.cz\/wp-content\/uploads\/2022\/09\/Slipknot-2048x1365.jpg 2048w, https:\/\/www.mzone.cz\/wp-content\/uploads\/2022\/09\/Slipknot-18x12.jpg 18w, https:\/\/www.mzone.cz\/wp-content\/uploads\/2022\/09\/Slipknot-800x533.jpg 800w, https:\/\/www.mzone.cz\/wp-content\/uploads\/2022\/09\/Slipknot-400x267.jpg 400w, https:\/\/www.mzone.cz\/wp-content\/uploads\/2022\/09\/Slipknot-500x333.jpg 500w, https:\/\/www.mzone.cz\/wp-content\/uploads\/2022\/09\/Slipknot-1170x780.jpg 1170w, https:\/\/www.mzone.cz\/wp-content\/uploads\/2022\/09\/Slipknot-590x393.jpg 590w\" sizes=\"auto, (max-width: 1024px) 100vw, 1024px\" \/><\/figure>\n\n\n\n<blockquote class=\"wp-block-quote is-layout-flow wp-block-quote-is-layout-flow\"><p>\u201eNad lineupem p\u0159em\u00fd\u0161l\u00edme v\u017edy komplexn\u011b tak, aby fungoval jako celek. P\u0159in\u00e1\u0161\u00edme na\u0161im fanou\u0161k\u016fm velk\u00e1 jm\u00e9na sv\u011btov\u00e9 sc\u00e9ny, aby se skv\u011ble dopl\u0148ovala, st\u0159edn\u00ed kapely tvrd\u0161\u00edch \u017e\u00e1nr\u016f, kter\u00e9 miluj\u00ed, ale tak\u00e9 zaj\u00edmav\u00e9 dramaturgick\u00e9 p\u0159esahy,\u201c komentuje linku festivalu Michal Thomes a dod\u00e1v\u00e1: \u201eD\u016fle\u017eitou roli hraj\u00ed tak\u00e9 nov\u00e1 \u201efresh\u201c jm\u00e9na, kter\u00e1 s n\u00e1mi na\u0161i fanou\u0161ci r\u00e1di objevuj\u00ed.\u201c\u00a0<\/p><\/blockquote>\n\n\n\n<p>Jako subheadline\u0159i se na festivalu p\u0159edstav\u00ed brit\u0161t\u00ed metalcorov\u00ed Architects, kanad\u0161t\u00ed punk rocke\u0159i Billy Talent a ameri\u010dt\u00ed rap rockov\u00ed Hollywood Undead. D\u00e1le na p\u00f3di\u00edch Rock for People v \u010dervnu vystoup\u00ed kapely I Prevail, Lorna Shore, Nothing But Thieves, Paledusk, Set It Off, Sleep Token, The Amazons a While She Sleeps. \u010ceskoslovenskou sc\u00e9nu na festivalu prozat\u00edm zastupuj\u00ed sloven\u0161t\u00ed rocke\u0159i From Our Hands, nep\u0159edv\u00eddateln\u00ed bou\u0159liv\u00e1ci Hentai Corporation, fanou\u0161k\u016fm RfP dob\u0159e zn\u00e1m\u00ed I Love You Honey Bunny, tvrd\u0161\u00ed \u017e\u00e1nry zastupuj\u00edc\u00ed Severals a exkluzivn\u00ed comebackov\u00fd koncert post-hardcorov\u00fdch Shogun Tokugawa. Rock for People hl\u00e1s\u00ed: \u201eTohle je teprve za\u010d\u00e1tek!\u201c<\/p><br>\n\n\n\n<p><strong>Festival Rock for People se uskute\u010dn\u00ed v term\u00ednu 8.-11. \u010dervna 2023 v hradeck\u00e9m Parku 360. P\u0159edprodej vstupenek dal\u0161\u00ed edice za 2990 K\u010d odstartoval u\u017e v p\u00e1tek na <a href=\"https:\/\/goout.net\/cs\/\" target=\"_blank\" rel=\"noreferrer noopener\">GoOut<\/a>.<\/strong><\/p><br>\n\n\n\n<div class=\"wp-block-media-text alignwide is-stacked-on-mobile is-vertically-aligned-top\" style=\"grid-template-columns:23% auto\"><figure class=\"wp-block-media-text__media\"><a href=\"https:\/\/www.mzone.cz\/fever-333-zacatkem-pristiho-roku-praze-rozproudi-krev-v-zilach\/\"><img loading=\"lazy\" decoding=\"async\" width=\"1007\" height=\"671\" src=\"https:\/\/www.mzone.cz\/wp-content\/uploads\/2022\/08\/Fever333.png\" alt=\"Fever 333\" class=\"wp-image-37712 size-full\" srcset=\"https:\/\/www.mzone.cz\/wp-content\/uploads\/2022\/08\/Fever333.png 1007w, https:\/\/www.mzone.cz\/wp-content\/uploads\/2022\/08\/Fever333-300x200.png 300w, https:\/\/www.mzone.cz\/wp-content\/uploads\/2022\/08\/Fever333-768x512.png 768w, https:\/\/www.mzone.cz\/wp-content\/uploads\/2022\/08\/Fever333-18x12.png 18w, https:\/\/www.mzone.cz\/wp-content\/uploads\/2022\/08\/Fever333-800x533.png 800w, https:\/\/www.mzone.cz\/wp-content\/uploads\/2022\/08\/Fever333-400x267.png 400w, https:\/\/www.mzone.cz\/wp-content\/uploads\/2022\/08\/Fever333-500x333.png 500w, https:\/\/www.mzone.cz\/wp-content\/uploads\/2022\/08\/Fever333-590x393.png 590w\" sizes=\"auto, (max-width: 1007px) 100vw, 1007px\" \/><\/a><\/figure><div class=\"wp-block-media-text__content\">\n<h4><a href=\"https:\/\/www.mzone.cz\/fever-333-zacatkem-pristiho-roku-praze-rozproudi-krev-v-zilach\/\">Ameri\u010dt\u00ed Fever 333 za\u010d\u00e1tkem p\u0159\u00ed\u0161t\u00edho roku Praze rozproud\u00ed krev v \u017eil\u00e1ch<\/a><\/h4><br>\n<\/div><\/div>","protected":false},"excerpt":{"rendered":"<p>Po leto\u0161n\u00edm legend\u00e1rn\u00edm vyprodan\u00e9m ro\u010dn\u00edku Rock for People v \u010dele s Green Day organiz\u00e1to\u0159i posouvaj\u00ed la\u0165ku op\u011bt v\u00fd\u0161. Jako prvn\u00ed festival oznamuj\u00ed hned dva headlinery p\u0159\u00ed\u0161t\u00edho l\u00e9ta a op\u011bt p\u0159id\u00e1vaj\u00ed \u010dtvrt\u00fd den. Fanou\u0161ci se mohou t\u011b\u0161it na monstr\u00f3zn\u00ed p\u00f3diovou show britsk\u00fdch velik\u00e1n\u016f Muse v r\u00e1mci turn\u00e9 k jejich dev\u00e1t\u00e9mu studiov\u00e9mu albu Will of the People. [&hellip;]<\/p>\n","protected":false},"author":4,"featured_media":38064,"comment_status":"open","ping_status":"closed","sticky":false,"template":"","format":"standard","meta":{"kk_blocks_editor_width":"","_kiokenblocks_attr":"","_kiokenblocks_dimensions":"","footnotes":""},"categories":[76,71],"tags":[153,5583,2796,1147,1059,1584,31,2248,1580,2055,1825,2871,1802,5582,2012],"class_list":["post-38060","post","type-post","status-publish","format-standard","has-post-thumbnail","hentry","category-hudba","category-kultura","tag-festival","tag-headliner","tag-headlineri","tag-hudba","tag-hvezdy","tag-kapela","tag-kultura","tag-muse","tag-muzika","tag-rock","tag-rock-for-people","tag-rockova-hudba","tag-skupina","tag-slipknot","tag-ucinkujici"],"yoast_head":"<!-- This site is optimized with the Yoast SEO plugin v27.5 - https:\/\/yoast.com\/product\/yoast-seo-wordpress\/ -->\n<title>Muse a Slipknot: Rock for People m\u00ed\u0159\u00ed je\u0161t\u011b v\u00fd\u0161, vyt\u00e1hl esa v podob\u011b dvou headliner\u016f - Mzone<\/title>\n<meta name=\"description\" content=\"Po leto\u0161n\u00edm legend\u00e1rn\u00edm vyprodan\u00e9m ro\u010dn\u00edku Rock for People v \u010dele s Green Day organiz\u00e1to\u0159i posouvaj\u00ed la\u0165ku op\u011bt v\u00fd\u0161. Jako prvn\u00ed festival oznamuj\u00ed hned dva headlinery p\u0159\u00ed\u0161t\u00edho l\u00e9ta a op\u011bt p\u0159id\u00e1vaj\u00ed \u010dtvrt\u00fd den.\" \/>\n<meta name=\"robots\" content=\"index, follow, max-snippet:-1, max-image-preview:large, max-video-preview:-1\" \/>\n<link rel=\"canonical\" href=\"https:\/\/www.mzone.cz\/en\/rock-for-people-2023-headlineri-muse-a-slipknot\/\" \/>\n<meta property=\"og:locale\" content=\"en_US\" \/>\n<meta property=\"og:type\" content=\"article\" \/>\n<meta property=\"og:title\" content=\"Muse a Slipknot: Rock for People m\u00ed\u0159\u00ed je\u0161t\u011b v\u00fd\u0161, vyt\u00e1hl esa v podob\u011b dvou headliner\u016f - Mzone\" \/>\n<meta property=\"og:description\" content=\"Po leto\u0161n\u00edm legend\u00e1rn\u00edm vyprodan\u00e9m ro\u010dn\u00edku Rock for People v \u010dele s Green Day organiz\u00e1to\u0159i posouvaj\u00ed la\u0165ku op\u011bt v\u00fd\u0161. Jako prvn\u00ed festival oznamuj\u00ed hned dva headlinery p\u0159\u00ed\u0161t\u00edho l\u00e9ta a op\u011bt p\u0159id\u00e1vaj\u00ed \u010dtvrt\u00fd den.\" \/>\n<meta property=\"og:url\" content=\"https:\/\/www.mzone.cz\/en\/rock-for-people-2023-headlineri-muse-a-slipknot\/\" \/>\n<meta property=\"og:site_name\" content=\"Mzone\" \/>\n<meta property=\"article:publisher\" content=\"https:\/\/www.facebook.com\/MzoneCZ\/\" \/>\n<meta property=\"article:published_time\" content=\"2022-10-02T03:00:00+00:00\" \/>\n<meta property=\"og:image\" content=\"https:\/\/www.mzone.cz\/wp-content\/uploads\/2022\/09\/Muse-scaled.jpeg\" \/>\n\t<meta property=\"og:image:width\" content=\"2560\" \/>\n\t<meta property=\"og:image:height\" content=\"1707\" \/>\n\t<meta property=\"og:image:type\" content=\"image\/jpeg\" \/>\n<meta name=\"author\" content=\"Mzone\" \/>\n<meta name=\"twitter:card\" content=\"summary_large_image\" \/>\n<meta name=\"twitter:label1\" content=\"Written by\" \/>\n\t<meta name=\"twitter:data1\" content=\"Mzone\" \/>\n\t<meta name=\"twitter:label2\" content=\"Est. reading time\" \/>\n\t<meta name=\"twitter:data2\" content=\"3 minutes\" \/>\n<script type=\"application\/ld+json\" class=\"yoast-schema-graph\">{\"@context\":\"https:\\\/\\\/schema.org\",\"@graph\":[{\"@type\":\"Article\",\"@id\":\"https:\\\/\\\/www.mzone.cz\\\/rock-for-people-2023-headlineri-muse-a-slipknot\\\/#article\",\"isPartOf\":{\"@id\":\"https:\\\/\\\/www.mzone.cz\\\/rock-for-people-2023-headlineri-muse-a-slipknot\\\/\"},\"author\":{\"name\":\"Mzone\",\"@id\":\"https:\\\/\\\/www.mzone.cz\\\/#\\\/schema\\\/person\\\/9bc20cc422a99cac4af6ff9297da32d4\"},\"headline\":\"Muse a Slipknot: Rock for People m\u00ed\u0159\u00ed je\u0161t\u011b v\u00fd\u0161, vyt\u00e1hl esa v podob\u011b dvou headliner\u016f\",\"datePublished\":\"2022-10-02T03:00:00+00:00\",\"mainEntityOfPage\":{\"@id\":\"https:\\\/\\\/www.mzone.cz\\\/rock-for-people-2023-headlineri-muse-a-slipknot\\\/\"},\"wordCount\":560,\"commentCount\":0,\"image\":{\"@id\":\"https:\\\/\\\/www.mzone.cz\\\/rock-for-people-2023-headlineri-muse-a-slipknot\\\/#primaryimage\"},\"thumbnailUrl\":\"https:\\\/\\\/www.mzone.cz\\\/wp-content\\\/uploads\\\/2022\\\/09\\\/Muse-scaled.jpeg\",\"keywords\":[\"festival\",\"headliner\",\"headline\u0159i\",\"hudba\",\"hv\u011bzdy\",\"kapela\",\"Kultura\",\"Muse\",\"muzika\",\"rock\",\"Rock for People\",\"rockov\u00e1 hudba\",\"skupina\",\"Slipknot\",\"\u00fa\u010dinkuj\u00edc\u00ed\"],\"articleSection\":[\"Hudba\",\"Kultura\"],\"inLanguage\":\"en-US\",\"potentialAction\":[{\"@type\":\"CommentAction\",\"name\":\"Comment\",\"target\":[\"https:\\\/\\\/www.mzone.cz\\\/rock-for-people-2023-headlineri-muse-a-slipknot\\\/#respond\"]}]},{\"@type\":\"WebPage\",\"@id\":\"https:\\\/\\\/www.mzone.cz\\\/rock-for-people-2023-headlineri-muse-a-slipknot\\\/\",\"url\":\"https:\\\/\\\/www.mzone.cz\\\/rock-for-people-2023-headlineri-muse-a-slipknot\\\/\",\"name\":\"Muse a Slipknot: Rock for People m\u00ed\u0159\u00ed je\u0161t\u011b v\u00fd\u0161, vyt\u00e1hl esa v podob\u011b dvou headliner\u016f - Mzone\",\"isPartOf\":{\"@id\":\"https:\\\/\\\/www.mzone.cz\\\/#website\"},\"primaryImageOfPage\":{\"@id\":\"https:\\\/\\\/www.mzone.cz\\\/rock-for-people-2023-headlineri-muse-a-slipknot\\\/#primaryimage\"},\"image\":{\"@id\":\"https:\\\/\\\/www.mzone.cz\\\/rock-for-people-2023-headlineri-muse-a-slipknot\\\/#primaryimage\"},\"thumbnailUrl\":\"https:\\\/\\\/www.mzone.cz\\\/wp-content\\\/uploads\\\/2022\\\/09\\\/Muse-scaled.jpeg\",\"datePublished\":\"2022-10-02T03:00:00+00:00\",\"author\":{\"@id\":\"https:\\\/\\\/www.mzone.cz\\\/#\\\/schema\\\/person\\\/9bc20cc422a99cac4af6ff9297da32d4\"},\"description\":\"Po leto\u0161n\u00edm legend\u00e1rn\u00edm vyprodan\u00e9m ro\u010dn\u00edku Rock for People v \u010dele s Green Day organiz\u00e1to\u0159i posouvaj\u00ed la\u0165ku op\u011bt v\u00fd\u0161. Jako prvn\u00ed festival oznamuj\u00ed hned dva headlinery p\u0159\u00ed\u0161t\u00edho l\u00e9ta a op\u011bt p\u0159id\u00e1vaj\u00ed \u010dtvrt\u00fd den.\",\"breadcrumb\":{\"@id\":\"https:\\\/\\\/www.mzone.cz\\\/rock-for-people-2023-headlineri-muse-a-slipknot\\\/#breadcrumb\"},\"inLanguage\":\"en-US\",\"potentialAction\":[{\"@type\":\"ReadAction\",\"target\":[\"https:\\\/\\\/www.mzone.cz\\\/rock-for-people-2023-headlineri-muse-a-slipknot\\\/\"]}]},{\"@type\":\"ImageObject\",\"inLanguage\":\"en-US\",\"@id\":\"https:\\\/\\\/www.mzone.cz\\\/rock-for-people-2023-headlineri-muse-a-slipknot\\\/#primaryimage\",\"url\":\"https:\\\/\\\/www.mzone.cz\\\/wp-content\\\/uploads\\\/2022\\\/09\\\/Muse-scaled.jpeg\",\"contentUrl\":\"https:\\\/\\\/www.mzone.cz\\\/wp-content\\\/uploads\\\/2022\\\/09\\\/Muse-scaled.jpeg\",\"width\":2560,\"height\":1707,\"caption\":\"Muse\"},{\"@type\":\"BreadcrumbList\",\"@id\":\"https:\\\/\\\/www.mzone.cz\\\/rock-for-people-2023-headlineri-muse-a-slipknot\\\/#breadcrumb\",\"itemListElement\":[{\"@type\":\"ListItem\",\"position\":1,\"name\":\"Dom\u016f\",\"item\":\"https:\\\/\\\/www.mzone.cz\\\/\"},{\"@type\":\"ListItem\",\"position\":2,\"name\":\"Muse a Slipknot: Rock for People m\u00ed\u0159\u00ed je\u0161t\u011b v\u00fd\u0161, vyt\u00e1hl esa v podob\u011b dvou headliner\u016f\"}]},{\"@type\":\"WebSite\",\"@id\":\"https:\\\/\\\/www.mzone.cz\\\/#website\",\"url\":\"https:\\\/\\\/www.mzone.cz\\\/\",\"name\":\"Mzone\",\"description\":\"Magaz\u00edn nejen pro mu\u017ee\",\"potentialAction\":[{\"@type\":\"SearchAction\",\"target\":{\"@type\":\"EntryPoint\",\"urlTemplate\":\"https:\\\/\\\/www.mzone.cz\\\/?s={search_term_string}\"},\"query-input\":{\"@type\":\"PropertyValueSpecification\",\"valueRequired\":true,\"valueName\":\"search_term_string\"}}],\"inLanguage\":\"en-US\"},{\"@type\":\"Person\",\"@id\":\"https:\\\/\\\/www.mzone.cz\\\/#\\\/schema\\\/person\\\/9bc20cc422a99cac4af6ff9297da32d4\",\"name\":\"Mzone\",\"image\":{\"@type\":\"ImageObject\",\"inLanguage\":\"en-US\",\"@id\":\"https:\\\/\\\/secure.gravatar.com\\\/avatar\\\/e780a8630f3182a3d06dd667ab6bea151a0d155b0951bc15fe22633acdac0676?s=96&d=mm&r=g\",\"url\":\"https:\\\/\\\/secure.gravatar.com\\\/avatar\\\/e780a8630f3182a3d06dd667ab6bea151a0d155b0951bc15fe22633acdac0676?s=96&d=mm&r=g\",\"contentUrl\":\"https:\\\/\\\/secure.gravatar.com\\\/avatar\\\/e780a8630f3182a3d06dd667ab6bea151a0d155b0951bc15fe22633acdac0676?s=96&d=mm&r=g\",\"caption\":\"Mzone\"},\"url\":\"https:\\\/\\\/www.mzone.cz\\\/en\\\/author\\\/jakub\\\/\"}]}<\/script>\n<!-- \/ Yoast SEO plugin. -->","yoast_head_json":{"title":"Muse a Slipknot: Rock for People m\u00ed\u0159\u00ed je\u0161t\u011b v\u00fd\u0161, vyt\u00e1hl esa v podob\u011b dvou headliner\u016f - Mzone","description":"Po leto\u0161n\u00edm legend\u00e1rn\u00edm vyprodan\u00e9m ro\u010dn\u00edku Rock for People v \u010dele s Green Day organiz\u00e1to\u0159i posouvaj\u00ed la\u0165ku op\u011bt v\u00fd\u0161. Jako prvn\u00ed festival oznamuj\u00ed hned dva headlinery p\u0159\u00ed\u0161t\u00edho l\u00e9ta a op\u011bt p\u0159id\u00e1vaj\u00ed \u010dtvrt\u00fd den.","robots":{"index":"index","follow":"follow","max-snippet":"max-snippet:-1","max-image-preview":"max-image-preview:large","max-video-preview":"max-video-preview:-1"},"canonical":"https:\/\/www.mzone.cz\/en\/rock-for-people-2023-headlineri-muse-a-slipknot\/","og_locale":"en_US","og_type":"article","og_title":"Muse a Slipknot: Rock for People m\u00ed\u0159\u00ed je\u0161t\u011b v\u00fd\u0161, vyt\u00e1hl esa v podob\u011b dvou headliner\u016f - Mzone","og_description":"Po leto\u0161n\u00edm legend\u00e1rn\u00edm vyprodan\u00e9m ro\u010dn\u00edku Rock for People v \u010dele s Green Day organiz\u00e1to\u0159i posouvaj\u00ed la\u0165ku op\u011bt v\u00fd\u0161. Jako prvn\u00ed festival oznamuj\u00ed hned dva headlinery p\u0159\u00ed\u0161t\u00edho l\u00e9ta a op\u011bt p\u0159id\u00e1vaj\u00ed \u010dtvrt\u00fd den.","og_url":"https:\/\/www.mzone.cz\/en\/rock-for-people-2023-headlineri-muse-a-slipknot\/","og_site_name":"Mzone","article_publisher":"https:\/\/www.facebook.com\/MzoneCZ\/","article_published_time":"2022-10-02T03:00:00+00:00","og_image":[{"width":2560,"height":1707,"url":"https:\/\/www.mzone.cz\/wp-content\/uploads\/2022\/09\/Muse-scaled.jpeg","type":"image\/jpeg"}],"author":"Mzone","twitter_card":"summary_large_image","twitter_misc":{"Written by":"Mzone","Est. reading time":"3 minutes"},"schema":{"@context":"https:\/\/schema.org","@graph":[{"@type":"Article","@id":"https:\/\/www.mzone.cz\/rock-for-people-2023-headlineri-muse-a-slipknot\/#article","isPartOf":{"@id":"https:\/\/www.mzone.cz\/rock-for-people-2023-headlineri-muse-a-slipknot\/"},"author":{"name":"Mzone","@id":"https:\/\/www.mzone.cz\/#\/schema\/person\/9bc20cc422a99cac4af6ff9297da32d4"},"headline":"Muse a Slipknot: Rock for People m\u00ed\u0159\u00ed je\u0161t\u011b v\u00fd\u0161, vyt\u00e1hl esa v podob\u011b dvou headliner\u016f","datePublished":"2022-10-02T03:00:00+00:00","mainEntityOfPage":{"@id":"https:\/\/www.mzone.cz\/rock-for-people-2023-headlineri-muse-a-slipknot\/"},"wordCount":560,"commentCount":0,"image":{"@id":"https:\/\/www.mzone.cz\/rock-for-people-2023-headlineri-muse-a-slipknot\/#primaryimage"},"thumbnailUrl":"https:\/\/www.mzone.cz\/wp-content\/uploads\/2022\/09\/Muse-scaled.jpeg","keywords":["festival","headliner","headline\u0159i","hudba","hv\u011bzdy","kapela","Kultura","Muse","muzika","rock","Rock for People","rockov\u00e1 hudba","skupina","Slipknot","\u00fa\u010dinkuj\u00edc\u00ed"],"articleSection":["Hudba","Kultura"],"inLanguage":"en-US","potentialAction":[{"@type":"CommentAction","name":"Comment","target":["https:\/\/www.mzone.cz\/rock-for-people-2023-headlineri-muse-a-slipknot\/#respond"]}]},{"@type":"WebPage","@id":"https:\/\/www.mzone.cz\/rock-for-people-2023-headlineri-muse-a-slipknot\/","url":"https:\/\/www.mzone.cz\/rock-for-people-2023-headlineri-muse-a-slipknot\/","name":"Muse a Slipknot: Rock for People m\u00ed\u0159\u00ed je\u0161t\u011b v\u00fd\u0161, vyt\u00e1hl esa v podob\u011b dvou headliner\u016f - Mzone","isPartOf":{"@id":"https:\/\/www.mzone.cz\/#website"},"primaryImageOfPage":{"@id":"https:\/\/www.mzone.cz\/rock-for-people-2023-headlineri-muse-a-slipknot\/#primaryimage"},"image":{"@id":"https:\/\/www.mzone.cz\/rock-for-people-2023-headlineri-muse-a-slipknot\/#primaryimage"},"thumbnailUrl":"https:\/\/www.mzone.cz\/wp-content\/uploads\/2022\/09\/Muse-scaled.jpeg","datePublished":"2022-10-02T03:00:00+00:00","author":{"@id":"https:\/\/www.mzone.cz\/#\/schema\/person\/9bc20cc422a99cac4af6ff9297da32d4"},"description":"Po leto\u0161n\u00edm legend\u00e1rn\u00edm vyprodan\u00e9m ro\u010dn\u00edku Rock for People v \u010dele s Green Day organiz\u00e1to\u0159i posouvaj\u00ed la\u0165ku op\u011bt v\u00fd\u0161. Jako prvn\u00ed festival oznamuj\u00ed hned dva headlinery p\u0159\u00ed\u0161t\u00edho l\u00e9ta a op\u011bt p\u0159id\u00e1vaj\u00ed \u010dtvrt\u00fd den.","breadcrumb":{"@id":"https:\/\/www.mzone.cz\/rock-for-people-2023-headlineri-muse-a-slipknot\/#breadcrumb"},"inLanguage":"en-US","potentialAction":[{"@type":"ReadAction","target":["https:\/\/www.mzone.cz\/rock-for-people-2023-headlineri-muse-a-slipknot\/"]}]},{"@type":"ImageObject","inLanguage":"en-US","@id":"https:\/\/www.mzone.cz\/rock-for-people-2023-headlineri-muse-a-slipknot\/#primaryimage","url":"https:\/\/www.mzone.cz\/wp-content\/uploads\/2022\/09\/Muse-scaled.jpeg","contentUrl":"https:\/\/www.mzone.cz\/wp-content\/uploads\/2022\/09\/Muse-scaled.jpeg","width":2560,"height":1707,"caption":"Muse"},{"@type":"BreadcrumbList","@id":"https:\/\/www.mzone.cz\/rock-for-people-2023-headlineri-muse-a-slipknot\/#breadcrumb","itemListElement":[{"@type":"ListItem","position":1,"name":"Dom\u016f","item":"https:\/\/www.mzone.cz\/"},{"@type":"ListItem","position":2,"name":"Muse a Slipknot: Rock for People m\u00ed\u0159\u00ed je\u0161t\u011b v\u00fd\u0161, vyt\u00e1hl esa v podob\u011b dvou headliner\u016f"}]},{"@type":"WebSite","@id":"https:\/\/www.mzone.cz\/#website","url":"https:\/\/www.mzone.cz\/","name":"Mzone","description":"Magaz\u00edn nejen pro mu\u017ee","potentialAction":[{"@type":"SearchAction","target":{"@type":"EntryPoint","urlTemplate":"https:\/\/www.mzone.cz\/?s={search_term_string}"},"query-input":{"@type":"PropertyValueSpecification","valueRequired":true,"valueName":"search_term_string"}}],"inLanguage":"en-US"},{"@type":"Person","@id":"https:\/\/www.mzone.cz\/#\/schema\/person\/9bc20cc422a99cac4af6ff9297da32d4","name":"Mzone","image":{"@type":"ImageObject","inLanguage":"en-US","@id":"https:\/\/secure.gravatar.com\/avatar\/e780a8630f3182a3d06dd667ab6bea151a0d155b0951bc15fe22633acdac0676?s=96&d=mm&r=g","url":"https:\/\/secure.gravatar.com\/avatar\/e780a8630f3182a3d06dd667ab6bea151a0d155b0951bc15fe22633acdac0676?s=96&d=mm&r=g","contentUrl":"https:\/\/secure.gravatar.com\/avatar\/e780a8630f3182a3d06dd667ab6bea151a0d155b0951bc15fe22633acdac0676?s=96&d=mm&r=g","caption":"Mzone"},"url":"https:\/\/www.mzone.cz\/en\/author\/jakub\/"}]}},"_links":{"self":[{"href":"https:\/\/www.mzone.cz\/en\/wp-json\/wp\/v2\/posts\/38060","targetHints":{"allow":["GET"]}}],"collection":[{"href":"https:\/\/www.mzone.cz\/en\/wp-json\/wp\/v2\/posts"}],"about":[{"href":"https:\/\/www.mzone.cz\/en\/wp-json\/wp\/v2\/types\/post"}],"author":[{"embeddable":true,"href":"https:\/\/www.mzone.cz\/en\/wp-json\/wp\/v2\/users\/4"}],"replies":[{"embeddable":true,"href":"https:\/\/www.mzone.cz\/en\/wp-json\/wp\/v2\/comments?post=38060"}],"version-history":[{"count":7,"href":"https:\/\/www.mzone.cz\/en\/wp-json\/wp\/v2\/posts\/38060\/revisions"}],"predecessor-version":[{"id":38070,"href":"https:\/\/www.mzone.cz\/en\/wp-json\/wp\/v2\/posts\/38060\/revisions\/38070"}],"wp:featuredmedia":[{"embeddable":true,"href":"https:\/\/www.mzone.cz\/en\/wp-json\/wp\/v2\/media\/38064"}],"wp:attachment":[{"href":"https:\/\/www.mzone.cz\/en\/wp-json\/wp\/v2\/media?parent=38060"}],"wp:term":[{"taxonomy":"category","embeddable":true,"href":"https:\/\/www.mzone.cz\/en\/wp-json\/wp\/v2\/categories?post=38060"},{"taxonomy":"post_tag","embeddable":true,"href":"https:\/\/www.mzone.cz\/en\/wp-json\/wp\/v2\/tags?post=38060"}],"curies":[{"name":"wp","href":"https:\/\/api.w.org\/{rel}","templated":true}]}}