{"id":38103,"date":"2022-10-08T05:00:00","date_gmt":"2022-10-08T03:00:00","guid":{"rendered":"https:\/\/www.mzone.cz\/?p=38103"},"modified":"2022-10-07T10:51:03","modified_gmt":"2022-10-07T08:51:03","slug":"rovanpera-z-toyoty-je-nejmladsim-mistrem-sveta-v-rally","status":"publish","type":"post","link":"https:\/\/www.mzone.cz\/en\/rovanpera-z-toyoty-je-nejmladsim-mistrem-sveta-v-rally\/","title":{"rendered":"Rovanper\u00e4 z Toyoty je nejmlad\u0161\u00edm mistrem sv\u011bta v rally"},"content":{"rendered":"<p><strong>Kalle Rovanper\u00e4 se stal historicky nejmlad\u0161\u00edm dr\u017eitelem mistrovsk\u00e9ho titulu ve sv\u011btov\u00e9m rallyov\u00e9m \u0161ampion\u00e1tu FIA, a to ve v\u011bku pouh\u00fdch 22 let a jeden den. Tento jezdec t\u00fdmu Toyota Gazoo Racing  si s navig\u00e1torem Jonnem Halttunenem pojistili minul\u00fd v\u00edkend mistrovsk\u00e9 tituly v\u00edt\u011bzstv\u00edm na Rallye Nov\u00fd Z\u00e9land.<\/strong><\/p><br>\n\n\n\n<p>Rovanper\u00e4 je o v\u00edce ne\u017e p\u011bt let mlad\u0161\u00ed ne\u017e p\u0159edchoz\u00ed dr\u017eitel rekordu Colin McRae, jen\u017e se mistrem sv\u011bta stal v roce 1995. Rovanper\u00e4 se sv\u011btov\u00fdm \u0161ampionem st\u00e1v\u00e1 ve sv\u00e9 teprve t\u0159et\u00ed sez\u00f3n\u011b na nejvy\u0161\u0161\u00ed \u00farovni rallyov\u00e9 sportu.<\/p><br>\n\n\n\n<p>Rovanper\u00e4 se ji\u017e od prvn\u00edho roku platnosti nov\u00fdch p\u0159edpis\u016f WRC pro hybridn\u00ed vozy Rally1 chopil role srovn\u00e1vac\u00edho jezdce, p\u0159i\u010dem\u017e jeho v\u00edt\u011bzstv\u00ed na Nov\u00e9m Z\u00e9landu s vozem GR Yaris Rally1 Hybrid je ji\u017e \u0161est\u00fdm v t\u00e9to sez\u00f3n\u011b.<\/p>\n\n\n\n<blockquote class=\"wp-block-quote is-layout-flow wp-block-quote-is-layout-flow\"><p>Na vrcholu mistrovsk\u00e9ho \u017eeb\u0159\u00ed\u010dku se Rovanper\u00e4 usadil po v\u00edt\u011bzstv\u00ed ve druh\u00e9m kole \u0161ampion\u00e1tu, kter\u00fdm byla v \u00fanoru 2022 \u0161v\u00e9dsk\u00e1 rallye; nyn\u00ed je ji\u017e jist\u00fdm dr\u017eitelem titulu, a to dv\u011b kola p\u0159ed koncem sez\u00f3ny.<\/p><\/blockquote>\n\n\n\n<p>M\u00e1 tak pod\u00edl na osm\u00e9m titulu WRC z\u00edskan\u00e9m jezdci s vozy Toyota, resp. \u010dtvrt\u00e9m za posledn\u00ed \u010dty\u0159i roky. Rovanper\u00e4 je za posledn\u00edch 20 let prvn\u00edm finsk\u00fdm jezdcem, jen\u017e z\u00edskal titul mistra sv\u011bta; sou\u010dasn\u011b v\u016fbec prvn\u00edm, kter\u00e9mu se to poda\u0159ilo s vozem postaven\u00fdm ve Finsku.<\/p><br>\n\n\n\n<figure class=\"wp-block-image size-large\"><img loading=\"lazy\" decoding=\"async\" width=\"1024\" height=\"682\" src=\"https:\/\/www.mzone.cz\/wp-content\/uploads\/2022\/10\/wrc-2022-rd_11-470-1024x682.jpg\" alt=\"Kalle Rovanper\u00e4 b\u011bhem z\u00e1vodu\" class=\"wp-image-38109\" srcset=\"https:\/\/www.mzone.cz\/wp-content\/uploads\/2022\/10\/wrc-2022-rd_11-470-1024x682.jpg 1024w, https:\/\/www.mzone.cz\/wp-content\/uploads\/2022\/10\/wrc-2022-rd_11-470-300x200.jpg 300w, https:\/\/www.mzone.cz\/wp-content\/uploads\/2022\/10\/wrc-2022-rd_11-470-768x512.jpg 768w, https:\/\/www.mzone.cz\/wp-content\/uploads\/2022\/10\/wrc-2022-rd_11-470-18x12.jpg 18w, https:\/\/www.mzone.cz\/wp-content\/uploads\/2022\/10\/wrc-2022-rd_11-470-800x533.jpg 800w, https:\/\/www.mzone.cz\/wp-content\/uploads\/2022\/10\/wrc-2022-rd_11-470-400x267.jpg 400w, https:\/\/www.mzone.cz\/wp-content\/uploads\/2022\/10\/wrc-2022-rd_11-470-500x333.jpg 500w, https:\/\/www.mzone.cz\/wp-content\/uploads\/2022\/10\/wrc-2022-rd_11-470-1170x780.jpg 1170w, https:\/\/www.mzone.cz\/wp-content\/uploads\/2022\/10\/wrc-2022-rd_11-470-590x393.jpg 590w, https:\/\/www.mzone.cz\/wp-content\/uploads\/2022\/10\/wrc-2022-rd_11-470.jpg 1280w\" sizes=\"auto, (max-width: 1024px) 100vw, 1024px\" \/><\/figure><br>\n\n\n\n<p>K Rovanperov\u00fdm \u00fasp\u011bch\u016fm v roce 2022 nejv\u00edce p\u0159isp\u011bla mimo\u0159\u00e1dn\u00e1 rychlost za obt\u00ed\u017en\u00fdch klimatick\u00fdch podm\u00ednek, co\u017e bylo ostatn\u011b kl\u00ed\u010dem k jeho v\u00edt\u011bzstv\u00ed na hladk\u00fdch \u0161otolinov\u00fdch cest\u00e1ch Nov\u00e9ho Z\u00e9landu, kde se podnik WRC po\u0159\u00e1dal poprv\u00e9 po deseti letech. Po zvl\u00e1dnut\u00ed nejdel\u0161\u00edho sout\u011b\u017en\u00edho dne v p\u00e1tek za sm\u00ed\u0161en\u00fdch podm\u00ednek, kdy dojel na celkov\u00e9m \u010dtvrt\u00e9m m\u00edst\u011b, pak v sobotu \u2013 v den sv\u00fdch narozenin \u2013 p\u0159edvedl excelentn\u00ed v\u00fdkon na promo\u010den\u00fdch cest\u00e1ch, kdy se ujal veden\u00ed s bezm\u00e1la p\u016flminutov\u00fdm n\u00e1skokem.<\/p><br>\n\n\n\n<p>Ned\u011ble pak na posledn\u00ed \u010dty\u0159i rychlostn\u00ed zkou\u0161ky op\u011bt p\u0159inesla de\u0161tiv\u00e9 po\u010das\u00ed, av\u0161ak Rovanper\u00e4 si a\u017e do z\u00e1v\u011bre\u010dn\u00e9 Power Stage dok\u00e1zal udr\u017eet vedouc\u00ed pozici. N\u00e1sledn\u011b mu sta\u010dilo um\u00edstit se v prvn\u00ed \u010dtve\u0159ici, \u010d\u00edm\u017e by z\u00edskal dva dal\u0161\u00ed bonusov\u00e9 body, kter\u00e9 pot\u0159eboval do \u0161ampion\u00e1tu sout\u011b\u017en\u00edch jezdc\u016f \u2013 nicm\u00e9n\u011b Power Stage dokonce vyhr\u00e1l, ji\u017e posedm\u00e9 v t\u00e9to sez\u00f3n\u011b.<\/p>\n\n\n\n<blockquote class=\"wp-block-quote is-layout-flow wp-block-quote-is-layout-flow\"><p>K t\u00fdmov\u00e9mu zisku prvn\u00edch dvou m\u00edst p\u0159isp\u011bl doposud \u00fa\u0159aduj\u00edc\u00ed mistr sv\u011bta S\u00e9bastien Ogier s navig\u00e1torem Benjaminem Veillasem v r\u00e1mci jejich \u010dtvrt\u00e9ho startu v sez\u00f3n\u011b 2022. Pos\u00e1dka, kter\u00e1 se v prvn\u00ed f\u00e1zi toho podniku z\u00fa\u010dastnila t\u011bsn\u00e9ho souboje \u010dtve\u0159ice voz\u016f o veden\u00ed v z\u00e1vodu, sehr\u00e1la d\u016fle\u017eitou roli pro t\u00fdmov\u00e9 kolegy t\u00edm, \u017ee sebrala d\u016fle\u017eit\u00e9 body soupe\u0159\u016fm v \u0161ampion\u00e1tu.<\/p><\/blockquote>\n\n\n\n<p>Vzhledem k zisku prvn\u00edho a druh\u00e9ho m\u00edsta celkov\u00e9ho po\u0159ad\u00ed plus dvou nejlep\u0161\u00edch \u010das\u016f v Power Stage t\u00fdm zv\u00fd\u0161il sv\u00e9 veden\u00ed v mistrovstv\u00ed zna\u010dek na 81 bod\u016f \u2013 za situace, kdy do konce sez\u00f3ny zb\u00fdv\u00e1 ve h\u0159e 104 bod\u016f. My gratulujeme a smek\u00e1me!<\/p><br>\n\n\n\n<h2 class=\"wp-block-heading\"><strong>A co bude n\u00e1sledovat?<\/strong><\/h2>\n\n\n\n<p>P\u0159edposledn\u00edm kolem leto\u0161n\u00ed sez\u00f3ny je \u0160pan\u011blsk\u00e1 rallye, po\u0159\u00e1dan\u00e1 ve dnech 20. a\u017e 23. \u0159\u00edjna 2022. Podnik po\u0159\u00e1dan\u00fd v Salou na jih od Barcelony je zn\u00e1m sv\u00fdmi rychl\u00fdmi a hladk\u00fdmi cestami s asfaltov\u00fdm povrchem \u2013 sv\u00fdm charakterem podobn\u00fdmi sout\u011b\u017en\u00edm okruh\u016fm.<\/p><br>\n\n\n\n<div class=\"wp-block-media-text alignwide is-stacked-on-mobile is-vertically-aligned-top\" style=\"grid-template-columns:23% auto\"><figure class=\"wp-block-media-text__media\"><a href=\"https:\/\/www.mzone.cz\/revoluce-v-rallye-toyota-startuje-s-hybridy\/\"><img loading=\"lazy\" decoding=\"async\" width=\"960\" height=\"640\" src=\"https:\/\/www.mzone.cz\/wp-content\/uploads\/2022\/02\/Toyota-GR-Yaris-Rally1.jpg\" alt=\"Toyota GR Yaris Rally1\" class=\"wp-image-35537 size-full\" srcset=\"https:\/\/www.mzone.cz\/wp-content\/uploads\/2022\/02\/Toyota-GR-Yaris-Rally1.jpg 960w, https:\/\/www.mzone.cz\/wp-content\/uploads\/2022\/02\/Toyota-GR-Yaris-Rally1-300x200.jpg 300w, https:\/\/www.mzone.cz\/wp-content\/uploads\/2022\/02\/Toyota-GR-Yaris-Rally1-768x512.jpg 768w, https:\/\/www.mzone.cz\/wp-content\/uploads\/2022\/02\/Toyota-GR-Yaris-Rally1-18x12.jpg 18w, https:\/\/www.mzone.cz\/wp-content\/uploads\/2022\/02\/Toyota-GR-Yaris-Rally1-800x533.jpg 800w, https:\/\/www.mzone.cz\/wp-content\/uploads\/2022\/02\/Toyota-GR-Yaris-Rally1-400x267.jpg 400w, https:\/\/www.mzone.cz\/wp-content\/uploads\/2022\/02\/Toyota-GR-Yaris-Rally1-500x333.jpg 500w, https:\/\/www.mzone.cz\/wp-content\/uploads\/2022\/02\/Toyota-GR-Yaris-Rally1-590x393.jpg 590w\" sizes=\"auto, (max-width: 960px) 100vw, 960px\" \/><\/a><\/figure><div class=\"wp-block-media-text__content\">\n<h4><a href=\"https:\/\/www.mzone.cz\/revoluce-v-rallye-toyota-startuje-s-hybridy\/\">Revoluce v rallye? Toyota startuje s hybridy!<\/a><\/h4><br>\n<\/div><\/div>","protected":false},"excerpt":{"rendered":"<p>Kalle Rovanper\u00e4 se stal historicky nejmlad\u0161\u00edm dr\u017eitelem mistrovsk\u00e9ho titulu ve sv\u011btov\u00e9m rallyov\u00e9m \u0161ampion\u00e1tu FIA, a to ve v\u011bku pouh\u00fdch 22 let a jeden den. Tento jezdec t\u00fdmu Toyota Gazoo Racing si s navig\u00e1torem Jonnem Halttunenem pojistili minul\u00fd v\u00edkend mistrovsk\u00e9 tituly v\u00edt\u011bzstv\u00edm na Rallye Nov\u00fd Z\u00e9land. Rovanper\u00e4 je o v\u00edce ne\u017e p\u011bt let mlad\u0161\u00ed ne\u017e p\u0159edchoz\u00ed [&hellip;]<\/p>\n","protected":false},"author":4,"featured_media":38105,"comment_status":"open","ping_status":"closed","sticky":false,"template":"","format":"standard","meta":{"kk_blocks_editor_width":"","_kiokenblocks_attr":"","_kiokenblocks_dimensions":"","footnotes":""},"categories":[69,80],"tags":[585,82,462,3033,2220,5588,636,5589,2085,2083,5587,1909,3392,2219,42,687,2954,1372,1085,1136,5586,493,102],"class_list":["post-38103","post","type-post","status-publish","format-standard","has-post-thumbnail","hentry","category-auto-moto","category-sport","tag-auta","tag-auto","tag-auto-moto","tag-kalle-rovanpera","tag-mistr-sveta","tag-mladik","tag-motorsport","tag-nejmladsi","tag-rally","tag-rallye","tag-rallye-novy-zeland","tag-rekord","tag-rekordman","tag-sampion","tag-sport","tag-toyota","tag-toyota-gazoo-racing","tag-vek","tag-vitez","tag-vitezstvi","tag-vysledek","tag-zavodeni","tag-zavody"],"yoast_head":"<!-- This site is optimized with the Yoast SEO plugin v27.5 - https:\/\/yoast.com\/product\/yoast-seo-wordpress\/ -->\n<title>Rovanper\u00e4 z Toyoty je nejmlad\u0161\u00edm mistrem sv\u011bta v rally - Mzone<\/title>\n<meta name=\"description\" content=\"Kalle Rovanper\u00e4 se stal historicky nejmlad\u0161\u00edm dr\u017eitelem mistrovsk\u00e9ho titulu ve sv\u011btov\u00e9m rallyov\u00e9m \u0161ampion\u00e1tu FIA, a to ve v\u011bku pouh\u00fdch 22 let a jeden den.\" \/>\n<meta name=\"robots\" content=\"index, follow, max-snippet:-1, max-image-preview:large, max-video-preview:-1\" \/>\n<link rel=\"canonical\" href=\"https:\/\/www.mzone.cz\/en\/rovanpera-z-toyoty-je-nejmladsim-mistrem-sveta-v-rally\/\" \/>\n<meta property=\"og:locale\" content=\"en_US\" \/>\n<meta property=\"og:type\" content=\"article\" \/>\n<meta property=\"og:title\" content=\"Rovanper\u00e4 z Toyoty je nejmlad\u0161\u00edm mistrem sv\u011bta v rally - Mzone\" \/>\n<meta property=\"og:description\" content=\"Kalle Rovanper\u00e4 se stal historicky nejmlad\u0161\u00edm dr\u017eitelem mistrovsk\u00e9ho titulu ve sv\u011btov\u00e9m rallyov\u00e9m \u0161ampion\u00e1tu FIA, a to ve v\u011bku pouh\u00fdch 22 let a jeden den.\" \/>\n<meta property=\"og:url\" content=\"https:\/\/www.mzone.cz\/en\/rovanpera-z-toyoty-je-nejmladsim-mistrem-sveta-v-rally\/\" \/>\n<meta property=\"og:site_name\" content=\"Mzone\" \/>\n<meta property=\"article:publisher\" content=\"https:\/\/www.facebook.com\/MzoneCZ\/\" \/>\n<meta property=\"article:published_time\" content=\"2022-10-08T03:00:00+00:00\" \/>\n<meta property=\"og:image\" content=\"https:\/\/www.mzone.cz\/wp-content\/uploads\/2022\/10\/Vitez-Kalle-Rovanpera.jpg\" \/>\n\t<meta property=\"og:image:width\" content=\"1152\" \/>\n\t<meta property=\"og:image:height\" content=\"768\" \/>\n\t<meta property=\"og:image:type\" content=\"image\/jpeg\" \/>\n<meta name=\"author\" content=\"Mzone\" \/>\n<meta name=\"twitter:card\" content=\"summary_large_image\" \/>\n<meta name=\"twitter:label1\" content=\"Written by\" \/>\n\t<meta name=\"twitter:data1\" content=\"Mzone\" \/>\n\t<meta name=\"twitter:label2\" content=\"Est. reading time\" \/>\n\t<meta name=\"twitter:data2\" content=\"3 minutes\" \/>\n<script type=\"application\/ld+json\" class=\"yoast-schema-graph\">{\"@context\":\"https:\\\/\\\/schema.org\",\"@graph\":[{\"@type\":\"Article\",\"@id\":\"https:\\\/\\\/www.mzone.cz\\\/rovanpera-z-toyoty-je-nejmladsim-mistrem-sveta-v-rally\\\/#article\",\"isPartOf\":{\"@id\":\"https:\\\/\\\/www.mzone.cz\\\/rovanpera-z-toyoty-je-nejmladsim-mistrem-sveta-v-rally\\\/\"},\"author\":{\"name\":\"Mzone\",\"@id\":\"https:\\\/\\\/www.mzone.cz\\\/#\\\/schema\\\/person\\\/9bc20cc422a99cac4af6ff9297da32d4\"},\"headline\":\"Rovanper\u00e4 z Toyoty je nejmlad\u0161\u00edm mistrem sv\u011bta v rally\",\"datePublished\":\"2022-10-08T03:00:00+00:00\",\"mainEntityOfPage\":{\"@id\":\"https:\\\/\\\/www.mzone.cz\\\/rovanpera-z-toyoty-je-nejmladsim-mistrem-sveta-v-rally\\\/\"},\"wordCount\":664,\"commentCount\":0,\"image\":{\"@id\":\"https:\\\/\\\/www.mzone.cz\\\/rovanpera-z-toyoty-je-nejmladsim-mistrem-sveta-v-rally\\\/#primaryimage\"},\"thumbnailUrl\":\"https:\\\/\\\/www.mzone.cz\\\/wp-content\\\/uploads\\\/2022\\\/10\\\/Vitez-Kalle-Rovanpera.jpg\",\"keywords\":[\"auta\",\"Auto\",\"auto-moto\",\"Kalle Rovanper\u00e4\",\"mistr sv\u011bta\",\"mlad\u00edk\",\"motorsport\",\"nejmlad\u0161\u00ed\",\"rally\",\"rallye\",\"Rallye Nov\u00fd Z\u00e9land\",\"rekord\",\"rekordman\",\"\u0161ampion\",\"Sport\",\"Toyota\",\"Toyota Gazoo Racing\",\"v\u011bk\",\"v\u00edt\u011bz\",\"v\u00edt\u011bzstv\u00ed\",\"v\u00fdsledek\",\"z\u00e1vod\u011bn\u00ed\",\"Z\u00e1vody\"],\"articleSection\":[\"Auto-moto\",\"Sport\"],\"inLanguage\":\"en-US\",\"potentialAction\":[{\"@type\":\"CommentAction\",\"name\":\"Comment\",\"target\":[\"https:\\\/\\\/www.mzone.cz\\\/rovanpera-z-toyoty-je-nejmladsim-mistrem-sveta-v-rally\\\/#respond\"]}]},{\"@type\":\"WebPage\",\"@id\":\"https:\\\/\\\/www.mzone.cz\\\/rovanpera-z-toyoty-je-nejmladsim-mistrem-sveta-v-rally\\\/\",\"url\":\"https:\\\/\\\/www.mzone.cz\\\/rovanpera-z-toyoty-je-nejmladsim-mistrem-sveta-v-rally\\\/\",\"name\":\"Rovanper\u00e4 z Toyoty je nejmlad\u0161\u00edm mistrem sv\u011bta v rally - Mzone\",\"isPartOf\":{\"@id\":\"https:\\\/\\\/www.mzone.cz\\\/#website\"},\"primaryImageOfPage\":{\"@id\":\"https:\\\/\\\/www.mzone.cz\\\/rovanpera-z-toyoty-je-nejmladsim-mistrem-sveta-v-rally\\\/#primaryimage\"},\"image\":{\"@id\":\"https:\\\/\\\/www.mzone.cz\\\/rovanpera-z-toyoty-je-nejmladsim-mistrem-sveta-v-rally\\\/#primaryimage\"},\"thumbnailUrl\":\"https:\\\/\\\/www.mzone.cz\\\/wp-content\\\/uploads\\\/2022\\\/10\\\/Vitez-Kalle-Rovanpera.jpg\",\"datePublished\":\"2022-10-08T03:00:00+00:00\",\"author\":{\"@id\":\"https:\\\/\\\/www.mzone.cz\\\/#\\\/schema\\\/person\\\/9bc20cc422a99cac4af6ff9297da32d4\"},\"description\":\"Kalle Rovanper\u00e4 se stal historicky nejmlad\u0161\u00edm dr\u017eitelem mistrovsk\u00e9ho titulu ve sv\u011btov\u00e9m rallyov\u00e9m \u0161ampion\u00e1tu FIA, a to ve v\u011bku pouh\u00fdch 22 let a jeden den.\",\"breadcrumb\":{\"@id\":\"https:\\\/\\\/www.mzone.cz\\\/rovanpera-z-toyoty-je-nejmladsim-mistrem-sveta-v-rally\\\/#breadcrumb\"},\"inLanguage\":\"en-US\",\"potentialAction\":[{\"@type\":\"ReadAction\",\"target\":[\"https:\\\/\\\/www.mzone.cz\\\/rovanpera-z-toyoty-je-nejmladsim-mistrem-sveta-v-rally\\\/\"]}]},{\"@type\":\"ImageObject\",\"inLanguage\":\"en-US\",\"@id\":\"https:\\\/\\\/www.mzone.cz\\\/rovanpera-z-toyoty-je-nejmladsim-mistrem-sveta-v-rally\\\/#primaryimage\",\"url\":\"https:\\\/\\\/www.mzone.cz\\\/wp-content\\\/uploads\\\/2022\\\/10\\\/Vitez-Kalle-Rovanpera.jpg\",\"contentUrl\":\"https:\\\/\\\/www.mzone.cz\\\/wp-content\\\/uploads\\\/2022\\\/10\\\/Vitez-Kalle-Rovanpera.jpg\",\"width\":1152,\"height\":768,\"caption\":\"V\u00edt\u011bz Kalle Rovanper\u00e4\"},{\"@type\":\"BreadcrumbList\",\"@id\":\"https:\\\/\\\/www.mzone.cz\\\/rovanpera-z-toyoty-je-nejmladsim-mistrem-sveta-v-rally\\\/#breadcrumb\",\"itemListElement\":[{\"@type\":\"ListItem\",\"position\":1,\"name\":\"Dom\u016f\",\"item\":\"https:\\\/\\\/www.mzone.cz\\\/\"},{\"@type\":\"ListItem\",\"position\":2,\"name\":\"Rovanper\u00e4 z Toyoty je nejmlad\u0161\u00edm mistrem sv\u011bta v rally\"}]},{\"@type\":\"WebSite\",\"@id\":\"https:\\\/\\\/www.mzone.cz\\\/#website\",\"url\":\"https:\\\/\\\/www.mzone.cz\\\/\",\"name\":\"Mzone\",\"description\":\"Magaz\u00edn nejen pro mu\u017ee\",\"potentialAction\":[{\"@type\":\"SearchAction\",\"target\":{\"@type\":\"EntryPoint\",\"urlTemplate\":\"https:\\\/\\\/www.mzone.cz\\\/?s={search_term_string}\"},\"query-input\":{\"@type\":\"PropertyValueSpecification\",\"valueRequired\":true,\"valueName\":\"search_term_string\"}}],\"inLanguage\":\"en-US\"},{\"@type\":\"Person\",\"@id\":\"https:\\\/\\\/www.mzone.cz\\\/#\\\/schema\\\/person\\\/9bc20cc422a99cac4af6ff9297da32d4\",\"name\":\"Mzone\",\"image\":{\"@type\":\"ImageObject\",\"inLanguage\":\"en-US\",\"@id\":\"https:\\\/\\\/secure.gravatar.com\\\/avatar\\\/e780a8630f3182a3d06dd667ab6bea151a0d155b0951bc15fe22633acdac0676?s=96&d=mm&r=g\",\"url\":\"https:\\\/\\\/secure.gravatar.com\\\/avatar\\\/e780a8630f3182a3d06dd667ab6bea151a0d155b0951bc15fe22633acdac0676?s=96&d=mm&r=g\",\"contentUrl\":\"https:\\\/\\\/secure.gravatar.com\\\/avatar\\\/e780a8630f3182a3d06dd667ab6bea151a0d155b0951bc15fe22633acdac0676?s=96&d=mm&r=g\",\"caption\":\"Mzone\"},\"url\":\"https:\\\/\\\/www.mzone.cz\\\/en\\\/author\\\/jakub\\\/\"}]}<\/script>\n<!-- \/ Yoast SEO plugin. -->","yoast_head_json":{"title":"Rovanper\u00e4 z Toyoty je nejmlad\u0161\u00edm mistrem sv\u011bta v rally - Mzone","description":"Kalle Rovanper\u00e4 se stal historicky nejmlad\u0161\u00edm dr\u017eitelem mistrovsk\u00e9ho titulu ve sv\u011btov\u00e9m rallyov\u00e9m \u0161ampion\u00e1tu FIA, a to ve v\u011bku pouh\u00fdch 22 let a jeden den.","robots":{"index":"index","follow":"follow","max-snippet":"max-snippet:-1","max-image-preview":"max-image-preview:large","max-video-preview":"max-video-preview:-1"},"canonical":"https:\/\/www.mzone.cz\/en\/rovanpera-z-toyoty-je-nejmladsim-mistrem-sveta-v-rally\/","og_locale":"en_US","og_type":"article","og_title":"Rovanper\u00e4 z Toyoty je nejmlad\u0161\u00edm mistrem sv\u011bta v rally - Mzone","og_description":"Kalle Rovanper\u00e4 se stal historicky nejmlad\u0161\u00edm dr\u017eitelem mistrovsk\u00e9ho titulu ve sv\u011btov\u00e9m rallyov\u00e9m \u0161ampion\u00e1tu FIA, a to ve v\u011bku pouh\u00fdch 22 let a jeden den.","og_url":"https:\/\/www.mzone.cz\/en\/rovanpera-z-toyoty-je-nejmladsim-mistrem-sveta-v-rally\/","og_site_name":"Mzone","article_publisher":"https:\/\/www.facebook.com\/MzoneCZ\/","article_published_time":"2022-10-08T03:00:00+00:00","og_image":[{"width":1152,"height":768,"url":"https:\/\/www.mzone.cz\/wp-content\/uploads\/2022\/10\/Vitez-Kalle-Rovanpera.jpg","type":"image\/jpeg"}],"author":"Mzone","twitter_card":"summary_large_image","twitter_misc":{"Written by":"Mzone","Est. reading time":"3 minutes"},"schema":{"@context":"https:\/\/schema.org","@graph":[{"@type":"Article","@id":"https:\/\/www.mzone.cz\/rovanpera-z-toyoty-je-nejmladsim-mistrem-sveta-v-rally\/#article","isPartOf":{"@id":"https:\/\/www.mzone.cz\/rovanpera-z-toyoty-je-nejmladsim-mistrem-sveta-v-rally\/"},"author":{"name":"Mzone","@id":"https:\/\/www.mzone.cz\/#\/schema\/person\/9bc20cc422a99cac4af6ff9297da32d4"},"headline":"Rovanper\u00e4 z Toyoty je nejmlad\u0161\u00edm mistrem sv\u011bta v rally","datePublished":"2022-10-08T03:00:00+00:00","mainEntityOfPage":{"@id":"https:\/\/www.mzone.cz\/rovanpera-z-toyoty-je-nejmladsim-mistrem-sveta-v-rally\/"},"wordCount":664,"commentCount":0,"image":{"@id":"https:\/\/www.mzone.cz\/rovanpera-z-toyoty-je-nejmladsim-mistrem-sveta-v-rally\/#primaryimage"},"thumbnailUrl":"https:\/\/www.mzone.cz\/wp-content\/uploads\/2022\/10\/Vitez-Kalle-Rovanpera.jpg","keywords":["auta","Auto","auto-moto","Kalle Rovanper\u00e4","mistr sv\u011bta","mlad\u00edk","motorsport","nejmlad\u0161\u00ed","rally","rallye","Rallye Nov\u00fd Z\u00e9land","rekord","rekordman","\u0161ampion","Sport","Toyota","Toyota Gazoo Racing","v\u011bk","v\u00edt\u011bz","v\u00edt\u011bzstv\u00ed","v\u00fdsledek","z\u00e1vod\u011bn\u00ed","Z\u00e1vody"],"articleSection":["Auto-moto","Sport"],"inLanguage":"en-US","potentialAction":[{"@type":"CommentAction","name":"Comment","target":["https:\/\/www.mzone.cz\/rovanpera-z-toyoty-je-nejmladsim-mistrem-sveta-v-rally\/#respond"]}]},{"@type":"WebPage","@id":"https:\/\/www.mzone.cz\/rovanpera-z-toyoty-je-nejmladsim-mistrem-sveta-v-rally\/","url":"https:\/\/www.mzone.cz\/rovanpera-z-toyoty-je-nejmladsim-mistrem-sveta-v-rally\/","name":"Rovanper\u00e4 z Toyoty je nejmlad\u0161\u00edm mistrem sv\u011bta v rally - Mzone","isPartOf":{"@id":"https:\/\/www.mzone.cz\/#website"},"primaryImageOfPage":{"@id":"https:\/\/www.mzone.cz\/rovanpera-z-toyoty-je-nejmladsim-mistrem-sveta-v-rally\/#primaryimage"},"image":{"@id":"https:\/\/www.mzone.cz\/rovanpera-z-toyoty-je-nejmladsim-mistrem-sveta-v-rally\/#primaryimage"},"thumbnailUrl":"https:\/\/www.mzone.cz\/wp-content\/uploads\/2022\/10\/Vitez-Kalle-Rovanpera.jpg","datePublished":"2022-10-08T03:00:00+00:00","author":{"@id":"https:\/\/www.mzone.cz\/#\/schema\/person\/9bc20cc422a99cac4af6ff9297da32d4"},"description":"Kalle Rovanper\u00e4 se stal historicky nejmlad\u0161\u00edm dr\u017eitelem mistrovsk\u00e9ho titulu ve sv\u011btov\u00e9m rallyov\u00e9m \u0161ampion\u00e1tu FIA, a to ve v\u011bku pouh\u00fdch 22 let a jeden den.","breadcrumb":{"@id":"https:\/\/www.mzone.cz\/rovanpera-z-toyoty-je-nejmladsim-mistrem-sveta-v-rally\/#breadcrumb"},"inLanguage":"en-US","potentialAction":[{"@type":"ReadAction","target":["https:\/\/www.mzone.cz\/rovanpera-z-toyoty-je-nejmladsim-mistrem-sveta-v-rally\/"]}]},{"@type":"ImageObject","inLanguage":"en-US","@id":"https:\/\/www.mzone.cz\/rovanpera-z-toyoty-je-nejmladsim-mistrem-sveta-v-rally\/#primaryimage","url":"https:\/\/www.mzone.cz\/wp-content\/uploads\/2022\/10\/Vitez-Kalle-Rovanpera.jpg","contentUrl":"https:\/\/www.mzone.cz\/wp-content\/uploads\/2022\/10\/Vitez-Kalle-Rovanpera.jpg","width":1152,"height":768,"caption":"V\u00edt\u011bz Kalle Rovanper\u00e4"},{"@type":"BreadcrumbList","@id":"https:\/\/www.mzone.cz\/rovanpera-z-toyoty-je-nejmladsim-mistrem-sveta-v-rally\/#breadcrumb","itemListElement":[{"@type":"ListItem","position":1,"name":"Dom\u016f","item":"https:\/\/www.mzone.cz\/"},{"@type":"ListItem","position":2,"name":"Rovanper\u00e4 z Toyoty je nejmlad\u0161\u00edm mistrem sv\u011bta v rally"}]},{"@type":"WebSite","@id":"https:\/\/www.mzone.cz\/#website","url":"https:\/\/www.mzone.cz\/","name":"Mzone","description":"Magaz\u00edn nejen pro mu\u017ee","potentialAction":[{"@type":"SearchAction","target":{"@type":"EntryPoint","urlTemplate":"https:\/\/www.mzone.cz\/?s={search_term_string}"},"query-input":{"@type":"PropertyValueSpecification","valueRequired":true,"valueName":"search_term_string"}}],"inLanguage":"en-US"},{"@type":"Person","@id":"https:\/\/www.mzone.cz\/#\/schema\/person\/9bc20cc422a99cac4af6ff9297da32d4","name":"Mzone","image":{"@type":"ImageObject","inLanguage":"en-US","@id":"https:\/\/secure.gravatar.com\/avatar\/e780a8630f3182a3d06dd667ab6bea151a0d155b0951bc15fe22633acdac0676?s=96&d=mm&r=g","url":"https:\/\/secure.gravatar.com\/avatar\/e780a8630f3182a3d06dd667ab6bea151a0d155b0951bc15fe22633acdac0676?s=96&d=mm&r=g","contentUrl":"https:\/\/secure.gravatar.com\/avatar\/e780a8630f3182a3d06dd667ab6bea151a0d155b0951bc15fe22633acdac0676?s=96&d=mm&r=g","caption":"Mzone"},"url":"https:\/\/www.mzone.cz\/en\/author\/jakub\/"}]}},"_links":{"self":[{"href":"https:\/\/www.mzone.cz\/en\/wp-json\/wp\/v2\/posts\/38103","targetHints":{"allow":["GET"]}}],"collection":[{"href":"https:\/\/www.mzone.cz\/en\/wp-json\/wp\/v2\/posts"}],"about":[{"href":"https:\/\/www.mzone.cz\/en\/wp-json\/wp\/v2\/types\/post"}],"author":[{"embeddable":true,"href":"https:\/\/www.mzone.cz\/en\/wp-json\/wp\/v2\/users\/4"}],"replies":[{"embeddable":true,"href":"https:\/\/www.mzone.cz\/en\/wp-json\/wp\/v2\/comments?post=38103"}],"version-history":[{"count":9,"href":"https:\/\/www.mzone.cz\/en\/wp-json\/wp\/v2\/posts\/38103\/revisions"}],"predecessor-version":[{"id":38118,"href":"https:\/\/www.mzone.cz\/en\/wp-json\/wp\/v2\/posts\/38103\/revisions\/38118"}],"wp:featuredmedia":[{"embeddable":true,"href":"https:\/\/www.mzone.cz\/en\/wp-json\/wp\/v2\/media\/38105"}],"wp:attachment":[{"href":"https:\/\/www.mzone.cz\/en\/wp-json\/wp\/v2\/media?parent=38103"}],"wp:term":[{"taxonomy":"category","embeddable":true,"href":"https:\/\/www.mzone.cz\/en\/wp-json\/wp\/v2\/categories?post=38103"},{"taxonomy":"post_tag","embeddable":true,"href":"https:\/\/www.mzone.cz\/en\/wp-json\/wp\/v2\/tags?post=38103"}],"curies":[{"name":"wp","href":"https:\/\/api.w.org\/{rel}","templated":true}]}}