{"id":39011,"date":"2022-12-09T05:00:00","date_gmt":"2022-12-09T04:00:00","guid":{"rendered":"https:\/\/www.mzone.cz\/?p=39011"},"modified":"2022-12-08T22:15:02","modified_gmt":"2022-12-08T21:15:02","slug":"vylet-s-vanocni-atmosferou-za-hranice-nasi-vlasti","status":"publish","type":"post","link":"https:\/\/www.mzone.cz\/en\/vylet-s-vanocni-atmosferou-za-hranice-nasi-vlasti\/","title":{"rendered":"Ud\u011blejte si v\u00fdlet s v\u00e1no\u010dn\u00ed atmosf\u00e9rou za hranice na\u0161\u00ed vlasti"},"content":{"rendered":"<p><strong>Pokud si chcete oddychnout od p\u0159edv\u00e1no\u010dn\u00edho stresu, ale chcete naplno za\u017e\u00edt sv\u00e1te\u010dn\u00ed atmosf\u00e9ru, je ide\u00e1ln\u00ed volbou vyrazit na v\u00e1no\u010dn\u00ed trhy mimo va\u0161e m\u011bsto. Krom\u011b Plzn\u011b, Liberce, Kutn\u00e9 Hory, Brna \u010di jin\u00e9ho \u010desk\u00e9ho nebo moravsk\u00e9ho m\u011bsta, kde najdete v\u00e1no\u010dn\u00ed trhy a sv\u00e1te\u010dn\u00ed atmosf\u00e9ru, m\u016f\u017eete za v\u00e1no\u010dn\u00ed n\u00e1ladou vycestovat tak\u00e9 k na\u0161im soused\u016fm do Polska a N\u011bmecka.<\/strong><\/p><br>\n\n\n\n<h2 class=\"wp-block-heading\"><strong>Berl\u00edn<\/strong><\/h2>\n\n\n\n<figure class=\"wp-block-image size-large\"><img loading=\"lazy\" decoding=\"async\" width=\"1024\" height=\"683\" src=\"https:\/\/www.mzone.cz\/wp-content\/uploads\/2022\/12\/Vanocni_trhy_Berlin-1024x683.jpg\" alt=\"V\u00e1no\u010dn\u00ed trhy v Berl\u00edn\u011b\" class=\"wp-image-39016\" srcset=\"https:\/\/www.mzone.cz\/wp-content\/uploads\/2022\/12\/Vanocni_trhy_Berlin-1024x683.jpg 1024w, https:\/\/www.mzone.cz\/wp-content\/uploads\/2022\/12\/Vanocni_trhy_Berlin-300x200.jpg 300w, https:\/\/www.mzone.cz\/wp-content\/uploads\/2022\/12\/Vanocni_trhy_Berlin-768x512.jpg 768w, https:\/\/www.mzone.cz\/wp-content\/uploads\/2022\/12\/Vanocni_trhy_Berlin-1536x1024.jpg 1536w, https:\/\/www.mzone.cz\/wp-content\/uploads\/2022\/12\/Vanocni_trhy_Berlin-18x12.jpg 18w, https:\/\/www.mzone.cz\/wp-content\/uploads\/2022\/12\/Vanocni_trhy_Berlin-800x533.jpg 800w, https:\/\/www.mzone.cz\/wp-content\/uploads\/2022\/12\/Vanocni_trhy_Berlin-400x267.jpg 400w, https:\/\/www.mzone.cz\/wp-content\/uploads\/2022\/12\/Vanocni_trhy_Berlin-500x333.jpg 500w, https:\/\/www.mzone.cz\/wp-content\/uploads\/2022\/12\/Vanocni_trhy_Berlin-1170x780.jpg 1170w, https:\/\/www.mzone.cz\/wp-content\/uploads\/2022\/12\/Vanocni_trhy_Berlin-590x393.jpg 590w, https:\/\/www.mzone.cz\/wp-content\/uploads\/2022\/12\/Vanocni_trhy_Berlin.jpg 1920w\" sizes=\"auto, (max-width: 1024px) 100vw, 1024px\" \/><\/figure><br>\n\n\n\n<p>Berl\u00ednsk\u00e9 v\u00e1no\u010dn\u00ed trhy stejn\u011b jako jin\u00e9 v\u00a0N\u011bmecku maj\u00ed mnohaletou tradici, kter\u00e1 spad\u00e1 hluboko do historie. \u201eM\u011bsto je rozhlehl\u00e9 a nab\u00edz\u00ed mnoho nez\u00e1visl\u00fdch trh\u016f, kter\u00fdch m\u016f\u017eeme naj\u00edt a\u017e 50. Mezi nejzn\u00e1m\u011bj\u0161\u00ed pat\u0159\u00ed ten, kter\u00fd je na n\u00e1m\u011bst\u00ed Gendarmenmarkt. Zejm\u00e9na p\u016fsobiv\u00e9 je okol\u00ed, odkud m\u00e1te v\u00fdhled na tradi\u010dn\u00ed berl\u00ednsk\u00e9 pam\u00e1tky,\u201c \u0159\u00edk\u00e1 Milan Beutl, \u0159editel Anytime carsharing, kte\u0159\u00ed v\u00e1m pomohou s dopravou do Berl\u00edna, pokud nevlastn\u00edte vlastn\u00ed automobil.<\/p><br>\n\n\n\n<h2 class=\"wp-block-heading\"><strong>Lipsko<\/strong><\/h2>\n\n\n\n<p>V\u00e1no\u010dn\u00ed trhy se zde odehr\u00e1vaj\u00ed v\u00a0historick\u00fdch kulis\u00e1ch v\u00a0centru m\u011bsta, tak jako ji\u017e p\u0159ed 500 lety. K\u00a0n\u00e1v\u0161t\u011bv\u011b vyb\u00edz\u00ed 250 origin\u00e1ln\u011b nazdoben\u00fdch st\u00e1nk\u016f. Za zast\u00e1vku stoj\u00ed ur\u010dit\u011b jedno z\u00a0nejkr\u00e1sn\u011bj\u0161\u00edch a nejstar\u0161\u00edch n\u00e1kupn\u00edch center. Proslul\u00e9 lipsk\u00e9 pas\u00e1\u017ee, pr\u016fchoz\u00ed dvory a n\u00e1kupn\u00ed domy p\u0159edstavuj\u00ed n\u00e1kupn\u00ed r\u00e1j a jsou m\u00edstem, kde se snoub\u00ed um\u011bn\u00ed a kultura v jeden architektonick\u00fd klenot.<\/p>\n\n\n\n<blockquote class=\"wp-block-quote is-layout-flow wp-block-quote-is-layout-flow\">\n<p>P\u0159ed Starou radnic\u00ed se odehr\u00e1vaj\u00ed jedny z nejv\u011bt\u0161\u00edch a nejstar\u0161\u00edch v\u00e1no\u010dn\u00edch trh\u016f, kter\u00e9 b\u00fdvaj\u00ed zah\u00e1jeny slavnostn\u00edm ceremoni\u00e1lem.<\/p>\n<\/blockquote>\n\n\n\n<p>Pokud v\u00e1m vyhl\u00e1dne a budete si cht\u00edt pochutnat na n\u011b\u010dem dobr\u00e9m m\u016f\u017eete vyzkou\u0161et typick\u00e9 pochoutky jako \u010derstv\u011b rozpe\u010den\u00e9 precl\u00edky, proslul\u00e9 pern\u00ed\u010dky, sva\u0159en\u00e9 v\u00edno nebo meru\u0148kov\u00fd pun\u010d.<\/p><br>\n\n\n\n<h2 class=\"wp-block-heading\"><strong>Dr\u00e1\u017e\u010fany<\/strong><\/h2>\n\n\n\n<figure class=\"wp-block-image size-large\"><img loading=\"lazy\" decoding=\"async\" width=\"1024\" height=\"576\" src=\"https:\/\/www.mzone.cz\/wp-content\/uploads\/2022\/12\/Vanocni-trhy-Drazdany--1024x576.jpeg\" alt=\"V\u00e1no\u010dn\u00ed trhy v Dr\u00e1\u017e\u010fanech\" class=\"wp-image-39020\" srcset=\"https:\/\/www.mzone.cz\/wp-content\/uploads\/2022\/12\/Vanocni-trhy-Drazdany--1024x576.jpeg 1024w, https:\/\/www.mzone.cz\/wp-content\/uploads\/2022\/12\/Vanocni-trhy-Drazdany--300x169.jpeg 300w, https:\/\/www.mzone.cz\/wp-content\/uploads\/2022\/12\/Vanocni-trhy-Drazdany--768x432.jpeg 768w, https:\/\/www.mzone.cz\/wp-content\/uploads\/2022\/12\/Vanocni-trhy-Drazdany--1536x864.jpeg 1536w, https:\/\/www.mzone.cz\/wp-content\/uploads\/2022\/12\/Vanocni-trhy-Drazdany--18x10.jpeg 18w, https:\/\/www.mzone.cz\/wp-content\/uploads\/2022\/12\/Vanocni-trhy-Drazdany--590x332.jpeg 590w, https:\/\/www.mzone.cz\/wp-content\/uploads\/2022\/12\/Vanocni-trhy-Drazdany-.jpeg 2048w\" sizes=\"auto, (max-width: 1024px) 100vw, 1024px\" \/><\/figure><br>\n\n\n\n<p>Jeden z hlavn\u00edch z dr\u00e1\u017e\u010fansk\u00fdch trh\u016f\u00a0Striezelmarkt\u00a0najdete na\u00a0n\u00e1m\u011bst\u00ed Altmarkt. Nakoupit budete moci ve v\u00edce ne\u017e 250 st\u00e1nc\u00edch, kde si m\u016f\u017eete zakoupit tradi\u010dn\u00ed v\u00e1no\u010dn\u00ed d\u00e1rky a ochutnat spoustu m\u00edstn\u00edch pochoutek. Mezi nejzn\u00e1m\u011bj\u0161\u00ed, kter\u00e9 stoj\u00ed za to vyzkou\u0161et je pletenec nebo \u0161tola. Zah\u0159\u00e1t se m\u016f\u017eete sva\u0159en\u00fdm v\u00ednem \u010di nealkoholick\u00fdm pun\u010dem pro \u0159idi\u010de. Za vid\u011bn\u00ed stoj\u00ed tak\u00e9 obrovsk\u00e1 kru\u0161nohorsk\u00e1 osv\u011btlen\u00e1 stup\u0148ovit\u00e1 pyramida, kter\u00e1 je velmi p\u016fsobiv\u00e1 a n\u00e1v\u0161t\u011bvn\u00edci si p\u0159i jej\u00edm sv\u011btle mohou v souladu s tradic\u00ed vychutnat kousek origin\u00e1ln\u00edho <a href=\"https:\/\/cs.wikipedia.org\/wiki\/\u0160t\u00f3la_(mou\u010dn%C3%ADk)\" target=\"_blank\" rel=\"noopener\">dr\u00e1\u017e\u010fansk\u00e9ho\u00a0Christstollenu<\/a>.<\/p><br>\n\n\n\n<h2 class=\"wp-block-heading\"><strong>Vratislav<\/strong><\/h2>\n\n\n\n<p>Zav\u00edtat m\u016f\u017eete i do jednoho z\u00a0nejkr\u00e1sn\u011bj\u0161\u00edch a nejstar\u0161\u00edch m\u011bst v\u00a0Polsku do Vratislavi, kter\u00e9 bylo zalo\u017eeno v\u00a010. stolet\u00ed \u010desk\u00fdm kn\u00ed\u017eetem Vratislavem. \u201eV\u00e1no\u010dn\u00ed trhy se zde odehr\u00e1vaj\u00ed na jednom z nejv\u011bt\u0161\u00edch st\u0159edov\u011bk\u00fdch n\u00e1m\u011bst\u00ed v Evrop\u011b \u2013 Rynku. Na trz\u00edch m\u016f\u017eete ochutnat s\u00fdr na v\u0161echny zp\u016fsoby, zapiekanki nebo t\u0159eba medovinu,\u201c popisuje Milan Beutl.\u00a0Tak \u0161\u0165astnou cestu!<\/p><br>\n\n\n\n<div class=\"wp-block-media-text alignwide is-stacked-on-mobile is-vertically-aligned-top\" style=\"grid-template-columns:23% auto\"><figure class=\"wp-block-media-text__media\"><a href=\"https:\/\/www.mzone.cz\/advent-v-berline-vime-co-nesmite-vynechat\/\"><img loading=\"lazy\" decoding=\"async\" width=\"1024\" height=\"693\" src=\"https:\/\/www.mzone.cz\/wp-content\/uploads\/2018\/12\/Depositphotos_36914985_l-2015-1024x693.jpg\" alt=\"\" class=\"wp-image-2084 size-full\" srcset=\"https:\/\/www.mzone.cz\/wp-content\/uploads\/2018\/12\/Depositphotos_36914985_l-2015-1024x693.jpg 1024w, https:\/\/www.mzone.cz\/wp-content\/uploads\/2018\/12\/Depositphotos_36914985_l-2015-300x203.jpg 300w, https:\/\/www.mzone.cz\/wp-content\/uploads\/2018\/12\/Depositphotos_36914985_l-2015-768x520.jpg 768w, https:\/\/www.mzone.cz\/wp-content\/uploads\/2018\/12\/Depositphotos_36914985_l-2015-590x399.jpg 590w, https:\/\/www.mzone.cz\/wp-content\/uploads\/2018\/12\/Depositphotos_36914985_l-2015.jpg 2000w\" sizes=\"auto, (max-width: 1024px) 100vw, 1024px\" \/><\/a><\/figure><div class=\"wp-block-media-text__content\">\n<h4><a href=\"https:\/\/www.mzone.cz\/advent-v-berline-vime-co-nesmite-vynechat\/\">Advent v Berl\u00edn\u011b? V\u00edme, co nesm\u00edte vynechat!<\/a><\/h4><br>\n<\/div><\/div>","protected":false},"excerpt":{"rendered":"<p>Pokud si chcete oddychnout od p\u0159edv\u00e1no\u010dn\u00edho stresu, ale chcete naplno za\u017e\u00edt sv\u00e1te\u010dn\u00ed atmosf\u00e9ru, je ide\u00e1ln\u00ed volbou vyrazit na v\u00e1no\u010dn\u00ed trhy mimo va\u0161e m\u011bsto. Krom\u011b Plzn\u011b, Liberce, Kutn\u00e9 Hory, Brna \u010di jin\u00e9ho \u010desk\u00e9ho nebo moravsk\u00e9ho m\u011bsta, kde najdete v\u00e1no\u010dn\u00ed trhy a sv\u00e1te\u010dn\u00ed atmosf\u00e9ru, m\u016f\u017eete za v\u00e1no\u010dn\u00ed n\u00e1ladou vycestovat tak\u00e9 k na\u0161im soused\u016fm do Polska a N\u011bmecka. [&hellip;]<\/p>\n","protected":false},"author":4,"featured_media":39025,"comment_status":"open","ping_status":"closed","sticky":false,"template":"","format":"standard","meta":{"kk_blocks_editor_width":"","_kiokenblocks_attr":"","_kiokenblocks_dimensions":"","footnotes":""},"categories":[854,25],"tags":[762,1014,763,512,5686,2122,5688,625,3069,490,572,804,5685,5687,764],"class_list":["post-39011","post","type-post","status-publish","format-standard","has-post-thumbnail","hentry","category-cestovani","category-style","tag-advent","tag-atmosfera","tag-berlin","tag-cestovani","tag-drazdany","tag-evropa","tag-lipsko","tag-nemecko","tag-polsko","tag-style","tag-tipy","tag-vanoce","tag-vanocni-trhy","tag-vratislav","tag-vylet"],"yoast_head":"<!-- This site is optimized with the Yoast SEO plugin v27.5 - https:\/\/yoast.com\/product\/yoast-seo-wordpress\/ -->\n<title>Ud\u011blejte si v\u00fdlet s v\u00e1no\u010dn\u00ed atmosf\u00e9rou za hranice na\u0161\u00ed vlasti - Mzone<\/title>\n<meta name=\"description\" content=\"Pokud si chcete oddychnout od p\u0159edv\u00e1no\u010dn\u00edho stresu, ale chcete naplno za\u017e\u00edt sv\u00e1te\u010dn\u00ed atmosf\u00e9ru, je ide\u00e1ln\u00ed volbou vyrazit na v\u00e1no\u010dn\u00ed trhy mimo va\u0161e m\u011bsto. Krom\u011b Plzn\u011b, Liberce, Kutn\u00e9 Hory, Brna \u010di jin\u00e9ho \u010desk\u00e9ho nebo moravsk\u00e9ho m\u011bsta, kde najdete v\u00e1no\u010dn\u00ed trhy a sv\u00e1te\u010dn\u00ed atmosf\u00e9ru, m\u016f\u017eete za v\u00e1no\u010dn\u00ed n\u00e1ladou vycestovat tak\u00e9 k na\u0161im soused\u016fm do Polska a N\u011bmecka.\" \/>\n<meta name=\"robots\" content=\"index, follow, max-snippet:-1, max-image-preview:large, max-video-preview:-1\" \/>\n<link rel=\"canonical\" href=\"https:\/\/www.mzone.cz\/en\/vylet-s-vanocni-atmosferou-za-hranice-nasi-vlasti\/\" \/>\n<meta property=\"og:locale\" content=\"en_US\" \/>\n<meta property=\"og:type\" content=\"article\" \/>\n<meta property=\"og:title\" content=\"Ud\u011blejte si v\u00fdlet s v\u00e1no\u010dn\u00ed atmosf\u00e9rou za hranice na\u0161\u00ed vlasti - Mzone\" \/>\n<meta property=\"og:description\" content=\"Pokud si chcete oddychnout od p\u0159edv\u00e1no\u010dn\u00edho stresu, ale chcete naplno za\u017e\u00edt sv\u00e1te\u010dn\u00ed atmosf\u00e9ru, je ide\u00e1ln\u00ed volbou vyrazit na v\u00e1no\u010dn\u00ed trhy mimo va\u0161e m\u011bsto. Krom\u011b Plzn\u011b, Liberce, Kutn\u00e9 Hory, Brna \u010di jin\u00e9ho \u010desk\u00e9ho nebo moravsk\u00e9ho m\u011bsta, kde najdete v\u00e1no\u010dn\u00ed trhy a sv\u00e1te\u010dn\u00ed atmosf\u00e9ru, m\u016f\u017eete za v\u00e1no\u010dn\u00ed n\u00e1ladou vycestovat tak\u00e9 k na\u0161im soused\u016fm do Polska a N\u011bmecka.\" \/>\n<meta property=\"og:url\" content=\"https:\/\/www.mzone.cz\/en\/vylet-s-vanocni-atmosferou-za-hranice-nasi-vlasti\/\" \/>\n<meta property=\"og:site_name\" content=\"Mzone\" \/>\n<meta property=\"article:publisher\" content=\"https:\/\/www.facebook.com\/MzoneCZ\/\" \/>\n<meta property=\"article:published_time\" content=\"2022-12-09T04:00:00+00:00\" \/>\n<meta property=\"og:image\" content=\"https:\/\/www.mzone.cz\/wp-content\/uploads\/2022\/12\/Vanocni-trhy.jpg\" \/>\n\t<meta property=\"og:image:width\" content=\"1853\" \/>\n\t<meta property=\"og:image:height\" content=\"1235\" \/>\n\t<meta property=\"og:image:type\" content=\"image\/jpeg\" \/>\n<meta name=\"author\" content=\"Mzone\" \/>\n<meta name=\"twitter:card\" content=\"summary_large_image\" \/>\n<meta name=\"twitter:label1\" content=\"Written by\" \/>\n\t<meta name=\"twitter:data1\" content=\"Mzone\" \/>\n\t<meta name=\"twitter:label2\" content=\"Est. reading time\" \/>\n\t<meta name=\"twitter:data2\" content=\"3 minutes\" \/>\n<script type=\"application\/ld+json\" class=\"yoast-schema-graph\">{\"@context\":\"https:\\\/\\\/schema.org\",\"@graph\":[{\"@type\":\"Article\",\"@id\":\"https:\\\/\\\/www.mzone.cz\\\/vylet-s-vanocni-atmosferou-za-hranice-nasi-vlasti\\\/#article\",\"isPartOf\":{\"@id\":\"https:\\\/\\\/www.mzone.cz\\\/vylet-s-vanocni-atmosferou-za-hranice-nasi-vlasti\\\/\"},\"author\":{\"name\":\"Mzone\",\"@id\":\"https:\\\/\\\/www.mzone.cz\\\/#\\\/schema\\\/person\\\/9bc20cc422a99cac4af6ff9297da32d4\"},\"headline\":\"Ud\u011blejte si v\u00fdlet s v\u00e1no\u010dn\u00ed atmosf\u00e9rou za hranice na\u0161\u00ed vlasti\",\"datePublished\":\"2022-12-09T04:00:00+00:00\",\"mainEntityOfPage\":{\"@id\":\"https:\\\/\\\/www.mzone.cz\\\/vylet-s-vanocni-atmosferou-za-hranice-nasi-vlasti\\\/\"},\"wordCount\":562,\"commentCount\":0,\"image\":{\"@id\":\"https:\\\/\\\/www.mzone.cz\\\/vylet-s-vanocni-atmosferou-za-hranice-nasi-vlasti\\\/#primaryimage\"},\"thumbnailUrl\":\"https:\\\/\\\/www.mzone.cz\\\/wp-content\\\/uploads\\\/2022\\\/12\\\/Vanocni-trhy.jpg\",\"keywords\":[\"advent\",\"atmosf\u00e9ra\",\"Berl\u00edn\",\"cestov\u00e1n\u00ed\",\"Dr\u00e1\u017e\u010fany\",\"Evropa\",\"Lipsko\",\"N\u011bmecko\",\"Polsko\",\"style\",\"tipy\",\"V\u00e1noce\",\"v\u00e1no\u010dn\u00ed trhy\",\"Vratislav\",\"v\u00fdlet\"],\"articleSection\":[\"Cestov\u00e1n\u00ed\",\"Style\"],\"inLanguage\":\"en-US\",\"potentialAction\":[{\"@type\":\"CommentAction\",\"name\":\"Comment\",\"target\":[\"https:\\\/\\\/www.mzone.cz\\\/vylet-s-vanocni-atmosferou-za-hranice-nasi-vlasti\\\/#respond\"]}]},{\"@type\":\"WebPage\",\"@id\":\"https:\\\/\\\/www.mzone.cz\\\/vylet-s-vanocni-atmosferou-za-hranice-nasi-vlasti\\\/\",\"url\":\"https:\\\/\\\/www.mzone.cz\\\/vylet-s-vanocni-atmosferou-za-hranice-nasi-vlasti\\\/\",\"name\":\"Ud\u011blejte si v\u00fdlet s v\u00e1no\u010dn\u00ed atmosf\u00e9rou za hranice na\u0161\u00ed vlasti - Mzone\",\"isPartOf\":{\"@id\":\"https:\\\/\\\/www.mzone.cz\\\/#website\"},\"primaryImageOfPage\":{\"@id\":\"https:\\\/\\\/www.mzone.cz\\\/vylet-s-vanocni-atmosferou-za-hranice-nasi-vlasti\\\/#primaryimage\"},\"image\":{\"@id\":\"https:\\\/\\\/www.mzone.cz\\\/vylet-s-vanocni-atmosferou-za-hranice-nasi-vlasti\\\/#primaryimage\"},\"thumbnailUrl\":\"https:\\\/\\\/www.mzone.cz\\\/wp-content\\\/uploads\\\/2022\\\/12\\\/Vanocni-trhy.jpg\",\"datePublished\":\"2022-12-09T04:00:00+00:00\",\"author\":{\"@id\":\"https:\\\/\\\/www.mzone.cz\\\/#\\\/schema\\\/person\\\/9bc20cc422a99cac4af6ff9297da32d4\"},\"description\":\"Pokud si chcete oddychnout od p\u0159edv\u00e1no\u010dn\u00edho stresu, ale chcete naplno za\u017e\u00edt sv\u00e1te\u010dn\u00ed atmosf\u00e9ru, je ide\u00e1ln\u00ed volbou vyrazit na v\u00e1no\u010dn\u00ed trhy mimo va\u0161e m\u011bsto. Krom\u011b Plzn\u011b, Liberce, Kutn\u00e9 Hory, Brna \u010di jin\u00e9ho \u010desk\u00e9ho nebo moravsk\u00e9ho m\u011bsta, kde najdete v\u00e1no\u010dn\u00ed trhy a sv\u00e1te\u010dn\u00ed atmosf\u00e9ru, m\u016f\u017eete za v\u00e1no\u010dn\u00ed n\u00e1ladou vycestovat tak\u00e9 k na\u0161im soused\u016fm do Polska a N\u011bmecka.\",\"breadcrumb\":{\"@id\":\"https:\\\/\\\/www.mzone.cz\\\/vylet-s-vanocni-atmosferou-za-hranice-nasi-vlasti\\\/#breadcrumb\"},\"inLanguage\":\"en-US\",\"potentialAction\":[{\"@type\":\"ReadAction\",\"target\":[\"https:\\\/\\\/www.mzone.cz\\\/vylet-s-vanocni-atmosferou-za-hranice-nasi-vlasti\\\/\"]}]},{\"@type\":\"ImageObject\",\"inLanguage\":\"en-US\",\"@id\":\"https:\\\/\\\/www.mzone.cz\\\/vylet-s-vanocni-atmosferou-za-hranice-nasi-vlasti\\\/#primaryimage\",\"url\":\"https:\\\/\\\/www.mzone.cz\\\/wp-content\\\/uploads\\\/2022\\\/12\\\/Vanocni-trhy.jpg\",\"contentUrl\":\"https:\\\/\\\/www.mzone.cz\\\/wp-content\\\/uploads\\\/2022\\\/12\\\/Vanocni-trhy.jpg\",\"width\":1853,\"height\":1235,\"caption\":\"V\u00e1no\u010dn\u00ed trhy\"},{\"@type\":\"BreadcrumbList\",\"@id\":\"https:\\\/\\\/www.mzone.cz\\\/vylet-s-vanocni-atmosferou-za-hranice-nasi-vlasti\\\/#breadcrumb\",\"itemListElement\":[{\"@type\":\"ListItem\",\"position\":1,\"name\":\"Dom\u016f\",\"item\":\"https:\\\/\\\/www.mzone.cz\\\/\"},{\"@type\":\"ListItem\",\"position\":2,\"name\":\"Ud\u011blejte si v\u00fdlet s v\u00e1no\u010dn\u00ed atmosf\u00e9rou za hranice na\u0161\u00ed vlasti\"}]},{\"@type\":\"WebSite\",\"@id\":\"https:\\\/\\\/www.mzone.cz\\\/#website\",\"url\":\"https:\\\/\\\/www.mzone.cz\\\/\",\"name\":\"Mzone\",\"description\":\"Magaz\u00edn nejen pro mu\u017ee\",\"potentialAction\":[{\"@type\":\"SearchAction\",\"target\":{\"@type\":\"EntryPoint\",\"urlTemplate\":\"https:\\\/\\\/www.mzone.cz\\\/?s={search_term_string}\"},\"query-input\":{\"@type\":\"PropertyValueSpecification\",\"valueRequired\":true,\"valueName\":\"search_term_string\"}}],\"inLanguage\":\"en-US\"},{\"@type\":\"Person\",\"@id\":\"https:\\\/\\\/www.mzone.cz\\\/#\\\/schema\\\/person\\\/9bc20cc422a99cac4af6ff9297da32d4\",\"name\":\"Mzone\",\"image\":{\"@type\":\"ImageObject\",\"inLanguage\":\"en-US\",\"@id\":\"https:\\\/\\\/secure.gravatar.com\\\/avatar\\\/e780a8630f3182a3d06dd667ab6bea151a0d155b0951bc15fe22633acdac0676?s=96&d=mm&r=g\",\"url\":\"https:\\\/\\\/secure.gravatar.com\\\/avatar\\\/e780a8630f3182a3d06dd667ab6bea151a0d155b0951bc15fe22633acdac0676?s=96&d=mm&r=g\",\"contentUrl\":\"https:\\\/\\\/secure.gravatar.com\\\/avatar\\\/e780a8630f3182a3d06dd667ab6bea151a0d155b0951bc15fe22633acdac0676?s=96&d=mm&r=g\",\"caption\":\"Mzone\"},\"url\":\"https:\\\/\\\/www.mzone.cz\\\/en\\\/author\\\/jakub\\\/\"}]}<\/script>\n<!-- \/ Yoast SEO plugin. -->","yoast_head_json":{"title":"Ud\u011blejte si v\u00fdlet s v\u00e1no\u010dn\u00ed atmosf\u00e9rou za hranice na\u0161\u00ed vlasti - Mzone","description":"Pokud si chcete oddychnout od p\u0159edv\u00e1no\u010dn\u00edho stresu, ale chcete naplno za\u017e\u00edt sv\u00e1te\u010dn\u00ed atmosf\u00e9ru, je ide\u00e1ln\u00ed volbou vyrazit na v\u00e1no\u010dn\u00ed trhy mimo va\u0161e m\u011bsto. Krom\u011b Plzn\u011b, Liberce, Kutn\u00e9 Hory, Brna \u010di jin\u00e9ho \u010desk\u00e9ho nebo moravsk\u00e9ho m\u011bsta, kde najdete v\u00e1no\u010dn\u00ed trhy a sv\u00e1te\u010dn\u00ed atmosf\u00e9ru, m\u016f\u017eete za v\u00e1no\u010dn\u00ed n\u00e1ladou vycestovat tak\u00e9 k na\u0161im soused\u016fm do Polska a N\u011bmecka.","robots":{"index":"index","follow":"follow","max-snippet":"max-snippet:-1","max-image-preview":"max-image-preview:large","max-video-preview":"max-video-preview:-1"},"canonical":"https:\/\/www.mzone.cz\/en\/vylet-s-vanocni-atmosferou-za-hranice-nasi-vlasti\/","og_locale":"en_US","og_type":"article","og_title":"Ud\u011blejte si v\u00fdlet s v\u00e1no\u010dn\u00ed atmosf\u00e9rou za hranice na\u0161\u00ed vlasti - Mzone","og_description":"Pokud si chcete oddychnout od p\u0159edv\u00e1no\u010dn\u00edho stresu, ale chcete naplno za\u017e\u00edt sv\u00e1te\u010dn\u00ed atmosf\u00e9ru, je ide\u00e1ln\u00ed volbou vyrazit na v\u00e1no\u010dn\u00ed trhy mimo va\u0161e m\u011bsto. Krom\u011b Plzn\u011b, Liberce, Kutn\u00e9 Hory, Brna \u010di jin\u00e9ho \u010desk\u00e9ho nebo moravsk\u00e9ho m\u011bsta, kde najdete v\u00e1no\u010dn\u00ed trhy a sv\u00e1te\u010dn\u00ed atmosf\u00e9ru, m\u016f\u017eete za v\u00e1no\u010dn\u00ed n\u00e1ladou vycestovat tak\u00e9 k na\u0161im soused\u016fm do Polska a N\u011bmecka.","og_url":"https:\/\/www.mzone.cz\/en\/vylet-s-vanocni-atmosferou-za-hranice-nasi-vlasti\/","og_site_name":"Mzone","article_publisher":"https:\/\/www.facebook.com\/MzoneCZ\/","article_published_time":"2022-12-09T04:00:00+00:00","og_image":[{"width":1853,"height":1235,"url":"https:\/\/www.mzone.cz\/wp-content\/uploads\/2022\/12\/Vanocni-trhy.jpg","type":"image\/jpeg"}],"author":"Mzone","twitter_card":"summary_large_image","twitter_misc":{"Written by":"Mzone","Est. reading time":"3 minutes"},"schema":{"@context":"https:\/\/schema.org","@graph":[{"@type":"Article","@id":"https:\/\/www.mzone.cz\/vylet-s-vanocni-atmosferou-za-hranice-nasi-vlasti\/#article","isPartOf":{"@id":"https:\/\/www.mzone.cz\/vylet-s-vanocni-atmosferou-za-hranice-nasi-vlasti\/"},"author":{"name":"Mzone","@id":"https:\/\/www.mzone.cz\/#\/schema\/person\/9bc20cc422a99cac4af6ff9297da32d4"},"headline":"Ud\u011blejte si v\u00fdlet s v\u00e1no\u010dn\u00ed atmosf\u00e9rou za hranice na\u0161\u00ed vlasti","datePublished":"2022-12-09T04:00:00+00:00","mainEntityOfPage":{"@id":"https:\/\/www.mzone.cz\/vylet-s-vanocni-atmosferou-za-hranice-nasi-vlasti\/"},"wordCount":562,"commentCount":0,"image":{"@id":"https:\/\/www.mzone.cz\/vylet-s-vanocni-atmosferou-za-hranice-nasi-vlasti\/#primaryimage"},"thumbnailUrl":"https:\/\/www.mzone.cz\/wp-content\/uploads\/2022\/12\/Vanocni-trhy.jpg","keywords":["advent","atmosf\u00e9ra","Berl\u00edn","cestov\u00e1n\u00ed","Dr\u00e1\u017e\u010fany","Evropa","Lipsko","N\u011bmecko","Polsko","style","tipy","V\u00e1noce","v\u00e1no\u010dn\u00ed trhy","Vratislav","v\u00fdlet"],"articleSection":["Cestov\u00e1n\u00ed","Style"],"inLanguage":"en-US","potentialAction":[{"@type":"CommentAction","name":"Comment","target":["https:\/\/www.mzone.cz\/vylet-s-vanocni-atmosferou-za-hranice-nasi-vlasti\/#respond"]}]},{"@type":"WebPage","@id":"https:\/\/www.mzone.cz\/vylet-s-vanocni-atmosferou-za-hranice-nasi-vlasti\/","url":"https:\/\/www.mzone.cz\/vylet-s-vanocni-atmosferou-za-hranice-nasi-vlasti\/","name":"Ud\u011blejte si v\u00fdlet s v\u00e1no\u010dn\u00ed atmosf\u00e9rou za hranice na\u0161\u00ed vlasti - Mzone","isPartOf":{"@id":"https:\/\/www.mzone.cz\/#website"},"primaryImageOfPage":{"@id":"https:\/\/www.mzone.cz\/vylet-s-vanocni-atmosferou-za-hranice-nasi-vlasti\/#primaryimage"},"image":{"@id":"https:\/\/www.mzone.cz\/vylet-s-vanocni-atmosferou-za-hranice-nasi-vlasti\/#primaryimage"},"thumbnailUrl":"https:\/\/www.mzone.cz\/wp-content\/uploads\/2022\/12\/Vanocni-trhy.jpg","datePublished":"2022-12-09T04:00:00+00:00","author":{"@id":"https:\/\/www.mzone.cz\/#\/schema\/person\/9bc20cc422a99cac4af6ff9297da32d4"},"description":"Pokud si chcete oddychnout od p\u0159edv\u00e1no\u010dn\u00edho stresu, ale chcete naplno za\u017e\u00edt sv\u00e1te\u010dn\u00ed atmosf\u00e9ru, je ide\u00e1ln\u00ed volbou vyrazit na v\u00e1no\u010dn\u00ed trhy mimo va\u0161e m\u011bsto. Krom\u011b Plzn\u011b, Liberce, Kutn\u00e9 Hory, Brna \u010di jin\u00e9ho \u010desk\u00e9ho nebo moravsk\u00e9ho m\u011bsta, kde najdete v\u00e1no\u010dn\u00ed trhy a sv\u00e1te\u010dn\u00ed atmosf\u00e9ru, m\u016f\u017eete za v\u00e1no\u010dn\u00ed n\u00e1ladou vycestovat tak\u00e9 k na\u0161im soused\u016fm do Polska a N\u011bmecka.","breadcrumb":{"@id":"https:\/\/www.mzone.cz\/vylet-s-vanocni-atmosferou-za-hranice-nasi-vlasti\/#breadcrumb"},"inLanguage":"en-US","potentialAction":[{"@type":"ReadAction","target":["https:\/\/www.mzone.cz\/vylet-s-vanocni-atmosferou-za-hranice-nasi-vlasti\/"]}]},{"@type":"ImageObject","inLanguage":"en-US","@id":"https:\/\/www.mzone.cz\/vylet-s-vanocni-atmosferou-za-hranice-nasi-vlasti\/#primaryimage","url":"https:\/\/www.mzone.cz\/wp-content\/uploads\/2022\/12\/Vanocni-trhy.jpg","contentUrl":"https:\/\/www.mzone.cz\/wp-content\/uploads\/2022\/12\/Vanocni-trhy.jpg","width":1853,"height":1235,"caption":"V\u00e1no\u010dn\u00ed trhy"},{"@type":"BreadcrumbList","@id":"https:\/\/www.mzone.cz\/vylet-s-vanocni-atmosferou-za-hranice-nasi-vlasti\/#breadcrumb","itemListElement":[{"@type":"ListItem","position":1,"name":"Dom\u016f","item":"https:\/\/www.mzone.cz\/"},{"@type":"ListItem","position":2,"name":"Ud\u011blejte si v\u00fdlet s v\u00e1no\u010dn\u00ed atmosf\u00e9rou za hranice na\u0161\u00ed vlasti"}]},{"@type":"WebSite","@id":"https:\/\/www.mzone.cz\/#website","url":"https:\/\/www.mzone.cz\/","name":"Mzone","description":"Magaz\u00edn nejen pro mu\u017ee","potentialAction":[{"@type":"SearchAction","target":{"@type":"EntryPoint","urlTemplate":"https:\/\/www.mzone.cz\/?s={search_term_string}"},"query-input":{"@type":"PropertyValueSpecification","valueRequired":true,"valueName":"search_term_string"}}],"inLanguage":"en-US"},{"@type":"Person","@id":"https:\/\/www.mzone.cz\/#\/schema\/person\/9bc20cc422a99cac4af6ff9297da32d4","name":"Mzone","image":{"@type":"ImageObject","inLanguage":"en-US","@id":"https:\/\/secure.gravatar.com\/avatar\/e780a8630f3182a3d06dd667ab6bea151a0d155b0951bc15fe22633acdac0676?s=96&d=mm&r=g","url":"https:\/\/secure.gravatar.com\/avatar\/e780a8630f3182a3d06dd667ab6bea151a0d155b0951bc15fe22633acdac0676?s=96&d=mm&r=g","contentUrl":"https:\/\/secure.gravatar.com\/avatar\/e780a8630f3182a3d06dd667ab6bea151a0d155b0951bc15fe22633acdac0676?s=96&d=mm&r=g","caption":"Mzone"},"url":"https:\/\/www.mzone.cz\/en\/author\/jakub\/"}]}},"_links":{"self":[{"href":"https:\/\/www.mzone.cz\/en\/wp-json\/wp\/v2\/posts\/39011","targetHints":{"allow":["GET"]}}],"collection":[{"href":"https:\/\/www.mzone.cz\/en\/wp-json\/wp\/v2\/posts"}],"about":[{"href":"https:\/\/www.mzone.cz\/en\/wp-json\/wp\/v2\/types\/post"}],"author":[{"embeddable":true,"href":"https:\/\/www.mzone.cz\/en\/wp-json\/wp\/v2\/users\/4"}],"replies":[{"embeddable":true,"href":"https:\/\/www.mzone.cz\/en\/wp-json\/wp\/v2\/comments?post=39011"}],"version-history":[{"count":10,"href":"https:\/\/www.mzone.cz\/en\/wp-json\/wp\/v2\/posts\/39011\/revisions"}],"predecessor-version":[{"id":39029,"href":"https:\/\/www.mzone.cz\/en\/wp-json\/wp\/v2\/posts\/39011\/revisions\/39029"}],"wp:featuredmedia":[{"embeddable":true,"href":"https:\/\/www.mzone.cz\/en\/wp-json\/wp\/v2\/media\/39025"}],"wp:attachment":[{"href":"https:\/\/www.mzone.cz\/en\/wp-json\/wp\/v2\/media?parent=39011"}],"wp:term":[{"taxonomy":"category","embeddable":true,"href":"https:\/\/www.mzone.cz\/en\/wp-json\/wp\/v2\/categories?post=39011"},{"taxonomy":"post_tag","embeddable":true,"href":"https:\/\/www.mzone.cz\/en\/wp-json\/wp\/v2\/tags?post=39011"}],"curies":[{"name":"wp","href":"https:\/\/api.w.org\/{rel}","templated":true}]}}