{"id":39157,"date":"2023-01-05T05:00:00","date_gmt":"2023-01-05T04:00:00","guid":{"rendered":"https:\/\/www.mzone.cz\/?p=39157"},"modified":"2022-12-30T13:52:27","modified_gmt":"2022-12-30T12:52:27","slug":"pop-art-na-batohu-modni-znacka-vuch-se-spojila-s-umelcem-josefem-ratajem","status":"publish","type":"post","link":"https:\/\/www.mzone.cz\/en\/pop-art-na-batohu-modni-znacka-vuch-se-spojila-s-umelcem-josefem-ratajem\/","title":{"rendered":"Pop-art na batohu: M\u00f3dn\u00ed zna\u010dka Vuch se spojila s um\u011blcem Josefem Ratajem"},"content":{"rendered":"<p><strong>Josef Rataj a zna\u010dka Vuch p\u0159ich\u00e1zej\u00ed s\u202fnovou pop-artovou limitkou. Subjektivn\u00ed ztv\u00e1rn\u011bn\u00ed L\u00c1SKY a M\u00cdRU p\u0159enesl Josef Rataj na dv\u011b hlavn\u00ed a jedno dopl\u0148uj\u00edc\u00ed pl\u00e1tno. V kone\u010dn\u00e9m zpracov\u00e1n\u00ed se pak objevuj\u00ed na pen\u011b\u017eence, kabelce a bat\u016f\u017eku.<\/strong><\/p><br>\n\n\n\n<h2 class=\"wp-block-heading\">Ratata od Rataje nehroz\u00ed, m\u00edr a l\u00e1sku v\u0161em<\/h2>\n\n\n\n<p>\u201eAktu\u00e1ln\u011b c\u00edt\u00edme, v\u00edc ne\u017e kdy jindy, \u017ee je d\u016fle\u017eit\u00e9 p\u0159ipom\u00ednat si m\u00edr a l\u00e1sku. A tak se v tomto duchu line i cel\u00e1 nov\u00e1 edice Rataj second collection. A jak to tak b\u00fdv\u00e1, tahle limitka je zase trochu jin\u00e1 a od t\u00e9 minul\u00e9 se li\u0161\u00ed jednou z\u00e1sadn\u00ed v\u011bc\u00ed. Krom\u011b d\u00e1msk\u00fdch dopl\u0148k\u016f se toti\u017e d\u00edky t\u00e9to kolekci projekt \u201eVuch limited\u201c poprv\u00e9 prom\u00edt\u00e1 i do p\u00e1nsk\u00e9ho portfolia, a to konkr\u00e9tn\u011b na pen\u011b\u017eenky,\u201c \u0159\u00edk\u00e1 Martin K\u016fs, spolumajitel m\u00f3dn\u00ed zna\u010dky Vuch.<\/p><br>\n\n\n\n<figure class=\"wp-block-image size-full is-resized\"><img loading=\"lazy\" decoding=\"async\" src=\"https:\/\/www.mzone.cz\/wp-content\/uploads\/2022\/12\/Limitovana_edice_Rataj_VUCH-1.jpg\" alt=\"Pen\u011b\u017eenka Vuch od Josefa Rataje\" class=\"wp-image-39162\" width=\"822\" height=\"549\" srcset=\"https:\/\/www.mzone.cz\/wp-content\/uploads\/2022\/12\/Limitovana_edice_Rataj_VUCH-1.jpg 720w, https:\/\/www.mzone.cz\/wp-content\/uploads\/2022\/12\/Limitovana_edice_Rataj_VUCH-1-300x200.jpg 300w, https:\/\/www.mzone.cz\/wp-content\/uploads\/2022\/12\/Limitovana_edice_Rataj_VUCH-1-18x12.jpg 18w, https:\/\/www.mzone.cz\/wp-content\/uploads\/2022\/12\/Limitovana_edice_Rataj_VUCH-1-400x267.jpg 400w, https:\/\/www.mzone.cz\/wp-content\/uploads\/2022\/12\/Limitovana_edice_Rataj_VUCH-1-500x333.jpg 500w, https:\/\/www.mzone.cz\/wp-content\/uploads\/2022\/12\/Limitovana_edice_Rataj_VUCH-1-590x394.jpg 590w\" sizes=\"auto, (max-width: 822px) 100vw, 822px\" \/><\/figure><br>\n\n\n\n<h2 class=\"wp-block-heading\">Josef Rataj jako pr\u016fkopn\u00edk pop-artu v na\u0161\u00ed kotlin\u011b<\/h2>\n\n\n\n<p>Josef Rataj je mal\u00ed\u0159, v\u00fdtvarn\u00edk, performer a uzn\u00e1van\u00fd pop-art m\u00e1str u n\u00e1s. U\u010dil se a okouk\u00e1val to od t\u011bch nejlep\u0161\u00edch, p\u0159\u00edmo v j\u00e1m\u011b pop-artov\u00e9, v Los Angeles. Neboj\u00ed se riskovat a ur\u010duje nov\u00e9 trendy, stejn\u011b tak jako ve Vuch. Proto je tato kombinace Rataj x Vuch s\u00e1zkou na jistotu a taky kreativn\u00edm v\u00fdletem za hranice m\u00f3dy.<\/p><br>\n\n\n\n<h2 class=\"wp-block-heading\">Jen p\u00e1r vz\u00e1cn\u00fdch kousk\u016f<\/h2>\n\n\n\n<p>Hned dva designy Love and Peace jsou nati\u0161t\u011bn\u00e9 na batoz\u00edch, kabelce a dvou typech pen\u011b\u017eenek, jejich\u017e design je osv\u011bd\u010den\u00fd a jsou to kousky hodny um\u011bleck\u00e9ho d\u00edla. Takhle se zd\u00e1, \u017ee je toho dost a velk\u00fd v\u00fdb\u011br, ale nenechte zm\u00e1st a nekochejte se p\u0159\u00edli\u0161 dlouho, <a href=\"https:\/\/www.vuch.cz\/Zeny\/Limited\/Rataj-2-collection\/\" target=\"_blank\" rel=\"noopener\">limitek je omezen\u00fd po\u010det<\/a>. Konkr\u00e9tn\u011b 200 batoh\u016f, 300 kabelek a 300 pen\u011b\u017eenek z obou kolekc\u00ed.<\/p><br>\n\n\n\n<figure class=\"wp-block-image size-full is-resized\"><img loading=\"lazy\" decoding=\"async\" src=\"https:\/\/www.mzone.cz\/wp-content\/uploads\/2022\/12\/Limitovana_edice_Rataj_VUCH-5.jpg\" alt=\"Design Josefa Rataje na produktech zna\u010dky Vuch\" class=\"wp-image-39165\" width=\"822\" height=\"549\" srcset=\"https:\/\/www.mzone.cz\/wp-content\/uploads\/2022\/12\/Limitovana_edice_Rataj_VUCH-5.jpg 720w, https:\/\/www.mzone.cz\/wp-content\/uploads\/2022\/12\/Limitovana_edice_Rataj_VUCH-5-300x200.jpg 300w, https:\/\/www.mzone.cz\/wp-content\/uploads\/2022\/12\/Limitovana_edice_Rataj_VUCH-5-18x12.jpg 18w, https:\/\/www.mzone.cz\/wp-content\/uploads\/2022\/12\/Limitovana_edice_Rataj_VUCH-5-400x267.jpg 400w, https:\/\/www.mzone.cz\/wp-content\/uploads\/2022\/12\/Limitovana_edice_Rataj_VUCH-5-500x333.jpg 500w, https:\/\/www.mzone.cz\/wp-content\/uploads\/2022\/12\/Limitovana_edice_Rataj_VUCH-5-590x394.jpg 590w\" sizes=\"auto, (max-width: 822px) 100vw, 822px\" \/><\/figure><br>\n\n\n\n<h2 class=\"wp-block-heading\">Tohle jste o limitce mo\u017en\u00e1 nev\u011bd\u011bli&#8230;<\/h2>\n\n\n\n<p>\u201eV\u0161echny origin\u00e1ln\u00ed obrazy od Josefa Rataje, kter\u00e9 se objevuj\u00ed na na\u0161ich produktech jsou ve skute\u010dnosti mnohem v\u011bt\u0161\u00ed, ne\u017e se na prvn\u00ed pohled m\u016f\u017ee zd\u00e1t, a hrd\u011b zdob\u00ed zdi zaseda\u010dky v\u202fna\u0161\u00ed firm\u011b. Na z\u00e1v\u011br m\u016f\u017eeme prozradit, \u017ee to s\u202fnejv\u011bt\u0161\u00ed pravd\u011bpodobnost\u00ed nen\u00ed posledn\u00ed spolupr\u00e1ce s\u202fJosefem, na kterou se m\u016f\u017eete t\u011b\u0161it,\u201c uzav\u00edr\u00e1 Martin K\u016fs z Vuch.<\/p><br>\n\n\n\n<div class=\"wp-block-media-text alignwide is-stacked-on-mobile is-vertically-aligned-top\" style=\"grid-template-columns:23% auto\"><figure class=\"wp-block-media-text__media\"><a href=\"https:\/\/www.mzone.cz\/batoh-do-prace-jak-vybrat-ten-spravny\/\"><img loading=\"lazy\" decoding=\"async\" width=\"1024\" height=\"683\" src=\"https:\/\/www.mzone.cz\/wp-content\/uploads\/2022\/10\/Pansky-batoh.jpg\" alt=\"P\u00e1nsk\u00fd batoh\" class=\"wp-image-38171 size-full\" srcset=\"https:\/\/www.mzone.cz\/wp-content\/uploads\/2022\/10\/Pansky-batoh.jpg 1024w, https:\/\/www.mzone.cz\/wp-content\/uploads\/2022\/10\/Pansky-batoh-300x200.jpg 300w, https:\/\/www.mzone.cz\/wp-content\/uploads\/2022\/10\/Pansky-batoh-768x512.jpg 768w, https:\/\/www.mzone.cz\/wp-content\/uploads\/2022\/10\/Pansky-batoh-18x12.jpg 18w, https:\/\/www.mzone.cz\/wp-content\/uploads\/2022\/10\/Pansky-batoh-800x533.jpg 800w, https:\/\/www.mzone.cz\/wp-content\/uploads\/2022\/10\/Pansky-batoh-400x267.jpg 400w, https:\/\/www.mzone.cz\/wp-content\/uploads\/2022\/10\/Pansky-batoh-500x333.jpg 500w, https:\/\/www.mzone.cz\/wp-content\/uploads\/2022\/10\/Pansky-batoh-590x394.jpg 590w\" sizes=\"auto, (max-width: 1024px) 100vw, 1024px\" \/><\/a><\/figure><div class=\"wp-block-media-text__content\">\n<h4><a href=\"https:\/\/www.mzone.cz\/batoh-do-prace-jak-vybrat-ten-spravny\/\">P\u00e1nsk\u00fd batoh do pr\u00e1ce \u2013 Jak vybrat ten spr\u00e1vn\u00fd?<\/a><\/h4><br>\n<\/div><\/div>","protected":false},"excerpt":{"rendered":"<p>Josef Rataj a zna\u010dka Vuch p\u0159ich\u00e1zej\u00ed s\u202fnovou pop-artovou limitkou. Subjektivn\u00ed ztv\u00e1rn\u011bn\u00ed L\u00c1SKY a M\u00cdRU p\u0159enesl Josef Rataj na dv\u011b hlavn\u00ed a jedno dopl\u0148uj\u00edc\u00ed pl\u00e1tno. V kone\u010dn\u00e9m zpracov\u00e1n\u00ed se pak objevuj\u00ed na pen\u011b\u017eence, kabelce a bat\u016f\u017eku. Ratata od Rataje nehroz\u00ed, m\u00edr a l\u00e1sku v\u0161em \u201eAktu\u00e1ln\u011b c\u00edt\u00edme, v\u00edc ne\u017e kdy jindy, \u017ee je d\u016fle\u017eit\u00e9 p\u0159ipom\u00ednat si m\u00edr [&hellip;]<\/p>\n","protected":false},"author":4,"featured_media":39159,"comment_status":"open","ping_status":"closed","sticky":false,"template":"","format":"standard","meta":{"kk_blocks_editor_width":"","_kiokenblocks_attr":"","_kiokenblocks_dimensions":"","footnotes":""},"categories":[71,28,25,72],"tags":[5494,928,5708,5706,31,4815,1398,34,3177,4197,5707,490,1842,957],"class_list":["post-39157","post","type-post","status-publish","format-standard","has-post-thumbnail","hentry","category-kultura","category-moda-vizaz","category-style","category-umeni","tag-batoh","tag-doplnky","tag-josef-rataj","tag-kabelka","tag-kultura","tag-limitka","tag-limitovana-edice","tag-moda","tag-moda-a-vizaz","tag-penezenka","tag-pop-art","tag-style","tag-umelec","tag-umeni"],"yoast_head":"<!-- This site is optimized with the Yoast SEO plugin v27.5 - https:\/\/yoast.com\/product\/yoast-seo-wordpress\/ -->\n<title>Pop-art na batohu: M\u00f3dn\u00ed zna\u010dka Vuch se spojila s um\u011blcem Josefem Ratajem - Mzone<\/title>\n<meta name=\"description\" content=\"Josef Rataj a zna\u010dka Vuch p\u0159ich\u00e1zej\u00ed s\u202fnovou pop-artovou limitkou. Subjektivn\u00ed ztv\u00e1rn\u011bn\u00ed L\u00c1SKY a M\u00cdRU p\u0159enesl Josef Rataj na dv\u011b hlavn\u00ed a jedno dopl\u0148uj\u00edc\u00ed pl\u00e1tno.\" \/>\n<meta name=\"robots\" content=\"index, follow, max-snippet:-1, max-image-preview:large, max-video-preview:-1\" \/>\n<link rel=\"canonical\" href=\"https:\/\/www.mzone.cz\/en\/pop-art-na-batohu-modni-znacka-vuch-se-spojila-s-umelcem-josefem-ratajem\/\" \/>\n<meta property=\"og:locale\" content=\"en_US\" \/>\n<meta property=\"og:type\" content=\"article\" \/>\n<meta property=\"og:title\" content=\"Pop-art na batohu: M\u00f3dn\u00ed zna\u010dka Vuch se spojila s um\u011blcem Josefem Ratajem - Mzone\" \/>\n<meta property=\"og:description\" content=\"Josef Rataj a zna\u010dka Vuch p\u0159ich\u00e1zej\u00ed s\u202fnovou pop-artovou limitkou. Subjektivn\u00ed ztv\u00e1rn\u011bn\u00ed L\u00c1SKY a M\u00cdRU p\u0159enesl Josef Rataj na dv\u011b hlavn\u00ed a jedno dopl\u0148uj\u00edc\u00ed pl\u00e1tno.\" \/>\n<meta property=\"og:url\" content=\"https:\/\/www.mzone.cz\/en\/pop-art-na-batohu-modni-znacka-vuch-se-spojila-s-umelcem-josefem-ratajem\/\" \/>\n<meta property=\"og:site_name\" content=\"Mzone\" \/>\n<meta property=\"article:publisher\" content=\"https:\/\/www.facebook.com\/MzoneCZ\/\" \/>\n<meta property=\"article:published_time\" content=\"2023-01-05T04:00:00+00:00\" \/>\n<meta property=\"og:image\" content=\"https:\/\/www.mzone.cz\/wp-content\/uploads\/2023\/01\/Vuch-by-Josef-Rataj-scaled.jpg\" \/>\n\t<meta property=\"og:image:width\" content=\"2560\" \/>\n\t<meta property=\"og:image:height\" content=\"1707\" \/>\n\t<meta property=\"og:image:type\" content=\"image\/jpeg\" \/>\n<meta name=\"author\" content=\"Mzone\" \/>\n<meta name=\"twitter:card\" content=\"summary_large_image\" \/>\n<meta name=\"twitter:label1\" content=\"Written by\" \/>\n\t<meta name=\"twitter:data1\" content=\"Mzone\" \/>\n\t<meta name=\"twitter:label2\" content=\"Est. reading time\" \/>\n\t<meta name=\"twitter:data2\" content=\"3 minutes\" \/>\n<script type=\"application\/ld+json\" class=\"yoast-schema-graph\">{\"@context\":\"https:\\\/\\\/schema.org\",\"@graph\":[{\"@type\":\"Article\",\"@id\":\"https:\\\/\\\/www.mzone.cz\\\/pop-art-na-batohu-modni-znacka-vuch-se-spojila-s-umelcem-josefem-ratajem\\\/#article\",\"isPartOf\":{\"@id\":\"https:\\\/\\\/www.mzone.cz\\\/pop-art-na-batohu-modni-znacka-vuch-se-spojila-s-umelcem-josefem-ratajem\\\/\"},\"author\":{\"name\":\"Mzone\",\"@id\":\"https:\\\/\\\/www.mzone.cz\\\/#\\\/schema\\\/person\\\/9bc20cc422a99cac4af6ff9297da32d4\"},\"headline\":\"Pop-art na batohu: M\u00f3dn\u00ed zna\u010dka Vuch se spojila s um\u011blcem Josefem Ratajem\",\"datePublished\":\"2023-01-05T04:00:00+00:00\",\"mainEntityOfPage\":{\"@id\":\"https:\\\/\\\/www.mzone.cz\\\/pop-art-na-batohu-modni-znacka-vuch-se-spojila-s-umelcem-josefem-ratajem\\\/\"},\"wordCount\":436,\"commentCount\":0,\"image\":{\"@id\":\"https:\\\/\\\/www.mzone.cz\\\/pop-art-na-batohu-modni-znacka-vuch-se-spojila-s-umelcem-josefem-ratajem\\\/#primaryimage\"},\"thumbnailUrl\":\"https:\\\/\\\/www.mzone.cz\\\/wp-content\\\/uploads\\\/2023\\\/01\\\/Vuch-by-Josef-Rataj-scaled.jpg\",\"keywords\":[\"batoh\",\"dopl\u0148ky\",\"Josef Rataj\",\"kabelka\",\"Kultura\",\"limitka\",\"limitovan\u00e1 edice\",\"M\u00f3da\",\"m\u00f3da a viz\u00e1\u017e\",\"pen\u011b\u017eenka\",\"pop-art\",\"style\",\"um\u011blec\",\"um\u011bn\u00ed\"],\"articleSection\":[\"Kultura\",\"M\u00f3da a viz\u00e1\u017e\",\"Style\",\"Um\u011bn\u00ed\"],\"inLanguage\":\"en-US\",\"potentialAction\":[{\"@type\":\"CommentAction\",\"name\":\"Comment\",\"target\":[\"https:\\\/\\\/www.mzone.cz\\\/pop-art-na-batohu-modni-znacka-vuch-se-spojila-s-umelcem-josefem-ratajem\\\/#respond\"]}]},{\"@type\":\"WebPage\",\"@id\":\"https:\\\/\\\/www.mzone.cz\\\/pop-art-na-batohu-modni-znacka-vuch-se-spojila-s-umelcem-josefem-ratajem\\\/\",\"url\":\"https:\\\/\\\/www.mzone.cz\\\/pop-art-na-batohu-modni-znacka-vuch-se-spojila-s-umelcem-josefem-ratajem\\\/\",\"name\":\"Pop-art na batohu: M\u00f3dn\u00ed zna\u010dka Vuch se spojila s um\u011blcem Josefem Ratajem - Mzone\",\"isPartOf\":{\"@id\":\"https:\\\/\\\/www.mzone.cz\\\/#website\"},\"primaryImageOfPage\":{\"@id\":\"https:\\\/\\\/www.mzone.cz\\\/pop-art-na-batohu-modni-znacka-vuch-se-spojila-s-umelcem-josefem-ratajem\\\/#primaryimage\"},\"image\":{\"@id\":\"https:\\\/\\\/www.mzone.cz\\\/pop-art-na-batohu-modni-znacka-vuch-se-spojila-s-umelcem-josefem-ratajem\\\/#primaryimage\"},\"thumbnailUrl\":\"https:\\\/\\\/www.mzone.cz\\\/wp-content\\\/uploads\\\/2023\\\/01\\\/Vuch-by-Josef-Rataj-scaled.jpg\",\"datePublished\":\"2023-01-05T04:00:00+00:00\",\"author\":{\"@id\":\"https:\\\/\\\/www.mzone.cz\\\/#\\\/schema\\\/person\\\/9bc20cc422a99cac4af6ff9297da32d4\"},\"description\":\"Josef Rataj a zna\u010dka Vuch p\u0159ich\u00e1zej\u00ed s\u202fnovou pop-artovou limitkou. Subjektivn\u00ed ztv\u00e1rn\u011bn\u00ed L\u00c1SKY a M\u00cdRU p\u0159enesl Josef Rataj na dv\u011b hlavn\u00ed a jedno dopl\u0148uj\u00edc\u00ed pl\u00e1tno.\",\"breadcrumb\":{\"@id\":\"https:\\\/\\\/www.mzone.cz\\\/pop-art-na-batohu-modni-znacka-vuch-se-spojila-s-umelcem-josefem-ratajem\\\/#breadcrumb\"},\"inLanguage\":\"en-US\",\"potentialAction\":[{\"@type\":\"ReadAction\",\"target\":[\"https:\\\/\\\/www.mzone.cz\\\/pop-art-na-batohu-modni-znacka-vuch-se-spojila-s-umelcem-josefem-ratajem\\\/\"]}]},{\"@type\":\"ImageObject\",\"inLanguage\":\"en-US\",\"@id\":\"https:\\\/\\\/www.mzone.cz\\\/pop-art-na-batohu-modni-znacka-vuch-se-spojila-s-umelcem-josefem-ratajem\\\/#primaryimage\",\"url\":\"https:\\\/\\\/www.mzone.cz\\\/wp-content\\\/uploads\\\/2023\\\/01\\\/Vuch-by-Josef-Rataj-scaled.jpg\",\"contentUrl\":\"https:\\\/\\\/www.mzone.cz\\\/wp-content\\\/uploads\\\/2023\\\/01\\\/Vuch-by-Josef-Rataj-scaled.jpg\",\"width\":2560,\"height\":1707,\"caption\":\"Vuch by Josef Rataj\"},{\"@type\":\"BreadcrumbList\",\"@id\":\"https:\\\/\\\/www.mzone.cz\\\/pop-art-na-batohu-modni-znacka-vuch-se-spojila-s-umelcem-josefem-ratajem\\\/#breadcrumb\",\"itemListElement\":[{\"@type\":\"ListItem\",\"position\":1,\"name\":\"Dom\u016f\",\"item\":\"https:\\\/\\\/www.mzone.cz\\\/\"},{\"@type\":\"ListItem\",\"position\":2,\"name\":\"Pop-art na batohu: M\u00f3dn\u00ed zna\u010dka Vuch se spojila s um\u011blcem Josefem Ratajem\"}]},{\"@type\":\"WebSite\",\"@id\":\"https:\\\/\\\/www.mzone.cz\\\/#website\",\"url\":\"https:\\\/\\\/www.mzone.cz\\\/\",\"name\":\"Mzone\",\"description\":\"Magaz\u00edn nejen pro mu\u017ee\",\"potentialAction\":[{\"@type\":\"SearchAction\",\"target\":{\"@type\":\"EntryPoint\",\"urlTemplate\":\"https:\\\/\\\/www.mzone.cz\\\/?s={search_term_string}\"},\"query-input\":{\"@type\":\"PropertyValueSpecification\",\"valueRequired\":true,\"valueName\":\"search_term_string\"}}],\"inLanguage\":\"en-US\"},{\"@type\":\"Person\",\"@id\":\"https:\\\/\\\/www.mzone.cz\\\/#\\\/schema\\\/person\\\/9bc20cc422a99cac4af6ff9297da32d4\",\"name\":\"Mzone\",\"image\":{\"@type\":\"ImageObject\",\"inLanguage\":\"en-US\",\"@id\":\"https:\\\/\\\/secure.gravatar.com\\\/avatar\\\/e780a8630f3182a3d06dd667ab6bea151a0d155b0951bc15fe22633acdac0676?s=96&d=mm&r=g\",\"url\":\"https:\\\/\\\/secure.gravatar.com\\\/avatar\\\/e780a8630f3182a3d06dd667ab6bea151a0d155b0951bc15fe22633acdac0676?s=96&d=mm&r=g\",\"contentUrl\":\"https:\\\/\\\/secure.gravatar.com\\\/avatar\\\/e780a8630f3182a3d06dd667ab6bea151a0d155b0951bc15fe22633acdac0676?s=96&d=mm&r=g\",\"caption\":\"Mzone\"},\"url\":\"https:\\\/\\\/www.mzone.cz\\\/en\\\/author\\\/jakub\\\/\"}]}<\/script>\n<!-- \/ Yoast SEO plugin. -->","yoast_head_json":{"title":"Pop-art na batohu: M\u00f3dn\u00ed zna\u010dka Vuch se spojila s um\u011blcem Josefem Ratajem - Mzone","description":"Josef Rataj a zna\u010dka Vuch p\u0159ich\u00e1zej\u00ed s\u202fnovou pop-artovou limitkou. Subjektivn\u00ed ztv\u00e1rn\u011bn\u00ed L\u00c1SKY a M\u00cdRU p\u0159enesl Josef Rataj na dv\u011b hlavn\u00ed a jedno dopl\u0148uj\u00edc\u00ed pl\u00e1tno.","robots":{"index":"index","follow":"follow","max-snippet":"max-snippet:-1","max-image-preview":"max-image-preview:large","max-video-preview":"max-video-preview:-1"},"canonical":"https:\/\/www.mzone.cz\/en\/pop-art-na-batohu-modni-znacka-vuch-se-spojila-s-umelcem-josefem-ratajem\/","og_locale":"en_US","og_type":"article","og_title":"Pop-art na batohu: M\u00f3dn\u00ed zna\u010dka Vuch se spojila s um\u011blcem Josefem Ratajem - Mzone","og_description":"Josef Rataj a zna\u010dka Vuch p\u0159ich\u00e1zej\u00ed s\u202fnovou pop-artovou limitkou. Subjektivn\u00ed ztv\u00e1rn\u011bn\u00ed L\u00c1SKY a M\u00cdRU p\u0159enesl Josef Rataj na dv\u011b hlavn\u00ed a jedno dopl\u0148uj\u00edc\u00ed pl\u00e1tno.","og_url":"https:\/\/www.mzone.cz\/en\/pop-art-na-batohu-modni-znacka-vuch-se-spojila-s-umelcem-josefem-ratajem\/","og_site_name":"Mzone","article_publisher":"https:\/\/www.facebook.com\/MzoneCZ\/","article_published_time":"2023-01-05T04:00:00+00:00","og_image":[{"width":2560,"height":1707,"url":"https:\/\/www.mzone.cz\/wp-content\/uploads\/2023\/01\/Vuch-by-Josef-Rataj-scaled.jpg","type":"image\/jpeg"}],"author":"Mzone","twitter_card":"summary_large_image","twitter_misc":{"Written by":"Mzone","Est. reading time":"3 minutes"},"schema":{"@context":"https:\/\/schema.org","@graph":[{"@type":"Article","@id":"https:\/\/www.mzone.cz\/pop-art-na-batohu-modni-znacka-vuch-se-spojila-s-umelcem-josefem-ratajem\/#article","isPartOf":{"@id":"https:\/\/www.mzone.cz\/pop-art-na-batohu-modni-znacka-vuch-se-spojila-s-umelcem-josefem-ratajem\/"},"author":{"name":"Mzone","@id":"https:\/\/www.mzone.cz\/#\/schema\/person\/9bc20cc422a99cac4af6ff9297da32d4"},"headline":"Pop-art na batohu: M\u00f3dn\u00ed zna\u010dka Vuch se spojila s um\u011blcem Josefem Ratajem","datePublished":"2023-01-05T04:00:00+00:00","mainEntityOfPage":{"@id":"https:\/\/www.mzone.cz\/pop-art-na-batohu-modni-znacka-vuch-se-spojila-s-umelcem-josefem-ratajem\/"},"wordCount":436,"commentCount":0,"image":{"@id":"https:\/\/www.mzone.cz\/pop-art-na-batohu-modni-znacka-vuch-se-spojila-s-umelcem-josefem-ratajem\/#primaryimage"},"thumbnailUrl":"https:\/\/www.mzone.cz\/wp-content\/uploads\/2023\/01\/Vuch-by-Josef-Rataj-scaled.jpg","keywords":["batoh","dopl\u0148ky","Josef Rataj","kabelka","Kultura","limitka","limitovan\u00e1 edice","M\u00f3da","m\u00f3da a viz\u00e1\u017e","pen\u011b\u017eenka","pop-art","style","um\u011blec","um\u011bn\u00ed"],"articleSection":["Kultura","M\u00f3da a viz\u00e1\u017e","Style","Um\u011bn\u00ed"],"inLanguage":"en-US","potentialAction":[{"@type":"CommentAction","name":"Comment","target":["https:\/\/www.mzone.cz\/pop-art-na-batohu-modni-znacka-vuch-se-spojila-s-umelcem-josefem-ratajem\/#respond"]}]},{"@type":"WebPage","@id":"https:\/\/www.mzone.cz\/pop-art-na-batohu-modni-znacka-vuch-se-spojila-s-umelcem-josefem-ratajem\/","url":"https:\/\/www.mzone.cz\/pop-art-na-batohu-modni-znacka-vuch-se-spojila-s-umelcem-josefem-ratajem\/","name":"Pop-art na batohu: M\u00f3dn\u00ed zna\u010dka Vuch se spojila s um\u011blcem Josefem Ratajem - Mzone","isPartOf":{"@id":"https:\/\/www.mzone.cz\/#website"},"primaryImageOfPage":{"@id":"https:\/\/www.mzone.cz\/pop-art-na-batohu-modni-znacka-vuch-se-spojila-s-umelcem-josefem-ratajem\/#primaryimage"},"image":{"@id":"https:\/\/www.mzone.cz\/pop-art-na-batohu-modni-znacka-vuch-se-spojila-s-umelcem-josefem-ratajem\/#primaryimage"},"thumbnailUrl":"https:\/\/www.mzone.cz\/wp-content\/uploads\/2023\/01\/Vuch-by-Josef-Rataj-scaled.jpg","datePublished":"2023-01-05T04:00:00+00:00","author":{"@id":"https:\/\/www.mzone.cz\/#\/schema\/person\/9bc20cc422a99cac4af6ff9297da32d4"},"description":"Josef Rataj a zna\u010dka Vuch p\u0159ich\u00e1zej\u00ed s\u202fnovou pop-artovou limitkou. Subjektivn\u00ed ztv\u00e1rn\u011bn\u00ed L\u00c1SKY a M\u00cdRU p\u0159enesl Josef Rataj na dv\u011b hlavn\u00ed a jedno dopl\u0148uj\u00edc\u00ed pl\u00e1tno.","breadcrumb":{"@id":"https:\/\/www.mzone.cz\/pop-art-na-batohu-modni-znacka-vuch-se-spojila-s-umelcem-josefem-ratajem\/#breadcrumb"},"inLanguage":"en-US","potentialAction":[{"@type":"ReadAction","target":["https:\/\/www.mzone.cz\/pop-art-na-batohu-modni-znacka-vuch-se-spojila-s-umelcem-josefem-ratajem\/"]}]},{"@type":"ImageObject","inLanguage":"en-US","@id":"https:\/\/www.mzone.cz\/pop-art-na-batohu-modni-znacka-vuch-se-spojila-s-umelcem-josefem-ratajem\/#primaryimage","url":"https:\/\/www.mzone.cz\/wp-content\/uploads\/2023\/01\/Vuch-by-Josef-Rataj-scaled.jpg","contentUrl":"https:\/\/www.mzone.cz\/wp-content\/uploads\/2023\/01\/Vuch-by-Josef-Rataj-scaled.jpg","width":2560,"height":1707,"caption":"Vuch by Josef Rataj"},{"@type":"BreadcrumbList","@id":"https:\/\/www.mzone.cz\/pop-art-na-batohu-modni-znacka-vuch-se-spojila-s-umelcem-josefem-ratajem\/#breadcrumb","itemListElement":[{"@type":"ListItem","position":1,"name":"Dom\u016f","item":"https:\/\/www.mzone.cz\/"},{"@type":"ListItem","position":2,"name":"Pop-art na batohu: M\u00f3dn\u00ed zna\u010dka Vuch se spojila s um\u011blcem Josefem Ratajem"}]},{"@type":"WebSite","@id":"https:\/\/www.mzone.cz\/#website","url":"https:\/\/www.mzone.cz\/","name":"Mzone","description":"Magaz\u00edn nejen pro mu\u017ee","potentialAction":[{"@type":"SearchAction","target":{"@type":"EntryPoint","urlTemplate":"https:\/\/www.mzone.cz\/?s={search_term_string}"},"query-input":{"@type":"PropertyValueSpecification","valueRequired":true,"valueName":"search_term_string"}}],"inLanguage":"en-US"},{"@type":"Person","@id":"https:\/\/www.mzone.cz\/#\/schema\/person\/9bc20cc422a99cac4af6ff9297da32d4","name":"Mzone","image":{"@type":"ImageObject","inLanguage":"en-US","@id":"https:\/\/secure.gravatar.com\/avatar\/e780a8630f3182a3d06dd667ab6bea151a0d155b0951bc15fe22633acdac0676?s=96&d=mm&r=g","url":"https:\/\/secure.gravatar.com\/avatar\/e780a8630f3182a3d06dd667ab6bea151a0d155b0951bc15fe22633acdac0676?s=96&d=mm&r=g","contentUrl":"https:\/\/secure.gravatar.com\/avatar\/e780a8630f3182a3d06dd667ab6bea151a0d155b0951bc15fe22633acdac0676?s=96&d=mm&r=g","caption":"Mzone"},"url":"https:\/\/www.mzone.cz\/en\/author\/jakub\/"}]}},"_links":{"self":[{"href":"https:\/\/www.mzone.cz\/en\/wp-json\/wp\/v2\/posts\/39157","targetHints":{"allow":["GET"]}}],"collection":[{"href":"https:\/\/www.mzone.cz\/en\/wp-json\/wp\/v2\/posts"}],"about":[{"href":"https:\/\/www.mzone.cz\/en\/wp-json\/wp\/v2\/types\/post"}],"author":[{"embeddable":true,"href":"https:\/\/www.mzone.cz\/en\/wp-json\/wp\/v2\/users\/4"}],"replies":[{"embeddable":true,"href":"https:\/\/www.mzone.cz\/en\/wp-json\/wp\/v2\/comments?post=39157"}],"version-history":[{"count":9,"href":"https:\/\/www.mzone.cz\/en\/wp-json\/wp\/v2\/posts\/39157\/revisions"}],"predecessor-version":[{"id":39175,"href":"https:\/\/www.mzone.cz\/en\/wp-json\/wp\/v2\/posts\/39157\/revisions\/39175"}],"wp:featuredmedia":[{"embeddable":true,"href":"https:\/\/www.mzone.cz\/en\/wp-json\/wp\/v2\/media\/39159"}],"wp:attachment":[{"href":"https:\/\/www.mzone.cz\/en\/wp-json\/wp\/v2\/media?parent=39157"}],"wp:term":[{"taxonomy":"category","embeddable":true,"href":"https:\/\/www.mzone.cz\/en\/wp-json\/wp\/v2\/categories?post=39157"},{"taxonomy":"post_tag","embeddable":true,"href":"https:\/\/www.mzone.cz\/en\/wp-json\/wp\/v2\/tags?post=39157"}],"curies":[{"name":"wp","href":"https:\/\/api.w.org\/{rel}","templated":true}]}}