{"id":39410,"date":"2023-01-26T05:00:00","date_gmt":"2023-01-26T04:00:00","guid":{"rendered":"https:\/\/www.mzone.cz\/?p=39410"},"modified":"2023-01-20T18:25:10","modified_gmt":"2023-01-20T17:25:10","slug":"the-damned-prukopnici-punku-a-gothic-rocku-zahraji-v-praze","status":"publish","type":"post","link":"https:\/\/www.mzone.cz\/en\/the-damned-prukopnici-punku-a-gothic-rocku-zahraji-v-praze\/","title":{"rendered":"Pr\u016fkopn\u00edci punku a gothic rocku, legend\u00e1rn\u00ed The Damned, zahraj\u00ed 16. b\u0159ezna v Praze"},"content":{"rendered":"<p><strong>Legend\u00e1rn\u00ed The Damned se na ja\u0159e vrac\u00ed do \u010cesk\u00e9 republiky! Jedni ze zakladatel\u016f a prvn\u00edch pr\u016fkopn\u00edk\u016f punk-rockov\u00e9 a gothic kultury ve Velk\u00e9 Brit\u00e1nii v \u010dele s frontmanem Davem Vanianem byli sou\u010dasn\u011b i prvn\u00ed britskou kapelou, kter\u00e1 ofici\u00e1ln\u011b vydala singl, plnohodnotn\u00e9 album, a vyrazila na turn\u00e9 do Spojen\u00fdch st\u00e1t\u016f. A\u017e pot\u00e9 je n\u00e1sledovali dal\u0161\u00ed jako The Clash nebo Sex Pistols.<\/strong><\/p><br>\n\n\n\n<p>P\u0159es v\u0161echna prvenstv\u00ed p\u0159eva\u017euje to hlavn\u00ed \u2013 The Damned br\u00e1zd\u00ed sv\u011btov\u00e1 p\u00f3dia u\u017e t\u00e9m\u011b\u0159 50 let a po\u0159\u00e1d jim nechyb\u00ed el\u00e1n vozit ten nejpoctiv\u011bj\u0161\u00ed a nejryzej\u0161\u00ed punk-rock do ka\u017ed\u00e9ho klubu, kde si na n\u011b troufnou! <a href=\"https:\/\/goout.net\/cs\/listky\/the-damned\/tcxq\/\" target=\"_blank\" rel=\"noreferrer noopener\">Pra\u017esk\u00e1 show<\/a> v MeetFactory prob\u011bhne 16. b\u0159ezna v r\u00e1mci s\u00e9rie Rock for People Concerts.<\/p>\n\n\n\n<blockquote class=\"wp-block-quote is-layout-flow wp-block-quote-is-layout-flow\">\n<p>Kapela The Damned vznikla v roce 1976 v Lond\u00fdn\u011b a jej\u00ed zakladatel\u00e9 Dave Vanian a Captain Sensible jsou \u010dleny a\u017e do t\u00e9to chv\u00edle. Na kont\u011b maj\u00ed 11 studiov\u00fdch alb, to posledn\u00ed Evil Spirits z roku 2018 p\u0159i\u0161lo po dlouh\u00fdch deseti letech a bylo nahr\u00e1no v New Yorku producentem Tonym Viscontinim, zn\u00e1m\u00fdm nap\u0159\u00edklad spoluprac\u00ed s Davidem Bowiem.<\/p>\n<\/blockquote>\n\n\n\n<p>Do hudebn\u00edho sv\u011bta p\u0159inesli The Damned hity jako Neat, Neat, Neat, New Rose, Life Goes On nebo Love Song a Smash It Up.<\/p><br>\n\n\n\n<figure class=\"wp-block-embed is-type-video is-provider-youtube wp-block-embed-youtube wp-embed-aspect-16-9 wp-has-aspect-ratio\"><div class=\"wp-block-embed__wrapper\">\n<iframe loading=\"lazy\" title=\"The Damned - New Rose (Official HD video)\" width=\"600\" height=\"338\" src=\"https:\/\/www.youtube.com\/embed\/TUxFQ5QBiYk?feature=oembed\" frameborder=\"0\" allow=\"accelerometer; autoplay; clipboard-write; encrypted-media; gyroscope; picture-in-picture; web-share\" referrerpolicy=\"strict-origin-when-cross-origin\" allowfullscreen><\/iframe>\n<\/div><\/figure><br>\n\n\n\n<p>Fanou\u0161ci se mohou t\u011b\u0161it na dal\u0161\u00ed album, jeho\u017e vyd\u00e1n\u00ed se chyst\u00e1 na leto\u0161n\u00ed rok. Za\u010d\u00e1tkem b\u0159ezna vyr\u00e1\u017e\u00ed p\u011bti\u010dlenn\u00e1 sestava na dvoum\u011bs\u00ed\u010dn\u00ed evropsk\u00e9 turn\u00e9, kter\u00e9 \u010d\u00edt\u00e1 t\u00e9m\u011b\u0159 t\u0159icet zast\u00e1vek, mezi kter\u00fdmi samoz\u0159ejm\u011b nebude chyb\u011bt ani Praha. Vrac\u00ed se v pln\u00e9 s\u00edle, s nep\u0159ekonateln\u00fdmi zku\u0161enostmi a pro sv\u00e9 fanou\u0161ky hraj\u00ed s obrovsk\u00fdm nadhledem!<\/p><br>\n\n\n\n<div class=\"wp-block-media-text alignwide is-stacked-on-mobile is-vertically-aligned-top\" style=\"grid-template-columns:29% auto\"><figure class=\"wp-block-media-text__media\"><a href=\"https:\/\/www.mzone.cz\/rock-for-people-2023-headlineri-muse-a-slipknot\/\"><img loading=\"lazy\" decoding=\"async\" width=\"1024\" height=\"683\" src=\"https:\/\/www.mzone.cz\/wp-content\/uploads\/2022\/09\/Muse-1024x683.jpeg\" alt=\"Muse\" class=\"wp-image-38064 size-full\" srcset=\"https:\/\/www.mzone.cz\/wp-content\/uploads\/2022\/09\/Muse-1024x683.jpeg 1024w, https:\/\/www.mzone.cz\/wp-content\/uploads\/2022\/09\/Muse-300x200.jpeg 300w, https:\/\/www.mzone.cz\/wp-content\/uploads\/2022\/09\/Muse-768x512.jpeg 768w, https:\/\/www.mzone.cz\/wp-content\/uploads\/2022\/09\/Muse-1536x1024.jpeg 1536w, https:\/\/www.mzone.cz\/wp-content\/uploads\/2022\/09\/Muse-2048x1365.jpeg 2048w, https:\/\/www.mzone.cz\/wp-content\/uploads\/2022\/09\/Muse-18x12.jpeg 18w, https:\/\/www.mzone.cz\/wp-content\/uploads\/2022\/09\/Muse-800x533.jpeg 800w, https:\/\/www.mzone.cz\/wp-content\/uploads\/2022\/09\/Muse-400x267.jpeg 400w, https:\/\/www.mzone.cz\/wp-content\/uploads\/2022\/09\/Muse-500x333.jpeg 500w, https:\/\/www.mzone.cz\/wp-content\/uploads\/2022\/09\/Muse-1170x780.jpeg 1170w, https:\/\/www.mzone.cz\/wp-content\/uploads\/2022\/09\/Muse-590x393.jpeg 590w\" sizes=\"auto, (max-width: 1024px) 100vw, 1024px\" \/><\/a><\/figure><div class=\"wp-block-media-text__content\">\n<h4><a href=\"https:\/\/www.mzone.cz\/rock-for-people-2023-headlineri-muse-a-slipknot\/\">Muse a Slipknot: Rock for People m\u00ed\u0159\u00ed je\u0161t\u011b v\u00fd\u0161, vyt\u00e1hl esa v podob\u011b dvou headliner\u016f<\/a><\/h4><br>\n<\/div><\/div>","protected":false},"excerpt":{"rendered":"<p>Legend\u00e1rn\u00ed The Damned se na ja\u0159e vrac\u00ed do \u010cesk\u00e9 republiky! Jedni ze zakladatel\u016f a prvn\u00edch pr\u016fkopn\u00edk\u016f punk-rockov\u00e9 a gothic kultury ve Velk\u00e9 Brit\u00e1nii v \u010dele s frontmanem Davem Vanianem byli sou\u010dasn\u011b i prvn\u00ed britskou kapelou, kter\u00e1 ofici\u00e1ln\u011b vydala singl, plnohodnotn\u00e9 album, a vyrazila na turn\u00e9 do Spojen\u00fdch st\u00e1t\u016f. A\u017e pot\u00e9 je n\u00e1sledovali dal\u0161\u00ed jako The [&hellip;]<\/p>\n","protected":false},"author":4,"featured_media":39411,"comment_status":"open","ping_status":"closed","sticky":false,"template":"","format":"standard","meta":{"kk_blocks_editor_width":"","_kiokenblocks_attr":"","_kiokenblocks_dimensions":"","footnotes":""},"categories":[76,71],"tags":[2723,1147,1584,1579,31,1580,363,2366,2055,2871,1802,5734,1582],"class_list":["post-39410","post","type-post","status-publish","format-standard","has-post-thumbnail","hentry","category-hudba","category-kultura","tag-gothic","tag-hudba","tag-kapela","tag-koncert","tag-kultura","tag-muzika","tag-praha","tag-punk","tag-rock","tag-rockova-hudba","tag-skupina","tag-the-damned","tag-vystoupeni"],"yoast_head":"<!-- This site is optimized with the Yoast SEO plugin v27.5 - https:\/\/yoast.com\/product\/yoast-seo-wordpress\/ -->\n<title>Pr\u016fkopn\u00edci punku a gothic rocku, legend\u00e1rn\u00ed The Damned, zahraj\u00ed 16. b\u0159ezna v Praze - Mzone<\/title>\n<meta name=\"description\" content=\"Legend\u00e1rn\u00ed The Damned se na ja\u0159e vrac\u00ed do \u010cesk\u00e9 republiky! Jedni ze zakladatel\u016f a prvn\u00edch pr\u016fkopn\u00edk\u016f punk-rockov\u00e9 a gothic kultury ve Velk\u00e9 Brit\u00e1nii v \u010dele s frontmanem Davem Vanianem byli sou\u010dasn\u011b i prvn\u00ed britskou kapelou, kter\u00e1 ofici\u00e1ln\u011b vydala singl, plnohodnotn\u00e9 album, a vyrazila na turn\u00e9 do Spojen\u00fdch st\u00e1t\u016f. A\u017e pot\u00e9 je n\u00e1sledovali dal\u0161\u00ed jako The Clash nebo Sex Pistols.\" \/>\n<meta name=\"robots\" content=\"index, follow, max-snippet:-1, max-image-preview:large, max-video-preview:-1\" \/>\n<link rel=\"canonical\" href=\"https:\/\/www.mzone.cz\/en\/the-damned-prukopnici-punku-a-gothic-rocku-zahraji-v-praze\/\" \/>\n<meta property=\"og:locale\" content=\"en_US\" \/>\n<meta property=\"og:type\" content=\"article\" \/>\n<meta property=\"og:title\" content=\"Pr\u016fkopn\u00edci punku a gothic rocku, legend\u00e1rn\u00ed The Damned, zahraj\u00ed 16. b\u0159ezna v Praze - Mzone\" \/>\n<meta property=\"og:description\" content=\"Legend\u00e1rn\u00ed The Damned se na ja\u0159e vrac\u00ed do \u010cesk\u00e9 republiky! Jedni ze zakladatel\u016f a prvn\u00edch pr\u016fkopn\u00edk\u016f punk-rockov\u00e9 a gothic kultury ve Velk\u00e9 Brit\u00e1nii v \u010dele s frontmanem Davem Vanianem byli sou\u010dasn\u011b i prvn\u00ed britskou kapelou, kter\u00e1 ofici\u00e1ln\u011b vydala singl, plnohodnotn\u00e9 album, a vyrazila na turn\u00e9 do Spojen\u00fdch st\u00e1t\u016f. A\u017e pot\u00e9 je n\u00e1sledovali dal\u0161\u00ed jako The Clash nebo Sex Pistols.\" \/>\n<meta property=\"og:url\" content=\"https:\/\/www.mzone.cz\/en\/the-damned-prukopnici-punku-a-gothic-rocku-zahraji-v-praze\/\" \/>\n<meta property=\"og:site_name\" content=\"Mzone\" \/>\n<meta property=\"article:publisher\" content=\"https:\/\/www.facebook.com\/MzoneCZ\/\" \/>\n<meta property=\"article:published_time\" content=\"2023-01-26T04:00:00+00:00\" \/>\n<meta property=\"og:image\" content=\"https:\/\/www.mzone.cz\/wp-content\/uploads\/2023\/01\/The-Damned.png\" \/>\n\t<meta property=\"og:image:width\" content=\"1919\" \/>\n\t<meta property=\"og:image:height\" content=\"1279\" \/>\n\t<meta property=\"og:image:type\" content=\"image\/png\" \/>\n<meta name=\"author\" content=\"Mzone\" \/>\n<meta name=\"twitter:card\" content=\"summary_large_image\" \/>\n<meta name=\"twitter:label1\" content=\"Written by\" \/>\n\t<meta name=\"twitter:data1\" content=\"Mzone\" \/>\n\t<meta name=\"twitter:label2\" content=\"Est. reading time\" \/>\n\t<meta name=\"twitter:data2\" content=\"2 minutes\" \/>\n<script type=\"application\/ld+json\" class=\"yoast-schema-graph\">{\"@context\":\"https:\\\/\\\/schema.org\",\"@graph\":[{\"@type\":\"Article\",\"@id\":\"https:\\\/\\\/www.mzone.cz\\\/the-damned-prukopnici-punku-a-gothic-rocku-zahraji-v-praze\\\/#article\",\"isPartOf\":{\"@id\":\"https:\\\/\\\/www.mzone.cz\\\/the-damned-prukopnici-punku-a-gothic-rocku-zahraji-v-praze\\\/\"},\"author\":{\"name\":\"Mzone\",\"@id\":\"https:\\\/\\\/www.mzone.cz\\\/#\\\/schema\\\/person\\\/9bc20cc422a99cac4af6ff9297da32d4\"},\"headline\":\"Pr\u016fkopn\u00edci punku a gothic rocku, legend\u00e1rn\u00ed The Damned, zahraj\u00ed 16. b\u0159ezna v Praze\",\"datePublished\":\"2023-01-26T04:00:00+00:00\",\"mainEntityOfPage\":{\"@id\":\"https:\\\/\\\/www.mzone.cz\\\/the-damned-prukopnici-punku-a-gothic-rocku-zahraji-v-praze\\\/\"},\"wordCount\":335,\"commentCount\":0,\"image\":{\"@id\":\"https:\\\/\\\/www.mzone.cz\\\/the-damned-prukopnici-punku-a-gothic-rocku-zahraji-v-praze\\\/#primaryimage\"},\"thumbnailUrl\":\"https:\\\/\\\/www.mzone.cz\\\/wp-content\\\/uploads\\\/2023\\\/01\\\/The-Damned.png\",\"keywords\":[\"Gothic\",\"hudba\",\"kapela\",\"koncert\",\"Kultura\",\"muzika\",\"Praha\",\"punk\",\"rock\",\"rockov\u00e1 hudba\",\"skupina\",\"The Damned\",\"vystoupen\u00ed\"],\"articleSection\":[\"Hudba\",\"Kultura\"],\"inLanguage\":\"en-US\",\"potentialAction\":[{\"@type\":\"CommentAction\",\"name\":\"Comment\",\"target\":[\"https:\\\/\\\/www.mzone.cz\\\/the-damned-prukopnici-punku-a-gothic-rocku-zahraji-v-praze\\\/#respond\"]}]},{\"@type\":\"WebPage\",\"@id\":\"https:\\\/\\\/www.mzone.cz\\\/the-damned-prukopnici-punku-a-gothic-rocku-zahraji-v-praze\\\/\",\"url\":\"https:\\\/\\\/www.mzone.cz\\\/the-damned-prukopnici-punku-a-gothic-rocku-zahraji-v-praze\\\/\",\"name\":\"Pr\u016fkopn\u00edci punku a gothic rocku, legend\u00e1rn\u00ed The Damned, zahraj\u00ed 16. b\u0159ezna v Praze - Mzone\",\"isPartOf\":{\"@id\":\"https:\\\/\\\/www.mzone.cz\\\/#website\"},\"primaryImageOfPage\":{\"@id\":\"https:\\\/\\\/www.mzone.cz\\\/the-damned-prukopnici-punku-a-gothic-rocku-zahraji-v-praze\\\/#primaryimage\"},\"image\":{\"@id\":\"https:\\\/\\\/www.mzone.cz\\\/the-damned-prukopnici-punku-a-gothic-rocku-zahraji-v-praze\\\/#primaryimage\"},\"thumbnailUrl\":\"https:\\\/\\\/www.mzone.cz\\\/wp-content\\\/uploads\\\/2023\\\/01\\\/The-Damned.png\",\"datePublished\":\"2023-01-26T04:00:00+00:00\",\"author\":{\"@id\":\"https:\\\/\\\/www.mzone.cz\\\/#\\\/schema\\\/person\\\/9bc20cc422a99cac4af6ff9297da32d4\"},\"description\":\"Legend\u00e1rn\u00ed The Damned se na ja\u0159e vrac\u00ed do \u010cesk\u00e9 republiky! Jedni ze zakladatel\u016f a prvn\u00edch pr\u016fkopn\u00edk\u016f punk-rockov\u00e9 a gothic kultury ve Velk\u00e9 Brit\u00e1nii v \u010dele s frontmanem Davem Vanianem byli sou\u010dasn\u011b i prvn\u00ed britskou kapelou, kter\u00e1 ofici\u00e1ln\u011b vydala singl, plnohodnotn\u00e9 album, a vyrazila na turn\u00e9 do Spojen\u00fdch st\u00e1t\u016f. A\u017e pot\u00e9 je n\u00e1sledovali dal\u0161\u00ed jako The Clash nebo Sex Pistols.\",\"breadcrumb\":{\"@id\":\"https:\\\/\\\/www.mzone.cz\\\/the-damned-prukopnici-punku-a-gothic-rocku-zahraji-v-praze\\\/#breadcrumb\"},\"inLanguage\":\"en-US\",\"potentialAction\":[{\"@type\":\"ReadAction\",\"target\":[\"https:\\\/\\\/www.mzone.cz\\\/the-damned-prukopnici-punku-a-gothic-rocku-zahraji-v-praze\\\/\"]}]},{\"@type\":\"ImageObject\",\"inLanguage\":\"en-US\",\"@id\":\"https:\\\/\\\/www.mzone.cz\\\/the-damned-prukopnici-punku-a-gothic-rocku-zahraji-v-praze\\\/#primaryimage\",\"url\":\"https:\\\/\\\/www.mzone.cz\\\/wp-content\\\/uploads\\\/2023\\\/01\\\/The-Damned.png\",\"contentUrl\":\"https:\\\/\\\/www.mzone.cz\\\/wp-content\\\/uploads\\\/2023\\\/01\\\/The-Damned.png\",\"width\":1919,\"height\":1279,\"caption\":\"The Damned\"},{\"@type\":\"BreadcrumbList\",\"@id\":\"https:\\\/\\\/www.mzone.cz\\\/the-damned-prukopnici-punku-a-gothic-rocku-zahraji-v-praze\\\/#breadcrumb\",\"itemListElement\":[{\"@type\":\"ListItem\",\"position\":1,\"name\":\"Dom\u016f\",\"item\":\"https:\\\/\\\/www.mzone.cz\\\/\"},{\"@type\":\"ListItem\",\"position\":2,\"name\":\"Pr\u016fkopn\u00edci punku a gothic rocku, legend\u00e1rn\u00ed The Damned, zahraj\u00ed 16. b\u0159ezna v Praze\"}]},{\"@type\":\"WebSite\",\"@id\":\"https:\\\/\\\/www.mzone.cz\\\/#website\",\"url\":\"https:\\\/\\\/www.mzone.cz\\\/\",\"name\":\"Mzone\",\"description\":\"Magaz\u00edn nejen pro mu\u017ee\",\"potentialAction\":[{\"@type\":\"SearchAction\",\"target\":{\"@type\":\"EntryPoint\",\"urlTemplate\":\"https:\\\/\\\/www.mzone.cz\\\/?s={search_term_string}\"},\"query-input\":{\"@type\":\"PropertyValueSpecification\",\"valueRequired\":true,\"valueName\":\"search_term_string\"}}],\"inLanguage\":\"en-US\"},{\"@type\":\"Person\",\"@id\":\"https:\\\/\\\/www.mzone.cz\\\/#\\\/schema\\\/person\\\/9bc20cc422a99cac4af6ff9297da32d4\",\"name\":\"Mzone\",\"image\":{\"@type\":\"ImageObject\",\"inLanguage\":\"en-US\",\"@id\":\"https:\\\/\\\/secure.gravatar.com\\\/avatar\\\/e780a8630f3182a3d06dd667ab6bea151a0d155b0951bc15fe22633acdac0676?s=96&d=mm&r=g\",\"url\":\"https:\\\/\\\/secure.gravatar.com\\\/avatar\\\/e780a8630f3182a3d06dd667ab6bea151a0d155b0951bc15fe22633acdac0676?s=96&d=mm&r=g\",\"contentUrl\":\"https:\\\/\\\/secure.gravatar.com\\\/avatar\\\/e780a8630f3182a3d06dd667ab6bea151a0d155b0951bc15fe22633acdac0676?s=96&d=mm&r=g\",\"caption\":\"Mzone\"},\"url\":\"https:\\\/\\\/www.mzone.cz\\\/en\\\/author\\\/jakub\\\/\"}]}<\/script>\n<!-- \/ Yoast SEO plugin. -->","yoast_head_json":{"title":"Pr\u016fkopn\u00edci punku a gothic rocku, legend\u00e1rn\u00ed The Damned, zahraj\u00ed 16. b\u0159ezna v Praze - Mzone","description":"Legend\u00e1rn\u00ed The Damned se na ja\u0159e vrac\u00ed do \u010cesk\u00e9 republiky! Jedni ze zakladatel\u016f a prvn\u00edch pr\u016fkopn\u00edk\u016f punk-rockov\u00e9 a gothic kultury ve Velk\u00e9 Brit\u00e1nii v \u010dele s frontmanem Davem Vanianem byli sou\u010dasn\u011b i prvn\u00ed britskou kapelou, kter\u00e1 ofici\u00e1ln\u011b vydala singl, plnohodnotn\u00e9 album, a vyrazila na turn\u00e9 do Spojen\u00fdch st\u00e1t\u016f. A\u017e pot\u00e9 je n\u00e1sledovali dal\u0161\u00ed jako The Clash nebo Sex Pistols.","robots":{"index":"index","follow":"follow","max-snippet":"max-snippet:-1","max-image-preview":"max-image-preview:large","max-video-preview":"max-video-preview:-1"},"canonical":"https:\/\/www.mzone.cz\/en\/the-damned-prukopnici-punku-a-gothic-rocku-zahraji-v-praze\/","og_locale":"en_US","og_type":"article","og_title":"Pr\u016fkopn\u00edci punku a gothic rocku, legend\u00e1rn\u00ed The Damned, zahraj\u00ed 16. b\u0159ezna v Praze - Mzone","og_description":"Legend\u00e1rn\u00ed The Damned se na ja\u0159e vrac\u00ed do \u010cesk\u00e9 republiky! Jedni ze zakladatel\u016f a prvn\u00edch pr\u016fkopn\u00edk\u016f punk-rockov\u00e9 a gothic kultury ve Velk\u00e9 Brit\u00e1nii v \u010dele s frontmanem Davem Vanianem byli sou\u010dasn\u011b i prvn\u00ed britskou kapelou, kter\u00e1 ofici\u00e1ln\u011b vydala singl, plnohodnotn\u00e9 album, a vyrazila na turn\u00e9 do Spojen\u00fdch st\u00e1t\u016f. A\u017e pot\u00e9 je n\u00e1sledovali dal\u0161\u00ed jako The Clash nebo Sex Pistols.","og_url":"https:\/\/www.mzone.cz\/en\/the-damned-prukopnici-punku-a-gothic-rocku-zahraji-v-praze\/","og_site_name":"Mzone","article_publisher":"https:\/\/www.facebook.com\/MzoneCZ\/","article_published_time":"2023-01-26T04:00:00+00:00","og_image":[{"width":1919,"height":1279,"url":"https:\/\/www.mzone.cz\/wp-content\/uploads\/2023\/01\/The-Damned.png","type":"image\/png"}],"author":"Mzone","twitter_card":"summary_large_image","twitter_misc":{"Written by":"Mzone","Est. reading time":"2 minutes"},"schema":{"@context":"https:\/\/schema.org","@graph":[{"@type":"Article","@id":"https:\/\/www.mzone.cz\/the-damned-prukopnici-punku-a-gothic-rocku-zahraji-v-praze\/#article","isPartOf":{"@id":"https:\/\/www.mzone.cz\/the-damned-prukopnici-punku-a-gothic-rocku-zahraji-v-praze\/"},"author":{"name":"Mzone","@id":"https:\/\/www.mzone.cz\/#\/schema\/person\/9bc20cc422a99cac4af6ff9297da32d4"},"headline":"Pr\u016fkopn\u00edci punku a gothic rocku, legend\u00e1rn\u00ed The Damned, zahraj\u00ed 16. b\u0159ezna v Praze","datePublished":"2023-01-26T04:00:00+00:00","mainEntityOfPage":{"@id":"https:\/\/www.mzone.cz\/the-damned-prukopnici-punku-a-gothic-rocku-zahraji-v-praze\/"},"wordCount":335,"commentCount":0,"image":{"@id":"https:\/\/www.mzone.cz\/the-damned-prukopnici-punku-a-gothic-rocku-zahraji-v-praze\/#primaryimage"},"thumbnailUrl":"https:\/\/www.mzone.cz\/wp-content\/uploads\/2023\/01\/The-Damned.png","keywords":["Gothic","hudba","kapela","koncert","Kultura","muzika","Praha","punk","rock","rockov\u00e1 hudba","skupina","The Damned","vystoupen\u00ed"],"articleSection":["Hudba","Kultura"],"inLanguage":"en-US","potentialAction":[{"@type":"CommentAction","name":"Comment","target":["https:\/\/www.mzone.cz\/the-damned-prukopnici-punku-a-gothic-rocku-zahraji-v-praze\/#respond"]}]},{"@type":"WebPage","@id":"https:\/\/www.mzone.cz\/the-damned-prukopnici-punku-a-gothic-rocku-zahraji-v-praze\/","url":"https:\/\/www.mzone.cz\/the-damned-prukopnici-punku-a-gothic-rocku-zahraji-v-praze\/","name":"Pr\u016fkopn\u00edci punku a gothic rocku, legend\u00e1rn\u00ed The Damned, zahraj\u00ed 16. b\u0159ezna v Praze - Mzone","isPartOf":{"@id":"https:\/\/www.mzone.cz\/#website"},"primaryImageOfPage":{"@id":"https:\/\/www.mzone.cz\/the-damned-prukopnici-punku-a-gothic-rocku-zahraji-v-praze\/#primaryimage"},"image":{"@id":"https:\/\/www.mzone.cz\/the-damned-prukopnici-punku-a-gothic-rocku-zahraji-v-praze\/#primaryimage"},"thumbnailUrl":"https:\/\/www.mzone.cz\/wp-content\/uploads\/2023\/01\/The-Damned.png","datePublished":"2023-01-26T04:00:00+00:00","author":{"@id":"https:\/\/www.mzone.cz\/#\/schema\/person\/9bc20cc422a99cac4af6ff9297da32d4"},"description":"Legend\u00e1rn\u00ed The Damned se na ja\u0159e vrac\u00ed do \u010cesk\u00e9 republiky! Jedni ze zakladatel\u016f a prvn\u00edch pr\u016fkopn\u00edk\u016f punk-rockov\u00e9 a gothic kultury ve Velk\u00e9 Brit\u00e1nii v \u010dele s frontmanem Davem Vanianem byli sou\u010dasn\u011b i prvn\u00ed britskou kapelou, kter\u00e1 ofici\u00e1ln\u011b vydala singl, plnohodnotn\u00e9 album, a vyrazila na turn\u00e9 do Spojen\u00fdch st\u00e1t\u016f. A\u017e pot\u00e9 je n\u00e1sledovali dal\u0161\u00ed jako The Clash nebo Sex Pistols.","breadcrumb":{"@id":"https:\/\/www.mzone.cz\/the-damned-prukopnici-punku-a-gothic-rocku-zahraji-v-praze\/#breadcrumb"},"inLanguage":"en-US","potentialAction":[{"@type":"ReadAction","target":["https:\/\/www.mzone.cz\/the-damned-prukopnici-punku-a-gothic-rocku-zahraji-v-praze\/"]}]},{"@type":"ImageObject","inLanguage":"en-US","@id":"https:\/\/www.mzone.cz\/the-damned-prukopnici-punku-a-gothic-rocku-zahraji-v-praze\/#primaryimage","url":"https:\/\/www.mzone.cz\/wp-content\/uploads\/2023\/01\/The-Damned.png","contentUrl":"https:\/\/www.mzone.cz\/wp-content\/uploads\/2023\/01\/The-Damned.png","width":1919,"height":1279,"caption":"The Damned"},{"@type":"BreadcrumbList","@id":"https:\/\/www.mzone.cz\/the-damned-prukopnici-punku-a-gothic-rocku-zahraji-v-praze\/#breadcrumb","itemListElement":[{"@type":"ListItem","position":1,"name":"Dom\u016f","item":"https:\/\/www.mzone.cz\/"},{"@type":"ListItem","position":2,"name":"Pr\u016fkopn\u00edci punku a gothic rocku, legend\u00e1rn\u00ed The Damned, zahraj\u00ed 16. b\u0159ezna v Praze"}]},{"@type":"WebSite","@id":"https:\/\/www.mzone.cz\/#website","url":"https:\/\/www.mzone.cz\/","name":"Mzone","description":"Magaz\u00edn nejen pro mu\u017ee","potentialAction":[{"@type":"SearchAction","target":{"@type":"EntryPoint","urlTemplate":"https:\/\/www.mzone.cz\/?s={search_term_string}"},"query-input":{"@type":"PropertyValueSpecification","valueRequired":true,"valueName":"search_term_string"}}],"inLanguage":"en-US"},{"@type":"Person","@id":"https:\/\/www.mzone.cz\/#\/schema\/person\/9bc20cc422a99cac4af6ff9297da32d4","name":"Mzone","image":{"@type":"ImageObject","inLanguage":"en-US","@id":"https:\/\/secure.gravatar.com\/avatar\/e780a8630f3182a3d06dd667ab6bea151a0d155b0951bc15fe22633acdac0676?s=96&d=mm&r=g","url":"https:\/\/secure.gravatar.com\/avatar\/e780a8630f3182a3d06dd667ab6bea151a0d155b0951bc15fe22633acdac0676?s=96&d=mm&r=g","contentUrl":"https:\/\/secure.gravatar.com\/avatar\/e780a8630f3182a3d06dd667ab6bea151a0d155b0951bc15fe22633acdac0676?s=96&d=mm&r=g","caption":"Mzone"},"url":"https:\/\/www.mzone.cz\/en\/author\/jakub\/"}]}},"_links":{"self":[{"href":"https:\/\/www.mzone.cz\/en\/wp-json\/wp\/v2\/posts\/39410","targetHints":{"allow":["GET"]}}],"collection":[{"href":"https:\/\/www.mzone.cz\/en\/wp-json\/wp\/v2\/posts"}],"about":[{"href":"https:\/\/www.mzone.cz\/en\/wp-json\/wp\/v2\/types\/post"}],"author":[{"embeddable":true,"href":"https:\/\/www.mzone.cz\/en\/wp-json\/wp\/v2\/users\/4"}],"replies":[{"embeddable":true,"href":"https:\/\/www.mzone.cz\/en\/wp-json\/wp\/v2\/comments?post=39410"}],"version-history":[{"count":8,"href":"https:\/\/www.mzone.cz\/en\/wp-json\/wp\/v2\/posts\/39410\/revisions"}],"predecessor-version":[{"id":39423,"href":"https:\/\/www.mzone.cz\/en\/wp-json\/wp\/v2\/posts\/39410\/revisions\/39423"}],"wp:featuredmedia":[{"embeddable":true,"href":"https:\/\/www.mzone.cz\/en\/wp-json\/wp\/v2\/media\/39411"}],"wp:attachment":[{"href":"https:\/\/www.mzone.cz\/en\/wp-json\/wp\/v2\/media?parent=39410"}],"wp:term":[{"taxonomy":"category","embeddable":true,"href":"https:\/\/www.mzone.cz\/en\/wp-json\/wp\/v2\/categories?post=39410"},{"taxonomy":"post_tag","embeddable":true,"href":"https:\/\/www.mzone.cz\/en\/wp-json\/wp\/v2\/tags?post=39410"}],"curies":[{"name":"wp","href":"https:\/\/api.w.org\/{rel}","templated":true}]}}