{"id":39448,"date":"2023-01-25T10:03:14","date_gmt":"2023-01-25T09:03:14","guid":{"rendered":"https:\/\/www.mzone.cz\/?p=39448"},"modified":"2023-01-25T10:04:01","modified_gmt":"2023-01-25T09:04:01","slug":"rallye-monte-carlo-vyhral-sebastien-ogier","status":"publish","type":"post","link":"https:\/\/www.mzone.cz\/en\/rallye-monte-carlo-vyhral-sebastien-ogier\/","title":{"rendered":"Rallye Monte Carlo vyhr\u00e1l S\u00e9bastien Ogier"},"content":{"rendered":"<p><strong>Toyota Gazoo Racing World Rally Team hned na \u00favod sv\u011btov\u00e9ho rallyov\u00e9ho \u0161ampion\u00e1tu FIA 2023 vybojoval prvn\u00ed dv\u011b m\u00edsta na Rallye Monte Carlo. S\u00e9bastien Ogier z Toyoty si v tomto legend\u00e1rn\u00edm podniku dojel ji\u017e pro dev\u00e1t\u00e9 v\u00edt\u011bzstv\u00ed, zat\u00edmco druh\u00e9 m\u00edsto obsadil st\u00e1jov\u00fd kolega Kalle Rovanper\u00e4.<\/strong><\/p><br>\n\n\n\n<p>S ohledem na p\u0159ev\u00e1\u017en\u011b such\u00e9 podm\u00ednky bylo leto\u0161n\u00ed rallye v\u00edce ne\u017e obvykle demonstrac\u00ed \u010dist\u00e9ho v\u00fdkonu, kdy Ogier od po\u010d\u00e1tku ud\u00e1val tempo s p\u011bti vyhran\u00fdmi rychlostn\u00edmi zkou\u0161kami v \u0159ad\u011b, aby v p\u00e1tek kolem ob\u011bda ji\u017e vedl s p\u016flminutov\u00fdm n\u00e1skokem.<\/p><br>\n\n\n\n<p>Vozy GR Yaris Rally1 Hybrid byly nejrychlej\u0161\u00ed v prvn\u00edch 11 rychlostn\u00edch zkou\u0161k\u00e1ch sez\u00f3ny. Tato s\u00e9rie byla p\u0159eru\u0161ena a\u017e v sobotu odpoledne, kdy se Ogier zam\u011b\u0159il na udr\u017een\u00ed sv\u00e9 vedouc\u00ed pozice. Do posledn\u00edho dne vstupoval Ogier s n\u00e1skokem 16 sekund (p\u0159ed Rovanperou) a n\u00e1sledn\u011b vybojoval v r\u00e1mci jedin\u00e9ho v\u00edkendu osm\u00fd a dev\u00e1t\u00fd nejlep\u0161\u00ed \u010das v rychlostn\u00edm testu, aby zakon\u010dil jako celkov\u00fd v\u00edt\u011bz tohoto podniku s n\u00e1skokem 18,8 s.<\/p>\n\n\n\n<blockquote class=\"wp-block-quote is-layout-flow wp-block-quote-is-layout-flow\">\n<p>Ogierovo 56. v\u00edt\u011bzstv\u00ed ve WRC je z\u00e1rove\u0148 prvn\u00edm pro jeho navig\u00e1tora Vincenta Landaise, a to teprve ve druh\u00e9m spole\u010dn\u00e9m podniku pot\u00e9, co Ogier v z\u00e1v\u011bru lo\u0148sk\u00e9 sez\u00f3ny za\u010dal s t\u00edmto nad\u011bjn\u00fdm francouzsk\u00fdm navig\u00e1torem spolupracovat.<\/p>\n<\/blockquote>\n\n\n\n<p>Jde sou\u010dasn\u011b o p\u00e1t\u00e9 v\u00edt\u011bzstv\u00ed Toyoty na Monte Carlo s p\u011bti r\u016fzn\u00fdmi modely vozu: GR Yaris Rally1 Hybrid s v\u00fdjimkou dvou rychlostn\u00edch test\u016f z 18 ovl\u00e1dl v\u0161echny m\u011b\u0159en\u00e9 \u00faseky tohoto v\u00edkendu.<\/p><br>\n\n\n\n<figure class=\"wp-block-image size-large\"><img loading=\"lazy\" decoding=\"async\" width=\"1024\" height=\"682\" src=\"https:\/\/www.mzone.cz\/wp-content\/uploads\/2023\/01\/wrc-2023-rd_1-179-1024x682.jpg\" alt=\"Rallye Monte Carlo\" class=\"wp-image-39453\" srcset=\"https:\/\/www.mzone.cz\/wp-content\/uploads\/2023\/01\/wrc-2023-rd_1-179-1024x682.jpg 1024w, https:\/\/www.mzone.cz\/wp-content\/uploads\/2023\/01\/wrc-2023-rd_1-179-300x200.jpg 300w, https:\/\/www.mzone.cz\/wp-content\/uploads\/2023\/01\/wrc-2023-rd_1-179-768x512.jpg 768w, https:\/\/www.mzone.cz\/wp-content\/uploads\/2023\/01\/wrc-2023-rd_1-179-18x12.jpg 18w, https:\/\/www.mzone.cz\/wp-content\/uploads\/2023\/01\/wrc-2023-rd_1-179-800x533.jpg 800w, https:\/\/www.mzone.cz\/wp-content\/uploads\/2023\/01\/wrc-2023-rd_1-179-400x267.jpg 400w, https:\/\/www.mzone.cz\/wp-content\/uploads\/2023\/01\/wrc-2023-rd_1-179-500x333.jpg 500w, https:\/\/www.mzone.cz\/wp-content\/uploads\/2023\/01\/wrc-2023-rd_1-179-1170x780.jpg 1170w, https:\/\/www.mzone.cz\/wp-content\/uploads\/2023\/01\/wrc-2023-rd_1-179-590x393.jpg 590w, https:\/\/www.mzone.cz\/wp-content\/uploads\/2023\/01\/wrc-2023-rd_1-179.jpg 1280w\" sizes=\"auto, (max-width: 1024px) 100vw, 1024px\" \/><\/figure><br>\n\n\n\n<p>Ogier se i v leto\u0161n\u00ed sez\u00f3n\u011b z\u00fa\u010dastn\u00ed pouze vybran\u00fdch podnik\u016f, a tak Rovanper\u00e4 s navig\u00e1torem Jonnem Halttunenem na druh\u00e9m m\u00edst\u011b \u2013 nav\u00edc s v\u00edt\u011bzstv\u00edm v z\u00e1v\u011bre\u010dn\u00e9 Power Stage \u2013 maj\u00ed ide\u00e1ln\u011b nakro\u010deno k obhajob\u011b mistrovsk\u00fdch titul\u016f. Rovanper\u00e4 b\u011bhem tohoto podniku vykazoval rostouc\u00ed sebejistotu i tempo, a cestou ke sv\u00e9mu prvn\u00edmu p\u00f3diov\u00e9mu um\u00edst\u011bn\u00ed na Rallye Monte Carlo zv\u00edt\u011bzil hned v \u0161esti rychlostn\u00edch zkou\u0161k\u00e1ch.<\/p>\n\n\n\n<blockquote class=\"wp-block-quote is-layout-flow wp-block-quote-is-layout-flow\">\n<p>Podobn\u011b dobr\u00e9 tempo jako st\u00e1jov\u00ed kolegov\u00e9 po cel\u00fd v\u00edkend p\u0159edv\u00e1d\u011bl i Elfyn Evans, jen\u017e se pohyboval na druh\u00e9 pozici za Ogierem, ne\u017e v p\u00e1tek dopoledne ztratil 40 sekund b\u011bhem superspeci\u00e1lky SS5 kv\u016fli defektu pneumatiky.<\/p>\n<\/blockquote>\n\n\n\n<p>Spole\u010dn\u011b s navig\u00e1torem Scottem Martinem se op\u011bt pustili do boje, jeho\u017e v\u00fdsledkem \u2013 i p\u0159es drobnou jezdeckou chybu v ned\u011bli dopoledne \u2013 nakonec bylo celkov\u00e9 \u010dtvrt\u00e9 m\u00edsto s odstupem 27,8 s za p\u00f3diov\u00fdm um\u00edst\u011bn\u00edm. Evans krom toho dojel jako t\u0159et\u00ed v Power Stage, co\u017e znamen\u00e1 t\u0159i bonusov\u00e9 body nav\u00edc.<\/p><br>\n\n\n\n<p>K \u00fasp\u011b\u0161n\u00e9mu zah\u00e1jen\u00ed sez\u00f3ny t\u00fdmu Toyota Gazoo Racing p\u0159isp\u011bl i Takamoto Katsuta, nasazen\u00fd v r\u00e1mci programu WRC Challenge Program. Po boku s navig\u00e1torem Aaronem Johnstonem p\u0159edvedl sv\u016fj zat\u00edm nejlep\u0161\u00ed v\u00fdkon na Rallye Monte Carlo (celkov\u011b \u0161est\u00fd), \u010dasto po boku sv\u00fdch st\u00e1jov\u00fdch koleg\u016f mezi prvn\u00edmi \u010dty\u0159mi v rychlostn\u00edch zkou\u0161k\u00e1ch.<\/p><br>\n\n\n\n<div class=\"wp-block-media-text alignwide is-stacked-on-mobile is-vertically-aligned-top\" style=\"grid-template-columns:23% auto\"><figure class=\"wp-block-media-text__media\"><a href=\"https:\/\/www.mzone.cz\/rovanpera-z-toyoty-je-nejmladsim-mistrem-sveta-v-rally\/\"><img loading=\"lazy\" decoding=\"async\" width=\"1024\" height=\"683\" src=\"https:\/\/www.mzone.cz\/wp-content\/uploads\/2022\/10\/Vitez-Kalle-Rovanpera-1024x683.jpg\" alt=\"V\u00edt\u011bz Kalle Rovanper\u00e4\" class=\"wp-image-38105 size-full\" srcset=\"https:\/\/www.mzone.cz\/wp-content\/uploads\/2022\/10\/Vitez-Kalle-Rovanpera-1024x683.jpg 1024w, https:\/\/www.mzone.cz\/wp-content\/uploads\/2022\/10\/Vitez-Kalle-Rovanpera-300x200.jpg 300w, https:\/\/www.mzone.cz\/wp-content\/uploads\/2022\/10\/Vitez-Kalle-Rovanpera-768x512.jpg 768w, https:\/\/www.mzone.cz\/wp-content\/uploads\/2022\/10\/Vitez-Kalle-Rovanpera-18x12.jpg 18w, https:\/\/www.mzone.cz\/wp-content\/uploads\/2022\/10\/Vitez-Kalle-Rovanpera-800x533.jpg 800w, https:\/\/www.mzone.cz\/wp-content\/uploads\/2022\/10\/Vitez-Kalle-Rovanpera-400x267.jpg 400w, https:\/\/www.mzone.cz\/wp-content\/uploads\/2022\/10\/Vitez-Kalle-Rovanpera-500x333.jpg 500w, https:\/\/www.mzone.cz\/wp-content\/uploads\/2022\/10\/Vitez-Kalle-Rovanpera-590x393.jpg 590w, https:\/\/www.mzone.cz\/wp-content\/uploads\/2022\/10\/Vitez-Kalle-Rovanpera.jpg 1152w\" sizes=\"auto, (max-width: 1024px) 100vw, 1024px\" \/><\/a><\/figure><div class=\"wp-block-media-text__content\">\n<h4><a href=\"https:\/\/www.mzone.cz\/rovanpera-z-toyoty-je-nejmladsim-mistrem-sveta-v-rally\/\">Rovanper\u00e4 z Toyoty je nejmlad\u0161\u00edm mistrem sv\u011bta v rally<\/a><\/h4><br>\n<\/div><\/div>","protected":false},"excerpt":{"rendered":"<p>Toyota Gazoo Racing World Rally Team hned na \u00favod sv\u011btov\u00e9ho rallyov\u00e9ho \u0161ampion\u00e1tu FIA 2023 vybojoval prvn\u00ed dv\u011b m\u00edsta na Rallye Monte Carlo. S\u00e9bastien Ogier z Toyoty si v tomto legend\u00e1rn\u00edm podniku dojel ji\u017e pro dev\u00e1t\u00e9 v\u00edt\u011bzstv\u00ed, zat\u00edmco druh\u00e9 m\u00edsto obsadil st\u00e1jov\u00fd kolega Kalle Rovanper\u00e4. S ohledem na p\u0159ev\u00e1\u017en\u011b such\u00e9 podm\u00ednky bylo leto\u0161n\u00ed rallye v\u00edce ne\u017e [&hellip;]<\/p>\n","protected":false},"author":4,"featured_media":39450,"comment_status":"open","ping_status":"closed","sticky":false,"template":"","format":"standard","meta":{"kk_blocks_editor_width":"","_kiokenblocks_attr":"","_kiokenblocks_dimensions":"","footnotes":""},"categories":[69,80],"tags":[585,82,462,1967,636,2085,2083,3030,42,687,2954,1085,1136,2902,735],"class_list":["post-39448","post","type-post","status-publish","format-standard","has-post-thumbnail","hentry","category-auto-moto","category-sport","tag-auta","tag-auto","tag-auto-moto","tag-monte-carlo","tag-motorsport","tag-rally","tag-rallye","tag-sebastien-ogier","tag-sport","tag-toyota","tag-toyota-gazoo-racing","tag-vitez","tag-vitezstvi","tag-wrc","tag-zavod"],"yoast_head":"<!-- This site is optimized with the Yoast SEO plugin v27.5 - https:\/\/yoast.com\/product\/yoast-seo-wordpress\/ -->\n<title>Rallye Monte Carlo vyhr\u00e1l S\u00e9bastien Ogier - Mzone<\/title>\n<meta name=\"description\" content=\"Toyota Gazoo Racing World Rally Team hned na \u00favod sv\u011btov\u00e9ho rallyov\u00e9ho \u0161ampion\u00e1tu FIA 2023 vybojoval prvn\u00ed dv\u011b m\u00edsta na Rallye Monte Carlo. S\u00e9bastien Ogier z Toyoty si v tomto legend\u00e1rn\u00edm podniku dojel ji\u017e pro dev\u00e1t\u00e9 v\u00edt\u011bzstv\u00ed, zat\u00edmco druh\u00e9 m\u00edsto obsadil st\u00e1jov\u00fd kolega Kalle Rovanper\u00e4.\" \/>\n<meta name=\"robots\" content=\"index, follow, max-snippet:-1, max-image-preview:large, max-video-preview:-1\" \/>\n<link rel=\"canonical\" href=\"https:\/\/www.mzone.cz\/en\/rallye-monte-carlo-vyhral-sebastien-ogier\/\" \/>\n<meta property=\"og:locale\" content=\"en_US\" \/>\n<meta property=\"og:type\" content=\"article\" \/>\n<meta property=\"og:title\" content=\"Rallye Monte Carlo vyhr\u00e1l S\u00e9bastien Ogier - Mzone\" \/>\n<meta property=\"og:description\" content=\"Toyota Gazoo Racing World Rally Team hned na \u00favod sv\u011btov\u00e9ho rallyov\u00e9ho \u0161ampion\u00e1tu FIA 2023 vybojoval prvn\u00ed dv\u011b m\u00edsta na Rallye Monte Carlo. S\u00e9bastien Ogier z Toyoty si v tomto legend\u00e1rn\u00edm podniku dojel ji\u017e pro dev\u00e1t\u00e9 v\u00edt\u011bzstv\u00ed, zat\u00edmco druh\u00e9 m\u00edsto obsadil st\u00e1jov\u00fd kolega Kalle Rovanper\u00e4.\" \/>\n<meta property=\"og:url\" content=\"https:\/\/www.mzone.cz\/en\/rallye-monte-carlo-vyhral-sebastien-ogier\/\" \/>\n<meta property=\"og:site_name\" content=\"Mzone\" \/>\n<meta property=\"article:publisher\" content=\"https:\/\/www.facebook.com\/MzoneCZ\/\" \/>\n<meta property=\"article:published_time\" content=\"2023-01-25T09:03:14+00:00\" \/>\n<meta property=\"article:modified_time\" content=\"2023-01-25T09:04:01+00:00\" \/>\n<meta property=\"og:image\" content=\"https:\/\/www.mzone.cz\/wp-content\/uploads\/2023\/01\/Rallye-Monte-Carlo.jpg\" \/>\n\t<meta property=\"og:image:width\" content=\"1015\" \/>\n\t<meta property=\"og:image:height\" content=\"677\" \/>\n\t<meta property=\"og:image:type\" content=\"image\/jpeg\" \/>\n<meta name=\"author\" content=\"Mzone\" \/>\n<meta name=\"twitter:card\" content=\"summary_large_image\" \/>\n<meta name=\"twitter:label1\" content=\"Written by\" \/>\n\t<meta name=\"twitter:data1\" content=\"Mzone\" \/>\n\t<meta name=\"twitter:label2\" content=\"Est. reading time\" \/>\n\t<meta name=\"twitter:data2\" content=\"3 minutes\" \/>\n<script type=\"application\/ld+json\" class=\"yoast-schema-graph\">{\"@context\":\"https:\\\/\\\/schema.org\",\"@graph\":[{\"@type\":\"Article\",\"@id\":\"https:\\\/\\\/www.mzone.cz\\\/rallye-monte-carlo-vyhral-sebastien-ogier\\\/#article\",\"isPartOf\":{\"@id\":\"https:\\\/\\\/www.mzone.cz\\\/rallye-monte-carlo-vyhral-sebastien-ogier\\\/\"},\"author\":{\"name\":\"Mzone\",\"@id\":\"https:\\\/\\\/www.mzone.cz\\\/#\\\/schema\\\/person\\\/9bc20cc422a99cac4af6ff9297da32d4\"},\"headline\":\"Rallye Monte Carlo vyhr\u00e1l S\u00e9bastien Ogier\",\"datePublished\":\"2023-01-25T09:03:14+00:00\",\"dateModified\":\"2023-01-25T09:04:01+00:00\",\"mainEntityOfPage\":{\"@id\":\"https:\\\/\\\/www.mzone.cz\\\/rallye-monte-carlo-vyhral-sebastien-ogier\\\/\"},\"wordCount\":574,\"commentCount\":0,\"image\":{\"@id\":\"https:\\\/\\\/www.mzone.cz\\\/rallye-monte-carlo-vyhral-sebastien-ogier\\\/#primaryimage\"},\"thumbnailUrl\":\"https:\\\/\\\/www.mzone.cz\\\/wp-content\\\/uploads\\\/2023\\\/01\\\/Rallye-Monte-Carlo.jpg\",\"keywords\":[\"auta\",\"Auto\",\"auto-moto\",\"Monte Carlo\",\"motorsport\",\"rally\",\"rallye\",\"S\u00e9bastien Ogier\",\"Sport\",\"Toyota\",\"Toyota Gazoo Racing\",\"v\u00edt\u011bz\",\"v\u00edt\u011bzstv\u00ed\",\"WRC\",\"z\u00e1vod\"],\"articleSection\":[\"Auto-moto\",\"Sport\"],\"inLanguage\":\"en-US\",\"potentialAction\":[{\"@type\":\"CommentAction\",\"name\":\"Comment\",\"target\":[\"https:\\\/\\\/www.mzone.cz\\\/rallye-monte-carlo-vyhral-sebastien-ogier\\\/#respond\"]}]},{\"@type\":\"WebPage\",\"@id\":\"https:\\\/\\\/www.mzone.cz\\\/rallye-monte-carlo-vyhral-sebastien-ogier\\\/\",\"url\":\"https:\\\/\\\/www.mzone.cz\\\/rallye-monte-carlo-vyhral-sebastien-ogier\\\/\",\"name\":\"Rallye Monte Carlo vyhr\u00e1l S\u00e9bastien Ogier - Mzone\",\"isPartOf\":{\"@id\":\"https:\\\/\\\/www.mzone.cz\\\/#website\"},\"primaryImageOfPage\":{\"@id\":\"https:\\\/\\\/www.mzone.cz\\\/rallye-monte-carlo-vyhral-sebastien-ogier\\\/#primaryimage\"},\"image\":{\"@id\":\"https:\\\/\\\/www.mzone.cz\\\/rallye-monte-carlo-vyhral-sebastien-ogier\\\/#primaryimage\"},\"thumbnailUrl\":\"https:\\\/\\\/www.mzone.cz\\\/wp-content\\\/uploads\\\/2023\\\/01\\\/Rallye-Monte-Carlo.jpg\",\"datePublished\":\"2023-01-25T09:03:14+00:00\",\"dateModified\":\"2023-01-25T09:04:01+00:00\",\"author\":{\"@id\":\"https:\\\/\\\/www.mzone.cz\\\/#\\\/schema\\\/person\\\/9bc20cc422a99cac4af6ff9297da32d4\"},\"description\":\"Toyota Gazoo Racing World Rally Team hned na \u00favod sv\u011btov\u00e9ho rallyov\u00e9ho \u0161ampion\u00e1tu FIA 2023 vybojoval prvn\u00ed dv\u011b m\u00edsta na Rallye Monte Carlo. S\u00e9bastien Ogier z Toyoty si v tomto legend\u00e1rn\u00edm podniku dojel ji\u017e pro dev\u00e1t\u00e9 v\u00edt\u011bzstv\u00ed, zat\u00edmco druh\u00e9 m\u00edsto obsadil st\u00e1jov\u00fd kolega Kalle Rovanper\u00e4.\",\"breadcrumb\":{\"@id\":\"https:\\\/\\\/www.mzone.cz\\\/rallye-monte-carlo-vyhral-sebastien-ogier\\\/#breadcrumb\"},\"inLanguage\":\"en-US\",\"potentialAction\":[{\"@type\":\"ReadAction\",\"target\":[\"https:\\\/\\\/www.mzone.cz\\\/rallye-monte-carlo-vyhral-sebastien-ogier\\\/\"]}]},{\"@type\":\"ImageObject\",\"inLanguage\":\"en-US\",\"@id\":\"https:\\\/\\\/www.mzone.cz\\\/rallye-monte-carlo-vyhral-sebastien-ogier\\\/#primaryimage\",\"url\":\"https:\\\/\\\/www.mzone.cz\\\/wp-content\\\/uploads\\\/2023\\\/01\\\/Rallye-Monte-Carlo.jpg\",\"contentUrl\":\"https:\\\/\\\/www.mzone.cz\\\/wp-content\\\/uploads\\\/2023\\\/01\\\/Rallye-Monte-Carlo.jpg\",\"width\":1015,\"height\":677,\"caption\":\"Rallye Monte Carlo\"},{\"@type\":\"BreadcrumbList\",\"@id\":\"https:\\\/\\\/www.mzone.cz\\\/rallye-monte-carlo-vyhral-sebastien-ogier\\\/#breadcrumb\",\"itemListElement\":[{\"@type\":\"ListItem\",\"position\":1,\"name\":\"Dom\u016f\",\"item\":\"https:\\\/\\\/www.mzone.cz\\\/\"},{\"@type\":\"ListItem\",\"position\":2,\"name\":\"Rallye Monte Carlo vyhr\u00e1l S\u00e9bastien Ogier\"}]},{\"@type\":\"WebSite\",\"@id\":\"https:\\\/\\\/www.mzone.cz\\\/#website\",\"url\":\"https:\\\/\\\/www.mzone.cz\\\/\",\"name\":\"Mzone\",\"description\":\"Magaz\u00edn nejen pro mu\u017ee\",\"potentialAction\":[{\"@type\":\"SearchAction\",\"target\":{\"@type\":\"EntryPoint\",\"urlTemplate\":\"https:\\\/\\\/www.mzone.cz\\\/?s={search_term_string}\"},\"query-input\":{\"@type\":\"PropertyValueSpecification\",\"valueRequired\":true,\"valueName\":\"search_term_string\"}}],\"inLanguage\":\"en-US\"},{\"@type\":\"Person\",\"@id\":\"https:\\\/\\\/www.mzone.cz\\\/#\\\/schema\\\/person\\\/9bc20cc422a99cac4af6ff9297da32d4\",\"name\":\"Mzone\",\"image\":{\"@type\":\"ImageObject\",\"inLanguage\":\"en-US\",\"@id\":\"https:\\\/\\\/secure.gravatar.com\\\/avatar\\\/e780a8630f3182a3d06dd667ab6bea151a0d155b0951bc15fe22633acdac0676?s=96&d=mm&r=g\",\"url\":\"https:\\\/\\\/secure.gravatar.com\\\/avatar\\\/e780a8630f3182a3d06dd667ab6bea151a0d155b0951bc15fe22633acdac0676?s=96&d=mm&r=g\",\"contentUrl\":\"https:\\\/\\\/secure.gravatar.com\\\/avatar\\\/e780a8630f3182a3d06dd667ab6bea151a0d155b0951bc15fe22633acdac0676?s=96&d=mm&r=g\",\"caption\":\"Mzone\"},\"url\":\"https:\\\/\\\/www.mzone.cz\\\/en\\\/author\\\/jakub\\\/\"}]}<\/script>\n<!-- \/ Yoast SEO plugin. -->","yoast_head_json":{"title":"Rallye Monte Carlo vyhr\u00e1l S\u00e9bastien Ogier - Mzone","description":"Toyota Gazoo Racing World Rally Team hned na \u00favod sv\u011btov\u00e9ho rallyov\u00e9ho \u0161ampion\u00e1tu FIA 2023 vybojoval prvn\u00ed dv\u011b m\u00edsta na Rallye Monte Carlo. S\u00e9bastien Ogier z Toyoty si v tomto legend\u00e1rn\u00edm podniku dojel ji\u017e pro dev\u00e1t\u00e9 v\u00edt\u011bzstv\u00ed, zat\u00edmco druh\u00e9 m\u00edsto obsadil st\u00e1jov\u00fd kolega Kalle Rovanper\u00e4.","robots":{"index":"index","follow":"follow","max-snippet":"max-snippet:-1","max-image-preview":"max-image-preview:large","max-video-preview":"max-video-preview:-1"},"canonical":"https:\/\/www.mzone.cz\/en\/rallye-monte-carlo-vyhral-sebastien-ogier\/","og_locale":"en_US","og_type":"article","og_title":"Rallye Monte Carlo vyhr\u00e1l S\u00e9bastien Ogier - Mzone","og_description":"Toyota Gazoo Racing World Rally Team hned na \u00favod sv\u011btov\u00e9ho rallyov\u00e9ho \u0161ampion\u00e1tu FIA 2023 vybojoval prvn\u00ed dv\u011b m\u00edsta na Rallye Monte Carlo. S\u00e9bastien Ogier z Toyoty si v tomto legend\u00e1rn\u00edm podniku dojel ji\u017e pro dev\u00e1t\u00e9 v\u00edt\u011bzstv\u00ed, zat\u00edmco druh\u00e9 m\u00edsto obsadil st\u00e1jov\u00fd kolega Kalle Rovanper\u00e4.","og_url":"https:\/\/www.mzone.cz\/en\/rallye-monte-carlo-vyhral-sebastien-ogier\/","og_site_name":"Mzone","article_publisher":"https:\/\/www.facebook.com\/MzoneCZ\/","article_published_time":"2023-01-25T09:03:14+00:00","article_modified_time":"2023-01-25T09:04:01+00:00","og_image":[{"width":1015,"height":677,"url":"https:\/\/www.mzone.cz\/wp-content\/uploads\/2023\/01\/Rallye-Monte-Carlo.jpg","type":"image\/jpeg"}],"author":"Mzone","twitter_card":"summary_large_image","twitter_misc":{"Written by":"Mzone","Est. reading time":"3 minutes"},"schema":{"@context":"https:\/\/schema.org","@graph":[{"@type":"Article","@id":"https:\/\/www.mzone.cz\/rallye-monte-carlo-vyhral-sebastien-ogier\/#article","isPartOf":{"@id":"https:\/\/www.mzone.cz\/rallye-monte-carlo-vyhral-sebastien-ogier\/"},"author":{"name":"Mzone","@id":"https:\/\/www.mzone.cz\/#\/schema\/person\/9bc20cc422a99cac4af6ff9297da32d4"},"headline":"Rallye Monte Carlo vyhr\u00e1l S\u00e9bastien Ogier","datePublished":"2023-01-25T09:03:14+00:00","dateModified":"2023-01-25T09:04:01+00:00","mainEntityOfPage":{"@id":"https:\/\/www.mzone.cz\/rallye-monte-carlo-vyhral-sebastien-ogier\/"},"wordCount":574,"commentCount":0,"image":{"@id":"https:\/\/www.mzone.cz\/rallye-monte-carlo-vyhral-sebastien-ogier\/#primaryimage"},"thumbnailUrl":"https:\/\/www.mzone.cz\/wp-content\/uploads\/2023\/01\/Rallye-Monte-Carlo.jpg","keywords":["auta","Auto","auto-moto","Monte Carlo","motorsport","rally","rallye","S\u00e9bastien Ogier","Sport","Toyota","Toyota Gazoo Racing","v\u00edt\u011bz","v\u00edt\u011bzstv\u00ed","WRC","z\u00e1vod"],"articleSection":["Auto-moto","Sport"],"inLanguage":"en-US","potentialAction":[{"@type":"CommentAction","name":"Comment","target":["https:\/\/www.mzone.cz\/rallye-monte-carlo-vyhral-sebastien-ogier\/#respond"]}]},{"@type":"WebPage","@id":"https:\/\/www.mzone.cz\/rallye-monte-carlo-vyhral-sebastien-ogier\/","url":"https:\/\/www.mzone.cz\/rallye-monte-carlo-vyhral-sebastien-ogier\/","name":"Rallye Monte Carlo vyhr\u00e1l S\u00e9bastien Ogier - Mzone","isPartOf":{"@id":"https:\/\/www.mzone.cz\/#website"},"primaryImageOfPage":{"@id":"https:\/\/www.mzone.cz\/rallye-monte-carlo-vyhral-sebastien-ogier\/#primaryimage"},"image":{"@id":"https:\/\/www.mzone.cz\/rallye-monte-carlo-vyhral-sebastien-ogier\/#primaryimage"},"thumbnailUrl":"https:\/\/www.mzone.cz\/wp-content\/uploads\/2023\/01\/Rallye-Monte-Carlo.jpg","datePublished":"2023-01-25T09:03:14+00:00","dateModified":"2023-01-25T09:04:01+00:00","author":{"@id":"https:\/\/www.mzone.cz\/#\/schema\/person\/9bc20cc422a99cac4af6ff9297da32d4"},"description":"Toyota Gazoo Racing World Rally Team hned na \u00favod sv\u011btov\u00e9ho rallyov\u00e9ho \u0161ampion\u00e1tu FIA 2023 vybojoval prvn\u00ed dv\u011b m\u00edsta na Rallye Monte Carlo. S\u00e9bastien Ogier z Toyoty si v tomto legend\u00e1rn\u00edm podniku dojel ji\u017e pro dev\u00e1t\u00e9 v\u00edt\u011bzstv\u00ed, zat\u00edmco druh\u00e9 m\u00edsto obsadil st\u00e1jov\u00fd kolega Kalle Rovanper\u00e4.","breadcrumb":{"@id":"https:\/\/www.mzone.cz\/rallye-monte-carlo-vyhral-sebastien-ogier\/#breadcrumb"},"inLanguage":"en-US","potentialAction":[{"@type":"ReadAction","target":["https:\/\/www.mzone.cz\/rallye-monte-carlo-vyhral-sebastien-ogier\/"]}]},{"@type":"ImageObject","inLanguage":"en-US","@id":"https:\/\/www.mzone.cz\/rallye-monte-carlo-vyhral-sebastien-ogier\/#primaryimage","url":"https:\/\/www.mzone.cz\/wp-content\/uploads\/2023\/01\/Rallye-Monte-Carlo.jpg","contentUrl":"https:\/\/www.mzone.cz\/wp-content\/uploads\/2023\/01\/Rallye-Monte-Carlo.jpg","width":1015,"height":677,"caption":"Rallye Monte Carlo"},{"@type":"BreadcrumbList","@id":"https:\/\/www.mzone.cz\/rallye-monte-carlo-vyhral-sebastien-ogier\/#breadcrumb","itemListElement":[{"@type":"ListItem","position":1,"name":"Dom\u016f","item":"https:\/\/www.mzone.cz\/"},{"@type":"ListItem","position":2,"name":"Rallye Monte Carlo vyhr\u00e1l S\u00e9bastien Ogier"}]},{"@type":"WebSite","@id":"https:\/\/www.mzone.cz\/#website","url":"https:\/\/www.mzone.cz\/","name":"Mzone","description":"Magaz\u00edn nejen pro mu\u017ee","potentialAction":[{"@type":"SearchAction","target":{"@type":"EntryPoint","urlTemplate":"https:\/\/www.mzone.cz\/?s={search_term_string}"},"query-input":{"@type":"PropertyValueSpecification","valueRequired":true,"valueName":"search_term_string"}}],"inLanguage":"en-US"},{"@type":"Person","@id":"https:\/\/www.mzone.cz\/#\/schema\/person\/9bc20cc422a99cac4af6ff9297da32d4","name":"Mzone","image":{"@type":"ImageObject","inLanguage":"en-US","@id":"https:\/\/secure.gravatar.com\/avatar\/e780a8630f3182a3d06dd667ab6bea151a0d155b0951bc15fe22633acdac0676?s=96&d=mm&r=g","url":"https:\/\/secure.gravatar.com\/avatar\/e780a8630f3182a3d06dd667ab6bea151a0d155b0951bc15fe22633acdac0676?s=96&d=mm&r=g","contentUrl":"https:\/\/secure.gravatar.com\/avatar\/e780a8630f3182a3d06dd667ab6bea151a0d155b0951bc15fe22633acdac0676?s=96&d=mm&r=g","caption":"Mzone"},"url":"https:\/\/www.mzone.cz\/en\/author\/jakub\/"}]}},"_links":{"self":[{"href":"https:\/\/www.mzone.cz\/en\/wp-json\/wp\/v2\/posts\/39448","targetHints":{"allow":["GET"]}}],"collection":[{"href":"https:\/\/www.mzone.cz\/en\/wp-json\/wp\/v2\/posts"}],"about":[{"href":"https:\/\/www.mzone.cz\/en\/wp-json\/wp\/v2\/types\/post"}],"author":[{"embeddable":true,"href":"https:\/\/www.mzone.cz\/en\/wp-json\/wp\/v2\/users\/4"}],"replies":[{"embeddable":true,"href":"https:\/\/www.mzone.cz\/en\/wp-json\/wp\/v2\/comments?post=39448"}],"version-history":[{"count":8,"href":"https:\/\/www.mzone.cz\/en\/wp-json\/wp\/v2\/posts\/39448\/revisions"}],"predecessor-version":[{"id":39458,"href":"https:\/\/www.mzone.cz\/en\/wp-json\/wp\/v2\/posts\/39448\/revisions\/39458"}],"wp:featuredmedia":[{"embeddable":true,"href":"https:\/\/www.mzone.cz\/en\/wp-json\/wp\/v2\/media\/39450"}],"wp:attachment":[{"href":"https:\/\/www.mzone.cz\/en\/wp-json\/wp\/v2\/media?parent=39448"}],"wp:term":[{"taxonomy":"category","embeddable":true,"href":"https:\/\/www.mzone.cz\/en\/wp-json\/wp\/v2\/categories?post=39448"},{"taxonomy":"post_tag","embeddable":true,"href":"https:\/\/www.mzone.cz\/en\/wp-json\/wp\/v2\/tags?post=39448"}],"curies":[{"name":"wp","href":"https:\/\/api.w.org\/{rel}","templated":true}]}}