{"id":39700,"date":"2023-02-27T23:24:15","date_gmt":"2023-02-27T22:24:15","guid":{"rendered":"https:\/\/www.mzone.cz\/?p=39700"},"modified":"2023-02-27T23:25:11","modified_gmt":"2023-02-27T22:25:11","slug":"cesky-lev-oslavi-30-narozeniny-uz-v-sobotu","status":"publish","type":"post","link":"https:\/\/www.mzone.cz\/en\/cesky-lev-oslavi-30-narozeniny-uz-v-sobotu\/","title":{"rendered":"\u010cesk\u00fd lev oslav\u00ed 30. narozeniny u\u017e v sobotu"},"content":{"rendered":"<p><strong>Galave\u010der jubilejn\u00edho 30. ro\u010dn\u00edku cen \u010cesk\u00fd lev se uskute\u010dn\u00ed ji\u017e v sobotu 4. b\u0159ezna v p\u0159\u00edm\u00e9m p\u0159enosu \u010cesk\u00e9 televize z pra\u017esk\u00e9ho Rudolfina. O presti\u017en\u00ed filmov\u00e9 ceny v leto\u0161n\u00edm roce usiluje 32 film\u016f i televizn\u00edch d\u011bl v 19 kategori\u00edch.<\/strong><\/p><br>\n\n\n\n<p>Nejv\u00edce \u0161anc\u00ed maj\u00ed filmy Arv\u00e9d, Il Boemo, BANGER. a Sv\u011btlonoc. Ikonick\u00e9 k\u0159i\u0161\u0165\u00e1lov\u00e9 so\u0161ky p\u0159ed\u00e1 laure\u00e1t\u016fm b\u011bhem ve\u010dera \u0159ada osobnost\u00ed nejen filmov\u00e9ho sv\u011bta. Nap\u0159\u00edklad herci Ji\u0159\u00ed Barto\u0161ka, Martin Dejdar, Boleslav Pol\u00edvka, Ji\u0159\u00ed Mach\u00e1\u010dek, re\u017eis\u00e9r Jan Sv\u011br\u00e1k nebo spisovatelka a scen\u00e1ristka Halina Pawlowsk\u00e1. Slavnostn\u00ed p\u0159ed\u00e1v\u00e1n\u00ed cen \u010cesk\u00e9 filmov\u00e9 a televizn\u00ed akademie bude moderovat podruh\u00e9 Ji\u0159\u00ed Havelka. Na podob\u011b ve\u010dera se d\u00e1le pod\u00edlej\u00ed scen\u00e1rista Petr Kole\u010dko a re\u017eis\u00e9r Michael \u010cech. O hudebn\u00ed doprovod se postaraj\u00ed The Antagonists Jana P. Muchowa a jejich host\u00e9. P\u0159\u00edm\u00fd p\u0159enos za\u010d\u00edn\u00e1 na \u010cT1 ve 20.10 hod.<\/p><br>\n\n\n\n<figure class=\"wp-block-image size-large\"><img loading=\"lazy\" decoding=\"async\" width=\"1024\" height=\"576\" src=\"https:\/\/www.mzone.cz\/wp-content\/uploads\/2023\/02\/30CL_vizual_horizontal-1024x576.jpg\" alt=\"30. ceny \u010cesk\u00fd lev\" class=\"wp-image-39705\" srcset=\"https:\/\/www.mzone.cz\/wp-content\/uploads\/2023\/02\/30CL_vizual_horizontal-1024x576.jpg 1024w, https:\/\/www.mzone.cz\/wp-content\/uploads\/2023\/02\/30CL_vizual_horizontal-300x169.jpg 300w, https:\/\/www.mzone.cz\/wp-content\/uploads\/2023\/02\/30CL_vizual_horizontal-768x432.jpg 768w, https:\/\/www.mzone.cz\/wp-content\/uploads\/2023\/02\/30CL_vizual_horizontal-1536x864.jpg 1536w, https:\/\/www.mzone.cz\/wp-content\/uploads\/2023\/02\/30CL_vizual_horizontal-2048x1152.jpg 2048w, https:\/\/www.mzone.cz\/wp-content\/uploads\/2023\/02\/30CL_vizual_horizontal-18x10.jpg 18w, https:\/\/www.mzone.cz\/wp-content\/uploads\/2023\/02\/30CL_vizual_horizontal-590x332.jpg 590w\" sizes=\"auto, (max-width: 1024px) 100vw, 1024px\" \/><\/figure><br>\n\n\n\n<p>Nominovan\u00e9 filmy 30. \u010cesk\u00e9ho lva p\u0159ipom\u00edn\u00e1 hned n\u011bkolik filmov\u00fdch p\u0159ehl\u00eddek. A\u017e do konce b\u0159ezna bude mo\u017en\u00e9 <a href=\"https:\/\/dafilms.cz\/\" target=\"_blank\" rel=\"noreferrer noopener\">na streamovac\u00ed platform\u011b DAFilms<\/a> zhl\u00e9dnout v\u011bt\u0161inu nominovan\u00fdch film\u016f za rok 2023, ale tak\u00e9 speci\u00e1l p\u0159ipraven\u00fd k 30let\u00e9 historii ud\u00edlen\u00ed cen \u010cesk\u00fd lev.<\/p>\n\n\n\n<blockquote class=\"wp-block-quote is-layout-flow wp-block-quote-is-layout-flow\">\n<p>A\u017e do 4. b\u0159ezna je mo\u017en\u00e9 nav\u0161t\u00edvit p\u0159ehl\u00eddku \u010cesk\u00e9ho lva v pra\u017esk\u00e9m kin\u011b Edison Filmhub a od 2. b\u0159ezna pozve na nominovan\u00e9 filmy i s\u00ed\u0165 kin Cinestar.<\/p>\n<\/blockquote>\n\n\n\n<p>Z rekordn\u00ed lo\u0148sk\u00e9 filmov\u00e9 produkce vstoupilo do z\u00e1v\u011bre\u010dn\u00e9ho kl\u00e1n\u00ed o \u010cesk\u00e9ho lva s 12 nominacemi psychologick\u00e9 mysteri\u00f3zn\u00ed drama re\u017eis\u00e9ra Vojt\u011bcha Ma\u0161ka Arv\u00e9d, kter\u00e9 rozkr\u00fdv\u00e1 p\u0159\u00edb\u011bh re\u00e1ln\u00e9 postavy nacistick\u00e9ho kolaboranta, p\u0159isluhova\u010de komunistick\u00e9ho re\u017eimu a okultisty.<\/p><br>\n\n\n\n<figure class=\"wp-block-image size-large\"><img loading=\"lazy\" decoding=\"async\" width=\"1024\" height=\"683\" src=\"https:\/\/www.mzone.cz\/wp-content\/uploads\/2023\/02\/Arved-foto-z-filmu_1-1024x683.jpg\" alt=\"Film Arv\u00e9d\" class=\"wp-image-39709\" srcset=\"https:\/\/www.mzone.cz\/wp-content\/uploads\/2023\/02\/Arved-foto-z-filmu_1-1024x683.jpg 1024w, https:\/\/www.mzone.cz\/wp-content\/uploads\/2023\/02\/Arved-foto-z-filmu_1-300x200.jpg 300w, https:\/\/www.mzone.cz\/wp-content\/uploads\/2023\/02\/Arved-foto-z-filmu_1-768x512.jpg 768w, https:\/\/www.mzone.cz\/wp-content\/uploads\/2023\/02\/Arved-foto-z-filmu_1-1536x1024.jpg 1536w, https:\/\/www.mzone.cz\/wp-content\/uploads\/2023\/02\/Arved-foto-z-filmu_1-2048x1365.jpg 2048w, https:\/\/www.mzone.cz\/wp-content\/uploads\/2023\/02\/Arved-foto-z-filmu_1-18x12.jpg 18w, https:\/\/www.mzone.cz\/wp-content\/uploads\/2023\/02\/Arved-foto-z-filmu_1-800x533.jpg 800w, https:\/\/www.mzone.cz\/wp-content\/uploads\/2023\/02\/Arved-foto-z-filmu_1-400x267.jpg 400w, https:\/\/www.mzone.cz\/wp-content\/uploads\/2023\/02\/Arved-foto-z-filmu_1-500x333.jpg 500w, https:\/\/www.mzone.cz\/wp-content\/uploads\/2023\/02\/Arved-foto-z-filmu_1-1170x780.jpg 1170w, https:\/\/www.mzone.cz\/wp-content\/uploads\/2023\/02\/Arved-foto-z-filmu_1-590x393.jpg 590w\" sizes=\"auto, (max-width: 1024px) 100vw, 1024px\" \/><\/figure><br>\n\n\n\n<blockquote class=\"wp-block-quote is-layout-flow wp-block-quote-is-layout-flow\">\n<p>11 nominac\u00ed m\u00e1 na sv\u00e9m kont\u011b historick\u00fd velkofilm Il Boemo Petra V\u00e1clava znovuobjevuj\u00edc\u00ed p\u0159\u00edb\u011bh i d\u00edlo nejslavn\u011bj\u0161\u00edho \u010desk\u00e9ho skladatele 18. stolet\u00ed Josefa Myslive\u010dka.<\/p>\n<\/blockquote>\n\n\n\n<p>8 nominac\u00ed utr\u017eil BANGER. &#8211; zb\u011bsil\u00e1 adrenalinov\u00e1 j\u00edzda pln\u00e1 rapu a drog nato\u010den\u00e1 v\u00fdhradn\u011b na iPhone re\u017eis\u00e9ra Adama Sedl\u00e1ka. Mysteri\u00f3zn\u00ed drama Sv\u011btlonoc Terezy Nvotov\u00e9, kter\u00e9 probouz\u00ed d\u00e1vn\u00e9 vesnick\u00e9 \u010darod\u011bjnick\u00e9 legendy, z\u00edskalo 7 nominac\u00ed.<\/p>\n\n\n\n<blockquote class=\"wp-block-quote is-layout-flow wp-block-quote-is-layout-flow\">\n<p>Shodn\u011b se \u010dty\u0159mi nominacemi pak do boje o \u010cesk\u00e9ho lva vyr\u00e1\u017eej\u00ed filmy Grand Prix Jana Pru\u0161inovsk\u00e9ho, Jan \u017di\u017eka Petra J\u00e1kla, Ob\u011b\u0165 Michala Bla\u0161ka a televizn\u00ed minis\u00e9rie Podez\u0159en\u00ed, za kterou rovn\u011b\u017e stoj\u00ed re\u017eis\u00e9r Michal Bla\u0161ko. T\u0159i nominace z\u00edskal dokument\u00e1rn\u00ed film Lucie Kr\u00e1lov\u00e9 KaprK\u00f3d a seri\u00e1l \u010cesk\u00e9 televize Devades\u00e1tky.\u00a0<\/p>\n<\/blockquote>\n\n\n\n<figure class=\"wp-block-image size-large\"><img loading=\"lazy\" decoding=\"async\" width=\"1024\" height=\"683\" src=\"https:\/\/www.mzone.cz\/wp-content\/uploads\/2023\/02\/Jan-Zizka_foto_2-1024x683.jpg\" alt=\"Film Jan \u017di\u017eka\" class=\"wp-image-39711\" srcset=\"https:\/\/www.mzone.cz\/wp-content\/uploads\/2023\/02\/Jan-Zizka_foto_2-1024x683.jpg 1024w, https:\/\/www.mzone.cz\/wp-content\/uploads\/2023\/02\/Jan-Zizka_foto_2-300x200.jpg 300w, https:\/\/www.mzone.cz\/wp-content\/uploads\/2023\/02\/Jan-Zizka_foto_2-768x512.jpg 768w, https:\/\/www.mzone.cz\/wp-content\/uploads\/2023\/02\/Jan-Zizka_foto_2-1536x1025.jpg 1536w, https:\/\/www.mzone.cz\/wp-content\/uploads\/2023\/02\/Jan-Zizka_foto_2-2048x1366.jpg 2048w, https:\/\/www.mzone.cz\/wp-content\/uploads\/2023\/02\/Jan-Zizka_foto_2-18x12.jpg 18w, https:\/\/www.mzone.cz\/wp-content\/uploads\/2023\/02\/Jan-Zizka_foto_2-800x533.jpg 800w, https:\/\/www.mzone.cz\/wp-content\/uploads\/2023\/02\/Jan-Zizka_foto_2-400x267.jpg 400w, https:\/\/www.mzone.cz\/wp-content\/uploads\/2023\/02\/Jan-Zizka_foto_2-500x333.jpg 500w, https:\/\/www.mzone.cz\/wp-content\/uploads\/2023\/02\/Jan-Zizka_foto_2-1170x780.jpg 1170w, https:\/\/www.mzone.cz\/wp-content\/uploads\/2023\/02\/Jan-Zizka_foto_2-590x394.jpg 590w\" sizes=\"auto, (max-width: 1024px) 100vw, 1024px\" \/><\/figure><br>\n\n\n\n<p>\u010cesk\u00e9ho lva pro nejlep\u0161\u00ed here\u010dku v hlavn\u00ed roli mohou v b\u0159eznu z\u00edskat: Pavla Tomicov\u00e1 za roli psycholo\u017eky Krist\u00fdny ve filmu A pak p\u0159i\u0161la l\u00e1ska\u2026, Barbara Ronchi za ztv\u00e1rn\u011bn\u00ed opern\u00ed p\u011bvkyn\u011b Cateriny Gabrielli v Il Boemo, Vita Smachelyuk, kter\u00e1 si zahr\u00e1la roli svobodn\u00e9 matky Iriny ve filmu Ob\u011b\u0165, Kl\u00e1ra Mel\u00ed\u0161kov\u00e1 za roli zdravotn\u00ed sestry v televizn\u00ed minis\u00e9rii Podez\u0159en\u00ed a Nat\u00e1lia Germ\u00e1ni za ztv\u00e1rn\u011bn\u00ed hlavn\u00ed postavy \u0160arloty ve sn\u00edmku Sv\u011btlonoc. Cenu pro nejlep\u0161\u00ed\u00a0here\u010dku ve vedlej\u0161\u00ed roli si mohou odn\u00e9st Martha Issov\u00e1 za film Buko, Anna Kamen\u00edkov\u00e1 a Tatiana Dykov\u00e1 Vilhelmov\u00e1 za role ve filmu Grand Prix, Lana Vlady za film Il Boemo a Denisa Bare\u0161ov\u00e1, je\u017e zaujala v minis\u00e9rii Podez\u0159en\u00ed.\u00a0<\/p>\n\n\n\n<blockquote class=\"wp-block-quote is-layout-flow wp-block-quote-is-layout-flow\">\n<p>V\u016fbec poprv\u00e9 mohou \u010cesk\u00e9ho lva z\u00edskat za sv\u00e9 hereck\u00e9 v\u00fdkony, a to rovnou v kategorii nejlep\u0161\u00ed herec v hlavn\u00ed roli, Michal Kern za tituln\u00ed roli ve filmu Arv\u00e9d, Adam Mi\u0161\u00edk za hlavn\u00ed postavu filmu BANGER., Maty\u00e1\u0161 \u0158ezn\u00ed\u010dek za roli Petra ve sn\u00edmku Hranice l\u00e1sky a p\u0159edstavitel Josefa Myslive\u010dka Vojt\u011bch Dyk ve filmu Il Boemo.<\/p>\n<\/blockquote>\n\n\n\n<p>\u010ctve\u0159ici dopl\u0148uje Martin Finger s nominac\u00ed za hlavn\u00ed roli ve filmu Slovo. Filmy Arv\u00e9d a BANGER. si mohou p\u0159ipsat dal\u0161\u00ed nominace v kategorii nejlep\u0161\u00ed herec ve vedlej\u0161\u00ed roli. Ve filmu Arv\u00e9d akademici ocenili Sa\u0161u Ra\u0161ilova a ve filmu BANGER. Marsella Bendiga. Nominaci na \u010cesk\u00e9ho lva d\u00e1le vynesly vedlej\u0161\u00ed role \u0160t\u011bp\u00e1nu Kozubovi ve filmu Grand Prix, Miroslavu Krobotovi v Kdyby rad\u0161i ho\u0159elo a Old\u0159ichu Kaiserovi ve sn\u00edmku Posledn\u00ed z\u00e1vod.<\/p><br>\n\n\n\n<figure class=\"wp-block-image size-large\"><img loading=\"lazy\" decoding=\"async\" width=\"1024\" height=\"683\" src=\"https:\/\/www.mzone.cz\/wp-content\/uploads\/2023\/02\/BANGER_foto_2-1024x683.jpg\" alt=\"Film Banger\" class=\"wp-image-39714\" srcset=\"https:\/\/www.mzone.cz\/wp-content\/uploads\/2023\/02\/BANGER_foto_2-1024x683.jpg 1024w, https:\/\/www.mzone.cz\/wp-content\/uploads\/2023\/02\/BANGER_foto_2-300x200.jpg 300w, https:\/\/www.mzone.cz\/wp-content\/uploads\/2023\/02\/BANGER_foto_2-768x512.jpg 768w, https:\/\/www.mzone.cz\/wp-content\/uploads\/2023\/02\/BANGER_foto_2-1536x1024.jpg 1536w, https:\/\/www.mzone.cz\/wp-content\/uploads\/2023\/02\/BANGER_foto_2-2048x1365.jpg 2048w, https:\/\/www.mzone.cz\/wp-content\/uploads\/2023\/02\/BANGER_foto_2-18x12.jpg 18w, https:\/\/www.mzone.cz\/wp-content\/uploads\/2023\/02\/BANGER_foto_2-800x533.jpg 800w, https:\/\/www.mzone.cz\/wp-content\/uploads\/2023\/02\/BANGER_foto_2-400x267.jpg 400w, https:\/\/www.mzone.cz\/wp-content\/uploads\/2023\/02\/BANGER_foto_2-500x333.jpg 500w, https:\/\/www.mzone.cz\/wp-content\/uploads\/2023\/02\/BANGER_foto_2-1170x780.jpg 1170w, https:\/\/www.mzone.cz\/wp-content\/uploads\/2023\/02\/BANGER_foto_2-590x393.jpg 590w\" sizes=\"auto, (max-width: 1024px) 100vw, 1024px\" \/><\/figure><br>\n\n\n\n<p>So\u0161ka \u010cesk\u00e9ho lva za nejlep\u0161\u00ed re\u017eii m\u016f\u017ee v b\u0159eznu putovat do rukou Vojt\u011bchu Ma\u0161kovi za film\u00a0Arv\u00e9d, Adamu Sedl\u00e1kovi za BANGER., Petru V\u00e1clavovi za Il Boemo, Michalu Bla\u0161kovi za re\u017eii filmu Ob\u011b\u0165 nebo Tereze Nvotov\u00e9 za sn\u00edmek Sv\u011btlonoc.<\/p><br>\n\n\n\n<p>Na bl\u00ed\u017e\u00edc\u00ed se ud\u00edlen\u00ed cen \u010cesk\u00fd lev upozor\u0148uje tak\u00e9 venkovn\u00ed v\u00fdstava velkoform\u00e1tov\u00fdch fotografi\u00ed Lenky Hata\u0161ov\u00e9 na Palachov\u011b n\u00e1m\u011bst\u00ed. Ta nab\u00edz\u00ed ohl\u00e9dnut\u00ed za atmosf\u00e9rou lo\u0148sk\u00e9ho ro\u010dn\u00edku v portr\u00e9tn\u00edch fotografi\u00edch filmov\u00fdch tv\u016frc\u016f bezprost\u0159edn\u011b po obdr\u017een\u00ed lv\u00ed so\u0161ky. Na v\u00fdstav\u011b jsou zastoupeny nap\u0159\u00edklad emotivn\u00ed fotografie herc\u016f V\u00e1clava Neu\u017eila, Antonie Formanov\u00e9, Pavly Gajdo\u0161\u00edkov\u00e9 nebo re\u017eis\u00e9ra Davida Ond\u0159\u00ed\u010dka.<\/p><br>\n\n\n\n<div class=\"wp-block-media-text alignwide is-stacked-on-mobile is-vertically-aligned-top\" style=\"grid-template-columns:23% auto\"><figure class=\"wp-block-media-text__media\"><a href=\"https:\/\/www.mzone.cz\/ceska-republika-vysle-do-boje-o-oscara-film-il-boemo-petra-vaclava\/\"><img loading=\"lazy\" decoding=\"async\" width=\"1024\" height=\"682\" src=\"https:\/\/www.mzone.cz\/wp-content\/uploads\/2022\/09\/Il-Boemo_foto-3_m-1024x682.jpg\" alt=\"Il Boemo\" class=\"wp-image-37874 size-full\" srcset=\"https:\/\/www.mzone.cz\/wp-content\/uploads\/2022\/09\/Il-Boemo_foto-3_m-1024x682.jpg 1024w, https:\/\/www.mzone.cz\/wp-content\/uploads\/2022\/09\/Il-Boemo_foto-3_m-300x200.jpg 300w, https:\/\/www.mzone.cz\/wp-content\/uploads\/2022\/09\/Il-Boemo_foto-3_m-768x511.jpg 768w, https:\/\/www.mzone.cz\/wp-content\/uploads\/2022\/09\/Il-Boemo_foto-3_m-1536x1023.jpg 1536w, https:\/\/www.mzone.cz\/wp-content\/uploads\/2022\/09\/Il-Boemo_foto-3_m-18x12.jpg 18w, https:\/\/www.mzone.cz\/wp-content\/uploads\/2022\/09\/Il-Boemo_foto-3_m-800x533.jpg 800w, https:\/\/www.mzone.cz\/wp-content\/uploads\/2022\/09\/Il-Boemo_foto-3_m-400x267.jpg 400w, https:\/\/www.mzone.cz\/wp-content\/uploads\/2022\/09\/Il-Boemo_foto-3_m-500x333.jpg 500w, https:\/\/www.mzone.cz\/wp-content\/uploads\/2022\/09\/Il-Boemo_foto-3_m-1170x780.jpg 1170w, https:\/\/www.mzone.cz\/wp-content\/uploads\/2022\/09\/Il-Boemo_foto-3_m-590x393.jpg 590w, https:\/\/www.mzone.cz\/wp-content\/uploads\/2022\/09\/Il-Boemo_foto-3_m.jpg 1774w\" sizes=\"auto, (max-width: 1024px) 100vw, 1024px\" \/><\/a><\/figure><div class=\"wp-block-media-text__content\">\n<h4><a href=\"https:\/\/www.mzone.cz\/ceska-republika-vysle-do-boje-o-oscara-film-il-boemo-petra-vaclava\/\">\u010cesk\u00e1 republika vy\u0161le do boje o Oscara film Il Boemo Petra V\u00e1clava<\/a><\/h4><br>\n<\/div><\/div>","protected":false},"excerpt":{"rendered":"<p>Galave\u010der jubilejn\u00edho 30. ro\u010dn\u00edku cen \u010cesk\u00fd lev se uskute\u010dn\u00ed ji\u017e v sobotu 4. b\u0159ezna v p\u0159\u00edm\u00e9m p\u0159enosu \u010cesk\u00e9 televize z pra\u017esk\u00e9ho Rudolfina. O presti\u017en\u00ed filmov\u00e9 ceny v leto\u0161n\u00edm roce usiluje 32 film\u016f i televizn\u00edch d\u011bl v 19 kategori\u00edch. Nejv\u00edce \u0161anc\u00ed maj\u00ed filmy Arv\u00e9d, Il Boemo, BANGER. a Sv\u011btlonoc. Ikonick\u00e9 k\u0159i\u0161\u0165\u00e1lov\u00e9 so\u0161ky p\u0159ed\u00e1 laure\u00e1t\u016fm b\u011bhem ve\u010dera [&hellip;]<\/p>\n","protected":false},"author":4,"featured_media":39703,"comment_status":"open","ping_status":"closed","sticky":false,"template":"","format":"standard","meta":{"kk_blocks_editor_width":"","_kiokenblocks_attr":"","_kiokenblocks_dimensions":"","footnotes":""},"categories":[73,71],"tags":[5767,2256,1792,541,1344,314,1195,31,1347,410],"class_list":["post-39700","post","type-post","status-publish","format-standard","has-post-thumbnail","hentry","category-filmy","category-kultura","tag-30-rocnik","tag-ceny","tag-cesky-lev","tag-film","tag-filmove-ceny","tag-filmy","tag-galavecer","tag-kultura","tag-oceneni","tag-televize"],"yoast_head":"<!-- This site is optimized with the Yoast SEO plugin v27.5 - https:\/\/yoast.com\/product\/yoast-seo-wordpress\/ -->\n<title>\u010cesk\u00fd lev oslav\u00ed 30. narozeniny u\u017e v sobotu - Mzone<\/title>\n<meta name=\"description\" content=\"Galave\u010der jubilejn\u00edho 30. ro\u010dn\u00edku cen \u010cesk\u00fd lev se uskute\u010dn\u00ed ji\u017e v sobotu 4. b\u0159ezna v p\u0159\u00edm\u00e9m p\u0159enosu \u010cesk\u00e9 televize z pra\u017esk\u00e9ho Rudolfina. O presti\u017en\u00ed filmov\u00e9 ceny v leto\u0161n\u00edm roce usiluje 32 film\u016f i televizn\u00edch d\u011bl v 19 kategori\u00edch.\" \/>\n<meta name=\"robots\" content=\"index, follow, max-snippet:-1, max-image-preview:large, max-video-preview:-1\" \/>\n<link rel=\"canonical\" href=\"https:\/\/www.mzone.cz\/en\/cesky-lev-oslavi-30-narozeniny-uz-v-sobotu\/\" \/>\n<meta property=\"og:locale\" content=\"en_US\" \/>\n<meta property=\"og:type\" content=\"article\" \/>\n<meta property=\"og:title\" content=\"\u010cesk\u00fd lev oslav\u00ed 30. narozeniny u\u017e v sobotu - Mzone\" \/>\n<meta property=\"og:description\" content=\"Galave\u010der jubilejn\u00edho 30. ro\u010dn\u00edku cen \u010cesk\u00fd lev se uskute\u010dn\u00ed ji\u017e v sobotu 4. b\u0159ezna v p\u0159\u00edm\u00e9m p\u0159enosu \u010cesk\u00e9 televize z pra\u017esk\u00e9ho Rudolfina. O presti\u017en\u00ed filmov\u00e9 ceny v leto\u0161n\u00edm roce usiluje 32 film\u016f i televizn\u00edch d\u011bl v 19 kategori\u00edch.\" \/>\n<meta property=\"og:url\" content=\"https:\/\/www.mzone.cz\/en\/cesky-lev-oslavi-30-narozeniny-uz-v-sobotu\/\" \/>\n<meta property=\"og:site_name\" content=\"Mzone\" \/>\n<meta property=\"article:publisher\" content=\"https:\/\/www.facebook.com\/MzoneCZ\/\" \/>\n<meta property=\"article:published_time\" content=\"2023-02-27T22:24:15+00:00\" \/>\n<meta property=\"article:modified_time\" content=\"2023-02-27T22:25:11+00:00\" \/>\n<meta property=\"og:image\" content=\"https:\/\/www.mzone.cz\/wp-content\/uploads\/2023\/02\/Cesky-lev.jpg\" \/>\n\t<meta property=\"og:image:width\" content=\"1163\" \/>\n\t<meta property=\"og:image:height\" content=\"775\" \/>\n\t<meta property=\"og:image:type\" content=\"image\/jpeg\" \/>\n<meta name=\"author\" content=\"Mzone\" \/>\n<meta name=\"twitter:card\" content=\"summary_large_image\" \/>\n<meta name=\"twitter:label1\" content=\"Written by\" \/>\n\t<meta name=\"twitter:data1\" content=\"Mzone\" \/>\n\t<meta name=\"twitter:label2\" content=\"Est. reading time\" \/>\n\t<meta name=\"twitter:data2\" content=\"5 minutes\" \/>\n<script type=\"application\/ld+json\" class=\"yoast-schema-graph\">{\"@context\":\"https:\\\/\\\/schema.org\",\"@graph\":[{\"@type\":\"Article\",\"@id\":\"https:\\\/\\\/www.mzone.cz\\\/cesky-lev-oslavi-30-narozeniny-uz-v-sobotu\\\/#article\",\"isPartOf\":{\"@id\":\"https:\\\/\\\/www.mzone.cz\\\/cesky-lev-oslavi-30-narozeniny-uz-v-sobotu\\\/\"},\"author\":{\"name\":\"Mzone\",\"@id\":\"https:\\\/\\\/www.mzone.cz\\\/#\\\/schema\\\/person\\\/9bc20cc422a99cac4af6ff9297da32d4\"},\"headline\":\"\u010cesk\u00fd lev oslav\u00ed 30. narozeniny u\u017e v sobotu\",\"datePublished\":\"2023-02-27T22:24:15+00:00\",\"dateModified\":\"2023-02-27T22:25:11+00:00\",\"mainEntityOfPage\":{\"@id\":\"https:\\\/\\\/www.mzone.cz\\\/cesky-lev-oslavi-30-narozeniny-uz-v-sobotu\\\/\"},\"wordCount\":903,\"commentCount\":0,\"image\":{\"@id\":\"https:\\\/\\\/www.mzone.cz\\\/cesky-lev-oslavi-30-narozeniny-uz-v-sobotu\\\/#primaryimage\"},\"thumbnailUrl\":\"https:\\\/\\\/www.mzone.cz\\\/wp-content\\\/uploads\\\/2023\\\/02\\\/Cesky-lev.jpg\",\"keywords\":[\"30. ro\u010dn\u00edk\",\"ceny\",\"\u010cesk\u00fd lev\",\"film\",\"filmov\u00e9 ceny\",\"Filmy\",\"galave\u010der\",\"Kultura\",\"ocen\u011bn\u00ed\",\"televize\"],\"articleSection\":[\"Filmy\",\"Kultura\"],\"inLanguage\":\"en-US\",\"potentialAction\":[{\"@type\":\"CommentAction\",\"name\":\"Comment\",\"target\":[\"https:\\\/\\\/www.mzone.cz\\\/cesky-lev-oslavi-30-narozeniny-uz-v-sobotu\\\/#respond\"]}]},{\"@type\":\"WebPage\",\"@id\":\"https:\\\/\\\/www.mzone.cz\\\/cesky-lev-oslavi-30-narozeniny-uz-v-sobotu\\\/\",\"url\":\"https:\\\/\\\/www.mzone.cz\\\/cesky-lev-oslavi-30-narozeniny-uz-v-sobotu\\\/\",\"name\":\"\u010cesk\u00fd lev oslav\u00ed 30. narozeniny u\u017e v sobotu - Mzone\",\"isPartOf\":{\"@id\":\"https:\\\/\\\/www.mzone.cz\\\/#website\"},\"primaryImageOfPage\":{\"@id\":\"https:\\\/\\\/www.mzone.cz\\\/cesky-lev-oslavi-30-narozeniny-uz-v-sobotu\\\/#primaryimage\"},\"image\":{\"@id\":\"https:\\\/\\\/www.mzone.cz\\\/cesky-lev-oslavi-30-narozeniny-uz-v-sobotu\\\/#primaryimage\"},\"thumbnailUrl\":\"https:\\\/\\\/www.mzone.cz\\\/wp-content\\\/uploads\\\/2023\\\/02\\\/Cesky-lev.jpg\",\"datePublished\":\"2023-02-27T22:24:15+00:00\",\"dateModified\":\"2023-02-27T22:25:11+00:00\",\"author\":{\"@id\":\"https:\\\/\\\/www.mzone.cz\\\/#\\\/schema\\\/person\\\/9bc20cc422a99cac4af6ff9297da32d4\"},\"description\":\"Galave\u010der jubilejn\u00edho 30. ro\u010dn\u00edku cen \u010cesk\u00fd lev se uskute\u010dn\u00ed ji\u017e v sobotu 4. b\u0159ezna v p\u0159\u00edm\u00e9m p\u0159enosu \u010cesk\u00e9 televize z pra\u017esk\u00e9ho Rudolfina. O presti\u017en\u00ed filmov\u00e9 ceny v leto\u0161n\u00edm roce usiluje 32 film\u016f i televizn\u00edch d\u011bl v 19 kategori\u00edch.\",\"breadcrumb\":{\"@id\":\"https:\\\/\\\/www.mzone.cz\\\/cesky-lev-oslavi-30-narozeniny-uz-v-sobotu\\\/#breadcrumb\"},\"inLanguage\":\"en-US\",\"potentialAction\":[{\"@type\":\"ReadAction\",\"target\":[\"https:\\\/\\\/www.mzone.cz\\\/cesky-lev-oslavi-30-narozeniny-uz-v-sobotu\\\/\"]}]},{\"@type\":\"ImageObject\",\"inLanguage\":\"en-US\",\"@id\":\"https:\\\/\\\/www.mzone.cz\\\/cesky-lev-oslavi-30-narozeniny-uz-v-sobotu\\\/#primaryimage\",\"url\":\"https:\\\/\\\/www.mzone.cz\\\/wp-content\\\/uploads\\\/2023\\\/02\\\/Cesky-lev.jpg\",\"contentUrl\":\"https:\\\/\\\/www.mzone.cz\\\/wp-content\\\/uploads\\\/2023\\\/02\\\/Cesky-lev.jpg\",\"width\":1163,\"height\":775,\"caption\":\"\u010cesk\u00fd lev\"},{\"@type\":\"BreadcrumbList\",\"@id\":\"https:\\\/\\\/www.mzone.cz\\\/cesky-lev-oslavi-30-narozeniny-uz-v-sobotu\\\/#breadcrumb\",\"itemListElement\":[{\"@type\":\"ListItem\",\"position\":1,\"name\":\"Dom\u016f\",\"item\":\"https:\\\/\\\/www.mzone.cz\\\/\"},{\"@type\":\"ListItem\",\"position\":2,\"name\":\"\u010cesk\u00fd lev oslav\u00ed 30. narozeniny u\u017e v sobotu\"}]},{\"@type\":\"WebSite\",\"@id\":\"https:\\\/\\\/www.mzone.cz\\\/#website\",\"url\":\"https:\\\/\\\/www.mzone.cz\\\/\",\"name\":\"Mzone\",\"description\":\"Magaz\u00edn nejen pro mu\u017ee\",\"potentialAction\":[{\"@type\":\"SearchAction\",\"target\":{\"@type\":\"EntryPoint\",\"urlTemplate\":\"https:\\\/\\\/www.mzone.cz\\\/?s={search_term_string}\"},\"query-input\":{\"@type\":\"PropertyValueSpecification\",\"valueRequired\":true,\"valueName\":\"search_term_string\"}}],\"inLanguage\":\"en-US\"},{\"@type\":\"Person\",\"@id\":\"https:\\\/\\\/www.mzone.cz\\\/#\\\/schema\\\/person\\\/9bc20cc422a99cac4af6ff9297da32d4\",\"name\":\"Mzone\",\"image\":{\"@type\":\"ImageObject\",\"inLanguage\":\"en-US\",\"@id\":\"https:\\\/\\\/secure.gravatar.com\\\/avatar\\\/e780a8630f3182a3d06dd667ab6bea151a0d155b0951bc15fe22633acdac0676?s=96&d=mm&r=g\",\"url\":\"https:\\\/\\\/secure.gravatar.com\\\/avatar\\\/e780a8630f3182a3d06dd667ab6bea151a0d155b0951bc15fe22633acdac0676?s=96&d=mm&r=g\",\"contentUrl\":\"https:\\\/\\\/secure.gravatar.com\\\/avatar\\\/e780a8630f3182a3d06dd667ab6bea151a0d155b0951bc15fe22633acdac0676?s=96&d=mm&r=g\",\"caption\":\"Mzone\"},\"url\":\"https:\\\/\\\/www.mzone.cz\\\/en\\\/author\\\/jakub\\\/\"}]}<\/script>\n<!-- \/ Yoast SEO plugin. -->","yoast_head_json":{"title":"\u010cesk\u00fd lev oslav\u00ed 30. narozeniny u\u017e v sobotu - Mzone","description":"Galave\u010der jubilejn\u00edho 30. ro\u010dn\u00edku cen \u010cesk\u00fd lev se uskute\u010dn\u00ed ji\u017e v sobotu 4. b\u0159ezna v p\u0159\u00edm\u00e9m p\u0159enosu \u010cesk\u00e9 televize z pra\u017esk\u00e9ho Rudolfina. O presti\u017en\u00ed filmov\u00e9 ceny v leto\u0161n\u00edm roce usiluje 32 film\u016f i televizn\u00edch d\u011bl v 19 kategori\u00edch.","robots":{"index":"index","follow":"follow","max-snippet":"max-snippet:-1","max-image-preview":"max-image-preview:large","max-video-preview":"max-video-preview:-1"},"canonical":"https:\/\/www.mzone.cz\/en\/cesky-lev-oslavi-30-narozeniny-uz-v-sobotu\/","og_locale":"en_US","og_type":"article","og_title":"\u010cesk\u00fd lev oslav\u00ed 30. narozeniny u\u017e v sobotu - Mzone","og_description":"Galave\u010der jubilejn\u00edho 30. ro\u010dn\u00edku cen \u010cesk\u00fd lev se uskute\u010dn\u00ed ji\u017e v sobotu 4. b\u0159ezna v p\u0159\u00edm\u00e9m p\u0159enosu \u010cesk\u00e9 televize z pra\u017esk\u00e9ho Rudolfina. O presti\u017en\u00ed filmov\u00e9 ceny v leto\u0161n\u00edm roce usiluje 32 film\u016f i televizn\u00edch d\u011bl v 19 kategori\u00edch.","og_url":"https:\/\/www.mzone.cz\/en\/cesky-lev-oslavi-30-narozeniny-uz-v-sobotu\/","og_site_name":"Mzone","article_publisher":"https:\/\/www.facebook.com\/MzoneCZ\/","article_published_time":"2023-02-27T22:24:15+00:00","article_modified_time":"2023-02-27T22:25:11+00:00","og_image":[{"width":1163,"height":775,"url":"https:\/\/www.mzone.cz\/wp-content\/uploads\/2023\/02\/Cesky-lev.jpg","type":"image\/jpeg"}],"author":"Mzone","twitter_card":"summary_large_image","twitter_misc":{"Written by":"Mzone","Est. reading time":"5 minutes"},"schema":{"@context":"https:\/\/schema.org","@graph":[{"@type":"Article","@id":"https:\/\/www.mzone.cz\/cesky-lev-oslavi-30-narozeniny-uz-v-sobotu\/#article","isPartOf":{"@id":"https:\/\/www.mzone.cz\/cesky-lev-oslavi-30-narozeniny-uz-v-sobotu\/"},"author":{"name":"Mzone","@id":"https:\/\/www.mzone.cz\/#\/schema\/person\/9bc20cc422a99cac4af6ff9297da32d4"},"headline":"\u010cesk\u00fd lev oslav\u00ed 30. narozeniny u\u017e v sobotu","datePublished":"2023-02-27T22:24:15+00:00","dateModified":"2023-02-27T22:25:11+00:00","mainEntityOfPage":{"@id":"https:\/\/www.mzone.cz\/cesky-lev-oslavi-30-narozeniny-uz-v-sobotu\/"},"wordCount":903,"commentCount":0,"image":{"@id":"https:\/\/www.mzone.cz\/cesky-lev-oslavi-30-narozeniny-uz-v-sobotu\/#primaryimage"},"thumbnailUrl":"https:\/\/www.mzone.cz\/wp-content\/uploads\/2023\/02\/Cesky-lev.jpg","keywords":["30. ro\u010dn\u00edk","ceny","\u010cesk\u00fd lev","film","filmov\u00e9 ceny","Filmy","galave\u010der","Kultura","ocen\u011bn\u00ed","televize"],"articleSection":["Filmy","Kultura"],"inLanguage":"en-US","potentialAction":[{"@type":"CommentAction","name":"Comment","target":["https:\/\/www.mzone.cz\/cesky-lev-oslavi-30-narozeniny-uz-v-sobotu\/#respond"]}]},{"@type":"WebPage","@id":"https:\/\/www.mzone.cz\/cesky-lev-oslavi-30-narozeniny-uz-v-sobotu\/","url":"https:\/\/www.mzone.cz\/cesky-lev-oslavi-30-narozeniny-uz-v-sobotu\/","name":"\u010cesk\u00fd lev oslav\u00ed 30. narozeniny u\u017e v sobotu - Mzone","isPartOf":{"@id":"https:\/\/www.mzone.cz\/#website"},"primaryImageOfPage":{"@id":"https:\/\/www.mzone.cz\/cesky-lev-oslavi-30-narozeniny-uz-v-sobotu\/#primaryimage"},"image":{"@id":"https:\/\/www.mzone.cz\/cesky-lev-oslavi-30-narozeniny-uz-v-sobotu\/#primaryimage"},"thumbnailUrl":"https:\/\/www.mzone.cz\/wp-content\/uploads\/2023\/02\/Cesky-lev.jpg","datePublished":"2023-02-27T22:24:15+00:00","dateModified":"2023-02-27T22:25:11+00:00","author":{"@id":"https:\/\/www.mzone.cz\/#\/schema\/person\/9bc20cc422a99cac4af6ff9297da32d4"},"description":"Galave\u010der jubilejn\u00edho 30. ro\u010dn\u00edku cen \u010cesk\u00fd lev se uskute\u010dn\u00ed ji\u017e v sobotu 4. b\u0159ezna v p\u0159\u00edm\u00e9m p\u0159enosu \u010cesk\u00e9 televize z pra\u017esk\u00e9ho Rudolfina. O presti\u017en\u00ed filmov\u00e9 ceny v leto\u0161n\u00edm roce usiluje 32 film\u016f i televizn\u00edch d\u011bl v 19 kategori\u00edch.","breadcrumb":{"@id":"https:\/\/www.mzone.cz\/cesky-lev-oslavi-30-narozeniny-uz-v-sobotu\/#breadcrumb"},"inLanguage":"en-US","potentialAction":[{"@type":"ReadAction","target":["https:\/\/www.mzone.cz\/cesky-lev-oslavi-30-narozeniny-uz-v-sobotu\/"]}]},{"@type":"ImageObject","inLanguage":"en-US","@id":"https:\/\/www.mzone.cz\/cesky-lev-oslavi-30-narozeniny-uz-v-sobotu\/#primaryimage","url":"https:\/\/www.mzone.cz\/wp-content\/uploads\/2023\/02\/Cesky-lev.jpg","contentUrl":"https:\/\/www.mzone.cz\/wp-content\/uploads\/2023\/02\/Cesky-lev.jpg","width":1163,"height":775,"caption":"\u010cesk\u00fd lev"},{"@type":"BreadcrumbList","@id":"https:\/\/www.mzone.cz\/cesky-lev-oslavi-30-narozeniny-uz-v-sobotu\/#breadcrumb","itemListElement":[{"@type":"ListItem","position":1,"name":"Dom\u016f","item":"https:\/\/www.mzone.cz\/"},{"@type":"ListItem","position":2,"name":"\u010cesk\u00fd lev oslav\u00ed 30. narozeniny u\u017e v sobotu"}]},{"@type":"WebSite","@id":"https:\/\/www.mzone.cz\/#website","url":"https:\/\/www.mzone.cz\/","name":"Mzone","description":"Magaz\u00edn nejen pro mu\u017ee","potentialAction":[{"@type":"SearchAction","target":{"@type":"EntryPoint","urlTemplate":"https:\/\/www.mzone.cz\/?s={search_term_string}"},"query-input":{"@type":"PropertyValueSpecification","valueRequired":true,"valueName":"search_term_string"}}],"inLanguage":"en-US"},{"@type":"Person","@id":"https:\/\/www.mzone.cz\/#\/schema\/person\/9bc20cc422a99cac4af6ff9297da32d4","name":"Mzone","image":{"@type":"ImageObject","inLanguage":"en-US","@id":"https:\/\/secure.gravatar.com\/avatar\/e780a8630f3182a3d06dd667ab6bea151a0d155b0951bc15fe22633acdac0676?s=96&d=mm&r=g","url":"https:\/\/secure.gravatar.com\/avatar\/e780a8630f3182a3d06dd667ab6bea151a0d155b0951bc15fe22633acdac0676?s=96&d=mm&r=g","contentUrl":"https:\/\/secure.gravatar.com\/avatar\/e780a8630f3182a3d06dd667ab6bea151a0d155b0951bc15fe22633acdac0676?s=96&d=mm&r=g","caption":"Mzone"},"url":"https:\/\/www.mzone.cz\/en\/author\/jakub\/"}]}},"_links":{"self":[{"href":"https:\/\/www.mzone.cz\/en\/wp-json\/wp\/v2\/posts\/39700","targetHints":{"allow":["GET"]}}],"collection":[{"href":"https:\/\/www.mzone.cz\/en\/wp-json\/wp\/v2\/posts"}],"about":[{"href":"https:\/\/www.mzone.cz\/en\/wp-json\/wp\/v2\/types\/post"}],"author":[{"embeddable":true,"href":"https:\/\/www.mzone.cz\/en\/wp-json\/wp\/v2\/users\/4"}],"replies":[{"embeddable":true,"href":"https:\/\/www.mzone.cz\/en\/wp-json\/wp\/v2\/comments?post=39700"}],"version-history":[{"count":13,"href":"https:\/\/www.mzone.cz\/en\/wp-json\/wp\/v2\/posts\/39700\/revisions"}],"predecessor-version":[{"id":39718,"href":"https:\/\/www.mzone.cz\/en\/wp-json\/wp\/v2\/posts\/39700\/revisions\/39718"}],"wp:featuredmedia":[{"embeddable":true,"href":"https:\/\/www.mzone.cz\/en\/wp-json\/wp\/v2\/media\/39703"}],"wp:attachment":[{"href":"https:\/\/www.mzone.cz\/en\/wp-json\/wp\/v2\/media?parent=39700"}],"wp:term":[{"taxonomy":"category","embeddable":true,"href":"https:\/\/www.mzone.cz\/en\/wp-json\/wp\/v2\/categories?post=39700"},{"taxonomy":"post_tag","embeddable":true,"href":"https:\/\/www.mzone.cz\/en\/wp-json\/wp\/v2\/tags?post=39700"}],"curies":[{"name":"wp","href":"https:\/\/api.w.org\/{rel}","templated":true}]}}