{"id":39866,"date":"2023-03-22T05:00:00","date_gmt":"2023-03-22T04:00:00","guid":{"rendered":"https:\/\/www.mzone.cz\/?p=39866"},"modified":"2023-03-18T13:24:32","modified_gmt":"2023-03-18T12:24:32","slug":"reziser-spacek-dokoncuje-film-o-kapele-uz-jsme-doma","status":"publish","type":"post","link":"https:\/\/www.mzone.cz\/en\/reziser-spacek-dokoncuje-film-o-kapele-uz-jsme-doma\/","title":{"rendered":"Re\u017eis\u00e9r Radim \u0160pa\u010dek dokon\u010duje film o kapele U\u017e jsme doma"},"content":{"rendered":"<p><strong>Dr\u017eitel \u010cesk\u00e9ho lva Radim \u0160pa\u010dek dokon\u010duje filmov\u00fd dvojportr\u00e9t l\u00eddra alternativn\u00ed kapely U\u017e jsme doma Miroslava Waneka a jej\u00edho dvorn\u00edho v\u00fdtvarn\u00edka, mal\u00ed\u0159e Martina Vel\u00ed\u0161ka.<\/strong><\/p><br>\n\n\n\n<p>Na celove\u010dern\u00edm dokument\u00e1rn\u00edm filmu <strong>Rozsvi\u0165 sv\u011btlo, a\u0165 je vid\u011bt<\/strong> p\u016fvodn\u011b pracovali re\u017eis\u00e9r V\u00e1clav Ku\u010dera a producent Romek Hanzl\u00edk. Oba tv\u016frci v\u0161ak v roce 2019 zem\u0159eli a sn\u00edmek z\u016fstal nedokon\u010den.<\/p>\n\n\n\n<blockquote class=\"wp-block-quote is-layout-flow wp-block-quote-is-layout-flow\">\n<p>\u201eM\u00e1m jist\u00fd vhled do toho, jak\u00fdm zp\u016fsobem V\u00e1clav Ku\u010dera uva\u017eoval a tvo\u0159il. Z\u00e1rove\u0148 jsem se toho od n\u011bj spoustu nau\u010dil a v\u00fdzvu dokon\u010dit film, kter\u00fd p\u0159ipravoval, beru i jako spl\u00e1tku pomysln\u00e9ho dluhu,\u201c \u0159\u00edk\u00e1 re\u017eis\u00e9r Radim \u0160pa\u010dek.<\/p>\n<\/blockquote>\n\n\n\n<p>Premi\u00e9ra dokument\u00e1rn\u00edho filmu, jen\u017e vznik\u00e1 za podpory St\u00e1tn\u00edho fondu kinematografie a v koprodukci \u010cesk\u00e9 televize pod hlavi\u010dkou produk\u010dn\u00ed spole\u010dnosti KOZA Film, prob\u011bhne v l\u00e9t\u011b leto\u0161n\u00edho roku.<\/p><br>\n\n\n\n<p>Dokument\u00e1rn\u00ed film <strong>Rozsvi\u0165 sv\u011btlo, a\u0165 je vid\u011bt<\/strong> vypr\u00e1v\u00ed na pozad\u00ed v\u00edce ne\u017e p\u011btat\u0159icetilet\u00e9 historie hudebn\u00ed skupiny U\u017e jsme doma siln\u00fd p\u0159\u00edb\u011bh dlouholet\u00e9ho p\u0159\u00e1telstv\u00ed jej\u00edch dvou \u00fast\u0159edn\u00edch osobnost\u00ed \u2013 zp\u011bv\u00e1ka, kytaristy a skladatele Miroslava Waneka a mal\u00ed\u0159e Martina Vel\u00ed\u0161ka, kter\u00fd byl od po\u010d\u00e1tku v\u00fdhradn\u00edm autorem plak\u00e1t\u016f, obal\u016f alb a vizu\u00e1ln\u00ed prezentace kapely.<\/p>\n\n\n\n<blockquote class=\"wp-block-quote is-layout-flow wp-block-quote-is-layout-flow\">\n<p>Zat\u00edmco Wanek nikdy nep\u0159estal rozv\u00edjet svou um\u011bleckou kreativitu a jeho kari\u00e9ra je st\u00e1le na vzestupu, Vel\u00ed\u0161ek sv\u00e9mu talentu ubl\u00ed\u017eil a v letech, kdy film za\u010dal vznikat, se pot\u00fdkal s t\u011b\u017ekou z\u00e1vislost\u00ed na alkoholu.<\/p>\n<\/blockquote>\n\n\n\n<p>Dokument\u00e1rn\u00ed sn\u00edmek sleduje i to, jak rezolutn\u011b se k tomu jeho kolegov\u00e9 ze skupiny U\u017e jsme doma a p\u0159edev\u0161\u00edm Miroslav Wanek postavili. \u201eNest\u00e1v\u00e1 se \u010dasto, \u017ee se n\u011bkdo vzd\u00e1 sv\u00e9ho pohodl\u00ed, aby n\u011bkomu bl\u00edzk\u00e9mu doslova zachr\u00e1nil \u017eivot,\u201c uva\u017euje re\u017eis\u00e9r Radim \u0160pa\u010dek. Dvojportr\u00e9t um\u011blc\u016f s velk\u00fdm tv\u016fr\u010d\u00edm potenci\u00e1lem a rozd\u00edln\u00fdmi \u017eivotn\u00edmi osudy se odv\u00edj\u00ed v r\u00e1mci d\u011bjov\u00e9 linky, zachycuj\u00edc\u00ed jeden rok v \u017eivot\u011b kapely, s reminiscencemi do minulosti v podob\u011b archivn\u00edch z\u00e1b\u011br\u016f z koncert\u016f i dal\u0161\u00edch aktivit protagonist\u016f. Nep\u0159ikr\u00e1\u0161len\u00fd obraz p\u0159\u00e1telstv\u00ed a spolupr\u00e1ce Miroslava Waneka a Martina Vel\u00ed\u0161ka tak sou\u010dasn\u011b reflektuje d\u011bn\u00ed na alternativn\u00ed hudebn\u00ed a v\u00fdtvarn\u00e9 sc\u00e9n\u011b v \u010cesk\u00e9 republice v pr\u016fb\u011bhu posledn\u00edho \u010dtvrtstolet\u00ed.<\/p><br>\n\n\n\n<p><a href=\"https:\/\/uzjsmedoma.com\/\" target=\"_blank\" rel=\"noreferrer noopener\">Kapela U\u017e jsme doma<\/a> je u\u017e od sv\u00fdch za\u010d\u00e1tk\u016f v polovin\u011b 80. let kl\u00ed\u010dovou formac\u00ed dom\u00e1c\u00ed alternativn\u00ed sc\u00e9ny. Hudba skupiny se vyzna\u010duje punkovou nal\u00e9havost\u00ed a nezkrotnou energi\u00ed, ale sou\u010dasn\u011b je kompozi\u010dn\u011b n\u00e1ro\u010dn\u00e1 a podobn\u011b jako v symfonick\u00e9m orchestru hran\u00e1 podle partitury. Neodmyslitelnou sou\u010d\u00e1st\u00ed skladeb jsou existenci\u00e1ln\u00ed texty frontmana, zp\u011bv\u00e1ka, kytaristy a skladatele kapely Miroslava Waneka.<\/p>\n\n\n\n<blockquote class=\"wp-block-quote is-layout-flow wp-block-quote-is-layout-flow\">\n<p>Od 90. let se skupina U\u017e jsme doma prosazuje tak\u00e9 v zahrani\u010d\u00ed. Hr\u00e1la ve v\u00edce ne\u017e \u010dty\u0159iceti zem\u00edch \u010dty\u0159 kontinent\u016f, jen v USA uskute\u010dnila na 700 koncert\u016f a spolupracovala nap\u0159\u00edklad s legend\u00e1rn\u00ed anonymn\u00ed formac\u00ed The Residents.<\/p>\n<\/blockquote>\n\n\n\n<p>Vydala osm \u0159adov\u00fdch alb a n\u011bkolik koncertn\u00edch a v\u00fdb\u011brov\u00fdch nahr\u00e1vek. Jejich hudba je zastoupen\u00e1 na des\u00edtk\u00e1ch kompilac\u00ed po cel\u00e9m sv\u011bt\u011b. Obaly a grafika v\u0161ech alb jsou d\u00edlem nezam\u011bniteln\u00e9ho mal\u00ed\u0159e Martina Vel\u00ed\u0161ka, dvojn\u00e1sobn\u00e9ho dr\u017eitele \u010cesk\u00e9ho lva za v\u00fdtvarn\u00fd po\u010din roku (filmy Fimf\u00e1rum Jana Wericha a Fimf\u00e1rum 2) a autora interi\u00e9ru kultovn\u00ed pra\u017esk\u00e9 hospody U vyst\u0159elen\u00fdho oka.<\/p><br>\n\n\n\n<p>Re\u017eis\u00e9r Radim \u0160pa\u010dek debutoval v roce 1995 celove\u010dern\u00edm filmem Mlad\u00ed mu\u017ei pozn\u00e1vaj\u00ed sv\u011bt, kter\u00fd nato\u010dil v obl\u00e9han\u00e9m Sarajevu. Studia na FAMU zakon\u010dil roku 1998 filmov\u00fdm experimentem Rychl\u00e9 pohyby o\u010d\u00ed. V roce 2009 nato\u010dil psychologick\u00fd thriller Pouta, odehr\u00e1vaj\u00edc\u00ed se v totalitn\u00edm \u010ceskoslovensku, kter\u00fd mu vynesl \u010cesk\u00e9ho lva za nejlep\u0161\u00ed film roku a nejlep\u0161\u00ed re\u017eii. Dal\u0161\u00ed ocen\u011bn\u00ed z\u00edskal film za sc\u00e9n\u00e1\u0159, kameru a v\u00fdkon Ond\u0159eje Mal\u00e9ho v hlavn\u00ed roli. Radim \u0160pa\u010dek d\u00e1le realizoval filmy M\u00edsta (2014) a Zlat\u00fd podraz (2018) a re\u017e\u00edroval i \u010dty\u0159i epizody \u00fasp\u011b\u0161n\u00e9ho seri\u00e1lu Sv\u011bt pod hlavou (2017).<\/p><br>\n\n\n\n<div class=\"wp-block-media-text alignwide is-stacked-on-mobile is-vertically-aligned-top\" style=\"grid-template-columns:22% auto\"><figure class=\"wp-block-media-text__media\"><a href=\"https:\/\/www.mzone.cz\/marek-najbrt-nataci-film-o-legendarnich-tata-bojs\/\"><img loading=\"lazy\" decoding=\"async\" width=\"1024\" height=\"683\" src=\"https:\/\/www.mzone.cz\/wp-content\/uploads\/2022\/10\/Tata-Bojs-1024x683.jpg\" alt=\"Tata Bojs\" class=\"wp-image-38316 size-full\" srcset=\"https:\/\/www.mzone.cz\/wp-content\/uploads\/2022\/10\/Tata-Bojs-1024x683.jpg 1024w, https:\/\/www.mzone.cz\/wp-content\/uploads\/2022\/10\/Tata-Bojs-300x200.jpg 300w, https:\/\/www.mzone.cz\/wp-content\/uploads\/2022\/10\/Tata-Bojs-768x512.jpg 768w, https:\/\/www.mzone.cz\/wp-content\/uploads\/2022\/10\/Tata-Bojs-1536x1025.jpg 1536w, https:\/\/www.mzone.cz\/wp-content\/uploads\/2022\/10\/Tata-Bojs-18x12.jpg 18w, https:\/\/www.mzone.cz\/wp-content\/uploads\/2022\/10\/Tata-Bojs-800x533.jpg 800w, https:\/\/www.mzone.cz\/wp-content\/uploads\/2022\/10\/Tata-Bojs-400x267.jpg 400w, https:\/\/www.mzone.cz\/wp-content\/uploads\/2022\/10\/Tata-Bojs-500x333.jpg 500w, https:\/\/www.mzone.cz\/wp-content\/uploads\/2022\/10\/Tata-Bojs-1170x780.jpg 1170w, https:\/\/www.mzone.cz\/wp-content\/uploads\/2022\/10\/Tata-Bojs-590x394.jpg 590w, https:\/\/www.mzone.cz\/wp-content\/uploads\/2022\/10\/Tata-Bojs.jpg 1646w\" sizes=\"auto, (max-width: 1024px) 100vw, 1024px\" \/><\/a><\/figure><div class=\"wp-block-media-text__content\">\n<h4><a href=\"https:\/\/www.mzone.cz\/marek-najbrt-nataci-film-o-legendarnich-tata-bojs\/\">Marek Najbrt nat\u00e1\u010d\u00ed film o legend\u00e1rn\u00edch Tata Bojs<\/a><\/h4><br>\n<\/div><\/div>","protected":false},"excerpt":{"rendered":"<p>Dr\u017eitel \u010cesk\u00e9ho lva Radim \u0160pa\u010dek dokon\u010duje filmov\u00fd dvojportr\u00e9t l\u00eddra alternativn\u00ed kapely U\u017e jsme doma Miroslava Waneka a jej\u00edho dvorn\u00edho v\u00fdtvarn\u00edka, mal\u00ed\u0159e Martina Vel\u00ed\u0161ka. Na celove\u010dern\u00edm dokument\u00e1rn\u00edm filmu Rozsvi\u0165 sv\u011btlo, a\u0165 je vid\u011bt p\u016fvodn\u011b pracovali re\u017eis\u00e9r V\u00e1clav Ku\u010dera a producent Romek Hanzl\u00edk. Oba tv\u016frci v\u0161ak v roce 2019 zem\u0159eli a sn\u00edmek z\u016fstal nedokon\u010den. \u201eM\u00e1m jist\u00fd vhled [&hellip;]<\/p>\n","protected":false},"author":4,"featured_media":39870,"comment_status":"open","ping_status":"closed","sticky":false,"template":"","format":"standard","meta":{"kk_blocks_editor_width":"","_kiokenblocks_attr":"","_kiokenblocks_dimensions":"","footnotes":""},"categories":[73,76,71],"tags":[5782,2977,541,314,1147,1584,31,5780,5781],"class_list":["post-39866","post","type-post","status-publish","format-standard","has-post-thumbnail","hentry","category-filmy","category-hudba","category-kultura","tag-alternativni-hudba","tag-dokument","tag-film","tag-filmy","tag-hudba","tag-kapela","tag-kultura","tag-radim-spacek","tag-uz-jsme-doma"],"yoast_head":"<!-- This site is optimized with the Yoast SEO plugin v27.5 - https:\/\/yoast.com\/product\/yoast-seo-wordpress\/ -->\n<title>Re\u017eis\u00e9r Radim \u0160pa\u010dek dokon\u010duje film o kapele U\u017e jsme doma - Mzone<\/title>\n<meta name=\"description\" content=\"Dr\u017eitel \u010cesk\u00e9ho lva Radim \u0160pa\u010dek dokon\u010duje filmov\u00fd dvojportr\u00e9t l\u00eddra alternativn\u00ed kapely U\u017e jsme doma Miroslava Waneka a jej\u00edho dvorn\u00edho v\u00fdtvarn\u00edka, mal\u00ed\u0159e Martina Vel\u00ed\u0161ka.\" \/>\n<meta name=\"robots\" content=\"index, follow, max-snippet:-1, max-image-preview:large, max-video-preview:-1\" \/>\n<link rel=\"canonical\" href=\"https:\/\/www.mzone.cz\/en\/reziser-spacek-dokoncuje-film-o-kapele-uz-jsme-doma\/\" \/>\n<meta property=\"og:locale\" content=\"en_US\" \/>\n<meta property=\"og:type\" content=\"article\" \/>\n<meta property=\"og:title\" content=\"Re\u017eis\u00e9r Radim \u0160pa\u010dek dokon\u010duje film o kapele U\u017e jsme doma - Mzone\" \/>\n<meta property=\"og:description\" content=\"Dr\u017eitel \u010cesk\u00e9ho lva Radim \u0160pa\u010dek dokon\u010duje filmov\u00fd dvojportr\u00e9t l\u00eddra alternativn\u00ed kapely U\u017e jsme doma Miroslava Waneka a jej\u00edho dvorn\u00edho v\u00fdtvarn\u00edka, mal\u00ed\u0159e Martina Vel\u00ed\u0161ka.\" \/>\n<meta property=\"og:url\" content=\"https:\/\/www.mzone.cz\/en\/reziser-spacek-dokoncuje-film-o-kapele-uz-jsme-doma\/\" \/>\n<meta property=\"og:site_name\" content=\"Mzone\" \/>\n<meta property=\"article:publisher\" content=\"https:\/\/www.facebook.com\/MzoneCZ\/\" \/>\n<meta property=\"article:published_time\" content=\"2023-03-22T04:00:00+00:00\" \/>\n<meta property=\"og:image\" content=\"https:\/\/www.mzone.cz\/wp-content\/uploads\/2023\/03\/MW-a-MV_m.jpg\" \/>\n\t<meta property=\"og:image:width\" content=\"1800\" \/>\n\t<meta property=\"og:image:height\" content=\"1231\" \/>\n\t<meta property=\"og:image:type\" content=\"image\/jpeg\" \/>\n<meta name=\"author\" content=\"Mzone\" \/>\n<meta name=\"twitter:card\" content=\"summary_large_image\" \/>\n<meta name=\"twitter:label1\" content=\"Written by\" \/>\n\t<meta name=\"twitter:data1\" content=\"Mzone\" \/>\n\t<meta name=\"twitter:label2\" content=\"Est. reading time\" \/>\n\t<meta name=\"twitter:data2\" content=\"4 minutes\" \/>\n<script type=\"application\/ld+json\" class=\"yoast-schema-graph\">{\"@context\":\"https:\\\/\\\/schema.org\",\"@graph\":[{\"@type\":\"Article\",\"@id\":\"https:\\\/\\\/www.mzone.cz\\\/reziser-spacek-dokoncuje-film-o-kapele-uz-jsme-doma\\\/#article\",\"isPartOf\":{\"@id\":\"https:\\\/\\\/www.mzone.cz\\\/reziser-spacek-dokoncuje-film-o-kapele-uz-jsme-doma\\\/\"},\"author\":{\"name\":\"Mzone\",\"@id\":\"https:\\\/\\\/www.mzone.cz\\\/#\\\/schema\\\/person\\\/9bc20cc422a99cac4af6ff9297da32d4\"},\"headline\":\"Re\u017eis\u00e9r Radim \u0160pa\u010dek dokon\u010duje film o kapele U\u017e jsme doma\",\"datePublished\":\"2023-03-22T04:00:00+00:00\",\"mainEntityOfPage\":{\"@id\":\"https:\\\/\\\/www.mzone.cz\\\/reziser-spacek-dokoncuje-film-o-kapele-uz-jsme-doma\\\/\"},\"wordCount\":775,\"commentCount\":0,\"image\":{\"@id\":\"https:\\\/\\\/www.mzone.cz\\\/reziser-spacek-dokoncuje-film-o-kapele-uz-jsme-doma\\\/#primaryimage\"},\"thumbnailUrl\":\"https:\\\/\\\/www.mzone.cz\\\/wp-content\\\/uploads\\\/2023\\\/03\\\/MW-a-MV_m.jpg\",\"keywords\":[\"alternativn\u00ed hudba\",\"dokument\",\"film\",\"Filmy\",\"hudba\",\"kapela\",\"Kultura\",\"Radim \u0160pa\u010dek\",\"U\u017e jsme doma\"],\"articleSection\":[\"Filmy\",\"Hudba\",\"Kultura\"],\"inLanguage\":\"en-US\",\"potentialAction\":[{\"@type\":\"CommentAction\",\"name\":\"Comment\",\"target\":[\"https:\\\/\\\/www.mzone.cz\\\/reziser-spacek-dokoncuje-film-o-kapele-uz-jsme-doma\\\/#respond\"]}]},{\"@type\":\"WebPage\",\"@id\":\"https:\\\/\\\/www.mzone.cz\\\/reziser-spacek-dokoncuje-film-o-kapele-uz-jsme-doma\\\/\",\"url\":\"https:\\\/\\\/www.mzone.cz\\\/reziser-spacek-dokoncuje-film-o-kapele-uz-jsme-doma\\\/\",\"name\":\"Re\u017eis\u00e9r Radim \u0160pa\u010dek dokon\u010duje film o kapele U\u017e jsme doma - Mzone\",\"isPartOf\":{\"@id\":\"https:\\\/\\\/www.mzone.cz\\\/#website\"},\"primaryImageOfPage\":{\"@id\":\"https:\\\/\\\/www.mzone.cz\\\/reziser-spacek-dokoncuje-film-o-kapele-uz-jsme-doma\\\/#primaryimage\"},\"image\":{\"@id\":\"https:\\\/\\\/www.mzone.cz\\\/reziser-spacek-dokoncuje-film-o-kapele-uz-jsme-doma\\\/#primaryimage\"},\"thumbnailUrl\":\"https:\\\/\\\/www.mzone.cz\\\/wp-content\\\/uploads\\\/2023\\\/03\\\/MW-a-MV_m.jpg\",\"datePublished\":\"2023-03-22T04:00:00+00:00\",\"author\":{\"@id\":\"https:\\\/\\\/www.mzone.cz\\\/#\\\/schema\\\/person\\\/9bc20cc422a99cac4af6ff9297da32d4\"},\"description\":\"Dr\u017eitel \u010cesk\u00e9ho lva Radim \u0160pa\u010dek dokon\u010duje filmov\u00fd dvojportr\u00e9t l\u00eddra alternativn\u00ed kapely U\u017e jsme doma Miroslava Waneka a jej\u00edho dvorn\u00edho v\u00fdtvarn\u00edka, mal\u00ed\u0159e Martina Vel\u00ed\u0161ka.\",\"breadcrumb\":{\"@id\":\"https:\\\/\\\/www.mzone.cz\\\/reziser-spacek-dokoncuje-film-o-kapele-uz-jsme-doma\\\/#breadcrumb\"},\"inLanguage\":\"en-US\",\"potentialAction\":[{\"@type\":\"ReadAction\",\"target\":[\"https:\\\/\\\/www.mzone.cz\\\/reziser-spacek-dokoncuje-film-o-kapele-uz-jsme-doma\\\/\"]}]},{\"@type\":\"ImageObject\",\"inLanguage\":\"en-US\",\"@id\":\"https:\\\/\\\/www.mzone.cz\\\/reziser-spacek-dokoncuje-film-o-kapele-uz-jsme-doma\\\/#primaryimage\",\"url\":\"https:\\\/\\\/www.mzone.cz\\\/wp-content\\\/uploads\\\/2023\\\/03\\\/MW-a-MV_m.jpg\",\"contentUrl\":\"https:\\\/\\\/www.mzone.cz\\\/wp-content\\\/uploads\\\/2023\\\/03\\\/MW-a-MV_m.jpg\",\"width\":1800,\"height\":1231,\"caption\":\"U\u017e jsme doma\"},{\"@type\":\"BreadcrumbList\",\"@id\":\"https:\\\/\\\/www.mzone.cz\\\/reziser-spacek-dokoncuje-film-o-kapele-uz-jsme-doma\\\/#breadcrumb\",\"itemListElement\":[{\"@type\":\"ListItem\",\"position\":1,\"name\":\"Dom\u016f\",\"item\":\"https:\\\/\\\/www.mzone.cz\\\/\"},{\"@type\":\"ListItem\",\"position\":2,\"name\":\"Re\u017eis\u00e9r Radim \u0160pa\u010dek dokon\u010duje film o kapele U\u017e jsme doma\"}]},{\"@type\":\"WebSite\",\"@id\":\"https:\\\/\\\/www.mzone.cz\\\/#website\",\"url\":\"https:\\\/\\\/www.mzone.cz\\\/\",\"name\":\"Mzone\",\"description\":\"Magaz\u00edn nejen pro mu\u017ee\",\"potentialAction\":[{\"@type\":\"SearchAction\",\"target\":{\"@type\":\"EntryPoint\",\"urlTemplate\":\"https:\\\/\\\/www.mzone.cz\\\/?s={search_term_string}\"},\"query-input\":{\"@type\":\"PropertyValueSpecification\",\"valueRequired\":true,\"valueName\":\"search_term_string\"}}],\"inLanguage\":\"en-US\"},{\"@type\":\"Person\",\"@id\":\"https:\\\/\\\/www.mzone.cz\\\/#\\\/schema\\\/person\\\/9bc20cc422a99cac4af6ff9297da32d4\",\"name\":\"Mzone\",\"image\":{\"@type\":\"ImageObject\",\"inLanguage\":\"en-US\",\"@id\":\"https:\\\/\\\/secure.gravatar.com\\\/avatar\\\/e780a8630f3182a3d06dd667ab6bea151a0d155b0951bc15fe22633acdac0676?s=96&d=mm&r=g\",\"url\":\"https:\\\/\\\/secure.gravatar.com\\\/avatar\\\/e780a8630f3182a3d06dd667ab6bea151a0d155b0951bc15fe22633acdac0676?s=96&d=mm&r=g\",\"contentUrl\":\"https:\\\/\\\/secure.gravatar.com\\\/avatar\\\/e780a8630f3182a3d06dd667ab6bea151a0d155b0951bc15fe22633acdac0676?s=96&d=mm&r=g\",\"caption\":\"Mzone\"},\"url\":\"https:\\\/\\\/www.mzone.cz\\\/en\\\/author\\\/jakub\\\/\"}]}<\/script>\n<!-- \/ Yoast SEO plugin. -->","yoast_head_json":{"title":"Re\u017eis\u00e9r Radim \u0160pa\u010dek dokon\u010duje film o kapele U\u017e jsme doma - Mzone","description":"Dr\u017eitel \u010cesk\u00e9ho lva Radim \u0160pa\u010dek dokon\u010duje filmov\u00fd dvojportr\u00e9t l\u00eddra alternativn\u00ed kapely U\u017e jsme doma Miroslava Waneka a jej\u00edho dvorn\u00edho v\u00fdtvarn\u00edka, mal\u00ed\u0159e Martina Vel\u00ed\u0161ka.","robots":{"index":"index","follow":"follow","max-snippet":"max-snippet:-1","max-image-preview":"max-image-preview:large","max-video-preview":"max-video-preview:-1"},"canonical":"https:\/\/www.mzone.cz\/en\/reziser-spacek-dokoncuje-film-o-kapele-uz-jsme-doma\/","og_locale":"en_US","og_type":"article","og_title":"Re\u017eis\u00e9r Radim \u0160pa\u010dek dokon\u010duje film o kapele U\u017e jsme doma - Mzone","og_description":"Dr\u017eitel \u010cesk\u00e9ho lva Radim \u0160pa\u010dek dokon\u010duje filmov\u00fd dvojportr\u00e9t l\u00eddra alternativn\u00ed kapely U\u017e jsme doma Miroslava Waneka a jej\u00edho dvorn\u00edho v\u00fdtvarn\u00edka, mal\u00ed\u0159e Martina Vel\u00ed\u0161ka.","og_url":"https:\/\/www.mzone.cz\/en\/reziser-spacek-dokoncuje-film-o-kapele-uz-jsme-doma\/","og_site_name":"Mzone","article_publisher":"https:\/\/www.facebook.com\/MzoneCZ\/","article_published_time":"2023-03-22T04:00:00+00:00","og_image":[{"width":1800,"height":1231,"url":"https:\/\/www.mzone.cz\/wp-content\/uploads\/2023\/03\/MW-a-MV_m.jpg","type":"image\/jpeg"}],"author":"Mzone","twitter_card":"summary_large_image","twitter_misc":{"Written by":"Mzone","Est. reading time":"4 minutes"},"schema":{"@context":"https:\/\/schema.org","@graph":[{"@type":"Article","@id":"https:\/\/www.mzone.cz\/reziser-spacek-dokoncuje-film-o-kapele-uz-jsme-doma\/#article","isPartOf":{"@id":"https:\/\/www.mzone.cz\/reziser-spacek-dokoncuje-film-o-kapele-uz-jsme-doma\/"},"author":{"name":"Mzone","@id":"https:\/\/www.mzone.cz\/#\/schema\/person\/9bc20cc422a99cac4af6ff9297da32d4"},"headline":"Re\u017eis\u00e9r Radim \u0160pa\u010dek dokon\u010duje film o kapele U\u017e jsme doma","datePublished":"2023-03-22T04:00:00+00:00","mainEntityOfPage":{"@id":"https:\/\/www.mzone.cz\/reziser-spacek-dokoncuje-film-o-kapele-uz-jsme-doma\/"},"wordCount":775,"commentCount":0,"image":{"@id":"https:\/\/www.mzone.cz\/reziser-spacek-dokoncuje-film-o-kapele-uz-jsme-doma\/#primaryimage"},"thumbnailUrl":"https:\/\/www.mzone.cz\/wp-content\/uploads\/2023\/03\/MW-a-MV_m.jpg","keywords":["alternativn\u00ed hudba","dokument","film","Filmy","hudba","kapela","Kultura","Radim \u0160pa\u010dek","U\u017e jsme doma"],"articleSection":["Filmy","Hudba","Kultura"],"inLanguage":"en-US","potentialAction":[{"@type":"CommentAction","name":"Comment","target":["https:\/\/www.mzone.cz\/reziser-spacek-dokoncuje-film-o-kapele-uz-jsme-doma\/#respond"]}]},{"@type":"WebPage","@id":"https:\/\/www.mzone.cz\/reziser-spacek-dokoncuje-film-o-kapele-uz-jsme-doma\/","url":"https:\/\/www.mzone.cz\/reziser-spacek-dokoncuje-film-o-kapele-uz-jsme-doma\/","name":"Re\u017eis\u00e9r Radim \u0160pa\u010dek dokon\u010duje film o kapele U\u017e jsme doma - Mzone","isPartOf":{"@id":"https:\/\/www.mzone.cz\/#website"},"primaryImageOfPage":{"@id":"https:\/\/www.mzone.cz\/reziser-spacek-dokoncuje-film-o-kapele-uz-jsme-doma\/#primaryimage"},"image":{"@id":"https:\/\/www.mzone.cz\/reziser-spacek-dokoncuje-film-o-kapele-uz-jsme-doma\/#primaryimage"},"thumbnailUrl":"https:\/\/www.mzone.cz\/wp-content\/uploads\/2023\/03\/MW-a-MV_m.jpg","datePublished":"2023-03-22T04:00:00+00:00","author":{"@id":"https:\/\/www.mzone.cz\/#\/schema\/person\/9bc20cc422a99cac4af6ff9297da32d4"},"description":"Dr\u017eitel \u010cesk\u00e9ho lva Radim \u0160pa\u010dek dokon\u010duje filmov\u00fd dvojportr\u00e9t l\u00eddra alternativn\u00ed kapely U\u017e jsme doma Miroslava Waneka a jej\u00edho dvorn\u00edho v\u00fdtvarn\u00edka, mal\u00ed\u0159e Martina Vel\u00ed\u0161ka.","breadcrumb":{"@id":"https:\/\/www.mzone.cz\/reziser-spacek-dokoncuje-film-o-kapele-uz-jsme-doma\/#breadcrumb"},"inLanguage":"en-US","potentialAction":[{"@type":"ReadAction","target":["https:\/\/www.mzone.cz\/reziser-spacek-dokoncuje-film-o-kapele-uz-jsme-doma\/"]}]},{"@type":"ImageObject","inLanguage":"en-US","@id":"https:\/\/www.mzone.cz\/reziser-spacek-dokoncuje-film-o-kapele-uz-jsme-doma\/#primaryimage","url":"https:\/\/www.mzone.cz\/wp-content\/uploads\/2023\/03\/MW-a-MV_m.jpg","contentUrl":"https:\/\/www.mzone.cz\/wp-content\/uploads\/2023\/03\/MW-a-MV_m.jpg","width":1800,"height":1231,"caption":"U\u017e jsme doma"},{"@type":"BreadcrumbList","@id":"https:\/\/www.mzone.cz\/reziser-spacek-dokoncuje-film-o-kapele-uz-jsme-doma\/#breadcrumb","itemListElement":[{"@type":"ListItem","position":1,"name":"Dom\u016f","item":"https:\/\/www.mzone.cz\/"},{"@type":"ListItem","position":2,"name":"Re\u017eis\u00e9r Radim \u0160pa\u010dek dokon\u010duje film o kapele U\u017e jsme doma"}]},{"@type":"WebSite","@id":"https:\/\/www.mzone.cz\/#website","url":"https:\/\/www.mzone.cz\/","name":"Mzone","description":"Magaz\u00edn nejen pro mu\u017ee","potentialAction":[{"@type":"SearchAction","target":{"@type":"EntryPoint","urlTemplate":"https:\/\/www.mzone.cz\/?s={search_term_string}"},"query-input":{"@type":"PropertyValueSpecification","valueRequired":true,"valueName":"search_term_string"}}],"inLanguage":"en-US"},{"@type":"Person","@id":"https:\/\/www.mzone.cz\/#\/schema\/person\/9bc20cc422a99cac4af6ff9297da32d4","name":"Mzone","image":{"@type":"ImageObject","inLanguage":"en-US","@id":"https:\/\/secure.gravatar.com\/avatar\/e780a8630f3182a3d06dd667ab6bea151a0d155b0951bc15fe22633acdac0676?s=96&d=mm&r=g","url":"https:\/\/secure.gravatar.com\/avatar\/e780a8630f3182a3d06dd667ab6bea151a0d155b0951bc15fe22633acdac0676?s=96&d=mm&r=g","contentUrl":"https:\/\/secure.gravatar.com\/avatar\/e780a8630f3182a3d06dd667ab6bea151a0d155b0951bc15fe22633acdac0676?s=96&d=mm&r=g","caption":"Mzone"},"url":"https:\/\/www.mzone.cz\/en\/author\/jakub\/"}]}},"_links":{"self":[{"href":"https:\/\/www.mzone.cz\/en\/wp-json\/wp\/v2\/posts\/39866","targetHints":{"allow":["GET"]}}],"collection":[{"href":"https:\/\/www.mzone.cz\/en\/wp-json\/wp\/v2\/posts"}],"about":[{"href":"https:\/\/www.mzone.cz\/en\/wp-json\/wp\/v2\/types\/post"}],"author":[{"embeddable":true,"href":"https:\/\/www.mzone.cz\/en\/wp-json\/wp\/v2\/users\/4"}],"replies":[{"embeddable":true,"href":"https:\/\/www.mzone.cz\/en\/wp-json\/wp\/v2\/comments?post=39866"}],"version-history":[{"count":10,"href":"https:\/\/www.mzone.cz\/en\/wp-json\/wp\/v2\/posts\/39866\/revisions"}],"predecessor-version":[{"id":39882,"href":"https:\/\/www.mzone.cz\/en\/wp-json\/wp\/v2\/posts\/39866\/revisions\/39882"}],"wp:featuredmedia":[{"embeddable":true,"href":"https:\/\/www.mzone.cz\/en\/wp-json\/wp\/v2\/media\/39870"}],"wp:attachment":[{"href":"https:\/\/www.mzone.cz\/en\/wp-json\/wp\/v2\/media?parent=39866"}],"wp:term":[{"taxonomy":"category","embeddable":true,"href":"https:\/\/www.mzone.cz\/en\/wp-json\/wp\/v2\/categories?post=39866"},{"taxonomy":"post_tag","embeddable":true,"href":"https:\/\/www.mzone.cz\/en\/wp-json\/wp\/v2\/tags?post=39866"}],"curies":[{"name":"wp","href":"https:\/\/api.w.org\/{rel}","templated":true}]}}