{"id":40052,"date":"2023-04-08T05:00:00","date_gmt":"2023-04-08T03:00:00","guid":{"rendered":"https:\/\/www.mzone.cz\/?p=40052"},"modified":"2023-04-02T16:21:13","modified_gmt":"2023-04-02T14:21:13","slug":"akumulatorove-skutry-a-ctyrkolky-sezona-priprava-zamerte-se-na-baterii","status":"publish","type":"post","link":"https:\/\/www.mzone.cz\/en\/akumulatorove-skutry-a-ctyrkolky-sezona-priprava-zamerte-se-na-baterii\/","title":{"rendered":"P\u0159ipravte akumul\u00e1torov\u00e9 sk\u00fatry a \u010dty\u0159kolky na novou sez\u00f3nu! Zam\u011b\u0159te se na baterii"},"content":{"rendered":"<p><strong>M\u00e1te v gar\u00e1\u017ei zaparkovan\u00fd e-sk\u00fatr nebo aku \u010dty\u0159kolku a netrp\u011bliv\u011b vyhl\u00ed\u017e\u00edte lep\u0161\u00ed po\u010das\u00ed? Neopome\u0148te p\u0159\u00edpravu na novou sez\u00f3nu. Pozornost v\u011bnujte p\u0159edev\u0161\u00edm baterii t\u011bchto stroj\u016f. \u017divotnost akumul\u00e1tor\u016f je omezen\u00e1, spr\u00e1vnou p\u00e9\u010d\u00ed a \u00fadr\u017ebou ji v\u0161ak m\u016f\u017eete v\u00fdrazn\u011b prodlou\u017eit. Naopak jestli\u017ee se o akumul\u00e1tory nebudete starat spr\u00e1vn\u011b, snadno je zlikvidujete ji\u017e za p\u00e1r m\u011bs\u00edc\u016f.<\/strong><\/p><br>\n\n\n\n<p>\u201eElektro \u010dty\u0159kolky a elektro sk\u00fatry jsou v\u011bt\u0161inou nap\u00e1jeny z olov\u011bn\u00fdch akumul\u00e1tor\u016f. Elektrolyt t\u011bchto akumul\u00e1tor\u016f je na z\u00e1klad\u011b gelu. V podstat\u011b maj\u00ed tyto baterie stejn\u00fd z\u00e1klad jako star\u0161\u00ed akumul\u00e1tory s kyselinou, kter\u00e9 se b\u011b\u017en\u011b pou\u017e\u00edvaly v automobilech. Modern\u00ed gelov\u00e9 akumul\u00e1tory v\u0161ak nevysychaj\u00ed. Gelov\u00e9 baterie maj\u00ed mnohem vy\u0161\u0161\u00ed stabilitu a m\u00e9n\u011b se samovoln\u011b vyb\u00edjej\u00ed. P\u0159esto je p\u0159i jejich provozu nutn\u00e9 dodr\u017eovat n\u011bkolik z\u00e1sad,\u201c rad\u00ed Petr Tich\u00fd, specialista s\u00edt\u011b prodejen Hecht. Sou\u010dasn\u00e9 technologie sice umo\u017en\u00ed v\u00fdrobu kvalitn\u00edch akumul\u00e1tor\u016f, ov\u0161em i tyto technologie maj\u00ed sv\u00e1 omezen\u00ed a akumul\u00e1tor proto nen\u00ed nezni\u010diteln\u00fd.<\/p>\n\n\n\n<blockquote class=\"wp-block-quote is-layout-flow wp-block-quote-is-layout-flow\">\n<p>\u017divotnost akumul\u00e1tor\u016f ovliv\u0148uje mnoho aspekt\u016f. P\u0159edev\u0161\u00edm je to pravidelnost dob\u00edjen\u00ed, teplota, ve kter\u00e9 je akumul\u00e1tor provozov\u00e1n, ale i uskladn\u011bn. Akumul\u00e1tory proto nikdy nenech\u00e1vejte dlouho vybit\u00e9. Nejl\u00e9pe je nab\u00edjet ihned po ka\u017ed\u00e9 j\u00edzd\u011b.<\/p>\n<\/blockquote>\n\n\n\n<p>Nikdy je zbyte\u010dn\u011b nenech\u00e1vejte na slunci. V l\u00e9t\u011b se samoz\u0159ejm\u011b p\u0159i j\u00edzd\u011b na rozp\u00e1len\u00e9 silnici ostr\u00e9mu slunci nevyhnete, proto po j\u00edzd\u011b odstavte stroj do st\u00ednu a p\u0159ed za\u010d\u00e1tkem nab\u00edjen\u00ed vy\u010dkejte alespo\u0148 hodinu, ne\u017e akumul\u00e1tory vychladnou. P\u0159i nab\u00edjen\u00ed se toti\u017e akumul\u00e1tory mohou lehce zah\u0159\u00edvat, a pokud byste tedy nab\u00edjeli sluncem rozp\u00e1len\u00fd akumul\u00e1tor, v krajn\u00edm p\u0159\u00edpad\u011b by jej dal\u0161\u00ed zvy\u0161ov\u00e1n\u00ed teploty mohlo trvale po\u0161kodit.<\/p><br>\n\n\n\n<figure class=\"wp-block-image size-full is-resized\"><img loading=\"lazy\" decoding=\"async\" src=\"https:\/\/www.mzone.cz\/wp-content\/uploads\/2023\/04\/EQUIS_detail.jpg\" alt=\"Akumul\u00e1tor\" class=\"wp-image-40055\" width=\"818\" height=\"546\" srcset=\"https:\/\/www.mzone.cz\/wp-content\/uploads\/2023\/04\/EQUIS_detail.jpg 720w, https:\/\/www.mzone.cz\/wp-content\/uploads\/2023\/04\/EQUIS_detail-300x200.jpg 300w, https:\/\/www.mzone.cz\/wp-content\/uploads\/2023\/04\/EQUIS_detail-18x12.jpg 18w, https:\/\/www.mzone.cz\/wp-content\/uploads\/2023\/04\/EQUIS_detail-400x267.jpg 400w, https:\/\/www.mzone.cz\/wp-content\/uploads\/2023\/04\/EQUIS_detail-500x333.jpg 500w, https:\/\/www.mzone.cz\/wp-content\/uploads\/2023\/04\/EQUIS_detail-590x394.jpg 590w\" sizes=\"auto, (max-width: 818px) 100vw, 818px\" \/><\/figure><br>\n\n\n\n<h2 class=\"wp-block-heading\"><strong>Pokud jste akumul\u00e1tor zazimovali<\/strong><\/h2>\n\n\n\n<p>Pokud jste na zimu vyjmuli akumul\u00e1tor, abyste jej ochr\u00e1nili p\u0159ed n\u00e1sledky mraziv\u00e9ho po\u010das\u00ed, sv\u011b\u0159te op\u011btovn\u00e9 uveden\u00ed do provozu nejl\u00e9pe odborn\u00edkovi. Pokud si v\u0161ak na vlo\u017een\u00ed akumul\u00e1toru trouf\u00e1te sami, pamatujte, \u017ee kdy\u017e jej zapoj\u00edte \u0161patn\u011b, povede to pravd\u011bpodobn\u011b ke zni\u010den\u00ed ve\u0161ker\u00e9 elektroniky.<\/p>\n\n\n\n<blockquote class=\"wp-block-quote is-layout-flow wp-block-quote-is-layout-flow\">\n<p>Jak\u00fdkoli z\u00e1sah do zapojen\u00ed d\u011bl\u00e1te na vlastn\u00ed riziko a sami ponesete i p\u0159\u00edpadn\u00e9 n\u00e1sledky. \u017d\u00e1dn\u00fd v\u00fdrobce ani prodejce v\u00e1m toti\u017e neuzn\u00e1 z\u00e1vadu, kterou jste zp\u016fsobili vlastn\u00ed chybou nebo nepozornost\u00ed. P\u0159i zapojen\u00ed je pak obzvl\u00e1\u0161\u0165 d\u016fle\u017eit\u00e9 db\u00e1t na spr\u00e1vnou polaritu, aby nedo\u0161lo k p\u0159ep\u00f3lov\u00e1n\u00ed kontakt\u016f +\/-.<\/p>\n<\/blockquote>\n\n\n\n<h2 class=\"wp-block-heading\"><strong>Akumul\u00e1tory nikdy nenech\u00e1vejte vybit\u00e9<\/strong><\/h2>\n\n\n\n<p>\u201eVybit\u00e1 olov\u011bn\u00e1 baterie sulfatuje. To znamen\u00e1, \u017ee se na elektrod\u00e1ch v akumul\u00e1toru za\u010dnou vytv\u00e1\u0159et krystaly <a href=\"https:\/\/cs.wikipedia.org\/wiki\/S%C3%ADran_olovnat\u00fd\" target=\"_blank\" rel=\"noopener\">s\u00edranu olovnat\u00e9ho<\/a>. N\u00e1sledkem toho doch\u00e1z\u00ed ke sn\u00ed\u017een\u00ed kapacity akumul\u00e1tor\u016f, co\u017e laicky \u0159e\u010deno znamen\u00e1, \u017ee na takto po\u0161kozen\u00fd akumul\u00e1tor ujedete mnohem men\u0161\u00ed vzd\u00e1lenost. Dal\u0161\u00edm negativn\u00edm d\u016fsledkem sulfatace je i n\u00e1r\u016fst vnit\u0159n\u00edho odporu akumul\u00e1toru, n\u00e1sledkem \u010deho\u017e doch\u00e1z\u00ed ke sn\u00ed\u017een\u00ed nap\u011bt\u00ed a proudu. Tedy stroj u\u017e nebude m\u00edt takov\u00fd v\u00fdkon,\u201c \u0159\u00edk\u00e1 Petr Tich\u00fd.<\/p><br>\n\n\n\n<figure class=\"wp-block-image size-full\"><img loading=\"lazy\" decoding=\"async\" width=\"720\" height=\"596\" src=\"https:\/\/www.mzone.cz\/wp-content\/uploads\/2023\/04\/Akumulatorova-ctyrkolka.jpg\" alt=\"Akumul\u00e1torov\u00e1 \u010dty\u0159kolka\" class=\"wp-image-40061\" srcset=\"https:\/\/www.mzone.cz\/wp-content\/uploads\/2023\/04\/Akumulatorova-ctyrkolka.jpg 720w, https:\/\/www.mzone.cz\/wp-content\/uploads\/2023\/04\/Akumulatorova-ctyrkolka-300x248.jpg 300w, https:\/\/www.mzone.cz\/wp-content\/uploads\/2023\/04\/Akumulatorova-ctyrkolka-14x12.jpg 14w, https:\/\/www.mzone.cz\/wp-content\/uploads\/2023\/04\/Akumulatorova-ctyrkolka-590x488.jpg 590w\" sizes=\"auto, (max-width: 720px) 100vw, 720px\" \/><\/figure><br>\n\n\n\n<p>Existuj\u00ed sice nab\u00edje\u010dky, kter\u00e9 dok\u00e1\u017e\u00ed proces sulfatace \u010d\u00e1ste\u010dn\u011b zvr\u00e1tit, p\u016fvodn\u00ed kondici akumul\u00e1tor\u016f v\u0161ak nikdy pln\u011b neobnov\u00ed. Proto je d\u016fle\u017eit\u00e9 sna\u017eit se tomuto jevu maxim\u00e1ln\u011b p\u0159edch\u00e1zet. Akumul\u00e1tory proto nab\u00edjejte v\u017edy, kdy\u017e je to mo\u017en\u00e9. Nap\u0159\u00edklad pokud pou\u017e\u00edv\u00e1te akumul\u00e1torovou \u010dty\u0159kolku p\u0159i pr\u00e1ci na zahrad\u011b, nen\u00ed od v\u011bci ji b\u011bhem pauzy na ob\u011bd p\u0159ipojit k nab\u00edje\u010dce. Jestli\u017ee pou\u017e\u00edv\u00e1te nap\u0159\u00edklad sk\u00fatr k doj\u00ed\u017ed\u011bn\u00ed do zam\u011bstn\u00e1n\u00ed, domluvte se se zam\u011bstnavatelem, zda by bylo mo\u017en\u00e9 nab\u00edjet elektrosk\u00fatr b\u011bhem pracovn\u00ed doby.<\/p><br>\n\n\n\n<h2 class=\"wp-block-heading\"><strong>Nejezd\u011bte na doraz<\/strong><\/h2>\n\n\n\n<p>Olov\u011bn\u00fdm akumul\u00e1tor\u016fm p\u0159\u00edli\u0161 nesv\u011bd\u010d\u00ed ani nadm\u011brn\u00e9 vyb\u00edjen\u00ed. Nen\u00ed-li to nutn\u00e9, zbyte\u010dn\u011b akumul\u00e1tor nevyj\u00ed\u017ed\u011bjte takzvan\u011b \u201ena doraz\u201c. \u201ePokud si od sam\u00e9ho po\u010d\u00e1tku pou\u017e\u00edv\u00e1n\u00ed zvyknete na to, \u017ee akumul\u00e1tory budete pravideln\u011b vyb\u00edjet p\u0159ibli\u017en\u011b na polovinu jejich kapacity a zbytek energie budete ch\u00e1pat sp\u00ed\u0161e jako nouzovou rezervu, \u017eivotnost akumul\u00e1tor\u016f m\u016f\u017eete prodlou\u017eit,\u201c rad\u00ed na z\u00e1v\u011br Petr Tich\u00fd.<\/p><br>\n\n\n\n<div class=\"wp-block-media-text alignwide is-stacked-on-mobile is-vertically-aligned-top\" style=\"grid-template-columns:29% auto\"><figure class=\"wp-block-media-text__media\"><a href=\"https:\/\/www.mzone.cz\/elektro-skutry-pomalu-zacinaji-vytlacovat-benzinove-nabidka-se-stale-rozsiruje\/\"><img loading=\"lazy\" decoding=\"async\" width=\"1024\" height=\"683\" src=\"https:\/\/www.mzone.cz\/wp-content\/uploads\/2022\/02\/Elektricky-skutr-Hecht-Grace-1024x683.jpg\" alt=\"Elektrick\u00fd sk\u00fatr Hecht Grace\" class=\"wp-image-35854 size-full\" srcset=\"https:\/\/www.mzone.cz\/wp-content\/uploads\/2022\/02\/Elektricky-skutr-Hecht-Grace-1024x683.jpg 1024w, https:\/\/www.mzone.cz\/wp-content\/uploads\/2022\/02\/Elektricky-skutr-Hecht-Grace-300x200.jpg 300w, https:\/\/www.mzone.cz\/wp-content\/uploads\/2022\/02\/Elektricky-skutr-Hecht-Grace-768x512.jpg 768w, https:\/\/www.mzone.cz\/wp-content\/uploads\/2022\/02\/Elektricky-skutr-Hecht-Grace-1536x1024.jpg 1536w, https:\/\/www.mzone.cz\/wp-content\/uploads\/2022\/02\/Elektricky-skutr-Hecht-Grace-2048x1365.jpg 2048w, https:\/\/www.mzone.cz\/wp-content\/uploads\/2022\/02\/Elektricky-skutr-Hecht-Grace-18x12.jpg 18w, https:\/\/www.mzone.cz\/wp-content\/uploads\/2022\/02\/Elektricky-skutr-Hecht-Grace-800x533.jpg 800w, https:\/\/www.mzone.cz\/wp-content\/uploads\/2022\/02\/Elektricky-skutr-Hecht-Grace-400x267.jpg 400w, https:\/\/www.mzone.cz\/wp-content\/uploads\/2022\/02\/Elektricky-skutr-Hecht-Grace-500x333.jpg 500w, https:\/\/www.mzone.cz\/wp-content\/uploads\/2022\/02\/Elektricky-skutr-Hecht-Grace-1170x780.jpg 1170w, https:\/\/www.mzone.cz\/wp-content\/uploads\/2022\/02\/Elektricky-skutr-Hecht-Grace-590x393.jpg 590w\" sizes=\"auto, (max-width: 1024px) 100vw, 1024px\" \/><\/a><\/figure><div class=\"wp-block-media-text__content\">\n<h4 class=\"wp-block-heading\"><a href=\"https:\/\/www.mzone.cz\/elektro-skutry-pomalu-zacinaji-vytlacovat-benzinove-nabidka-se-stale-rozsiruje\/\">Elektrosk\u00fatry pomalu za\u010d\u00ednaj\u00ed vytla\u010dovat benz\u00ednov\u00e9, nab\u00eddka se st\u00e1le roz\u0161i\u0159uje<\/a><\/h4><br>\n<\/div><\/div>","protected":false},"excerpt":{"rendered":"<p>M\u00e1te v gar\u00e1\u017ei zaparkovan\u00fd e-sk\u00fatr nebo aku \u010dty\u0159kolku a netrp\u011bliv\u011b vyhl\u00ed\u017e\u00edte lep\u0161\u00ed po\u010das\u00ed? Neopome\u0148te p\u0159\u00edpravu na novou sez\u00f3nu. Pozornost v\u011bnujte p\u0159edev\u0161\u00edm baterii t\u011bchto stroj\u016f. \u017divotnost akumul\u00e1tor\u016f je omezen\u00e1, spr\u00e1vnou p\u00e9\u010d\u00ed a \u00fadr\u017ebou ji v\u0161ak m\u016f\u017eete v\u00fdrazn\u011b prodlou\u017eit. Naopak jestli\u017ee se o akumul\u00e1tory nebudete starat spr\u00e1vn\u011b, snadno je zlikvidujete ji\u017e za p\u00e1r m\u011bs\u00edc\u016f. \u201eElektro \u010dty\u0159kolky a [&hellip;]<\/p>\n","protected":false},"author":4,"featured_media":37449,"comment_status":"open","ping_status":"closed","sticky":false,"template":"","format":"standard","meta":{"kk_blocks_editor_width":"","_kiokenblocks_attr":"","_kiokenblocks_dimensions":"","footnotes":""},"categories":[69,66,65],"tags":[5508,82,462,162,5359,5360,5311,691,692,321,604,1168,141,482,4222,1941,3508,434,797],"class_list":["post-40052","post","type-post","status-publish","format-standard","has-post-thumbnail","hentry","category-auto-moto","category-elektro","category-technika","tag-akumulator","tag-auto","tag-auto-moto","tag-baterie","tag-e-skutr","tag-e-skutry","tag-elektricke-ctyrkolky","tag-elektro","tag-elektromobilita","tag-jaro","tag-moto","tag-priprava","tag-rady","tag-rady-a-tipy","tag-sezona","tag-skutr","tag-skutry","tag-technika","tag-udrzba"],"yoast_head":"<!-- This site is optimized with the Yoast SEO plugin v27.5 - https:\/\/yoast.com\/product\/yoast-seo-wordpress\/ -->\n<title>P\u0159ipravte akumul\u00e1torov\u00e9 sk\u00fatry a \u010dty\u0159kolky na novou sez\u00f3nu! Zam\u011b\u0159te se na baterii - Mzone<\/title>\n<meta name=\"description\" content=\"M\u00e1te v gar\u00e1\u017ei zaparkovan\u00fd e-sk\u00fatr nebo aku \u010dty\u0159kolku a netrp\u011bliv\u011b vyhl\u00ed\u017e\u00edte lep\u0161\u00ed po\u010das\u00ed? Neopome\u0148te p\u0159\u00edpravu na novou sez\u00f3nu. Pozornost v\u011bnujte p\u0159edev\u0161\u00edm baterii t\u011bchto stroj\u016f. \u017divotnost akumul\u00e1tor\u016f je omezen\u00e1, spr\u00e1vnou p\u00e9\u010d\u00ed a \u00fadr\u017ebou ji v\u0161ak m\u016f\u017eete v\u00fdrazn\u011b prodlou\u017eit.\" \/>\n<meta name=\"robots\" content=\"index, follow, max-snippet:-1, max-image-preview:large, max-video-preview:-1\" \/>\n<link rel=\"canonical\" href=\"https:\/\/www.mzone.cz\/en\/akumulatorove-skutry-a-ctyrkolky-sezona-priprava-zamerte-se-na-baterii\/\" \/>\n<meta property=\"og:locale\" content=\"en_US\" \/>\n<meta property=\"og:type\" content=\"article\" \/>\n<meta property=\"og:title\" content=\"P\u0159ipravte akumul\u00e1torov\u00e9 sk\u00fatry a \u010dty\u0159kolky na novou sez\u00f3nu! Zam\u011b\u0159te se na baterii - Mzone\" \/>\n<meta property=\"og:description\" content=\"M\u00e1te v gar\u00e1\u017ei zaparkovan\u00fd e-sk\u00fatr nebo aku \u010dty\u0159kolku a netrp\u011bliv\u011b vyhl\u00ed\u017e\u00edte lep\u0161\u00ed po\u010das\u00ed? Neopome\u0148te p\u0159\u00edpravu na novou sez\u00f3nu. Pozornost v\u011bnujte p\u0159edev\u0161\u00edm baterii t\u011bchto stroj\u016f. \u017divotnost akumul\u00e1tor\u016f je omezen\u00e1, spr\u00e1vnou p\u00e9\u010d\u00ed a \u00fadr\u017ebou ji v\u0161ak m\u016f\u017eete v\u00fdrazn\u011b prodlou\u017eit.\" \/>\n<meta property=\"og:url\" content=\"https:\/\/www.mzone.cz\/en\/akumulatorove-skutry-a-ctyrkolky-sezona-priprava-zamerte-se-na-baterii\/\" \/>\n<meta property=\"og:site_name\" content=\"Mzone\" \/>\n<meta property=\"article:publisher\" content=\"https:\/\/www.facebook.com\/MzoneCZ\/\" \/>\n<meta property=\"article:published_time\" content=\"2023-04-08T03:00:00+00:00\" \/>\n<meta property=\"og:image\" content=\"https:\/\/www.mzone.cz\/wp-content\/uploads\/2022\/07\/Elektroskutr-v-lete-scaled.jpg\" \/>\n\t<meta property=\"og:image:width\" content=\"2560\" \/>\n\t<meta property=\"og:image:height\" content=\"1707\" \/>\n\t<meta property=\"og:image:type\" content=\"image\/jpeg\" \/>\n<meta name=\"author\" content=\"Mzone\" \/>\n<meta name=\"twitter:card\" content=\"summary_large_image\" \/>\n<meta name=\"twitter:label1\" content=\"Written by\" \/>\n\t<meta name=\"twitter:data1\" content=\"Mzone\" \/>\n\t<meta name=\"twitter:label2\" content=\"Est. reading time\" \/>\n\t<meta name=\"twitter:data2\" content=\"4 minutes\" \/>\n<script type=\"application\/ld+json\" class=\"yoast-schema-graph\">{\"@context\":\"https:\\\/\\\/schema.org\",\"@graph\":[{\"@type\":\"Article\",\"@id\":\"https:\\\/\\\/www.mzone.cz\\\/akumulatorove-skutry-a-ctyrkolky-sezona-priprava-zamerte-se-na-baterii\\\/#article\",\"isPartOf\":{\"@id\":\"https:\\\/\\\/www.mzone.cz\\\/akumulatorove-skutry-a-ctyrkolky-sezona-priprava-zamerte-se-na-baterii\\\/\"},\"author\":{\"name\":\"Mzone\",\"@id\":\"https:\\\/\\\/www.mzone.cz\\\/#\\\/schema\\\/person\\\/9bc20cc422a99cac4af6ff9297da32d4\"},\"headline\":\"P\u0159ipravte akumul\u00e1torov\u00e9 sk\u00fatry a \u010dty\u0159kolky na novou sez\u00f3nu! Zam\u011b\u0159te se na baterii\",\"datePublished\":\"2023-04-08T03:00:00+00:00\",\"mainEntityOfPage\":{\"@id\":\"https:\\\/\\\/www.mzone.cz\\\/akumulatorove-skutry-a-ctyrkolky-sezona-priprava-zamerte-se-na-baterii\\\/\"},\"wordCount\":800,\"commentCount\":0,\"image\":{\"@id\":\"https:\\\/\\\/www.mzone.cz\\\/akumulatorove-skutry-a-ctyrkolky-sezona-priprava-zamerte-se-na-baterii\\\/#primaryimage\"},\"thumbnailUrl\":\"https:\\\/\\\/www.mzone.cz\\\/wp-content\\\/uploads\\\/2022\\\/07\\\/Elektroskutr-v-lete-scaled.jpg\",\"keywords\":[\"akumul\u00e1tor\",\"Auto\",\"auto-moto\",\"baterie\",\"e-sk\u00fatr\",\"e-sk\u00fatry\",\"elektrick\u00e9 \u010dty\u0159kolky\",\"elektro\",\"elektromobilita\",\"jaro\",\"moto\",\"p\u0159\u00edprava\",\"rady\",\"rady a tipy\",\"sez\u00f3na\",\"sk\u00fatr\",\"sk\u00fatry\",\"technika\",\"\u00fadr\u017eba\"],\"articleSection\":[\"Auto-moto\",\"Elektro\",\"Technika\"],\"inLanguage\":\"en-US\",\"potentialAction\":[{\"@type\":\"CommentAction\",\"name\":\"Comment\",\"target\":[\"https:\\\/\\\/www.mzone.cz\\\/akumulatorove-skutry-a-ctyrkolky-sezona-priprava-zamerte-se-na-baterii\\\/#respond\"]}]},{\"@type\":\"WebPage\",\"@id\":\"https:\\\/\\\/www.mzone.cz\\\/akumulatorove-skutry-a-ctyrkolky-sezona-priprava-zamerte-se-na-baterii\\\/\",\"url\":\"https:\\\/\\\/www.mzone.cz\\\/akumulatorove-skutry-a-ctyrkolky-sezona-priprava-zamerte-se-na-baterii\\\/\",\"name\":\"P\u0159ipravte akumul\u00e1torov\u00e9 sk\u00fatry a \u010dty\u0159kolky na novou sez\u00f3nu! Zam\u011b\u0159te se na baterii - Mzone\",\"isPartOf\":{\"@id\":\"https:\\\/\\\/www.mzone.cz\\\/#website\"},\"primaryImageOfPage\":{\"@id\":\"https:\\\/\\\/www.mzone.cz\\\/akumulatorove-skutry-a-ctyrkolky-sezona-priprava-zamerte-se-na-baterii\\\/#primaryimage\"},\"image\":{\"@id\":\"https:\\\/\\\/www.mzone.cz\\\/akumulatorove-skutry-a-ctyrkolky-sezona-priprava-zamerte-se-na-baterii\\\/#primaryimage\"},\"thumbnailUrl\":\"https:\\\/\\\/www.mzone.cz\\\/wp-content\\\/uploads\\\/2022\\\/07\\\/Elektroskutr-v-lete-scaled.jpg\",\"datePublished\":\"2023-04-08T03:00:00+00:00\",\"author\":{\"@id\":\"https:\\\/\\\/www.mzone.cz\\\/#\\\/schema\\\/person\\\/9bc20cc422a99cac4af6ff9297da32d4\"},\"description\":\"M\u00e1te v gar\u00e1\u017ei zaparkovan\u00fd e-sk\u00fatr nebo aku \u010dty\u0159kolku a netrp\u011bliv\u011b vyhl\u00ed\u017e\u00edte lep\u0161\u00ed po\u010das\u00ed? Neopome\u0148te p\u0159\u00edpravu na novou sez\u00f3nu. Pozornost v\u011bnujte p\u0159edev\u0161\u00edm baterii t\u011bchto stroj\u016f. \u017divotnost akumul\u00e1tor\u016f je omezen\u00e1, spr\u00e1vnou p\u00e9\u010d\u00ed a \u00fadr\u017ebou ji v\u0161ak m\u016f\u017eete v\u00fdrazn\u011b prodlou\u017eit.\",\"breadcrumb\":{\"@id\":\"https:\\\/\\\/www.mzone.cz\\\/akumulatorove-skutry-a-ctyrkolky-sezona-priprava-zamerte-se-na-baterii\\\/#breadcrumb\"},\"inLanguage\":\"en-US\",\"potentialAction\":[{\"@type\":\"ReadAction\",\"target\":[\"https:\\\/\\\/www.mzone.cz\\\/akumulatorove-skutry-a-ctyrkolky-sezona-priprava-zamerte-se-na-baterii\\\/\"]}]},{\"@type\":\"ImageObject\",\"inLanguage\":\"en-US\",\"@id\":\"https:\\\/\\\/www.mzone.cz\\\/akumulatorove-skutry-a-ctyrkolky-sezona-priprava-zamerte-se-na-baterii\\\/#primaryimage\",\"url\":\"https:\\\/\\\/www.mzone.cz\\\/wp-content\\\/uploads\\\/2022\\\/07\\\/Elektroskutr-v-lete-scaled.jpg\",\"contentUrl\":\"https:\\\/\\\/www.mzone.cz\\\/wp-content\\\/uploads\\\/2022\\\/07\\\/Elektroskutr-v-lete-scaled.jpg\",\"width\":2560,\"height\":1707,\"caption\":\"Elektrosk\u00fatr v l\u00e9t\u011b\"},{\"@type\":\"BreadcrumbList\",\"@id\":\"https:\\\/\\\/www.mzone.cz\\\/akumulatorove-skutry-a-ctyrkolky-sezona-priprava-zamerte-se-na-baterii\\\/#breadcrumb\",\"itemListElement\":[{\"@type\":\"ListItem\",\"position\":1,\"name\":\"Dom\u016f\",\"item\":\"https:\\\/\\\/www.mzone.cz\\\/\"},{\"@type\":\"ListItem\",\"position\":2,\"name\":\"P\u0159ipravte akumul\u00e1torov\u00e9 sk\u00fatry a \u010dty\u0159kolky na novou sez\u00f3nu! Zam\u011b\u0159te se na baterii\"}]},{\"@type\":\"WebSite\",\"@id\":\"https:\\\/\\\/www.mzone.cz\\\/#website\",\"url\":\"https:\\\/\\\/www.mzone.cz\\\/\",\"name\":\"Mzone\",\"description\":\"Magaz\u00edn nejen pro mu\u017ee\",\"potentialAction\":[{\"@type\":\"SearchAction\",\"target\":{\"@type\":\"EntryPoint\",\"urlTemplate\":\"https:\\\/\\\/www.mzone.cz\\\/?s={search_term_string}\"},\"query-input\":{\"@type\":\"PropertyValueSpecification\",\"valueRequired\":true,\"valueName\":\"search_term_string\"}}],\"inLanguage\":\"en-US\"},{\"@type\":\"Person\",\"@id\":\"https:\\\/\\\/www.mzone.cz\\\/#\\\/schema\\\/person\\\/9bc20cc422a99cac4af6ff9297da32d4\",\"name\":\"Mzone\",\"image\":{\"@type\":\"ImageObject\",\"inLanguage\":\"en-US\",\"@id\":\"https:\\\/\\\/secure.gravatar.com\\\/avatar\\\/e780a8630f3182a3d06dd667ab6bea151a0d155b0951bc15fe22633acdac0676?s=96&d=mm&r=g\",\"url\":\"https:\\\/\\\/secure.gravatar.com\\\/avatar\\\/e780a8630f3182a3d06dd667ab6bea151a0d155b0951bc15fe22633acdac0676?s=96&d=mm&r=g\",\"contentUrl\":\"https:\\\/\\\/secure.gravatar.com\\\/avatar\\\/e780a8630f3182a3d06dd667ab6bea151a0d155b0951bc15fe22633acdac0676?s=96&d=mm&r=g\",\"caption\":\"Mzone\"},\"url\":\"https:\\\/\\\/www.mzone.cz\\\/en\\\/author\\\/jakub\\\/\"}]}<\/script>\n<!-- \/ Yoast SEO plugin. -->","yoast_head_json":{"title":"P\u0159ipravte akumul\u00e1torov\u00e9 sk\u00fatry a \u010dty\u0159kolky na novou sez\u00f3nu! Zam\u011b\u0159te se na baterii - Mzone","description":"M\u00e1te v gar\u00e1\u017ei zaparkovan\u00fd e-sk\u00fatr nebo aku \u010dty\u0159kolku a netrp\u011bliv\u011b vyhl\u00ed\u017e\u00edte lep\u0161\u00ed po\u010das\u00ed? Neopome\u0148te p\u0159\u00edpravu na novou sez\u00f3nu. Pozornost v\u011bnujte p\u0159edev\u0161\u00edm baterii t\u011bchto stroj\u016f. \u017divotnost akumul\u00e1tor\u016f je omezen\u00e1, spr\u00e1vnou p\u00e9\u010d\u00ed a \u00fadr\u017ebou ji v\u0161ak m\u016f\u017eete v\u00fdrazn\u011b prodlou\u017eit.","robots":{"index":"index","follow":"follow","max-snippet":"max-snippet:-1","max-image-preview":"max-image-preview:large","max-video-preview":"max-video-preview:-1"},"canonical":"https:\/\/www.mzone.cz\/en\/akumulatorove-skutry-a-ctyrkolky-sezona-priprava-zamerte-se-na-baterii\/","og_locale":"en_US","og_type":"article","og_title":"P\u0159ipravte akumul\u00e1torov\u00e9 sk\u00fatry a \u010dty\u0159kolky na novou sez\u00f3nu! Zam\u011b\u0159te se na baterii - Mzone","og_description":"M\u00e1te v gar\u00e1\u017ei zaparkovan\u00fd e-sk\u00fatr nebo aku \u010dty\u0159kolku a netrp\u011bliv\u011b vyhl\u00ed\u017e\u00edte lep\u0161\u00ed po\u010das\u00ed? Neopome\u0148te p\u0159\u00edpravu na novou sez\u00f3nu. Pozornost v\u011bnujte p\u0159edev\u0161\u00edm baterii t\u011bchto stroj\u016f. \u017divotnost akumul\u00e1tor\u016f je omezen\u00e1, spr\u00e1vnou p\u00e9\u010d\u00ed a \u00fadr\u017ebou ji v\u0161ak m\u016f\u017eete v\u00fdrazn\u011b prodlou\u017eit.","og_url":"https:\/\/www.mzone.cz\/en\/akumulatorove-skutry-a-ctyrkolky-sezona-priprava-zamerte-se-na-baterii\/","og_site_name":"Mzone","article_publisher":"https:\/\/www.facebook.com\/MzoneCZ\/","article_published_time":"2023-04-08T03:00:00+00:00","og_image":[{"width":2560,"height":1707,"url":"https:\/\/www.mzone.cz\/wp-content\/uploads\/2022\/07\/Elektroskutr-v-lete-scaled.jpg","type":"image\/jpeg"}],"author":"Mzone","twitter_card":"summary_large_image","twitter_misc":{"Written by":"Mzone","Est. reading time":"4 minutes"},"schema":{"@context":"https:\/\/schema.org","@graph":[{"@type":"Article","@id":"https:\/\/www.mzone.cz\/akumulatorove-skutry-a-ctyrkolky-sezona-priprava-zamerte-se-na-baterii\/#article","isPartOf":{"@id":"https:\/\/www.mzone.cz\/akumulatorove-skutry-a-ctyrkolky-sezona-priprava-zamerte-se-na-baterii\/"},"author":{"name":"Mzone","@id":"https:\/\/www.mzone.cz\/#\/schema\/person\/9bc20cc422a99cac4af6ff9297da32d4"},"headline":"P\u0159ipravte akumul\u00e1torov\u00e9 sk\u00fatry a \u010dty\u0159kolky na novou sez\u00f3nu! Zam\u011b\u0159te se na baterii","datePublished":"2023-04-08T03:00:00+00:00","mainEntityOfPage":{"@id":"https:\/\/www.mzone.cz\/akumulatorove-skutry-a-ctyrkolky-sezona-priprava-zamerte-se-na-baterii\/"},"wordCount":800,"commentCount":0,"image":{"@id":"https:\/\/www.mzone.cz\/akumulatorove-skutry-a-ctyrkolky-sezona-priprava-zamerte-se-na-baterii\/#primaryimage"},"thumbnailUrl":"https:\/\/www.mzone.cz\/wp-content\/uploads\/2022\/07\/Elektroskutr-v-lete-scaled.jpg","keywords":["akumul\u00e1tor","Auto","auto-moto","baterie","e-sk\u00fatr","e-sk\u00fatry","elektrick\u00e9 \u010dty\u0159kolky","elektro","elektromobilita","jaro","moto","p\u0159\u00edprava","rady","rady a tipy","sez\u00f3na","sk\u00fatr","sk\u00fatry","technika","\u00fadr\u017eba"],"articleSection":["Auto-moto","Elektro","Technika"],"inLanguage":"en-US","potentialAction":[{"@type":"CommentAction","name":"Comment","target":["https:\/\/www.mzone.cz\/akumulatorove-skutry-a-ctyrkolky-sezona-priprava-zamerte-se-na-baterii\/#respond"]}]},{"@type":"WebPage","@id":"https:\/\/www.mzone.cz\/akumulatorove-skutry-a-ctyrkolky-sezona-priprava-zamerte-se-na-baterii\/","url":"https:\/\/www.mzone.cz\/akumulatorove-skutry-a-ctyrkolky-sezona-priprava-zamerte-se-na-baterii\/","name":"P\u0159ipravte akumul\u00e1torov\u00e9 sk\u00fatry a \u010dty\u0159kolky na novou sez\u00f3nu! Zam\u011b\u0159te se na baterii - Mzone","isPartOf":{"@id":"https:\/\/www.mzone.cz\/#website"},"primaryImageOfPage":{"@id":"https:\/\/www.mzone.cz\/akumulatorove-skutry-a-ctyrkolky-sezona-priprava-zamerte-se-na-baterii\/#primaryimage"},"image":{"@id":"https:\/\/www.mzone.cz\/akumulatorove-skutry-a-ctyrkolky-sezona-priprava-zamerte-se-na-baterii\/#primaryimage"},"thumbnailUrl":"https:\/\/www.mzone.cz\/wp-content\/uploads\/2022\/07\/Elektroskutr-v-lete-scaled.jpg","datePublished":"2023-04-08T03:00:00+00:00","author":{"@id":"https:\/\/www.mzone.cz\/#\/schema\/person\/9bc20cc422a99cac4af6ff9297da32d4"},"description":"M\u00e1te v gar\u00e1\u017ei zaparkovan\u00fd e-sk\u00fatr nebo aku \u010dty\u0159kolku a netrp\u011bliv\u011b vyhl\u00ed\u017e\u00edte lep\u0161\u00ed po\u010das\u00ed? Neopome\u0148te p\u0159\u00edpravu na novou sez\u00f3nu. Pozornost v\u011bnujte p\u0159edev\u0161\u00edm baterii t\u011bchto stroj\u016f. \u017divotnost akumul\u00e1tor\u016f je omezen\u00e1, spr\u00e1vnou p\u00e9\u010d\u00ed a \u00fadr\u017ebou ji v\u0161ak m\u016f\u017eete v\u00fdrazn\u011b prodlou\u017eit.","breadcrumb":{"@id":"https:\/\/www.mzone.cz\/akumulatorove-skutry-a-ctyrkolky-sezona-priprava-zamerte-se-na-baterii\/#breadcrumb"},"inLanguage":"en-US","potentialAction":[{"@type":"ReadAction","target":["https:\/\/www.mzone.cz\/akumulatorove-skutry-a-ctyrkolky-sezona-priprava-zamerte-se-na-baterii\/"]}]},{"@type":"ImageObject","inLanguage":"en-US","@id":"https:\/\/www.mzone.cz\/akumulatorove-skutry-a-ctyrkolky-sezona-priprava-zamerte-se-na-baterii\/#primaryimage","url":"https:\/\/www.mzone.cz\/wp-content\/uploads\/2022\/07\/Elektroskutr-v-lete-scaled.jpg","contentUrl":"https:\/\/www.mzone.cz\/wp-content\/uploads\/2022\/07\/Elektroskutr-v-lete-scaled.jpg","width":2560,"height":1707,"caption":"Elektrosk\u00fatr v l\u00e9t\u011b"},{"@type":"BreadcrumbList","@id":"https:\/\/www.mzone.cz\/akumulatorove-skutry-a-ctyrkolky-sezona-priprava-zamerte-se-na-baterii\/#breadcrumb","itemListElement":[{"@type":"ListItem","position":1,"name":"Dom\u016f","item":"https:\/\/www.mzone.cz\/"},{"@type":"ListItem","position":2,"name":"P\u0159ipravte akumul\u00e1torov\u00e9 sk\u00fatry a \u010dty\u0159kolky na novou sez\u00f3nu! Zam\u011b\u0159te se na baterii"}]},{"@type":"WebSite","@id":"https:\/\/www.mzone.cz\/#website","url":"https:\/\/www.mzone.cz\/","name":"Mzone","description":"Magaz\u00edn nejen pro mu\u017ee","potentialAction":[{"@type":"SearchAction","target":{"@type":"EntryPoint","urlTemplate":"https:\/\/www.mzone.cz\/?s={search_term_string}"},"query-input":{"@type":"PropertyValueSpecification","valueRequired":true,"valueName":"search_term_string"}}],"inLanguage":"en-US"},{"@type":"Person","@id":"https:\/\/www.mzone.cz\/#\/schema\/person\/9bc20cc422a99cac4af6ff9297da32d4","name":"Mzone","image":{"@type":"ImageObject","inLanguage":"en-US","@id":"https:\/\/secure.gravatar.com\/avatar\/e780a8630f3182a3d06dd667ab6bea151a0d155b0951bc15fe22633acdac0676?s=96&d=mm&r=g","url":"https:\/\/secure.gravatar.com\/avatar\/e780a8630f3182a3d06dd667ab6bea151a0d155b0951bc15fe22633acdac0676?s=96&d=mm&r=g","contentUrl":"https:\/\/secure.gravatar.com\/avatar\/e780a8630f3182a3d06dd667ab6bea151a0d155b0951bc15fe22633acdac0676?s=96&d=mm&r=g","caption":"Mzone"},"url":"https:\/\/www.mzone.cz\/en\/author\/jakub\/"}]}},"_links":{"self":[{"href":"https:\/\/www.mzone.cz\/en\/wp-json\/wp\/v2\/posts\/40052","targetHints":{"allow":["GET"]}}],"collection":[{"href":"https:\/\/www.mzone.cz\/en\/wp-json\/wp\/v2\/posts"}],"about":[{"href":"https:\/\/www.mzone.cz\/en\/wp-json\/wp\/v2\/types\/post"}],"author":[{"embeddable":true,"href":"https:\/\/www.mzone.cz\/en\/wp-json\/wp\/v2\/users\/4"}],"replies":[{"embeddable":true,"href":"https:\/\/www.mzone.cz\/en\/wp-json\/wp\/v2\/comments?post=40052"}],"version-history":[{"count":14,"href":"https:\/\/www.mzone.cz\/en\/wp-json\/wp\/v2\/posts\/40052\/revisions"}],"predecessor-version":[{"id":40076,"href":"https:\/\/www.mzone.cz\/en\/wp-json\/wp\/v2\/posts\/40052\/revisions\/40076"}],"wp:featuredmedia":[{"embeddable":true,"href":"https:\/\/www.mzone.cz\/en\/wp-json\/wp\/v2\/media\/37449"}],"wp:attachment":[{"href":"https:\/\/www.mzone.cz\/en\/wp-json\/wp\/v2\/media?parent=40052"}],"wp:term":[{"taxonomy":"category","embeddable":true,"href":"https:\/\/www.mzone.cz\/en\/wp-json\/wp\/v2\/categories?post=40052"},{"taxonomy":"post_tag","embeddable":true,"href":"https:\/\/www.mzone.cz\/en\/wp-json\/wp\/v2\/tags?post=40052"}],"curies":[{"name":"wp","href":"https:\/\/api.w.org\/{rel}","templated":true}]}}