{"id":40232,"date":"2023-04-18T05:00:00","date_gmt":"2023-04-18T03:00:00","guid":{"rendered":"https:\/\/www.mzone.cz\/?p=40232"},"modified":"2023-04-17T17:44:19","modified_gmt":"2023-04-17T15:44:19","slug":"portimao-vitezstvi-toyoty","status":"publish","type":"post","link":"https:\/\/www.mzone.cz\/en\/portimao-vitezstvi-toyoty\/","title":{"rendered":"\u0160est hodin v Portim\u00e3o: V\u00fdm\u011bna sn\u00edma\u010de a v\u00edt\u011bzstv\u00ed Toyoty"},"content":{"rendered":"<p><strong>Sout\u011b\u017en\u00ed t\u00fdm Toyota Gazoo Racing si z dramatick\u00e9ho z\u00e1vodu \u0160est hodin v Portim\u00e3o odv\u00e1\u017e\u00ed v\u00edt\u011bzstv\u00ed a st\u00e1le se tak veze na v\u00edt\u011bzn\u00e9 vln\u011b, s n\u00ed\u017e do sv\u011btov\u00e9ho \u0161ampion\u00e1tu vytrvalostn\u00edch sout\u011b\u017e\u00ed FIA 2023 vstoupil.<\/strong><\/p><br>\n\n\n\n<p>Pos\u00e1dka vozu GR010 Hybrid \u010d. 8 ve slo\u017een\u00ed S\u00e9bastien Buemi, Brendon Hartley a Ryo Hirakawa, \u00fa\u0159aduj\u00edc\u00ed mist\u0159i sv\u011bta a v\u00edt\u011bzov\u00e9 z\u00e1vodu Le Mans 2022, odvedli v Portugalsku naprosto bezchybn\u00fd v\u00fdkon, kdy ovl\u00e1dli z\u00e1vod a soupe\u0159\u016fm ve vozech Ferrari \u010d. 50 a Porsche \u010d. 6 nad\u011blili cel\u00e9 kolo.<\/p><br>\n\n\n\n<p>O to bolestiv\u011bj\u0161\u00ed jsou v\u0161ak emoce pos\u00e1dky vozu GR010 Hybrid \u010d. 7 ve slo\u017een\u00ed Mike Conway, Kamui Kobaja\u0161i a Jos\u00e9 Mar\u00eda L\u00f3pez. Po v\u00edt\u011bzstv\u00ed v \u00favodn\u00edm podniku WEC p\u0159ed \u010dty\u0159mi t\u00fddny na Sebringu nyn\u00ed dojeli na dev\u00e1t\u00e9m m\u00edst\u011b v d\u016fsledku 11 ztracen\u00fdch minut kv\u016fli v\u00fdm\u011bn\u011b povinn\u00e9ho sn\u00edma\u010de, kterou na\u0159\u00eddili organiz\u00e1to\u0159i z\u00e1vodu.<\/p>\n\n\n\n<blockquote class=\"wp-block-quote is-layout-flow wp-block-quote-is-layout-flow\">\n<p>T\u00fdm Toyoty vzhledem ke \u010dtvrt\u00e9mu v\u00edt\u011bzstv\u00ed v kategorii hypercar\u016f zvy\u0161uje sv\u016fj n\u00e1skok ve sv\u011btov\u00e9m \u0161ampion\u00e1tu p\u0159ed t\u00fdmem Ferrari na 18 bod\u016f. Do konce sout\u011b\u017ee nyn\u00ed zb\u00fdv\u00e1 celkem p\u011bt kol. S\u00e9bastien, Brendon a Ryo se posouvaj\u00ed do \u010dela \u017eeb\u0159\u00ed\u010dku sout\u011b\u017en\u00edch jezdc\u016f s n\u00e1skokem 11 bod\u016f p\u0159ed pos\u00e1dkou vozu Ferrari \u010d. 50. Na t\u0159et\u00edm m\u00edst\u011b jsou Mike, Kamui a Jos\u00e9 s odstupem dal\u0161\u00edch dvou bod\u016f.<\/p>\n<\/blockquote>\n\n\n\n<p>Nejteplej\u0161\u00ed den sout\u011b\u017en\u00edho v\u00edkendu byl doprov\u00e1zen nem\u00e9n\u011b hork\u00fdm soubojem na trati a t\u011bsnou bitvou mezi ob\u011bma vozy GR010 Hybrid v samotn\u00e9m po\u010d\u00e1tku z\u00e1vodu. V prvn\u00ed zat\u00e1\u010dce se Mike protla\u010dil na prvn\u00ed pozici p\u0159ed S\u00e9bastiena, kter\u00fd se pot\u00e9 propadl na t\u0159et\u00ed m\u00edsto, kdy\u017e se dop\u0159edu dostal i v\u016fz Ferrari \u010d. 51. S\u00e9bastien se v\u0161ak do\u010dkal odplaty ve \u010dtvrt\u00e9m kole, kdy se odv\u00e1\u017en\u00fdm man\u00e9vrem op\u011bt protla\u010dil na druhou pozici.<\/p><br>\n\n\n\n<figure class=\"wp-block-image size-large\"><img loading=\"lazy\" decoding=\"async\" width=\"1024\" height=\"682\" src=\"https:\/\/www.mzone.cz\/wp-content\/uploads\/2023\/04\/wec003-1024x682.jpg\" alt=\"Z\u00e1vod \u0160est hodin v Portim\u00e3o\" class=\"wp-image-40239\" srcset=\"https:\/\/www.mzone.cz\/wp-content\/uploads\/2023\/04\/wec003-1024x682.jpg 1024w, https:\/\/www.mzone.cz\/wp-content\/uploads\/2023\/04\/wec003-300x200.jpg 300w, https:\/\/www.mzone.cz\/wp-content\/uploads\/2023\/04\/wec003-768x512.jpg 768w, https:\/\/www.mzone.cz\/wp-content\/uploads\/2023\/04\/wec003-18x12.jpg 18w, https:\/\/www.mzone.cz\/wp-content\/uploads\/2023\/04\/wec003-800x533.jpg 800w, https:\/\/www.mzone.cz\/wp-content\/uploads\/2023\/04\/wec003-400x267.jpg 400w, https:\/\/www.mzone.cz\/wp-content\/uploads\/2023\/04\/wec003-500x333.jpg 500w, https:\/\/www.mzone.cz\/wp-content\/uploads\/2023\/04\/wec003-1170x780.jpg 1170w, https:\/\/www.mzone.cz\/wp-content\/uploads\/2023\/04\/wec003-590x393.jpg 590w, https:\/\/www.mzone.cz\/wp-content\/uploads\/2023\/04\/wec003.jpg 1280w\" sizes=\"auto, (max-width: 1024px) 100vw, 1024px\" \/><\/figure><br>\n\n\n\n<p>V tom okam\u017eiku vedl Mike o p\u011bt sekund, ale brzy nato dojel vozy ztr\u00e1cej\u00edc\u00ed cel\u00e9 kolo, a S\u00e9bastien tak postupn\u011b sni\u017eoval odstup. Ve 33. kole si oba vozy vym\u011bnily pozici, kr\u00e1tce p\u0159ed prvn\u00edmi zast\u00e1vkami v boxech, kdy se osmi\u010dka dr\u017eela ve veden\u00ed.<\/p>\n\n\n\n<blockquote class=\"wp-block-quote is-layout-flow wp-block-quote-is-layout-flow\">\n<p>Dramatick\u00fd zvrat p\u0159i\u0161el po 80 minut\u00e1ch z\u00e1vodu, kdy byla t\u00fdmu na\u0159\u00edzena v\u00fdm\u011bna sn\u00edma\u010de na lev\u00e9 hnac\u00ed poloose zadn\u00ed n\u00e1pravy vozu GR010 Hybrid \u010d. 7. Podle regul\u00ed pro kategorii hypercar\u016f je v\u00fdkon sledov\u00e1n standardizovan\u00fdmi sn\u00edma\u010di to\u010div\u00e9ho momentu na hnac\u00edch poloos\u00e1ch, a tak musej\u00ed b\u00fdt tyto sn\u00edma\u010de za v\u0161ech okolnost\u00ed funk\u010dn\u00ed.<\/p>\n<\/blockquote>\n\n\n\n<p>V sou\u010dinnosti mechanik\u016f obou pos\u00e1dek se poda\u0159ilo vym\u011bnit celou levou zadn\u00ed \u010d\u00e1st vozu za rekordn\u00edch 11 minut, a tak mohl Jos\u00e9 op\u011bt nastoupit do z\u00e1vodu \u2013 na 34. pozici se ztr\u00e1tou sedmi kol, nicm\u00e9n\u011b s nad\u011bj\u00ed na zisk n\u011bkolika bod\u016f.<\/p><br>\n\n\n\n<figure class=\"wp-block-image size-large\"><img loading=\"lazy\" decoding=\"async\" width=\"1024\" height=\"683\" src=\"https:\/\/www.mzone.cz\/wp-content\/uploads\/2023\/04\/wec002-17-1024x683.jpg\" alt=\"Nap\u00ednav\u00fd z\u00e1vod\" class=\"wp-image-40243\" srcset=\"https:\/\/www.mzone.cz\/wp-content\/uploads\/2023\/04\/wec002-17-1024x683.jpg 1024w, https:\/\/www.mzone.cz\/wp-content\/uploads\/2023\/04\/wec002-17-300x200.jpg 300w, https:\/\/www.mzone.cz\/wp-content\/uploads\/2023\/04\/wec002-17-768x512.jpg 768w, https:\/\/www.mzone.cz\/wp-content\/uploads\/2023\/04\/wec002-17-1536x1024.jpg 1536w, https:\/\/www.mzone.cz\/wp-content\/uploads\/2023\/04\/wec002-17-2048x1365.jpg 2048w, https:\/\/www.mzone.cz\/wp-content\/uploads\/2023\/04\/wec002-17-18x12.jpg 18w, https:\/\/www.mzone.cz\/wp-content\/uploads\/2023\/04\/wec002-17-800x533.jpg 800w, https:\/\/www.mzone.cz\/wp-content\/uploads\/2023\/04\/wec002-17-400x267.jpg 400w, https:\/\/www.mzone.cz\/wp-content\/uploads\/2023\/04\/wec002-17-500x333.jpg 500w, https:\/\/www.mzone.cz\/wp-content\/uploads\/2023\/04\/wec002-17-1170x780.jpg 1170w, https:\/\/www.mzone.cz\/wp-content\/uploads\/2023\/04\/wec002-17-590x393.jpg 590w\" sizes=\"auto, (max-width: 1024px) 100vw, 1024px\" \/><\/figure><br>\n\n\n\n<p>S\u00e9bastien m\u011bl ve stejn\u00e9 dob\u011b p\u016flminutov\u00fd n\u00e1skok p\u0159ed vozem Ferrari \u010d. 50, kter\u00fd si dok\u00e1zal udr\u017eet a\u017e do doby p\u0159ibli\u017en\u011b dv\u011b hodiny po startu, kdy p\u0159ed\u00e1val volant Ryovi.<\/p><br>\n\n\n\n<p>V polovin\u011b z\u00e1vodu p\u0159i dal\u0161\u00edch zast\u00e1vk\u00e1ch v boxech se Ryo dr\u017eel v \u010dele s je\u0161t\u011b vy\u0161\u0161\u00edm n\u00e1skokem, zat\u00edmco Jos\u00e9 se postupn\u011b probojoval na 22. m\u00edsto. Dv\u011b hodiny p\u0159ed koncem se volantu vedouc\u00edho vozu chopil Brendon; do dal\u0161\u00edho boje se sedmi\u010dkou se z\u00e1rove\u0148 pustil Kamui ve snaze z\u00edskat v kategorii hypercar\u016f n\u011bjak\u00e9 body.<\/p>\n\n\n\n<blockquote class=\"wp-block-quote is-layout-flow wp-block-quote-is-layout-flow\">\n<p>Brendon dr\u017eel tempo na \u010dele z\u00e1vodu, a koncem p\u00e1t\u00e9 hodiny dokonce o kolo p\u0159edjel Ferrari pohybuj\u00edc\u00ed se na druh\u00e9m m\u00edst\u011b, \u010d\u00edm\u017e z\u00edskal cenn\u00fd pol\u0161t\u00e1\u0159 pro p\u0159\u00edpad, \u017ee by na tra\u0165 vyj\u00ed\u017ed\u011bl safety car. Tato v\u00fdhoda se hned projevila v praxi, kdy\u017e o n\u011bkolik minut pozd\u011bji havaroval Vanwall a kv\u016fli vyjet\u00ed safety caru se zahustilo sout\u011b\u017en\u00ed pole.<\/p>\n<\/blockquote>\n\n\n\n<p>Kdy\u017e se po 12minutov\u00e9 pauze z\u00e1vod op\u011bt rozjel, mohl Brendon okam\u017eit\u011b zajet na posledn\u00ed n\u00e1v\u0161t\u011bvu do box\u016f kv\u016fli natankov\u00e1n\u00ed, ani\u017e by ztratil pozici na \u010dele, a bezpe\u010dn\u011b tak dojel posledn\u00ed \u00fasek do m\u00e1v\u00e1n\u00ed \u0161achovnicov\u00fdm praporkem po 222 kolech, kdy t\u00fdm z\u00edskal sv\u00e9 41. v\u00edt\u011bzstv\u00ed ze 78. z\u00e1vod\u016f WEC, kter\u00fdch se z\u00fa\u010dastnil. Za volantem sedmi\u010dky dokon\u010dil posledn\u00ed \u00fasek Mike, kter\u00fd v \u00favodn\u00edch \u00fasec\u00edch zaznamenal nejrychlej\u0161\u00ed kolo z\u00e1vodu.<\/p><br>\n\n\n\n<figure class=\"wp-block-image size-large\"><img loading=\"lazy\" decoding=\"async\" width=\"1024\" height=\"682\" src=\"https:\/\/www.mzone.cz\/wp-content\/uploads\/2023\/04\/wec001-1024x682.jpg\" alt=\"\u010clenov\u00e9 t\u00fdmu Toyota Gazoo Racing\" class=\"wp-image-40245\" srcset=\"https:\/\/www.mzone.cz\/wp-content\/uploads\/2023\/04\/wec001-1024x682.jpg 1024w, https:\/\/www.mzone.cz\/wp-content\/uploads\/2023\/04\/wec001-300x200.jpg 300w, https:\/\/www.mzone.cz\/wp-content\/uploads\/2023\/04\/wec001-768x512.jpg 768w, https:\/\/www.mzone.cz\/wp-content\/uploads\/2023\/04\/wec001-18x12.jpg 18w, https:\/\/www.mzone.cz\/wp-content\/uploads\/2023\/04\/wec001-800x533.jpg 800w, https:\/\/www.mzone.cz\/wp-content\/uploads\/2023\/04\/wec001-400x267.jpg 400w, https:\/\/www.mzone.cz\/wp-content\/uploads\/2023\/04\/wec001-500x333.jpg 500w, https:\/\/www.mzone.cz\/wp-content\/uploads\/2023\/04\/wec001-1170x780.jpg 1170w, https:\/\/www.mzone.cz\/wp-content\/uploads\/2023\/04\/wec001-590x393.jpg 590w, https:\/\/www.mzone.cz\/wp-content\/uploads\/2023\/04\/wec001.jpg 1280w\" sizes=\"auto, (max-width: 1024px) 100vw, 1024px\" \/><\/figure><br>\n\n\n\n<p>Sez\u00f3na WEC pokra\u010duje ji\u017e za dva t\u00fddny z\u00e1vodem <a href=\"https:\/\/www.spasixhours.com\/en\/\" target=\"_blank\" rel=\"noopener\">6 hodin ve Spa-Francorchamps<\/a> (sobota 29. dubna), kter\u00fd je posledn\u00edm kolem p\u0159ed jubilejn\u00edm st\u00fdm ro\u010dn\u00edkem z\u00e1vodu 24 hodin Le Mans (10.-11. \u010dervna).<\/p><br>\n\n\n\n<div class=\"wp-block-media-text alignwide is-stacked-on-mobile is-vertically-aligned-top\" style=\"grid-template-columns:23% auto\"><figure class=\"wp-block-media-text__media\"><a href=\"https:\/\/www.mzone.cz\/rallye-mexiko-rekordni-vitezstvi-pro-ogiera\/\"><img loading=\"lazy\" decoding=\"async\" width=\"842\" height=\"561\" src=\"https:\/\/www.mzone.cz\/wp-content\/uploads\/2023\/03\/Rallye-Mexiko.jpg\" alt=\"Rallye Mexiko\" class=\"wp-image-39886 size-full\" srcset=\"https:\/\/www.mzone.cz\/wp-content\/uploads\/2023\/03\/Rallye-Mexiko.jpg 842w, https:\/\/www.mzone.cz\/wp-content\/uploads\/2023\/03\/Rallye-Mexiko-300x200.jpg 300w, https:\/\/www.mzone.cz\/wp-content\/uploads\/2023\/03\/Rallye-Mexiko-768x512.jpg 768w, https:\/\/www.mzone.cz\/wp-content\/uploads\/2023\/03\/Rallye-Mexiko-18x12.jpg 18w, https:\/\/www.mzone.cz\/wp-content\/uploads\/2023\/03\/Rallye-Mexiko-800x533.jpg 800w, https:\/\/www.mzone.cz\/wp-content\/uploads\/2023\/03\/Rallye-Mexiko-400x267.jpg 400w, https:\/\/www.mzone.cz\/wp-content\/uploads\/2023\/03\/Rallye-Mexiko-500x333.jpg 500w, https:\/\/www.mzone.cz\/wp-content\/uploads\/2023\/03\/Rallye-Mexiko-590x393.jpg 590w\" sizes=\"auto, (max-width: 842px) 100vw, 842px\" \/><\/a><\/figure><div class=\"wp-block-media-text__content\">\n<h4 class=\"wp-block-heading\"><a href=\"https:\/\/www.mzone.cz\/rallye-mexiko-rekordni-vitezstvi-pro-ogiera\/\">Rallye Mexiko: Rekordn\u00ed v\u00edt\u011bzstv\u00ed pro Ogiera<\/a><\/h4><br>\n<\/div><\/div>","protected":false},"excerpt":{"rendered":"<p>Sout\u011b\u017en\u00ed t\u00fdm Toyota Gazoo Racing si z dramatick\u00e9ho z\u00e1vodu \u0160est hodin v Portim\u00e3o odv\u00e1\u017e\u00ed v\u00edt\u011bzstv\u00ed a st\u00e1le se tak veze na v\u00edt\u011bzn\u00e9 vln\u011b, s n\u00ed\u017e do sv\u011btov\u00e9ho \u0161ampion\u00e1tu vytrvalostn\u00edch sout\u011b\u017e\u00ed FIA 2023 vstoupil. Pos\u00e1dka vozu GR010 Hybrid \u010d. 8 ve slo\u017een\u00ed S\u00e9bastien Buemi, Brendon Hartley a Ryo Hirakawa, \u00fa\u0159aduj\u00edc\u00ed mist\u0159i sv\u011bta a v\u00edt\u011bzov\u00e9 z\u00e1vodu Le [&hellip;]<\/p>\n","protected":false},"author":4,"featured_media":40235,"comment_status":"open","ping_status":"closed","sticky":false,"template":"","format":"standard","meta":{"kk_blocks_editor_width":"","_kiokenblocks_attr":"","_kiokenblocks_dimensions":"","footnotes":""},"categories":[69,80],"tags":[585,82,462,3934,636,5817,2201,42,735,2907,102],"class_list":["post-40232","post","type-post","status-publish","format-standard","has-post-thumbnail","hentry","category-auto-moto","category-sport","tag-auta","tag-auto","tag-auto-moto","tag-fia","tag-motorsport","tag-portimao","tag-sampionat","tag-sport","tag-zavod","tag-zavodni-vozy","tag-zavody"],"yoast_head":"<!-- This site is optimized with the Yoast SEO plugin v27.5 - https:\/\/yoast.com\/product\/yoast-seo-wordpress\/ -->\n<title>\u0160est hodin v Portim\u00e3o: V\u00fdm\u011bna sn\u00edma\u010de a v\u00edt\u011bzstv\u00ed Toyoty - Mzone<\/title>\n<meta name=\"description\" content=\"Sout\u011b\u017en\u00ed t\u00fdm Toyota Gazoo Racing si z dramatick\u00e9ho z\u00e1vodu \u0160est hodin v Portim\u00e3o odv\u00e1\u017e\u00ed v\u00edt\u011bzstv\u00ed a st\u00e1le se tak veze na v\u00edt\u011bzn\u00e9 vln\u011b, s n\u00ed\u017e do sv\u011btov\u00e9ho \u0161ampion\u00e1tu vytrvalostn\u00edch sout\u011b\u017e\u00ed FIA 2023 vstoupil.\" \/>\n<meta name=\"robots\" content=\"index, follow, max-snippet:-1, max-image-preview:large, max-video-preview:-1\" \/>\n<link rel=\"canonical\" href=\"https:\/\/www.mzone.cz\/en\/portimao-vitezstvi-toyoty\/\" \/>\n<meta property=\"og:locale\" content=\"en_US\" \/>\n<meta property=\"og:type\" content=\"article\" \/>\n<meta property=\"og:title\" content=\"\u0160est hodin v Portim\u00e3o: V\u00fdm\u011bna sn\u00edma\u010de a v\u00edt\u011bzstv\u00ed Toyoty - Mzone\" \/>\n<meta property=\"og:description\" content=\"Sout\u011b\u017en\u00ed t\u00fdm Toyota Gazoo Racing si z dramatick\u00e9ho z\u00e1vodu \u0160est hodin v Portim\u00e3o odv\u00e1\u017e\u00ed v\u00edt\u011bzstv\u00ed a st\u00e1le se tak veze na v\u00edt\u011bzn\u00e9 vln\u011b, s n\u00ed\u017e do sv\u011btov\u00e9ho \u0161ampion\u00e1tu vytrvalostn\u00edch sout\u011b\u017e\u00ed FIA 2023 vstoupil.\" \/>\n<meta property=\"og:url\" content=\"https:\/\/www.mzone.cz\/en\/portimao-vitezstvi-toyoty\/\" \/>\n<meta property=\"og:site_name\" content=\"Mzone\" \/>\n<meta property=\"article:publisher\" content=\"https:\/\/www.facebook.com\/MzoneCZ\/\" \/>\n<meta property=\"article:published_time\" content=\"2023-04-18T03:00:00+00:00\" \/>\n<meta property=\"og:image\" content=\"https:\/\/www.mzone.cz\/wp-content\/uploads\/2023\/04\/Sest-hodin-v-Portimao.jpg\" \/>\n\t<meta property=\"og:image:width\" content=\"1059\" \/>\n\t<meta property=\"og:image:height\" content=\"706\" \/>\n\t<meta property=\"og:image:type\" content=\"image\/jpeg\" \/>\n<meta name=\"author\" content=\"Mzone\" \/>\n<meta name=\"twitter:card\" content=\"summary_large_image\" \/>\n<meta name=\"twitter:label1\" content=\"Written by\" \/>\n\t<meta name=\"twitter:data1\" content=\"Mzone\" \/>\n\t<meta name=\"twitter:label2\" content=\"Est. reading time\" \/>\n\t<meta name=\"twitter:data2\" content=\"5 minutes\" \/>\n<script type=\"application\/ld+json\" class=\"yoast-schema-graph\">{\"@context\":\"https:\\\/\\\/schema.org\",\"@graph\":[{\"@type\":\"Article\",\"@id\":\"https:\\\/\\\/www.mzone.cz\\\/portimao-vitezstvi-toyoty\\\/#article\",\"isPartOf\":{\"@id\":\"https:\\\/\\\/www.mzone.cz\\\/portimao-vitezstvi-toyoty\\\/\"},\"author\":{\"name\":\"Mzone\",\"@id\":\"https:\\\/\\\/www.mzone.cz\\\/#\\\/schema\\\/person\\\/9bc20cc422a99cac4af6ff9297da32d4\"},\"headline\":\"\u0160est hodin v Portim\u00e3o: V\u00fdm\u011bna sn\u00edma\u010de a v\u00edt\u011bzstv\u00ed Toyoty\",\"datePublished\":\"2023-04-18T03:00:00+00:00\",\"mainEntityOfPage\":{\"@id\":\"https:\\\/\\\/www.mzone.cz\\\/portimao-vitezstvi-toyoty\\\/\"},\"wordCount\":855,\"commentCount\":0,\"image\":{\"@id\":\"https:\\\/\\\/www.mzone.cz\\\/portimao-vitezstvi-toyoty\\\/#primaryimage\"},\"thumbnailUrl\":\"https:\\\/\\\/www.mzone.cz\\\/wp-content\\\/uploads\\\/2023\\\/04\\\/Sest-hodin-v-Portimao.jpg\",\"keywords\":[\"auta\",\"Auto\",\"auto-moto\",\"FIA\",\"motorsport\",\"Portim\u00e3o\",\"\u0161ampion\u00e1t\",\"Sport\",\"z\u00e1vod\",\"z\u00e1vodn\u00ed vozy\",\"Z\u00e1vody\"],\"articleSection\":[\"Auto-moto\",\"Sport\"],\"inLanguage\":\"en-US\",\"potentialAction\":[{\"@type\":\"CommentAction\",\"name\":\"Comment\",\"target\":[\"https:\\\/\\\/www.mzone.cz\\\/portimao-vitezstvi-toyoty\\\/#respond\"]}]},{\"@type\":\"WebPage\",\"@id\":\"https:\\\/\\\/www.mzone.cz\\\/portimao-vitezstvi-toyoty\\\/\",\"url\":\"https:\\\/\\\/www.mzone.cz\\\/portimao-vitezstvi-toyoty\\\/\",\"name\":\"\u0160est hodin v Portim\u00e3o: V\u00fdm\u011bna sn\u00edma\u010de a v\u00edt\u011bzstv\u00ed Toyoty - Mzone\",\"isPartOf\":{\"@id\":\"https:\\\/\\\/www.mzone.cz\\\/#website\"},\"primaryImageOfPage\":{\"@id\":\"https:\\\/\\\/www.mzone.cz\\\/portimao-vitezstvi-toyoty\\\/#primaryimage\"},\"image\":{\"@id\":\"https:\\\/\\\/www.mzone.cz\\\/portimao-vitezstvi-toyoty\\\/#primaryimage\"},\"thumbnailUrl\":\"https:\\\/\\\/www.mzone.cz\\\/wp-content\\\/uploads\\\/2023\\\/04\\\/Sest-hodin-v-Portimao.jpg\",\"datePublished\":\"2023-04-18T03:00:00+00:00\",\"author\":{\"@id\":\"https:\\\/\\\/www.mzone.cz\\\/#\\\/schema\\\/person\\\/9bc20cc422a99cac4af6ff9297da32d4\"},\"description\":\"Sout\u011b\u017en\u00ed t\u00fdm Toyota Gazoo Racing si z dramatick\u00e9ho z\u00e1vodu \u0160est hodin v Portim\u00e3o odv\u00e1\u017e\u00ed v\u00edt\u011bzstv\u00ed a st\u00e1le se tak veze na v\u00edt\u011bzn\u00e9 vln\u011b, s n\u00ed\u017e do sv\u011btov\u00e9ho \u0161ampion\u00e1tu vytrvalostn\u00edch sout\u011b\u017e\u00ed FIA 2023 vstoupil.\",\"breadcrumb\":{\"@id\":\"https:\\\/\\\/www.mzone.cz\\\/portimao-vitezstvi-toyoty\\\/#breadcrumb\"},\"inLanguage\":\"en-US\",\"potentialAction\":[{\"@type\":\"ReadAction\",\"target\":[\"https:\\\/\\\/www.mzone.cz\\\/portimao-vitezstvi-toyoty\\\/\"]}]},{\"@type\":\"ImageObject\",\"inLanguage\":\"en-US\",\"@id\":\"https:\\\/\\\/www.mzone.cz\\\/portimao-vitezstvi-toyoty\\\/#primaryimage\",\"url\":\"https:\\\/\\\/www.mzone.cz\\\/wp-content\\\/uploads\\\/2023\\\/04\\\/Sest-hodin-v-Portimao.jpg\",\"contentUrl\":\"https:\\\/\\\/www.mzone.cz\\\/wp-content\\\/uploads\\\/2023\\\/04\\\/Sest-hodin-v-Portimao.jpg\",\"width\":1059,\"height\":706,\"caption\":\"\u0160est hodin v Portim\u00e3o\"},{\"@type\":\"BreadcrumbList\",\"@id\":\"https:\\\/\\\/www.mzone.cz\\\/portimao-vitezstvi-toyoty\\\/#breadcrumb\",\"itemListElement\":[{\"@type\":\"ListItem\",\"position\":1,\"name\":\"Dom\u016f\",\"item\":\"https:\\\/\\\/www.mzone.cz\\\/\"},{\"@type\":\"ListItem\",\"position\":2,\"name\":\"\u0160est hodin v Portim\u00e3o: V\u00fdm\u011bna sn\u00edma\u010de a v\u00edt\u011bzstv\u00ed Toyoty\"}]},{\"@type\":\"WebSite\",\"@id\":\"https:\\\/\\\/www.mzone.cz\\\/#website\",\"url\":\"https:\\\/\\\/www.mzone.cz\\\/\",\"name\":\"Mzone\",\"description\":\"Magaz\u00edn nejen pro mu\u017ee\",\"potentialAction\":[{\"@type\":\"SearchAction\",\"target\":{\"@type\":\"EntryPoint\",\"urlTemplate\":\"https:\\\/\\\/www.mzone.cz\\\/?s={search_term_string}\"},\"query-input\":{\"@type\":\"PropertyValueSpecification\",\"valueRequired\":true,\"valueName\":\"search_term_string\"}}],\"inLanguage\":\"en-US\"},{\"@type\":\"Person\",\"@id\":\"https:\\\/\\\/www.mzone.cz\\\/#\\\/schema\\\/person\\\/9bc20cc422a99cac4af6ff9297da32d4\",\"name\":\"Mzone\",\"image\":{\"@type\":\"ImageObject\",\"inLanguage\":\"en-US\",\"@id\":\"https:\\\/\\\/secure.gravatar.com\\\/avatar\\\/e780a8630f3182a3d06dd667ab6bea151a0d155b0951bc15fe22633acdac0676?s=96&d=mm&r=g\",\"url\":\"https:\\\/\\\/secure.gravatar.com\\\/avatar\\\/e780a8630f3182a3d06dd667ab6bea151a0d155b0951bc15fe22633acdac0676?s=96&d=mm&r=g\",\"contentUrl\":\"https:\\\/\\\/secure.gravatar.com\\\/avatar\\\/e780a8630f3182a3d06dd667ab6bea151a0d155b0951bc15fe22633acdac0676?s=96&d=mm&r=g\",\"caption\":\"Mzone\"},\"url\":\"https:\\\/\\\/www.mzone.cz\\\/en\\\/author\\\/jakub\\\/\"}]}<\/script>\n<!-- \/ Yoast SEO plugin. -->","yoast_head_json":{"title":"\u0160est hodin v Portim\u00e3o: V\u00fdm\u011bna sn\u00edma\u010de a v\u00edt\u011bzstv\u00ed Toyoty - Mzone","description":"Sout\u011b\u017en\u00ed t\u00fdm Toyota Gazoo Racing si z dramatick\u00e9ho z\u00e1vodu \u0160est hodin v Portim\u00e3o odv\u00e1\u017e\u00ed v\u00edt\u011bzstv\u00ed a st\u00e1le se tak veze na v\u00edt\u011bzn\u00e9 vln\u011b, s n\u00ed\u017e do sv\u011btov\u00e9ho \u0161ampion\u00e1tu vytrvalostn\u00edch sout\u011b\u017e\u00ed FIA 2023 vstoupil.","robots":{"index":"index","follow":"follow","max-snippet":"max-snippet:-1","max-image-preview":"max-image-preview:large","max-video-preview":"max-video-preview:-1"},"canonical":"https:\/\/www.mzone.cz\/en\/portimao-vitezstvi-toyoty\/","og_locale":"en_US","og_type":"article","og_title":"\u0160est hodin v Portim\u00e3o: V\u00fdm\u011bna sn\u00edma\u010de a v\u00edt\u011bzstv\u00ed Toyoty - Mzone","og_description":"Sout\u011b\u017en\u00ed t\u00fdm Toyota Gazoo Racing si z dramatick\u00e9ho z\u00e1vodu \u0160est hodin v Portim\u00e3o odv\u00e1\u017e\u00ed v\u00edt\u011bzstv\u00ed a st\u00e1le se tak veze na v\u00edt\u011bzn\u00e9 vln\u011b, s n\u00ed\u017e do sv\u011btov\u00e9ho \u0161ampion\u00e1tu vytrvalostn\u00edch sout\u011b\u017e\u00ed FIA 2023 vstoupil.","og_url":"https:\/\/www.mzone.cz\/en\/portimao-vitezstvi-toyoty\/","og_site_name":"Mzone","article_publisher":"https:\/\/www.facebook.com\/MzoneCZ\/","article_published_time":"2023-04-18T03:00:00+00:00","og_image":[{"width":1059,"height":706,"url":"https:\/\/www.mzone.cz\/wp-content\/uploads\/2023\/04\/Sest-hodin-v-Portimao.jpg","type":"image\/jpeg"}],"author":"Mzone","twitter_card":"summary_large_image","twitter_misc":{"Written by":"Mzone","Est. reading time":"5 minutes"},"schema":{"@context":"https:\/\/schema.org","@graph":[{"@type":"Article","@id":"https:\/\/www.mzone.cz\/portimao-vitezstvi-toyoty\/#article","isPartOf":{"@id":"https:\/\/www.mzone.cz\/portimao-vitezstvi-toyoty\/"},"author":{"name":"Mzone","@id":"https:\/\/www.mzone.cz\/#\/schema\/person\/9bc20cc422a99cac4af6ff9297da32d4"},"headline":"\u0160est hodin v Portim\u00e3o: V\u00fdm\u011bna sn\u00edma\u010de a v\u00edt\u011bzstv\u00ed Toyoty","datePublished":"2023-04-18T03:00:00+00:00","mainEntityOfPage":{"@id":"https:\/\/www.mzone.cz\/portimao-vitezstvi-toyoty\/"},"wordCount":855,"commentCount":0,"image":{"@id":"https:\/\/www.mzone.cz\/portimao-vitezstvi-toyoty\/#primaryimage"},"thumbnailUrl":"https:\/\/www.mzone.cz\/wp-content\/uploads\/2023\/04\/Sest-hodin-v-Portimao.jpg","keywords":["auta","Auto","auto-moto","FIA","motorsport","Portim\u00e3o","\u0161ampion\u00e1t","Sport","z\u00e1vod","z\u00e1vodn\u00ed vozy","Z\u00e1vody"],"articleSection":["Auto-moto","Sport"],"inLanguage":"en-US","potentialAction":[{"@type":"CommentAction","name":"Comment","target":["https:\/\/www.mzone.cz\/portimao-vitezstvi-toyoty\/#respond"]}]},{"@type":"WebPage","@id":"https:\/\/www.mzone.cz\/portimao-vitezstvi-toyoty\/","url":"https:\/\/www.mzone.cz\/portimao-vitezstvi-toyoty\/","name":"\u0160est hodin v Portim\u00e3o: V\u00fdm\u011bna sn\u00edma\u010de a v\u00edt\u011bzstv\u00ed Toyoty - Mzone","isPartOf":{"@id":"https:\/\/www.mzone.cz\/#website"},"primaryImageOfPage":{"@id":"https:\/\/www.mzone.cz\/portimao-vitezstvi-toyoty\/#primaryimage"},"image":{"@id":"https:\/\/www.mzone.cz\/portimao-vitezstvi-toyoty\/#primaryimage"},"thumbnailUrl":"https:\/\/www.mzone.cz\/wp-content\/uploads\/2023\/04\/Sest-hodin-v-Portimao.jpg","datePublished":"2023-04-18T03:00:00+00:00","author":{"@id":"https:\/\/www.mzone.cz\/#\/schema\/person\/9bc20cc422a99cac4af6ff9297da32d4"},"description":"Sout\u011b\u017en\u00ed t\u00fdm Toyota Gazoo Racing si z dramatick\u00e9ho z\u00e1vodu \u0160est hodin v Portim\u00e3o odv\u00e1\u017e\u00ed v\u00edt\u011bzstv\u00ed a st\u00e1le se tak veze na v\u00edt\u011bzn\u00e9 vln\u011b, s n\u00ed\u017e do sv\u011btov\u00e9ho \u0161ampion\u00e1tu vytrvalostn\u00edch sout\u011b\u017e\u00ed FIA 2023 vstoupil.","breadcrumb":{"@id":"https:\/\/www.mzone.cz\/portimao-vitezstvi-toyoty\/#breadcrumb"},"inLanguage":"en-US","potentialAction":[{"@type":"ReadAction","target":["https:\/\/www.mzone.cz\/portimao-vitezstvi-toyoty\/"]}]},{"@type":"ImageObject","inLanguage":"en-US","@id":"https:\/\/www.mzone.cz\/portimao-vitezstvi-toyoty\/#primaryimage","url":"https:\/\/www.mzone.cz\/wp-content\/uploads\/2023\/04\/Sest-hodin-v-Portimao.jpg","contentUrl":"https:\/\/www.mzone.cz\/wp-content\/uploads\/2023\/04\/Sest-hodin-v-Portimao.jpg","width":1059,"height":706,"caption":"\u0160est hodin v Portim\u00e3o"},{"@type":"BreadcrumbList","@id":"https:\/\/www.mzone.cz\/portimao-vitezstvi-toyoty\/#breadcrumb","itemListElement":[{"@type":"ListItem","position":1,"name":"Dom\u016f","item":"https:\/\/www.mzone.cz\/"},{"@type":"ListItem","position":2,"name":"\u0160est hodin v Portim\u00e3o: V\u00fdm\u011bna sn\u00edma\u010de a v\u00edt\u011bzstv\u00ed Toyoty"}]},{"@type":"WebSite","@id":"https:\/\/www.mzone.cz\/#website","url":"https:\/\/www.mzone.cz\/","name":"Mzone","description":"Magaz\u00edn nejen pro mu\u017ee","potentialAction":[{"@type":"SearchAction","target":{"@type":"EntryPoint","urlTemplate":"https:\/\/www.mzone.cz\/?s={search_term_string}"},"query-input":{"@type":"PropertyValueSpecification","valueRequired":true,"valueName":"search_term_string"}}],"inLanguage":"en-US"},{"@type":"Person","@id":"https:\/\/www.mzone.cz\/#\/schema\/person\/9bc20cc422a99cac4af6ff9297da32d4","name":"Mzone","image":{"@type":"ImageObject","inLanguage":"en-US","@id":"https:\/\/secure.gravatar.com\/avatar\/e780a8630f3182a3d06dd667ab6bea151a0d155b0951bc15fe22633acdac0676?s=96&d=mm&r=g","url":"https:\/\/secure.gravatar.com\/avatar\/e780a8630f3182a3d06dd667ab6bea151a0d155b0951bc15fe22633acdac0676?s=96&d=mm&r=g","contentUrl":"https:\/\/secure.gravatar.com\/avatar\/e780a8630f3182a3d06dd667ab6bea151a0d155b0951bc15fe22633acdac0676?s=96&d=mm&r=g","caption":"Mzone"},"url":"https:\/\/www.mzone.cz\/en\/author\/jakub\/"}]}},"_links":{"self":[{"href":"https:\/\/www.mzone.cz\/en\/wp-json\/wp\/v2\/posts\/40232","targetHints":{"allow":["GET"]}}],"collection":[{"href":"https:\/\/www.mzone.cz\/en\/wp-json\/wp\/v2\/posts"}],"about":[{"href":"https:\/\/www.mzone.cz\/en\/wp-json\/wp\/v2\/types\/post"}],"author":[{"embeddable":true,"href":"https:\/\/www.mzone.cz\/en\/wp-json\/wp\/v2\/users\/4"}],"replies":[{"embeddable":true,"href":"https:\/\/www.mzone.cz\/en\/wp-json\/wp\/v2\/comments?post=40232"}],"version-history":[{"count":8,"href":"https:\/\/www.mzone.cz\/en\/wp-json\/wp\/v2\/posts\/40232\/revisions"}],"predecessor-version":[{"id":40251,"href":"https:\/\/www.mzone.cz\/en\/wp-json\/wp\/v2\/posts\/40232\/revisions\/40251"}],"wp:featuredmedia":[{"embeddable":true,"href":"https:\/\/www.mzone.cz\/en\/wp-json\/wp\/v2\/media\/40235"}],"wp:attachment":[{"href":"https:\/\/www.mzone.cz\/en\/wp-json\/wp\/v2\/media?parent=40232"}],"wp:term":[{"taxonomy":"category","embeddable":true,"href":"https:\/\/www.mzone.cz\/en\/wp-json\/wp\/v2\/categories?post=40232"},{"taxonomy":"post_tag","embeddable":true,"href":"https:\/\/www.mzone.cz\/en\/wp-json\/wp\/v2\/tags?post=40232"}],"curies":[{"name":"wp","href":"https:\/\/api.w.org\/{rel}","templated":true}]}}