{"id":40254,"date":"2023-04-22T21:54:01","date_gmt":"2023-04-22T19:54:01","guid":{"rendered":"https:\/\/www.mzone.cz\/?p=40254"},"modified":"2023-04-22T21:56:43","modified_gmt":"2023-04-22T19:56:43","slug":"jak-na-barvy-v-interieru-vime-to","status":"publish","type":"post","link":"https:\/\/www.mzone.cz\/en\/jak-na-barvy-v-interieru-vime-to\/","title":{"rendered":"Jak na barvy v interi\u00e9ru? V\u00edme to!"},"content":{"rendered":"<p><strong>Jaru v\u00e9vod\u00ed nejen zelen\u00e1, ale i cel\u00e1 \u0159ada dal\u0161\u00edch barev. Nej\u010dast\u011bji jsou za jarn\u00ed barvy pova\u017eov\u00e1ny krom\u011b zelen\u00e9 tak\u00e9 \u017elut\u00e1, nebo oran\u017eov\u00e1, nemus\u00edte se ale b\u00e1t ani pastelov\u00e9 r\u016f\u017eov\u00e9 \u010di modr\u00e9. Jde o to, aby byly barvy vesel\u00e9 a hrav\u00e9. Jaro je obdob\u00ed probouzen\u00ed p\u0159\u00edrody, nov\u00e9 energie a pr\u00e1v\u011b tu chceme dostat i do va\u0161eho interi\u00e9ru. Za symbol energie jsou v\u011bt\u0161inou pova\u017eov\u00e1ny barvy jako \u010derven\u00e1 a oran\u017eov\u00e1, kter\u00e9 v\u00e1s rozproud\u00ed. Ty je v\u0161ak vhodn\u00e9 pou\u017e\u00edt jen do n\u011bkter\u00fdch m\u00edstnost\u00ed. Tam, kde chcete odpo\u010d\u00edvat, je rad\u011bji nelepte.<\/strong><\/p><br>\n\n\n\n<p>Samoz\u0159ejm\u011b jsou lid\u00e9, kter\u00fdm ani v\u00fdrazn\u011bj\u0161\u00ed barvy \u010di vzory nedok\u00e1\u017eou zabr\u00e1nit, aby se v klidu vyspali. Pokud pat\u0159\u00edte mezi takov\u00e9, tak si klidn\u011b m\u016f\u017eete lo\u017enici\u00a0<a href=\"https:\/\/www.tapeta-dekorace.cz\/tapety-na-zed\" target=\"_blank\" rel=\"noreferrer noopener\">vytapetovat<\/a> na\u010derveno. Obvykle se ale \u010derven\u00e1 v lo\u017enic\u00edch p\u0159\u00edli\u0161 nevyskytuje. Tam se mnohem l\u00e9pe vyj\u00edmaj\u00ed sv\u011btl\u00e9 barvy, zejm\u00e9na b\u00edl\u00e1, \u017elut\u00e1, fialkov\u00e1. Vzor je \u010dist\u011b na v\u00e1s, vyb\u00edrejte podle va\u0161eho vkusu a tak\u00e9 za\u0159\u00edzen\u00ed m\u00edstnosti, aby v\u00e1m s n\u00edm vzor i barva ladily, a vytvo\u0159ili jste si tak p\u0159\u00edjemn\u00e9 prost\u0159ed\u00ed pro relaxaci. Pastelov\u00e1 zelen\u00e1 i modr\u00e9 t\u00f3ny jsou z\u00e1rove\u0148 uklid\u0148uj\u00edc\u00ed, ale tak\u00e9 podporuj\u00ed soust\u0159ed\u011bn\u00ed a jsou sv\u011b\u017e\u00ed.<\/p>\n\n\n\n<blockquote class=\"wp-block-quote is-layout-flow wp-block-quote-is-layout-flow\">\n<p>Budete-li vyb\u00edrat tapetu do va\u0161eho pokoje, nejprve zva\u017ete, co v dan\u00e9m pokoji d\u011bl\u00e1te a jak\u00e1 barva ho tedy nejl\u00e9pe podtrhne. Vezm\u011bte tak\u00e9 v \u00favahu za\u0159\u00edzen\u00ed pokoje, styl, pou\u017eit\u00e9 vzory a barvy, aby k nim tapeta ladila.<\/p>\n<\/blockquote>\n\n\n\n<figure class=\"wp-block-image size-large\"><img loading=\"lazy\" decoding=\"async\" width=\"1024\" height=\"682\" src=\"https:\/\/www.mzone.cz\/wp-content\/uploads\/2023\/04\/pexels-e\u009a\u0094a\u0081a\u0085\u0089a\u00a4\u00b4e\u0080\u0081c\u008e\u008b-wangmingphoto-354939-1024x682.jpg\" alt=\"\" class=\"Twp-image-40265\" srcset=\"https:\/\/www.mzone.cz\/wp-content\/uploads\/2023\/04\/pexels-e\u009a\u0094a\u0081a\u0085\u0089a\u00a4\u00b4e\u0080\u0081c\u008e\u008b-wangmingphoto-354939-1024x682.jpg 1024w, https:\/\/www.mzone.cz\/wp-content\/uploads\/2023\/04\/pexels-e\u009a\u0094a\u0081a\u0085\u0089a\u00a4\u00b4e\u0080\u0081c\u008e\u008b-wangmingphoto-354939-300x200.jpg 300w, https:\/\/www.mzone.cz\/wp-content\/uploads\/2023\/04\/pexels-e\u009a\u0094a\u0081a\u0085\u0089a\u00a4\u00b4e\u0080\u0081c\u008e\u008b-wangmingphoto-354939-768x512.jpg 768w, https:\/\/www.mzone.cz\/wp-content\/uploads\/2023\/04\/pexels-e\u009a\u0094a\u0081a\u0085\u0089a\u00a4\u00b4e\u0080\u0081c\u008e\u008b-wangmingphoto-354939-18x12.jpg 18w, https:\/\/www.mzone.cz\/wp-content\/uploads\/2023\/04\/pexels-e\u009a\u0094a\u0081a\u0085\u0089a\u00a4\u00b4e\u0080\u0081c\u008e\u008b-wangmingphoto-354939-800x533.jpg 800w, https:\/\/www.mzone.cz\/wp-content\/uploads\/2023\/04\/pexels-e\u009a\u0094a\u0081a\u0085\u0089a\u00a4\u00b4e\u0080\u0081c\u008e\u008b-wangmingphoto-354939-400x267.jpg 400w, https:\/\/www.mzone.cz\/wp-content\/uploads\/2023\/04\/pexels-e\u009a\u0094a\u0081a\u0085\u0089a\u00a4\u00b4e\u0080\u0081c\u008e\u008b-wangmingphoto-354939-500x333.jpg 500w, https:\/\/www.mzone.cz\/wp-content\/uploads\/2023\/04\/pexels-e\u009a\u0094a\u0081a\u0085\u0089a\u00a4\u00b4e\u0080\u0081c\u008e\u008b-wangmingphoto-354939-1170x780.jpg 1170w, https:\/\/www.mzone.cz\/wp-content\/uploads\/2023\/04\/pexels-e\u009a\u0094a\u0081a\u0085\u0089a\u00a4\u00b4e\u0080\u0081c\u008e\u008b-wangmingphoto-354939-590x393.jpg 590w, https:\/\/www.mzone.cz\/wp-content\/uploads\/2023\/04\/pexels-e\u009a\u0094a\u0081a\u0085\u0089a\u00a4\u00b4e\u0080\u0081c\u008e\u008b-wangmingphoto-354939.jpg 1280w\" sizes=\"auto, (max-width: 1024px) 100vw, 1024px\" \/><\/figure><br>\n\n\n\n<p>M\u00e1te r\u00e1di p\u0159\u00edrodn\u00ed vzory? M\u016f\u017eete vyb\u00edrat mezi kv\u011btinov\u00fdmi dekory, d\u0159ev\u011bn\u00fdmi vzory, nebo m\u016f\u017eete volit\u00a0<a href=\"https:\/\/www.tapeta-dekorace.cz\/fototapety-na-zed\" target=\"_blank\" rel=\"noopener\">fototapety<\/a>. N\u011bkomu se v\u00edce l\u00edb\u00ed\u00a0<a href=\"https:\/\/www.tapeta-dekorace.cz\/tapety-na-zed?Fparam15=332#filtr\" target=\"_blank\" rel=\"noopener\">romantick\u00e9 vzory v z\u00e1meck\u00e9m stylu<\/a>, dal\u0161\u00ed se c\u00edt\u00ed dob\u0159e se skandin\u00e1vsk\u00fdmi geometrick\u00fdmi vzory. Vyberte si vhodn\u00fd vzor a o\u017eivte v\u00e1\u0161 interi\u00e9r tapetami ve vesel\u00fdch jarn\u00edch barv\u00e1ch. U n\u00e1s naleznete \u0161irok\u00fd v\u00fdb\u011br tapet v\u0161ech mo\u017en\u00fdch vzor\u016f v r\u016fzn\u00fdch barv\u00e1ch. P\u0159ij\u010fte si vybrat do kamenn\u00e9 prodejny ve Fr\u00fddku-M\u00edstku, nebo nav\u0161tivte internetov\u00fd obchod\u00a0<strong>Tapeta-dekorace.cz<\/strong>.<\/p><br>\n\n\n\n<div class=\"wp-block-media-text alignwide is-stacked-on-mobile is-vertically-aligned-top\" style=\"grid-template-columns:32% auto\"><figure class=\"wp-block-media-text__media\"><a href=\"https:\/\/www.mzone.cz\/pravidlo-60-30-10-jak-idealne-kombinovat-barvy-v-interieru\/\"><img loading=\"lazy\" decoding=\"async\" width=\"1024\" height=\"592\" src=\"https:\/\/www.mzone.cz\/wp-content\/uploads\/2020\/07\/Interiery_MOODEN_Design_1-1024x592.jpg\" alt=\"\" class=\"wp-image-22850 size-full\" srcset=\"https:\/\/www.mzone.cz\/wp-content\/uploads\/2020\/07\/Interiery_MOODEN_Design_1-1024x592.jpg 1024w, https:\/\/www.mzone.cz\/wp-content\/uploads\/2020\/07\/Interiery_MOODEN_Design_1-300x173.jpg 300w, https:\/\/www.mzone.cz\/wp-content\/uploads\/2020\/07\/Interiery_MOODEN_Design_1-768x444.jpg 768w, https:\/\/www.mzone.cz\/wp-content\/uploads\/2020\/07\/Interiery_MOODEN_Design_1-1536x888.jpg 1536w, https:\/\/www.mzone.cz\/wp-content\/uploads\/2020\/07\/Interiery_MOODEN_Design_1-2048x1183.jpg 2048w, https:\/\/www.mzone.cz\/wp-content\/uploads\/2020\/07\/Interiery_MOODEN_Design_1-590x341.jpg 590w\" sizes=\"auto, (max-width: 1024px) 100vw, 1024px\" \/><\/a><\/figure><div class=\"wp-block-media-text__content\">\n<h4 class=\"wp-block-heading\"><a href=\"https:\/\/www.mzone.cz\/pravidlo-60-30-10-jak-idealne-kombinovat-barvy-v-interieru\/\">Jak ide\u00e1ln\u011b kombinovat barvy v interi\u00e9ru? Pou\u017eijte pravidlo 60-30-10<\/a><\/h4><br>\n<\/div><\/div>","protected":false},"excerpt":{"rendered":"<p>Jaru v\u00e9vod\u00ed nejen zelen\u00e1, ale i cel\u00e1 \u0159ada dal\u0161\u00edch barev. Nej\u010dast\u011bji jsou za jarn\u00ed barvy pova\u017eov\u00e1ny krom\u011b zelen\u00e9 tak\u00e9 \u017elut\u00e1, nebo oran\u017eov\u00e1, nemus\u00edte se ale b\u00e1t ani pastelov\u00e9 r\u016f\u017eov\u00e9 \u010di modr\u00e9. Jde o to, aby byly barvy vesel\u00e9 a hrav\u00e9. Jaro je obdob\u00ed probouzen\u00ed p\u0159\u00edrody, nov\u00e9 energie a pr\u00e1v\u011b tu chceme dostat i do va\u0161eho [&hellip;]<\/p>\n","protected":false},"author":4,"featured_media":40260,"comment_status":"open","ping_status":"closed","sticky":false,"template":"","format":"standard","meta":{"kk_blocks_editor_width":"","_kiokenblocks_attr":"","_kiokenblocks_dimensions":"","footnotes":""},"categories":[4328,25],"tags":[5639,324,2379,3230,3921,460,321,490,5818,5819,572,509,670],"class_list":["post-40254","post","type-post","status-publish","format-standard","has-post-thumbnail","hentry","category-bydleni","category-style","tag-barva","tag-barvy","tag-bydleni","tag-byt","tag-dum","tag-interier","tag-jaro","tag-style","tag-tapeta","tag-tapety","tag-tipy","tag-tipy-a-rady","tag-vyber"],"yoast_head":"<!-- This site is optimized with the Yoast SEO plugin v27.5 - https:\/\/yoast.com\/product\/yoast-seo-wordpress\/ -->\n<title>Jak na barvy v interi\u00e9ru? V\u00edme to! - Mzone<\/title>\n<meta name=\"description\" content=\"Jaru v\u00e9vod\u00ed nejen zelen\u00e1, ale i cel\u00e1 \u0159ada dal\u0161\u00edch barev. Nej\u010dast\u011bji jsou za jarn\u00ed barvy pova\u017eov\u00e1ny krom\u011b zelen\u00e9 tak\u00e9 \u017elut\u00e1, nebo oran\u017eov\u00e1, nemus\u00edte se ale b\u00e1t ani pastelov\u00e9 r\u016f\u017eov\u00e9 \u010di modr\u00e9. Jde o to, aby byly barvy vesel\u00e9 a hrav\u00e9.\" \/>\n<meta name=\"robots\" content=\"index, follow, max-snippet:-1, max-image-preview:large, max-video-preview:-1\" \/>\n<link rel=\"canonical\" href=\"https:\/\/www.mzone.cz\/en\/jak-na-barvy-v-interieru-vime-to\/\" \/>\n<meta property=\"og:locale\" content=\"en_US\" \/>\n<meta property=\"og:type\" content=\"article\" \/>\n<meta property=\"og:title\" content=\"Jak na barvy v interi\u00e9ru? V\u00edme to! - Mzone\" \/>\n<meta property=\"og:description\" content=\"Jaru v\u00e9vod\u00ed nejen zelen\u00e1, ale i cel\u00e1 \u0159ada dal\u0161\u00edch barev. Nej\u010dast\u011bji jsou za jarn\u00ed barvy pova\u017eov\u00e1ny krom\u011b zelen\u00e9 tak\u00e9 \u017elut\u00e1, nebo oran\u017eov\u00e1, nemus\u00edte se ale b\u00e1t ani pastelov\u00e9 r\u016f\u017eov\u00e9 \u010di modr\u00e9. Jde o to, aby byly barvy vesel\u00e9 a hrav\u00e9.\" \/>\n<meta property=\"og:url\" content=\"https:\/\/www.mzone.cz\/en\/jak-na-barvy-v-interieru-vime-to\/\" \/>\n<meta property=\"og:site_name\" content=\"Mzone\" \/>\n<meta property=\"article:publisher\" content=\"https:\/\/www.facebook.com\/MzoneCZ\/\" \/>\n<meta property=\"article:published_time\" content=\"2023-04-22T19:54:01+00:00\" \/>\n<meta property=\"article:modified_time\" content=\"2023-04-22T19:56:43+00:00\" \/>\n<meta property=\"og:image\" content=\"https:\/\/www.mzone.cz\/wp-content\/uploads\/2023\/04\/Barvy-v-interieru.jpg\" \/>\n\t<meta property=\"og:image:width\" content=\"1280\" \/>\n\t<meta property=\"og:image:height\" content=\"853\" \/>\n\t<meta property=\"og:image:type\" content=\"image\/jpeg\" \/>\n<meta name=\"author\" content=\"Mzone\" \/>\n<meta name=\"twitter:card\" content=\"summary_large_image\" \/>\n<meta name=\"twitter:label1\" content=\"Written by\" \/>\n\t<meta name=\"twitter:data1\" content=\"Mzone\" \/>\n\t<meta name=\"twitter:label2\" content=\"Est. reading time\" \/>\n\t<meta name=\"twitter:data2\" content=\"2 minutes\" \/>\n<script type=\"application\/ld+json\" class=\"yoast-schema-graph\">{\"@context\":\"https:\\\/\\\/schema.org\",\"@graph\":[{\"@type\":\"Article\",\"@id\":\"https:\\\/\\\/www.mzone.cz\\\/jak-na-barvy-v-interieru-vime-to\\\/#article\",\"isPartOf\":{\"@id\":\"https:\\\/\\\/www.mzone.cz\\\/jak-na-barvy-v-interieru-vime-to\\\/\"},\"author\":{\"name\":\"Mzone\",\"@id\":\"https:\\\/\\\/www.mzone.cz\\\/#\\\/schema\\\/person\\\/9bc20cc422a99cac4af6ff9297da32d4\"},\"headline\":\"Jak na barvy v interi\u00e9ru? V\u00edme to!\",\"datePublished\":\"2023-04-22T19:54:01+00:00\",\"dateModified\":\"2023-04-22T19:56:43+00:00\",\"mainEntityOfPage\":{\"@id\":\"https:\\\/\\\/www.mzone.cz\\\/jak-na-barvy-v-interieru-vime-to\\\/\"},\"wordCount\":417,\"commentCount\":0,\"image\":{\"@id\":\"https:\\\/\\\/www.mzone.cz\\\/jak-na-barvy-v-interieru-vime-to\\\/#primaryimage\"},\"thumbnailUrl\":\"https:\\\/\\\/www.mzone.cz\\\/wp-content\\\/uploads\\\/2023\\\/04\\\/Barvy-v-interieru.jpg\",\"keywords\":[\"barva\",\"barvy\",\"bydlen\u00ed\",\"byt\",\"d\u016fm\",\"interi\u00e9r\",\"jaro\",\"style\",\"tapeta\",\"tapety\",\"tipy\",\"tipy a rady\",\"v\u00fdb\u011br\"],\"articleSection\":[\"Bydlen\u00ed\",\"Style\"],\"inLanguage\":\"en-US\",\"potentialAction\":[{\"@type\":\"CommentAction\",\"name\":\"Comment\",\"target\":[\"https:\\\/\\\/www.mzone.cz\\\/jak-na-barvy-v-interieru-vime-to\\\/#respond\"]}]},{\"@type\":\"WebPage\",\"@id\":\"https:\\\/\\\/www.mzone.cz\\\/jak-na-barvy-v-interieru-vime-to\\\/\",\"url\":\"https:\\\/\\\/www.mzone.cz\\\/jak-na-barvy-v-interieru-vime-to\\\/\",\"name\":\"Jak na barvy v interi\u00e9ru? V\u00edme to! - Mzone\",\"isPartOf\":{\"@id\":\"https:\\\/\\\/www.mzone.cz\\\/#website\"},\"primaryImageOfPage\":{\"@id\":\"https:\\\/\\\/www.mzone.cz\\\/jak-na-barvy-v-interieru-vime-to\\\/#primaryimage\"},\"image\":{\"@id\":\"https:\\\/\\\/www.mzone.cz\\\/jak-na-barvy-v-interieru-vime-to\\\/#primaryimage\"},\"thumbnailUrl\":\"https:\\\/\\\/www.mzone.cz\\\/wp-content\\\/uploads\\\/2023\\\/04\\\/Barvy-v-interieru.jpg\",\"datePublished\":\"2023-04-22T19:54:01+00:00\",\"dateModified\":\"2023-04-22T19:56:43+00:00\",\"author\":{\"@id\":\"https:\\\/\\\/www.mzone.cz\\\/#\\\/schema\\\/person\\\/9bc20cc422a99cac4af6ff9297da32d4\"},\"description\":\"Jaru v\u00e9vod\u00ed nejen zelen\u00e1, ale i cel\u00e1 \u0159ada dal\u0161\u00edch barev. Nej\u010dast\u011bji jsou za jarn\u00ed barvy pova\u017eov\u00e1ny krom\u011b zelen\u00e9 tak\u00e9 \u017elut\u00e1, nebo oran\u017eov\u00e1, nemus\u00edte se ale b\u00e1t ani pastelov\u00e9 r\u016f\u017eov\u00e9 \u010di modr\u00e9. Jde o to, aby byly barvy vesel\u00e9 a hrav\u00e9.\",\"breadcrumb\":{\"@id\":\"https:\\\/\\\/www.mzone.cz\\\/jak-na-barvy-v-interieru-vime-to\\\/#breadcrumb\"},\"inLanguage\":\"en-US\",\"potentialAction\":[{\"@type\":\"ReadAction\",\"target\":[\"https:\\\/\\\/www.mzone.cz\\\/jak-na-barvy-v-interieru-vime-to\\\/\"]}]},{\"@type\":\"ImageObject\",\"inLanguage\":\"en-US\",\"@id\":\"https:\\\/\\\/www.mzone.cz\\\/jak-na-barvy-v-interieru-vime-to\\\/#primaryimage\",\"url\":\"https:\\\/\\\/www.mzone.cz\\\/wp-content\\\/uploads\\\/2023\\\/04\\\/Barvy-v-interieru.jpg\",\"contentUrl\":\"https:\\\/\\\/www.mzone.cz\\\/wp-content\\\/uploads\\\/2023\\\/04\\\/Barvy-v-interieru.jpg\",\"width\":1280,\"height\":853,\"caption\":\"Barvy v interi\u00e9ru\"},{\"@type\":\"BreadcrumbList\",\"@id\":\"https:\\\/\\\/www.mzone.cz\\\/jak-na-barvy-v-interieru-vime-to\\\/#breadcrumb\",\"itemListElement\":[{\"@type\":\"ListItem\",\"position\":1,\"name\":\"Dom\u016f\",\"item\":\"https:\\\/\\\/www.mzone.cz\\\/\"},{\"@type\":\"ListItem\",\"position\":2,\"name\":\"Jak na barvy v interi\u00e9ru? V\u00edme to!\"}]},{\"@type\":\"WebSite\",\"@id\":\"https:\\\/\\\/www.mzone.cz\\\/#website\",\"url\":\"https:\\\/\\\/www.mzone.cz\\\/\",\"name\":\"Mzone\",\"description\":\"Magaz\u00edn nejen pro mu\u017ee\",\"potentialAction\":[{\"@type\":\"SearchAction\",\"target\":{\"@type\":\"EntryPoint\",\"urlTemplate\":\"https:\\\/\\\/www.mzone.cz\\\/?s={search_term_string}\"},\"query-input\":{\"@type\":\"PropertyValueSpecification\",\"valueRequired\":true,\"valueName\":\"search_term_string\"}}],\"inLanguage\":\"en-US\"},{\"@type\":\"Person\",\"@id\":\"https:\\\/\\\/www.mzone.cz\\\/#\\\/schema\\\/person\\\/9bc20cc422a99cac4af6ff9297da32d4\",\"name\":\"Mzone\",\"image\":{\"@type\":\"ImageObject\",\"inLanguage\":\"en-US\",\"@id\":\"https:\\\/\\\/secure.gravatar.com\\\/avatar\\\/e780a8630f3182a3d06dd667ab6bea151a0d155b0951bc15fe22633acdac0676?s=96&d=mm&r=g\",\"url\":\"https:\\\/\\\/secure.gravatar.com\\\/avatar\\\/e780a8630f3182a3d06dd667ab6bea151a0d155b0951bc15fe22633acdac0676?s=96&d=mm&r=g\",\"contentUrl\":\"https:\\\/\\\/secure.gravatar.com\\\/avatar\\\/e780a8630f3182a3d06dd667ab6bea151a0d155b0951bc15fe22633acdac0676?s=96&d=mm&r=g\",\"caption\":\"Mzone\"},\"url\":\"https:\\\/\\\/www.mzone.cz\\\/en\\\/author\\\/jakub\\\/\"}]}<\/script>\n<!-- \/ Yoast SEO plugin. -->","yoast_head_json":{"title":"Jak na barvy v interi\u00e9ru? V\u00edme to! - Mzone","description":"Jaru v\u00e9vod\u00ed nejen zelen\u00e1, ale i cel\u00e1 \u0159ada dal\u0161\u00edch barev. Nej\u010dast\u011bji jsou za jarn\u00ed barvy pova\u017eov\u00e1ny krom\u011b zelen\u00e9 tak\u00e9 \u017elut\u00e1, nebo oran\u017eov\u00e1, nemus\u00edte se ale b\u00e1t ani pastelov\u00e9 r\u016f\u017eov\u00e9 \u010di modr\u00e9. Jde o to, aby byly barvy vesel\u00e9 a hrav\u00e9.","robots":{"index":"index","follow":"follow","max-snippet":"max-snippet:-1","max-image-preview":"max-image-preview:large","max-video-preview":"max-video-preview:-1"},"canonical":"https:\/\/www.mzone.cz\/en\/jak-na-barvy-v-interieru-vime-to\/","og_locale":"en_US","og_type":"article","og_title":"Jak na barvy v interi\u00e9ru? V\u00edme to! - Mzone","og_description":"Jaru v\u00e9vod\u00ed nejen zelen\u00e1, ale i cel\u00e1 \u0159ada dal\u0161\u00edch barev. Nej\u010dast\u011bji jsou za jarn\u00ed barvy pova\u017eov\u00e1ny krom\u011b zelen\u00e9 tak\u00e9 \u017elut\u00e1, nebo oran\u017eov\u00e1, nemus\u00edte se ale b\u00e1t ani pastelov\u00e9 r\u016f\u017eov\u00e9 \u010di modr\u00e9. Jde o to, aby byly barvy vesel\u00e9 a hrav\u00e9.","og_url":"https:\/\/www.mzone.cz\/en\/jak-na-barvy-v-interieru-vime-to\/","og_site_name":"Mzone","article_publisher":"https:\/\/www.facebook.com\/MzoneCZ\/","article_published_time":"2023-04-22T19:54:01+00:00","article_modified_time":"2023-04-22T19:56:43+00:00","og_image":[{"width":1280,"height":853,"url":"https:\/\/www.mzone.cz\/wp-content\/uploads\/2023\/04\/Barvy-v-interieru.jpg","type":"image\/jpeg"}],"author":"Mzone","twitter_card":"summary_large_image","twitter_misc":{"Written by":"Mzone","Est. reading time":"2 minutes"},"schema":{"@context":"https:\/\/schema.org","@graph":[{"@type":"Article","@id":"https:\/\/www.mzone.cz\/jak-na-barvy-v-interieru-vime-to\/#article","isPartOf":{"@id":"https:\/\/www.mzone.cz\/jak-na-barvy-v-interieru-vime-to\/"},"author":{"name":"Mzone","@id":"https:\/\/www.mzone.cz\/#\/schema\/person\/9bc20cc422a99cac4af6ff9297da32d4"},"headline":"Jak na barvy v interi\u00e9ru? V\u00edme to!","datePublished":"2023-04-22T19:54:01+00:00","dateModified":"2023-04-22T19:56:43+00:00","mainEntityOfPage":{"@id":"https:\/\/www.mzone.cz\/jak-na-barvy-v-interieru-vime-to\/"},"wordCount":417,"commentCount":0,"image":{"@id":"https:\/\/www.mzone.cz\/jak-na-barvy-v-interieru-vime-to\/#primaryimage"},"thumbnailUrl":"https:\/\/www.mzone.cz\/wp-content\/uploads\/2023\/04\/Barvy-v-interieru.jpg","keywords":["barva","barvy","bydlen\u00ed","byt","d\u016fm","interi\u00e9r","jaro","style","tapeta","tapety","tipy","tipy a rady","v\u00fdb\u011br"],"articleSection":["Bydlen\u00ed","Style"],"inLanguage":"en-US","potentialAction":[{"@type":"CommentAction","name":"Comment","target":["https:\/\/www.mzone.cz\/jak-na-barvy-v-interieru-vime-to\/#respond"]}]},{"@type":"WebPage","@id":"https:\/\/www.mzone.cz\/jak-na-barvy-v-interieru-vime-to\/","url":"https:\/\/www.mzone.cz\/jak-na-barvy-v-interieru-vime-to\/","name":"Jak na barvy v interi\u00e9ru? V\u00edme to! - Mzone","isPartOf":{"@id":"https:\/\/www.mzone.cz\/#website"},"primaryImageOfPage":{"@id":"https:\/\/www.mzone.cz\/jak-na-barvy-v-interieru-vime-to\/#primaryimage"},"image":{"@id":"https:\/\/www.mzone.cz\/jak-na-barvy-v-interieru-vime-to\/#primaryimage"},"thumbnailUrl":"https:\/\/www.mzone.cz\/wp-content\/uploads\/2023\/04\/Barvy-v-interieru.jpg","datePublished":"2023-04-22T19:54:01+00:00","dateModified":"2023-04-22T19:56:43+00:00","author":{"@id":"https:\/\/www.mzone.cz\/#\/schema\/person\/9bc20cc422a99cac4af6ff9297da32d4"},"description":"Jaru v\u00e9vod\u00ed nejen zelen\u00e1, ale i cel\u00e1 \u0159ada dal\u0161\u00edch barev. Nej\u010dast\u011bji jsou za jarn\u00ed barvy pova\u017eov\u00e1ny krom\u011b zelen\u00e9 tak\u00e9 \u017elut\u00e1, nebo oran\u017eov\u00e1, nemus\u00edte se ale b\u00e1t ani pastelov\u00e9 r\u016f\u017eov\u00e9 \u010di modr\u00e9. Jde o to, aby byly barvy vesel\u00e9 a hrav\u00e9.","breadcrumb":{"@id":"https:\/\/www.mzone.cz\/jak-na-barvy-v-interieru-vime-to\/#breadcrumb"},"inLanguage":"en-US","potentialAction":[{"@type":"ReadAction","target":["https:\/\/www.mzone.cz\/jak-na-barvy-v-interieru-vime-to\/"]}]},{"@type":"ImageObject","inLanguage":"en-US","@id":"https:\/\/www.mzone.cz\/jak-na-barvy-v-interieru-vime-to\/#primaryimage","url":"https:\/\/www.mzone.cz\/wp-content\/uploads\/2023\/04\/Barvy-v-interieru.jpg","contentUrl":"https:\/\/www.mzone.cz\/wp-content\/uploads\/2023\/04\/Barvy-v-interieru.jpg","width":1280,"height":853,"caption":"Barvy v interi\u00e9ru"},{"@type":"BreadcrumbList","@id":"https:\/\/www.mzone.cz\/jak-na-barvy-v-interieru-vime-to\/#breadcrumb","itemListElement":[{"@type":"ListItem","position":1,"name":"Dom\u016f","item":"https:\/\/www.mzone.cz\/"},{"@type":"ListItem","position":2,"name":"Jak na barvy v interi\u00e9ru? V\u00edme to!"}]},{"@type":"WebSite","@id":"https:\/\/www.mzone.cz\/#website","url":"https:\/\/www.mzone.cz\/","name":"Mzone","description":"Magaz\u00edn nejen pro mu\u017ee","potentialAction":[{"@type":"SearchAction","target":{"@type":"EntryPoint","urlTemplate":"https:\/\/www.mzone.cz\/?s={search_term_string}"},"query-input":{"@type":"PropertyValueSpecification","valueRequired":true,"valueName":"search_term_string"}}],"inLanguage":"en-US"},{"@type":"Person","@id":"https:\/\/www.mzone.cz\/#\/schema\/person\/9bc20cc422a99cac4af6ff9297da32d4","name":"Mzone","image":{"@type":"ImageObject","inLanguage":"en-US","@id":"https:\/\/secure.gravatar.com\/avatar\/e780a8630f3182a3d06dd667ab6bea151a0d155b0951bc15fe22633acdac0676?s=96&d=mm&r=g","url":"https:\/\/secure.gravatar.com\/avatar\/e780a8630f3182a3d06dd667ab6bea151a0d155b0951bc15fe22633acdac0676?s=96&d=mm&r=g","contentUrl":"https:\/\/secure.gravatar.com\/avatar\/e780a8630f3182a3d06dd667ab6bea151a0d155b0951bc15fe22633acdac0676?s=96&d=mm&r=g","caption":"Mzone"},"url":"https:\/\/www.mzone.cz\/en\/author\/jakub\/"}]}},"_links":{"self":[{"href":"https:\/\/www.mzone.cz\/en\/wp-json\/wp\/v2\/posts\/40254","targetHints":{"allow":["GET"]}}],"collection":[{"href":"https:\/\/www.mzone.cz\/en\/wp-json\/wp\/v2\/posts"}],"about":[{"href":"https:\/\/www.mzone.cz\/en\/wp-json\/wp\/v2\/types\/post"}],"author":[{"embeddable":true,"href":"https:\/\/www.mzone.cz\/en\/wp-json\/wp\/v2\/users\/4"}],"replies":[{"embeddable":true,"href":"https:\/\/www.mzone.cz\/en\/wp-json\/wp\/v2\/comments?post=40254"}],"version-history":[{"count":10,"href":"https:\/\/www.mzone.cz\/en\/wp-json\/wp\/v2\/posts\/40254\/revisions"}],"predecessor-version":[{"id":40267,"href":"https:\/\/www.mzone.cz\/en\/wp-json\/wp\/v2\/posts\/40254\/revisions\/40267"}],"wp:featuredmedia":[{"embeddable":true,"href":"https:\/\/www.mzone.cz\/en\/wp-json\/wp\/v2\/media\/40260"}],"wp:attachment":[{"href":"https:\/\/www.mzone.cz\/en\/wp-json\/wp\/v2\/media?parent=40254"}],"wp:term":[{"taxonomy":"category","embeddable":true,"href":"https:\/\/www.mzone.cz\/en\/wp-json\/wp\/v2\/categories?post=40254"},{"taxonomy":"post_tag","embeddable":true,"href":"https:\/\/www.mzone.cz\/en\/wp-json\/wp\/v2\/tags?post=40254"}],"curies":[{"name":"wp","href":"https:\/\/api.w.org\/{rel}","templated":true}]}}