{"id":40588,"date":"2023-05-20T05:00:00","date_gmt":"2023-05-20T03:00:00","guid":{"rendered":"https:\/\/www.mzone.cz\/?p=40588"},"modified":"2023-05-18T14:12:39","modified_gmt":"2023-05-18T12:12:39","slug":"tipy-na-vylety-parnikem-po-prehradach-do-hrebcina-ci-do-galerie","status":"publish","type":"post","link":"https:\/\/www.mzone.cz\/en\/tipy-na-vylety-parnikem-po-prehradach-do-hrebcina-ci-do-galerie\/","title":{"rendered":"Tipy na v\u00fdlety nejen na kv\u011bten a \u010derven: Parn\u00edkem po p\u0159ehrad\u00e1ch, do nov\u011b zrekonstruovan\u00e9ho h\u0159eb\u010d\u00edna \u010di do galerie"},"content":{"rendered":"<p><strong>Na\u0161e republika nab\u00edz\u00ed mnoho kr\u00e1sn\u00fdch m\u00edst na v\u00fdlety. Na ja\u0159e \u010di v l\u00e9t\u011b m\u016f\u017eete nav\u0161t\u00edvit nap\u0159\u00edklad malebn\u00e9 vodn\u00ed plochy na Vltav\u011b, kde se m\u016f\u017eete projet parn\u00edkem. Nebo nav\u0161t\u00edvit nov\u011b zrekonstruovan\u00fd h\u0159eb\u010d\u00edn. A pokud bude pr\u0161et, m\u016f\u017eete nav\u0161t\u00edvit galerii modern\u00edho a sou\u010dasn\u00e9ho um\u011bn\u00ed. P\u0159in\u00e1\u0161\u00edme v\u00e1m n\u011bkolik tip\u016f, kter\u00e9 v\u00e1m mohou b\u00fdt inspirac\u00ed!<\/strong><\/p><br>\n\n\n\n<h2 class=\"wp-block-heading\"><strong>Plavebn\u00ed sez\u00f3na na Vltav\u011b je zah\u00e1jena<\/strong><\/h2>\n\n\n\n<p>Na vltavsk\u00fdch vod\u00e1ch ji\u017e za\u010dala plavebn\u00ed sez\u00f3na a je doslova v pln\u00e9m proudu. Parn\u00edkem se m\u016f\u017eete projet nap\u0159\u00ed\u010d Orlickou p\u0159ehradou i Lipnem. Parn\u00edky jezd\u00ed p\u0159ed pr\u00e1zdninami v\u011bt\u0161inou jen o v\u00edkendech, v \u010dervenci a srpnu pak bude fungovat denn\u00ed provoz. Po Orlick\u00e9 p\u0159ehrad\u011b na trase Orl\u00edk\u2013Zv\u00edkov m\u016f\u017eete s parn\u00edkem spole\u010dnosti Orlick\u00e1 lodn\u00ed doprava plout do 28. 5. o v\u00edkendu v 10:30 a 13:30 hodin, od 3. do 25. 6. jede lo\u010f v 9:50, 10:30 a 13:30 (pouze o v\u00edkendu), zp\u011bt v 12:00, 15:00 a 16:00 hodin. Od 1. 7. lod\u011b vyplouvaj\u00ed denn\u011b mimo pond\u011bl\u00ed.\u00a0<\/p>\n\n\n\n<blockquote class=\"wp-block-quote is-layout-flow wp-block-quote-is-layout-flow\">\n<p>K nejnav\u0161t\u011bvovan\u011bj\u0161\u00edm turistick\u00fdm destinac\u00edm ji\u017en\u00edch \u010cech pat\u0159\u00ed lipensk\u00e1 p\u0159ehrada. Spole\u010dnost Rosenberger Lipno Line od jara zah\u00e1jila plavby na lodi Smetana, Vltava a Adalbert Stifter.<\/p>\n<\/blockquote>\n\n\n\n<figure class=\"wp-block-image size-full is-resized\"><img loading=\"lazy\" decoding=\"async\" src=\"https:\/\/www.mzone.cz\/wp-content\/uploads\/2023\/05\/Plavebni-sezona-na-Vltave.jpeg\" alt=\"Plavba po Vltav\u011b\" class=\"wp-image-40593\" width=\"823\" height=\"617\" srcset=\"https:\/\/www.mzone.cz\/wp-content\/uploads\/2023\/05\/Plavebni-sezona-na-Vltave.jpeg 720w, https:\/\/www.mzone.cz\/wp-content\/uploads\/2023\/05\/Plavebni-sezona-na-Vltave-300x225.jpeg 300w, https:\/\/www.mzone.cz\/wp-content\/uploads\/2023\/05\/Plavebni-sezona-na-Vltave-16x12.jpeg 16w, https:\/\/www.mzone.cz\/wp-content\/uploads\/2023\/05\/Plavebni-sezona-na-Vltave-590x443.jpeg 590w\" sizes=\"auto, (max-width: 823px) 100vw, 823px\" \/><\/figure><br>\n\n\n\n<p>Vedle pravideln\u00e9 linkov\u00e9 lodn\u00ed dopravy a\u00a0okru\u017en\u00edch plaveb v\u00a0hlavn\u00ed sez\u00f3n\u011b nab\u00edz\u00ed i\u00a0speci\u00e1ln\u00ed ve\u010dern\u00ed plavby s\u00a0hudbou z p\u0159\u00edstavu Lipno nad Vltavou. Lo\u010f Smetana odplouv\u00e1 denn\u011b v 10:00, 13:00 a 15:30 hodin z\u00a0Lipna. V\u00a0l\u00e9t\u011b bude jezdit denn\u011b v\u00a010, 12, 15 a 18:30 hodin. Parn\u00edk zastav\u00ed ve Frymburku, jede na velk\u00fd okruh, op\u011bt zastav\u00ed ve Frymburku a vrac\u00ed se zp\u011bt do Lipna nad Vltavou.<\/p><br>\n\n\n\n<h2 class=\"wp-block-heading\"><strong>N\u00e1rodn\u00ed h\u0159eb\u010d\u00edn v He\u0159manov\u011b M\u011bstci<\/strong><\/h2>\n\n\n\n<p>H\u0159eb\u010d\u00edn v\u00a0He\u0159manov\u011b M\u011bstci na Chrudimsku byl postaven roku 1875 rodem Kinsk\u00fdch, kter\u00fd zde choval kon\u011b ur\u010den\u00e9 k sout\u011b\u017e\u00edm a honu. Dnes he\u0159manom\u011bsteck\u00e9 st\u00e1je slou\u017e\u00ed jako v\u00fdcvikov\u00e9 centrum starokladrubsk\u00fdch kon\u00ed. V b\u0159eznu 2023 se are\u00e1l po velk\u00e9 rekonstrukci op\u011bt otev\u0159el ve\u0159ejnosti. St\u00e1je nedaleko centra m\u011bsta naproti z\u00e1mku nechal v roce 1875 postavit kn\u00ed\u017ee Ferdinand Bonaventura Kinsk\u00fd. P\u016fvodn\u00ed kon\u00edrna slou\u017eila kon\u00edm pro parforsn\u00ed hony, dostihy a \u0161ampiony ko\u0148sk\u00e9ho p\u00f3la.<\/p>\n\n\n\n<blockquote class=\"wp-block-quote is-layout-flow wp-block-quote-is-layout-flow\">\n<p>Z He\u0159manova M\u011bstce tak\u00e9 poch\u00e1z\u00ed jedin\u00fd \u010cech, kter\u00fd vyhr\u00e1l Velkou liverpoolskou \u2013 kn\u00ed\u017ee Karel Kinsk\u00fd.<\/p>\n<\/blockquote>\n\n\n\n<p>Dnes pat\u0159\u00ed he\u0159manom\u011bsteck\u00e9 v\u00fdcvikov\u00e9 st\u0159edisko N\u00e1rodn\u00edm h\u0159eb\u010d\u00ednu v Kladrubech nad Labem. Z\u00e1jemc\u016fm z \u0159ad milovn\u00edk\u016f kon\u00ed se otev\u0159ely po rekonstrukci dve\u0159e h\u0159eb\u010d\u00edna doko\u0159\u00e1n, a to v\u017edy od p\u00e1tku do ned\u011ble. P\u0159\u00edchoz\u00ed se dozv\u011bd\u00ed nejen zaj\u00edmavosti z historie chovu kon\u00ed v he\u0159manom\u011bsteck\u00fdch st\u00e1j\u00edch, ale zav\u00edtaj\u00ed tak\u00e9 do historick\u00e9 a provozn\u00ed postrojovny a galasedlovny. Nechyb\u00ed samoz\u0159ejm\u011b ani zast\u00e1vka u box\u016f starokladrubsk\u00fdch vran\u00edk\u016f. Nedaleko samotn\u00e9ho h\u0159eb\u010d\u00edna se nach\u00e1z\u00ed muzeum. To milovn\u00edk\u016fm kon\u00ed uk\u00e1\u017ee des\u00edtky ohl\u00e1vek, uzd, t\u0159men\u016f a postroj\u016f slou\u017eily jezdc\u016fm z\u00a0kn\u00ed\u017eec\u00edho roku Kinsk\u00fdch. \u0160lechtick\u00e9 d\u011bti se u\u010dily jezdit nejprve na pon\u00edc\u00edch a kdy\u017e zvl\u00e1dly z\u00e1klady p\u0159esedlaly na kon\u011b.<\/p><br>\n\n\n\n<figure class=\"wp-block-image size-full is-resized\"><img loading=\"lazy\" decoding=\"async\" src=\"https:\/\/www.mzone.cz\/wp-content\/uploads\/2023\/05\/Narodni-hrebcin-v-Hermanove-Mestci2.jpeg\" alt=\"N\u00e1rodn\u00ed h\u0159eb\u010d\u00edn v He\u0159manov\u011b M\u011bstci\" class=\"wp-image-40598\" width=\"817\" height=\"546\" srcset=\"https:\/\/www.mzone.cz\/wp-content\/uploads\/2023\/05\/Narodni-hrebcin-v-Hermanove-Mestci2.jpeg 720w, https:\/\/www.mzone.cz\/wp-content\/uploads\/2023\/05\/Narodni-hrebcin-v-Hermanove-Mestci2-300x200.jpeg 300w, https:\/\/www.mzone.cz\/wp-content\/uploads\/2023\/05\/Narodni-hrebcin-v-Hermanove-Mestci2-18x12.jpeg 18w, https:\/\/www.mzone.cz\/wp-content\/uploads\/2023\/05\/Narodni-hrebcin-v-Hermanove-Mestci2-400x267.jpeg 400w, https:\/\/www.mzone.cz\/wp-content\/uploads\/2023\/05\/Narodni-hrebcin-v-Hermanove-Mestci2-500x333.jpeg 500w, https:\/\/www.mzone.cz\/wp-content\/uploads\/2023\/05\/Narodni-hrebcin-v-Hermanove-Mestci2-590x394.jpeg 590w\" sizes=\"auto, (max-width: 817px) 100vw, 817px\" \/><\/figure><br>\n\n\n\n<h2 class=\"wp-block-heading\"><strong>GASK \u2013 Galerie St\u0159edo\u010desk\u00e9ho kraje v Kutn\u00e9 Ho\u0159e<\/strong><\/h2>\n\n\n\n<p>Galerie St\u0159edo\u010desk\u00e9ho kraje je galerie modern\u00edho a sou\u010dasn\u00e9ho um\u011bn\u00ed, kter\u00e1 s\u00eddl\u00ed v jedine\u010dn\u00fdch prostor\u00e1ch b\u00fdval\u00e9 Jezuitsk\u00e9 koleje, v t\u011bsn\u00e9 bl\u00edzkosti klenotu gotick\u00e9 architektury, chr\u00e1mu sv. Barbory v Kutn\u00e9 Ho\u0159e. Jako instituce vznikla v roce 1963 pod n\u00e1zvem St\u0159edo\u010desk\u00e1 galerie. V letech 1990\u20132009 pokra\u010dovala v \u010dinnosti pod n\u00e1zvem \u010cesk\u00e9 muzeum v\u00fdtvarn\u00fdch um\u011bn\u00ed v Praze. Galeri\u00ed St\u0159edo\u010desk\u00e9ho kraje se stala v roce 2009. Z p\u016fvodn\u011b region\u00e1ln\u00ed instituce, kter\u00e1 m\u011bnila n\u00e1zev i s\u00eddlo, vznikla jedna z nejv\u011bt\u0161\u00edch galeri\u00ed v \u010cesk\u00e9 republice.\u00a0<\/p>\n\n\n\n<blockquote class=\"wp-block-quote is-layout-flow wp-block-quote-is-layout-flow\">\n<p>GASK je galerie zam\u011b\u0159en\u00e1 na v\u00fdtvarn\u00e9 um\u011bn\u00ed 20. a 21. stolet\u00ed. V prostor\u00e1ch t\u0159\u00ed trakt\u016f ve dvou patrech prob\u00edhaj\u00ed v\u00fdstavy prom\u011bnn\u00e9 a nach\u00e1z\u00ed se tu i st\u00e1l\u00e1 expozice sb\u00edrky.<\/p>\n<\/blockquote>\n\n\n\n<figure class=\"wp-block-image size-full is-resized\"><img loading=\"lazy\" decoding=\"async\" src=\"https:\/\/www.mzone.cz\/wp-content\/uploads\/2023\/05\/GASK-Galerie-Stredoceskeho-kraje-v-Kutne-Hore1.jpeg\" alt=\"GASK\" class=\"wp-image-40604\" width=\"823\" height=\"549\" srcset=\"https:\/\/www.mzone.cz\/wp-content\/uploads\/2023\/05\/GASK-Galerie-Stredoceskeho-kraje-v-Kutne-Hore1.jpeg 720w, https:\/\/www.mzone.cz\/wp-content\/uploads\/2023\/05\/GASK-Galerie-Stredoceskeho-kraje-v-Kutne-Hore1-300x200.jpeg 300w, https:\/\/www.mzone.cz\/wp-content\/uploads\/2023\/05\/GASK-Galerie-Stredoceskeho-kraje-v-Kutne-Hore1-18x12.jpeg 18w, https:\/\/www.mzone.cz\/wp-content\/uploads\/2023\/05\/GASK-Galerie-Stredoceskeho-kraje-v-Kutne-Hore1-400x267.jpeg 400w, https:\/\/www.mzone.cz\/wp-content\/uploads\/2023\/05\/GASK-Galerie-Stredoceskeho-kraje-v-Kutne-Hore1-500x333.jpeg 500w, https:\/\/www.mzone.cz\/wp-content\/uploads\/2023\/05\/GASK-Galerie-Stredoceskeho-kraje-v-Kutne-Hore1-590x393.jpeg 590w\" sizes=\"auto, (max-width: 823px) 100vw, 823px\" \/><\/figure><br>\n\n\n\n<p>V p\u0159\u00edzem\u00ed koleje najdete d\u00edla mlad\u00fdch um\u011blc\u016f, a to jak autor\u016f pracuj\u00edc\u00edch s tradi\u010dn\u00edmi v\u00fdtvarn\u00fdmi m\u00e9dii, jako je malba, kresba, socha nebo instalace, tak i experiment\u00e1ln\u00ed pr\u00e1ce, vyu\u017e\u00edvaj\u00edc\u00ed nejnov\u011bj\u0161\u00ed technologick\u00e9 a v\u011bdeck\u00e9 poznatky v audiovizu\u00e1ln\u00ed a multimedi\u00e1ln\u00ed oblasti spojuj\u00edc\u00ed <a href=\"https:\/\/cs.wikipedia.org\/wiki\/VJing\" target=\"_blank\" rel=\"noopener\">VJ-ing<\/a>, videomapping a zvukov\u00e9 \u010di sv\u011bteln\u00e9 interaktivn\u00ed socha\u0159stv\u00ed. V souvislosti s designov\u00fdm obchodem tu m\u00e1 sv\u00e9 pevn\u00e9 m\u00edsto i \u010desk\u00fd design, osciluj\u00edc\u00ed na pomez\u00ed voln\u00e9ho um\u011bn\u00ed, situovan\u00fd do prostoru nazvan\u00e9ho Whitebox.<\/p><br>\n\n\n\n<p>Nemus\u00edte zoufat ani pokud nem\u00e1te vlastn\u00ed auto. M\u00edsto nepohodln\u00e9ho cestov\u00e1n\u00ed vlakem nebo autobusem m\u016f\u017eete zvolit mnohem p\u0159\u00edjemn\u011bj\u0161\u00ed variantu v podob\u011b sd\u00edlen\u00e9ho auta, nap\u0159\u00edklad od slu\u017eby Anytime. V\u00a0aplikaci sta\u017een\u00e9 do mobiln\u00edho telefonu si m\u016f\u017eete snadno vybrat nejbli\u017e\u0161\u00ed zaparkovan\u00fd v\u016fz a vyrazit na v\u00fdlet t\u00e9m\u011b\u0159 okam\u017eit\u011b. P\u0159ejeme hezk\u00fd v\u00fdlet!<\/p><br>\n\n\n\n<div class=\"wp-block-media-text alignwide is-stacked-on-mobile is-vertically-aligned-top\" style=\"grid-template-columns:23% auto\"><figure class=\"wp-block-media-text__media\"><a href=\"https:\/\/www.mzone.cz\/tipy-na-vylet-vyrazte-k-nasim-severnim-sousedum-do-nemecka\/\"><img loading=\"lazy\" decoding=\"async\" width=\"1024\" height=\"683\" src=\"https:\/\/www.mzone.cz\/wp-content\/uploads\/2023\/03\/Drazdany-1024x683.jpg\" alt=\"Dr\u00e1\u017e\u010fany\" class=\"wp-image-39930 size-full\" srcset=\"https:\/\/www.mzone.cz\/wp-content\/uploads\/2023\/03\/Drazdany-1024x683.jpg 1024w, https:\/\/www.mzone.cz\/wp-content\/uploads\/2023\/03\/Drazdany-300x200.jpg 300w, https:\/\/www.mzone.cz\/wp-content\/uploads\/2023\/03\/Drazdany-768x512.jpg 768w, https:\/\/www.mzone.cz\/wp-content\/uploads\/2023\/03\/Drazdany-1536x1024.jpg 1536w, https:\/\/www.mzone.cz\/wp-content\/uploads\/2023\/03\/Drazdany-2048x1365.jpg 2048w, https:\/\/www.mzone.cz\/wp-content\/uploads\/2023\/03\/Drazdany-18x12.jpg 18w, https:\/\/www.mzone.cz\/wp-content\/uploads\/2023\/03\/Drazdany-800x533.jpg 800w, https:\/\/www.mzone.cz\/wp-content\/uploads\/2023\/03\/Drazdany-400x267.jpg 400w, https:\/\/www.mzone.cz\/wp-content\/uploads\/2023\/03\/Drazdany-500x333.jpg 500w, https:\/\/www.mzone.cz\/wp-content\/uploads\/2023\/03\/Drazdany-1170x780.jpg 1170w, https:\/\/www.mzone.cz\/wp-content\/uploads\/2023\/03\/Drazdany-590x393.jpg 590w\" sizes=\"auto, (max-width: 1024px) 100vw, 1024px\" \/><\/a><\/figure><div class=\"wp-block-media-text__content\">\n<h4 class=\"wp-block-heading\"><a href=\"https:\/\/www.mzone.cz\/tipy-na-vylet-vyrazte-k-nasim-severnim-sousedum-do-nemecka\/\">Tipy na v\u00fdlet: Vyrazte k na\u0161im severn\u00edm soused\u016fm do N\u011bmecka<\/a><\/h4><br>\n<\/div><\/div>","protected":false},"excerpt":{"rendered":"<p>Na\u0161e republika nab\u00edz\u00ed mnoho kr\u00e1sn\u00fdch m\u00edst na v\u00fdlety. Na ja\u0159e \u010di v l\u00e9t\u011b m\u016f\u017eete nav\u0161t\u00edvit nap\u0159\u00edklad malebn\u00e9 vodn\u00ed plochy na Vltav\u011b, kde se m\u016f\u017eete projet parn\u00edkem. Nebo nav\u0161t\u00edvit nov\u011b zrekonstruovan\u00fd h\u0159eb\u010d\u00edn. A pokud bude pr\u0161et, m\u016f\u017eete nav\u0161t\u00edvit galerii modern\u00edho a sou\u010dasn\u00e9ho um\u011bn\u00ed. P\u0159in\u00e1\u0161\u00edme v\u00e1m n\u011bkolik tip\u016f, kter\u00e9 v\u00e1m mohou b\u00fdt inspirac\u00ed! Plavebn\u00ed sez\u00f3na na Vltav\u011b [&hellip;]<\/p>\n","protected":false},"author":4,"featured_media":40595,"comment_status":"open","ping_status":"closed","sticky":false,"template":"","format":"standard","meta":{"kk_blocks_editor_width":"","_kiokenblocks_attr":"","_kiokenblocks_dimensions":"","footnotes":""},"categories":[854,25],"tags":[1029,5870,1030,512,1245,5872,5871,321,5869,431,5532,490,890,572,5873,764,2694],"class_list":["post-40588","post","type-post","status-publish","format-standard","has-post-thumbnail","hentry","category-cestovani","category-style","tag-cechy","tag-cerven","tag-cesko","tag-cestovani","tag-galerie","tag-gask","tag-hrebcin","tag-jaro","tag-kveten","tag-parnik","tag-prehrada","tag-style","tag-tip","tag-tipy","tag-vltava","tag-vylet","tag-vylety"],"yoast_head":"<!-- This site is optimized with the Yoast SEO plugin v27.5 - https:\/\/yoast.com\/product\/yoast-seo-wordpress\/ -->\n<title>Tipy na v\u00fdlety nejen na kv\u011bten a \u010derven: Parn\u00edkem po p\u0159ehrad\u00e1ch, do nov\u011b zrekonstruovan\u00e9ho h\u0159eb\u010d\u00edna \u010di do galerie - Mzone<\/title>\n<meta name=\"description\" content=\"Na\u0161e republika nab\u00edz\u00ed mnoho kr\u00e1sn\u00fdch m\u00edst na v\u00fdlety. Na ja\u0159e \u010di v l\u00e9t\u011b m\u016f\u017eete nav\u0161t\u00edvit nap\u0159\u00edklad malebn\u00e9 vodn\u00ed plochy na Vltav\u011b, kde se m\u016f\u017eete projet parn\u00edkem. Nebo nav\u0161t\u00edvit nov\u011b zrekonstruovan\u00fd h\u0159eb\u010d\u00edn. A pokud bude pr\u0161et, m\u016f\u017eete nav\u0161t\u00edvit galerii modern\u00edho a sou\u010dasn\u00e9ho um\u011bn\u00ed.\" \/>\n<meta name=\"robots\" content=\"index, follow, max-snippet:-1, max-image-preview:large, max-video-preview:-1\" \/>\n<link rel=\"canonical\" href=\"https:\/\/www.mzone.cz\/en\/tipy-na-vylety-parnikem-po-prehradach-do-hrebcina-ci-do-galerie\/\" \/>\n<meta property=\"og:locale\" content=\"en_US\" \/>\n<meta property=\"og:type\" content=\"article\" \/>\n<meta property=\"og:title\" content=\"Tipy na v\u00fdlety nejen na kv\u011bten a \u010derven: Parn\u00edkem po p\u0159ehrad\u00e1ch, do nov\u011b zrekonstruovan\u00e9ho h\u0159eb\u010d\u00edna \u010di do galerie - Mzone\" \/>\n<meta property=\"og:description\" content=\"Na\u0161e republika nab\u00edz\u00ed mnoho kr\u00e1sn\u00fdch m\u00edst na v\u00fdlety. Na ja\u0159e \u010di v l\u00e9t\u011b m\u016f\u017eete nav\u0161t\u00edvit nap\u0159\u00edklad malebn\u00e9 vodn\u00ed plochy na Vltav\u011b, kde se m\u016f\u017eete projet parn\u00edkem. Nebo nav\u0161t\u00edvit nov\u011b zrekonstruovan\u00fd h\u0159eb\u010d\u00edn. A pokud bude pr\u0161et, m\u016f\u017eete nav\u0161t\u00edvit galerii modern\u00edho a sou\u010dasn\u00e9ho um\u011bn\u00ed.\" \/>\n<meta property=\"og:url\" content=\"https:\/\/www.mzone.cz\/en\/tipy-na-vylety-parnikem-po-prehradach-do-hrebcina-ci-do-galerie\/\" \/>\n<meta property=\"og:site_name\" content=\"Mzone\" \/>\n<meta property=\"article:publisher\" content=\"https:\/\/www.facebook.com\/MzoneCZ\/\" \/>\n<meta property=\"article:published_time\" content=\"2023-05-20T03:00:00+00:00\" \/>\n<meta property=\"og:image\" content=\"https:\/\/www.mzone.cz\/wp-content\/uploads\/2023\/05\/GASK-Galerie-Stredoceskeho-kraje-v-Kutne-Hore.jpg\" \/>\n\t<meta property=\"og:image:width\" content=\"1896\" \/>\n\t<meta property=\"og:image:height\" content=\"1264\" \/>\n\t<meta property=\"og:image:type\" content=\"image\/jpeg\" \/>\n<meta name=\"author\" content=\"Mzone\" \/>\n<meta name=\"twitter:card\" content=\"summary_large_image\" \/>\n<meta name=\"twitter:label1\" content=\"Written by\" \/>\n\t<meta name=\"twitter:data1\" content=\"Mzone\" \/>\n\t<meta name=\"twitter:label2\" content=\"Est. reading time\" \/>\n\t<meta name=\"twitter:data2\" content=\"5 minutes\" \/>\n<script type=\"application\/ld+json\" class=\"yoast-schema-graph\">{\"@context\":\"https:\\\/\\\/schema.org\",\"@graph\":[{\"@type\":\"Article\",\"@id\":\"https:\\\/\\\/www.mzone.cz\\\/tipy-na-vylety-parnikem-po-prehradach-do-hrebcina-ci-do-galerie\\\/#article\",\"isPartOf\":{\"@id\":\"https:\\\/\\\/www.mzone.cz\\\/tipy-na-vylety-parnikem-po-prehradach-do-hrebcina-ci-do-galerie\\\/\"},\"author\":{\"name\":\"Mzone\",\"@id\":\"https:\\\/\\\/www.mzone.cz\\\/#\\\/schema\\\/person\\\/9bc20cc422a99cac4af6ff9297da32d4\"},\"headline\":\"Tipy na v\u00fdlety nejen na kv\u011bten a \u010derven: Parn\u00edkem po p\u0159ehrad\u00e1ch, do nov\u011b zrekonstruovan\u00e9ho h\u0159eb\u010d\u00edna \u010di do galerie\",\"datePublished\":\"2023-05-20T03:00:00+00:00\",\"mainEntityOfPage\":{\"@id\":\"https:\\\/\\\/www.mzone.cz\\\/tipy-na-vylety-parnikem-po-prehradach-do-hrebcina-ci-do-galerie\\\/\"},\"wordCount\":938,\"commentCount\":0,\"image\":{\"@id\":\"https:\\\/\\\/www.mzone.cz\\\/tipy-na-vylety-parnikem-po-prehradach-do-hrebcina-ci-do-galerie\\\/#primaryimage\"},\"thumbnailUrl\":\"https:\\\/\\\/www.mzone.cz\\\/wp-content\\\/uploads\\\/2023\\\/05\\\/GASK-Galerie-Stredoceskeho-kraje-v-Kutne-Hore.jpg\",\"keywords\":[\"\u010cechy\",\"\u010derven\",\"\u010cesko\",\"cestov\u00e1n\u00ed\",\"galerie\",\"GASK\",\"h\u0159eb\u010d\u00edn\",\"jaro\",\"kv\u011bten\",\"parn\u00edk\",\"p\u0159ehrada\",\"style\",\"tip\",\"tipy\",\"Vltava\",\"v\u00fdlet\",\"v\u00fdlety\"],\"articleSection\":[\"Cestov\u00e1n\u00ed\",\"Style\"],\"inLanguage\":\"en-US\",\"potentialAction\":[{\"@type\":\"CommentAction\",\"name\":\"Comment\",\"target\":[\"https:\\\/\\\/www.mzone.cz\\\/tipy-na-vylety-parnikem-po-prehradach-do-hrebcina-ci-do-galerie\\\/#respond\"]}]},{\"@type\":\"WebPage\",\"@id\":\"https:\\\/\\\/www.mzone.cz\\\/tipy-na-vylety-parnikem-po-prehradach-do-hrebcina-ci-do-galerie\\\/\",\"url\":\"https:\\\/\\\/www.mzone.cz\\\/tipy-na-vylety-parnikem-po-prehradach-do-hrebcina-ci-do-galerie\\\/\",\"name\":\"Tipy na v\u00fdlety nejen na kv\u011bten a \u010derven: Parn\u00edkem po p\u0159ehrad\u00e1ch, do nov\u011b zrekonstruovan\u00e9ho h\u0159eb\u010d\u00edna \u010di do galerie - Mzone\",\"isPartOf\":{\"@id\":\"https:\\\/\\\/www.mzone.cz\\\/#website\"},\"primaryImageOfPage\":{\"@id\":\"https:\\\/\\\/www.mzone.cz\\\/tipy-na-vylety-parnikem-po-prehradach-do-hrebcina-ci-do-galerie\\\/#primaryimage\"},\"image\":{\"@id\":\"https:\\\/\\\/www.mzone.cz\\\/tipy-na-vylety-parnikem-po-prehradach-do-hrebcina-ci-do-galerie\\\/#primaryimage\"},\"thumbnailUrl\":\"https:\\\/\\\/www.mzone.cz\\\/wp-content\\\/uploads\\\/2023\\\/05\\\/GASK-Galerie-Stredoceskeho-kraje-v-Kutne-Hore.jpg\",\"datePublished\":\"2023-05-20T03:00:00+00:00\",\"author\":{\"@id\":\"https:\\\/\\\/www.mzone.cz\\\/#\\\/schema\\\/person\\\/9bc20cc422a99cac4af6ff9297da32d4\"},\"description\":\"Na\u0161e republika nab\u00edz\u00ed mnoho kr\u00e1sn\u00fdch m\u00edst na v\u00fdlety. Na ja\u0159e \u010di v l\u00e9t\u011b m\u016f\u017eete nav\u0161t\u00edvit nap\u0159\u00edklad malebn\u00e9 vodn\u00ed plochy na Vltav\u011b, kde se m\u016f\u017eete projet parn\u00edkem. Nebo nav\u0161t\u00edvit nov\u011b zrekonstruovan\u00fd h\u0159eb\u010d\u00edn. A pokud bude pr\u0161et, m\u016f\u017eete nav\u0161t\u00edvit galerii modern\u00edho a sou\u010dasn\u00e9ho um\u011bn\u00ed.\",\"breadcrumb\":{\"@id\":\"https:\\\/\\\/www.mzone.cz\\\/tipy-na-vylety-parnikem-po-prehradach-do-hrebcina-ci-do-galerie\\\/#breadcrumb\"},\"inLanguage\":\"en-US\",\"potentialAction\":[{\"@type\":\"ReadAction\",\"target\":[\"https:\\\/\\\/www.mzone.cz\\\/tipy-na-vylety-parnikem-po-prehradach-do-hrebcina-ci-do-galerie\\\/\"]}]},{\"@type\":\"ImageObject\",\"inLanguage\":\"en-US\",\"@id\":\"https:\\\/\\\/www.mzone.cz\\\/tipy-na-vylety-parnikem-po-prehradach-do-hrebcina-ci-do-galerie\\\/#primaryimage\",\"url\":\"https:\\\/\\\/www.mzone.cz\\\/wp-content\\\/uploads\\\/2023\\\/05\\\/GASK-Galerie-Stredoceskeho-kraje-v-Kutne-Hore.jpg\",\"contentUrl\":\"https:\\\/\\\/www.mzone.cz\\\/wp-content\\\/uploads\\\/2023\\\/05\\\/GASK-Galerie-Stredoceskeho-kraje-v-Kutne-Hore.jpg\",\"width\":1896,\"height\":1264,\"caption\":\"GASK - Galerie Stredoceskeho kraje v Kutne Hore\"},{\"@type\":\"BreadcrumbList\",\"@id\":\"https:\\\/\\\/www.mzone.cz\\\/tipy-na-vylety-parnikem-po-prehradach-do-hrebcina-ci-do-galerie\\\/#breadcrumb\",\"itemListElement\":[{\"@type\":\"ListItem\",\"position\":1,\"name\":\"Dom\u016f\",\"item\":\"https:\\\/\\\/www.mzone.cz\\\/\"},{\"@type\":\"ListItem\",\"position\":2,\"name\":\"Tipy na v\u00fdlety nejen na kv\u011bten a \u010derven: Parn\u00edkem po p\u0159ehrad\u00e1ch, do nov\u011b zrekonstruovan\u00e9ho h\u0159eb\u010d\u00edna \u010di do galerie\"}]},{\"@type\":\"WebSite\",\"@id\":\"https:\\\/\\\/www.mzone.cz\\\/#website\",\"url\":\"https:\\\/\\\/www.mzone.cz\\\/\",\"name\":\"Mzone\",\"description\":\"Magaz\u00edn nejen pro mu\u017ee\",\"potentialAction\":[{\"@type\":\"SearchAction\",\"target\":{\"@type\":\"EntryPoint\",\"urlTemplate\":\"https:\\\/\\\/www.mzone.cz\\\/?s={search_term_string}\"},\"query-input\":{\"@type\":\"PropertyValueSpecification\",\"valueRequired\":true,\"valueName\":\"search_term_string\"}}],\"inLanguage\":\"en-US\"},{\"@type\":\"Person\",\"@id\":\"https:\\\/\\\/www.mzone.cz\\\/#\\\/schema\\\/person\\\/9bc20cc422a99cac4af6ff9297da32d4\",\"name\":\"Mzone\",\"image\":{\"@type\":\"ImageObject\",\"inLanguage\":\"en-US\",\"@id\":\"https:\\\/\\\/secure.gravatar.com\\\/avatar\\\/e780a8630f3182a3d06dd667ab6bea151a0d155b0951bc15fe22633acdac0676?s=96&d=mm&r=g\",\"url\":\"https:\\\/\\\/secure.gravatar.com\\\/avatar\\\/e780a8630f3182a3d06dd667ab6bea151a0d155b0951bc15fe22633acdac0676?s=96&d=mm&r=g\",\"contentUrl\":\"https:\\\/\\\/secure.gravatar.com\\\/avatar\\\/e780a8630f3182a3d06dd667ab6bea151a0d155b0951bc15fe22633acdac0676?s=96&d=mm&r=g\",\"caption\":\"Mzone\"},\"url\":\"https:\\\/\\\/www.mzone.cz\\\/en\\\/author\\\/jakub\\\/\"}]}<\/script>\n<!-- \/ Yoast SEO plugin. -->","yoast_head_json":{"title":"Tipy na v\u00fdlety nejen na kv\u011bten a \u010derven: Parn\u00edkem po p\u0159ehrad\u00e1ch, do nov\u011b zrekonstruovan\u00e9ho h\u0159eb\u010d\u00edna \u010di do galerie - Mzone","description":"Na\u0161e republika nab\u00edz\u00ed mnoho kr\u00e1sn\u00fdch m\u00edst na v\u00fdlety. Na ja\u0159e \u010di v l\u00e9t\u011b m\u016f\u017eete nav\u0161t\u00edvit nap\u0159\u00edklad malebn\u00e9 vodn\u00ed plochy na Vltav\u011b, kde se m\u016f\u017eete projet parn\u00edkem. Nebo nav\u0161t\u00edvit nov\u011b zrekonstruovan\u00fd h\u0159eb\u010d\u00edn. A pokud bude pr\u0161et, m\u016f\u017eete nav\u0161t\u00edvit galerii modern\u00edho a sou\u010dasn\u00e9ho um\u011bn\u00ed.","robots":{"index":"index","follow":"follow","max-snippet":"max-snippet:-1","max-image-preview":"max-image-preview:large","max-video-preview":"max-video-preview:-1"},"canonical":"https:\/\/www.mzone.cz\/en\/tipy-na-vylety-parnikem-po-prehradach-do-hrebcina-ci-do-galerie\/","og_locale":"en_US","og_type":"article","og_title":"Tipy na v\u00fdlety nejen na kv\u011bten a \u010derven: Parn\u00edkem po p\u0159ehrad\u00e1ch, do nov\u011b zrekonstruovan\u00e9ho h\u0159eb\u010d\u00edna \u010di do galerie - Mzone","og_description":"Na\u0161e republika nab\u00edz\u00ed mnoho kr\u00e1sn\u00fdch m\u00edst na v\u00fdlety. Na ja\u0159e \u010di v l\u00e9t\u011b m\u016f\u017eete nav\u0161t\u00edvit nap\u0159\u00edklad malebn\u00e9 vodn\u00ed plochy na Vltav\u011b, kde se m\u016f\u017eete projet parn\u00edkem. Nebo nav\u0161t\u00edvit nov\u011b zrekonstruovan\u00fd h\u0159eb\u010d\u00edn. A pokud bude pr\u0161et, m\u016f\u017eete nav\u0161t\u00edvit galerii modern\u00edho a sou\u010dasn\u00e9ho um\u011bn\u00ed.","og_url":"https:\/\/www.mzone.cz\/en\/tipy-na-vylety-parnikem-po-prehradach-do-hrebcina-ci-do-galerie\/","og_site_name":"Mzone","article_publisher":"https:\/\/www.facebook.com\/MzoneCZ\/","article_published_time":"2023-05-20T03:00:00+00:00","og_image":[{"width":1896,"height":1264,"url":"https:\/\/www.mzone.cz\/wp-content\/uploads\/2023\/05\/GASK-Galerie-Stredoceskeho-kraje-v-Kutne-Hore.jpg","type":"image\/jpeg"}],"author":"Mzone","twitter_card":"summary_large_image","twitter_misc":{"Written by":"Mzone","Est. reading time":"5 minutes"},"schema":{"@context":"https:\/\/schema.org","@graph":[{"@type":"Article","@id":"https:\/\/www.mzone.cz\/tipy-na-vylety-parnikem-po-prehradach-do-hrebcina-ci-do-galerie\/#article","isPartOf":{"@id":"https:\/\/www.mzone.cz\/tipy-na-vylety-parnikem-po-prehradach-do-hrebcina-ci-do-galerie\/"},"author":{"name":"Mzone","@id":"https:\/\/www.mzone.cz\/#\/schema\/person\/9bc20cc422a99cac4af6ff9297da32d4"},"headline":"Tipy na v\u00fdlety nejen na kv\u011bten a \u010derven: Parn\u00edkem po p\u0159ehrad\u00e1ch, do nov\u011b zrekonstruovan\u00e9ho h\u0159eb\u010d\u00edna \u010di do galerie","datePublished":"2023-05-20T03:00:00+00:00","mainEntityOfPage":{"@id":"https:\/\/www.mzone.cz\/tipy-na-vylety-parnikem-po-prehradach-do-hrebcina-ci-do-galerie\/"},"wordCount":938,"commentCount":0,"image":{"@id":"https:\/\/www.mzone.cz\/tipy-na-vylety-parnikem-po-prehradach-do-hrebcina-ci-do-galerie\/#primaryimage"},"thumbnailUrl":"https:\/\/www.mzone.cz\/wp-content\/uploads\/2023\/05\/GASK-Galerie-Stredoceskeho-kraje-v-Kutne-Hore.jpg","keywords":["\u010cechy","\u010derven","\u010cesko","cestov\u00e1n\u00ed","galerie","GASK","h\u0159eb\u010d\u00edn","jaro","kv\u011bten","parn\u00edk","p\u0159ehrada","style","tip","tipy","Vltava","v\u00fdlet","v\u00fdlety"],"articleSection":["Cestov\u00e1n\u00ed","Style"],"inLanguage":"en-US","potentialAction":[{"@type":"CommentAction","name":"Comment","target":["https:\/\/www.mzone.cz\/tipy-na-vylety-parnikem-po-prehradach-do-hrebcina-ci-do-galerie\/#respond"]}]},{"@type":"WebPage","@id":"https:\/\/www.mzone.cz\/tipy-na-vylety-parnikem-po-prehradach-do-hrebcina-ci-do-galerie\/","url":"https:\/\/www.mzone.cz\/tipy-na-vylety-parnikem-po-prehradach-do-hrebcina-ci-do-galerie\/","name":"Tipy na v\u00fdlety nejen na kv\u011bten a \u010derven: Parn\u00edkem po p\u0159ehrad\u00e1ch, do nov\u011b zrekonstruovan\u00e9ho h\u0159eb\u010d\u00edna \u010di do galerie - Mzone","isPartOf":{"@id":"https:\/\/www.mzone.cz\/#website"},"primaryImageOfPage":{"@id":"https:\/\/www.mzone.cz\/tipy-na-vylety-parnikem-po-prehradach-do-hrebcina-ci-do-galerie\/#primaryimage"},"image":{"@id":"https:\/\/www.mzone.cz\/tipy-na-vylety-parnikem-po-prehradach-do-hrebcina-ci-do-galerie\/#primaryimage"},"thumbnailUrl":"https:\/\/www.mzone.cz\/wp-content\/uploads\/2023\/05\/GASK-Galerie-Stredoceskeho-kraje-v-Kutne-Hore.jpg","datePublished":"2023-05-20T03:00:00+00:00","author":{"@id":"https:\/\/www.mzone.cz\/#\/schema\/person\/9bc20cc422a99cac4af6ff9297da32d4"},"description":"Na\u0161e republika nab\u00edz\u00ed mnoho kr\u00e1sn\u00fdch m\u00edst na v\u00fdlety. Na ja\u0159e \u010di v l\u00e9t\u011b m\u016f\u017eete nav\u0161t\u00edvit nap\u0159\u00edklad malebn\u00e9 vodn\u00ed plochy na Vltav\u011b, kde se m\u016f\u017eete projet parn\u00edkem. Nebo nav\u0161t\u00edvit nov\u011b zrekonstruovan\u00fd h\u0159eb\u010d\u00edn. A pokud bude pr\u0161et, m\u016f\u017eete nav\u0161t\u00edvit galerii modern\u00edho a sou\u010dasn\u00e9ho um\u011bn\u00ed.","breadcrumb":{"@id":"https:\/\/www.mzone.cz\/tipy-na-vylety-parnikem-po-prehradach-do-hrebcina-ci-do-galerie\/#breadcrumb"},"inLanguage":"en-US","potentialAction":[{"@type":"ReadAction","target":["https:\/\/www.mzone.cz\/tipy-na-vylety-parnikem-po-prehradach-do-hrebcina-ci-do-galerie\/"]}]},{"@type":"ImageObject","inLanguage":"en-US","@id":"https:\/\/www.mzone.cz\/tipy-na-vylety-parnikem-po-prehradach-do-hrebcina-ci-do-galerie\/#primaryimage","url":"https:\/\/www.mzone.cz\/wp-content\/uploads\/2023\/05\/GASK-Galerie-Stredoceskeho-kraje-v-Kutne-Hore.jpg","contentUrl":"https:\/\/www.mzone.cz\/wp-content\/uploads\/2023\/05\/GASK-Galerie-Stredoceskeho-kraje-v-Kutne-Hore.jpg","width":1896,"height":1264,"caption":"GASK - Galerie Stredoceskeho kraje v Kutne Hore"},{"@type":"BreadcrumbList","@id":"https:\/\/www.mzone.cz\/tipy-na-vylety-parnikem-po-prehradach-do-hrebcina-ci-do-galerie\/#breadcrumb","itemListElement":[{"@type":"ListItem","position":1,"name":"Dom\u016f","item":"https:\/\/www.mzone.cz\/"},{"@type":"ListItem","position":2,"name":"Tipy na v\u00fdlety nejen na kv\u011bten a \u010derven: Parn\u00edkem po p\u0159ehrad\u00e1ch, do nov\u011b zrekonstruovan\u00e9ho h\u0159eb\u010d\u00edna \u010di do galerie"}]},{"@type":"WebSite","@id":"https:\/\/www.mzone.cz\/#website","url":"https:\/\/www.mzone.cz\/","name":"Mzone","description":"Magaz\u00edn nejen pro mu\u017ee","potentialAction":[{"@type":"SearchAction","target":{"@type":"EntryPoint","urlTemplate":"https:\/\/www.mzone.cz\/?s={search_term_string}"},"query-input":{"@type":"PropertyValueSpecification","valueRequired":true,"valueName":"search_term_string"}}],"inLanguage":"en-US"},{"@type":"Person","@id":"https:\/\/www.mzone.cz\/#\/schema\/person\/9bc20cc422a99cac4af6ff9297da32d4","name":"Mzone","image":{"@type":"ImageObject","inLanguage":"en-US","@id":"https:\/\/secure.gravatar.com\/avatar\/e780a8630f3182a3d06dd667ab6bea151a0d155b0951bc15fe22633acdac0676?s=96&d=mm&r=g","url":"https:\/\/secure.gravatar.com\/avatar\/e780a8630f3182a3d06dd667ab6bea151a0d155b0951bc15fe22633acdac0676?s=96&d=mm&r=g","contentUrl":"https:\/\/secure.gravatar.com\/avatar\/e780a8630f3182a3d06dd667ab6bea151a0d155b0951bc15fe22633acdac0676?s=96&d=mm&r=g","caption":"Mzone"},"url":"https:\/\/www.mzone.cz\/en\/author\/jakub\/"}]}},"_links":{"self":[{"href":"https:\/\/www.mzone.cz\/en\/wp-json\/wp\/v2\/posts\/40588","targetHints":{"allow":["GET"]}}],"collection":[{"href":"https:\/\/www.mzone.cz\/en\/wp-json\/wp\/v2\/posts"}],"about":[{"href":"https:\/\/www.mzone.cz\/en\/wp-json\/wp\/v2\/types\/post"}],"author":[{"embeddable":true,"href":"https:\/\/www.mzone.cz\/en\/wp-json\/wp\/v2\/users\/4"}],"replies":[{"embeddable":true,"href":"https:\/\/www.mzone.cz\/en\/wp-json\/wp\/v2\/comments?post=40588"}],"version-history":[{"count":12,"href":"https:\/\/www.mzone.cz\/en\/wp-json\/wp\/v2\/posts\/40588\/revisions"}],"predecessor-version":[{"id":40609,"href":"https:\/\/www.mzone.cz\/en\/wp-json\/wp\/v2\/posts\/40588\/revisions\/40609"}],"wp:featuredmedia":[{"embeddable":true,"href":"https:\/\/www.mzone.cz\/en\/wp-json\/wp\/v2\/media\/40595"}],"wp:attachment":[{"href":"https:\/\/www.mzone.cz\/en\/wp-json\/wp\/v2\/media?parent=40588"}],"wp:term":[{"taxonomy":"category","embeddable":true,"href":"https:\/\/www.mzone.cz\/en\/wp-json\/wp\/v2\/categories?post=40588"},{"taxonomy":"post_tag","embeddable":true,"href":"https:\/\/www.mzone.cz\/en\/wp-json\/wp\/v2\/tags?post=40588"}],"curies":[{"name":"wp","href":"https:\/\/api.w.org\/{rel}","templated":true}]}}