{"id":40679,"date":"2023-05-24T04:45:00","date_gmt":"2023-05-24T02:45:00","guid":{"rendered":"https:\/\/www.mzone.cz\/?p=40679"},"modified":"2023-05-24T11:38:42","modified_gmt":"2023-05-24T09:38:42","slug":"pujcovna-privesnych-voziku-nejen-na-prepravu-motorek-v-brne-a-okoli","status":"publish","type":"post","link":"https:\/\/www.mzone.cz\/en\/pujcovna-privesnych-voziku-nejen-na-prepravu-motorek-v-brne-a-okoli\/","title":{"rendered":"P\u016fj\u010dovna p\u0159\u00edv\u011bsn\u00fdch voz\u00edk\u016f nejen na p\u0159epravu motorek v Brn\u011b a okol\u00ed"},"content":{"rendered":"<p><strong><a href=\"https:\/\/www.pujcovnaprivesubrno.cz\/pujcovna-voziku-brno.html\" target=\"_blank\" rel=\"noopener\">P\u016fj\u010dovna p\u0159\u00edv\u011bsn\u00fdch voz\u00edk\u016f na p\u0159epravu motorek v Brn\u011b<\/a>\u00a0nab\u00edz\u00ed bezpe\u010dn\u00e9 a pohodln\u011b \u0159e\u0161en\u00ed pro p\u0159epravu va\u0161\u00ed motorky. Pokud se va\u0161e motorka porouch\u00e1 a vy ji pot\u0159ebujete dostat n\u011bkam do servisu, p\u0159\u00edpadn\u011b se chyst\u00e1te na v\u00fdlet do zahrani\u010d\u00ed, ale pot\u0159ebujete si p\u0159ev\u00e9st nejen motorku, ale tak\u00e9 auto, pak je pro v\u00e1s p\u016fj\u010dovna p\u0159\u00edv\u011bsn\u00fdch voz\u00edk\u016f v Brn\u011b skv\u011blou p\u0159\u00edle\u017eitost\u00ed.<\/strong><\/p><br>\n\n\n\n<p>P\u016fj\u010dovna p\u0159\u00edv\u011bs\u016f a voz\u00edk\u016f ZOSO &#8211; TEX CZ nab\u00edz\u00ed \u0161irok\u00fd v\u00fdb\u011br kvalitn\u00edch a spolehliv\u00fdch voz\u00edk\u016f. Vyb\u00edrat m\u016f\u017eete \u0161irok\u00e9 nab\u00eddky r\u016fzn\u00fdch typ\u016f p\u0159\u00edv\u011bsn\u00fdch voz\u00edk\u016f, kter\u00e9 jsou&nbsp;<strong>vhodn\u00e9 nejen pro p\u0159epravu motorek r\u016fzn\u00fdch zna\u010dek a velikost\u00ed<\/strong>.<\/p>\n\n\n\n<blockquote class=\"wp-block-quote is-layout-flow wp-block-quote-is-layout-flow\">\n<p>Voz\u00edky jsou vybaveny bezpe\u010dnostn\u00edmi p\u00e1sy a jsou konstruov\u00e1ny tak, aby motorku co nejv\u00edce chr\u00e1nily p\u0159i p\u0159eprav\u011b. Nemus\u00edte se tak b\u00e1t, \u017ee si svou motorku p\u0159i ta\u017een\u00ed za dobrodru\u017estv\u00edm, jakkoliv poni\u010d\u00edte. V\u00fdmoly ani \u010desk\u00e9 silnice nemaj\u00ed \u0161anci.<\/p>\n<\/blockquote>\n\n\n\n<h2 class=\"wp-block-heading\">Vyhledejte p\u016fj\u010dovnu ZOSO &#8211; TEX CZ<\/h2>\n\n\n\n<p><strong><a href=\"https:\/\/www.pujcovnaprivesubrno.cz\/kontakt-lpg-brno.html\" target=\"_blank\" rel=\"noopener\">ZOSO &#8211; TEX CZ<\/a>\u00a0poskytuje kvalitn\u00ed a profesion\u00e1ln\u00ed slu\u017eby za rozumnou cenu.<\/strong>\u00a0Na\u0161i zam\u011bstnanci jsou v\u00e1m k dispozici pro jakoukoliv radu a pomohou v\u00e1m s v\u00fdb\u011brem vhodn\u00e9ho voz\u00edku pro va\u0161i motorku.\u00a0<strong>Uk\u00e1\u017eeme v\u00e1m, jak va\u0161i motorku spr\u00e1vn\u011b zajistit, jak p\u0159\u00edv\u011bsn\u00fd voz\u00edk p\u0159ipojit i odpojit.\u00a0<\/strong>S n\u00e1mi se cestov\u00e1n\u00ed s p\u0159\u00edv\u011bsn\u00fdm voz\u00edkem zkr\u00e1tka b\u00e1t nemus\u00edte.<\/p><br>\n\n\n\n<h2 class=\"wp-block-heading\">Na\u0161e slu\u017eby p\u0159ehledn\u011b<\/h2>\n\n\n\n<p>V nab\u00eddce m\u00e1me autop\u0159epravn\u00edky s nosnost\u00ed 2.000 &#8211; 2.700 kg a n\u00e1kladn\u00ed p\u0159\u00edv\u011bsy od 750 &#8211; 2.500 kg. D\u00e1le poskytujeme zap\u016fj\u010den\u00ed st\u0159e\u0161n\u00edch box\u016f pro osobn\u00ed automobily. Krom\u011b p\u016fj\u010dov\u00e1n\u00ed vlek\u016f&nbsp;<strong>se tak\u00e9 specializujeme na opravy a rekonstrukce n\u00e1kladn\u00edch p\u0159\u00edv\u011bs\u016f v\u010detn\u011b elektroinstalace.<\/strong><\/p><br>\n\n\n\n<p>Pro st\u00e1l\u00e9 z\u00e1kazn\u00edky nab\u00edz\u00edme v\u00fdrazn\u00e9 slevy.\u00a0<strong>P\u016fj\u010dovna je otev\u0159ena 7 dn\u00ed v t\u00fddnu<\/strong>, podrobnosti o provozn\u00ed dob\u011b najdete na na\u0161ich internetov\u00fdch str\u00e1nk\u00e1ch\u00a0<strong><a href=\"https:\/\/www.pujcovnaprivesubrno.cz\/\" target=\"_blank\" rel=\"noopener\">www.pujcovnaprivesubrno.cz<\/a><\/strong>.<\/p><br>\n\n\n\n<h3 class=\"wp-block-heading\">Kontakt:<\/h3>\n\n\n\n<p><strong>ZOSO &#8211; TEX CZ, dru\u017estvo<\/strong><\/p>\n\n\n\n<p>Olomouck\u00e1 277\/15, Brno-\u010cernovice<\/p>\n\n\n\n<p>e-mail: <a href=\"mailto:pujcovnazoso@centrum.cz\">pujcovnazoso@centrum.cz<\/a><\/p>\n\n\n\n<p>Tel: 775 775 002<\/p>\n\n\n\n<p>Pevn\u00e1 linka: 548 534 100<\/p><br>\n\n\n\n<div class=\"wp-block-media-text alignwide is-stacked-on-mobile is-vertically-aligned-top\" style=\"grid-template-columns:17% auto\"><figure class=\"wp-block-media-text__media\"><a href=\"https:\/\/www.mzone.cz\/preprava-kola-autem-tipy\/\"><img loading=\"lazy\" decoding=\"async\" width=\"1024\" height=\"683\" src=\"https:\/\/www.mzone.cz\/wp-content\/uploads\/2022\/12\/Preprava-kola-na-strese-auta-1024x683.jpg\" alt=\"P\u0159eprava kola na st\u0159e\u0161e auta\" class=\"wp-image-39138 size-full\" srcset=\"https:\/\/www.mzone.cz\/wp-content\/uploads\/2022\/12\/Preprava-kola-na-strese-auta-1024x683.jpg 1024w, https:\/\/www.mzone.cz\/wp-content\/uploads\/2022\/12\/Preprava-kola-na-strese-auta-300x200.jpg 300w, https:\/\/www.mzone.cz\/wp-content\/uploads\/2022\/12\/Preprava-kola-na-strese-auta-768x512.jpg 768w, https:\/\/www.mzone.cz\/wp-content\/uploads\/2022\/12\/Preprava-kola-na-strese-auta-18x12.jpg 18w, https:\/\/www.mzone.cz\/wp-content\/uploads\/2022\/12\/Preprava-kola-na-strese-auta-800x533.jpg 800w, https:\/\/www.mzone.cz\/wp-content\/uploads\/2022\/12\/Preprava-kola-na-strese-auta-400x267.jpg 400w, https:\/\/www.mzone.cz\/wp-content\/uploads\/2022\/12\/Preprava-kola-na-strese-auta-500x333.jpg 500w, https:\/\/www.mzone.cz\/wp-content\/uploads\/2022\/12\/Preprava-kola-na-strese-auta-590x393.jpg 590w, https:\/\/www.mzone.cz\/wp-content\/uploads\/2022\/12\/Preprava-kola-na-strese-auta.jpg 1080w\" sizes=\"auto, (max-width: 1024px) 100vw, 1024px\" \/><\/a><\/figure><div class=\"wp-block-media-text__content\">\n<h4 class=\"wp-block-heading\"><a href=\"https:\/\/www.mzone.cz\/preprava-kola-autem-tipy\/\">Jak na p\u0159epravu kola autem<\/a><\/h4><br>\n<\/div><\/div>","protected":false},"excerpt":{"rendered":"<p>P\u016fj\u010dovna p\u0159\u00edv\u011bsn\u00fdch voz\u00edk\u016f na p\u0159epravu motorek v Brn\u011b\u00a0nab\u00edz\u00ed bezpe\u010dn\u00e9 a pohodln\u011b \u0159e\u0161en\u00ed pro p\u0159epravu va\u0161\u00ed motorky. Pokud se va\u0161e motorka porouch\u00e1 a vy ji pot\u0159ebujete dostat n\u011bkam do servisu, p\u0159\u00edpadn\u011b se chyst\u00e1te na v\u00fdlet do zahrani\u010d\u00ed, ale pot\u0159ebujete si p\u0159ev\u00e9st nejen motorku, ale tak\u00e9 auto, pak je pro v\u00e1s p\u016fj\u010dovna p\u0159\u00edv\u011bsn\u00fdch voz\u00edk\u016f v Brn\u011b skv\u011blou [&hellip;]<\/p>\n","protected":false},"author":4,"featured_media":40682,"comment_status":"open","ping_status":"closed","sticky":false,"template":"","format":"standard","meta":{"kk_blocks_editor_width":"","_kiokenblocks_attr":"","_kiokenblocks_dimensions":"","footnotes":""},"categories":[69],"tags":[462,1211,2470,604,464,463,1832,2786,5886,5885,5884,5882,5883],"class_list":["post-40679","post","type-post","status-publish","format-standard","has-post-thumbnail","hentry","category-auto-moto","tag-auto-moto","tag-brno","tag-jihomoravsky-kraj","tag-moto","tag-motocykly","tag-motorky","tag-preprava","tag-prevoz","tag-privesne-voziky","tag-privesny-vozik","tag-pujcovna","tag-vozik","tag-voziky"],"yoast_head":"<!-- This site is optimized with the Yoast SEO plugin v27.5 - https:\/\/yoast.com\/product\/yoast-seo-wordpress\/ -->\n<title>P\u016fj\u010dovna p\u0159\u00edv\u011bsn\u00fdch voz\u00edk\u016f nejen na p\u0159epravu motorek v Brn\u011b a okol\u00ed - Mzone<\/title>\n<meta name=\"description\" content=\"P\u016fj\u010dovna p\u0159\u00edv\u011bsn\u00fdch voz\u00edk\u016f na p\u0159epravu motorek v Brn\u011b nab\u00edz\u00ed bezpe\u010dn\u00e9 a pohodln\u011b \u0159e\u0161en\u00ed pro p\u0159epravu va\u0161\u00ed motorky. Pokud se va\u0161e motorka porouch\u00e1 a vy ji pot\u0159ebujete dostat n\u011bkam do servisu, p\u0159\u00edpadn\u011b se chyst\u00e1te na v\u00fdlet do zahrani\u010d\u00ed, ale pot\u0159ebujete si p\u0159ev\u00e9st nejen motorku, ale tak\u00e9 auto, pak je pro v\u00e1s p\u016fj\u010dovna p\u0159\u00edv\u011bsn\u00fdch voz\u00edk\u016f v Brn\u011b skv\u011blou p\u0159\u00edle\u017eitost\u00ed.\" \/>\n<meta name=\"robots\" content=\"index, follow, max-snippet:-1, max-image-preview:large, max-video-preview:-1\" \/>\n<link rel=\"canonical\" href=\"https:\/\/www.mzone.cz\/en\/pujcovna-privesnych-voziku-nejen-na-prepravu-motorek-v-brne-a-okoli\/\" \/>\n<meta property=\"og:locale\" content=\"en_US\" \/>\n<meta property=\"og:type\" content=\"article\" \/>\n<meta property=\"og:title\" content=\"P\u016fj\u010dovna p\u0159\u00edv\u011bsn\u00fdch voz\u00edk\u016f nejen na p\u0159epravu motorek v Brn\u011b a okol\u00ed - Mzone\" \/>\n<meta property=\"og:description\" content=\"P\u016fj\u010dovna p\u0159\u00edv\u011bsn\u00fdch voz\u00edk\u016f na p\u0159epravu motorek v Brn\u011b nab\u00edz\u00ed bezpe\u010dn\u00e9 a pohodln\u011b \u0159e\u0161en\u00ed pro p\u0159epravu va\u0161\u00ed motorky. Pokud se va\u0161e motorka porouch\u00e1 a vy ji pot\u0159ebujete dostat n\u011bkam do servisu, p\u0159\u00edpadn\u011b se chyst\u00e1te na v\u00fdlet do zahrani\u010d\u00ed, ale pot\u0159ebujete si p\u0159ev\u00e9st nejen motorku, ale tak\u00e9 auto, pak je pro v\u00e1s p\u016fj\u010dovna p\u0159\u00edv\u011bsn\u00fdch voz\u00edk\u016f v Brn\u011b skv\u011blou p\u0159\u00edle\u017eitost\u00ed.\" \/>\n<meta property=\"og:url\" content=\"https:\/\/www.mzone.cz\/en\/pujcovna-privesnych-voziku-nejen-na-prepravu-motorek-v-brne-a-okoli\/\" \/>\n<meta property=\"og:site_name\" content=\"Mzone\" \/>\n<meta property=\"article:publisher\" content=\"https:\/\/www.facebook.com\/MzoneCZ\/\" \/>\n<meta property=\"article:published_time\" content=\"2023-05-24T02:45:00+00:00\" \/>\n<meta property=\"article:modified_time\" content=\"2023-05-24T09:38:42+00:00\" \/>\n<meta property=\"og:image\" content=\"https:\/\/www.mzone.cz\/wp-content\/uploads\/2023\/05\/Pujcovna-privesnych-voziku.jpg\" \/>\n\t<meta property=\"og:image:width\" content=\"1195\" \/>\n\t<meta property=\"og:image:height\" content=\"796\" \/>\n\t<meta property=\"og:image:type\" content=\"image\/jpeg\" \/>\n<meta name=\"author\" content=\"Mzone\" \/>\n<meta name=\"twitter:card\" content=\"summary_large_image\" \/>\n<meta name=\"twitter:label1\" content=\"Written by\" \/>\n\t<meta name=\"twitter:data1\" content=\"Mzone\" \/>\n\t<meta name=\"twitter:label2\" content=\"Est. reading time\" \/>\n\t<meta name=\"twitter:data2\" content=\"2 minutes\" \/>\n<script type=\"application\/ld+json\" class=\"yoast-schema-graph\">{\"@context\":\"https:\\\/\\\/schema.org\",\"@graph\":[{\"@type\":\"Article\",\"@id\":\"https:\\\/\\\/www.mzone.cz\\\/pujcovna-privesnych-voziku-nejen-na-prepravu-motorek-v-brne-a-okoli\\\/#article\",\"isPartOf\":{\"@id\":\"https:\\\/\\\/www.mzone.cz\\\/pujcovna-privesnych-voziku-nejen-na-prepravu-motorek-v-brne-a-okoli\\\/\"},\"author\":{\"name\":\"Mzone\",\"@id\":\"https:\\\/\\\/www.mzone.cz\\\/#\\\/schema\\\/person\\\/9bc20cc422a99cac4af6ff9297da32d4\"},\"headline\":\"P\u016fj\u010dovna p\u0159\u00edv\u011bsn\u00fdch voz\u00edk\u016f nejen na p\u0159epravu motorek v Brn\u011b a okol\u00ed\",\"datePublished\":\"2023-05-24T02:45:00+00:00\",\"dateModified\":\"2023-05-24T09:38:42+00:00\",\"mainEntityOfPage\":{\"@id\":\"https:\\\/\\\/www.mzone.cz\\\/pujcovna-privesnych-voziku-nejen-na-prepravu-motorek-v-brne-a-okoli\\\/\"},\"wordCount\":432,\"commentCount\":0,\"image\":{\"@id\":\"https:\\\/\\\/www.mzone.cz\\\/pujcovna-privesnych-voziku-nejen-na-prepravu-motorek-v-brne-a-okoli\\\/#primaryimage\"},\"thumbnailUrl\":\"https:\\\/\\\/www.mzone.cz\\\/wp-content\\\/uploads\\\/2023\\\/05\\\/Pujcovna-privesnych-voziku.jpg\",\"keywords\":[\"auto-moto\",\"Brno\",\"Jihomoravsk\u00fd kraj\",\"moto\",\"motocykly\",\"motorky\",\"p\u0159eprava\",\"p\u0159evoz\",\"p\u0159\u00edv\u011bsn\u00e9 voz\u00edky\",\"p\u0159\u00edv\u011bsn\u00fd voz\u00edk\",\"p\u016fj\u010dovna\",\"voz\u00edk\",\"voz\u00edky\"],\"articleSection\":[\"Auto-moto\"],\"inLanguage\":\"en-US\",\"potentialAction\":[{\"@type\":\"CommentAction\",\"name\":\"Comment\",\"target\":[\"https:\\\/\\\/www.mzone.cz\\\/pujcovna-privesnych-voziku-nejen-na-prepravu-motorek-v-brne-a-okoli\\\/#respond\"]}]},{\"@type\":\"WebPage\",\"@id\":\"https:\\\/\\\/www.mzone.cz\\\/pujcovna-privesnych-voziku-nejen-na-prepravu-motorek-v-brne-a-okoli\\\/\",\"url\":\"https:\\\/\\\/www.mzone.cz\\\/pujcovna-privesnych-voziku-nejen-na-prepravu-motorek-v-brne-a-okoli\\\/\",\"name\":\"P\u016fj\u010dovna p\u0159\u00edv\u011bsn\u00fdch voz\u00edk\u016f nejen na p\u0159epravu motorek v Brn\u011b a okol\u00ed - Mzone\",\"isPartOf\":{\"@id\":\"https:\\\/\\\/www.mzone.cz\\\/#website\"},\"primaryImageOfPage\":{\"@id\":\"https:\\\/\\\/www.mzone.cz\\\/pujcovna-privesnych-voziku-nejen-na-prepravu-motorek-v-brne-a-okoli\\\/#primaryimage\"},\"image\":{\"@id\":\"https:\\\/\\\/www.mzone.cz\\\/pujcovna-privesnych-voziku-nejen-na-prepravu-motorek-v-brne-a-okoli\\\/#primaryimage\"},\"thumbnailUrl\":\"https:\\\/\\\/www.mzone.cz\\\/wp-content\\\/uploads\\\/2023\\\/05\\\/Pujcovna-privesnych-voziku.jpg\",\"datePublished\":\"2023-05-24T02:45:00+00:00\",\"dateModified\":\"2023-05-24T09:38:42+00:00\",\"author\":{\"@id\":\"https:\\\/\\\/www.mzone.cz\\\/#\\\/schema\\\/person\\\/9bc20cc422a99cac4af6ff9297da32d4\"},\"description\":\"P\u016fj\u010dovna p\u0159\u00edv\u011bsn\u00fdch voz\u00edk\u016f na p\u0159epravu motorek v Brn\u011b nab\u00edz\u00ed bezpe\u010dn\u00e9 a pohodln\u011b \u0159e\u0161en\u00ed pro p\u0159epravu va\u0161\u00ed motorky. Pokud se va\u0161e motorka porouch\u00e1 a vy ji pot\u0159ebujete dostat n\u011bkam do servisu, p\u0159\u00edpadn\u011b se chyst\u00e1te na v\u00fdlet do zahrani\u010d\u00ed, ale pot\u0159ebujete si p\u0159ev\u00e9st nejen motorku, ale tak\u00e9 auto, pak je pro v\u00e1s p\u016fj\u010dovna p\u0159\u00edv\u011bsn\u00fdch voz\u00edk\u016f v Brn\u011b skv\u011blou p\u0159\u00edle\u017eitost\u00ed.\",\"breadcrumb\":{\"@id\":\"https:\\\/\\\/www.mzone.cz\\\/pujcovna-privesnych-voziku-nejen-na-prepravu-motorek-v-brne-a-okoli\\\/#breadcrumb\"},\"inLanguage\":\"en-US\",\"potentialAction\":[{\"@type\":\"ReadAction\",\"target\":[\"https:\\\/\\\/www.mzone.cz\\\/pujcovna-privesnych-voziku-nejen-na-prepravu-motorek-v-brne-a-okoli\\\/\"]}]},{\"@type\":\"ImageObject\",\"inLanguage\":\"en-US\",\"@id\":\"https:\\\/\\\/www.mzone.cz\\\/pujcovna-privesnych-voziku-nejen-na-prepravu-motorek-v-brne-a-okoli\\\/#primaryimage\",\"url\":\"https:\\\/\\\/www.mzone.cz\\\/wp-content\\\/uploads\\\/2023\\\/05\\\/Pujcovna-privesnych-voziku.jpg\",\"contentUrl\":\"https:\\\/\\\/www.mzone.cz\\\/wp-content\\\/uploads\\\/2023\\\/05\\\/Pujcovna-privesnych-voziku.jpg\",\"width\":1195,\"height\":796,\"caption\":\"P\u016fj\u010dovna p\u0159\u00edv\u011bsn\u00fdch voz\u00edk\u016f\"},{\"@type\":\"BreadcrumbList\",\"@id\":\"https:\\\/\\\/www.mzone.cz\\\/pujcovna-privesnych-voziku-nejen-na-prepravu-motorek-v-brne-a-okoli\\\/#breadcrumb\",\"itemListElement\":[{\"@type\":\"ListItem\",\"position\":1,\"name\":\"Dom\u016f\",\"item\":\"https:\\\/\\\/www.mzone.cz\\\/\"},{\"@type\":\"ListItem\",\"position\":2,\"name\":\"P\u016fj\u010dovna p\u0159\u00edv\u011bsn\u00fdch voz\u00edk\u016f nejen na p\u0159epravu motorek v Brn\u011b a okol\u00ed\"}]},{\"@type\":\"WebSite\",\"@id\":\"https:\\\/\\\/www.mzone.cz\\\/#website\",\"url\":\"https:\\\/\\\/www.mzone.cz\\\/\",\"name\":\"Mzone\",\"description\":\"Magaz\u00edn nejen pro mu\u017ee\",\"potentialAction\":[{\"@type\":\"SearchAction\",\"target\":{\"@type\":\"EntryPoint\",\"urlTemplate\":\"https:\\\/\\\/www.mzone.cz\\\/?s={search_term_string}\"},\"query-input\":{\"@type\":\"PropertyValueSpecification\",\"valueRequired\":true,\"valueName\":\"search_term_string\"}}],\"inLanguage\":\"en-US\"},{\"@type\":\"Person\",\"@id\":\"https:\\\/\\\/www.mzone.cz\\\/#\\\/schema\\\/person\\\/9bc20cc422a99cac4af6ff9297da32d4\",\"name\":\"Mzone\",\"image\":{\"@type\":\"ImageObject\",\"inLanguage\":\"en-US\",\"@id\":\"https:\\\/\\\/secure.gravatar.com\\\/avatar\\\/e780a8630f3182a3d06dd667ab6bea151a0d155b0951bc15fe22633acdac0676?s=96&d=mm&r=g\",\"url\":\"https:\\\/\\\/secure.gravatar.com\\\/avatar\\\/e780a8630f3182a3d06dd667ab6bea151a0d155b0951bc15fe22633acdac0676?s=96&d=mm&r=g\",\"contentUrl\":\"https:\\\/\\\/secure.gravatar.com\\\/avatar\\\/e780a8630f3182a3d06dd667ab6bea151a0d155b0951bc15fe22633acdac0676?s=96&d=mm&r=g\",\"caption\":\"Mzone\"},\"url\":\"https:\\\/\\\/www.mzone.cz\\\/en\\\/author\\\/jakub\\\/\"}]}<\/script>\n<!-- \/ Yoast SEO plugin. -->","yoast_head_json":{"title":"P\u016fj\u010dovna p\u0159\u00edv\u011bsn\u00fdch voz\u00edk\u016f nejen na p\u0159epravu motorek v Brn\u011b a okol\u00ed - Mzone","description":"P\u016fj\u010dovna p\u0159\u00edv\u011bsn\u00fdch voz\u00edk\u016f na p\u0159epravu motorek v Brn\u011b nab\u00edz\u00ed bezpe\u010dn\u00e9 a pohodln\u011b \u0159e\u0161en\u00ed pro p\u0159epravu va\u0161\u00ed motorky. Pokud se va\u0161e motorka porouch\u00e1 a vy ji pot\u0159ebujete dostat n\u011bkam do servisu, p\u0159\u00edpadn\u011b se chyst\u00e1te na v\u00fdlet do zahrani\u010d\u00ed, ale pot\u0159ebujete si p\u0159ev\u00e9st nejen motorku, ale tak\u00e9 auto, pak je pro v\u00e1s p\u016fj\u010dovna p\u0159\u00edv\u011bsn\u00fdch voz\u00edk\u016f v Brn\u011b skv\u011blou p\u0159\u00edle\u017eitost\u00ed.","robots":{"index":"index","follow":"follow","max-snippet":"max-snippet:-1","max-image-preview":"max-image-preview:large","max-video-preview":"max-video-preview:-1"},"canonical":"https:\/\/www.mzone.cz\/en\/pujcovna-privesnych-voziku-nejen-na-prepravu-motorek-v-brne-a-okoli\/","og_locale":"en_US","og_type":"article","og_title":"P\u016fj\u010dovna p\u0159\u00edv\u011bsn\u00fdch voz\u00edk\u016f nejen na p\u0159epravu motorek v Brn\u011b a okol\u00ed - Mzone","og_description":"P\u016fj\u010dovna p\u0159\u00edv\u011bsn\u00fdch voz\u00edk\u016f na p\u0159epravu motorek v Brn\u011b nab\u00edz\u00ed bezpe\u010dn\u00e9 a pohodln\u011b \u0159e\u0161en\u00ed pro p\u0159epravu va\u0161\u00ed motorky. Pokud se va\u0161e motorka porouch\u00e1 a vy ji pot\u0159ebujete dostat n\u011bkam do servisu, p\u0159\u00edpadn\u011b se chyst\u00e1te na v\u00fdlet do zahrani\u010d\u00ed, ale pot\u0159ebujete si p\u0159ev\u00e9st nejen motorku, ale tak\u00e9 auto, pak je pro v\u00e1s p\u016fj\u010dovna p\u0159\u00edv\u011bsn\u00fdch voz\u00edk\u016f v Brn\u011b skv\u011blou p\u0159\u00edle\u017eitost\u00ed.","og_url":"https:\/\/www.mzone.cz\/en\/pujcovna-privesnych-voziku-nejen-na-prepravu-motorek-v-brne-a-okoli\/","og_site_name":"Mzone","article_publisher":"https:\/\/www.facebook.com\/MzoneCZ\/","article_published_time":"2023-05-24T02:45:00+00:00","article_modified_time":"2023-05-24T09:38:42+00:00","og_image":[{"width":1195,"height":796,"url":"https:\/\/www.mzone.cz\/wp-content\/uploads\/2023\/05\/Pujcovna-privesnych-voziku.jpg","type":"image\/jpeg"}],"author":"Mzone","twitter_card":"summary_large_image","twitter_misc":{"Written by":"Mzone","Est. reading time":"2 minutes"},"schema":{"@context":"https:\/\/schema.org","@graph":[{"@type":"Article","@id":"https:\/\/www.mzone.cz\/pujcovna-privesnych-voziku-nejen-na-prepravu-motorek-v-brne-a-okoli\/#article","isPartOf":{"@id":"https:\/\/www.mzone.cz\/pujcovna-privesnych-voziku-nejen-na-prepravu-motorek-v-brne-a-okoli\/"},"author":{"name":"Mzone","@id":"https:\/\/www.mzone.cz\/#\/schema\/person\/9bc20cc422a99cac4af6ff9297da32d4"},"headline":"P\u016fj\u010dovna p\u0159\u00edv\u011bsn\u00fdch voz\u00edk\u016f nejen na p\u0159epravu motorek v Brn\u011b a okol\u00ed","datePublished":"2023-05-24T02:45:00+00:00","dateModified":"2023-05-24T09:38:42+00:00","mainEntityOfPage":{"@id":"https:\/\/www.mzone.cz\/pujcovna-privesnych-voziku-nejen-na-prepravu-motorek-v-brne-a-okoli\/"},"wordCount":432,"commentCount":0,"image":{"@id":"https:\/\/www.mzone.cz\/pujcovna-privesnych-voziku-nejen-na-prepravu-motorek-v-brne-a-okoli\/#primaryimage"},"thumbnailUrl":"https:\/\/www.mzone.cz\/wp-content\/uploads\/2023\/05\/Pujcovna-privesnych-voziku.jpg","keywords":["auto-moto","Brno","Jihomoravsk\u00fd kraj","moto","motocykly","motorky","p\u0159eprava","p\u0159evoz","p\u0159\u00edv\u011bsn\u00e9 voz\u00edky","p\u0159\u00edv\u011bsn\u00fd voz\u00edk","p\u016fj\u010dovna","voz\u00edk","voz\u00edky"],"articleSection":["Auto-moto"],"inLanguage":"en-US","potentialAction":[{"@type":"CommentAction","name":"Comment","target":["https:\/\/www.mzone.cz\/pujcovna-privesnych-voziku-nejen-na-prepravu-motorek-v-brne-a-okoli\/#respond"]}]},{"@type":"WebPage","@id":"https:\/\/www.mzone.cz\/pujcovna-privesnych-voziku-nejen-na-prepravu-motorek-v-brne-a-okoli\/","url":"https:\/\/www.mzone.cz\/pujcovna-privesnych-voziku-nejen-na-prepravu-motorek-v-brne-a-okoli\/","name":"P\u016fj\u010dovna p\u0159\u00edv\u011bsn\u00fdch voz\u00edk\u016f nejen na p\u0159epravu motorek v Brn\u011b a okol\u00ed - Mzone","isPartOf":{"@id":"https:\/\/www.mzone.cz\/#website"},"primaryImageOfPage":{"@id":"https:\/\/www.mzone.cz\/pujcovna-privesnych-voziku-nejen-na-prepravu-motorek-v-brne-a-okoli\/#primaryimage"},"image":{"@id":"https:\/\/www.mzone.cz\/pujcovna-privesnych-voziku-nejen-na-prepravu-motorek-v-brne-a-okoli\/#primaryimage"},"thumbnailUrl":"https:\/\/www.mzone.cz\/wp-content\/uploads\/2023\/05\/Pujcovna-privesnych-voziku.jpg","datePublished":"2023-05-24T02:45:00+00:00","dateModified":"2023-05-24T09:38:42+00:00","author":{"@id":"https:\/\/www.mzone.cz\/#\/schema\/person\/9bc20cc422a99cac4af6ff9297da32d4"},"description":"P\u016fj\u010dovna p\u0159\u00edv\u011bsn\u00fdch voz\u00edk\u016f na p\u0159epravu motorek v Brn\u011b nab\u00edz\u00ed bezpe\u010dn\u00e9 a pohodln\u011b \u0159e\u0161en\u00ed pro p\u0159epravu va\u0161\u00ed motorky. Pokud se va\u0161e motorka porouch\u00e1 a vy ji pot\u0159ebujete dostat n\u011bkam do servisu, p\u0159\u00edpadn\u011b se chyst\u00e1te na v\u00fdlet do zahrani\u010d\u00ed, ale pot\u0159ebujete si p\u0159ev\u00e9st nejen motorku, ale tak\u00e9 auto, pak je pro v\u00e1s p\u016fj\u010dovna p\u0159\u00edv\u011bsn\u00fdch voz\u00edk\u016f v Brn\u011b skv\u011blou p\u0159\u00edle\u017eitost\u00ed.","breadcrumb":{"@id":"https:\/\/www.mzone.cz\/pujcovna-privesnych-voziku-nejen-na-prepravu-motorek-v-brne-a-okoli\/#breadcrumb"},"inLanguage":"en-US","potentialAction":[{"@type":"ReadAction","target":["https:\/\/www.mzone.cz\/pujcovna-privesnych-voziku-nejen-na-prepravu-motorek-v-brne-a-okoli\/"]}]},{"@type":"ImageObject","inLanguage":"en-US","@id":"https:\/\/www.mzone.cz\/pujcovna-privesnych-voziku-nejen-na-prepravu-motorek-v-brne-a-okoli\/#primaryimage","url":"https:\/\/www.mzone.cz\/wp-content\/uploads\/2023\/05\/Pujcovna-privesnych-voziku.jpg","contentUrl":"https:\/\/www.mzone.cz\/wp-content\/uploads\/2023\/05\/Pujcovna-privesnych-voziku.jpg","width":1195,"height":796,"caption":"P\u016fj\u010dovna p\u0159\u00edv\u011bsn\u00fdch voz\u00edk\u016f"},{"@type":"BreadcrumbList","@id":"https:\/\/www.mzone.cz\/pujcovna-privesnych-voziku-nejen-na-prepravu-motorek-v-brne-a-okoli\/#breadcrumb","itemListElement":[{"@type":"ListItem","position":1,"name":"Dom\u016f","item":"https:\/\/www.mzone.cz\/"},{"@type":"ListItem","position":2,"name":"P\u016fj\u010dovna p\u0159\u00edv\u011bsn\u00fdch voz\u00edk\u016f nejen na p\u0159epravu motorek v Brn\u011b a okol\u00ed"}]},{"@type":"WebSite","@id":"https:\/\/www.mzone.cz\/#website","url":"https:\/\/www.mzone.cz\/","name":"Mzone","description":"Magaz\u00edn nejen pro mu\u017ee","potentialAction":[{"@type":"SearchAction","target":{"@type":"EntryPoint","urlTemplate":"https:\/\/www.mzone.cz\/?s={search_term_string}"},"query-input":{"@type":"PropertyValueSpecification","valueRequired":true,"valueName":"search_term_string"}}],"inLanguage":"en-US"},{"@type":"Person","@id":"https:\/\/www.mzone.cz\/#\/schema\/person\/9bc20cc422a99cac4af6ff9297da32d4","name":"Mzone","image":{"@type":"ImageObject","inLanguage":"en-US","@id":"https:\/\/secure.gravatar.com\/avatar\/e780a8630f3182a3d06dd667ab6bea151a0d155b0951bc15fe22633acdac0676?s=96&d=mm&r=g","url":"https:\/\/secure.gravatar.com\/avatar\/e780a8630f3182a3d06dd667ab6bea151a0d155b0951bc15fe22633acdac0676?s=96&d=mm&r=g","contentUrl":"https:\/\/secure.gravatar.com\/avatar\/e780a8630f3182a3d06dd667ab6bea151a0d155b0951bc15fe22633acdac0676?s=96&d=mm&r=g","caption":"Mzone"},"url":"https:\/\/www.mzone.cz\/en\/author\/jakub\/"}]}},"_links":{"self":[{"href":"https:\/\/www.mzone.cz\/en\/wp-json\/wp\/v2\/posts\/40679","targetHints":{"allow":["GET"]}}],"collection":[{"href":"https:\/\/www.mzone.cz\/en\/wp-json\/wp\/v2\/posts"}],"about":[{"href":"https:\/\/www.mzone.cz\/en\/wp-json\/wp\/v2\/types\/post"}],"author":[{"embeddable":true,"href":"https:\/\/www.mzone.cz\/en\/wp-json\/wp\/v2\/users\/4"}],"replies":[{"embeddable":true,"href":"https:\/\/www.mzone.cz\/en\/wp-json\/wp\/v2\/comments?post=40679"}],"version-history":[{"count":11,"href":"https:\/\/www.mzone.cz\/en\/wp-json\/wp\/v2\/posts\/40679\/revisions"}],"predecessor-version":[{"id":40691,"href":"https:\/\/www.mzone.cz\/en\/wp-json\/wp\/v2\/posts\/40679\/revisions\/40691"}],"wp:featuredmedia":[{"embeddable":true,"href":"https:\/\/www.mzone.cz\/en\/wp-json\/wp\/v2\/media\/40682"}],"wp:attachment":[{"href":"https:\/\/www.mzone.cz\/en\/wp-json\/wp\/v2\/media?parent=40679"}],"wp:term":[{"taxonomy":"category","embeddable":true,"href":"https:\/\/www.mzone.cz\/en\/wp-json\/wp\/v2\/categories?post=40679"},{"taxonomy":"post_tag","embeddable":true,"href":"https:\/\/www.mzone.cz\/en\/wp-json\/wp\/v2\/tags?post=40679"}],"curies":[{"name":"wp","href":"https:\/\/api.w.org\/{rel}","templated":true}]}}