{"id":40693,"date":"2023-05-26T13:31:27","date_gmt":"2023-05-26T11:31:27","guid":{"rendered":"https:\/\/www.mzone.cz\/?p=40693"},"modified":"2023-05-26T13:31:28","modified_gmt":"2023-05-26T11:31:28","slug":"kniha-regi-skutecny-pribeh-elitniho-vojaka","status":"publish","type":"post","link":"https:\/\/www.mzone.cz\/en\/kniha-regi-skutecny-pribeh-elitniho-vojaka\/","title":{"rendered":"Vy\u0161la nov\u00e1 kniha o hrdinovi: Regi, skute\u010dn\u00fd p\u0159\u00edb\u011bh elitn\u00edho voj\u00e1ka"},"content":{"rendered":"<p><strong>Pr\u00e1v\u011b vy\u0161la nov\u00e1 kniha spisovatele, re\u017eis\u00e9ra a sc\u00e9n\u00e1risty Libora Adama &#8220;Regi, skute\u010dn\u00fd p\u0159\u00edb\u011bh elitn\u00edho voj\u00e1ka&#8221;. Jedn\u00e1 se o siln\u00fd p\u0159\u00edb\u011bh voj\u00e1ka Ji\u0159\u00edho REGI Schamse, \u010dlena b\u00fdval\u00e9 elitn\u00ed skupiny \u00datvaru speci\u00e1ln\u00edch operac\u00ed Vojensk\u00e9 policie Arm\u00e1dy \u010cesk\u00e9 republiky, kter\u00fd pat\u0159\u00ed bezpochyby mezi nejzn\u00e1m\u011bj\u0161\u00ed \u010desk\u00e9 novodob\u00e9 v\u00e1le\u010dn\u00e9 veter\u00e1ny.<\/strong><\/p><br>\n\n\n\n<p>V roce 2008 byl v Afgh\u00e1nist\u00e1nu t\u011b\u017ece ran\u011bn p\u0159i \u00fatoku sebevra\u017eedn\u00e9ho atent\u00e1tn\u00edka. Jeho neuv\u011b\u0159iteln\u00fd boj s n\u00e1sledky sv\u00fdch zran\u011bn\u00ed a nep\u0159\u00edzn\u00ed osudu je t\u00e9matem t\u00e9to nov\u00e9 knihy a p\u0159in\u00e1\u0161\u00ed velkou inspiraci. Knihu vyd\u00e1v\u00e1 N\u00e1rodn\u00ed institut pro obranu a bezpe\u010dnost a lze ji koupit u v\u0161ech dobr\u00fdch knihkupc\u016f nebo objedn\u00e1vat p\u0159\u00edmo online na webu\u00a0<a href=\"https:\/\/regi.cz\/\" target=\"_blank\" rel=\"noreferrer noopener\">regi.cz<\/a>.<\/p>\n\n\n\n<blockquote class=\"wp-block-quote is-layout-flow wp-block-quote-is-layout-flow\">\n<p>V\u00a0roce 2008 byl v Afganist\u00e1nu voj\u00e1k Ji\u0159\u00ed Schams alias REGI t\u011b\u017ece ran\u011bn pro \u00fatoku sebevra\u017eedn\u00e9ho atent\u00e1tn\u00edka ve m\u011bste\u010dku Gere\u0161k. V d\u016fsledku zran\u011bn\u00ed z\u016fstal n\u011bkolik m\u011bs\u00edc\u016f v k\u00f3matu a st\u0159epina, kter\u00e1 mu z\u016fstala v hlav\u011b mu t\u011b\u017ece po\u0161kodila mozek a upoutala jej na invalidn\u00ed voz\u00edk. Navzdory nekompromisn\u00edm l\u00e9ka\u0159sk\u00fdm p\u0159edpov\u011bd\u00edm, kter\u00e9 mu ned\u00e1valy mnoho \u0161anc\u00ed na p\u0159e\u017eit\u00ed se REGI nikdy nevzdal a o sv\u016fj \u017eivot bojoval.<\/p>\n<\/blockquote>\n\n\n\n<p>Po \u0161esti letech a rehabilita\u010dn\u00edch procedur\u00e1ch se dokonce za pomoci speci\u00e1ln\u00edho p\u0159\u00edstroje tzv. exoskeletonu dok\u00e1zal na chv\u00edli postavit i na vlastn\u00ed nohy. I kdy\u017e REGI bojoval state\u010dn\u011b s n\u00e1sledky sv\u00fdch zran\u011bn\u00ed, tak po kr\u00e1tk\u00e9 a t\u011b\u017ek\u00e9 nemoci sv\u016fj boj prohr\u00e1l na za\u010d\u00e1tku ledna 2015. Po sv\u00e9 smrti byl pov\u00fd\u0161en do hodnosti \u0161t\u00e1bn\u00edho prapor\u010d\u00edka in memoriam a stal se jednou z legend novodob\u00e9ho \u010desk\u00e9ho vojenstv\u00ed.<\/p><br>\n\n\n\n<figure class=\"wp-block-image size-large\"><img loading=\"lazy\" decoding=\"async\" width=\"1024\" height=\"515\" src=\"https:\/\/www.mzone.cz\/wp-content\/uploads\/2023\/05\/Snimek-obrazovky-2023-05-26-v-13.18.37-1024x515.png\" alt=\"Regi, skute\u010dn\u00fd p\u0159\u00edb\u011bh elitn\u00edho voj\u00e1ka\" class=\"wp-image-40699\" srcset=\"https:\/\/www.mzone.cz\/wp-content\/uploads\/2023\/05\/Snimek-obrazovky-2023-05-26-v-13.18.37-1024x515.png 1024w, https:\/\/www.mzone.cz\/wp-content\/uploads\/2023\/05\/Snimek-obrazovky-2023-05-26-v-13.18.37-300x151.png 300w, https:\/\/www.mzone.cz\/wp-content\/uploads\/2023\/05\/Snimek-obrazovky-2023-05-26-v-13.18.37-768x386.png 768w, https:\/\/www.mzone.cz\/wp-content\/uploads\/2023\/05\/Snimek-obrazovky-2023-05-26-v-13.18.37-1536x773.png 1536w, https:\/\/www.mzone.cz\/wp-content\/uploads\/2023\/05\/Snimek-obrazovky-2023-05-26-v-13.18.37-2048x1030.png 2048w, https:\/\/www.mzone.cz\/wp-content\/uploads\/2023\/05\/Snimek-obrazovky-2023-05-26-v-13.18.37-18x9.png 18w, https:\/\/www.mzone.cz\/wp-content\/uploads\/2023\/05\/Snimek-obrazovky-2023-05-26-v-13.18.37-590x297.png 590w\" sizes=\"auto, (max-width: 1024px) 100vw, 1024px\" \/><\/figure><br>\n\n\n\n<p>\u201eJi\u0159\u00ed REGI Schams se stal u\u017e za sv\u00e9ho \u017eivota legendou. Sly\u0161el a \u010detl jsem o n\u011bm mnoho, ale z\u00e1rove\u0148 m\u00e1lo. Vlastn\u011b to byly jen takov\u00e9 st\u0159\u00edpky, kter\u00e9 odr\u00e1\u017eely hlavn\u011b jeho boj se zran\u011bn\u00edm, a nakonec i smrtelnou nemoc\u00ed. Ale ucelen\u00fd p\u0159\u00edb\u011bh a\u017e dosud chyb\u011bl. Tak\u017ee jsem se rozhodl, v\u00edce ne\u017e rok sb\u00edral materi\u00e1ly a souvislosti a dnes, osm let od jeho smrti, v\u00e1m p\u0159edkl\u00e1d\u00e1m snad pom\u011brn\u011b ucelen\u00fd pohled na Regiho posledn\u00ed misi,\u201c \u0159\u00edk\u00e1 autor knihy Libor Adam.<\/p><br>\n\n\n\n<p>Libor Adam je spisovatel, re\u017eis\u00e9r, scen\u00e1rista a producent. M\u00e1 mnoho zku\u0161enost\u00ed jako scen\u00e1rista a re\u017eis\u00e9r videoklip\u016f, televizn\u00edch i rozhlasov\u00fdch spot\u016f. D\u00e1le se jako producent a re\u017eis\u00e9r v\u011bnoval dabingu animovan\u00fdch poh\u00e1dek, produkoval a re\u017e\u00edroval animovan\u00e9 spoty a kv\u00edzy pro \u010ceskou televizi k Mistrovstv\u00ed sv\u011bta v ledn\u00edm hokeji 2015. V kv\u011btnu 2015 pak realizoval jako vedouc\u00ed produkce a druh\u00fd re\u017eis\u00e9r i \u00favodn\u00ed show pro Mistrovstv\u00ed sv\u011bta v ledn\u00edm hokeji 2015 v O2 arena Praha. Je spoluautorem sc\u00e9n\u00e1\u0159e k celove\u010dern\u00edmu animovan\u00e9mu filmu Jack Russel zachr\u00e1nce planety a ke stejnojmenn\u00e9 komiksov\u00e9 knize. D\u00e1le je autorem sc\u00e9n\u00e1\u0159e a re\u017eis\u00e9rem celove\u010dern\u00edho hran\u00e9ho filmu M\u016fj p\u0159\u00edb\u011bh, kter\u00fd m\u011bl premi\u00e9ru v \u010desk\u00fdch kinech v lednu 2020. Je tak\u00e9 spoluautorem komiksov\u00e9 knihy Reg\u00e1\u010di a nezn\u00e1m\u00ed hrdinov\u00e9 odboje.<\/p><br>\n\n\n\n<div class=\"wp-block-media-text alignwide is-stacked-on-mobile is-vertically-aligned-top\" style=\"grid-template-columns:23% auto\"><figure class=\"wp-block-media-text__media\"><a href=\"https:\/\/www.mzone.cz\/pribehy-ktere-inspirovaly-filmove-trhaky\/\"><img loading=\"lazy\" decoding=\"async\" width=\"607\" height=\"405\" src=\"https:\/\/www.mzone.cz\/wp-content\/uploads\/2020\/09\/Opravdove-pribehy-Americky-sniper.jpg\" alt=\"\" class=\"wp-image-23989 size-full\" srcset=\"https:\/\/www.mzone.cz\/wp-content\/uploads\/2020\/09\/Opravdove-pribehy-Americky-sniper.jpg 607w, https:\/\/www.mzone.cz\/wp-content\/uploads\/2020\/09\/Opravdove-pribehy-Americky-sniper-300x200.jpg 300w, https:\/\/www.mzone.cz\/wp-content\/uploads\/2020\/09\/Opravdove-pribehy-Americky-sniper-400x267.jpg 400w, https:\/\/www.mzone.cz\/wp-content\/uploads\/2020\/09\/Opravdove-pribehy-Americky-sniper-500x333.jpg 500w, https:\/\/www.mzone.cz\/wp-content\/uploads\/2020\/09\/Opravdove-pribehy-Americky-sniper-590x394.jpg 590w\" sizes=\"auto, (max-width: 607px) 100vw, 607px\" \/><\/a><\/figure><div class=\"wp-block-media-text__content\">\n<h4 class=\"wp-block-heading\"><a href=\"https:\/\/www.mzone.cz\/pribehy-ktere-inspirovaly-filmove-trhaky\/\">Opravdov\u00e9 p\u0159\u00edb\u011bhy, kter\u00e9 inspirovaly filmov\u00e9 trh\u00e1ky<\/a><\/h4><br>\n<\/div><\/div>","protected":false},"excerpt":{"rendered":"<p>Pr\u00e1v\u011b vy\u0161la nov\u00e1 kniha spisovatele, re\u017eis\u00e9ra a sc\u00e9n\u00e1risty Libora Adama &#8220;Regi, skute\u010dn\u00fd p\u0159\u00edb\u011bh elitn\u00edho voj\u00e1ka&#8221;. Jedn\u00e1 se o siln\u00fd p\u0159\u00edb\u011bh voj\u00e1ka Ji\u0159\u00edho REGI Schamse, \u010dlena b\u00fdval\u00e9 elitn\u00ed skupiny \u00datvaru speci\u00e1ln\u00edch operac\u00ed Vojensk\u00e9 policie Arm\u00e1dy \u010cesk\u00e9 republiky, kter\u00fd pat\u0159\u00ed bezpochyby mezi nejzn\u00e1m\u011bj\u0161\u00ed \u010desk\u00e9 novodob\u00e9 v\u00e1le\u010dn\u00e9 veter\u00e1ny. V roce 2008 byl v Afgh\u00e1nist\u00e1nu t\u011b\u017ece ran\u011bn p\u0159i \u00fatoku [&hellip;]<\/p>\n","protected":false},"author":4,"featured_media":40695,"comment_status":"open","ping_status":"closed","sticky":false,"template":"","format":"standard","meta":{"kk_blocks_editor_width":"","_kiokenblocks_attr":"","_kiokenblocks_dimensions":"","footnotes":""},"categories":[71,1846],"tags":[95,5890,4900,5888,856,31,858,16,43,5887,271,4655,5889,674],"class_list":["post-40693","post","type-post","status-publish","format-standard","has-post-thumbnail","hentry","category-kultura","category-literatura","tag-armada","tag-elitni-vojak","tag-hrdina","tag-jiri-schams","tag-kniha","tag-kultura","tag-literatura","tag-novinka","tag-pribeh","tag-regi","tag-vojak","tag-vojenska-policie","tag-vojensky-veteran","tag-vojsko"],"yoast_head":"<!-- This site is optimized with the Yoast SEO plugin v27.5 - https:\/\/yoast.com\/product\/yoast-seo-wordpress\/ -->\n<title>Vy\u0161la nov\u00e1 kniha o hrdinovi: Regi, skute\u010dn\u00fd p\u0159\u00edb\u011bh elitn\u00edho voj\u00e1ka - Mzone<\/title>\n<meta name=\"description\" content=\"Pr\u00e1v\u011b vy\u0161la nov\u00e1 kniha spisovatele, re\u017eis\u00e9ra a sc\u00e9n\u00e1risty Libora Adama &quot;Regi, skute\u010dn\u00fd p\u0159\u00edb\u011bh elitn\u00edho voj\u00e1ka&quot;. Jedn\u00e1 se o siln\u00fd p\u0159\u00edb\u011bh voj\u00e1ka Ji\u0159\u00edho REGI Schamse, \u010dlena b\u00fdval\u00e9 elitn\u00ed skupiny \u00datvaru speci\u00e1ln\u00edch operac\u00ed Vojensk\u00e9 policie Arm\u00e1dy \u010cesk\u00e9 republiky, kter\u00fd pat\u0159\u00ed bezpochyby mezi nejzn\u00e1m\u011bj\u0161\u00ed \u010desk\u00e9 novodob\u00e9 v\u00e1le\u010dn\u00e9 veter\u00e1ny.\" \/>\n<meta name=\"robots\" content=\"index, follow, max-snippet:-1, max-image-preview:large, max-video-preview:-1\" \/>\n<link rel=\"canonical\" href=\"https:\/\/www.mzone.cz\/en\/kniha-regi-skutecny-pribeh-elitniho-vojaka\/\" \/>\n<meta property=\"og:locale\" content=\"en_US\" \/>\n<meta property=\"og:type\" content=\"article\" \/>\n<meta property=\"og:title\" content=\"Vy\u0161la nov\u00e1 kniha o hrdinovi: Regi, skute\u010dn\u00fd p\u0159\u00edb\u011bh elitn\u00edho voj\u00e1ka - Mzone\" \/>\n<meta property=\"og:description\" content=\"Pr\u00e1v\u011b vy\u0161la nov\u00e1 kniha spisovatele, re\u017eis\u00e9ra a sc\u00e9n\u00e1risty Libora Adama &quot;Regi, skute\u010dn\u00fd p\u0159\u00edb\u011bh elitn\u00edho voj\u00e1ka&quot;. Jedn\u00e1 se o siln\u00fd p\u0159\u00edb\u011bh voj\u00e1ka Ji\u0159\u00edho REGI Schamse, \u010dlena b\u00fdval\u00e9 elitn\u00ed skupiny \u00datvaru speci\u00e1ln\u00edch operac\u00ed Vojensk\u00e9 policie Arm\u00e1dy \u010cesk\u00e9 republiky, kter\u00fd pat\u0159\u00ed bezpochyby mezi nejzn\u00e1m\u011bj\u0161\u00ed \u010desk\u00e9 novodob\u00e9 v\u00e1le\u010dn\u00e9 veter\u00e1ny.\" \/>\n<meta property=\"og:url\" content=\"https:\/\/www.mzone.cz\/en\/kniha-regi-skutecny-pribeh-elitniho-vojaka\/\" \/>\n<meta property=\"og:site_name\" content=\"Mzone\" \/>\n<meta property=\"article:publisher\" content=\"https:\/\/www.facebook.com\/MzoneCZ\/\" \/>\n<meta property=\"article:published_time\" content=\"2023-05-26T11:31:27+00:00\" \/>\n<meta property=\"article:modified_time\" content=\"2023-05-26T11:31:28+00:00\" \/>\n<meta property=\"og:image\" content=\"https:\/\/www.mzone.cz\/wp-content\/uploads\/2023\/05\/Regi.jpg\" \/>\n\t<meta property=\"og:image:width\" content=\"1648\" \/>\n\t<meta property=\"og:image:height\" content=\"1099\" \/>\n\t<meta property=\"og:image:type\" content=\"image\/jpeg\" \/>\n<meta name=\"author\" content=\"Mzone\" \/>\n<meta name=\"twitter:card\" content=\"summary_large_image\" \/>\n<meta name=\"twitter:label1\" content=\"Written by\" \/>\n\t<meta name=\"twitter:data1\" content=\"Mzone\" \/>\n\t<meta name=\"twitter:label2\" content=\"Est. reading time\" \/>\n\t<meta name=\"twitter:data2\" content=\"3 minutes\" \/>\n<script type=\"application\/ld+json\" class=\"yoast-schema-graph\">{\"@context\":\"https:\\\/\\\/schema.org\",\"@graph\":[{\"@type\":\"Article\",\"@id\":\"https:\\\/\\\/www.mzone.cz\\\/kniha-regi-skutecny-pribeh-elitniho-vojaka\\\/#article\",\"isPartOf\":{\"@id\":\"https:\\\/\\\/www.mzone.cz\\\/kniha-regi-skutecny-pribeh-elitniho-vojaka\\\/\"},\"author\":{\"name\":\"Mzone\",\"@id\":\"https:\\\/\\\/www.mzone.cz\\\/#\\\/schema\\\/person\\\/9bc20cc422a99cac4af6ff9297da32d4\"},\"headline\":\"Vy\u0161la nov\u00e1 kniha o hrdinovi: Regi, skute\u010dn\u00fd p\u0159\u00edb\u011bh elitn\u00edho voj\u00e1ka\",\"datePublished\":\"2023-05-26T11:31:27+00:00\",\"dateModified\":\"2023-05-26T11:31:28+00:00\",\"mainEntityOfPage\":{\"@id\":\"https:\\\/\\\/www.mzone.cz\\\/kniha-regi-skutecny-pribeh-elitniho-vojaka\\\/\"},\"wordCount\":614,\"commentCount\":0,\"image\":{\"@id\":\"https:\\\/\\\/www.mzone.cz\\\/kniha-regi-skutecny-pribeh-elitniho-vojaka\\\/#primaryimage\"},\"thumbnailUrl\":\"https:\\\/\\\/www.mzone.cz\\\/wp-content\\\/uploads\\\/2023\\\/05\\\/Regi.jpg\",\"keywords\":[\"Arm\u00e1da\",\"elitn\u00ed voj\u00e1k\",\"hrdina\",\"Ji\u0159\u00ed Schams\",\"kniha\",\"Kultura\",\"literatura\",\"Novinka\",\"P\u0159\u00edb\u011bh\",\"Regi\",\"voj\u00e1k\",\"vojensk\u00e1 policie\",\"vojensk\u00fd veter\u00e1n\",\"vojsko\"],\"articleSection\":[\"Kultura\",\"Literatura\"],\"inLanguage\":\"en-US\",\"potentialAction\":[{\"@type\":\"CommentAction\",\"name\":\"Comment\",\"target\":[\"https:\\\/\\\/www.mzone.cz\\\/kniha-regi-skutecny-pribeh-elitniho-vojaka\\\/#respond\"]}]},{\"@type\":\"WebPage\",\"@id\":\"https:\\\/\\\/www.mzone.cz\\\/kniha-regi-skutecny-pribeh-elitniho-vojaka\\\/\",\"url\":\"https:\\\/\\\/www.mzone.cz\\\/kniha-regi-skutecny-pribeh-elitniho-vojaka\\\/\",\"name\":\"Vy\u0161la nov\u00e1 kniha o hrdinovi: Regi, skute\u010dn\u00fd p\u0159\u00edb\u011bh elitn\u00edho voj\u00e1ka - Mzone\",\"isPartOf\":{\"@id\":\"https:\\\/\\\/www.mzone.cz\\\/#website\"},\"primaryImageOfPage\":{\"@id\":\"https:\\\/\\\/www.mzone.cz\\\/kniha-regi-skutecny-pribeh-elitniho-vojaka\\\/#primaryimage\"},\"image\":{\"@id\":\"https:\\\/\\\/www.mzone.cz\\\/kniha-regi-skutecny-pribeh-elitniho-vojaka\\\/#primaryimage\"},\"thumbnailUrl\":\"https:\\\/\\\/www.mzone.cz\\\/wp-content\\\/uploads\\\/2023\\\/05\\\/Regi.jpg\",\"datePublished\":\"2023-05-26T11:31:27+00:00\",\"dateModified\":\"2023-05-26T11:31:28+00:00\",\"author\":{\"@id\":\"https:\\\/\\\/www.mzone.cz\\\/#\\\/schema\\\/person\\\/9bc20cc422a99cac4af6ff9297da32d4\"},\"description\":\"Pr\u00e1v\u011b vy\u0161la nov\u00e1 kniha spisovatele, re\u017eis\u00e9ra a sc\u00e9n\u00e1risty Libora Adama \\\"Regi, skute\u010dn\u00fd p\u0159\u00edb\u011bh elitn\u00edho voj\u00e1ka\\\". Jedn\u00e1 se o siln\u00fd p\u0159\u00edb\u011bh voj\u00e1ka Ji\u0159\u00edho REGI Schamse, \u010dlena b\u00fdval\u00e9 elitn\u00ed skupiny \u00datvaru speci\u00e1ln\u00edch operac\u00ed Vojensk\u00e9 policie Arm\u00e1dy \u010cesk\u00e9 republiky, kter\u00fd pat\u0159\u00ed bezpochyby mezi nejzn\u00e1m\u011bj\u0161\u00ed \u010desk\u00e9 novodob\u00e9 v\u00e1le\u010dn\u00e9 veter\u00e1ny.\",\"breadcrumb\":{\"@id\":\"https:\\\/\\\/www.mzone.cz\\\/kniha-regi-skutecny-pribeh-elitniho-vojaka\\\/#breadcrumb\"},\"inLanguage\":\"en-US\",\"potentialAction\":[{\"@type\":\"ReadAction\",\"target\":[\"https:\\\/\\\/www.mzone.cz\\\/kniha-regi-skutecny-pribeh-elitniho-vojaka\\\/\"]}]},{\"@type\":\"ImageObject\",\"inLanguage\":\"en-US\",\"@id\":\"https:\\\/\\\/www.mzone.cz\\\/kniha-regi-skutecny-pribeh-elitniho-vojaka\\\/#primaryimage\",\"url\":\"https:\\\/\\\/www.mzone.cz\\\/wp-content\\\/uploads\\\/2023\\\/05\\\/Regi.jpg\",\"contentUrl\":\"https:\\\/\\\/www.mzone.cz\\\/wp-content\\\/uploads\\\/2023\\\/05\\\/Regi.jpg\",\"width\":1648,\"height\":1099,\"caption\":\"Regi\"},{\"@type\":\"BreadcrumbList\",\"@id\":\"https:\\\/\\\/www.mzone.cz\\\/kniha-regi-skutecny-pribeh-elitniho-vojaka\\\/#breadcrumb\",\"itemListElement\":[{\"@type\":\"ListItem\",\"position\":1,\"name\":\"Dom\u016f\",\"item\":\"https:\\\/\\\/www.mzone.cz\\\/\"},{\"@type\":\"ListItem\",\"position\":2,\"name\":\"Vy\u0161la nov\u00e1 kniha o hrdinovi: Regi, skute\u010dn\u00fd p\u0159\u00edb\u011bh elitn\u00edho voj\u00e1ka\"}]},{\"@type\":\"WebSite\",\"@id\":\"https:\\\/\\\/www.mzone.cz\\\/#website\",\"url\":\"https:\\\/\\\/www.mzone.cz\\\/\",\"name\":\"Mzone\",\"description\":\"Magaz\u00edn nejen pro mu\u017ee\",\"potentialAction\":[{\"@type\":\"SearchAction\",\"target\":{\"@type\":\"EntryPoint\",\"urlTemplate\":\"https:\\\/\\\/www.mzone.cz\\\/?s={search_term_string}\"},\"query-input\":{\"@type\":\"PropertyValueSpecification\",\"valueRequired\":true,\"valueName\":\"search_term_string\"}}],\"inLanguage\":\"en-US\"},{\"@type\":\"Person\",\"@id\":\"https:\\\/\\\/www.mzone.cz\\\/#\\\/schema\\\/person\\\/9bc20cc422a99cac4af6ff9297da32d4\",\"name\":\"Mzone\",\"image\":{\"@type\":\"ImageObject\",\"inLanguage\":\"en-US\",\"@id\":\"https:\\\/\\\/secure.gravatar.com\\\/avatar\\\/e780a8630f3182a3d06dd667ab6bea151a0d155b0951bc15fe22633acdac0676?s=96&d=mm&r=g\",\"url\":\"https:\\\/\\\/secure.gravatar.com\\\/avatar\\\/e780a8630f3182a3d06dd667ab6bea151a0d155b0951bc15fe22633acdac0676?s=96&d=mm&r=g\",\"contentUrl\":\"https:\\\/\\\/secure.gravatar.com\\\/avatar\\\/e780a8630f3182a3d06dd667ab6bea151a0d155b0951bc15fe22633acdac0676?s=96&d=mm&r=g\",\"caption\":\"Mzone\"},\"url\":\"https:\\\/\\\/www.mzone.cz\\\/en\\\/author\\\/jakub\\\/\"}]}<\/script>\n<!-- \/ Yoast SEO plugin. -->","yoast_head_json":{"title":"Vy\u0161la nov\u00e1 kniha o hrdinovi: Regi, skute\u010dn\u00fd p\u0159\u00edb\u011bh elitn\u00edho voj\u00e1ka - Mzone","description":"Pr\u00e1v\u011b vy\u0161la nov\u00e1 kniha spisovatele, re\u017eis\u00e9ra a sc\u00e9n\u00e1risty Libora Adama \"Regi, skute\u010dn\u00fd p\u0159\u00edb\u011bh elitn\u00edho voj\u00e1ka\". Jedn\u00e1 se o siln\u00fd p\u0159\u00edb\u011bh voj\u00e1ka Ji\u0159\u00edho REGI Schamse, \u010dlena b\u00fdval\u00e9 elitn\u00ed skupiny \u00datvaru speci\u00e1ln\u00edch operac\u00ed Vojensk\u00e9 policie Arm\u00e1dy \u010cesk\u00e9 republiky, kter\u00fd pat\u0159\u00ed bezpochyby mezi nejzn\u00e1m\u011bj\u0161\u00ed \u010desk\u00e9 novodob\u00e9 v\u00e1le\u010dn\u00e9 veter\u00e1ny.","robots":{"index":"index","follow":"follow","max-snippet":"max-snippet:-1","max-image-preview":"max-image-preview:large","max-video-preview":"max-video-preview:-1"},"canonical":"https:\/\/www.mzone.cz\/en\/kniha-regi-skutecny-pribeh-elitniho-vojaka\/","og_locale":"en_US","og_type":"article","og_title":"Vy\u0161la nov\u00e1 kniha o hrdinovi: Regi, skute\u010dn\u00fd p\u0159\u00edb\u011bh elitn\u00edho voj\u00e1ka - Mzone","og_description":"Pr\u00e1v\u011b vy\u0161la nov\u00e1 kniha spisovatele, re\u017eis\u00e9ra a sc\u00e9n\u00e1risty Libora Adama \"Regi, skute\u010dn\u00fd p\u0159\u00edb\u011bh elitn\u00edho voj\u00e1ka\". Jedn\u00e1 se o siln\u00fd p\u0159\u00edb\u011bh voj\u00e1ka Ji\u0159\u00edho REGI Schamse, \u010dlena b\u00fdval\u00e9 elitn\u00ed skupiny \u00datvaru speci\u00e1ln\u00edch operac\u00ed Vojensk\u00e9 policie Arm\u00e1dy \u010cesk\u00e9 republiky, kter\u00fd pat\u0159\u00ed bezpochyby mezi nejzn\u00e1m\u011bj\u0161\u00ed \u010desk\u00e9 novodob\u00e9 v\u00e1le\u010dn\u00e9 veter\u00e1ny.","og_url":"https:\/\/www.mzone.cz\/en\/kniha-regi-skutecny-pribeh-elitniho-vojaka\/","og_site_name":"Mzone","article_publisher":"https:\/\/www.facebook.com\/MzoneCZ\/","article_published_time":"2023-05-26T11:31:27+00:00","article_modified_time":"2023-05-26T11:31:28+00:00","og_image":[{"width":1648,"height":1099,"url":"https:\/\/www.mzone.cz\/wp-content\/uploads\/2023\/05\/Regi.jpg","type":"image\/jpeg"}],"author":"Mzone","twitter_card":"summary_large_image","twitter_misc":{"Written by":"Mzone","Est. reading time":"3 minutes"},"schema":{"@context":"https:\/\/schema.org","@graph":[{"@type":"Article","@id":"https:\/\/www.mzone.cz\/kniha-regi-skutecny-pribeh-elitniho-vojaka\/#article","isPartOf":{"@id":"https:\/\/www.mzone.cz\/kniha-regi-skutecny-pribeh-elitniho-vojaka\/"},"author":{"name":"Mzone","@id":"https:\/\/www.mzone.cz\/#\/schema\/person\/9bc20cc422a99cac4af6ff9297da32d4"},"headline":"Vy\u0161la nov\u00e1 kniha o hrdinovi: Regi, skute\u010dn\u00fd p\u0159\u00edb\u011bh elitn\u00edho voj\u00e1ka","datePublished":"2023-05-26T11:31:27+00:00","dateModified":"2023-05-26T11:31:28+00:00","mainEntityOfPage":{"@id":"https:\/\/www.mzone.cz\/kniha-regi-skutecny-pribeh-elitniho-vojaka\/"},"wordCount":614,"commentCount":0,"image":{"@id":"https:\/\/www.mzone.cz\/kniha-regi-skutecny-pribeh-elitniho-vojaka\/#primaryimage"},"thumbnailUrl":"https:\/\/www.mzone.cz\/wp-content\/uploads\/2023\/05\/Regi.jpg","keywords":["Arm\u00e1da","elitn\u00ed voj\u00e1k","hrdina","Ji\u0159\u00ed Schams","kniha","Kultura","literatura","Novinka","P\u0159\u00edb\u011bh","Regi","voj\u00e1k","vojensk\u00e1 policie","vojensk\u00fd veter\u00e1n","vojsko"],"articleSection":["Kultura","Literatura"],"inLanguage":"en-US","potentialAction":[{"@type":"CommentAction","name":"Comment","target":["https:\/\/www.mzone.cz\/kniha-regi-skutecny-pribeh-elitniho-vojaka\/#respond"]}]},{"@type":"WebPage","@id":"https:\/\/www.mzone.cz\/kniha-regi-skutecny-pribeh-elitniho-vojaka\/","url":"https:\/\/www.mzone.cz\/kniha-regi-skutecny-pribeh-elitniho-vojaka\/","name":"Vy\u0161la nov\u00e1 kniha o hrdinovi: Regi, skute\u010dn\u00fd p\u0159\u00edb\u011bh elitn\u00edho voj\u00e1ka - Mzone","isPartOf":{"@id":"https:\/\/www.mzone.cz\/#website"},"primaryImageOfPage":{"@id":"https:\/\/www.mzone.cz\/kniha-regi-skutecny-pribeh-elitniho-vojaka\/#primaryimage"},"image":{"@id":"https:\/\/www.mzone.cz\/kniha-regi-skutecny-pribeh-elitniho-vojaka\/#primaryimage"},"thumbnailUrl":"https:\/\/www.mzone.cz\/wp-content\/uploads\/2023\/05\/Regi.jpg","datePublished":"2023-05-26T11:31:27+00:00","dateModified":"2023-05-26T11:31:28+00:00","author":{"@id":"https:\/\/www.mzone.cz\/#\/schema\/person\/9bc20cc422a99cac4af6ff9297da32d4"},"description":"Pr\u00e1v\u011b vy\u0161la nov\u00e1 kniha spisovatele, re\u017eis\u00e9ra a sc\u00e9n\u00e1risty Libora Adama \"Regi, skute\u010dn\u00fd p\u0159\u00edb\u011bh elitn\u00edho voj\u00e1ka\". Jedn\u00e1 se o siln\u00fd p\u0159\u00edb\u011bh voj\u00e1ka Ji\u0159\u00edho REGI Schamse, \u010dlena b\u00fdval\u00e9 elitn\u00ed skupiny \u00datvaru speci\u00e1ln\u00edch operac\u00ed Vojensk\u00e9 policie Arm\u00e1dy \u010cesk\u00e9 republiky, kter\u00fd pat\u0159\u00ed bezpochyby mezi nejzn\u00e1m\u011bj\u0161\u00ed \u010desk\u00e9 novodob\u00e9 v\u00e1le\u010dn\u00e9 veter\u00e1ny.","breadcrumb":{"@id":"https:\/\/www.mzone.cz\/kniha-regi-skutecny-pribeh-elitniho-vojaka\/#breadcrumb"},"inLanguage":"en-US","potentialAction":[{"@type":"ReadAction","target":["https:\/\/www.mzone.cz\/kniha-regi-skutecny-pribeh-elitniho-vojaka\/"]}]},{"@type":"ImageObject","inLanguage":"en-US","@id":"https:\/\/www.mzone.cz\/kniha-regi-skutecny-pribeh-elitniho-vojaka\/#primaryimage","url":"https:\/\/www.mzone.cz\/wp-content\/uploads\/2023\/05\/Regi.jpg","contentUrl":"https:\/\/www.mzone.cz\/wp-content\/uploads\/2023\/05\/Regi.jpg","width":1648,"height":1099,"caption":"Regi"},{"@type":"BreadcrumbList","@id":"https:\/\/www.mzone.cz\/kniha-regi-skutecny-pribeh-elitniho-vojaka\/#breadcrumb","itemListElement":[{"@type":"ListItem","position":1,"name":"Dom\u016f","item":"https:\/\/www.mzone.cz\/"},{"@type":"ListItem","position":2,"name":"Vy\u0161la nov\u00e1 kniha o hrdinovi: Regi, skute\u010dn\u00fd p\u0159\u00edb\u011bh elitn\u00edho voj\u00e1ka"}]},{"@type":"WebSite","@id":"https:\/\/www.mzone.cz\/#website","url":"https:\/\/www.mzone.cz\/","name":"Mzone","description":"Magaz\u00edn nejen pro mu\u017ee","potentialAction":[{"@type":"SearchAction","target":{"@type":"EntryPoint","urlTemplate":"https:\/\/www.mzone.cz\/?s={search_term_string}"},"query-input":{"@type":"PropertyValueSpecification","valueRequired":true,"valueName":"search_term_string"}}],"inLanguage":"en-US"},{"@type":"Person","@id":"https:\/\/www.mzone.cz\/#\/schema\/person\/9bc20cc422a99cac4af6ff9297da32d4","name":"Mzone","image":{"@type":"ImageObject","inLanguage":"en-US","@id":"https:\/\/secure.gravatar.com\/avatar\/e780a8630f3182a3d06dd667ab6bea151a0d155b0951bc15fe22633acdac0676?s=96&d=mm&r=g","url":"https:\/\/secure.gravatar.com\/avatar\/e780a8630f3182a3d06dd667ab6bea151a0d155b0951bc15fe22633acdac0676?s=96&d=mm&r=g","contentUrl":"https:\/\/secure.gravatar.com\/avatar\/e780a8630f3182a3d06dd667ab6bea151a0d155b0951bc15fe22633acdac0676?s=96&d=mm&r=g","caption":"Mzone"},"url":"https:\/\/www.mzone.cz\/en\/author\/jakub\/"}]}},"_links":{"self":[{"href":"https:\/\/www.mzone.cz\/en\/wp-json\/wp\/v2\/posts\/40693","targetHints":{"allow":["GET"]}}],"collection":[{"href":"https:\/\/www.mzone.cz\/en\/wp-json\/wp\/v2\/posts"}],"about":[{"href":"https:\/\/www.mzone.cz\/en\/wp-json\/wp\/v2\/types\/post"}],"author":[{"embeddable":true,"href":"https:\/\/www.mzone.cz\/en\/wp-json\/wp\/v2\/users\/4"}],"replies":[{"embeddable":true,"href":"https:\/\/www.mzone.cz\/en\/wp-json\/wp\/v2\/comments?post=40693"}],"version-history":[{"count":7,"href":"https:\/\/www.mzone.cz\/en\/wp-json\/wp\/v2\/posts\/40693\/revisions"}],"predecessor-version":[{"id":40702,"href":"https:\/\/www.mzone.cz\/en\/wp-json\/wp\/v2\/posts\/40693\/revisions\/40702"}],"wp:featuredmedia":[{"embeddable":true,"href":"https:\/\/www.mzone.cz\/en\/wp-json\/wp\/v2\/media\/40695"}],"wp:attachment":[{"href":"https:\/\/www.mzone.cz\/en\/wp-json\/wp\/v2\/media?parent=40693"}],"wp:term":[{"taxonomy":"category","embeddable":true,"href":"https:\/\/www.mzone.cz\/en\/wp-json\/wp\/v2\/categories?post=40693"},{"taxonomy":"post_tag","embeddable":true,"href":"https:\/\/www.mzone.cz\/en\/wp-json\/wp\/v2\/tags?post=40693"}],"curies":[{"name":"wp","href":"https:\/\/api.w.org\/{rel}","templated":true}]}}