{"id":40811,"date":"2023-06-07T05:00:00","date_gmt":"2023-06-07T03:00:00","guid":{"rendered":"https:\/\/www.mzone.cz\/?p=40811"},"modified":"2023-06-04T21:54:59","modified_gmt":"2023-06-04T19:54:59","slug":"tomas-ourednicek-pojede-dakar-s-hiluxem-v-barvach-toyota-gazoo-racing-czech","status":"publish","type":"post","link":"https:\/\/www.mzone.cz\/en\/tomas-ourednicek-pojede-dakar-s-hiluxem-v-barvach-toyota-gazoo-racing-czech\/","title":{"rendered":"Tom\u00e1\u0161 Ou\u0159edn\u00ed\u010dek pojede Dakar s Hiluxem v barv\u00e1ch Toyota Gazoo Racing Czech"},"content":{"rendered":"<p><strong>Sv\u016fj z\u00e1vodn\u00ed sen si spln\u00ed ost\u0159\u00edlen\u00fd dakarsk\u00fd matador Tom\u00e1\u0161 Ou\u0159edn\u00ed\u010dek. Spolu s navig\u00e1torem Davidem K\u0159\u00edpalem bude z\u00e1vodit v barv\u00e1ch nov\u00e9ho t\u00fdmu Toyota Gazoo Racing Czech, a k dispozici bude m\u00edt novou specifikaci z\u00e1vodn\u00edho speci\u00e1lu Toyota Hilux GR T1+.<\/strong><\/p><br>\n\n\n\n<p>Osmin\u00e1sobn\u00fd \u00fa\u010dastn\u00edk nejt\u011b\u017e\u0161\u00edho motoristick\u00e9ho podniku planety je prvn\u00edm \u010desk\u00fdm pilotem d\u00e1lkov\u00fdch rallye, kter\u00fd pojede pod zna\u010dkou Toyota Gazoo Racing Czech.<\/p>\n\n\n\n<blockquote class=\"wp-block-quote is-layout-flow wp-block-quote-is-layout-flow\">\n<p>\u201eJsem nesm\u00edrn\u011b \u0161\u0165astn\u00fd. Dostat se do vozu od nejlep\u0161\u00edho z\u00e1vodn\u00edho t\u00fdmu sv\u011bta, je snem ka\u017ed\u00e9ho jezdce. Na tom, abychom z\u00edskali p\u0159\u00edle\u017eitost usednout pr\u00e1v\u011b do \u0161pi\u010dkov\u00e9 Toyoty, jsme tvrd\u011b pracovali dlouhou dobu. Je to velk\u00e1 odm\u011bna za na\u0161e v\u00fdkony i vytrvalost. Ur\u010dit\u011b n\u00e1m pomohlo i na\u0161e t\u00fdmov\u00e9 motto \u201enikdy to nevzd\u00e1m\u201c, kter\u00e9 st\u00e1le odhodlan\u011b pln\u00edme. Toyota je v\u00edt\u011bzem t\u0159\u00ed Dakar\u016f a my nyn\u00ed z\u00edsk\u00e1v\u00e1me mo\u017enost m\u011b\u0159it se s neju\u017e\u0161\u00ed sv\u011btovou \u0161pi\u010dkou,\u201c \u0159\u00edk\u00e1 Ou\u0159edn\u00ed\u010dek.<\/p>\n<\/blockquote>\n\n\n\n<figure class=\"wp-block-image size-large\"><img loading=\"lazy\" decoding=\"async\" width=\"1024\" height=\"666\" src=\"https:\/\/www.mzone.cz\/wp-content\/uploads\/2023\/06\/DSCF9290-1024x666.jpg\" alt=\"Tom\u00e1\u0161 Ou\u0159edn\u00ed\u010dek pojede Dakar v barv\u00e1ch Toyota Gazoo Racing Czech\" class=\"wp-image-40818\" srcset=\"https:\/\/www.mzone.cz\/wp-content\/uploads\/2023\/06\/DSCF9290-1024x666.jpg 1024w, https:\/\/www.mzone.cz\/wp-content\/uploads\/2023\/06\/DSCF9290-300x195.jpg 300w, https:\/\/www.mzone.cz\/wp-content\/uploads\/2023\/06\/DSCF9290-768x499.jpg 768w, https:\/\/www.mzone.cz\/wp-content\/uploads\/2023\/06\/DSCF9290-18x12.jpg 18w, https:\/\/www.mzone.cz\/wp-content\/uploads\/2023\/06\/DSCF9290-590x384.jpg 590w, https:\/\/www.mzone.cz\/wp-content\/uploads\/2023\/06\/DSCF9290.jpg 1280w\" sizes=\"auto, (max-width: 1024px) 100vw, 1024px\" \/><\/figure><br>\n\n\n\n<h2 class=\"wp-block-heading\">Historicky prvn\u00ed t\u00fdm Toyota Gazoo Racing v \u010cesku<\/h2>\n\n\n\n<p>Tom\u00e1\u0161 Ou\u0159edn\u00ed\u010dek se Dakaru a dal\u0161\u00edch vytrvalostn\u00edch rallye \u00fa\u010dastn\u00ed pravideln\u011b od roku 2008. Vybojoval sedm dakarsk\u00fdch medail\u00ed, spole\u010dn\u011b s navig\u00e1torem Davidem K\u0159\u00edpalem vyhr\u00e1l nejv\u011bt\u0161\u00ed africk\u00fd z\u00e1vod Morocco Desert Challenge.<\/p>\n\n\n\n<blockquote class=\"wp-block-quote is-layout-flow wp-block-quote-is-layout-flow\">\n<p>\u201eM\u00e1me velkou radost, \u017ee jsme mohli pomoci se vznikem n\u00e1rodn\u00ed varianty glob\u00e1ln\u00ed divize Gazoo Racing, t\u00fdmu Toyota Gazoo Racing Czech. Jeho ustanoven\u00ed podl\u00e9h\u00e1 jasn\u00fdm a p\u0159\u00edsn\u00fdm pravidl\u016fm a v\u011b\u0159\u00edme, \u017ee Toyota Gazoo Racing Czech podpo\u0159\u00ed u\u017e tak silnou stopu zna\u010dky Toyota na \u010desk\u00e9m trhu. Od zku\u0161en\u00e9ho t\u00fdmu a pos\u00e1dky ve spojen\u00ed se \u0161pi\u010dkov\u00fdm speci\u00e1lem Toyota Hilux o\u010dek\u00e1v\u00e1me poko\u0159en\u00ed \u010desk\u00e9ho rekordu v t\u00e9to sout\u011b\u017ei,&#8221; \u0159\u00edk\u00e1 gener\u00e1ln\u00ed \u0159editel Toyota a Lexus \u010cR Martin Pele\u0161ka.<\/p>\n<\/blockquote>\n\n\n\n<p>Speci\u00e1l Toyota Hilux GR T1+, jeho\u017e z\u00e1kladem je uprost\u0159ed um\u00edst\u011bn\u00fd p\u011btilitrov\u00fd motor V8 z Lexusu o v\u00fdkonu 400 kon\u00ed, pohon 4&#215;4 a speci\u00e1ln\u011b odlad\u011bn\u00fd pln\u011b nastaviteln\u00fd podvozek s nez\u00e1visl\u00fdm zav\u011b\u0161en\u00edm kol a rovnom\u011brn\u00fdm rozlo\u017een\u00edm hmotnosti, co\u017e mu d\u00e1v\u00e1 velkou stabilitu v ter\u00e9nu.<\/p><br>\n\n\n\n<figure class=\"wp-block-image size-large\"><img loading=\"lazy\" decoding=\"async\" width=\"1024\" height=\"684\" src=\"https:\/\/www.mzone.cz\/wp-content\/uploads\/2023\/06\/DSCF9083-1024x684.jpg\" alt=\"Toyota Hilux GR T1+\" class=\"wp-image-40822\" srcset=\"https:\/\/www.mzone.cz\/wp-content\/uploads\/2023\/06\/DSCF9083-1024x684.jpg 1024w, https:\/\/www.mzone.cz\/wp-content\/uploads\/2023\/06\/DSCF9083-300x200.jpg 300w, https:\/\/www.mzone.cz\/wp-content\/uploads\/2023\/06\/DSCF9083-768x513.jpg 768w, https:\/\/www.mzone.cz\/wp-content\/uploads\/2023\/06\/DSCF9083-18x12.jpg 18w, https:\/\/www.mzone.cz\/wp-content\/uploads\/2023\/06\/DSCF9083-800x533.jpg 800w, https:\/\/www.mzone.cz\/wp-content\/uploads\/2023\/06\/DSCF9083-400x267.jpg 400w, https:\/\/www.mzone.cz\/wp-content\/uploads\/2023\/06\/DSCF9083-500x333.jpg 500w, https:\/\/www.mzone.cz\/wp-content\/uploads\/2023\/06\/DSCF9083-1170x780.jpg 1170w, https:\/\/www.mzone.cz\/wp-content\/uploads\/2023\/06\/DSCF9083-590x394.jpg 590w, https:\/\/www.mzone.cz\/wp-content\/uploads\/2023\/06\/DSCF9083.jpg 1280w\" sizes=\"auto, (max-width: 1024px) 100vw, 1024px\" \/><\/figure><br>\n\n\n\n<p>Z\u00e1vodn\u00ed v\u016fz postaven\u00fdch v d\u00edln\u00e1ch Toyota Gazoo Racing South Africa je koncep\u010dn\u011b shodn\u00fd s v\u00edt\u011bzn\u00fdm strojem Nassera Al-Attiyaha z posledn\u00edch dvou Dakar\u016f. \u201eVrcholem leto\u0161n\u00ed sezony bude samoz\u0159ejm\u011b Dakar 2024. Tam se chceme uch\u00e1zet o p\u0159edn\u00ed um\u00edst\u011bn\u00ed a \u010dek\u00e1 n\u00e1s proto je\u0161t\u011b hodn\u011b pr\u00e1ce. Cel\u00e9 l\u00e9to budeme tvrd\u011b testovat a tr\u00e9novat, pl\u00e1nujeme evropsk\u00e9 z\u00e1vody a v \u0159\u00edjnu podnik sv\u011btov\u00e9ho \u0161ampion\u00e1tu <a href=\"https:\/\/rallyemaroc.com\/\" target=\"_blank\" rel=\"noopener\">Rally du Maroc<\/a>,\u201d uzav\u0159el Tom\u00e1\u0161 Ou\u0159edn\u00ed\u010dek.<\/p><br>\n\n\n\n<div class=\"wp-block-media-text alignwide is-stacked-on-mobile is-vertically-aligned-top\" style=\"grid-template-columns:24% auto\"><figure class=\"wp-block-media-text__media\"><a href=\"https:\/\/www.mzone.cz\/toyota-hilux-gr-sport-inspirace-z-rallye\/\"><img loading=\"lazy\" decoding=\"async\" width=\"646\" height=\"431\" src=\"https:\/\/www.mzone.cz\/wp-content\/uploads\/2022\/01\/Toyota-Hilux-GR-Sport.jpg\" alt=\"Toyota Hilux GR Sport\" class=\"wp-image-35320 size-full\" srcset=\"https:\/\/www.mzone.cz\/wp-content\/uploads\/2022\/01\/Toyota-Hilux-GR-Sport.jpg 646w, https:\/\/www.mzone.cz\/wp-content\/uploads\/2022\/01\/Toyota-Hilux-GR-Sport-300x200.jpg 300w, https:\/\/www.mzone.cz\/wp-content\/uploads\/2022\/01\/Toyota-Hilux-GR-Sport-18x12.jpg 18w, https:\/\/www.mzone.cz\/wp-content\/uploads\/2022\/01\/Toyota-Hilux-GR-Sport-400x267.jpg 400w, https:\/\/www.mzone.cz\/wp-content\/uploads\/2022\/01\/Toyota-Hilux-GR-Sport-500x333.jpg 500w, https:\/\/www.mzone.cz\/wp-content\/uploads\/2022\/01\/Toyota-Hilux-GR-Sport-590x394.jpg 590w\" sizes=\"auto, (max-width: 646px) 100vw, 646px\" \/><\/a><\/figure><div class=\"wp-block-media-text__content\">\n<h4 class=\"wp-block-heading\"><a href=\"https:\/\/www.mzone.cz\/toyota-hilux-gr-sport-inspirace-z-rallye\/\">Inspirace z rallye: Toyota p\u0159edstavuje nov\u00fd Hilux GR Sport<\/a><\/h4><br>\n<\/div><\/div>","protected":false},"excerpt":{"rendered":"<p>Sv\u016fj z\u00e1vodn\u00ed sen si spln\u00ed ost\u0159\u00edlen\u00fd dakarsk\u00fd matador Tom\u00e1\u0161 Ou\u0159edn\u00ed\u010dek. Spolu s navig\u00e1torem Davidem K\u0159\u00edpalem bude z\u00e1vodit v barv\u00e1ch nov\u00e9ho t\u00fdmu Toyota Gazoo Racing Czech, a k dispozici bude m\u00edt novou specifikaci z\u00e1vodn\u00edho speci\u00e1lu Toyota Hilux GR T1+. Osmin\u00e1sobn\u00fd \u00fa\u010dastn\u00edk nejt\u011b\u017e\u0161\u00edho motoristick\u00e9ho podniku planety je prvn\u00edm \u010desk\u00fdm pilotem d\u00e1lkov\u00fdch rallye, kter\u00fd pojede pod zna\u010dkou Toyota [&hellip;]<\/p>\n","protected":false},"author":4,"featured_media":40816,"comment_status":"open","ping_status":"closed","sticky":false,"template":"","format":"standard","meta":{"kk_blocks_editor_width":"","_kiokenblocks_attr":"","_kiokenblocks_dimensions":"","footnotes":""},"categories":[69,80],"tags":[585,82,462,552,875,636,2085,2083,42,5908,687,5907,4392,735],"class_list":["post-40811","post","type-post","status-publish","format-standard","has-post-thumbnail","hentry","category-auto-moto","category-sport","tag-auta","tag-auto","tag-auto-moto","tag-automobily","tag-dakar","tag-motorsport","tag-rally","tag-rallye","tag-sport","tag-tomas-ourednicek","tag-toyota","tag-toyota-gazoo-racing-czech","tag-toyota-hilux","tag-zavod"],"yoast_head":"<!-- This site is optimized with the Yoast SEO plugin v27.5 - https:\/\/yoast.com\/product\/yoast-seo-wordpress\/ -->\n<title>Tom\u00e1\u0161 Ou\u0159edn\u00ed\u010dek pojede Dakar s Hiluxem v barv\u00e1ch Toyota Gazoo Racing Czech - Mzone<\/title>\n<meta name=\"description\" content=\"Sv\u016fj z\u00e1vodn\u00ed sen si spln\u00ed ost\u0159\u00edlen\u00fd dakarsk\u00fd matador Tom\u00e1\u0161 Ou\u0159edn\u00ed\u010dek. Spolu s navig\u00e1torem Davidem K\u0159\u00edpalem bude z\u00e1vodit v barv\u00e1ch nov\u00e9ho t\u00fdmu Toyota Gazoo Racing Czech, a k dispozici bude m\u00edt novou specifikaci z\u00e1vodn\u00edho speci\u00e1lu Toyota Hilux GR T1+.\" \/>\n<meta name=\"robots\" content=\"index, follow, max-snippet:-1, max-image-preview:large, max-video-preview:-1\" \/>\n<link rel=\"canonical\" href=\"https:\/\/www.mzone.cz\/en\/tomas-ourednicek-pojede-dakar-s-hiluxem-v-barvach-toyota-gazoo-racing-czech\/\" \/>\n<meta property=\"og:locale\" content=\"en_US\" \/>\n<meta property=\"og:type\" content=\"article\" \/>\n<meta property=\"og:title\" content=\"Tom\u00e1\u0161 Ou\u0159edn\u00ed\u010dek pojede Dakar s Hiluxem v barv\u00e1ch Toyota Gazoo Racing Czech - Mzone\" \/>\n<meta property=\"og:description\" content=\"Sv\u016fj z\u00e1vodn\u00ed sen si spln\u00ed ost\u0159\u00edlen\u00fd dakarsk\u00fd matador Tom\u00e1\u0161 Ou\u0159edn\u00ed\u010dek. Spolu s navig\u00e1torem Davidem K\u0159\u00edpalem bude z\u00e1vodit v barv\u00e1ch nov\u00e9ho t\u00fdmu Toyota Gazoo Racing Czech, a k dispozici bude m\u00edt novou specifikaci z\u00e1vodn\u00edho speci\u00e1lu Toyota Hilux GR T1+.\" \/>\n<meta property=\"og:url\" content=\"https:\/\/www.mzone.cz\/en\/tomas-ourednicek-pojede-dakar-s-hiluxem-v-barvach-toyota-gazoo-racing-czech\/\" \/>\n<meta property=\"og:site_name\" content=\"Mzone\" \/>\n<meta property=\"article:publisher\" content=\"https:\/\/www.facebook.com\/MzoneCZ\/\" \/>\n<meta property=\"article:published_time\" content=\"2023-06-07T03:00:00+00:00\" \/>\n<meta property=\"og:image\" content=\"https:\/\/www.mzone.cz\/wp-content\/uploads\/2023\/06\/Tomas-Ourednicek.jpg\" \/>\n\t<meta property=\"og:image:width\" content=\"1191\" \/>\n\t<meta property=\"og:image:height\" content=\"794\" \/>\n\t<meta property=\"og:image:type\" content=\"image\/jpeg\" \/>\n<meta name=\"author\" content=\"Mzone\" \/>\n<meta name=\"twitter:card\" content=\"summary_large_image\" \/>\n<meta name=\"twitter:label1\" content=\"Written by\" \/>\n\t<meta name=\"twitter:data1\" content=\"Mzone\" \/>\n\t<meta name=\"twitter:label2\" content=\"Est. reading time\" \/>\n\t<meta name=\"twitter:data2\" content=\"3 minutes\" \/>\n<script type=\"application\/ld+json\" class=\"yoast-schema-graph\">{\"@context\":\"https:\\\/\\\/schema.org\",\"@graph\":[{\"@type\":\"Article\",\"@id\":\"https:\\\/\\\/www.mzone.cz\\\/tomas-ourednicek-pojede-dakar-s-hiluxem-v-barvach-toyota-gazoo-racing-czech\\\/#article\",\"isPartOf\":{\"@id\":\"https:\\\/\\\/www.mzone.cz\\\/tomas-ourednicek-pojede-dakar-s-hiluxem-v-barvach-toyota-gazoo-racing-czech\\\/\"},\"author\":{\"name\":\"Mzone\",\"@id\":\"https:\\\/\\\/www.mzone.cz\\\/#\\\/schema\\\/person\\\/9bc20cc422a99cac4af6ff9297da32d4\"},\"headline\":\"Tom\u00e1\u0161 Ou\u0159edn\u00ed\u010dek pojede Dakar s Hiluxem v barv\u00e1ch Toyota Gazoo Racing Czech\",\"datePublished\":\"2023-06-07T03:00:00+00:00\",\"mainEntityOfPage\":{\"@id\":\"https:\\\/\\\/www.mzone.cz\\\/tomas-ourednicek-pojede-dakar-s-hiluxem-v-barvach-toyota-gazoo-racing-czech\\\/\"},\"wordCount\":514,\"commentCount\":0,\"image\":{\"@id\":\"https:\\\/\\\/www.mzone.cz\\\/tomas-ourednicek-pojede-dakar-s-hiluxem-v-barvach-toyota-gazoo-racing-czech\\\/#primaryimage\"},\"thumbnailUrl\":\"https:\\\/\\\/www.mzone.cz\\\/wp-content\\\/uploads\\\/2023\\\/06\\\/Tomas-Ourednicek.jpg\",\"keywords\":[\"auta\",\"Auto\",\"auto-moto\",\"automobily\",\"Dakar\",\"motorsport\",\"rally\",\"rallye\",\"Sport\",\"Tom\u00e1\u0161 Ou\u0159edn\u00ed\u010dek\",\"Toyota\",\"Toyota Gazoo Racing Czech\",\"Toyota Hilux\",\"z\u00e1vod\"],\"articleSection\":[\"Auto-moto\",\"Sport\"],\"inLanguage\":\"en-US\",\"potentialAction\":[{\"@type\":\"CommentAction\",\"name\":\"Comment\",\"target\":[\"https:\\\/\\\/www.mzone.cz\\\/tomas-ourednicek-pojede-dakar-s-hiluxem-v-barvach-toyota-gazoo-racing-czech\\\/#respond\"]}]},{\"@type\":\"WebPage\",\"@id\":\"https:\\\/\\\/www.mzone.cz\\\/tomas-ourednicek-pojede-dakar-s-hiluxem-v-barvach-toyota-gazoo-racing-czech\\\/\",\"url\":\"https:\\\/\\\/www.mzone.cz\\\/tomas-ourednicek-pojede-dakar-s-hiluxem-v-barvach-toyota-gazoo-racing-czech\\\/\",\"name\":\"Tom\u00e1\u0161 Ou\u0159edn\u00ed\u010dek pojede Dakar s Hiluxem v barv\u00e1ch Toyota Gazoo Racing Czech - Mzone\",\"isPartOf\":{\"@id\":\"https:\\\/\\\/www.mzone.cz\\\/#website\"},\"primaryImageOfPage\":{\"@id\":\"https:\\\/\\\/www.mzone.cz\\\/tomas-ourednicek-pojede-dakar-s-hiluxem-v-barvach-toyota-gazoo-racing-czech\\\/#primaryimage\"},\"image\":{\"@id\":\"https:\\\/\\\/www.mzone.cz\\\/tomas-ourednicek-pojede-dakar-s-hiluxem-v-barvach-toyota-gazoo-racing-czech\\\/#primaryimage\"},\"thumbnailUrl\":\"https:\\\/\\\/www.mzone.cz\\\/wp-content\\\/uploads\\\/2023\\\/06\\\/Tomas-Ourednicek.jpg\",\"datePublished\":\"2023-06-07T03:00:00+00:00\",\"author\":{\"@id\":\"https:\\\/\\\/www.mzone.cz\\\/#\\\/schema\\\/person\\\/9bc20cc422a99cac4af6ff9297da32d4\"},\"description\":\"Sv\u016fj z\u00e1vodn\u00ed sen si spln\u00ed ost\u0159\u00edlen\u00fd dakarsk\u00fd matador Tom\u00e1\u0161 Ou\u0159edn\u00ed\u010dek. Spolu s navig\u00e1torem Davidem K\u0159\u00edpalem bude z\u00e1vodit v barv\u00e1ch nov\u00e9ho t\u00fdmu Toyota Gazoo Racing Czech, a k dispozici bude m\u00edt novou specifikaci z\u00e1vodn\u00edho speci\u00e1lu Toyota Hilux GR T1+.\",\"breadcrumb\":{\"@id\":\"https:\\\/\\\/www.mzone.cz\\\/tomas-ourednicek-pojede-dakar-s-hiluxem-v-barvach-toyota-gazoo-racing-czech\\\/#breadcrumb\"},\"inLanguage\":\"en-US\",\"potentialAction\":[{\"@type\":\"ReadAction\",\"target\":[\"https:\\\/\\\/www.mzone.cz\\\/tomas-ourednicek-pojede-dakar-s-hiluxem-v-barvach-toyota-gazoo-racing-czech\\\/\"]}]},{\"@type\":\"ImageObject\",\"inLanguage\":\"en-US\",\"@id\":\"https:\\\/\\\/www.mzone.cz\\\/tomas-ourednicek-pojede-dakar-s-hiluxem-v-barvach-toyota-gazoo-racing-czech\\\/#primaryimage\",\"url\":\"https:\\\/\\\/www.mzone.cz\\\/wp-content\\\/uploads\\\/2023\\\/06\\\/Tomas-Ourednicek.jpg\",\"contentUrl\":\"https:\\\/\\\/www.mzone.cz\\\/wp-content\\\/uploads\\\/2023\\\/06\\\/Tomas-Ourednicek.jpg\",\"width\":1191,\"height\":794,\"caption\":\"Tom\u00e1\u0161 Ou\u0159edn\u00ed\u010dek\"},{\"@type\":\"BreadcrumbList\",\"@id\":\"https:\\\/\\\/www.mzone.cz\\\/tomas-ourednicek-pojede-dakar-s-hiluxem-v-barvach-toyota-gazoo-racing-czech\\\/#breadcrumb\",\"itemListElement\":[{\"@type\":\"ListItem\",\"position\":1,\"name\":\"Dom\u016f\",\"item\":\"https:\\\/\\\/www.mzone.cz\\\/\"},{\"@type\":\"ListItem\",\"position\":2,\"name\":\"Tom\u00e1\u0161 Ou\u0159edn\u00ed\u010dek pojede Dakar s Hiluxem v barv\u00e1ch Toyota Gazoo Racing Czech\"}]},{\"@type\":\"WebSite\",\"@id\":\"https:\\\/\\\/www.mzone.cz\\\/#website\",\"url\":\"https:\\\/\\\/www.mzone.cz\\\/\",\"name\":\"Mzone\",\"description\":\"Magaz\u00edn nejen pro mu\u017ee\",\"potentialAction\":[{\"@type\":\"SearchAction\",\"target\":{\"@type\":\"EntryPoint\",\"urlTemplate\":\"https:\\\/\\\/www.mzone.cz\\\/?s={search_term_string}\"},\"query-input\":{\"@type\":\"PropertyValueSpecification\",\"valueRequired\":true,\"valueName\":\"search_term_string\"}}],\"inLanguage\":\"en-US\"},{\"@type\":\"Person\",\"@id\":\"https:\\\/\\\/www.mzone.cz\\\/#\\\/schema\\\/person\\\/9bc20cc422a99cac4af6ff9297da32d4\",\"name\":\"Mzone\",\"image\":{\"@type\":\"ImageObject\",\"inLanguage\":\"en-US\",\"@id\":\"https:\\\/\\\/secure.gravatar.com\\\/avatar\\\/e780a8630f3182a3d06dd667ab6bea151a0d155b0951bc15fe22633acdac0676?s=96&d=mm&r=g\",\"url\":\"https:\\\/\\\/secure.gravatar.com\\\/avatar\\\/e780a8630f3182a3d06dd667ab6bea151a0d155b0951bc15fe22633acdac0676?s=96&d=mm&r=g\",\"contentUrl\":\"https:\\\/\\\/secure.gravatar.com\\\/avatar\\\/e780a8630f3182a3d06dd667ab6bea151a0d155b0951bc15fe22633acdac0676?s=96&d=mm&r=g\",\"caption\":\"Mzone\"},\"url\":\"https:\\\/\\\/www.mzone.cz\\\/en\\\/author\\\/jakub\\\/\"}]}<\/script>\n<!-- \/ Yoast SEO plugin. -->","yoast_head_json":{"title":"Tom\u00e1\u0161 Ou\u0159edn\u00ed\u010dek pojede Dakar s Hiluxem v barv\u00e1ch Toyota Gazoo Racing Czech - Mzone","description":"Sv\u016fj z\u00e1vodn\u00ed sen si spln\u00ed ost\u0159\u00edlen\u00fd dakarsk\u00fd matador Tom\u00e1\u0161 Ou\u0159edn\u00ed\u010dek. Spolu s navig\u00e1torem Davidem K\u0159\u00edpalem bude z\u00e1vodit v barv\u00e1ch nov\u00e9ho t\u00fdmu Toyota Gazoo Racing Czech, a k dispozici bude m\u00edt novou specifikaci z\u00e1vodn\u00edho speci\u00e1lu Toyota Hilux GR T1+.","robots":{"index":"index","follow":"follow","max-snippet":"max-snippet:-1","max-image-preview":"max-image-preview:large","max-video-preview":"max-video-preview:-1"},"canonical":"https:\/\/www.mzone.cz\/en\/tomas-ourednicek-pojede-dakar-s-hiluxem-v-barvach-toyota-gazoo-racing-czech\/","og_locale":"en_US","og_type":"article","og_title":"Tom\u00e1\u0161 Ou\u0159edn\u00ed\u010dek pojede Dakar s Hiluxem v barv\u00e1ch Toyota Gazoo Racing Czech - Mzone","og_description":"Sv\u016fj z\u00e1vodn\u00ed sen si spln\u00ed ost\u0159\u00edlen\u00fd dakarsk\u00fd matador Tom\u00e1\u0161 Ou\u0159edn\u00ed\u010dek. Spolu s navig\u00e1torem Davidem K\u0159\u00edpalem bude z\u00e1vodit v barv\u00e1ch nov\u00e9ho t\u00fdmu Toyota Gazoo Racing Czech, a k dispozici bude m\u00edt novou specifikaci z\u00e1vodn\u00edho speci\u00e1lu Toyota Hilux GR T1+.","og_url":"https:\/\/www.mzone.cz\/en\/tomas-ourednicek-pojede-dakar-s-hiluxem-v-barvach-toyota-gazoo-racing-czech\/","og_site_name":"Mzone","article_publisher":"https:\/\/www.facebook.com\/MzoneCZ\/","article_published_time":"2023-06-07T03:00:00+00:00","og_image":[{"width":1191,"height":794,"url":"https:\/\/www.mzone.cz\/wp-content\/uploads\/2023\/06\/Tomas-Ourednicek.jpg","type":"image\/jpeg"}],"author":"Mzone","twitter_card":"summary_large_image","twitter_misc":{"Written by":"Mzone","Est. reading time":"3 minutes"},"schema":{"@context":"https:\/\/schema.org","@graph":[{"@type":"Article","@id":"https:\/\/www.mzone.cz\/tomas-ourednicek-pojede-dakar-s-hiluxem-v-barvach-toyota-gazoo-racing-czech\/#article","isPartOf":{"@id":"https:\/\/www.mzone.cz\/tomas-ourednicek-pojede-dakar-s-hiluxem-v-barvach-toyota-gazoo-racing-czech\/"},"author":{"name":"Mzone","@id":"https:\/\/www.mzone.cz\/#\/schema\/person\/9bc20cc422a99cac4af6ff9297da32d4"},"headline":"Tom\u00e1\u0161 Ou\u0159edn\u00ed\u010dek pojede Dakar s Hiluxem v barv\u00e1ch Toyota Gazoo Racing Czech","datePublished":"2023-06-07T03:00:00+00:00","mainEntityOfPage":{"@id":"https:\/\/www.mzone.cz\/tomas-ourednicek-pojede-dakar-s-hiluxem-v-barvach-toyota-gazoo-racing-czech\/"},"wordCount":514,"commentCount":0,"image":{"@id":"https:\/\/www.mzone.cz\/tomas-ourednicek-pojede-dakar-s-hiluxem-v-barvach-toyota-gazoo-racing-czech\/#primaryimage"},"thumbnailUrl":"https:\/\/www.mzone.cz\/wp-content\/uploads\/2023\/06\/Tomas-Ourednicek.jpg","keywords":["auta","Auto","auto-moto","automobily","Dakar","motorsport","rally","rallye","Sport","Tom\u00e1\u0161 Ou\u0159edn\u00ed\u010dek","Toyota","Toyota Gazoo Racing Czech","Toyota Hilux","z\u00e1vod"],"articleSection":["Auto-moto","Sport"],"inLanguage":"en-US","potentialAction":[{"@type":"CommentAction","name":"Comment","target":["https:\/\/www.mzone.cz\/tomas-ourednicek-pojede-dakar-s-hiluxem-v-barvach-toyota-gazoo-racing-czech\/#respond"]}]},{"@type":"WebPage","@id":"https:\/\/www.mzone.cz\/tomas-ourednicek-pojede-dakar-s-hiluxem-v-barvach-toyota-gazoo-racing-czech\/","url":"https:\/\/www.mzone.cz\/tomas-ourednicek-pojede-dakar-s-hiluxem-v-barvach-toyota-gazoo-racing-czech\/","name":"Tom\u00e1\u0161 Ou\u0159edn\u00ed\u010dek pojede Dakar s Hiluxem v barv\u00e1ch Toyota Gazoo Racing Czech - Mzone","isPartOf":{"@id":"https:\/\/www.mzone.cz\/#website"},"primaryImageOfPage":{"@id":"https:\/\/www.mzone.cz\/tomas-ourednicek-pojede-dakar-s-hiluxem-v-barvach-toyota-gazoo-racing-czech\/#primaryimage"},"image":{"@id":"https:\/\/www.mzone.cz\/tomas-ourednicek-pojede-dakar-s-hiluxem-v-barvach-toyota-gazoo-racing-czech\/#primaryimage"},"thumbnailUrl":"https:\/\/www.mzone.cz\/wp-content\/uploads\/2023\/06\/Tomas-Ourednicek.jpg","datePublished":"2023-06-07T03:00:00+00:00","author":{"@id":"https:\/\/www.mzone.cz\/#\/schema\/person\/9bc20cc422a99cac4af6ff9297da32d4"},"description":"Sv\u016fj z\u00e1vodn\u00ed sen si spln\u00ed ost\u0159\u00edlen\u00fd dakarsk\u00fd matador Tom\u00e1\u0161 Ou\u0159edn\u00ed\u010dek. Spolu s navig\u00e1torem Davidem K\u0159\u00edpalem bude z\u00e1vodit v barv\u00e1ch nov\u00e9ho t\u00fdmu Toyota Gazoo Racing Czech, a k dispozici bude m\u00edt novou specifikaci z\u00e1vodn\u00edho speci\u00e1lu Toyota Hilux GR T1+.","breadcrumb":{"@id":"https:\/\/www.mzone.cz\/tomas-ourednicek-pojede-dakar-s-hiluxem-v-barvach-toyota-gazoo-racing-czech\/#breadcrumb"},"inLanguage":"en-US","potentialAction":[{"@type":"ReadAction","target":["https:\/\/www.mzone.cz\/tomas-ourednicek-pojede-dakar-s-hiluxem-v-barvach-toyota-gazoo-racing-czech\/"]}]},{"@type":"ImageObject","inLanguage":"en-US","@id":"https:\/\/www.mzone.cz\/tomas-ourednicek-pojede-dakar-s-hiluxem-v-barvach-toyota-gazoo-racing-czech\/#primaryimage","url":"https:\/\/www.mzone.cz\/wp-content\/uploads\/2023\/06\/Tomas-Ourednicek.jpg","contentUrl":"https:\/\/www.mzone.cz\/wp-content\/uploads\/2023\/06\/Tomas-Ourednicek.jpg","width":1191,"height":794,"caption":"Tom\u00e1\u0161 Ou\u0159edn\u00ed\u010dek"},{"@type":"BreadcrumbList","@id":"https:\/\/www.mzone.cz\/tomas-ourednicek-pojede-dakar-s-hiluxem-v-barvach-toyota-gazoo-racing-czech\/#breadcrumb","itemListElement":[{"@type":"ListItem","position":1,"name":"Dom\u016f","item":"https:\/\/www.mzone.cz\/"},{"@type":"ListItem","position":2,"name":"Tom\u00e1\u0161 Ou\u0159edn\u00ed\u010dek pojede Dakar s Hiluxem v barv\u00e1ch Toyota Gazoo Racing Czech"}]},{"@type":"WebSite","@id":"https:\/\/www.mzone.cz\/#website","url":"https:\/\/www.mzone.cz\/","name":"Mzone","description":"Magaz\u00edn nejen pro mu\u017ee","potentialAction":[{"@type":"SearchAction","target":{"@type":"EntryPoint","urlTemplate":"https:\/\/www.mzone.cz\/?s={search_term_string}"},"query-input":{"@type":"PropertyValueSpecification","valueRequired":true,"valueName":"search_term_string"}}],"inLanguage":"en-US"},{"@type":"Person","@id":"https:\/\/www.mzone.cz\/#\/schema\/person\/9bc20cc422a99cac4af6ff9297da32d4","name":"Mzone","image":{"@type":"ImageObject","inLanguage":"en-US","@id":"https:\/\/secure.gravatar.com\/avatar\/e780a8630f3182a3d06dd667ab6bea151a0d155b0951bc15fe22633acdac0676?s=96&d=mm&r=g","url":"https:\/\/secure.gravatar.com\/avatar\/e780a8630f3182a3d06dd667ab6bea151a0d155b0951bc15fe22633acdac0676?s=96&d=mm&r=g","contentUrl":"https:\/\/secure.gravatar.com\/avatar\/e780a8630f3182a3d06dd667ab6bea151a0d155b0951bc15fe22633acdac0676?s=96&d=mm&r=g","caption":"Mzone"},"url":"https:\/\/www.mzone.cz\/en\/author\/jakub\/"}]}},"_links":{"self":[{"href":"https:\/\/www.mzone.cz\/en\/wp-json\/wp\/v2\/posts\/40811","targetHints":{"allow":["GET"]}}],"collection":[{"href":"https:\/\/www.mzone.cz\/en\/wp-json\/wp\/v2\/posts"}],"about":[{"href":"https:\/\/www.mzone.cz\/en\/wp-json\/wp\/v2\/types\/post"}],"author":[{"embeddable":true,"href":"https:\/\/www.mzone.cz\/en\/wp-json\/wp\/v2\/users\/4"}],"replies":[{"embeddable":true,"href":"https:\/\/www.mzone.cz\/en\/wp-json\/wp\/v2\/comments?post=40811"}],"version-history":[{"count":9,"href":"https:\/\/www.mzone.cz\/en\/wp-json\/wp\/v2\/posts\/40811\/revisions"}],"predecessor-version":[{"id":40829,"href":"https:\/\/www.mzone.cz\/en\/wp-json\/wp\/v2\/posts\/40811\/revisions\/40829"}],"wp:featuredmedia":[{"embeddable":true,"href":"https:\/\/www.mzone.cz\/en\/wp-json\/wp\/v2\/media\/40816"}],"wp:attachment":[{"href":"https:\/\/www.mzone.cz\/en\/wp-json\/wp\/v2\/media?parent=40811"}],"wp:term":[{"taxonomy":"category","embeddable":true,"href":"https:\/\/www.mzone.cz\/en\/wp-json\/wp\/v2\/categories?post=40811"},{"taxonomy":"post_tag","embeddable":true,"href":"https:\/\/www.mzone.cz\/en\/wp-json\/wp\/v2\/tags?post=40811"}],"curies":[{"name":"wp","href":"https:\/\/api.w.org\/{rel}","templated":true}]}}