{"id":40894,"date":"2023-06-18T05:00:00","date_gmt":"2023-06-18T03:00:00","guid":{"rendered":"https:\/\/www.mzone.cz\/?p=40894"},"modified":"2023-06-15T21:14:38","modified_gmt":"2023-06-15T19:14:38","slug":"tiroler-zugspitz-arena-a-olympiaregion-seefeld-alpsky-vzduch-a-detska-hriste-i-tam-kde-hory-prechazeji-do-nebe","status":"publish","type":"post","link":"https:\/\/www.mzone.cz\/en\/tiroler-zugspitz-arena-a-olympiaregion-seefeld-alpsky-vzduch-a-detska-hriste-i-tam-kde-hory-prechazeji-do-nebe\/","title":{"rendered":"Tiroler Zugspitz Arena a Olympiaregion Seefeld: Alpsk\u00fd vzduch a d\u011btsk\u00e1 h\u0159i\u0161t\u011b, i tam kde hory p\u0159ech\u00e1zej\u00ed do nebe"},"content":{"rendered":"<p><strong>Pokud pr\u00e1v\u011b p\u0159em\u00fd\u0161l\u00edte, kam na p\u0159\u00ed\u0161t\u00ed rodinnou dovolenou s dcerou, kterou po\u0159\u00e1d n\u011bco nebav\u00ed, ud\u011blejte to jako my. Kam vyrazit, kdy\u017e nechcete daleko, kde je teplo, ale p\u0159itom ne vedro? Vol\u00edme oblast Tiroler Zugspitz Arena na rakousk\u00e9 stran\u011b Zugspitze. Proto\u017ee span\u00ed v obytn\u00fdch vozech se \u010d\u00edm d\u00e1l v\u00edce omezuje, m\u00ed\u0159\u00edme s rodinou do hotelu Zugspitz Resort p\u0159\u00edmo u doln\u00ed stanice lanovky.<\/strong><\/p><br>\n\n\n\n<p>Pokud chcete zabavit d\u011bti a u toho si odpo\u010dinout, je\u00a0<a href=\"https:\/\/www.zugspitz-resort.at\/\" target=\"_blank\" rel=\"noreferrer noopener\">Zugspitz Resort<\/a>\u00a0super volba, proto\u017ee sou\u010d\u00e1st\u00ed z\u00e1zem\u00ed je spousta atrakc\u00ed v\u010detn\u011b venkovn\u00ed z\u00e1vodn\u00ed dr\u00e1hy na \u0161lapac\u00ed aut\u00ed\u010dka, vodn\u00edho sv\u011bta, trampol\u00edn a dal\u0161\u00edch l\u00e1kadel. Kdo nechce bydlet pod st\u0159echou, m\u016f\u017ee zaparkovat v p\u0159ilehl\u00e9m kempu, ani\u017e by p\u0159i\u0161el o v\u00fdhody hotelov\u00e9ho servisu.\u00a0<\/p>\n\n\n\n<blockquote class=\"wp-block-quote is-layout-flow wp-block-quote-is-layout-flow\">\n<p>Hned po p\u0159\u00edjezdu se vyd\u00e1v\u00e1me\u00a0<a href=\"https:\/\/www.zugspitze.at\/\" target=\"_blank\" rel=\"noreferrer noopener\">na vrchol\u00a0Zugspitze<\/a>. Zp\u00e1te\u010dn\u00ed j\u00edzdenka nen\u00ed levn\u00e1, ale z\u00e1\u017eitek stoj\u00ed za to. Odm\u011bnou je v\u00fdhled nad mraky, kter\u00e9 se vezou po nebi z rakousk\u00e9 strany na n\u011bmeckou. Vrcholov\u00fd k\u0159\u00ed\u017e je v oble\u017een\u00ed turist\u016f, kte\u0159\u00ed stoj\u00ed frontu na selfie a p\u0159ipom\u00ednaj\u00ed \u017eiv\u00e9ho hada vinouc\u00edho se na Mt. Everest.\u00a0<\/p>\n<\/blockquote>\n\n\n\n<p>Je\u0161t\u011b zaj\u00edmav\u011bj\u0161\u00ed v\u011bc se odehr\u00e1v\u00e1 na h\u0159ebeni, kter\u00fd tvo\u0159\u00ed hranici mezi Rakouskem a N\u011bmeckem. Posledn\u00ed metry pr\u00e1v\u011b zdol\u00e1v\u00e1 parta star\u0161\u00edch hiker\u016f, s nimi\u017e se d\u00e1me do \u0159e\u010di a dozv\u00edme se, \u017ee jdou p\u011b\u0161ky z Mnichova. Cestu sem zvl\u00e1dli za \u0161est dn\u00ed, naho\u0159e si ud\u011blaj\u00ed spole\u010dn\u00e9 foto, daj\u00ed si pivo a pak se zase \u0161est dn\u00ed vracej\u00ed do Mnichova. Tahle parta n\u00e1s namotivovala natolik, \u017ee jsme si s Terkou dali ruku a pusu na to, \u017ee v brzk\u00e9m budoucnu odlo\u017e\u00edme d\u00edt\u011b i psa k babi\u010dce a vyraz\u00edme na rychlou akci s v\u00fdstupem na Zugspitz z rakousk\u00e9 strany.<\/p><br>\n\n\n\n<figure class=\"wp-block-image size-large\"><img loading=\"lazy\" decoding=\"async\" width=\"1024\" height=\"819\" src=\"https:\/\/www.mzone.cz\/wp-content\/uploads\/2023\/06\/4-1024x819.jpg\" alt=\"Vrchol Zugspitz\" class=\"wp-image-40901\" srcset=\"https:\/\/www.mzone.cz\/wp-content\/uploads\/2023\/06\/4-1024x819.jpg 1024w, https:\/\/www.mzone.cz\/wp-content\/uploads\/2023\/06\/4-300x240.jpg 300w, https:\/\/www.mzone.cz\/wp-content\/uploads\/2023\/06\/4-768x614.jpg 768w, https:\/\/www.mzone.cz\/wp-content\/uploads\/2023\/06\/4-1536x1229.jpg 1536w, https:\/\/www.mzone.cz\/wp-content\/uploads\/2023\/06\/4-2048x1638.jpg 2048w, https:\/\/www.mzone.cz\/wp-content\/uploads\/2023\/06\/4-15x12.jpg 15w, https:\/\/www.mzone.cz\/wp-content\/uploads\/2023\/06\/4-590x472.jpg 590w\" sizes=\"auto, (max-width: 1024px) 100vw, 1024px\" \/><\/figure><br>\n\n\n\n<p>Je tu dal\u0161\u00ed den a s n\u00edm kone\u010dn\u011b \u010das na cyklistiku. Nasazujeme helmy, jork\u0161\u00edra Lojzu naskl\u00e1d\u00e1me do batohu a vyr\u00e1\u017e\u00edme sm\u011br\u00a0<strong>Biberwier\u00a0<\/strong>p\u0159es n\u00e1dhern\u00e9 propojovac\u00ed stezky pod\u00e9l potok\u016f a mal\u00fdch jez\u00edrek. V are\u00e1lu Biberwier nased\u00e1me na \u010dty\u0159seda\u010dkovou lanovku a nech\u00e1me se vyv\u00e9zt na za\u010d\u00e1tek\u00a0<strong>Fun trailu pro za\u010d\u00e1te\u010dn\u00edky a rodiny<\/strong>.<\/p>\n\n\n\n<blockquote class=\"wp-block-quote is-layout-flow wp-block-quote-is-layout-flow\">\n<p>Trail je z velk\u00e9 \u010d\u00e1sti vysypan\u00fd \u0161t\u011brkem a tak jsme neust\u00e1le v pozoru, aby si dcera Eli nemusela vyndavat \u0161t\u011brk z pusy a pes v batohu nebyl placatej.<\/p>\n<\/blockquote>\n\n\n\n<p>Terka po jedn\u00e9 j\u00edzd\u011b se psem Lojzou na z\u00e1dech used\u00e1 do \u00fatuln\u00e9 kav\u00e1rny s v\u00fdhledem na kopec, z n\u011bj\u017e dol\u016f po trailu svi\u0161t\u00ed nejen bike\u0159i ale tak\u00e9 ter\u00e9nn\u00ed motok\u00e1ry. J\u00e1 s El\u00ed toho m\u00e1m po p\u00e1r j\u00edzd\u00e1ch taky dost, a proto kola vym\u011b\u0148ujeme za boby. S\u00e1\u0148ka\u0159sk\u00e1 dr\u00e1ha je tro\u0161ku jina\u010d\u00ed, ne\u017e jakou jsem kdy vid\u011bl, je to takov\u00e9 rychl\u00e9 betonov\u00e9 kor\u00fdtko ve kter\u00e9m se sna\u017e\u00ed\u0161 udr\u017eet, ale bavila m\u011b v\u00edc ne\u017e klasick\u00e9 bobovky typu sedni a ob\u010das p\u0159ibrzdi.<\/p><br>\n\n\n\n<figure class=\"wp-block-image size-large\"><img loading=\"lazy\" decoding=\"async\" width=\"1024\" height=\"819\" src=\"https:\/\/www.mzone.cz\/wp-content\/uploads\/2023\/06\/7-1024x819.jpg\" alt=\"Gaspi s rodinou v Rakousku\" class=\"wp-image-40906\" srcset=\"https:\/\/www.mzone.cz\/wp-content\/uploads\/2023\/06\/7-1024x819.jpg 1024w, https:\/\/www.mzone.cz\/wp-content\/uploads\/2023\/06\/7-300x240.jpg 300w, https:\/\/www.mzone.cz\/wp-content\/uploads\/2023\/06\/7-768x614.jpg 768w, https:\/\/www.mzone.cz\/wp-content\/uploads\/2023\/06\/7-1536x1229.jpg 1536w, https:\/\/www.mzone.cz\/wp-content\/uploads\/2023\/06\/7-2048x1638.jpg 2048w, https:\/\/www.mzone.cz\/wp-content\/uploads\/2023\/06\/7-15x12.jpg 15w, https:\/\/www.mzone.cz\/wp-content\/uploads\/2023\/06\/7-590x472.jpg 590w\" sizes=\"auto, (max-width: 1024px) 100vw, 1024px\" \/><\/figure><br>\n\n\n\n<p>Adrenalinu bylo dost, a tak n\u00e1sleduj\u00edc\u00ed den vym\u011b\u0148ujeme \u0161otolinu za asfalt a vyr\u00e1\u017e\u00edme na&nbsp;<strong>v\u00fdlet do Lermoosu<\/strong>, kde je velk\u00e9 d\u011btsk\u00e9 h\u0159i\u0161t\u011b s&nbsp;<strong>pumptrackem od Velosolution<\/strong>. Po dvaceti kole\u010dk\u00e1ch u\u017e tah\u00e1me jazyk, a tak si jdeme d\u00e1t zmrzku na hlavn\u00ed t\u0159\u00eddu, kde je spousta kr\u00e1mk\u016f, p\u016fj\u010doven kol a servis\u016f.&nbsp;<\/p>\n\n\n\n<blockquote class=\"wp-block-quote is-layout-flow wp-block-quote-is-layout-flow\">\n<p>Odpoledne n\u00e1s \u010dek\u00e1 odm\u011bna v podob\u011b&nbsp;<strong>Blindsee<\/strong>, kter\u00e9 je pova\u017eov\u00e1no za nejmod\u0159ej\u0161\u00ed jezero v Alp\u00e1ch, a kter\u00e9 byste p\u0159i n\u00e1v\u0161t\u011bv\u011b Zugspitz Ar\u00e9ny ur\u010dit\u011b nem\u011bli vynechat.<\/p>\n<\/blockquote>\n\n\n\n<p>Dal\u0161\u00ed na\u0161\u00ed zast\u00e1vkou je <a href=\"https:\/\/www.seefeld.com\/en\/\" target=\"_blank\" rel=\"noreferrer noopener\">zn\u00e1m\u00e9 b\u011b\u017eka\u0159sk\u00e9 st\u0159edisko Seefeld<\/a><em>.\u00a0<\/em>Seefeld je kr\u00e1sn\u00e1 stylov\u00e1 vesni\u010dka, \u017eij\u00edc\u00ed ve\u010dern\u00edm \u017eivotem s lok\u00e1ln\u00ed muzikou a pivovarem. El\u00ed jen z\u00e1\u0159\u00ed o\u010d\u00ed\u010dka z kr\u00e1sn\u011b vyzdoben\u00fdch v\u00fdloh obch\u016fdk\u016f a osv\u011btlen\u00fdch uli\u010dek, kter\u00fdmi poklidn\u011b proud\u00ed turist\u00e9.<\/p><br>\n\n\n\n<figure class=\"wp-block-embed is-type-video is-provider-youtube wp-block-embed-youtube wp-embed-aspect-16-9 wp-has-aspect-ratio\"><div class=\"wp-block-embed__wrapper\">\n<iframe loading=\"lazy\" title=\"Gaspi - Family trip Tyrolsko - Tiroler Zugspitz Arena a Olympiaregion Seefeld\" width=\"600\" height=\"338\" src=\"https:\/\/www.youtube.com\/embed\/Hke1C66yL_o?feature=oembed\" frameborder=\"0\" allow=\"accelerometer; autoplay; clipboard-write; encrypted-media; gyroscope; picture-in-picture; web-share\" referrerpolicy=\"strict-origin-when-cross-origin\" allowfullscreen><\/iframe>\n<\/div><\/figure><br>\n\n\n\n<p>Pes Lojza si v poklidu p\u0159e\u010dte noviny u kdejak\u00e9ho sloupu a to je\u0161t\u011b nev\u00ed, \u017ee jsme si pro n\u011bj na dal\u0161\u00ed den p\u0159ichystali dal\u0161\u00ed v\u00fdlet na kolech v nedalek\u00e9m\u00a0<a href=\"https:\/\/www.katzenkopf-leutasch.at\/de\/bikepark-katzenkopf-leutasch-tirol\/\" target=\"_blank\" rel=\"noreferrer noopener\">bikeparku Leutasch<\/a> na kopci s n\u00e1zvem Katzenkopf, tedy na ko\u010di\u010d\u00ed hlavu. Trochu n\u00e1s p\u0159ekvapuje pr\u00e1zdnota parkovi\u0161t\u011b u spodn\u00ed stanice lanovky, ale nenech\u00e1me se odradit a vyr\u00e1\u017e\u00edme lanem vzh\u016fru. Naho\u0159e na n\u00e1s \u010dek\u00e1 klasick\u00e1 p\u0159\u00edjemn\u00e1 rakousk\u00e1 hosp\u016fdka, kde za\u010d\u00ednaj\u00ed kr\u00e1sn\u00e9 traily od single flow a\u017e po t\u011b\u017ek\u00e9 sjezdov\u00e9 trat\u011b.\u00a0<\/p>\n\n\n\n<blockquote class=\"wp-block-quote is-layout-flow wp-block-quote-is-layout-flow\">\n<p><strong>D\u011btsk\u00fd Green Pangea trail<\/strong>\u00a0o d\u00e9lce 600 metr\u016f a p\u0159ev\u00fd\u0161en\u00ed 60 metr\u016f se d\u00e1 po spojovac\u00ed cest\u011b jezdit po\u0159\u00e1d dokola. Asi nejobl\u00edben\u011bj\u0161\u00ed flow singletrail s d\u00e9lkou 2,1 km a p\u0159ev\u00fd\u0161en\u00edm 220 m se jmenuje\u00a0<strong>Kitty Twister<\/strong>, z\u0159ejm\u011b podle kopce. No a pro ty, kte\u0159\u00ed se cht\u011bj\u00ed trochu zahopsat a vyzkou\u0161et nejen svoje skills, ale i bikov\u00e9 vybaven\u00ed, je tu\u00a0<strong>Dirty Dancer<\/strong>\u00a0s d\u00e9lkou 2,2 km a p\u0159ev\u00fd\u0161en\u00edm 220 m.\u00a0<\/p>\n<\/blockquote>\n\n\n\n<p>Odpoledne mi holky do bikov\u00e1n\u00ed h\u00e1zej\u00ed vidle, a tak je pos\u00edl\u00e1m do sout\u011bsky Die\u00a0<a href=\"https:\/\/www.leutaschklamm.com\/\" target=\"_blank\" rel=\"noopener\">Leutascher Geisterklamm<\/a> pln\u00e9 vodop\u00e1d\u016f, visut\u00fdch l\u00e1vek, \u00fazk\u00fdch cesti\u010dek a divok\u00e9 p\u0159\u00edrody. Stezka se r\u016fzn\u011b v\u011btv\u00ed a holky si vyb\u00edraj\u00ed dva kilometry dlouhou variantu sm\u011brem na Mittenwald v N\u011bmecku. Co\u017e je docela vtipn\u00fd, na konci t\u00e9to stezky si v n\u011bmeck\u00e9 hosp\u016fdce koup\u00ed\u0161 vstupenku a jde\u0161 se pod\u00edvat na rakousk\u00fd vodop\u00e1d, z\u0159ejm\u011b kooperace.<\/p><br>\n\n\n\n<figure class=\"wp-block-image size-large\"><img loading=\"lazy\" decoding=\"async\" width=\"1024\" height=\"819\" src=\"https:\/\/www.mzone.cz\/wp-content\/uploads\/2023\/06\/6-1024x819.jpg\" alt=\"Gaspiho dovolen\u00e1 v Rakousku\" class=\"wp-image-40919\" srcset=\"https:\/\/www.mzone.cz\/wp-content\/uploads\/2023\/06\/6-1024x819.jpg 1024w, https:\/\/www.mzone.cz\/wp-content\/uploads\/2023\/06\/6-300x240.jpg 300w, https:\/\/www.mzone.cz\/wp-content\/uploads\/2023\/06\/6-768x614.jpg 768w, https:\/\/www.mzone.cz\/wp-content\/uploads\/2023\/06\/6-1536x1229.jpg 1536w, https:\/\/www.mzone.cz\/wp-content\/uploads\/2023\/06\/6-2048x1638.jpg 2048w, https:\/\/www.mzone.cz\/wp-content\/uploads\/2023\/06\/6-15x12.jpg 15w, https:\/\/www.mzone.cz\/wp-content\/uploads\/2023\/06\/6-590x472.jpg 590w\" sizes=\"auto, (max-width: 1024px) 100vw, 1024px\" \/><\/figure><br>\n\n\n\n<p>N\u00e1sleduj\u00edc\u00ed den je v Seefeldu takov\u00e1 deka, \u017ee kolo u\u017e nevytahuji ani j\u00e1. M\u00edsto je\u017ed\u011bn\u00ed se zkus\u00edme dostat nad mraky. Na\u0161\u00edm c\u00edlem je are\u00e1l&nbsp;<strong>Rossh\u00fctte<\/strong>. Zuba\u010dka n\u00e1s vyveze a\u017e do v\u00fd\u0161ky 1760 metr\u016f. Zat\u00edmco si El\u00ed na d\u011btsk\u00e9m h\u0159i\u0161ti u\u017e\u00edv\u00e1 kuli\u010dkovou dr\u00e1hu a mini d\u011btsk\u00fd d\u016fl s \u00fazkokolejkou, my si v klidu vychutn\u00e1v\u00e1me k\u00e1vu a \u010dek\u00e1me na slun\u00ed\u010dko. Pak se nech\u00e1me kabinovou lanovkou vyv\u00e9st a\u017e do v\u00fd\u0161ky 2064 m, odkud se d\u00e1 po h\u0159ebeni vy\u0161plhat a\u017e ke k\u0159\u00ed\u017ei stoj\u00edc\u00edm ve v\u00fd\u0161ce 2220 m. El\u00ed n\u00e1m ud\u011bl\u00e1 z\u00e1pis do knihy vedle k\u0159\u00ed\u017ee a kone\u010dn\u011b p\u0159est\u00e1v\u00e1 remcat, \u017ee po\u0159\u00e1d mus\u00edme n\u011bkam l\u00e9zt a je\u0161t\u011b s sebou tahat Lojz\u00edka.&nbsp;<strong>M\u016fj tip? Vydr\u017ete remc\u00e1n\u00ed d\u011bt\u00ed, proto\u017ee po tom v\u0161em to nakonec stejn\u011b ocen\u00ed.<\/strong>&nbsp;Stoj\u00ed to za to! D\u00edky moc Seefelde, bylo to skv\u011bl\u00e9.<\/p><br>\n\n\n\n<div class=\"wp-block-media-text alignwide is-stacked-on-mobile is-vertically-aligned-top\" style=\"grid-template-columns:23% auto\"><figure class=\"wp-block-media-text__media\"><a href=\"https:\/\/www.mzone.cz\/gaspiho-dalsi-vylet-videnska-kava-sacher-a-les\/\"><img loading=\"lazy\" decoding=\"async\" width=\"1024\" height=\"682\" src=\"https:\/\/www.mzone.cz\/wp-content\/uploads\/2023\/05\/Gaspi-ve-Vidni-1024x682.jpg\" alt=\"Gaspi ve V\u00eddni\" class=\"wp-image-40652 size-full\" srcset=\"https:\/\/www.mzone.cz\/wp-content\/uploads\/2023\/05\/Gaspi-ve-Vidni-1024x682.jpg 1024w, https:\/\/www.mzone.cz\/wp-content\/uploads\/2023\/05\/Gaspi-ve-Vidni-300x200.jpg 300w, https:\/\/www.mzone.cz\/wp-content\/uploads\/2023\/05\/Gaspi-ve-Vidni-768x512.jpg 768w, https:\/\/www.mzone.cz\/wp-content\/uploads\/2023\/05\/Gaspi-ve-Vidni-1536x1024.jpg 1536w, https:\/\/www.mzone.cz\/wp-content\/uploads\/2023\/05\/Gaspi-ve-Vidni-18x12.jpg 18w, https:\/\/www.mzone.cz\/wp-content\/uploads\/2023\/05\/Gaspi-ve-Vidni-800x533.jpg 800w, https:\/\/www.mzone.cz\/wp-content\/uploads\/2023\/05\/Gaspi-ve-Vidni-400x267.jpg 400w, https:\/\/www.mzone.cz\/wp-content\/uploads\/2023\/05\/Gaspi-ve-Vidni-500x333.jpg 500w, https:\/\/www.mzone.cz\/wp-content\/uploads\/2023\/05\/Gaspi-ve-Vidni-1170x780.jpg 1170w, https:\/\/www.mzone.cz\/wp-content\/uploads\/2023\/05\/Gaspi-ve-Vidni-590x393.jpg 590w, https:\/\/www.mzone.cz\/wp-content\/uploads\/2023\/05\/Gaspi-ve-Vidni.jpg 1673w\" sizes=\"auto, (max-width: 1024px) 100vw, 1024px\" \/><\/a><\/figure><div class=\"wp-block-media-text__content\">\n<h4 class=\"wp-block-heading\"><a href=\"https:\/\/www.mzone.cz\/gaspiho-dalsi-vylet-videnska-kava-sacher-a-les\/\">Gaspiho dal\u0161\u00ed v\u00fdlet: V\u00edde\u0148sk\u00e1 k\u00e1va, Sacher a les<\/a><\/h4><br>\n<\/div><\/div>","protected":false},"excerpt":{"rendered":"<p>Pokud pr\u00e1v\u011b p\u0159em\u00fd\u0161l\u00edte, kam na p\u0159\u00ed\u0161t\u00ed rodinnou dovolenou s dcerou, kterou po\u0159\u00e1d n\u011bco nebav\u00ed, ud\u011blejte to jako my. Kam vyrazit, kdy\u017e nechcete daleko, kde je teplo, ale p\u0159itom ne vedro? Vol\u00edme oblast Tiroler Zugspitz Arena na rakousk\u00e9 stran\u011b Zugspitze. Proto\u017ee span\u00ed v obytn\u00fdch vozech se \u010d\u00edm d\u00e1l v\u00edce omezuje, m\u00ed\u0159\u00edme s rodinou do hotelu Zugspitz [&hellip;]<\/p>\n","protected":false},"author":4,"featured_media":40922,"comment_status":"open","ping_status":"closed","sticky":false,"template":"","format":"standard","meta":{"kk_blocks_editor_width":"","_kiokenblocks_attr":"","_kiokenblocks_dimensions":"","footnotes":""},"categories":[854,80,25],"tags":[3101,3058,3979,5917,512,1950,514,2430,2431,2823,4898,3282,1953,5877,2429,2583,2432,901,42,490,890,5916,5488,5915],"class_list":["post-40894","post","type-post","status-publish","format-standard","has-post-thumbnail","hentry","category-cestovani","category-sport","category-style","tag-bike","tag-bikepark","tag-biker","tag-biking","tag-cestovani","tag-cyklistika","tag-dovolena","tag-gaspi","tag-horska-kola","tag-hory","tag-jizdni-kolo","tag-kola","tag-kolo","tag-mountainbike","tag-mtb","tag-rakousko","tag-richard-gasperotti","tag-rodina","tag-sport","tag-style","tag-tip","tag-tiroler-zugspitz-arena","tag-tyrolsko","tag-zugspitz"],"yoast_head":"<!-- This site is optimized with the Yoast SEO plugin v27.5 - https:\/\/yoast.com\/product\/yoast-seo-wordpress\/ -->\n<title>Tiroler Zugspitz Arena a Olympiaregion Seefeld: Alpsk\u00fd vzduch a d\u011btsk\u00e1 h\u0159i\u0161t\u011b, i tam kde hory p\u0159ech\u00e1zej\u00ed do nebe - Mzone<\/title>\n<meta name=\"description\" content=\"Pokud pr\u00e1v\u011b p\u0159em\u00fd\u0161l\u00edte, kam na p\u0159\u00ed\u0161t\u00ed rodinnou dovolenou s dcerou, kterou po\u0159\u00e1d n\u011bco nebav\u00ed, ud\u011blejte to jako my. Kam vyrazit, kdy\u017e nechcete daleko, kde je teplo, ale p\u0159itom ne vedro? Vol\u00edm oblast Tiroler Zugspitz Arena na rakousk\u00e9 stran\u011b Zugspitze.\" \/>\n<meta name=\"robots\" content=\"index, follow, max-snippet:-1, max-image-preview:large, max-video-preview:-1\" \/>\n<link rel=\"canonical\" href=\"https:\/\/www.mzone.cz\/en\/tiroler-zugspitz-arena-a-olympiaregion-seefeld-alpsky-vzduch-a-detska-hriste-i-tam-kde-hory-prechazeji-do-nebe\/\" \/>\n<meta property=\"og:locale\" content=\"en_US\" \/>\n<meta property=\"og:type\" content=\"article\" \/>\n<meta property=\"og:title\" content=\"Tiroler Zugspitz Arena a Olympiaregion Seefeld: Alpsk\u00fd vzduch a d\u011btsk\u00e1 h\u0159i\u0161t\u011b, i tam kde hory p\u0159ech\u00e1zej\u00ed do nebe - Mzone\" \/>\n<meta property=\"og:description\" content=\"Pokud pr\u00e1v\u011b p\u0159em\u00fd\u0161l\u00edte, kam na p\u0159\u00ed\u0161t\u00ed rodinnou dovolenou s dcerou, kterou po\u0159\u00e1d n\u011bco nebav\u00ed, ud\u011blejte to jako my. Kam vyrazit, kdy\u017e nechcete daleko, kde je teplo, ale p\u0159itom ne vedro? Vol\u00edm oblast Tiroler Zugspitz Arena na rakousk\u00e9 stran\u011b Zugspitze.\" \/>\n<meta property=\"og:url\" content=\"https:\/\/www.mzone.cz\/en\/tiroler-zugspitz-arena-a-olympiaregion-seefeld-alpsky-vzduch-a-detska-hriste-i-tam-kde-hory-prechazeji-do-nebe\/\" \/>\n<meta property=\"og:site_name\" content=\"Mzone\" \/>\n<meta property=\"article:publisher\" content=\"https:\/\/www.facebook.com\/MzoneCZ\/\" \/>\n<meta property=\"article:published_time\" content=\"2023-06-18T03:00:00+00:00\" \/>\n<meta property=\"og:image\" content=\"https:\/\/www.mzone.cz\/wp-content\/uploads\/2023\/06\/Tiroler-Zugspitz-Arena-s-detmi.jpg\" \/>\n\t<meta property=\"og:image:width\" content=\"1972\" \/>\n\t<meta property=\"og:image:height\" content=\"1315\" \/>\n\t<meta property=\"og:image:type\" content=\"image\/jpeg\" \/>\n<meta name=\"author\" content=\"Mzone\" \/>\n<meta name=\"twitter:card\" content=\"summary_large_image\" \/>\n<meta name=\"twitter:label1\" content=\"Written by\" \/>\n\t<meta name=\"twitter:data1\" content=\"Mzone\" \/>\n\t<meta name=\"twitter:label2\" content=\"Est. reading time\" \/>\n\t<meta name=\"twitter:data2\" content=\"6 minutes\" \/>\n<script type=\"application\/ld+json\" class=\"yoast-schema-graph\">{\"@context\":\"https:\\\/\\\/schema.org\",\"@graph\":[{\"@type\":\"Article\",\"@id\":\"https:\\\/\\\/www.mzone.cz\\\/tiroler-zugspitz-arena-a-olympiaregion-seefeld-alpsky-vzduch-a-detska-hriste-i-tam-kde-hory-prechazeji-do-nebe\\\/#article\",\"isPartOf\":{\"@id\":\"https:\\\/\\\/www.mzone.cz\\\/tiroler-zugspitz-arena-a-olympiaregion-seefeld-alpsky-vzduch-a-detska-hriste-i-tam-kde-hory-prechazeji-do-nebe\\\/\"},\"author\":{\"name\":\"Mzone\",\"@id\":\"https:\\\/\\\/www.mzone.cz\\\/#\\\/schema\\\/person\\\/9bc20cc422a99cac4af6ff9297da32d4\"},\"headline\":\"Tiroler Zugspitz Arena a Olympiaregion Seefeld: Alpsk\u00fd vzduch a d\u011btsk\u00e1 h\u0159i\u0161t\u011b, i tam kde hory p\u0159ech\u00e1zej\u00ed do nebe\",\"datePublished\":\"2023-06-18T03:00:00+00:00\",\"mainEntityOfPage\":{\"@id\":\"https:\\\/\\\/www.mzone.cz\\\/tiroler-zugspitz-arena-a-olympiaregion-seefeld-alpsky-vzduch-a-detska-hriste-i-tam-kde-hory-prechazeji-do-nebe\\\/\"},\"wordCount\":1205,\"commentCount\":0,\"image\":{\"@id\":\"https:\\\/\\\/www.mzone.cz\\\/tiroler-zugspitz-arena-a-olympiaregion-seefeld-alpsky-vzduch-a-detska-hriste-i-tam-kde-hory-prechazeji-do-nebe\\\/#primaryimage\"},\"thumbnailUrl\":\"https:\\\/\\\/www.mzone.cz\\\/wp-content\\\/uploads\\\/2023\\\/06\\\/Tiroler-Zugspitz-Arena-s-detmi.jpg\",\"keywords\":[\"bike\",\"bikepark\",\"biker\",\"biking\",\"cestov\u00e1n\u00ed\",\"cyklistika\",\"dovolen\u00e1\",\"Gaspi\",\"horsk\u00e1 kola\",\"hory\",\"j\u00edzdn\u00ed kolo\",\"kola\",\"kolo\",\"mountainbike\",\"MTB\",\"Rakousko\",\"Richard Gasperotti\",\"rodina\",\"Sport\",\"style\",\"tip\",\"Tiroler Zugspitz Arena\",\"Tyrolsko\",\"Zugspitz\"],\"articleSection\":[\"Cestov\u00e1n\u00ed\",\"Sport\",\"Style\"],\"inLanguage\":\"en-US\",\"potentialAction\":[{\"@type\":\"CommentAction\",\"name\":\"Comment\",\"target\":[\"https:\\\/\\\/www.mzone.cz\\\/tiroler-zugspitz-arena-a-olympiaregion-seefeld-alpsky-vzduch-a-detska-hriste-i-tam-kde-hory-prechazeji-do-nebe\\\/#respond\"]}]},{\"@type\":\"WebPage\",\"@id\":\"https:\\\/\\\/www.mzone.cz\\\/tiroler-zugspitz-arena-a-olympiaregion-seefeld-alpsky-vzduch-a-detska-hriste-i-tam-kde-hory-prechazeji-do-nebe\\\/\",\"url\":\"https:\\\/\\\/www.mzone.cz\\\/tiroler-zugspitz-arena-a-olympiaregion-seefeld-alpsky-vzduch-a-detska-hriste-i-tam-kde-hory-prechazeji-do-nebe\\\/\",\"name\":\"Tiroler Zugspitz Arena a Olympiaregion Seefeld: Alpsk\u00fd vzduch a d\u011btsk\u00e1 h\u0159i\u0161t\u011b, i tam kde hory p\u0159ech\u00e1zej\u00ed do nebe - Mzone\",\"isPartOf\":{\"@id\":\"https:\\\/\\\/www.mzone.cz\\\/#website\"},\"primaryImageOfPage\":{\"@id\":\"https:\\\/\\\/www.mzone.cz\\\/tiroler-zugspitz-arena-a-olympiaregion-seefeld-alpsky-vzduch-a-detska-hriste-i-tam-kde-hory-prechazeji-do-nebe\\\/#primaryimage\"},\"image\":{\"@id\":\"https:\\\/\\\/www.mzone.cz\\\/tiroler-zugspitz-arena-a-olympiaregion-seefeld-alpsky-vzduch-a-detska-hriste-i-tam-kde-hory-prechazeji-do-nebe\\\/#primaryimage\"},\"thumbnailUrl\":\"https:\\\/\\\/www.mzone.cz\\\/wp-content\\\/uploads\\\/2023\\\/06\\\/Tiroler-Zugspitz-Arena-s-detmi.jpg\",\"datePublished\":\"2023-06-18T03:00:00+00:00\",\"author\":{\"@id\":\"https:\\\/\\\/www.mzone.cz\\\/#\\\/schema\\\/person\\\/9bc20cc422a99cac4af6ff9297da32d4\"},\"description\":\"Pokud pr\u00e1v\u011b p\u0159em\u00fd\u0161l\u00edte, kam na p\u0159\u00ed\u0161t\u00ed rodinnou dovolenou s dcerou, kterou po\u0159\u00e1d n\u011bco nebav\u00ed, ud\u011blejte to jako my. Kam vyrazit, kdy\u017e nechcete daleko, kde je teplo, ale p\u0159itom ne vedro? Vol\u00edm oblast Tiroler Zugspitz Arena na rakousk\u00e9 stran\u011b Zugspitze.\",\"breadcrumb\":{\"@id\":\"https:\\\/\\\/www.mzone.cz\\\/tiroler-zugspitz-arena-a-olympiaregion-seefeld-alpsky-vzduch-a-detska-hriste-i-tam-kde-hory-prechazeji-do-nebe\\\/#breadcrumb\"},\"inLanguage\":\"en-US\",\"potentialAction\":[{\"@type\":\"ReadAction\",\"target\":[\"https:\\\/\\\/www.mzone.cz\\\/tiroler-zugspitz-arena-a-olympiaregion-seefeld-alpsky-vzduch-a-detska-hriste-i-tam-kde-hory-prechazeji-do-nebe\\\/\"]}]},{\"@type\":\"ImageObject\",\"inLanguage\":\"en-US\",\"@id\":\"https:\\\/\\\/www.mzone.cz\\\/tiroler-zugspitz-arena-a-olympiaregion-seefeld-alpsky-vzduch-a-detska-hriste-i-tam-kde-hory-prechazeji-do-nebe\\\/#primaryimage\",\"url\":\"https:\\\/\\\/www.mzone.cz\\\/wp-content\\\/uploads\\\/2023\\\/06\\\/Tiroler-Zugspitz-Arena-s-detmi.jpg\",\"contentUrl\":\"https:\\\/\\\/www.mzone.cz\\\/wp-content\\\/uploads\\\/2023\\\/06\\\/Tiroler-Zugspitz-Arena-s-detmi.jpg\",\"width\":1972,\"height\":1315,\"caption\":\"Tiroler Zugspitz Arena s d\u011btmi\"},{\"@type\":\"BreadcrumbList\",\"@id\":\"https:\\\/\\\/www.mzone.cz\\\/tiroler-zugspitz-arena-a-olympiaregion-seefeld-alpsky-vzduch-a-detska-hriste-i-tam-kde-hory-prechazeji-do-nebe\\\/#breadcrumb\",\"itemListElement\":[{\"@type\":\"ListItem\",\"position\":1,\"name\":\"Dom\u016f\",\"item\":\"https:\\\/\\\/www.mzone.cz\\\/\"},{\"@type\":\"ListItem\",\"position\":2,\"name\":\"Tiroler Zugspitz Arena a Olympiaregion Seefeld: Alpsk\u00fd vzduch a d\u011btsk\u00e1 h\u0159i\u0161t\u011b, i tam kde hory p\u0159ech\u00e1zej\u00ed do nebe\"}]},{\"@type\":\"WebSite\",\"@id\":\"https:\\\/\\\/www.mzone.cz\\\/#website\",\"url\":\"https:\\\/\\\/www.mzone.cz\\\/\",\"name\":\"Mzone\",\"description\":\"Magaz\u00edn nejen pro mu\u017ee\",\"potentialAction\":[{\"@type\":\"SearchAction\",\"target\":{\"@type\":\"EntryPoint\",\"urlTemplate\":\"https:\\\/\\\/www.mzone.cz\\\/?s={search_term_string}\"},\"query-input\":{\"@type\":\"PropertyValueSpecification\",\"valueRequired\":true,\"valueName\":\"search_term_string\"}}],\"inLanguage\":\"en-US\"},{\"@type\":\"Person\",\"@id\":\"https:\\\/\\\/www.mzone.cz\\\/#\\\/schema\\\/person\\\/9bc20cc422a99cac4af6ff9297da32d4\",\"name\":\"Mzone\",\"image\":{\"@type\":\"ImageObject\",\"inLanguage\":\"en-US\",\"@id\":\"https:\\\/\\\/secure.gravatar.com\\\/avatar\\\/e780a8630f3182a3d06dd667ab6bea151a0d155b0951bc15fe22633acdac0676?s=96&d=mm&r=g\",\"url\":\"https:\\\/\\\/secure.gravatar.com\\\/avatar\\\/e780a8630f3182a3d06dd667ab6bea151a0d155b0951bc15fe22633acdac0676?s=96&d=mm&r=g\",\"contentUrl\":\"https:\\\/\\\/secure.gravatar.com\\\/avatar\\\/e780a8630f3182a3d06dd667ab6bea151a0d155b0951bc15fe22633acdac0676?s=96&d=mm&r=g\",\"caption\":\"Mzone\"},\"url\":\"https:\\\/\\\/www.mzone.cz\\\/en\\\/author\\\/jakub\\\/\"}]}<\/script>\n<!-- \/ Yoast SEO plugin. -->","yoast_head_json":{"title":"Tiroler Zugspitz Arena a Olympiaregion Seefeld: Alpsk\u00fd vzduch a d\u011btsk\u00e1 h\u0159i\u0161t\u011b, i tam kde hory p\u0159ech\u00e1zej\u00ed do nebe - Mzone","description":"Pokud pr\u00e1v\u011b p\u0159em\u00fd\u0161l\u00edte, kam na p\u0159\u00ed\u0161t\u00ed rodinnou dovolenou s dcerou, kterou po\u0159\u00e1d n\u011bco nebav\u00ed, ud\u011blejte to jako my. Kam vyrazit, kdy\u017e nechcete daleko, kde je teplo, ale p\u0159itom ne vedro? Vol\u00edm oblast Tiroler Zugspitz Arena na rakousk\u00e9 stran\u011b Zugspitze.","robots":{"index":"index","follow":"follow","max-snippet":"max-snippet:-1","max-image-preview":"max-image-preview:large","max-video-preview":"max-video-preview:-1"},"canonical":"https:\/\/www.mzone.cz\/en\/tiroler-zugspitz-arena-a-olympiaregion-seefeld-alpsky-vzduch-a-detska-hriste-i-tam-kde-hory-prechazeji-do-nebe\/","og_locale":"en_US","og_type":"article","og_title":"Tiroler Zugspitz Arena a Olympiaregion Seefeld: Alpsk\u00fd vzduch a d\u011btsk\u00e1 h\u0159i\u0161t\u011b, i tam kde hory p\u0159ech\u00e1zej\u00ed do nebe - Mzone","og_description":"Pokud pr\u00e1v\u011b p\u0159em\u00fd\u0161l\u00edte, kam na p\u0159\u00ed\u0161t\u00ed rodinnou dovolenou s dcerou, kterou po\u0159\u00e1d n\u011bco nebav\u00ed, ud\u011blejte to jako my. Kam vyrazit, kdy\u017e nechcete daleko, kde je teplo, ale p\u0159itom ne vedro? Vol\u00edm oblast Tiroler Zugspitz Arena na rakousk\u00e9 stran\u011b Zugspitze.","og_url":"https:\/\/www.mzone.cz\/en\/tiroler-zugspitz-arena-a-olympiaregion-seefeld-alpsky-vzduch-a-detska-hriste-i-tam-kde-hory-prechazeji-do-nebe\/","og_site_name":"Mzone","article_publisher":"https:\/\/www.facebook.com\/MzoneCZ\/","article_published_time":"2023-06-18T03:00:00+00:00","og_image":[{"width":1972,"height":1315,"url":"https:\/\/www.mzone.cz\/wp-content\/uploads\/2023\/06\/Tiroler-Zugspitz-Arena-s-detmi.jpg","type":"image\/jpeg"}],"author":"Mzone","twitter_card":"summary_large_image","twitter_misc":{"Written by":"Mzone","Est. reading time":"6 minutes"},"schema":{"@context":"https:\/\/schema.org","@graph":[{"@type":"Article","@id":"https:\/\/www.mzone.cz\/tiroler-zugspitz-arena-a-olympiaregion-seefeld-alpsky-vzduch-a-detska-hriste-i-tam-kde-hory-prechazeji-do-nebe\/#article","isPartOf":{"@id":"https:\/\/www.mzone.cz\/tiroler-zugspitz-arena-a-olympiaregion-seefeld-alpsky-vzduch-a-detska-hriste-i-tam-kde-hory-prechazeji-do-nebe\/"},"author":{"name":"Mzone","@id":"https:\/\/www.mzone.cz\/#\/schema\/person\/9bc20cc422a99cac4af6ff9297da32d4"},"headline":"Tiroler Zugspitz Arena a Olympiaregion Seefeld: Alpsk\u00fd vzduch a d\u011btsk\u00e1 h\u0159i\u0161t\u011b, i tam kde hory p\u0159ech\u00e1zej\u00ed do nebe","datePublished":"2023-06-18T03:00:00+00:00","mainEntityOfPage":{"@id":"https:\/\/www.mzone.cz\/tiroler-zugspitz-arena-a-olympiaregion-seefeld-alpsky-vzduch-a-detska-hriste-i-tam-kde-hory-prechazeji-do-nebe\/"},"wordCount":1205,"commentCount":0,"image":{"@id":"https:\/\/www.mzone.cz\/tiroler-zugspitz-arena-a-olympiaregion-seefeld-alpsky-vzduch-a-detska-hriste-i-tam-kde-hory-prechazeji-do-nebe\/#primaryimage"},"thumbnailUrl":"https:\/\/www.mzone.cz\/wp-content\/uploads\/2023\/06\/Tiroler-Zugspitz-Arena-s-detmi.jpg","keywords":["bike","bikepark","biker","biking","cestov\u00e1n\u00ed","cyklistika","dovolen\u00e1","Gaspi","horsk\u00e1 kola","hory","j\u00edzdn\u00ed kolo","kola","kolo","mountainbike","MTB","Rakousko","Richard Gasperotti","rodina","Sport","style","tip","Tiroler Zugspitz Arena","Tyrolsko","Zugspitz"],"articleSection":["Cestov\u00e1n\u00ed","Sport","Style"],"inLanguage":"en-US","potentialAction":[{"@type":"CommentAction","name":"Comment","target":["https:\/\/www.mzone.cz\/tiroler-zugspitz-arena-a-olympiaregion-seefeld-alpsky-vzduch-a-detska-hriste-i-tam-kde-hory-prechazeji-do-nebe\/#respond"]}]},{"@type":"WebPage","@id":"https:\/\/www.mzone.cz\/tiroler-zugspitz-arena-a-olympiaregion-seefeld-alpsky-vzduch-a-detska-hriste-i-tam-kde-hory-prechazeji-do-nebe\/","url":"https:\/\/www.mzone.cz\/tiroler-zugspitz-arena-a-olympiaregion-seefeld-alpsky-vzduch-a-detska-hriste-i-tam-kde-hory-prechazeji-do-nebe\/","name":"Tiroler Zugspitz Arena a Olympiaregion Seefeld: Alpsk\u00fd vzduch a d\u011btsk\u00e1 h\u0159i\u0161t\u011b, i tam kde hory p\u0159ech\u00e1zej\u00ed do nebe - Mzone","isPartOf":{"@id":"https:\/\/www.mzone.cz\/#website"},"primaryImageOfPage":{"@id":"https:\/\/www.mzone.cz\/tiroler-zugspitz-arena-a-olympiaregion-seefeld-alpsky-vzduch-a-detska-hriste-i-tam-kde-hory-prechazeji-do-nebe\/#primaryimage"},"image":{"@id":"https:\/\/www.mzone.cz\/tiroler-zugspitz-arena-a-olympiaregion-seefeld-alpsky-vzduch-a-detska-hriste-i-tam-kde-hory-prechazeji-do-nebe\/#primaryimage"},"thumbnailUrl":"https:\/\/www.mzone.cz\/wp-content\/uploads\/2023\/06\/Tiroler-Zugspitz-Arena-s-detmi.jpg","datePublished":"2023-06-18T03:00:00+00:00","author":{"@id":"https:\/\/www.mzone.cz\/#\/schema\/person\/9bc20cc422a99cac4af6ff9297da32d4"},"description":"Pokud pr\u00e1v\u011b p\u0159em\u00fd\u0161l\u00edte, kam na p\u0159\u00ed\u0161t\u00ed rodinnou dovolenou s dcerou, kterou po\u0159\u00e1d n\u011bco nebav\u00ed, ud\u011blejte to jako my. Kam vyrazit, kdy\u017e nechcete daleko, kde je teplo, ale p\u0159itom ne vedro? Vol\u00edm oblast Tiroler Zugspitz Arena na rakousk\u00e9 stran\u011b Zugspitze.","breadcrumb":{"@id":"https:\/\/www.mzone.cz\/tiroler-zugspitz-arena-a-olympiaregion-seefeld-alpsky-vzduch-a-detska-hriste-i-tam-kde-hory-prechazeji-do-nebe\/#breadcrumb"},"inLanguage":"en-US","potentialAction":[{"@type":"ReadAction","target":["https:\/\/www.mzone.cz\/tiroler-zugspitz-arena-a-olympiaregion-seefeld-alpsky-vzduch-a-detska-hriste-i-tam-kde-hory-prechazeji-do-nebe\/"]}]},{"@type":"ImageObject","inLanguage":"en-US","@id":"https:\/\/www.mzone.cz\/tiroler-zugspitz-arena-a-olympiaregion-seefeld-alpsky-vzduch-a-detska-hriste-i-tam-kde-hory-prechazeji-do-nebe\/#primaryimage","url":"https:\/\/www.mzone.cz\/wp-content\/uploads\/2023\/06\/Tiroler-Zugspitz-Arena-s-detmi.jpg","contentUrl":"https:\/\/www.mzone.cz\/wp-content\/uploads\/2023\/06\/Tiroler-Zugspitz-Arena-s-detmi.jpg","width":1972,"height":1315,"caption":"Tiroler Zugspitz Arena s d\u011btmi"},{"@type":"BreadcrumbList","@id":"https:\/\/www.mzone.cz\/tiroler-zugspitz-arena-a-olympiaregion-seefeld-alpsky-vzduch-a-detska-hriste-i-tam-kde-hory-prechazeji-do-nebe\/#breadcrumb","itemListElement":[{"@type":"ListItem","position":1,"name":"Dom\u016f","item":"https:\/\/www.mzone.cz\/"},{"@type":"ListItem","position":2,"name":"Tiroler Zugspitz Arena a Olympiaregion Seefeld: Alpsk\u00fd vzduch a d\u011btsk\u00e1 h\u0159i\u0161t\u011b, i tam kde hory p\u0159ech\u00e1zej\u00ed do nebe"}]},{"@type":"WebSite","@id":"https:\/\/www.mzone.cz\/#website","url":"https:\/\/www.mzone.cz\/","name":"Mzone","description":"Magaz\u00edn nejen pro mu\u017ee","potentialAction":[{"@type":"SearchAction","target":{"@type":"EntryPoint","urlTemplate":"https:\/\/www.mzone.cz\/?s={search_term_string}"},"query-input":{"@type":"PropertyValueSpecification","valueRequired":true,"valueName":"search_term_string"}}],"inLanguage":"en-US"},{"@type":"Person","@id":"https:\/\/www.mzone.cz\/#\/schema\/person\/9bc20cc422a99cac4af6ff9297da32d4","name":"Mzone","image":{"@type":"ImageObject","inLanguage":"en-US","@id":"https:\/\/secure.gravatar.com\/avatar\/e780a8630f3182a3d06dd667ab6bea151a0d155b0951bc15fe22633acdac0676?s=96&d=mm&r=g","url":"https:\/\/secure.gravatar.com\/avatar\/e780a8630f3182a3d06dd667ab6bea151a0d155b0951bc15fe22633acdac0676?s=96&d=mm&r=g","contentUrl":"https:\/\/secure.gravatar.com\/avatar\/e780a8630f3182a3d06dd667ab6bea151a0d155b0951bc15fe22633acdac0676?s=96&d=mm&r=g","caption":"Mzone"},"url":"https:\/\/www.mzone.cz\/en\/author\/jakub\/"}]}},"_links":{"self":[{"href":"https:\/\/www.mzone.cz\/en\/wp-json\/wp\/v2\/posts\/40894","targetHints":{"allow":["GET"]}}],"collection":[{"href":"https:\/\/www.mzone.cz\/en\/wp-json\/wp\/v2\/posts"}],"about":[{"href":"https:\/\/www.mzone.cz\/en\/wp-json\/wp\/v2\/types\/post"}],"author":[{"embeddable":true,"href":"https:\/\/www.mzone.cz\/en\/wp-json\/wp\/v2\/users\/4"}],"replies":[{"embeddable":true,"href":"https:\/\/www.mzone.cz\/en\/wp-json\/wp\/v2\/comments?post=40894"}],"version-history":[{"count":16,"href":"https:\/\/www.mzone.cz\/en\/wp-json\/wp\/v2\/posts\/40894\/revisions"}],"predecessor-version":[{"id":40924,"href":"https:\/\/www.mzone.cz\/en\/wp-json\/wp\/v2\/posts\/40894\/revisions\/40924"}],"wp:featuredmedia":[{"embeddable":true,"href":"https:\/\/www.mzone.cz\/en\/wp-json\/wp\/v2\/media\/40922"}],"wp:attachment":[{"href":"https:\/\/www.mzone.cz\/en\/wp-json\/wp\/v2\/media?parent=40894"}],"wp:term":[{"taxonomy":"category","embeddable":true,"href":"https:\/\/www.mzone.cz\/en\/wp-json\/wp\/v2\/categories?post=40894"},{"taxonomy":"post_tag","embeddable":true,"href":"https:\/\/www.mzone.cz\/en\/wp-json\/wp\/v2\/tags?post=40894"}],"curies":[{"name":"wp","href":"https:\/\/api.w.org\/{rel}","templated":true}]}}