{"id":40985,"date":"2023-07-01T05:00:00","date_gmt":"2023-07-01T03:00:00","guid":{"rendered":"https:\/\/www.mzone.cz\/?p=40985"},"modified":"2023-06-29T19:25:01","modified_gmt":"2023-06-29T17:25:01","slug":"jak-vybrat-spravne-cyklisticke-bryle","status":"publish","type":"post","link":"https:\/\/www.mzone.cz\/en\/jak-vybrat-spravne-cyklisticke-bryle\/","title":{"rendered":"Pro\u010d jsou barvy p\u0159i j\u00edzd\u011b na kole tak d\u016fle\u017eit\u00e9? V\u00edme, jak vybrat spr\u00e1vn\u00e9 cyklistick\u00e9 br\u00fdle!"},"content":{"rendered":"<p><strong>Po chladn\u011bj\u0161\u00edch jarn\u00edch dnech se cyklistick\u00e1 sezona rozjela naplno. A\u0165 u\u017e jste na bicyklu prof\u00edkem, nebo kolo vyt\u00e1hnete jen ob\u010das, bez cyklistick\u00fdch br\u00fdl\u00ed se jednodu\u0161e neobejdete. Rozr\u00e1\u017een\u00ed v\u011btru nebo slune\u010dn\u00ed paprsky dok\u00e1\u017e\u00ed toti\u017e d\u00e1t va\u0161im o\u010d\u00edm po\u0159\u00e1dn\u011b zabrat. Sta\u010d\u00ed na to v\u0161echno b\u011b\u017en\u00e9 slune\u010dn\u00ed br\u00fdle? Ano i ne: I kdy\u017e v\u00e1s p\u0159ed UV z\u00e1\u0159en\u00edm ochr\u00e1n\u00ed, z\u00e1rove\u0148 i v\u0161echno ztmav\u00ed a zhor\u0161\u00ed schopnost rozli\u0161it nerovnosti na cest\u011b. \u0158e\u0161en\u00edm jsou funk\u010dn\u00ed slune\u010dn\u00ed br\u00fdle se speci\u00e1ln\u00ed technologi\u00ed skel Prizm.<\/strong><\/p><br>\n\n\n\n<h2 class=\"wp-block-heading\">Pro\u010d oby\u010dejn\u00e9 slune\u010dn\u00ed br\u00fdle na kolo nesta\u010d\u00ed?<\/h2>\n\n\n\n<p>B\u011bhem rychl\u00e9 j\u00edzdy je obecn\u011b slo\u017eit\u011bj\u0161\u00ed registrovat r\u016fzn\u00e9 p\u0159ek\u00e1\u017eky a v\u010das na n\u011b reagovat. R\u016fzn\u00e1 prost\u0159ed\u00ed na n\u00e1\u0161 zrak kladou rozd\u00edln\u00e9 n\u00e1roky. Zat\u00edmco se b\u011b\u017en\u00e1 \u010do\u010dka slune\u010dn\u00edch br\u00fdl\u00ed sna\u017e\u00ed vn\u00edm\u00e1n\u00ed v\u011bc\u00ed kolem n\u00e1s zlep\u0161it prost\u00fdm p\u0159id\u00e1n\u00edm kontrastu, z\u00e1rove\u0148 t\u00edm m\u011bn\u00ed i odst\u00edny barev, kter\u00e9 vn\u00edm\u00e1me. S t\u00edmto probl\u00e9mem se ale dnes dok\u00e1\u017e\u00ed vypo\u0159\u00e1dat speci\u00e1ln\u00ed technologie zorn\u00edk\u016f Prizm, kter\u00e9 filtruj\u00ed ze sv\u011btla optick\u00fd \u0161um, aby nenaru\u0161il vn\u00edm\u00e1n\u00ed barev. Skla s technologi\u00ed Prizm jsou zasazena do r\u00e1m\u016f br\u00fdl\u00ed zna\u010dky Oakley, kter\u00e1 vyr\u00e1b\u00ed sportovn\u00ed br\u00fdle z extr\u00e9mn\u011b lehk\u00fdch a odoln\u00fdch materi\u00e1l\u016f.<\/p>\n\n\n\n<blockquote class=\"wp-block-quote is-layout-flow wp-block-quote-is-layout-flow\">\n<p>\u0160pi\u010dkov\u00e9 materi\u00e1ly ve spojen\u00ed s inovativn\u00edmi technologiemi vyu\u017e\u00edvaj\u00ed i jezdci slavn\u00e9 Tour de France, pro kter\u00e9 jsou rychl\u00e9 reakce na zrakov\u00e9 vjemy naprosto z\u00e1sadn\u00ed.&nbsp;<\/p>\n<\/blockquote>\n\n\n\n<figure class=\"wp-block-image size-large\"><img loading=\"lazy\" decoding=\"async\" width=\"1024\" height=\"683\" src=\"https:\/\/www.mzone.cz\/wp-content\/uploads\/2023\/06\/pexels-pixabay-248547-1024x683.jpg\" alt=\"Profesion\u00e1ln\u00ed cyklist\u00e9\" class=\"wp-image-40996\" srcset=\"https:\/\/www.mzone.cz\/wp-content\/uploads\/2023\/06\/pexels-pixabay-248547-1024x683.jpg 1024w, https:\/\/www.mzone.cz\/wp-content\/uploads\/2023\/06\/pexels-pixabay-248547-300x200.jpg 300w, https:\/\/www.mzone.cz\/wp-content\/uploads\/2023\/06\/pexels-pixabay-248547-768x512.jpg 768w, https:\/\/www.mzone.cz\/wp-content\/uploads\/2023\/06\/pexels-pixabay-248547-1536x1024.jpg 1536w, https:\/\/www.mzone.cz\/wp-content\/uploads\/2023\/06\/pexels-pixabay-248547-18x12.jpg 18w, https:\/\/www.mzone.cz\/wp-content\/uploads\/2023\/06\/pexels-pixabay-248547-800x533.jpg 800w, https:\/\/www.mzone.cz\/wp-content\/uploads\/2023\/06\/pexels-pixabay-248547-400x267.jpg 400w, https:\/\/www.mzone.cz\/wp-content\/uploads\/2023\/06\/pexels-pixabay-248547-500x333.jpg 500w, https:\/\/www.mzone.cz\/wp-content\/uploads\/2023\/06\/pexels-pixabay-248547-1170x780.jpg 1170w, https:\/\/www.mzone.cz\/wp-content\/uploads\/2023\/06\/pexels-pixabay-248547-590x393.jpg 590w, https:\/\/www.mzone.cz\/wp-content\/uploads\/2023\/06\/pexels-pixabay-248547.jpg 1920w\" sizes=\"auto, (max-width: 1024px) 100vw, 1024px\" \/><\/figure><br>\n\n\n\n<h2 class=\"wp-block-heading\">\u0160t\u011brk a rozbitou silnici uvid\u00edte p\u0159es r\u016f\u017eov\u00e9 br\u00fdle jasn\u011bji&nbsp;<\/h2>\n\n\n\n<p>P\u0159edsudky spojen\u00e9 s r\u016f\u017eov\u00fdmi skly ho\u010fte za hlavu. R\u016f\u017eov\u00e1 skla s technologi\u00ed Prizm ROAD nejsou pro par\u00e1du, ale zlep\u0161uj\u00ed zrakov\u00e9 vn\u00edm\u00e1n\u00ed silni\u010dn\u00edch cyklist\u016f a cyklistek.<\/p>\n\n\n\n<blockquote class=\"wp-block-quote is-layout-flow wp-block-quote-is-layout-flow\">\n<p>Technologie filtruje ur\u010dit\u00e9 vlnov\u00e9 d\u00e9lky sv\u011btla a p\u0159izp\u016fsobuje jim kontrast a jas \u2013 cyklist\u016fm tak pom\u00e1h\u00e1 vid\u011bt strukturu silnice, registrovat v\u010das d\u00edry a z\u00e1platy v asfaltu.<\/p>\n<\/blockquote>\n\n\n\n<p>Vn\u00edm\u00e1n\u00ed barev je zcela p\u0159izp\u016fsobeno vozovce \u2013 vyzdvihov\u00e1ny jsou p\u0159edev\u0161\u00edm b\u00edl\u00e1 a \u017elut\u00e1 podle vodorovn\u00e9ho dopravn\u00edho zna\u010den\u00ed, sv\u011btla semafor\u016f jsou z\u00e1rove\u0148 vn\u00edm\u00e1na jako z\u00e1\u0159iv\u011bj\u0161\u00ed. Skla s technologi\u00ed Prizm ROAD maj\u00ed typicky r\u016f\u017eovo-fialovou barvu. Varianta skel Prizm ROAD JADE je lad\u011bna do modr\u00fdch a zelen\u00fdch odst\u00edn\u016f, kter\u00e9 pom\u00e1haj\u00ed sni\u017eovat \u00fanavu o\u010d\u00ed b\u011bhem del\u0161\u00edch j\u00edzd. T\u011bmito skly je vybaven model <a href=\"https:\/\/www.opticlab.cz\/oakley-sutro-grey-ink-w--prizm-rd-jade\/\" target=\"_blank\" rel=\"noopener\">Oakley Sutro Grey<\/a>.<\/p><br>\n\n\n\n<figure class=\"wp-block-image size-full\"><img loading=\"lazy\" decoding=\"async\" width=\"1017\" height=\"572\" src=\"https:\/\/www.mzone.cz\/wp-content\/uploads\/2023\/06\/Slunecni-bryle-OAKLEY-Sutro-Grey-Ink-w_-PRIZM-Rd-Jade-prodejni-cena_-4-599-Kc-opticlab.cz_.jpg\" alt=\"Br\u00fdle Oakley Sutro Grey\" class=\"wp-image-41002\" srcset=\"https:\/\/www.mzone.cz\/wp-content\/uploads\/2023\/06\/Slunecni-bryle-OAKLEY-Sutro-Grey-Ink-w_-PRIZM-Rd-Jade-prodejni-cena_-4-599-Kc-opticlab.cz_.jpg 1017w, https:\/\/www.mzone.cz\/wp-content\/uploads\/2023\/06\/Slunecni-bryle-OAKLEY-Sutro-Grey-Ink-w_-PRIZM-Rd-Jade-prodejni-cena_-4-599-Kc-opticlab.cz_-300x169.jpg 300w, https:\/\/www.mzone.cz\/wp-content\/uploads\/2023\/06\/Slunecni-bryle-OAKLEY-Sutro-Grey-Ink-w_-PRIZM-Rd-Jade-prodejni-cena_-4-599-Kc-opticlab.cz_-768x432.jpg 768w, https:\/\/www.mzone.cz\/wp-content\/uploads\/2023\/06\/Slunecni-bryle-OAKLEY-Sutro-Grey-Ink-w_-PRIZM-Rd-Jade-prodejni-cena_-4-599-Kc-opticlab.cz_-18x10.jpg 18w, https:\/\/www.mzone.cz\/wp-content\/uploads\/2023\/06\/Slunecni-bryle-OAKLEY-Sutro-Grey-Ink-w_-PRIZM-Rd-Jade-prodejni-cena_-4-599-Kc-opticlab.cz_-590x332.jpg 590w\" sizes=\"auto, (max-width: 1017px) 100vw, 1017px\" \/><\/figure><br>\n\n\n\n<h2 class=\"wp-block-heading\">Na lesn\u00edch cest\u00e1ch uvid\u00edte i detaily<\/h2>\n\n\n\n<p>V lese jsou jin\u00e9 sv\u011bteln\u00e9 podm\u00ednky ne\u017e na silnici. Lidsk\u00fdm o\u010d\u00edm prosp\u00edv\u00e1 pohled do zelen\u011b, p\u0159i rychl\u00e9 j\u00edzd\u011b na kole si ale o\u010di neodpo\u010dinou. Mus\u00ed se soust\u0159edit na rychle se m\u011bn\u00edc\u00ed odst\u00edny p\u016fdy. Pro ter\u00e9nn\u00ed cyklistiku byla speci\u00e1ln\u011b vyvinuta technologie Prizm TRAIL TORCH, kter\u00e1 na spektru zv\u00fdraz\u0148uje hn\u011bd\u00e9 a \u010derven\u00e9 odst\u00edny, \u010d\u00edm\u017e d\u00e1v\u00e1 vyniknout zelen\u00e9 barv\u011b. Vyznava\u010di horsk\u00fdch kol tak dok\u00e1\u017e\u00ed l\u00e9pe rozpoznat p\u0159echody mezi odli\u0161n\u00fdmi ter\u00e9ny a nerovnosti za r\u016fzn\u00fdch sv\u011bteln\u00fdch podm\u00ednek.<\/p>\n\n\n\n<blockquote class=\"wp-block-quote is-layout-flow wp-block-quote-is-layout-flow\">\n<p>Iridiov\u00e1 vrstva Torch zv\u00fdraz\u0148uje \u017eivost barev, zvy\u0161uje kontrast a zesiluje vn\u00edm\u00e1n\u00ed hloubky, d\u00edky \u010demu\u017e jsou br\u00fdle ide\u00e1ln\u00ed i do extr\u00e9mn\u00edch trailov\u00fdch podm\u00ednek.<\/p>\n<\/blockquote>\n\n\n\n<figure class=\"wp-block-image size-large\"><img loading=\"lazy\" decoding=\"async\" width=\"1024\" height=\"683\" src=\"https:\/\/www.mzone.cz\/wp-content\/uploads\/2023\/06\/pexels-mA\u00addia-3642537-1024x683.jpg\" alt=\"Br\u00fdle jsou na kole d\u016fle\u017eit\u00e9\" class=\"wp-image-41006\" srcset=\"https:\/\/www.mzone.cz\/wp-content\/uploads\/2023\/06\/pexels-mA\u00addia-3642537-1024x683.jpg 1024w, https:\/\/www.mzone.cz\/wp-content\/uploads\/2023\/06\/pexels-mA\u00addia-3642537-300x200.jpg 300w, https:\/\/www.mzone.cz\/wp-content\/uploads\/2023\/06\/pexels-mA\u00addia-3642537-768x512.jpg 768w, https:\/\/www.mzone.cz\/wp-content\/uploads\/2023\/06\/pexels-mA\u00addia-3642537-1536x1024.jpg 1536w, https:\/\/www.mzone.cz\/wp-content\/uploads\/2023\/06\/pexels-mA\u00addia-3642537-18x12.jpg 18w, https:\/\/www.mzone.cz\/wp-content\/uploads\/2023\/06\/pexels-mA\u00addia-3642537-800x533.jpg 800w, https:\/\/www.mzone.cz\/wp-content\/uploads\/2023\/06\/pexels-mA\u00addia-3642537-400x267.jpg 400w, https:\/\/www.mzone.cz\/wp-content\/uploads\/2023\/06\/pexels-mA\u00addia-3642537-500x333.jpg 500w, https:\/\/www.mzone.cz\/wp-content\/uploads\/2023\/06\/pexels-mA\u00addia-3642537-1170x780.jpg 1170w, https:\/\/www.mzone.cz\/wp-content\/uploads\/2023\/06\/pexels-mA\u00addia-3642537-590x393.jpg 590w, https:\/\/www.mzone.cz\/wp-content\/uploads\/2023\/06\/pexels-mA\u00addia-3642537.jpg 1920w\" sizes=\"auto, (max-width: 1024px) 100vw, 1024px\" \/><\/figure><br>\n\n\n\n<h2 class=\"wp-block-heading\">Ostr\u00e9 poledn\u00ed slunce v\u00e1s nezpomal\u00ed<\/h2>\n\n\n\n<p>Kdy\u017e sv\u00edt\u00ed slunce tak intenzivn\u011b, \u017ee v\u00e1m barevn\u00e1 skla p\u0159ijdou moc sv\u011btl\u00e1, nejl\u00e9pe poslou\u017e\u00ed cyklistick\u00e9 br\u00fdle s \u010do\u010dkou Prizm BOAD BLACK. Ta m\u00e1 na povrchu \u010dernou iridiovou vrstvu, kter\u00e1 zvy\u0161uje optick\u00fd v\u00fdkon. Je tak ide\u00e1ln\u00ed pro poledn\u00ed, sluncem zalit\u00e9 vyj\u00ed\u017e\u010fky. Stejn\u011b jako varianta Jade sni\u017euje \u00fanavu o\u010d\u00ed, tentokr\u00e1t ale za pomoci sni\u017eov\u00e1n\u00ed osln\u011bn\u00ed.<\/p><br>\n\n\n\n<h2 class=\"wp-block-heading\">V\u0161e v jednom<\/h2>\n\n\n\n<p>N\u011bkter\u00e9 modely slune\u010dn\u00edch br\u00fdl\u00ed maj\u00ed pevn\u00fd r\u00e1m, do kter\u00e9 jdou zasadit r\u016fzn\u011b zbarven\u00e1 skla. Pokud jezd\u00edte ob\u010das na silnici, n\u011bkdy v lese, jindy zase pot\u0159ebujete v\u011bt\u0161\u00ed zatmaven\u00ed skel kv\u016fli prudk\u00e9mu slunci, nemus\u00edte si kupovat v\u00edc br\u00fdl\u00ed. Sta\u010d\u00ed v\u00e1m jedny slune\u010dn\u00ed br\u00fdle s mo\u017enost\u00ed\u00a0v\u00fdm\u011bnn\u00fdch skel. Podle toho, jak hodn\u011b sv\u00edt\u00ed slunce, nebo kudy jedete, prost\u011b jen vycvaknete jedno sklo a nacvaknete jin\u00e9. To umo\u017e\u0148uj\u00ed nap\u0159\u00edklad br\u00fdle Oakley Radar EV Path.<\/p><br>\n\n\n\n<h2 class=\"wp-block-heading\">Nej\u010dast\u011bj\u0161\u00ed chyby cyklist\u016f<\/h2>\n\n\n\n<p>Lid\u00e9 nej\u010dast\u011bji chybuj\u00ed v tom, \u017ee si barvy cyklistick\u00fdch br\u00fdl\u00ed vyb\u00edraj\u00ed ne podle funk\u010dnosti, ale jako estetick\u00fd dopln\u011bk. \u201eZejm\u00e9na \u017eeny po\u017eaduj\u00ed, aby jim barva skla ladila k cyklistick\u00e9mu dresu nebo helm\u011b. Nap\u0159\u00edklad maj\u00ed doma modrou helmu, tak si p\u0159ej\u00ed modr\u00e1 skla br\u00fdl\u00ed na kolo. Na\u0161t\u011bst\u00ed si z\u00e1kazn\u00edci nechaj\u00ed vysv\u011btlit, v \u010dem spo\u010d\u00edvaj\u00ed funk\u010dn\u00ed p\u0159ednosti jednotliv\u00fdch typ\u016f skel. Odch\u00e1zej\u00ed spokojen\u00ed a my m\u00e1me dobr\u00fd pocit, \u017ee jejich j\u00edzda bude d\u00edky spr\u00e1vn\u011b vybran\u00fdm br\u00fdl\u00edm bezpe\u010dn\u011bj\u0161\u00ed,\u201c \u0159\u00edk\u00e1 optometristka Alice Burianov\u00e1 ze s\u00edt\u011b Opticlab. Tak \u0161\u0165astn\u00fd v\u00fdb\u011br!<\/p><br>\n\n\n\n<div class=\"wp-block-media-text alignwide is-stacked-on-mobile is-vertically-aligned-top\" style=\"grid-template-columns:35% auto\"><figure class=\"wp-block-media-text__media\"><a href=\"https:\/\/www.mzone.cz\/holokolo-vyjimecna-edice-designovych-cyklodresu\/\"><img loading=\"lazy\" decoding=\"async\" width=\"693\" height=\"462\" src=\"https:\/\/www.mzone.cz\/wp-content\/uploads\/2023\/05\/Designove-cyklodresy-Holokolo.jpg\" alt=\"Designov\u00e9 cyklodresy Holokolo\" class=\"wp-image-40489 size-full\" srcset=\"https:\/\/www.mzone.cz\/wp-content\/uploads\/2023\/05\/Designove-cyklodresy-Holokolo.jpg 693w, https:\/\/www.mzone.cz\/wp-content\/uploads\/2023\/05\/Designove-cyklodresy-Holokolo-300x200.jpg 300w, https:\/\/www.mzone.cz\/wp-content\/uploads\/2023\/05\/Designove-cyklodresy-Holokolo-18x12.jpg 18w, https:\/\/www.mzone.cz\/wp-content\/uploads\/2023\/05\/Designove-cyklodresy-Holokolo-400x267.jpg 400w, https:\/\/www.mzone.cz\/wp-content\/uploads\/2023\/05\/Designove-cyklodresy-Holokolo-500x333.jpg 500w, https:\/\/www.mzone.cz\/wp-content\/uploads\/2023\/05\/Designove-cyklodresy-Holokolo-590x393.jpg 590w\" sizes=\"auto, (max-width: 693px) 100vw, 693px\" \/><\/a><\/figure><div class=\"wp-block-media-text__content\">\n<h4 class=\"wp-block-heading\"><a href=\"https:\/\/www.mzone.cz\/holokolo-vyjimecna-edice-designovych-cyklodresu\/\">Kdy\u017e je dres um\u011bleck\u00e9 d\u00edlo: Holokolo a \u010de\u0161t\u00ed tv\u016frci p\u0159ipravili v\u00fdjime\u010dnou edici designov\u00fdch cyklodres\u016f<\/a><\/h4><br>\n<\/div><\/div>","protected":false},"excerpt":{"rendered":"<p>Po chladn\u011bj\u0161\u00edch jarn\u00edch dnech se cyklistick\u00e1 sezona rozjela naplno. A\u0165 u\u017e jste na bicyklu prof\u00edkem, nebo kolo vyt\u00e1hnete jen ob\u010das, bez cyklistick\u00fdch br\u00fdl\u00ed se jednodu\u0161e neobejdete. Rozr\u00e1\u017een\u00ed v\u011btru nebo slune\u010dn\u00ed paprsky dok\u00e1\u017e\u00ed toti\u017e d\u00e1t va\u0161im o\u010d\u00edm po\u0159\u00e1dn\u011b zabrat. Sta\u010d\u00ed na to v\u0161echno b\u011b\u017en\u00e9 slune\u010dn\u00ed br\u00fdle? Ano i ne: I kdy\u017e v\u00e1s p\u0159ed UV z\u00e1\u0159en\u00edm ochr\u00e1n\u00ed, [&hellip;]<\/p>\n","protected":false},"author":4,"featured_media":40998,"comment_status":"open","ping_status":"closed","sticky":false,"template":"","format":"standard","meta":{"kk_blocks_editor_width":"","_kiokenblocks_attr":"","_kiokenblocks_dimensions":"","footnotes":""},"categories":[28,80,25],"tags":[3969,1950,3057,1953,34,3177,482,2747,3970,42,490,1945,670],"class_list":["post-40985","post","type-post","status-publish","format-standard","has-post-thumbnail","hentry","category-moda-vizaz","category-sport","category-style","tag-bryle","tag-cyklistika","tag-jizda-na-kole","tag-kolo","tag-moda","tag-moda-a-vizaz","tag-rady-a-tipy","tag-skla","tag-slunecni-bryle","tag-sport","tag-style","tag-vybaveni","tag-vyber"],"yoast_head":"<!-- This site is optimized with the Yoast SEO plugin v27.5 - https:\/\/yoast.com\/product\/yoast-seo-wordpress\/ -->\n<title>Pro\u010d jsou barvy p\u0159i j\u00edzd\u011b na kole tak d\u016fle\u017eit\u00e9? V\u00edme, jak vybrat spr\u00e1vn\u00e9 cyklistick\u00e9 br\u00fdle! - Mzone<\/title>\n<meta name=\"description\" content=\"Po chladn\u011bj\u0161\u00edch jarn\u00edch dnech se cyklistick\u00e1 sezona rozjela naplno. A\u0165 u\u017e jste na bicyklu prof\u00edkem, nebo kolo vyt\u00e1hnete jen ob\u010das, bez cyklistick\u00fdch br\u00fdl\u00ed se jednodu\u0161e neobejdete. Rozr\u00e1\u017een\u00ed v\u011btru nebo slune\u010dn\u00ed paprsky dok\u00e1\u017e\u00ed toti\u017e d\u00e1t va\u0161im o\u010d\u00edm po\u0159\u00e1dn\u011b zabrat. Sta\u010d\u00ed na to v\u0161echno b\u011b\u017en\u00e9 slune\u010dn\u00ed br\u00fdle? Ano i ne.\" \/>\n<meta name=\"robots\" content=\"index, follow, max-snippet:-1, max-image-preview:large, max-video-preview:-1\" \/>\n<link rel=\"canonical\" href=\"https:\/\/www.mzone.cz\/en\/jak-vybrat-spravne-cyklisticke-bryle\/\" \/>\n<meta property=\"og:locale\" content=\"en_US\" \/>\n<meta property=\"og:type\" content=\"article\" \/>\n<meta property=\"og:title\" content=\"Pro\u010d jsou barvy p\u0159i j\u00edzd\u011b na kole tak d\u016fle\u017eit\u00e9? V\u00edme, jak vybrat spr\u00e1vn\u00e9 cyklistick\u00e9 br\u00fdle! - Mzone\" \/>\n<meta property=\"og:description\" content=\"Po chladn\u011bj\u0161\u00edch jarn\u00edch dnech se cyklistick\u00e1 sezona rozjela naplno. A\u0165 u\u017e jste na bicyklu prof\u00edkem, nebo kolo vyt\u00e1hnete jen ob\u010das, bez cyklistick\u00fdch br\u00fdl\u00ed se jednodu\u0161e neobejdete. Rozr\u00e1\u017een\u00ed v\u011btru nebo slune\u010dn\u00ed paprsky dok\u00e1\u017e\u00ed toti\u017e d\u00e1t va\u0161im o\u010d\u00edm po\u0159\u00e1dn\u011b zabrat. Sta\u010d\u00ed na to v\u0161echno b\u011b\u017en\u00e9 slune\u010dn\u00ed br\u00fdle? Ano i ne.\" \/>\n<meta property=\"og:url\" content=\"https:\/\/www.mzone.cz\/en\/jak-vybrat-spravne-cyklisticke-bryle\/\" \/>\n<meta property=\"og:site_name\" content=\"Mzone\" \/>\n<meta property=\"article:publisher\" content=\"https:\/\/www.facebook.com\/MzoneCZ\/\" \/>\n<meta property=\"article:published_time\" content=\"2023-07-01T03:00:00+00:00\" \/>\n<meta property=\"og:image\" content=\"https:\/\/www.mzone.cz\/wp-content\/uploads\/2023\/06\/pexels-mA\u00addia-3642482.jpg\" \/>\n\t<meta property=\"og:image:width\" content=\"1821\" \/>\n\t<meta property=\"og:image:height\" content=\"1214\" \/>\n\t<meta property=\"og:image:type\" content=\"image\/jpeg\" \/>\n<meta name=\"author\" content=\"Mzone\" \/>\n<meta name=\"twitter:card\" content=\"summary_large_image\" \/>\n<meta name=\"twitter:label1\" content=\"Written by\" \/>\n\t<meta name=\"twitter:data1\" content=\"Mzone\" \/>\n\t<meta name=\"twitter:label2\" content=\"Est. reading time\" \/>\n\t<meta name=\"twitter:data2\" content=\"4 minutes\" \/>\n<script type=\"application\/ld+json\" class=\"yoast-schema-graph\">{\"@context\":\"https:\\\/\\\/schema.org\",\"@graph\":[{\"@type\":\"Article\",\"@id\":\"https:\\\/\\\/www.mzone.cz\\\/jak-vybrat-spravne-cyklisticke-bryle\\\/#article\",\"isPartOf\":{\"@id\":\"https:\\\/\\\/www.mzone.cz\\\/jak-vybrat-spravne-cyklisticke-bryle\\\/\"},\"author\":{\"name\":\"Mzone\",\"@id\":\"https:\\\/\\\/www.mzone.cz\\\/#\\\/schema\\\/person\\\/9bc20cc422a99cac4af6ff9297da32d4\"},\"headline\":\"Pro\u010d jsou barvy p\u0159i j\u00edzd\u011b na kole tak d\u016fle\u017eit\u00e9? V\u00edme, jak vybrat spr\u00e1vn\u00e9 cyklistick\u00e9 br\u00fdle!\",\"datePublished\":\"2023-07-01T03:00:00+00:00\",\"mainEntityOfPage\":{\"@id\":\"https:\\\/\\\/www.mzone.cz\\\/jak-vybrat-spravne-cyklisticke-bryle\\\/\"},\"wordCount\":957,\"commentCount\":0,\"image\":{\"@id\":\"https:\\\/\\\/www.mzone.cz\\\/jak-vybrat-spravne-cyklisticke-bryle\\\/#primaryimage\"},\"thumbnailUrl\":\"https:\\\/\\\/www.mzone.cz\\\/wp-content\\\/uploads\\\/2023\\\/06\\\/pexels-mA\u00addia-3642482.jpg\",\"keywords\":[\"br\u00fdle\",\"cyklistika\",\"j\u00edzda na kole\",\"kolo\",\"M\u00f3da\",\"m\u00f3da a viz\u00e1\u017e\",\"rady a tipy\",\"skla\",\"slune\u010dn\u00ed br\u00fdle\",\"Sport\",\"style\",\"vybaven\u00ed\",\"v\u00fdb\u011br\"],\"articleSection\":[\"M\u00f3da a viz\u00e1\u017e\",\"Sport\",\"Style\"],\"inLanguage\":\"en-US\",\"potentialAction\":[{\"@type\":\"CommentAction\",\"name\":\"Comment\",\"target\":[\"https:\\\/\\\/www.mzone.cz\\\/jak-vybrat-spravne-cyklisticke-bryle\\\/#respond\"]}]},{\"@type\":\"WebPage\",\"@id\":\"https:\\\/\\\/www.mzone.cz\\\/jak-vybrat-spravne-cyklisticke-bryle\\\/\",\"url\":\"https:\\\/\\\/www.mzone.cz\\\/jak-vybrat-spravne-cyklisticke-bryle\\\/\",\"name\":\"Pro\u010d jsou barvy p\u0159i j\u00edzd\u011b na kole tak d\u016fle\u017eit\u00e9? V\u00edme, jak vybrat spr\u00e1vn\u00e9 cyklistick\u00e9 br\u00fdle! - Mzone\",\"isPartOf\":{\"@id\":\"https:\\\/\\\/www.mzone.cz\\\/#website\"},\"primaryImageOfPage\":{\"@id\":\"https:\\\/\\\/www.mzone.cz\\\/jak-vybrat-spravne-cyklisticke-bryle\\\/#primaryimage\"},\"image\":{\"@id\":\"https:\\\/\\\/www.mzone.cz\\\/jak-vybrat-spravne-cyklisticke-bryle\\\/#primaryimage\"},\"thumbnailUrl\":\"https:\\\/\\\/www.mzone.cz\\\/wp-content\\\/uploads\\\/2023\\\/06\\\/pexels-mA\u00addia-3642482.jpg\",\"datePublished\":\"2023-07-01T03:00:00+00:00\",\"author\":{\"@id\":\"https:\\\/\\\/www.mzone.cz\\\/#\\\/schema\\\/person\\\/9bc20cc422a99cac4af6ff9297da32d4\"},\"description\":\"Po chladn\u011bj\u0161\u00edch jarn\u00edch dnech se cyklistick\u00e1 sezona rozjela naplno. A\u0165 u\u017e jste na bicyklu prof\u00edkem, nebo kolo vyt\u00e1hnete jen ob\u010das, bez cyklistick\u00fdch br\u00fdl\u00ed se jednodu\u0161e neobejdete. Rozr\u00e1\u017een\u00ed v\u011btru nebo slune\u010dn\u00ed paprsky dok\u00e1\u017e\u00ed toti\u017e d\u00e1t va\u0161im o\u010d\u00edm po\u0159\u00e1dn\u011b zabrat. Sta\u010d\u00ed na to v\u0161echno b\u011b\u017en\u00e9 slune\u010dn\u00ed br\u00fdle? Ano i ne.\",\"breadcrumb\":{\"@id\":\"https:\\\/\\\/www.mzone.cz\\\/jak-vybrat-spravne-cyklisticke-bryle\\\/#breadcrumb\"},\"inLanguage\":\"en-US\",\"potentialAction\":[{\"@type\":\"ReadAction\",\"target\":[\"https:\\\/\\\/www.mzone.cz\\\/jak-vybrat-spravne-cyklisticke-bryle\\\/\"]}]},{\"@type\":\"ImageObject\",\"inLanguage\":\"en-US\",\"@id\":\"https:\\\/\\\/www.mzone.cz\\\/jak-vybrat-spravne-cyklisticke-bryle\\\/#primaryimage\",\"url\":\"https:\\\/\\\/www.mzone.cz\\\/wp-content\\\/uploads\\\/2023\\\/06\\\/pexels-mA\u00addia-3642482.jpg\",\"contentUrl\":\"https:\\\/\\\/www.mzone.cz\\\/wp-content\\\/uploads\\\/2023\\\/06\\\/pexels-mA\u00addia-3642482.jpg\",\"width\":1821,\"height\":1214,\"caption\":\"Cyklistika a br\u00fdle\"},{\"@type\":\"BreadcrumbList\",\"@id\":\"https:\\\/\\\/www.mzone.cz\\\/jak-vybrat-spravne-cyklisticke-bryle\\\/#breadcrumb\",\"itemListElement\":[{\"@type\":\"ListItem\",\"position\":1,\"name\":\"Dom\u016f\",\"item\":\"https:\\\/\\\/www.mzone.cz\\\/\"},{\"@type\":\"ListItem\",\"position\":2,\"name\":\"Pro\u010d jsou barvy p\u0159i j\u00edzd\u011b na kole tak d\u016fle\u017eit\u00e9? V\u00edme, jak vybrat spr\u00e1vn\u00e9 cyklistick\u00e9 br\u00fdle!\"}]},{\"@type\":\"WebSite\",\"@id\":\"https:\\\/\\\/www.mzone.cz\\\/#website\",\"url\":\"https:\\\/\\\/www.mzone.cz\\\/\",\"name\":\"Mzone\",\"description\":\"Magaz\u00edn nejen pro mu\u017ee\",\"potentialAction\":[{\"@type\":\"SearchAction\",\"target\":{\"@type\":\"EntryPoint\",\"urlTemplate\":\"https:\\\/\\\/www.mzone.cz\\\/?s={search_term_string}\"},\"query-input\":{\"@type\":\"PropertyValueSpecification\",\"valueRequired\":true,\"valueName\":\"search_term_string\"}}],\"inLanguage\":\"en-US\"},{\"@type\":\"Person\",\"@id\":\"https:\\\/\\\/www.mzone.cz\\\/#\\\/schema\\\/person\\\/9bc20cc422a99cac4af6ff9297da32d4\",\"name\":\"Mzone\",\"image\":{\"@type\":\"ImageObject\",\"inLanguage\":\"en-US\",\"@id\":\"https:\\\/\\\/secure.gravatar.com\\\/avatar\\\/e780a8630f3182a3d06dd667ab6bea151a0d155b0951bc15fe22633acdac0676?s=96&d=mm&r=g\",\"url\":\"https:\\\/\\\/secure.gravatar.com\\\/avatar\\\/e780a8630f3182a3d06dd667ab6bea151a0d155b0951bc15fe22633acdac0676?s=96&d=mm&r=g\",\"contentUrl\":\"https:\\\/\\\/secure.gravatar.com\\\/avatar\\\/e780a8630f3182a3d06dd667ab6bea151a0d155b0951bc15fe22633acdac0676?s=96&d=mm&r=g\",\"caption\":\"Mzone\"},\"url\":\"https:\\\/\\\/www.mzone.cz\\\/en\\\/author\\\/jakub\\\/\"}]}<\/script>\n<!-- \/ Yoast SEO plugin. -->","yoast_head_json":{"title":"Pro\u010d jsou barvy p\u0159i j\u00edzd\u011b na kole tak d\u016fle\u017eit\u00e9? V\u00edme, jak vybrat spr\u00e1vn\u00e9 cyklistick\u00e9 br\u00fdle! - Mzone","description":"Po chladn\u011bj\u0161\u00edch jarn\u00edch dnech se cyklistick\u00e1 sezona rozjela naplno. A\u0165 u\u017e jste na bicyklu prof\u00edkem, nebo kolo vyt\u00e1hnete jen ob\u010das, bez cyklistick\u00fdch br\u00fdl\u00ed se jednodu\u0161e neobejdete. Rozr\u00e1\u017een\u00ed v\u011btru nebo slune\u010dn\u00ed paprsky dok\u00e1\u017e\u00ed toti\u017e d\u00e1t va\u0161im o\u010d\u00edm po\u0159\u00e1dn\u011b zabrat. Sta\u010d\u00ed na to v\u0161echno b\u011b\u017en\u00e9 slune\u010dn\u00ed br\u00fdle? Ano i ne.","robots":{"index":"index","follow":"follow","max-snippet":"max-snippet:-1","max-image-preview":"max-image-preview:large","max-video-preview":"max-video-preview:-1"},"canonical":"https:\/\/www.mzone.cz\/en\/jak-vybrat-spravne-cyklisticke-bryle\/","og_locale":"en_US","og_type":"article","og_title":"Pro\u010d jsou barvy p\u0159i j\u00edzd\u011b na kole tak d\u016fle\u017eit\u00e9? V\u00edme, jak vybrat spr\u00e1vn\u00e9 cyklistick\u00e9 br\u00fdle! - Mzone","og_description":"Po chladn\u011bj\u0161\u00edch jarn\u00edch dnech se cyklistick\u00e1 sezona rozjela naplno. A\u0165 u\u017e jste na bicyklu prof\u00edkem, nebo kolo vyt\u00e1hnete jen ob\u010das, bez cyklistick\u00fdch br\u00fdl\u00ed se jednodu\u0161e neobejdete. Rozr\u00e1\u017een\u00ed v\u011btru nebo slune\u010dn\u00ed paprsky dok\u00e1\u017e\u00ed toti\u017e d\u00e1t va\u0161im o\u010d\u00edm po\u0159\u00e1dn\u011b zabrat. Sta\u010d\u00ed na to v\u0161echno b\u011b\u017en\u00e9 slune\u010dn\u00ed br\u00fdle? Ano i ne.","og_url":"https:\/\/www.mzone.cz\/en\/jak-vybrat-spravne-cyklisticke-bryle\/","og_site_name":"Mzone","article_publisher":"https:\/\/www.facebook.com\/MzoneCZ\/","article_published_time":"2023-07-01T03:00:00+00:00","og_image":[{"width":1821,"height":1214,"url":"https:\/\/www.mzone.cz\/wp-content\/uploads\/2023\/06\/pexels-mA\u00addia-3642482.jpg","type":"image\/jpeg"}],"author":"Mzone","twitter_card":"summary_large_image","twitter_misc":{"Written by":"Mzone","Est. reading time":"4 minutes"},"schema":{"@context":"https:\/\/schema.org","@graph":[{"@type":"Article","@id":"https:\/\/www.mzone.cz\/jak-vybrat-spravne-cyklisticke-bryle\/#article","isPartOf":{"@id":"https:\/\/www.mzone.cz\/jak-vybrat-spravne-cyklisticke-bryle\/"},"author":{"name":"Mzone","@id":"https:\/\/www.mzone.cz\/#\/schema\/person\/9bc20cc422a99cac4af6ff9297da32d4"},"headline":"Pro\u010d jsou barvy p\u0159i j\u00edzd\u011b na kole tak d\u016fle\u017eit\u00e9? V\u00edme, jak vybrat spr\u00e1vn\u00e9 cyklistick\u00e9 br\u00fdle!","datePublished":"2023-07-01T03:00:00+00:00","mainEntityOfPage":{"@id":"https:\/\/www.mzone.cz\/jak-vybrat-spravne-cyklisticke-bryle\/"},"wordCount":957,"commentCount":0,"image":{"@id":"https:\/\/www.mzone.cz\/jak-vybrat-spravne-cyklisticke-bryle\/#primaryimage"},"thumbnailUrl":"https:\/\/www.mzone.cz\/wp-content\/uploads\/2023\/06\/pexels-mA\u00addia-3642482.jpg","keywords":["br\u00fdle","cyklistika","j\u00edzda na kole","kolo","M\u00f3da","m\u00f3da a viz\u00e1\u017e","rady a tipy","skla","slune\u010dn\u00ed br\u00fdle","Sport","style","vybaven\u00ed","v\u00fdb\u011br"],"articleSection":["M\u00f3da a viz\u00e1\u017e","Sport","Style"],"inLanguage":"en-US","potentialAction":[{"@type":"CommentAction","name":"Comment","target":["https:\/\/www.mzone.cz\/jak-vybrat-spravne-cyklisticke-bryle\/#respond"]}]},{"@type":"WebPage","@id":"https:\/\/www.mzone.cz\/jak-vybrat-spravne-cyklisticke-bryle\/","url":"https:\/\/www.mzone.cz\/jak-vybrat-spravne-cyklisticke-bryle\/","name":"Pro\u010d jsou barvy p\u0159i j\u00edzd\u011b na kole tak d\u016fle\u017eit\u00e9? V\u00edme, jak vybrat spr\u00e1vn\u00e9 cyklistick\u00e9 br\u00fdle! - Mzone","isPartOf":{"@id":"https:\/\/www.mzone.cz\/#website"},"primaryImageOfPage":{"@id":"https:\/\/www.mzone.cz\/jak-vybrat-spravne-cyklisticke-bryle\/#primaryimage"},"image":{"@id":"https:\/\/www.mzone.cz\/jak-vybrat-spravne-cyklisticke-bryle\/#primaryimage"},"thumbnailUrl":"https:\/\/www.mzone.cz\/wp-content\/uploads\/2023\/06\/pexels-mA\u00addia-3642482.jpg","datePublished":"2023-07-01T03:00:00+00:00","author":{"@id":"https:\/\/www.mzone.cz\/#\/schema\/person\/9bc20cc422a99cac4af6ff9297da32d4"},"description":"Po chladn\u011bj\u0161\u00edch jarn\u00edch dnech se cyklistick\u00e1 sezona rozjela naplno. A\u0165 u\u017e jste na bicyklu prof\u00edkem, nebo kolo vyt\u00e1hnete jen ob\u010das, bez cyklistick\u00fdch br\u00fdl\u00ed se jednodu\u0161e neobejdete. Rozr\u00e1\u017een\u00ed v\u011btru nebo slune\u010dn\u00ed paprsky dok\u00e1\u017e\u00ed toti\u017e d\u00e1t va\u0161im o\u010d\u00edm po\u0159\u00e1dn\u011b zabrat. Sta\u010d\u00ed na to v\u0161echno b\u011b\u017en\u00e9 slune\u010dn\u00ed br\u00fdle? Ano i ne.","breadcrumb":{"@id":"https:\/\/www.mzone.cz\/jak-vybrat-spravne-cyklisticke-bryle\/#breadcrumb"},"inLanguage":"en-US","potentialAction":[{"@type":"ReadAction","target":["https:\/\/www.mzone.cz\/jak-vybrat-spravne-cyklisticke-bryle\/"]}]},{"@type":"ImageObject","inLanguage":"en-US","@id":"https:\/\/www.mzone.cz\/jak-vybrat-spravne-cyklisticke-bryle\/#primaryimage","url":"https:\/\/www.mzone.cz\/wp-content\/uploads\/2023\/06\/pexels-mA\u00addia-3642482.jpg","contentUrl":"https:\/\/www.mzone.cz\/wp-content\/uploads\/2023\/06\/pexels-mA\u00addia-3642482.jpg","width":1821,"height":1214,"caption":"Cyklistika a br\u00fdle"},{"@type":"BreadcrumbList","@id":"https:\/\/www.mzone.cz\/jak-vybrat-spravne-cyklisticke-bryle\/#breadcrumb","itemListElement":[{"@type":"ListItem","position":1,"name":"Dom\u016f","item":"https:\/\/www.mzone.cz\/"},{"@type":"ListItem","position":2,"name":"Pro\u010d jsou barvy p\u0159i j\u00edzd\u011b na kole tak d\u016fle\u017eit\u00e9? V\u00edme, jak vybrat spr\u00e1vn\u00e9 cyklistick\u00e9 br\u00fdle!"}]},{"@type":"WebSite","@id":"https:\/\/www.mzone.cz\/#website","url":"https:\/\/www.mzone.cz\/","name":"Mzone","description":"Magaz\u00edn nejen pro mu\u017ee","potentialAction":[{"@type":"SearchAction","target":{"@type":"EntryPoint","urlTemplate":"https:\/\/www.mzone.cz\/?s={search_term_string}"},"query-input":{"@type":"PropertyValueSpecification","valueRequired":true,"valueName":"search_term_string"}}],"inLanguage":"en-US"},{"@type":"Person","@id":"https:\/\/www.mzone.cz\/#\/schema\/person\/9bc20cc422a99cac4af6ff9297da32d4","name":"Mzone","image":{"@type":"ImageObject","inLanguage":"en-US","@id":"https:\/\/secure.gravatar.com\/avatar\/e780a8630f3182a3d06dd667ab6bea151a0d155b0951bc15fe22633acdac0676?s=96&d=mm&r=g","url":"https:\/\/secure.gravatar.com\/avatar\/e780a8630f3182a3d06dd667ab6bea151a0d155b0951bc15fe22633acdac0676?s=96&d=mm&r=g","contentUrl":"https:\/\/secure.gravatar.com\/avatar\/e780a8630f3182a3d06dd667ab6bea151a0d155b0951bc15fe22633acdac0676?s=96&d=mm&r=g","caption":"Mzone"},"url":"https:\/\/www.mzone.cz\/en\/author\/jakub\/"}]}},"_links":{"self":[{"href":"https:\/\/www.mzone.cz\/en\/wp-json\/wp\/v2\/posts\/40985","targetHints":{"allow":["GET"]}}],"collection":[{"href":"https:\/\/www.mzone.cz\/en\/wp-json\/wp\/v2\/posts"}],"about":[{"href":"https:\/\/www.mzone.cz\/en\/wp-json\/wp\/v2\/types\/post"}],"author":[{"embeddable":true,"href":"https:\/\/www.mzone.cz\/en\/wp-json\/wp\/v2\/users\/4"}],"replies":[{"embeddable":true,"href":"https:\/\/www.mzone.cz\/en\/wp-json\/wp\/v2\/comments?post=40985"}],"version-history":[{"count":20,"href":"https:\/\/www.mzone.cz\/en\/wp-json\/wp\/v2\/posts\/40985\/revisions"}],"predecessor-version":[{"id":41021,"href":"https:\/\/www.mzone.cz\/en\/wp-json\/wp\/v2\/posts\/40985\/revisions\/41021"}],"wp:featuredmedia":[{"embeddable":true,"href":"https:\/\/www.mzone.cz\/en\/wp-json\/wp\/v2\/media\/40998"}],"wp:attachment":[{"href":"https:\/\/www.mzone.cz\/en\/wp-json\/wp\/v2\/media?parent=40985"}],"wp:term":[{"taxonomy":"category","embeddable":true,"href":"https:\/\/www.mzone.cz\/en\/wp-json\/wp\/v2\/categories?post=40985"},{"taxonomy":"post_tag","embeddable":true,"href":"https:\/\/www.mzone.cz\/en\/wp-json\/wp\/v2\/tags?post=40985"}],"curies":[{"name":"wp","href":"https:\/\/api.w.org\/{rel}","templated":true}]}}