{"id":4114,"date":"2019-02-17T18:00:37","date_gmt":"2019-02-17T17:00:37","guid":{"rendered":"http:\/\/www.mzone.cz\/?p=4114"},"modified":"2019-08-30T10:25:13","modified_gmt":"2019-08-30T08:25:13","slug":"blog-mohla-by-byt-prezidentem-pani-zemanova","status":"publish","type":"post","link":"https:\/\/www.mzone.cz\/en\/blog-mohla-by-byt-prezidentem-pani-zemanova\/","title":{"rendered":"Blog: Mohla by b\u00fdt prezidentem pan\u00ed Zemanov\u00e1?"},"content":{"rendered":"<p><strong>Byl to takov\u00fd n\u00e1hl\u00fd n\u00e1pad, kter\u00fd se zm\u011bnil v&nbsp;sen. Jist\u011b\u017ee nem\u00edn\u00edm man\u017eelku sou\u010dasn\u00e9 hlavy st\u00e1tu. Prezidentku Soudcovsk\u00e9 unie \u010cesk\u00e9 republiky Danielu Zemanovou jsem poprv\u00e9 p\u0159ed \u010dasem sledoval ve ve\u0159ejnopr\u00e1vn\u00ed televizi.<\/strong><\/p>\n\n\n\n<p><br>Dovedu si p\u0159edstavit, \u017ee prvn\u00ed \u017eenou v&nbsp;\u010dele na\u0161\u00ed zem\u011b by byla d\u00e1ma, kter\u00e1 dok\u00e1\u017ee odpov\u00eddat na ot\u00e1zky bez vyt\u00e1\u010dek, srozumiteln\u011b, s&nbsp;precizn\u00ed schopnost\u00ed p\u0159edkl\u00e1dat logick\u00e9 argumenty. Pr\u00e1v\u011b tak toti\u017e vystupovala. H\u00e1j\u00edc\u00ed v\u00e1\u017enost sv\u00e9 profese a z\u00e1rove\u0148 z\u00e1jem b\u011b\u017en\u00fdch ob\u010dan\u016f, kte\u0159\u00ed se se soudnictv\u00edm dostanou do kontaktu.<\/p>\n\n\n\n<blockquote class=\"wp-block-quote is-layout-flow wp-block-quote-is-layout-flow\"><p>Za necelou p\u016flhodinu, kdy byla televizn\u00ed novin\u00e1\u0159kou zahlcov\u00e1na z\u00e1va\u017en\u00fdmi aktu\u00e1ln\u00edmi dotazy, ve mn\u011b vybudila pocit, \u017ee zrovna tuto \u0161t\u00edhlou pohlednou \u017eenu bych volil s&nbsp;velkou nad\u011bj\u00ed, \u017ee na Pra\u017esk\u00e9m hrad\u011b bude \u010dlov\u011bk \u010destn\u00fd, p\u0159\u00edm\u00fd, bez politick\u00fdch vazeb a ekonomick\u00fdch vztah\u016f. Zkr\u00e1tka pat\u0159i\u010dn\u00e1 osoba na m\u00edst\u011b tak v\u00fdznamn\u00e9m. Pokud by ji ov\u0161em n\u011bkdo p\u0159esv\u011bd\u010dil, aby kandidovala.<\/p><\/blockquote>\n\n\n\n<p><br>V\u00edm, \u017ee m\u016fj n\u00e1pad nem\u00e1 sebemen\u0161\u00ed \u0161anci, aby se stal skute\u010dnost\u00ed. P\u0159ece se nevzd\u00e1 sv\u00e9ho zam\u011bstn\u00e1n\u00ed, kter\u00e9 evidentn\u011b miluje a zvl\u00e1d\u00e1. Taky pochybuju, \u017ee by ve\u0159ejnosti dosud nep\u0159\u00edli\u0161 zn\u00e1m\u00e1 ob\u010danka m\u011bla velkou nad\u011bji na \u00fasp\u011bch. P\u0159esto si mysl\u00edm, \u017ee by to nemusel b\u00fdt pokus marn\u00fd.<\/p>\n\n\n\n<p><br>Pan\u00ed Daniele Zemanov\u00e9 se omlouv\u00e1m za sv\u016fj n\u00e1pad. Kdo v\u00ed, t\u0159eba se do voleb vyskytne n\u011bkdo jin\u00fd s&nbsp;jej\u00edmi kvalitami. Zat\u00edm o takov\u00e9m \u010dlov\u011bku nev\u00edm. A tak opakuju: kdyby kandidovala, dal bych j\u00ed sv\u016fj hlas.<\/p><br>\n\n\n\n<p>D\u011bkuji za p\u0159e\u010dten\u00ed. &nbsp; &nbsp; &nbsp; &nbsp; &nbsp; &nbsp; &nbsp; &nbsp; &nbsp; &nbsp; &nbsp; &nbsp; &nbsp; &nbsp; &nbsp; &nbsp; &nbsp; &nbsp; &nbsp; &nbsp; &nbsp; &nbsp; &nbsp; &nbsp; &nbsp; &nbsp; &nbsp; &nbsp; &nbsp; &nbsp; &nbsp; &nbsp; &nbsp; &nbsp; &nbsp; &nbsp; &nbsp; &nbsp; &nbsp; &nbsp;Ji\u0159\u00ed \u010cepel\u00e1k<\/p><br>\n\n\n\n<p><strong>Chcete se tak\u00e9 na str\u00e1nk\u00e1ch Mzone.cz pod\u011blit o sv\u016fj n\u00e1zor nebo se vypsat z n\u011b\u010deho, co v\u00e1s tr\u00e1p\u00ed? Blogovat m\u016f\u017eete i vy! Sv\u00e9 p\u0159\u00edsp\u011bvky zas\u00edlejte na e-mail redakce@mzone.cz a do p\u0159edm\u011btu uve\u010fte heslo \u201eBlog\u201c.<\/strong><\/p>","protected":false},"excerpt":{"rendered":"<p>Byl to takov\u00fd n\u00e1hl\u00fd n\u00e1pad, kter\u00fd se zm\u011bnil v&nbsp;sen. Jist\u011b\u017ee nem\u00edn\u00edm man\u017eelku sou\u010dasn\u00e9 hlavy st\u00e1tu. Prezidentku Soudcovsk\u00e9 unie \u010cesk\u00e9 republiky Danielu Zemanovou jsem poprv\u00e9 p\u0159ed \u010dasem sledoval ve ve\u0159ejnopr\u00e1vn\u00ed televizi. Dovedu si p\u0159edstavit, \u017ee prvn\u00ed \u017eenou v&nbsp;\u010dele na\u0161\u00ed zem\u011b by byla d\u00e1ma, kter\u00e1 dok\u00e1\u017ee odpov\u00eddat na ot\u00e1zky bez vyt\u00e1\u010dek, srozumiteln\u011b, s&nbsp;precizn\u00ed schopnost\u00ed p\u0159edkl\u00e1dat logick\u00e9 argumenty. [&hellip;]<\/p>\n","protected":false},"author":4,"featured_media":4115,"comment_status":"open","ping_status":"open","sticky":false,"template":"","format":"standard","meta":{"kk_blocks_editor_width":"","_kiokenblocks_attr":"","_kiokenblocks_dimensions":"","footnotes":""},"categories":[385],"tags":[1324,59,1323,1325,788,1271,1018,1321,544,1322,1269],"class_list":["post-4114","post","type-post","status-publish","format-standard","has-post-thumbnail","hentry","category-blog","tag-adeptka","tag-blog","tag-daniela-zemanova","tag-favoritka","tag-jiri-cepelak","tag-justice","tag-politika","tag-prezidentka","tag-schopnosti","tag-soudcovska-unie","tag-soudy"],"yoast_head":"<!-- This site is optimized with the Yoast SEO plugin v27.5 - https:\/\/yoast.com\/product\/yoast-seo-wordpress\/ -->\n<title>Blog: Mohla by b\u00fdt prezidentem pan\u00ed Zemanov\u00e1? - Mzone<\/title>\n<meta name=\"description\" content=\"Byl to takov\u00fd n\u00e1hl\u00fd n\u00e1pad, kter\u00fd se zm\u011bnil v\u00a0sen. Jist\u011b\u017ee nem\u00edn\u00edm man\u017eelku sou\u010dasn\u00e9 hlavy st\u00e1tu. Prezidentku Soudcovsk\u00e9 unie \u010cesk\u00e9 republiky Danielu Zemanovou jsem poprv\u00e9 p\u0159ed \u010dasem sledoval ve ve\u0159ejnopr\u00e1vn\u00ed televizi.\" \/>\n<meta name=\"robots\" content=\"index, follow, max-snippet:-1, max-image-preview:large, max-video-preview:-1\" \/>\n<link rel=\"canonical\" href=\"https:\/\/www.mzone.cz\/en\/blog-mohla-by-byt-prezidentem-pani-zemanova\/\" \/>\n<meta property=\"og:locale\" content=\"en_US\" \/>\n<meta property=\"og:type\" content=\"article\" \/>\n<meta property=\"og:title\" content=\"Blog: Mohla by b\u00fdt prezidentem pan\u00ed Zemanov\u00e1? - Mzone\" \/>\n<meta property=\"og:description\" content=\"Byl to takov\u00fd n\u00e1hl\u00fd n\u00e1pad, kter\u00fd se zm\u011bnil v\u00a0sen. Jist\u011b\u017ee nem\u00edn\u00edm man\u017eelku sou\u010dasn\u00e9 hlavy st\u00e1tu. Prezidentku Soudcovsk\u00e9 unie \u010cesk\u00e9 republiky Danielu Zemanovou jsem poprv\u00e9 p\u0159ed \u010dasem sledoval ve ve\u0159ejnopr\u00e1vn\u00ed televizi.\" \/>\n<meta property=\"og:url\" content=\"https:\/\/www.mzone.cz\/en\/blog-mohla-by-byt-prezidentem-pani-zemanova\/\" \/>\n<meta property=\"og:site_name\" content=\"Mzone\" \/>\n<meta property=\"article:publisher\" content=\"https:\/\/www.facebook.com\/MzoneCZ\/\" \/>\n<meta property=\"article:published_time\" content=\"2019-02-17T17:00:37+00:00\" \/>\n<meta property=\"article:modified_time\" content=\"2019-08-30T08:25:13+00:00\" \/>\n<meta property=\"og:image\" content=\"https:\/\/www.mzone.cz\/wp-content\/uploads\/2019\/02\/blog_zemanova.jpg\" \/>\n\t<meta property=\"og:image:width\" content=\"1667\" \/>\n\t<meta property=\"og:image:height\" content=\"1121\" \/>\n\t<meta property=\"og:image:type\" content=\"image\/jpeg\" \/>\n<meta name=\"author\" content=\"Mzone\" \/>\n<meta name=\"twitter:card\" content=\"summary_large_image\" \/>\n<meta name=\"twitter:label1\" content=\"Written by\" \/>\n\t<meta name=\"twitter:data1\" content=\"Mzone\" \/>\n\t<meta name=\"twitter:label2\" content=\"Est. reading time\" \/>\n\t<meta name=\"twitter:data2\" content=\"2 minutes\" \/>\n<script type=\"application\/ld+json\" class=\"yoast-schema-graph\">{\"@context\":\"https:\\\/\\\/schema.org\",\"@graph\":[{\"@type\":\"Article\",\"@id\":\"https:\\\/\\\/www.mzone.cz\\\/blog-mohla-by-byt-prezidentem-pani-zemanova\\\/#article\",\"isPartOf\":{\"@id\":\"https:\\\/\\\/www.mzone.cz\\\/blog-mohla-by-byt-prezidentem-pani-zemanova\\\/\"},\"author\":{\"name\":\"Mzone\",\"@id\":\"https:\\\/\\\/www.mzone.cz\\\/#\\\/schema\\\/person\\\/9bc20cc422a99cac4af6ff9297da32d4\"},\"headline\":\"Blog: Mohla by b\u00fdt prezidentem pan\u00ed Zemanov\u00e1?\",\"datePublished\":\"2019-02-17T17:00:37+00:00\",\"dateModified\":\"2019-08-30T08:25:13+00:00\",\"mainEntityOfPage\":{\"@id\":\"https:\\\/\\\/www.mzone.cz\\\/blog-mohla-by-byt-prezidentem-pani-zemanova\\\/\"},\"wordCount\":414,\"commentCount\":0,\"image\":{\"@id\":\"https:\\\/\\\/www.mzone.cz\\\/blog-mohla-by-byt-prezidentem-pani-zemanova\\\/#primaryimage\"},\"thumbnailUrl\":\"https:\\\/\\\/www.mzone.cz\\\/wp-content\\\/uploads\\\/2019\\\/02\\\/blog_zemanova.jpg\",\"keywords\":[\"adeptka\",\"Blog\",\"Daniela Zemanov\u00e1\",\"favoritka\",\"Ji\u0159\u00ed \u010cepel\u00e1k\",\"justice\",\"politika\",\"prezidentka\",\"schopnosti\",\"Soudcovsk\u00e1 unie\",\"soudy\"],\"articleSection\":[\"Blog\"],\"inLanguage\":\"en-US\",\"potentialAction\":[{\"@type\":\"CommentAction\",\"name\":\"Comment\",\"target\":[\"https:\\\/\\\/www.mzone.cz\\\/blog-mohla-by-byt-prezidentem-pani-zemanova\\\/#respond\"]}]},{\"@type\":\"WebPage\",\"@id\":\"https:\\\/\\\/www.mzone.cz\\\/blog-mohla-by-byt-prezidentem-pani-zemanova\\\/\",\"url\":\"https:\\\/\\\/www.mzone.cz\\\/blog-mohla-by-byt-prezidentem-pani-zemanova\\\/\",\"name\":\"Blog: Mohla by b\u00fdt prezidentem pan\u00ed Zemanov\u00e1? - Mzone\",\"isPartOf\":{\"@id\":\"https:\\\/\\\/www.mzone.cz\\\/#website\"},\"primaryImageOfPage\":{\"@id\":\"https:\\\/\\\/www.mzone.cz\\\/blog-mohla-by-byt-prezidentem-pani-zemanova\\\/#primaryimage\"},\"image\":{\"@id\":\"https:\\\/\\\/www.mzone.cz\\\/blog-mohla-by-byt-prezidentem-pani-zemanova\\\/#primaryimage\"},\"thumbnailUrl\":\"https:\\\/\\\/www.mzone.cz\\\/wp-content\\\/uploads\\\/2019\\\/02\\\/blog_zemanova.jpg\",\"datePublished\":\"2019-02-17T17:00:37+00:00\",\"dateModified\":\"2019-08-30T08:25:13+00:00\",\"author\":{\"@id\":\"https:\\\/\\\/www.mzone.cz\\\/#\\\/schema\\\/person\\\/9bc20cc422a99cac4af6ff9297da32d4\"},\"description\":\"Byl to takov\u00fd n\u00e1hl\u00fd n\u00e1pad, kter\u00fd se zm\u011bnil v\u00a0sen. Jist\u011b\u017ee nem\u00edn\u00edm man\u017eelku sou\u010dasn\u00e9 hlavy st\u00e1tu. Prezidentku Soudcovsk\u00e9 unie \u010cesk\u00e9 republiky Danielu Zemanovou jsem poprv\u00e9 p\u0159ed \u010dasem sledoval ve ve\u0159ejnopr\u00e1vn\u00ed televizi.\",\"breadcrumb\":{\"@id\":\"https:\\\/\\\/www.mzone.cz\\\/blog-mohla-by-byt-prezidentem-pani-zemanova\\\/#breadcrumb\"},\"inLanguage\":\"en-US\",\"potentialAction\":[{\"@type\":\"ReadAction\",\"target\":[\"https:\\\/\\\/www.mzone.cz\\\/blog-mohla-by-byt-prezidentem-pani-zemanova\\\/\"]}]},{\"@type\":\"ImageObject\",\"inLanguage\":\"en-US\",\"@id\":\"https:\\\/\\\/www.mzone.cz\\\/blog-mohla-by-byt-prezidentem-pani-zemanova\\\/#primaryimage\",\"url\":\"https:\\\/\\\/www.mzone.cz\\\/wp-content\\\/uploads\\\/2019\\\/02\\\/blog_zemanova.jpg\",\"contentUrl\":\"https:\\\/\\\/www.mzone.cz\\\/wp-content\\\/uploads\\\/2019\\\/02\\\/blog_zemanova.jpg\",\"width\":1667,\"height\":1121},{\"@type\":\"BreadcrumbList\",\"@id\":\"https:\\\/\\\/www.mzone.cz\\\/blog-mohla-by-byt-prezidentem-pani-zemanova\\\/#breadcrumb\",\"itemListElement\":[{\"@type\":\"ListItem\",\"position\":1,\"name\":\"Dom\u016f\",\"item\":\"https:\\\/\\\/www.mzone.cz\\\/\"},{\"@type\":\"ListItem\",\"position\":2,\"name\":\"Blog: Mohla by b\u00fdt prezidentem pan\u00ed Zemanov\u00e1?\"}]},{\"@type\":\"WebSite\",\"@id\":\"https:\\\/\\\/www.mzone.cz\\\/#website\",\"url\":\"https:\\\/\\\/www.mzone.cz\\\/\",\"name\":\"Mzone\",\"description\":\"Magaz\u00edn nejen pro mu\u017ee\",\"potentialAction\":[{\"@type\":\"SearchAction\",\"target\":{\"@type\":\"EntryPoint\",\"urlTemplate\":\"https:\\\/\\\/www.mzone.cz\\\/?s={search_term_string}\"},\"query-input\":{\"@type\":\"PropertyValueSpecification\",\"valueRequired\":true,\"valueName\":\"search_term_string\"}}],\"inLanguage\":\"en-US\"},{\"@type\":\"Person\",\"@id\":\"https:\\\/\\\/www.mzone.cz\\\/#\\\/schema\\\/person\\\/9bc20cc422a99cac4af6ff9297da32d4\",\"name\":\"Mzone\",\"image\":{\"@type\":\"ImageObject\",\"inLanguage\":\"en-US\",\"@id\":\"https:\\\/\\\/secure.gravatar.com\\\/avatar\\\/e780a8630f3182a3d06dd667ab6bea151a0d155b0951bc15fe22633acdac0676?s=96&d=mm&r=g\",\"url\":\"https:\\\/\\\/secure.gravatar.com\\\/avatar\\\/e780a8630f3182a3d06dd667ab6bea151a0d155b0951bc15fe22633acdac0676?s=96&d=mm&r=g\",\"contentUrl\":\"https:\\\/\\\/secure.gravatar.com\\\/avatar\\\/e780a8630f3182a3d06dd667ab6bea151a0d155b0951bc15fe22633acdac0676?s=96&d=mm&r=g\",\"caption\":\"Mzone\"},\"url\":\"https:\\\/\\\/www.mzone.cz\\\/en\\\/author\\\/jakub\\\/\"}]}<\/script>\n<!-- \/ Yoast SEO plugin. -->","yoast_head_json":{"title":"Blog: Mohla by b\u00fdt prezidentem pan\u00ed Zemanov\u00e1? - Mzone","description":"Byl to takov\u00fd n\u00e1hl\u00fd n\u00e1pad, kter\u00fd se zm\u011bnil v\u00a0sen. Jist\u011b\u017ee nem\u00edn\u00edm man\u017eelku sou\u010dasn\u00e9 hlavy st\u00e1tu. Prezidentku Soudcovsk\u00e9 unie \u010cesk\u00e9 republiky Danielu Zemanovou jsem poprv\u00e9 p\u0159ed \u010dasem sledoval ve ve\u0159ejnopr\u00e1vn\u00ed televizi.","robots":{"index":"index","follow":"follow","max-snippet":"max-snippet:-1","max-image-preview":"max-image-preview:large","max-video-preview":"max-video-preview:-1"},"canonical":"https:\/\/www.mzone.cz\/en\/blog-mohla-by-byt-prezidentem-pani-zemanova\/","og_locale":"en_US","og_type":"article","og_title":"Blog: Mohla by b\u00fdt prezidentem pan\u00ed Zemanov\u00e1? - Mzone","og_description":"Byl to takov\u00fd n\u00e1hl\u00fd n\u00e1pad, kter\u00fd se zm\u011bnil v\u00a0sen. Jist\u011b\u017ee nem\u00edn\u00edm man\u017eelku sou\u010dasn\u00e9 hlavy st\u00e1tu. Prezidentku Soudcovsk\u00e9 unie \u010cesk\u00e9 republiky Danielu Zemanovou jsem poprv\u00e9 p\u0159ed \u010dasem sledoval ve ve\u0159ejnopr\u00e1vn\u00ed televizi.","og_url":"https:\/\/www.mzone.cz\/en\/blog-mohla-by-byt-prezidentem-pani-zemanova\/","og_site_name":"Mzone","article_publisher":"https:\/\/www.facebook.com\/MzoneCZ\/","article_published_time":"2019-02-17T17:00:37+00:00","article_modified_time":"2019-08-30T08:25:13+00:00","og_image":[{"width":1667,"height":1121,"url":"https:\/\/www.mzone.cz\/wp-content\/uploads\/2019\/02\/blog_zemanova.jpg","type":"image\/jpeg"}],"author":"Mzone","twitter_card":"summary_large_image","twitter_misc":{"Written by":"Mzone","Est. reading time":"2 minutes"},"schema":{"@context":"https:\/\/schema.org","@graph":[{"@type":"Article","@id":"https:\/\/www.mzone.cz\/blog-mohla-by-byt-prezidentem-pani-zemanova\/#article","isPartOf":{"@id":"https:\/\/www.mzone.cz\/blog-mohla-by-byt-prezidentem-pani-zemanova\/"},"author":{"name":"Mzone","@id":"https:\/\/www.mzone.cz\/#\/schema\/person\/9bc20cc422a99cac4af6ff9297da32d4"},"headline":"Blog: Mohla by b\u00fdt prezidentem pan\u00ed Zemanov\u00e1?","datePublished":"2019-02-17T17:00:37+00:00","dateModified":"2019-08-30T08:25:13+00:00","mainEntityOfPage":{"@id":"https:\/\/www.mzone.cz\/blog-mohla-by-byt-prezidentem-pani-zemanova\/"},"wordCount":414,"commentCount":0,"image":{"@id":"https:\/\/www.mzone.cz\/blog-mohla-by-byt-prezidentem-pani-zemanova\/#primaryimage"},"thumbnailUrl":"https:\/\/www.mzone.cz\/wp-content\/uploads\/2019\/02\/blog_zemanova.jpg","keywords":["adeptka","Blog","Daniela Zemanov\u00e1","favoritka","Ji\u0159\u00ed \u010cepel\u00e1k","justice","politika","prezidentka","schopnosti","Soudcovsk\u00e1 unie","soudy"],"articleSection":["Blog"],"inLanguage":"en-US","potentialAction":[{"@type":"CommentAction","name":"Comment","target":["https:\/\/www.mzone.cz\/blog-mohla-by-byt-prezidentem-pani-zemanova\/#respond"]}]},{"@type":"WebPage","@id":"https:\/\/www.mzone.cz\/blog-mohla-by-byt-prezidentem-pani-zemanova\/","url":"https:\/\/www.mzone.cz\/blog-mohla-by-byt-prezidentem-pani-zemanova\/","name":"Blog: Mohla by b\u00fdt prezidentem pan\u00ed Zemanov\u00e1? - Mzone","isPartOf":{"@id":"https:\/\/www.mzone.cz\/#website"},"primaryImageOfPage":{"@id":"https:\/\/www.mzone.cz\/blog-mohla-by-byt-prezidentem-pani-zemanova\/#primaryimage"},"image":{"@id":"https:\/\/www.mzone.cz\/blog-mohla-by-byt-prezidentem-pani-zemanova\/#primaryimage"},"thumbnailUrl":"https:\/\/www.mzone.cz\/wp-content\/uploads\/2019\/02\/blog_zemanova.jpg","datePublished":"2019-02-17T17:00:37+00:00","dateModified":"2019-08-30T08:25:13+00:00","author":{"@id":"https:\/\/www.mzone.cz\/#\/schema\/person\/9bc20cc422a99cac4af6ff9297da32d4"},"description":"Byl to takov\u00fd n\u00e1hl\u00fd n\u00e1pad, kter\u00fd se zm\u011bnil v\u00a0sen. Jist\u011b\u017ee nem\u00edn\u00edm man\u017eelku sou\u010dasn\u00e9 hlavy st\u00e1tu. Prezidentku Soudcovsk\u00e9 unie \u010cesk\u00e9 republiky Danielu Zemanovou jsem poprv\u00e9 p\u0159ed \u010dasem sledoval ve ve\u0159ejnopr\u00e1vn\u00ed televizi.","breadcrumb":{"@id":"https:\/\/www.mzone.cz\/blog-mohla-by-byt-prezidentem-pani-zemanova\/#breadcrumb"},"inLanguage":"en-US","potentialAction":[{"@type":"ReadAction","target":["https:\/\/www.mzone.cz\/blog-mohla-by-byt-prezidentem-pani-zemanova\/"]}]},{"@type":"ImageObject","inLanguage":"en-US","@id":"https:\/\/www.mzone.cz\/blog-mohla-by-byt-prezidentem-pani-zemanova\/#primaryimage","url":"https:\/\/www.mzone.cz\/wp-content\/uploads\/2019\/02\/blog_zemanova.jpg","contentUrl":"https:\/\/www.mzone.cz\/wp-content\/uploads\/2019\/02\/blog_zemanova.jpg","width":1667,"height":1121},{"@type":"BreadcrumbList","@id":"https:\/\/www.mzone.cz\/blog-mohla-by-byt-prezidentem-pani-zemanova\/#breadcrumb","itemListElement":[{"@type":"ListItem","position":1,"name":"Dom\u016f","item":"https:\/\/www.mzone.cz\/"},{"@type":"ListItem","position":2,"name":"Blog: Mohla by b\u00fdt prezidentem pan\u00ed Zemanov\u00e1?"}]},{"@type":"WebSite","@id":"https:\/\/www.mzone.cz\/#website","url":"https:\/\/www.mzone.cz\/","name":"Mzone","description":"Magaz\u00edn nejen pro mu\u017ee","potentialAction":[{"@type":"SearchAction","target":{"@type":"EntryPoint","urlTemplate":"https:\/\/www.mzone.cz\/?s={search_term_string}"},"query-input":{"@type":"PropertyValueSpecification","valueRequired":true,"valueName":"search_term_string"}}],"inLanguage":"en-US"},{"@type":"Person","@id":"https:\/\/www.mzone.cz\/#\/schema\/person\/9bc20cc422a99cac4af6ff9297da32d4","name":"Mzone","image":{"@type":"ImageObject","inLanguage":"en-US","@id":"https:\/\/secure.gravatar.com\/avatar\/e780a8630f3182a3d06dd667ab6bea151a0d155b0951bc15fe22633acdac0676?s=96&d=mm&r=g","url":"https:\/\/secure.gravatar.com\/avatar\/e780a8630f3182a3d06dd667ab6bea151a0d155b0951bc15fe22633acdac0676?s=96&d=mm&r=g","contentUrl":"https:\/\/secure.gravatar.com\/avatar\/e780a8630f3182a3d06dd667ab6bea151a0d155b0951bc15fe22633acdac0676?s=96&d=mm&r=g","caption":"Mzone"},"url":"https:\/\/www.mzone.cz\/en\/author\/jakub\/"}]}},"_links":{"self":[{"href":"https:\/\/www.mzone.cz\/en\/wp-json\/wp\/v2\/posts\/4114","targetHints":{"allow":["GET"]}}],"collection":[{"href":"https:\/\/www.mzone.cz\/en\/wp-json\/wp\/v2\/posts"}],"about":[{"href":"https:\/\/www.mzone.cz\/en\/wp-json\/wp\/v2\/types\/post"}],"author":[{"embeddable":true,"href":"https:\/\/www.mzone.cz\/en\/wp-json\/wp\/v2\/users\/4"}],"replies":[{"embeddable":true,"href":"https:\/\/www.mzone.cz\/en\/wp-json\/wp\/v2\/comments?post=4114"}],"version-history":[{"count":1,"href":"https:\/\/www.mzone.cz\/en\/wp-json\/wp\/v2\/posts\/4114\/revisions"}],"predecessor-version":[{"id":12614,"href":"https:\/\/www.mzone.cz\/en\/wp-json\/wp\/v2\/posts\/4114\/revisions\/12614"}],"wp:featuredmedia":[{"embeddable":true,"href":"https:\/\/www.mzone.cz\/en\/wp-json\/wp\/v2\/media\/4115"}],"wp:attachment":[{"href":"https:\/\/www.mzone.cz\/en\/wp-json\/wp\/v2\/media?parent=4114"}],"wp:term":[{"taxonomy":"category","embeddable":true,"href":"https:\/\/www.mzone.cz\/en\/wp-json\/wp\/v2\/categories?post=4114"},{"taxonomy":"post_tag","embeddable":true,"href":"https:\/\/www.mzone.cz\/en\/wp-json\/wp\/v2\/tags?post=4114"}],"curies":[{"name":"wp","href":"https:\/\/api.w.org\/{rel}","templated":true}]}}