{"id":41175,"date":"2023-07-13T05:00:00","date_gmt":"2023-07-13T03:00:00","guid":{"rendered":"https:\/\/www.mzone.cz\/?p=41175"},"modified":"2023-07-10T20:12:42","modified_gmt":"2023-07-10T18:12:42","slug":"kdyz-vas-dychani-muze-zabit-da-se-vubec-celit-znecistenemu-ovzdusi","status":"publish","type":"post","link":"https:\/\/www.mzone.cz\/en\/kdyz-vas-dychani-muze-zabit-da-se-vubec-celit-znecistenemu-ovzdusi\/","title":{"rendered":"Kdy\u017e v\u00e1s d\u00fdch\u00e1n\u00ed m\u016f\u017ee zab\u00edt: D\u00e1 se v\u016fbec \u010delit zne\u010di\u0161t\u011bn\u00e9mu ovzdu\u0161\u00ed?"},"content":{"rendered":"<p><strong>Celosv\u011btov\u011b m\u00e1 rakovina na sv\u011bdom\u00ed t\u00e9m\u011b\u0159 60 % v\u0161ech \u00famrt\u00ed, p\u0159i\u010dem\u017e nejv\u011bt\u0161\u00ed nebezpe\u010d\u00ed p\u0159edstavuje rakovina plic. Jenom v\u202froce 2020 na ni v\u202f\u010cesk\u00e9 republice zem\u0159elo v\u00edce ne\u017e p\u011bt tis\u00edc lid\u00ed, a to i p\u0159es ve\u0161ker\u00e9 snahy l\u00e9ka\u0159\u016f a politik\u016f znesnadnit lidem kou\u0159en\u00ed cigaret. Tento ne\u0161var m\u00e1 na sv\u011bdom\u00ed drtivou v\u011bt\u0161inu v\u0161ech zhoubn\u00fdch novotvar\u016f plic a pr\u016fdu\u0161ek, p\u0159esto se v\u017edy jednou za deset p\u0159\u00edpad\u016f vyskytne n\u00e1dor u \u010dlov\u011bka, kter\u00fd v\u202f\u017eivot\u011b nevzal cigaretu do \u00fast \u2013 a ani ne\u017eil v ku\u0159\u00e1ck\u00e9 rodin\u011b. P\u0159ibli\u017en\u011b 10 % p\u0159\u00edpad\u016f rakoviny plic v Evrop\u011b je toti\u017e podle analytick\u00fdch dat Evropsk\u00e9 agentury pro \u017eivotn\u00ed prost\u0159ed\u00ed spojeno se zne\u010di\u0161t\u011bn\u00fdm ovzdu\u0161\u00edm. M\u016f\u017eeme se mu n\u011bjak br\u00e1nit, nebo ho dokonce za\u010d\u00edt aktivn\u011b \u010distit?<\/strong><\/p><br>\n\n\n\n<h2 class=\"wp-block-heading\">Za \u0161pinav\u00fd vzduch si m\u016f\u017eeme z velk\u00e9 \u010d\u00e1sti sami<\/h2>\n\n\n\n<p>\u201eZa posledn\u00edch deset let se ovzdu\u0161\u00ed v\u202f\u010cech\u00e1ch rapidn\u011b zlep\u0161ilo. Pod\u011bkovat m\u016f\u017eeme nejen technologick\u00e9mu pokroku, ale tak\u00e9 st\u00e1tu za to, \u017ee dohl\u00ed\u017e\u00ed na ty nejv\u011bt\u0161\u00ed zne\u010di\u0161\u0165ovatele,\u201c uv\u00e1d\u00ed pro vzd\u011bl\u00e1vac\u00ed platformu Plice.online p\u0159edseda neziskov\u00e9ho spolku Senzorvzduchu Michael La\u017ean. Jedn\u00edm dechem v\u0161ak dod\u00e1v\u00e1: \u201eZa zne\u010di\u0161t\u011bn\u00ed t\u011bmi nejmen\u0161\u00edmi \u010d\u00e1sticemi jsou nicm\u00e9n\u011b a\u017e ze sedmdes\u00e1ti procent odpov\u011bdn\u00e9 dom\u00e1cnosti.\u201c Mo\u017en\u00e1 v\u00e1s napad\u00e1, \u017ee zmi\u0148ovan\u00e9 \u201enejmen\u0161\u00ed \u010d\u00e1stice\u201d nebudou p\u0159edstavovat tak velk\u00fd probl\u00e9m. Ve skute\u010dnosti se v\u0161ak tyto prachov\u00e9 \u010d\u00e1stice dostanou \u00fapln\u011b v\u0161ude \u2013 bohu\u017eel i do lidsk\u00fdch plic. Ale kde se ve vzduchu berou?<\/p><br>\n\n\n\n<figure class=\"wp-block-image\"><img decoding=\"async\" src=\"https:\/\/www.mzone.cz\/wp-content\/uploads\/2023\/07\/pexels-elAna-arA\u0081ja-3401354-1024x643.jpg\" alt=\"Zne\u010di\u0161t\u011bn\u00ed ovzdu\u0161\u00ed\"\/><\/figure><br>\n\n\n\n<h2 class=\"wp-block-heading\">Ve smogu \u017eije p\u0159es 90 % v\u0161ech lid\u00ed na sv\u011bt\u011b<\/h2>\n\n\n\n<p>Slou\u010deniny uhl\u00edku, s\u00edry a dus\u00edky, kter\u00e9 se skrze pl\u00edce dost\u00e1vaj\u00ed do na\u0161ich t\u011bl, pochopiteln\u011b vznikaj\u00ed i p\u0159\u00edrodn\u00edmi procesy, stejn\u011b jako t\u0159eba prach ze skal a p\u00edsku. Lidsk\u00e1 \u010dinnost, a to nejen spalov\u00e1n\u00ed fosiln\u00edch paliv, ale i mnoho dal\u0161\u00edch technologick\u00fdch proces\u016f, v\u0161ak koncentraci t\u011bchto \u010d\u00e1stic v\u202fovzdu\u0161\u00ed mnohon\u00e1sobn\u011b zv\u00fd\u0161ila. Souhrnn\u011b je naz\u00fdv\u00e1me ozna\u010den\u00edm PM2,5, proto\u017ee maj\u00ed v\u202fpr\u016fm\u011bru dva a p\u016fl mikrometru \u2013 t\u0159icetkr\u00e1t m\u00e9n\u011b, ne\u017e kolik na \u0161\u00ed\u0159ku m\u011b\u0159\u00ed pr\u016fm\u011brn\u00fd lidsk\u00fd vlas! Jak v\u016fbec dok\u00e1\u017eeme zm\u011b\u0159it, kolik prachu ve\u00a0vzduchu poletuje, kdy\u017e je tak tit\u011brn\u00fd? \u0158e\u0161en\u00edm m\u016f\u017ee b\u00fdt senzor pevn\u00fdch \u010d\u00e1stic, kter\u00fd nen\u00ed t\u011b\u017ek\u00e9 sestavit sv\u00e9pomoc\u00ed. Pr\u00e1v\u011b <a href=\"https:\/\/www.senzorvzduchu.cz\/\" target=\"_blank\" rel=\"noreferrer noopener\">spolek Senzorvzduchu<\/a> poskytuje praktick\u00fd n\u00e1vod, jak takov\u00e9 za\u0159\u00edzen\u00ed sestrojit: bu\u010f z p\u0159edp\u0159ipraven\u00e9 sestavy anebo po \u010desku \u2013 \u00fapln\u011b od nuly ze z\u00e1kladn\u00edch sou\u010d\u00e1stek. Ka\u017ed\u00fd se tak m\u016f\u017ee p\u0159idat ke komunit\u011b tis\u00edc\u016f amat\u00e9rsk\u00fdch m\u011b\u0159i\u010d\u016f zne\u010di\u0161t\u011bn\u00ed vzduchu po cel\u00e9 Evrop\u011b.<\/p><br>\n\n\n\n<h2 class=\"wp-block-heading\">Mikroskopick\u00e9 \u010d\u00e1stice<\/h2>\n\n\n\n<p>Institut Francise Cricka, nejv\u011bt\u0161\u00ed biomedic\u00ednsk\u00e1 laborato\u0159 v Evrop\u011b, p\u0159i\u0161el s dal\u0161\u00edm p\u0159evratn\u00fdm zji\u0161t\u011bn\u00edm. V\u011bdci se a\u017e doned\u00e1vna domn\u00edvali, \u017ee pevn\u00e9 \u010d\u00e1stice poletuj\u00edc\u00ed ve vzduchu p\u0159\u00edmo zp\u016fsobuj\u00ed genetick\u00e9 mutace (a posl\u00e9ze rakovinu) p\u0159i kontaktu s lidsk\u00fdmi bu\u0148kami, podobn\u011b se to d\u011bje u l\u00e1tek obsa\u017een\u00fdch v cigaretov\u00e9m kou\u0159i.<\/p>\n\n\n\n<blockquote class=\"wp-block-quote is-layout-flow wp-block-quote-is-layout-flow\">\n<p>Jejich v\u00fdzkum v\u0161ak nasv\u011bd\u010duje sp\u00ed\u0161e tomu, \u017ee n\u011bkter\u00e9 lidsk\u00e9 bu\u0148ky, kter\u00e9 toho u\u017e maj\u00ed hodn\u011b od\u017eito, jsou zkr\u00e1tka n\u00e1chyln\u011bj\u0161\u00ed ke genetick\u00fdm mutac\u00edm. Pak u\u017e jim sta\u010d\u00ed jenom \u201edrobn\u00e9 po\u0161\u0165ouchnut\u00ed\u201c, aby za\u010daly nekontrolovateln\u011b r\u016fst a prom\u011bnily se ve zhoubn\u00fd n\u00e1dor.<\/p>\n<\/blockquote>\n\n\n\n<p>Pozitivn\u00ed str\u00e1nkou tohoto objevu je skute\u010dnost, \u017ee zne\u010di\u0161t\u011bn\u00ed vzduchu p\u0159edstavuje men\u0161\u00ed riziko ne\u017e kou\u0159en\u00ed, a nav\u00edc existuje nad\u011bje, \u017ee bychom d\u00edky nov\u011b objeven\u00fdm protiz\u00e1n\u011btliv\u00fdm l\u00e9k\u016fm mohli zabr\u00e1nit rakovinn\u00e9mu bujen\u00ed. Tou \u0161patnou zpr\u00e1vou z\u016fst\u00e1v\u00e1, \u017ee mikroskopick\u00e9 \u010d\u00e1stice ze spalovac\u00edch motor\u016f krom\u011b rakoviny zp\u016fsobuj\u00ed tak\u00e9 dal\u0161\u00ed onemocn\u011bn\u00ed d\u00fdchac\u00edho \u00fastroj\u00ed, nap\u0159. astma nebo chronickou obstruk\u010dn\u00ed plicn\u00ed nemoc, a dokonce um\u00ed proniknout i hloub\u011bji do t\u011bla a p\u00e1chat \u0161kody tak\u00e9 v srdci a mozku.<\/p><br>\n\n\n\n<figure class=\"wp-block-image size-large\"><img loading=\"lazy\" decoding=\"async\" width=\"1024\" height=\"437\" src=\"https:\/\/www.mzone.cz\/wp-content\/uploads\/2023\/07\/city-ged57794be_1280-1024x437.jpg\" alt=\"Smog\" class=\"wp-image-41187\" srcset=\"https:\/\/www.mzone.cz\/wp-content\/uploads\/2023\/07\/city-ged57794be_1280-1024x437.jpg 1024w, https:\/\/www.mzone.cz\/wp-content\/uploads\/2023\/07\/city-ged57794be_1280-300x128.jpg 300w, https:\/\/www.mzone.cz\/wp-content\/uploads\/2023\/07\/city-ged57794be_1280-768x328.jpg 768w, https:\/\/www.mzone.cz\/wp-content\/uploads\/2023\/07\/city-ged57794be_1280-18x8.jpg 18w, https:\/\/www.mzone.cz\/wp-content\/uploads\/2023\/07\/city-ged57794be_1280-590x252.jpg 590w, https:\/\/www.mzone.cz\/wp-content\/uploads\/2023\/07\/city-ged57794be_1280.jpg 1280w\" sizes=\"auto, (max-width: 1024px) 100vw, 1024px\" \/><\/figure><br>\n\n\n\n<h2 class=\"wp-block-heading\">Boj proti zne\u010di\u0161t\u011bn\u00ed ovzdu\u0161\u00ed<\/h2>\n\n\n\n<p>Alarmuj\u00edc\u00ed data z dlouhodob\u00e9ho m\u011b\u0159en\u00ed zne\u010di\u0161t\u011bn\u00ed ovzdu\u0161\u00ed dal\u0161\u00edm \u0161kodliv\u00fdm polutantem, kter\u00fdm je NO2, v Praze v roce 2022 odhaluj\u00ed, \u017ee v\u0161echny stanice p\u0159ekro\u010dily doporu\u010den\u00e9 limity Sv\u011btov\u00e9 zdravotnick\u00e9 organizace. Abychom v \u010cR zabr\u00e1nili 500 zbyte\u010dn\u00fdch \u00famrt\u00ed ro\u010dn\u011b, je pot\u0159eba sn\u00ed\u017eit emise. Ke zlep\u0161en\u00ed kvality ovzdu\u0161\u00ed mohou p\u0159isp\u011bt i jednotlivci \u2013 t\u00edm, \u017ee se budou zaj\u00edmat, jak se chr\u00e1nit p\u0159ed smogem, jak omezit auta a jak aktivn\u011b vyjedn\u00e1vat se samospr\u00e1vou.<\/p>\n\n\n\n<blockquote class=\"wp-block-quote is-layout-flow wp-block-quote-is-layout-flow\">\n<p>\u201eV\u00e1\u017en\u00fdm probl\u00e9mem ve velk\u00fdch m\u011bstech je nar\u016fstaj\u00edc\u00ed automobilov\u00e1 doprava. Konkr\u00e9tn\u011b v\u202fPraze u\u017e je v\u00edc aut ne\u017e obyvatel,\u201c vysv\u011btluje La\u017ean.\u00a0<\/p>\n<\/blockquote>\n\n\n\n<p>\u201eV\u202fpr\u016fb\u011bhu cel\u00e9ho roku 2022 jsme prov\u00e1d\u011bli v\u202fPraze dvacet dlouhodob\u00fdch m\u011b\u0159en\u00ed zne\u010di\u0161t\u011bn\u00edm NO2,\u201d popisuje d\u00e1le pr\u00e1ci spolku jeho p\u0159edseda. \u201e\u010ctrn\u00e1ct m\u011b\u0159ic\u00edch stanic p\u0159ekro\u010dilo \u010deskou z\u00e1konnou normu 40 mikrogram\u016f na metr krychlov\u00fd, p\u0159i\u010dem\u017e Sv\u011btov\u00e1 zdravotnick\u00e1 organizace doporu\u010duje, aby ro\u010dn\u00ed pr\u016fm\u011br nep\u0159esahoval 10 \u03bcm\/m3. Tento limit bohu\u017eel p\u0159ekro\u010dily v\u0161echny stanice,\u201d vysv\u011btluje nam\u011b\u0159en\u00e9 hodnoty. \u010cesk\u00e1 republika v tomto ohledu nen\u00ed v\u00fdjimkou \u2013 Sv\u011btov\u00e1 zdravotnick\u00e1 organizace (WHO) uv\u00e1d\u00ed, \u017ee v m\u00edstech s p\u0159ekro\u010den\u00fdmi limity zne\u010di\u0161t\u011bn\u00ed ovzdu\u0161\u00ed \u017eije 90 % sv\u011btov\u00e9 populace a lond\u00fdnsk\u00fd Institut Francise Cricka dokonce odhaduje, \u017ee je toto procento je\u0161t\u011b vy\u0161\u0161\u00ed!<\/p><br>\n\n\n\n<figure class=\"wp-block-image size-large\"><img loading=\"lazy\" decoding=\"async\" width=\"1024\" height=\"682\" src=\"https:\/\/www.mzone.cz\/wp-content\/uploads\/2023\/07\/Smog-1-1024x682.jpg\" alt=\"\u0160pinav\u00e9 ovzdu\u0161\u00ed\" class=\"wp-image-41190\" srcset=\"https:\/\/www.mzone.cz\/wp-content\/uploads\/2023\/07\/Smog-1-1024x682.jpg 1024w, https:\/\/www.mzone.cz\/wp-content\/uploads\/2023\/07\/Smog-1-300x200.jpg 300w, https:\/\/www.mzone.cz\/wp-content\/uploads\/2023\/07\/Smog-1-768x512.jpg 768w, https:\/\/www.mzone.cz\/wp-content\/uploads\/2023\/07\/Smog-1-18x12.jpg 18w, https:\/\/www.mzone.cz\/wp-content\/uploads\/2023\/07\/Smog-1-800x533.jpg 800w, https:\/\/www.mzone.cz\/wp-content\/uploads\/2023\/07\/Smog-1-400x267.jpg 400w, https:\/\/www.mzone.cz\/wp-content\/uploads\/2023\/07\/Smog-1-500x333.jpg 500w, https:\/\/www.mzone.cz\/wp-content\/uploads\/2023\/07\/Smog-1-1170x780.jpg 1170w, https:\/\/www.mzone.cz\/wp-content\/uploads\/2023\/07\/Smog-1-590x393.jpg 590w, https:\/\/www.mzone.cz\/wp-content\/uploads\/2023\/07\/Smog-1.jpg 1280w\" sizes=\"auto, (max-width: 1024px) 100vw, 1024px\" \/><\/figure><br>\n\n\n\n<h2 class=\"wp-block-heading\">P\u0159ed smogem nejsou chr\u00e1n\u011bni ani \u0159idi\u010di uvnit\u0159 aut<\/h2>\n\n\n\n<p>S t\u00edm se p\u0159ece mus\u00ed n\u011bco ud\u011blat, \u0159\u00edk\u00e1te si mo\u017en\u00e1. A skute\u010dn\u011b, pokud bychom na cel\u00e9 Zemi sn\u00ed\u017eili emise tak, abychom se ve\u0161li do sm\u011brnice ud\u00e1van\u00e9 WHO, dok\u00e1zali bychom zabr\u00e1nit v\u00edce ne\u017e t\u0159em milion\u016fm zbyte\u010dn\u00fdch \u00famrt\u00ed ro\u010dn\u011b. Ne\u010dekejte, a\u017e se chemick\u00e9 tov\u00e1rny, uheln\u00e9 elektr\u00e1rny a automobilky rozhoupou, a za\u010dn\u011bte chr\u00e1nit svoje zdrav\u00ed sami.<\/p>\n\n\n\n<blockquote class=\"wp-block-quote is-layout-flow wp-block-quote-is-layout-flow\">\n<p>L\u00e9ka\u0159i doporu\u010duj\u00ed sna\u017eit se omezit sv\u016fj pohyb po ulic\u00edch s intenzivn\u00edm automobilov\u00fdm provozem a rozhodn\u011b nevyv\u00edjet v bl\u00edzkosti takov\u00e9 silnice \u017e\u00e1dnou zv\u00fd\u0161enou fyzickou n\u00e1mahu.<\/p>\n<\/blockquote>\n\n\n\n<p>Ostatn\u011b vysok\u00e9 koncentrace vdechuj\u00ed tak\u00e9 \u0159idi\u010di a pasa\u017e\u00e9\u0159i vozidel, kter\u00e1 po siln\u011b zamo\u0159en\u00e9 silnici jezd\u00ed. I kdy\u017e nepl\u00e1nujete vych\u00e1zku pod\u00e9l d\u00e1lnice, stejn\u011b se vyplat\u00ed ve v\u011bt\u0161\u00edch m\u011bstech zkontrolovat p\u0159edpov\u011b\u010f po\u010das\u00ed, konkr\u00e9tn\u011b hodnotu <a href=\"https:\/\/www.chmi.cz\/aktualni-situace\/stav-ovzdusi\/prehled-stavu-ovzdusi\" target=\"_blank\" rel=\"noopener\">AQI (index kvality ovzdu\u0161\u00ed)<\/a>, kter\u00e1 by se m\u011bla pohybovat mezi nulou a pades\u00e1tkou. Pokud p\u0159es\u00e1hne stovku, nejl\u00e9pe ud\u011bl\u00e1te, kdy\u017e zav\u0159ete okna a budete se co nejv\u00edce zdr\u017eovat v interi\u00e9rech.<br><\/p><br>\n\n\n\n<figure class=\"wp-block-image size-large\"><img loading=\"lazy\" decoding=\"async\" width=\"1024\" height=\"682\" src=\"https:\/\/www.mzone.cz\/wp-content\/uploads\/2023\/07\/pexels-oleksandr-canary-islands-376729-1024x682.jpg\" alt=\"U\u0161et\u0159eni nejsou ani \u0159idi\u010di\" class=\"wp-image-41194\" srcset=\"https:\/\/www.mzone.cz\/wp-content\/uploads\/2023\/07\/pexels-oleksandr-canary-islands-376729-1024x682.jpg 1024w, https:\/\/www.mzone.cz\/wp-content\/uploads\/2023\/07\/pexels-oleksandr-canary-islands-376729-300x200.jpg 300w, https:\/\/www.mzone.cz\/wp-content\/uploads\/2023\/07\/pexels-oleksandr-canary-islands-376729-768x511.jpg 768w, https:\/\/www.mzone.cz\/wp-content\/uploads\/2023\/07\/pexels-oleksandr-canary-islands-376729-18x12.jpg 18w, https:\/\/www.mzone.cz\/wp-content\/uploads\/2023\/07\/pexels-oleksandr-canary-islands-376729-800x533.jpg 800w, https:\/\/www.mzone.cz\/wp-content\/uploads\/2023\/07\/pexels-oleksandr-canary-islands-376729-400x267.jpg 400w, https:\/\/www.mzone.cz\/wp-content\/uploads\/2023\/07\/pexels-oleksandr-canary-islands-376729-500x333.jpg 500w, https:\/\/www.mzone.cz\/wp-content\/uploads\/2023\/07\/pexels-oleksandr-canary-islands-376729-1170x780.jpg 1170w, https:\/\/www.mzone.cz\/wp-content\/uploads\/2023\/07\/pexels-oleksandr-canary-islands-376729-590x393.jpg 590w, https:\/\/www.mzone.cz\/wp-content\/uploads\/2023\/07\/pexels-oleksandr-canary-islands-376729.jpg 1280w\" sizes=\"auto, (max-width: 1024px) 100vw, 1024px\" \/><\/figure><br>\n\n\n\n<p>Z\u00e1v\u011brem je nutno p\u0159ipomenout, \u017ee a\u010dkoli smog p\u0159edstavuje pro lidsk\u00e9 zdrav\u00ed probl\u00e9m, nejv\u011bt\u0161\u00edm zdrojem respira\u010dn\u00edch onemocn\u011bn\u00ed a zabij\u00e1kem \u010d\u00edslo jedna z\u016fst\u00e1v\u00e1 kou\u0159en\u00ed. Jestli\u017ee v\u00edte, \u017ee \u017eijete rizikov\u011b \u2013 v tomto p\u0159\u00edpad\u011b sta\u010d\u00ed bydlet ve m\u011bst\u011b a ob\u010das si zap\u00e1lit \u2013 zamyslete se, co m\u016f\u017eete ud\u011blat pro svoje zdrav\u00ed. Do bytu si kupte \u010disti\u010dku vzduchu a nesty\u010fte se pod\u00e9l ru\u0161n\u00fdch silnic chodit s respir\u00e1torem. Pro dlouholet\u00e9 ku\u0159\u00e1ky byl tak\u00e9 spu\u0161t\u011bn program \u010dasn\u00e9ho z\u00e1chytu rakoviny plic, ale na doporu\u010den\u00ed l\u00e9ka\u0159e jej mohou vyu\u017e\u00edt i osoby \u017eij\u00edc\u00ed v oblastech s vy\u0161\u0161\u00edm zne\u010di\u0161t\u011bn\u00edm ovzdu\u0161\u00ed. T\u011bm, kte\u0159\u00ed sv\u00e9 podn\u011bty r\u00e1di \u017eenou v\u00fd\u0161, doporu\u010dujeme sestavit si senzor pevn\u00fdch \u010d\u00e1stic a apelovat na zastupitelstvo, a\u0165 podnikne kroky ke sn\u00ed\u017een\u00ed zne\u010di\u0161t\u011bn\u00ed. V\u0161ichni si p\u0159ece zaslou\u017e\u00edme d\u00fdchat voln\u011b, beze strachu, \u017ee si t\u00edm po\u0161kod\u00edme pl\u00edce a pr\u016fdu\u0161ky.<\/p><br>\n\n\n\n<div class=\"wp-block-media-text alignwide is-stacked-on-mobile is-vertically-aligned-top\" style=\"grid-template-columns:22% auto\"><figure class=\"wp-block-media-text__media\"><a href=\"https:\/\/www.mzone.cz\/nicime-nasimi-auty-planetu-emise-spalovaciho-motoru-nejsou-cernobyl\/\"><img loading=\"lazy\" decoding=\"async\" width=\"1024\" height=\"682\" src=\"https:\/\/www.mzone.cz\/wp-content\/uploads\/2019\/10\/Depositphotos_54059313_l-2015-1024x682.jpg\" alt=\"\" class=\"wp-image-11663 size-full\" srcset=\"https:\/\/www.mzone.cz\/wp-content\/uploads\/2019\/10\/Depositphotos_54059313_l-2015-1024x682.jpg 1024w, https:\/\/www.mzone.cz\/wp-content\/uploads\/2019\/10\/Depositphotos_54059313_l-2015-300x200.jpg 300w, https:\/\/www.mzone.cz\/wp-content\/uploads\/2019\/10\/Depositphotos_54059313_l-2015-768x512.jpg 768w, https:\/\/www.mzone.cz\/wp-content\/uploads\/2019\/10\/Depositphotos_54059313_l-2015-800x533.jpg 800w, https:\/\/www.mzone.cz\/wp-content\/uploads\/2019\/10\/Depositphotos_54059313_l-2015-400x267.jpg 400w, https:\/\/www.mzone.cz\/wp-content\/uploads\/2019\/10\/Depositphotos_54059313_l-2015-500x333.jpg 500w, https:\/\/www.mzone.cz\/wp-content\/uploads\/2019\/10\/Depositphotos_54059313_l-2015-1170x780.jpg 1170w, https:\/\/www.mzone.cz\/wp-content\/uploads\/2019\/10\/Depositphotos_54059313_l-2015-590x393.jpg 590w, https:\/\/www.mzone.cz\/wp-content\/uploads\/2019\/10\/Depositphotos_54059313_l-2015.jpg 2000w\" sizes=\"auto, (max-width: 1024px) 100vw, 1024px\" \/><\/a><\/figure><div class=\"wp-block-media-text__content\">\n<h4 class=\"wp-block-heading\"><a href=\"https:\/\/www.mzone.cz\/nicime-nasimi-auty-planetu-emise-spalovaciho-motoru-nejsou-cernobyl\/\">Ni\u010d\u00edme na\u0161imi auty planetu? Emise spalovac\u00edho motoru nejsou \u010cernobyl!<\/a><\/h4><br>\n<\/div><\/div>","protected":false},"excerpt":{"rendered":"<p>Celosv\u011btov\u011b m\u00e1 rakovina na sv\u011bdom\u00ed t\u00e9m\u011b\u0159 60 % v\u0161ech \u00famrt\u00ed, p\u0159i\u010dem\u017e nejv\u011bt\u0161\u00ed nebezpe\u010d\u00ed p\u0159edstavuje rakovina plic. Jenom v\u202froce 2020 na ni v\u202f\u010cesk\u00e9 republice zem\u0159elo v\u00edce ne\u017e p\u011bt tis\u00edc lid\u00ed, a to i p\u0159es ve\u0161ker\u00e9 snahy l\u00e9ka\u0159\u016f a politik\u016f znesnadnit lidem kou\u0159en\u00ed cigaret. Tento ne\u0161var m\u00e1 na sv\u011bdom\u00ed drtivou v\u011bt\u0161inu v\u0161ech zhoubn\u00fdch novotvar\u016f plic a pr\u016fdu\u0161ek, [&hellip;]<\/p>\n","protected":false},"author":4,"featured_media":41179,"comment_status":"open","ping_status":"closed","sticky":false,"template":"","format":"standard","meta":{"kk_blocks_editor_width":"","_kiokenblocks_attr":"","_kiokenblocks_dimensions":"","footnotes":""},"categories":[386,25,67,62],"tags":[593,4891,2610,2608,3428,502,2014,5938,5543,287,1389,5940,5939,490,35,5672,149,2609,4118],"class_list":["post-41175","post","type-post","status-publish","format-standard","has-post-thumbnail","hentry","category-bez-obalu","category-style","category-veda","category-zdravi","tag-bez-obalu","tag-dychani","tag-ekologie","tag-emise","tag-koureni","tag-nemoc","tag-nemoci","tag-ovzdusi","tag-plice","tag-prevence","tag-rakovina","tag-smog","tag-spinavy-vzduch","tag-style","tag-veda","tag-vzduch","tag-zdravi","tag-zivotni-prostredi","tag-znecisteni"],"yoast_head":"<!-- This site is optimized with the Yoast SEO plugin v27.5 - https:\/\/yoast.com\/product\/yoast-seo-wordpress\/ -->\n<title>Kdy\u017e v\u00e1s d\u00fdch\u00e1n\u00ed m\u016f\u017ee zab\u00edt: D\u00e1 se v\u016fbec \u010delit zne\u010di\u0161t\u011bn\u00e9mu ovzdu\u0161\u00ed? - Mzone<\/title>\n<meta name=\"description\" content=\"Celosv\u011btov\u011b m\u00e1 rakovina na sv\u011bdom\u00ed t\u00e9m\u011b\u0159 60 % v\u0161ech \u00famrt\u00ed, p\u0159i\u010dem\u017e nejv\u011bt\u0161\u00ed nebezpe\u010d\u00ed p\u0159edstavuje rakovina plic. Jenom v\u202froce 2020 na ni v\u202f\u010cesk\u00e9 republice zem\u0159elo v\u00edce ne\u017e p\u011bt tis\u00edc lid\u00ed, a to i p\u0159es ve\u0161ker\u00e9 snahy l\u00e9ka\u0159\u016f a politik\u016f znesnadnit lidem kou\u0159en\u00ed cigaret. Tento ne\u0161var m\u00e1 na sv\u011bdom\u00ed drtivou v\u011bt\u0161inu v\u0161ech zhoubn\u00fdch novotvar\u016f plic a pr\u016fdu\u0161ek, p\u0159esto se v\u017edy jednou za deset p\u0159\u00edpad\u016f vyskytne n\u00e1dor u \u010dlov\u011bka, kter\u00fd v\u202f\u017eivot\u011b nevzal cigaretu do \u00fast \u2013 a ani ne\u017eil v ku\u0159\u00e1ck\u00e9 rodin\u011b. P\u0159ibli\u017en\u011b 10 % p\u0159\u00edpad\u016f rakoviny plic v Evrop\u011b je toti\u017e podle analytick\u00fdch dat Evropsk\u00e9 agentury pro \u017eivotn\u00ed prost\u0159ed\u00ed spojeno se zne\u010di\u0161t\u011bn\u00fdm ovzdu\u0161\u00edm.\" \/>\n<meta name=\"robots\" content=\"index, follow, max-snippet:-1, max-image-preview:large, max-video-preview:-1\" \/>\n<link rel=\"canonical\" href=\"https:\/\/www.mzone.cz\/en\/kdyz-vas-dychani-muze-zabit-da-se-vubec-celit-znecistenemu-ovzdusi\/\" \/>\n<meta property=\"og:locale\" content=\"en_US\" \/>\n<meta property=\"og:type\" content=\"article\" \/>\n<meta property=\"og:title\" content=\"Kdy\u017e v\u00e1s d\u00fdch\u00e1n\u00ed m\u016f\u017ee zab\u00edt: D\u00e1 se v\u016fbec \u010delit zne\u010di\u0161t\u011bn\u00e9mu ovzdu\u0161\u00ed? - Mzone\" \/>\n<meta property=\"og:description\" content=\"Celosv\u011btov\u011b m\u00e1 rakovina na sv\u011bdom\u00ed t\u00e9m\u011b\u0159 60 % v\u0161ech \u00famrt\u00ed, p\u0159i\u010dem\u017e nejv\u011bt\u0161\u00ed nebezpe\u010d\u00ed p\u0159edstavuje rakovina plic. Jenom v\u202froce 2020 na ni v\u202f\u010cesk\u00e9 republice zem\u0159elo v\u00edce ne\u017e p\u011bt tis\u00edc lid\u00ed, a to i p\u0159es ve\u0161ker\u00e9 snahy l\u00e9ka\u0159\u016f a politik\u016f znesnadnit lidem kou\u0159en\u00ed cigaret. Tento ne\u0161var m\u00e1 na sv\u011bdom\u00ed drtivou v\u011bt\u0161inu v\u0161ech zhoubn\u00fdch novotvar\u016f plic a pr\u016fdu\u0161ek, p\u0159esto se v\u017edy jednou za deset p\u0159\u00edpad\u016f vyskytne n\u00e1dor u \u010dlov\u011bka, kter\u00fd v\u202f\u017eivot\u011b nevzal cigaretu do \u00fast \u2013 a ani ne\u017eil v ku\u0159\u00e1ck\u00e9 rodin\u011b. P\u0159ibli\u017en\u011b 10 % p\u0159\u00edpad\u016f rakoviny plic v Evrop\u011b je toti\u017e podle analytick\u00fdch dat Evropsk\u00e9 agentury pro \u017eivotn\u00ed prost\u0159ed\u00ed spojeno se zne\u010di\u0161t\u011bn\u00fdm ovzdu\u0161\u00edm.\" \/>\n<meta property=\"og:url\" content=\"https:\/\/www.mzone.cz\/en\/kdyz-vas-dychani-muze-zabit-da-se-vubec-celit-znecistenemu-ovzdusi\/\" \/>\n<meta property=\"og:site_name\" content=\"Mzone\" \/>\n<meta property=\"article:publisher\" content=\"https:\/\/www.facebook.com\/MzoneCZ\/\" \/>\n<meta property=\"article:published_time\" content=\"2023-07-13T03:00:00+00:00\" \/>\n<meta property=\"og:image\" content=\"https:\/\/www.mzone.cz\/wp-content\/uploads\/2023\/07\/Smog.jpg\" \/>\n\t<meta property=\"og:image:width\" content=\"1920\" \/>\n\t<meta property=\"og:image:height\" content=\"1280\" \/>\n\t<meta property=\"og:image:type\" content=\"image\/jpeg\" \/>\n<meta name=\"author\" content=\"Mzone\" \/>\n<meta name=\"twitter:card\" content=\"summary_large_image\" \/>\n<meta name=\"twitter:label1\" content=\"Written by\" \/>\n\t<meta name=\"twitter:data1\" content=\"Mzone\" \/>\n\t<meta name=\"twitter:label2\" content=\"Est. reading time\" \/>\n\t<meta name=\"twitter:data2\" content=\"6 minutes\" \/>\n<script type=\"application\/ld+json\" class=\"yoast-schema-graph\">{\"@context\":\"https:\\\/\\\/schema.org\",\"@graph\":[{\"@type\":\"Article\",\"@id\":\"https:\\\/\\\/www.mzone.cz\\\/kdyz-vas-dychani-muze-zabit-da-se-vubec-celit-znecistenemu-ovzdusi\\\/#article\",\"isPartOf\":{\"@id\":\"https:\\\/\\\/www.mzone.cz\\\/kdyz-vas-dychani-muze-zabit-da-se-vubec-celit-znecistenemu-ovzdusi\\\/\"},\"author\":{\"name\":\"Mzone\",\"@id\":\"https:\\\/\\\/www.mzone.cz\\\/#\\\/schema\\\/person\\\/9bc20cc422a99cac4af6ff9297da32d4\"},\"headline\":\"Kdy\u017e v\u00e1s d\u00fdch\u00e1n\u00ed m\u016f\u017ee zab\u00edt: D\u00e1 se v\u016fbec \u010delit zne\u010di\u0161t\u011bn\u00e9mu ovzdu\u0161\u00ed?\",\"datePublished\":\"2023-07-13T03:00:00+00:00\",\"mainEntityOfPage\":{\"@id\":\"https:\\\/\\\/www.mzone.cz\\\/kdyz-vas-dychani-muze-zabit-da-se-vubec-celit-znecistenemu-ovzdusi\\\/\"},\"wordCount\":1425,\"commentCount\":1,\"image\":{\"@id\":\"https:\\\/\\\/www.mzone.cz\\\/kdyz-vas-dychani-muze-zabit-da-se-vubec-celit-znecistenemu-ovzdusi\\\/#primaryimage\"},\"thumbnailUrl\":\"https:\\\/\\\/www.mzone.cz\\\/wp-content\\\/uploads\\\/2023\\\/07\\\/Smog.jpg\",\"keywords\":[\"bez obalu\",\"d\u00fdch\u00e1n\u00ed\",\"ekologie\",\"emise\",\"kou\u0159en\u00ed\",\"nemoc\",\"nemoci\",\"ovzdu\u0161\u00ed\",\"pl\u00edce\",\"prevence\",\"rakovina\",\"smog\",\"\u0161pinav\u00fd vzduch\",\"style\",\"V\u011bda\",\"vzduch\",\"zdrav\u00ed\",\"\u017eivotn\u00ed prost\u0159ed\u00ed\",\"zne\u010di\u0161t\u011bn\u00ed\"],\"articleSection\":[\"Bez obalu\",\"Style\",\"V\u011bda\",\"Zdrav\u00ed\"],\"inLanguage\":\"en-US\",\"potentialAction\":[{\"@type\":\"CommentAction\",\"name\":\"Comment\",\"target\":[\"https:\\\/\\\/www.mzone.cz\\\/kdyz-vas-dychani-muze-zabit-da-se-vubec-celit-znecistenemu-ovzdusi\\\/#respond\"]}]},{\"@type\":\"WebPage\",\"@id\":\"https:\\\/\\\/www.mzone.cz\\\/kdyz-vas-dychani-muze-zabit-da-se-vubec-celit-znecistenemu-ovzdusi\\\/\",\"url\":\"https:\\\/\\\/www.mzone.cz\\\/kdyz-vas-dychani-muze-zabit-da-se-vubec-celit-znecistenemu-ovzdusi\\\/\",\"name\":\"Kdy\u017e v\u00e1s d\u00fdch\u00e1n\u00ed m\u016f\u017ee zab\u00edt: D\u00e1 se v\u016fbec \u010delit zne\u010di\u0161t\u011bn\u00e9mu ovzdu\u0161\u00ed? - Mzone\",\"isPartOf\":{\"@id\":\"https:\\\/\\\/www.mzone.cz\\\/#website\"},\"primaryImageOfPage\":{\"@id\":\"https:\\\/\\\/www.mzone.cz\\\/kdyz-vas-dychani-muze-zabit-da-se-vubec-celit-znecistenemu-ovzdusi\\\/#primaryimage\"},\"image\":{\"@id\":\"https:\\\/\\\/www.mzone.cz\\\/kdyz-vas-dychani-muze-zabit-da-se-vubec-celit-znecistenemu-ovzdusi\\\/#primaryimage\"},\"thumbnailUrl\":\"https:\\\/\\\/www.mzone.cz\\\/wp-content\\\/uploads\\\/2023\\\/07\\\/Smog.jpg\",\"datePublished\":\"2023-07-13T03:00:00+00:00\",\"author\":{\"@id\":\"https:\\\/\\\/www.mzone.cz\\\/#\\\/schema\\\/person\\\/9bc20cc422a99cac4af6ff9297da32d4\"},\"description\":\"Celosv\u011btov\u011b m\u00e1 rakovina na sv\u011bdom\u00ed t\u00e9m\u011b\u0159 60 % v\u0161ech \u00famrt\u00ed, p\u0159i\u010dem\u017e nejv\u011bt\u0161\u00ed nebezpe\u010d\u00ed p\u0159edstavuje rakovina plic. Jenom v\u202froce 2020 na ni v\u202f\u010cesk\u00e9 republice zem\u0159elo v\u00edce ne\u017e p\u011bt tis\u00edc lid\u00ed, a to i p\u0159es ve\u0161ker\u00e9 snahy l\u00e9ka\u0159\u016f a politik\u016f znesnadnit lidem kou\u0159en\u00ed cigaret. Tento ne\u0161var m\u00e1 na sv\u011bdom\u00ed drtivou v\u011bt\u0161inu v\u0161ech zhoubn\u00fdch novotvar\u016f plic a pr\u016fdu\u0161ek, p\u0159esto se v\u017edy jednou za deset p\u0159\u00edpad\u016f vyskytne n\u00e1dor u \u010dlov\u011bka, kter\u00fd v\u202f\u017eivot\u011b nevzal cigaretu do \u00fast \u2013 a ani ne\u017eil v ku\u0159\u00e1ck\u00e9 rodin\u011b. P\u0159ibli\u017en\u011b 10 % p\u0159\u00edpad\u016f rakoviny plic v Evrop\u011b je toti\u017e podle analytick\u00fdch dat Evropsk\u00e9 agentury pro \u017eivotn\u00ed prost\u0159ed\u00ed spojeno se zne\u010di\u0161t\u011bn\u00fdm ovzdu\u0161\u00edm.\",\"breadcrumb\":{\"@id\":\"https:\\\/\\\/www.mzone.cz\\\/kdyz-vas-dychani-muze-zabit-da-se-vubec-celit-znecistenemu-ovzdusi\\\/#breadcrumb\"},\"inLanguage\":\"en-US\",\"potentialAction\":[{\"@type\":\"ReadAction\",\"target\":[\"https:\\\/\\\/www.mzone.cz\\\/kdyz-vas-dychani-muze-zabit-da-se-vubec-celit-znecistenemu-ovzdusi\\\/\"]}]},{\"@type\":\"ImageObject\",\"inLanguage\":\"en-US\",\"@id\":\"https:\\\/\\\/www.mzone.cz\\\/kdyz-vas-dychani-muze-zabit-da-se-vubec-celit-znecistenemu-ovzdusi\\\/#primaryimage\",\"url\":\"https:\\\/\\\/www.mzone.cz\\\/wp-content\\\/uploads\\\/2023\\\/07\\\/Smog.jpg\",\"contentUrl\":\"https:\\\/\\\/www.mzone.cz\\\/wp-content\\\/uploads\\\/2023\\\/07\\\/Smog.jpg\",\"width\":1920,\"height\":1280,\"caption\":\"Smog\"},{\"@type\":\"BreadcrumbList\",\"@id\":\"https:\\\/\\\/www.mzone.cz\\\/kdyz-vas-dychani-muze-zabit-da-se-vubec-celit-znecistenemu-ovzdusi\\\/#breadcrumb\",\"itemListElement\":[{\"@type\":\"ListItem\",\"position\":1,\"name\":\"Dom\u016f\",\"item\":\"https:\\\/\\\/www.mzone.cz\\\/\"},{\"@type\":\"ListItem\",\"position\":2,\"name\":\"Kdy\u017e v\u00e1s d\u00fdch\u00e1n\u00ed m\u016f\u017ee zab\u00edt: D\u00e1 se v\u016fbec \u010delit zne\u010di\u0161t\u011bn\u00e9mu ovzdu\u0161\u00ed?\"}]},{\"@type\":\"WebSite\",\"@id\":\"https:\\\/\\\/www.mzone.cz\\\/#website\",\"url\":\"https:\\\/\\\/www.mzone.cz\\\/\",\"name\":\"Mzone\",\"description\":\"Magaz\u00edn nejen pro mu\u017ee\",\"potentialAction\":[{\"@type\":\"SearchAction\",\"target\":{\"@type\":\"EntryPoint\",\"urlTemplate\":\"https:\\\/\\\/www.mzone.cz\\\/?s={search_term_string}\"},\"query-input\":{\"@type\":\"PropertyValueSpecification\",\"valueRequired\":true,\"valueName\":\"search_term_string\"}}],\"inLanguage\":\"en-US\"},{\"@type\":\"Person\",\"@id\":\"https:\\\/\\\/www.mzone.cz\\\/#\\\/schema\\\/person\\\/9bc20cc422a99cac4af6ff9297da32d4\",\"name\":\"Mzone\",\"image\":{\"@type\":\"ImageObject\",\"inLanguage\":\"en-US\",\"@id\":\"https:\\\/\\\/secure.gravatar.com\\\/avatar\\\/e780a8630f3182a3d06dd667ab6bea151a0d155b0951bc15fe22633acdac0676?s=96&d=mm&r=g\",\"url\":\"https:\\\/\\\/secure.gravatar.com\\\/avatar\\\/e780a8630f3182a3d06dd667ab6bea151a0d155b0951bc15fe22633acdac0676?s=96&d=mm&r=g\",\"contentUrl\":\"https:\\\/\\\/secure.gravatar.com\\\/avatar\\\/e780a8630f3182a3d06dd667ab6bea151a0d155b0951bc15fe22633acdac0676?s=96&d=mm&r=g\",\"caption\":\"Mzone\"},\"url\":\"https:\\\/\\\/www.mzone.cz\\\/en\\\/author\\\/jakub\\\/\"}]}<\/script>\n<!-- \/ Yoast SEO plugin. -->","yoast_head_json":{"title":"Kdy\u017e v\u00e1s d\u00fdch\u00e1n\u00ed m\u016f\u017ee zab\u00edt: D\u00e1 se v\u016fbec \u010delit zne\u010di\u0161t\u011bn\u00e9mu ovzdu\u0161\u00ed? - Mzone","description":"Celosv\u011btov\u011b m\u00e1 rakovina na sv\u011bdom\u00ed t\u00e9m\u011b\u0159 60 % v\u0161ech \u00famrt\u00ed, p\u0159i\u010dem\u017e nejv\u011bt\u0161\u00ed nebezpe\u010d\u00ed p\u0159edstavuje rakovina plic. Jenom v\u202froce 2020 na ni v\u202f\u010cesk\u00e9 republice zem\u0159elo v\u00edce ne\u017e p\u011bt tis\u00edc lid\u00ed, a to i p\u0159es ve\u0161ker\u00e9 snahy l\u00e9ka\u0159\u016f a politik\u016f znesnadnit lidem kou\u0159en\u00ed cigaret. Tento ne\u0161var m\u00e1 na sv\u011bdom\u00ed drtivou v\u011bt\u0161inu v\u0161ech zhoubn\u00fdch novotvar\u016f plic a pr\u016fdu\u0161ek, p\u0159esto se v\u017edy jednou za deset p\u0159\u00edpad\u016f vyskytne n\u00e1dor u \u010dlov\u011bka, kter\u00fd v\u202f\u017eivot\u011b nevzal cigaretu do \u00fast \u2013 a ani ne\u017eil v ku\u0159\u00e1ck\u00e9 rodin\u011b. P\u0159ibli\u017en\u011b 10 % p\u0159\u00edpad\u016f rakoviny plic v Evrop\u011b je toti\u017e podle analytick\u00fdch dat Evropsk\u00e9 agentury pro \u017eivotn\u00ed prost\u0159ed\u00ed spojeno se zne\u010di\u0161t\u011bn\u00fdm ovzdu\u0161\u00edm.","robots":{"index":"index","follow":"follow","max-snippet":"max-snippet:-1","max-image-preview":"max-image-preview:large","max-video-preview":"max-video-preview:-1"},"canonical":"https:\/\/www.mzone.cz\/en\/kdyz-vas-dychani-muze-zabit-da-se-vubec-celit-znecistenemu-ovzdusi\/","og_locale":"en_US","og_type":"article","og_title":"Kdy\u017e v\u00e1s d\u00fdch\u00e1n\u00ed m\u016f\u017ee zab\u00edt: D\u00e1 se v\u016fbec \u010delit zne\u010di\u0161t\u011bn\u00e9mu ovzdu\u0161\u00ed? - Mzone","og_description":"Celosv\u011btov\u011b m\u00e1 rakovina na sv\u011bdom\u00ed t\u00e9m\u011b\u0159 60 % v\u0161ech \u00famrt\u00ed, p\u0159i\u010dem\u017e nejv\u011bt\u0161\u00ed nebezpe\u010d\u00ed p\u0159edstavuje rakovina plic. Jenom v\u202froce 2020 na ni v\u202f\u010cesk\u00e9 republice zem\u0159elo v\u00edce ne\u017e p\u011bt tis\u00edc lid\u00ed, a to i p\u0159es ve\u0161ker\u00e9 snahy l\u00e9ka\u0159\u016f a politik\u016f znesnadnit lidem kou\u0159en\u00ed cigaret. Tento ne\u0161var m\u00e1 na sv\u011bdom\u00ed drtivou v\u011bt\u0161inu v\u0161ech zhoubn\u00fdch novotvar\u016f plic a pr\u016fdu\u0161ek, p\u0159esto se v\u017edy jednou za deset p\u0159\u00edpad\u016f vyskytne n\u00e1dor u \u010dlov\u011bka, kter\u00fd v\u202f\u017eivot\u011b nevzal cigaretu do \u00fast \u2013 a ani ne\u017eil v ku\u0159\u00e1ck\u00e9 rodin\u011b. P\u0159ibli\u017en\u011b 10 % p\u0159\u00edpad\u016f rakoviny plic v Evrop\u011b je toti\u017e podle analytick\u00fdch dat Evropsk\u00e9 agentury pro \u017eivotn\u00ed prost\u0159ed\u00ed spojeno se zne\u010di\u0161t\u011bn\u00fdm ovzdu\u0161\u00edm.","og_url":"https:\/\/www.mzone.cz\/en\/kdyz-vas-dychani-muze-zabit-da-se-vubec-celit-znecistenemu-ovzdusi\/","og_site_name":"Mzone","article_publisher":"https:\/\/www.facebook.com\/MzoneCZ\/","article_published_time":"2023-07-13T03:00:00+00:00","og_image":[{"width":1920,"height":1280,"url":"https:\/\/www.mzone.cz\/wp-content\/uploads\/2023\/07\/Smog.jpg","type":"image\/jpeg"}],"author":"Mzone","twitter_card":"summary_large_image","twitter_misc":{"Written by":"Mzone","Est. reading time":"6 minutes"},"schema":{"@context":"https:\/\/schema.org","@graph":[{"@type":"Article","@id":"https:\/\/www.mzone.cz\/kdyz-vas-dychani-muze-zabit-da-se-vubec-celit-znecistenemu-ovzdusi\/#article","isPartOf":{"@id":"https:\/\/www.mzone.cz\/kdyz-vas-dychani-muze-zabit-da-se-vubec-celit-znecistenemu-ovzdusi\/"},"author":{"name":"Mzone","@id":"https:\/\/www.mzone.cz\/#\/schema\/person\/9bc20cc422a99cac4af6ff9297da32d4"},"headline":"Kdy\u017e v\u00e1s d\u00fdch\u00e1n\u00ed m\u016f\u017ee zab\u00edt: D\u00e1 se v\u016fbec \u010delit zne\u010di\u0161t\u011bn\u00e9mu ovzdu\u0161\u00ed?","datePublished":"2023-07-13T03:00:00+00:00","mainEntityOfPage":{"@id":"https:\/\/www.mzone.cz\/kdyz-vas-dychani-muze-zabit-da-se-vubec-celit-znecistenemu-ovzdusi\/"},"wordCount":1425,"commentCount":1,"image":{"@id":"https:\/\/www.mzone.cz\/kdyz-vas-dychani-muze-zabit-da-se-vubec-celit-znecistenemu-ovzdusi\/#primaryimage"},"thumbnailUrl":"https:\/\/www.mzone.cz\/wp-content\/uploads\/2023\/07\/Smog.jpg","keywords":["bez obalu","d\u00fdch\u00e1n\u00ed","ekologie","emise","kou\u0159en\u00ed","nemoc","nemoci","ovzdu\u0161\u00ed","pl\u00edce","prevence","rakovina","smog","\u0161pinav\u00fd vzduch","style","V\u011bda","vzduch","zdrav\u00ed","\u017eivotn\u00ed prost\u0159ed\u00ed","zne\u010di\u0161t\u011bn\u00ed"],"articleSection":["Bez obalu","Style","V\u011bda","Zdrav\u00ed"],"inLanguage":"en-US","potentialAction":[{"@type":"CommentAction","name":"Comment","target":["https:\/\/www.mzone.cz\/kdyz-vas-dychani-muze-zabit-da-se-vubec-celit-znecistenemu-ovzdusi\/#respond"]}]},{"@type":"WebPage","@id":"https:\/\/www.mzone.cz\/kdyz-vas-dychani-muze-zabit-da-se-vubec-celit-znecistenemu-ovzdusi\/","url":"https:\/\/www.mzone.cz\/kdyz-vas-dychani-muze-zabit-da-se-vubec-celit-znecistenemu-ovzdusi\/","name":"Kdy\u017e v\u00e1s d\u00fdch\u00e1n\u00ed m\u016f\u017ee zab\u00edt: D\u00e1 se v\u016fbec \u010delit zne\u010di\u0161t\u011bn\u00e9mu ovzdu\u0161\u00ed? - Mzone","isPartOf":{"@id":"https:\/\/www.mzone.cz\/#website"},"primaryImageOfPage":{"@id":"https:\/\/www.mzone.cz\/kdyz-vas-dychani-muze-zabit-da-se-vubec-celit-znecistenemu-ovzdusi\/#primaryimage"},"image":{"@id":"https:\/\/www.mzone.cz\/kdyz-vas-dychani-muze-zabit-da-se-vubec-celit-znecistenemu-ovzdusi\/#primaryimage"},"thumbnailUrl":"https:\/\/www.mzone.cz\/wp-content\/uploads\/2023\/07\/Smog.jpg","datePublished":"2023-07-13T03:00:00+00:00","author":{"@id":"https:\/\/www.mzone.cz\/#\/schema\/person\/9bc20cc422a99cac4af6ff9297da32d4"},"description":"Celosv\u011btov\u011b m\u00e1 rakovina na sv\u011bdom\u00ed t\u00e9m\u011b\u0159 60 % v\u0161ech \u00famrt\u00ed, p\u0159i\u010dem\u017e nejv\u011bt\u0161\u00ed nebezpe\u010d\u00ed p\u0159edstavuje rakovina plic. Jenom v\u202froce 2020 na ni v\u202f\u010cesk\u00e9 republice zem\u0159elo v\u00edce ne\u017e p\u011bt tis\u00edc lid\u00ed, a to i p\u0159es ve\u0161ker\u00e9 snahy l\u00e9ka\u0159\u016f a politik\u016f znesnadnit lidem kou\u0159en\u00ed cigaret. Tento ne\u0161var m\u00e1 na sv\u011bdom\u00ed drtivou v\u011bt\u0161inu v\u0161ech zhoubn\u00fdch novotvar\u016f plic a pr\u016fdu\u0161ek, p\u0159esto se v\u017edy jednou za deset p\u0159\u00edpad\u016f vyskytne n\u00e1dor u \u010dlov\u011bka, kter\u00fd v\u202f\u017eivot\u011b nevzal cigaretu do \u00fast \u2013 a ani ne\u017eil v ku\u0159\u00e1ck\u00e9 rodin\u011b. P\u0159ibli\u017en\u011b 10 % p\u0159\u00edpad\u016f rakoviny plic v Evrop\u011b je toti\u017e podle analytick\u00fdch dat Evropsk\u00e9 agentury pro \u017eivotn\u00ed prost\u0159ed\u00ed spojeno se zne\u010di\u0161t\u011bn\u00fdm ovzdu\u0161\u00edm.","breadcrumb":{"@id":"https:\/\/www.mzone.cz\/kdyz-vas-dychani-muze-zabit-da-se-vubec-celit-znecistenemu-ovzdusi\/#breadcrumb"},"inLanguage":"en-US","potentialAction":[{"@type":"ReadAction","target":["https:\/\/www.mzone.cz\/kdyz-vas-dychani-muze-zabit-da-se-vubec-celit-znecistenemu-ovzdusi\/"]}]},{"@type":"ImageObject","inLanguage":"en-US","@id":"https:\/\/www.mzone.cz\/kdyz-vas-dychani-muze-zabit-da-se-vubec-celit-znecistenemu-ovzdusi\/#primaryimage","url":"https:\/\/www.mzone.cz\/wp-content\/uploads\/2023\/07\/Smog.jpg","contentUrl":"https:\/\/www.mzone.cz\/wp-content\/uploads\/2023\/07\/Smog.jpg","width":1920,"height":1280,"caption":"Smog"},{"@type":"BreadcrumbList","@id":"https:\/\/www.mzone.cz\/kdyz-vas-dychani-muze-zabit-da-se-vubec-celit-znecistenemu-ovzdusi\/#breadcrumb","itemListElement":[{"@type":"ListItem","position":1,"name":"Dom\u016f","item":"https:\/\/www.mzone.cz\/"},{"@type":"ListItem","position":2,"name":"Kdy\u017e v\u00e1s d\u00fdch\u00e1n\u00ed m\u016f\u017ee zab\u00edt: D\u00e1 se v\u016fbec \u010delit zne\u010di\u0161t\u011bn\u00e9mu ovzdu\u0161\u00ed?"}]},{"@type":"WebSite","@id":"https:\/\/www.mzone.cz\/#website","url":"https:\/\/www.mzone.cz\/","name":"Mzone","description":"Magaz\u00edn nejen pro mu\u017ee","potentialAction":[{"@type":"SearchAction","target":{"@type":"EntryPoint","urlTemplate":"https:\/\/www.mzone.cz\/?s={search_term_string}"},"query-input":{"@type":"PropertyValueSpecification","valueRequired":true,"valueName":"search_term_string"}}],"inLanguage":"en-US"},{"@type":"Person","@id":"https:\/\/www.mzone.cz\/#\/schema\/person\/9bc20cc422a99cac4af6ff9297da32d4","name":"Mzone","image":{"@type":"ImageObject","inLanguage":"en-US","@id":"https:\/\/secure.gravatar.com\/avatar\/e780a8630f3182a3d06dd667ab6bea151a0d155b0951bc15fe22633acdac0676?s=96&d=mm&r=g","url":"https:\/\/secure.gravatar.com\/avatar\/e780a8630f3182a3d06dd667ab6bea151a0d155b0951bc15fe22633acdac0676?s=96&d=mm&r=g","contentUrl":"https:\/\/secure.gravatar.com\/avatar\/e780a8630f3182a3d06dd667ab6bea151a0d155b0951bc15fe22633acdac0676?s=96&d=mm&r=g","caption":"Mzone"},"url":"https:\/\/www.mzone.cz\/en\/author\/jakub\/"}]}},"_links":{"self":[{"href":"https:\/\/www.mzone.cz\/en\/wp-json\/wp\/v2\/posts\/41175","targetHints":{"allow":["GET"]}}],"collection":[{"href":"https:\/\/www.mzone.cz\/en\/wp-json\/wp\/v2\/posts"}],"about":[{"href":"https:\/\/www.mzone.cz\/en\/wp-json\/wp\/v2\/types\/post"}],"author":[{"embeddable":true,"href":"https:\/\/www.mzone.cz\/en\/wp-json\/wp\/v2\/users\/4"}],"replies":[{"embeddable":true,"href":"https:\/\/www.mzone.cz\/en\/wp-json\/wp\/v2\/comments?post=41175"}],"version-history":[{"count":16,"href":"https:\/\/www.mzone.cz\/en\/wp-json\/wp\/v2\/posts\/41175\/revisions"}],"predecessor-version":[{"id":41204,"href":"https:\/\/www.mzone.cz\/en\/wp-json\/wp\/v2\/posts\/41175\/revisions\/41204"}],"wp:featuredmedia":[{"embeddable":true,"href":"https:\/\/www.mzone.cz\/en\/wp-json\/wp\/v2\/media\/41179"}],"wp:attachment":[{"href":"https:\/\/www.mzone.cz\/en\/wp-json\/wp\/v2\/media?parent=41175"}],"wp:term":[{"taxonomy":"category","embeddable":true,"href":"https:\/\/www.mzone.cz\/en\/wp-json\/wp\/v2\/categories?post=41175"},{"taxonomy":"post_tag","embeddable":true,"href":"https:\/\/www.mzone.cz\/en\/wp-json\/wp\/v2\/tags?post=41175"}],"curies":[{"name":"wp","href":"https:\/\/api.w.org\/{rel}","templated":true}]}}