{"id":41355,"date":"2023-07-25T05:00:00","date_gmt":"2023-07-25T03:00:00","guid":{"rendered":"https:\/\/www.mzone.cz\/?p=41355"},"modified":"2023-07-24T19:03:20","modified_gmt":"2023-07-24T17:03:20","slug":"rallye-estonsko-rovanpera-s-toyotou-opet-ovladl-rychle-estonske-cesty","status":"publish","type":"post","link":"https:\/\/www.mzone.cz\/en\/rallye-estonsko-rovanpera-s-toyotou-opet-ovladl-rychle-estonske-cesty\/","title":{"rendered":"Rovanper\u00e4 s Toyotou op\u011bt ovl\u00e1dl rychl\u00e9 estonsk\u00e9 cesty"},"content":{"rendered":"<p><strong>Kalle Rovanper\u00e4 z t\u00fdmu Toyota Gazoo Racing World Rally Team si svoj\u00ed bou\u0159livou j\u00edzdou dojel ji\u017e pot\u0159et\u00ed za sebou pro jednozna\u010dn\u00e9 v\u00edt\u011bzstv\u00ed na Rallye Estonsko, \u010d\u00edm\u017e je\u0161t\u011b zv\u00fd\u0161il sv\u00e9 st\u00e1vaj\u00edc\u00ed veden\u00ed ve sv\u011btov\u00e9m rallyov\u00e9m \u0161ampion\u00e1tu FIA.<\/strong><\/p><br>\n\n\n\n<p>Rovanper\u00e4 s navig\u00e1torem Jonnem Halttunenem se za volantem Toyoty GR Yaris Rally1 Hybrid na jedn\u011bch z nejrychlej\u0161\u00edch trat\u00ed WRC op\u011bt c\u00edtil ve sv\u00e9m \u017eivlu. I p\u0159es prvn\u00ed startovn\u00ed pozici spojenou s \u010di\u0161t\u011bn\u00edm \u0161otolinov\u00fdch cest zakon\u010dil p\u00e1tek drobn\u00fdm n\u00e1skokem p\u0159ed soupe\u0159i a n\u00e1sledn\u011b byl ji\u017e doslova neporaziteln\u00fd a v\u0161em soupe\u0159\u016fm uk\u00e1zal z\u00e1da.<\/p>\n\n\n\n<blockquote class=\"wp-block-quote is-layout-flow wp-block-quote-is-layout-flow\">\n<p>Od soboty r\u00e1no a\u017e do z\u00e1v\u011bre\u010dn\u00e9 Power Stage v ned\u011bli odpoledne si p\u0159ipsal na konto hned 13 v\u00edt\u011bzn\u00fdch \u00fasek\u016f za sebou \u2013 a stal se tak prvn\u00edm jezdcem, kter\u00e9mu se v jednom podniku WRC poda\u0159ilo zaznamenat tak dlouhou s\u00e9rii nejrychlej\u0161\u00edch \u010das\u016f. Doposud nej\u00fasp\u011b\u0161n\u011bj\u0161\u00edm v tomto ohledu byl p\u0159ed 15 lety S\u00e9bastien Loeb v N\u011bmecku.<\/p>\n<\/blockquote>\n\n\n\n<p>D\u00edky nejlep\u0161\u00edmu \u010dasu ve fin\u00e1lov\u00e9m m\u011b\u0159en\u00e9m \u00faseku (s n\u00e1skokem 2 sekund) si zajistil druh\u00e9 v\u00edt\u011bzstv\u00ed v t\u00e9to sez\u00f3n\u011b (celkov\u011b 52,7 s p\u0159ed nejbli\u017e\u0161\u00edm soupe\u0159em), inkasoval maxim\u00e1ln\u00edch 30 bod\u016f, a zv\u00fd\u0161il tak veden\u00ed v \u017eeb\u0159\u00ed\u010dku sout\u011b\u017en\u00edch jezdc\u016f na 55 bod\u016f. Toto v\u00edt\u011bzstv\u00ed je z\u00e1rove\u0148 jeho des\u00e1t\u00fdm prvn\u00edm m\u00edstem ve WRC za dva roky od doby, kdy se na Rallye Estonsko 2021 stal historicky nejmlad\u0161\u00edm v\u00edt\u011bzem podniku WRC.<\/p><br>\n\n\n\n<figure class=\"wp-block-image size-large\"><img loading=\"lazy\" decoding=\"async\" width=\"1024\" height=\"682\" src=\"https:\/\/www.mzone.cz\/wp-content\/uploads\/2023\/07\/WRC_2023_Rd8_612-1024x682.jpg\" alt=\"Rallye Estonsko\" class=\"wp-image-41365\" srcset=\"https:\/\/www.mzone.cz\/wp-content\/uploads\/2023\/07\/WRC_2023_Rd8_612-1024x682.jpg 1024w, https:\/\/www.mzone.cz\/wp-content\/uploads\/2023\/07\/WRC_2023_Rd8_612-300x200.jpg 300w, https:\/\/www.mzone.cz\/wp-content\/uploads\/2023\/07\/WRC_2023_Rd8_612-768x512.jpg 768w, https:\/\/www.mzone.cz\/wp-content\/uploads\/2023\/07\/WRC_2023_Rd8_612-18x12.jpg 18w, https:\/\/www.mzone.cz\/wp-content\/uploads\/2023\/07\/WRC_2023_Rd8_612-800x533.jpg 800w, https:\/\/www.mzone.cz\/wp-content\/uploads\/2023\/07\/WRC_2023_Rd8_612-400x267.jpg 400w, https:\/\/www.mzone.cz\/wp-content\/uploads\/2023\/07\/WRC_2023_Rd8_612-500x333.jpg 500w, https:\/\/www.mzone.cz\/wp-content\/uploads\/2023\/07\/WRC_2023_Rd8_612-1170x780.jpg 1170w, https:\/\/www.mzone.cz\/wp-content\/uploads\/2023\/07\/WRC_2023_Rd8_612-590x393.jpg 590w, https:\/\/www.mzone.cz\/wp-content\/uploads\/2023\/07\/WRC_2023_Rd8_612.jpg 1280w\" sizes=\"auto, (max-width: 1024px) 100vw, 1024px\" \/><\/figure><br>\n\n\n\n<p>Druhou p\u0159\u00ed\u010dku v bodov\u00e1n\u00ed sout\u011b\u017en\u00edch jezdc\u016f si nad\u00e1le dr\u017e\u00ed Elfyn Evans, jen\u017e spole\u010dn\u011b s navig\u00e1torem Scottem Martinem zaznamenal druh\u00fd nejlep\u0161\u00ed \u010das v Power Stage a dojel celkov\u011b \u010dtvrt\u00fd po nap\u00ednav\u00e9m souboji o t\u0159et\u00ed m\u00edsto s Esapekkou Lappim (Hyundai) \u2013 za n\u00edm\u017e zaostal o pouh\u00fdch 7,3 sekundy. Takamoto Katsuta s navig\u00e1torem Aaronem Johnstonem dojeli celkov\u011b sedm\u00ed, pouh\u00e9 3 desetiny sekundy za \u0161est\u00fdm v po\u0159ad\u00ed. Veden\u00ed t\u00fdmu TGR-WRT v mistrovstv\u00ed zna\u010dek se zv\u00fd\u0161ilo na 57 bod\u016f.<\/p><br>\n\n\n\n<p>\u201eJe to \u00fa\u017easn\u00fd pocit dojet si pro 10. v\u00edt\u011bzstv\u00ed ve WRC pr\u00e1v\u011b zde v Estonsku, a nav\u00edc vyhr\u00e1t tuto rallye pot\u0159et\u00ed v \u0159ad\u011b. Tuto rallye pova\u017euji za velmi p\u011bknou, v\u017edy se mi moc l\u00edb\u00ed. Tento v\u00edkend byl mimo\u0159\u00e1dn\u00fd, proto\u017ee jsme vyhr\u00e1li v\u0161echny m\u011b\u0159en\u00e9 \u00faseky od soboty r\u00e1no a\u017e do konce. Mysl\u00edm, \u017ee jsme hezky uk\u00e1zali tempo i schopnosti na\u0161eho vozu, tak\u017ee m\u00e1m velkou radost. S Jonnem se n\u00e1m poda\u0159ilo udr\u017eovat toto vysok\u00e9 tempo bez n\u011bjak\u00fdch v\u011bt\u0161\u00edch incident\u016f, p\u0159itom neust\u00e1le tla\u010dit na pilu, a i tak si j\u00edzdu u\u017e\u00edvat, co\u017e v rallye nen\u00ed v\u017edy samoz\u0159ejmost. Z vozu jsem m\u011bl dobr\u00fd pocit a mohl jsem si u\u017e\u00edvat p\u011bkn\u00e9 \u00faseky i kr\u00e1snou podporu lid\u00ed kolem trati,&#8221; \u0159ekl po z\u00e1vod\u011b v\u00edt\u011bz Kalle Rovanper\u00e4.<\/p><br>\n\n\n\n<figure class=\"wp-block-image size-large\"><img loading=\"lazy\" decoding=\"async\" width=\"1024\" height=\"682\" src=\"https:\/\/www.mzone.cz\/wp-content\/uploads\/2023\/07\/wrc-2023-rd8-336-1024x682.jpg\" alt=\"Estonsk\u00e1 rallye\" class=\"wp-image-41370\" srcset=\"https:\/\/www.mzone.cz\/wp-content\/uploads\/2023\/07\/wrc-2023-rd8-336-1024x682.jpg 1024w, https:\/\/www.mzone.cz\/wp-content\/uploads\/2023\/07\/wrc-2023-rd8-336-300x200.jpg 300w, https:\/\/www.mzone.cz\/wp-content\/uploads\/2023\/07\/wrc-2023-rd8-336-768x512.jpg 768w, https:\/\/www.mzone.cz\/wp-content\/uploads\/2023\/07\/wrc-2023-rd8-336-18x12.jpg 18w, https:\/\/www.mzone.cz\/wp-content\/uploads\/2023\/07\/wrc-2023-rd8-336-800x533.jpg 800w, https:\/\/www.mzone.cz\/wp-content\/uploads\/2023\/07\/wrc-2023-rd8-336-400x267.jpg 400w, https:\/\/www.mzone.cz\/wp-content\/uploads\/2023\/07\/wrc-2023-rd8-336-500x333.jpg 500w, https:\/\/www.mzone.cz\/wp-content\/uploads\/2023\/07\/wrc-2023-rd8-336-1170x780.jpg 1170w, https:\/\/www.mzone.cz\/wp-content\/uploads\/2023\/07\/wrc-2023-rd8-336-590x393.jpg 590w, https:\/\/www.mzone.cz\/wp-content\/uploads\/2023\/07\/wrc-2023-rd8-336.jpg 1280w\" sizes=\"auto, (max-width: 1024px) 100vw, 1024px\" \/><\/figure><br>\n\n\n\n<h2 class=\"wp-block-heading\"><strong>Kone\u010dn\u00e9 v\u00fdsledky Estonsk\u00e9 rallye<\/strong><\/h2>\n\n\n\n<p>1. <strong>Kalle Rovanper\u00e4\/Jonne Halttunen<\/strong> (Toyota GR Yaris Rally1 Hybrid) 2 hod 36 min 3,1 s<br>2. <strong>Thierry Neuville\/Martijn Wydaeghe<\/strong> (Hyundai i20 N Rally1 Hybrid) +52,7 s<br>3. <strong>Esapekka Lappi\/Janne Ferm<\/strong> (Hyundai i20 N Rally1 Hybrid) +59,5 s<br>4. <strong>Elfyn Evans\/Scott Martin<\/strong> (Toyota GR Yaris Rally1 Hybrid) +1 min 6,8 s<br>5. <strong>Teemu Suninen\/Mikko Markkula<\/strong> (Hyundai i20 N Rally1 Hybrid) +2 min 21,1 s<br>6. <strong>Pierre-Louis Loubet\/Nicolas Gilsoul<\/strong> (Ford Puma Rally1 Hybrid) +3 min 9,9 s<br>7. <strong>Takamoto Katsuta\/Aaron Johnston<\/strong> (Toyota GR Yaris Rally1 Hybrid) +3 min 10,2 s<br>8. <strong>Ott T\u00e4nak\/Martin J\u00e4rveoja<\/strong> (Ford Puma Rally1 Hybrid) +6 min 25,6 s<br>9. <strong>Andreas Mikkelsen\/Torstein Eriksen<\/strong> (\u0160koda Fabia RS Rally2) +9 min 54,1 s<br>10. <strong>Sami Pajari\/Enni M\u00e4lk\u00f6nen<\/strong> (\u0160koda Fabia RS Rally2) +10 min 3,8 s<\/p><br>\n\n\n\n<h2 class=\"wp-block-heading\"><strong>A co bude n\u00e1sledovat?<\/strong><\/h2>\n\n\n\n<p><a href=\"https:\/\/sectorallyfinland.fi\/\" target=\"_blank\" rel=\"noopener\">Rallye Finsko<\/a> (3.-6. srpna 2023) bude v t\u00e9to sez\u00f3n\u011b v\u016fbec nejrychlej\u0161\u00edm rallyov\u00fdm z\u00e1vodem, po\u0159\u00e1dan\u00fdm na hladk\u00fdch \u0161otolinov\u00fdch cest\u00e1ch s mnoha atraktivn\u00edmi skoky. Sou\u010dasn\u011b se jedn\u00e1 o domovsk\u00fd podnik t\u00fdmu TGR WRT, jeho\u017e centr\u00e1la s\u00eddl\u00ed nedaleko servisn\u00edho parku v Jyv\u00e4skyl\u00e4. Tak\u017ee se m\u00e1me jist\u011b op\u011bt na co t\u011b\u0161it!<\/p><br>\n\n\n\n<div class=\"wp-block-media-text alignwide is-stacked-on-mobile is-vertically-aligned-top\" style=\"grid-template-columns:29% auto\"><figure class=\"wp-block-media-text__media\"><a href=\"https:\/\/www.mzone.cz\/tomas-ourednicek-pojede-dakar-s-hiluxem-v-barvach-toyota-gazoo-racing-czech\/\"><img loading=\"lazy\" decoding=\"async\" width=\"1024\" height=\"683\" src=\"https:\/\/www.mzone.cz\/wp-content\/uploads\/2023\/06\/Tomas-Ourednicek-1024x683.jpg\" alt=\"Tom\u00e1\u0161 Ou\u0159edn\u00ed\u010dek\" class=\"wp-image-40816 size-full\" srcset=\"https:\/\/www.mzone.cz\/wp-content\/uploads\/2023\/06\/Tomas-Ourednicek-1024x683.jpg 1024w, https:\/\/www.mzone.cz\/wp-content\/uploads\/2023\/06\/Tomas-Ourednicek-300x200.jpg 300w, https:\/\/www.mzone.cz\/wp-content\/uploads\/2023\/06\/Tomas-Ourednicek-768x512.jpg 768w, https:\/\/www.mzone.cz\/wp-content\/uploads\/2023\/06\/Tomas-Ourednicek-18x12.jpg 18w, https:\/\/www.mzone.cz\/wp-content\/uploads\/2023\/06\/Tomas-Ourednicek-800x533.jpg 800w, https:\/\/www.mzone.cz\/wp-content\/uploads\/2023\/06\/Tomas-Ourednicek-400x267.jpg 400w, https:\/\/www.mzone.cz\/wp-content\/uploads\/2023\/06\/Tomas-Ourednicek-500x333.jpg 500w, https:\/\/www.mzone.cz\/wp-content\/uploads\/2023\/06\/Tomas-Ourednicek-1170x780.jpg 1170w, https:\/\/www.mzone.cz\/wp-content\/uploads\/2023\/06\/Tomas-Ourednicek-590x393.jpg 590w, https:\/\/www.mzone.cz\/wp-content\/uploads\/2023\/06\/Tomas-Ourednicek.jpg 1191w\" sizes=\"auto, (max-width: 1024px) 100vw, 1024px\" \/><\/a><\/figure><div class=\"wp-block-media-text__content\">\n<h4 class=\"wp-block-heading\"><a href=\"https:\/\/www.mzone.cz\/tomas-ourednicek-pojede-dakar-s-hiluxem-v-barvach-toyota-gazoo-racing-czech\/\">Tom\u00e1\u0161 Ou\u0159edn\u00ed\u010dek pojede Dakar s Hiluxem v barv\u00e1ch Toyota Gazoo Racing Czech<\/a><\/h4><br>\n<\/div><\/div>","protected":false},"excerpt":{"rendered":"<p>Kalle Rovanper\u00e4 z t\u00fdmu Toyota Gazoo Racing World Rally Team si svoj\u00ed bou\u0159livou j\u00edzdou dojel ji\u017e pot\u0159et\u00ed za sebou pro jednozna\u010dn\u00e9 v\u00edt\u011bzstv\u00ed na Rallye Estonsko, \u010d\u00edm\u017e je\u0161t\u011b zv\u00fd\u0161il sv\u00e9 st\u00e1vaj\u00edc\u00ed veden\u00ed ve sv\u011btov\u00e9m rallyov\u00e9m \u0161ampion\u00e1tu FIA. Rovanper\u00e4 s navig\u00e1torem Jonnem Halttunenem se za volantem Toyoty GR Yaris Rally1 Hybrid na jedn\u011bch z nejrychlej\u0161\u00edch trat\u00ed WRC [&hellip;]<\/p>\n","protected":false},"author":4,"featured_media":41360,"comment_status":"open","ping_status":"closed","sticky":false,"template":"","format":"standard","meta":{"kk_blocks_editor_width":"","_kiokenblocks_attr":"","_kiokenblocks_dimensions":"","footnotes":""},"categories":[69,80],"tags":[585,82,462,5950,3934,3033,636,2085,2083,2201,42,687,2954,1136,2902,735],"class_list":["post-41355","post","type-post","status-publish","format-standard","has-post-thumbnail","hentry","category-auto-moto","category-sport","tag-auta","tag-auto","tag-auto-moto","tag-estonsko","tag-fia","tag-kalle-rovanpera","tag-motorsport","tag-rally","tag-rallye","tag-sampionat","tag-sport","tag-toyota","tag-toyota-gazoo-racing","tag-vitezstvi","tag-wrc","tag-zavod"],"yoast_head":"<!-- This site is optimized with the Yoast SEO plugin v27.5 - https:\/\/yoast.com\/product\/yoast-seo-wordpress\/ -->\n<title>Rovanper\u00e4 s Toyotou op\u011bt ovl\u00e1dl rychl\u00e9 estonsk\u00e9 cesty - Mzone<\/title>\n<meta name=\"description\" content=\"Kalle Rovanper\u00e4 z t\u00fdmu Toyota Gazoo Racing World Rally Team si svoj\u00ed bou\u0159livou j\u00edzdou dojel ji\u017e pot\u0159et\u00ed za sebou pro jednozna\u010dn\u00e9 v\u00edt\u011bzstv\u00ed na Rallye Estonsko, \u010d\u00edm\u017e je\u0161t\u011b zv\u00fd\u0161il sv\u00e9 st\u00e1vaj\u00edc\u00ed veden\u00ed ve sv\u011btov\u00e9m rallyov\u00e9m \u0161ampion\u00e1tu FIA.\" \/>\n<meta name=\"robots\" content=\"index, follow, max-snippet:-1, max-image-preview:large, max-video-preview:-1\" \/>\n<link rel=\"canonical\" href=\"https:\/\/www.mzone.cz\/en\/rallye-estonsko-rovanpera-s-toyotou-opet-ovladl-rychle-estonske-cesty\/\" \/>\n<meta property=\"og:locale\" content=\"en_US\" \/>\n<meta property=\"og:type\" content=\"article\" \/>\n<meta property=\"og:title\" content=\"Rovanper\u00e4 s Toyotou op\u011bt ovl\u00e1dl rychl\u00e9 estonsk\u00e9 cesty - Mzone\" \/>\n<meta property=\"og:description\" content=\"Kalle Rovanper\u00e4 z t\u00fdmu Toyota Gazoo Racing World Rally Team si svoj\u00ed bou\u0159livou j\u00edzdou dojel ji\u017e pot\u0159et\u00ed za sebou pro jednozna\u010dn\u00e9 v\u00edt\u011bzstv\u00ed na Rallye Estonsko, \u010d\u00edm\u017e je\u0161t\u011b zv\u00fd\u0161il sv\u00e9 st\u00e1vaj\u00edc\u00ed veden\u00ed ve sv\u011btov\u00e9m rallyov\u00e9m \u0161ampion\u00e1tu FIA.\" \/>\n<meta property=\"og:url\" content=\"https:\/\/www.mzone.cz\/en\/rallye-estonsko-rovanpera-s-toyotou-opet-ovladl-rychle-estonske-cesty\/\" \/>\n<meta property=\"og:site_name\" content=\"Mzone\" \/>\n<meta property=\"article:publisher\" content=\"https:\/\/www.facebook.com\/MzoneCZ\/\" \/>\n<meta property=\"article:published_time\" content=\"2023-07-25T03:00:00+00:00\" \/>\n<meta property=\"og:image\" content=\"https:\/\/www.mzone.cz\/wp-content\/uploads\/2023\/07\/Rallye-Estonsko.jpg\" \/>\n\t<meta property=\"og:image:width\" content=\"1119\" \/>\n\t<meta property=\"og:image:height\" content=\"746\" \/>\n\t<meta property=\"og:image:type\" content=\"image\/jpeg\" \/>\n<meta name=\"author\" content=\"Mzone\" \/>\n<meta name=\"twitter:card\" content=\"summary_large_image\" \/>\n<meta name=\"twitter:label1\" content=\"Written by\" \/>\n\t<meta name=\"twitter:data1\" content=\"Mzone\" \/>\n\t<meta name=\"twitter:label2\" content=\"Est. reading time\" \/>\n\t<meta name=\"twitter:data2\" content=\"4 minutes\" \/>\n<script type=\"application\/ld+json\" class=\"yoast-schema-graph\">{\"@context\":\"https:\\\/\\\/schema.org\",\"@graph\":[{\"@type\":\"Article\",\"@id\":\"https:\\\/\\\/www.mzone.cz\\\/rallye-estonsko-rovanpera-s-toyotou-opet-ovladl-rychle-estonske-cesty\\\/#article\",\"isPartOf\":{\"@id\":\"https:\\\/\\\/www.mzone.cz\\\/rallye-estonsko-rovanpera-s-toyotou-opet-ovladl-rychle-estonske-cesty\\\/\"},\"author\":{\"name\":\"Mzone\",\"@id\":\"https:\\\/\\\/www.mzone.cz\\\/#\\\/schema\\\/person\\\/9bc20cc422a99cac4af6ff9297da32d4\"},\"headline\":\"Rovanper\u00e4 s Toyotou op\u011bt ovl\u00e1dl rychl\u00e9 estonsk\u00e9 cesty\",\"datePublished\":\"2023-07-25T03:00:00+00:00\",\"mainEntityOfPage\":{\"@id\":\"https:\\\/\\\/www.mzone.cz\\\/rallye-estonsko-rovanpera-s-toyotou-opet-ovladl-rychle-estonske-cesty\\\/\"},\"wordCount\":750,\"commentCount\":0,\"image\":{\"@id\":\"https:\\\/\\\/www.mzone.cz\\\/rallye-estonsko-rovanpera-s-toyotou-opet-ovladl-rychle-estonske-cesty\\\/#primaryimage\"},\"thumbnailUrl\":\"https:\\\/\\\/www.mzone.cz\\\/wp-content\\\/uploads\\\/2023\\\/07\\\/Rallye-Estonsko.jpg\",\"keywords\":[\"auta\",\"Auto\",\"auto-moto\",\"Estonsko\",\"FIA\",\"Kalle Rovanper\u00e4\",\"motorsport\",\"rally\",\"rallye\",\"\u0161ampion\u00e1t\",\"Sport\",\"Toyota\",\"Toyota Gazoo Racing\",\"v\u00edt\u011bzstv\u00ed\",\"WRC\",\"z\u00e1vod\"],\"articleSection\":[\"Auto-moto\",\"Sport\"],\"inLanguage\":\"en-US\",\"potentialAction\":[{\"@type\":\"CommentAction\",\"name\":\"Comment\",\"target\":[\"https:\\\/\\\/www.mzone.cz\\\/rallye-estonsko-rovanpera-s-toyotou-opet-ovladl-rychle-estonske-cesty\\\/#respond\"]}]},{\"@type\":\"WebPage\",\"@id\":\"https:\\\/\\\/www.mzone.cz\\\/rallye-estonsko-rovanpera-s-toyotou-opet-ovladl-rychle-estonske-cesty\\\/\",\"url\":\"https:\\\/\\\/www.mzone.cz\\\/rallye-estonsko-rovanpera-s-toyotou-opet-ovladl-rychle-estonske-cesty\\\/\",\"name\":\"Rovanper\u00e4 s Toyotou op\u011bt ovl\u00e1dl rychl\u00e9 estonsk\u00e9 cesty - Mzone\",\"isPartOf\":{\"@id\":\"https:\\\/\\\/www.mzone.cz\\\/#website\"},\"primaryImageOfPage\":{\"@id\":\"https:\\\/\\\/www.mzone.cz\\\/rallye-estonsko-rovanpera-s-toyotou-opet-ovladl-rychle-estonske-cesty\\\/#primaryimage\"},\"image\":{\"@id\":\"https:\\\/\\\/www.mzone.cz\\\/rallye-estonsko-rovanpera-s-toyotou-opet-ovladl-rychle-estonske-cesty\\\/#primaryimage\"},\"thumbnailUrl\":\"https:\\\/\\\/www.mzone.cz\\\/wp-content\\\/uploads\\\/2023\\\/07\\\/Rallye-Estonsko.jpg\",\"datePublished\":\"2023-07-25T03:00:00+00:00\",\"author\":{\"@id\":\"https:\\\/\\\/www.mzone.cz\\\/#\\\/schema\\\/person\\\/9bc20cc422a99cac4af6ff9297da32d4\"},\"description\":\"Kalle Rovanper\u00e4 z t\u00fdmu Toyota Gazoo Racing World Rally Team si svoj\u00ed bou\u0159livou j\u00edzdou dojel ji\u017e pot\u0159et\u00ed za sebou pro jednozna\u010dn\u00e9 v\u00edt\u011bzstv\u00ed na Rallye Estonsko, \u010d\u00edm\u017e je\u0161t\u011b zv\u00fd\u0161il sv\u00e9 st\u00e1vaj\u00edc\u00ed veden\u00ed ve sv\u011btov\u00e9m rallyov\u00e9m \u0161ampion\u00e1tu FIA.\",\"breadcrumb\":{\"@id\":\"https:\\\/\\\/www.mzone.cz\\\/rallye-estonsko-rovanpera-s-toyotou-opet-ovladl-rychle-estonske-cesty\\\/#breadcrumb\"},\"inLanguage\":\"en-US\",\"potentialAction\":[{\"@type\":\"ReadAction\",\"target\":[\"https:\\\/\\\/www.mzone.cz\\\/rallye-estonsko-rovanpera-s-toyotou-opet-ovladl-rychle-estonske-cesty\\\/\"]}]},{\"@type\":\"ImageObject\",\"inLanguage\":\"en-US\",\"@id\":\"https:\\\/\\\/www.mzone.cz\\\/rallye-estonsko-rovanpera-s-toyotou-opet-ovladl-rychle-estonske-cesty\\\/#primaryimage\",\"url\":\"https:\\\/\\\/www.mzone.cz\\\/wp-content\\\/uploads\\\/2023\\\/07\\\/Rallye-Estonsko.jpg\",\"contentUrl\":\"https:\\\/\\\/www.mzone.cz\\\/wp-content\\\/uploads\\\/2023\\\/07\\\/Rallye-Estonsko.jpg\",\"width\":1119,\"height\":746,\"caption\":\"Rallye Estonsko\"},{\"@type\":\"BreadcrumbList\",\"@id\":\"https:\\\/\\\/www.mzone.cz\\\/rallye-estonsko-rovanpera-s-toyotou-opet-ovladl-rychle-estonske-cesty\\\/#breadcrumb\",\"itemListElement\":[{\"@type\":\"ListItem\",\"position\":1,\"name\":\"Dom\u016f\",\"item\":\"https:\\\/\\\/www.mzone.cz\\\/\"},{\"@type\":\"ListItem\",\"position\":2,\"name\":\"Rovanper\u00e4 s Toyotou op\u011bt ovl\u00e1dl rychl\u00e9 estonsk\u00e9 cesty\"}]},{\"@type\":\"WebSite\",\"@id\":\"https:\\\/\\\/www.mzone.cz\\\/#website\",\"url\":\"https:\\\/\\\/www.mzone.cz\\\/\",\"name\":\"Mzone\",\"description\":\"Magaz\u00edn nejen pro mu\u017ee\",\"potentialAction\":[{\"@type\":\"SearchAction\",\"target\":{\"@type\":\"EntryPoint\",\"urlTemplate\":\"https:\\\/\\\/www.mzone.cz\\\/?s={search_term_string}\"},\"query-input\":{\"@type\":\"PropertyValueSpecification\",\"valueRequired\":true,\"valueName\":\"search_term_string\"}}],\"inLanguage\":\"en-US\"},{\"@type\":\"Person\",\"@id\":\"https:\\\/\\\/www.mzone.cz\\\/#\\\/schema\\\/person\\\/9bc20cc422a99cac4af6ff9297da32d4\",\"name\":\"Mzone\",\"image\":{\"@type\":\"ImageObject\",\"inLanguage\":\"en-US\",\"@id\":\"https:\\\/\\\/secure.gravatar.com\\\/avatar\\\/e780a8630f3182a3d06dd667ab6bea151a0d155b0951bc15fe22633acdac0676?s=96&d=mm&r=g\",\"url\":\"https:\\\/\\\/secure.gravatar.com\\\/avatar\\\/e780a8630f3182a3d06dd667ab6bea151a0d155b0951bc15fe22633acdac0676?s=96&d=mm&r=g\",\"contentUrl\":\"https:\\\/\\\/secure.gravatar.com\\\/avatar\\\/e780a8630f3182a3d06dd667ab6bea151a0d155b0951bc15fe22633acdac0676?s=96&d=mm&r=g\",\"caption\":\"Mzone\"},\"url\":\"https:\\\/\\\/www.mzone.cz\\\/en\\\/author\\\/jakub\\\/\"}]}<\/script>\n<!-- \/ Yoast SEO plugin. -->","yoast_head_json":{"title":"Rovanper\u00e4 s Toyotou op\u011bt ovl\u00e1dl rychl\u00e9 estonsk\u00e9 cesty - Mzone","description":"Kalle Rovanper\u00e4 z t\u00fdmu Toyota Gazoo Racing World Rally Team si svoj\u00ed bou\u0159livou j\u00edzdou dojel ji\u017e pot\u0159et\u00ed za sebou pro jednozna\u010dn\u00e9 v\u00edt\u011bzstv\u00ed na Rallye Estonsko, \u010d\u00edm\u017e je\u0161t\u011b zv\u00fd\u0161il sv\u00e9 st\u00e1vaj\u00edc\u00ed veden\u00ed ve sv\u011btov\u00e9m rallyov\u00e9m \u0161ampion\u00e1tu FIA.","robots":{"index":"index","follow":"follow","max-snippet":"max-snippet:-1","max-image-preview":"max-image-preview:large","max-video-preview":"max-video-preview:-1"},"canonical":"https:\/\/www.mzone.cz\/en\/rallye-estonsko-rovanpera-s-toyotou-opet-ovladl-rychle-estonske-cesty\/","og_locale":"en_US","og_type":"article","og_title":"Rovanper\u00e4 s Toyotou op\u011bt ovl\u00e1dl rychl\u00e9 estonsk\u00e9 cesty - Mzone","og_description":"Kalle Rovanper\u00e4 z t\u00fdmu Toyota Gazoo Racing World Rally Team si svoj\u00ed bou\u0159livou j\u00edzdou dojel ji\u017e pot\u0159et\u00ed za sebou pro jednozna\u010dn\u00e9 v\u00edt\u011bzstv\u00ed na Rallye Estonsko, \u010d\u00edm\u017e je\u0161t\u011b zv\u00fd\u0161il sv\u00e9 st\u00e1vaj\u00edc\u00ed veden\u00ed ve sv\u011btov\u00e9m rallyov\u00e9m \u0161ampion\u00e1tu FIA.","og_url":"https:\/\/www.mzone.cz\/en\/rallye-estonsko-rovanpera-s-toyotou-opet-ovladl-rychle-estonske-cesty\/","og_site_name":"Mzone","article_publisher":"https:\/\/www.facebook.com\/MzoneCZ\/","article_published_time":"2023-07-25T03:00:00+00:00","og_image":[{"width":1119,"height":746,"url":"https:\/\/www.mzone.cz\/wp-content\/uploads\/2023\/07\/Rallye-Estonsko.jpg","type":"image\/jpeg"}],"author":"Mzone","twitter_card":"summary_large_image","twitter_misc":{"Written by":"Mzone","Est. reading time":"4 minutes"},"schema":{"@context":"https:\/\/schema.org","@graph":[{"@type":"Article","@id":"https:\/\/www.mzone.cz\/rallye-estonsko-rovanpera-s-toyotou-opet-ovladl-rychle-estonske-cesty\/#article","isPartOf":{"@id":"https:\/\/www.mzone.cz\/rallye-estonsko-rovanpera-s-toyotou-opet-ovladl-rychle-estonske-cesty\/"},"author":{"name":"Mzone","@id":"https:\/\/www.mzone.cz\/#\/schema\/person\/9bc20cc422a99cac4af6ff9297da32d4"},"headline":"Rovanper\u00e4 s Toyotou op\u011bt ovl\u00e1dl rychl\u00e9 estonsk\u00e9 cesty","datePublished":"2023-07-25T03:00:00+00:00","mainEntityOfPage":{"@id":"https:\/\/www.mzone.cz\/rallye-estonsko-rovanpera-s-toyotou-opet-ovladl-rychle-estonske-cesty\/"},"wordCount":750,"commentCount":0,"image":{"@id":"https:\/\/www.mzone.cz\/rallye-estonsko-rovanpera-s-toyotou-opet-ovladl-rychle-estonske-cesty\/#primaryimage"},"thumbnailUrl":"https:\/\/www.mzone.cz\/wp-content\/uploads\/2023\/07\/Rallye-Estonsko.jpg","keywords":["auta","Auto","auto-moto","Estonsko","FIA","Kalle Rovanper\u00e4","motorsport","rally","rallye","\u0161ampion\u00e1t","Sport","Toyota","Toyota Gazoo Racing","v\u00edt\u011bzstv\u00ed","WRC","z\u00e1vod"],"articleSection":["Auto-moto","Sport"],"inLanguage":"en-US","potentialAction":[{"@type":"CommentAction","name":"Comment","target":["https:\/\/www.mzone.cz\/rallye-estonsko-rovanpera-s-toyotou-opet-ovladl-rychle-estonske-cesty\/#respond"]}]},{"@type":"WebPage","@id":"https:\/\/www.mzone.cz\/rallye-estonsko-rovanpera-s-toyotou-opet-ovladl-rychle-estonske-cesty\/","url":"https:\/\/www.mzone.cz\/rallye-estonsko-rovanpera-s-toyotou-opet-ovladl-rychle-estonske-cesty\/","name":"Rovanper\u00e4 s Toyotou op\u011bt ovl\u00e1dl rychl\u00e9 estonsk\u00e9 cesty - Mzone","isPartOf":{"@id":"https:\/\/www.mzone.cz\/#website"},"primaryImageOfPage":{"@id":"https:\/\/www.mzone.cz\/rallye-estonsko-rovanpera-s-toyotou-opet-ovladl-rychle-estonske-cesty\/#primaryimage"},"image":{"@id":"https:\/\/www.mzone.cz\/rallye-estonsko-rovanpera-s-toyotou-opet-ovladl-rychle-estonske-cesty\/#primaryimage"},"thumbnailUrl":"https:\/\/www.mzone.cz\/wp-content\/uploads\/2023\/07\/Rallye-Estonsko.jpg","datePublished":"2023-07-25T03:00:00+00:00","author":{"@id":"https:\/\/www.mzone.cz\/#\/schema\/person\/9bc20cc422a99cac4af6ff9297da32d4"},"description":"Kalle Rovanper\u00e4 z t\u00fdmu Toyota Gazoo Racing World Rally Team si svoj\u00ed bou\u0159livou j\u00edzdou dojel ji\u017e pot\u0159et\u00ed za sebou pro jednozna\u010dn\u00e9 v\u00edt\u011bzstv\u00ed na Rallye Estonsko, \u010d\u00edm\u017e je\u0161t\u011b zv\u00fd\u0161il sv\u00e9 st\u00e1vaj\u00edc\u00ed veden\u00ed ve sv\u011btov\u00e9m rallyov\u00e9m \u0161ampion\u00e1tu FIA.","breadcrumb":{"@id":"https:\/\/www.mzone.cz\/rallye-estonsko-rovanpera-s-toyotou-opet-ovladl-rychle-estonske-cesty\/#breadcrumb"},"inLanguage":"en-US","potentialAction":[{"@type":"ReadAction","target":["https:\/\/www.mzone.cz\/rallye-estonsko-rovanpera-s-toyotou-opet-ovladl-rychle-estonske-cesty\/"]}]},{"@type":"ImageObject","inLanguage":"en-US","@id":"https:\/\/www.mzone.cz\/rallye-estonsko-rovanpera-s-toyotou-opet-ovladl-rychle-estonske-cesty\/#primaryimage","url":"https:\/\/www.mzone.cz\/wp-content\/uploads\/2023\/07\/Rallye-Estonsko.jpg","contentUrl":"https:\/\/www.mzone.cz\/wp-content\/uploads\/2023\/07\/Rallye-Estonsko.jpg","width":1119,"height":746,"caption":"Rallye Estonsko"},{"@type":"BreadcrumbList","@id":"https:\/\/www.mzone.cz\/rallye-estonsko-rovanpera-s-toyotou-opet-ovladl-rychle-estonske-cesty\/#breadcrumb","itemListElement":[{"@type":"ListItem","position":1,"name":"Dom\u016f","item":"https:\/\/www.mzone.cz\/"},{"@type":"ListItem","position":2,"name":"Rovanper\u00e4 s Toyotou op\u011bt ovl\u00e1dl rychl\u00e9 estonsk\u00e9 cesty"}]},{"@type":"WebSite","@id":"https:\/\/www.mzone.cz\/#website","url":"https:\/\/www.mzone.cz\/","name":"Mzone","description":"Magaz\u00edn nejen pro mu\u017ee","potentialAction":[{"@type":"SearchAction","target":{"@type":"EntryPoint","urlTemplate":"https:\/\/www.mzone.cz\/?s={search_term_string}"},"query-input":{"@type":"PropertyValueSpecification","valueRequired":true,"valueName":"search_term_string"}}],"inLanguage":"en-US"},{"@type":"Person","@id":"https:\/\/www.mzone.cz\/#\/schema\/person\/9bc20cc422a99cac4af6ff9297da32d4","name":"Mzone","image":{"@type":"ImageObject","inLanguage":"en-US","@id":"https:\/\/secure.gravatar.com\/avatar\/e780a8630f3182a3d06dd667ab6bea151a0d155b0951bc15fe22633acdac0676?s=96&d=mm&r=g","url":"https:\/\/secure.gravatar.com\/avatar\/e780a8630f3182a3d06dd667ab6bea151a0d155b0951bc15fe22633acdac0676?s=96&d=mm&r=g","contentUrl":"https:\/\/secure.gravatar.com\/avatar\/e780a8630f3182a3d06dd667ab6bea151a0d155b0951bc15fe22633acdac0676?s=96&d=mm&r=g","caption":"Mzone"},"url":"https:\/\/www.mzone.cz\/en\/author\/jakub\/"}]}},"_links":{"self":[{"href":"https:\/\/www.mzone.cz\/en\/wp-json\/wp\/v2\/posts\/41355","targetHints":{"allow":["GET"]}}],"collection":[{"href":"https:\/\/www.mzone.cz\/en\/wp-json\/wp\/v2\/posts"}],"about":[{"href":"https:\/\/www.mzone.cz\/en\/wp-json\/wp\/v2\/types\/post"}],"author":[{"embeddable":true,"href":"https:\/\/www.mzone.cz\/en\/wp-json\/wp\/v2\/users\/4"}],"replies":[{"embeddable":true,"href":"https:\/\/www.mzone.cz\/en\/wp-json\/wp\/v2\/comments?post=41355"}],"version-history":[{"count":16,"href":"https:\/\/www.mzone.cz\/en\/wp-json\/wp\/v2\/posts\/41355\/revisions"}],"predecessor-version":[{"id":41385,"href":"https:\/\/www.mzone.cz\/en\/wp-json\/wp\/v2\/posts\/41355\/revisions\/41385"}],"wp:featuredmedia":[{"embeddable":true,"href":"https:\/\/www.mzone.cz\/en\/wp-json\/wp\/v2\/media\/41360"}],"wp:attachment":[{"href":"https:\/\/www.mzone.cz\/en\/wp-json\/wp\/v2\/media?parent=41355"}],"wp:term":[{"taxonomy":"category","embeddable":true,"href":"https:\/\/www.mzone.cz\/en\/wp-json\/wp\/v2\/categories?post=41355"},{"taxonomy":"post_tag","embeddable":true,"href":"https:\/\/www.mzone.cz\/en\/wp-json\/wp\/v2\/tags?post=41355"}],"curies":[{"name":"wp","href":"https:\/\/api.w.org\/{rel}","templated":true}]}}