{"id":41780,"date":"2023-09-02T05:00:00","date_gmt":"2023-09-02T03:00:00","guid":{"rendered":"https:\/\/www.mzone.cz\/?p=41780"},"modified":"2023-08-31T18:15:12","modified_gmt":"2023-08-31T16:15:12","slug":"the-1975-v-malajsii-je-zakazali-na-jare-vystoupi-v-praze","status":"publish","type":"post","link":"https:\/\/www.mzone.cz\/en\/the-1975-v-malajsii-je-zakazali-na-jare-vystoupi-v-praze\/","title":{"rendered":"The 1975: V Malajsii je zak\u00e1zali, na ja\u0159e vystoup\u00ed v Praze"},"content":{"rendered":"<p><strong>Britsk\u00e1 kytarov\u00e1 senzace The 1975 se po leto\u0161n\u00ed skv\u011bl\u00e9 headline show na festivalu Rock for People vrac\u00ed na ja\u0159e p\u0159\u00ed\u0161t\u00edho roku do \u010cesk\u00e9 republiky.<\/strong><\/p><br>\n\n\n\n<p><a href=\"https:\/\/the1975.com\/\" target=\"_blank\" rel=\"noopener\">Indie rockov\u00e1 kapela<\/a>, kter\u00e1 z\u00edskala presti\u017en\u00ed ocen\u011bn\u00ed Brit Awards, v roce 2020 byla jmenov\u00e1na kapelou desetilet\u00ed na NME Awards a m\u00e1 za sebou dv\u011b nominace na Grammy, tentokr\u00e1t zam\u00ed\u0159\u00ed do \u010ceska v r\u00e1mci sv\u00e9ho celoevropsk\u00e9ho tour \u201cStill\u2026 At Their Very Best\u201d. Kapela tak nenechala sv\u00e9 \u010desk\u00e9 fanou\u0161ky po leto\u0161n\u00edm skv\u011bl\u00e9m koncert\u011b na jednom z nejv\u011bt\u0161\u00edch evropsk\u00fdch p\u00f3di\u00ed dlouho \u010dekat a 14. b\u0159ezna 2024 vystoup\u00ed ve Sportovn\u00ed hale Fortuna na pra\u017esk\u00e9m V\u00fdstavi\u0161ti.<\/p>\n\n\n\n<blockquote class=\"wp-block-quote is-layout-flow wp-block-quote-is-layout-flow\">\n<p>The 1975 vznikli v roce 2002 ve Wilmslow nedaleko Manchesteru a maj\u00ed na kont\u011b p\u011bt studiov\u00fdch alb, z \u010deho\u017e posledn\u00ed \u201cBeing Funny in a Foreign Language\u201d nahr\u00e1li v roce 2022. Album topovalo britsk\u00e9 hitpar\u00e1dy a skupina s n\u00edm odehr\u00e1la svoje nejv\u011bt\u0161\u00ed tour. A\u0165 u\u017e je to fanou\u0161ky zbo\u017e\u0148ovan\u00e1 rozervan\u00e1 image frontmana Healyho, nebezpe\u010dn\u011b chytlav\u00e9 texty nebo hudebn\u00ed preciznost, je jasn\u00e9, \u017ee tito muzikanti pat\u0159\u00ed mezi nejv\u011bt\u0161\u00ed celosv\u011btov\u00e9 hv\u011bzdy.&nbsp;<\/p>\n<\/blockquote>\n\n\n\n<p>The 1975, kte\u0159\u00ed jsou zn\u00e1m\u00ed sv\u00fdm jedine\u010dn\u00fdm zvukem a kreativn\u00edmi vystoupen\u00edmi, se stali jednou z nej\u017e\u00e1dan\u011bj\u0161\u00edch skupin na sv\u011btov\u00e9 sc\u00e9n\u011b. Jsou nav\u00edc proslul\u00ed sv\u00fdm \u0161irok\u00fdm rozsahem skrze hudebn\u00ed \u017e\u00e1nry. Angli\u010dt\u00ed rocke\u0159i koketovali s nabl\u00fdskan\u00fdm popem, anarchistick\u00fdm punkem, drsn\u00fdm gar\u00e1\u017eov\u00fdm rockem, elektro-funkem i country. Sv\u00fdm pronikav\u00fdm p\u00edsni\u010dk\u00e1\u0159stv\u00edm a promy\u0161len\u00fdmi texty si kladou existenci\u00e1ln\u00ed ot\u00e1zky t\u00fdkaj\u00edc\u00ed se sebepozn\u00e1n\u00ed, nihilismu, sexu, klimatick\u00fdch zm\u011bn, du\u0161evn\u00edho zdrav\u00ed, z\u00e1vislosti \u010di postmoderny.<\/p><br>\n\n\n\n<figure class=\"wp-block-embed is-type-video is-provider-youtube wp-block-embed-youtube wp-embed-aspect-16-9 wp-has-aspect-ratio\"><div class=\"wp-block-embed__wrapper\">\n<iframe loading=\"lazy\" title=\"The 1975 - I&#039;m In Love With You (Official Video)\" width=\"600\" height=\"338\" src=\"https:\/\/www.youtube.com\/embed\/UVzVUDXoi0Y?feature=oembed\" frameborder=\"0\" allow=\"accelerometer; autoplay; clipboard-write; encrypted-media; gyroscope; picture-in-picture; web-share\" referrerpolicy=\"strict-origin-when-cross-origin\" allowfullscreen><\/iframe>\n<\/div><\/figure><br>\n\n\n\n<p>\u201cBeing Funny in a Foreign Language\u201d je pro The 1975 tak trochu ob\u0159ad. Po dvou letech v pandemii, kdy se technologie staly prost\u0159edkem ke zvl\u00e1dnut\u00ed izolace, se zd\u00e1lo, \u017ee sv\u011bt, i kapela sama, hledaj\u00ed syrov\u00e9, re\u00e1ln\u00e9 momenty. Being Funny se o to tak\u00e9 pokou\u0161\u00ed, p\u0159i\u010dem se vyrovn\u00e1v\u00e1 s l\u00e1skou a ztr\u00e1tou v postinternetov\u00e9m v\u011bku. &#8220;M\u00e1m pocit, \u017ee lid\u00e9 tou\u017e\u00ed po pozoruhodn\u00fdch v\u011bcech, kter\u00e9 vy\u017eaduj\u00ed co nejm\u00e9n\u011b technologi\u00ed,&#8221; \u0159\u00edk\u00e1 l\u00eddr kapely Matty Healy.&nbsp;<\/p>\n\n\n\n<blockquote class=\"wp-block-quote is-layout-flow wp-block-quote-is-layout-flow\">\n<p>Zp\u011bv\u00e1k, kter\u00fd je nav\u00edc u\u017e \u010dty\u0159i roky \u010dist\u00fd od heroinu, nechal krizi identity z dvac\u00e1t\u00fdch let za sebou a c\u00edt\u00ed se zcela usazen\u00fd ve sv\u00e9 kari\u00e9\u0159e texta\u0159e, zat\u00edmco kytarista Adam Hann m\u00e1 prvn\u00ed d\u00edt\u011b.<\/p>\n<\/blockquote>\n\n\n\n<p>Kapela dosp\u011bla a v mnoha ohledech se zklidnila. &#8220;Jsme te\u010f chlapi, je n\u00e1m ku*va dob\u0159e.&#8221; A zejm\u00e9na \u201cBeing Funny\u201d byla prvn\u00ed deska, kterou The 1975 nato\u010dili, ani\u017e by se jim do cesty postavily sv\u00e1ry nebo z\u00e1vislost.\u00a0S dosp\u011blost\u00ed si \u010dlenov\u00e9 kapely dok\u00e1zali mnoho v\u011bc\u00ed vyjasnit, co\u017e umo\u017enilo skupin\u011b b\u00fdt p\u0159\u00edtomn\u011bj\u0161\u00ed ne\u017e kdy d\u0159\u00edv. &#8220;Byla to prvn\u00ed deska, u kter\u00e9 jsem si \u0159ekl: \u201cSe*u na to. Te\u010f tu prost\u011b budu, a proto se stalo to, \u017ee deska zn\u011bla o mnoho soudr\u017en\u011bji ne\u017e ty p\u0159edchoz\u00ed,&#8221; popisuje Healy.<\/p><br>\n\n\n\n<p>The 1975 si u\u017e\u00edvaj\u00ed fanou\u0161kovsk\u00e9 p\u0159\u00edzn\u011b po cel\u00e9m sv\u011bt\u011b a jejich skladby dosahuj\u00ed na YouTube a ostatn\u00edch hudebn\u00edch platform\u00e1ch stamilionov\u00fdch poslech\u016f.<\/p><br>\n\n\n\n<div class=\"wp-block-media-text is-stacked-on-mobile is-vertically-aligned-top\" style=\"grid-template-columns:22% auto\"><figure class=\"wp-block-media-text__media\"><a href=\"https:\/\/www.mzone.cz\/highly-suspect-se-na-podzim-vraci-do-prahy-zahraji-v-roxy\/\"><img loading=\"lazy\" decoding=\"async\" width=\"1024\" height=\"683\" src=\"https:\/\/www.mzone.cz\/wp-content\/uploads\/2023\/05\/Highly-Suspect-1024x683.jpg\" alt=\"Highly Suspect\" class=\"wp-image-40406 size-full\" srcset=\"https:\/\/www.mzone.cz\/wp-content\/uploads\/2023\/05\/Highly-Suspect-1024x683.jpg 1024w, https:\/\/www.mzone.cz\/wp-content\/uploads\/2023\/05\/Highly-Suspect-300x200.jpg 300w, https:\/\/www.mzone.cz\/wp-content\/uploads\/2023\/05\/Highly-Suspect-768x512.jpg 768w, https:\/\/www.mzone.cz\/wp-content\/uploads\/2023\/05\/Highly-Suspect-1536x1024.jpg 1536w, https:\/\/www.mzone.cz\/wp-content\/uploads\/2023\/05\/Highly-Suspect-2048x1365.jpg 2048w, https:\/\/www.mzone.cz\/wp-content\/uploads\/2023\/05\/Highly-Suspect-18x12.jpg 18w, https:\/\/www.mzone.cz\/wp-content\/uploads\/2023\/05\/Highly-Suspect-800x533.jpg 800w, https:\/\/www.mzone.cz\/wp-content\/uploads\/2023\/05\/Highly-Suspect-400x267.jpg 400w, https:\/\/www.mzone.cz\/wp-content\/uploads\/2023\/05\/Highly-Suspect-500x333.jpg 500w, https:\/\/www.mzone.cz\/wp-content\/uploads\/2023\/05\/Highly-Suspect-1170x780.jpg 1170w, https:\/\/www.mzone.cz\/wp-content\/uploads\/2023\/05\/Highly-Suspect-590x393.jpg 590w\" sizes=\"auto, (max-width: 1024px) 100vw, 1024px\" \/><\/a><\/figure><div class=\"wp-block-media-text__content\">\n<h4 class=\"wp-block-heading\"><a href=\"https:\/\/www.mzone.cz\/highly-suspect-se-na-podzim-vraci-do-prahy-zahraji-v-roxy\/\">Highly Suspect se na podzim vrac\u00ed do Prahy, zahraj\u00ed 12. \u0159\u00edjna v Roxy<\/a><\/h4><br>\n<\/div><\/div>","protected":false},"excerpt":{"rendered":"<p>Britsk\u00e1 kytarov\u00e1 senzace The 1975 se po leto\u0161n\u00ed skv\u011bl\u00e9 headline show na festivalu Rock for People vrac\u00ed na ja\u0159e p\u0159\u00ed\u0161t\u00edho roku do \u010cesk\u00e9 republiky. Indie rockov\u00e1 kapela, kter\u00e1 z\u00edskala presti\u017en\u00ed ocen\u011bn\u00ed Brit Awards, v roce 2020 byla jmenov\u00e1na kapelou desetilet\u00ed na NME Awards a m\u00e1 za sebou dv\u011b nominace na Grammy, tentokr\u00e1t zam\u00ed\u0159\u00ed do \u010ceska [&hellip;]<\/p>\n","protected":false},"author":4,"featured_media":41786,"comment_status":"open","ping_status":"closed","sticky":false,"template":"","format":"standard","meta":{"kk_blocks_editor_width":"","_kiokenblocks_attr":"","_kiokenblocks_dimensions":"","footnotes":""},"categories":[76,71],"tags":[1147,1584,1579,31,1580,363,2055,2871,1802,5976,1582],"class_list":["post-41780","post","type-post","status-publish","format-standard","has-post-thumbnail","hentry","category-hudba","category-kultura","tag-hudba","tag-kapela","tag-koncert","tag-kultura","tag-muzika","tag-praha","tag-rock","tag-rockova-hudba","tag-skupina","tag-the-1975","tag-vystoupeni"],"yoast_head":"<!-- This site is optimized with the Yoast SEO plugin v27.5 - https:\/\/yoast.com\/product\/yoast-seo-wordpress\/ -->\n<title>The 1975: V Malajsii je zak\u00e1zali, na ja\u0159e vystoup\u00ed v Praze - Mzone<\/title>\n<meta name=\"description\" content=\"Britsk\u00e1 kytarov\u00e1 senzace The 1975 se po leto\u0161n\u00ed skv\u011bl\u00e9 headline show na festivalu Rock for People vrac\u00ed na ja\u0159e p\u0159\u00ed\u0161t\u00edho roku do \u010cesk\u00e9 republiky.\" \/>\n<meta name=\"robots\" content=\"index, follow, max-snippet:-1, max-image-preview:large, max-video-preview:-1\" \/>\n<link rel=\"canonical\" href=\"https:\/\/www.mzone.cz\/en\/the-1975-v-malajsii-je-zakazali-na-jare-vystoupi-v-praze\/\" \/>\n<meta property=\"og:locale\" content=\"en_US\" \/>\n<meta property=\"og:type\" content=\"article\" \/>\n<meta property=\"og:title\" content=\"The 1975: V Malajsii je zak\u00e1zali, na ja\u0159e vystoup\u00ed v Praze - Mzone\" \/>\n<meta property=\"og:description\" content=\"Britsk\u00e1 kytarov\u00e1 senzace The 1975 se po leto\u0161n\u00ed skv\u011bl\u00e9 headline show na festivalu Rock for People vrac\u00ed na ja\u0159e p\u0159\u00ed\u0161t\u00edho roku do \u010cesk\u00e9 republiky.\" \/>\n<meta property=\"og:url\" content=\"https:\/\/www.mzone.cz\/en\/the-1975-v-malajsii-je-zakazali-na-jare-vystoupi-v-praze\/\" \/>\n<meta property=\"og:site_name\" content=\"Mzone\" \/>\n<meta property=\"article:publisher\" content=\"https:\/\/www.facebook.com\/MzoneCZ\/\" \/>\n<meta property=\"article:published_time\" content=\"2023-09-02T03:00:00+00:00\" \/>\n<meta property=\"og:image\" content=\"https:\/\/www.mzone.cz\/wp-content\/uploads\/2023\/09\/The-1975-scaled.jpg\" \/>\n\t<meta property=\"og:image:width\" content=\"2560\" \/>\n\t<meta property=\"og:image:height\" content=\"1707\" \/>\n\t<meta property=\"og:image:type\" content=\"image\/jpeg\" \/>\n<meta name=\"author\" content=\"Mzone\" \/>\n<meta name=\"twitter:card\" content=\"summary_large_image\" \/>\n<meta name=\"twitter:label1\" content=\"Written by\" \/>\n\t<meta name=\"twitter:data1\" content=\"Mzone\" \/>\n\t<meta name=\"twitter:label2\" content=\"Est. reading time\" \/>\n\t<meta name=\"twitter:data2\" content=\"3 minutes\" \/>\n<script type=\"application\/ld+json\" class=\"yoast-schema-graph\">{\"@context\":\"https:\\\/\\\/schema.org\",\"@graph\":[{\"@type\":\"Article\",\"@id\":\"https:\\\/\\\/www.mzone.cz\\\/the-1975-v-malajsii-je-zakazali-na-jare-vystoupi-v-praze\\\/#article\",\"isPartOf\":{\"@id\":\"https:\\\/\\\/www.mzone.cz\\\/the-1975-v-malajsii-je-zakazali-na-jare-vystoupi-v-praze\\\/\"},\"author\":{\"name\":\"Mzone\",\"@id\":\"https:\\\/\\\/www.mzone.cz\\\/#\\\/schema\\\/person\\\/9bc20cc422a99cac4af6ff9297da32d4\"},\"headline\":\"The 1975: V Malajsii je zak\u00e1zali, na ja\u0159e vystoup\u00ed v Praze\",\"datePublished\":\"2023-09-02T03:00:00+00:00\",\"mainEntityOfPage\":{\"@id\":\"https:\\\/\\\/www.mzone.cz\\\/the-1975-v-malajsii-je-zakazali-na-jare-vystoupi-v-praze\\\/\"},\"wordCount\":604,\"commentCount\":0,\"image\":{\"@id\":\"https:\\\/\\\/www.mzone.cz\\\/the-1975-v-malajsii-je-zakazali-na-jare-vystoupi-v-praze\\\/#primaryimage\"},\"thumbnailUrl\":\"https:\\\/\\\/www.mzone.cz\\\/wp-content\\\/uploads\\\/2023\\\/09\\\/The-1975-scaled.jpg\",\"keywords\":[\"hudba\",\"kapela\",\"koncert\",\"Kultura\",\"muzika\",\"Praha\",\"rock\",\"rockov\u00e1 hudba\",\"skupina\",\"The 1975\",\"vystoupen\u00ed\"],\"articleSection\":[\"Hudba\",\"Kultura\"],\"inLanguage\":\"en-US\",\"potentialAction\":[{\"@type\":\"CommentAction\",\"name\":\"Comment\",\"target\":[\"https:\\\/\\\/www.mzone.cz\\\/the-1975-v-malajsii-je-zakazali-na-jare-vystoupi-v-praze\\\/#respond\"]}]},{\"@type\":\"WebPage\",\"@id\":\"https:\\\/\\\/www.mzone.cz\\\/the-1975-v-malajsii-je-zakazali-na-jare-vystoupi-v-praze\\\/\",\"url\":\"https:\\\/\\\/www.mzone.cz\\\/the-1975-v-malajsii-je-zakazali-na-jare-vystoupi-v-praze\\\/\",\"name\":\"The 1975: V Malajsii je zak\u00e1zali, na ja\u0159e vystoup\u00ed v Praze - Mzone\",\"isPartOf\":{\"@id\":\"https:\\\/\\\/www.mzone.cz\\\/#website\"},\"primaryImageOfPage\":{\"@id\":\"https:\\\/\\\/www.mzone.cz\\\/the-1975-v-malajsii-je-zakazali-na-jare-vystoupi-v-praze\\\/#primaryimage\"},\"image\":{\"@id\":\"https:\\\/\\\/www.mzone.cz\\\/the-1975-v-malajsii-je-zakazali-na-jare-vystoupi-v-praze\\\/#primaryimage\"},\"thumbnailUrl\":\"https:\\\/\\\/www.mzone.cz\\\/wp-content\\\/uploads\\\/2023\\\/09\\\/The-1975-scaled.jpg\",\"datePublished\":\"2023-09-02T03:00:00+00:00\",\"author\":{\"@id\":\"https:\\\/\\\/www.mzone.cz\\\/#\\\/schema\\\/person\\\/9bc20cc422a99cac4af6ff9297da32d4\"},\"description\":\"Britsk\u00e1 kytarov\u00e1 senzace The 1975 se po leto\u0161n\u00ed skv\u011bl\u00e9 headline show na festivalu Rock for People vrac\u00ed na ja\u0159e p\u0159\u00ed\u0161t\u00edho roku do \u010cesk\u00e9 republiky.\",\"breadcrumb\":{\"@id\":\"https:\\\/\\\/www.mzone.cz\\\/the-1975-v-malajsii-je-zakazali-na-jare-vystoupi-v-praze\\\/#breadcrumb\"},\"inLanguage\":\"en-US\",\"potentialAction\":[{\"@type\":\"ReadAction\",\"target\":[\"https:\\\/\\\/www.mzone.cz\\\/the-1975-v-malajsii-je-zakazali-na-jare-vystoupi-v-praze\\\/\"]}]},{\"@type\":\"ImageObject\",\"inLanguage\":\"en-US\",\"@id\":\"https:\\\/\\\/www.mzone.cz\\\/the-1975-v-malajsii-je-zakazali-na-jare-vystoupi-v-praze\\\/#primaryimage\",\"url\":\"https:\\\/\\\/www.mzone.cz\\\/wp-content\\\/uploads\\\/2023\\\/09\\\/The-1975-scaled.jpg\",\"contentUrl\":\"https:\\\/\\\/www.mzone.cz\\\/wp-content\\\/uploads\\\/2023\\\/09\\\/The-1975-scaled.jpg\",\"width\":2560,\"height\":1707,\"caption\":\"The 1975\"},{\"@type\":\"BreadcrumbList\",\"@id\":\"https:\\\/\\\/www.mzone.cz\\\/the-1975-v-malajsii-je-zakazali-na-jare-vystoupi-v-praze\\\/#breadcrumb\",\"itemListElement\":[{\"@type\":\"ListItem\",\"position\":1,\"name\":\"Dom\u016f\",\"item\":\"https:\\\/\\\/www.mzone.cz\\\/\"},{\"@type\":\"ListItem\",\"position\":2,\"name\":\"The 1975: V Malajsii je zak\u00e1zali, na ja\u0159e vystoup\u00ed v Praze\"}]},{\"@type\":\"WebSite\",\"@id\":\"https:\\\/\\\/www.mzone.cz\\\/#website\",\"url\":\"https:\\\/\\\/www.mzone.cz\\\/\",\"name\":\"Mzone\",\"description\":\"Magaz\u00edn nejen pro mu\u017ee\",\"potentialAction\":[{\"@type\":\"SearchAction\",\"target\":{\"@type\":\"EntryPoint\",\"urlTemplate\":\"https:\\\/\\\/www.mzone.cz\\\/?s={search_term_string}\"},\"query-input\":{\"@type\":\"PropertyValueSpecification\",\"valueRequired\":true,\"valueName\":\"search_term_string\"}}],\"inLanguage\":\"en-US\"},{\"@type\":\"Person\",\"@id\":\"https:\\\/\\\/www.mzone.cz\\\/#\\\/schema\\\/person\\\/9bc20cc422a99cac4af6ff9297da32d4\",\"name\":\"Mzone\",\"image\":{\"@type\":\"ImageObject\",\"inLanguage\":\"en-US\",\"@id\":\"https:\\\/\\\/secure.gravatar.com\\\/avatar\\\/e780a8630f3182a3d06dd667ab6bea151a0d155b0951bc15fe22633acdac0676?s=96&d=mm&r=g\",\"url\":\"https:\\\/\\\/secure.gravatar.com\\\/avatar\\\/e780a8630f3182a3d06dd667ab6bea151a0d155b0951bc15fe22633acdac0676?s=96&d=mm&r=g\",\"contentUrl\":\"https:\\\/\\\/secure.gravatar.com\\\/avatar\\\/e780a8630f3182a3d06dd667ab6bea151a0d155b0951bc15fe22633acdac0676?s=96&d=mm&r=g\",\"caption\":\"Mzone\"},\"url\":\"https:\\\/\\\/www.mzone.cz\\\/en\\\/author\\\/jakub\\\/\"}]}<\/script>\n<!-- \/ Yoast SEO plugin. -->","yoast_head_json":{"title":"The 1975: V Malajsii je zak\u00e1zali, na ja\u0159e vystoup\u00ed v Praze - Mzone","description":"Britsk\u00e1 kytarov\u00e1 senzace The 1975 se po leto\u0161n\u00ed skv\u011bl\u00e9 headline show na festivalu Rock for People vrac\u00ed na ja\u0159e p\u0159\u00ed\u0161t\u00edho roku do \u010cesk\u00e9 republiky.","robots":{"index":"index","follow":"follow","max-snippet":"max-snippet:-1","max-image-preview":"max-image-preview:large","max-video-preview":"max-video-preview:-1"},"canonical":"https:\/\/www.mzone.cz\/en\/the-1975-v-malajsii-je-zakazali-na-jare-vystoupi-v-praze\/","og_locale":"en_US","og_type":"article","og_title":"The 1975: V Malajsii je zak\u00e1zali, na ja\u0159e vystoup\u00ed v Praze - Mzone","og_description":"Britsk\u00e1 kytarov\u00e1 senzace The 1975 se po leto\u0161n\u00ed skv\u011bl\u00e9 headline show na festivalu Rock for People vrac\u00ed na ja\u0159e p\u0159\u00ed\u0161t\u00edho roku do \u010cesk\u00e9 republiky.","og_url":"https:\/\/www.mzone.cz\/en\/the-1975-v-malajsii-je-zakazali-na-jare-vystoupi-v-praze\/","og_site_name":"Mzone","article_publisher":"https:\/\/www.facebook.com\/MzoneCZ\/","article_published_time":"2023-09-02T03:00:00+00:00","og_image":[{"width":2560,"height":1707,"url":"https:\/\/www.mzone.cz\/wp-content\/uploads\/2023\/09\/The-1975-scaled.jpg","type":"image\/jpeg"}],"author":"Mzone","twitter_card":"summary_large_image","twitter_misc":{"Written by":"Mzone","Est. reading time":"3 minutes"},"schema":{"@context":"https:\/\/schema.org","@graph":[{"@type":"Article","@id":"https:\/\/www.mzone.cz\/the-1975-v-malajsii-je-zakazali-na-jare-vystoupi-v-praze\/#article","isPartOf":{"@id":"https:\/\/www.mzone.cz\/the-1975-v-malajsii-je-zakazali-na-jare-vystoupi-v-praze\/"},"author":{"name":"Mzone","@id":"https:\/\/www.mzone.cz\/#\/schema\/person\/9bc20cc422a99cac4af6ff9297da32d4"},"headline":"The 1975: V Malajsii je zak\u00e1zali, na ja\u0159e vystoup\u00ed v Praze","datePublished":"2023-09-02T03:00:00+00:00","mainEntityOfPage":{"@id":"https:\/\/www.mzone.cz\/the-1975-v-malajsii-je-zakazali-na-jare-vystoupi-v-praze\/"},"wordCount":604,"commentCount":0,"image":{"@id":"https:\/\/www.mzone.cz\/the-1975-v-malajsii-je-zakazali-na-jare-vystoupi-v-praze\/#primaryimage"},"thumbnailUrl":"https:\/\/www.mzone.cz\/wp-content\/uploads\/2023\/09\/The-1975-scaled.jpg","keywords":["hudba","kapela","koncert","Kultura","muzika","Praha","rock","rockov\u00e1 hudba","skupina","The 1975","vystoupen\u00ed"],"articleSection":["Hudba","Kultura"],"inLanguage":"en-US","potentialAction":[{"@type":"CommentAction","name":"Comment","target":["https:\/\/www.mzone.cz\/the-1975-v-malajsii-je-zakazali-na-jare-vystoupi-v-praze\/#respond"]}]},{"@type":"WebPage","@id":"https:\/\/www.mzone.cz\/the-1975-v-malajsii-je-zakazali-na-jare-vystoupi-v-praze\/","url":"https:\/\/www.mzone.cz\/the-1975-v-malajsii-je-zakazali-na-jare-vystoupi-v-praze\/","name":"The 1975: V Malajsii je zak\u00e1zali, na ja\u0159e vystoup\u00ed v Praze - Mzone","isPartOf":{"@id":"https:\/\/www.mzone.cz\/#website"},"primaryImageOfPage":{"@id":"https:\/\/www.mzone.cz\/the-1975-v-malajsii-je-zakazali-na-jare-vystoupi-v-praze\/#primaryimage"},"image":{"@id":"https:\/\/www.mzone.cz\/the-1975-v-malajsii-je-zakazali-na-jare-vystoupi-v-praze\/#primaryimage"},"thumbnailUrl":"https:\/\/www.mzone.cz\/wp-content\/uploads\/2023\/09\/The-1975-scaled.jpg","datePublished":"2023-09-02T03:00:00+00:00","author":{"@id":"https:\/\/www.mzone.cz\/#\/schema\/person\/9bc20cc422a99cac4af6ff9297da32d4"},"description":"Britsk\u00e1 kytarov\u00e1 senzace The 1975 se po leto\u0161n\u00ed skv\u011bl\u00e9 headline show na festivalu Rock for People vrac\u00ed na ja\u0159e p\u0159\u00ed\u0161t\u00edho roku do \u010cesk\u00e9 republiky.","breadcrumb":{"@id":"https:\/\/www.mzone.cz\/the-1975-v-malajsii-je-zakazali-na-jare-vystoupi-v-praze\/#breadcrumb"},"inLanguage":"en-US","potentialAction":[{"@type":"ReadAction","target":["https:\/\/www.mzone.cz\/the-1975-v-malajsii-je-zakazali-na-jare-vystoupi-v-praze\/"]}]},{"@type":"ImageObject","inLanguage":"en-US","@id":"https:\/\/www.mzone.cz\/the-1975-v-malajsii-je-zakazali-na-jare-vystoupi-v-praze\/#primaryimage","url":"https:\/\/www.mzone.cz\/wp-content\/uploads\/2023\/09\/The-1975-scaled.jpg","contentUrl":"https:\/\/www.mzone.cz\/wp-content\/uploads\/2023\/09\/The-1975-scaled.jpg","width":2560,"height":1707,"caption":"The 1975"},{"@type":"BreadcrumbList","@id":"https:\/\/www.mzone.cz\/the-1975-v-malajsii-je-zakazali-na-jare-vystoupi-v-praze\/#breadcrumb","itemListElement":[{"@type":"ListItem","position":1,"name":"Dom\u016f","item":"https:\/\/www.mzone.cz\/"},{"@type":"ListItem","position":2,"name":"The 1975: V Malajsii je zak\u00e1zali, na ja\u0159e vystoup\u00ed v Praze"}]},{"@type":"WebSite","@id":"https:\/\/www.mzone.cz\/#website","url":"https:\/\/www.mzone.cz\/","name":"Mzone","description":"Magaz\u00edn nejen pro mu\u017ee","potentialAction":[{"@type":"SearchAction","target":{"@type":"EntryPoint","urlTemplate":"https:\/\/www.mzone.cz\/?s={search_term_string}"},"query-input":{"@type":"PropertyValueSpecification","valueRequired":true,"valueName":"search_term_string"}}],"inLanguage":"en-US"},{"@type":"Person","@id":"https:\/\/www.mzone.cz\/#\/schema\/person\/9bc20cc422a99cac4af6ff9297da32d4","name":"Mzone","image":{"@type":"ImageObject","inLanguage":"en-US","@id":"https:\/\/secure.gravatar.com\/avatar\/e780a8630f3182a3d06dd667ab6bea151a0d155b0951bc15fe22633acdac0676?s=96&d=mm&r=g","url":"https:\/\/secure.gravatar.com\/avatar\/e780a8630f3182a3d06dd667ab6bea151a0d155b0951bc15fe22633acdac0676?s=96&d=mm&r=g","contentUrl":"https:\/\/secure.gravatar.com\/avatar\/e780a8630f3182a3d06dd667ab6bea151a0d155b0951bc15fe22633acdac0676?s=96&d=mm&r=g","caption":"Mzone"},"url":"https:\/\/www.mzone.cz\/en\/author\/jakub\/"}]}},"_links":{"self":[{"href":"https:\/\/www.mzone.cz\/en\/wp-json\/wp\/v2\/posts\/41780","targetHints":{"allow":["GET"]}}],"collection":[{"href":"https:\/\/www.mzone.cz\/en\/wp-json\/wp\/v2\/posts"}],"about":[{"href":"https:\/\/www.mzone.cz\/en\/wp-json\/wp\/v2\/types\/post"}],"author":[{"embeddable":true,"href":"https:\/\/www.mzone.cz\/en\/wp-json\/wp\/v2\/users\/4"}],"replies":[{"embeddable":true,"href":"https:\/\/www.mzone.cz\/en\/wp-json\/wp\/v2\/comments?post=41780"}],"version-history":[{"count":8,"href":"https:\/\/www.mzone.cz\/en\/wp-json\/wp\/v2\/posts\/41780\/revisions"}],"predecessor-version":[{"id":41792,"href":"https:\/\/www.mzone.cz\/en\/wp-json\/wp\/v2\/posts\/41780\/revisions\/41792"}],"wp:featuredmedia":[{"embeddable":true,"href":"https:\/\/www.mzone.cz\/en\/wp-json\/wp\/v2\/media\/41786"}],"wp:attachment":[{"href":"https:\/\/www.mzone.cz\/en\/wp-json\/wp\/v2\/media?parent=41780"}],"wp:term":[{"taxonomy":"category","embeddable":true,"href":"https:\/\/www.mzone.cz\/en\/wp-json\/wp\/v2\/categories?post=41780"},{"taxonomy":"post_tag","embeddable":true,"href":"https:\/\/www.mzone.cz\/en\/wp-json\/wp\/v2\/tags?post=41780"}],"curies":[{"name":"wp","href":"https:\/\/api.w.org\/{rel}","templated":true}]}}