{"id":41864,"date":"2023-09-07T05:00:00","date_gmt":"2023-09-07T03:00:00","guid":{"rendered":"https:\/\/www.mzone.cz\/?p=41864"},"modified":"2023-09-07T17:35:46","modified_gmt":"2023-09-07T15:35:46","slug":"werner-bronkhorst-se-sopecnym-popelem-pracuji-poprve","status":"publish","type":"post","link":"https:\/\/www.mzone.cz\/en\/werner-bronkhorst-se-sopecnym-popelem-pracuji-poprve\/","title":{"rendered":"Um\u011blec Werner Bronkhorst: Se sope\u010dn\u00fdm popelem pracuji poprv\u00e9"},"content":{"rendered":"<p><strong>Sjet na kole sopku v Guatemale b\u011bhem erupce, kdy kolem sebe metala \u017ehav\u00e9 kameny, sesb\u00edrat sope\u010dn\u00fd popel a vytvo\u0159it z n\u011bj obraz. K zat\u00edm nev\u00eddan\u00e9mu spojen\u00ed sportu a um\u011bn\u00ed do\u0161lo v p\u0159\u00edpad\u011b spole\u010dn\u00e9ho projektu\u00a0<a href=\"https:\/\/mondraker.com\/cz\/es\/OverTheEdge\" target=\"_blank\" rel=\"noopener\">Over the Edge<\/a>\u010desk\u00e9ho bikera\u00a0Richarda Gasperottiho\u00a0a jihoafrick\u00e9ho um\u011blce \u017eij\u00edc\u00edho v Austr\u00e1lii\u00a0Wernera Bronkhorsta, kter\u00fd tuto unik\u00e1tn\u00ed ud\u00e1lost p\u0159ibl\u00ed\u017eil v na\u0161em rozhovoru. D\u00edlo jde nyn\u00ed do\u00a0<a href=\"https:\/\/airauctioneer.com\/from-the-ashes\/from-the-ashes\" target=\"_blank\" rel=\"noopener\">aukce<\/a>!<\/strong><\/p><br>\n\n\n\n<p>Zachytit sportovn\u00ed v\u00fdkon ve fotografii nebo videu, to u\u017e tady bylo mnohokr\u00e1t.\u00a0<a href=\"https:\/\/mondraker.com\/cz\/en\/OverTheEdge\" target=\"_blank\" rel=\"noopener\">Projekt Over the Edge<\/a>\u00a0jde ale mnohem d\u00e1l. Bikov\u00fd freerider, n\u011bkolikan\u00e1sobn\u00fd \u00fa\u010dastn\u00edk z\u00e1vodu Red Bull Rampage, b\u00fdval\u00fd dr\u017eitel rychlostn\u00edho rekordu a dobrodruh\u00a0<strong><a href=\"https:\/\/www.instagram.com\/richardgasperotti\/\" target=\"_blank\" rel=\"noopener\">Richard Gasperotti<\/a>\u00a0sjel t\u0159i sopky v Guatemale jako prvn\u00ed \u010dlov\u011bk na sv\u011bt\u011b a jihoafrick\u00fd um\u011blec\u00a0<a href=\"https:\/\/www.instagram.com\/werner_bronkhorst\/\" target=\"_blank\" rel=\"noopener\">Werner Bronkhorst<\/a>\u00a0tento unik\u00e1tn\u00ed sportovn\u00ed moment vyu\u017eil jako inspiraci pro svou origin\u00e1ln\u00ed malbu<\/strong>. Cel\u00fd projekt od zdol\u00e1n\u00ed nebezpe\u010dn\u00fdch vulk\u00e1n\u016f a\u017e po zapracov\u00e1n\u00ed sope\u010dn\u00e9ho popelu do jedine\u010dn\u00e9ho obrazu bylo jedno velk\u00e9 dobrodru\u017estv\u00ed.<\/p><br>\n\n\n\n<p>Richard si zamiloval sopky u\u017e p\u0159ed lety. Kdy\u017e hledal, kam se vydat po Etn\u011b a Stromboli, na\u0161el Guatemalu, zemi st\u00e1le aktivn\u00edch vulk\u00e1n\u016f. Nejv\u00edc ze v\u0161ech mu u\u010darovala Fuego. Podporu mu sl\u00edbili v&nbsp;<a href=\"https:\/\/www.horsefeathers.cz\/\">Horsefeathers<\/a>&nbsp;a k t\u00fdmu se p\u0159ipojil fotograf Milo\u0161 \u0160t\u00e1fek, kameraman L\u00e1dis a mana\u017eer Honza. V Guatemale spole\u010dn\u011b str\u00e1vili dva t\u00fddny, kde nakonec nezdolali pouze Fuego, ale je\u0161t\u011b dal\u0161\u00ed dv\u011b sopky.<\/p>\n\n\n\n<blockquote class=\"wp-block-quote is-layout-flow wp-block-quote-is-layout-flow\">\n<p>Ned\u00e1 se to popsat. Jsi vysoko nad mraky, v pozad\u00ed asi \u010dty\u0159ikr\u00e1t do hodiny vybuchuje Fuego a i kdy\u017e sjede\u0161 zp\u00e1tky do z\u00e1kladn\u00edho t\u00e1bora a lehne\u0161 do stanu ve v\u00fd\u0161ce skoro \u010dty\u0159i tis\u00edce metr\u016f nad mo\u0159em, celou krajinu m\u00e1\u0161 po\u0159\u00e1d jako na dlani a na dosah ruky je jeden z nejaktivn\u011bj\u0161\u00edch vulk\u00e1n\u016f sv\u011bta, kter\u00fd ve tm\u011b z\u00e1\u0159\u00ed jako rud\u00fd lunapark.<\/p>\n<\/blockquote>\n\n\n\n<p>Na v\u0161ech t\u0159ech sopk\u00e1ch &#8211; Pacaye, Acatenangu i Fuegu &#8211;\u00a0<strong>Richard nasb\u00edral sope\u010dn\u00fd popel a kam\u00ednky a poslal je do Austr\u00e1lie Werneru Bronkhorstovi, kter\u00fd z nich sl\u00edbil vytvo\u0159it um\u011bleck\u00e9 d\u00edlo<\/strong>. Obraz, kter\u00fd vznikl spojen\u00edm extr\u00e9mn\u00edho sportovn\u00edho v\u00fdkonu a origin\u00e1ln\u00edho mal\u00ed\u0159sk\u00e9ho postupu,\u00a0<a href=\"https:\/\/airauctioneer.com\/from-the-ashes\/from-the-ashes\" target=\"_blank\" rel=\"noopener\">bude nyn\u00ed vydra\u017een<\/a>\u00a0ve spolupr\u00e1ci s firmou Mondraker a v\u00fdnos z prodeje bude pou\u017eit na dobro\u010dinn\u00e9 \u00fa\u010dely.\u00a0\u201eA to je na na\u0161em spole\u010dn\u00e9m projektu to v\u016fbec nejlep\u0161\u00ed,\u201d\u00a0shoduj\u00ed se Richard a Werner.<\/p><br>\n\n\n\n<figure class=\"wp-block-image size-large\"><img loading=\"lazy\" decoding=\"async\" width=\"1024\" height=\"683\" src=\"https:\/\/www.mzone.cz\/wp-content\/uploads\/2023\/09\/M_S-GU23-203-kopie-1-1024x683.jpg\" alt=\"Gaspi sb\u00edr\u00e1 popel\" class=\"wp-image-41873\" srcset=\"https:\/\/www.mzone.cz\/wp-content\/uploads\/2023\/09\/M_S-GU23-203-kopie-1-1024x683.jpg 1024w, https:\/\/www.mzone.cz\/wp-content\/uploads\/2023\/09\/M_S-GU23-203-kopie-1-300x200.jpg 300w, https:\/\/www.mzone.cz\/wp-content\/uploads\/2023\/09\/M_S-GU23-203-kopie-1-768x512.jpg 768w, https:\/\/www.mzone.cz\/wp-content\/uploads\/2023\/09\/M_S-GU23-203-kopie-1-1536x1024.jpg 1536w, https:\/\/www.mzone.cz\/wp-content\/uploads\/2023\/09\/M_S-GU23-203-kopie-1-2048x1365.jpg 2048w, https:\/\/www.mzone.cz\/wp-content\/uploads\/2023\/09\/M_S-GU23-203-kopie-1-18x12.jpg 18w, https:\/\/www.mzone.cz\/wp-content\/uploads\/2023\/09\/M_S-GU23-203-kopie-1-800x533.jpg 800w, https:\/\/www.mzone.cz\/wp-content\/uploads\/2023\/09\/M_S-GU23-203-kopie-1-400x267.jpg 400w, https:\/\/www.mzone.cz\/wp-content\/uploads\/2023\/09\/M_S-GU23-203-kopie-1-500x333.jpg 500w, https:\/\/www.mzone.cz\/wp-content\/uploads\/2023\/09\/M_S-GU23-203-kopie-1-1170x780.jpg 1170w, https:\/\/www.mzone.cz\/wp-content\/uploads\/2023\/09\/M_S-GU23-203-kopie-1-590x393.jpg 590w\" sizes=\"auto, (max-width: 1024px) 100vw, 1024px\" \/><\/figure><br>\n\n\n\n<p>Z guatemalsk\u00e9ho dobrodru\u017estv\u00ed vzniklo tak\u00e9&nbsp;<a href=\"https:\/\/www.youtube.com\/watch?v=T3Ip_UTK1Sk\" target=\"_blank\" rel=\"noopener\">video<\/a>&nbsp;a tento rozhovor s autorem v\u00fdsledn\u00e9ho d\u00edla:<\/p><br>\n\n\n\n<p><strong>\u017dhav\u00e1 l\u00e1va, j\u00edzda na horsk\u00e9m kole a v\u00fdtvarn\u00e9 um\u011bn\u00ed, takhle dohromady to zn\u00ed dost \u0161\u00edlen\u011b. Wernere, p\u0159ibli\u017ete n\u00e1m, o co v projektu Over the Edge jde?<\/strong><\/p>\n\n\n\n<p>S p\u016fvodn\u00ed my\u0161lenkou p\u0159i\u0161el \u010desk\u00fd biker Richard Gasperotti, kter\u00fd se vydal do Guatemaly, aby na sv\u00e9m kole sjel t\u0159i \u010dinn\u00e9 sopky: Pacayu, Acatenango a Fuego. Posledn\u00ed ze jmenovan\u00fdch b\u011bhem jeho j\u00edzdy dokonce vybuchla a metala kolem sebe \u017ehav\u00e9 kameny velk\u00e9 jak n\u00e1kupn\u00ed ta\u0161ky. Richard na\u0161t\u011bst\u00ed j\u00edzdu p\u0159e\u017eil a na ka\u017ed\u00e9 sopce sesb\u00edral popel, kter\u00fd mi poslal do Austr\u00e1lie, abych jej zakomponoval do obrazu.<\/p><br>\n\n\n\n<p><strong>Jak\u00e9 byly va\u0161e prvn\u00ed dojmy, kdy\u017e jste za\u010dal tvo\u0159it obraz s vyu\u017eit\u00edm sope\u010dn\u00e9ho popela z Guatemaly?<\/strong><\/p>\n\n\n\n<p>Ne ka\u017ed\u00fd um\u011blec dostane p\u0159\u00edle\u017eitost spolupracovat na opravdu \u00fa\u017easn\u00fdch projektech, nato\u017e pracovat se sope\u010dn\u00fdm popelem nasb\u00edran\u00fdm z aktivn\u00edch sopek. Je to p\u0159inejmen\u0161\u00edm \u0161\u00edlen\u00e9, ale v\u017edycky jsem si kladl za c\u00edl posouvat hranice sv\u00e9ho um\u011bn\u00ed. A jak to ud\u011blat l\u00e9pe ne\u017e sm\u00edchat barvy s kameny?<\/p><br>\n\n\n\n<p><strong>Pamatujete si, jak do\u0161lo k va\u0161emu propojen\u00e9 s cyklistou Richardem Gasperottim?<\/strong><\/p>\n\n\n\n<p>Do\u0161lo k tomu pot\u00e9, co m\u011b p\u0159es Instagram oslovil Jan Dvo\u0159\u00e1k ze Sport in Art a p\u0159edstavil m\u011b Richardovi. Richardova energie, nad\u0161en\u00ed a odvaha m\u011b okam\u017eit\u011b p\u0159esv\u011bd\u010dily, abych se k tomuto unik\u00e1tn\u00edmu projektu p\u0159ipojil t\u00edm, co um\u00edm, tedy malbou. Pro m\u011b to byla \u00fa\u017easn\u00e1 p\u0159\u00edle\u017eitost ke spolupr\u00e1ci.<\/p><br>\n\n\n\n<figure class=\"wp-block-image size-large\"><img loading=\"lazy\" decoding=\"async\" width=\"1024\" height=\"683\" src=\"https:\/\/www.mzone.cz\/wp-content\/uploads\/2023\/09\/M_S-Gasp-3-1024x683.jpg\" alt=\"Gaspi a Bronkhorstovo d\u00edlo\" class=\"wp-image-41881\" srcset=\"https:\/\/www.mzone.cz\/wp-content\/uploads\/2023\/09\/M_S-Gasp-3-1024x683.jpg 1024w, https:\/\/www.mzone.cz\/wp-content\/uploads\/2023\/09\/M_S-Gasp-3-300x200.jpg 300w, https:\/\/www.mzone.cz\/wp-content\/uploads\/2023\/09\/M_S-Gasp-3-768x512.jpg 768w, https:\/\/www.mzone.cz\/wp-content\/uploads\/2023\/09\/M_S-Gasp-3-1536x1024.jpg 1536w, https:\/\/www.mzone.cz\/wp-content\/uploads\/2023\/09\/M_S-Gasp-3-2048x1366.jpg 2048w, https:\/\/www.mzone.cz\/wp-content\/uploads\/2023\/09\/M_S-Gasp-3-18x12.jpg 18w, https:\/\/www.mzone.cz\/wp-content\/uploads\/2023\/09\/M_S-Gasp-3-800x533.jpg 800w, https:\/\/www.mzone.cz\/wp-content\/uploads\/2023\/09\/M_S-Gasp-3-400x267.jpg 400w, https:\/\/www.mzone.cz\/wp-content\/uploads\/2023\/09\/M_S-Gasp-3-500x333.jpg 500w, https:\/\/www.mzone.cz\/wp-content\/uploads\/2023\/09\/M_S-Gasp-3-1170x780.jpg 1170w, https:\/\/www.mzone.cz\/wp-content\/uploads\/2023\/09\/M_S-Gasp-3-590x393.jpg 590w\" sizes=\"auto, (max-width: 1024px) 100vw, 1024px\" \/><\/figure><br>\n\n\n\n<p><strong>V minulosti va\u0161e d\u00edlo zahrnovalo mnoho drobn\u00fdch surfa\u0159\u016f nebo ly\u017ea\u0159\u016f, ale te\u010f se posouv\u00e1te do sv\u011bta horsk\u00fdch kol. M\u00e1te s\u00e1m n\u011bjak\u00fd cyklistick\u00fd z\u00e1\u017eitek?<\/strong><\/p>\n\n\n\n<p>To m\u00e1m. M\u016fj str\u00fdc byl v\u00e1\u0161niv\u00fd horsk\u00fd cyklista, tak\u017ee kdy\u017e zjistil, \u017ee jsem si ve sv\u00fdch t\u0159in\u00e1cti letech koupil za v\u0161echny pen\u00edze k narozenin\u00e1m sv\u00e9 prvn\u00ed horsk\u00e9 kolo, postaral se o to, abych se do tohoto sportu tak\u00e9 zamiloval. S\u00e1m moc nesportoval, proto\u017ee m\u011bl v t\u00e9 dob\u011b pr\u00e1ci na pln\u00fd \u00favazek a dv\u011b d\u011bti, ale \u010dasto m\u011b bral s sebou na kolo. O rok pozd\u011bji n\u00e1s oba p\u0159ihl\u00e1sil do sout\u011b\u017ee na 20 km. Nev\u011bd\u011bl, \u017ee na kolem jezd\u00edm prakticky denn\u011b do \u0161koly a \u017ee nebydl\u00edm zrovna v nejrovinat\u011bj\u0161\u00ed oblasti, tak\u017ee na m\u011b nijak netla\u010dil. M\u016fj ro\u010dn\u00ed tr\u00e9nink mi asi dost pomohl, proto\u017ee na konci z\u00e1vodu jsem na n\u011bj musel hodinu \u010dekat. Ta vzpom\u00ednka mi utkv\u011bla v pam\u011bti, proto\u017ee jsem se v tu chv\u00edli c\u00edtil jako opravdov\u00fd mu\u017e. Zdol\u00e1v\u00e1n\u00ed kamenit\u00fdch kopc\u016f, bahnit\u00fdch \u00fadol\u00ed, k\u0159ovinat\u00fdch cest&#8230; ten pocit se nepodobal \u017e\u00e1dn\u00e9mu jin\u00e9mu. Opravdu jsem se do cyklistiky zamiloval!<\/p><br>\n\n\n\n<p><strong>Zd\u00e1 se, \u017ee kombinujete miniatury &#8211; skoro by se dalo \u0159\u00edct komiksov\u00e9 postavy &#8211; a drsn\u00e9 pozad\u00ed. Jak va\u0161e obrazy vznikaj\u00ed?<\/strong><\/p>\n\n\n\n<p>Je zvl\u00e1\u0161tn\u00ed, \u017ee pou\u017e\u00edv\u00e1te slovo \u201ekomiksov\u00e9 postavy\u201d. I kdy\u017e v dob\u011b, kdy jsem vyr\u016fstal (narodil jsem se v roce 2001), byly komiksy minulost\u00ed, miloval jsem star\u00e9 knihy, zejm\u00e9na ty s obr\u00e1zky. Tintin, jeho dobrodru\u017estv\u00ed a cesty po sv\u011bt\u011b m\u011b inspirovaly do t\u00e9 m\u00edry, \u017ee nyn\u00ed ve sv\u00fdch d\u00edlech zkoum\u00e1m nov\u00e1 m\u00e9dia a cestuji po sv\u011bt\u011b malov\u00e1n\u00edm v\u00fdjev\u016f z r\u016fzn\u00fdch m\u00edst na planet\u011b. Slovo \u201ekomiks&#8221; ve sv\u00fdch d\u00edlech posouv\u00e1m o krok d\u00e1l, proto\u017ee jednou z nejv\u011bt\u0161\u00edch sou\u010d\u00e1st\u00ed m\u00fdch d\u011bl jsou pon\u011bkud jazykov\u011b komick\u00e9 n\u00e1zvy, kter\u00e9 v\u00e1s rozesm\u011bj\u00ed nebo donut\u00ed p\u0159em\u00fd\u0161let o t\u00e9matech tak, jak to d\u011blaj\u00ed komiksy.<\/p><br>\n\n\n\n<p><strong>Jak byste popsal sv\u00e1 d\u00edla n\u011bkomu, kdo by nem\u011bl mo\u017enost vid\u011bt je osobn\u011b?<\/strong><\/p>\n\n\n\n<p>V muze\u00edch je v\u017edycky cedule s n\u00e1pisem \u201enedot\u00fdkat se\u201d. Pova\u017euji to za smutn\u00e9, proto\u017ee ne ka\u017ed\u00fd m\u00e1 mo\u017enost um\u011bn\u00ed fyzicky vid\u011bt, a p\u0159ich\u00e1z\u00ed tak o kr\u00e1su, kterou um\u011bn\u00ed nab\u00edz\u00ed. L\u00edb\u00ed se mi, \u017ee mohu ve sv\u00fdch d\u00edlech pou\u017e\u00edvat texturu, proto\u017ee to lidi p\u0159itahuje. Umo\u017e\u0148uje jim to, aby c\u00edtili hladk\u00e9 nebo drsn\u00e9 textury barev, d\u0159eva a dokonce i om\u00edtky, kter\u00e9 pou\u017e\u00edv\u00e1m. Je to pro m\u011b d\u016fle\u017eit\u00e9, proto\u017ee moje d\u00edla mohou ocenit i nevidom\u00ed. Pro m\u011b je cel\u00fd sv\u011bt pl\u00e1tno, my po n\u011bm jen chod\u00edme. Na za\u010d\u00e1tku sv\u00fdch obraz\u016f pou\u017e\u00edv\u00e1m materi\u00e1ly, jako je om\u00edtka, barva nebo d\u0159evo, abych vytvo\u0159il abstraktn\u00ed, texturou tvo\u0159en\u00e9 pozad\u00ed, \u010dasto v jedn\u00e9 celistv\u00e9 barv\u011b. Pak maluji mal\u00e9 lidi, kte\u0159\u00ed plavou, ly\u017euj\u00ed, jezd\u00ed na kole, jdou p\u011b\u0161ky, surfuj\u00ed&#8230; seznam by mohl pokra\u010dovat. Tyto obrazy vypadaj\u00ed jako pohled na n\u00e1\u0161 sv\u011bt z pta\u010d\u00ed perspektivy.<\/p><br>\n\n\n\n<figure class=\"wp-block-image size-large\"><img loading=\"lazy\" decoding=\"async\" width=\"1024\" height=\"683\" src=\"https:\/\/www.mzone.cz\/wp-content\/uploads\/2023\/09\/WB_2-2-1024x683.jpg\" alt=\"Bronkhorstova pr\u00e1ce\" class=\"wp-image-41889\" srcset=\"https:\/\/www.mzone.cz\/wp-content\/uploads\/2023\/09\/WB_2-2-1024x683.jpg 1024w, https:\/\/www.mzone.cz\/wp-content\/uploads\/2023\/09\/WB_2-2-300x200.jpg 300w, https:\/\/www.mzone.cz\/wp-content\/uploads\/2023\/09\/WB_2-2-768x512.jpg 768w, https:\/\/www.mzone.cz\/wp-content\/uploads\/2023\/09\/WB_2-2-1536x1024.jpg 1536w, https:\/\/www.mzone.cz\/wp-content\/uploads\/2023\/09\/WB_2-2-2048x1365.jpg 2048w, https:\/\/www.mzone.cz\/wp-content\/uploads\/2023\/09\/WB_2-2-18x12.jpg 18w, https:\/\/www.mzone.cz\/wp-content\/uploads\/2023\/09\/WB_2-2-800x533.jpg 800w, https:\/\/www.mzone.cz\/wp-content\/uploads\/2023\/09\/WB_2-2-400x267.jpg 400w, https:\/\/www.mzone.cz\/wp-content\/uploads\/2023\/09\/WB_2-2-500x333.jpg 500w, https:\/\/www.mzone.cz\/wp-content\/uploads\/2023\/09\/WB_2-2-1170x780.jpg 1170w, https:\/\/www.mzone.cz\/wp-content\/uploads\/2023\/09\/WB_2-2-590x393.jpg 590w\" sizes=\"auto, (max-width: 1024px) 100vw, 1024px\" \/><\/figure><br>\n\n\n\n<p><strong>Pracujete rychle, nebo vytv\u00e1\u0159\u00edte obrazy promy\u0161len\u011b, v mnoha kroc\u00edch?&nbsp;<\/strong><\/p>\n\n\n\n<p>Moje d\u00edla se skl\u00e1daj\u00ed ze dvou hlavn\u00edch z\u00e1kladn\u00edch rovin: z abstraktn\u00edho, texturovan\u00e9ho a barevn\u00e9ho pozad\u00ed a realistick\u00fdch miniatur v pop\u0159ed\u00ed. Vzhledem k tomu, \u017ee si pl\u00e1tna a n\u00e1stroje \u010dasto vyr\u00e1b\u00edm s\u00e1m, trv\u00e1 cel\u00fd proces velmi dlouho, zejm\u00e9na pokud jde o tvorbu miniaturn\u00edch postav, z nich\u017e ka\u017ed\u00e1 m\u016f\u017ee vznikat jednu a\u017e dv\u011b hodiny. N\u011bkter\u00e9 obrazy maj\u00ed t\u0159eba i sto figurek! Ne\u017e za\u010dnu tvo\u0159it, o ka\u017ed\u00e9m motivu v\u017edy dlouho p\u0159em\u00fd\u0161l\u00edm. Svou p\u0159edchoz\u00ed s\u00e9rii s n\u00e1zvem \u201eTahy\u201c jsem vym\u00fd\u0161lel cel\u00fd rok. I kdy\u017e moje d\u00edla vznikaj\u00ed promy\u0161len\u011b, nikdy nemohu zcela p\u0159edv\u00eddat, jak\u00fd bude v\u00fdsledek. V\u017edy je to trochu proces pokus\u016f a omyl\u016f.<\/p><br>\n\n\n\n<p><strong>Jak ovlivnilo va\u0161i tvorbu to, \u017ee se v\u00e1m narodila dcera?<\/strong><\/p>\n\n\n\n<p>Moje dcera Florence je pro m\u011b neust\u00e1lou inspirac\u00ed, proto\u017ee vid\u00ed sv\u011bt z jin\u00e9 perspektivy. D\u00edky n\u00ed si op\u011bt uv\u011bdomuji, jak\u00e9 to bylo b\u00fdt d\u00edt\u011btem. Sv\u011bt byl tak velk\u00fd a j\u00e1 jsem se v n\u011bm c\u00edtil tak ztracen\u00fd. Te\u010f m\u00e1m sv\u011bt jako na dlani. Proto jsou na m\u00fdch obrazech mal\u00ed lid\u00e9 na velk\u00e9m pl\u00e1tn\u011b. Ukazuje to, jak vypad\u00e1 n\u00e1\u0161 sv\u011bt. \u00a0To, \u017ee jsem mlad\u00fd t\u00e1ta, kter\u00fd m\u016f\u017ee pracovat z domova, tak\u00e9 znamen\u00e1, \u017ee s Florence mohu tr\u00e1vit hodn\u011b \u010dasu. \u010casto maluji tak, \u017ee ji m\u00e1m v nos\u00edtku. Mysl\u00edm, \u017ee je d\u016fle\u017eit\u00e9, aby vid\u011bla, jak se um\u011bn\u00ed tvo\u0159\u00ed, a aby byla k tvorb\u011b vedena.<\/p><br>\n\n\n\n<p><strong>Po\u010det va\u0161ich sleduj\u00edc\u00edch na&nbsp;<a href=\"https:\/\/www.instagram.com\/werner_bronkhorst\/?hl=cs\">Instagramu<\/a>&nbsp;se b\u011bhem kr\u00e1tk\u00e9 doby prudce zv\u00fd\u0161il. Co bylo zlomov\u00fdm bodem na cest\u011b k \u00fasp\u011bchu?<\/strong><\/p>\n\n\n\n<p>V\u017edycky si d\u011bl\u00e1m legraci, \u017ee to byl \u00fasp\u011bch ze dne na den, kter\u00fd trval 8 let. Bylo to postupn\u00e9 stoup\u00e1n\u00ed od jednoho sleduj\u00edc\u00edho ke druh\u00e9mu, zat\u00edmco jsem sk\u00e1kal od projektu k projektu a sna\u017eil se naj\u00edt sv\u016fj styl. Nakonec jsem ho na\u0161el, kdy\u017e jsem vytvo\u0159il sv\u00e9 prvn\u00ed um\u011bleck\u00e9 d\u00edlo s ly\u017ea\u0159i na textu\u0159e, kter\u00e9 jsem zve\u0159ejnil na Tik Toku. Stalo se z n\u011bj vir\u00e1ln\u00ed video, co\u017e vedlo k vytvo\u0159en\u00ed cel\u00e9 sb\u00edrky prac\u00ed. Jsem vd\u011b\u010dn\u00fd, \u017ee to v\u0161echno bylo tak dokonale na\u010dasovan\u00e9!<\/p><br>\n\n\n\n<p><strong>Jak\u00e9 jsou va\u0161e pocity ze spojen\u00ed sportu a um\u011bn\u00ed? Jak jdou tyto dv\u011b \u010dinnosti dohromady?<\/strong><\/p>\n\n\n\n<p>Sport je takov\u00e1 demokratick\u00e1 \u010dinnost. Mlad\u00ed, sta\u0159\u00ed, d\u00edvky, chlapci, profesion\u00e1lov\u00e9, amat\u00e9\u0159i, talentovan\u00ed &#8211; ka\u017ed\u00fd se mu m\u016f\u017ee n\u011bjak v\u011bnovat, aby si udr\u017eel zdrav\u00ed nebo vyj\u00e1d\u0159il sv\u00e9 schopnosti. Sport m\u00e1 tak\u00e9 moc lidi spojovat. Um\u011bn\u00ed je na tom velmi podobn\u011b! Tvo\u0159it m\u016f\u017ee kdokoli a pro kohokoli, a to mi nmd\u011bl\u00e1 radost. Pak si samoz\u0159ejm\u011b m\u016f\u017eete jen p\u0159edstavovat, co dobr\u00e9ho m\u016f\u017ee vzniknout, kdy\u017e tyto dv\u011b v\u011bci sm\u00edch\u00e1te dohromady&#8230; je to magie.<\/p><br>\n\n\n\n<figure class=\"wp-block-image size-large\"><img loading=\"lazy\" decoding=\"async\" width=\"1024\" height=\"682\" src=\"https:\/\/www.mzone.cz\/wp-content\/uploads\/2023\/09\/M_S-Gasp-9-1024x682.jpg\" alt=\"Detail d\u00edla\" class=\"wp-image-41891\" srcset=\"https:\/\/www.mzone.cz\/wp-content\/uploads\/2023\/09\/M_S-Gasp-9-1024x682.jpg 1024w, https:\/\/www.mzone.cz\/wp-content\/uploads\/2023\/09\/M_S-Gasp-9-300x200.jpg 300w, https:\/\/www.mzone.cz\/wp-content\/uploads\/2023\/09\/M_S-Gasp-9-768x512.jpg 768w, https:\/\/www.mzone.cz\/wp-content\/uploads\/2023\/09\/M_S-Gasp-9-1536x1024.jpg 1536w, https:\/\/www.mzone.cz\/wp-content\/uploads\/2023\/09\/M_S-Gasp-9-2048x1365.jpg 2048w, https:\/\/www.mzone.cz\/wp-content\/uploads\/2023\/09\/M_S-Gasp-9-18x12.jpg 18w, https:\/\/www.mzone.cz\/wp-content\/uploads\/2023\/09\/M_S-Gasp-9-800x533.jpg 800w, https:\/\/www.mzone.cz\/wp-content\/uploads\/2023\/09\/M_S-Gasp-9-400x267.jpg 400w, https:\/\/www.mzone.cz\/wp-content\/uploads\/2023\/09\/M_S-Gasp-9-500x333.jpg 500w, https:\/\/www.mzone.cz\/wp-content\/uploads\/2023\/09\/M_S-Gasp-9-1170x780.jpg 1170w, https:\/\/www.mzone.cz\/wp-content\/uploads\/2023\/09\/M_S-Gasp-9-590x393.jpg 590w\" sizes=\"auto, (max-width: 1024px) 100vw, 1024px\" \/><\/figure><br>\n\n\n\n<p><strong>Jak\u00e9 jsou va\u0161e c\u00edle pro tento rok?<\/strong><\/p>\n\n\n\n<p>Pokra\u010dovat v posouv\u00e1n\u00ed hranic, kter\u00e9 stanovuj\u00ed ostatn\u00ed um\u011blci a div\u00e1ci. Jsem tu, abych se bavil a u\u010dil a abych se p\u0159itom d\u011blil o skv\u011bl\u00e1 um\u011bleck\u00e1 d\u00edla. Moje c\u00edle sahaj\u00ed daleko za hranice tohoto roku, ale mohu v\u00e1m \u0159\u00edct, \u017ee m\u00e1m v pl\u00e1nu nov\u00e9 vzru\u0161uj\u00edc\u00ed projekty. Mysl\u00edm si na v\u00fdstavu v Lond\u00fdn\u011b, kde m\u00e1 d\u00edla o\u017eij\u00ed. Pokud chcete vid\u011bt, co m\u00e1m na mysli, sledujte mou cestu na m\u00e9m Instagramu.<\/p><br>\n\n\n\n<p><strong><a href=\"https:\/\/airauctioneer.com\/from-the-ashes\/from-the-ashes\" target=\"_blank\" rel=\"noopener\">Mezin\u00e1rodn\u00ed aukce<\/a> tohoto obrazu za\u010d\u00edn\u00e1 8. z\u00e1\u0159\u00ed od 12 hodin a kon\u010d\u00ed 10. z\u00e1\u0159\u00ed ve 12 hodin.<\/strong><\/p><br>\n\n\n\n<p><strong>Zdroj rozhovoru: <a href=\"https:\/\/www.sportin.art\/cs\/detail-clanku\/werner-bronkhorst-se-sopecnym-popelem-pracuji-poprve\" target=\"_blank\" rel=\"noopener\">Sport in Art<\/a><\/strong><\/p><br>\n\n\n\n<div class=\"wp-block-media-text is-stacked-on-mobile is-vertically-aligned-top\" style=\"grid-template-columns:23% auto\"><figure class=\"wp-block-media-text__media\"><a href=\"https:\/\/www.mzone.cz\/gasperotti-sjel-na-kole-jako-prvni-250-metru-hluboky-lom\/\"><img loading=\"lazy\" decoding=\"async\" width=\"1024\" height=\"683\" src=\"https:\/\/www.mzone.cz\/wp-content\/uploads\/2021\/12\/Gaspi-jizda-v-lomu-1024x683.jpg\" alt=\"Gaspi - j\u00edzda v lomu\" class=\"wp-image-34900 size-full\" srcset=\"https:\/\/www.mzone.cz\/wp-content\/uploads\/2021\/12\/Gaspi-jizda-v-lomu-1024x683.jpg 1024w, https:\/\/www.mzone.cz\/wp-content\/uploads\/2021\/12\/Gaspi-jizda-v-lomu-300x200.jpg 300w, https:\/\/www.mzone.cz\/wp-content\/uploads\/2021\/12\/Gaspi-jizda-v-lomu-768x512.jpg 768w, https:\/\/www.mzone.cz\/wp-content\/uploads\/2021\/12\/Gaspi-jizda-v-lomu-1536x1024.jpg 1536w, https:\/\/www.mzone.cz\/wp-content\/uploads\/2021\/12\/Gaspi-jizda-v-lomu-2048x1366.jpg 2048w, https:\/\/www.mzone.cz\/wp-content\/uploads\/2021\/12\/Gaspi-jizda-v-lomu-18x12.jpg 18w, https:\/\/www.mzone.cz\/wp-content\/uploads\/2021\/12\/Gaspi-jizda-v-lomu-800x533.jpg 800w, https:\/\/www.mzone.cz\/wp-content\/uploads\/2021\/12\/Gaspi-jizda-v-lomu-400x267.jpg 400w, https:\/\/www.mzone.cz\/wp-content\/uploads\/2021\/12\/Gaspi-jizda-v-lomu-500x333.jpg 500w, https:\/\/www.mzone.cz\/wp-content\/uploads\/2021\/12\/Gaspi-jizda-v-lomu-1170x780.jpg 1170w, https:\/\/www.mzone.cz\/wp-content\/uploads\/2021\/12\/Gaspi-jizda-v-lomu-590x393.jpg 590w\" sizes=\"auto, (max-width: 1024px) 100vw, 1024px\" \/><\/a><\/figure><div class=\"wp-block-media-text__content\">\n<h4 class=\"wp-block-heading\"><a href=\"https:\/\/www.mzone.cz\/gasperotti-sjel-na-kole-jako-prvni-250-metru-hluboky-lom\/\">VIDEO: Gasperotti sjel na kole jako prvn\u00ed 250 metr\u016f hlubok\u00fd lom<\/a><\/h4><br>\n<\/div><\/div>","protected":false},"excerpt":{"rendered":"<p>Sjet na kole sopku v Guatemale b\u011bhem erupce, kdy kolem sebe metala \u017ehav\u00e9 kameny, sesb\u00edrat sope\u010dn\u00fd popel a vytvo\u0159it z n\u011bj obraz. K zat\u00edm nev\u00eddan\u00e9mu spojen\u00ed sportu a um\u011bn\u00ed do\u0161lo v p\u0159\u00edpad\u011b spole\u010dn\u00e9ho projektu\u00a0Over the Edge\u010desk\u00e9ho bikera\u00a0Richarda Gasperottiho\u00a0a jihoafrick\u00e9ho um\u011blce \u017eij\u00edc\u00edho v Austr\u00e1lii\u00a0Wernera Bronkhorsta, kter\u00fd tuto unik\u00e1tn\u00ed ud\u00e1lost p\u0159ibl\u00ed\u017eil v na\u0161em rozhovoru. D\u00edlo jde nyn\u00ed [&hellip;]<\/p>\n","protected":false},"author":4,"featured_media":41870,"comment_status":"open","ping_status":"closed","sticky":false,"template":"","format":"standard","meta":{"kk_blocks_editor_width":"","_kiokenblocks_attr":"","_kiokenblocks_dimensions":"","footnotes":""},"categories":[71,80,72],"tags":[2101,3101,3979,1950,2430,5991,4898,1953,31,2429,5989,3604,2432,3054,5990,530,42,1842,5988,957,5987],"class_list":["post-41864","post","type-post","status-publish","format-standard","has-post-thumbnail","hentry","category-kultura","category-sport","category-umeni","tag-aukce","tag-bike","tag-biker","tag-cyklistika","tag-gaspi","tag-guatemala","tag-jizdni-kolo","tag-kolo","tag-kultura","tag-mtb","tag-over-the-edge","tag-projekt","tag-richard-gasperotti","tag-sjezd","tag-sopecny-popel","tag-sopka","tag-sport","tag-umelec","tag-umelecke-dilo","tag-umeni","tag-werner-bronkhorst"],"yoast_head":"<!-- This site is optimized with the Yoast SEO plugin v27.5 - https:\/\/yoast.com\/product\/yoast-seo-wordpress\/ -->\n<title>Um\u011blec Werner Bronkhorst: Se sope\u010dn\u00fdm popelem pracuji poprv\u00e9 - Mzone<\/title>\n<meta name=\"description\" content=\"Sjet na kole sopku v Guatemale b\u011bhem erupce, kdy kolem sebe metala \u017ehav\u00e9 kameny, sesb\u00edrat sope\u010dn\u00fd popel a vytvo\u0159it z n\u011bj obraz. K zat\u00edm nev\u00eddan\u00e9mu spojen\u00ed sportu a um\u011bn\u00ed do\u0161lo v p\u0159\u00edpad\u011b spole\u010dn\u00e9ho projektu Over the Edge \u010desk\u00e9ho bikera Richarda Gasperottiho a jihoafrick\u00e9ho um\u011blce \u017eij\u00edc\u00edho v Austr\u00e1lii Wernera Bronkhorsta, kter\u00fd tuto unik\u00e1tn\u00ed ud\u00e1lost p\u0159ibl\u00ed\u017eil v na\u0161em rozhovoru. D\u00edlo jde nyn\u00ed do aukce!\" \/>\n<meta name=\"robots\" content=\"index, follow, max-snippet:-1, max-image-preview:large, max-video-preview:-1\" \/>\n<link rel=\"canonical\" href=\"https:\/\/www.mzone.cz\/en\/werner-bronkhorst-se-sopecnym-popelem-pracuji-poprve\/\" \/>\n<meta property=\"og:locale\" content=\"en_US\" \/>\n<meta property=\"og:type\" content=\"article\" \/>\n<meta property=\"og:title\" content=\"Um\u011blec Werner Bronkhorst: Se sope\u010dn\u00fdm popelem pracuji poprv\u00e9 - Mzone\" \/>\n<meta property=\"og:description\" content=\"Sjet na kole sopku v Guatemale b\u011bhem erupce, kdy kolem sebe metala \u017ehav\u00e9 kameny, sesb\u00edrat sope\u010dn\u00fd popel a vytvo\u0159it z n\u011bj obraz. K zat\u00edm nev\u00eddan\u00e9mu spojen\u00ed sportu a um\u011bn\u00ed do\u0161lo v p\u0159\u00edpad\u011b spole\u010dn\u00e9ho projektu Over the Edge \u010desk\u00e9ho bikera Richarda Gasperottiho a jihoafrick\u00e9ho um\u011blce \u017eij\u00edc\u00edho v Austr\u00e1lii Wernera Bronkhorsta, kter\u00fd tuto unik\u00e1tn\u00ed ud\u00e1lost p\u0159ibl\u00ed\u017eil v na\u0161em rozhovoru. D\u00edlo jde nyn\u00ed do aukce!\" \/>\n<meta property=\"og:url\" content=\"https:\/\/www.mzone.cz\/en\/werner-bronkhorst-se-sopecnym-popelem-pracuji-poprve\/\" \/>\n<meta property=\"og:site_name\" content=\"Mzone\" \/>\n<meta property=\"article:publisher\" content=\"https:\/\/www.facebook.com\/MzoneCZ\/\" \/>\n<meta property=\"article:published_time\" content=\"2023-09-07T03:00:00+00:00\" \/>\n<meta property=\"article:modified_time\" content=\"2023-09-07T15:35:46+00:00\" \/>\n<meta property=\"og:image\" content=\"https:\/\/www.mzone.cz\/wp-content\/uploads\/2023\/09\/Werner-Bronkhorst-a-jeho-dilo.jpg\" \/>\n\t<meta property=\"og:image:width\" content=\"1974\" \/>\n\t<meta property=\"og:image:height\" content=\"1316\" \/>\n\t<meta property=\"og:image:type\" content=\"image\/jpeg\" \/>\n<meta name=\"author\" content=\"Mzone\" \/>\n<meta name=\"twitter:card\" content=\"summary_large_image\" \/>\n<meta name=\"twitter:label1\" content=\"Written by\" \/>\n\t<meta name=\"twitter:data1\" content=\"Mzone\" \/>\n\t<meta name=\"twitter:label2\" content=\"Est. reading time\" \/>\n\t<meta name=\"twitter:data2\" content=\"9 minutes\" \/>\n<script type=\"application\/ld+json\" class=\"yoast-schema-graph\">{\"@context\":\"https:\\\/\\\/schema.org\",\"@graph\":[{\"@type\":\"Article\",\"@id\":\"https:\\\/\\\/www.mzone.cz\\\/werner-bronkhorst-se-sopecnym-popelem-pracuji-poprve\\\/#article\",\"isPartOf\":{\"@id\":\"https:\\\/\\\/www.mzone.cz\\\/werner-bronkhorst-se-sopecnym-popelem-pracuji-poprve\\\/\"},\"author\":{\"name\":\"Mzone\",\"@id\":\"https:\\\/\\\/www.mzone.cz\\\/#\\\/schema\\\/person\\\/9bc20cc422a99cac4af6ff9297da32d4\"},\"headline\":\"Um\u011blec Werner Bronkhorst: Se sope\u010dn\u00fdm popelem pracuji poprv\u00e9\",\"datePublished\":\"2023-09-07T03:00:00+00:00\",\"dateModified\":\"2023-09-07T15:35:46+00:00\",\"mainEntityOfPage\":{\"@id\":\"https:\\\/\\\/www.mzone.cz\\\/werner-bronkhorst-se-sopecnym-popelem-pracuji-poprve\\\/\"},\"wordCount\":2015,\"commentCount\":0,\"image\":{\"@id\":\"https:\\\/\\\/www.mzone.cz\\\/werner-bronkhorst-se-sopecnym-popelem-pracuji-poprve\\\/#primaryimage\"},\"thumbnailUrl\":\"https:\\\/\\\/www.mzone.cz\\\/wp-content\\\/uploads\\\/2023\\\/09\\\/Werner-Bronkhorst-a-jeho-dilo.jpg\",\"keywords\":[\"aukce\",\"bike\",\"biker\",\"cyklistika\",\"Gaspi\",\"Guatemala\",\"j\u00edzdn\u00ed kolo\",\"kolo\",\"Kultura\",\"MTB\",\"Over the Edge\",\"projekt\",\"Richard Gasperotti\",\"sjezd\",\"sope\u010dn\u00fd popel\",\"sopka\",\"Sport\",\"um\u011blec\",\"um\u011bleck\u00e9 d\u00edlo\",\"um\u011bn\u00ed\",\"Werner Bronkhorst\"],\"articleSection\":[\"Kultura\",\"Sport\",\"Um\u011bn\u00ed\"],\"inLanguage\":\"en-US\",\"potentialAction\":[{\"@type\":\"CommentAction\",\"name\":\"Comment\",\"target\":[\"https:\\\/\\\/www.mzone.cz\\\/werner-bronkhorst-se-sopecnym-popelem-pracuji-poprve\\\/#respond\"]}]},{\"@type\":\"WebPage\",\"@id\":\"https:\\\/\\\/www.mzone.cz\\\/werner-bronkhorst-se-sopecnym-popelem-pracuji-poprve\\\/\",\"url\":\"https:\\\/\\\/www.mzone.cz\\\/werner-bronkhorst-se-sopecnym-popelem-pracuji-poprve\\\/\",\"name\":\"Um\u011blec Werner Bronkhorst: Se sope\u010dn\u00fdm popelem pracuji poprv\u00e9 - Mzone\",\"isPartOf\":{\"@id\":\"https:\\\/\\\/www.mzone.cz\\\/#website\"},\"primaryImageOfPage\":{\"@id\":\"https:\\\/\\\/www.mzone.cz\\\/werner-bronkhorst-se-sopecnym-popelem-pracuji-poprve\\\/#primaryimage\"},\"image\":{\"@id\":\"https:\\\/\\\/www.mzone.cz\\\/werner-bronkhorst-se-sopecnym-popelem-pracuji-poprve\\\/#primaryimage\"},\"thumbnailUrl\":\"https:\\\/\\\/www.mzone.cz\\\/wp-content\\\/uploads\\\/2023\\\/09\\\/Werner-Bronkhorst-a-jeho-dilo.jpg\",\"datePublished\":\"2023-09-07T03:00:00+00:00\",\"dateModified\":\"2023-09-07T15:35:46+00:00\",\"author\":{\"@id\":\"https:\\\/\\\/www.mzone.cz\\\/#\\\/schema\\\/person\\\/9bc20cc422a99cac4af6ff9297da32d4\"},\"description\":\"Sjet na kole sopku v Guatemale b\u011bhem erupce, kdy kolem sebe metala \u017ehav\u00e9 kameny, sesb\u00edrat sope\u010dn\u00fd popel a vytvo\u0159it z n\u011bj obraz. K zat\u00edm nev\u00eddan\u00e9mu spojen\u00ed sportu a um\u011bn\u00ed do\u0161lo v p\u0159\u00edpad\u011b spole\u010dn\u00e9ho projektu Over the Edge \u010desk\u00e9ho bikera Richarda Gasperottiho a jihoafrick\u00e9ho um\u011blce \u017eij\u00edc\u00edho v Austr\u00e1lii Wernera Bronkhorsta, kter\u00fd tuto unik\u00e1tn\u00ed ud\u00e1lost p\u0159ibl\u00ed\u017eil v na\u0161em rozhovoru. D\u00edlo jde nyn\u00ed do aukce!\",\"breadcrumb\":{\"@id\":\"https:\\\/\\\/www.mzone.cz\\\/werner-bronkhorst-se-sopecnym-popelem-pracuji-poprve\\\/#breadcrumb\"},\"inLanguage\":\"en-US\",\"potentialAction\":[{\"@type\":\"ReadAction\",\"target\":[\"https:\\\/\\\/www.mzone.cz\\\/werner-bronkhorst-se-sopecnym-popelem-pracuji-poprve\\\/\"]}]},{\"@type\":\"ImageObject\",\"inLanguage\":\"en-US\",\"@id\":\"https:\\\/\\\/www.mzone.cz\\\/werner-bronkhorst-se-sopecnym-popelem-pracuji-poprve\\\/#primaryimage\",\"url\":\"https:\\\/\\\/www.mzone.cz\\\/wp-content\\\/uploads\\\/2023\\\/09\\\/Werner-Bronkhorst-a-jeho-dilo.jpg\",\"contentUrl\":\"https:\\\/\\\/www.mzone.cz\\\/wp-content\\\/uploads\\\/2023\\\/09\\\/Werner-Bronkhorst-a-jeho-dilo.jpg\",\"width\":1974,\"height\":1316,\"caption\":\"Werner Bronkhorst a jeho d\u00edlo\"},{\"@type\":\"BreadcrumbList\",\"@id\":\"https:\\\/\\\/www.mzone.cz\\\/werner-bronkhorst-se-sopecnym-popelem-pracuji-poprve\\\/#breadcrumb\",\"itemListElement\":[{\"@type\":\"ListItem\",\"position\":1,\"name\":\"Dom\u016f\",\"item\":\"https:\\\/\\\/www.mzone.cz\\\/\"},{\"@type\":\"ListItem\",\"position\":2,\"name\":\"Um\u011blec Werner Bronkhorst: Se sope\u010dn\u00fdm popelem pracuji poprv\u00e9\"}]},{\"@type\":\"WebSite\",\"@id\":\"https:\\\/\\\/www.mzone.cz\\\/#website\",\"url\":\"https:\\\/\\\/www.mzone.cz\\\/\",\"name\":\"Mzone\",\"description\":\"Magaz\u00edn nejen pro mu\u017ee\",\"potentialAction\":[{\"@type\":\"SearchAction\",\"target\":{\"@type\":\"EntryPoint\",\"urlTemplate\":\"https:\\\/\\\/www.mzone.cz\\\/?s={search_term_string}\"},\"query-input\":{\"@type\":\"PropertyValueSpecification\",\"valueRequired\":true,\"valueName\":\"search_term_string\"}}],\"inLanguage\":\"en-US\"},{\"@type\":\"Person\",\"@id\":\"https:\\\/\\\/www.mzone.cz\\\/#\\\/schema\\\/person\\\/9bc20cc422a99cac4af6ff9297da32d4\",\"name\":\"Mzone\",\"image\":{\"@type\":\"ImageObject\",\"inLanguage\":\"en-US\",\"@id\":\"https:\\\/\\\/secure.gravatar.com\\\/avatar\\\/e780a8630f3182a3d06dd667ab6bea151a0d155b0951bc15fe22633acdac0676?s=96&d=mm&r=g\",\"url\":\"https:\\\/\\\/secure.gravatar.com\\\/avatar\\\/e780a8630f3182a3d06dd667ab6bea151a0d155b0951bc15fe22633acdac0676?s=96&d=mm&r=g\",\"contentUrl\":\"https:\\\/\\\/secure.gravatar.com\\\/avatar\\\/e780a8630f3182a3d06dd667ab6bea151a0d155b0951bc15fe22633acdac0676?s=96&d=mm&r=g\",\"caption\":\"Mzone\"},\"url\":\"https:\\\/\\\/www.mzone.cz\\\/en\\\/author\\\/jakub\\\/\"}]}<\/script>\n<!-- \/ Yoast SEO plugin. -->","yoast_head_json":{"title":"Um\u011blec Werner Bronkhorst: Se sope\u010dn\u00fdm popelem pracuji poprv\u00e9 - Mzone","description":"Sjet na kole sopku v Guatemale b\u011bhem erupce, kdy kolem sebe metala \u017ehav\u00e9 kameny, sesb\u00edrat sope\u010dn\u00fd popel a vytvo\u0159it z n\u011bj obraz. K zat\u00edm nev\u00eddan\u00e9mu spojen\u00ed sportu a um\u011bn\u00ed do\u0161lo v p\u0159\u00edpad\u011b spole\u010dn\u00e9ho projektu Over the Edge \u010desk\u00e9ho bikera Richarda Gasperottiho a jihoafrick\u00e9ho um\u011blce \u017eij\u00edc\u00edho v Austr\u00e1lii Wernera Bronkhorsta, kter\u00fd tuto unik\u00e1tn\u00ed ud\u00e1lost p\u0159ibl\u00ed\u017eil v na\u0161em rozhovoru. D\u00edlo jde nyn\u00ed do aukce!","robots":{"index":"index","follow":"follow","max-snippet":"max-snippet:-1","max-image-preview":"max-image-preview:large","max-video-preview":"max-video-preview:-1"},"canonical":"https:\/\/www.mzone.cz\/en\/werner-bronkhorst-se-sopecnym-popelem-pracuji-poprve\/","og_locale":"en_US","og_type":"article","og_title":"Um\u011blec Werner Bronkhorst: Se sope\u010dn\u00fdm popelem pracuji poprv\u00e9 - Mzone","og_description":"Sjet na kole sopku v Guatemale b\u011bhem erupce, kdy kolem sebe metala \u017ehav\u00e9 kameny, sesb\u00edrat sope\u010dn\u00fd popel a vytvo\u0159it z n\u011bj obraz. K zat\u00edm nev\u00eddan\u00e9mu spojen\u00ed sportu a um\u011bn\u00ed do\u0161lo v p\u0159\u00edpad\u011b spole\u010dn\u00e9ho projektu Over the Edge \u010desk\u00e9ho bikera Richarda Gasperottiho a jihoafrick\u00e9ho um\u011blce \u017eij\u00edc\u00edho v Austr\u00e1lii Wernera Bronkhorsta, kter\u00fd tuto unik\u00e1tn\u00ed ud\u00e1lost p\u0159ibl\u00ed\u017eil v na\u0161em rozhovoru. D\u00edlo jde nyn\u00ed do aukce!","og_url":"https:\/\/www.mzone.cz\/en\/werner-bronkhorst-se-sopecnym-popelem-pracuji-poprve\/","og_site_name":"Mzone","article_publisher":"https:\/\/www.facebook.com\/MzoneCZ\/","article_published_time":"2023-09-07T03:00:00+00:00","article_modified_time":"2023-09-07T15:35:46+00:00","og_image":[{"width":1974,"height":1316,"url":"https:\/\/www.mzone.cz\/wp-content\/uploads\/2023\/09\/Werner-Bronkhorst-a-jeho-dilo.jpg","type":"image\/jpeg"}],"author":"Mzone","twitter_card":"summary_large_image","twitter_misc":{"Written by":"Mzone","Est. reading time":"9 minutes"},"schema":{"@context":"https:\/\/schema.org","@graph":[{"@type":"Article","@id":"https:\/\/www.mzone.cz\/werner-bronkhorst-se-sopecnym-popelem-pracuji-poprve\/#article","isPartOf":{"@id":"https:\/\/www.mzone.cz\/werner-bronkhorst-se-sopecnym-popelem-pracuji-poprve\/"},"author":{"name":"Mzone","@id":"https:\/\/www.mzone.cz\/#\/schema\/person\/9bc20cc422a99cac4af6ff9297da32d4"},"headline":"Um\u011blec Werner Bronkhorst: Se sope\u010dn\u00fdm popelem pracuji poprv\u00e9","datePublished":"2023-09-07T03:00:00+00:00","dateModified":"2023-09-07T15:35:46+00:00","mainEntityOfPage":{"@id":"https:\/\/www.mzone.cz\/werner-bronkhorst-se-sopecnym-popelem-pracuji-poprve\/"},"wordCount":2015,"commentCount":0,"image":{"@id":"https:\/\/www.mzone.cz\/werner-bronkhorst-se-sopecnym-popelem-pracuji-poprve\/#primaryimage"},"thumbnailUrl":"https:\/\/www.mzone.cz\/wp-content\/uploads\/2023\/09\/Werner-Bronkhorst-a-jeho-dilo.jpg","keywords":["aukce","bike","biker","cyklistika","Gaspi","Guatemala","j\u00edzdn\u00ed kolo","kolo","Kultura","MTB","Over the Edge","projekt","Richard Gasperotti","sjezd","sope\u010dn\u00fd popel","sopka","Sport","um\u011blec","um\u011bleck\u00e9 d\u00edlo","um\u011bn\u00ed","Werner Bronkhorst"],"articleSection":["Kultura","Sport","Um\u011bn\u00ed"],"inLanguage":"en-US","potentialAction":[{"@type":"CommentAction","name":"Comment","target":["https:\/\/www.mzone.cz\/werner-bronkhorst-se-sopecnym-popelem-pracuji-poprve\/#respond"]}]},{"@type":"WebPage","@id":"https:\/\/www.mzone.cz\/werner-bronkhorst-se-sopecnym-popelem-pracuji-poprve\/","url":"https:\/\/www.mzone.cz\/werner-bronkhorst-se-sopecnym-popelem-pracuji-poprve\/","name":"Um\u011blec Werner Bronkhorst: Se sope\u010dn\u00fdm popelem pracuji poprv\u00e9 - Mzone","isPartOf":{"@id":"https:\/\/www.mzone.cz\/#website"},"primaryImageOfPage":{"@id":"https:\/\/www.mzone.cz\/werner-bronkhorst-se-sopecnym-popelem-pracuji-poprve\/#primaryimage"},"image":{"@id":"https:\/\/www.mzone.cz\/werner-bronkhorst-se-sopecnym-popelem-pracuji-poprve\/#primaryimage"},"thumbnailUrl":"https:\/\/www.mzone.cz\/wp-content\/uploads\/2023\/09\/Werner-Bronkhorst-a-jeho-dilo.jpg","datePublished":"2023-09-07T03:00:00+00:00","dateModified":"2023-09-07T15:35:46+00:00","author":{"@id":"https:\/\/www.mzone.cz\/#\/schema\/person\/9bc20cc422a99cac4af6ff9297da32d4"},"description":"Sjet na kole sopku v Guatemale b\u011bhem erupce, kdy kolem sebe metala \u017ehav\u00e9 kameny, sesb\u00edrat sope\u010dn\u00fd popel a vytvo\u0159it z n\u011bj obraz. K zat\u00edm nev\u00eddan\u00e9mu spojen\u00ed sportu a um\u011bn\u00ed do\u0161lo v p\u0159\u00edpad\u011b spole\u010dn\u00e9ho projektu Over the Edge \u010desk\u00e9ho bikera Richarda Gasperottiho a jihoafrick\u00e9ho um\u011blce \u017eij\u00edc\u00edho v Austr\u00e1lii Wernera Bronkhorsta, kter\u00fd tuto unik\u00e1tn\u00ed ud\u00e1lost p\u0159ibl\u00ed\u017eil v na\u0161em rozhovoru. D\u00edlo jde nyn\u00ed do aukce!","breadcrumb":{"@id":"https:\/\/www.mzone.cz\/werner-bronkhorst-se-sopecnym-popelem-pracuji-poprve\/#breadcrumb"},"inLanguage":"en-US","potentialAction":[{"@type":"ReadAction","target":["https:\/\/www.mzone.cz\/werner-bronkhorst-se-sopecnym-popelem-pracuji-poprve\/"]}]},{"@type":"ImageObject","inLanguage":"en-US","@id":"https:\/\/www.mzone.cz\/werner-bronkhorst-se-sopecnym-popelem-pracuji-poprve\/#primaryimage","url":"https:\/\/www.mzone.cz\/wp-content\/uploads\/2023\/09\/Werner-Bronkhorst-a-jeho-dilo.jpg","contentUrl":"https:\/\/www.mzone.cz\/wp-content\/uploads\/2023\/09\/Werner-Bronkhorst-a-jeho-dilo.jpg","width":1974,"height":1316,"caption":"Werner Bronkhorst a jeho d\u00edlo"},{"@type":"BreadcrumbList","@id":"https:\/\/www.mzone.cz\/werner-bronkhorst-se-sopecnym-popelem-pracuji-poprve\/#breadcrumb","itemListElement":[{"@type":"ListItem","position":1,"name":"Dom\u016f","item":"https:\/\/www.mzone.cz\/"},{"@type":"ListItem","position":2,"name":"Um\u011blec Werner Bronkhorst: Se sope\u010dn\u00fdm popelem pracuji poprv\u00e9"}]},{"@type":"WebSite","@id":"https:\/\/www.mzone.cz\/#website","url":"https:\/\/www.mzone.cz\/","name":"Mzone","description":"Magaz\u00edn nejen pro mu\u017ee","potentialAction":[{"@type":"SearchAction","target":{"@type":"EntryPoint","urlTemplate":"https:\/\/www.mzone.cz\/?s={search_term_string}"},"query-input":{"@type":"PropertyValueSpecification","valueRequired":true,"valueName":"search_term_string"}}],"inLanguage":"en-US"},{"@type":"Person","@id":"https:\/\/www.mzone.cz\/#\/schema\/person\/9bc20cc422a99cac4af6ff9297da32d4","name":"Mzone","image":{"@type":"ImageObject","inLanguage":"en-US","@id":"https:\/\/secure.gravatar.com\/avatar\/e780a8630f3182a3d06dd667ab6bea151a0d155b0951bc15fe22633acdac0676?s=96&d=mm&r=g","url":"https:\/\/secure.gravatar.com\/avatar\/e780a8630f3182a3d06dd667ab6bea151a0d155b0951bc15fe22633acdac0676?s=96&d=mm&r=g","contentUrl":"https:\/\/secure.gravatar.com\/avatar\/e780a8630f3182a3d06dd667ab6bea151a0d155b0951bc15fe22633acdac0676?s=96&d=mm&r=g","caption":"Mzone"},"url":"https:\/\/www.mzone.cz\/en\/author\/jakub\/"}]}},"_links":{"self":[{"href":"https:\/\/www.mzone.cz\/en\/wp-json\/wp\/v2\/posts\/41864","targetHints":{"allow":["GET"]}}],"collection":[{"href":"https:\/\/www.mzone.cz\/en\/wp-json\/wp\/v2\/posts"}],"about":[{"href":"https:\/\/www.mzone.cz\/en\/wp-json\/wp\/v2\/types\/post"}],"author":[{"embeddable":true,"href":"https:\/\/www.mzone.cz\/en\/wp-json\/wp\/v2\/users\/4"}],"replies":[{"embeddable":true,"href":"https:\/\/www.mzone.cz\/en\/wp-json\/wp\/v2\/comments?post=41864"}],"version-history":[{"count":18,"href":"https:\/\/www.mzone.cz\/en\/wp-json\/wp\/v2\/posts\/41864\/revisions"}],"predecessor-version":[{"id":41900,"href":"https:\/\/www.mzone.cz\/en\/wp-json\/wp\/v2\/posts\/41864\/revisions\/41900"}],"wp:featuredmedia":[{"embeddable":true,"href":"https:\/\/www.mzone.cz\/en\/wp-json\/wp\/v2\/media\/41870"}],"wp:attachment":[{"href":"https:\/\/www.mzone.cz\/en\/wp-json\/wp\/v2\/media?parent=41864"}],"wp:term":[{"taxonomy":"category","embeddable":true,"href":"https:\/\/www.mzone.cz\/en\/wp-json\/wp\/v2\/categories?post=41864"},{"taxonomy":"post_tag","embeddable":true,"href":"https:\/\/www.mzone.cz\/en\/wp-json\/wp\/v2\/tags?post=41864"}],"curies":[{"name":"wp","href":"https:\/\/api.w.org\/{rel}","templated":true}]}}